{"id":3023,"date":"2010-03-31T20:52:42","date_gmt":"2010-03-31T19:52:42","guid":{"rendered":"http:\/\/www.revue3emillenaire.com\/blog\/?p=3023"},"modified":"2011-10-06T04:15:20","modified_gmt":"2011-10-06T03:15:20","slug":"patrick-blandin-evolution-coevolution-et-approche-systemique","status":"publish","type":"post","link":"https:\/\/www.revue3emillenaire.com\/blog\/patrick-blandin-evolution-coevolution-et-approche-systemique\/","title":{"rendered":"Evolution, co\u00e9volution et approche syst\u00e9mique par Patrick Blandin"},"content":{"rendered":"<p style=\"text-align: justify;\">(Revue CoEvolution. N<sup>o <\/sup>1, Printemps 1980)<\/p>\n<p style=\"text-align: justify;\"><em>Le terme de co\u00e9volution est issu d&rsquo;une discipline scientifique sp\u00e9cialis\u00e9e: la biologie des populations. Avant d&rsquo;essayer de l&rsquo;appliquer ou de le mettre en pratique dans d&rsquo;autres domaines, il est n\u00e9cessaire de bien d\u00e9limiter sa port\u00e9e dans le cadre du discours scientifique. Le concept de co\u00e9volution est-il simplement un nouvel habillage des faits? A-t-il une valeur heuristique? Sugg\u00e8re-t-il une autre vision des faits?<\/em><\/p>\n<p style=\"text-align: justify;\"><em> <\/em><\/p>\n<p style=\"text-align: justify;\"><em>Lorsque le contenu du mot dans son sens purement scientifique aura \u00e9t\u00e9 mieux cern\u00e9, il sera peut-\u00eatre possible de l&rsquo;\u00e9tendre, en prenant certaines pr\u00e9cautions, en se rappelant que lorsque diff\u00e9rents discours (scientifique, po\u00e9tique, philosophique, etc.) sont mis en parall\u00e8le, on peut les rapprocher, les confronter, mais qu&rsquo;il faut toujours se garder de les confondre.<\/em><\/p>\n<p style=\"text-align: justify;\"><em> <\/em><\/p>\n<p style=\"text-align: justify;\"><em>Patrick Blandin est \u00e9cologiste au laboratoire \u00ab\u00a0Structure et bio\u00e9nerg\u00e9tique des \u00e9cosyst\u00e8mes continentaux\u00a0\u00bb de l&rsquo;\u00c9cole Normale Sup\u00e9rieure (laboratoire associ\u00e9 au C.N.R.S.). Dans le cadre de l&rsquo;\u00e9tude d&rsquo;un \u00e9cosyst\u00e8me tropical, il termine une th\u00e8se sur l&rsquo;organisation et le r\u00f4le des peuplements d&rsquo;araign\u00e9es. Il anime par ailleurs des recherches sur les for\u00eats p\u00e9ri-urbaines en r\u00e9gion parisienne. Le probl\u00e8me g\u00e9n\u00e9ral de la structure, du fonctionnement et de l&rsquo;\u00e9volution des \u00e9cosyst\u00e8mes est le th\u00e8me qui fait le lien entre ces divers travaux.<\/em><\/p>\n<p style=\"text-align: justify;\"><strong>Darwin parlait d\u00e9j\u00e0 de coadaptation. Quelle est la place du concept de co\u00e9volution dans les th\u00e9ories actuelles sur l&rsquo;\u00e9volution?<\/strong><\/p>\n<p style=\"text-align: justify;\">J&rsquo;ai l&rsquo;impression, et cela s&rsquo;est vu notamment lors du colloque que nous avions organis\u00e9 sur les \u00abstrat\u00e9gies adaptatives\u00bb<a href=\"#_ftn1\">[1]<\/a>, qu&rsquo;il y a un certain blocage autour de ce terme, que le concept de co\u00e9volution est un peu en porte-\u00e0-faux. Sans doute parce que les \u00e9volutionnistes, en grande majorit\u00e9, consid\u00e8rent que l&rsquo;\u00e9volution fonctionne exclusivement par le jeu de la s\u00e9lection naturelle sur la variabilit\u00e9 g\u00e9n\u00e9tique des populations. Ils voient mal comment des syst\u00e8mes plurisp\u00e9cifiques pourraient \u00e9voluer globalement et donner prise \u00e0 une s\u00e9lection d&rsquo;ensemble. Certains refusent d&#8217;embl\u00e9e cette id\u00e9e. D&rsquo;autres veulent bien dire \u00ab il y a des chances que telle plante et tel animal qui en d\u00e9pend aient \u00e9volu\u00e9 ensemble \u00bb. Mais ils ne veulent pas aller plus loin.<\/p>\n<p style=\"text-align: justify;\"><strong>Et quelle est votre r\u00e9action en tant qu&rsquo;\u00e9cologiste?<\/strong><\/p>\n<p style=\"text-align: justify;\">En travaillant sur des \u00e9cosyst\u00e8mes, un \u00e9cologiste a d&#8217;embl\u00e9e affaire \u00e0 un syst\u00e8me avec un r\u00e9seau complexe d&rsquo;interactions. Il ne voit pas comment un tel syst\u00e8me aurait pu se constituer par des \u00e9volutions autonomes des diff\u00e9rents constituants. Je crois que l&rsquo;\u00e9cologiste est oblig\u00e9 de voir l&rsquo;\u00e9volution de la biosph\u00e8re depuis ses origines comme celle d&rsquo;un syst\u00e8me dont toutes les parties sont concern\u00e9es par le ph\u00e9nom\u00e8ne de s\u00e9lection et d&rsquo;\u00e9volution. I1 me parait beaucoup plus simple, d&#8217;embl\u00e9e, d&rsquo;\u00e9largir le concept de co\u00e9volution le plus possible, de lui donner le plus de recouvrement possible.<\/p>\n<p style=\"text-align: justify;\">Derri\u00e8re le mot de co\u00e9volution se cache, me semble-t-il, un probl\u00e8me plus profond : peut-on concevoir l&rsquo;\u00e9volution comme un ph\u00e9nom\u00e8ne qui se d\u00e9roule \u00e0 l&rsquo;\u00e9chelle des syst\u00e8mes, dont les unit\u00e9s sont des populations animales, v\u00e9g\u00e9tales, bact\u00e9riennes, soumises \u00e0 la s\u00e9lection naturelle?<\/p>\n<p style=\"text-align: justify;\"><strong>C&rsquo;est vraiment un probl\u00e8me \u00e9pist\u00e9mologique, tr\u00e8s li\u00e9 \u00e0 la perspective syst\u00e9mique.<\/strong><\/p>\n<p style=\"text-align: justify;\">Le d\u00e9bat se place tout \u00e0 fait \u00e0 la charni\u00e8re de l&rsquo;opposition entre r\u00e9ductionnisme et globalisme. M\u00eame en \u00e9cologie, o\u00f9 c&rsquo;est pourtant le lieu, la perspective syst\u00e9mique n&rsquo;est pas tr\u00e8s d\u00e9velopp\u00e9e. L&rsquo;id\u00e9e d&rsquo;\u00e9cosyst\u00e8me a mis longtemps \u00e0 devenir op\u00e9rationnelle. C&rsquo;est \u00e0 la fois un probl\u00e8me de concept et de m\u00e9thode. Un \u00e9cosyst\u00e8me est tr\u00e8s vaste, complexe, et difficile \u00e0 appr\u00e9hender. Il est plus ais\u00e9 de s&rsquo;int\u00e9resser \u00e0 des sous-ensembles, d&rsquo;autant plus que, sur le terrain, l&rsquo;approche en termes de syst\u00e8mes demande beaucoup plus de moyens. Mais m\u00eame lorsqu&rsquo;on est oblig\u00e9 de d\u00e9couper en morceaux, on ne traitera pas les diff\u00e9rentes parties de la m\u00eame fa\u00e7on si on a une perspective un peu syst\u00e9mique.<\/p>\n<p style=\"text-align: justify;\">Mais peut-on alors g\u00e9n\u00e9raliser l&rsquo;id\u00e9e de co\u00e9volution, l&rsquo;appliquer en dehors du cadre de l&rsquo;\u00e9cologie des populations o\u00f9 elle est n\u00e9e? Sans doute est-elle transposable dans tous les domaines qui rel\u00e8vent de l&rsquo;analyse en termes de syst\u00e8mes. Rien que dans le cadre strict de la biologie, en tout cas, le concept m\u00e9riterait d&rsquo;\u00eatre approfondi.<\/p>\n<p style=\"text-align: justify;\">Quand on \u00e9tudie les relations plantes-papillons ou les complexes mim\u00e9tiques on en arrive \u00e0 se demander si c&rsquo;est l&rsquo;ensemble qui \u00e9volue en \u00e9tant soumis \u00e0 une sorte de s\u00e9lection globale. Il y a un saut \u00e0 faire ou \u00e0 ne pas faire. Notre id\u00e9e de strat\u00e9gie c\u00e9notique<a href=\"#_ftn2\">[2]<\/a> se situe dans cette ligne; les \u00e9cosyst\u00e8mes ont-ils \u00e9ventuellement une sorte de comportement d&rsquo;ensemble face aux probl\u00e8mes d&rsquo;adaptation?<\/p>\n<p style=\"text-align: justify;\"><strong>C&rsquo;est tout \u00e0 fait la probl\u00e9matique de James Lovelock dans l&rsquo;hypoth\u00e8se Ga\u00efa.<\/strong><\/p>\n<p style=\"text-align: justify;\">Oui, la biosph\u00e8re est une unit\u00e9. A L&rsquo;int\u00e9rieur, les \u00e9cosyst\u00e8mes locaux sont confront\u00e9s \u00e0 des conditions diff\u00e9rentes (flux d&rsquo;\u00e9nergie, climat, etc.). On peut se dire que chacune des esp\u00e8ces qui constituent le syst\u00e8me s&rsquo;est adapt\u00e9e pour son propre compte \u00e0 ces conditions, et l&rsquo;ensemble constitue la communaut\u00e9 biologique qui s&rsquo;y trouve. Mais on peut \u00e9galement dire que toutes les esp\u00e8ces qui se sont install\u00e9es l\u00e0 ont \u00e9volu\u00e9 ensemble en s&rsquo;ajustant globalement aux conditions du milieu. Ce point de vue est il l\u00e9gitime? Je ne sais pas, mais il est int\u00e9ressant de se poser la question, et dangereux de la refuser a priori. Elle peut ouvrir des perspectives assez diff\u00e9rentes de celles des r\u00e9flexions habituelles.<\/p>\n<p style=\"text-align: justify;\"><strong>Nous revenons \u00e0 des consid\u00e9rations \u00e9pist\u00e9mologiques&#8230;<\/strong><\/p>\n<p style=\"text-align: justify;\">L&rsquo;attitude r\u00e9ductionniste, se dire qu&rsquo;on va expliquer un syst\u00e8me uniquement parce qu&rsquo;on a \u00e9tudi\u00e9 les morceaux, est pratique courante. Mais dans un travail \u00e0 l&rsquo;\u00e9chelle des syst\u00e8mes, je ne vois pas pourquoi l&rsquo;esprit se bloquerait \u00e0 ne travailler qu&rsquo;au niveau des sous-syst\u00e8mes. Dans l&rsquo;histoire des sciences il y a toujours eu une balance entre r\u00e9ductionnisme et globalisme, et je crois qu&rsquo;il est temps de faire pencher la balance du c\u00f4t\u00e9 du globalisme, pour voir quelles nouvelles interpr\u00e9tations, ou quelles am\u00e9liorations de notre vision des choses on peut en tirer.<\/p>\n<p style=\"text-align: justify;\"><strong>Je le sens comme une n\u00e9cessit\u00e9. En fait, il faut placer l&rsquo;id\u00e9e de co\u00e9volution dans le cadre plus g\u00e9n\u00e9ral de l&rsquo;approche syst\u00e9mique pour bien en saisir la port\u00e9e.<\/strong><\/p>\n<p style=\"text-align: justify;\">Il faut ajouter encore une remarque. Il peut y avoir des interd\u00e9pendances \u00ab\u00a0fig\u00e9es\u00a0\u00bb, d\u00e9finitivement \u00e9tablies: une conception syst\u00e9mique de la nature n&rsquo;engendre donc pas n\u00e9cessairement l&rsquo;id\u00e9e de co\u00e9volution, qui implique celle d&rsquo;histoire. La prise de conscience doit se faire \u00e0 deux niveaux: d&rsquo;abord penser en termes de syst\u00e8mes, c&rsquo;est d\u00e9j\u00e0 un pas \u00e0 faire qui n&rsquo;est pas \u00e9vident, mais ensuite penser en termes de syst\u00e8mes susceptibles d&rsquo;\u00e9voluer. A ce moment-l\u00e0, l&rsquo;id\u00e9e de co\u00e9volution sous-entend l&rsquo;existence de m\u00e9canismes qui font que l&rsquo;\u00e9volution des parties est d\u00e9termin\u00e9e par l&rsquo;\u00e9volution du tout et r\u00e9ciproquement.<\/p>\n<hr style=\"text-align: justify;\" size=\"1\" \/>\n<p style=\"text-align: justify;\"><a href=\"#_ftnref1\">[1]<\/a> Colloque d&rsquo;\u00e9cologie th\u00e9orique, ENS, Paris 18-20 mai 1978. Les actes de ce colloque ont \u00e9t\u00e9 publi\u00e9s sous la direction de R. Barbault, P. Blandin et J.A. Meyer et \u00e9dit\u00e9s chez Maloine, Paris sous le titre \u00ab\u00a0Les strat\u00e9gies adaptatives\u00a0\u00bb, coll. Recherches Interdisciplinaires.<\/p>\n<p style=\"text-align: justify;\">\n<p style=\"text-align: justify;\"><a href=\"#_ftnref2\">[2]<\/a> Expression d\u00e9signant globalement les m\u00e9canismes qui permettent \u00e0 un \u00e9cosyst\u00e8me de s&rsquo;adapter aux transformations du milieu.<\/p>\n","protected":false},"excerpt":{"rendered":"<p>Quand on \u00e9tudie les relations plantes-papillons ou les complexes mim\u00e9tiques on en arrive \u00e0 se demander si c&rsquo;est l&rsquo;ensemble qui \u00e9volue en \u00e9tant soumis \u00e0 une sorte de s\u00e9lection globale. Il y a un saut \u00e0 faire ou \u00e0 ne pas faire. Notre id\u00e9e de strat\u00e9gie c\u00e9notique  se situe dans cette ligne; les \u00e9cosyst\u00e8mes ont-ils \u00e9ventuellement une sorte de comportement d&rsquo;ensemble face aux probl\u00e8mes d&rsquo;adaptation?<\/p>\n","protected":false},"author":1,"featured_media":0,"comment_status":"closed","ping_status":"closed","sticky":false,"template":"","format":"standard","meta":{"footnotes":""},"categories":[480,5],"tags":[483,481,108,482,99],"class_list":["post-3023","post","type-post","status-publish","format-standard","hentry","category-patrick-blandin","category-interview","tag-approche-systemique","tag-coevolution","tag-evolution","tag-reductionnisme","tag-science"],"yoast_head":"<!-- This site is optimized with the Yoast SEO plugin v27.0 - https:\/\/yoast.com\/product\/yoast-seo-wordpress\/ -->\n<title>Evolution, co\u00e9volution et approche syst\u00e9mique par Patrick Blandin - 3e mill\u00e9naire - Spiritualit\u00e9 - Connaissance de soi - Non-dualit\u00e9 - M\u00e9ditation<\/title>\n<meta name=\"robots\" content=\"index, follow, max-snippet:-1, max-image-preview:large, max-video-preview:-1\" \/>\n<link rel=\"canonical\" href=\"https:\/\/www.revue3emillenaire.com\/blog\/patrick-blandin-evolution-coevolution-et-approche-systemique\/\" \/>\n<meta property=\"og:locale\" content=\"fr_FR\" \/>\n<meta property=\"og:type\" content=\"article\" \/>\n<meta property=\"og:title\" content=\"Evolution, co\u00e9volution et approche syst\u00e9mique par Patrick Blandin - 3e mill\u00e9naire - Spiritualit\u00e9 - Connaissance de soi - Non-dualit\u00e9 - M\u00e9ditation\" \/>\n<meta property=\"og:description\" content=\"Quand on \u00e9tudie les relations plantes-papillons ou les complexes mim\u00e9tiques on en arrive \u00e0 se demander si c&#039;est l&#039;ensemble qui \u00e9volue en \u00e9tant soumis \u00e0 une sorte de s\u00e9lection globale. Il y a un saut \u00e0 faire ou \u00e0 ne pas faire. Notre id\u00e9e de strat\u00e9gie c\u00e9notique se situe dans cette ligne; les \u00e9cosyst\u00e8mes ont-ils \u00e9ventuellement une sorte de comportement d&#039;ensemble face aux probl\u00e8mes d&#039;adaptation?\" \/>\n<meta property=\"og:url\" content=\"https:\/\/www.revue3emillenaire.com\/blog\/patrick-blandin-evolution-coevolution-et-approche-systemique\/\" \/>\n<meta property=\"og:site_name\" content=\"3e mill\u00e9naire - Spiritualit\u00e9 - Connaissance de soi - Non-dualit\u00e9 - M\u00e9ditation\" \/>\n<meta property=\"article:published_time\" content=\"2010-03-31T19:52:42+00:00\" \/>\n<meta property=\"article:modified_time\" content=\"2011-10-06T03:15:20+00:00\" \/>\n<meta name=\"author\" content=\"3e mill\u00e9naire\" \/>\n<meta name=\"twitter:card\" content=\"summary_large_image\" \/>\n<meta name=\"twitter:label1\" content=\"\u00c9crit par\" \/>\n\t<meta name=\"twitter:data1\" content=\"3e mill\u00e9naire\" \/>\n\t<meta name=\"twitter:label2\" content=\"Dur\u00e9e de lecture estim\u00e9e\" \/>\n\t<meta name=\"twitter:data2\" content=\"6 minutes\" \/>\n<script type=\"application\/ld+json\" class=\"yoast-schema-graph\">{\"@context\":\"https:\/\/schema.org\",\"@graph\":[{\"@type\":\"Article\",\"@id\":\"https:\/\/www.revue3emillenaire.com\/blog\/patrick-blandin-evolution-coevolution-et-approche-systemique\/#article\",\"isPartOf\":{\"@id\":\"https:\/\/www.revue3emillenaire.com\/blog\/patrick-blandin-evolution-coevolution-et-approche-systemique\/\"},\"author\":{\"name\":\"3e mill\u00e9naire\",\"@id\":\"https:\/\/www.revue3emillenaire.com\/blog\/#\/schema\/person\/9a3a7cc4ccaa707f402d4394327106d5\"},\"headline\":\"Evolution, co\u00e9volution et approche syst\u00e9mique par Patrick Blandin\",\"datePublished\":\"2010-03-31T19:52:42+00:00\",\"dateModified\":\"2011-10-06T03:15:20+00:00\",\"mainEntityOfPage\":{\"@id\":\"https:\/\/www.revue3emillenaire.com\/blog\/patrick-blandin-evolution-coevolution-et-approche-systemique\/\"},\"wordCount\":1294,\"keywords\":[\"approche syst\u00e8mique\",\"co\u00e9volution\",\"\u00c9volution\",\"r\u00e9ductionnisme\",\"Science\"],\"articleSection\":[\"Blandin Patrick\",\"Entretien\/Interview\"],\"inLanguage\":\"fr-FR\"},{\"@type\":\"WebPage\",\"@id\":\"https:\/\/www.revue3emillenaire.com\/blog\/patrick-blandin-evolution-coevolution-et-approche-systemique\/\",\"url\":\"https:\/\/www.revue3emillenaire.com\/blog\/patrick-blandin-evolution-coevolution-et-approche-systemique\/\",\"name\":\"Evolution, co\u00e9volution et approche syst\u00e9mique par Patrick Blandin - 3e mill\u00e9naire - Spiritualit\u00e9 - Connaissance de soi - Non-dualit\u00e9 - M\u00e9ditation\",\"isPartOf\":{\"@id\":\"https:\/\/www.revue3emillenaire.com\/blog\/#website\"},\"datePublished\":\"2010-03-31T19:52:42+00:00\",\"dateModified\":\"2011-10-06T03:15:20+00:00\",\"author\":{\"@id\":\"https:\/\/www.revue3emillenaire.com\/blog\/#\/schema\/person\/9a3a7cc4ccaa707f402d4394327106d5\"},\"breadcrumb\":{\"@id\":\"https:\/\/www.revue3emillenaire.com\/blog\/patrick-blandin-evolution-coevolution-et-approche-systemique\/#breadcrumb\"},\"inLanguage\":\"fr-FR\",\"potentialAction\":[{\"@type\":\"ReadAction\",\"target\":[\"https:\/\/www.revue3emillenaire.com\/blog\/patrick-blandin-evolution-coevolution-et-approche-systemique\/\"]}]},{\"@type\":\"BreadcrumbList\",\"@id\":\"https:\/\/www.revue3emillenaire.com\/blog\/patrick-blandin-evolution-coevolution-et-approche-systemique\/#breadcrumb\",\"itemListElement\":[{\"@type\":\"ListItem\",\"position\":1,\"name\":\"Accueil\",\"item\":\"https:\/\/www.revue3emillenaire.com\/blog\/\"},{\"@type\":\"ListItem\",\"position\":2,\"name\":\"Evolution, co\u00e9volution et approche syst\u00e9mique par Patrick Blandin\"}]},{\"@type\":\"WebSite\",\"@id\":\"https:\/\/www.revue3emillenaire.com\/blog\/#website\",\"url\":\"https:\/\/www.revue3emillenaire.com\/blog\/\",\"name\":\"3e mill\u00e9naire - Spiritualit\u00e9 - Connaissance de soi - Non-dualit\u00e9 - M\u00e9ditation\",\"description\":\"L&#039;Homme en devenir\",\"potentialAction\":[{\"@type\":\"SearchAction\",\"target\":{\"@type\":\"EntryPoint\",\"urlTemplate\":\"https:\/\/www.revue3emillenaire.com\/blog\/?s={search_term_string}\"},\"query-input\":{\"@type\":\"PropertyValueSpecification\",\"valueRequired\":true,\"valueName\":\"search_term_string\"}}],\"inLanguage\":\"fr-FR\"},{\"@type\":\"Person\",\"@id\":\"https:\/\/www.revue3emillenaire.com\/blog\/#\/schema\/person\/9a3a7cc4ccaa707f402d4394327106d5\",\"name\":\"3e mill\u00e9naire\",\"url\":\"https:\/\/www.revue3emillenaire.com\/blog\/author\/admin\/\"}]}<\/script>\n<!-- \/ Yoast SEO plugin. -->","yoast_head_json":{"title":"Evolution, co\u00e9volution et approche syst\u00e9mique par Patrick Blandin - 3e mill\u00e9naire - Spiritualit\u00e9 - Connaissance de soi - Non-dualit\u00e9 - M\u00e9ditation","robots":{"index":"index","follow":"follow","max-snippet":"max-snippet:-1","max-image-preview":"max-image-preview:large","max-video-preview":"max-video-preview:-1"},"canonical":"https:\/\/www.revue3emillenaire.com\/blog\/patrick-blandin-evolution-coevolution-et-approche-systemique\/","og_locale":"fr_FR","og_type":"article","og_title":"Evolution, co\u00e9volution et approche syst\u00e9mique par Patrick Blandin - 3e mill\u00e9naire - Spiritualit\u00e9 - Connaissance de soi - Non-dualit\u00e9 - M\u00e9ditation","og_description":"Quand on \u00e9tudie les relations plantes-papillons ou les complexes mim\u00e9tiques on en arrive \u00e0 se demander si c'est l'ensemble qui \u00e9volue en \u00e9tant soumis \u00e0 une sorte de s\u00e9lection globale. Il y a un saut \u00e0 faire ou \u00e0 ne pas faire. Notre id\u00e9e de strat\u00e9gie c\u00e9notique se situe dans cette ligne; les \u00e9cosyst\u00e8mes ont-ils \u00e9ventuellement une sorte de comportement d'ensemble face aux probl\u00e8mes d'adaptation?","og_url":"https:\/\/www.revue3emillenaire.com\/blog\/patrick-blandin-evolution-coevolution-et-approche-systemique\/","og_site_name":"3e mill\u00e9naire - Spiritualit\u00e9 - Connaissance de soi - Non-dualit\u00e9 - M\u00e9ditation","article_published_time":"2010-03-31T19:52:42+00:00","article_modified_time":"2011-10-06T03:15:20+00:00","author":"3e mill\u00e9naire","twitter_card":"summary_large_image","twitter_misc":{"\u00c9crit par":"3e mill\u00e9naire","Dur\u00e9e de lecture estim\u00e9e":"6 minutes"},"schema":{"@context":"https:\/\/schema.org","@graph":[{"@type":"Article","@id":"https:\/\/www.revue3emillenaire.com\/blog\/patrick-blandin-evolution-coevolution-et-approche-systemique\/#article","isPartOf":{"@id":"https:\/\/www.revue3emillenaire.com\/blog\/patrick-blandin-evolution-coevolution-et-approche-systemique\/"},"author":{"name":"3e mill\u00e9naire","@id":"https:\/\/www.revue3emillenaire.com\/blog\/#\/schema\/person\/9a3a7cc4ccaa707f402d4394327106d5"},"headline":"Evolution, co\u00e9volution et approche syst\u00e9mique par Patrick Blandin","datePublished":"2010-03-31T19:52:42+00:00","dateModified":"2011-10-06T03:15:20+00:00","mainEntityOfPage":{"@id":"https:\/\/www.revue3emillenaire.com\/blog\/patrick-blandin-evolution-coevolution-et-approche-systemique\/"},"wordCount":1294,"keywords":["approche syst\u00e8mique","co\u00e9volution","\u00c9volution","r\u00e9ductionnisme","Science"],"articleSection":["Blandin Patrick","Entretien\/Interview"],"inLanguage":"fr-FR"},{"@type":"WebPage","@id":"https:\/\/www.revue3emillenaire.com\/blog\/patrick-blandin-evolution-coevolution-et-approche-systemique\/","url":"https:\/\/www.revue3emillenaire.com\/blog\/patrick-blandin-evolution-coevolution-et-approche-systemique\/","name":"Evolution, co\u00e9volution et approche syst\u00e9mique par Patrick Blandin - 3e mill\u00e9naire - Spiritualit\u00e9 - Connaissance de soi - Non-dualit\u00e9 - M\u00e9ditation","isPartOf":{"@id":"https:\/\/www.revue3emillenaire.com\/blog\/#website"},"datePublished":"2010-03-31T19:52:42+00:00","dateModified":"2011-10-06T03:15:20+00:00","author":{"@id":"https:\/\/www.revue3emillenaire.com\/blog\/#\/schema\/person\/9a3a7cc4ccaa707f402d4394327106d5"},"breadcrumb":{"@id":"https:\/\/www.revue3emillenaire.com\/blog\/patrick-blandin-evolution-coevolution-et-approche-systemique\/#breadcrumb"},"inLanguage":"fr-FR","potentialAction":[{"@type":"ReadAction","target":["https:\/\/www.revue3emillenaire.com\/blog\/patrick-blandin-evolution-coevolution-et-approche-systemique\/"]}]},{"@type":"BreadcrumbList","@id":"https:\/\/www.revue3emillenaire.com\/blog\/patrick-blandin-evolution-coevolution-et-approche-systemique\/#breadcrumb","itemListElement":[{"@type":"ListItem","position":1,"name":"Accueil","item":"https:\/\/www.revue3emillenaire.com\/blog\/"},{"@type":"ListItem","position":2,"name":"Evolution, co\u00e9volution et approche syst\u00e9mique par Patrick Blandin"}]},{"@type":"WebSite","@id":"https:\/\/www.revue3emillenaire.com\/blog\/#website","url":"https:\/\/www.revue3emillenaire.com\/blog\/","name":"3e mill\u00e9naire - Spiritualit\u00e9 - Connaissance de soi - Non-dualit\u00e9 - M\u00e9ditation","description":"L&#039;Homme en devenir","potentialAction":[{"@type":"SearchAction","target":{"@type":"EntryPoint","urlTemplate":"https:\/\/www.revue3emillenaire.com\/blog\/?s={search_term_string}"},"query-input":{"@type":"PropertyValueSpecification","valueRequired":true,"valueName":"search_term_string"}}],"inLanguage":"fr-FR"},{"@type":"Person","@id":"https:\/\/www.revue3emillenaire.com\/blog\/#\/schema\/person\/9a3a7cc4ccaa707f402d4394327106d5","name":"3e mill\u00e9naire","url":"https:\/\/www.revue3emillenaire.com\/blog\/author\/admin\/"}]}},"_links":{"self":[{"href":"https:\/\/www.revue3emillenaire.com\/blog\/wp-json\/wp\/v2\/posts\/3023","targetHints":{"allow":["GET"]}}],"collection":[{"href":"https:\/\/www.revue3emillenaire.com\/blog\/wp-json\/wp\/v2\/posts"}],"about":[{"href":"https:\/\/www.revue3emillenaire.com\/blog\/wp-json\/wp\/v2\/types\/post"}],"author":[{"embeddable":true,"href":"https:\/\/www.revue3emillenaire.com\/blog\/wp-json\/wp\/v2\/users\/1"}],"replies":[{"embeddable":true,"href":"https:\/\/www.revue3emillenaire.com\/blog\/wp-json\/wp\/v2\/comments?post=3023"}],"version-history":[{"count":0,"href":"https:\/\/www.revue3emillenaire.com\/blog\/wp-json\/wp\/v2\/posts\/3023\/revisions"}],"wp:attachment":[{"href":"https:\/\/www.revue3emillenaire.com\/blog\/wp-json\/wp\/v2\/media?parent=3023"}],"wp:term":[{"taxonomy":"category","embeddable":true,"href":"https:\/\/www.revue3emillenaire.com\/blog\/wp-json\/wp\/v2\/categories?post=3023"},{"taxonomy":"post_tag","embeddable":true,"href":"https:\/\/www.revue3emillenaire.com\/blog\/wp-json\/wp\/v2\/tags?post=3023"}],"curies":[{"name":"wp","href":"https:\/\/api.w.org\/{rel}","templated":true}]}}