{"id":3054,"date":"2010-04-07T15:56:08","date_gmt":"2010-04-07T14:56:08","guid":{"rendered":"http:\/\/www.revue3emillenaire.com\/blog\/?p=3054"},"modified":"2011-10-09T02:58:42","modified_gmt":"2011-10-09T01:58:42","slug":"le-petit-poucet-par-jean-haab","status":"publish","type":"post","link":"https:\/\/www.revue3emillenaire.com\/blog\/le-petit-poucet-par-jean-haab\/","title":{"rendered":"Le petit poucet par Jean Haab"},"content":{"rendered":"<p style=\"text-align: justify;\">(Revue \u00c9nergie Vitale. No 6. Mai-Juin 1981)<\/p>\n<p style=\"text-align: justify;\">\n<p style=\"text-align: justify;\">La perp\u00e9tuation de la Tradition s&rsquo;est toujours effectu\u00e9e de deux mani\u00e8res absolument diff\u00e9rentes mais cependant compl\u00e9mentaires.<\/p>\n<p style=\"text-align: justify;\">\n<p style=\"text-align: justify;\">La premi\u00e8re d&rsquo;entre elles s&rsquo;est appuy\u00e9e sur les Ma\u00eetres et les \u00c9coles de Myst\u00e8res. Nous en parlons au pass\u00e9 car si les Ma\u00eetres existent toujours, il faut bien reconna\u00eetre, qu&rsquo;en Occident tout au moins, leur action est strictement souterraine et qu&rsquo;ils demeurent ignor\u00e9s de leurs contemporains. Or, il n&rsquo;en a pas toujours \u00e9t\u00e9 ainsi puisque dans l&rsquo;antiquit\u00e9 le Sage \u00e9tait publiquement reconnu comme tel, qu&rsquo;il avait un statut social et faisait partie int\u00e9grante de la cit\u00e9. Par ailleurs les \u00c9coles de Myst\u00e8res comme celles d&rsquo;\u00c9leusis ou de Th\u00e8bes ont tout simplement disparu.<\/p>\n<p style=\"text-align: justify;\">\n<p style=\"text-align: justify;\">La seconde mani\u00e8re est plus occulte et fonctionne totalement \u00e0 l&rsquo;insu des profanes puisqu&rsquo;elle utilise l&rsquo;inconscient populaire sous la forme des contes et des l\u00e9gendes. Elle pr\u00e9valut chaque fois que les t\u00e9n\u00e8bres s&rsquo;abattirent avec trop d&rsquo;intensit\u00e9 sur le monde et que toute transmission au grand jour risquait d&rsquo;attirer les foudres d&rsquo;une quelconque inquisition.<\/p>\n<p style=\"text-align: justify;\">L&rsquo;\u00e9tymologie du mot \u00ab l\u00e9gende \u00bb est riche d&rsquo;enseignements puisqu&rsquo;elle provient du g\u00e9rondif latin legendus, legenda, legendum signifiant \u00ab ce qui doit \u00eatre lu \u00bb. Une l\u00e9gende est donc un texte d&rsquo;un int\u00e9r\u00eat primordial et non pas une historiette populaire tout juste bonne \u00e0 faire r\u00eaver les enfants.<\/p>\n<p style=\"text-align: justify;\">\n<p style=\"text-align: justify;\">Les Contes de la M\u00e8re l&rsquo;Oie (La Loi M\u00e8re), ceux de Grimm, d&rsquo;Andersen, de Perrault enfin, remontent fort loin et se retrouvent, sous des formes \u00e0 peine alt\u00e9r\u00e9es, dans toutes les parties du monde. Ils furent manifestement \u00e9labor\u00e9s par des adeptes qui confi\u00e8rent au folklore le soin de v\u00e9hiculer une sagesse de plus en plus menac\u00e9e par la nuit envahissante.<\/p>\n<p style=\"text-align: justify;\">Nous proposons aujourd&rsquo;hui l&rsquo;\u00e9tude d&rsquo;un conte universellement connu : \u00ab Le petit Poucet \u00bb.<\/p>\n<p style=\"text-align: justify;\">\n<p style=\"text-align: justify;\">Cet enfant qui devait son nom \u00e0 sa petite taille \u00e9tait le dernier n\u00e9 des sept enfants de deux pauvres b\u00fbcherons. Il \u00e9tait si menu que ses parents en avaient honte et lui confiaient les travaux les plus p\u00e9nibles.<\/p>\n<p style=\"text-align: justify;\">\n<p style=\"text-align: justify;\">Ces sept enfants symbolisent les sept chakras. Poucet, le dernier n\u00e9, n&rsquo;est autre que \u00ab Muladhar \u00bb, ce chakraracine, m\u00e9pris\u00e9 par la morale de ce monde, prostitu\u00e9 par les foules, mais sur lequel repose toute l&rsquo;architecture psychique de l&rsquo;homme.<\/p>\n<p style=\"text-align: justify;\">\n<p style=\"text-align: justify;\">Une grande famine survenant, les parents r\u00e9solurent de perdre leurs enfants dans la for\u00eat.<\/p>\n<p style=\"text-align: justify;\">\n<p style=\"text-align: justify;\">Cette famine correspond aux t\u00e9n\u00e8bres qui s&rsquo;abattent p\u00e9riodiquement sur le monde et notamment au cours de l&rsquo;actuel kaliyuga. Alors la Connaissance d\u00e9serte les sanctuaires, les religions se substituent \u00e0 la Tradition, et les \u00eatres sont dans une grande d\u00e9tresse car \u00abl&rsquo;homme ne se nourrit pas seulement de pain\u00bb&#8230;<\/p>\n<p style=\"text-align: justify;\">\n<p style=\"text-align: justify;\">La for\u00eat repr\u00e9sente Maya, ce monde des illusions o\u00f9 se perdent les consciences oublieuses de Dieu.<\/p>\n<p style=\"text-align: justify;\">\n<p style=\"text-align: justify;\">Poucet, cependant, entendit leur conciliabule et s&#8217;empressa de remplir ses poches avec de petits cailloux blancs qu&rsquo;il \u00e9tait all\u00e9 chercher au ruisseau. Le lendemain, les parents conduisirent leurs enfants dans la for\u00eat et les abandonn\u00e8rent apr\u00e8s leur avoir fait faire maints d\u00e9tours. Bien entendu, Poucet n&rsquo;eut aucun mal \u00e0 retrouver son chemin qu&rsquo;il avait jalonn\u00e9 avec les cailloux blancs.<\/p>\n<p style=\"text-align: justify;\">\n<p style=\"text-align: justify;\">Si Poucet est le dernier-n\u00e9 selon la mati\u00e8re, il est sur le plan spirituel o\u00f9 tout est invers\u00e9 par rapport \u00e0 nous, le premier \u00e0 na\u00eetre \u00e0 la Lumi\u00e8re, d&rsquo;o\u00f9 sa vigilance et sa lucidit\u00e9. Ayant entendu ce que tramaient ses parents il s&rsquo;en fuit puiser dans l&rsquo;\u00e2me du monde, symbolis\u00e9e par l&rsquo;eau du ruisseau, les jalons qui lui permettront de ne pas s&rsquo;\u00e9garer dans le labyrinthe initiatique.<\/p>\n<p style=\"text-align: justify;\">\n<p style=\"text-align: justify;\">L&rsquo;eau est en effet l&rsquo;\u00e9l\u00e9ment &#8211; symbole du plan astral qui couvre une immense \u00e9chelle vibratoire. C&rsquo;est ainsi que les eaux gel\u00e9es, croupies ou fangeuses portent la marque du bas astral tandis que les eaux vives d&rsquo;un torrent ou d&rsquo;un ruisseau figurent l&rsquo;astral sup\u00e9rieur.<\/p>\n<p style=\"text-align: justify;\">\n<p style=\"text-align: justify;\">C&rsquo;est donc au niveau de l&rsquo;astral sup\u00e9rieur que Poucet va chercher ses \u00ab cailloux \u00bb dont la couleur blanche atteste la puret\u00e9.<\/p>\n<p style=\"text-align: justify;\">\n<p style=\"text-align: justify;\">Les pierres constituent \u00e9galement un symbole puisque de leur frottement jaillit le feu qui est Dieu.<\/p>\n<p style=\"text-align: justify;\">\n<p style=\"text-align: justify;\">Rentr\u00e9s chez eux, les parents trouvent dix \u00e9cus, qui leur avaient \u00e9t\u00e9 rapport\u00e9s en paiement d&rsquo;une vieille dette, dont ils n&rsquo;esp\u00e9raient plus le remboursement. Ils achet\u00e8rent aussit\u00f4t beaucoup de viande, \u00ab trois fois plus qu&rsquo;il n&rsquo;en fallait pour le souper de deux personnes \u00bb. Et c&rsquo;est au moment o\u00f9 ils regrettaient l&rsquo;abandon de leurs enfants que ceux-ci firent irruption dans la chaumi\u00e8re.<\/p>\n<p style=\"text-align: justify;\">\n<p style=\"text-align: justify;\">D\u00e8s que les enfants ne sont plus \u00e0 la maison, la prosp\u00e9rit\u00e9 revient. En effet, selon une loi initiatique bien connue, les plans inf\u00e9rieurs d&rsquo;un \u00eatre sont mis en \u00e9vidence par la Lumi\u00e8re Divine avant d&rsquo;\u00eatre transmut\u00e9s \u2014 tout rayonnement ayant pour premi\u00e8re cons\u00e9quence la cr\u00e9ation d&rsquo;un c\u00f4ne d&rsquo;ombre.<\/p>\n<p style=\"text-align: justify;\">\n<p style=\"text-align: justify;\">Mais une prosp\u00e9rit\u00e9 obtenue par \u00e9touffement de la lumi\u00e8re (les sept enfants figurant les sept chakras) ne pouvait aucunement durer. II est d&rsquo;ailleurs significatif qu&rsquo;elle ait \u00e9t\u00e9 accompagn\u00e9e de nourritures strictement terrestres telles que les viandes. Quant aux dix \u00e9cus, ils peuvent \u00eatre assimil\u00e9s aux dix Sephirot qui constituent selon la Kabale les dix expressions de Dieu, dont seule la contrepartie n\u00e9gative a \u00e9t\u00e9 utilis\u00e9e en la circonstance.<\/p>\n<p style=\"text-align: justify;\">\n<p style=\"text-align: justify;\">Les dix \u00e9cus ayant \u00e9t\u00e9 vite \u00e9puis\u00e9s, les parents furent de nouveau contraints d&rsquo;abandonner leurs enfants dans la for\u00eat. Cette fois, malheureusement, Poucet se trouva pris de court et d\u00fbt utiliser des miettes de pain pour marquer son chemin. Les oiseaux les mang\u00e8rent et les enfants se perdirent.<\/p>\n<p style=\"text-align: justify;\">\n<p style=\"text-align: justify;\">Poucet avait manifestement commis l&rsquo;erreur de se laisser engourdir par cette prosp\u00e9rit\u00e9 fallacieuse. Son attention fut donc \u00e9mouss\u00e9e et il n&rsquo;eut pas le temps de chercher son salut dans l&rsquo;astral sup\u00e9rieur. Contraint de recourir \u00e0 des mies de pain pour remplacer les cailloux blancs, il se fia du m\u00eame coup \u00e0 des choses mat\u00e9rielles et p\u00e9rissables qui le trahirent.<\/p>\n<p style=\"text-align: justify;\">\n<p style=\"text-align: justify;\">Poucet monta alors au sommet de l&rsquo;arbre le plus \u00e9lev\u00e9 et vit briller une lumi\u00e8re provenant de la maison de l&rsquo;Ogre.<\/p>\n<p style=\"text-align: justify;\">\n<p style=\"text-align: justify;\">L&rsquo;arbre, c&rsquo;est la colonne vert\u00e9brale de l&rsquo;homme (support des chakras).<\/p>\n<p style=\"text-align: justify;\">\n<p style=\"text-align: justify;\">L&rsquo;ascension r\u00e9alis\u00e9e par Poucet ne peut certes pas \u00eatre consid\u00e9r\u00e9e comme la remont\u00e9e jusqu&rsquo;\u00e0 Sahasrar (chakra coronal) des \u00e9nergies accumul\u00e9es en Muladhar (chakra-racine), mais elle est n\u00e9anmoins suffisante pour d\u00e9clencher l&rsquo;illumination partielle de Sahasrar. Symboliquement, Poucet retrouve le chemin de l&rsquo;initiation, chemin qui doit forc\u00e9ment passer par la demeure de l&rsquo;Ogre, autrement dit par l&rsquo;\u00e9preuve. Ce qui signifie qu&rsquo;en rencontrant l&rsquo;Ogre, Poucet effectuera la descente aux Enfers sans laquelle aucune initiation ne rev\u00eat un caract\u00e8re d&rsquo;authenticit\u00e9.<\/p>\n<p style=\"text-align: justify;\">\n<p style=\"text-align: justify;\">Le nom m\u00eame de l&rsquo;Ogre provient de l&rsquo;Orcus latino-\u00e9trusque figurant le dieu populaire de la mort. C&rsquo;est \u00e9galement de cette divinit\u00e9 que l&rsquo;orque, une baleine tueuse, tire son nom.<\/p>\n<p style=\"text-align: justify;\">\n<p style=\"text-align: justify;\">Les enfants se rendirent dans la maison de l&rsquo;Ogre et l&rsquo;Ogresse les fit coucher dans un grand lit, \u00e0 c\u00f4t\u00e9 de ses sept filles. Comme ces derni\u00e8res avaient chacune une couronne sur leur t\u00eate, Poucet \u00e9changea ces couronnes contre les bonnets de coton que ses fr\u00e8res et lui portaient.<\/p>\n<p style=\"text-align: justify;\">\n<p style=\"text-align: justify;\">Les sept filles de l&rsquo;Ogre repr\u00e9sentent les sept p\u00e9ch\u00e9s capitaux. D\u00e8s l&rsquo;instant o\u00f9 les couronnes sont plac\u00e9es sur la t\u00eate de ses fr\u00e8res et de lui-m\u00eame, les sept dons du Saint-Esprit se substituent aux sept p\u00e9ch\u00e9s capitaux. Et l&rsquo;Ogre ne peut plus rien contre les enfants.<\/p>\n<p style=\"text-align: justify;\">\n<p style=\"text-align: justify;\">Tromp\u00e9 par l&rsquo;obscurit\u00e9 qui r\u00e8gne dans la chambre, l&rsquo;Ogre \u00e9gorge ses sept filles et va se coucher. Poucet et ses fr\u00e8res s&rsquo;\u00e9chappent alors, et notre h\u00e9ros s&#8217;empare des bottes de sept lieues de l&rsquo;Ogre. Celles-ci lui permettent de r\u00e9aliser une promotion sociale consid\u00e9rable et feront de lui le messager du roi.<\/p>\n<p style=\"text-align: justify;\">\n<p style=\"text-align: justify;\">Poucet et ses fr\u00e8res se trouvant sous la protection du Saint-Esprit, aucun mal ne pourra plus leur \u00eatre fait.<\/p>\n<p style=\"text-align: justify;\">\n<p style=\"text-align: justify;\">Les sept p\u00e9ch\u00e9s capitaux s&rsquo;\u00e9tant convertis en lumi\u00e8re, les sept filles sont \u00e9gorg\u00e9es.<\/p>\n<p style=\"text-align: justify;\">\n<p style=\"text-align: justify;\">Les bottes de sept lieues symbolisent les pouvoirs attribu\u00e9s aux R\u00e9alis\u00e9s. Le chiffre sept employ\u00e9 ici est en relation avec les sept Sephiroth de la \u00ab Petite face de l&rsquo;\u00c9ternel \u00bb, c&rsquo;est-\u00e0-dire avec tous les mondes s&rsquo;\u00e9chelonnant entre la Trinit\u00e9 Divine et l&rsquo;homme.<\/p>\n<p style=\"text-align: justify;\">\n<p style=\"text-align: justify;\">La promotion sociale obtenue par Poucet repr\u00e9sente le passage du plan humain au plan divin.<\/p>\n<p style=\"text-align: justify;\">\n<p style=\"text-align: justify;\">Enfin, sa fonction de Messager du roi, c&rsquo;est-\u00e0-dire de Dieu, l&rsquo;identifie \u00e0 Herm\u00e8s, dieu du Commerce entre le Ciel et la Terre, prototype de l&rsquo;adepte parfait auquel Pythagore songeait vraisemblablement lorsqu&rsquo;il pronon\u00e7a la phrase fameuse : \u00ab N&rsquo;importe quel bois ne peut pas faire un Herm\u00e8s. \u00bb<\/p>\n","protected":false},"excerpt":{"rendered":"<p>La perp\u00e9tuation de la Tradition s&rsquo;est toujours effectu\u00e9e de deux mani\u00e8res absolument diff\u00e9rentes mais cependant compl\u00e9mentaires. La premi\u00e8re d&rsquo;entre elles s&rsquo;est appuy\u00e9e sur les Ma\u00eetres et les \u00c9coles de Myst\u00e8res. La seconde mani\u00e8re est plus occulte et fonctionne totalement \u00e0 l&rsquo;insu des profanes puisqu&rsquo;elle utilise l&rsquo;inconscient populaire sous la forme des contes et des l\u00e9gendes.<\/p>\n","protected":false},"author":1,"featured_media":0,"comment_status":"closed","ping_status":"closed","sticky":false,"template":"","format":"standard","meta":{"footnotes":""},"categories":[488],"tags":[359,127],"class_list":["post-3054","post","type-post","status-publish","format-standard","hentry","category-jean-haab","tag-mythe","tag-symbolisme"],"yoast_head":"<!-- This site is optimized with the Yoast SEO plugin v27.0 - https:\/\/yoast.com\/product\/yoast-seo-wordpress\/ -->\n<title>Le petit poucet par Jean Haab - 3e mill\u00e9naire - Spiritualit\u00e9 - Connaissance de soi - Non-dualit\u00e9 - M\u00e9ditation<\/title>\n<meta name=\"robots\" content=\"index, follow, max-snippet:-1, max-image-preview:large, max-video-preview:-1\" \/>\n<link rel=\"canonical\" href=\"https:\/\/www.revue3emillenaire.com\/blog\/le-petit-poucet-par-jean-haab\/\" \/>\n<meta property=\"og:locale\" content=\"fr_FR\" \/>\n<meta property=\"og:type\" content=\"article\" \/>\n<meta property=\"og:title\" content=\"Le petit poucet par Jean Haab - 3e mill\u00e9naire - Spiritualit\u00e9 - Connaissance de soi - Non-dualit\u00e9 - M\u00e9ditation\" \/>\n<meta property=\"og:description\" content=\"La perp\u00e9tuation de la Tradition s&#039;est toujours effectu\u00e9e de deux mani\u00e8res absolument diff\u00e9rentes mais cependant compl\u00e9mentaires. La premi\u00e8re d&#039;entre elles s&#039;est appuy\u00e9e sur les Ma\u00eetres et les \u00c9coles de Myst\u00e8res. La seconde mani\u00e8re est plus occulte et fonctionne totalement \u00e0 l&#039;insu des profanes puisqu&#039;elle utilise l&#039;inconscient populaire sous la forme des contes et des l\u00e9gendes.\" \/>\n<meta property=\"og:url\" content=\"https:\/\/www.revue3emillenaire.com\/blog\/le-petit-poucet-par-jean-haab\/\" \/>\n<meta property=\"og:site_name\" content=\"3e mill\u00e9naire - Spiritualit\u00e9 - Connaissance de soi - Non-dualit\u00e9 - M\u00e9ditation\" \/>\n<meta property=\"article:published_time\" content=\"2010-04-07T14:56:08+00:00\" \/>\n<meta property=\"article:modified_time\" content=\"2011-10-09T01:58:42+00:00\" \/>\n<meta name=\"author\" content=\"3e mill\u00e9naire\" \/>\n<meta name=\"twitter:card\" content=\"summary_large_image\" \/>\n<meta name=\"twitter:label1\" content=\"\u00c9crit par\" \/>\n\t<meta name=\"twitter:data1\" content=\"3e mill\u00e9naire\" \/>\n\t<meta name=\"twitter:label2\" content=\"Dur\u00e9e de lecture estim\u00e9e\" \/>\n\t<meta name=\"twitter:data2\" content=\"7 minutes\" \/>\n<script type=\"application\/ld+json\" class=\"yoast-schema-graph\">{\"@context\":\"https:\/\/schema.org\",\"@graph\":[{\"@type\":\"Article\",\"@id\":\"https:\/\/www.revue3emillenaire.com\/blog\/le-petit-poucet-par-jean-haab\/#article\",\"isPartOf\":{\"@id\":\"https:\/\/www.revue3emillenaire.com\/blog\/le-petit-poucet-par-jean-haab\/\"},\"author\":{\"name\":\"3e mill\u00e9naire\",\"@id\":\"https:\/\/www.revue3emillenaire.com\/blog\/#\/schema\/person\/9a3a7cc4ccaa707f402d4394327106d5\"},\"headline\":\"Le petit poucet par Jean Haab\",\"datePublished\":\"2010-04-07T14:56:08+00:00\",\"dateModified\":\"2011-10-09T01:58:42+00:00\",\"mainEntityOfPage\":{\"@id\":\"https:\/\/www.revue3emillenaire.com\/blog\/le-petit-poucet-par-jean-haab\/\"},\"wordCount\":1480,\"keywords\":[\"Mythe\",\"symbolisme\"],\"articleSection\":[\"Haab Jean\"],\"inLanguage\":\"fr-FR\"},{\"@type\":\"WebPage\",\"@id\":\"https:\/\/www.revue3emillenaire.com\/blog\/le-petit-poucet-par-jean-haab\/\",\"url\":\"https:\/\/www.revue3emillenaire.com\/blog\/le-petit-poucet-par-jean-haab\/\",\"name\":\"Le petit poucet par Jean Haab - 3e mill\u00e9naire - Spiritualit\u00e9 - Connaissance de soi - Non-dualit\u00e9 - M\u00e9ditation\",\"isPartOf\":{\"@id\":\"https:\/\/www.revue3emillenaire.com\/blog\/#website\"},\"datePublished\":\"2010-04-07T14:56:08+00:00\",\"dateModified\":\"2011-10-09T01:58:42+00:00\",\"author\":{\"@id\":\"https:\/\/www.revue3emillenaire.com\/blog\/#\/schema\/person\/9a3a7cc4ccaa707f402d4394327106d5\"},\"breadcrumb\":{\"@id\":\"https:\/\/www.revue3emillenaire.com\/blog\/le-petit-poucet-par-jean-haab\/#breadcrumb\"},\"inLanguage\":\"fr-FR\",\"potentialAction\":[{\"@type\":\"ReadAction\",\"target\":[\"https:\/\/www.revue3emillenaire.com\/blog\/le-petit-poucet-par-jean-haab\/\"]}]},{\"@type\":\"BreadcrumbList\",\"@id\":\"https:\/\/www.revue3emillenaire.com\/blog\/le-petit-poucet-par-jean-haab\/#breadcrumb\",\"itemListElement\":[{\"@type\":\"ListItem\",\"position\":1,\"name\":\"Accueil\",\"item\":\"https:\/\/www.revue3emillenaire.com\/blog\/\"},{\"@type\":\"ListItem\",\"position\":2,\"name\":\"Le petit poucet par Jean Haab\"}]},{\"@type\":\"WebSite\",\"@id\":\"https:\/\/www.revue3emillenaire.com\/blog\/#website\",\"url\":\"https:\/\/www.revue3emillenaire.com\/blog\/\",\"name\":\"3e mill\u00e9naire - Spiritualit\u00e9 - Connaissance de soi - Non-dualit\u00e9 - M\u00e9ditation\",\"description\":\"L&#039;Homme en devenir\",\"potentialAction\":[{\"@type\":\"SearchAction\",\"target\":{\"@type\":\"EntryPoint\",\"urlTemplate\":\"https:\/\/www.revue3emillenaire.com\/blog\/?s={search_term_string}\"},\"query-input\":{\"@type\":\"PropertyValueSpecification\",\"valueRequired\":true,\"valueName\":\"search_term_string\"}}],\"inLanguage\":\"fr-FR\"},{\"@type\":\"Person\",\"@id\":\"https:\/\/www.revue3emillenaire.com\/blog\/#\/schema\/person\/9a3a7cc4ccaa707f402d4394327106d5\",\"name\":\"3e mill\u00e9naire\",\"url\":\"https:\/\/www.revue3emillenaire.com\/blog\/author\/admin\/\"}]}<\/script>\n<!-- \/ Yoast SEO plugin. -->","yoast_head_json":{"title":"Le petit poucet par Jean Haab - 3e mill\u00e9naire - Spiritualit\u00e9 - Connaissance de soi - Non-dualit\u00e9 - M\u00e9ditation","robots":{"index":"index","follow":"follow","max-snippet":"max-snippet:-1","max-image-preview":"max-image-preview:large","max-video-preview":"max-video-preview:-1"},"canonical":"https:\/\/www.revue3emillenaire.com\/blog\/le-petit-poucet-par-jean-haab\/","og_locale":"fr_FR","og_type":"article","og_title":"Le petit poucet par Jean Haab - 3e mill\u00e9naire - Spiritualit\u00e9 - Connaissance de soi - Non-dualit\u00e9 - M\u00e9ditation","og_description":"La perp\u00e9tuation de la Tradition s'est toujours effectu\u00e9e de deux mani\u00e8res absolument diff\u00e9rentes mais cependant compl\u00e9mentaires. La premi\u00e8re d'entre elles s'est appuy\u00e9e sur les Ma\u00eetres et les \u00c9coles de Myst\u00e8res. La seconde mani\u00e8re est plus occulte et fonctionne totalement \u00e0 l'insu des profanes puisqu'elle utilise l'inconscient populaire sous la forme des contes et des l\u00e9gendes.","og_url":"https:\/\/www.revue3emillenaire.com\/blog\/le-petit-poucet-par-jean-haab\/","og_site_name":"3e mill\u00e9naire - Spiritualit\u00e9 - Connaissance de soi - Non-dualit\u00e9 - M\u00e9ditation","article_published_time":"2010-04-07T14:56:08+00:00","article_modified_time":"2011-10-09T01:58:42+00:00","author":"3e mill\u00e9naire","twitter_card":"summary_large_image","twitter_misc":{"\u00c9crit par":"3e mill\u00e9naire","Dur\u00e9e de lecture estim\u00e9e":"7 minutes"},"schema":{"@context":"https:\/\/schema.org","@graph":[{"@type":"Article","@id":"https:\/\/www.revue3emillenaire.com\/blog\/le-petit-poucet-par-jean-haab\/#article","isPartOf":{"@id":"https:\/\/www.revue3emillenaire.com\/blog\/le-petit-poucet-par-jean-haab\/"},"author":{"name":"3e mill\u00e9naire","@id":"https:\/\/www.revue3emillenaire.com\/blog\/#\/schema\/person\/9a3a7cc4ccaa707f402d4394327106d5"},"headline":"Le petit poucet par Jean Haab","datePublished":"2010-04-07T14:56:08+00:00","dateModified":"2011-10-09T01:58:42+00:00","mainEntityOfPage":{"@id":"https:\/\/www.revue3emillenaire.com\/blog\/le-petit-poucet-par-jean-haab\/"},"wordCount":1480,"keywords":["Mythe","symbolisme"],"articleSection":["Haab Jean"],"inLanguage":"fr-FR"},{"@type":"WebPage","@id":"https:\/\/www.revue3emillenaire.com\/blog\/le-petit-poucet-par-jean-haab\/","url":"https:\/\/www.revue3emillenaire.com\/blog\/le-petit-poucet-par-jean-haab\/","name":"Le petit poucet par Jean Haab - 3e mill\u00e9naire - Spiritualit\u00e9 - Connaissance de soi - Non-dualit\u00e9 - M\u00e9ditation","isPartOf":{"@id":"https:\/\/www.revue3emillenaire.com\/blog\/#website"},"datePublished":"2010-04-07T14:56:08+00:00","dateModified":"2011-10-09T01:58:42+00:00","author":{"@id":"https:\/\/www.revue3emillenaire.com\/blog\/#\/schema\/person\/9a3a7cc4ccaa707f402d4394327106d5"},"breadcrumb":{"@id":"https:\/\/www.revue3emillenaire.com\/blog\/le-petit-poucet-par-jean-haab\/#breadcrumb"},"inLanguage":"fr-FR","potentialAction":[{"@type":"ReadAction","target":["https:\/\/www.revue3emillenaire.com\/blog\/le-petit-poucet-par-jean-haab\/"]}]},{"@type":"BreadcrumbList","@id":"https:\/\/www.revue3emillenaire.com\/blog\/le-petit-poucet-par-jean-haab\/#breadcrumb","itemListElement":[{"@type":"ListItem","position":1,"name":"Accueil","item":"https:\/\/www.revue3emillenaire.com\/blog\/"},{"@type":"ListItem","position":2,"name":"Le petit poucet par Jean Haab"}]},{"@type":"WebSite","@id":"https:\/\/www.revue3emillenaire.com\/blog\/#website","url":"https:\/\/www.revue3emillenaire.com\/blog\/","name":"3e mill\u00e9naire - Spiritualit\u00e9 - Connaissance de soi - Non-dualit\u00e9 - M\u00e9ditation","description":"L&#039;Homme en devenir","potentialAction":[{"@type":"SearchAction","target":{"@type":"EntryPoint","urlTemplate":"https:\/\/www.revue3emillenaire.com\/blog\/?s={search_term_string}"},"query-input":{"@type":"PropertyValueSpecification","valueRequired":true,"valueName":"search_term_string"}}],"inLanguage":"fr-FR"},{"@type":"Person","@id":"https:\/\/www.revue3emillenaire.com\/blog\/#\/schema\/person\/9a3a7cc4ccaa707f402d4394327106d5","name":"3e mill\u00e9naire","url":"https:\/\/www.revue3emillenaire.com\/blog\/author\/admin\/"}]}},"_links":{"self":[{"href":"https:\/\/www.revue3emillenaire.com\/blog\/wp-json\/wp\/v2\/posts\/3054","targetHints":{"allow":["GET"]}}],"collection":[{"href":"https:\/\/www.revue3emillenaire.com\/blog\/wp-json\/wp\/v2\/posts"}],"about":[{"href":"https:\/\/www.revue3emillenaire.com\/blog\/wp-json\/wp\/v2\/types\/post"}],"author":[{"embeddable":true,"href":"https:\/\/www.revue3emillenaire.com\/blog\/wp-json\/wp\/v2\/users\/1"}],"replies":[{"embeddable":true,"href":"https:\/\/www.revue3emillenaire.com\/blog\/wp-json\/wp\/v2\/comments?post=3054"}],"version-history":[{"count":0,"href":"https:\/\/www.revue3emillenaire.com\/blog\/wp-json\/wp\/v2\/posts\/3054\/revisions"}],"wp:attachment":[{"href":"https:\/\/www.revue3emillenaire.com\/blog\/wp-json\/wp\/v2\/media?parent=3054"}],"wp:term":[{"taxonomy":"category","embeddable":true,"href":"https:\/\/www.revue3emillenaire.com\/blog\/wp-json\/wp\/v2\/categories?post=3054"},{"taxonomy":"post_tag","embeddable":true,"href":"https:\/\/www.revue3emillenaire.com\/blog\/wp-json\/wp\/v2\/tags?post=3054"}],"curies":[{"name":"wp","href":"https:\/\/api.w.org\/{rel}","templated":true}]}}