{"id":314,"date":"2009-04-13T00:00:00","date_gmt":"2009-04-13T00:00:00","guid":{"rendered":"http:\/\/www.revue3emillenaire.com\/blog\/?p=314"},"modified":"2011-09-21T03:32:17","modified_gmt":"2011-09-21T02:32:17","slug":"la-mmoire-et-le-devenir-spirituel-de-lhomme-par-pierre-dangkor","status":"publish","type":"post","link":"https:\/\/www.revue3emillenaire.com\/blog\/la-mmoire-et-le-devenir-spirituel-de-lhomme-par-pierre-dangkor\/","title":{"rendered":"La m\u00e9moire et le devenir spirituel de l&rsquo;homme par Pierre d&rsquo;Angkor"},"content":{"rendered":"<p style=\"text-align: justify;\"><!--[if gte mso 9]><xml> <w:WordDocument> <w:TrackMoves>false<\/w:TrackMoves> <w:TrackFormatting \/> <w:PunctuationKerning \/> <w:DrawingGridHorizontalSpacing>6 pt<\/w:DrawingGridHorizontalSpacing> <w:DrawingGridVerticalSpacing>6 pt<\/w:DrawingGridVerticalSpacing> <w:DisplayHorizontalDrawingGridEvery>0<\/w:DisplayHorizontalDrawingGridEvery> <w:DisplayVerticalDrawingGridEvery>3<\/w:DisplayVerticalDrawingGridEvery> <w:UseMarginsForDrawingGridOrigin \/> <w:ValidateAgainstSchemas>false<\/w:ValidateAgainstSchemas> <w:SaveIfXMLInvalid>false<\/w:SaveIfXMLInvalid> <w:IgnoreMixedContent>false<\/w:IgnoreMixedContent> <w:AlwaysShowPlaceholderText>false<\/w:AlwaysShowPlaceholderText> <w:DoNotUnderlineInvalidXML \/> <w:DoNotPromoteQF \/> <w:LidThemeOther>EN-US<\/w:LidThemeOther> <w:LidThemeAsian>X-NONE<\/w:LidThemeAsian> <w:LidThemeComplexScript>AR-SA<\/w:LidThemeComplexScript> <w:Compatibility> <w:ShapeLayoutLikeWW8 \/> <w:BreakWrappedTables \/> <w:SnapToGridInCell \/> <w:WrapTextWithPunct \/> <w:UseAsianBreakRules \/> <w:DontGrowAutofit \/> <w:DontUseIndentAsNumberingTabStop \/> <w:FELineBreak11 \/> <w:WW11IndentRules \/> <w:DontAutofitConstrainedTables \/> <w:AutofitLikeWW11 \/> <w:UnderlineTabInNumList \/> <w:HangulWidthLikeWW11 \/> <w:UseNormalStyleForList \/> <w:UseFELayout \/> <\/w:Compatibility> <w:BrowserLevel>MicrosoftInternetExplorer4<\/w:BrowserLevel> <m:mathPr> <m:mathFont m:val=\\\"Cambria Math\\\" \/> <m:brkBin m:val=\\\"before\\\" \/> <m:brkBinSub m:val=\\\" \\\" \/> <m:smallFrac m:val=\\\"off\\\" \/> <m:dispDef \/> <m:lMargin m:val=\\\"0\\\" \/> <m:rMargin m:val=\\\"0\\\" \/> <m:defJc m:val=\\\"centerGroup\\\" \/> <m:wrapIndent m:val=\\\"1440\\\" \/> <m:intLim m:val=\\\"subSup\\\" \/> <m:naryLim m:val=\\\"undOvr\\\" \/> <\/m:mathPr><\/w:WordDocument> <\/xml><![endif]--><!--[if gte mso 9]><xml> <w:LatentStyles DefLockedState=\\\"false\\\" DefUnhideWhenUsed=\\\"true\\\"   DefSemiHidden=\\\"true\\\" DefQFormat=\\\"false\\\" DefPriority=\\\"99\\\"   LatentStyleCount=\\\"267\\\"> <w:LsdException Locked=\\\"false\\\" Priority=\\\"0\\\" SemiHidden=\\\"false\\\"    UnhideWhenUsed=\\\"false\\\" QFormat=\\\"true\\\" Name=\\\"Normal\\\" \/> <w:LsdException Locked=\\\"false\\\" Priority=\\\"9\\\" SemiHidden=\\\"false\\\"    UnhideWhenUsed=\\\"false\\\" QFormat=\\\"true\\\" Name=\\\"heading 1\\\" \/> <w:LsdException Locked=\\\"false\\\" Priority=\\\"9\\\" QFormat=\\\"true\\\" Name=\\\"heading 2\\\" \/> <w:LsdException Locked=\\\"false\\\" Priority=\\\"9\\\" QFormat=\\\"true\\\" Name=\\\"heading 3\\\" \/> <w:LsdException Locked=\\\"false\\\" Priority=\\\"9\\\" QFormat=\\\"true\\\" Name=\\\"heading 4\\\" \/> <w:LsdException Locked=\\\"false\\\" Priority=\\\"9\\\" QFormat=\\\"true\\\" Name=\\\"heading 5\\\" \/> <w:LsdException Locked=\\\"false\\\" Priority=\\\"9\\\" QFormat=\\\"true\\\" Name=\\\"heading 6\\\" \/> <w:LsdException Locked=\\\"false\\\" Priority=\\\"9\\\" QFormat=\\\"true\\\" Name=\\\"heading 7\\\" \/> <w:LsdException Locked=\\\"false\\\" Priority=\\\"9\\\" QFormat=\\\"true\\\" Name=\\\"heading 8\\\" \/> <w:LsdException Locked=\\\"false\\\" Priority=\\\"9\\\" QFormat=\\\"true\\\" Name=\\\"heading 9\\\" \/> <w:LsdException Locked=\\\"false\\\" Priority=\\\"39\\\" Name=\\\"toc 1\\\" \/> <w:LsdException Locked=\\\"false\\\" Priority=\\\"39\\\" Name=\\\"toc 2\\\" \/> <w:LsdException Locked=\\\"false\\\" Priority=\\\"39\\\" Name=\\\"toc 3\\\" \/> <w:LsdException Locked=\\\"false\\\" Priority=\\\"39\\\" Name=\\\"toc 4\\\" \/> <w:LsdException Locked=\\\"false\\\" Priority=\\\"39\\\" Name=\\\"toc 5\\\" \/> <w:LsdException Locked=\\\"false\\\" Priority=\\\"39\\\" Name=\\\"toc 6\\\" \/> <w:LsdException Locked=\\\"false\\\" Priority=\\\"39\\\" Name=\\\"toc 7\\\" \/> <w:LsdException Locked=\\\"false\\\" Priority=\\\"39\\\" Name=\\\"toc 8\\\" \/> <w:LsdException Locked=\\\"false\\\" Priority=\\\"39\\\" Name=\\\"toc 9\\\" \/> <w:LsdException Locked=\\\"false\\\" Priority=\\\"35\\\" QFormat=\\\"true\\\" Name=\\\"caption\\\" \/> <w:LsdException Locked=\\\"false\\\" Priority=\\\"10\\\" SemiHidden=\\\"false\\\"    UnhideWhenUsed=\\\"false\\\" QFormat=\\\"true\\\" Name=\\\"Title\\\" \/> <w:LsdException Locked=\\\"false\\\" UnhideWhenUsed=\\\"false\\\"    Name=\\\"Default Paragraph Font\\\" \/> <w:LsdException Locked=\\\"false\\\" Priority=\\\"11\\\" SemiHidden=\\\"false\\\"    UnhideWhenUsed=\\\"false\\\" QFormat=\\\"true\\\" Name=\\\"Subtitle\\\" \/> <w:LsdException Locked=\\\"false\\\" Priority=\\\"22\\\" SemiHidden=\\\"false\\\"    UnhideWhenUsed=\\\"false\\\" QFormat=\\\"true\\\" Name=\\\"Strong\\\" \/> <w:LsdException Locked=\\\"false\\\" Priority=\\\"20\\\" SemiHidden=\\\"false\\\"    UnhideWhenUsed=\\\"false\\\" QFormat=\\\"true\\\" Name=\\\"Emphasis\\\" \/> <w:LsdException Locked=\\\"false\\\" Priority=\\\"59\\\" SemiHidden=\\\"false\\\"    UnhideWhenUsed=\\\"false\\\" Name=\\\"Table Grid\\\" \/> <w:LsdException Locked=\\\"false\\\" UnhideWhenUsed=\\\"false\\\" Name=\\\"Placeholder Text\\\" \/> <w:LsdException Locked=\\\"false\\\" Priority=\\\"1\\\" SemiHidden=\\\"false\\\"    UnhideWhenUsed=\\\"false\\\" QFormat=\\\"true\\\" Name=\\\"No Spacing\\\" \/> <w:LsdException Locked=\\\"false\\\" Priority=\\\"60\\\" SemiHidden=\\\"false\\\"    UnhideWhenUsed=\\\"false\\\" Name=\\\"Light Shading\\\" \/> <w:LsdException Locked=\\\"false\\\" Priority=\\\"61\\\" SemiHidden=\\\"false\\\"    UnhideWhenUsed=\\\"false\\\" Name=\\\"Light List\\\" \/> <w:LsdException Locked=\\\"false\\\" Priority=\\\"62\\\" SemiHidden=\\\"false\\\"    UnhideWhenUsed=\\\"false\\\" Name=\\\"Light Grid\\\" \/> <w:LsdException Locked=\\\"false\\\" Priority=\\\"63\\\" SemiHidden=\\\"false\\\"    UnhideWhenUsed=\\\"false\\\" Name=\\\"Medium Shading 1\\\" \/> <w:LsdException Locked=\\\"false\\\" Priority=\\\"64\\\" SemiHidden=\\\"false\\\"    UnhideWhenUsed=\\\"false\\\" Name=\\\"Medium Shading 2\\\" \/> <w:LsdException Locked=\\\"false\\\" Priority=\\\"65\\\" SemiHidden=\\\"false\\\"    UnhideWhenUsed=\\\"false\\\" Name=\\\"Medium List 1\\\" \/> <w:LsdException Locked=\\\"false\\\" Priority=\\\"66\\\" SemiHidden=\\\"false\\\"    UnhideWhenUsed=\\\"false\\\" Name=\\\"Medium List 2\\\" \/> <w:LsdException Locked=\\\"false\\\" Priority=\\\"67\\\" SemiHidden=\\\"false\\\"    UnhideWhenUsed=\\\"false\\\" Name=\\\"Medium Grid 1\\\" \/> <w:LsdException Locked=\\\"false\\\" Priority=\\\"68\\\" SemiHidden=\\\"false\\\"    UnhideWhenUsed=\\\"false\\\" Name=\\\"Medium Grid 2\\\" \/> <w:LsdException Locked=\\\"false\\\" Priority=\\\"69\\\" SemiHidden=\\\"false\\\"    UnhideWhenUsed=\\\"false\\\" Name=\\\"Medium Grid 3\\\" \/> <w:LsdException Locked=\\\"false\\\" Priority=\\\"70\\\" SemiHidden=\\\"false\\\"    UnhideWhenUsed=\\\"false\\\" Name=\\\"Dark List\\\" \/> <w:LsdException Locked=\\\"false\\\" Priority=\\\"71\\\" SemiHidden=\\\"false\\\"    UnhideWhenUsed=\\\"false\\\" Name=\\\"Colorful Shading\\\" \/> <w:LsdException Locked=\\\"false\\\" Priority=\\\"72\\\" SemiHidden=\\\"false\\\"    UnhideWhenUsed=\\\"false\\\" Name=\\\"Colorful List\\\" \/> <w:LsdException Locked=\\\"false\\\" Priority=\\\"73\\\" SemiHidden=\\\"false\\\"    UnhideWhenUsed=\\\"false\\\" Name=\\\"Colorful Grid\\\" \/> <w:LsdException Locked=\\\"false\\\" Priority=\\\"60\\\" SemiHidden=\\\"false\\\"    UnhideWhenUsed=\\\"false\\\" Name=\\\"Light Shading Accent 1\\\" \/> <w:LsdException Locked=\\\"false\\\" Priority=\\\"61\\\" SemiHidden=\\\"false\\\"    UnhideWhenUsed=\\\"false\\\" Name=\\\"Light List Accent 1\\\" \/> <w:LsdException Locked=\\\"false\\\" Priority=\\\"62\\\" SemiHidden=\\\"false\\\"    UnhideWhenUsed=\\\"false\\\" Name=\\\"Light Grid Accent 1\\\" \/> <w:LsdException Locked=\\\"false\\\" Priority=\\\"63\\\" SemiHidden=\\\"false\\\"    UnhideWhenUsed=\\\"false\\\" Name=\\\"Medium Shading 1 Accent 1\\\" \/> <w:LsdException Locked=\\\"false\\\" Priority=\\\"64\\\" SemiHidden=\\\"false\\\"    UnhideWhenUsed=\\\"false\\\" Name=\\\"Medium Shading 2 Accent 1\\\" \/> <w:LsdException Locked=\\\"false\\\" Priority=\\\"65\\\" SemiHidden=\\\"false\\\"    UnhideWhenUsed=\\\"false\\\" Name=\\\"Medium List 1 Accent 1\\\" \/> <w:LsdException Locked=\\\"false\\\" UnhideWhenUsed=\\\"false\\\" Name=\\\"Revision\\\" \/> <w:LsdException Locked=\\\"false\\\" Priority=\\\"34\\\" SemiHidden=\\\"false\\\"    UnhideWhenUsed=\\\"false\\\" QFormat=\\\"true\\\" Name=\\\"List Paragraph\\\" \/> <w:LsdException Locked=\\\"false\\\" Priority=\\\"29\\\" SemiHidden=\\\"false\\\"    UnhideWhenUsed=\\\"false\\\" QFormat=\\\"true\\\" Name=\\\"Quote\\\" \/> <w:LsdException Locked=\\\"false\\\" Priority=\\\"30\\\" SemiHidden=\\\"false\\\"    UnhideWhenUsed=\\\"false\\\" QFormat=\\\"true\\\" Name=\\\"Intense Quote\\\" \/> <w:LsdException Locked=\\\"false\\\" Priority=\\\"66\\\" SemiHidden=\\\"false\\\"    UnhideWhenUsed=\\\"false\\\" Name=\\\"Medium List 2 Accent 1\\\" \/> <w:LsdException Locked=\\\"false\\\" Priority=\\\"67\\\" SemiHidden=\\\"false\\\"    UnhideWhenUsed=\\\"false\\\" Name=\\\"Medium Grid 1 Accent 1\\\" \/> <w:LsdException Locked=\\\"false\\\" Priority=\\\"68\\\" SemiHidden=\\\"false\\\"    UnhideWhenUsed=\\\"false\\\" Name=\\\"Medium Grid 2 Accent 1\\\" \/> <w:LsdException Locked=\\\"false\\\" Priority=\\\"69\\\" SemiHidden=\\\"false\\\"    UnhideWhenUsed=\\\"false\\\" Name=\\\"Medium Grid 3 Accent 1\\\" \/> <w:LsdException Locked=\\\"false\\\" Priority=\\\"70\\\" SemiHidden=\\\"false\\\"    UnhideWhenUsed=\\\"false\\\" Name=\\\"Dark List Accent 1\\\" \/> <w:LsdException Locked=\\\"false\\\" Priority=\\\"71\\\" SemiHidden=\\\"false\\\"    UnhideWhenUsed=\\\"false\\\" Name=\\\"Colorful Shading Accent 1\\\" \/> <w:LsdException Locked=\\\"false\\\" Priority=\\\"72\\\" SemiHidden=\\\"false\\\"    UnhideWhenUsed=\\\"false\\\" Name=\\\"Colorful List Accent 1\\\" \/> <w:LsdException Locked=\\\"false\\\" Priority=\\\"73\\\" SemiHidden=\\\"false\\\"    UnhideWhenUsed=\\\"false\\\" Name=\\\"Colorful Grid Accent 1\\\" \/> <w:LsdException Locked=\\\"false\\\" Priority=\\\"60\\\" SemiHidden=\\\"false\\\"    UnhideWhenUsed=\\\"false\\\" Name=\\\"Light Shading Accent 2\\\" \/> <w:LsdException Locked=\\\"false\\\" Priority=\\\"61\\\" SemiHidden=\\\"false\\\"    UnhideWhenUsed=\\\"false\\\" Name=\\\"Light List Accent 2\\\" \/> <w:LsdException Locked=\\\"false\\\" Priority=\\\"62\\\" SemiHidden=\\\"false\\\"    UnhideWhenUsed=\\\"false\\\" Name=\\\"Light Grid Accent 2\\\" \/> <w:LsdException Locked=\\\"false\\\" Priority=\\\"63\\\" SemiHidden=\\\"false\\\"    UnhideWhenUsed=\\\"false\\\" Name=\\\"Medium Shading 1 Accent 2\\\" \/> <w:LsdException Locked=\\\"false\\\" Priority=\\\"64\\\" SemiHidden=\\\"false\\\"    UnhideWhenUsed=\\\"false\\\" Name=\\\"Medium Shading 2 Accent 2\\\" \/> <w:LsdException Locked=\\\"false\\\" Priority=\\\"65\\\" SemiHidden=\\\"false\\\"    UnhideWhenUsed=\\\"false\\\" Name=\\\"Medium List 1 Accent 2\\\" \/> <w:LsdException Locked=\\\"false\\\" Priority=\\\"66\\\" SemiHidden=\\\"false\\\"    UnhideWhenUsed=\\\"false\\\" Name=\\\"Medium List 2 Accent 2\\\" \/> <w:LsdException Locked=\\\"false\\\" Priority=\\\"67\\\" SemiHidden=\\\"false\\\"    UnhideWhenUsed=\\\"false\\\" Name=\\\"Medium Grid 1 Accent 2\\\" \/> <w:LsdException Locked=\\\"false\\\" Priority=\\\"68\\\" SemiHidden=\\\"false\\\"    UnhideWhenUsed=\\\"false\\\" Name=\\\"Medium Grid 2 Accent 2\\\" \/> <w:LsdException Locked=\\\"false\\\" Priority=\\\"69\\\" SemiHidden=\\\"false\\\"    UnhideWhenUsed=\\\"false\\\" Name=\\\"Medium Grid 3 Accent 2\\\" \/> <w:LsdException Locked=\\\"false\\\" Priority=\\\"70\\\" SemiHidden=\\\"false\\\"    UnhideWhenUsed=\\\"false\\\" Name=\\\"Dark List Accent 2\\\" \/> <w:LsdException Locked=\\\"false\\\" Priority=\\\"71\\\" SemiHidden=\\\"false\\\"    UnhideWhenUsed=\\\"false\\\" Name=\\\"Colorful Shading Accent 2\\\" \/> <w:LsdException Locked=\\\"false\\\" Priority=\\\"72\\\" SemiHidden=\\\"false\\\"    UnhideWhenUsed=\\\"false\\\" Name=\\\"Colorful List Accent 2\\\" \/> <w:LsdException Locked=\\\"false\\\" Priority=\\\"73\\\" SemiHidden=\\\"false\\\"    UnhideWhenUsed=\\\"false\\\" Name=\\\"Colorful Grid Accent 2\\\" \/> <w:LsdException Locked=\\\"false\\\" Priority=\\\"60\\\" SemiHidden=\\\"false\\\"    UnhideWhenUsed=\\\"false\\\" Name=\\\"Light Shading Accent 3\\\" \/> <w:LsdException Locked=\\\"false\\\" Priority=\\\"61\\\" SemiHidden=\\\"false\\\"    UnhideWhenUsed=\\\"false\\\" Name=\\\"Light List Accent 3\\\" \/> <w:LsdException Locked=\\\"false\\\" Priority=\\\"62\\\" SemiHidden=\\\"false\\\"    UnhideWhenUsed=\\\"false\\\" Name=\\\"Light Grid Accent 3\\\" \/> <w:LsdException Locked=\\\"false\\\" Priority=\\\"63\\\" SemiHidden=\\\"false\\\"    UnhideWhenUsed=\\\"false\\\" Name=\\\"Medium Shading 1 Accent 3\\\" \/> <w:LsdException Locked=\\\"false\\\" Priority=\\\"64\\\" SemiHidden=\\\"false\\\"    UnhideWhenUsed=\\\"false\\\" Name=\\\"Medium Shading 2 Accent 3\\\" \/> <w:LsdException Locked=\\\"false\\\" Priority=\\\"65\\\" SemiHidden=\\\"false\\\"    UnhideWhenUsed=\\\"false\\\" Name=\\\"Medium List 1 Accent 3\\\" \/> <w:LsdException Locked=\\\"false\\\" Priority=\\\"66\\\" SemiHidden=\\\"false\\\"    UnhideWhenUsed=\\\"false\\\" Name=\\\"Medium List 2 Accent 3\\\" \/> <w:LsdException Locked=\\\"false\\\" Priority=\\\"67\\\" SemiHidden=\\\"false\\\"    UnhideWhenUsed=\\\"false\\\" Name=\\\"Medium Grid 1 Accent 3\\\" \/> <w:LsdException Locked=\\\"false\\\" Priority=\\\"68\\\" SemiHidden=\\\"false\\\"    UnhideWhenUsed=\\\"false\\\" Name=\\\"Medium Grid 2 Accent 3\\\" \/> <w:LsdException Locked=\\\"false\\\" Priority=\\\"69\\\" SemiHidden=\\\"false\\\"    UnhideWhenUsed=\\\"false\\\" Name=\\\"Medium Grid 3 Accent 3\\\" \/> <w:LsdException Locked=\\\"false\\\" Priority=\\\"70\\\" SemiHidden=\\\"false\\\"    UnhideWhenUsed=\\\"false\\\" Name=\\\"Dark List Accent 3\\\" \/> <w:LsdException Locked=\\\"false\\\" Priority=\\\"71\\\" SemiHidden=\\\"false\\\"    UnhideWhenUsed=\\\"false\\\" Name=\\\"Colorful Shading Accent 3\\\" \/> <w:LsdException Locked=\\\"false\\\" Priority=\\\"72\\\" SemiHidden=\\\"false\\\"    UnhideWhenUsed=\\\"false\\\" Name=\\\"Colorful List Accent 3\\\" \/> <w:LsdException Locked=\\\"false\\\" Priority=\\\"73\\\" SemiHidden=\\\"false\\\"    UnhideWhenUsed=\\\"false\\\" Name=\\\"Colorful Grid Accent 3\\\" \/> <w:LsdException Locked=\\\"false\\\" Priority=\\\"60\\\" SemiHidden=\\\"false\\\"    UnhideWhenUsed=\\\"false\\\" Name=\\\"Light Shading Accent 4\\\" \/> <w:LsdException Locked=\\\"false\\\" Priority=\\\"61\\\" SemiHidden=\\\"false\\\"    UnhideWhenUsed=\\\"false\\\" Name=\\\"Light List Accent 4\\\" \/> <w:LsdException Locked=\\\"false\\\" Priority=\\\"62\\\" SemiHidden=\\\"false\\\"    UnhideWhenUsed=\\\"false\\\" Name=\\\"Light Grid Accent 4\\\" \/> <w:LsdException Locked=\\\"false\\\" Priority=\\\"63\\\" SemiHidden=\\\"false\\\"    UnhideWhenUsed=\\\"false\\\" Name=\\\"Medium Shading 1 Accent 4\\\" \/> <w:LsdException Locked=\\\"false\\\" Priority=\\\"64\\\" SemiHidden=\\\"false\\\"    UnhideWhenUsed=\\\"false\\\" Name=\\\"Medium Shading 2 Accent 4\\\" \/> <w:LsdException Locked=\\\"false\\\" Priority=\\\"65\\\" SemiHidden=\\\"false\\\"    UnhideWhenUsed=\\\"false\\\" Name=\\\"Medium List 1 Accent 4\\\" \/> <w:LsdException Locked=\\\"false\\\" Priority=\\\"66\\\" SemiHidden=\\\"false\\\"    UnhideWhenUsed=\\\"false\\\" Name=\\\"Medium List 2 Accent 4\\\" \/> <w:LsdException Locked=\\\"false\\\" Priority=\\\"67\\\" SemiHidden=\\\"false\\\"    UnhideWhenUsed=\\\"false\\\" Name=\\\"Medium Grid 1 Accent 4\\\" \/> <w:LsdException Locked=\\\"false\\\" Priority=\\\"68\\\" SemiHidden=\\\"false\\\"    UnhideWhenUsed=\\\"false\\\" Name=\\\"Medium Grid 2 Accent 4\\\" \/> <w:LsdException Locked=\\\"false\\\" Priority=\\\"69\\\" SemiHidden=\\\"false\\\"    UnhideWhenUsed=\\\"false\\\" Name=\\\"Medium Grid 3 Accent 4\\\" \/> <w:LsdException Locked=\\\"false\\\" Priority=\\\"70\\\" SemiHidden=\\\"false\\\"    UnhideWhenUsed=\\\"false\\\" Name=\\\"Dark List Accent 4\\\" \/> <w:LsdException Locked=\\\"false\\\" Priority=\\\"71\\\" SemiHidden=\\\"false\\\"    UnhideWhenUsed=\\\"false\\\" Name=\\\"Colorful Shading Accent 4\\\" \/> <w:LsdException Locked=\\\"false\\\" Priority=\\\"72\\\" SemiHidden=\\\"false\\\"    UnhideWhenUsed=\\\"false\\\" Name=\\\"Colorful List Accent 4\\\" \/> <w:LsdException Locked=\\\"false\\\" Priority=\\\"73\\\" SemiHidden=\\\"false\\\"    UnhideWhenUsed=\\\"false\\\" Name=\\\"Colorful Grid Accent 4\\\" \/> <w:LsdException Locked=\\\"false\\\" Priority=\\\"60\\\" SemiHidden=\\\"false\\\"    UnhideWhenUsed=\\\"false\\\" Name=\\\"Light Shading Accent 5\\\" \/> <w:LsdException Locked=\\\"false\\\" Priority=\\\"61\\\" SemiHidden=\\\"false\\\"    UnhideWhenUsed=\\\"false\\\" Name=\\\"Light List Accent 5\\\" \/> <w:LsdException Locked=\\\"false\\\" Priority=\\\"62\\\" SemiHidden=\\\"false\\\"    UnhideWhenUsed=\\\"false\\\" Name=\\\"Light Grid Accent 5\\\" \/> <w:LsdException Locked=\\\"false\\\" Priority=\\\"63\\\" SemiHidden=\\\"false\\\"    UnhideWhenUsed=\\\"false\\\" Name=\\\"Medium Shading 1 Accent 5\\\" \/> <w:LsdException Locked=\\\"false\\\" Priority=\\\"64\\\" SemiHidden=\\\"false\\\"    UnhideWhenUsed=\\\"false\\\" Name=\\\"Medium Shading 2 Accent 5\\\" \/> <w:LsdException Locked=\\\"false\\\" Priority=\\\"65\\\" SemiHidden=\\\"false\\\"    UnhideWhenUsed=\\\"false\\\" Name=\\\"Medium List 1 Accent 5\\\" \/> <w:LsdException Locked=\\\"false\\\" Priority=\\\"66\\\" SemiHidden=\\\"false\\\"    UnhideWhenUsed=\\\"false\\\" Name=\\\"Medium List 2 Accent 5\\\" \/> <w:LsdException Locked=\\\"false\\\" Priority=\\\"67\\\" SemiHidden=\\\"false\\\"    UnhideWhenUsed=\\\"false\\\" Name=\\\"Medium Grid 1 Accent 5\\\" \/> <w:LsdException Locked=\\\"false\\\" Priority=\\\"68\\\" SemiHidden=\\\"false\\\"    UnhideWhenUsed=\\\"false\\\" Name=\\\"Medium Grid 2 Accent 5\\\" \/> <w:LsdException Locked=\\\"false\\\" Priority=\\\"69\\\" SemiHidden=\\\"false\\\"    UnhideWhenUsed=\\\"false\\\" Name=\\\"Medium Grid 3 Accent 5\\\" \/> <w:LsdException Locked=\\\"false\\\" Priority=\\\"70\\\" SemiHidden=\\\"false\\\"    UnhideWhenUsed=\\\"false\\\" Name=\\\"Dark List Accent 5\\\" \/> <w:LsdException Locked=\\\"false\\\" Priority=\\\"71\\\" SemiHidden=\\\"false\\\"    UnhideWhenUsed=\\\"false\\\" Name=\\\"Colorful Shading Accent 5\\\" \/> <w:LsdException Locked=\\\"false\\\" Priority=\\\"72\\\" SemiHidden=\\\"false\\\"    UnhideWhenUsed=\\\"false\\\" Name=\\\"Colorful List Accent 5\\\" \/> <w:LsdException Locked=\\\"false\\\" Priority=\\\"73\\\" SemiHidden=\\\"false\\\"    UnhideWhenUsed=\\\"false\\\" Name=\\\"Colorful Grid Accent 5\\\" \/> <w:LsdException Locked=\\\"false\\\" Priority=\\\"60\\\" SemiHidden=\\\"false\\\"    UnhideWhenUsed=\\\"false\\\" Name=\\\"Light Shading Accent 6\\\" \/> <w:LsdException Locked=\\\"false\\\" Priority=\\\"61\\\" SemiHidden=\\\"false\\\"    UnhideWhenUsed=\\\"false\\\" Name=\\\"Light List Accent 6\\\" \/> <w:LsdException Locked=\\\"false\\\" Priority=\\\"62\\\" SemiHidden=\\\"false\\\"    UnhideWhenUsed=\\\"false\\\" Name=\\\"Light Grid Accent 6\\\" \/> <w:LsdException Locked=\\\"false\\\" Priority=\\\"63\\\" SemiHidden=\\\"false\\\"    UnhideWhenUsed=\\\"false\\\" Name=\\\"Medium Shading 1 Accent 6\\\" \/> <w:LsdException Locked=\\\"false\\\" Priority=\\\"64\\\" SemiHidden=\\\"false\\\"    UnhideWhenUsed=\\\"false\\\" Name=\\\"Medium Shading 2 Accent 6\\\" \/> <w:LsdException Locked=\\\"false\\\" Priority=\\\"65\\\" SemiHidden=\\\"false\\\"    UnhideWhenUsed=\\\"false\\\" Name=\\\"Medium List 1 Accent 6\\\" \/> <w:LsdException Locked=\\\"false\\\" Priority=\\\"66\\\" SemiHidden=\\\"false\\\"    UnhideWhenUsed=\\\"false\\\" Name=\\\"Medium List 2 Accent 6\\\" \/> <w:LsdException Locked=\\\"false\\\" Priority=\\\"67\\\" SemiHidden=\\\"false\\\"    UnhideWhenUsed=\\\"false\\\" Name=\\\"Medium Grid 1 Accent 6\\\" \/> <w:LsdException Locked=\\\"false\\\" Priority=\\\"68\\\" SemiHidden=\\\"false\\\"    UnhideWhenUsed=\\\"false\\\" Name=\\\"Medium Grid 2 Accent 6\\\" \/> <w:LsdException Locked=\\\"false\\\" Priority=\\\"69\\\" SemiHidden=\\\"false\\\"    UnhideWhenUsed=\\\"false\\\" Name=\\\"Medium Grid 3 Accent 6\\\" \/> <w:LsdException Locked=\\\"false\\\" Priority=\\\"70\\\" SemiHidden=\\\"false\\\"    UnhideWhenUsed=\\\"false\\\" Name=\\\"Dark List Accent 6\\\" \/> <w:LsdException Locked=\\\"false\\\" Priority=\\\"71\\\" SemiHidden=\\\"false\\\"    UnhideWhenUsed=\\\"false\\\" Name=\\\"Colorful Shading Accent 6\\\" \/> <w:LsdException Locked=\\\"false\\\" Priority=\\\"72\\\" SemiHidden=\\\"false\\\"    UnhideWhenUsed=\\\"false\\\" Name=\\\"Colorful List Accent 6\\\" \/> <w:LsdException Locked=\\\"false\\\" Priority=\\\"73\\\" SemiHidden=\\\"false\\\"    UnhideWhenUsed=\\\"false\\\" Name=\\\"Colorful Grid Accent 6\\\" \/> <w:LsdException Locked=\\\"false\\\" Priority=\\\"19\\\" SemiHidden=\\\"false\\\"    UnhideWhenUsed=\\\"false\\\" QFormat=\\\"true\\\" Name=\\\"Subtle Emphasis\\\" \/> <w:LsdException Locked=\\\"false\\\" Priority=\\\"21\\\" SemiHidden=\\\"false\\\"    UnhideWhenUsed=\\\"false\\\" QFormat=\\\"true\\\" Name=\\\"Intense Emphasis\\\" \/> <w:LsdException Locked=\\\"false\\\" Priority=\\\"31\\\" SemiHidden=\\\"false\\\"    UnhideWhenUsed=\\\"false\\\" QFormat=\\\"true\\\" Name=\\\"Subtle Reference\\\" \/> <w:LsdException Locked=\\\"false\\\" Priority=\\\"32\\\" SemiHidden=\\\"false\\\"    UnhideWhenUsed=\\\"false\\\" QFormat=\\\"true\\\" Name=\\\"Intense Reference\\\" \/> <w:LsdException Locked=\\\"false\\\" Priority=\\\"33\\\" SemiHidden=\\\"false\\\"    UnhideWhenUsed=\\\"false\\\" QFormat=\\\"true\\\" Name=\\\"Book Title\\\" \/> <w:LsdException Locked=\\\"false\\\" Priority=\\\"37\\\" Name=\\\"Bibliography\\\" \/> <w:LsdException Locked=\\\"false\\\" Priority=\\\"39\\\" QFormat=\\\"true\\\" Name=\\\"TOC Heading\\\" \/> <\/w:LatentStyles> <\/xml><![endif]--><!--[if gte mso 10]>\n<mce:style><!    \/* Style Definitions *\/  table.MsoNormalTable \t{mso-style-name:\\\"Table Normal\\\"; \tmso-tstyle-rowband-size:0; \tmso-tstyle-colband-size:0; \tmso-style-noshow:yes; \tmso-style-priority:99; \tmso-style-qformat:yes; \tmso-style-parent:\\\"\\\"; \tmso-padding-alt:0in 5.4pt 0in 5.4pt; \tmso-para-margin-top:0in; \tmso-para-margin-right:0in; \tmso-para-margin-bottom:10.0pt; \tmso-para-margin-left:0in; \tline-height:115%; \tmso-pagination:widow-orphan; \tfont-size:11.0pt; \tfont-family:\\\"Calibri\\\",\\\"sans-serif\\\"; \tmso-ascii-font-family:Calibri; \tmso-ascii-theme-font:minor-latin; \tmso-hansi-font-family:Calibri; \tmso-hansi-theme-font:minor-latin;}  --><\/p>\n<p style=\"text-align: justify;\"><!--[endif]--><!--[if gte mso 9]><xml> <o:shapedefaults v:ext=\\\"edit\\\" spidmax=\\\"3074\\\" \/> <\/xml><![endif]--><!--[if gte mso 9]><xml> <o:shapelayout v:ext=\\\"edit\\\"> <o:idmap v:ext=\\\"edit\\\" data=\\\"1\\\" \/> <\/o:shapelayout><\/xml><![endif]--> <!-- \t\tA:link { so-language: zxx } \t--><span>(Revue Le lotus Bleu. Mars-Avril 1965)<\/span><\/p>\n<p class=\"\\&quot;msonormal\\&quot;\" style=\"text-align: justify;\"><span>I.<\/span><span> <\/span>\u2014 <span><em>SON ROLE DANS LA VIE PRESENTE<\/em><\/span><\/p>\n<p class=\"\\&quot;msonormal\\&quot;\" style=\"text-align: justify;\">\n<p class=\"\\&quot;msonormal\\&quot;\" style=\"text-align: justify;\">Parmi les V\u00e9rit\u00e9s que nous propose Krishnamurti, il en est une qui, si elle nous semble juste du point de vue qu&rsquo;il nous dit, pr\u00e9sente apparemment quelque \u00e9quivoque si, l&rsquo;\u00e9tendant au-del\u00e0 du bon sens restreint qu&rsquo;il lui assigne, nous voulions lui donner une port\u00e9e absolue.<\/p>\n<p class=\"\\&quot;msonormal\\&quot;\" style=\"text-align: justify;\">Krishnamurti incrimine notre m\u00e9moire en tant que formatrice de notre mentalit\u00e9 et qui, \u00e0 ce titre, d\u00e9forme souvent notre jugement en l&#8217;emp\u00eachant de nous prononcer avec un esprit libre sur les probl\u00e8mes toujours nouveaux avec lesquels la vie nous confronte journellement. C&rsquo;est l\u00e0 un \u00e9cueil sur lequel nous butons tous en effet, en raison de notre \u00e9ducation m\u00eame qui nous a rendus prisonniers des conventions familiales et sociales au sein desquelles nous vivons et qui d\u00e9forment nos jugements. Ce serait une grave erreur toutefois d&rsquo;en conclure que la m\u00e9moire est une facult\u00e9 inutile et dangereuse : car la m\u00e9moire n&rsquo;est pas le jugement et c&rsquo;est le jugement qui doit pr\u00e9cis\u00e9ment nous permettre de r\u00e9agir, contre cette pr\u00e9formation ou cette d\u00e9formation que la m\u00e9moire du pass\u00e9 tend \u00e0 faire pr\u00e9valoir dans nos jugements du pr\u00e9sent. Cette d\u00e9formation existe, et, de ce point de vue, la m\u00e9moire appara\u00eet r\u00e9ellement comme un obstacle possible \u00e0 une juste perception de la V\u00e9rit\u00e9.<\/p>\n<p class=\"\\&quot;msonormal\\&quot;\" style=\"text-align: justify;\">Devons-nous en conclure qu&rsquo;il nous faut la d\u00e9truire en nous comme inutile et dangereuse ? Non, \u00e9videmment. Nulle facult\u00e9 cr\u00e9\u00e9e par la Nature n&rsquo;est inutile. Une facult\u00e9 existant en nous sans but, ni raison d&rsquo;\u00eatre, est inconcevable. D\u00e9truire notre m\u00e9moire, m\u00eame si la chose \u00e9tait possible, serait d\u00e9truire l&rsquo;exp\u00e9rience que nous avons acquise, qui nous a fait ce que nous sommes, en bien et en mal. Cette exp\u00e9rience, transmise par la m\u00e9moire, nous est utile, puisqu&rsquo;elle nous permet d&rsquo;\u00e9viter des erreurs commises dans le pass\u00e9, erreurs dont nous avons souffert et qui ont entrav\u00e9 notre marche au progr\u00e8s. Vouloir abolir la m\u00e9moire du pass\u00e9 \u2014 en fait, pour l&rsquo;humanit\u00e9, ce serait abolir l&rsquo;Histoire \u2014 serait, pour chacun de nous, une grave erreur, celle de se renier soi-m\u00eame, puisque c&rsquo;est le pass\u00e9 qui nous a faits ce que nous sommes dans le pr\u00e9sent. Dans le m\u00eame ordre d&rsquo;id\u00e9es, c&rsquo;est une erreur parall\u00e8le \u2014 celle de l&rsquo;existentialisme \u2014 que de pr\u00e9tendre opposer l&rsquo;homme qui est (l&rsquo;homme en soi) \u00e0 l&rsquo;homme qui pense, et se souvient (le pour soi). En effet, si le \u00ab je \u00bb qui pense a cr\u00e9\u00e9 une \u00ab maya \u00bb, en se s\u00e9parant, en s&rsquo;opposant au tout universel, cette maya fut n\u00e9cessaire aux fins de sa propre \u00e9volution en tant qu&rsquo;\u00eatre humain, en tant qu&rsquo;\u00eatre individualis\u00e9. L&rsquo;homme qui est, est donc <em>ins\u00e9parable<\/em> de l&rsquo;homme qui pense.<\/p>\n<p class=\"\\&quot;msonormal\\&quot;\" style=\"text-align: justify;\">Mais, dira-t-on, ne nous enseigne-t-on pas pr\u00e9cis\u00e9ment cette n\u00e9cessit\u00e9 de la lib\u00e9ration, c&rsquo;est-\u00e0-dire de d\u00e9passer, de transcender cette notion du \u00ab moi \u00bb individuel ? Oui, mais c&rsquo;est l\u00e0 d\u00e9passer le stade humain proprement dit pour r\u00e9aliser <em>l\u2019au-del\u00e0 de l&rsquo;homme<\/em>. Et ce n&rsquo;est pas \u00e0 cela pr\u00e9cis\u00e9ment que tendent nos existentialistes. Mais n&rsquo;anticipons pas.<\/p>\n<p class=\"\\&quot;msonormal\\&quot;\" style=\"text-align: justify;\">La juste mise en garde de Krishnamurti contre les dangers de la m\u00e9moire, mise en garde justifi\u00e9e, je le r\u00e9p\u00e8te, du point de vue o\u00f9 il se place, n&rsquo;implique donc nullement, de sa part, une condamnation g\u00e9n\u00e9ralis\u00e9e de la facult\u00e9, mais seulement le mauvais usage que nous en faisons. Il ne nous faut pas donner \u00e0 ses paroles de condamnation un sens extensif qu&rsquo;elles ne comportent pas.<\/p>\n<p class=\"\\&quot;msonormal\\&quot;\" style=\"text-align: justify;\">Il y a plusieurs formes de la m\u00e9moire, et des significations du mot fort diff\u00e9rentes aussi. C&rsquo;est ainsi que les Hindous nous parlent de la m\u00e9moire de la Nature qu&rsquo;ils nomment \u00ab Akasha \u00bb. Il est curieux que certains penseurs et po\u00e8tes occidentaux en aient eux aussi le pressentiment. <em>G\u00e9rard de Nerval<\/em> a eu la claire intuition de cette r\u00e9alit\u00e9 prodigieuse, la m\u00e9moire de la Nature, o\u00f9 l&rsquo;avenir nous donnera acc\u00e8s et qui conserverait inscrite dans ses archives ind\u00e9l\u00e9biles toute l&rsquo;histoire de notre terre et les moindres \u00e9v\u00e8nements du pass\u00e9. Il s&rsquo;agirait l\u00e0 d&rsquo;une facult\u00e9 cosmique et non humaine. Sans aller aussi loin, un homme de science, <em>Charles Richet<\/em>, reconna\u00eet ce caract\u00e8re ind\u00e9l\u00e9bile \u00e0 la m\u00e9moire personnelle de l&rsquo;homme. Il \u00e9crit : \u00ab La m\u00e9moire est une facult\u00e9 implacable de notre intelligence, car aucune de nos perceptions n&rsquo;est jamais oubli\u00e9e. D\u00e8s qu&rsquo;un fait a frapp\u00e9 nos sens, alors, d&rsquo;une mani\u00e8re irr\u00e9m\u00e9diable il se fixe dans la m\u00e9moire. Peu importe que nous ayons gard\u00e9 la conscience de ce souvenir, il existe et est ind\u00e9l\u00e9bile \u00bb.<\/p>\n<p class=\"\\&quot;msonormal\\&quot;\" style=\"text-align: justify;\">En g\u00e9n\u00e9ral, les esprits occidentaux consid\u00e8rent la m\u00e9moire comme une facult\u00e9 appartenant en exclusivit\u00e9 aux \u00eatres vivants, et se rapportant seulement aux souvenirs de leur vie pr\u00e9sente. Mais n&rsquo;y aurait-il pas en l&rsquo;homme m\u00eame possibilit\u00e9 d&rsquo;une autre forme de m\u00e9moire ? Quand une personne humaine se souvient ou croit se souvenir d&rsquo;un \u00e9pisode v\u00e9cu dans une vie ant\u00e9rieure, ou qu&rsquo;un \u00e9clair d&rsquo;intuition projette en elle quelque lumi\u00e8re sur une v\u00e9rit\u00e9 d&rsquo;ordre scientifique ou m\u00e9taphysique qui \u00e9chappe \u00e0 sa raison raisonnante, comme lui faut-il alors appr\u00e9cier ce ph\u00e9nom\u00e8ne ? Dans bien des cas, il est permis de croire qu&rsquo;il ne s&rsquo;agit l\u00e0 que d&rsquo;un \u00e9cart de son imagination, d&rsquo;une pure invention. Mais dans d&rsquo;autres cas, plus rares, o\u00f9 l&rsquo;extr\u00eame lucidit\u00e9 ou une exp\u00e9rience ult\u00e9rieure viendraient en confirmer l&rsquo;authenticit\u00e9, on est bien forc\u00e9 d&rsquo;\u00e9carter l&rsquo;hypoth\u00e8se d&rsquo;une simple imagination pour y voir \u00e9galement un ph\u00e9nom\u00e8ne de m\u00e9moire, mais de m\u00e9moire plus profonde, transcendante en quelque sorte, enfouie dans notre inconscient sup\u00e9rieur et qui se r\u00e9veille brusquement, faisant irruption dans notre conscience. Il convient alors de lui r\u00e9server aussi un autre nom, celui de <em>r\u00e9miniscence<\/em>. C&rsquo;est \u00e0 cette m\u00e9moire profonde, latente en nous, que <em>Platon<\/em> faisait allusion lorsqu&rsquo;il disait : \u00ab Apprendre, c&rsquo;est se ressouvenir \u00bb.<\/p>\n<p class=\"\\&quot;msonormal\\&quot;\" style=\"text-align: justify;\">Loin de condamner donc la m\u00e9moire, c&rsquo;est bien plut\u00f4t l&rsquo;oubli qu&rsquo;il conviendrait d&rsquo;incriminer aujourd&rsquo;hui dans le c\u0153ur des hommes, comme \u00e9tant le danger le plus \u00e0 craindre, le plus \u00e0 \u00e9viter de leur part. Il est en effet le plus courant autour de nous, \u00e0 en juger par la fragilit\u00e9 de nos amours terrestres, \u00e9ph\u00e9m\u00e8res et changeantes et la raret\u00e9 exceptionnelle de nos affections profondes et durables ! En fait, la dur\u00e9e de nos affections terrestres est conditionn\u00e9e par la profondeur de leurs racines en nous, autrement dit par le niveau bas ou \u00e9lev\u00e9 de nous-m\u00eame o\u00f9 nous avons pos\u00e9 leurs assises. Mais ici aussi n&rsquo;y a-t-il pas quelque \u00e9quivoque, quelque contradiction m\u00eame, en apparence, dans les divers enseignements spirituels dont nous avons enregistr\u00e9 les \u00e9chos ?<\/p>\n<p class=\"\\&quot;msonormal\\&quot;\" style=\"text-align: justify;\">Si, d&rsquo;une part, on nous assure que l&rsquo;amour vrai est \u00e9ternel, que nos affections profondes, d\u00e9sint\u00e9ress\u00e9es, pour les \u00eatres que nous avons connus et aim\u00e9s dans la chair, sont inscrites dans le ciel et ne sont pas affect\u00e9es par la mort, ne nous enseigne-t-on pas, d&rsquo;autre part, que nos affections particuli\u00e8res doivent s&rsquo;effacer dans l&rsquo;amour universel, que notre amour pr\u00e9f\u00e9rentiel doit s&rsquo;\u00e9tendre \u00e0 tous les \u00eatres, ou plut\u00f4t s&rsquo;\u00e9teindre, se perdre, dans une Unit\u00e9 insondable o\u00f9 se confondraient, s&rsquo;annihileraient toutes les diff\u00e9rences individuelles, toutes nos pr\u00e9f\u00e9rences personnelles ?<\/p>\n<p class=\"\\&quot;msonormal\\&quot;\" style=\"text-align: justify;\"><span>Mais cet amour universel, comment alors le concevoir ? Ainsi que le disait M. Bangerter dans un excellent article sur Teilhard de Chardin<\/span><a name=\"\\&quot;_ftnref1\\&quot;\"><\/a><span> : \u00ab Aimer avec le sentiment r\u00e9el et profond de parent\u00e9 dans l&rsquo;Unit\u00e9, ce n&rsquo;est pas aimer tout le monde pour finalement n&rsquo;aimer personne \u00bb. Tel est en effet l&rsquo;\u00e9cueil \u00e0 \u00e9viter : un amour vague, incolore, g\u00e9n\u00e9ralis\u00e9, indiff\u00e9renci\u00e9 qui, finalement, ne s&rsquo;applique plus \u00e0 personne : un amour abstrait, sans vert\u00e8bres, ni en ce monde, ni ailleurs. Aimer l&rsquo;humanit\u00e9, ce n&rsquo;est pas aimer une abstraction, c&rsquo;est aimer les hommes, et pas seulement aimer ceux qui nous sont sympathiques \u2014 quel m\u00e9rite y a-t-il \u00e0 cela ? \u2014 mais les autres.<\/span><\/p>\n<p class=\"\\&quot;msonormal\\&quot;\" style=\"text-align: justify;\">Pour moi, ce \u00ab sentiment r\u00e9el et profond de parent\u00e9 dans l&rsquo;Unit\u00e9 \u00bb comporte au sommet, et dans sa plus haute expression, le myst\u00e8re de la \u00ab Communion des Saints \u00bb, o\u00f9 chacun est ce qu&rsquo;il est devenu, et o\u00f9 les rapports \u00e9tablis entre tous \u00e0 ce niveau exalt\u00e9, demeurent dans l&rsquo;Unit\u00e9 et \u00e0 son service. \u2014 Et pourtant ? N&rsquo;est-ce pas une illusion ?<\/p>\n<p class=\"\\&quot;msonormal\\&quot;\" style=\"text-align: justify;\">Ne nous est-il pas dit en effet que c&rsquo;est seulement dans la solitude que l&rsquo;on peut communier avec le R\u00e9el supr\u00eame, par identification avec Lui ? \u00ab Seul le solitaire peut communier avec ce qui est sans cause et ne peut se mesurer \u00bb, nous dit Krishnamurti.<\/p>\n<p class=\"\\&quot;msonormal\\&quot;\" style=\"text-align: justify;\">Et J\u00e9sus ne nous a-t-il pas enseign\u00e9 pareillement qu&rsquo;il nous fallait quitter ses parents et amis pour aller \u00e0 Dieu ?<\/p>\n<p class=\"\\&quot;msonormal\\&quot;\" style=\"text-align: justify;\">Telle est donc la loi : pour atteindre ce but supr\u00eame, il nous faut transcender toutes nos affections particuli\u00e8res. Mais transcender nos affections, ce n&rsquo;est ni les renier, ni les oublier. Et ceci demeurerait donc le r\u00f4le exalt\u00e9 de la m\u00e9moire l\u00e0 o\u00f9 tout est aboli, l&rsquo;Eternel Pr\u00e9sent !<\/p>\n<p class=\"\\&quot;msonormal\\&quot;\" style=\"text-align: justify;\">Mais n&rsquo;y a-t-il pas ici contradiction ?<\/p>\n<p class=\"\\&quot;msonormal\\&quot;\" style=\"text-align: justify;\">Pourquoi le feu de l&rsquo;Amour divin transformerait-il la nature d\u00e9bile des hommes que nous sommes en ces torches \u00e9clairantes et br\u00fblantes d&rsquo;amour pour leurs fr\u00e8res, si le destin de ceux-ci est de dispara\u00eetre compl\u00e8tement dans ce qui n&rsquo;est plus rien d&rsquo;autre que l&rsquo;Absolu ineffable ?<\/p>\n<p class=\"\\&quot;msonormal\\&quot;\" style=\"text-align: justify;\"><span>Tel est donc le plus grand probl\u00e8me que pose cette alternative, dont les termes semblent s&rsquo;exclure : \u00ab <\/span><span><em>Tout<\/em><\/span><span> est-il aboli, ou <\/span><span><em>rien<\/em><\/span><span> n&rsquo;est-il aboli, lorsque le supr\u00eame est atteint ? \u00bb.<\/span><\/p>\n<p class=\"\\&quot;msonormal\\&quot;\" style=\"text-align: justify;\"><span>II.<\/span><span> <\/span>\u2014 <span><em>LA MEMOIRE S&rsquo;\u00c9TEINT-ELLE A LA MORT ?<\/em><\/span><\/p>\n<p class=\"\\&quot;msonormal\\&quot;\" style=\"text-align: justify;\">\n<p class=\"\\&quot;msonormal\\&quot;\" style=\"text-align: justify;\">Nous avons vu qu&rsquo;il y avait en l&rsquo;homme vivant une m\u00e9moire active (la conscience) et une m\u00e9moire latente (sub et super-conscience).<\/p>\n<p class=\"\\&quot;msonormal\\&quot;\" style=\"text-align: justify;\">Mais qu&rsquo;advient-il de cette double m\u00e9moire apr\u00e8s la mort de l&rsquo;homme ? Si, ainsi que le disent les sages, il existe aussi une <em>m\u00e9moire de la nature<\/em> o\u00f9 toute chose demeurerait ineffa\u00e7ablement inscrite, il en r\u00e9sulterait comme corollaire que rien de ce qui a \u00e9t\u00e9, ni de ce qui est, n&rsquo;est jamais perdu, ni ne peut se perdre. Mais qui per\u00e7oit alors cette m\u00e9moire, qui peut r\u00e9colter ces souvenirs du pass\u00e9, si, apr\u00e8s sa mort, rien ne persiste de la personnalit\u00e9 \u00e9teinte dans l&rsquo;Absolu divin ?<\/p>\n<p class=\"\\&quot;msonormal\\&quot;\" style=\"text-align: justify;\">Sans doute, il nous a de tout temps \u00e9t\u00e9 enseign\u00e9 qu&rsquo;il subsistait de nous un \u00ab moi psychique \u00bb qui survit \u00e0 la mort de notre corps physique et que l&rsquo;on appelle, \u00e0 tort, le \u00ab moi r\u00e9incarnateur \u00bb. Ce moi qui vit dans ces \u00e9tats subjectifs et temporaires que les religions ont nomm\u00e9 purgatoire, ciel et enfer, se souvient, lui, du pass\u00e9 bon ou mauvais de sa personnalit\u00e9<br \/>\nd\u00e9funte.<\/p>\n<p class=\"\\&quot;msonormal\\&quot;\" style=\"text-align: justify;\">Mais qu&rsquo;en est-il de l&rsquo;homme lib\u00e9r\u00e9, de l&rsquo;homme qui a d\u00e9pass\u00e9 ce stade, transcend\u00e9 son \u00ab moi psychique \u00bb, le moi d&rsquo;une personne humaine ? Y a-t-il encore pour lui dans la Supr\u00eame R\u00e9alit\u00e9 qu&rsquo;il a atteinte ce qu&rsquo;on peut appeler une individualit\u00e9 spirituelle qui se souvient ?<\/p>\n<p class=\"\\&quot;msonormal\\&quot;\" style=\"text-align: justify;\">Peut-\u00eatre, nous dira-t-on que c&rsquo;est l\u00e0 un pseudo-probl\u00e8me, insoluble \u00e0 nos esprits. Essayons tout de m\u00eame de le cerner, d&rsquo;apr\u00e8s l&rsquo;enseignement des grands Sages. Et peut-\u00eatre verrons-nous aussi que ce probl\u00e8me de survivance se confond en r\u00e9alit\u00e9 avec le probl\u00e8me de l&rsquo;Amour.<\/p>\n<p class=\"\\&quot;msonormal\\&quot;\" style=\"text-align: justify;\">Il est un point Om\u00e9ga, pour employer le langage du P\u00e8re Teilhard de Chardin, o\u00f9 se rencontrent, en pr\u00e9curseurs, les grands mystiques de tous les temps, de toutes les confessions. Qu&rsquo;il s&rsquo;agisse de l&rsquo;unification en Dieu pour le Chr\u00e9tien, de la lib\u00e9ration en \u00ab Nirv\u00e2na \u00bb pour le Bouddhiste, de l&rsquo;identification avec le Brahman pour le Jivanmukti Hindou, de l&rsquo;union avec Allah pour le \u00ab Soufi \u00bb Musulman, toujours pour celui qui a atteint, ou r\u00e9alis\u00e9 en soi, le Supr\u00eame, plus rien d&rsquo;autre n&rsquo;existe, autrement dit tout s&rsquo;efface comme illusoire, semble absorb\u00e9 dans cette R\u00e9alit\u00e9 unique et ineffable. L\u00e0 seulement r\u00e9siderait donc le v\u00e9ritable Amour dans le <em>Sein unique de l&rsquo;Absolu de tous<\/em>. Il semble donc qu&rsquo;\u00e0 ce stade ultime, \u00e0 ce niveau lib\u00e9rateur, toute individualit\u00e9 spirituelle ait disparu, que la \u00ab Communion des Saints \u00bb elle-m\u00eame, cesse d&rsquo;\u00eatre, d&rsquo;exister, comme fondue en quelque sorte en cet infini, directement per\u00e7u et atteint de l&rsquo;Unit\u00e9. D\u00e8s lors, le tout manifest\u00e9 de l&rsquo;Univers visible et invisible, ne serait plus lui-m\u00eame, aux yeux du lib\u00e9r\u00e9, que \u00ab Maya \u00bb le mirage, l&rsquo;irr\u00e9el, et celui qui le per\u00e7oit encore comme r\u00e9el serait la victime d&rsquo;une illusion aveugle. C&rsquo;est la doctrine de l&rsquo;Adva\u00efta Vedanta de \u00c7ankara.<\/p>\n<p class=\"\\&quot;msonormal\\&quot;\" style=\"text-align: justify;\">Cette absorption totale dans l&rsquo;Unit\u00e9 aurait-elle donc <em>r\u00e9ellement<\/em> pour effet de d\u00e9truire, d&rsquo;annihiler, toute individualit\u00e9 spirituelle ?<\/p>\n<p class=\"\\&quot;msonormal\\&quot;\" style=\"text-align: justify;\">Un texte sacr\u00e9 de l&rsquo;Inde attribue au Supr\u00eame cette parole significative, pr\u00e9figurant la cr\u00e9ation, et d\u00e9finissant en m\u00eame temps sa nature : \u00ab Je me multiplierai&#8230; \u00bb, dit le Cr\u00e9ateur. Ceci implique en effet l&rsquo;identit\u00e9 de cette multiplication \u2014 \u00a0la cr\u00e9ation \u2014 avec Lui-m\u00eame.<\/p>\n<p class=\"\\&quot;msonormal\\&quot;\" style=\"text-align: justify;\"><span>D&rsquo;autre part, Krishnamurti nous redit aujourd&rsquo;hui une v\u00e9rit\u00e9 pareille : \u00ab La Supr\u00eame R\u00e9alit\u00e9 est \u00e0 la fois Unit\u00e9 et Multiplicit\u00e9 \u00bb, Qu&rsquo;est-ce \u00e0 dire, sinon que l&rsquo;Etre comporte dans sa propre nature ce double aspect <\/span><span><em>pareillement r\u00e9el<\/em><\/span><span>, l&rsquo;Unit\u00e9 absolue, d&rsquo;une part ; la multiplicit\u00e9 du tout manifest\u00e9, de l&rsquo;autre, soit donc l&rsquo;Univers temporel, lui-m\u00eame consid\u00e9r\u00e9 comme sa \u00ab Maya \u00bb<\/span><a name=\"\\&quot;_ftnref2\\&quot;\"><\/a><span>.<\/span><\/p>\n<p class=\"\\&quot;msonormal\\&quot;\" style=\"text-align: justify;\">En cons\u00e9quence, rien de ce qui existe n&rsquo;est <em>\u00e9tranger<\/em> \u00e0 l&rsquo;Etre, mais tout s&rsquo;y m\u00e9tamorphose, \u00e9volue dans des formes \u00e9ph\u00e9m\u00e8res, \u00e9volution qui s&rsquo;op\u00e8re dans la joie ou la douleur, selon que ces formes se comportent en harmonie ou en d\u00e9sharmonie avec leur devenir divin, l&rsquo;Unit\u00e9. Le Devenir, l&rsquo;Eternel changement, est donc corr\u00e9latif et ins\u00e9parable de l&rsquo;Eternel statique, l&rsquo;Unit\u00e9. Si l&rsquo;Unit\u00e9 est Dieu, l&rsquo;Univers avec tout ce qu&rsquo;il renferme, l&rsquo;est au m\u00eame titre. Rien n&rsquo;est jamais perdu : tout est dans tout.<\/p>\n<p class=\"\\&quot;msonormal\\&quot;\" style=\"text-align: justify;\"><span>Il peut para\u00eetre trivial de vouloir objectiver un tel myst\u00e8re par l&rsquo;analogie pu\u00e9rile et grossi\u00e8re de quelque image terrestre. Toute m\u00e9daille a son avers et son revers. Si nous mettons \u00e0 l&rsquo;avers de cette m\u00e9daille l&rsquo;Absolu, l&rsquo;insondable Unit\u00e9, et, \u00e0 son revers, l&rsquo;innombrable multiplicit\u00e9 des \u00eatres et des choses, il n&rsquo;est pourtant toujours qu&rsquo;une seule et m\u00eame m\u00e9daille, soit <\/span><span><em>l&rsquo;int\u00e9gralit\u00e9 de l&rsquo;Etre<\/em><\/span><span> en d\u00e9pit de l&rsquo;opposition de ses aspects. Si donc nous passons sur l&rsquo;avers de cette m\u00e9daille \u2014 ce qui constitue la lib\u00e9ration \u2014 nous ne voyons plus alors que l&rsquo;Unit\u00e9, tout le reste s&rsquo;efface, dispara\u00eet \u00e0 nos yeux \u2014 et nous avons ici pour l&rsquo;affirmer le t\u00e9moignage unanime de tous les grands voyants<\/span><a name=\"\\&quot;_ftnref3\\&quot;\"><\/a><span> \u2014. Mais si nous repassons la ligne de d\u00e9marcation, tout repara\u00eet aussit\u00f4t, et nous retrouvons alors int\u00e9gralement la m\u00e9moire de tout ce qui nous a men\u00e9s au but. Tels sont donc les deux aspects \u00e0 jamais ins\u00e9parables de l&rsquo;\u00catre, l&rsquo;aspir et l&rsquo;expir, ou les jours et les nuits, de Brahman, le grand rythme \u00e9ternel de la Vie divine \u2014 Manvantaras et Pralayas. Tel est le R\u00e9el et l&rsquo;immortalit\u00e9 du v\u00e9ritable Amour sous tous ses aspects, synth\u00e8se de l&rsquo;Etre, o\u00f9 rien ni personne n&rsquo;est jamais perdu, si a fortiori nos individualit\u00e9s spirituelles, modalit\u00e9s potentielles de l&rsquo;Unique et reposant \u00e9ternellement dans son sein.<\/span><\/p>\n<p class=\"\\&quot;msonormal\\&quot;\" style=\"text-align: justify;\"><span>Mais encore, dira-t-on, si telle est la lib\u00e9ration, que devient la m\u00e9moire dans le cas de l&rsquo;homme lib\u00e9r\u00e9, c&rsquo;est-\u00e0-dire pour l&rsquo;individualit\u00e9 spirituelle qui a d\u00e9pass\u00e9 le stade r\u00e9incarnateur, qui a transcend\u00e9 toutes ces personnalit\u00e9s successives qu&rsquo;il a anim\u00e9es au cours des \u00e2ges, avant de pouvoir s&rsquo;int\u00e9grer au Supr\u00eame ? Je l&rsquo;ai dit, la m\u00e9moire demeure potentielle en lui. De m\u00eame que durant sa vie terrestre nous trouvons en l&rsquo;homme ordinaire une m\u00e9moire active et une m\u00e9moire latente, ainsi que nous l&rsquo;avons vu, ainsi existe-t-il aussi pour le lib\u00e9r\u00e9 une m\u00e9moire que nous pourrions appeler latente, car elle comporte une possibilit\u00e9 de ressouvenance de tout ce pass\u00e9 prodigieux qui l&rsquo;a men\u00e9 \u00e0 son \u00e9tat pr\u00e9sent, et d&rsquo;autre part, non plus une m\u00e9moire active mais une force active, une force potentielle de cr\u00e9ation, proportionn\u00e9e au niveau exalt\u00e9 de perfection o\u00f9 son long pass\u00e9 l&rsquo;a men\u00e9, dans le rayon sp\u00e9cifique de lumi\u00e8re qui est le sien. Telles sont les hi\u00e9rarchies c\u00e9lestes, les hi\u00e9rarchies cr\u00e9atrices, dont nous parlent toutes les religions<\/span><a name=\"\\&quot;_ftnref4\\&quot;\"><\/a><span>.<\/span><\/p>\n<p class=\"\\&quot;msonormal\\&quot;\" style=\"text-align: justify;\">Au terme de cet expos\u00e9, que conclure ? J&rsquo;ai dit le r\u00f4le de la m\u00e9moire, durant la vie et apr\u00e8s la mort, r\u00f4le qui lui est assign\u00e9 en vue du but final qui est la lib\u00e9ration. Mais ce terme de but implique une \u00e9quivoque. Il semble en effet que l&rsquo;on doive y tendre par la volont\u00e9 et l&rsquo;effort. Or, y appliquer notre volont\u00e9, faire cet effort pour y atteindre, ne peut nous y mener. La croissance de l&rsquo;homme doit \u00eatre d\u00e9sint\u00e9ress\u00e9e, s&rsquo;op\u00e9rer sans effort : l&rsquo;homme doit tendre \u00e0 sa fin, \u00ab comme la fleur s&rsquo;\u00e9panouit au soleil \u00bb, nous dit Krishnamurti. D\u00e8s lors, agir en vue d&rsquo;atteindre le but supr\u00eame, poursuivre volontairement, avec pers\u00e9v\u00e9rance, cet \u00e9tat surhumain nomm\u00e9 lib\u00e9ration, serait agir en fonction d&rsquo;un mobile int\u00e9ress\u00e9 de salut personnel qui nous \u00e9loignerait du but au lieu de nous en rapprocher. D\u00e8s lors aussi, rechercher avidement l&rsquo;avenir m\u00e9taphysique qui nous attend apr\u00e8s la mort, aspirer, faire des efforts, pour s&rsquo;\u00e9lever, se lib\u00e9rer des liens du pass\u00e9, entretenus en nous par la m\u00e9moire, c&rsquo;est en fait demeurer asservi \u00e0 un \u00e9go\u00efsme personnel qui consciemment ou inconsciemment nous aveugle et nous illusionne sur le vrai niveau spirituel que nous avons atteint. Un tel comportement ne peut \u00eatre confondu avec le devoir v\u00e9ritable de l&rsquo;homme dans la vie. Mais alors quel est ce devoir ?<\/p>\n<p class=\"\\&quot;msonormal\\&quot;\" style=\"text-align: justify;\">Tous les grands Instructeurs de l&rsquo;Humanit\u00e9 nous ont dit qu&rsquo;il n&rsquo;\u00e9tait qu&rsquo;une seule voie de lib\u00e9ration pour l&rsquo;homme la voie \u00e9troite, le chemin court \u2014 ; cette voie, c&rsquo;est celle du sacrifice, celle de l&rsquo;oubli de soi-m\u00eame dans l&rsquo;action altruiste. Agir par int\u00e9r\u00eat personnel, si \u00e9lev\u00e9 que soit cet int\u00e9r\u00eat, comme celui de sauver son \u00e2me \u2014 ou m\u00eame agir par crainte, si justifi\u00e9e que soit cette crainte, comme celle du p\u00e9ril atomique par exemple, ou de l&rsquo;enfer \u00e9ternel, pour ceux qui y croient \u2014, c&rsquo;est toujours agir pour soi, \u00eatre centr\u00e9 sur soi-m\u00eame, se tenir sur le plan de l&rsquo;\u00e9go\u00efsme.<\/p>\n<p class=\"\\&quot;msonormal\\&quot;\" style=\"text-align: justify;\">Le Christ de l&rsquo;Evangile, qui se d\u00e9fendait d&rsquo;\u00eatre Dieu mais se proclamait l&rsquo;envoy\u00e9 de Dieu, le \u00ab fils de Dieu \u00bb au sens figur\u00e9 (et non Dieu-le-Fils, au sens th\u00e9ologique, comme l&rsquo;a fait le Concile de Nic\u00e9e), enseignait que l&rsquo;amour des hommes \u00e9tait ins\u00e9parable de l&rsquo;Amour de Dieu. Il semble d\u00e8s lors que le plus haut devoir de chacun dans la vie, apr\u00e8s l&rsquo;hommage rendu au Supr\u00eame, soit de soulager les mis\u00e8res d&rsquo;autrui, sans songer \u00e0 soi-m\u00eame. Et ce devoir s&rsquo;impose d&rsquo;autant plus que l&rsquo;humanit\u00e9 a \u00e0 faire face aujourd&rsquo;hui au probl\u00e8me le plus grave, le plus crucial de tous les temps, probl\u00e8me qui s&rsquo;impose \u00e0 tous et \u00e0 chacun, que nul ne peut ignorer car il prime, en ce temps, tous les autres probl\u00e8mes, celui de la <em>faim<\/em> dans le monde. Il est effroyable de penser qu&rsquo;alors qu&rsquo;un petit nombre est gav\u00e9 de nourriture et jouit de tous les conforts et biens de ce monde, la moiti\u00e9 (ou les trois quarts) de l&rsquo;humanit\u00e9 manque de tout, est sous-aliment\u00e9e ou meurt de faim, litt\u00e9ralement. Est-ce alors le temps de se contenter seulement de philosophie ou de prier, le c\u0153ur tranquille, bien \u00e0 l&rsquo;aise et \u00e0 l&rsquo;abri des remords et du besoin ?<\/p>\n<p class=\"\\&quot;msonormal\\&quot;\" style=\"text-align: justify;\">X. D&rsquo;UDEKEM D&rsquo;ACOZ. (Pierre d&rsquo;Angkor)<\/p>\n<p style=\"text-align: justify;\">\n<hr style=\"text-align: justify;\" \/>\n<div id=\"\\&quot;ftn1\\&quot;\" style=\"text-align: justify;\">\n<p><a name=\"\\&quot;_ftn1\\&quot;\"><\/a> <span>Revue \u00ab Etre Libre \u00bb, oct.-nov. 1962, 20, rue \tP\u00e8re-Dedeken, Bruxelles 4.<\/span><\/p>\n<\/div>\n<div id=\"\\&quot;ftn2\\&quot;\" style=\"text-align: justify;\">\n<p class=\"\\&quot;msonormal\\&quot;\"><a name=\"\\&quot;_ftn2\\&quot;\"><\/a> <span><span>Dans la conception de l&rsquo;Inde \tantique, \u00ab Maya \u00bb, la Vierge immacul\u00e9e, qui engendre les \tapparences temporelles du Monde consid\u00e9r\u00e9 comme son fils, pr\u00e9sente \tce double caract\u00e8re. D&rsquo;une part, en tant que volont\u00e9 cr\u00e9atrice de \tl&rsquo;Esprit, elle est \u00ab Mahavidya \u00bb, la Sagesse supr\u00eame \t(personnifi\u00e9e chez les Grecs, par \u00ab Ath\u00e9n\u00ea \u00bb, sortant toute \tcasqu\u00e9e du cerveau de Jupiter), d&rsquo;autre part, en tant que s\u00e9par\u00e9e \tde son Cr\u00e9ateur, elle est \u00ab Mahamaya \u00bb, la Supr\u00eame illusion.<\/span><\/span><\/p>\n<\/div>\n<div id=\"\\&quot;ftn3\\&quot;\" style=\"text-align: justify;\">\n<p><a name=\"\\&quot;_ftn3\\&quot;\"><\/a> <span>\u00ab Je suis moi-m\u00eame Eternit\u00e9 quand j&rsquo;abandonne \tle temps \u00bb, a dit un grand mystique, Angelus Sil\u00e9sius, le ma\u00eetre \tspirituel de Spinoza. (Citation par Louis Maire, pr\u00e9sident des \tXVII<\/span><sup><span>e<\/span><\/sup><span> rencontres internationales de Gen\u00e8ve).<\/span><\/p>\n<\/div>\n<p style=\"text-align: justify;\"><a name=\"\\&quot;_ftn4\\&quot;\"><\/a> <span>\u00ab En r\u00e9alit\u00e9 \u00bb, \u00e9crit Suzanne Engelson, \u00ab l&rsquo;humanit\u00e9 avec ses morts, bien plus nombreux que ses vivants, est une, et tenter de renier le pass\u00e9 parait aussi vain que vouloir briser les perspectives de l&rsquo;avenir \u00bb. (Revue <\/span><span><em>Synth\u00e8ses<\/em><\/span><span>, mars 1963.)<\/span><\/p>\n","protected":false},"excerpt":{"rendered":"<p>Parmi les V\u00e9rit\u00e9s que nous propose Krishnamurti, il en est une qui, si elle nous semble juste du point de vue qu&rsquo;il nous dit, pr\u00e9sente apparemment quelque \u00e9quivoque si, l&rsquo;\u00e9tendant au-del\u00e0 du bon sens restreint qu&rsquo;il lui assigne, nous voulions lui donner une port\u00e9e absolue. Krishnamurti incrimine notre m\u00e9moire en tant que formatrice de notre mentalit\u00e9 et qui, \u00e0 ce titre, d\u00e9forme souvent notre jugement en l&#8217;emp\u00eachant de nous prononcer avec un esprit libre sur les probl\u00e8mes toujours nouveaux avec lesquels la vie nous confronte journellement. C&rsquo;est l\u00e0 un \u00e9cueil sur lequel nous butons tous en effet, en raison de notre \u00e9ducation m\u00eame qui nous a rendus prisonniers des conventions familiales et sociales au sein desquelles nous vivons et qui d\u00e9forment nos jugements. Ce serait une grave erreur toutefois d&rsquo;en conclure que la m\u00e9moire est une facult\u00e9 inutile et dangereuse : car la m\u00e9moire n&rsquo;est pas le jugement et c&rsquo;est le jugement qui doit pr\u00e9cis\u00e9ment nous permettre de r\u00e9agir, contre cette pr\u00e9formation ou cette d\u00e9formation que la m\u00e9moire du pass\u00e9 tend \u00e0 faire pr\u00e9valoir dans nos jugements du pr\u00e9sent. Cette d\u00e9formation existe, et, de ce point de vue, la m\u00e9moire appara\u00eet r\u00e9ellement comme un obstacle possible \u00e0 une juste perception de la V\u00e9rit\u00e9.<\/p>\n","protected":false},"author":1,"featured_media":0,"comment_status":"open","ping_status":"open","sticky":false,"template":"","format":"standard","meta":{"footnotes":""},"categories":[64],"tags":[198,6,117,18],"class_list":["post-314","post","type-post","status-publish","format-standard","hentry","category-p-dangkor","tag-akasha","tag-krishnamurti","tag-memoire","tag-reincarnation"],"yoast_head":"<!-- This site is optimized with the Yoast SEO plugin v27.0 - https:\/\/yoast.com\/product\/yoast-seo-wordpress\/ -->\n<title>La m\u00e9moire et le devenir spirituel de l&#039;homme par Pierre d&#039;Angkor - 3e mill\u00e9naire - Spiritualit\u00e9 - Connaissance de soi - Non-dualit\u00e9 - M\u00e9ditation<\/title>\n<meta name=\"robots\" content=\"index, follow, max-snippet:-1, max-image-preview:large, max-video-preview:-1\" \/>\n<link rel=\"canonical\" href=\"https:\/\/www.revue3emillenaire.com\/blog\/la-mmoire-et-le-devenir-spirituel-de-lhomme-par-pierre-dangkor\/\" \/>\n<meta property=\"og:locale\" content=\"fr_FR\" \/>\n<meta property=\"og:type\" content=\"article\" \/>\n<meta property=\"og:title\" content=\"La m\u00e9moire et le devenir spirituel de l&#039;homme par Pierre d&#039;Angkor - 3e mill\u00e9naire - Spiritualit\u00e9 - Connaissance de soi - Non-dualit\u00e9 - M\u00e9ditation\" \/>\n<meta property=\"og:description\" content=\"Parmi les V\u00e9rit\u00e9s que nous propose Krishnamurti, il en est une qui, si elle nous semble juste du point de vue qu&#039;il nous dit, pr\u00e9sente apparemment quelque \u00e9quivoque si, l&#039;\u00e9tendant au-del\u00e0 du bon sens restreint qu&#039;il lui assigne, nous voulions lui donner une port\u00e9e absolue. Krishnamurti incrimine notre m\u00e9moire en tant que formatrice de notre mentalit\u00e9 et qui, \u00e0 ce titre, d\u00e9forme souvent notre jugement en l&#039;emp\u00eachant de nous prononcer avec un esprit libre sur les probl\u00e8mes toujours nouveaux avec lesquels la vie nous confronte journellement. C&#039;est l\u00e0 un \u00e9cueil sur lequel nous butons tous en effet, en raison de notre \u00e9ducation m\u00eame qui nous a rendus prisonniers des conventions familiales et sociales au sein desquelles nous vivons et qui d\u00e9forment nos jugements. Ce serait une grave erreur toutefois d&#039;en conclure que la m\u00e9moire est une facult\u00e9 inutile et dangereuse : car la m\u00e9moire n&#039;est pas le jugement et c&#039;est le jugement qui doit pr\u00e9cis\u00e9ment nous permettre de r\u00e9agir, contre cette pr\u00e9formation ou cette d\u00e9formation que la m\u00e9moire du pass\u00e9 tend \u00e0 faire pr\u00e9valoir dans nos jugements du pr\u00e9sent. Cette d\u00e9formation existe, et, de ce point de vue, la m\u00e9moire appara\u00eet r\u00e9ellement comme un obstacle possible \u00e0 une juste perception de la V\u00e9rit\u00e9.\" \/>\n<meta property=\"og:url\" content=\"https:\/\/www.revue3emillenaire.com\/blog\/la-mmoire-et-le-devenir-spirituel-de-lhomme-par-pierre-dangkor\/\" \/>\n<meta property=\"og:site_name\" content=\"3e mill\u00e9naire - Spiritualit\u00e9 - Connaissance de soi - Non-dualit\u00e9 - M\u00e9ditation\" \/>\n<meta property=\"article:published_time\" content=\"2009-04-13T00:00:00+00:00\" \/>\n<meta property=\"article:modified_time\" content=\"2011-09-21T02:32:17+00:00\" \/>\n<meta name=\"author\" content=\"3e mill\u00e9naire\" \/>\n<meta name=\"twitter:card\" content=\"summary_large_image\" \/>\n<meta name=\"twitter:label1\" content=\"\u00c9crit par\" \/>\n\t<meta name=\"twitter:data1\" content=\"3e mill\u00e9naire\" \/>\n\t<meta name=\"twitter:label2\" content=\"Dur\u00e9e de lecture estim\u00e9e\" \/>\n\t<meta name=\"twitter:data2\" content=\"17 minutes\" \/>\n<script type=\"application\/ld+json\" class=\"yoast-schema-graph\">{\"@context\":\"https:\/\/schema.org\",\"@graph\":[{\"@type\":\"Article\",\"@id\":\"https:\/\/www.revue3emillenaire.com\/blog\/la-mmoire-et-le-devenir-spirituel-de-lhomme-par-pierre-dangkor\/#article\",\"isPartOf\":{\"@id\":\"https:\/\/www.revue3emillenaire.com\/blog\/la-mmoire-et-le-devenir-spirituel-de-lhomme-par-pierre-dangkor\/\"},\"author\":{\"name\":\"3e mill\u00e9naire\",\"@id\":\"https:\/\/www.revue3emillenaire.com\/blog\/#\/schema\/person\/9a3a7cc4ccaa707f402d4394327106d5\"},\"headline\":\"La m\u00e9moire et le devenir spirituel de l&rsquo;homme par Pierre d&rsquo;Angkor\",\"datePublished\":\"2009-04-13T00:00:00+00:00\",\"dateModified\":\"2011-09-21T02:32:17+00:00\",\"mainEntityOfPage\":{\"@id\":\"https:\/\/www.revue3emillenaire.com\/blog\/la-mmoire-et-le-devenir-spirituel-de-lhomme-par-pierre-dangkor\/\"},\"wordCount\":3508,\"commentCount\":0,\"keywords\":[\"Akasha\",\"Krishnamurti\",\"m\u00e9moire\",\"R\u00e9incarnation\"],\"articleSection\":[\"d'Angkor Pierre\"],\"inLanguage\":\"fr-FR\",\"potentialAction\":[{\"@type\":\"CommentAction\",\"name\":\"Comment\",\"target\":[\"https:\/\/www.revue3emillenaire.com\/blog\/la-mmoire-et-le-devenir-spirituel-de-lhomme-par-pierre-dangkor\/#respond\"]}]},{\"@type\":\"WebPage\",\"@id\":\"https:\/\/www.revue3emillenaire.com\/blog\/la-mmoire-et-le-devenir-spirituel-de-lhomme-par-pierre-dangkor\/\",\"url\":\"https:\/\/www.revue3emillenaire.com\/blog\/la-mmoire-et-le-devenir-spirituel-de-lhomme-par-pierre-dangkor\/\",\"name\":\"La m\u00e9moire et le devenir spirituel de l'homme par Pierre d'Angkor - 3e mill\u00e9naire - Spiritualit\u00e9 - Connaissance de soi - Non-dualit\u00e9 - M\u00e9ditation\",\"isPartOf\":{\"@id\":\"https:\/\/www.revue3emillenaire.com\/blog\/#website\"},\"datePublished\":\"2009-04-13T00:00:00+00:00\",\"dateModified\":\"2011-09-21T02:32:17+00:00\",\"author\":{\"@id\":\"https:\/\/www.revue3emillenaire.com\/blog\/#\/schema\/person\/9a3a7cc4ccaa707f402d4394327106d5\"},\"breadcrumb\":{\"@id\":\"https:\/\/www.revue3emillenaire.com\/blog\/la-mmoire-et-le-devenir-spirituel-de-lhomme-par-pierre-dangkor\/#breadcrumb\"},\"inLanguage\":\"fr-FR\",\"potentialAction\":[{\"@type\":\"ReadAction\",\"target\":[\"https:\/\/www.revue3emillenaire.com\/blog\/la-mmoire-et-le-devenir-spirituel-de-lhomme-par-pierre-dangkor\/\"]}]},{\"@type\":\"BreadcrumbList\",\"@id\":\"https:\/\/www.revue3emillenaire.com\/blog\/la-mmoire-et-le-devenir-spirituel-de-lhomme-par-pierre-dangkor\/#breadcrumb\",\"itemListElement\":[{\"@type\":\"ListItem\",\"position\":1,\"name\":\"Accueil\",\"item\":\"https:\/\/www.revue3emillenaire.com\/blog\/\"},{\"@type\":\"ListItem\",\"position\":2,\"name\":\"La m\u00e9moire et le devenir spirituel de l&rsquo;homme par Pierre d&rsquo;Angkor\"}]},{\"@type\":\"WebSite\",\"@id\":\"https:\/\/www.revue3emillenaire.com\/blog\/#website\",\"url\":\"https:\/\/www.revue3emillenaire.com\/blog\/\",\"name\":\"3e mill\u00e9naire - Spiritualit\u00e9 - Connaissance de soi - Non-dualit\u00e9 - M\u00e9ditation\",\"description\":\"L&#039;Homme en devenir\",\"potentialAction\":[{\"@type\":\"SearchAction\",\"target\":{\"@type\":\"EntryPoint\",\"urlTemplate\":\"https:\/\/www.revue3emillenaire.com\/blog\/?s={search_term_string}\"},\"query-input\":{\"@type\":\"PropertyValueSpecification\",\"valueRequired\":true,\"valueName\":\"search_term_string\"}}],\"inLanguage\":\"fr-FR\"},{\"@type\":\"Person\",\"@id\":\"https:\/\/www.revue3emillenaire.com\/blog\/#\/schema\/person\/9a3a7cc4ccaa707f402d4394327106d5\",\"name\":\"3e mill\u00e9naire\",\"url\":\"https:\/\/www.revue3emillenaire.com\/blog\/author\/admin\/\"}]}<\/script>\n<!-- \/ Yoast SEO plugin. -->","yoast_head_json":{"title":"La m\u00e9moire et le devenir spirituel de l'homme par Pierre d'Angkor - 3e mill\u00e9naire - Spiritualit\u00e9 - Connaissance de soi - Non-dualit\u00e9 - M\u00e9ditation","robots":{"index":"index","follow":"follow","max-snippet":"max-snippet:-1","max-image-preview":"max-image-preview:large","max-video-preview":"max-video-preview:-1"},"canonical":"https:\/\/www.revue3emillenaire.com\/blog\/la-mmoire-et-le-devenir-spirituel-de-lhomme-par-pierre-dangkor\/","og_locale":"fr_FR","og_type":"article","og_title":"La m\u00e9moire et le devenir spirituel de l'homme par Pierre d'Angkor - 3e mill\u00e9naire - Spiritualit\u00e9 - Connaissance de soi - Non-dualit\u00e9 - M\u00e9ditation","og_description":"Parmi les V\u00e9rit\u00e9s que nous propose Krishnamurti, il en est une qui, si elle nous semble juste du point de vue qu'il nous dit, pr\u00e9sente apparemment quelque \u00e9quivoque si, l'\u00e9tendant au-del\u00e0 du bon sens restreint qu'il lui assigne, nous voulions lui donner une port\u00e9e absolue. Krishnamurti incrimine notre m\u00e9moire en tant que formatrice de notre mentalit\u00e9 et qui, \u00e0 ce titre, d\u00e9forme souvent notre jugement en l'emp\u00eachant de nous prononcer avec un esprit libre sur les probl\u00e8mes toujours nouveaux avec lesquels la vie nous confronte journellement. C'est l\u00e0 un \u00e9cueil sur lequel nous butons tous en effet, en raison de notre \u00e9ducation m\u00eame qui nous a rendus prisonniers des conventions familiales et sociales au sein desquelles nous vivons et qui d\u00e9forment nos jugements. Ce serait une grave erreur toutefois d'en conclure que la m\u00e9moire est une facult\u00e9 inutile et dangereuse : car la m\u00e9moire n'est pas le jugement et c'est le jugement qui doit pr\u00e9cis\u00e9ment nous permettre de r\u00e9agir, contre cette pr\u00e9formation ou cette d\u00e9formation que la m\u00e9moire du pass\u00e9 tend \u00e0 faire pr\u00e9valoir dans nos jugements du pr\u00e9sent. Cette d\u00e9formation existe, et, de ce point de vue, la m\u00e9moire appara\u00eet r\u00e9ellement comme un obstacle possible \u00e0 une juste perception de la V\u00e9rit\u00e9.","og_url":"https:\/\/www.revue3emillenaire.com\/blog\/la-mmoire-et-le-devenir-spirituel-de-lhomme-par-pierre-dangkor\/","og_site_name":"3e mill\u00e9naire - Spiritualit\u00e9 - Connaissance de soi - Non-dualit\u00e9 - M\u00e9ditation","article_published_time":"2009-04-13T00:00:00+00:00","article_modified_time":"2011-09-21T02:32:17+00:00","author":"3e mill\u00e9naire","twitter_card":"summary_large_image","twitter_misc":{"\u00c9crit par":"3e mill\u00e9naire","Dur\u00e9e de lecture estim\u00e9e":"17 minutes"},"schema":{"@context":"https:\/\/schema.org","@graph":[{"@type":"Article","@id":"https:\/\/www.revue3emillenaire.com\/blog\/la-mmoire-et-le-devenir-spirituel-de-lhomme-par-pierre-dangkor\/#article","isPartOf":{"@id":"https:\/\/www.revue3emillenaire.com\/blog\/la-mmoire-et-le-devenir-spirituel-de-lhomme-par-pierre-dangkor\/"},"author":{"name":"3e mill\u00e9naire","@id":"https:\/\/www.revue3emillenaire.com\/blog\/#\/schema\/person\/9a3a7cc4ccaa707f402d4394327106d5"},"headline":"La m\u00e9moire et le devenir spirituel de l&rsquo;homme par Pierre d&rsquo;Angkor","datePublished":"2009-04-13T00:00:00+00:00","dateModified":"2011-09-21T02:32:17+00:00","mainEntityOfPage":{"@id":"https:\/\/www.revue3emillenaire.com\/blog\/la-mmoire-et-le-devenir-spirituel-de-lhomme-par-pierre-dangkor\/"},"wordCount":3508,"commentCount":0,"keywords":["Akasha","Krishnamurti","m\u00e9moire","R\u00e9incarnation"],"articleSection":["d'Angkor Pierre"],"inLanguage":"fr-FR","potentialAction":[{"@type":"CommentAction","name":"Comment","target":["https:\/\/www.revue3emillenaire.com\/blog\/la-mmoire-et-le-devenir-spirituel-de-lhomme-par-pierre-dangkor\/#respond"]}]},{"@type":"WebPage","@id":"https:\/\/www.revue3emillenaire.com\/blog\/la-mmoire-et-le-devenir-spirituel-de-lhomme-par-pierre-dangkor\/","url":"https:\/\/www.revue3emillenaire.com\/blog\/la-mmoire-et-le-devenir-spirituel-de-lhomme-par-pierre-dangkor\/","name":"La m\u00e9moire et le devenir spirituel de l'homme par Pierre d'Angkor - 3e mill\u00e9naire - Spiritualit\u00e9 - Connaissance de soi - Non-dualit\u00e9 - M\u00e9ditation","isPartOf":{"@id":"https:\/\/www.revue3emillenaire.com\/blog\/#website"},"datePublished":"2009-04-13T00:00:00+00:00","dateModified":"2011-09-21T02:32:17+00:00","author":{"@id":"https:\/\/www.revue3emillenaire.com\/blog\/#\/schema\/person\/9a3a7cc4ccaa707f402d4394327106d5"},"breadcrumb":{"@id":"https:\/\/www.revue3emillenaire.com\/blog\/la-mmoire-et-le-devenir-spirituel-de-lhomme-par-pierre-dangkor\/#breadcrumb"},"inLanguage":"fr-FR","potentialAction":[{"@type":"ReadAction","target":["https:\/\/www.revue3emillenaire.com\/blog\/la-mmoire-et-le-devenir-spirituel-de-lhomme-par-pierre-dangkor\/"]}]},{"@type":"BreadcrumbList","@id":"https:\/\/www.revue3emillenaire.com\/blog\/la-mmoire-et-le-devenir-spirituel-de-lhomme-par-pierre-dangkor\/#breadcrumb","itemListElement":[{"@type":"ListItem","position":1,"name":"Accueil","item":"https:\/\/www.revue3emillenaire.com\/blog\/"},{"@type":"ListItem","position":2,"name":"La m\u00e9moire et le devenir spirituel de l&rsquo;homme par Pierre d&rsquo;Angkor"}]},{"@type":"WebSite","@id":"https:\/\/www.revue3emillenaire.com\/blog\/#website","url":"https:\/\/www.revue3emillenaire.com\/blog\/","name":"3e mill\u00e9naire - Spiritualit\u00e9 - Connaissance de soi - Non-dualit\u00e9 - M\u00e9ditation","description":"L&#039;Homme en devenir","potentialAction":[{"@type":"SearchAction","target":{"@type":"EntryPoint","urlTemplate":"https:\/\/www.revue3emillenaire.com\/blog\/?s={search_term_string}"},"query-input":{"@type":"PropertyValueSpecification","valueRequired":true,"valueName":"search_term_string"}}],"inLanguage":"fr-FR"},{"@type":"Person","@id":"https:\/\/www.revue3emillenaire.com\/blog\/#\/schema\/person\/9a3a7cc4ccaa707f402d4394327106d5","name":"3e mill\u00e9naire","url":"https:\/\/www.revue3emillenaire.com\/blog\/author\/admin\/"}]}},"_links":{"self":[{"href":"https:\/\/www.revue3emillenaire.com\/blog\/wp-json\/wp\/v2\/posts\/314","targetHints":{"allow":["GET"]}}],"collection":[{"href":"https:\/\/www.revue3emillenaire.com\/blog\/wp-json\/wp\/v2\/posts"}],"about":[{"href":"https:\/\/www.revue3emillenaire.com\/blog\/wp-json\/wp\/v2\/types\/post"}],"author":[{"embeddable":true,"href":"https:\/\/www.revue3emillenaire.com\/blog\/wp-json\/wp\/v2\/users\/1"}],"replies":[{"embeddable":true,"href":"https:\/\/www.revue3emillenaire.com\/blog\/wp-json\/wp\/v2\/comments?post=314"}],"version-history":[{"count":0,"href":"https:\/\/www.revue3emillenaire.com\/blog\/wp-json\/wp\/v2\/posts\/314\/revisions"}],"wp:attachment":[{"href":"https:\/\/www.revue3emillenaire.com\/blog\/wp-json\/wp\/v2\/media?parent=314"}],"wp:term":[{"taxonomy":"category","embeddable":true,"href":"https:\/\/www.revue3emillenaire.com\/blog\/wp-json\/wp\/v2\/categories?post=314"},{"taxonomy":"post_tag","embeddable":true,"href":"https:\/\/www.revue3emillenaire.com\/blog\/wp-json\/wp\/v2\/tags?post=314"}],"curies":[{"name":"wp","href":"https:\/\/api.w.org\/{rel}","templated":true}]}}