{"id":317,"date":"2009-04-16T00:00:00","date_gmt":"2009-04-16T00:00:00","guid":{"rendered":"http:\/\/www.revue3emillenaire.com\/blog\/?p=317"},"modified":"2021-06-06T19:32:40","modified_gmt":"2021-06-06T18:32:40","slug":"yoga-et-liberte-par-gabriel-monod-herzen","status":"publish","type":"post","link":"https:\/\/www.revue3emillenaire.com\/blog\/yoga-et-liberte-par-gabriel-monod-herzen\/","title":{"rendered":"Yoga et libert\u00e9 par Gabriel Monod-Herzen"},"content":{"rendered":"<p align=\"justify\"><span style=\"color: #000000;\"><span style=\"font-size: medium;\">(Revue Le Lotus Bleu. F\u00e9vrier 1972)<\/span><\/span><\/p>\n<p align=\"justify\"><span style=\"color: #000000;\"><span style=\"font-size: medium;\">Conf\u00e9rence faite \u00e0 Paris le 30 septembre 1971.<\/span><\/span><\/p>\n<p align=\"justify\"><span style=\"color: #000000;\"><span style=\"font-size: medium;\">Ces deux mots r\u00e9sument ce qui s&rsquo;est pr\u00e9sent\u00e9 devant moi comme un probl\u00e8me et peut-\u00eatre comme le probl\u00e8me le plus important. Je me suis aper\u00e7u plus tard qu&rsquo;il en \u00e9tait de m\u00eame pour beaucoup de mes amis. Je voudrais dire ici comment plusieurs parmi nous sont arriv\u00e9s \u00e0 lui trouver une solution. Ce n&rsquo;est s\u00fbrement pas la seule, aussi ce qui suit est donn\u00e9 dans l&rsquo;espoir de servir de point de d\u00e9part \u00e0 des recherches personnelles.<\/span><\/span><\/p>\n<p style=\"padding-left: 300px; text-align: center;\">**<\/p>\n<p align=\"justify\"><span style=\"color: #000000;\"><span style=\"font-size: medium;\">Comme beaucoup d&rsquo;europ\u00e9ens ayant pris contact depuis peu avec la pens\u00e9e orientale, j&rsquo;avais, il y a pr\u00e8s d&rsquo;un demi-si\u00e8cle, une tr\u00e8s grande admiration pour le bouddhisme. Je l&rsquo;ai conserv\u00e9e sous une forme plus compl\u00e8te. Un de mes meilleurs amis, devenu l&rsquo;excellent \u00e9crivain Claude Aveline, ayant re\u00e7u la commande d&rsquo;un livre sur la vie du Bouddha [1], d\u00e9sirait enrichir son r\u00e9cit de citations ; il m&rsquo;a demand\u00e9 de les lui trouver. Ce fut une occasion pour moi de relire bien des pages admirables, notamment dans le \u00ab Soutra du Lotus de la Bonne Loi \u00bb. Ces lectures avaient une note dominante, une tonique revenant sous mille formes ; la premi\u00e8re phrase du premier discours de l&rsquo;Illumin\u00e9 : \u00ab <em>De m\u00eame que la vaste mer, \u00f4 moines, est p\u00e9n\u00e9tr\u00e9e d&rsquo;une seule saveur : la saveur du sel ; de m\u00eame, ma doctrine est p\u00e9n\u00e9tr\u00e9e d&rsquo;une seule saveur : celle de la lib\u00e9ration<\/em> \u00bb.<\/span><\/span><\/p>\n<p align=\"justify\"><span style=\"color: #000000;\"><span style=\"font-size: medium;\">Et je sentais que si cette affirmation \u00e9tait vraie, rien ne pouvait \u00eatre plus important que cette lib\u00e9ration. Mais lib\u00e9ration de quoi ? De la douleur, disent les textes. Et ils pr\u00e9cisent : pas seulement des souffrances dues \u00e0 la maladie et \u00e0 la vieillesse, mais m\u00eame de celles qui accompagnent la mort. Et cela non pas apr\u00e8s la mort, mais dans cette vie m\u00eame, sous forme d&rsquo;une souveraine s\u00e9r\u00e9nit\u00e9. Quel but ! Quelle aventure !<\/span><\/span><\/p>\n<p align=\"justify\"><span style=\"color: #000000;\"><span style=\"font-size: medium;\">Quant au moyen d&rsquo;atteindre ce but \u2014 ou tout au moins de s&rsquo;en rapprocher \u2014 c&rsquo;\u00e9tait un mode de vie particulier bien connu hors du bouddhisme : c&rsquo;\u00e9tait le yoga. On n&rsquo;a que l&#8217;embarras du choix pour en conna\u00eetre les prescriptions, et ceux qui se sont donn\u00e9 la peine de les mettre en pratique, m\u00eame seulement par curiosit\u00e9, ont pu reconna\u00eetre leur efficacit\u00e9, au moins sous leurs formes les plus simples.<\/span><\/span><\/p>\n<p align=\"justify\"><span style=\"color: #000000;\"><span style=\"font-size: medium;\">Mais c&rsquo;est \u00e0 ce moment que surgit le probl\u00e8me : une discipline, n&rsquo;est-ce pas le contraire de la libert\u00e9 ? Comment un ensemble de r\u00e8gles, monastiques ou la\u00efques, de prescriptions alimentaires, morales et psychologiques, patiemment r\u00e9p\u00e9t\u00e9es pendant des ann\u00e9es, peuvent-elles conduire \u00e0 une lib\u00e9ration ?<\/span><\/span><\/p>\n<p align=\"justify\"><span style=\"color: #000000;\"><span style=\"font-size: medium;\">Elles s&rsquo;inscriront en nous comme des habitudes artificiellement acquises, feront de nous des automates, peut-\u00eatre des automates admirables, mais s\u00fbrement pas des \u00eatres libres. J&rsquo;\u00e9tais devant un mur. Je sentais qu&rsquo;une solution existait pour ce probl\u00e8me, car je ne doutais pas de la parole du Ma\u00eetre, mais je ne la comprenais pas.<\/span><\/span><\/p>\n<p align=\"justify\"><span style=\"color: #000000;\"><span style=\"font-size: medium;\">Il me semblait m\u00eame que la difficult\u00e9 devenait plus grande \u00e0 mesure que l&rsquo;on examinait le but propos\u00e9 : il \u00e9tait donn\u00e9 par un mot : nirv\u00e2na, dont le Bouddha refusait de donner le sens pr\u00e9cis. On s&rsquo;apercevait pourtant qu&rsquo;il s&rsquo;agissait d&rsquo;un d\u00e9tachement supr\u00eame, d&rsquo;une \u00e9vasion, d&rsquo;une mani\u00e8re de se mettre hors d&rsquo;atteinte des souffrances du monde qui nous entoure, tout en continuant \u2014 temporairement \u2014 \u00e0 y vivre. Mais on ajoutait que la r\u00e9ussite compl\u00e8te doit nous assurer de ne plus jamais \u00eatre oblig\u00e9s \u00e0 rena\u00eetre en ce monde. Et sur ce point l&rsquo;unanimit\u00e9 est parfaite entre indous et bouddhistes : nous sommes des prisonniers, condamn\u00e9s par nos erreurs, r\u00e9sultats de notre ignorance, mais nous pouvons nous \u00e9vader.<\/span><\/span><\/p>\n<p align=\"justify\"><span style=\"color: #000000;\"><span style=\"font-size: medium;\">C&rsquo;est un espoir, mais il n&rsquo;est pas enti\u00e8rement satisfaisant, et pour deux raisons. La premi\u00e8re est son caract\u00e8re individuel : je puis me lib\u00e9rer, mais cela ne changera rien \u00e0 l&rsquo;action de la nature qui continuera de faire na\u00eetre des prisonniers de l&rsquo;ignorance. Ma lib\u00e9ration ne changera rien \u00e0 leur condition et tout ce que je pourrai faire sera de leur pr\u00eacher la bonne doctrine pour qu&rsquo;ils cherchent \u00e0 s&rsquo;\u00e9vader \u00e0 leur tour. C&rsquo;est peu, c&rsquo;est trop peu. Et ce sentiment si p\u00e9nible d&rsquo;impuissance relative, mais grande \u2014 vient de ce qu&rsquo;un nouveau probl\u00e8me se cache derri\u00e8re ce premier r\u00e9sultat.<\/span><\/span><\/p>\n<p align=\"justify\"><span style=\"color: #000000;\"><span style=\"font-size: medium;\">Ici, je voudrais m&rsquo;arr\u00eater un instant, car ce m\u00eame probl\u00e8me se rencontre partout dans le monde actuel, et surtout parmi ceux qui sont \u00e0 l&rsquo;aurore de la vie active.<\/span><\/span><\/p>\n<p align=\"justify\"><span style=\"color: #000000;\"><span style=\"font-size: medium;\">Il s&rsquo;agit de savoir si notre vie a un sens, une signification, un but, autre que la satisfaction de nos besoins, de nos d\u00e9sirs et de nos id\u00e9es. Combien de fois n&rsquo;avons-nous pas entendu ceux que l&rsquo;on appelle des contestataires demander \u00e0 leurs a\u00een\u00e9s :<br \/>\n\u2014 Pourquoi suis-je n\u00e9 ? en ajoutant :<br \/>\n\u2014 Je n&rsquo;ai rien fait pour venir vivre dans ce monde cruel, absurde, inhumain, que vous avez fait, et que je refuse.<\/span><\/span><\/p>\n<p align=\"justify\"><span style=\"color: #000000;\"><span style=\"font-size: medium;\">Bien s\u00fbr, les religions ont propos\u00e9 des solutions : r\u00e9compense c\u00e9leste pour une bonne conduite ici-bas, heureuse r\u00e9incarnation&#8230; Th\u00e9ories, hypoth\u00e8ses dont la v\u00e9rification nous \u00e9chappe et que toutes les jeunesses refusent de plus en plus.<\/span><\/span><\/p>\n<p align=\"justify\"><span style=\"color: #000000;\"><span style=\"font-size: medium;\">Il faut avoir le courage d&rsquo;aborder le probl\u00e8me de front en essayant de r\u00e9pondre \u00e0 la premi\u00e8re, \u00e0 la seule question importante : notre vie a-t-elle un sens ?<\/span><\/span><\/p>\n<p align=\"justify\"><span style=\"color: #000000;\"><span style=\"font-size: medium;\">Nous n&rsquo;avons de choix qu&rsquo;entre deux chemins pour chercher une r\u00e9ponse :<br \/>\nLe premier est de croire que la vie n&rsquo;a aucun but et aucun sens. Elle est ce qu&rsquo;elle est, r\u00e9sultat in\u00e9vitable des lois de la nature, miraculeux r\u00e9sultat d&rsquo;une combinaison de hasards et de n\u00e9cessit\u00e9s dont la complexit\u00e9 nous donne l&rsquo;illusion d&rsquo;une \u00e9volution et nous fait poser un probl\u00e8me sans signification : l&rsquo;homme seul donne un sens \u00e0 ses actes, fait des projets et les r\u00e9alise, or il n&rsquo;y a pas d&rsquo;homme, pas de divinit\u00e9 semblable \u00e0 nous, derri\u00e8re l&rsquo;activit\u00e9 de l&rsquo;univers, donc il n&rsquo;y a pas de but \u00e0 cette vie, pas de signification \u00e0 notre existence.<\/span><\/span><\/p>\n<p align=\"justify\"><span style=\"color: #000000;\"><span style=\"font-size: medium;\">C&rsquo;est une croyance qui s\u00e9duit un bon nombre de savants, et de non-savants \u00e9galement, parce qu&rsquo;en niant l&rsquo;existence d&rsquo;un but, elle diminue, jusqu&rsquo;\u00e0 l&rsquo;annuler, notre responsabilit\u00e9. Celle-ci n&rsquo;est qu&rsquo;une construction de la soci\u00e9t\u00e9, dont les plus habiles sauront se garder.<\/span><\/span><\/p>\n<p align=\"justify\"><span style=\"color: #000000;\"><span style=\"font-size: medium;\">Nous n&rsquo;avons alors aucune raison de ne pas am\u00e9nager agr\u00e9ablement cette vie sans signification, dans les limites o\u00f9 nous le permettent les lois de la nature et celles que nous fabriquons nous-m\u00eames avec une inlassable f\u00e9condit\u00e9. Et si cela ne nous satisfait pas, il reste deux solutions possibles, deux \u00e9vasions : le suicide et le nirv\u00e2na.<\/span><\/span><\/p>\n<p align=\"justify\"><span style=\"color: #000000;\"><span style=\"font-size: medium;\">Je ne plaisante pas. Il y a eu, en France notamment, des dizaines de suicides dus \u00e0 ce genre de philosophies. Suicides violents parfois, ou suicides par un d\u00e9go\u00fbt de vivre qui conduit parfaitement \u00e0 la mort. Et d&rsquo;autre part, en Orient, comme en France au temps des Albigeois, des \u00eatres d&rsquo;une haute spiritualit\u00e9 se sont laiss\u00e9s mourir pour quitter plus vite un monde o\u00f9 ils ne voyaient aucune sagesse et aucune libert\u00e9 v\u00e9ritables.<\/span><\/span><\/p>\n<p align=\"justify\"><span style=\"color: #000000;\"><span style=\"font-size: medium;\">L&rsquo;attente d&rsquo;une immersion d\u00e9finitive dans le nirv\u00e2na est la forme la plus haute de ces \u00e9vasions : elle ne donne aucune r\u00e9ponse \u00e0 la question pos\u00e9e, tout en ne niant pas qu&rsquo;il puisse y en avoir une. Car s&rsquo;il est vrai que le bouddhisme n&rsquo;affirme l&rsquo;existence d&rsquo;aucune divinit\u00e9, il faut noter qu&rsquo;il refuse aussi de la nier, en se pr\u00e9sentant seulement comme une technique positive et v\u00e9rifiable, ce qui explique le succ\u00e8s qu&rsquo;il rencontre aupr\u00e8s des ath\u00e9es en occident et en orient, avec des cons\u00e9quences politiques curieuses, au Vietnam par exemple.<\/span><\/span><\/p>\n<p align=\"justify\"><span style=\"color: #000000;\"><span style=\"font-size: medium;\">Nous sommes donc laiss\u00e9s ici en parfaite libert\u00e9 devant un nouveau choix. En effet, si nous admettons qu&rsquo;une \u00e9vasion est le seul but offert \u00e0 nos aspirations, nous sommes oblig\u00e9s \u00e0 croire que le but de toute la cr\u00e9ation est de s&rsquo;en \u00e9chapper, conclusion difficile \u00e0 admettre, car il aurait \u00e9t\u00e9 beaucoup plus simple au cr\u00e9ateur de ne pas fabriquer un tel pi\u00e8ge&#8230; Alors il nous faut prendre un autre chemin.<\/span><\/span><\/p>\n<p align=\"justify\"><span style=\"color: #000000;\"><span style=\"font-size: medium;\">Cet autre point de d\u00e9part pour la recherche d&rsquo;une r\u00e9ponse est l&rsquo;inverse du premier : il consiste \u00e0 croire que la vie a un sens. Non seulement notre vie, mais toute vie et m\u00eame toute existence : la nature toute enti\u00e8re dans son activit\u00e9 constante doit alors \u00eatre une progression vers un but, une \u00e9volution et non une suite de changements.<\/span><\/span><\/p>\n<p align=\"justify\"><span style=\"color: #000000;\"><span style=\"font-size: medium;\">Quand on accepte cette position de d\u00e9part, on doit la justifier en trouvant dans la nature des traces certaines de cette direction privil\u00e9gi\u00e9e de la vie universelle. C&rsquo;est parmi les \u00eatres vivants qu&rsquo;elles sont le plus visibles. Non pas dans leurs formes ext\u00e9rieures, mais dans leur structure.<\/span><\/span><\/p>\n<p align=\"justify\"><span style=\"color: #000000;\"><span style=\"font-size: medium;\">Au cours des \u00e2ges, depuis l&rsquo;aube de la pr\u00e9histoire, les \u00eatres vivants deviennent plus complexes, plus fragiles, mais surtout plus conscients. Sur la base de la mati\u00e8re s&rsquo;\u00e9l\u00e8vent les structures de plus en plus vari\u00e9es des \u00eatres vivants o\u00f9 le syst\u00e8me nerveux introduit une sensibilit\u00e9, une possibilit\u00e9 de conscience de plus en plus compl\u00e8te, jusqu&rsquo;au moment o\u00f9, devenant capable de r\u00e9fl\u00e9chir sur elle-m\u00eame, ce qui \u00e9tait jusqu&rsquo;alors une impulsion subie par l&rsquo;\u00eatre, devient un mouvement voulu, contr\u00f4l\u00e9, par ce qui en est la source et la raison d&rsquo;\u00eatre. De ce point de vue, nos aspirations plus ou moins confuses prennent le sens d&rsquo;un besoin d&rsquo;accomplissement et leur existence est d\u00e9j\u00e0 une esp\u00e9rance, car elle n&rsquo;est que parce que le but pressenti est accessible, latent, mais pr\u00e9sent en nous. Quant \u00e0 ce but, c&rsquo;est une conscience parfaite, c&rsquo;est-\u00e0-dire capable d&rsquo;atteindre la V\u00e9rit\u00e9, dont elle est le reflet, et la promesse est de s&rsquo;unir \u00e0 elle.<\/span><\/span><\/p>\n<p align=\"justify\"><span style=\"color: #000000;\"><span style=\"font-size: medium;\">Le moyen de cette ascension, c&rsquo;est la vie elle-m\u00eame, ce qui a fait dire \u00e0 Sri Aurobindo : \u00ab <em>Toute vie est<\/em> <em>yoga<\/em> \u00bb.<\/span><\/span><\/p>\n<p align=\"justify\"><span style=\"color: #000000;\"><span style=\"font-size: medium;\">Evidemment nous sommes loin du but, et cela nous donne une pr\u00e9cieuse le\u00e7on d&rsquo;humilit\u00e9 : nous ne sommes humains qu&rsquo;en partie. Comme le sphinx \u00e9gyptien, l&rsquo;homme porte la t\u00eate d&rsquo;un dieu sur le corps d&rsquo;un lion : la t\u00eate seulement. Notre \u00e9tat actuel n&rsquo;est qu&rsquo;une \u00e9tape : nous ne sommes hommes qu&rsquo;en partie et nous aspirons \u00e0 le devenir en entier. C&rsquo;est dans cette direction que se trouve notre lib\u00e9ration.<\/span><\/span><\/p>\n<p align=\"justify\"><span style=\"color: #000000;\"><span style=\"font-size: medium;\">Le perfectionnement de la conscience est la dynamique m\u00eame de la vie et sa raison d&rsquo;\u00eatre. C&rsquo;est la base d&rsquo;un immense espoir. De m\u00eame que la vie organise la mati\u00e8re, non seulement sans d\u00e9sob\u00e9ir \u00e0 ses lois, ni rien leur ajouter, mais en utilisant l&rsquo;organisation vitale pour se lib\u00e9rer de ses automatismes et du lourd h\u00e9ritage animal du pass\u00e9.<\/span><\/span><\/p>\n<p align=\"justify\"><span style=\"color: #000000;\"><span style=\"font-size: medium;\">L&rsquo;homme \u00e9veill\u00e9 par une prise de conscience profonde de lui-m\u00eame est semblable au bateau que le pilote conduit au plus pr\u00e8s, remontant contre le vent pour atteindre le port de son choix ; il utilise les lois de la nature, il ne les subit plus : il est libre. Libre par son action r\u00e9fl\u00e9chie, qui donne toute sa raison \u00e0 la d\u00e9finition du yoga par la Bhagavad G\u00eeta : \u00ab <em>le yoga est l&rsquo;habilet\u00e9 dans l&rsquo;action<\/em> \u00bb.<\/span><\/span><\/p>\n<p align=\"justify\"><span style=\"color: #000000;\"><span style=\"font-size: medium;\">Dans le pass\u00e9, la nature conduisait l&rsquo;homme par l&rsquo;appel du plaisir, d\u00e9sormais il est ma\u00eetre de son chemin, il reconna\u00eet son identit\u00e9 avec Cela qui a librement \u00e9tabli le plan de sa manifestation, avec cette V\u00e9rit\u00e9 qui est la source et le but de toute existence et dont l&rsquo;approche se r\u00e9v\u00e8le par ce reflet de la perfection : le bonheur.<\/span><\/span><\/p>\n<p align=\"justify\"><span style=\"color: #000000;\"><span style=\"font-size: medium;\">Ainsi peut se justifier le lien qui fait du yoga le chemin vers la libert\u00e9.<\/span><\/span><\/p>\n<div style=\"padding-left: 270px; text-align: right;\">G. MONOD HERZEN<\/div>\n<p>[1] Qui a paru en 1928 sous le titre de \u00ab La merveilleuse l\u00e9gende du prince Siddartha, \u00c7akya Muni, Bouddha \u00bb (Paris, l&rsquo;Artisan du livre).<\/p>\n<p>&nbsp;<\/p>\n<p>&nbsp;<\/p>\n<p>&nbsp;<\/p>\n<p>&nbsp;<\/p>\n","protected":false},"excerpt":{"rendered":"<p>Ces deux mots r\u00e9sument ce qui s&rsquo;est pr\u00e9sent\u00e9 devant moi comme un probl\u00e8me et peut-\u00eatre comme le probl\u00e8me le plus important. Je me suis aper\u00e7u plus tard qu&rsquo;il en \u00e9tait de m\u00eame pour beaucoup de mes amis. Je voudrais dire ici comment plusieurs parmi nous sont arriv\u00e9s \u00e0 lui trouver une solution. Ce n&rsquo;est s\u00fbrement pas la seule, aussi ce qui suit est donn\u00e9 dans l&rsquo;espoir de servir de point de d\u00e9part \u00e0 des recherches personnelles.<\/p>\n","protected":false},"author":1,"featured_media":18442,"comment_status":"open","ping_status":"open","sticky":false,"template":"","format":"standard","meta":{"footnotes":""},"categories":[68],"tags":[171,26],"class_list":["post-317","post","type-post","status-publish","format-standard","has-post-thumbnail","hentry","category-g-monod-herzen","tag-liberte","tag-yoga"],"yoast_head":"<!-- This site is optimized with the Yoast SEO plugin v27.0 - https:\/\/yoast.com\/product\/yoast-seo-wordpress\/ -->\n<title>Yoga et libert\u00e9 par Gabriel Monod-Herzen - 3e mill\u00e9naire - Spiritualit\u00e9 - Connaissance de soi - Non-dualit\u00e9 - M\u00e9ditation<\/title>\n<meta name=\"robots\" content=\"index, follow, max-snippet:-1, max-image-preview:large, max-video-preview:-1\" \/>\n<link rel=\"canonical\" href=\"https:\/\/www.revue3emillenaire.com\/blog\/yoga-et-liberte-par-gabriel-monod-herzen\/\" \/>\n<meta property=\"og:locale\" content=\"fr_FR\" \/>\n<meta property=\"og:type\" content=\"article\" \/>\n<meta property=\"og:title\" content=\"Yoga et libert\u00e9 par Gabriel Monod-Herzen - 3e mill\u00e9naire - Spiritualit\u00e9 - Connaissance de soi - Non-dualit\u00e9 - M\u00e9ditation\" \/>\n<meta property=\"og:description\" content=\"Ces deux mots r\u00e9sument ce qui s&#039;est pr\u00e9sent\u00e9 devant moi comme un probl\u00e8me et peut-\u00eatre comme le probl\u00e8me le plus important. Je me suis aper\u00e7u plus tard qu&#039;il en \u00e9tait de m\u00eame pour beaucoup de mes amis. Je voudrais dire ici comment plusieurs parmi nous sont arriv\u00e9s \u00e0 lui trouver une solution. Ce n&#039;est s\u00fbrement pas la seule, aussi ce qui suit est donn\u00e9 dans l&#039;espoir de servir de point de d\u00e9part \u00e0 des recherches personnelles.\" \/>\n<meta property=\"og:url\" content=\"https:\/\/www.revue3emillenaire.com\/blog\/yoga-et-liberte-par-gabriel-monod-herzen\/\" \/>\n<meta property=\"og:site_name\" content=\"3e mill\u00e9naire - Spiritualit\u00e9 - Connaissance de soi - Non-dualit\u00e9 - M\u00e9ditation\" \/>\n<meta property=\"article:published_time\" content=\"2009-04-16T00:00:00+00:00\" \/>\n<meta property=\"article:modified_time\" content=\"2021-06-06T18:32:40+00:00\" \/>\n<meta property=\"og:image\" content=\"https:\/\/www.revue3emillenaire.com\/blog\/wp-content\/uploads\/2009\/04\/Gabriel-Monod-Herzen.jpg\" \/>\n\t<meta property=\"og:image:width\" content=\"270\" \/>\n\t<meta property=\"og:image:height\" content=\"387\" \/>\n\t<meta property=\"og:image:type\" content=\"image\/jpeg\" \/>\n<meta name=\"author\" content=\"3e mill\u00e9naire\" \/>\n<meta name=\"twitter:card\" content=\"summary_large_image\" \/>\n<meta name=\"twitter:label1\" content=\"\u00c9crit par\" \/>\n\t<meta name=\"twitter:data1\" content=\"3e mill\u00e9naire\" \/>\n\t<meta name=\"twitter:label2\" content=\"Dur\u00e9e de lecture estim\u00e9e\" \/>\n\t<meta name=\"twitter:data2\" content=\"10 minutes\" \/>\n<script type=\"application\/ld+json\" class=\"yoast-schema-graph\">{\"@context\":\"https:\/\/schema.org\",\"@graph\":[{\"@type\":\"Article\",\"@id\":\"https:\/\/www.revue3emillenaire.com\/blog\/yoga-et-liberte-par-gabriel-monod-herzen\/#article\",\"isPartOf\":{\"@id\":\"https:\/\/www.revue3emillenaire.com\/blog\/yoga-et-liberte-par-gabriel-monod-herzen\/\"},\"author\":{\"name\":\"3e mill\u00e9naire\",\"@id\":\"https:\/\/www.revue3emillenaire.com\/blog\/#\/schema\/person\/9a3a7cc4ccaa707f402d4394327106d5\"},\"headline\":\"Yoga et libert\u00e9 par Gabriel Monod-Herzen\",\"datePublished\":\"2009-04-16T00:00:00+00:00\",\"dateModified\":\"2021-06-06T18:32:40+00:00\",\"mainEntityOfPage\":{\"@id\":\"https:\/\/www.revue3emillenaire.com\/blog\/yoga-et-liberte-par-gabriel-monod-herzen\/\"},\"wordCount\":2009,\"commentCount\":0,\"image\":{\"@id\":\"https:\/\/www.revue3emillenaire.com\/blog\/yoga-et-liberte-par-gabriel-monod-herzen\/#primaryimage\"},\"thumbnailUrl\":\"https:\/\/www.revue3emillenaire.com\/blog\/wp-content\/uploads\/2009\/04\/Gabriel-Monod-Herzen.jpg\",\"keywords\":[\"Libert\u00e9\",\"Yoga\"],\"articleSection\":[\"Monod-Herzen Gabriel\"],\"inLanguage\":\"fr-FR\",\"potentialAction\":[{\"@type\":\"CommentAction\",\"name\":\"Comment\",\"target\":[\"https:\/\/www.revue3emillenaire.com\/blog\/yoga-et-liberte-par-gabriel-monod-herzen\/#respond\"]}]},{\"@type\":\"WebPage\",\"@id\":\"https:\/\/www.revue3emillenaire.com\/blog\/yoga-et-liberte-par-gabriel-monod-herzen\/\",\"url\":\"https:\/\/www.revue3emillenaire.com\/blog\/yoga-et-liberte-par-gabriel-monod-herzen\/\",\"name\":\"Yoga et libert\u00e9 par Gabriel Monod-Herzen - 3e mill\u00e9naire - Spiritualit\u00e9 - Connaissance de soi - Non-dualit\u00e9 - M\u00e9ditation\",\"isPartOf\":{\"@id\":\"https:\/\/www.revue3emillenaire.com\/blog\/#website\"},\"primaryImageOfPage\":{\"@id\":\"https:\/\/www.revue3emillenaire.com\/blog\/yoga-et-liberte-par-gabriel-monod-herzen\/#primaryimage\"},\"image\":{\"@id\":\"https:\/\/www.revue3emillenaire.com\/blog\/yoga-et-liberte-par-gabriel-monod-herzen\/#primaryimage\"},\"thumbnailUrl\":\"https:\/\/www.revue3emillenaire.com\/blog\/wp-content\/uploads\/2009\/04\/Gabriel-Monod-Herzen.jpg\",\"datePublished\":\"2009-04-16T00:00:00+00:00\",\"dateModified\":\"2021-06-06T18:32:40+00:00\",\"author\":{\"@id\":\"https:\/\/www.revue3emillenaire.com\/blog\/#\/schema\/person\/9a3a7cc4ccaa707f402d4394327106d5\"},\"breadcrumb\":{\"@id\":\"https:\/\/www.revue3emillenaire.com\/blog\/yoga-et-liberte-par-gabriel-monod-herzen\/#breadcrumb\"},\"inLanguage\":\"fr-FR\",\"potentialAction\":[{\"@type\":\"ReadAction\",\"target\":[\"https:\/\/www.revue3emillenaire.com\/blog\/yoga-et-liberte-par-gabriel-monod-herzen\/\"]}]},{\"@type\":\"ImageObject\",\"inLanguage\":\"fr-FR\",\"@id\":\"https:\/\/www.revue3emillenaire.com\/blog\/yoga-et-liberte-par-gabriel-monod-herzen\/#primaryimage\",\"url\":\"https:\/\/www.revue3emillenaire.com\/blog\/wp-content\/uploads\/2009\/04\/Gabriel-Monod-Herzen.jpg\",\"contentUrl\":\"https:\/\/www.revue3emillenaire.com\/blog\/wp-content\/uploads\/2009\/04\/Gabriel-Monod-Herzen.jpg\",\"width\":270,\"height\":387},{\"@type\":\"BreadcrumbList\",\"@id\":\"https:\/\/www.revue3emillenaire.com\/blog\/yoga-et-liberte-par-gabriel-monod-herzen\/#breadcrumb\",\"itemListElement\":[{\"@type\":\"ListItem\",\"position\":1,\"name\":\"Accueil\",\"item\":\"https:\/\/www.revue3emillenaire.com\/blog\/\"},{\"@type\":\"ListItem\",\"position\":2,\"name\":\"Yoga et libert\u00e9 par Gabriel Monod-Herzen\"}]},{\"@type\":\"WebSite\",\"@id\":\"https:\/\/www.revue3emillenaire.com\/blog\/#website\",\"url\":\"https:\/\/www.revue3emillenaire.com\/blog\/\",\"name\":\"3e mill\u00e9naire - Spiritualit\u00e9 - Connaissance de soi - Non-dualit\u00e9 - M\u00e9ditation\",\"description\":\"L&#039;Homme en devenir\",\"potentialAction\":[{\"@type\":\"SearchAction\",\"target\":{\"@type\":\"EntryPoint\",\"urlTemplate\":\"https:\/\/www.revue3emillenaire.com\/blog\/?s={search_term_string}\"},\"query-input\":{\"@type\":\"PropertyValueSpecification\",\"valueRequired\":true,\"valueName\":\"search_term_string\"}}],\"inLanguage\":\"fr-FR\"},{\"@type\":\"Person\",\"@id\":\"https:\/\/www.revue3emillenaire.com\/blog\/#\/schema\/person\/9a3a7cc4ccaa707f402d4394327106d5\",\"name\":\"3e mill\u00e9naire\",\"url\":\"https:\/\/www.revue3emillenaire.com\/blog\/author\/admin\/\"}]}<\/script>\n<!-- \/ Yoast SEO plugin. -->","yoast_head_json":{"title":"Yoga et libert\u00e9 par Gabriel Monod-Herzen - 3e mill\u00e9naire - Spiritualit\u00e9 - Connaissance de soi - Non-dualit\u00e9 - M\u00e9ditation","robots":{"index":"index","follow":"follow","max-snippet":"max-snippet:-1","max-image-preview":"max-image-preview:large","max-video-preview":"max-video-preview:-1"},"canonical":"https:\/\/www.revue3emillenaire.com\/blog\/yoga-et-liberte-par-gabriel-monod-herzen\/","og_locale":"fr_FR","og_type":"article","og_title":"Yoga et libert\u00e9 par Gabriel Monod-Herzen - 3e mill\u00e9naire - Spiritualit\u00e9 - Connaissance de soi - Non-dualit\u00e9 - M\u00e9ditation","og_description":"Ces deux mots r\u00e9sument ce qui s'est pr\u00e9sent\u00e9 devant moi comme un probl\u00e8me et peut-\u00eatre comme le probl\u00e8me le plus important. Je me suis aper\u00e7u plus tard qu'il en \u00e9tait de m\u00eame pour beaucoup de mes amis. Je voudrais dire ici comment plusieurs parmi nous sont arriv\u00e9s \u00e0 lui trouver une solution. Ce n'est s\u00fbrement pas la seule, aussi ce qui suit est donn\u00e9 dans l'espoir de servir de point de d\u00e9part \u00e0 des recherches personnelles.","og_url":"https:\/\/www.revue3emillenaire.com\/blog\/yoga-et-liberte-par-gabriel-monod-herzen\/","og_site_name":"3e mill\u00e9naire - Spiritualit\u00e9 - Connaissance de soi - Non-dualit\u00e9 - M\u00e9ditation","article_published_time":"2009-04-16T00:00:00+00:00","article_modified_time":"2021-06-06T18:32:40+00:00","og_image":[{"width":270,"height":387,"url":"https:\/\/www.revue3emillenaire.com\/blog\/wp-content\/uploads\/2009\/04\/Gabriel-Monod-Herzen.jpg","type":"image\/jpeg"}],"author":"3e mill\u00e9naire","twitter_card":"summary_large_image","twitter_misc":{"\u00c9crit par":"3e mill\u00e9naire","Dur\u00e9e de lecture estim\u00e9e":"10 minutes"},"schema":{"@context":"https:\/\/schema.org","@graph":[{"@type":"Article","@id":"https:\/\/www.revue3emillenaire.com\/blog\/yoga-et-liberte-par-gabriel-monod-herzen\/#article","isPartOf":{"@id":"https:\/\/www.revue3emillenaire.com\/blog\/yoga-et-liberte-par-gabriel-monod-herzen\/"},"author":{"name":"3e mill\u00e9naire","@id":"https:\/\/www.revue3emillenaire.com\/blog\/#\/schema\/person\/9a3a7cc4ccaa707f402d4394327106d5"},"headline":"Yoga et libert\u00e9 par Gabriel Monod-Herzen","datePublished":"2009-04-16T00:00:00+00:00","dateModified":"2021-06-06T18:32:40+00:00","mainEntityOfPage":{"@id":"https:\/\/www.revue3emillenaire.com\/blog\/yoga-et-liberte-par-gabriel-monod-herzen\/"},"wordCount":2009,"commentCount":0,"image":{"@id":"https:\/\/www.revue3emillenaire.com\/blog\/yoga-et-liberte-par-gabriel-monod-herzen\/#primaryimage"},"thumbnailUrl":"https:\/\/www.revue3emillenaire.com\/blog\/wp-content\/uploads\/2009\/04\/Gabriel-Monod-Herzen.jpg","keywords":["Libert\u00e9","Yoga"],"articleSection":["Monod-Herzen Gabriel"],"inLanguage":"fr-FR","potentialAction":[{"@type":"CommentAction","name":"Comment","target":["https:\/\/www.revue3emillenaire.com\/blog\/yoga-et-liberte-par-gabriel-monod-herzen\/#respond"]}]},{"@type":"WebPage","@id":"https:\/\/www.revue3emillenaire.com\/blog\/yoga-et-liberte-par-gabriel-monod-herzen\/","url":"https:\/\/www.revue3emillenaire.com\/blog\/yoga-et-liberte-par-gabriel-monod-herzen\/","name":"Yoga et libert\u00e9 par Gabriel Monod-Herzen - 3e mill\u00e9naire - Spiritualit\u00e9 - Connaissance de soi - Non-dualit\u00e9 - M\u00e9ditation","isPartOf":{"@id":"https:\/\/www.revue3emillenaire.com\/blog\/#website"},"primaryImageOfPage":{"@id":"https:\/\/www.revue3emillenaire.com\/blog\/yoga-et-liberte-par-gabriel-monod-herzen\/#primaryimage"},"image":{"@id":"https:\/\/www.revue3emillenaire.com\/blog\/yoga-et-liberte-par-gabriel-monod-herzen\/#primaryimage"},"thumbnailUrl":"https:\/\/www.revue3emillenaire.com\/blog\/wp-content\/uploads\/2009\/04\/Gabriel-Monod-Herzen.jpg","datePublished":"2009-04-16T00:00:00+00:00","dateModified":"2021-06-06T18:32:40+00:00","author":{"@id":"https:\/\/www.revue3emillenaire.com\/blog\/#\/schema\/person\/9a3a7cc4ccaa707f402d4394327106d5"},"breadcrumb":{"@id":"https:\/\/www.revue3emillenaire.com\/blog\/yoga-et-liberte-par-gabriel-monod-herzen\/#breadcrumb"},"inLanguage":"fr-FR","potentialAction":[{"@type":"ReadAction","target":["https:\/\/www.revue3emillenaire.com\/blog\/yoga-et-liberte-par-gabriel-monod-herzen\/"]}]},{"@type":"ImageObject","inLanguage":"fr-FR","@id":"https:\/\/www.revue3emillenaire.com\/blog\/yoga-et-liberte-par-gabriel-monod-herzen\/#primaryimage","url":"https:\/\/www.revue3emillenaire.com\/blog\/wp-content\/uploads\/2009\/04\/Gabriel-Monod-Herzen.jpg","contentUrl":"https:\/\/www.revue3emillenaire.com\/blog\/wp-content\/uploads\/2009\/04\/Gabriel-Monod-Herzen.jpg","width":270,"height":387},{"@type":"BreadcrumbList","@id":"https:\/\/www.revue3emillenaire.com\/blog\/yoga-et-liberte-par-gabriel-monod-herzen\/#breadcrumb","itemListElement":[{"@type":"ListItem","position":1,"name":"Accueil","item":"https:\/\/www.revue3emillenaire.com\/blog\/"},{"@type":"ListItem","position":2,"name":"Yoga et libert\u00e9 par Gabriel Monod-Herzen"}]},{"@type":"WebSite","@id":"https:\/\/www.revue3emillenaire.com\/blog\/#website","url":"https:\/\/www.revue3emillenaire.com\/blog\/","name":"3e mill\u00e9naire - Spiritualit\u00e9 - Connaissance de soi - Non-dualit\u00e9 - M\u00e9ditation","description":"L&#039;Homme en devenir","potentialAction":[{"@type":"SearchAction","target":{"@type":"EntryPoint","urlTemplate":"https:\/\/www.revue3emillenaire.com\/blog\/?s={search_term_string}"},"query-input":{"@type":"PropertyValueSpecification","valueRequired":true,"valueName":"search_term_string"}}],"inLanguage":"fr-FR"},{"@type":"Person","@id":"https:\/\/www.revue3emillenaire.com\/blog\/#\/schema\/person\/9a3a7cc4ccaa707f402d4394327106d5","name":"3e mill\u00e9naire","url":"https:\/\/www.revue3emillenaire.com\/blog\/author\/admin\/"}]}},"_links":{"self":[{"href":"https:\/\/www.revue3emillenaire.com\/blog\/wp-json\/wp\/v2\/posts\/317","targetHints":{"allow":["GET"]}}],"collection":[{"href":"https:\/\/www.revue3emillenaire.com\/blog\/wp-json\/wp\/v2\/posts"}],"about":[{"href":"https:\/\/www.revue3emillenaire.com\/blog\/wp-json\/wp\/v2\/types\/post"}],"author":[{"embeddable":true,"href":"https:\/\/www.revue3emillenaire.com\/blog\/wp-json\/wp\/v2\/users\/1"}],"replies":[{"embeddable":true,"href":"https:\/\/www.revue3emillenaire.com\/blog\/wp-json\/wp\/v2\/comments?post=317"}],"version-history":[{"count":0,"href":"https:\/\/www.revue3emillenaire.com\/blog\/wp-json\/wp\/v2\/posts\/317\/revisions"}],"wp:featuredmedia":[{"embeddable":true,"href":"https:\/\/www.revue3emillenaire.com\/blog\/wp-json\/wp\/v2\/media\/18442"}],"wp:attachment":[{"href":"https:\/\/www.revue3emillenaire.com\/blog\/wp-json\/wp\/v2\/media?parent=317"}],"wp:term":[{"taxonomy":"category","embeddable":true,"href":"https:\/\/www.revue3emillenaire.com\/blog\/wp-json\/wp\/v2\/categories?post=317"},{"taxonomy":"post_tag","embeddable":true,"href":"https:\/\/www.revue3emillenaire.com\/blog\/wp-json\/wp\/v2\/tags?post=317"}],"curies":[{"name":"wp","href":"https:\/\/api.w.org\/{rel}","templated":true}]}}