{"id":3359,"date":"2010-04-23T15:49:36","date_gmt":"2010-04-23T14:49:36","guid":{"rendered":"http:\/\/www.revue3emillenaire.com\/blog\/?p=3359"},"modified":"2011-10-08T23:50:58","modified_gmt":"2011-10-08T22:50:58","slug":"la-respiration-par-le-docteur-maud-cousin","status":"publish","type":"post","link":"https:\/\/www.revue3emillenaire.com\/blog\/la-respiration-par-le-docteur-maud-cousin\/","title":{"rendered":"La respiration par le docteur Maud Cousin"},"content":{"rendered":"<p style=\"text-align: justify;\">(Revue Panharmonie. N<sup>o<\/sup> 193. Janvier 1983)<\/p>\n<p style=\"text-align: justify;\">\n<p style=\"text-align: justify;\">La respiration, c&rsquo;est l&rsquo;acte essentiel de notre vie sur cette terre. Quand on na\u00eet on pousse son premier soupir, quand on meurt, son dernier. La respiration, c&rsquo;est une combustion : nous faisons entrer de l&rsquo;oxyg\u00e8ne dans tout notre organisme, elle permet de br\u00fbler les \u00e9l\u00e9ments, de donner de l&rsquo;\u00e9nergie. Dans le sens maternel le f\u0153tus peut vivre gr\u00e2ce \u00e0 la circulation ; pour vivre sur terre il faut respirer.<\/p>\n<p style=\"text-align: justify;\">\n<p style=\"text-align: justify;\">Les poumons : Ils sont contenus dans la cage thoracique, ils sont une masse flasque qu&rsquo;enveloppe la pl\u00e8vre qui tapisse le thorax. Celle-ci permet aux poumons, gr\u00e2ce \u00e0 des glissements doux, de suivre les mouvements de la paroi thoracique. Quand cette pl\u00e8vre pr\u00e9sente des anomalies, les poumons ne peuvent plus bien respirer, c&rsquo;est ce qui se passe pour la pleur\u00e9sie. Une couche de liquide s&rsquo;infiltre entre la pl\u00e8vre et les poumons qui se tassent. L&#8217;emphys\u00e8me est d\u00fb \u00e0 des bulles d&rsquo;air qui sortent des poumons dans la pl\u00e8vre, occasionnant un pneumothorax spontan\u00e9. Pour agir contre la tuberculose et pour permettre aux poumons de se mettre au repos afin de faire r\u00e9tr\u00e9cir une caverne, on faisait des infiltrations d&rsquo;air qui d\u00e9collaient le poumon de la pl\u00e8vre, on provoquait ainsi des pneumothorax artificiels. On n&rsquo;en fait pratiquement plus.<\/p>\n<p style=\"text-align: justify;\">\n<p style=\"text-align: justify;\">La cage thoracique est soutenue par les muscles des c\u00f4tes, les muscles du cou et elle est ferm\u00e9e en bas par la coupole diaphragmatique, gros muscle qui forme arc vers le haut et qui redescend quand on respire. C&rsquo;est une esp\u00e8ce de piston. En g\u00e9n\u00e9ral l&rsquo;homme a une respiration diaphragmatique et la femme une respiration costale.<\/p>\n<p style=\"text-align: justify;\">\n<p style=\"text-align: justify;\">La respiration est un acte inconscient, mais sur lequel on peut agir consciemment et ainsi influencer tout l&rsquo;organisme. Une r\u00e9gulation automatique se fait au niveau du bulbe et qui est d\u00e9pendante de la composition du sang. Quand vous inspirez vous faites entrer de l&rsquo;oxyg\u00e8ne, quand vous expirez, vous rendez du gaz carbonique (CO<sub>2<\/sub>). Trop peu d&rsquo;oxyg\u00e8ne et un exc\u00e8s de gaz carbonique provoquent une respiration acc\u00e9l\u00e9r\u00e9e. Pour ranimer quelqu&rsquo;un on emploie un m\u00e9lange appel\u00e9 carbog\u00e8ne (oxyg\u00e8ne et gaz carbonique). Le gaz carbonique n&rsquo;est pas un poison, ce qui est un poison, c&rsquo;est l&rsquo;oxyde de carbone, d\u00fb \u00e0 la combustion qui est incompl\u00e8te et qui vient se fixer sur les globules rouges qui ne sont plus capables de r\u00e9cup\u00e9rer l&rsquo;oxyg\u00e8ne d&rsquo;un c\u00f4t\u00e9, le gaz carbonique, de l&rsquo;autre. Normalement ce sont les globules rouges qui prennent l&rsquo;oxyg\u00e8ne \u00e0 l&rsquo;inspiration, le transportent dans les tissus qui le br\u00fblent et remportent le gaz carbonique vers les poumons. S&rsquo;il y a de l&rsquo;oxyde de carbone qui se bloque dans les globules rouges, cela provoque une intoxication, ainsi que cela se fait par le gaz d&rsquo;\u00e9clairage, par les fourneaux qui tirent mal, par des cigares, pipes et cigarettes. La cigarette est dangereuse parce que plus canc\u00e9rig\u00e8ne et la pipe ou le cigare d\u00e9gagent plus d&rsquo;oxyde de carbone, ce qui an\u00e9mie l&rsquo;organisme. On bloque 10 \u00e0 20 % du sang en fumant.<\/p>\n<p style=\"text-align: justify;\">\n<p style=\"text-align: justify;\">Le \u00ab Panorama du m\u00e9decin \u00bb donne des statistiques de l&rsquo;\u00e9volution de la pollution depuis une dizaine d&rsquo;ann\u00e9es dans quatre villes d&rsquo;o\u00f9 il ressort que de 1968 \u00e0 1979 il y a une diminution de la pollution des villes.<\/p>\n<p style=\"text-align: justify;\">\n<p style=\"text-align: justify;\">L&rsquo;inconv\u00e9nient de la pollution c&rsquo;est que cela fait entrer dans le sang de mauvaises choses, mais aussi que cela perturbe les d\u00e9fenses naturelles de nos voies respiratoires. Dans le nez il y a trois petits cornets en d\u00e9dale dans lesquels l&rsquo;air qui passe est r\u00e9chauff\u00e9, humidifi\u00e9, d\u00e9poussi\u00e9r\u00e9. Le nez capte aussi de l&rsquo;\u00e9lectricit\u00e9 qu&rsquo;il transmet au syst\u00e8me nerveux.<\/p>\n<p style=\"text-align: justify;\">\n<p style=\"text-align: justify;\">La gorge est un espace r\u00e9tr\u00e9ci, la trach\u00e9e est maintenue par des cartilages. Les zones de protection se trouvent sur les bronches dont la surface int\u00e9rieure est tapiss\u00e9e de cils vibratiles qui peuvent \u00eatre perturb\u00e9s par la pollution. C&rsquo;est une esp\u00e8ce de tapis qui permet de capter les poussi\u00e8res avec un peu de mucus. Ces cils vibratiles bougent en permanence et font remonter les mucosit\u00e9s dans la r\u00e9gion de la glotte, au carrefour des voies respiratoires et digestives : on crache ou on avale et cela se d\u00e9truit par le suc gastrique. Quand il y a trop de pollution les cils vibratiles ne peuvent plus fonctionner, les pollutions \u00e0 ce moment risquent de s&rsquo;incruster et en tant que corps \u00e9trangers, favorisent des r\u00e9actions allergiques : asthme, rhume, etc. Il est donc important de revitaliser les voies respiratoires et de supprimer les pollutions au maximum. L&rsquo;exc\u00e8s de pollution incite l&rsquo;organisme \u00e0 produire trop de mucus, ce qui favorise les bronchites, les trach\u00e9ites. Dans les familles o\u00f9 les parents fument, les enfants sont plus sensibles aux bronchites. On s&rsquo;est aussi aper\u00e7u que des non-fumeurs qui vivent dans une atmosph\u00e8re enfum\u00e9e, ont au bout de six ans des bronches \u00e9quivalentes \u00e0 celles des fumeurs qui fument dix cigarettes par jour.<\/p>\n<p style=\"text-align: justify;\">\n<p style=\"text-align: justify;\">A c\u00f4t\u00e9 des cils vibratiles et du mucus il y a aussi de grosses cellules appel\u00e9es macrophages qui mangent les microbes, la poussi\u00e8re et qui \u00e9clatent sous l&rsquo;effet de la fum\u00e9e. C&rsquo;est encore une d\u00e9fense qui dispara\u00eet.<\/p>\n<p style=\"text-align: justify;\">\n<p style=\"text-align: justify;\">Les poumons sont faits de petites alv\u00e9oles, c&rsquo;est l&rsquo;endroit le plus vital, celui qui permet de respirer. Si on met ces alv\u00e9oles l&rsquo;une \u00e0 c\u00f4t\u00e9 de l&rsquo;autre, et si on les \u00e9tale, on obtient une surface d&rsquo;environ 100 m<sup>2<\/sup> (cent m\u00e8tres carr\u00e9s). Si la pollution entre jusque dans les alv\u00e9oles, cela provoque des inflammations, des irritations et souvent les parois tr\u00e8s minces \u00e9clatent et on finit par avoir une grande bulle \u00e0 la place des petites alv\u00e9oles qui ont davantage de surface respiratoire que cette bulle. Alors on s&rsquo;asphyxie et on fait de l&#8217;emphys\u00e8me. Il est donc capital d&rsquo;\u00e9viter la pollution qui p\u00e9n\u00e8tre jusqu&rsquo;au fond des poumons et d\u00e9truit les d\u00e9fenses.<\/p>\n<p style=\"text-align: justify;\">\n<p style=\"text-align: justify;\">Les asthmatiques font aussi de l&#8217;emphys\u00e8me \u00e0 cause des spasmes produits par l&rsquo;irritation (pollen, poils de chats, etc.).<\/p>\n<p style=\"text-align: justify;\">\n<p style=\"text-align: justify;\">R\u00f4le des poumons au point de vue glandulaire : Dans les poumons s&rsquo;effectue la combustion des graisses. En effet, les graisses sont dig\u00e9r\u00e9es par le tube digestif, elles remontent et vont dans les veines, puis se font br\u00fbler dans les poumons, avant de repasser dans la circulation g\u00e9n\u00e9rale et le foie. Il faut beaucoup d&rsquo;air pour bien br\u00fbler les graisses, sinon on a du cholest\u00e9rol (trop de mati\u00e8res grasses dans le sang).<\/p>\n<p style=\"text-align: justify;\">\n<p style=\"text-align: justify;\">Beaucoup de gens vivent dans des locaux o\u00f9 l&rsquo;air est conditionn\u00e9. Cela repr\u00e9sente une perte d&rsquo;oxyg\u00e8ne et d&rsquo;\u00e9lectricit\u00e9 qui est habituellement capt\u00e9e par le nez pour r\u00e9g\u00e9n\u00e9rer le syst\u00e8me nerveux. Cela entra\u00eene une fatigue permanente. On respire environ 15 kg d&rsquo;air par jour et il faut absolument se battre pour avoir de l&rsquo;air qui ne soit pas pollu\u00e9, on est oblig\u00e9 de respirer, on n&rsquo;est pas oblig\u00e9 de fumer ! On perd un quart d&rsquo;heure d&rsquo;existence par cigarette fum\u00e9e. Quand on est dans une atmosph\u00e8re enfum\u00e9e, on en r\u00e9cup\u00e8re deux \u00e0 trois par heure. Il faudrait une loi plus s\u00e9v\u00e8re que celle de maintenant. Actuellement il est pr\u00e9vu dans un endroit un espace de 7 m<sup>3<\/sup> par personne, sinon n&rsquo;a pas le droit de fumer. Au Japon si une personne demande qu&rsquo;on ne fume pas, on le d\u00e9fend et s&rsquo;il y a une personne enceinte, c&rsquo;est strictement interdit. Je me souviens d&rsquo;un congr\u00e8s o\u00f9 j&rsquo;ai obtenu une pause de cinq minutes toutes les heures pour permettre \u00e0 ceux qui voulaient se d\u00e9tendre de respirer et \u00e0 d&rsquo;autres de fumer et, \u00e0 la fin du congr\u00e8s, on n&rsquo;\u00e9tait pas fatigu\u00e9 !<\/p>\n<p style=\"text-align: justify;\">\n<p style=\"text-align: justify;\">Steiner insiste beaucoup sur le mode de contact que nous avons entre l&rsquo;int\u00e9rieur et l&rsquo;ext\u00e9rieur. Le sang est le support du \u00ab moi \u00bb, de la personnalit\u00e9, de la chaleur. C&rsquo;est par le sang que le \u00ab moi \u00bb est en rapport direct avec le monde ext\u00e9rieur par l&rsquo;interm\u00e9diaire de la respiration et de l&rsquo;air. Nous percevons le chaud, le froid, la pollution d&rsquo;une mani\u00e8re directe. C&rsquo;est un mode de perception qui n&rsquo;est pas tout \u00e0 fait conscient, mais qui est direct par rapport aux autres, comme par exemple la lumi\u00e8re, le son que nous percevons par contact indirect par l&rsquo;interm\u00e9diaire du syst\u00e8me nerveux. Nous n&rsquo;avons pas davantage de contact avec les aliments, parce que ceux-ci sont d\u00e9compos\u00e9s et que la combustion d\u00e9truit le caract\u00e8re propre des aliments pour que nous en reconstruisions quelque chose. Ce travail se passe dans l&rsquo;inconscient.<\/p>\n<p style=\"text-align: justify;\">\n<p style=\"text-align: justify;\">Tout le syst\u00e8me sympathique et parasympathique, c&rsquo;est-\u00e0-dire le syst\u00e8me neuro-v\u00e9g\u00e9tatif a pour r\u00f4le de faire tout ce travail dans l&rsquo;inconscience compl\u00e8te.<\/p>\n<p style=\"text-align: justify;\">\n<p style=\"text-align: justify;\">Le \u00ab moi \u00bb, la personnalit\u00e9, entre en contact avec l&rsquo;air et directement avec le monde physique. L&rsquo;air vient par la petite circulation vers le c\u0153ur, les autres choses vont plut\u00f4t vers la grande circulation. Il y a des courants \u00e9th\u00e9riques qui remontent et l&rsquo;un des endroits o\u00f9 se concentrent les choses int\u00e9rieures et ext\u00e9rieures, est au niveau de l&rsquo;hypophyse et de l&rsquo;\u00e9piphyse. Ce sont ces courants \u00e9th\u00e9riques qui sont le r\u00e9sultat de toutes ces forces de la digestion, etc., qui se concentrent et cette concentration de forces cr\u00e9e les organes. Cette zone de l&rsquo;\u00e9piphyse et de l&rsquo;hypophyse est une sorte de commande de toutes nos glandes.<\/p>\n<p style=\"text-align: justify;\">\n<p style=\"text-align: justify;\">Dans ces contacts l&rsquo;\u00eatre prend conscience de lui-m\u00eame, \u00e0 condition qu&rsquo;il y ait une r\u00e9sistance. C&rsquo;est gr\u00e2ce aux transformations que l&rsquo;organisme fait subir \u00e0 l&rsquo;air que nous prenons conscience d&rsquo;\u00eatre. C&rsquo;est gr\u00e2ce \u00e0 une r\u00e9sistance et \u00e0 une s\u00e9cr\u00e9tion que la personnalit\u00e9 se prend en charge. Tous les endroits o\u00f9 il y a une s\u00e9cr\u00e9tion sont des endroits o\u00f9 nous vivons et o\u00f9 nous prenons conscience (la peau transpire, les glandes s\u00e9cr\u00e8tent&#8230;).<\/p>\n<p style=\"text-align: justify;\">\n<p style=\"text-align: justify;\">La maladie est une chose n\u00e9cessaire, c&rsquo;est l&rsquo;effort que fait l&rsquo;organisme pour retrouver la sant\u00e9. Nous prenons toujours la maladie pour quelque chose de d\u00e9sagr\u00e9able et de mauvais qu&rsquo;il faut combattre. Si nous emp\u00eachons le redressement que l&rsquo;organisme est en train d&rsquo;op\u00e9rer, nous agressons la maladie. Autrefois on faisait transpirer pour une grippe, pour aider \u00e0 liquider beaucoup de choses. Avec la temp\u00e9rature toutes les r\u00e9actions chimiques sont acc\u00e9l\u00e9r\u00e9es (le c\u0153ur bat plus vite, le foie fonctionne plus vite, etc., etc.) et la gu\u00e9rison est activ\u00e9e. Il est dommage, d&rsquo;un certain c\u00f4t\u00e9, de supprimer toutes ces possibilit\u00e9s de fi\u00e8vre, parce qu&rsquo;elles aident \u00e0 \u00e9liminer tout ce qui \u00e9tait en trop et la meilleure lutte qu&rsquo;on a contre le cancer, c&rsquo;est la fi\u00e8vre.<\/p>\n<p style=\"text-align: justify;\">\n<p style=\"text-align: justify;\">Au Japon, par exemple, les gens prennent beaucoup de bains chauds et cette activit\u00e9 de temp\u00e9rature artificielle qui fait monter la temp\u00e9rature du corps, est tr\u00e8s b\u00e9n\u00e9fique pour lutter contre le cancer. Le cancer est une zone de mort. Steiner pense que quand le corps est trop us\u00e9, qu&rsquo;il n&rsquo;y a plus assez d&rsquo;\u00e9nergie pour entretenir tout l&rsquo;organisme, il laisse une zone en panne, il ne l&rsquo;impr\u00e8gne plus et alors la vitalit\u00e9 \u00e9nerg\u00e9tique de la partie v\u00e9g\u00e9tative \u00e9th\u00e9rique prend le dessus et on a une possibilit\u00e9 de cancer. Avec la chaleur on a une chance d&#8217;emp\u00eacher la multiplication des cellules canc\u00e9reuses.<\/p>\n<p style=\"text-align: justify;\">\n<p style=\"text-align: justify;\">Le vieillissement est une accumulation de poisons, de toxines, qu&rsquo;on n&rsquo;arrive pas \u00e0 \u00e9liminer. Et malheureusement les m\u00e9decins font tomber la fi\u00e8vre qui aide \u00e0 l&rsquo;\u00e9limination des toxines. Donc, dans certains cas, la maladie peut \u00eatre une b\u00e9n\u00e9diction.<\/p>\n<p style=\"text-align: justify;\">\n<p style=\"text-align: justify;\">D&rsquo;apr\u00e8s Steiner la zone respiratoire et cardiaque forme un tout qui \u00e9quilibre le p\u00f4le de commande et le p\u00f4le m\u00e9tabolique o\u00f9 se trouvent la digestion et l&rsquo;action. Quand vous augmentez le travail digestif, vous fatiguez votre c\u0153ur. Pour les Chinois, l&rsquo;intestin gr\u00eale et le c\u0153ur vont ensemble, de m\u00eame que le c\u00f4lon et les poumons. Ce sont les deux p\u00f4les de couplage des m\u00e9ridiens d&rsquo;acupuncture. Il y a aussi un rapport entre le c\u0153ur et les poumons. Quand le c\u0153ur est trop rapide par rapport aux poumons cela provoque de l&rsquo;anxi\u00e9t\u00e9 et inversement, c&rsquo;est de la neurasth\u00e9nie, la tendance \u00e0 l&rsquo;ind\u00e9cision int\u00e9rieure, pas assez de prise de conscience de soi. Le rythme cardiaque normal est de 70 \u00e0 72 battements \u00e0 la minute. Les sportifs arrivent \u00e0 avoir un c\u0153ur trop lent.<\/p>\n<p style=\"text-align: justify;\">\n<p style=\"text-align: justify;\">Les poumons sont donc capitaux pour prendre conscience de soi-m\u00eame, du monde, pour activer le \u00ab moi \u00bb, la personnalit\u00e9. Beaucoup de choses sont en rapport avec les poumons, le c\u00f4lon d&rsquo;abord, puis des tas d&rsquo;enzymes sont d\u00e9truits gr\u00e2ce \u00e0 lui. Il n&rsquo;est pas seulement une zone de passage, mais une glande qui capte, qui d\u00e9molit, qui retient. On peut vivre en g\u00e9n\u00e9rai normalement avec un cinqui\u00e8me d&rsquo;organe.<\/p>\n<p style=\"text-align: justify;\">\n<p style=\"text-align: justify;\">L&rsquo;homme par rapport aux plan\u00e8tes : L&rsquo;homme est la reproduction du macroscome, il en est le microcosme. Tout notre m\u00e9tabolisme peut \u00eatre compar\u00e9 \u00e0 ce qui se passe dans le ciel :<\/p>\n<p style=\"text-align: justify;\">\n<p style=\"text-align: justify;\">Ainsi :<\/p>\n<p style=\"text-align: justify;\">\u2014 le c\u0153ur \u00a0\u00a0\u00a0\u00a0\u00a0 \u00a0\u00a0: symbolis\u00e9 par le Soleil ;<\/p>\n<p style=\"text-align: justify;\">\u2014 les poumons : symbolis\u00e9 par Mercure ;<\/p>\n<p style=\"text-align: justify;\">\u2014 le foie \u00a0\u00a0\u00a0\u00a0\u00a0\u00a0\u00a0 \u00a0\u00a0: symbolis\u00e9 par Jupiter ;<\/p>\n<p style=\"text-align: justify;\">\u2014 la bile\u00a0\u00a0\u00a0\u00a0\u00a0\u00a0\u00a0\u00a0 \u00a0 : symbolis\u00e9 par Mars ;<\/p>\n<p style=\"text-align: justify;\">\u2014 la rate\u00a0\u00a0\u00a0\u00a0\u00a0\u00a0\u00a0\u00a0 \u00a0 : symbolis\u00e9 par Saturne ;<\/p>\n<p style=\"text-align: justify;\">\u2014 les reins\u00a0\u00a0\u00a0\u00a0  : symbolis\u00e9 par V\u00e9nus.<\/p>\n<p style=\"text-align: justify;\">\n<p style=\"text-align: justify;\">D&rsquo;apr\u00e8s Steiner les reins sont compl\u00e9mentaires des poumons, c&rsquo;est l&rsquo;\u00e9quilibre des deux p\u00f4les. Les reins sont les r\u00e9gulateurs du surplus qui entre dans le corps.<\/p>\n<p style=\"text-align: justify;\">\n<p style=\"text-align: justify;\">Le crit\u00e8re de la mort n&rsquo;est plus l&rsquo;arr\u00eat des poumons, puisqu&rsquo;on peut faire vivre artificiellement, mais l&rsquo;arr\u00eat physiologique du cerveau. D&rsquo;apr\u00e8s Steiner la mati\u00e8re est essentiellement le fruit de l&rsquo;\u00e9nergie. On peut avoir un organe d\u00e9fectueux, mais si l&rsquo;\u00e9nergie est brillante, la fonction peut continuer. Ainsi on enl\u00e8ve assez facilement la rate parce que son r\u00f4le est essentiellement rythmique et \u00e9nergique. L&rsquo;\u00e9nergie peut suppl\u00e9er quelque fois \u00e0 la mati\u00e8re.<\/p>\n<p style=\"text-align: justify;\">\n<p style=\"text-align: justify;\">La toux : C&rsquo;est un r\u00e9flexe qui existe pour compenser l&rsquo;insuffisance des \u00e9liminations pour les cils vibratoires. Quand il y a un encombrement un peu fort, les muscles se contractent brusquement, renvoient l&rsquo;air et activent l&rsquo;\u00e9limination du mucus. La toux est une d\u00e9fense de l&rsquo;organisme. Quelquefois quand les bronches sont en tr\u00e8s mauvais \u00e9tat, elles se dilatent, parce que les muscles se paralysent en face des inflammations. Cela forme des r\u00e9servoirs dans lesquels il y a beaucoup de mucosit\u00e9s, de liquides. La bronchite est une inflammation des bronches qui r\u00e9agissent soit par des inflammations s\u00e8ches (toux s\u00e8che), soit par augmentation du mucus (le mucus est une protection de la muqueuse).<\/p>\n<p style=\"text-align: justify;\">\n<p style=\"text-align: justify;\">Les gens qui ont des insuffisances h\u00e9patiques ont souvent des inflammations respiratoires, parce que la digestion a beaucoup de rapports avec la respiration. Pour les Chinois, c&rsquo;est le c\u00f4lon qui commande les poumons, l&rsquo;intestin gr\u00eale \u00e9tant coupl\u00e9 avec le c\u0153ur. Le foie a un r\u00f4le tr\u00e8s important, il donne des s\u00e9cr\u00e9tions, comme la bile, pour aider \u00e0 la digestion. Ensuite tous les produits de la digestion, sauf les mati\u00e8res grasses, qui vont vers les poumons, sont repris par les veines portes qui vont vers le foie. Le foie contribue \u00e0 faire bien fonctionner le c\u00f4lon et la digestion, donc les poumons. Les graisses se br\u00fblent dans les poumons qui peuvent s&rsquo;encombrer par ces voies l\u00e0. Le foie est aussi situ\u00e9 pr\u00e8s des poumons, donc il peut y avoir des r\u00e9actions de voisinage. Rien de tel pour la grippe ou les angines que de s&rsquo;occuper de la digestion, de choisir les aliments, de bien m\u00e2cher, de ne pas manger trop.<\/p>\n<p style=\"text-align: justify;\">\n<p style=\"text-align: justify;\">L&rsquo;intoxication des femmes enceintes par la cigarette : En Angleterre on a fait des statistiques, sur 17 000 enfants, n\u00e9s une certaine semaine et qui avaient sept ans. En moyenne, d&rsquo;apr\u00e8s les tests biologiques et de comportement, les enfants dont les m\u00e8res fumaient, avaient un retard psychomoteur de quatre mois. En troublant cette p\u00e9riode de croissance, on diminue la qualit\u00e9 du syst\u00e8me nerveux.<\/p>\n<p style=\"text-align: justify;\">\n<p style=\"text-align: justify;\">Les slogans publicitaires contre le tabac sont tr\u00e8s difficiles \u00e0 faire accepter, parce qu&rsquo;ils sont toujours n\u00e9gatifs : je suis non-fumeur, je ne fume pas, etc. Or le subconscient n&rsquo;accepte pas le n\u00e9gatif. La n\u00e9gation bloque les gens, pour les faire \u00e9voluer, il faut que le processus soit positif.<\/p>\n","protected":false},"excerpt":{"rendered":"<p>Steiner insiste beaucoup sur le mode de contact que nous avons entre l&rsquo;int\u00e9rieur et l&rsquo;ext\u00e9rieur. Le sang est le support du \u00ab moi \u00bb, de la personnalit\u00e9, de la chaleur. C&rsquo;est par le sang que le \u00ab moi \u00bb est en rapport direct avec le monde ext\u00e9rieur par l&rsquo;interm\u00e9diaire de la respiration et de l&rsquo;air. Nous percevons le chaud, le froid, la pollution d&rsquo;une mani\u00e8re directe. C&rsquo;est un mode de perception qui n&rsquo;est pas tout \u00e0 fait conscient, mais qui est direct par rapport aux autres, comme par exemple la lumi\u00e8re, le son que nous percevons par contact indirect par l&rsquo;interm\u00e9diaire du syst\u00e8me nerveux. Nous n&rsquo;avons pas davantage de contact avec les aliments, parce que ceux-ci sont d\u00e9compos\u00e9s et que la combustion d\u00e9truit le caract\u00e8re propre des aliments pour que nous en reconstruisions quelque chose. Ce travail se passe dans l&rsquo;inconscient.<\/p>\n","protected":false},"author":1,"featured_media":0,"comment_status":"closed","ping_status":"closed","sticky":false,"template":"","format":"standard","meta":{"footnotes":""},"categories":[323,887],"tags":[358,452],"class_list":["post-3359","post","type-post","status-publish","format-standard","hentry","category-m-cousin","category-therapies-alternatives","tag-respiration","tag-steiner"],"yoast_head":"<!-- This site is optimized with the Yoast SEO plugin v27.0 - https:\/\/yoast.com\/product\/yoast-seo-wordpress\/ -->\n<title>La respiration par le docteur Maud Cousin - 3e mill\u00e9naire - Spiritualit\u00e9 - Connaissance de soi - Non-dualit\u00e9 - M\u00e9ditation<\/title>\n<meta name=\"robots\" content=\"index, follow, max-snippet:-1, max-image-preview:large, max-video-preview:-1\" \/>\n<link rel=\"canonical\" href=\"https:\/\/www.revue3emillenaire.com\/blog\/la-respiration-par-le-docteur-maud-cousin\/\" \/>\n<meta property=\"og:locale\" content=\"fr_FR\" \/>\n<meta property=\"og:type\" content=\"article\" \/>\n<meta property=\"og:title\" content=\"La respiration par le docteur Maud Cousin - 3e mill\u00e9naire - Spiritualit\u00e9 - Connaissance de soi - Non-dualit\u00e9 - M\u00e9ditation\" \/>\n<meta property=\"og:description\" content=\"Steiner insiste beaucoup sur le mode de contact que nous avons entre l&#039;int\u00e9rieur et l&#039;ext\u00e9rieur. Le sang est le support du \u00ab moi \u00bb, de la personnalit\u00e9, de la chaleur. C&#039;est par le sang que le \u00ab moi \u00bb est en rapport direct avec le monde ext\u00e9rieur par l&#039;interm\u00e9diaire de la respiration et de l&#039;air. Nous percevons le chaud, le froid, la pollution d&#039;une mani\u00e8re directe. C&#039;est un mode de perception qui n&#039;est pas tout \u00e0 fait conscient, mais qui est direct par rapport aux autres, comme par exemple la lumi\u00e8re, le son que nous percevons par contact indirect par l&#039;interm\u00e9diaire du syst\u00e8me nerveux. Nous n&#039;avons pas davantage de contact avec les aliments, parce que ceux-ci sont d\u00e9compos\u00e9s et que la combustion d\u00e9truit le caract\u00e8re propre des aliments pour que nous en reconstruisions quelque chose. Ce travail se passe dans l&#039;inconscient.\" \/>\n<meta property=\"og:url\" content=\"https:\/\/www.revue3emillenaire.com\/blog\/la-respiration-par-le-docteur-maud-cousin\/\" \/>\n<meta property=\"og:site_name\" content=\"3e mill\u00e9naire - Spiritualit\u00e9 - Connaissance de soi - Non-dualit\u00e9 - M\u00e9ditation\" \/>\n<meta property=\"article:published_time\" content=\"2010-04-23T14:49:36+00:00\" \/>\n<meta property=\"article:modified_time\" content=\"2011-10-08T22:50:58+00:00\" \/>\n<meta name=\"author\" content=\"3e mill\u00e9naire\" \/>\n<meta name=\"twitter:card\" content=\"summary_large_image\" \/>\n<meta name=\"twitter:label1\" content=\"\u00c9crit par\" \/>\n\t<meta name=\"twitter:data1\" content=\"3e mill\u00e9naire\" \/>\n\t<meta name=\"twitter:label2\" content=\"Dur\u00e9e de lecture estim\u00e9e\" \/>\n\t<meta name=\"twitter:data2\" content=\"14 minutes\" \/>\n<script type=\"application\/ld+json\" class=\"yoast-schema-graph\">{\"@context\":\"https:\/\/schema.org\",\"@graph\":[{\"@type\":\"Article\",\"@id\":\"https:\/\/www.revue3emillenaire.com\/blog\/la-respiration-par-le-docteur-maud-cousin\/#article\",\"isPartOf\":{\"@id\":\"https:\/\/www.revue3emillenaire.com\/blog\/la-respiration-par-le-docteur-maud-cousin\/\"},\"author\":{\"name\":\"3e mill\u00e9naire\",\"@id\":\"https:\/\/www.revue3emillenaire.com\/blog\/#\/schema\/person\/9a3a7cc4ccaa707f402d4394327106d5\"},\"headline\":\"La respiration par le docteur Maud Cousin\",\"datePublished\":\"2010-04-23T14:49:36+00:00\",\"dateModified\":\"2011-10-08T22:50:58+00:00\",\"mainEntityOfPage\":{\"@id\":\"https:\/\/www.revue3emillenaire.com\/blog\/la-respiration-par-le-docteur-maud-cousin\/\"},\"wordCount\":2783,\"keywords\":[\"respiration\",\"Steiner\"],\"articleSection\":[\"Cousin Maud\",\"Th\u00e9rapies &amp; Approches Alternatives\"],\"inLanguage\":\"fr-FR\"},{\"@type\":\"WebPage\",\"@id\":\"https:\/\/www.revue3emillenaire.com\/blog\/la-respiration-par-le-docteur-maud-cousin\/\",\"url\":\"https:\/\/www.revue3emillenaire.com\/blog\/la-respiration-par-le-docteur-maud-cousin\/\",\"name\":\"La respiration par le docteur Maud Cousin - 3e mill\u00e9naire - Spiritualit\u00e9 - Connaissance de soi - Non-dualit\u00e9 - M\u00e9ditation\",\"isPartOf\":{\"@id\":\"https:\/\/www.revue3emillenaire.com\/blog\/#website\"},\"datePublished\":\"2010-04-23T14:49:36+00:00\",\"dateModified\":\"2011-10-08T22:50:58+00:00\",\"author\":{\"@id\":\"https:\/\/www.revue3emillenaire.com\/blog\/#\/schema\/person\/9a3a7cc4ccaa707f402d4394327106d5\"},\"breadcrumb\":{\"@id\":\"https:\/\/www.revue3emillenaire.com\/blog\/la-respiration-par-le-docteur-maud-cousin\/#breadcrumb\"},\"inLanguage\":\"fr-FR\",\"potentialAction\":[{\"@type\":\"ReadAction\",\"target\":[\"https:\/\/www.revue3emillenaire.com\/blog\/la-respiration-par-le-docteur-maud-cousin\/\"]}]},{\"@type\":\"BreadcrumbList\",\"@id\":\"https:\/\/www.revue3emillenaire.com\/blog\/la-respiration-par-le-docteur-maud-cousin\/#breadcrumb\",\"itemListElement\":[{\"@type\":\"ListItem\",\"position\":1,\"name\":\"Accueil\",\"item\":\"https:\/\/www.revue3emillenaire.com\/blog\/\"},{\"@type\":\"ListItem\",\"position\":2,\"name\":\"La respiration par le docteur Maud Cousin\"}]},{\"@type\":\"WebSite\",\"@id\":\"https:\/\/www.revue3emillenaire.com\/blog\/#website\",\"url\":\"https:\/\/www.revue3emillenaire.com\/blog\/\",\"name\":\"3e mill\u00e9naire - Spiritualit\u00e9 - Connaissance de soi - Non-dualit\u00e9 - M\u00e9ditation\",\"description\":\"L&#039;Homme en devenir\",\"potentialAction\":[{\"@type\":\"SearchAction\",\"target\":{\"@type\":\"EntryPoint\",\"urlTemplate\":\"https:\/\/www.revue3emillenaire.com\/blog\/?s={search_term_string}\"},\"query-input\":{\"@type\":\"PropertyValueSpecification\",\"valueRequired\":true,\"valueName\":\"search_term_string\"}}],\"inLanguage\":\"fr-FR\"},{\"@type\":\"Person\",\"@id\":\"https:\/\/www.revue3emillenaire.com\/blog\/#\/schema\/person\/9a3a7cc4ccaa707f402d4394327106d5\",\"name\":\"3e mill\u00e9naire\",\"url\":\"https:\/\/www.revue3emillenaire.com\/blog\/author\/admin\/\"}]}<\/script>\n<!-- \/ Yoast SEO plugin. -->","yoast_head_json":{"title":"La respiration par le docteur Maud Cousin - 3e mill\u00e9naire - Spiritualit\u00e9 - Connaissance de soi - Non-dualit\u00e9 - M\u00e9ditation","robots":{"index":"index","follow":"follow","max-snippet":"max-snippet:-1","max-image-preview":"max-image-preview:large","max-video-preview":"max-video-preview:-1"},"canonical":"https:\/\/www.revue3emillenaire.com\/blog\/la-respiration-par-le-docteur-maud-cousin\/","og_locale":"fr_FR","og_type":"article","og_title":"La respiration par le docteur Maud Cousin - 3e mill\u00e9naire - Spiritualit\u00e9 - Connaissance de soi - Non-dualit\u00e9 - M\u00e9ditation","og_description":"Steiner insiste beaucoup sur le mode de contact que nous avons entre l'int\u00e9rieur et l'ext\u00e9rieur. Le sang est le support du \u00ab moi \u00bb, de la personnalit\u00e9, de la chaleur. C'est par le sang que le \u00ab moi \u00bb est en rapport direct avec le monde ext\u00e9rieur par l'interm\u00e9diaire de la respiration et de l'air. Nous percevons le chaud, le froid, la pollution d'une mani\u00e8re directe. C'est un mode de perception qui n'est pas tout \u00e0 fait conscient, mais qui est direct par rapport aux autres, comme par exemple la lumi\u00e8re, le son que nous percevons par contact indirect par l'interm\u00e9diaire du syst\u00e8me nerveux. Nous n'avons pas davantage de contact avec les aliments, parce que ceux-ci sont d\u00e9compos\u00e9s et que la combustion d\u00e9truit le caract\u00e8re propre des aliments pour que nous en reconstruisions quelque chose. Ce travail se passe dans l'inconscient.","og_url":"https:\/\/www.revue3emillenaire.com\/blog\/la-respiration-par-le-docteur-maud-cousin\/","og_site_name":"3e mill\u00e9naire - Spiritualit\u00e9 - Connaissance de soi - Non-dualit\u00e9 - M\u00e9ditation","article_published_time":"2010-04-23T14:49:36+00:00","article_modified_time":"2011-10-08T22:50:58+00:00","author":"3e mill\u00e9naire","twitter_card":"summary_large_image","twitter_misc":{"\u00c9crit par":"3e mill\u00e9naire","Dur\u00e9e de lecture estim\u00e9e":"14 minutes"},"schema":{"@context":"https:\/\/schema.org","@graph":[{"@type":"Article","@id":"https:\/\/www.revue3emillenaire.com\/blog\/la-respiration-par-le-docteur-maud-cousin\/#article","isPartOf":{"@id":"https:\/\/www.revue3emillenaire.com\/blog\/la-respiration-par-le-docteur-maud-cousin\/"},"author":{"name":"3e mill\u00e9naire","@id":"https:\/\/www.revue3emillenaire.com\/blog\/#\/schema\/person\/9a3a7cc4ccaa707f402d4394327106d5"},"headline":"La respiration par le docteur Maud Cousin","datePublished":"2010-04-23T14:49:36+00:00","dateModified":"2011-10-08T22:50:58+00:00","mainEntityOfPage":{"@id":"https:\/\/www.revue3emillenaire.com\/blog\/la-respiration-par-le-docteur-maud-cousin\/"},"wordCount":2783,"keywords":["respiration","Steiner"],"articleSection":["Cousin Maud","Th\u00e9rapies &amp; Approches Alternatives"],"inLanguage":"fr-FR"},{"@type":"WebPage","@id":"https:\/\/www.revue3emillenaire.com\/blog\/la-respiration-par-le-docteur-maud-cousin\/","url":"https:\/\/www.revue3emillenaire.com\/blog\/la-respiration-par-le-docteur-maud-cousin\/","name":"La respiration par le docteur Maud Cousin - 3e mill\u00e9naire - Spiritualit\u00e9 - Connaissance de soi - Non-dualit\u00e9 - M\u00e9ditation","isPartOf":{"@id":"https:\/\/www.revue3emillenaire.com\/blog\/#website"},"datePublished":"2010-04-23T14:49:36+00:00","dateModified":"2011-10-08T22:50:58+00:00","author":{"@id":"https:\/\/www.revue3emillenaire.com\/blog\/#\/schema\/person\/9a3a7cc4ccaa707f402d4394327106d5"},"breadcrumb":{"@id":"https:\/\/www.revue3emillenaire.com\/blog\/la-respiration-par-le-docteur-maud-cousin\/#breadcrumb"},"inLanguage":"fr-FR","potentialAction":[{"@type":"ReadAction","target":["https:\/\/www.revue3emillenaire.com\/blog\/la-respiration-par-le-docteur-maud-cousin\/"]}]},{"@type":"BreadcrumbList","@id":"https:\/\/www.revue3emillenaire.com\/blog\/la-respiration-par-le-docteur-maud-cousin\/#breadcrumb","itemListElement":[{"@type":"ListItem","position":1,"name":"Accueil","item":"https:\/\/www.revue3emillenaire.com\/blog\/"},{"@type":"ListItem","position":2,"name":"La respiration par le docteur Maud Cousin"}]},{"@type":"WebSite","@id":"https:\/\/www.revue3emillenaire.com\/blog\/#website","url":"https:\/\/www.revue3emillenaire.com\/blog\/","name":"3e mill\u00e9naire - Spiritualit\u00e9 - Connaissance de soi - Non-dualit\u00e9 - M\u00e9ditation","description":"L&#039;Homme en devenir","potentialAction":[{"@type":"SearchAction","target":{"@type":"EntryPoint","urlTemplate":"https:\/\/www.revue3emillenaire.com\/blog\/?s={search_term_string}"},"query-input":{"@type":"PropertyValueSpecification","valueRequired":true,"valueName":"search_term_string"}}],"inLanguage":"fr-FR"},{"@type":"Person","@id":"https:\/\/www.revue3emillenaire.com\/blog\/#\/schema\/person\/9a3a7cc4ccaa707f402d4394327106d5","name":"3e mill\u00e9naire","url":"https:\/\/www.revue3emillenaire.com\/blog\/author\/admin\/"}]}},"_links":{"self":[{"href":"https:\/\/www.revue3emillenaire.com\/blog\/wp-json\/wp\/v2\/posts\/3359","targetHints":{"allow":["GET"]}}],"collection":[{"href":"https:\/\/www.revue3emillenaire.com\/blog\/wp-json\/wp\/v2\/posts"}],"about":[{"href":"https:\/\/www.revue3emillenaire.com\/blog\/wp-json\/wp\/v2\/types\/post"}],"author":[{"embeddable":true,"href":"https:\/\/www.revue3emillenaire.com\/blog\/wp-json\/wp\/v2\/users\/1"}],"replies":[{"embeddable":true,"href":"https:\/\/www.revue3emillenaire.com\/blog\/wp-json\/wp\/v2\/comments?post=3359"}],"version-history":[{"count":0,"href":"https:\/\/www.revue3emillenaire.com\/blog\/wp-json\/wp\/v2\/posts\/3359\/revisions"}],"wp:attachment":[{"href":"https:\/\/www.revue3emillenaire.com\/blog\/wp-json\/wp\/v2\/media?parent=3359"}],"wp:term":[{"taxonomy":"category","embeddable":true,"href":"https:\/\/www.revue3emillenaire.com\/blog\/wp-json\/wp\/v2\/categories?post=3359"},{"taxonomy":"post_tag","embeddable":true,"href":"https:\/\/www.revue3emillenaire.com\/blog\/wp-json\/wp\/v2\/tags?post=3359"}],"curies":[{"name":"wp","href":"https:\/\/api.w.org\/{rel}","templated":true}]}}