{"id":337,"date":"2009-07-06T00:00:00","date_gmt":"2009-07-06T00:00:00","guid":{"rendered":"http:\/\/www.revue3emillenaire.com\/blog\/?p=337"},"modified":"2011-10-06T01:15:33","modified_gmt":"2011-10-06T00:15:33","slug":"on-peut-porter-jugement-sur-un-acte-mais-non-sur-son-auteur-par-ren-four","status":"publish","type":"post","link":"https:\/\/www.revue3emillenaire.com\/blog\/on-peut-porter-jugement-sur-un-acte-mais-non-sur-son-auteur-par-ren-four\/","title":{"rendered":"On peut porter jugement sur un acte mais non sur son auteur par Ren\u00e9 Fou\u00e9r\u00e9"},"content":{"rendered":"<p style=\"text-align: justify;\">(Extrait de La r\u00e9volution du R\u00e9el, Krishnamurti, \u00c9dition Le Courrier Du Livre 1985)<\/p>\n<p style=\"text-align: justify;\">C&rsquo;est saint Augustin et saint Thomas d&rsquo;Aquin qui, \u00e0 des si\u00e8cles de distance, se sont accord\u00e9s pour dire \u2014 dans l&rsquo;esprit des pr\u00e9ceptes rapport\u00e9s au chapitre 5, versets 38 \u00e0 48, de l&rsquo;\u00e9vangile selon saint Mathieu \u2014 que nous devions d\u00e9tester le p\u00e9ch\u00e9, parce qu&rsquo;il est ha\u00efssable \u00e0 Dieu, mais aimer le p\u00e9cheur, parce qu&rsquo;il est notre prochain.<\/p>\n<p style=\"text-align: justify;\">Sans pour autant me r\u00e9f\u00e9rer, ni vouloir ob\u00e9ir, \u00e0 des textes ou \u00e0 des commandements bibliques, je m&rsquo;accorderais, en un sens, avec ces docteurs de l&rsquo;Eglise quant \u00e0 cette double attitude, si difficile \u00e0 observer, qu&rsquo;ils demandaient aux chr\u00e9tiens d&rsquo;adopter \u00e0 l&rsquo;\u00e9gard de la faute commise et de son auteur.<\/p>\n<p style=\"text-align: justify;\">Car j&rsquo;estime que s&rsquo;il est parfaitement et moralement licite de porter un jugement sur un acte malfaisant, de condamner cet acte, par un l\u00e9gitime souci de protection individuelle et sociale, on n&rsquo;est pas, en revanche, fond\u00e9, en \u00ab droit ontologique \u00bb si je puis dire, \u00e0 porter un jugement sur son auteur.<\/p>\n<p style=\"text-align: justify;\">Puisque, \u00e0 bien des \u00e9gards, cet auteur n&rsquo;a pu choisir d&rsquo;\u00eatre ce qu&rsquo;il est. M\u00eame si, au cours du temps, il a pu para\u00eetre donner d\u00e9lib\u00e9r\u00e9ment, intentionnellement, certaines orientations \u00e0 son caract\u00e8re et \u00e0 sa vie, il n&rsquo;a pu \u00eatre \u00ab personnellement \u00bb responsable de ce que fut son \u00eatre \u00e0 l&rsquo;origine.<\/p>\n<p style=\"text-align: justify;\">En effet, comme je l&rsquo;ai maintes fois dit, il aurait fallu \u00eatre avant d&rsquo;\u00eatre pour avoir pu choisir d&rsquo;\u00eatre ce que l&rsquo;on serait, c&rsquo;est-\u00e0-dire ce que l&rsquo;on est. Ce qui e\u00fbt \u00e9t\u00e9 une contradiction dans les termes, une situation inconcevable, une impossibilit\u00e9 absolue.<\/p>\n<p style=\"text-align: justify;\">Je peux juger les actes de l&rsquo;autre, mais, \u00e0 vues humaines, je ne peux donc pas juger l&rsquo;autre. Car je ne sais pas pourquoi, dans l&rsquo;effarante aventure, le fantastique hasard des naissances plan\u00e9taires innombrables, je ne me suis pas trouv\u00e9 \u00eatre lui plut\u00f4t que moi.<\/p>\n<p style=\"text-align: justify;\">M\u00eame si j&rsquo;accepte la responsabilit\u00e9 sociale, la responsabilit\u00e9 humaine, de mes pens\u00e9es, de mes sentiments et de mes actes ; m\u00eame si j&rsquo;accepte d&rsquo;\u00eatre ce que je suis, m\u00eame si je m&rsquo;en r\u00e9jouis, je n&rsquo;ai pas, pour autant, le sentiment de m&rsquo;\u00eatre, \u00e0 l&rsquo;origine, choisi ; je ne me sens pas responsable, je ne me sens pas l&rsquo;auteur du fait et des caract\u00e9ristiques de ma propre existence.<\/p>\n<p style=\"text-align: justify;\">Si l&rsquo;on n&rsquo;introduit pas quelque id\u00e9e de r\u00e9incarnation \u2014 ce qui ne fait d&rsquo;ailleurs que reporter dans un pass\u00e9 tr\u00e8s lointain le probl\u00e8me du choix de mon \u00eatre, sans pour autant le r\u00e9soudre \u2014, on ne voit pas bien comment mon \u00eatre actuel aurait pu \u00eatre responsable de sa naissance et des potentialit\u00e9s d\u00e9pos\u00e9es en lui lors de son apparition en ce monde. Comment il aurait pu \u00eatre responsable du choix de mes parents. Et, pas plus que moi, l&rsquo;autre n&rsquo;a pu en faire expr\u00e8s d&rsquo;\u00eatre ce qu&rsquo;il est.<\/p>\n<p style=\"text-align: justify;\">J&rsquo;insiste toutefois sur ce point \u2014 dont j&rsquo;ai d\u00e9j\u00e0 parl\u00e9 dans ma note \u00ab Psychologiquement, ce n&rsquo;est pas autrui qui me fait mal, c&rsquo;est moi qui me fais mal avec autrui \u00bb \u2014 que le fait de s&rsquo;interdire de juger l&rsquo;autre ne saurait s&rsquo;opposer \u00e0 ce qu&rsquo;on porte un jugement sur ses actes, \u00e0 ce qu&rsquo;on se d\u00e9fende contre la menace qu&rsquo;ils peuvent constituer pour nous-m\u00eame ou pour la soci\u00e9t\u00e9. Mais cette protection l\u00e9gitime contre des actes malfaisants ne nous oblige pas, et m\u00eame ne nous autorise pas, \u00e0 d\u00e9tester leur auteur, \u00e0 le brutaliser nous-m\u00eame, par esprit de vengeance, et en y prenant plaisir. Ce qui ne ferait du reste que lui fournir des pr\u00e9textes \u00e0 pers\u00e9v\u00e9rer dans sa malfaisance, \u00e0 s&rsquo;y enfoncer.<\/p>\n<p style=\"padding-left: 270px; text-align: justify;\">***<\/p>\n<p style=\"text-align: justify;\">En r\u00e9sum\u00e9, chacun de nous a d\u00e9barqu\u00e9 en ce monde \u00e0 l&rsquo;insu de ce qu&rsquo;il est aujourd&rsquo;hui et n&rsquo;a pas conscience d&rsquo;avoir choisi ses caract\u00e8res biologiques et psychologiques originels. Il n&rsquo;a pas davantage conscience d&rsquo;avoir choisi ses parents, ni son milieu social et culturel, ni sa nation, ni sa plan\u00e8te, ni son univers. Il ne peut pas se sentir responsable de tous ces choix.<\/p>\n<p style=\"text-align: justify;\">Ce serait plut\u00f4t cet univers qui aurait choisi de le faire na\u00eetre et de le doter de ses caract\u00e9ristiques personnelles initiales.<\/p>\n<p style=\"text-align: justify;\">P.S. \u2014 C&rsquo;est le remarquable propos \u00ab Non coupable d&rsquo;\u00eatre ce qu&rsquo;il est \u00bb, tenu le 9 janvier 1981, au cours d&rsquo;une \u00e9mission radio que j&rsquo;ai par hasard entendue, par une femme faisant fonction de jur\u00e9 dans un tribunal de fantaisie, qui m&rsquo;a donn\u00e9 l&rsquo;id\u00e9e d&rsquo;exposer, sous une forme plus ordonn\u00e9e, des vues qui \u00e9taient miennes en toute conscience depuis longtemps. En fait depuis, d\u00e9j\u00e0, 1962.<\/p>\n<p style=\"padding-left: 210px; text-align: justify;\">20.2.1981 \u2014 21.12.1983<\/p>\n","protected":false},"excerpt":{"rendered":"<p>C&rsquo;est saint Augustin et saint Thomas d&rsquo;Aquin qui, \u00e0 des si\u00e8cles de distance, se sont accord\u00e9s pour dire \u2014 dans l&rsquo;esprit des pr\u00e9ceptes rapport\u00e9s au chapitre 5, versets 38 \u00e0 48, de l&rsquo;\u00e9vangile selon saint Mathieu \u2014 que nous devions d\u00e9tester le p\u00e9ch\u00e9, parce qu&rsquo;il est ha\u00efssable \u00e0 Dieu, mais aimer le p\u00e9cheur, parce qu&rsquo;il est notre prochain. Sans pour autant me r\u00e9f\u00e9rer, ni vouloir ob\u00e9ir, \u00e0 des textes ou \u00e0 des commandements bibliques, je m&rsquo;accorderais, en un sens, avec ces docteurs de l&rsquo;Eglise quant \u00e0 cette double attitude, si difficile \u00e0 observer, qu&rsquo;ils demandaient aux chr\u00e9tiens d&rsquo;adopter \u00e0 l&rsquo;\u00e9gard de la faute commise et de son auteur.<\/p>\n","protected":false},"author":1,"featured_media":0,"comment_status":"open","ping_status":"open","sticky":false,"template":"","format":"standard","meta":{"footnotes":""},"categories":[61],"tags":[166,165,102,121],"class_list":["post-337","post","type-post","status-publish","format-standard","hentry","category-r-fouere","tag-acte","tag-jugement","tag-psychologie","tag-vie-interieure"],"yoast_head":"<!-- This site is optimized with the Yoast SEO plugin v27.0 - https:\/\/yoast.com\/product\/yoast-seo-wordpress\/ -->\n<title>On peut porter jugement sur un acte mais non sur son auteur par Ren\u00e9 Fou\u00e9r\u00e9 - 3e mill\u00e9naire - Spiritualit\u00e9 - Connaissance de soi - Non-dualit\u00e9 - M\u00e9ditation<\/title>\n<meta name=\"robots\" content=\"index, follow, max-snippet:-1, max-image-preview:large, max-video-preview:-1\" \/>\n<link rel=\"canonical\" href=\"https:\/\/www.revue3emillenaire.com\/blog\/on-peut-porter-jugement-sur-un-acte-mais-non-sur-son-auteur-par-ren-four\/\" \/>\n<meta property=\"og:locale\" content=\"fr_FR\" \/>\n<meta property=\"og:type\" content=\"article\" \/>\n<meta property=\"og:title\" content=\"On peut porter jugement sur un acte mais non sur son auteur par Ren\u00e9 Fou\u00e9r\u00e9 - 3e mill\u00e9naire - Spiritualit\u00e9 - Connaissance de soi - Non-dualit\u00e9 - M\u00e9ditation\" \/>\n<meta property=\"og:description\" content=\"C&#039;est saint Augustin et saint Thomas d&#039;Aquin qui, \u00e0 des si\u00e8cles de distance, se sont accord\u00e9s pour dire \u2014 dans l&#039;esprit des pr\u00e9ceptes rapport\u00e9s au chapitre 5, versets 38 \u00e0 48, de l&#039;\u00e9vangile selon saint Mathieu \u2014 que nous devions d\u00e9tester le p\u00e9ch\u00e9, parce qu&#039;il est ha\u00efssable \u00e0 Dieu, mais aimer le p\u00e9cheur, parce qu&#039;il est notre prochain. Sans pour autant me r\u00e9f\u00e9rer, ni vouloir ob\u00e9ir, \u00e0 des textes ou \u00e0 des commandements bibliques, je m&#039;accorderais, en un sens, avec ces docteurs de l&#039;Eglise quant \u00e0 cette double attitude, si difficile \u00e0 observer, qu&#039;ils demandaient aux chr\u00e9tiens d&#039;adopter \u00e0 l&#039;\u00e9gard de la faute commise et de son auteur.\" \/>\n<meta property=\"og:url\" content=\"https:\/\/www.revue3emillenaire.com\/blog\/on-peut-porter-jugement-sur-un-acte-mais-non-sur-son-auteur-par-ren-four\/\" \/>\n<meta property=\"og:site_name\" content=\"3e mill\u00e9naire - Spiritualit\u00e9 - Connaissance de soi - Non-dualit\u00e9 - M\u00e9ditation\" \/>\n<meta property=\"article:published_time\" content=\"2009-07-06T00:00:00+00:00\" \/>\n<meta property=\"article:modified_time\" content=\"2011-10-06T00:15:33+00:00\" \/>\n<meta name=\"author\" content=\"3e mill\u00e9naire\" \/>\n<meta name=\"twitter:card\" content=\"summary_large_image\" \/>\n<meta name=\"twitter:label1\" content=\"\u00c9crit par\" \/>\n\t<meta name=\"twitter:data1\" content=\"3e mill\u00e9naire\" \/>\n\t<meta name=\"twitter:label2\" content=\"Dur\u00e9e de lecture estim\u00e9e\" \/>\n\t<meta name=\"twitter:data2\" content=\"4 minutes\" \/>\n<script type=\"application\/ld+json\" class=\"yoast-schema-graph\">{\"@context\":\"https:\/\/schema.org\",\"@graph\":[{\"@type\":\"Article\",\"@id\":\"https:\/\/www.revue3emillenaire.com\/blog\/on-peut-porter-jugement-sur-un-acte-mais-non-sur-son-auteur-par-ren-four\/#article\",\"isPartOf\":{\"@id\":\"https:\/\/www.revue3emillenaire.com\/blog\/on-peut-porter-jugement-sur-un-acte-mais-non-sur-son-auteur-par-ren-four\/\"},\"author\":{\"name\":\"3e mill\u00e9naire\",\"@id\":\"https:\/\/www.revue3emillenaire.com\/blog\/#\/schema\/person\/9a3a7cc4ccaa707f402d4394327106d5\"},\"headline\":\"On peut porter jugement sur un acte mais non sur son auteur par Ren\u00e9 Fou\u00e9r\u00e9\",\"datePublished\":\"2009-07-06T00:00:00+00:00\",\"dateModified\":\"2011-10-06T00:15:33+00:00\",\"mainEntityOfPage\":{\"@id\":\"https:\/\/www.revue3emillenaire.com\/blog\/on-peut-porter-jugement-sur-un-acte-mais-non-sur-son-auteur-par-ren-four\/\"},\"wordCount\":785,\"commentCount\":0,\"keywords\":[\"Acte\",\"jugement\",\"Psychologie\",\"Vie int\u00e9rieure\"],\"articleSection\":[\"Fou\u00e9r\u00e9 Ren\u00e9\"],\"inLanguage\":\"fr-FR\",\"potentialAction\":[{\"@type\":\"CommentAction\",\"name\":\"Comment\",\"target\":[\"https:\/\/www.revue3emillenaire.com\/blog\/on-peut-porter-jugement-sur-un-acte-mais-non-sur-son-auteur-par-ren-four\/#respond\"]}]},{\"@type\":\"WebPage\",\"@id\":\"https:\/\/www.revue3emillenaire.com\/blog\/on-peut-porter-jugement-sur-un-acte-mais-non-sur-son-auteur-par-ren-four\/\",\"url\":\"https:\/\/www.revue3emillenaire.com\/blog\/on-peut-porter-jugement-sur-un-acte-mais-non-sur-son-auteur-par-ren-four\/\",\"name\":\"On peut porter jugement sur un acte mais non sur son auteur par Ren\u00e9 Fou\u00e9r\u00e9 - 3e mill\u00e9naire - Spiritualit\u00e9 - Connaissance de soi - Non-dualit\u00e9 - M\u00e9ditation\",\"isPartOf\":{\"@id\":\"https:\/\/www.revue3emillenaire.com\/blog\/#website\"},\"datePublished\":\"2009-07-06T00:00:00+00:00\",\"dateModified\":\"2011-10-06T00:15:33+00:00\",\"author\":{\"@id\":\"https:\/\/www.revue3emillenaire.com\/blog\/#\/schema\/person\/9a3a7cc4ccaa707f402d4394327106d5\"},\"breadcrumb\":{\"@id\":\"https:\/\/www.revue3emillenaire.com\/blog\/on-peut-porter-jugement-sur-un-acte-mais-non-sur-son-auteur-par-ren-four\/#breadcrumb\"},\"inLanguage\":\"fr-FR\",\"potentialAction\":[{\"@type\":\"ReadAction\",\"target\":[\"https:\/\/www.revue3emillenaire.com\/blog\/on-peut-porter-jugement-sur-un-acte-mais-non-sur-son-auteur-par-ren-four\/\"]}]},{\"@type\":\"BreadcrumbList\",\"@id\":\"https:\/\/www.revue3emillenaire.com\/blog\/on-peut-porter-jugement-sur-un-acte-mais-non-sur-son-auteur-par-ren-four\/#breadcrumb\",\"itemListElement\":[{\"@type\":\"ListItem\",\"position\":1,\"name\":\"Accueil\",\"item\":\"https:\/\/www.revue3emillenaire.com\/blog\/\"},{\"@type\":\"ListItem\",\"position\":2,\"name\":\"On peut porter jugement sur un acte mais non sur son auteur par Ren\u00e9 Fou\u00e9r\u00e9\"}]},{\"@type\":\"WebSite\",\"@id\":\"https:\/\/www.revue3emillenaire.com\/blog\/#website\",\"url\":\"https:\/\/www.revue3emillenaire.com\/blog\/\",\"name\":\"3e mill\u00e9naire - Spiritualit\u00e9 - Connaissance de soi - Non-dualit\u00e9 - M\u00e9ditation\",\"description\":\"L&#039;Homme en devenir\",\"potentialAction\":[{\"@type\":\"SearchAction\",\"target\":{\"@type\":\"EntryPoint\",\"urlTemplate\":\"https:\/\/www.revue3emillenaire.com\/blog\/?s={search_term_string}\"},\"query-input\":{\"@type\":\"PropertyValueSpecification\",\"valueRequired\":true,\"valueName\":\"search_term_string\"}}],\"inLanguage\":\"fr-FR\"},{\"@type\":\"Person\",\"@id\":\"https:\/\/www.revue3emillenaire.com\/blog\/#\/schema\/person\/9a3a7cc4ccaa707f402d4394327106d5\",\"name\":\"3e mill\u00e9naire\",\"url\":\"https:\/\/www.revue3emillenaire.com\/blog\/author\/admin\/\"}]}<\/script>\n<!-- \/ Yoast SEO plugin. -->","yoast_head_json":{"title":"On peut porter jugement sur un acte mais non sur son auteur par Ren\u00e9 Fou\u00e9r\u00e9 - 3e mill\u00e9naire - Spiritualit\u00e9 - Connaissance de soi - Non-dualit\u00e9 - M\u00e9ditation","robots":{"index":"index","follow":"follow","max-snippet":"max-snippet:-1","max-image-preview":"max-image-preview:large","max-video-preview":"max-video-preview:-1"},"canonical":"https:\/\/www.revue3emillenaire.com\/blog\/on-peut-porter-jugement-sur-un-acte-mais-non-sur-son-auteur-par-ren-four\/","og_locale":"fr_FR","og_type":"article","og_title":"On peut porter jugement sur un acte mais non sur son auteur par Ren\u00e9 Fou\u00e9r\u00e9 - 3e mill\u00e9naire - Spiritualit\u00e9 - Connaissance de soi - Non-dualit\u00e9 - M\u00e9ditation","og_description":"C'est saint Augustin et saint Thomas d'Aquin qui, \u00e0 des si\u00e8cles de distance, se sont accord\u00e9s pour dire \u2014 dans l'esprit des pr\u00e9ceptes rapport\u00e9s au chapitre 5, versets 38 \u00e0 48, de l'\u00e9vangile selon saint Mathieu \u2014 que nous devions d\u00e9tester le p\u00e9ch\u00e9, parce qu'il est ha\u00efssable \u00e0 Dieu, mais aimer le p\u00e9cheur, parce qu'il est notre prochain. Sans pour autant me r\u00e9f\u00e9rer, ni vouloir ob\u00e9ir, \u00e0 des textes ou \u00e0 des commandements bibliques, je m'accorderais, en un sens, avec ces docteurs de l'Eglise quant \u00e0 cette double attitude, si difficile \u00e0 observer, qu'ils demandaient aux chr\u00e9tiens d'adopter \u00e0 l'\u00e9gard de la faute commise et de son auteur.","og_url":"https:\/\/www.revue3emillenaire.com\/blog\/on-peut-porter-jugement-sur-un-acte-mais-non-sur-son-auteur-par-ren-four\/","og_site_name":"3e mill\u00e9naire - Spiritualit\u00e9 - Connaissance de soi - Non-dualit\u00e9 - M\u00e9ditation","article_published_time":"2009-07-06T00:00:00+00:00","article_modified_time":"2011-10-06T00:15:33+00:00","author":"3e mill\u00e9naire","twitter_card":"summary_large_image","twitter_misc":{"\u00c9crit par":"3e mill\u00e9naire","Dur\u00e9e de lecture estim\u00e9e":"4 minutes"},"schema":{"@context":"https:\/\/schema.org","@graph":[{"@type":"Article","@id":"https:\/\/www.revue3emillenaire.com\/blog\/on-peut-porter-jugement-sur-un-acte-mais-non-sur-son-auteur-par-ren-four\/#article","isPartOf":{"@id":"https:\/\/www.revue3emillenaire.com\/blog\/on-peut-porter-jugement-sur-un-acte-mais-non-sur-son-auteur-par-ren-four\/"},"author":{"name":"3e mill\u00e9naire","@id":"https:\/\/www.revue3emillenaire.com\/blog\/#\/schema\/person\/9a3a7cc4ccaa707f402d4394327106d5"},"headline":"On peut porter jugement sur un acte mais non sur son auteur par Ren\u00e9 Fou\u00e9r\u00e9","datePublished":"2009-07-06T00:00:00+00:00","dateModified":"2011-10-06T00:15:33+00:00","mainEntityOfPage":{"@id":"https:\/\/www.revue3emillenaire.com\/blog\/on-peut-porter-jugement-sur-un-acte-mais-non-sur-son-auteur-par-ren-four\/"},"wordCount":785,"commentCount":0,"keywords":["Acte","jugement","Psychologie","Vie int\u00e9rieure"],"articleSection":["Fou\u00e9r\u00e9 Ren\u00e9"],"inLanguage":"fr-FR","potentialAction":[{"@type":"CommentAction","name":"Comment","target":["https:\/\/www.revue3emillenaire.com\/blog\/on-peut-porter-jugement-sur-un-acte-mais-non-sur-son-auteur-par-ren-four\/#respond"]}]},{"@type":"WebPage","@id":"https:\/\/www.revue3emillenaire.com\/blog\/on-peut-porter-jugement-sur-un-acte-mais-non-sur-son-auteur-par-ren-four\/","url":"https:\/\/www.revue3emillenaire.com\/blog\/on-peut-porter-jugement-sur-un-acte-mais-non-sur-son-auteur-par-ren-four\/","name":"On peut porter jugement sur un acte mais non sur son auteur par Ren\u00e9 Fou\u00e9r\u00e9 - 3e mill\u00e9naire - Spiritualit\u00e9 - Connaissance de soi - Non-dualit\u00e9 - M\u00e9ditation","isPartOf":{"@id":"https:\/\/www.revue3emillenaire.com\/blog\/#website"},"datePublished":"2009-07-06T00:00:00+00:00","dateModified":"2011-10-06T00:15:33+00:00","author":{"@id":"https:\/\/www.revue3emillenaire.com\/blog\/#\/schema\/person\/9a3a7cc4ccaa707f402d4394327106d5"},"breadcrumb":{"@id":"https:\/\/www.revue3emillenaire.com\/blog\/on-peut-porter-jugement-sur-un-acte-mais-non-sur-son-auteur-par-ren-four\/#breadcrumb"},"inLanguage":"fr-FR","potentialAction":[{"@type":"ReadAction","target":["https:\/\/www.revue3emillenaire.com\/blog\/on-peut-porter-jugement-sur-un-acte-mais-non-sur-son-auteur-par-ren-four\/"]}]},{"@type":"BreadcrumbList","@id":"https:\/\/www.revue3emillenaire.com\/blog\/on-peut-porter-jugement-sur-un-acte-mais-non-sur-son-auteur-par-ren-four\/#breadcrumb","itemListElement":[{"@type":"ListItem","position":1,"name":"Accueil","item":"https:\/\/www.revue3emillenaire.com\/blog\/"},{"@type":"ListItem","position":2,"name":"On peut porter jugement sur un acte mais non sur son auteur par Ren\u00e9 Fou\u00e9r\u00e9"}]},{"@type":"WebSite","@id":"https:\/\/www.revue3emillenaire.com\/blog\/#website","url":"https:\/\/www.revue3emillenaire.com\/blog\/","name":"3e mill\u00e9naire - Spiritualit\u00e9 - Connaissance de soi - Non-dualit\u00e9 - M\u00e9ditation","description":"L&#039;Homme en devenir","potentialAction":[{"@type":"SearchAction","target":{"@type":"EntryPoint","urlTemplate":"https:\/\/www.revue3emillenaire.com\/blog\/?s={search_term_string}"},"query-input":{"@type":"PropertyValueSpecification","valueRequired":true,"valueName":"search_term_string"}}],"inLanguage":"fr-FR"},{"@type":"Person","@id":"https:\/\/www.revue3emillenaire.com\/blog\/#\/schema\/person\/9a3a7cc4ccaa707f402d4394327106d5","name":"3e mill\u00e9naire","url":"https:\/\/www.revue3emillenaire.com\/blog\/author\/admin\/"}]}},"_links":{"self":[{"href":"https:\/\/www.revue3emillenaire.com\/blog\/wp-json\/wp\/v2\/posts\/337","targetHints":{"allow":["GET"]}}],"collection":[{"href":"https:\/\/www.revue3emillenaire.com\/blog\/wp-json\/wp\/v2\/posts"}],"about":[{"href":"https:\/\/www.revue3emillenaire.com\/blog\/wp-json\/wp\/v2\/types\/post"}],"author":[{"embeddable":true,"href":"https:\/\/www.revue3emillenaire.com\/blog\/wp-json\/wp\/v2\/users\/1"}],"replies":[{"embeddable":true,"href":"https:\/\/www.revue3emillenaire.com\/blog\/wp-json\/wp\/v2\/comments?post=337"}],"version-history":[{"count":0,"href":"https:\/\/www.revue3emillenaire.com\/blog\/wp-json\/wp\/v2\/posts\/337\/revisions"}],"wp:attachment":[{"href":"https:\/\/www.revue3emillenaire.com\/blog\/wp-json\/wp\/v2\/media?parent=337"}],"wp:term":[{"taxonomy":"category","embeddable":true,"href":"https:\/\/www.revue3emillenaire.com\/blog\/wp-json\/wp\/v2\/categories?post=337"},{"taxonomy":"post_tag","embeddable":true,"href":"https:\/\/www.revue3emillenaire.com\/blog\/wp-json\/wp\/v2\/tags?post=337"}],"curies":[{"name":"wp","href":"https:\/\/api.w.org\/{rel}","templated":true}]}}