{"id":342,"date":"2009-07-12T00:00:00","date_gmt":"2009-07-12T00:00:00","guid":{"rendered":"http:\/\/www.revue3emillenaire.com\/blog\/?p=342"},"modified":"2011-10-06T01:08:29","modified_gmt":"2011-10-06T00:08:29","slug":"prise-de-conscience-rsolutoire-plnitude-de-lnergie-et-perte-de-la-conscience-distinctive-oppositionnelle-de-soi-par-ren-four","status":"publish","type":"post","link":"https:\/\/www.revue3emillenaire.com\/blog\/prise-de-conscience-rsolutoire-plnitude-de-lnergie-et-perte-de-la-conscience-distinctive-oppositionnelle-de-soi-par-ren-four\/","title":{"rendered":"Prise de conscience r\u00e9solutoire pl\u00e9nitude de l&rsquo;\u00e9nergie et perte de la conscience distinctive, oppositionnelle de soi par Ren\u00e9 Fou\u00e9r\u00e9"},"content":{"rendered":"<p style=\"text-align: justify;\">(Extrait de La r\u00e9volution du R\u00e9el, Krishnamurti. Chapitre <em>Lib\u00e9ration et V\u00e9rit\u00e9 \u2013 Temps et espace la pens\u00e9e et ses image<\/em>s. \u00c9dition Le Courrier Du Livre 1985)<\/p>\n<p style=\"text-align: justify;\">Les contradictions internes s&rsquo;\u00e9tant \u00e9vapor\u00e9es au feu de la prise de conscience r\u00e9solutoire, l&rsquo;\u00e9nergie individuelle, jusque-l\u00e0 divis\u00e9e en fractions rivales, se trouve d\u00e8s lors totalement rassembl\u00e9e, atteignant ainsi son plus haut niveau, s&rsquo;\u00e9levant \u00e0 une intensit\u00e9 qui efface toute conscience distinctive, oppositionnelle de soi.<\/p>\n<p style=\"text-align: justify;\">On pourrait dire que la conscience sent, per\u00e7oit ou agit tellement, si parfaitement, si pleinement, qu&rsquo;elle ne \u00ab se \u00bb sent plus [1]; ne se per\u00e7oit plus, en tant que foyer sp\u00e9cifique de ce qu&rsquo;elle \u00e9prouve ou de ce qu&rsquo;elle fait \u2014 et faire, c&rsquo;est encore \u00e9prouver ! Elle perd conscience de sentir ou d&rsquo;agir, elle est la sensation ou l&rsquo;action m\u00eames, sans se pr\u00e9occuper d&rsquo;en discerner, d&rsquo;en identifier le si\u00e8ge.<\/p>\n<p style=\"text-align: justify;\">Totalement immerg\u00e9e dans ce qu&rsquo;elle sent, per\u00e7oit ou fait, elle ne renferme plus en elle-m\u00eame aucun espace libre dans lequel pourrait se former une image ou repr\u00e9sentation d&rsquo;elle-m\u00eame, distincte et distinctive, oppositionnelle, en tant que source ou sujet de ce qu&rsquo;elle sent ou de ce qu&rsquo;elle fait.<\/p>\n<p style=\"text-align: justify;\">Sa \u00ab surface \u00bb consciente est totalement recouverte par son action ou sa sensation m\u00eames, au point de ne laisser aucune place dans laquelle une image d&rsquo;elle-m\u00eame parviendrait \u00e0 s&rsquo;insinuer. Elle est tellement pr\u00e9sente \u00e0 son acte ou pr\u00e9sente au monde qu&rsquo;elle est absente \u00e0 elle-m\u00eame.<\/p>\n<p style=\"text-align: justify;\">En d&rsquo;autres termes, elle est si totalement int\u00e9gr\u00e9e \u00e0 ce qu&rsquo;elle fait, pense ou ressent qu&rsquo;elle devient en elle-m\u00eame et pour elle-m\u00eame indiscernable. Il n&rsquo;y a plus qu&rsquo;une totalit\u00e9 qu&rsquo;elle comprend ou qui la comprend, indissolublement, ins\u00e9parablement.<\/p>\n<p style=\"text-align: justify;\">Elle est confondue, sa surface consciente est confondue avec son action m\u00eame ou sa sensation m\u00eame, totalement.<\/p>\n<p style=\"text-align: justify;\">Bien entendu \u2014 qu&rsquo;il s&rsquo;agisse d&rsquo;une simple perception, d&rsquo;un mouvement int\u00e9rieur ou d&rsquo;une impulsion susceptible de modifier, \u00e0 quelque degr\u00e9 et sous quelque forme que ce soit, l&rsquo;\u00e9tat du sujet ou celui du milieu \u2014, tout acte accompli par un \u00eatre chez qui toutes les contradictions psychologiques internes ont \u00e9t\u00e9 abolies par une prise de conscience r\u00e9solutoire de ces contradictions, est un acte complet, cet \u00ab acte complet \u00bb sans r\u00e9sidu temporel dont j&rsquo;ai parl\u00e9 dans mon \u00e9tude sur le processus du moi (voir pages 122, 221, 222).<\/p>\n<p style=\"text-align: justify; padding-left: 330px;\">11.6.1983<\/p>\n<p style=\"text-align: justify;\">[1] Si je peux me server ici d\u2019une expression qui, malencontreusement, a pris parfois une signification p\u00e9jorative.<\/p>\n","protected":false},"excerpt":{"rendered":"<p>Les contradictions internes s&rsquo;\u00e9tant \u00e9vapor\u00e9es au feu de la prise de conscience r\u00e9solutoire, l&rsquo;\u00e9nergie individuelle, jusque-l\u00e0 divis\u00e9e en fractions rivales, se trouve d\u00e8s lors totalement rassembl\u00e9e, atteignant ainsi son plus haut niveau, s&rsquo;\u00e9levant \u00e0 une intensit\u00e9 qui efface toute conscience distinctive, oppositionnelle de soi. On pourrait dire que la conscience sent, per\u00e7oit ou agit tellement, si parfaitement, si pleinement, qu&rsquo;elle ne \u00ab se \u00bb sent plus [1]; ne se per\u00e7oit plus, en tant que foyer sp\u00e9cifique de ce qu&rsquo;elle \u00e9prouve ou de ce qu&rsquo;elle fait \u2014 et faire, c&rsquo;est encore \u00e9prouver ! Elle perd conscience de sentir ou d&rsquo;agir, elle est la sensation ou l&rsquo;action m\u00eames, sans se pr\u00e9occuper d&rsquo;en discerner, d&rsquo;en identifier le si\u00e8ge.<\/p>\n","protected":false},"author":1,"featured_media":0,"comment_status":"open","ping_status":"open","sticky":false,"template":"","format":"standard","meta":{"footnotes":""},"categories":[61],"tags":[37,141,137],"class_list":["post-342","post","type-post","status-publish","format-standard","hentry","category-r-fouere","tag-conscience","tag-contradiction-interne","tag-prise-de-conscience"],"yoast_head":"<!-- This site is optimized with the Yoast SEO plugin v27.0 - https:\/\/yoast.com\/product\/yoast-seo-wordpress\/ -->\n<title>Prise de conscience r\u00e9solutoire pl\u00e9nitude de l&#039;\u00e9nergie et perte de la conscience distinctive, oppositionnelle de soi par Ren\u00e9 Fou\u00e9r\u00e9 - 3e mill\u00e9naire - Spiritualit\u00e9 - Connaissance de soi - Non-dualit\u00e9 - M\u00e9ditation<\/title>\n<meta name=\"robots\" content=\"index, follow, max-snippet:-1, max-image-preview:large, max-video-preview:-1\" \/>\n<link rel=\"canonical\" href=\"https:\/\/www.revue3emillenaire.com\/blog\/prise-de-conscience-rsolutoire-plnitude-de-lnergie-et-perte-de-la-conscience-distinctive-oppositionnelle-de-soi-par-ren-four\/\" \/>\n<meta property=\"og:locale\" content=\"fr_FR\" \/>\n<meta property=\"og:type\" content=\"article\" \/>\n<meta property=\"og:title\" content=\"Prise de conscience r\u00e9solutoire pl\u00e9nitude de l&#039;\u00e9nergie et perte de la conscience distinctive, oppositionnelle de soi par Ren\u00e9 Fou\u00e9r\u00e9 - 3e mill\u00e9naire - Spiritualit\u00e9 - Connaissance de soi - Non-dualit\u00e9 - M\u00e9ditation\" \/>\n<meta property=\"og:description\" content=\"Les contradictions internes s&#039;\u00e9tant \u00e9vapor\u00e9es au feu de la prise de conscience r\u00e9solutoire, l&#039;\u00e9nergie individuelle, jusque-l\u00e0 divis\u00e9e en fractions rivales, se trouve d\u00e8s lors totalement rassembl\u00e9e, atteignant ainsi son plus haut niveau, s&#039;\u00e9levant \u00e0 une intensit\u00e9 qui efface toute conscience distinctive, oppositionnelle de soi. On pourrait dire que la conscience sent, per\u00e7oit ou agit tellement, si parfaitement, si pleinement, qu&#039;elle ne \u00ab se \u00bb sent plus [1]; ne se per\u00e7oit plus, en tant que foyer sp\u00e9cifique de ce qu&#039;elle \u00e9prouve ou de ce qu&#039;elle fait \u2014 et faire, c&#039;est encore \u00e9prouver ! Elle perd conscience de sentir ou d&#039;agir, elle est la sensation ou l&#039;action m\u00eames, sans se pr\u00e9occuper d&#039;en discerner, d&#039;en identifier le si\u00e8ge.\" \/>\n<meta property=\"og:url\" content=\"https:\/\/www.revue3emillenaire.com\/blog\/prise-de-conscience-rsolutoire-plnitude-de-lnergie-et-perte-de-la-conscience-distinctive-oppositionnelle-de-soi-par-ren-four\/\" \/>\n<meta property=\"og:site_name\" content=\"3e mill\u00e9naire - Spiritualit\u00e9 - Connaissance de soi - Non-dualit\u00e9 - M\u00e9ditation\" \/>\n<meta property=\"article:published_time\" content=\"2009-07-12T00:00:00+00:00\" \/>\n<meta property=\"article:modified_time\" content=\"2011-10-06T00:08:29+00:00\" \/>\n<meta name=\"author\" content=\"3e mill\u00e9naire\" \/>\n<meta name=\"twitter:card\" content=\"summary_large_image\" \/>\n<meta name=\"twitter:label1\" content=\"\u00c9crit par\" \/>\n\t<meta name=\"twitter:data1\" content=\"3e mill\u00e9naire\" \/>\n\t<meta name=\"twitter:label2\" content=\"Dur\u00e9e de lecture estim\u00e9e\" \/>\n\t<meta name=\"twitter:data2\" content=\"2 minutes\" \/>\n<script type=\"application\/ld+json\" class=\"yoast-schema-graph\">{\"@context\":\"https:\/\/schema.org\",\"@graph\":[{\"@type\":\"Article\",\"@id\":\"https:\/\/www.revue3emillenaire.com\/blog\/prise-de-conscience-rsolutoire-plnitude-de-lnergie-et-perte-de-la-conscience-distinctive-oppositionnelle-de-soi-par-ren-four\/#article\",\"isPartOf\":{\"@id\":\"https:\/\/www.revue3emillenaire.com\/blog\/prise-de-conscience-rsolutoire-plnitude-de-lnergie-et-perte-de-la-conscience-distinctive-oppositionnelle-de-soi-par-ren-four\/\"},\"author\":{\"name\":\"3e mill\u00e9naire\",\"@id\":\"https:\/\/www.revue3emillenaire.com\/blog\/#\/schema\/person\/9a3a7cc4ccaa707f402d4394327106d5\"},\"headline\":\"Prise de conscience r\u00e9solutoire pl\u00e9nitude de l&rsquo;\u00e9nergie et perte de la conscience distinctive, oppositionnelle de soi par Ren\u00e9 Fou\u00e9r\u00e9\",\"datePublished\":\"2009-07-12T00:00:00+00:00\",\"dateModified\":\"2011-10-06T00:08:29+00:00\",\"mainEntityOfPage\":{\"@id\":\"https:\/\/www.revue3emillenaire.com\/blog\/prise-de-conscience-rsolutoire-plnitude-de-lnergie-et-perte-de-la-conscience-distinctive-oppositionnelle-de-soi-par-ren-four\/\"},\"wordCount\":435,\"commentCount\":0,\"keywords\":[\"Conscience\",\"contradiction interne\",\"prise de conscience\"],\"articleSection\":[\"Fou\u00e9r\u00e9 Ren\u00e9\"],\"inLanguage\":\"fr-FR\",\"potentialAction\":[{\"@type\":\"CommentAction\",\"name\":\"Comment\",\"target\":[\"https:\/\/www.revue3emillenaire.com\/blog\/prise-de-conscience-rsolutoire-plnitude-de-lnergie-et-perte-de-la-conscience-distinctive-oppositionnelle-de-soi-par-ren-four\/#respond\"]}]},{\"@type\":\"WebPage\",\"@id\":\"https:\/\/www.revue3emillenaire.com\/blog\/prise-de-conscience-rsolutoire-plnitude-de-lnergie-et-perte-de-la-conscience-distinctive-oppositionnelle-de-soi-par-ren-four\/\",\"url\":\"https:\/\/www.revue3emillenaire.com\/blog\/prise-de-conscience-rsolutoire-plnitude-de-lnergie-et-perte-de-la-conscience-distinctive-oppositionnelle-de-soi-par-ren-four\/\",\"name\":\"Prise de conscience r\u00e9solutoire pl\u00e9nitude de l'\u00e9nergie et perte de la conscience distinctive, oppositionnelle de soi par Ren\u00e9 Fou\u00e9r\u00e9 - 3e mill\u00e9naire - Spiritualit\u00e9 - Connaissance de soi - Non-dualit\u00e9 - M\u00e9ditation\",\"isPartOf\":{\"@id\":\"https:\/\/www.revue3emillenaire.com\/blog\/#website\"},\"datePublished\":\"2009-07-12T00:00:00+00:00\",\"dateModified\":\"2011-10-06T00:08:29+00:00\",\"author\":{\"@id\":\"https:\/\/www.revue3emillenaire.com\/blog\/#\/schema\/person\/9a3a7cc4ccaa707f402d4394327106d5\"},\"breadcrumb\":{\"@id\":\"https:\/\/www.revue3emillenaire.com\/blog\/prise-de-conscience-rsolutoire-plnitude-de-lnergie-et-perte-de-la-conscience-distinctive-oppositionnelle-de-soi-par-ren-four\/#breadcrumb\"},\"inLanguage\":\"fr-FR\",\"potentialAction\":[{\"@type\":\"ReadAction\",\"target\":[\"https:\/\/www.revue3emillenaire.com\/blog\/prise-de-conscience-rsolutoire-plnitude-de-lnergie-et-perte-de-la-conscience-distinctive-oppositionnelle-de-soi-par-ren-four\/\"]}]},{\"@type\":\"BreadcrumbList\",\"@id\":\"https:\/\/www.revue3emillenaire.com\/blog\/prise-de-conscience-rsolutoire-plnitude-de-lnergie-et-perte-de-la-conscience-distinctive-oppositionnelle-de-soi-par-ren-four\/#breadcrumb\",\"itemListElement\":[{\"@type\":\"ListItem\",\"position\":1,\"name\":\"Accueil\",\"item\":\"https:\/\/www.revue3emillenaire.com\/blog\/\"},{\"@type\":\"ListItem\",\"position\":2,\"name\":\"Prise de conscience r\u00e9solutoire pl\u00e9nitude de l&rsquo;\u00e9nergie et perte de la conscience distinctive, oppositionnelle de soi par Ren\u00e9 Fou\u00e9r\u00e9\"}]},{\"@type\":\"WebSite\",\"@id\":\"https:\/\/www.revue3emillenaire.com\/blog\/#website\",\"url\":\"https:\/\/www.revue3emillenaire.com\/blog\/\",\"name\":\"3e mill\u00e9naire - Spiritualit\u00e9 - Connaissance de soi - Non-dualit\u00e9 - M\u00e9ditation\",\"description\":\"L&#039;Homme en devenir\",\"potentialAction\":[{\"@type\":\"SearchAction\",\"target\":{\"@type\":\"EntryPoint\",\"urlTemplate\":\"https:\/\/www.revue3emillenaire.com\/blog\/?s={search_term_string}\"},\"query-input\":{\"@type\":\"PropertyValueSpecification\",\"valueRequired\":true,\"valueName\":\"search_term_string\"}}],\"inLanguage\":\"fr-FR\"},{\"@type\":\"Person\",\"@id\":\"https:\/\/www.revue3emillenaire.com\/blog\/#\/schema\/person\/9a3a7cc4ccaa707f402d4394327106d5\",\"name\":\"3e mill\u00e9naire\",\"url\":\"https:\/\/www.revue3emillenaire.com\/blog\/author\/admin\/\"}]}<\/script>\n<!-- \/ Yoast SEO plugin. -->","yoast_head_json":{"title":"Prise de conscience r\u00e9solutoire pl\u00e9nitude de l'\u00e9nergie et perte de la conscience distinctive, oppositionnelle de soi par Ren\u00e9 Fou\u00e9r\u00e9 - 3e mill\u00e9naire - Spiritualit\u00e9 - Connaissance de soi - Non-dualit\u00e9 - M\u00e9ditation","robots":{"index":"index","follow":"follow","max-snippet":"max-snippet:-1","max-image-preview":"max-image-preview:large","max-video-preview":"max-video-preview:-1"},"canonical":"https:\/\/www.revue3emillenaire.com\/blog\/prise-de-conscience-rsolutoire-plnitude-de-lnergie-et-perte-de-la-conscience-distinctive-oppositionnelle-de-soi-par-ren-four\/","og_locale":"fr_FR","og_type":"article","og_title":"Prise de conscience r\u00e9solutoire pl\u00e9nitude de l'\u00e9nergie et perte de la conscience distinctive, oppositionnelle de soi par Ren\u00e9 Fou\u00e9r\u00e9 - 3e mill\u00e9naire - Spiritualit\u00e9 - Connaissance de soi - Non-dualit\u00e9 - M\u00e9ditation","og_description":"Les contradictions internes s'\u00e9tant \u00e9vapor\u00e9es au feu de la prise de conscience r\u00e9solutoire, l'\u00e9nergie individuelle, jusque-l\u00e0 divis\u00e9e en fractions rivales, se trouve d\u00e8s lors totalement rassembl\u00e9e, atteignant ainsi son plus haut niveau, s'\u00e9levant \u00e0 une intensit\u00e9 qui efface toute conscience distinctive, oppositionnelle de soi. On pourrait dire que la conscience sent, per\u00e7oit ou agit tellement, si parfaitement, si pleinement, qu'elle ne \u00ab se \u00bb sent plus [1]; ne se per\u00e7oit plus, en tant que foyer sp\u00e9cifique de ce qu'elle \u00e9prouve ou de ce qu'elle fait \u2014 et faire, c'est encore \u00e9prouver ! Elle perd conscience de sentir ou d'agir, elle est la sensation ou l'action m\u00eames, sans se pr\u00e9occuper d'en discerner, d'en identifier le si\u00e8ge.","og_url":"https:\/\/www.revue3emillenaire.com\/blog\/prise-de-conscience-rsolutoire-plnitude-de-lnergie-et-perte-de-la-conscience-distinctive-oppositionnelle-de-soi-par-ren-four\/","og_site_name":"3e mill\u00e9naire - Spiritualit\u00e9 - Connaissance de soi - Non-dualit\u00e9 - M\u00e9ditation","article_published_time":"2009-07-12T00:00:00+00:00","article_modified_time":"2011-10-06T00:08:29+00:00","author":"3e mill\u00e9naire","twitter_card":"summary_large_image","twitter_misc":{"\u00c9crit par":"3e mill\u00e9naire","Dur\u00e9e de lecture estim\u00e9e":"2 minutes"},"schema":{"@context":"https:\/\/schema.org","@graph":[{"@type":"Article","@id":"https:\/\/www.revue3emillenaire.com\/blog\/prise-de-conscience-rsolutoire-plnitude-de-lnergie-et-perte-de-la-conscience-distinctive-oppositionnelle-de-soi-par-ren-four\/#article","isPartOf":{"@id":"https:\/\/www.revue3emillenaire.com\/blog\/prise-de-conscience-rsolutoire-plnitude-de-lnergie-et-perte-de-la-conscience-distinctive-oppositionnelle-de-soi-par-ren-four\/"},"author":{"name":"3e mill\u00e9naire","@id":"https:\/\/www.revue3emillenaire.com\/blog\/#\/schema\/person\/9a3a7cc4ccaa707f402d4394327106d5"},"headline":"Prise de conscience r\u00e9solutoire pl\u00e9nitude de l&rsquo;\u00e9nergie et perte de la conscience distinctive, oppositionnelle de soi par Ren\u00e9 Fou\u00e9r\u00e9","datePublished":"2009-07-12T00:00:00+00:00","dateModified":"2011-10-06T00:08:29+00:00","mainEntityOfPage":{"@id":"https:\/\/www.revue3emillenaire.com\/blog\/prise-de-conscience-rsolutoire-plnitude-de-lnergie-et-perte-de-la-conscience-distinctive-oppositionnelle-de-soi-par-ren-four\/"},"wordCount":435,"commentCount":0,"keywords":["Conscience","contradiction interne","prise de conscience"],"articleSection":["Fou\u00e9r\u00e9 Ren\u00e9"],"inLanguage":"fr-FR","potentialAction":[{"@type":"CommentAction","name":"Comment","target":["https:\/\/www.revue3emillenaire.com\/blog\/prise-de-conscience-rsolutoire-plnitude-de-lnergie-et-perte-de-la-conscience-distinctive-oppositionnelle-de-soi-par-ren-four\/#respond"]}]},{"@type":"WebPage","@id":"https:\/\/www.revue3emillenaire.com\/blog\/prise-de-conscience-rsolutoire-plnitude-de-lnergie-et-perte-de-la-conscience-distinctive-oppositionnelle-de-soi-par-ren-four\/","url":"https:\/\/www.revue3emillenaire.com\/blog\/prise-de-conscience-rsolutoire-plnitude-de-lnergie-et-perte-de-la-conscience-distinctive-oppositionnelle-de-soi-par-ren-four\/","name":"Prise de conscience r\u00e9solutoire pl\u00e9nitude de l'\u00e9nergie et perte de la conscience distinctive, oppositionnelle de soi par Ren\u00e9 Fou\u00e9r\u00e9 - 3e mill\u00e9naire - Spiritualit\u00e9 - Connaissance de soi - Non-dualit\u00e9 - M\u00e9ditation","isPartOf":{"@id":"https:\/\/www.revue3emillenaire.com\/blog\/#website"},"datePublished":"2009-07-12T00:00:00+00:00","dateModified":"2011-10-06T00:08:29+00:00","author":{"@id":"https:\/\/www.revue3emillenaire.com\/blog\/#\/schema\/person\/9a3a7cc4ccaa707f402d4394327106d5"},"breadcrumb":{"@id":"https:\/\/www.revue3emillenaire.com\/blog\/prise-de-conscience-rsolutoire-plnitude-de-lnergie-et-perte-de-la-conscience-distinctive-oppositionnelle-de-soi-par-ren-four\/#breadcrumb"},"inLanguage":"fr-FR","potentialAction":[{"@type":"ReadAction","target":["https:\/\/www.revue3emillenaire.com\/blog\/prise-de-conscience-rsolutoire-plnitude-de-lnergie-et-perte-de-la-conscience-distinctive-oppositionnelle-de-soi-par-ren-four\/"]}]},{"@type":"BreadcrumbList","@id":"https:\/\/www.revue3emillenaire.com\/blog\/prise-de-conscience-rsolutoire-plnitude-de-lnergie-et-perte-de-la-conscience-distinctive-oppositionnelle-de-soi-par-ren-four\/#breadcrumb","itemListElement":[{"@type":"ListItem","position":1,"name":"Accueil","item":"https:\/\/www.revue3emillenaire.com\/blog\/"},{"@type":"ListItem","position":2,"name":"Prise de conscience r\u00e9solutoire pl\u00e9nitude de l&rsquo;\u00e9nergie et perte de la conscience distinctive, oppositionnelle de soi par Ren\u00e9 Fou\u00e9r\u00e9"}]},{"@type":"WebSite","@id":"https:\/\/www.revue3emillenaire.com\/blog\/#website","url":"https:\/\/www.revue3emillenaire.com\/blog\/","name":"3e mill\u00e9naire - Spiritualit\u00e9 - Connaissance de soi - Non-dualit\u00e9 - M\u00e9ditation","description":"L&#039;Homme en devenir","potentialAction":[{"@type":"SearchAction","target":{"@type":"EntryPoint","urlTemplate":"https:\/\/www.revue3emillenaire.com\/blog\/?s={search_term_string}"},"query-input":{"@type":"PropertyValueSpecification","valueRequired":true,"valueName":"search_term_string"}}],"inLanguage":"fr-FR"},{"@type":"Person","@id":"https:\/\/www.revue3emillenaire.com\/blog\/#\/schema\/person\/9a3a7cc4ccaa707f402d4394327106d5","name":"3e mill\u00e9naire","url":"https:\/\/www.revue3emillenaire.com\/blog\/author\/admin\/"}]}},"_links":{"self":[{"href":"https:\/\/www.revue3emillenaire.com\/blog\/wp-json\/wp\/v2\/posts\/342","targetHints":{"allow":["GET"]}}],"collection":[{"href":"https:\/\/www.revue3emillenaire.com\/blog\/wp-json\/wp\/v2\/posts"}],"about":[{"href":"https:\/\/www.revue3emillenaire.com\/blog\/wp-json\/wp\/v2\/types\/post"}],"author":[{"embeddable":true,"href":"https:\/\/www.revue3emillenaire.com\/blog\/wp-json\/wp\/v2\/users\/1"}],"replies":[{"embeddable":true,"href":"https:\/\/www.revue3emillenaire.com\/blog\/wp-json\/wp\/v2\/comments?post=342"}],"version-history":[{"count":0,"href":"https:\/\/www.revue3emillenaire.com\/blog\/wp-json\/wp\/v2\/posts\/342\/revisions"}],"wp:attachment":[{"href":"https:\/\/www.revue3emillenaire.com\/blog\/wp-json\/wp\/v2\/media?parent=342"}],"wp:term":[{"taxonomy":"category","embeddable":true,"href":"https:\/\/www.revue3emillenaire.com\/blog\/wp-json\/wp\/v2\/categories?post=342"},{"taxonomy":"post_tag","embeddable":true,"href":"https:\/\/www.revue3emillenaire.com\/blog\/wp-json\/wp\/v2\/tags?post=342"}],"curies":[{"name":"wp","href":"https:\/\/api.w.org\/{rel}","templated":true}]}}