{"id":343,"date":"2009-07-13T00:00:00","date_gmt":"2009-07-13T00:00:00","guid":{"rendered":"http:\/\/www.revue3emillenaire.com\/blog\/?p=343"},"modified":"2011-10-06T01:11:31","modified_gmt":"2011-10-06T00:11:31","slug":"etre-ou-etre-pour-faire-par-ren-four","status":"publish","type":"post","link":"https:\/\/www.revue3emillenaire.com\/blog\/etre-ou-etre-pour-faire-par-ren-four\/","title":{"rendered":"\u00ab Etre \u00bb ou \u00ab \u00eatre \u00bb pour \u00ab faire \u00bb par Ren\u00e9 Fou\u00e9r\u00e9"},"content":{"rendered":"<p style=\"text-align: center;\"><strong>UNE AUTRE ACTION<\/strong><br \/>\n<strong> DEUX MODES DE VIE ET DEUX QUALIT\u00c9S D&rsquo;ATTENTION <\/strong><br \/>\n(Extrait de La r\u00e9volution du R\u00e9el, Krishnamurti. \u00c9dition Le Courrier Du Livre 1985)<\/p>\n<p style=\"text-align: justify;\"><strong>DEUX MODES DE VIE <\/strong><\/p>\n<p style=\"text-align: justify;\">Dans sa r\u00e9daction initiale, ma note \u00e9tait intitul\u00e9e \u00ab Etre \u00ab\u00a0pour\u00a0\u00bb \u00eatre et \u00eatre \u00ab\u00a0pour\u00a0\u00bb faire \u00bb et, dans ce titre, l&rsquo;expression \u00ab \u00eatre \u00ab\u00a0pour\u00a0\u00bb \u00eatre \u00bb \u00e9tait une impropri\u00e9t\u00e9 \u2014 impropri\u00e9t\u00e9 qu&rsquo;il est ais\u00e9 de commettre quand on se sert d&rsquo;un langage forg\u00e9, \u00e0 leur propre intention, par des consciences captives \u2014 et je notais qu&rsquo;on serait tent\u00e9 de dire qu&rsquo;au regard de la conscience d&rsquo;un lib\u00e9r\u00e9, tout se passe comme s&rsquo;il s&rsquo;agissait d&rsquo;\u00eatre pour \u00eatre et non d&rsquo;\u00eatre pour faire.<\/p>\n<p style=\"text-align: justify;\">Mais, si commun qu&rsquo;en soit l&#8217;emploi, si naturellement qu&rsquo;elle vienne \u00e0 l&rsquo;esprit, la pr\u00e9position \u00ab pour \u00bb, qui appartient au langage technique, est ici d\u00e9fectueuse, car elle n&rsquo;a de sens que s&rsquo;il y a conscience d&rsquo;un futur, qu&rsquo;il soit technique ou psychologique. Elle signifie \u00ab en vue de \u00bb et marque une intention. L&rsquo;intention d&rsquo;obtenir ou de r\u00e9aliser quelque chose qui n&rsquo;est pas encore l\u00e0, qui n&rsquo;est pas dans le pr\u00e9sent, Ce qui, hors du domaine technique, est une mani\u00e8re de s&rsquo;\u00e9vader du pr\u00e9sent, en direction du futur.<\/p>\n<p style=\"text-align: justify;\">S&rsquo;agissant de questions ou de notions d&rsquo;ordre psychologique, cette proposition \u00ab pour \u00bb est d&rsquo;ailleurs un exemple de la contamination de la conscience purement psychologique par l&rsquo;intelligence technique, par une vision technique, artisanale, des choses.<\/p>\n<p style=\"text-align: justify; padding-left: 330px;\">*<\/p>\n<p style=\"text-align: justify;\">En ce qui concerne la condition d&rsquo;un lib\u00e9r\u00e9, \u00eatre \u00ab\u00a0pour\u00a0\u00bb \u00eatre serait certes plus juste, en un sens, qu&rsquo;\u00eatre \u00ab\u00a0pour\u00a0\u00bb faire. Mais il n&rsquo;en reste pas moins que \u00ab pour \u00bb ne cesse pas, logiquement, de marquer une intention. En sorte qu&rsquo;on serait tent\u00e9 de traduire \u00ab \u00eatre pour \u00eatre \u00bb par \u00ab \u00eatre pour se sentir \u00eatre ou pour prendre conscience d&rsquo;\u00eatre \u00bb.<\/p>\n<p style=\"text-align: justify;\">Comme si, incertain d&rsquo;\u00eatre l\u00e0, inquiet de soi, on voulait se rassurer en se donnant la certitude de sa propre pr\u00e9sence au monde. Comme si l&rsquo;on voulait sortir de soi-m\u00eame, en quelque sorte, pour se donner le spectacle, mat\u00e9riel ou psychologique, de sa propre existence effective. Ou encore comme si l&rsquo;on voulait se trouver en mesure de d\u00e9gager de sa propre conscience un observateur qui, de l&rsquo;ext\u00e9rieur, se ferait le t\u00e9moin de soi.<\/p>\n<p style=\"text-align: justify;\">En fait, ce t\u00e9moin ext\u00e9rieur ne serait qu&rsquo;une illusion de t\u00e9moin. Car il devrait faire encore partie de la conscience s&rsquo;interrogeant sur l&rsquo;existence d&rsquo;elle-m\u00eame, sur la r\u00e9alit\u00e9 de son \u00eatre. S&rsquo;il en \u00e9tait autrement, elle ne pourrait, en effet, avoir un acc\u00e8s intime \u00e0 la conscience dudit t\u00e9moin, elle ne pourrait entrer en lui.<\/p>\n<p style=\"text-align: justify; padding-left: 330px;\">*<\/p>\n<p style=\"text-align: justify;\">Mais, dans l&rsquo;\u00e9tat du lib\u00e9r\u00e9, on ne cherche pas \u00e0 se prouver sa propre existence distincte, \u00e0 s&rsquo;assurer qu&rsquo;on est l\u00e0 en tant qu&rsquo;individu solitaire et s\u00e9par\u00e9, existant par lui-m\u00eame et pour lui-m\u00eame. La conscience ne tente pas, pour se rassurer, de se faire sa propre observatrice, au prix d&rsquo;une volont\u00e9 d&rsquo;\u00eatre et \u00e0 la faveur d&rsquo;un d\u00e9doublement illusoire d&rsquo;elle-m\u00eame.<\/p>\n<p style=\"text-align: justify;\"><em><span>Elle est, purement et simplement.<\/span><\/em><\/p>\n<p style=\"text-align: justify;\">Sans souci d&rsquo;\u00eatre, sans image d&rsquo;elle-m\u00eame, car le souci d&rsquo;\u00eatre entra\u00eenerait l&rsquo;existence, pour soi, d&rsquo;une image de soi.<\/p>\n<p style=\"text-align: justify;\">Bien entendu, quand je dis qu&rsquo;elle <span>est<\/span>, purement et simplement, \u00ab \u00eatre \u00bb ne repr\u00e9sente pas, dans mon esprit, un concept mental, mais une pr\u00e9sence ontologique, un \u00ab \u00eatre-l\u00e0 \u00bb [1], une<span> r\u00e9alit\u00e9<\/span> qui est spontan\u00e9ment et in\u00e9vitablement vivante et agissante, mais sans, pour autant, se donner, hors du domaine technique, des raisons psychologiques d&rsquo;agir.<\/p>\n<p style=\"text-align: justify;\">J&rsquo;ajouterais \u2014 comme je l&rsquo;ai dit ailleurs \u2014 que c&rsquo;est une r\u00e9alit\u00e9 qui, par son action, cr\u00e9e le futur temporel, mais n&rsquo;agit pas<span> pour<\/span> le cr\u00e9er. Elle est une pl\u00e9nitude qui est pl\u00e9nitude dans son action m\u00eame, et ne cherche pas de compl\u00e9ment, de r\u00e9alit\u00e9 ult\u00e9rieurs. Elle n&rsquo;est pas une r\u00e9alit\u00e9 d\u00e9ficiente \u00e0 la recherche de sa totalit\u00e9, d&rsquo;une totalit\u00e9 situ\u00e9e dans un futur [2].<\/p>\n<p style=\"text-align: justify;\">Elle est libre, sans contrainte int\u00e9rieure. Elle ne se sent pas assujettie \u00e0 accomplir quelque chose ; m\u00eame si en fait elle l&rsquo;accomplit. Car la chose jaillit alors naturellement d&rsquo;elle-m\u00eame, se confond avec elle, est incluse dans sa mani\u00e8re d&rsquo;\u00eatre naturelle. Elle n&rsquo;est pas l\u00e0 pour s&rsquo;acquitter d&rsquo;une dette. Elle est l\u00e0 sans cause ni raison. Elle est l\u00e0 simplement, intemporellement.<\/p>\n<p style=\"text-align: justify;\">Elle est l\u00e0 hors de toute distinction psychologique entre ce que nous appelons le monde et elle-m\u00eame.<\/p>\n<p style=\"text-align: justify; padding-left: 330px;\">*<\/p>\n<p style=\"text-align: justify;\">En fait, les \u00eatres humains, conditionn\u00e9s comme ils le sont par leur \u00e9ducation, par la conscience sociale, sont convaincus qu&rsquo;ils sont l\u00e0 pour faire quelque chose, qu&rsquo;ils ont \u00e0 remplir une t\u00e2che qui leur est propre, et qu&rsquo;ils devraient achever avant leur mort pour \u00eatre s\u00fbrs d&rsquo;avoir donn\u00e9 un sens, une justification, \u00e0 leur vie ; de ne l&rsquo;avoir pas manqu\u00e9e. Si, \u00e0 un moment quelconque, ils ne savent pas \u00ab ce qu&rsquo;ils sont venus faire en ce monde \u00bb, ils se trouvent dans le d\u00e9sarroi. La conscience, justifi\u00e9e ou non, d&rsquo;accomplir la t\u00e2che \u00e0 laquelle ils se croient destin\u00e9s les rassure, leur donne confiance en eux-m\u00eames, les tranquillise. Ils ont le sentiment de s&rsquo;acquitter de leur vie, de n&rsquo;\u00eatre pas n\u00e9s pour rien ; de se donner ou de s&rsquo;\u00eatre donn\u00e9 une raison d&rsquo;\u00eatre \u2014 et cette expression m\u00eame est caract\u00e9ristique. Ils se retrouvent en paix avec eux-m\u00eames.<\/p>\n<p style=\"text-align: justify;\">Ces derni\u00e8res r\u00e9flexions ne valent pas seulement pour l&rsquo;Occident chr\u00e9tien, elles valent aussi, \u00e0 bien des \u00e9gards, pour l&rsquo;Orient.<\/p>\n<p style=\"text-align: justify;\">Selon les Occidentaux, il existe un p\u00e9ch\u00e9 originel et il est toujours plus ou moins question de s&rsquo;acquitter de quelque chose. Mais chez beaucoup d&rsquo;Orientaux, hindouistes ou bouddhistes, la vie terrestre est \u00e9galement une occasion de s&rsquo;acquitter d&rsquo;un karma ant\u00e9rieur. On pourrait dire que ce karma r\u00e9siduel est le \u00ab p\u00e9ch\u00e9 originel \u00bb de chaque vie, de chaque incarnation.<\/p>\n<p style=\"text-align: justify;\">Sur cette plan\u00e8te, les hommes ont tous plus ou moins le sentiment d&rsquo;avoir une t\u00e2che \u00e0 remplir, qu&rsquo;elle soit ou non purificatrice. Ils ne vivent pas au pr\u00e9sent mais en vue d&rsquo;une fin, en vue de remplir une mission. Il n&rsquo;y a chez eux ni \u00e9tat d&rsquo;innocence ni spontan\u00e9it\u00e9.<\/p>\n<p style=\"text-align: justify;\"><strong>DEUX QUALIT\u00c9S D&rsquo;ATTENTION<\/strong><\/p>\n<p style=\"text-align: justify;\">A ces deux modes de vie que je viens d&rsquo;\u00e9voquer, \u00ab \u00eatre \u00bb simplement et \u00ab \u00eatre \u00ab\u00a0pour\u00a0\u00bb faire \u00bb, correspondent deux qualit\u00e9s d&rsquo;attention, qui sont distinctes et incompatibles en profondeur, m\u00eame si elles peuvent pr\u00e9senter, au regard d&rsquo;une observation superficielle, des ressemblances trompeuses.<\/p>\n<p style=\"text-align: justify;\">On pourrait les d\u00e9nommer \u00ab attention ouverte \u00bb et \u00ab attention focalis\u00e9e \u00bb. L&rsquo;une est propre \u00e0 l&rsquo;homme inconditionn\u00e9, au lib\u00e9r\u00e9, tandis que l&rsquo;autre est propre \u00e0 l&rsquo;homme conditionn\u00e9, \u00e0 l&rsquo;homme du commun.<\/p>\n<p style=\"text-align: justify;\">L&rsquo;attention de la premi\u00e8re sorte est une attention pure et d\u00e9sint\u00e9ress\u00e9e, une attention en soi, qui n&rsquo;a d&rsquo;autre objet que son objet m\u00eame ; une pl\u00e9nitude d&rsquo;attention ; une attention indivise et parfaite, inconsciente d&rsquo;elle-m\u00eame, qui ne se d\u00e9tache pas d&rsquo;elle-m\u00eame pour prendre conscience d&rsquo;elle-m\u00eame, de sa qualit\u00e9 ; pour s&rsquo;observer en train d&rsquo;observer, mais une attention oublieuse de soi, qui s&rsquo;identifie totalement \u00e0 ce qu&rsquo;elle observe, qui est si intens\u00e9ment, si absolument pr\u00e9sente \u00e0 son objet, si totalement absorb\u00e9e, perdue en lui, qu&rsquo;elle perd toute notion d&rsquo;elle-m\u00eame, de son existence propre, de sa propre op\u00e9ration. Ainsi que je l&rsquo;ai d\u00e9j\u00e0 dit, il n&rsquo;y a aucune place en elle dans laquelle une image d&rsquo;elle-m\u00eame pourrait s&rsquo;insinuer.<\/p>\n<p style=\"text-align: justify;\">Elle n&rsquo;a pas d&rsquo;autre objet que son objet pr\u00e9sent, son point d&rsquo;application ou sa sph\u00e8re d&rsquo;application pr\u00e9sents. Elle n&rsquo;\u00e9prouve pas \u00ab pour \u00bb ou \u00ab en vue de \u00bb. Elle est, j&rsquo;y insiste, observation totale, observation pure, silencieuse, <span>sans pr\u00e9jug\u00e9 ni commentaire<\/span>. Elle s&rsquo;efface devant ce qu&rsquo;elle observe. Elle n&rsquo;a ni n&rsquo;enveloppe aucune conscience distinctive, oppositionnelle, de sa propre source. Elle ne se voit pas observer, elle n&rsquo;est qu&rsquo;observation.<\/p>\n<p style=\"text-align: justify;\">Chez qui l&rsquo;exerce, elle est un acte complet.<\/p>\n<p style=\"text-align: justify;\">Comme je l&rsquo;ai laiss\u00e9 entendre plus haut, le lib\u00e9r\u00e9 vit sur le mode d&rsquo;\u00eatre, simplement et totalement. Il est une pl\u00e9nitude toujours pr\u00e9sente, qui n&rsquo;a ni regret du pass\u00e9 ni soif du futur. D\u00e8s lors, on peut dire que ses actes sont des actes complets, lesquels sont les actes propres au lib\u00e9r\u00e9, les actes caract\u00e9ristiques du lib\u00e9r\u00e9 (voir p. 122, 221, 222).<\/p>\n<p style=\"text-align: justify;\">L&rsquo;attention de la seconde sorte est une attention \u00ab en vue de \u00bb, une attention \u00ab pour \u00bb.<\/p>\n<p style=\"text-align: justify;\">On peut \u00eatre attentif \u00e0 accomplir un acte \u2014 qui peut \u00eatre l&rsquo;acte d&rsquo;observer \u2014 et cette attention n&rsquo;est pas sans analogie, quant \u00e0 son efficacit\u00e9, avec celle qui caract\u00e9rise l&rsquo;action faite pour elle-m\u00eame, l&rsquo;acte complet.<\/p>\n<p style=\"text-align: justify;\">Mais, \u00e0 l&rsquo;origine de cette seconde sorte d&rsquo;attention \u00e0 l&rsquo;acte, il y a une impulsion \u00e9gocentrique, un d\u00e9sir, une ambition personnels. On attend quelque chose de cet acte, pour soi, pour l&rsquo;image que l&rsquo;on se fait de soi ; image qui devient une sorte de corps \u00e9tranger dans le champ de l&rsquo;attention.<\/p>\n<p style=\"text-align: justify;\">L&rsquo;attention peut \u00eatre intense, mais elle n&rsquo;est ni pure ni simple.<\/p>\n<p style=\"text-align: justify;\">Elle peut intervenir dans l&rsquo;accomplissement d&rsquo;actes appris, d&rsquo;actes pr\u00e9conis\u00e9s par quelqu&rsquo;un exer\u00e7ant une grande influence sur nous. On a m\u00eame pu nous enjoindre de les ex\u00e9cuter sous peine de r\u00e9primandes, sous la menace de sanctions, de ch\u00e2timents qui nous seraient tr\u00e8s p\u00e9nibles. D\u00e8s lors, nous sommes extr\u00eamement attentifs \u2014 on pourrait dire que nous nous for\u00e7ons \u00e0 \u00eatre attentifs \u2014 \u00e0 bien faire ce que nous faisons, ce qu&rsquo;on nous a prescrit, enjoint de faire. Notre r\u00e9ussite dans l&rsquo;accomplissement de l&rsquo;acte pourra non seulement d\u00e9tourner de nous un ch\u00e2timent redout\u00e9, mais encore nous valoir une distinction, une consid\u00e9ration, une r\u00e9putation ou une autorit\u00e9 personnelles pouvant \u00eatre pour nous les mobiles de l&rsquo;acte en question, nous en faire prendre l&rsquo;initiative.<\/p>\n<p style=\"text-align: justify;\">L&rsquo;acte initialement prescrit, impos\u00e9 par autrui, ou l&rsquo;acte \u2014 imit\u00e9 de ceux d&rsquo;autrui \u2014 qu&rsquo;on s&rsquo;impose \u00e0 soi-m\u00eame <span>pour<\/span> en tirer avantage, peuvent devenir des actes habituels, mais auxquels nous continuons d&rsquo;attribuer cette importance pour nous-m\u00eame qui est \u00e0 l&rsquo;origine du soin, de l&rsquo;application que nous mettons \u00e0 les ex\u00e9cuter.<\/p>\n<p style=\"text-align: justify;\">Derri\u00e8re l&rsquo;attention qui pr\u00e9side \u00e0 leur ex\u00e9cution, il y a d\u00e8s lors un motif, un d\u00e9sir, un espoir personnels ; une pr\u00e9sence de nous-m\u00eame \u00e9vidente ou subconsciente.<\/p>\n<p style=\"text-align: justify;\">Egocentrique et, du point de vue de l&rsquo;observation pure, superflue, elle est, comme nous le verrons, obscurcissante \u00e0 certains \u00e9gards et r\u00e9duit notre champ de vision, la qualit\u00e9 de notre perception.<\/p>\n<p style=\"text-align: justify;\">En elle, l&rsquo;id\u00e9e, la repr\u00e9sentation, l&rsquo;<span>image<\/span> que nous nous faisons de nous-m\u00eame sont incluses, actives et inspiratrices. Soulignant certains points, elles en effacent d&rsquo;autres.<\/p>\n<p style=\"text-align: justify;\">Cette attention, qui n&rsquo;est ni naturelle, ni spontan\u00e9e, n&rsquo;est donc pas celle qui pr\u00e9siderait \u00e0 l&rsquo;ex\u00e9cution d&rsquo;un acte complet dont nous n&rsquo;attendrions rien, dont nous n&rsquo;esp\u00e9rerions rien personnellement, et pour la non-ex\u00e9cution ou l&rsquo;ex\u00e9cution d\u00e9fectueuse duquel nous ne redouterions pas d&rsquo;\u00eatre punis.<\/p>\n<p style=\"text-align: justify;\">En r\u00e8gle g\u00e9n\u00e9rale, quand nous accomplissons soit un acte qui nous est sugg\u00e9r\u00e9 ou impos\u00e9 par autrui, soit un acte que nous avons d\u00e9cid\u00e9 d&rsquo;accomplir parce que nous en attendons quelque chose pour nous-m\u00eame, nous ne prenons pas conscience de la signification de cet acte dans le cadre de l&rsquo;ensemble des activit\u00e9s humaines. Nous n&rsquo;en saisissons pas la valeur envisag\u00e9e de ce vaste point de vue. Nous n&rsquo;en percevons pas toutes les implications, tous les prolongements. Nous ne sommes pas attentifs aux cons\u00e9quences profondes qu&rsquo;il pourra avoir en ce qui concerne l&rsquo;\u00e9panouissement de la vie humaine \u00e0 l&rsquo;\u00e9chelle de la plan\u00e8te.<\/p>\n<p style=\"text-align: justify;\">Nous sommes essentiellement, primordialement int\u00e9ress\u00e9s \u00e0 prendre en consid\u00e9ration, \u00e0 supputer, \u00e0 \u00e9valuer les fruits qu&rsquo;\u00e0 notre jugement il portera pour nous, ces fruits que notre d\u00e9sir ou notre peur en attendent et en vue desquels nous avons pris la d\u00e9cision de l&rsquo;accomplir.<\/p>\n<p style=\"text-align: justify;\">En d&rsquo;autres termes, l&rsquo;attention tr\u00e8s sp\u00e9cialis\u00e9e, tr\u00e8s focalis\u00e9e, que nous accordons \u00e0 l&rsquo;acte que nous faisons \u00ab en vue de \u00bb, nous interdit de le percevoir sous tous ses aspects, dans toute son \u00e9tendue. Elle ne nous en donne qu&rsquo;une vision partielle et, d\u00e8s lors, incompl\u00e8te, appauvrie, \u00e9triqu\u00e9e.<\/p>\n<p style=\"text-align: justify;\">En fait, nous ne le percevons pas vraiment, dans toute sa complexit\u00e9 et tous ses rapports.<\/p>\n<p style=\"text-align: justify;\">Nous n&rsquo;en avons pas cette intuition imm\u00e9diate et p\u00e9n\u00e9trante, cette intuition totale que Krishnamurti appelle \u00ab awareness \u00bb ou \u00ab insight \u00bb.<\/p>\n<p style=\"text-align: justify;\"><span>On peut dire que nous n&rsquo;en avons pas vraiment conscience.<\/span><\/p>\n<p style=\"text-align: justify;\">Entra\u00een\u00e9e par son impulsion \u00e9gocentrique, la conscience se d\u00e9tourne de la perception totale de l&rsquo;ensemble du champ de conscience qui lui est pr\u00e9sentement offert, pour ne s&rsquo;attacher qu&rsquo;aux seuls \u00e9l\u00e9ments de ce champ de conscience vers lesquels cette impulsion la dirige.<\/p>\n<p style=\"text-align: justify;\">De la totalit\u00e9 du pr\u00e9sent, le sujet ne voit, ne per\u00e7oit que les seuls objets de son int\u00e9r\u00eat \u00e9gocentrique.<\/p>\n<p style=\"text-align: justify;\">Bien que le reste de son champ de conscience soit l\u00e0, totalement pr\u00e9sent et perceptible, le sujet n&rsquo;y pr\u00eate pas attention et, litt\u00e9ralement, ne le voit pas. C&rsquo;est comme si, pour lui, il \u00e9tait invisible, inexistant.<\/p>\n<p style=\"text-align: justify;\">Parlant le langage de Sartre, on pourrait dire que l&rsquo;intense recherche sp\u00e9cialis\u00e9e d&rsquo;objets, d&rsquo;\u00eatres ou de situations destin\u00e9s \u00e0 servir des fins \u00e9gocentriques \u00ab n\u00e9antise \u00bb tous les autres \u00e9l\u00e9ments du champ de conscience, les noie dans une sorte de brouillard qui les rend indistincts.<\/p>\n<p style=\"text-align: justify;\">Un acte int\u00e9ress\u00e9, \u00e9gocentrique, accompli dans ces conditions, n&rsquo;est donc pas l&rsquo;acte complet, intemporel, du lib\u00e9r\u00e9.<\/p>\n<p style=\"text-align: justify;\">M\u00eame si, dans l&rsquo;ex\u00e9cution d&rsquo;un tel acte int\u00e9ress\u00e9, \u00e9gocentrique, notre esprit para\u00eet totalement occup\u00e9 par l&rsquo;ex\u00e9cution minutieuse et compl\u00e8te de cet acte, nous restons anim\u00e9s en profondeur par un d\u00e9sir ou une peur personnels qui restreignent le champ de notre vision, de notre attention.<\/p>\n<p style=\"text-align: justify;\">La signification humaine totale de cet acte nous pr\u00e9occupe tellement moins que les fruits que nous esp\u00e9rons retirer pour nous de son accomplissement, qu&rsquo;on peut dire qu&rsquo;elle nous \u00e9chappe.<\/p>\n<p style=\"text-align: justify; padding-left: 330px;\">*<\/p>\n<p style=\"text-align: justify;\">La qualit\u00e9 d&rsquo;attention qui intervient dans un tel acte, et qui correspond \u00e0 une fragmentation de l&rsquo;attention totale, n&rsquo;est donc pas celle qui entre en jeu dans la r\u00e9alisation de l&rsquo;acte complet. Psychologiquement, seule cette derni\u00e8re attention est totale.<\/p>\n<p style=\"text-align: justify;\">Toute l&rsquo;\u00e9nergie du sujet de l&rsquo;acte complet est investie dans la perception pure du pr\u00e9sent et l&rsquo;accomplissement spontan\u00e9 de l&rsquo;acte qu&rsquo;elle d\u00e9clenche [3].<\/p>\n<p style=\"text-align: justify;\">Aucune fraction de cette \u00e9nergie n&rsquo;est d\u00e9tourn\u00e9e de ces fonctions en vue de restreindre, d\u00e9lib\u00e9r\u00e9ment ou machinalement, le champ de notre attention active ; ni ne sert \u00e0 alimenter, de mani\u00e8re ouverte ou furtive, des consid\u00e9rations ou supputations personnelles, des d\u00e9sirs, des attentes inqui\u00e8tes ou ambitieuses.<\/p>\n<p style=\"text-align: justify;\">Ni ne sert non plus \u00e0 vaincre ces tensions intimes qui, dans l&rsquo;acte incomplet, voudraient s&rsquo;opposer \u00e0 l&rsquo;ex\u00e9cution de l&rsquo;acte qui a \u00e9t\u00e9 ou sera finalement choisi.<\/p>\n<p style=\"text-align: justify; padding-left: 330px;\">*<\/p>\n<p style=\"text-align: justify;\">Toutefois, \u00e0 regarder les choses de l&rsquo;ext\u00e9rieur \u2014 ou m\u00eame de l&rsquo;int\u00e9rieur, mais de fa\u00e7on superficielle et conditionn\u00e9e \u2014, on peut s&rsquo;abuser.<\/p>\n<p style=\"text-align: justify; padding-left: 330px;\">*<\/p>\n<p style=\"text-align: justify;\">J&rsquo;ai dit, plus haut, que la conscience du lib\u00e9r\u00e9 \u00e9tait une r\u00e9alit\u00e9 spontan\u00e9ment vivante et agissante, sans pour autant se donner, hors du domaine technique, des raisons psychologiques d&rsquo;agir.<\/p>\n<p style=\"text-align: justify;\">Je suis tent\u00e9 d&rsquo;illustrer ce propos, d&rsquo;une mani\u00e8re qui me para\u00eet simple et frappante, en rapportant, de m\u00e9moire, un \u00e9pisode de la vie de R\u00e2mana Maharshi.<\/p>\n<p style=\"text-align: justify;\">Ce dernier avait re\u00e7u la visite d&rsquo;un homme avec lequel il s&rsquo;\u00e9tait entretenu et, \u00e0 la fin de leur entretien, il s&rsquo;\u00e9tait rendu, au soleil couchant, accompagn\u00e9 de son visiteur, sur une hauteur \u2014 qui devait \u00eatre, je pense, la colline d&rsquo;Arun\u00e2chala \u2014 dominant une grande vall\u00e9e.<\/p>\n<p style=\"text-align: justify;\">Quand ils furent arriv\u00e9s l\u00e0, son compagnon lui demanda : \u00ab Vous \u00eates venu l\u00e0 pour voir le soleil couchant ? \u00bb Silence de R\u00e2mana. Le visiteur reprend : \u00ab Vous \u00eates venu l\u00e0 parce que, de cet endroit, on d\u00e9couvre cette belle vall\u00e9e ? \u00bb R\u00e2mana reste encore muet. Son interlocuteur lui posa je crois, une troisi\u00e8me question du m\u00eame genre et, cette fois, R\u00e2mana r\u00e9pondit : \u00ab Je suis l\u00e0 ! \u00bb.<\/p>\n<p style=\"text-align: right; padding-left: 420px;\">30 juin 1983<br \/>\n4 octobre 1983<\/p>\n<p style=\"text-align: justify;\">P.S. \u2014 Cette note est la transcription quelque peu remani\u00e9e d&rsquo;un texte datant du 25 janvier 1981 et j&rsquo;avais d\u00e9j\u00e0 \u00e9crit le 6 octobre 1980 : \u00ab Etre pour \u00eatre ou simplement \u00eatre ; un \u00eatre qui est faire mais non un \u00eatre pour faire \u00bb.<\/p>\n<p style=\"text-align: justify;\">Or, j&rsquo;ai eu la surprise de trouver dans le No\u00a0 12 d&rsquo;octobre 1982 de \u00ab Contact with Vimala Thakar \u00bb, le texte suivant :<\/p>\n<p style=\"text-align: justify;\">\u00ab It is pure and simple motionlessness, a directionless movementless living. It is pure and simple \u00ab isness \u00bb of life, to be at the source of our being, at the source of the isness of life, at the source of creation within us. It is to be and not to do. It is to be and not to become. \u00bb (page 17)<\/p>\n<p style=\"text-align: justify;\">Assez singuli\u00e8rement, les deux derni\u00e8res phrases du texte cit\u00e9 \u2014 phrases qui se traduisent en fran\u00e7ais : \u00ab C&rsquo;est \u00eatre et ne pas faire. C&rsquo;est \u00eatre et ne pas devenir. \u00bb \u2014 auraient pu servir de titre \u00e0 mes propres r\u00e9flexions.<\/p>\n<p style=\"text-align: justify;\">J&rsquo;ajouterai toutefois que, derni\u00e8rement, recherchant les r\u00e9f\u00e9rences de textes de Krishnamurti, je suis tomb\u00e9 par hasard sur un propos de lui datant de 1930 et qui aurait pu \u00e9galement inspirer ces m\u00eames r\u00e9flexions :<\/p>\n<p style=\"text-align: justify;\">\u00ab La v\u00e9ritable conduite est la traduction de votre r\u00e9alisation personnelle en termes d&rsquo;activit\u00e9. En cela il n&rsquo;y a plus une tentative de <span>devenir<\/span>, il y a toujours la tentative d&rsquo;<span>\u00eatre<\/span> \u2014 la recherche de l&rsquo;\u00eatre, non du devenir. \u00bb<br \/>\n(\u00abTrue conduct is the translation of one&rsquo;s realization into activity. In this there is no longer an attempt to <span>become<\/span>, there is always the attempt to <span>be<\/span> \u2014 the striving after being, not becoming. \u00bb , \u00ab Experience and Conduct \u00bb, p. 21)<\/p>\n<p style=\"text-align: justify;\">Comme on fait pour devenir, la volont\u00e9 de faire est une volont\u00e9 de devenir.<\/p>\n<p style=\"text-align: justify; padding-left: 330px;\">*<\/p>\n<p style=\"text-align: justify;\">On notera que, dans \u00ab \u00eatre pour faire \u00bb, il y a dissociation de soi. On se d\u00e9tache de soi en quelque sorte, on semble se parler \u00e0 soi-m\u00eame, se dire : \u00ab Je dois faire cela \u00bb, sans \u00eatre purement et simplement identifi\u00e9 \u00e0 l&rsquo;acte de le faire, au-del\u00e0 de toute s\u00e9gr\u00e9gation intime, <span>dans une attention totale.<\/span><\/p>\n<p style=\"text-align: right; padding-left: 360px;\">7 octobre 1983<\/p>\n<p style=\"text-align: justify;\">[1] Voir Ve partie, chapitre 7, mon \u00e9tude \u00ab Une parenth\u00e8se m\u00e9taphysique \u2014 L&rsquo;univers comme r\u00e9alit\u00e9 \u00e9ternelle ; un \u00ab\u00a0\u00eatre-l\u00e0\u00a0\u00bb qui est cr\u00e9ation \u00bb.<br \/>\n[2]\u00a0 Dans les \u00e9tats de pl\u00e9nitude, il n&rsquo;y a ni souvenir ni anticipation. C&rsquo;est le pr\u00e9sent vide qui cherche \u00e0 se remplir avec le pass\u00e9 ou avec l&rsquo;espoir d&rsquo;un avenir, imagin\u00e9 par le pass\u00e9, et con\u00e7u comme conduisant \u00e0 un \u00e9tat insurpassable qui na\u00eetrait de l&rsquo;addition au r\u00e9sultat, recherch\u00e9, de l&rsquo;action pr\u00e9sente, des r\u00e9sultats de toutes celles qui lui succ\u00e9deraient jusqu&rsquo;\u00e0 la compl\u00e9tude finale.<br \/>\n[3] C&rsquo;est un autre mode de vie, qui a l&rsquo;instantan\u00e9it\u00e9 de l&rsquo;instinct mais se situe au-del\u00e0 non seulement de l&rsquo;instinct, mais encore de l&rsquo;action psychologique r\u00e9fl\u00e9chie (voir l&rsquo;\u00e9tude \u00ab Un autre art de vivre : la \u00ab\u00a0perception-acte\u00a0\u00bb \u00bb).<\/p>\n","protected":false},"excerpt":{"rendered":"<p>Comme si, incertain d&rsquo;\u00eatre l\u00e0, inquiet de soi, on voulait se rassurer en se donnant la certitude de sa propre pr\u00e9sence au monde. Comme si l&rsquo;on voulait sortir de soi-m\u00eame, en quelque sorte, pour se donner le spectacle, mat\u00e9riel ou psychologique, de sa propre existence effective. Ou encore comme si l&rsquo;on voulait se trouver en mesure de d\u00e9gager de sa propre conscience un observateur qui, de l&rsquo;ext\u00e9rieur, se ferait le t\u00e9moin de soi. En fait, ce t\u00e9moin ext\u00e9rieur ne serait qu&rsquo;une illusion de t\u00e9moin. Car il devrait faire encore partie de la conscience s&rsquo;interrogeant sur l&rsquo;existence d&rsquo;elle-m\u00eame, sur la r\u00e9alit\u00e9 de son \u00eatre. S&rsquo;il en \u00e9tait autrement, elle ne pourrait, en effet, avoir un acc\u00e8s intime \u00e0 la conscience dudit t\u00e9moin, elle ne pourrait entrer en lui.<\/p>\n","protected":false},"author":1,"featured_media":0,"comment_status":"open","ping_status":"open","sticky":false,"template":"","format":"standard","meta":{"footnotes":""},"categories":[61],"tags":[95,140,6,23],"class_list":["post-343","post","type-post","status-publish","format-standard","hentry","category-r-fouere","tag-attention","tag-etre","tag-krishnamurti","tag-liberation"],"yoast_head":"<!-- This site is optimized with the Yoast SEO plugin v27.0 - https:\/\/yoast.com\/product\/yoast-seo-wordpress\/ -->\n<title>\u00ab Etre \u00bb ou \u00ab \u00eatre \u00bb pour \u00ab faire \u00bb par Ren\u00e9 Fou\u00e9r\u00e9 - 3e mill\u00e9naire - Spiritualit\u00e9 - Connaissance de soi - Non-dualit\u00e9 - M\u00e9ditation<\/title>\n<meta name=\"robots\" content=\"index, follow, max-snippet:-1, max-image-preview:large, max-video-preview:-1\" \/>\n<link rel=\"canonical\" href=\"https:\/\/www.revue3emillenaire.com\/blog\/etre-ou-etre-pour-faire-par-ren-four\/\" \/>\n<meta property=\"og:locale\" content=\"fr_FR\" \/>\n<meta property=\"og:type\" content=\"article\" \/>\n<meta property=\"og:title\" content=\"\u00ab Etre \u00bb ou \u00ab \u00eatre \u00bb pour \u00ab faire \u00bb par Ren\u00e9 Fou\u00e9r\u00e9 - 3e mill\u00e9naire - Spiritualit\u00e9 - Connaissance de soi - Non-dualit\u00e9 - M\u00e9ditation\" \/>\n<meta property=\"og:description\" content=\"Comme si, incertain d&#039;\u00eatre l\u00e0, inquiet de soi, on voulait se rassurer en se donnant la certitude de sa propre pr\u00e9sence au monde. Comme si l&#039;on voulait sortir de soi-m\u00eame, en quelque sorte, pour se donner le spectacle, mat\u00e9riel ou psychologique, de sa propre existence effective. Ou encore comme si l&#039;on voulait se trouver en mesure de d\u00e9gager de sa propre conscience un observateur qui, de l&#039;ext\u00e9rieur, se ferait le t\u00e9moin de soi. En fait, ce t\u00e9moin ext\u00e9rieur ne serait qu&#039;une illusion de t\u00e9moin. Car il devrait faire encore partie de la conscience s&#039;interrogeant sur l&#039;existence d&#039;elle-m\u00eame, sur la r\u00e9alit\u00e9 de son \u00eatre. S&#039;il en \u00e9tait autrement, elle ne pourrait, en effet, avoir un acc\u00e8s intime \u00e0 la conscience dudit t\u00e9moin, elle ne pourrait entrer en lui.\" \/>\n<meta property=\"og:url\" content=\"https:\/\/www.revue3emillenaire.com\/blog\/etre-ou-etre-pour-faire-par-ren-four\/\" \/>\n<meta property=\"og:site_name\" content=\"3e mill\u00e9naire - Spiritualit\u00e9 - Connaissance de soi - Non-dualit\u00e9 - M\u00e9ditation\" \/>\n<meta property=\"article:published_time\" content=\"2009-07-13T00:00:00+00:00\" \/>\n<meta property=\"article:modified_time\" content=\"2011-10-06T00:11:31+00:00\" \/>\n<meta name=\"author\" content=\"3e mill\u00e9naire\" \/>\n<meta name=\"twitter:card\" content=\"summary_large_image\" \/>\n<meta name=\"twitter:label1\" content=\"\u00c9crit par\" \/>\n\t<meta name=\"twitter:data1\" content=\"3e mill\u00e9naire\" \/>\n\t<meta name=\"twitter:label2\" content=\"Dur\u00e9e de lecture estim\u00e9e\" \/>\n\t<meta name=\"twitter:data2\" content=\"16 minutes\" \/>\n<script type=\"application\/ld+json\" class=\"yoast-schema-graph\">{\"@context\":\"https:\/\/schema.org\",\"@graph\":[{\"@type\":\"Article\",\"@id\":\"https:\/\/www.revue3emillenaire.com\/blog\/etre-ou-etre-pour-faire-par-ren-four\/#article\",\"isPartOf\":{\"@id\":\"https:\/\/www.revue3emillenaire.com\/blog\/etre-ou-etre-pour-faire-par-ren-four\/\"},\"author\":{\"name\":\"3e mill\u00e9naire\",\"@id\":\"https:\/\/www.revue3emillenaire.com\/blog\/#\/schema\/person\/9a3a7cc4ccaa707f402d4394327106d5\"},\"headline\":\"\u00ab Etre \u00bb ou \u00ab \u00eatre \u00bb pour \u00ab faire \u00bb par Ren\u00e9 Fou\u00e9r\u00e9\",\"datePublished\":\"2009-07-13T00:00:00+00:00\",\"dateModified\":\"2011-10-06T00:11:31+00:00\",\"mainEntityOfPage\":{\"@id\":\"https:\/\/www.revue3emillenaire.com\/blog\/etre-ou-etre-pour-faire-par-ren-four\/\"},\"wordCount\":3152,\"commentCount\":0,\"keywords\":[\"Attention\",\"\u00eatre\",\"Krishnamurti\",\"Lib\u00e9ration\"],\"articleSection\":[\"Fou\u00e9r\u00e9 Ren\u00e9\"],\"inLanguage\":\"fr-FR\",\"potentialAction\":[{\"@type\":\"CommentAction\",\"name\":\"Comment\",\"target\":[\"https:\/\/www.revue3emillenaire.com\/blog\/etre-ou-etre-pour-faire-par-ren-four\/#respond\"]}]},{\"@type\":\"WebPage\",\"@id\":\"https:\/\/www.revue3emillenaire.com\/blog\/etre-ou-etre-pour-faire-par-ren-four\/\",\"url\":\"https:\/\/www.revue3emillenaire.com\/blog\/etre-ou-etre-pour-faire-par-ren-four\/\",\"name\":\"\u00ab Etre \u00bb ou \u00ab \u00eatre \u00bb pour \u00ab faire \u00bb par Ren\u00e9 Fou\u00e9r\u00e9 - 3e mill\u00e9naire - Spiritualit\u00e9 - Connaissance de soi - Non-dualit\u00e9 - M\u00e9ditation\",\"isPartOf\":{\"@id\":\"https:\/\/www.revue3emillenaire.com\/blog\/#website\"},\"datePublished\":\"2009-07-13T00:00:00+00:00\",\"dateModified\":\"2011-10-06T00:11:31+00:00\",\"author\":{\"@id\":\"https:\/\/www.revue3emillenaire.com\/blog\/#\/schema\/person\/9a3a7cc4ccaa707f402d4394327106d5\"},\"breadcrumb\":{\"@id\":\"https:\/\/www.revue3emillenaire.com\/blog\/etre-ou-etre-pour-faire-par-ren-four\/#breadcrumb\"},\"inLanguage\":\"fr-FR\",\"potentialAction\":[{\"@type\":\"ReadAction\",\"target\":[\"https:\/\/www.revue3emillenaire.com\/blog\/etre-ou-etre-pour-faire-par-ren-four\/\"]}]},{\"@type\":\"BreadcrumbList\",\"@id\":\"https:\/\/www.revue3emillenaire.com\/blog\/etre-ou-etre-pour-faire-par-ren-four\/#breadcrumb\",\"itemListElement\":[{\"@type\":\"ListItem\",\"position\":1,\"name\":\"Accueil\",\"item\":\"https:\/\/www.revue3emillenaire.com\/blog\/\"},{\"@type\":\"ListItem\",\"position\":2,\"name\":\"\u00ab Etre \u00bb ou \u00ab \u00eatre \u00bb pour \u00ab faire \u00bb par Ren\u00e9 Fou\u00e9r\u00e9\"}]},{\"@type\":\"WebSite\",\"@id\":\"https:\/\/www.revue3emillenaire.com\/blog\/#website\",\"url\":\"https:\/\/www.revue3emillenaire.com\/blog\/\",\"name\":\"3e mill\u00e9naire - Spiritualit\u00e9 - Connaissance de soi - Non-dualit\u00e9 - M\u00e9ditation\",\"description\":\"L&#039;Homme en devenir\",\"potentialAction\":[{\"@type\":\"SearchAction\",\"target\":{\"@type\":\"EntryPoint\",\"urlTemplate\":\"https:\/\/www.revue3emillenaire.com\/blog\/?s={search_term_string}\"},\"query-input\":{\"@type\":\"PropertyValueSpecification\",\"valueRequired\":true,\"valueName\":\"search_term_string\"}}],\"inLanguage\":\"fr-FR\"},{\"@type\":\"Person\",\"@id\":\"https:\/\/www.revue3emillenaire.com\/blog\/#\/schema\/person\/9a3a7cc4ccaa707f402d4394327106d5\",\"name\":\"3e mill\u00e9naire\",\"url\":\"https:\/\/www.revue3emillenaire.com\/blog\/author\/admin\/\"}]}<\/script>\n<!-- \/ Yoast SEO plugin. -->","yoast_head_json":{"title":"\u00ab Etre \u00bb ou \u00ab \u00eatre \u00bb pour \u00ab faire \u00bb par Ren\u00e9 Fou\u00e9r\u00e9 - 3e mill\u00e9naire - Spiritualit\u00e9 - Connaissance de soi - Non-dualit\u00e9 - M\u00e9ditation","robots":{"index":"index","follow":"follow","max-snippet":"max-snippet:-1","max-image-preview":"max-image-preview:large","max-video-preview":"max-video-preview:-1"},"canonical":"https:\/\/www.revue3emillenaire.com\/blog\/etre-ou-etre-pour-faire-par-ren-four\/","og_locale":"fr_FR","og_type":"article","og_title":"\u00ab Etre \u00bb ou \u00ab \u00eatre \u00bb pour \u00ab faire \u00bb par Ren\u00e9 Fou\u00e9r\u00e9 - 3e mill\u00e9naire - Spiritualit\u00e9 - Connaissance de soi - Non-dualit\u00e9 - M\u00e9ditation","og_description":"Comme si, incertain d'\u00eatre l\u00e0, inquiet de soi, on voulait se rassurer en se donnant la certitude de sa propre pr\u00e9sence au monde. Comme si l'on voulait sortir de soi-m\u00eame, en quelque sorte, pour se donner le spectacle, mat\u00e9riel ou psychologique, de sa propre existence effective. Ou encore comme si l'on voulait se trouver en mesure de d\u00e9gager de sa propre conscience un observateur qui, de l'ext\u00e9rieur, se ferait le t\u00e9moin de soi. En fait, ce t\u00e9moin ext\u00e9rieur ne serait qu'une illusion de t\u00e9moin. Car il devrait faire encore partie de la conscience s'interrogeant sur l'existence d'elle-m\u00eame, sur la r\u00e9alit\u00e9 de son \u00eatre. S'il en \u00e9tait autrement, elle ne pourrait, en effet, avoir un acc\u00e8s intime \u00e0 la conscience dudit t\u00e9moin, elle ne pourrait entrer en lui.","og_url":"https:\/\/www.revue3emillenaire.com\/blog\/etre-ou-etre-pour-faire-par-ren-four\/","og_site_name":"3e mill\u00e9naire - Spiritualit\u00e9 - Connaissance de soi - Non-dualit\u00e9 - M\u00e9ditation","article_published_time":"2009-07-13T00:00:00+00:00","article_modified_time":"2011-10-06T00:11:31+00:00","author":"3e mill\u00e9naire","twitter_card":"summary_large_image","twitter_misc":{"\u00c9crit par":"3e mill\u00e9naire","Dur\u00e9e de lecture estim\u00e9e":"16 minutes"},"schema":{"@context":"https:\/\/schema.org","@graph":[{"@type":"Article","@id":"https:\/\/www.revue3emillenaire.com\/blog\/etre-ou-etre-pour-faire-par-ren-four\/#article","isPartOf":{"@id":"https:\/\/www.revue3emillenaire.com\/blog\/etre-ou-etre-pour-faire-par-ren-four\/"},"author":{"name":"3e mill\u00e9naire","@id":"https:\/\/www.revue3emillenaire.com\/blog\/#\/schema\/person\/9a3a7cc4ccaa707f402d4394327106d5"},"headline":"\u00ab Etre \u00bb ou \u00ab \u00eatre \u00bb pour \u00ab faire \u00bb par Ren\u00e9 Fou\u00e9r\u00e9","datePublished":"2009-07-13T00:00:00+00:00","dateModified":"2011-10-06T00:11:31+00:00","mainEntityOfPage":{"@id":"https:\/\/www.revue3emillenaire.com\/blog\/etre-ou-etre-pour-faire-par-ren-four\/"},"wordCount":3152,"commentCount":0,"keywords":["Attention","\u00eatre","Krishnamurti","Lib\u00e9ration"],"articleSection":["Fou\u00e9r\u00e9 Ren\u00e9"],"inLanguage":"fr-FR","potentialAction":[{"@type":"CommentAction","name":"Comment","target":["https:\/\/www.revue3emillenaire.com\/blog\/etre-ou-etre-pour-faire-par-ren-four\/#respond"]}]},{"@type":"WebPage","@id":"https:\/\/www.revue3emillenaire.com\/blog\/etre-ou-etre-pour-faire-par-ren-four\/","url":"https:\/\/www.revue3emillenaire.com\/blog\/etre-ou-etre-pour-faire-par-ren-four\/","name":"\u00ab Etre \u00bb ou \u00ab \u00eatre \u00bb pour \u00ab faire \u00bb par Ren\u00e9 Fou\u00e9r\u00e9 - 3e mill\u00e9naire - Spiritualit\u00e9 - Connaissance de soi - Non-dualit\u00e9 - M\u00e9ditation","isPartOf":{"@id":"https:\/\/www.revue3emillenaire.com\/blog\/#website"},"datePublished":"2009-07-13T00:00:00+00:00","dateModified":"2011-10-06T00:11:31+00:00","author":{"@id":"https:\/\/www.revue3emillenaire.com\/blog\/#\/schema\/person\/9a3a7cc4ccaa707f402d4394327106d5"},"breadcrumb":{"@id":"https:\/\/www.revue3emillenaire.com\/blog\/etre-ou-etre-pour-faire-par-ren-four\/#breadcrumb"},"inLanguage":"fr-FR","potentialAction":[{"@type":"ReadAction","target":["https:\/\/www.revue3emillenaire.com\/blog\/etre-ou-etre-pour-faire-par-ren-four\/"]}]},{"@type":"BreadcrumbList","@id":"https:\/\/www.revue3emillenaire.com\/blog\/etre-ou-etre-pour-faire-par-ren-four\/#breadcrumb","itemListElement":[{"@type":"ListItem","position":1,"name":"Accueil","item":"https:\/\/www.revue3emillenaire.com\/blog\/"},{"@type":"ListItem","position":2,"name":"\u00ab Etre \u00bb ou \u00ab \u00eatre \u00bb pour \u00ab faire \u00bb par Ren\u00e9 Fou\u00e9r\u00e9"}]},{"@type":"WebSite","@id":"https:\/\/www.revue3emillenaire.com\/blog\/#website","url":"https:\/\/www.revue3emillenaire.com\/blog\/","name":"3e mill\u00e9naire - Spiritualit\u00e9 - Connaissance de soi - Non-dualit\u00e9 - M\u00e9ditation","description":"L&#039;Homme en devenir","potentialAction":[{"@type":"SearchAction","target":{"@type":"EntryPoint","urlTemplate":"https:\/\/www.revue3emillenaire.com\/blog\/?s={search_term_string}"},"query-input":{"@type":"PropertyValueSpecification","valueRequired":true,"valueName":"search_term_string"}}],"inLanguage":"fr-FR"},{"@type":"Person","@id":"https:\/\/www.revue3emillenaire.com\/blog\/#\/schema\/person\/9a3a7cc4ccaa707f402d4394327106d5","name":"3e mill\u00e9naire","url":"https:\/\/www.revue3emillenaire.com\/blog\/author\/admin\/"}]}},"_links":{"self":[{"href":"https:\/\/www.revue3emillenaire.com\/blog\/wp-json\/wp\/v2\/posts\/343","targetHints":{"allow":["GET"]}}],"collection":[{"href":"https:\/\/www.revue3emillenaire.com\/blog\/wp-json\/wp\/v2\/posts"}],"about":[{"href":"https:\/\/www.revue3emillenaire.com\/blog\/wp-json\/wp\/v2\/types\/post"}],"author":[{"embeddable":true,"href":"https:\/\/www.revue3emillenaire.com\/blog\/wp-json\/wp\/v2\/users\/1"}],"replies":[{"embeddable":true,"href":"https:\/\/www.revue3emillenaire.com\/blog\/wp-json\/wp\/v2\/comments?post=343"}],"version-history":[{"count":0,"href":"https:\/\/www.revue3emillenaire.com\/blog\/wp-json\/wp\/v2\/posts\/343\/revisions"}],"wp:attachment":[{"href":"https:\/\/www.revue3emillenaire.com\/blog\/wp-json\/wp\/v2\/media?parent=343"}],"wp:term":[{"taxonomy":"category","embeddable":true,"href":"https:\/\/www.revue3emillenaire.com\/blog\/wp-json\/wp\/v2\/categories?post=343"},{"taxonomy":"post_tag","embeddable":true,"href":"https:\/\/www.revue3emillenaire.com\/blog\/wp-json\/wp\/v2\/tags?post=343"}],"curies":[{"name":"wp","href":"https:\/\/api.w.org\/{rel}","templated":true}]}}