{"id":345,"date":"2009-07-15T00:00:00","date_gmt":"2009-07-15T00:00:00","guid":{"rendered":"http:\/\/www.revue3emillenaire.com\/blog\/?p=345"},"modified":"2011-10-06T01:03:45","modified_gmt":"2011-10-06T00:03:45","slug":"de-la-prise-de-conscience-partielle-a-la-prise-de-conscience-totale-ou-le-chemin-de-la-libration-par-ren-four","status":"publish","type":"post","link":"https:\/\/www.revue3emillenaire.com\/blog\/de-la-prise-de-conscience-partielle-a-la-prise-de-conscience-totale-ou-le-chemin-de-la-libration-par-ren-four\/","title":{"rendered":"De la prise de conscience partielle \u00e0 la prise de conscience totale ou le chemin de la lib\u00e9ration par Ren\u00e9 Fou\u00e9r\u00e9"},"content":{"rendered":"<p style=\"text-align: justify;\">(Extrait de La r\u00e9volution du R\u00e9el, Krishnamurti, \u00c9dition Le Courrier Du Livre 1985)<\/p>\n<p style=\"text-align: justify;\">L&rsquo;action de la prise de conscience est, comme je l&rsquo;ai d\u00e9j\u00e0 dit, un ph\u00e9nom\u00e8ne psychologique naturel qu&rsquo;on observe, dans la vie courante, lorsqu&rsquo;on d\u00e9couvre soudainement et per\u00e7oit tr\u00e8s clairement qu&rsquo;une conduite particuli\u00e8re est, de fa\u00e7on indiscutable et flagrante, fonci\u00e8rement et irr\u00e9m\u00e9diablement inapte \u00e0 produire l&rsquo;effet, le r\u00e9sultat qu&rsquo;on en attendait et en vue duquel on l&rsquo;avait adopt\u00e9e.<\/p>\n<p style=\"text-align: justify;\">Cette perception entra\u00eene une chute, un retrait instantan\u00e9s de l&rsquo;\u00e9nergie et de l&rsquo;attention qui se trouvaient jusque-l\u00e0 investies dans la mise en \u0153uvre et l&rsquo;entretien de cette conduite.<\/p>\n<p style=\"text-align: justify;\">Ce retrait de l&rsquo;\u00e9nergie et de l&rsquo;attention qu&rsquo;on avait jusqu&rsquo;alors accord\u00e9es \u00e0 cette conduite se traduit lui-m\u00eame par une d\u00e9coloration, un effacement soudains de toutes les images qui \u00e9taient associ\u00e9es dans notre esprit \u00e0 la conduite en question, de toutes les directives qui la concernaient et en assuraient la continuit\u00e9 active, la programmation ; de tout ce qui donnait forme et force \u00e0 cette conduite.<\/p>\n<p style=\"text-align: justify;\">N&rsquo;intervenant plus dans cette entreprise qui a perdu son sens et son attrait, dont la valeur efficace s&rsquo;est av\u00e9r\u00e9e nulle, tous ces \u00e9l\u00e9ments se d\u00e9colorent et s&rsquo;\u00e9teignent, sont perdus de vue comme on perd de vue les \u00eatres et les choses auxquels on n&rsquo;accorde plus aucun int\u00e9r\u00eat, dont on n&rsquo;attend plus rien pour l&rsquo;enrichissement, l&rsquo;\u00e9panouissement de sa propre vie ; qui intervenaient dans des activit\u00e9s qui ont cess\u00e9 d&rsquo;\u00eatre n\u00f4tres.<\/p>\n<p style=\"text-align: justify;\">Mais notre attention se reporte sur d&rsquo;autres activit\u00e9s, d&rsquo;autres \u00eatres ou objets qui entrent dans le cercle de ces nouvelles activit\u00e9s.<\/p>\n<p style=\"text-align: justify;\">L\u00e0, il y a passage d&rsquo;une forme d&rsquo;activit\u00e9 \u00e0 une autre. Notre int\u00e9r\u00eat change d&rsquo;objet, d&rsquo;autres images viennent attirer et retenir notre attention, nous gardons pr\u00e9sentes \u00e0 l&rsquo;esprit d&rsquo;autres initiatives, nous poursuivons l&rsquo;ex\u00e9cution d&rsquo;autres projets.<\/p>\n<p style=\"text-align: justify;\">Tout cela est banal et ais\u00e9ment observable dans la vie de tous les jours.<\/p>\n<p style=\"text-align: justify;\">Mais si nous d\u00e9couvrons tout \u00e0 coup que toutes nos conduites psychologiques sont, dans leur principe m\u00eame, incons\u00e9quentes, fondamentalement inaptes \u00e0 nous procurer ce que nous en esp\u00e9rons, ne sont que des entreprises aveugles et irr\u00e9m\u00e9diablement vou\u00e9es \u00e0 l&rsquo;\u00e9chec, les m\u00eames d\u00e9saffections, les m\u00eames d\u00e9sint\u00e9r\u00eats qui s&rsquo;\u00e9taient manifest\u00e9s \u00e0 propos d&rsquo;une conduite particuli\u00e8re se manifestent \u00e0 propos de la totalit\u00e9 de nos conduites. Et, si naturel que cela puisse \u00eatre, nous sommes plac\u00e9s par cette d\u00e9saffection g\u00e9n\u00e9rale, par ce d\u00e9sint\u00e9r\u00eat global, dans une situation tr\u00e8s \u00e9tonnante et sans pr\u00e9c\u00e9dent, une situation que nous n&rsquo;avions jamais connue.<\/p>\n<p style=\"text-align: justify;\">Notre attention ne se d\u00e9tourne plus de certains objets, de certaines conduites, de certaines images pour se reporter sur d&rsquo;autres, et notre \u00e9nergie ne se borne plus \u00e0 changer de point d&rsquo;application.<\/p>\n<p style=\"text-align: justify;\">Dans l&rsquo;ordre de tout ce qui est usuellement concevable, cette attention et cette \u00e9nergie n&rsquo;ont plus d&rsquo;objet d&rsquo;int\u00e9r\u00eat ou de point d&rsquo;application perceptibles. Elles sont devant une sorte de vide \u00e9nigmatique et inattendu.<\/p>\n<p style=\"text-align: justify;\">En l&rsquo;absence de tout projet, de toute image, notre conscience se trouve comme envelopp\u00e9e soudainement dans le silence et dans la nuit. Une nuit d&rsquo;o\u00f9 va bient\u00f4t jaillir un indicible \u00e9clair.<\/p>\n<p style=\"text-align: justify;\">Car l&rsquo;espace int\u00e9rieur laiss\u00e9 vide par l&rsquo;effacement de nos intentions et repr\u00e9sentations coutumi\u00e8res, par la dissolution subite de toutes les images qui nous \u00e9taient famili\u00e8res, va se remplir tout \u00e0 coup d&rsquo;une pr\u00e9sence, d&rsquo;une lumi\u00e8re inattendues. D&rsquo;une pr\u00e9sence et d&rsquo;une lumi\u00e8re qui sont celles-m\u00eames de la vie dans toute sa profondeur insoup\u00e7onn\u00e9e.<\/p>\n<p style=\"text-align: justify;\">C&rsquo;est la lib\u00e9ration.<\/p>\n<p style=\"padding-left: 270px;\">12.1.1984 \u2014 10.4.1984<\/p>\n","protected":false},"excerpt":{"rendered":"<p>L&rsquo;action de la prise de conscience est, comme je l&rsquo;ai d\u00e9j\u00e0 dit, un ph\u00e9nom\u00e8ne psychologique naturel qu&rsquo;on observe, dans la vie courante, lorsqu&rsquo;on d\u00e9couvre soudainement et per\u00e7oit tr\u00e8s clairement qu&rsquo;une conduite particuli\u00e8re est, de fa\u00e7on indiscutable et flagrante, fonci\u00e8rement et irr\u00e9m\u00e9diablement inapte \u00e0 produire l&rsquo;effet, le r\u00e9sultat qu&rsquo;on en attendait et en vue duquel on l&rsquo;avait adopt\u00e9e. Cette perception entra\u00eene une chute, un retrait instantan\u00e9s de l&rsquo;\u00e9nergie et de l&rsquo;attention qui se trouvaient jusque-l\u00e0 investies dans la mise en \u0153uvre et l&rsquo;entretien de cette conduite.<\/p>\n","protected":false},"author":1,"featured_media":0,"comment_status":"open","ping_status":"open","sticky":false,"template":"","format":"standard","meta":{"footnotes":""},"categories":[61],"tags":[95,37,43,42,6,23,137],"class_list":["post-345","post","type-post","status-publish","format-standard","hentry","category-r-fouere","tag-attention","tag-conscience","tag-energie","tag-eveil","tag-krishnamurti","tag-liberation","tag-prise-de-conscience"],"yoast_head":"<!-- This site is optimized with the Yoast SEO plugin v27.0 - https:\/\/yoast.com\/product\/yoast-seo-wordpress\/ -->\n<title>De la prise de conscience partielle \u00e0 la prise de conscience totale ou le chemin de la lib\u00e9ration par Ren\u00e9 Fou\u00e9r\u00e9 - 3e mill\u00e9naire - Spiritualit\u00e9 - Connaissance de soi - Non-dualit\u00e9 - M\u00e9ditation<\/title>\n<meta name=\"robots\" content=\"index, follow, max-snippet:-1, max-image-preview:large, max-video-preview:-1\" \/>\n<link rel=\"canonical\" href=\"https:\/\/www.revue3emillenaire.com\/blog\/de-la-prise-de-conscience-partielle-a-la-prise-de-conscience-totale-ou-le-chemin-de-la-libration-par-ren-four\/\" \/>\n<meta property=\"og:locale\" content=\"fr_FR\" \/>\n<meta property=\"og:type\" content=\"article\" \/>\n<meta property=\"og:title\" content=\"De la prise de conscience partielle \u00e0 la prise de conscience totale ou le chemin de la lib\u00e9ration par Ren\u00e9 Fou\u00e9r\u00e9 - 3e mill\u00e9naire - Spiritualit\u00e9 - Connaissance de soi - Non-dualit\u00e9 - M\u00e9ditation\" \/>\n<meta property=\"og:description\" content=\"L&#039;action de la prise de conscience est, comme je l&#039;ai d\u00e9j\u00e0 dit, un ph\u00e9nom\u00e8ne psychologique naturel qu&#039;on observe, dans la vie courante, lorsqu&#039;on d\u00e9couvre soudainement et per\u00e7oit tr\u00e8s clairement qu&#039;une conduite particuli\u00e8re est, de fa\u00e7on indiscutable et flagrante, fonci\u00e8rement et irr\u00e9m\u00e9diablement inapte \u00e0 produire l&#039;effet, le r\u00e9sultat qu&#039;on en attendait et en vue duquel on l&#039;avait adopt\u00e9e. Cette perception entra\u00eene une chute, un retrait instantan\u00e9s de l&#039;\u00e9nergie et de l&#039;attention qui se trouvaient jusque-l\u00e0 investies dans la mise en \u0153uvre et l&#039;entretien de cette conduite.\" \/>\n<meta property=\"og:url\" content=\"https:\/\/www.revue3emillenaire.com\/blog\/de-la-prise-de-conscience-partielle-a-la-prise-de-conscience-totale-ou-le-chemin-de-la-libration-par-ren-four\/\" \/>\n<meta property=\"og:site_name\" content=\"3e mill\u00e9naire - Spiritualit\u00e9 - Connaissance de soi - Non-dualit\u00e9 - M\u00e9ditation\" \/>\n<meta property=\"article:published_time\" content=\"2009-07-15T00:00:00+00:00\" \/>\n<meta property=\"article:modified_time\" content=\"2011-10-06T00:03:45+00:00\" \/>\n<meta name=\"author\" content=\"3e mill\u00e9naire\" \/>\n<meta name=\"twitter:card\" content=\"summary_large_image\" \/>\n<meta name=\"twitter:label1\" content=\"\u00c9crit par\" \/>\n\t<meta name=\"twitter:data1\" content=\"3e mill\u00e9naire\" \/>\n\t<meta name=\"twitter:label2\" content=\"Dur\u00e9e de lecture estim\u00e9e\" \/>\n\t<meta name=\"twitter:data2\" content=\"3 minutes\" \/>\n<script type=\"application\/ld+json\" class=\"yoast-schema-graph\">{\"@context\":\"https:\/\/schema.org\",\"@graph\":[{\"@type\":\"Article\",\"@id\":\"https:\/\/www.revue3emillenaire.com\/blog\/de-la-prise-de-conscience-partielle-a-la-prise-de-conscience-totale-ou-le-chemin-de-la-libration-par-ren-four\/#article\",\"isPartOf\":{\"@id\":\"https:\/\/www.revue3emillenaire.com\/blog\/de-la-prise-de-conscience-partielle-a-la-prise-de-conscience-totale-ou-le-chemin-de-la-libration-par-ren-four\/\"},\"author\":{\"name\":\"3e mill\u00e9naire\",\"@id\":\"https:\/\/www.revue3emillenaire.com\/blog\/#\/schema\/person\/9a3a7cc4ccaa707f402d4394327106d5\"},\"headline\":\"De la prise de conscience partielle \u00e0 la prise de conscience totale ou le chemin de la lib\u00e9ration par Ren\u00e9 Fou\u00e9r\u00e9\",\"datePublished\":\"2009-07-15T00:00:00+00:00\",\"dateModified\":\"2011-10-06T00:03:45+00:00\",\"mainEntityOfPage\":{\"@id\":\"https:\/\/www.revue3emillenaire.com\/blog\/de-la-prise-de-conscience-partielle-a-la-prise-de-conscience-totale-ou-le-chemin-de-la-libration-par-ren-four\/\"},\"wordCount\":641,\"commentCount\":0,\"keywords\":[\"Attention\",\"Conscience\",\"Energie\",\"Eveil\",\"Krishnamurti\",\"Lib\u00e9ration\",\"prise de conscience\"],\"articleSection\":[\"Fou\u00e9r\u00e9 Ren\u00e9\"],\"inLanguage\":\"fr-FR\",\"potentialAction\":[{\"@type\":\"CommentAction\",\"name\":\"Comment\",\"target\":[\"https:\/\/www.revue3emillenaire.com\/blog\/de-la-prise-de-conscience-partielle-a-la-prise-de-conscience-totale-ou-le-chemin-de-la-libration-par-ren-four\/#respond\"]}]},{\"@type\":\"WebPage\",\"@id\":\"https:\/\/www.revue3emillenaire.com\/blog\/de-la-prise-de-conscience-partielle-a-la-prise-de-conscience-totale-ou-le-chemin-de-la-libration-par-ren-four\/\",\"url\":\"https:\/\/www.revue3emillenaire.com\/blog\/de-la-prise-de-conscience-partielle-a-la-prise-de-conscience-totale-ou-le-chemin-de-la-libration-par-ren-four\/\",\"name\":\"De la prise de conscience partielle \u00e0 la prise de conscience totale ou le chemin de la lib\u00e9ration par Ren\u00e9 Fou\u00e9r\u00e9 - 3e mill\u00e9naire - Spiritualit\u00e9 - Connaissance de soi - Non-dualit\u00e9 - M\u00e9ditation\",\"isPartOf\":{\"@id\":\"https:\/\/www.revue3emillenaire.com\/blog\/#website\"},\"datePublished\":\"2009-07-15T00:00:00+00:00\",\"dateModified\":\"2011-10-06T00:03:45+00:00\",\"author\":{\"@id\":\"https:\/\/www.revue3emillenaire.com\/blog\/#\/schema\/person\/9a3a7cc4ccaa707f402d4394327106d5\"},\"breadcrumb\":{\"@id\":\"https:\/\/www.revue3emillenaire.com\/blog\/de-la-prise-de-conscience-partielle-a-la-prise-de-conscience-totale-ou-le-chemin-de-la-libration-par-ren-four\/#breadcrumb\"},\"inLanguage\":\"fr-FR\",\"potentialAction\":[{\"@type\":\"ReadAction\",\"target\":[\"https:\/\/www.revue3emillenaire.com\/blog\/de-la-prise-de-conscience-partielle-a-la-prise-de-conscience-totale-ou-le-chemin-de-la-libration-par-ren-four\/\"]}]},{\"@type\":\"BreadcrumbList\",\"@id\":\"https:\/\/www.revue3emillenaire.com\/blog\/de-la-prise-de-conscience-partielle-a-la-prise-de-conscience-totale-ou-le-chemin-de-la-libration-par-ren-four\/#breadcrumb\",\"itemListElement\":[{\"@type\":\"ListItem\",\"position\":1,\"name\":\"Accueil\",\"item\":\"https:\/\/www.revue3emillenaire.com\/blog\/\"},{\"@type\":\"ListItem\",\"position\":2,\"name\":\"De la prise de conscience partielle \u00e0 la prise de conscience totale ou le chemin de la lib\u00e9ration par Ren\u00e9 Fou\u00e9r\u00e9\"}]},{\"@type\":\"WebSite\",\"@id\":\"https:\/\/www.revue3emillenaire.com\/blog\/#website\",\"url\":\"https:\/\/www.revue3emillenaire.com\/blog\/\",\"name\":\"3e mill\u00e9naire - Spiritualit\u00e9 - Connaissance de soi - Non-dualit\u00e9 - M\u00e9ditation\",\"description\":\"L&#039;Homme en devenir\",\"potentialAction\":[{\"@type\":\"SearchAction\",\"target\":{\"@type\":\"EntryPoint\",\"urlTemplate\":\"https:\/\/www.revue3emillenaire.com\/blog\/?s={search_term_string}\"},\"query-input\":{\"@type\":\"PropertyValueSpecification\",\"valueRequired\":true,\"valueName\":\"search_term_string\"}}],\"inLanguage\":\"fr-FR\"},{\"@type\":\"Person\",\"@id\":\"https:\/\/www.revue3emillenaire.com\/blog\/#\/schema\/person\/9a3a7cc4ccaa707f402d4394327106d5\",\"name\":\"3e mill\u00e9naire\",\"url\":\"https:\/\/www.revue3emillenaire.com\/blog\/author\/admin\/\"}]}<\/script>\n<!-- \/ Yoast SEO plugin. -->","yoast_head_json":{"title":"De la prise de conscience partielle \u00e0 la prise de conscience totale ou le chemin de la lib\u00e9ration par Ren\u00e9 Fou\u00e9r\u00e9 - 3e mill\u00e9naire - Spiritualit\u00e9 - Connaissance de soi - Non-dualit\u00e9 - M\u00e9ditation","robots":{"index":"index","follow":"follow","max-snippet":"max-snippet:-1","max-image-preview":"max-image-preview:large","max-video-preview":"max-video-preview:-1"},"canonical":"https:\/\/www.revue3emillenaire.com\/blog\/de-la-prise-de-conscience-partielle-a-la-prise-de-conscience-totale-ou-le-chemin-de-la-libration-par-ren-four\/","og_locale":"fr_FR","og_type":"article","og_title":"De la prise de conscience partielle \u00e0 la prise de conscience totale ou le chemin de la lib\u00e9ration par Ren\u00e9 Fou\u00e9r\u00e9 - 3e mill\u00e9naire - Spiritualit\u00e9 - Connaissance de soi - Non-dualit\u00e9 - M\u00e9ditation","og_description":"L'action de la prise de conscience est, comme je l'ai d\u00e9j\u00e0 dit, un ph\u00e9nom\u00e8ne psychologique naturel qu'on observe, dans la vie courante, lorsqu'on d\u00e9couvre soudainement et per\u00e7oit tr\u00e8s clairement qu'une conduite particuli\u00e8re est, de fa\u00e7on indiscutable et flagrante, fonci\u00e8rement et irr\u00e9m\u00e9diablement inapte \u00e0 produire l'effet, le r\u00e9sultat qu'on en attendait et en vue duquel on l'avait adopt\u00e9e. Cette perception entra\u00eene une chute, un retrait instantan\u00e9s de l'\u00e9nergie et de l'attention qui se trouvaient jusque-l\u00e0 investies dans la mise en \u0153uvre et l'entretien de cette conduite.","og_url":"https:\/\/www.revue3emillenaire.com\/blog\/de-la-prise-de-conscience-partielle-a-la-prise-de-conscience-totale-ou-le-chemin-de-la-libration-par-ren-four\/","og_site_name":"3e mill\u00e9naire - Spiritualit\u00e9 - Connaissance de soi - Non-dualit\u00e9 - M\u00e9ditation","article_published_time":"2009-07-15T00:00:00+00:00","article_modified_time":"2011-10-06T00:03:45+00:00","author":"3e mill\u00e9naire","twitter_card":"summary_large_image","twitter_misc":{"\u00c9crit par":"3e mill\u00e9naire","Dur\u00e9e de lecture estim\u00e9e":"3 minutes"},"schema":{"@context":"https:\/\/schema.org","@graph":[{"@type":"Article","@id":"https:\/\/www.revue3emillenaire.com\/blog\/de-la-prise-de-conscience-partielle-a-la-prise-de-conscience-totale-ou-le-chemin-de-la-libration-par-ren-four\/#article","isPartOf":{"@id":"https:\/\/www.revue3emillenaire.com\/blog\/de-la-prise-de-conscience-partielle-a-la-prise-de-conscience-totale-ou-le-chemin-de-la-libration-par-ren-four\/"},"author":{"name":"3e mill\u00e9naire","@id":"https:\/\/www.revue3emillenaire.com\/blog\/#\/schema\/person\/9a3a7cc4ccaa707f402d4394327106d5"},"headline":"De la prise de conscience partielle \u00e0 la prise de conscience totale ou le chemin de la lib\u00e9ration par Ren\u00e9 Fou\u00e9r\u00e9","datePublished":"2009-07-15T00:00:00+00:00","dateModified":"2011-10-06T00:03:45+00:00","mainEntityOfPage":{"@id":"https:\/\/www.revue3emillenaire.com\/blog\/de-la-prise-de-conscience-partielle-a-la-prise-de-conscience-totale-ou-le-chemin-de-la-libration-par-ren-four\/"},"wordCount":641,"commentCount":0,"keywords":["Attention","Conscience","Energie","Eveil","Krishnamurti","Lib\u00e9ration","prise de conscience"],"articleSection":["Fou\u00e9r\u00e9 Ren\u00e9"],"inLanguage":"fr-FR","potentialAction":[{"@type":"CommentAction","name":"Comment","target":["https:\/\/www.revue3emillenaire.com\/blog\/de-la-prise-de-conscience-partielle-a-la-prise-de-conscience-totale-ou-le-chemin-de-la-libration-par-ren-four\/#respond"]}]},{"@type":"WebPage","@id":"https:\/\/www.revue3emillenaire.com\/blog\/de-la-prise-de-conscience-partielle-a-la-prise-de-conscience-totale-ou-le-chemin-de-la-libration-par-ren-four\/","url":"https:\/\/www.revue3emillenaire.com\/blog\/de-la-prise-de-conscience-partielle-a-la-prise-de-conscience-totale-ou-le-chemin-de-la-libration-par-ren-four\/","name":"De la prise de conscience partielle \u00e0 la prise de conscience totale ou le chemin de la lib\u00e9ration par Ren\u00e9 Fou\u00e9r\u00e9 - 3e mill\u00e9naire - Spiritualit\u00e9 - Connaissance de soi - Non-dualit\u00e9 - M\u00e9ditation","isPartOf":{"@id":"https:\/\/www.revue3emillenaire.com\/blog\/#website"},"datePublished":"2009-07-15T00:00:00+00:00","dateModified":"2011-10-06T00:03:45+00:00","author":{"@id":"https:\/\/www.revue3emillenaire.com\/blog\/#\/schema\/person\/9a3a7cc4ccaa707f402d4394327106d5"},"breadcrumb":{"@id":"https:\/\/www.revue3emillenaire.com\/blog\/de-la-prise-de-conscience-partielle-a-la-prise-de-conscience-totale-ou-le-chemin-de-la-libration-par-ren-four\/#breadcrumb"},"inLanguage":"fr-FR","potentialAction":[{"@type":"ReadAction","target":["https:\/\/www.revue3emillenaire.com\/blog\/de-la-prise-de-conscience-partielle-a-la-prise-de-conscience-totale-ou-le-chemin-de-la-libration-par-ren-four\/"]}]},{"@type":"BreadcrumbList","@id":"https:\/\/www.revue3emillenaire.com\/blog\/de-la-prise-de-conscience-partielle-a-la-prise-de-conscience-totale-ou-le-chemin-de-la-libration-par-ren-four\/#breadcrumb","itemListElement":[{"@type":"ListItem","position":1,"name":"Accueil","item":"https:\/\/www.revue3emillenaire.com\/blog\/"},{"@type":"ListItem","position":2,"name":"De la prise de conscience partielle \u00e0 la prise de conscience totale ou le chemin de la lib\u00e9ration par Ren\u00e9 Fou\u00e9r\u00e9"}]},{"@type":"WebSite","@id":"https:\/\/www.revue3emillenaire.com\/blog\/#website","url":"https:\/\/www.revue3emillenaire.com\/blog\/","name":"3e mill\u00e9naire - Spiritualit\u00e9 - Connaissance de soi - Non-dualit\u00e9 - M\u00e9ditation","description":"L&#039;Homme en devenir","potentialAction":[{"@type":"SearchAction","target":{"@type":"EntryPoint","urlTemplate":"https:\/\/www.revue3emillenaire.com\/blog\/?s={search_term_string}"},"query-input":{"@type":"PropertyValueSpecification","valueRequired":true,"valueName":"search_term_string"}}],"inLanguage":"fr-FR"},{"@type":"Person","@id":"https:\/\/www.revue3emillenaire.com\/blog\/#\/schema\/person\/9a3a7cc4ccaa707f402d4394327106d5","name":"3e mill\u00e9naire","url":"https:\/\/www.revue3emillenaire.com\/blog\/author\/admin\/"}]}},"_links":{"self":[{"href":"https:\/\/www.revue3emillenaire.com\/blog\/wp-json\/wp\/v2\/posts\/345","targetHints":{"allow":["GET"]}}],"collection":[{"href":"https:\/\/www.revue3emillenaire.com\/blog\/wp-json\/wp\/v2\/posts"}],"about":[{"href":"https:\/\/www.revue3emillenaire.com\/blog\/wp-json\/wp\/v2\/types\/post"}],"author":[{"embeddable":true,"href":"https:\/\/www.revue3emillenaire.com\/blog\/wp-json\/wp\/v2\/users\/1"}],"replies":[{"embeddable":true,"href":"https:\/\/www.revue3emillenaire.com\/blog\/wp-json\/wp\/v2\/comments?post=345"}],"version-history":[{"count":0,"href":"https:\/\/www.revue3emillenaire.com\/blog\/wp-json\/wp\/v2\/posts\/345\/revisions"}],"wp:attachment":[{"href":"https:\/\/www.revue3emillenaire.com\/blog\/wp-json\/wp\/v2\/media?parent=345"}],"wp:term":[{"taxonomy":"category","embeddable":true,"href":"https:\/\/www.revue3emillenaire.com\/blog\/wp-json\/wp\/v2\/categories?post=345"},{"taxonomy":"post_tag","embeddable":true,"href":"https:\/\/www.revue3emillenaire.com\/blog\/wp-json\/wp\/v2\/tags?post=345"}],"curies":[{"name":"wp","href":"https:\/\/api.w.org\/{rel}","templated":true}]}}