{"id":3500,"date":"2010-05-19T18:56:15","date_gmt":"2010-05-19T17:56:15","guid":{"rendered":"http:\/\/www.revue3emillenaire.com\/blog\/?p=3500"},"modified":"2010-05-19T18:56:15","modified_gmt":"2010-05-19T17:56:15","slug":"la-colonne-vertebrale-arbre-de-vie-par-maud-forget","status":"publish","type":"post","link":"https:\/\/www.revue3emillenaire.com\/blog\/la-colonne-vertebrale-arbre-de-vie-par-maud-forget\/","title":{"rendered":"La colonne vert\u00e9brale, arbre de vie par Maud Forget"},"content":{"rendered":"<p style=\"text-align: justify;\">(Revue \u00c9nergie Vitale. N<sup>o<\/sup> 7. Septembre-Octobre 1981)<\/p>\n<p style=\"text-align: justify;\">\n<p style=\"text-align: justify;\">Depuis les \u00e9poques pr\u00e9historiques, la colonne vert\u00e9brale a jou\u00e9 un r\u00f4le important dans toutes les cultures, qu&rsquo;elles soient orientales ou occidentales.<\/p>\n<p style=\"text-align: justify;\">\n<p style=\"text-align: justify;\">Ceux qui croient \u00e0 l&rsquo;\u00e9volution selon les th\u00e9ories Darwiniennes qui ont s\u00e9duit notre 19<sup>\u00e8me<\/sup> si\u00e8cle pensent que la premi\u00e8re manifestation de l&rsquo;Hominisation est fonction du volume du cr\u00e2ne, d&rsquo;autres y ajoutent l&rsquo;attitude corporelle : en se redressant l&rsquo;homme se serait s\u00e9par\u00e9 de son anc\u00eatre le singe.<\/p>\n<p style=\"text-align: justify;\">\n<p style=\"text-align: justify;\">Pendant la m\u00e9ditation, la colonne vert\u00e9brale se redresse sans que la volont\u00e9 intervienne : l&rsquo;homme trouve sa dimension spirituelle.<\/p>\n<p style=\"text-align: justify;\">\n<p style=\"text-align: justify;\">L&rsquo;homme de la pr\u00e9histoire n&rsquo;a pas eu \u00e0 vouloir se redresser; il \u00e9tait droit, il n&rsquo;est que d&rsquo;examiner les dessins rupestres pour s&rsquo;en apercevoir.<\/p>\n<p style=\"text-align: justify;\">\n<p style=\"text-align: justify;\">Les \u00e9crivains, les dessinateurs et les cin\u00e9astes contemporains sont encore marqu\u00e9s par les th\u00e9ories de Darwin, th\u00e9ories auxquelles il avait d&rsquo;ailleurs renonc\u00e9 \u00e0 la fin de sa vie ; aussi les personnages simiesques qui repr\u00e9senteraient nos lointains anc\u00eatres, sont une erreur monumentale que nous laissons se poursuivre, m\u00eame dans nos \u00e9coles o\u00f9 les livres de classe sont illustr\u00e9s de ces imaginaires personnages.<\/p>\n<p style=\"text-align: justify;\">\n<p style=\"text-align: justify;\">La discussion malheureusement restera st\u00e9rile tant que des hommes de science ne se seront pas livr\u00e9s \u00e0 une investigation pouvant d\u00e9truire les th\u00e9ories de Darwin trop r\u00e9pandues \u00e0 l&rsquo;heure actuelle.<\/p>\n<p style=\"text-align: justify;\">\n<p style=\"text-align: justify;\">Nous sommes, selon les enseignements V\u00e9diques, dans le quatri\u00e8me cycle : le Kali Yuga. Le cycle o\u00f9 la lumi\u00e8re est occult\u00e9e, ne soyons pas surpris de certains obscurantismes qui ont la vie dure.<\/p>\n<p style=\"text-align: justify;\">\n<p style=\"text-align: justify;\">La statuaire sum\u00e9rienne et \u00e9gyptienne, vieille de plus de cinq mille ans nous a laiss\u00e9 des personnages dont la rectitude vert\u00e9brale est exemplaire.<\/p>\n<p style=\"text-align: justify;\">\n<p style=\"text-align: justify;\">Les pr\u00eatres \u00e9gyptiens \u00e9taient des th\u00e9rapeutes, ils connaissaient la vert\u00e9broth\u00e9rapie et utilisaient des postures de yoga que l&rsquo;on voit d&rsquo;ailleurs dans certains hi\u00e9roglyphes.<\/p>\n<p style=\"text-align: justify;\">\n<p style=\"text-align: justify;\">Les grecs c\u00e9l\u00e8bres, Hippocrate et Galien, p\u00e8res de la m\u00e9decine contemporaine ont fait leurs \u00e9tudes aupr\u00e8s d&rsquo;eux dans le temple d&rsquo;Imhotep \u00e0 Memphis.<\/p>\n<p style=\"text-align: justify;\">\n<p style=\"text-align: justify;\">Ces hi\u00e9roglyphes d\u00e9crypt\u00e9s par Champollion nous ont livr\u00e9 certains de leurs secrets.<\/p>\n<p style=\"text-align: justify;\">\n<p style=\"text-align: justify;\">Le pilier : Djed signifie aussi la colonne vert\u00e9brale.<\/p>\n<p style=\"text-align: justify;\">\n<p style=\"text-align: justify;\">La croix ans\u00e9e : Ankh peut vouloir dire la vert\u00e8bre, l&rsquo;homme, la sant\u00e9, la vie.<\/p>\n<p style=\"text-align: justify;\">\n<p style=\"text-align: justify;\">\n<p style=\"text-align: justify;\">La colonne vert\u00e9brale est bien l&rsquo;arbre de vie dont parle la Gen\u00e8se et qui \u00e9voque l&rsquo;arbre s\u00e9phirotique de la Kabbale juive.<\/p>\n<p style=\"text-align: justify;\">\n<p style=\"text-align: justify;\">Dans les textes les plus anciens du monde, les V\u00e9das, la colonne vert\u00e9brale est appel\u00e9e MERU.<\/p>\n<p style=\"text-align: justify;\">\n<p style=\"text-align: justify;\">MERU est l&rsquo;axe du monde. Il traverse la terre, son sommet est une montagne.<\/p>\n<p style=\"text-align: justify;\">\n<p style=\"text-align: justify;\">C&rsquo;est aussi l&rsquo;axe du corps au long duquel circule l&rsquo;\u00e9nergie vitale, \u00e9nergie qui va se r\u00e9partir dans celui-ci et vivifier tous les organes. De sa bonne r\u00e9partition d\u00e9pend la sant\u00e9.<\/p>\n<p style=\"text-align: justify;\">\n<p style=\"text-align: justify;\">Des postures de Hatha-Yoga, essentiellement vert\u00e9brales, portent e le nom de MERU. Exemple : MERU DANDASANA, SUMERU ASANA, MERU VAKRASANA pour n&rsquo;en citer que quelques unes.<\/p>\n<p style=\"text-align: justify;\">\n<p style=\"text-align: justify;\"><strong>Gymnastique corrective et Hatha-Yoga<\/strong> :<\/p>\n<p style=\"text-align: justify;\">\n<p style=\"text-align: justify;\">La gymnastique corrective a pour objectif la remise dans un alignement aussi parfait que possible les trente trois vert\u00e8bres qui se superposent dans notre dos. Mais il est bien difficile de corriger une scoliose, une cyphose ou une lordose fix\u00e9es d\u00e8s l&rsquo;enfance.<\/p>\n<p style=\"text-align: justify;\">\n<p style=\"text-align: justify;\">Des tentatives qui ont \u00e9chou\u00e9 avaient \u00e9t\u00e9 faites vers 1946 pour introduire cette gymnastique dans les \u00e9coles, les instructeurs n&rsquo;avaient pas les bonnes formules et elle fut abandonn\u00e9e.<\/p>\n<p style=\"text-align: justify;\">\n<p style=\"text-align: justify;\">Nous avons maintenant \u00e0 notre disposition un moyen de reprendre cette m\u00e9thode gr\u00e2ce au hatha-yoga, discipline que les enfants acceptent et m\u00eame r\u00e9clament parce qu&rsquo;elle leur procure un bien-\u00eatre imm\u00e9diat.<\/p>\n<p style=\"text-align: justify;\">\n<p style=\"text-align: justify;\">Les dos de nos contemporains sont infiniment vuln\u00e9rables ; certes ils ne se \u00ab donnent \u00bb plus ce qu&rsquo;on appelait vulgairement des \u00ab tours de reins \u00bb en maniant la faucille dans les champs, mais il est de nombreux m\u00e9tiers qui causent des douleurs dorsales \u00e0 cause des attitudes prolong\u00e9es qu&rsquo;ils exigent. D&rsquo;autre part, la s\u00e9dentarit\u00e9, l&rsquo;incapacit\u00e9 respiratoire et l&rsquo;automobile ne sont pas \u00e9trangers \u00e0 certaines algies du dos.<\/p>\n<p style=\"text-align: justify;\">\n<p style=\"text-align: justify;\">Le hatha-yoga peut y rem\u00e9dier. L&rsquo;importance accord\u00e9e aux exercices respiratoires, la tenue des postures ex\u00e9cut\u00e9es avec lenteur et la concentration mentale qui doit les accompagner, sont des moyens simples, \u00e0 la port\u00e9e de tous, pour redresser une colonne vert\u00e9brale.<\/p>\n<p style=\"text-align: justify;\">\n<p style=\"text-align: justify;\">En d\u00e9gageant les fibres nerveuses du sympathique et en lib\u00e9rant les ganglions de compressions anormales, on peut m\u00eame pr\u00e9venir la maladie des organes.<\/p>\n<p style=\"text-align: justify;\">\n<p style=\"text-align: justify;\">Les \u00e9gyptiens avaient raison de lier la vert\u00e8bre \u00e0 la sant\u00e9 et \u00e0 la vie.<\/p>\n<p style=\"text-align: justify;\">\n<p style=\"text-align: justify;\">Les enseignements que nous recueillons actuellement gr\u00e2ce aux yogins indiens comportent toujours la description des effets th\u00e9rapeutiques de chaque posture.<\/p>\n<p style=\"text-align: justify;\">\n<p style=\"text-align: justify;\">Nous pouvons les utiliser \u00e0 condition toutefois d&rsquo;avoir de bonnes notions d&rsquo;anatomie et de physiologie pour ne pas commettre d&rsquo;erreurs.<\/p>\n<p style=\"text-align: justify;\">\n<p style=\"text-align: justify;\">Trop de ma\u00eetres inexp\u00e9riment\u00e9s, n&rsquo;ayant jamais connu les algies de la colonne vert\u00e9brale, d\u00e9consid\u00e8rent cette remarquable discipline en exigeant de leurs \u00e9l\u00e8ves l&rsquo;ex\u00e9cution pr\u00e9matur\u00e9e de postures qui peuvent r\u00e9veiller des douleurs dorsales.<\/p>\n<p style=\"text-align: justify;\">\n<p style=\"text-align: justify;\">Mais celui qui sait utiliser cette technique peut apporter le moyen de pr\u00e9venir la maladie, c&rsquo;\u00e9tait la d\u00e9marche des sages orientaux.<\/p>\n<p style=\"text-align: justify;\">\n<p style=\"text-align: justify;\">Pr\u00e9venir vaut mieux que gu\u00e9rir \u00e9tait leur devise, elle devrait \u00eatre la n\u00f4tre \u00e0 l&rsquo;aube de ce vingt et uni\u00e8me si\u00e8cle.<\/p>\n<p style=\"text-align: justify;\">\n","protected":false},"excerpt":{"rendered":"<p>La colonne vert\u00e9brale est bien l&rsquo;arbre de vie dont parle la Gen\u00e8se et qui \u00e9voque l&rsquo;arbre s\u00e9phirotique de la Kabbale juive. Dans les textes les plus anciens du monde, les V\u00e9das, la colonne vert\u00e9brale est appel\u00e9e MERU. MERU est l&rsquo;axe du monde. Il traverse la terre, son sommet est une montagne.<\/p>\n","protected":false},"author":1,"featured_media":0,"comment_status":"closed","ping_status":"closed","sticky":false,"template":"","format":"standard","meta":{"footnotes":""},"categories":[547],"tags":[344,26],"class_list":["post-3500","post","type-post","status-publish","format-standard","hentry","category-forget-maud","tag-sante","tag-yoga"],"yoast_head":"<!-- This site is optimized with the Yoast SEO plugin v27.0 - https:\/\/yoast.com\/product\/yoast-seo-wordpress\/ -->\n<title>La colonne vert\u00e9brale, arbre de vie par Maud Forget - 3e mill\u00e9naire - Spiritualit\u00e9 - Connaissance de soi - Non-dualit\u00e9 - M\u00e9ditation<\/title>\n<meta name=\"robots\" content=\"index, follow, max-snippet:-1, max-image-preview:large, max-video-preview:-1\" \/>\n<link rel=\"canonical\" href=\"https:\/\/www.revue3emillenaire.com\/blog\/la-colonne-vertebrale-arbre-de-vie-par-maud-forget\/\" \/>\n<meta property=\"og:locale\" content=\"fr_FR\" \/>\n<meta property=\"og:type\" content=\"article\" \/>\n<meta property=\"og:title\" content=\"La colonne vert\u00e9brale, arbre de vie par Maud Forget - 3e mill\u00e9naire - Spiritualit\u00e9 - Connaissance de soi - Non-dualit\u00e9 - M\u00e9ditation\" \/>\n<meta property=\"og:description\" content=\"La colonne vert\u00e9brale est bien l&#039;arbre de vie dont parle la Gen\u00e8se et qui \u00e9voque l&#039;arbre s\u00e9phirotique de la Kabbale juive. Dans les textes les plus anciens du monde, les V\u00e9das, la colonne vert\u00e9brale est appel\u00e9e MERU. MERU est l&#039;axe du monde. Il traverse la terre, son sommet est une montagne.\" \/>\n<meta property=\"og:url\" content=\"https:\/\/www.revue3emillenaire.com\/blog\/la-colonne-vertebrale-arbre-de-vie-par-maud-forget\/\" \/>\n<meta property=\"og:site_name\" content=\"3e mill\u00e9naire - Spiritualit\u00e9 - Connaissance de soi - Non-dualit\u00e9 - M\u00e9ditation\" \/>\n<meta property=\"article:published_time\" content=\"2010-05-19T17:56:15+00:00\" \/>\n<meta name=\"author\" content=\"3e mill\u00e9naire\" \/>\n<meta name=\"twitter:card\" content=\"summary_large_image\" \/>\n<meta name=\"twitter:label1\" content=\"\u00c9crit par\" \/>\n\t<meta name=\"twitter:data1\" content=\"3e mill\u00e9naire\" \/>\n\t<meta name=\"twitter:label2\" content=\"Dur\u00e9e de lecture estim\u00e9e\" \/>\n\t<meta name=\"twitter:data2\" content=\"4 minutes\" \/>\n<script type=\"application\/ld+json\" class=\"yoast-schema-graph\">{\"@context\":\"https:\/\/schema.org\",\"@graph\":[{\"@type\":\"Article\",\"@id\":\"https:\/\/www.revue3emillenaire.com\/blog\/la-colonne-vertebrale-arbre-de-vie-par-maud-forget\/#article\",\"isPartOf\":{\"@id\":\"https:\/\/www.revue3emillenaire.com\/blog\/la-colonne-vertebrale-arbre-de-vie-par-maud-forget\/\"},\"author\":{\"name\":\"3e mill\u00e9naire\",\"@id\":\"https:\/\/www.revue3emillenaire.com\/blog\/#\/schema\/person\/9a3a7cc4ccaa707f402d4394327106d5\"},\"headline\":\"La colonne vert\u00e9brale, arbre de vie par Maud Forget\",\"datePublished\":\"2010-05-19T17:56:15+00:00\",\"mainEntityOfPage\":{\"@id\":\"https:\/\/www.revue3emillenaire.com\/blog\/la-colonne-vertebrale-arbre-de-vie-par-maud-forget\/\"},\"wordCount\":905,\"keywords\":[\"Sant\u00e9\",\"Yoga\"],\"articleSection\":[\"Forget Maud\"],\"inLanguage\":\"fr-FR\"},{\"@type\":\"WebPage\",\"@id\":\"https:\/\/www.revue3emillenaire.com\/blog\/la-colonne-vertebrale-arbre-de-vie-par-maud-forget\/\",\"url\":\"https:\/\/www.revue3emillenaire.com\/blog\/la-colonne-vertebrale-arbre-de-vie-par-maud-forget\/\",\"name\":\"La colonne vert\u00e9brale, arbre de vie par Maud Forget - 3e mill\u00e9naire - Spiritualit\u00e9 - Connaissance de soi - Non-dualit\u00e9 - M\u00e9ditation\",\"isPartOf\":{\"@id\":\"https:\/\/www.revue3emillenaire.com\/blog\/#website\"},\"datePublished\":\"2010-05-19T17:56:15+00:00\",\"author\":{\"@id\":\"https:\/\/www.revue3emillenaire.com\/blog\/#\/schema\/person\/9a3a7cc4ccaa707f402d4394327106d5\"},\"breadcrumb\":{\"@id\":\"https:\/\/www.revue3emillenaire.com\/blog\/la-colonne-vertebrale-arbre-de-vie-par-maud-forget\/#breadcrumb\"},\"inLanguage\":\"fr-FR\",\"potentialAction\":[{\"@type\":\"ReadAction\",\"target\":[\"https:\/\/www.revue3emillenaire.com\/blog\/la-colonne-vertebrale-arbre-de-vie-par-maud-forget\/\"]}]},{\"@type\":\"BreadcrumbList\",\"@id\":\"https:\/\/www.revue3emillenaire.com\/blog\/la-colonne-vertebrale-arbre-de-vie-par-maud-forget\/#breadcrumb\",\"itemListElement\":[{\"@type\":\"ListItem\",\"position\":1,\"name\":\"Accueil\",\"item\":\"https:\/\/www.revue3emillenaire.com\/blog\/\"},{\"@type\":\"ListItem\",\"position\":2,\"name\":\"La colonne vert\u00e9brale, arbre de vie par Maud Forget\"}]},{\"@type\":\"WebSite\",\"@id\":\"https:\/\/www.revue3emillenaire.com\/blog\/#website\",\"url\":\"https:\/\/www.revue3emillenaire.com\/blog\/\",\"name\":\"3e mill\u00e9naire - Spiritualit\u00e9 - Connaissance de soi - Non-dualit\u00e9 - M\u00e9ditation\",\"description\":\"L&#039;Homme en devenir\",\"potentialAction\":[{\"@type\":\"SearchAction\",\"target\":{\"@type\":\"EntryPoint\",\"urlTemplate\":\"https:\/\/www.revue3emillenaire.com\/blog\/?s={search_term_string}\"},\"query-input\":{\"@type\":\"PropertyValueSpecification\",\"valueRequired\":true,\"valueName\":\"search_term_string\"}}],\"inLanguage\":\"fr-FR\"},{\"@type\":\"Person\",\"@id\":\"https:\/\/www.revue3emillenaire.com\/blog\/#\/schema\/person\/9a3a7cc4ccaa707f402d4394327106d5\",\"name\":\"3e mill\u00e9naire\",\"url\":\"https:\/\/www.revue3emillenaire.com\/blog\/author\/admin\/\"}]}<\/script>\n<!-- \/ Yoast SEO plugin. -->","yoast_head_json":{"title":"La colonne vert\u00e9brale, arbre de vie par Maud Forget - 3e mill\u00e9naire - Spiritualit\u00e9 - Connaissance de soi - Non-dualit\u00e9 - M\u00e9ditation","robots":{"index":"index","follow":"follow","max-snippet":"max-snippet:-1","max-image-preview":"max-image-preview:large","max-video-preview":"max-video-preview:-1"},"canonical":"https:\/\/www.revue3emillenaire.com\/blog\/la-colonne-vertebrale-arbre-de-vie-par-maud-forget\/","og_locale":"fr_FR","og_type":"article","og_title":"La colonne vert\u00e9brale, arbre de vie par Maud Forget - 3e mill\u00e9naire - Spiritualit\u00e9 - Connaissance de soi - Non-dualit\u00e9 - M\u00e9ditation","og_description":"La colonne vert\u00e9brale est bien l'arbre de vie dont parle la Gen\u00e8se et qui \u00e9voque l'arbre s\u00e9phirotique de la Kabbale juive. Dans les textes les plus anciens du monde, les V\u00e9das, la colonne vert\u00e9brale est appel\u00e9e MERU. MERU est l'axe du monde. Il traverse la terre, son sommet est une montagne.","og_url":"https:\/\/www.revue3emillenaire.com\/blog\/la-colonne-vertebrale-arbre-de-vie-par-maud-forget\/","og_site_name":"3e mill\u00e9naire - Spiritualit\u00e9 - Connaissance de soi - Non-dualit\u00e9 - M\u00e9ditation","article_published_time":"2010-05-19T17:56:15+00:00","author":"3e mill\u00e9naire","twitter_card":"summary_large_image","twitter_misc":{"\u00c9crit par":"3e mill\u00e9naire","Dur\u00e9e de lecture estim\u00e9e":"4 minutes"},"schema":{"@context":"https:\/\/schema.org","@graph":[{"@type":"Article","@id":"https:\/\/www.revue3emillenaire.com\/blog\/la-colonne-vertebrale-arbre-de-vie-par-maud-forget\/#article","isPartOf":{"@id":"https:\/\/www.revue3emillenaire.com\/blog\/la-colonne-vertebrale-arbre-de-vie-par-maud-forget\/"},"author":{"name":"3e mill\u00e9naire","@id":"https:\/\/www.revue3emillenaire.com\/blog\/#\/schema\/person\/9a3a7cc4ccaa707f402d4394327106d5"},"headline":"La colonne vert\u00e9brale, arbre de vie par Maud Forget","datePublished":"2010-05-19T17:56:15+00:00","mainEntityOfPage":{"@id":"https:\/\/www.revue3emillenaire.com\/blog\/la-colonne-vertebrale-arbre-de-vie-par-maud-forget\/"},"wordCount":905,"keywords":["Sant\u00e9","Yoga"],"articleSection":["Forget Maud"],"inLanguage":"fr-FR"},{"@type":"WebPage","@id":"https:\/\/www.revue3emillenaire.com\/blog\/la-colonne-vertebrale-arbre-de-vie-par-maud-forget\/","url":"https:\/\/www.revue3emillenaire.com\/blog\/la-colonne-vertebrale-arbre-de-vie-par-maud-forget\/","name":"La colonne vert\u00e9brale, arbre de vie par Maud Forget - 3e mill\u00e9naire - Spiritualit\u00e9 - Connaissance de soi - Non-dualit\u00e9 - M\u00e9ditation","isPartOf":{"@id":"https:\/\/www.revue3emillenaire.com\/blog\/#website"},"datePublished":"2010-05-19T17:56:15+00:00","author":{"@id":"https:\/\/www.revue3emillenaire.com\/blog\/#\/schema\/person\/9a3a7cc4ccaa707f402d4394327106d5"},"breadcrumb":{"@id":"https:\/\/www.revue3emillenaire.com\/blog\/la-colonne-vertebrale-arbre-de-vie-par-maud-forget\/#breadcrumb"},"inLanguage":"fr-FR","potentialAction":[{"@type":"ReadAction","target":["https:\/\/www.revue3emillenaire.com\/blog\/la-colonne-vertebrale-arbre-de-vie-par-maud-forget\/"]}]},{"@type":"BreadcrumbList","@id":"https:\/\/www.revue3emillenaire.com\/blog\/la-colonne-vertebrale-arbre-de-vie-par-maud-forget\/#breadcrumb","itemListElement":[{"@type":"ListItem","position":1,"name":"Accueil","item":"https:\/\/www.revue3emillenaire.com\/blog\/"},{"@type":"ListItem","position":2,"name":"La colonne vert\u00e9brale, arbre de vie par Maud Forget"}]},{"@type":"WebSite","@id":"https:\/\/www.revue3emillenaire.com\/blog\/#website","url":"https:\/\/www.revue3emillenaire.com\/blog\/","name":"3e mill\u00e9naire - Spiritualit\u00e9 - Connaissance de soi - Non-dualit\u00e9 - M\u00e9ditation","description":"L&#039;Homme en devenir","potentialAction":[{"@type":"SearchAction","target":{"@type":"EntryPoint","urlTemplate":"https:\/\/www.revue3emillenaire.com\/blog\/?s={search_term_string}"},"query-input":{"@type":"PropertyValueSpecification","valueRequired":true,"valueName":"search_term_string"}}],"inLanguage":"fr-FR"},{"@type":"Person","@id":"https:\/\/www.revue3emillenaire.com\/blog\/#\/schema\/person\/9a3a7cc4ccaa707f402d4394327106d5","name":"3e mill\u00e9naire","url":"https:\/\/www.revue3emillenaire.com\/blog\/author\/admin\/"}]}},"_links":{"self":[{"href":"https:\/\/www.revue3emillenaire.com\/blog\/wp-json\/wp\/v2\/posts\/3500","targetHints":{"allow":["GET"]}}],"collection":[{"href":"https:\/\/www.revue3emillenaire.com\/blog\/wp-json\/wp\/v2\/posts"}],"about":[{"href":"https:\/\/www.revue3emillenaire.com\/blog\/wp-json\/wp\/v2\/types\/post"}],"author":[{"embeddable":true,"href":"https:\/\/www.revue3emillenaire.com\/blog\/wp-json\/wp\/v2\/users\/1"}],"replies":[{"embeddable":true,"href":"https:\/\/www.revue3emillenaire.com\/blog\/wp-json\/wp\/v2\/comments?post=3500"}],"version-history":[{"count":0,"href":"https:\/\/www.revue3emillenaire.com\/blog\/wp-json\/wp\/v2\/posts\/3500\/revisions"}],"wp:attachment":[{"href":"https:\/\/www.revue3emillenaire.com\/blog\/wp-json\/wp\/v2\/media?parent=3500"}],"wp:term":[{"taxonomy":"category","embeddable":true,"href":"https:\/\/www.revue3emillenaire.com\/blog\/wp-json\/wp\/v2\/categories?post=3500"},{"taxonomy":"post_tag","embeddable":true,"href":"https:\/\/www.revue3emillenaire.com\/blog\/wp-json\/wp\/v2\/tags?post=3500"}],"curies":[{"name":"wp","href":"https:\/\/api.w.org\/{rel}","templated":true}]}}