{"id":351,"date":"2009-08-16T00:00:00","date_gmt":"2009-08-16T00:00:00","guid":{"rendered":"http:\/\/www.revue3emillenaire.com\/blog\/?p=351"},"modified":"2024-07-17T17:55:52","modified_gmt":"2024-07-17T16:55:52","slug":"lhomme-et-lunivers-microcosme-et-macrocosme-par-marie-magdeleine-davy","status":"publish","type":"post","link":"https:\/\/www.revue3emillenaire.com\/blog\/lhomme-et-lunivers-microcosme-et-macrocosme-par-marie-magdeleine-davy\/","title":{"rendered":"L&rsquo;homme et l&rsquo;univers (microcosme et macrocosme) par Marie-Magdeleine Davy"},"content":{"rendered":"<p style=\"text-align: justify;\">(Revue Psi International. No 5. Mai-Juin 1978)<\/p>\n<p style=\"text-align: justify;\"><em>Le microcosme qu&rsquo;est l&rsquo;homme et le macroscome qu&rsquo;est l&rsquo;univers sont \u00e9troitement solidaires. M\u00eame si l&rsquo;homme moderne est tent\u00e9 de minimiser ce lien, ce dernier n&rsquo;en reste pas moins essentiel.<\/em><\/p>\n<p style=\"text-align: justify;\"><em>Durant longtemps, l&rsquo;univers a \u00e9t\u00e9 envisag\u00e9 dans une perspective sacrale, depuis la pierre et la flore jusqu&rsquo;\u00e0 la faune et l&rsquo;homme. En se d\u00e9sacralisant, l&rsquo;homme a d\u00e9sacralis\u00e9 le cosmos. Il s&rsquo;est \u00e9loign\u00e9 des animaux, des plantes et des pierres qu&rsquo;il a cess\u00e9 de regarder avec un amour fraternel. M\u00eame le cultivateur d&rsquo;aujourd&rsquo;hui, mises \u00e0 part quelques exceptions, ne cherche plus \u00e0 lire dans la direction du vent ou le vol des canards sauvages, les signes annonciateurs des changements de temps ; il pr\u00e9f\u00e8re se fier aux communications de la radio et de la t\u00e9l\u00e9vision.<\/em><\/p>\n<p style=\"text-align: justify;\"><em>L&rsquo;univers, par r\u00e9action, s&rsquo;\u00e9l\u00e8ve avec hostilit\u00e9 contre l&rsquo;homme. Marie-Magdeleine Davy montre que cette coupure a des cons\u00e9quences capitales. Seuls les \u00ab hommes de lumi\u00e8re \u00bb, les illumin\u00e9s, continuent \u00e0 \u00eatre prot\u00e9g\u00e9s par la nature tout enti\u00e8re.<\/em><\/p>\n<p style=\"text-align: justify;\"><em>\u00a0<\/em><\/p>\n<p style=\"text-align: justify;\">Aujourd&rsquo;hui, nous oublions volontiers l&rsquo;intime rapport entre le microcosme et le macrocosme. M\u00eame si l&rsquo;homme moderne est tent\u00e9 de minimiser ce lien, il n&rsquo;en reste pas moins essentiel. La pens\u00e9e expos\u00e9e au XIIe si\u00e8cle par Honorius d&rsquo;Autun demeure toujours valable. Dans son ouvrage Elucidarium, Honorius situe l&rsquo;homme \u00e0 la jointure du monde mat\u00e9riel et du monde spirituel. Ainsi l&rsquo;homme est reli\u00e9 \u00e0 l&rsquo;univers par son corps et son \u00e2me, c&rsquo;est-\u00e0-dire par son animation. Quant \u00e0 l&rsquo;esprit situ\u00e9 \u00e0 la fine pointe de l&rsquo;\u00e2me, il prend ailleurs ses racines ; il plonge dans le divin. A la fois terrestre et c\u00e9leste, condamn\u00e9 au flux du temps, \u00e0 la mort, mais immortel gr\u00e2ce \u00e0 son image divine, l&rsquo;homme \u00e9chappe \u00e0 la mortalit\u00e9 dans la mesure o\u00f9 cette image devient en lui \u00e9veill\u00e9e et vivante.<\/p>\n<p style=\"text-align: justify;\">L&rsquo;homme est un monde en miniature. En lui se retrouvent les quatre \u00e9l\u00e9ments : de la terre, il tire sa chair ; de l&rsquo;eau, son sang ; de l&rsquo;air, son souffle ; du feu, sa chaleur. Il participe aux pierres par ses os, \u00e0 la beaut\u00e9 des plantes par ses cheveux. Il partage la sensibilit\u00e9 des animaux. Quant \u00e0 ses yeux, ils sont en contact avec le soleil et la lune qu&rsquo;ils symbolisent.<\/p>\n<p style=\"text-align: justify;\">Ce monde, auquel appartient l&rsquo;homme, pr\u00e9sente un perp\u00e9tuel mouvement. Les quatre \u00e9l\u00e9ments qui composent \u00e0 la fois l&rsquo;univers et l&rsquo;homme \u2014 l&rsquo;homme et l&rsquo;univers \u2014 ob\u00e9issent \u00e2 de continuelles mutations, \u00e0 des transformations constantes. La terre, l&rsquo;eau, le feu et l&rsquo;air se m\u00e9langent et se transforment r\u00e9ciproquement. Le mouvement qui anime l&rsquo;homme est semblable \u00e0 celui de l&rsquo;univers, il en constitue l&rsquo;\u00e9cho. Dans cette perp\u00e9tuelle mutation la mati\u00e8re n&rsquo;est pas s\u00e9par\u00e9e de l&rsquo;esprit, elle est suivant Schelling, \u00ab de l&rsquo;esprit en sommeil \u00bb. Et c&rsquo;est l&rsquo;homme qui est charg\u00e9 de l&rsquo;\u00e9veiller.<\/p>\n<p style=\"text-align: justify;\"><strong>Correspondance entre le microcosme et le macrocosme<\/strong><\/p>\n<p style=\"text-align: justify;\">Il appara\u00eet l\u00e9gitime de parler d&rsquo;une double unit\u00e9. Le microcosme est un et le macrocosme aussi est un. L&rsquo;un et l&rsquo;autre forment entre eux une parfaite unit\u00e9. Qu&rsquo;il s&rsquo;agisse de l&rsquo;univers ou de l&rsquo;homme, cette unit\u00e9 est comparable \u00e0 un tout. D&rsquo;o\u00f9 le terme universitas employ\u00e9 \u00e0 propos de l&rsquo;univers. L&rsquo;universitas est un cosmos, \u00e9crira Honorius d&rsquo;Autun.<\/p>\n<p style=\"text-align: justify;\">Cette th\u00e9orie repose sur un texte de Platon (Tim\u00e9e, 30 d) : \u00ab Le Dieu, ayant d\u00e9cid\u00e9 de former le monde le plus possible \u00e0 la ressemblance du plus beau des \u00eatres intelligibles et d&rsquo;un Etre parfait en tout, en a fait un vivant unique, visible, ayant \u00e0 l&rsquo;int\u00e9rieur de lui-m\u00eame tous les vivants qui sont par nature de m\u00eame sorte que lui. \u00bb<\/p>\n<p style=\"text-align: justify;\">Cette correspondance entre le microcosme et le macrocosme se situe \u00e0 la base de la lecture et de la compr\u00e9hension des diverses pr\u00e9dictions, voire des faits parapsychologiques. Ceux d&rsquo;autrefois comme de ceux concernant le monde actuel. Ainsi l&rsquo;apparition d&rsquo;un monde nouveau harmonieux et aussi les diff\u00e9rentes calamit\u00e9s qui s\u00e9vissent dans la nature concernent tout d&rsquo;abord l&rsquo;homme. Elles l&rsquo;affectent avant de se g\u00e9n\u00e9raliser dans l&rsquo;univers. D&rsquo;o\u00f9 la n\u00e9cessit\u00e9 d&rsquo;interpr\u00e9ter les pr\u00e9dictions en tenant compte de cette \u00e9troite d\u00e9pendance. Or, la majorit\u00e9 des interpr\u00e8tes des diff\u00e9rentes pr\u00e9dictions se bornent le plus souvent \u00e0 les consid\u00e9rer sur un plan uniquement cosmique, oubliant qu&rsquo;en fonction du parall\u00e9lisme entre l&rsquo;homme-microcosme et l&rsquo;univers-macrocosme, le microcosme les \u00e9prouve en lui-m\u00eame avant leur manifestation dans le macrocosme.<\/p>\n<p style=\"text-align: justify;\"><strong>L&rsquo;Ame du Monde<\/strong><\/p>\n<p style=\"text-align: justify;\">Le th\u00e8me de l&rsquo;\u00e2me du Monde a connu un grand succ\u00e8s \u00e0 l&rsquo;\u00e9poque m\u00e9di\u00e9vale, il nous est difficile de saisir \u00e0 notre \u00e9poque son sens. L\u00e0 encore une telle doctrine est d&rsquo;origine platonicienne. Dans le Tim\u00e9e, Platon fait allusion au monde concret reli\u00e9 aux Id\u00e9es par l&rsquo;interm\u00e9diaire de l&rsquo;Ame. \u00ab En effet, le monde tel un grand \u00eatre vivant, est dou\u00e9 de mouvement autonome, ce qui suppose une Ame&#8230; L&rsquo;Ame motrice de l&rsquo;univers est dou\u00e9e d&rsquo;intelligence. \u00bb Dans ce monde qui est un ordre, le d\u00e9sordre peut s&rsquo;introduire momentan\u00e9ment, mais l&rsquo;harmonie de la totalit\u00e9 n&rsquo;est pas pour autant d\u00e9truite.<\/p>\n<p style=\"text-align: justify;\">L&rsquo;essentiel de cette pens\u00e9e est de r\u00e9cuser toute interpr\u00e9tation m\u00e9caniste de l&rsquo;univers et de mettre en valeur les liens de continuit\u00e9 entre l&rsquo;homme et le cosmos. \u00ab L&rsquo;explication \u00ab\u00a0hi\u00e9rarchique\u00a0\u00bb de l&rsquo;univers va exercer \u2014 dira M.D. Chenu dans son ouvrage sur La th\u00e9ologie du XIIe si\u00e8cle \u2014 une s\u00e9duction analogue \u00e0 celle qu&rsquo;exercera au XIXe si\u00e8cle le mythe scientifique de l&rsquo;\u00e9volution. \u00bb<\/p>\n<p style=\"text-align: justify;\">Que l&rsquo;homme se s\u00e9pare volontairement de l&rsquo;univers, ou que plus exactement il tente de rompre le lien de son unit\u00e9 avec lui, il ne peut en aucune mani\u00e8re briser son rapport biologique ; l&rsquo;avenir est dans l&rsquo;homme avant de s&rsquo;accomplir dans l&rsquo;histoire. Adam a entra\u00een\u00e9 la nature dans sa chute, mais c&rsquo;est lui qui en est le sauveur en assurant sa fonction r\u00e9demptrice. D&rsquo;o\u00f9 son impact sur la nature. Il ne cesse de projeter sur elle sa lumi\u00e8re et son ombre ; les \u00e9nergies divines qu&rsquo;il rec\u00e8le et la puissance mal\u00e9fique qui l&rsquo;habite. Le combat de ces oppos\u00e9s se livre en lui avant de se r\u00e9pandre au-dehors ; il est m\u00eame possible que rien ne se manifeste ext\u00e9rieurement, sinon par ricochet. Ainsi le retour du Christ p\u00e9riodiquement annonc\u00e9 peut se passer uniquement dans le c\u0153ur des hommes \u2014 comme l&rsquo;avait \u00e9nonc\u00e9 Swedenborg. De la m\u00eame mani\u00e8re, l&rsquo;apparition de l&rsquo;ant\u00e9christ risque de se manifester dans les hommes et d&rsquo;engendrer ensuite une atmosph\u00e8re d\u00e9moniaque. Il semble d&rsquo;ailleurs que nous vivons aujourd&rsquo;hui ce duel entre les puissances b\u00e9n\u00e9fiques et mal\u00e9fiques. Comme le mal est toujours plus facilement perceptible que le bien, le d\u00e9moniaque semble passag\u00e8rement l&#8217;emporter. Ce qui n&rsquo;est l\u00e0 d&rsquo;ailleurs qu&rsquo;une illusion.<\/p>\n<p style=\"text-align: justify;\"><strong>Le Temple du microcosme et du macrocosme<\/strong><\/p>\n<p style=\"text-align: justify;\">Suivant les traditions, le microcosme et le macrocosme constituent l&rsquo;un et l&rsquo;autre des temples. Et les temples sont construits \u00e0 l&rsquo;image de l&rsquo;homme \u00e0 la fois c\u00e9leste et terrestre. Les correspondances harmoniques Univers-Temple sont tr\u00e8s anciennes. Ainsi le plan du temple hindou d\u00e9crit dans le V\u00e2stu Parusha-mandala se pr\u00e9sente comme une figure carr\u00e9e exprimant la division quaternaire du cercle symbolisant le soleil (Le carr\u00e9 symbolise le terrestre et le cercle le c\u00e9leste.) Des donn\u00e9es identiques se retrouvent chez des architectes \u00e9gyptiens, des kabbalistes, des n\u00e9o-pythagoriciens et aussi chez les constructeurs des \u00e9glises romanes <a id=\"ftnref1\" href=\"#ftn1\">[1]<\/a>. De m\u00eame, les temples d\u00e9di\u00e9s aux astres prennent des formes diff\u00e9rentes suivant leurs mod\u00e8les respectifs. Dans l&rsquo;\u00e9glise romane, l&rsquo;homme est non seulement pr\u00e9sent mais il est accompagn\u00e9 par toute la cr\u00e9ation. Ainsi, le temple roman n&rsquo;est pas seulement l&rsquo;image de l&rsquo;homme, il est aussi l&rsquo;image de l&rsquo;univers.<\/p>\n<p style=\"text-align: justify;\">Or, c&rsquo;est dans le temple, qu&rsquo;il soit microcosme-macrocosme ou sanctuaire construit par les hommes, que l&rsquo;\u00e9ternit\u00e9 et le temps s&rsquo;unissent et collaborent ensemble sans \u00eatre jamais disjoints. C&rsquo;est dans le temple de pierres que l&rsquo;homme transporte sa vision d&rsquo;universalit\u00e9, joignant dans une parfaite ordonnance l&rsquo;invisible au visible, l&rsquo;incr\u00e9\u00e9 au cr\u00e9\u00e9. Plus encore, \u00e0 l&rsquo;int\u00e9rieur de son propre temple, l&rsquo;homme devient le porte-parole de l&rsquo;univers qu&rsquo;il repr\u00e9sente, la nature ordonn\u00e9e est suspendue \u00e0 l&rsquo;homme. C&rsquo;est ainsi qu&rsquo;Angelus Silesius a pu \u00e9crire :<br \/>\n\u00ab Homme, tout \u00e9prouve de l&rsquo;amour pour toi, autour de toi, c&rsquo;est grande h\u00e2te ;<br \/>\nTout s&rsquo;\u00e9lance vers toi pour aller jusqu&rsquo;\u00e0 Dieu.<br \/>\n. . . . .<br \/>\nSi tu poss\u00e8des le Cr\u00e9ateur, alors tout court apr\u00e8s toi,<br \/>\nHomme, ange, soleil, lune, air, feu, terre et ruisseau \u00bb<\/p>\n<p style=\"text-align: justify;\">Microcosme et macrocosme se situent dans un ordre sacr\u00e9, car en eux tout est proportion, mesure, ordre, harmonie. C&rsquo;est donc \u00e0 l&rsquo;int\u00e9rieur du sacr\u00e9 que l&rsquo;homme op\u00e8re sa fonction d&rsquo;interm\u00e9diaire, de m\u00e9diateur, de juste milieu et d&rsquo;\u00e9quilibre. Que cet \u00e9quilibre soit rompu, tout est fissur\u00e9 et se d\u00e9truit en lui et autour de lui. Toutefois rien ne sera inexorablement perdu de fa\u00e7on d\u00e9finitive.<\/p>\n<p style=\"text-align: justify;\"><strong>Les cons\u00e9quences de la d\u00e9sacralisation<\/strong><\/p>\n<p style=\"text-align: justify;\">L&rsquo;homme est sacr\u00e9 et le cosmos aussi. Durant longtemps, l&rsquo;univers a \u00e9t\u00e9 envisag\u00e9 dans une perspective sacrale, depuis la pierre et la flore jusqu&rsquo;\u00e0 la faune et l&rsquo;homme. En se d\u00e9sacralisant, l&rsquo;homme a d\u00e9sacralis\u00e9 le cosmos. Une telle \u0153uvre de destruction a commenc\u00e9 tr\u00e8s t\u00f4t. Elle appara\u00eet d\u00e9j\u00e0 avec Thomas d&rsquo;Aquin et plus encore avec ses interpr\u00e8tes et commentateurs. Dans la mesure o\u00f9 l&rsquo;\u00c9glise install\u00e9e confortablement dans le temporel a voulu le r\u00e9gir, elle ne pouvait qu&#8217;emprisonner l&rsquo;Esprit. En codifiant les manifestations du \u00ab souffle divin \u00bb, elle le d\u00e9truisait et isolait l&rsquo;homme. En cessant d&rsquo;\u00eatre le temple de l&rsquo;Esprit, l&rsquo;homme perdait le sens des sources. La source qui est en lui lui devenait inaccessible et il n&rsquo;existait plus de pont pour rejoindre la source du cosmos. Coup\u00e9 du divin, l&rsquo;homme abandonnait son sens de l&rsquo;universalit\u00e9. Priv\u00e9 des semences de vie, il devenait st\u00e9rile et incapable de saisir sa propre beaut\u00e9 et celle de l&rsquo;univers qui, ne pouvant plus le consid\u00e9rer comme son r\u00e9dempteur, s&rsquo;\u00e9levait avec hostilit\u00e9 contre lui.<\/p>\n<p style=\"text-align: justify;\">Ainsi la beaut\u00e9 et l&rsquo;\u00e9merveillement qu&rsquo;elle suscitait a peu \u00e0 peu perdu son axe. La beaut\u00e9 de l&rsquo;homme se situe dans son int\u00e9riorit\u00e9 et c&rsquo;est par cette int\u00e9riorit\u00e9 qu&rsquo;il communiquait avec le cosmos et en d\u00e9couvrait la splendeur. L&rsquo;int\u00e9riorit\u00e9 lui permettait de distinguer et de lire les signes et les symboles. C&rsquo;est \u00e0 travers eux qu&rsquo;il d\u00e9couvrait la loi des correspondances. La spontan\u00e9it\u00e9 de son intuition op\u00e9rait en lui et autour de lui une perp\u00e9tuelle naissance. Plus encore, c&rsquo;est la conscience dualisante qui va d\u00e9sormais le faire distinguer le naturel du surnaturel. Une telle opposition appartient au langage, elle est irr\u00e9elle en soi. Le surnaturel n&rsquo;\u00e9tant qu&rsquo;un d\u00e9ploiement normal du naturel, tels deux plans qui se superposent hi\u00e9rarchiquement. D&rsquo;o\u00f9 faire appel au naturel ou au surnaturel \u2014 dans l&rsquo;\u00e9tude des faits paranormaux \u2014 risque de briser l&rsquo;harmonie qui existe \u00ab originellement \u00bb entre l&rsquo;homme et l&rsquo;univers.<\/p>\n<p style=\"text-align: justify;\">Il importe aussi de ne pas oublier le r\u00f4le hi\u00e9rarchique du corps, de l&rsquo;\u00e2me et de l&rsquo;esprit dans l&rsquo;homme. Dans la tradition jud\u00e9o-chr\u00e9tienne, l&rsquo;esprit de l&rsquo;homme est image et \u00ab miroir \u00bb de Dieu. Le corps et la nature \u2014 comme le dira Gr\u00e9goire de Nysse \u2014 se pr\u00e9sentent comme un \u00ab miroir de miroir \u00bb dont ils refl\u00e8tent la beaut\u00e9. Quand l&rsquo;homme est capable de saisir les r\u00e9alit\u00e9s intelligibles, celles-ci lui deviennent \u00ab naturellement \u00bb accessibles. C&rsquo;est donc la rationalisation de l&rsquo;homme, sa mat\u00e9rialisation, son d\u00e9pouillement de l&rsquo;esprit qui n\u00e9cessitent cette diff\u00e9renciation entre le naturel et le surnaturel, comme si cette derni\u00e8re dimension lui \u00e9tait \u00e9trang\u00e8re. Il est vrai qu&rsquo;en se d\u00e9sacralisant, l&rsquo;homme a perdu sa propre patrie, il s&rsquo;est d\u00e9racin\u00e9. On pourrait dire que le passage du naturel \u00e0 ce qu&rsquo;on nomme \u00e0 tort le surnaturel est comparable \u00e0 l&rsquo;amour qui de charnel peut devenir spirituel. Dans cette progression, l&rsquo;amour est toujours l&rsquo;amour mais il est envisag\u00e9 \u00e0 des plans distincts.<\/p>\n<p style=\"text-align: justify;\"><strong>Le sens du merveilleux<\/strong><\/p>\n<p style=\"text-align: justify;\">Seul l&rsquo;homme ayant d\u00e9couvert l&rsquo;\u00e9tincelle de lumi\u00e8re qui repose en lui, c&rsquo;est-\u00e0-dire son image divine, devient illumin\u00e9, capable d&rsquo;une nouvelle connaissance et aussi d&rsquo;une attention neuve. Cette connaissance et cette attention correspondant \u00e0 un changement d&rsquo;\u00e9tat ne peut h\u00e9las concerner qu&rsquo;un petit nombre d&rsquo;hommes, appel\u00e9s \u00ab hommes de lumi\u00e8re \u00bb. Ceux-ci ne sauraient r\u00e9cuser les visions, les songes et les faits appel\u00e9s paranormaux. Mais ils en d\u00e9terminent l&rsquo;importance en tenant compte de degr\u00e9s hi\u00e9rarchiques que ceux-ci repr\u00e9sentent. Certes, ils ne m\u00e9prisent en aucune mani\u00e8re certains faits d&rsquo;ordre mat\u00e9riel, comme marcher sur l&rsquo;eau, se d\u00e9placer simultan\u00e9ment en des lieux divers (ubiquit\u00e9). Ils acceptent volontiers les signes et les pr\u00e9sages et cela d&rsquo;autant plus qu&rsquo;ils se situent au sein de l&rsquo;unit\u00e9 du microcosme et du macrocosme, mais ils ne leur sont d&rsquo;aucune fa\u00e7on n\u00e9cessaires. Sans ironiser sur le contenu des pr\u00e9dictions et de leurs interpr\u00e8tes, la qualit\u00e9 de leur attention semble fix\u00e9e ailleurs. N&rsquo;\u00e9tant plus retenus par les soucis n\u00e9s de l&rsquo;ext\u00e9riorit\u00e9, leur attention se meut sur un plan plus subtil. Ce qui est primordial, pour eux, a trait \u00e0 la transfiguration des hommes et de la terre, du microcosme et du macrocosme.<\/p>\n<p style=\"text-align: justify;\">Capables d&rsquo;\u00eatre \u00e9blouis par le merveilleux, les hommes de lumi\u00e8re ne le recherchent pas mais l&rsquo;accueillent quand il se pr\u00e9sente. La condition terrestre et c\u00e9leste s&rsquo;\u00e9tant unifi\u00e9e en eux, ils ne sont pas \u00e9tonn\u00e9s de vivre dans un monde myst\u00e9rieux rempli de signes qui sont autant d&rsquo;appels pour r\u00e9aliser en eux et autour d&rsquo;eux une lumi\u00e8re plus dense. De tels hommes s&rsquo;int\u00e9ressent aux progr\u00e8s r\u00e9alis\u00e9s par les scientifiques qui peuvent expliquer ou tenter d&rsquo;interpr\u00e9ter certains faits qui n&rsquo;apparaissent \u00e9tranges que pour les ignorants. Toutefois, ils savent que la science sera toujours incapable de sonder la profondeur de l&rsquo;homme et de son myst\u00e8re.<\/p>\n<p style=\"text-align: justify;\">L&rsquo;homme, \u00e9veill\u00e9 \u00e0 sa dimension int\u00e9rieure, ne cherche jamais \u00e0 se prot\u00e9ger par l&rsquo;exercice de pouvoirs personnels contre des vibrations mal\u00e9fiques qui risqueraient de l&rsquo;atteindre. Il sait o\u00f9 placer sa confiance et n&rsquo;oublie pas que \u00ab c&rsquo;est en vain qu&rsquo;on jette des filets \u00e0 ceux qui ont des ailes \u00bb ; car \u00ab l&rsquo;\u00c9ternel d\u00e9livre du filet de l&rsquo;oiseleur \u00bb.<\/p>\n<p style=\"text-align: justify;\">Les visions qui int\u00e9ressent les \u00ab hommes de lumi\u00e8re \u00bb ne sont pas regard\u00e9es avec les yeux ext\u00e9rieurs mais par ceux du dedans appartenant aux sens nouveaux acquis par l&rsquo;homme n\u00e9 \u00e0 sa dimension de profondeur. A ce propos, Sym\u00e9on le Th\u00e9ologien (hymne LV) fait ainsi parler Dieu \u00e0 l&rsquo;\u00e2me :<\/p>\n<p style=\"text-align: justify;\">\u00ab Je t&rsquo;ai gratifi\u00e9 de ma voix, ensuite d&rsquo;un rayon. Je me suis montr\u00e9 \u00e0 toi dans mon amour comme une lueur,<br \/>\nPuis je suis devenu petit nuage qui semblait de feu<br \/>\n. . . . .<br \/>\nJe t&rsquo;accordais de contempler cette apparence. \u00bb<\/p>\n<p style=\"text-align: justify;\">Avec une telle vision nous voici bien \u00e9loign\u00e9s des apparitions et pr\u00e9dictions annon\u00e7ant une multiplicit\u00e9 d&rsquo;\u00e9preuves pr\u00e9sent\u00e9es comme autant de ch\u00e2timents sanctionnant les fautes commises par les hommes. L&rsquo;\u00ab homme de lumi\u00e8re \u00bb, devenu libre et cr\u00e9ateur, n&rsquo;est plus soumis \u00e0 une quelconque d\u00e9pendance \u00e0 l&rsquo;\u00e9gard des astres ou des \u00e9v\u00e9nements du temps historique, mais il sait la valeur de son rapport et de son impact \u00e0 l&rsquo;\u00e9gard de l&rsquo;univers.<\/p>\n<p style=\"text-align: justify;\">On serait parfois tent\u00e9 de sourire de la cr\u00e9dulit\u00e9 des hommes du Moyen Age, et du pouvoir d&rsquo;\u00e9merveillement des mystiques de tous les temps. On risque ainsi d&rsquo;oublier que la cr\u00e9dulit\u00e9 na\u00efve est partag\u00e9e par la majorit\u00e9 des hommes, m\u00eame par ceux de notre \u00e9poque et que pour les sages et les saints, la na\u00efvet\u00e9 \u2014 si toutefois on peut parler \u00e0 leur propos de na\u00efvet\u00e9 \u2014 poss\u00e8de une tout autre origine. Il convient ici de se garder de toute confusion. Pour s&rsquo;en rendre compte, il suffit de diff\u00e9rencier la cr\u00e9dibilit\u00e9 de la conscience commune de celle de la conscience subtile. Nous lisons volontiers, comme des fables et des l\u00e9gendes, les \u00ab histoires \u00bb du pass\u00e9 en oubliant qu&rsquo;il en est d&rsquo;identiques qui appartiennent au pr\u00e9sent. La diff\u00e9rence entre les faits propos\u00e9s \u00e0 la cr\u00e9dulit\u00e9 des hommes du Moyen Age \u2014 et \u00e0 ceux d&rsquo;aujourd&rsquo;hui \u2014 appara\u00eet surtout r\u00e9sider dans le r\u00f4le donn\u00e9 \u00e0 la nature. Dans l&rsquo;Antiquit\u00e9 et au Moyen Age, les animaux servent souvent de relais et de signes annonciateurs d&rsquo;\u00e9v\u00e9nements bons ou mauvais. A cet \u00e9gard, il importe de retenir le r\u00f4le tenu par les cerfs blancs, voire l&rsquo;oie qui guide les \u00e9gar\u00e9s et les p\u00e8lerins. Non seulement les animaux mais la nature enti\u00e8re devient agissante pour prot\u00e9ger les justes et assurer leur victoire sur leurs ennemis. Aussi les nuages ou le brouillard entourent les guerriers et les rendent invisibles, le vent s&rsquo;\u00e9l\u00e8ve et couvre le bruit des assaillants.<\/p>\n<p style=\"text-align: justify;\">Reli\u00e9 au c\u00e9leste tout en accomplissant son p\u00e8lerinage terrestre, il \u00e9tait normal pour l&rsquo;homme qui faisait partie int\u00e9grante de l&rsquo;univers, qu&rsquo;un animal, une plante, une \u00e9toile l&rsquo;avertissent, le conseillent et soient pourvus ainsi d&rsquo;une signification pr\u00e9cise qu&rsquo;il convenait toutefois de savoir interpr\u00e9ter. Foucher de Chartres a montr\u00e9 comment Dieu se sert des divers \u00e9l\u00e9ments de la cr\u00e9ation pour converser avec l&rsquo;homme, l&rsquo;instruire, le prot\u00e9ger et accro\u00eetre sa vigilance. C&rsquo;est ainsi que des signes, telle une com\u00e8te ou encore la couleur insolite du ciel \u00e0 l&rsquo;aurore ou au coucher du soleil, des temp\u00eates de gr\u00eale, des chutes de pierres, \u00e9taient envisag\u00e9s comme l&rsquo;annonce de calamit\u00e9s, famines ou \u00e9pid\u00e9mies. D&rsquo;une fa\u00e7on g\u00e9n\u00e9rale, on peut ici parler de la th\u00e9orie d&rsquo;Augustin, \u00e9v\u00eaque de Milan, pr\u00e9sentant un univers dans lequel Dieu se manifeste avec aisance aussi bien dans le m\u00fbrissement des vignes et des champs de bl\u00e9 que dans le miracle souvent accompli \u00e0 l&rsquo;\u00e9gard de moines affam\u00e9s d\u00e9couvrant, sur leur table vide, des miches de pain frais et des tonnelets de vin au go\u00fbt savoureux <a id=\"ftnref2\" href=\"#ftn2\">[2]<\/a>. Il est probable que les moines d&rsquo;aujourd&rsquo;hui, ne poss\u00e9dant plus cette fois na\u00efve, consid\u00e8rent comme des l\u00e9gendes, les diff\u00e9rentes \u00ab historiettes \u00bb se rapportant \u00e0 la vie de leurs anc\u00eatres et qu&rsquo;on colportait jadis dans les divers monast\u00e8res ou encore \u00e0 la mort de certains moines r\u00e9put\u00e9s pour leur saintet\u00e9. A cette \u00e9poque, il ne s&rsquo;agissait pas de savoir si ces faits \u00e9taient vrais ou faux, on ne se posait pas la question \u00e0 ce niveau. On en retenait avec simplicit\u00e9 l&rsquo;esprit pour nourrir sa foi et stimuler sa confiance en Dieu. Ce qui est appel\u00e9 \u00ab miracle \u00bb ou fait \u00ab surnaturel \u00bb pour certains s&rsquo;int\u00e8gre normalement, pour d&rsquo;autres, dans la vie quotidienne, \u00e0 condition toutefois de ne pas prendre les signes dans leur seule mat\u00e9rialit\u00e9. Et cela en comprenant que les signes les plus surprenants ne se manifestent pas n\u00e9cessairement \u00e0 l&rsquo;ext\u00e9rieur et qu&rsquo;en tout cas les modifications concernant le mental et le c\u0153ur des hommes est plus important que les s\u00e9ismes, les d\u00e9luges ou l&rsquo;abondance de nourriture affectant ext\u00e9rieurement la vie humaine. Le Christ ne traite pas de \u00ab bienheureux \u00bb ceux qui s&rsquo;\u00e9tonnent des miracles qu&rsquo;il accomplit ext\u00e9rieurement ; il r\u00e9serve ce terme \u00e0 ceux qui \u00ab croient \u00bb sans avoir \u00ab vu \u00bb.<\/p>\n<p style=\"text-align: justify;\">L&rsquo;homme moderne, de plus en plus coup\u00e9 de l&rsquo;univers, ne sait plus distinguer les signes qu&rsquo;il pourrait interpr\u00e9ter dans le cosmos. M\u00eame le cultivateur d&rsquo;aujourd&rsquo;hui, mises \u00e0 part quelques exceptions, ne cherche plus \u00e0 lire dans la direction du vent ou le vol des canards sauvages, les signes annonciateurs des changements de temps, il pr\u00e9f\u00e8re se fier aux communications de la radio et de la t\u00e9l\u00e9vision. Toutefois, dans certaines r\u00e9gions fran\u00e7aises, on ne peut que s&rsquo;\u00e9tonner de voir l&rsquo;\u00e9tendue de la cr\u00e9dulit\u00e9 aberrante, de la superstition, du nombre de pseudo sorciers, de la foi donn\u00e9e aux diverses pr\u00e9dictions et apparitions. Personnellement, j&rsquo;ai pu observer, lors de mes voyages, une recrudescence d&rsquo;hommes et de femmes se livrant \u00e0 certains sortil\u00e8ges de bien mauvais aloi, croyant volontiers au \u00ab mauvais \u0153il \u00bb et aux sorts jet\u00e9s soi-disant par des voisins jaloux ! Il ne s&rsquo;agit donc plus, dans de tels cas, de manifestations provenant du rapport entre l&rsquo;homme et l&rsquo;univers, mais d&rsquo;une mis\u00e9rable ignorance.<\/p>\n<p style=\"text-align: justify;\">L&rsquo;homme s&rsquo;est \u00e9loign\u00e9 des animaux, des plantes et des pierres qu&rsquo;il a cess\u00e9 de regarder avec un amour fraternel. Qu&rsquo;on se souvienne par exemple des animaux sauvages qui, chez les P\u00e8res du d\u00e9sert prenaient asile pr\u00e8s de leurs ermitages. De tels r\u00e9cits ont pour but de montrer l&rsquo;accord entre les animaux et les hommes pacifi\u00e9s. Le besoin de \u00ab domestiquer \u00bb la nature a bris\u00e9 les rapports entre les diverses cr\u00e9atures. Microcosme et macrocosme se sont s\u00e9par\u00e9s pour une certaine dur\u00e9e et cela pour le plus grand dam de l&rsquo;homme.<\/p>\n<p style=\"text-align: justify;\">Souffrant de son isolement et de sa solitude, l&rsquo;homme moderne, devenu de plus en plus gr\u00e9gaire, cherche dans les partis, les groupes et les sectes, un rem\u00e8de, une consolation et une chaleur animale factice afin de rem\u00e9dier \u00e0 son extr\u00eame solitude. Pourquoi ne pas penser que le macrocosme souffre de ne plus \u00eatre aim\u00e9 par le microcosme et de ne plus \u00e9prouver la douceur de sa tendresse.<\/p>\n<p style=\"text-align: justify;\">Le macrocosme g\u00e9mit quand il voit les habitants des villes se ruer dans les campagnes, sur les rivages des mers, dans les for\u00eats et les montagnes en apportant avec eux leur transistor ou leur magn\u00e9tophone. Le bruit, dont l&rsquo;homme \u00e9prouve la n\u00e9cessit\u00e9, le rend inattentif aux tressaillements de la nature. Il devient incapable d&rsquo;entendre le murmure de la voix des pierres, des plantes et des animaux. Il ne saurait \u00e9couter le battement d&rsquo;ailes des oiseaux et leurs chants ; la m\u00e9lodie de l&rsquo;eau et de la brise. D\u00e8s que l&rsquo;homme perd le go\u00fbt du rythme, de la sonorit\u00e9 et de la splendeur de la nature, il devient amput\u00e9 d&rsquo;une partie essentielle de lui-m\u00eame. Il abandonne le chemin conduisant vers les sources : la sienne et celle de l&rsquo;univers dont il ne sait plus d\u00e9couvrir les signes.<\/p>\n<p style=\"text-align: justify;\"><a id=\"ftn1\" href=\"#ftnref1\">[1]<\/a> Sur ce th\u00e8me, voir M.-M. Davy, Initiation \u00e0 la symbolique romane.<\/p>\n<p style=\"text-align: justify;\"><a id=\"ftn2\" href=\"#ftnref2\">[2]<\/a> Voir sur cette question, M.-M. Davy, Initiation d la symbolique romane.<\/p>\n","protected":false},"excerpt":{"rendered":"<p>Aujourd&rsquo;hui, nous oublions volontiers l&rsquo;intime rapport entre le microcosme et le macrocosme. M\u00eame si l&rsquo;homme moderne est tent\u00e9 de minimiser ce lien, il n&rsquo;en reste pas moins essentiel. La pens\u00e9e expos\u00e9e au XIIe si\u00e8cle par Honorius d&rsquo;Autun demeure toujours valable. Dans son ouvrage Elucidarium, Honorius situe l&rsquo;homme \u00e0 la jointure du monde mat\u00e9riel et du monde spirituel. Ainsi l&rsquo;homme est reli\u00e9 \u00e0 l&rsquo;univers par son corps et son \u00e2me, c&rsquo;est-\u00e0-dire par son animation. Quant \u00e0 l&rsquo;esprit situ\u00e9 \u00e0 la fine pointe de l&rsquo;\u00e2me, il prend ailleurs ses racines ; il plonge dans le divin. A la fois terrestre et c\u00e9leste, condamn\u00e9 au flux du temps, \u00e0 la mort, mais immortel gr\u00e2ce \u00e0 son image divine, l&rsquo;homme \u00e9chappe \u00e0 la mortalit\u00e9 dans la mesure o\u00f9 cette image devient en lui \u00e9veill\u00e9e et vivante.<\/p>\n","protected":false},"author":1,"featured_media":15316,"comment_status":"open","ping_status":"open","sticky":false,"template":"","format":"standard","meta":{"footnotes":""},"categories":[80],"tags":[125,124,123,122,121],"class_list":["post-351","post","type-post","status-publish","format-standard","has-post-thumbnail","hentry","category-m-m-davy","tag-macrocosme","tag-microcosme","tag-unite","tag-univers","tag-vie-interieure"],"yoast_head":"<!-- This site is optimized with the Yoast SEO plugin v27.0 - https:\/\/yoast.com\/product\/yoast-seo-wordpress\/ -->\n<title>L&#039;homme et l&#039;univers (microcosme et macrocosme) par Marie-Magdeleine Davy - 3e mill\u00e9naire - Spiritualit\u00e9 - Connaissance de soi - Non-dualit\u00e9 - M\u00e9ditation<\/title>\n<meta name=\"robots\" content=\"index, follow, max-snippet:-1, max-image-preview:large, max-video-preview:-1\" \/>\n<link rel=\"canonical\" href=\"https:\/\/www.revue3emillenaire.com\/blog\/lhomme-et-lunivers-microcosme-et-macrocosme-par-marie-magdeleine-davy\/\" \/>\n<meta property=\"og:locale\" content=\"fr_FR\" \/>\n<meta property=\"og:type\" content=\"article\" \/>\n<meta property=\"og:title\" content=\"L&#039;homme et l&#039;univers (microcosme et macrocosme) par Marie-Magdeleine Davy - 3e mill\u00e9naire - Spiritualit\u00e9 - Connaissance de soi - Non-dualit\u00e9 - M\u00e9ditation\" \/>\n<meta property=\"og:description\" content=\"Aujourd&#039;hui, nous oublions volontiers l&#039;intime rapport entre le microcosme et le macrocosme. M\u00eame si l&#039;homme moderne est tent\u00e9 de minimiser ce lien, il n&#039;en reste pas moins essentiel. La pens\u00e9e expos\u00e9e au XIIe si\u00e8cle par Honorius d&#039;Autun demeure toujours valable. Dans son ouvrage Elucidarium, Honorius situe l&#039;homme \u00e0 la jointure du monde mat\u00e9riel et du monde spirituel. Ainsi l&#039;homme est reli\u00e9 \u00e0 l&#039;univers par son corps et son \u00e2me, c&#039;est-\u00e0-dire par son animation. Quant \u00e0 l&#039;esprit situ\u00e9 \u00e0 la fine pointe de l&#039;\u00e2me, il prend ailleurs ses racines ; il plonge dans le divin. A la fois terrestre et c\u00e9leste, condamn\u00e9 au flux du temps, \u00e0 la mort, mais immortel gr\u00e2ce \u00e0 son image divine, l&#039;homme \u00e9chappe \u00e0 la mortalit\u00e9 dans la mesure o\u00f9 cette image devient en lui \u00e9veill\u00e9e et vivante.\" \/>\n<meta property=\"og:url\" content=\"https:\/\/www.revue3emillenaire.com\/blog\/lhomme-et-lunivers-microcosme-et-macrocosme-par-marie-magdeleine-davy\/\" \/>\n<meta property=\"og:site_name\" content=\"3e mill\u00e9naire - Spiritualit\u00e9 - Connaissance de soi - Non-dualit\u00e9 - M\u00e9ditation\" \/>\n<meta property=\"article:published_time\" content=\"2009-08-16T00:00:00+00:00\" \/>\n<meta property=\"article:modified_time\" content=\"2024-07-17T16:55:52+00:00\" \/>\n<meta property=\"og:image\" content=\"https:\/\/www.revue3emillenaire.com\/blog\/wp-content\/uploads\/2014\/02\/davy.jpg\" \/>\n\t<meta property=\"og:image:width\" content=\"210\" \/>\n\t<meta property=\"og:image:height\" content=\"208\" \/>\n\t<meta property=\"og:image:type\" content=\"image\/jpeg\" \/>\n<meta name=\"author\" content=\"3e mill\u00e9naire\" \/>\n<meta name=\"twitter:card\" content=\"summary_large_image\" \/>\n<meta name=\"twitter:label1\" content=\"\u00c9crit par\" \/>\n\t<meta name=\"twitter:data1\" content=\"3e mill\u00e9naire\" \/>\n\t<meta name=\"twitter:label2\" content=\"Dur\u00e9e de lecture estim\u00e9e\" \/>\n\t<meta name=\"twitter:data2\" content=\"18 minutes\" \/>\n<script type=\"application\/ld+json\" class=\"yoast-schema-graph\">{\"@context\":\"https:\/\/schema.org\",\"@graph\":[{\"@type\":\"Article\",\"@id\":\"https:\/\/www.revue3emillenaire.com\/blog\/lhomme-et-lunivers-microcosme-et-macrocosme-par-marie-magdeleine-davy\/#article\",\"isPartOf\":{\"@id\":\"https:\/\/www.revue3emillenaire.com\/blog\/lhomme-et-lunivers-microcosme-et-macrocosme-par-marie-magdeleine-davy\/\"},\"author\":{\"name\":\"3e mill\u00e9naire\",\"@id\":\"https:\/\/www.revue3emillenaire.com\/blog\/#\/schema\/person\/9a3a7cc4ccaa707f402d4394327106d5\"},\"headline\":\"L&rsquo;homme et l&rsquo;univers (microcosme et macrocosme) par Marie-Magdeleine Davy\",\"datePublished\":\"2009-08-16T00:00:00+00:00\",\"dateModified\":\"2024-07-17T16:55:52+00:00\",\"mainEntityOfPage\":{\"@id\":\"https:\/\/www.revue3emillenaire.com\/blog\/lhomme-et-lunivers-microcosme-et-macrocosme-par-marie-magdeleine-davy\/\"},\"wordCount\":3747,\"commentCount\":0,\"image\":{\"@id\":\"https:\/\/www.revue3emillenaire.com\/blog\/lhomme-et-lunivers-microcosme-et-macrocosme-par-marie-magdeleine-davy\/#primaryimage\"},\"thumbnailUrl\":\"https:\/\/www.revue3emillenaire.com\/blog\/wp-content\/uploads\/2014\/02\/davy.jpg\",\"keywords\":[\"macrocosme\",\"microcosme\",\"Unit\u00e9\",\"univers\",\"Vie int\u00e9rieure\"],\"articleSection\":[\"Davy Marie-Magdeleine\"],\"inLanguage\":\"fr-FR\",\"potentialAction\":[{\"@type\":\"CommentAction\",\"name\":\"Comment\",\"target\":[\"https:\/\/www.revue3emillenaire.com\/blog\/lhomme-et-lunivers-microcosme-et-macrocosme-par-marie-magdeleine-davy\/#respond\"]}]},{\"@type\":\"WebPage\",\"@id\":\"https:\/\/www.revue3emillenaire.com\/blog\/lhomme-et-lunivers-microcosme-et-macrocosme-par-marie-magdeleine-davy\/\",\"url\":\"https:\/\/www.revue3emillenaire.com\/blog\/lhomme-et-lunivers-microcosme-et-macrocosme-par-marie-magdeleine-davy\/\",\"name\":\"L'homme et l'univers (microcosme et macrocosme) par Marie-Magdeleine Davy - 3e mill\u00e9naire - Spiritualit\u00e9 - Connaissance de soi - Non-dualit\u00e9 - M\u00e9ditation\",\"isPartOf\":{\"@id\":\"https:\/\/www.revue3emillenaire.com\/blog\/#website\"},\"primaryImageOfPage\":{\"@id\":\"https:\/\/www.revue3emillenaire.com\/blog\/lhomme-et-lunivers-microcosme-et-macrocosme-par-marie-magdeleine-davy\/#primaryimage\"},\"image\":{\"@id\":\"https:\/\/www.revue3emillenaire.com\/blog\/lhomme-et-lunivers-microcosme-et-macrocosme-par-marie-magdeleine-davy\/#primaryimage\"},\"thumbnailUrl\":\"https:\/\/www.revue3emillenaire.com\/blog\/wp-content\/uploads\/2014\/02\/davy.jpg\",\"datePublished\":\"2009-08-16T00:00:00+00:00\",\"dateModified\":\"2024-07-17T16:55:52+00:00\",\"author\":{\"@id\":\"https:\/\/www.revue3emillenaire.com\/blog\/#\/schema\/person\/9a3a7cc4ccaa707f402d4394327106d5\"},\"breadcrumb\":{\"@id\":\"https:\/\/www.revue3emillenaire.com\/blog\/lhomme-et-lunivers-microcosme-et-macrocosme-par-marie-magdeleine-davy\/#breadcrumb\"},\"inLanguage\":\"fr-FR\",\"potentialAction\":[{\"@type\":\"ReadAction\",\"target\":[\"https:\/\/www.revue3emillenaire.com\/blog\/lhomme-et-lunivers-microcosme-et-macrocosme-par-marie-magdeleine-davy\/\"]}]},{\"@type\":\"ImageObject\",\"inLanguage\":\"fr-FR\",\"@id\":\"https:\/\/www.revue3emillenaire.com\/blog\/lhomme-et-lunivers-microcosme-et-macrocosme-par-marie-magdeleine-davy\/#primaryimage\",\"url\":\"https:\/\/www.revue3emillenaire.com\/blog\/wp-content\/uploads\/2014\/02\/davy.jpg\",\"contentUrl\":\"https:\/\/www.revue3emillenaire.com\/blog\/wp-content\/uploads\/2014\/02\/davy.jpg\",\"width\":\"210\",\"height\":\"208\"},{\"@type\":\"BreadcrumbList\",\"@id\":\"https:\/\/www.revue3emillenaire.com\/blog\/lhomme-et-lunivers-microcosme-et-macrocosme-par-marie-magdeleine-davy\/#breadcrumb\",\"itemListElement\":[{\"@type\":\"ListItem\",\"position\":1,\"name\":\"Accueil\",\"item\":\"https:\/\/www.revue3emillenaire.com\/blog\/\"},{\"@type\":\"ListItem\",\"position\":2,\"name\":\"L&rsquo;homme et l&rsquo;univers (microcosme et macrocosme) par Marie-Magdeleine Davy\"}]},{\"@type\":\"WebSite\",\"@id\":\"https:\/\/www.revue3emillenaire.com\/blog\/#website\",\"url\":\"https:\/\/www.revue3emillenaire.com\/blog\/\",\"name\":\"3e mill\u00e9naire - Spiritualit\u00e9 - Connaissance de soi - Non-dualit\u00e9 - M\u00e9ditation\",\"description\":\"L&#039;Homme en devenir\",\"potentialAction\":[{\"@type\":\"SearchAction\",\"target\":{\"@type\":\"EntryPoint\",\"urlTemplate\":\"https:\/\/www.revue3emillenaire.com\/blog\/?s={search_term_string}\"},\"query-input\":{\"@type\":\"PropertyValueSpecification\",\"valueRequired\":true,\"valueName\":\"search_term_string\"}}],\"inLanguage\":\"fr-FR\"},{\"@type\":\"Person\",\"@id\":\"https:\/\/www.revue3emillenaire.com\/blog\/#\/schema\/person\/9a3a7cc4ccaa707f402d4394327106d5\",\"name\":\"3e mill\u00e9naire\",\"url\":\"https:\/\/www.revue3emillenaire.com\/blog\/author\/admin\/\"}]}<\/script>\n<!-- \/ Yoast SEO plugin. -->","yoast_head_json":{"title":"L'homme et l'univers (microcosme et macrocosme) par Marie-Magdeleine Davy - 3e mill\u00e9naire - Spiritualit\u00e9 - Connaissance de soi - Non-dualit\u00e9 - M\u00e9ditation","robots":{"index":"index","follow":"follow","max-snippet":"max-snippet:-1","max-image-preview":"max-image-preview:large","max-video-preview":"max-video-preview:-1"},"canonical":"https:\/\/www.revue3emillenaire.com\/blog\/lhomme-et-lunivers-microcosme-et-macrocosme-par-marie-magdeleine-davy\/","og_locale":"fr_FR","og_type":"article","og_title":"L'homme et l'univers (microcosme et macrocosme) par Marie-Magdeleine Davy - 3e mill\u00e9naire - Spiritualit\u00e9 - Connaissance de soi - Non-dualit\u00e9 - M\u00e9ditation","og_description":"Aujourd'hui, nous oublions volontiers l'intime rapport entre le microcosme et le macrocosme. M\u00eame si l'homme moderne est tent\u00e9 de minimiser ce lien, il n'en reste pas moins essentiel. La pens\u00e9e expos\u00e9e au XIIe si\u00e8cle par Honorius d'Autun demeure toujours valable. Dans son ouvrage Elucidarium, Honorius situe l'homme \u00e0 la jointure du monde mat\u00e9riel et du monde spirituel. Ainsi l'homme est reli\u00e9 \u00e0 l'univers par son corps et son \u00e2me, c'est-\u00e0-dire par son animation. Quant \u00e0 l'esprit situ\u00e9 \u00e0 la fine pointe de l'\u00e2me, il prend ailleurs ses racines ; il plonge dans le divin. A la fois terrestre et c\u00e9leste, condamn\u00e9 au flux du temps, \u00e0 la mort, mais immortel gr\u00e2ce \u00e0 son image divine, l'homme \u00e9chappe \u00e0 la mortalit\u00e9 dans la mesure o\u00f9 cette image devient en lui \u00e9veill\u00e9e et vivante.","og_url":"https:\/\/www.revue3emillenaire.com\/blog\/lhomme-et-lunivers-microcosme-et-macrocosme-par-marie-magdeleine-davy\/","og_site_name":"3e mill\u00e9naire - Spiritualit\u00e9 - Connaissance de soi - Non-dualit\u00e9 - M\u00e9ditation","article_published_time":"2009-08-16T00:00:00+00:00","article_modified_time":"2024-07-17T16:55:52+00:00","og_image":[{"width":210,"height":208,"url":"https:\/\/www.revue3emillenaire.com\/blog\/wp-content\/uploads\/2014\/02\/davy.jpg","type":"image\/jpeg"}],"author":"3e mill\u00e9naire","twitter_card":"summary_large_image","twitter_misc":{"\u00c9crit par":"3e mill\u00e9naire","Dur\u00e9e de lecture estim\u00e9e":"18 minutes"},"schema":{"@context":"https:\/\/schema.org","@graph":[{"@type":"Article","@id":"https:\/\/www.revue3emillenaire.com\/blog\/lhomme-et-lunivers-microcosme-et-macrocosme-par-marie-magdeleine-davy\/#article","isPartOf":{"@id":"https:\/\/www.revue3emillenaire.com\/blog\/lhomme-et-lunivers-microcosme-et-macrocosme-par-marie-magdeleine-davy\/"},"author":{"name":"3e mill\u00e9naire","@id":"https:\/\/www.revue3emillenaire.com\/blog\/#\/schema\/person\/9a3a7cc4ccaa707f402d4394327106d5"},"headline":"L&rsquo;homme et l&rsquo;univers (microcosme et macrocosme) par Marie-Magdeleine Davy","datePublished":"2009-08-16T00:00:00+00:00","dateModified":"2024-07-17T16:55:52+00:00","mainEntityOfPage":{"@id":"https:\/\/www.revue3emillenaire.com\/blog\/lhomme-et-lunivers-microcosme-et-macrocosme-par-marie-magdeleine-davy\/"},"wordCount":3747,"commentCount":0,"image":{"@id":"https:\/\/www.revue3emillenaire.com\/blog\/lhomme-et-lunivers-microcosme-et-macrocosme-par-marie-magdeleine-davy\/#primaryimage"},"thumbnailUrl":"https:\/\/www.revue3emillenaire.com\/blog\/wp-content\/uploads\/2014\/02\/davy.jpg","keywords":["macrocosme","microcosme","Unit\u00e9","univers","Vie int\u00e9rieure"],"articleSection":["Davy Marie-Magdeleine"],"inLanguage":"fr-FR","potentialAction":[{"@type":"CommentAction","name":"Comment","target":["https:\/\/www.revue3emillenaire.com\/blog\/lhomme-et-lunivers-microcosme-et-macrocosme-par-marie-magdeleine-davy\/#respond"]}]},{"@type":"WebPage","@id":"https:\/\/www.revue3emillenaire.com\/blog\/lhomme-et-lunivers-microcosme-et-macrocosme-par-marie-magdeleine-davy\/","url":"https:\/\/www.revue3emillenaire.com\/blog\/lhomme-et-lunivers-microcosme-et-macrocosme-par-marie-magdeleine-davy\/","name":"L'homme et l'univers (microcosme et macrocosme) par Marie-Magdeleine Davy - 3e mill\u00e9naire - Spiritualit\u00e9 - Connaissance de soi - Non-dualit\u00e9 - M\u00e9ditation","isPartOf":{"@id":"https:\/\/www.revue3emillenaire.com\/blog\/#website"},"primaryImageOfPage":{"@id":"https:\/\/www.revue3emillenaire.com\/blog\/lhomme-et-lunivers-microcosme-et-macrocosme-par-marie-magdeleine-davy\/#primaryimage"},"image":{"@id":"https:\/\/www.revue3emillenaire.com\/blog\/lhomme-et-lunivers-microcosme-et-macrocosme-par-marie-magdeleine-davy\/#primaryimage"},"thumbnailUrl":"https:\/\/www.revue3emillenaire.com\/blog\/wp-content\/uploads\/2014\/02\/davy.jpg","datePublished":"2009-08-16T00:00:00+00:00","dateModified":"2024-07-17T16:55:52+00:00","author":{"@id":"https:\/\/www.revue3emillenaire.com\/blog\/#\/schema\/person\/9a3a7cc4ccaa707f402d4394327106d5"},"breadcrumb":{"@id":"https:\/\/www.revue3emillenaire.com\/blog\/lhomme-et-lunivers-microcosme-et-macrocosme-par-marie-magdeleine-davy\/#breadcrumb"},"inLanguage":"fr-FR","potentialAction":[{"@type":"ReadAction","target":["https:\/\/www.revue3emillenaire.com\/blog\/lhomme-et-lunivers-microcosme-et-macrocosme-par-marie-magdeleine-davy\/"]}]},{"@type":"ImageObject","inLanguage":"fr-FR","@id":"https:\/\/www.revue3emillenaire.com\/blog\/lhomme-et-lunivers-microcosme-et-macrocosme-par-marie-magdeleine-davy\/#primaryimage","url":"https:\/\/www.revue3emillenaire.com\/blog\/wp-content\/uploads\/2014\/02\/davy.jpg","contentUrl":"https:\/\/www.revue3emillenaire.com\/blog\/wp-content\/uploads\/2014\/02\/davy.jpg","width":"210","height":"208"},{"@type":"BreadcrumbList","@id":"https:\/\/www.revue3emillenaire.com\/blog\/lhomme-et-lunivers-microcosme-et-macrocosme-par-marie-magdeleine-davy\/#breadcrumb","itemListElement":[{"@type":"ListItem","position":1,"name":"Accueil","item":"https:\/\/www.revue3emillenaire.com\/blog\/"},{"@type":"ListItem","position":2,"name":"L&rsquo;homme et l&rsquo;univers (microcosme et macrocosme) par Marie-Magdeleine Davy"}]},{"@type":"WebSite","@id":"https:\/\/www.revue3emillenaire.com\/blog\/#website","url":"https:\/\/www.revue3emillenaire.com\/blog\/","name":"3e mill\u00e9naire - Spiritualit\u00e9 - Connaissance de soi - Non-dualit\u00e9 - M\u00e9ditation","description":"L&#039;Homme en devenir","potentialAction":[{"@type":"SearchAction","target":{"@type":"EntryPoint","urlTemplate":"https:\/\/www.revue3emillenaire.com\/blog\/?s={search_term_string}"},"query-input":{"@type":"PropertyValueSpecification","valueRequired":true,"valueName":"search_term_string"}}],"inLanguage":"fr-FR"},{"@type":"Person","@id":"https:\/\/www.revue3emillenaire.com\/blog\/#\/schema\/person\/9a3a7cc4ccaa707f402d4394327106d5","name":"3e mill\u00e9naire","url":"https:\/\/www.revue3emillenaire.com\/blog\/author\/admin\/"}]}},"_links":{"self":[{"href":"https:\/\/www.revue3emillenaire.com\/blog\/wp-json\/wp\/v2\/posts\/351","targetHints":{"allow":["GET"]}}],"collection":[{"href":"https:\/\/www.revue3emillenaire.com\/blog\/wp-json\/wp\/v2\/posts"}],"about":[{"href":"https:\/\/www.revue3emillenaire.com\/blog\/wp-json\/wp\/v2\/types\/post"}],"author":[{"embeddable":true,"href":"https:\/\/www.revue3emillenaire.com\/blog\/wp-json\/wp\/v2\/users\/1"}],"replies":[{"embeddable":true,"href":"https:\/\/www.revue3emillenaire.com\/blog\/wp-json\/wp\/v2\/comments?post=351"}],"version-history":[{"count":0,"href":"https:\/\/www.revue3emillenaire.com\/blog\/wp-json\/wp\/v2\/posts\/351\/revisions"}],"wp:featuredmedia":[{"embeddable":true,"href":"https:\/\/www.revue3emillenaire.com\/blog\/wp-json\/wp\/v2\/media\/15316"}],"wp:attachment":[{"href":"https:\/\/www.revue3emillenaire.com\/blog\/wp-json\/wp\/v2\/media?parent=351"}],"wp:term":[{"taxonomy":"category","embeddable":true,"href":"https:\/\/www.revue3emillenaire.com\/blog\/wp-json\/wp\/v2\/categories?post=351"},{"taxonomy":"post_tag","embeddable":true,"href":"https:\/\/www.revue3emillenaire.com\/blog\/wp-json\/wp\/v2\/tags?post=351"}],"curies":[{"name":"wp","href":"https:\/\/api.w.org\/{rel}","templated":true}]}}