{"id":36,"date":"2008-06-22T00:00:00","date_gmt":"2008-06-22T00:00:00","guid":{"rendered":"http:\/\/www.revue3emillenaire.com\/blog\/?p=36"},"modified":"2023-11-01T23:34:17","modified_gmt":"2023-11-01T22:34:17","slug":"lacte-suprme-par-robert-linssen","status":"publish","type":"post","link":"https:\/\/www.revue3emillenaire.com\/blog\/lacte-suprme-par-robert-linssen\/","title":{"rendered":"L&rsquo;Acte supr&ecirc;me par Robert Linssen"},"content":{"rendered":"<p style=\"text-align: justify;\">(Revue \u00catre Libre Num\u00e9ros 149-151, Mai-Juillet 1958)<\/p>\n<p style=\"text-align: justify;\">Le Zen et la pens\u00e9e de Krishnamurti, d\u00e9signent fr\u00e9quemment la R\u00e9alit\u00e9 fondamentale du monde et de I&rsquo; homme comme \u00ab Acte Pur \u00bb. Malgr\u00e9 les pr\u00e9cisions donn\u00e9es par D. T. Suzuki et Krishnamurti, nous avons constat\u00e9 qu&rsquo;une grande confusion demeure dans de nombreux esprits concernant cet important probl\u00e8me. Cette confusion s&rsquo;aggrave du fait que le Zen et Krishnamurti affirment cat\u00e9goriquement l&rsquo;inexistence du \u00ab moi \u00bb. Nombreux sont ceux qui tirent deux conclusions erron\u00e9es a la suite d&rsquo;une \u00e9tude trop rapide de ces probl\u00e8mes. La premi\u00e8re erreur consiste \u00e0 croire que le monde et l&rsquo;homme sont illusoires (au sens de Maya, tel que le con\u00e7oivent les hindous). La seconde r\u00e9side dans une tendance \u00e0 supposer que l&rsquo;Acte Pur n&rsquo;est qu&rsquo;un concept abstrait ou encore une R\u00e9alit\u00e9 spirituelle existant en dehors des r\u00e9alit\u00e9s concr\u00e8tes de la vie quotidienne.<\/p>\n<p style=\"text-align: justify;\">I\u00b0 <strong>La notion de Maya ou illusion du monde mat\u00e9riel :<\/strong><\/p>\n<p style=\"text-align: justify;\">Cette notion est enti\u00e8rement contest\u00e9e par les maitres Zen. Nous avons eu \u00e0 ce sujet de nombreux entretiens avec le professeur D<strong>. <\/strong>T. Suzuki et Krishnamurti. La notion de Maya ou d&rsquo;illusion du monde mat\u00e9riel a presque toujours \u00e9t\u00e9 mal comprise par les \u00e9tudiants de la pens\u00e9e orientale.<\/p>\n<p style=\"text-align: justify;\">En dehors des jugements de valeurs purement subjectifs de l&rsquo;homme conditionn\u00e9 il n&rsquo;y a pas d&rsquo;illusion, pas de \u00ab Maya \u00bb. Ainsi que l&rsquo;exprime Krishnamurti, c&rsquo;est le mental qui \u00ab est le g\u00e9n\u00e9rateur de fausses valeurs \u00bb.<\/p>\n<p style=\"text-align: justify;\"><strong>Notre pens\u00e9e est victime d&rsquo;un vice de fonctionnement qui <\/strong><strong>tend \u00e0 nous donner du monde, des choses et de nous-m\u00eames, des <\/strong><strong>notions illusoires.<\/strong><\/p>\n<p style=\"text-align: justify;\">\u00ab Maya \u00bb r\u00e9sulte de l&rsquo;incapacit\u00e9 dans laquelle se trouve notre esprit de percevoir les choses telles qu&rsquo;elles sont. Quelle est la cause de cette incapacit\u00e9 ? Si nous pouvons la d\u00e9couvrir, il nous serait possible de nous affranchir de la v\u00e9ritable tare psychologique que constitue ce conditionnement.<\/p>\n<p style=\"text-align: justify;\">Nous sommes incapables de voir les choses telles qu&rsquo;elles sont en vertu d&rsquo;une force d&rsquo;inertie paralysant le fonctionnement de notre esprit. Nous avons d\u00e9fini cette force d&rsquo;inertie \u00e0 diverses reprises comme une tendance \u00e0 <strong>habitude. <\/strong>Nous avons pris l&rsquo;habitude de nous identifier. L&rsquo;identification est une forme de l&rsquo;attachement. Nous nous trouvons ici en pr\u00e9sence d&rsquo;un effet d&rsquo;une loi fondamentale \u00e9nonc\u00e9e \u00e0 diverses reprises \u00e9galement : l\u2019\u00e9chelle d&rsquo;observation cr\u00e9e le ph\u00e9nom\u00e8ne.<\/p>\n<p style=\"text-align: justify;\">Quelle est la fonction explorante utilis\u00e9e dans nos investigations tant int\u00e9rieures qu&rsquo;ext\u00e9rieures ? C&rsquo;est la pens\u00e9e. Cette fonction \u00e9tant fondamentalement tar\u00e9e par un vice de fonctionnement, par l&rsquo;inertie d&rsquo;une force d&rsquo;habitude, tend in\u00e9vitablement \u00e0 nous donner des choses, du monde et de nous-m\u00eames une vision statique, habituelle, fig\u00e9e.<\/p>\n<p style=\"text-align: justify;\">La nature des choses ne comporte aucune staticit\u00e9. Elle est fluide mouvante. Les formes sont \u00e9vanescentes. Les singularit\u00e9s sont provisoires. Le particulier est continuellement changeant. Mais jamais un Eveill\u00e9 authentique ne dira que les formes n&rsquo;existent pas, que la singularit\u00e9 est une fonction ni que le particulier est illusoire. Il y a la une nuance tr\u00e8s importante, dont la signification \u00e9chappe \u00e0 la plupart.<\/p>\n<p style=\"text-align: justify;\">Pour comprendre la fa\u00e7on dont notre esprit a donn\u00e9 son adh\u00e9sion a la notion de Maya ou d&rsquo;illusion du monde ext\u00e9rieur, il est n\u00e9cessaire de situer les trois phases g\u00e9n\u00e9ralement travers\u00e9es par la pens\u00e9e humaine dans sa marche vers l&rsquo;Eveil.<\/p>\n<p style=\"text-align: justify;\">Au cours de la premi\u00e8re phase, l&rsquo;homme s&rsquo;identifie compl\u00e8tement au monde ext\u00e9rieur. Il s&rsquo;identifie \u00e0 la forme, au particulier, aux singularit\u00e9s. Victime de l&rsquo;inertie de son esprit, il n&rsquo;en discerne pas encore l&rsquo;impermanence.<\/p>\n<p style=\"text-align: justify;\">Au cours de la seconde phase, l&rsquo;homme per\u00e7oit la loi fondamentale d&rsquo;impermanence de toutes choses. Prenant conscience du caract\u00e8re \u00e9vanescent des formes du monde ext\u00e9rieur, il veut \u00e0 tous prix se constituer une permanence, une staticit\u00e9 qui puisse r\u00e9pondre aux exigences de l&rsquo;inertie de son esprit.<\/p>\n<p style=\"text-align: justify;\">Cette recherche de permanence et de staticit\u00e9 n&rsquo;est en r\u00e9alit\u00e9 qu&rsquo;une compensation \u00e0 l&rsquo;angoisse inh\u00e9rente \u00e0 la d\u00e9couverte de l&rsquo;impermanence de toutes choses. Ainsi na\u00eet partiellement la notion d&rsquo;absolu. A l&rsquo;origine de cette notion et de cet appel vers un d\u00e9passement de l&rsquo;impermanence des apparences de surface, il n&rsquo;existe pas seulement un principe de compensation.<\/p>\n<p style=\"text-align: justify;\">La recherche du d\u00e9passement des apparences ext\u00e9rieures et de soi-m\u00eame r\u00e9sulte d&rsquo;une maturit\u00e9 psychologique orientant l&rsquo;esprit du chercheur vers plus de profondeur. Il se peut qu&rsquo;\u00e0 ce moment l&rsquo;homme \u00e9prouve intuitivement le caract\u00e8re de priorit\u00e9 d&rsquo;une r\u00e9alit\u00e9 spirituelle. Mais le manque de clart\u00e9 de son esprit tendra d&rsquo;abord \u00e0 conf\u00e9rer \u00e0 cette r\u00e9alit\u00e9 des caract\u00e8res d&rsquo;absolu qui sont inexistants.<\/p>\n<p style=\"text-align: justify;\">Au cours de cette seconde phase, l&rsquo;homme aura tendance rejeter les apparences ext\u00e9rieures, \u00e0 les consid\u00e9rer comme pures illusions ou simples mirages. La contemplation de la \u00ab Pure essence \u00bb apporte de grandes joies int\u00e9rieures. Elle procure des \u00e9panouissements de conscience profond\u00e9ment \u00e9mouvants. Telle est la phase du \u00ab samadhi \u00bb indien. Apr\u00e8s le \u00ab savikalpa samadhi \u00bb ou contemplation avec symbole, le chercheur aborde le \u00ab nirvikalpa samadhi \u00bb et subit progressivement la magie fascinante de la lumi\u00e8re int\u00e9rieure. Il arrive ainsi au point culminant de sa n\u00e9gation des apparences ext\u00e9rieures. Pour lui tout est Maya. Une seule r\u00e9alit\u00e9 se pr\u00e9sente \u00e0 son esprit : la pure lumi\u00e8re ou encore la pure essence translumineuse.<\/p>\n<p style=\"text-align: justify;\">C&rsquo;est au terme de cette seconde phase que la clart\u00e9 de la pens\u00e9e de Krishnamurti ou du Zen lui permettra de r\u00e9aliser l&rsquo;\u00e9quilibre final. Celui-ci n&rsquo;est ni le \u00ab savikalpa samadhi \u00bb avec symboles, ni le \u00ab nirvikalpa samadhi \u00bb sans symboles. Il est le \u00ab Sahaja Samadhi \u00bb englobant les aspects des ultimes profondeurs translumineuses et ceux des apparences du monde concret.<\/p>\n<p style=\"text-align: justify;\">C&rsquo;est \u00e0 ce moment que nous sommes enfin capables de saisir la signification extraordinaire du \u00ab particulier \u00bb, des \u00ab singularit\u00e9s \u00bb, de la forme dans l&rsquo;Univers.<\/p>\n<p style=\"text-align: justify;\">Lorsque nous avons minutieusement explor\u00e9 toutes les possibilit\u00e9s de la pens\u00e9e humaine concernant la recherche ontologique et les exp\u00e9riences mystiques, lorsque nous avons vainement parcouru les Chemins innombrables sillonnant les \u00e9paisses for\u00eats de la m\u00e9taphysique, de la psychologie, nous aboutissons \u00e0 une vision finale des choses qui semble in\u00e9vitable et peut \u00eatre d\u00e9finie comme suit :<\/p>\n<p style=\"text-align: justify;\">Les grands myst\u00e8res ne sont pas ceux de la conscience cosmique des ultimes profondeurs, ni ceux des diverses formes de la lumi\u00e8re spirituelle ou psychique, ni encore ceux de la pure essence translumineuse inh\u00e9rente \u00e0 un noum\u00e8ne \u00e9ternellement non-manifest\u00e9. L&rsquo;esprit s&rsquo;intoxique en tentant de sp\u00e9culer sur ces notions abstruses.<\/p>\n<p style=\"text-align: justify;\">Le langage de la vie doit \u00eatre d\u00e9chiffr\u00e9 ici m\u00eame. Cette vie n&rsquo;est ni exclusivement mat\u00e9rielle, ni exclusivement spirituelle, ni divine ou terrestre au sens ou nous I\u2019 entendons g\u00e9n\u00e9ralement.<\/p>\n<p style=\"text-align: justify;\">Ici les extr\u00eames se touchent et ne se ressemblent point.<\/p>\n<p style=\"text-align: justify;\"><strong>2\u00b0 La signification du \u00ab particulier \u00bb<\/strong><\/p>\n<p style=\"text-align: justify;\">La pl\u00e9nitude de la vie se situe dans la momentan\u00e9it\u00e9 de chaque instant.<\/p>\n<p style=\"text-align: justify;\">Dans les points infiniment vari\u00e9s de l&rsquo;espace, chaque instant donn\u00e9 poss\u00e8de des caract\u00e8res singuliers empreints d&rsquo;une originalit\u00e9 cr\u00e9atrice continuellement changeante.<\/p>\n<p style=\"text-align: justify;\">Mais le discernement de la signification extraordinaire de chaque singularit\u00e9 et, avant toutes choses, de chacune de nos singularit\u00e9s propres n&rsquo;est r\u00e9alisable qu&rsquo;\u00e0 la condition que nous soyons d&rsquo;instant en instant totalement lib\u00e9r\u00e9 de toute identification avec un clich\u00e9 statique de ce que notre esprit aurait retenu des particularit\u00e9s ant\u00e9rieures de nos singularit\u00e9s mouvantes et toujours transform\u00e9es.<\/p>\n<p style=\"text-align: justify;\">Ce paragraphe tr\u00e8s important appelle des \u00e9claircissements que nous exposerons comme suit.<\/p>\n<p style=\"text-align: justify;\">Nous avons insist\u00e9 sur le processus de transformation continuel \u0153uvrant au c\u0153ur de tous les \u00eatres et de toutes les choses anim\u00e9es ou inanim\u00e9es. Le changement est la loi fondamentale de l&rsquo;Univers. Nous ne percevons donc jamais des objets rigoureusement identiques en d\u00e9pit de l&rsquo;identit\u00e9 d&rsquo;image qui nous en est donn\u00e9e. Et nous-m\u00eames n&rsquo;\u00e9chappons jamais \u00e0 l&rsquo;universelle loi du changement. Observateur et observ\u00e9, spectacle et spectateur, rien n&rsquo;\u00e9chappe aux transformations incessantes du monde tant physique que psychique.<\/p>\n<p style=\"text-align: justify;\">Dans la pratique nous ne tenons jamais compte de cette loi de transformation. Lorsqu&rsquo;un objet se pr\u00e9sente dans notre champ visuel, son image d\u00e9termine sur les b\u00e2tonnets et c\u00f4nes de la r\u00e9tine certaines transformations chimiques engendrant une \u00e9lectricit\u00e9 c\u00e9r\u00e9brale aboutissant \u00e0 la forme d&rsquo;un clich\u00e9 m\u00e9moriel ou engramme c\u00e9r\u00e9bral. Ceci se passe pour les objets et les personnes. Un clich\u00e9 statique se constitue une fois pour toutes parmi nos engrammes c\u00e9r\u00e9braux.<\/p>\n<p style=\"text-align: justify;\">Lorsque les m\u00eames objets et les m\u00eames personnes se pr\u00e9sentent \u00e0 nous, un conflit rapide se pr\u00e9sente entre deux tendances. D&rsquo;une part, l&rsquo;\u00e9mergence de l&rsquo;ancien clich\u00e9 en fonction d&rsquo;une loi inh\u00e9rente aux cheminements privil\u00e9gi\u00e9s de l&rsquo;\u00e9lectricit\u00e9 c\u00e9r\u00e9brale \u00e0 la vue d&rsquo;images connues, d&rsquo;autre part, la possibilit\u00e9 de voir l&rsquo;objet ou la personne, \u00ab \u00e0 neuf \u00bb, comme si nous ne les avions jamais vus.<\/p>\n<p style=\"text-align: justify;\">La premi\u00e8re tendance \u00e9nonc\u00e9e se trouve corrompue par la loi de l&rsquo;habitude et de la r\u00e9p\u00e9tition. Elle s&rsquo;incline devant la loi d&rsquo;inertie des automatismes du pass\u00e9. Elle n&rsquo;est pas ad\u00e9quate et elle ne pourra jamais l&rsquo;\u00eatre. Elle n&rsquo;approche pas les objets ni les personnes dans leur actualit\u00e9, mais ne per\u00e7oit que l&rsquo;image ancienne, fig\u00e9e, fix\u00e9e une fois pour toutes, de ces objets et de ces personnes. C&rsquo;est le processus que le bouddhisme d\u00e9finit comme celui \u00ab d&rsquo;une n\u00e9gligence g\u00e9n\u00e9ralis\u00e9e \u00bb. Dans cette optique fauss\u00e9e, le sens du \u00ab particulier \u00bb, de la forme, de la singularit\u00e9 est enti\u00e8rement corrompu. Il perd toute sa saveur, toute signification.<\/p>\n<p style=\"text-align: justify;\">La seconde tendance, au contraire, nous permet d\u2019\u00eatre ad\u00e9quats. Nous abordons les choses et les \u00eatres d&rsquo;une fa\u00e7on neuve. Nous sommes alors disponibles \u00e0 la momentan\u00e9it\u00e9 de l&rsquo;instant avec toutes les qualit\u00e9s de renouvellement, de cr\u00e9ativit\u00e9 impliqu\u00e9es dans cette pr\u00e9sence au Pr\u00e9sent.<\/p>\n<p style=\"text-align: justify;\">Nous comprenons alors toute la port\u00e9e de l\u2019\u0153uvre de Krishnamurti.<\/p>\n<p style=\"text-align: justify;\">Nous conclurons en disant que l&rsquo;Acte Pur du R\u00e9el s&rsquo;exprime ici-m\u00eame \u2014 dans le pr\u00e9sent.<\/p>\n<p style=\"text-align: justify;\">Sa loi est Celle de l&rsquo;adequacit\u00e9 dans les relations.<\/p>\n<p style=\"text-align: justify;\">Chaque homme lib\u00e9r\u00e9 est absolument diff\u00e9rent par sa forme physique, par son h\u00e9r\u00e9dit\u00e9 biologique, par son temp\u00e9rament, par sa technique d&rsquo;expression. Mais une vie identique s&rsquo;exprime dans tous les lib\u00e9r\u00e9s.<\/p>\n<p style=\"text-align: justify;\">Au moment de l&rsquo;exp\u00e9rience, c&rsquo;est l&rsquo;Acte Pur, unique qui s&rsquo;exprime en parfaite simultan\u00e9it\u00e9 au C\u0153ur d&rsquo;un lib\u00e9r\u00e9 vivant sur cette plan\u00e8te comme en celui vivant sur un autre monde lointain.<\/p>\n<p style=\"text-align: justify;\">N\u00e9anmoins, la Vie a ceci de merveilleux : chaque lib\u00e9r\u00e9 vivant atteint une particularit\u00e9 d&rsquo;expression, une originalit\u00e9 remarquable. Celles-ci sont fonction de l&rsquo;adequacit\u00e9 de l&rsquo;instant et de la loi des relations.<\/p>\n<p style=\"text-align: justify;\">Un vieil adage chinois nous dit que dans l&rsquo;univers manifest\u00e9 tout est diff\u00e9rent, rien n&rsquo;est absolument semblable. Les parcelles les plus semblables, les plus identiques \u2014 tels des \u00e9lectrons diff\u00e9rents \u2014 diff\u00e9rent d\u00e9j\u00e0 inexorablement dans les variations de leurs positions. De ces diverses variations d\u00e9coulent des interactions, des modes de relations multiples engendrant une gamme infinie de particularit\u00e9s, de singularit\u00e9s toujours uniques, tant dans le temps que dans l&rsquo;espace.<\/p>\n<p style=\"text-align: justify;\">Nous ne nions donc pas le \u00ab particulier \u00bb, ni la forme, ni les singularit\u00e9s, mais nous insistons sur le fait que leur signification v\u00e9ritable n&rsquo;a jamais \u00e9t\u00e9 totalement comprise. La compr\u00e9hension exacte du \u00ab particulier \u00bb n&rsquo;est accessible qu&rsquo;\u00e0 la condition que nous nous soyons fermement \u00e9tablis dans le \u00ab Cosmique \u00bb et nous laissions spontan\u00e9ment s&rsquo;exprimer en nous-m\u00eames le jeu de notre singularit\u00e9 continuellement changeante. Ceci exige de notre part un affranchissement total de toute identification, de tout attachement aux clich\u00e9s m\u00e9moriels pass\u00e9s.<\/p>\n<p style=\"text-align: justify;\">La r\u00e9alisation effective de cet \u00ab Eveil \u00bb exige de notre part une vigilance de tous les instants, une tr\u00e8s grande souplesse d&rsquo;esprit, une agilit\u00e9 extraordinaire de la pens\u00e9e se d\u00e9collant continuellement de son propre pass\u00e9 pour adh\u00e9rer pleinement, sans r\u00e9serve aucune, \u00e0 chaque moment pr\u00e9sent.<\/p>\n<p style=\"text-align: justify;\">Cette r\u00e9alisation n&rsquo;est pas un an\u00e9antissement mais une Pl\u00e9nitude.<\/p>\n<p style=\"text-align: justify;\">L&rsquo;originalit\u00e9 individuelle maladroitement d\u00e9ifi\u00e9e par la plupart des occidentaux, n&rsquo;est jamais celle qui r\u00e9sulte d\u2019une attitude d\u00e9lib\u00e9r\u00e9ment choisie par un \u00ab moi \u00bb se prenant \u00ab au s\u00e9rieux \u00bb, prisonnier de son propre jeu et victime de l&rsquo;auto-identification.<\/p>\n<p style=\"text-align: justify;\">L&rsquo;originalit\u00e9 supr\u00eame n&rsquo;est r\u00e9alis\u00e9e que lorsque le \u00ab moi \u00bb est mort \u00e0 lui-m\u00eame, et que n&rsquo;existe plus une entit\u00e9 psychologique accumulant avidement des m\u00e9moires. Lorsque l&#8217;emprise des m\u00e9moires pass\u00e9es disparait, l&rsquo;homme n&rsquo;est qu&rsquo;un instrument entre les mains de la Vie, en un instant et un lieu donn\u00e9s.<\/p>\n<p style=\"text-align: justify;\">Une seule r\u00e9alit\u00e9 \u00e9merge en un triomphe lumineux, toujours renouvel\u00e9 : l&rsquo;Acte Supr\u00eame aux regards duquel nos cat\u00e9gories d&rsquo;actes importants ou inessentiels n&rsquo;ont plus de signification. Chaque geste ordinaire peut \u00eatre extraordinaire.<\/p>\n<p style=\"text-align: justify;\">Il le sera dans la mesure o\u00f9 nous ne nous projetterons plus en lui.<\/p>\n<p style=\"text-align: justify;\">Le Jardin d&rsquo;Eden est ici. Mais nous avons des yeux et nous ne voyons point.<\/p>\n<p style=\"text-align: justify;\">Ainsi nous \u00e9chappe <strong>l&rsquo;importance de vivre. <\/strong>Parce que le langage supr\u00eame ne peut \u00eatre d\u00e9chiffr\u00e9 qu&rsquo;ici, <strong>il est infiniment important de vivre, de vivre pleinement, <\/strong>lucidement, de vivre dans la richesse de l&rsquo;amour v\u00e9ritable qui donne \u00e0 l&rsquo;Acte supr\u00eame son charme infini et toujours renouvel\u00e9.<\/p>\n","protected":false},"excerpt":{"rendered":"<p>Le Zen et la pens\u00e9e de Krishnamurti, d\u00e9signent fr\u00e9quemment la R\u00e9alit\u00e9 fondamentale du monde et de I&rsquo; homme comme \u00ab Acte Pur \u00bb. Malgr\u00e9 les pr\u00e9cisions donn\u00e9es par D. T. Suzuki et Krishnamurti, nous avons constat\u00e9 qu&rsquo;une grande confusion demeure dans de nombreux esprits concernant cet important probl\u00e8me. Cette confusion s&rsquo;aggrave du fait que le Zen et Krishnamurti affirment cat\u00e9goriquement l&rsquo;inexistence du \u00ab moi \u00bb. Nombreux sont ceux qui tirent deux conclusions erron\u00e9es a la suite d&rsquo;une \u00e9tude trop rapide de ces probl\u00e8mes. La premi\u00e8re erreur consiste \u00e0 croire que le monde et l&rsquo;homme sont illusoires (au sens de Maya, tel que le con\u00e7oivent les hindous). La seconde r\u00e9side dans une tendance \u00e0 supposer que l&rsquo;Acte Pur n&rsquo;est qu&rsquo;un concept abstrait ou encore une R\u00e9alit\u00e9 spirituelle existant en dehors des r\u00e9alit\u00e9s concr\u00e8tes de la vie quotidienne.<\/p>\n","protected":false},"author":1,"featured_media":6216,"comment_status":"open","ping_status":"open","sticky":false,"template":"","format":"standard","meta":{"footnotes":""},"categories":[66],"tags":[6,233,11],"class_list":["post-36","post","type-post","status-publish","format-standard","has-post-thumbnail","hentry","category-r-linssen","tag-krishnamurti","tag-samadhi","tag-zen"],"yoast_head":"<!-- This site is optimized with the Yoast SEO plugin v27.0 - https:\/\/yoast.com\/product\/yoast-seo-wordpress\/ -->\n<title>L&#039;Acte supr&ecirc;me par Robert Linssen - 3e mill\u00e9naire - Spiritualit\u00e9 - Connaissance de soi - Non-dualit\u00e9 - M\u00e9ditation<\/title>\n<meta name=\"robots\" content=\"index, follow, max-snippet:-1, max-image-preview:large, max-video-preview:-1\" \/>\n<link rel=\"canonical\" href=\"https:\/\/www.revue3emillenaire.com\/blog\/lacte-suprme-par-robert-linssen\/\" \/>\n<meta property=\"og:locale\" content=\"fr_FR\" \/>\n<meta property=\"og:type\" content=\"article\" \/>\n<meta property=\"og:title\" content=\"L&#039;Acte supr&ecirc;me par Robert Linssen - 3e mill\u00e9naire - Spiritualit\u00e9 - Connaissance de soi - Non-dualit\u00e9 - M\u00e9ditation\" \/>\n<meta property=\"og:description\" content=\"Le Zen et la pens\u00e9e de Krishnamurti, d\u00e9signent fr\u00e9quemment la R\u00e9alit\u00e9 fondamentale du monde et de I&#039; homme comme \u00ab Acte Pur \u00bb. Malgr\u00e9 les pr\u00e9cisions donn\u00e9es par D. T. Suzuki et Krishnamurti, nous avons constat\u00e9 qu&#039;une grande confusion demeure dans de nombreux esprits concernant cet important probl\u00e8me. Cette confusion s&#039;aggrave du fait que le Zen et Krishnamurti affirment cat\u00e9goriquement l&#039;inexistence du \u00ab moi \u00bb. Nombreux sont ceux qui tirent deux conclusions erron\u00e9es a la suite d&#039;une \u00e9tude trop rapide de ces probl\u00e8mes. La premi\u00e8re erreur consiste \u00e0 croire que le monde et l&#039;homme sont illusoires (au sens de Maya, tel que le con\u00e7oivent les hindous). La seconde r\u00e9side dans une tendance \u00e0 supposer que l&#039;Acte Pur n&#039;est qu&#039;un concept abstrait ou encore une R\u00e9alit\u00e9 spirituelle existant en dehors des r\u00e9alit\u00e9s concr\u00e8tes de la vie quotidienne.\" \/>\n<meta property=\"og:url\" content=\"https:\/\/www.revue3emillenaire.com\/blog\/lacte-suprme-par-robert-linssen\/\" \/>\n<meta property=\"og:site_name\" content=\"3e mill\u00e9naire - Spiritualit\u00e9 - Connaissance de soi - Non-dualit\u00e9 - M\u00e9ditation\" \/>\n<meta property=\"article:published_time\" content=\"2008-06-22T00:00:00+00:00\" \/>\n<meta property=\"article:modified_time\" content=\"2023-11-01T22:34:17+00:00\" \/>\n<meta property=\"og:image\" content=\"https:\/\/www.revue3emillenaire.com\/blog\/wp-content\/uploads\/2010\/12\/Linssen.gif\" \/>\n\t<meta property=\"og:image:width\" content=\"415\" \/>\n\t<meta property=\"og:image:height\" content=\"274\" \/>\n\t<meta property=\"og:image:type\" content=\"image\/gif\" \/>\n<meta name=\"author\" content=\"3e mill\u00e9naire\" \/>\n<meta name=\"twitter:card\" content=\"summary_large_image\" \/>\n<meta name=\"twitter:label1\" content=\"\u00c9crit par\" \/>\n\t<meta name=\"twitter:data1\" content=\"3e mill\u00e9naire\" \/>\n\t<meta name=\"twitter:label2\" content=\"Dur\u00e9e de lecture estim\u00e9e\" \/>\n\t<meta name=\"twitter:data2\" content=\"11 minutes\" \/>\n<script type=\"application\/ld+json\" class=\"yoast-schema-graph\">{\"@context\":\"https:\/\/schema.org\",\"@graph\":[{\"@type\":\"Article\",\"@id\":\"https:\/\/www.revue3emillenaire.com\/blog\/lacte-suprme-par-robert-linssen\/#article\",\"isPartOf\":{\"@id\":\"https:\/\/www.revue3emillenaire.com\/blog\/lacte-suprme-par-robert-linssen\/\"},\"author\":{\"name\":\"3e mill\u00e9naire\",\"@id\":\"https:\/\/www.revue3emillenaire.com\/blog\/#\/schema\/person\/9a3a7cc4ccaa707f402d4394327106d5\"},\"headline\":\"L&rsquo;Acte supr&ecirc;me par Robert Linssen\",\"datePublished\":\"2008-06-22T00:00:00+00:00\",\"dateModified\":\"2023-11-01T22:34:17+00:00\",\"mainEntityOfPage\":{\"@id\":\"https:\/\/www.revue3emillenaire.com\/blog\/lacte-suprme-par-robert-linssen\/\"},\"wordCount\":2233,\"commentCount\":0,\"image\":{\"@id\":\"https:\/\/www.revue3emillenaire.com\/blog\/lacte-suprme-par-robert-linssen\/#primaryimage\"},\"thumbnailUrl\":\"https:\/\/www.revue3emillenaire.com\/blog\/wp-content\/uploads\/2010\/12\/Linssen.gif\",\"keywords\":[\"Krishnamurti\",\"samadhi\",\"Zen\"],\"articleSection\":[\"Linssen Robert\"],\"inLanguage\":\"fr-FR\",\"potentialAction\":[{\"@type\":\"CommentAction\",\"name\":\"Comment\",\"target\":[\"https:\/\/www.revue3emillenaire.com\/blog\/lacte-suprme-par-robert-linssen\/#respond\"]}]},{\"@type\":\"WebPage\",\"@id\":\"https:\/\/www.revue3emillenaire.com\/blog\/lacte-suprme-par-robert-linssen\/\",\"url\":\"https:\/\/www.revue3emillenaire.com\/blog\/lacte-suprme-par-robert-linssen\/\",\"name\":\"L'Acte supr&ecirc;me par Robert Linssen - 3e mill\u00e9naire - Spiritualit\u00e9 - Connaissance de soi - Non-dualit\u00e9 - M\u00e9ditation\",\"isPartOf\":{\"@id\":\"https:\/\/www.revue3emillenaire.com\/blog\/#website\"},\"primaryImageOfPage\":{\"@id\":\"https:\/\/www.revue3emillenaire.com\/blog\/lacte-suprme-par-robert-linssen\/#primaryimage\"},\"image\":{\"@id\":\"https:\/\/www.revue3emillenaire.com\/blog\/lacte-suprme-par-robert-linssen\/#primaryimage\"},\"thumbnailUrl\":\"https:\/\/www.revue3emillenaire.com\/blog\/wp-content\/uploads\/2010\/12\/Linssen.gif\",\"datePublished\":\"2008-06-22T00:00:00+00:00\",\"dateModified\":\"2023-11-01T22:34:17+00:00\",\"author\":{\"@id\":\"https:\/\/www.revue3emillenaire.com\/blog\/#\/schema\/person\/9a3a7cc4ccaa707f402d4394327106d5\"},\"breadcrumb\":{\"@id\":\"https:\/\/www.revue3emillenaire.com\/blog\/lacte-suprme-par-robert-linssen\/#breadcrumb\"},\"inLanguage\":\"fr-FR\",\"potentialAction\":[{\"@type\":\"ReadAction\",\"target\":[\"https:\/\/www.revue3emillenaire.com\/blog\/lacte-suprme-par-robert-linssen\/\"]}]},{\"@type\":\"ImageObject\",\"inLanguage\":\"fr-FR\",\"@id\":\"https:\/\/www.revue3emillenaire.com\/blog\/lacte-suprme-par-robert-linssen\/#primaryimage\",\"url\":\"https:\/\/www.revue3emillenaire.com\/blog\/wp-content\/uploads\/2010\/12\/Linssen.gif\",\"contentUrl\":\"https:\/\/www.revue3emillenaire.com\/blog\/wp-content\/uploads\/2010\/12\/Linssen.gif\",\"width\":\"415\",\"height\":\"274\"},{\"@type\":\"BreadcrumbList\",\"@id\":\"https:\/\/www.revue3emillenaire.com\/blog\/lacte-suprme-par-robert-linssen\/#breadcrumb\",\"itemListElement\":[{\"@type\":\"ListItem\",\"position\":1,\"name\":\"Accueil\",\"item\":\"https:\/\/www.revue3emillenaire.com\/blog\/\"},{\"@type\":\"ListItem\",\"position\":2,\"name\":\"L&rsquo;Acte supr&ecirc;me par Robert Linssen\"}]},{\"@type\":\"WebSite\",\"@id\":\"https:\/\/www.revue3emillenaire.com\/blog\/#website\",\"url\":\"https:\/\/www.revue3emillenaire.com\/blog\/\",\"name\":\"3e mill\u00e9naire - Spiritualit\u00e9 - Connaissance de soi - Non-dualit\u00e9 - M\u00e9ditation\",\"description\":\"L&#039;Homme en devenir\",\"potentialAction\":[{\"@type\":\"SearchAction\",\"target\":{\"@type\":\"EntryPoint\",\"urlTemplate\":\"https:\/\/www.revue3emillenaire.com\/blog\/?s={search_term_string}\"},\"query-input\":{\"@type\":\"PropertyValueSpecification\",\"valueRequired\":true,\"valueName\":\"search_term_string\"}}],\"inLanguage\":\"fr-FR\"},{\"@type\":\"Person\",\"@id\":\"https:\/\/www.revue3emillenaire.com\/blog\/#\/schema\/person\/9a3a7cc4ccaa707f402d4394327106d5\",\"name\":\"3e mill\u00e9naire\",\"url\":\"https:\/\/www.revue3emillenaire.com\/blog\/author\/admin\/\"}]}<\/script>\n<!-- \/ Yoast SEO plugin. -->","yoast_head_json":{"title":"L'Acte supr&ecirc;me par Robert Linssen - 3e mill\u00e9naire - Spiritualit\u00e9 - Connaissance de soi - Non-dualit\u00e9 - M\u00e9ditation","robots":{"index":"index","follow":"follow","max-snippet":"max-snippet:-1","max-image-preview":"max-image-preview:large","max-video-preview":"max-video-preview:-1"},"canonical":"https:\/\/www.revue3emillenaire.com\/blog\/lacte-suprme-par-robert-linssen\/","og_locale":"fr_FR","og_type":"article","og_title":"L'Acte supr&ecirc;me par Robert Linssen - 3e mill\u00e9naire - Spiritualit\u00e9 - Connaissance de soi - Non-dualit\u00e9 - M\u00e9ditation","og_description":"Le Zen et la pens\u00e9e de Krishnamurti, d\u00e9signent fr\u00e9quemment la R\u00e9alit\u00e9 fondamentale du monde et de I' homme comme \u00ab Acte Pur \u00bb. Malgr\u00e9 les pr\u00e9cisions donn\u00e9es par D. T. Suzuki et Krishnamurti, nous avons constat\u00e9 qu'une grande confusion demeure dans de nombreux esprits concernant cet important probl\u00e8me. Cette confusion s'aggrave du fait que le Zen et Krishnamurti affirment cat\u00e9goriquement l'inexistence du \u00ab moi \u00bb. Nombreux sont ceux qui tirent deux conclusions erron\u00e9es a la suite d'une \u00e9tude trop rapide de ces probl\u00e8mes. La premi\u00e8re erreur consiste \u00e0 croire que le monde et l'homme sont illusoires (au sens de Maya, tel que le con\u00e7oivent les hindous). La seconde r\u00e9side dans une tendance \u00e0 supposer que l'Acte Pur n'est qu'un concept abstrait ou encore une R\u00e9alit\u00e9 spirituelle existant en dehors des r\u00e9alit\u00e9s concr\u00e8tes de la vie quotidienne.","og_url":"https:\/\/www.revue3emillenaire.com\/blog\/lacte-suprme-par-robert-linssen\/","og_site_name":"3e mill\u00e9naire - Spiritualit\u00e9 - Connaissance de soi - Non-dualit\u00e9 - M\u00e9ditation","article_published_time":"2008-06-22T00:00:00+00:00","article_modified_time":"2023-11-01T22:34:17+00:00","og_image":[{"width":415,"height":274,"url":"https:\/\/www.revue3emillenaire.com\/blog\/wp-content\/uploads\/2010\/12\/Linssen.gif","type":"image\/gif"}],"author":"3e mill\u00e9naire","twitter_card":"summary_large_image","twitter_misc":{"\u00c9crit par":"3e mill\u00e9naire","Dur\u00e9e de lecture estim\u00e9e":"11 minutes"},"schema":{"@context":"https:\/\/schema.org","@graph":[{"@type":"Article","@id":"https:\/\/www.revue3emillenaire.com\/blog\/lacte-suprme-par-robert-linssen\/#article","isPartOf":{"@id":"https:\/\/www.revue3emillenaire.com\/blog\/lacte-suprme-par-robert-linssen\/"},"author":{"name":"3e mill\u00e9naire","@id":"https:\/\/www.revue3emillenaire.com\/blog\/#\/schema\/person\/9a3a7cc4ccaa707f402d4394327106d5"},"headline":"L&rsquo;Acte supr&ecirc;me par Robert Linssen","datePublished":"2008-06-22T00:00:00+00:00","dateModified":"2023-11-01T22:34:17+00:00","mainEntityOfPage":{"@id":"https:\/\/www.revue3emillenaire.com\/blog\/lacte-suprme-par-robert-linssen\/"},"wordCount":2233,"commentCount":0,"image":{"@id":"https:\/\/www.revue3emillenaire.com\/blog\/lacte-suprme-par-robert-linssen\/#primaryimage"},"thumbnailUrl":"https:\/\/www.revue3emillenaire.com\/blog\/wp-content\/uploads\/2010\/12\/Linssen.gif","keywords":["Krishnamurti","samadhi","Zen"],"articleSection":["Linssen Robert"],"inLanguage":"fr-FR","potentialAction":[{"@type":"CommentAction","name":"Comment","target":["https:\/\/www.revue3emillenaire.com\/blog\/lacte-suprme-par-robert-linssen\/#respond"]}]},{"@type":"WebPage","@id":"https:\/\/www.revue3emillenaire.com\/blog\/lacte-suprme-par-robert-linssen\/","url":"https:\/\/www.revue3emillenaire.com\/blog\/lacte-suprme-par-robert-linssen\/","name":"L'Acte supr&ecirc;me par Robert Linssen - 3e mill\u00e9naire - Spiritualit\u00e9 - Connaissance de soi - Non-dualit\u00e9 - M\u00e9ditation","isPartOf":{"@id":"https:\/\/www.revue3emillenaire.com\/blog\/#website"},"primaryImageOfPage":{"@id":"https:\/\/www.revue3emillenaire.com\/blog\/lacte-suprme-par-robert-linssen\/#primaryimage"},"image":{"@id":"https:\/\/www.revue3emillenaire.com\/blog\/lacte-suprme-par-robert-linssen\/#primaryimage"},"thumbnailUrl":"https:\/\/www.revue3emillenaire.com\/blog\/wp-content\/uploads\/2010\/12\/Linssen.gif","datePublished":"2008-06-22T00:00:00+00:00","dateModified":"2023-11-01T22:34:17+00:00","author":{"@id":"https:\/\/www.revue3emillenaire.com\/blog\/#\/schema\/person\/9a3a7cc4ccaa707f402d4394327106d5"},"breadcrumb":{"@id":"https:\/\/www.revue3emillenaire.com\/blog\/lacte-suprme-par-robert-linssen\/#breadcrumb"},"inLanguage":"fr-FR","potentialAction":[{"@type":"ReadAction","target":["https:\/\/www.revue3emillenaire.com\/blog\/lacte-suprme-par-robert-linssen\/"]}]},{"@type":"ImageObject","inLanguage":"fr-FR","@id":"https:\/\/www.revue3emillenaire.com\/blog\/lacte-suprme-par-robert-linssen\/#primaryimage","url":"https:\/\/www.revue3emillenaire.com\/blog\/wp-content\/uploads\/2010\/12\/Linssen.gif","contentUrl":"https:\/\/www.revue3emillenaire.com\/blog\/wp-content\/uploads\/2010\/12\/Linssen.gif","width":"415","height":"274"},{"@type":"BreadcrumbList","@id":"https:\/\/www.revue3emillenaire.com\/blog\/lacte-suprme-par-robert-linssen\/#breadcrumb","itemListElement":[{"@type":"ListItem","position":1,"name":"Accueil","item":"https:\/\/www.revue3emillenaire.com\/blog\/"},{"@type":"ListItem","position":2,"name":"L&rsquo;Acte supr&ecirc;me par Robert Linssen"}]},{"@type":"WebSite","@id":"https:\/\/www.revue3emillenaire.com\/blog\/#website","url":"https:\/\/www.revue3emillenaire.com\/blog\/","name":"3e mill\u00e9naire - Spiritualit\u00e9 - Connaissance de soi - Non-dualit\u00e9 - M\u00e9ditation","description":"L&#039;Homme en devenir","potentialAction":[{"@type":"SearchAction","target":{"@type":"EntryPoint","urlTemplate":"https:\/\/www.revue3emillenaire.com\/blog\/?s={search_term_string}"},"query-input":{"@type":"PropertyValueSpecification","valueRequired":true,"valueName":"search_term_string"}}],"inLanguage":"fr-FR"},{"@type":"Person","@id":"https:\/\/www.revue3emillenaire.com\/blog\/#\/schema\/person\/9a3a7cc4ccaa707f402d4394327106d5","name":"3e mill\u00e9naire","url":"https:\/\/www.revue3emillenaire.com\/blog\/author\/admin\/"}]}},"_links":{"self":[{"href":"https:\/\/www.revue3emillenaire.com\/blog\/wp-json\/wp\/v2\/posts\/36","targetHints":{"allow":["GET"]}}],"collection":[{"href":"https:\/\/www.revue3emillenaire.com\/blog\/wp-json\/wp\/v2\/posts"}],"about":[{"href":"https:\/\/www.revue3emillenaire.com\/blog\/wp-json\/wp\/v2\/types\/post"}],"author":[{"embeddable":true,"href":"https:\/\/www.revue3emillenaire.com\/blog\/wp-json\/wp\/v2\/users\/1"}],"replies":[{"embeddable":true,"href":"https:\/\/www.revue3emillenaire.com\/blog\/wp-json\/wp\/v2\/comments?post=36"}],"version-history":[{"count":0,"href":"https:\/\/www.revue3emillenaire.com\/blog\/wp-json\/wp\/v2\/posts\/36\/revisions"}],"wp:featuredmedia":[{"embeddable":true,"href":"https:\/\/www.revue3emillenaire.com\/blog\/wp-json\/wp\/v2\/media\/6216"}],"wp:attachment":[{"href":"https:\/\/www.revue3emillenaire.com\/blog\/wp-json\/wp\/v2\/media?parent=36"}],"wp:term":[{"taxonomy":"category","embeddable":true,"href":"https:\/\/www.revue3emillenaire.com\/blog\/wp-json\/wp\/v2\/categories?post=36"},{"taxonomy":"post_tag","embeddable":true,"href":"https:\/\/www.revue3emillenaire.com\/blog\/wp-json\/wp\/v2\/tags?post=36"}],"curies":[{"name":"wp","href":"https:\/\/api.w.org\/{rel}","templated":true}]}}