{"id":363,"date":"2009-10-22T00:00:00","date_gmt":"2009-10-22T00:00:00","guid":{"rendered":"http:\/\/www.revue3emillenaire.com\/blog\/?p=363"},"modified":"2011-10-09T02:57:44","modified_gmt":"2011-10-09T01:57:44","slug":"karlfried-graf-durckheim-par-henri-hartung","status":"publish","type":"post","link":"https:\/\/www.revue3emillenaire.com\/blog\/karlfried-graf-durckheim-par-henri-hartung\/","title":{"rendered":"Karlfried Graf Durckheim par Henri Hartung"},"content":{"rendered":"<p style=\"text-align: justify;\">(Revue \u00c9nergie Vitale. No\u00a0 6. Mai \/ Juin 1981)<\/p>\n<p style=\"text-align: justify;\">Ce qui en moi est plus vrai que moi&#8230; ce lien entre ce que je suis, ici et maintenant, et l&rsquo;harmonie cosmique&#8230; l&rsquo;\u00e9ternel message de la Tradition Hindoue : Tat twam asi : \u00ab<strong><em> Cela<\/em><\/strong>* (le Soi, Dieu, la Personne), *<em><strong>toi<\/strong><\/em>* (Le moi, le mental, l&rsquo;individu) *<em>tu l&rsquo;es<\/em> \u00bb (Chh\u00e2ndogya Upanishad)&#8230; l&rsquo;indication du Christ : \u00ab <em>Qui m&rsquo;a vu a vu le P\u00e8re<\/em> \u00bb (Jean, XIV, 9)&#8230; ce centre spirituel de l&rsquo;\u00eatre humain, n&rsquo;est-ce pas en d\u00e9finitive, sa d\u00e9couverte qui reste pour chacun de nous, lors de son passage terrestre, la seule chose n\u00e9cessaire? C&rsquo;est en tout cas la r\u00e9ponse de l&rsquo;un de nos contemporains :<\/p>\n<p style=\"text-align: justify;\">\u00ab <strong><em>C&rsquo;est pr\u00e9cis\u00e9ment l&rsquo;\u00e9veil de ce noyau, qu&rsquo;on peut appeler la transcendance int\u00e9rieure, qui constitue le c\u0153ur de tout mon travail jusqu&rsquo;\u00e0 aujourd&rsquo;hui; l&rsquo;\u00e9veil de ce noyau et bien s\u00fbr aussi son exp\u00e9rience<\/em><\/strong> \u00bb. Ainsi s&rsquo;exprime Karlfried Graf D\u00fcrckheim d\u00e8s la premi\u00e8re page du livre qui lui est consacr\u00e9 [1]. Nous sommes ici au c\u0153ur du probl\u00e8me central de la condition humaine, confront\u00e9s \u00e0 la question essentielle que nous posent toutes les grandes Traditions depuis des mill\u00e9naires et que nous rappelle, au vingti\u00e8me si\u00e8cle, Ramana Maharshi : \u00ab <em><strong>Qui suis-je?<\/strong><\/em> \u00bb.<\/p>\n<p style=\"text-align: justify;\">Rien, cependant, n&rsquo;est moins \u00e9vident, en cette triste fin d&rsquo;un si\u00e8cle chaotique. C&rsquo;est d&rsquo;ailleurs bien la raison pour laquelle il convient de rappeler la <strong>REALITE<\/strong> de l&rsquo;Esprit, sa \u00ab <em>pr\u00e9sence<\/em> \u00bb en nous et la possibilit\u00e9 de nous retrouver en Lui. Comme c&rsquo;est aussi l&rsquo;origine de notre int\u00e9r\u00eat pour tous ceux qui, \u00e0 la place o\u00f9 ils se trouvent et avec le langage qui est le leur, t\u00e9moignent non seulement de l&rsquo;importance du spirituel mais surtout de son aspect r\u00e9el, imm\u00e9diat, naturel. D\u00fcrckheim est l&rsquo;un de ces messagers occidentaux.<\/p>\n<p style=\"text-align: justify;\">Son origine? Naissance en 1896 \u00e0 Munich au sein d&rsquo;une famille aristocratique du sud de l&rsquo;Allemagne.<\/p>\n<p style=\"text-align: justify;\">Sa formation? Des \u00e9tudes de psychologie et de philosophie; professeur de philosophie. Dans tout son travail, la base psychologique est celle de C.G. Jung. D\u00e9cisive, pour cette formation d\u00e9finitive, a \u00e9t\u00e9 la rencontre avec le Zen \u00e0 l&rsquo;occasion d&rsquo;un long s\u00e9jour au Japon.<\/p>\n<p style=\"text-align: justify;\">Son activit\u00e9? Animateur du centre de R\u00fctte, dans la For\u00eat Noire, accueillant toutes celles et tous ceux qui, au travers d&rsquo;une activit\u00e9 sp\u00e9cifique, danse, musique, artisanat, souhaitent s&rsquo;engager sur cette voie \u00e0 la fois nouvelle, en tout cas pour un Occidental, et tr\u00e8s ancienne, de ce que D\u00fcrckheim appelle les \u00ab exercices initiatiques dans la psychoth\u00e9rapie \u00bb :<br \/>\n\u00ab <strong><em>L&rsquo;originalit\u00e9, voire le c\u00f4t\u00e9 r\u00e9volutionnaire de cette th\u00e9rapeutique vient de ce qu&rsquo;elle reconna\u00eet comme principe premier la nature m\u00e9taphysique de l&rsquo;\u00eatre essentiel qui n&rsquo;aspire qu&rsquo;\u00e0 se manifester dans le vrai soi. C&rsquo;est en effet dans la mesure o\u00f9 l&rsquo;homme prend conscience des forces enfouies au fond de son \u00eatre qu&rsquo;appara\u00eet une dimension nouvelle, pleine de promesses, qui ne s&rsquo;arr\u00eate pas \u00e0 l&rsquo;horizon du moi primaire et de sa repr\u00e9sentation rationnelle du monde&#8230; et qui est de nature transcendantale. Cela revient \u00e0 dire qu&rsquo;il existe une dimension relevant. d&rsquo;une transcendance inh\u00e9rente \u00e0 la nature de l&rsquo;homme pris dans sa totalit\u00e9<\/em><\/strong>\u2026 \u00bb D\u00fcrckheim, \u00ab Exercices initiatiques dans la psychoth\u00e9rapie \u00bb, \u00e9d. le Courrier du Livre, 1977, page 10.<\/p>\n<p style=\"text-align: justify;\">Ainsi le but appara\u00eet-il clairement : r\u00e9conciliation de l&rsquo;\u00eatre humain avec ce qui est en lui le plus profond : \u00ab <em><strong>Cela, toi tu l&rsquo;es<\/strong><\/em> \u00bb.<\/p>\n<p style=\"text-align: justify;\">Sa m\u00e9thode? Elle est \u00e0 la fois individualis\u00e9e et universelle. L&rsquo;aspect individuel, c&rsquo;est l&rsquo;homme qui vous accueille au seuil d&rsquo;un chalet construit tout en bois. Grande paix d&rsquo;un lieu de toute \u00e9vidence prot\u00e9g\u00e9. \u00c9coute attentive et souriante mais sans bonhomie comme sans \u00ab gentillesse \u00bb. Beaucoup plus que cela : une pr\u00e9sence, une vision rapide de votre r\u00e9alit\u00e9 globale. Il le dit lui-m\u00eame : \u00ab<strong><em> La vigilance permanente est le fruit d&rsquo;une d\u00e9cision compl\u00e8te de l&rsquo;homme. Elle pr\u00e9suppose une d\u00e9cision qui va jusqu&rsquo;au bout de votre \u00eatre dans l&rsquo;avanc\u00e9e sur le chemin&#8230; la profondeur de la d\u00e9cision est le meilleur garant de l&rsquo;attention<\/em><\/strong> \u00bb. (\u00ab Graf D\u00fcrckheim \u00bb, page 133). Tout est important pour lui, dans votre comportement, la lumi\u00e8re, bien s\u00fbr, mais aussi l&rsquo;\u00ab <strong><em>ombre<\/em><\/strong> \u00bb, qu&rsquo;il convient de d\u00e9celer, d&rsquo;analyser, de dissoudre. Entretiens \u00e0 la fois paisibles, intemporels et rapides, tendus&#8230; \u00ab <strong><em>sans asc\u00e8se il n&rsquo;y a pas de progr\u00e8s<\/em><\/strong> \u00bb &#8230; mais au contenu toujours pr\u00e9cis, r\u00e9el, transformateur. Une psychoth\u00e9rapie initiatique et ce n&rsquo;est certes pas avec de seules connaissances psychologiques qu&rsquo;elle peut \u00eatre entreprise avec succ\u00e8s ! La psychologie a son r\u00f4le \u00e0 tenir, comment ne l&rsquo;aurait-elle pas chez un homme qui aime aujourd&rsquo;hui encore se r\u00e9f\u00e9rer \u00e0 Jung? Mais elle est mise \u00e0 sa place. D\u00fcrckheim, sur ce point, a toujours \u00e9t\u00e9 explicite : \u00ab<strong><em> On doit prendre conscience de ses forces noires, les prendre au s\u00e9rieux et les accepter. En dehors du psychodrame, il y a bien d&rsquo;autres possibilit\u00e9s : l&rsquo;analyse des profondeurs, la psychoth\u00e9rapie, la th\u00e9rapie de groupe, la gestalt th\u00e9rapie et les multiples moyens actuels de d\u00e9foulement <\/em><\/strong>\u00bb. Mais il y a un au-del\u00e0 sans lequel la psychologie risque de d\u00e9nuder un individu sans pour autant lui permettre de devenir une personne. Ici, alors, la m\u00e9thode de D\u00fcrckheim rejoint l&rsquo;universel. Et son \u00ab outil \u00bb privil\u00e9gi\u00e9 est la m\u00e9ditation. En effet, une fois au clair avec ses \u00ab <strong><em>\u00e9tats d&rsquo;\u00e2me<\/em><\/strong> \u00bb, convient-il de se donner les moyens de poursuivre son cheminement vers son ETRE essentiel :<br \/>\n\u00ab <strong><em>La m\u00e9ditation, on peut sous cette \u00e9tiquette comprendre et pratiquer plusieurs choses : des exercices de silence et d&rsquo;apaisement, exercice de recueillement et d&rsquo;int\u00e9riorisation destin\u00e9 \u00e0 p\u00e9n\u00e9trer le contenu profond d&rsquo;un texte ou d&rsquo;une image sacr\u00e9e. On peut m\u00e9diter pour ranimer et r\u00e9g\u00e9n\u00e9rer la foi traditionnelle. Tout cela est sans doute bon. Mais la m\u00e9ditation peut et doit \u00eatre bien autre chose : l&rsquo;instrument d&rsquo;une perc\u00e9e vers l&rsquo;ETRE essentiel. Le sens de la m\u00e9ditation est alors celui d&rsquo;un exercice initiatique<\/em><\/strong> \u00bb. D\u00fcrckheim, \u00ab M\u00e9diter \u00bb, (Ed. le Courrier du Livre, 1978, page 14).<\/p>\n<p style=\"text-align: justify;\">Form\u00e9 par des ma\u00eetres zen lors de son s\u00e9jour au Japon, D\u00fcrckheim a transmis \u00e0 de nombreux Occidentaux, particuli\u00e8rement Allemands, Fran\u00e7ais et Hollandais, la m\u00e9thode Zazen. C&rsquo;est l\u00e0 son irrempla\u00e7able contribution \u00e0 l&rsquo;\u00e9veil spirituel contemporain. Mais, d&rsquo;abord, qu&rsquo;est-ce que le ZaZen? Za signifie s&rsquo;asseoir. Za-Zen, c&rsquo;est la m\u00e9ditation assise du Zen. Pour le ma\u00eetre Dogen-Zenji, l&rsquo;assise est l&rsquo;essence m\u00eame du Zen : \u00ab seulement \u00bb s&rsquo;asseoir&#8230; mais en \u00e9tant strictement attentif \u00e0 sa posture, \u00e0 sa respiration et \u00e0 ses pens\u00e9es. Justement pour d\u00e9passer celles-ci et retrouver l&rsquo;\u00e9tat d&rsquo;esprit originel de la \u00ab pens\u00e9e sans pens\u00e9es \u00bb, le vide, point de rencontre entre l&rsquo;homme et l&rsquo;Absolu. Selon une autre formule de D\u00fcrckheim, \u00ab <strong><em>le but de la m\u00e9ditation Za-Zen est la grande exp\u00e9rience appel\u00e9e Satori. Elle est l&rsquo;\u00e9tat de l&rsquo;homme parvenu jusqu&rsquo;\u00e0 l&rsquo;ETRE, retourn\u00e9 \u00e0 l&rsquo;ETRE, lib\u00e9r\u00e9 \u00e0 la vie par l&rsquo;ETRE<\/em><\/strong> \u00bb. Aussi, toutes les indications donn\u00e9es par D\u00fcrckheim peuvent-elles se r\u00e9sumer \u00e0 deux aspects : d&rsquo;une part, m\u00e9diter r\u00e9guli\u00e8rement, avec une posture juste et un contr\u00f4le pr\u00e9cis de sa respiration afin d&rsquo;autre part d&rsquo;\u00e9prouver, d&rsquo;abord, la transcendance immanente en se fondant dans l&rsquo;ETRE et de devenir conforme, ensuite, \u00e0 Celui-ci. RIEN que cela, mais justement TOUT cela.<\/p>\n<p style=\"text-align: justify;\">Pour l&rsquo;occidental dont l&rsquo;existence est marqu\u00e9e par une soci\u00e9t\u00e9 mat\u00e9rialiste et un syst\u00e8me de valeurs centr\u00e9 sur la stabilit\u00e9 et la r\u00e9ussite ext\u00e9rieure, le pouvoir et l&rsquo;argent, il s&rsquo;agit d&rsquo;une prise de conscience de la r\u00e9alit\u00e9 d&rsquo;une autre vie. Oui, d&rsquo;une vie autre. Radicalement diff\u00e9rente. Or, m\u00eame si l&rsquo;intuition de cette alternative, r\u00e9elle peut \u00eatre, pour chacun, fulgurante, si le \u00ab <strong><em>go\u00fbt<\/em><\/strong> \u00bb de cet essentiel peut survenir soudainement, \u00e0 l&rsquo;occasion d&rsquo;un \u00e9v\u00e9nement donn\u00e9, il est bien juste de souligner que sa r\u00e9alisation par l&rsquo;approfondissement spirituel, l&rsquo;ancrage dans l&rsquo;Absolu et la transformation de notre vieux personnage ne se r\u00e9alisent ni vite, ni facilement. C&rsquo;est pourquoi, la pr\u00e9sence \u00e0 l&rsquo;int\u00e9rieur m\u00eame d&rsquo;une telle soci\u00e9t\u00e9, d&rsquo;un ma\u00eetre du ZaZen respectueux \u00e0 la fois de Sa m\u00e9thode et de Sa finalit\u00e9, est un bien pr\u00e9cieux qu&rsquo;il importait de rappeler aux lecteurs d&rsquo;une revue centr\u00e9e sur l&rsquo;essentiel.<\/p>\n<p style=\"text-align: justify;\">[1] Alphonse Goettmann, \u00ab Graf D\u00fcrckheim, dialogue sur le chemin initiatique \u00bb, collection T\u00e9moins spirituels d&rsquo;aujourd&rsquo;hui, \u00e9d. Le Cerf, 1979.<\/p>\n<p style=\"text-align: justify;\">Lectures :<br \/>\n\u00ab Hara, centre vital de l&rsquo;homme \u00bb \u00c9d. le Courrier du Livre, Paris 1974.<br \/>\n\u00ab Le Zen et nous \u00bb. le Courrier du Livre, Paris 1976.<br \/>\n\u00ab La double origine de l&rsquo;homme \u00bb \u00c9d. du Cerf, Paris, 1977.<br \/>\nainsi que les 3 ouvrages cit\u00e9s dans le texte.<\/p>\n<p style=\"text-align: justify;\"><strong>Le corps en mouvement&#8230;.<\/strong><\/p>\n<p style=\"text-align: justify;\">Textes de KARLFRIED GRAF D\u00dcRCKHEIM.<br \/>\n(Extraits de : Exercices initiatiques en psychoth\u00e9rapie).<\/p>\n<p style=\"text-align: justify;\">Le corps humain vivant est toujours un corps en mouvement. Mais le mouvement, chez l&rsquo;homme, est toutefois plus qu&rsquo;un simple ph\u00e9nom\u00e8ne physique. Il exprime toujours la totalit\u00e9 de l&rsquo;\u00eatre humain et refl\u00e8te donc tout ce qui l&rsquo;\u00e9meut. Aussi peut-on dire, dans ce sens, que le mouvement est toujours geste, l&rsquo;organisme toujours corps humain que l&rsquo;on ne saurait comprendre, examiner, traiter et r\u00e9parer ind\u00e9pendamment de l&rsquo;\u00e2me et de l&rsquo;esprit. Le corps, c&rsquo;est au contraire la personne m\u00eame qui, \u00e0 travers ses gestes, s&rsquo;exprime, se montre, s&rsquo;affirme au monde dans son unit\u00e9 et se r\u00e9alise ou bien \u00ab se manque \u00bb plus ou moins ! Les gestes passagers traduisent un \u00e9tat passager, par exemple la frayeur, la col\u00e8re, la tristesse, le d\u00e9sespoir. Dans les attitudes qui lui sont devenues habituelles, l&rsquo;homme exprime un \u00ab \u00e9tat \u00bb constant plus ou moins enracin\u00e9, par exemple lorsqu&rsquo;il se trouve dans un \u00e9tat de tension qui lui est devenu habituel, une anxi\u00e9t\u00e9, une ins\u00e9curit\u00e9 chroniques, etc. Ces \u00e9tats permanents n&rsquo;ont pas seulement, pour le th\u00e9rapeute, une valeur diagnostique, ils lui offrent \u00e9galement la possibilit\u00e9 de proc\u00e9der \u00e0 un traitement en profondeur. De m\u00eame qu&rsquo;une attitude physique fig\u00e9e agit sur l&rsquo;\u00e9tat int\u00e9rieur, et peut alors g\u00eaner le d\u00e9veloppement int\u00e9rieur, de m\u00eame la prise de conscience et la m\u00e9tamorphose de l&rsquo;attitude \u00ab ext\u00e9rieure \u00bb influent tr\u00e8s profond\u00e9ment sur le d\u00e9veloppement de l&rsquo;ensemble de la constitution int\u00e9rieure de la personne. La th\u00e9rapeutique moderne reconna\u00eet de plus en plus l&rsquo;importance de l&rsquo;attitude devenue habituelle, tant pour le diagnostic que pour le traitement.<\/p>\n<p style=\"text-align: justify;\">L&rsquo;homme qui est \u00ab l\u00e0 \u00bb de fa\u00e7on juste, est ouvert au monde sans y \u00eatre livr\u00e9 ; il est recueilli en lui-m\u00eame, sans \u00eatre ferm\u00e9 au monde. Il est d\u00e9contract\u00e9 sans risque d&rsquo;\u00eatre dissous et a le tonus d\u00e9sirable sans \u00eatre contract\u00e9. La fa\u00e7on juste d&rsquo;\u00eatre \u00ab l\u00e0 \u00bb d\u00e9pend toujours de l&rsquo;installation de la personne dans son centre, c&rsquo;est-\u00e0-dire dans le centre de gravit\u00e9 qui convient. Lorsque ce dernier est plac\u00e9 trop haut, l&rsquo;exp\u00e9rience montre que l&rsquo;homme affirme son moi sans avoir vraiment confiance en lui-m\u00eame, ce qui provoque un \u00e9tat de tension. Cet \u00e9tat est toujours l&rsquo;expression d&rsquo;une pr\u00e9dominance du moi qui nuit \u00e0 la totalit\u00e9 de l&rsquo;\u00eatre et \u00e0 la r\u00e9alisation de soi et qui peut traduire soit un manque de confiance dans la vie, soit l&rsquo;anxi\u00e9t\u00e9, soit un \u00e9tat d&rsquo;alerte permanent ou bien encore une vaine suffisance. Tout cela est li\u00e9 \u00e0 un manque de stabilit\u00e9 de la personne, tant du point de vue physique que psychique et intellectuel. De plus, toute attitude tendue avec d\u00e9placement du centre de gravit\u00e9 vers le haut menace sans cesse de basculer dans l&rsquo;\u00e9tat oppos\u00e9, c&rsquo;est-\u00e0-dire de tomber dans la dissolution, l&rsquo;avachissement.<\/p>\n<p style=\"text-align: justify;\">L&rsquo;attitude juste tout comme l&rsquo;attitude fausse se refl\u00e8tent dans la mani\u00e8re juste ou fausse d&rsquo;\u00eatre debout, assis ou de marcher. a. Station debout tendue : Le centre de gravit\u00e9 est plac\u00e9 trop haut (quelque peu exag\u00e9r\u00e9). b. Station debout correcte. L&rsquo;homme tient son centre de gravit\u00e9 \u00e0 la bonne place, il poss\u00e8de la base s\u00fbre qui le relie, comme par une racine, fermement \u00e0 la terre, l&rsquo;accueille et le laisse se d\u00e9velopper et \u00ab \u00eatre l\u00e0 \u00bb de fa\u00e7on naturelle. Dans une telle position, il est en mesure d&rsquo;affronter toutes les temp\u00eates sans se laisser abattre. Celui qui poss\u00e8de le Hara ne vacille pas lorsqu&rsquo;on lui porte un coup dans le dos. Sans Hara, il s&rsquo;\u00e9croulerait. Gr\u00e2ce au Hara, il est d\u00e9contract\u00e9, ouvert au monde et sans affectation. Il peut avoir l&rsquo;attitude qui correspond exactement \u00e0 sa nature profonde.<\/p>\n","protected":false},"excerpt":{"rendered":"<p>Form\u00e9 par des ma\u00eetres zen lors de son s\u00e9jour au Japon, D\u00fcrckheim a transmis \u00e0 de nombreux Occidentaux, particuli\u00e8rement Allemands, Fran\u00e7ais et Hollandais, la m\u00e9thode Zazen. C&rsquo;est l\u00e0 son irrempla\u00e7able contribution \u00e0 l&rsquo;\u00e9veil spirituel contemporain. Mais, d&rsquo;abord, qu&rsquo;est-ce que le ZaZen? Za signifie s&rsquo;asseoir. Za-Zen, c&rsquo;est la m\u00e9ditation assise du Zen. Pour le ma\u00eetre Dogen-Zenji, l&rsquo;assise est l&rsquo;essence m\u00eame du Zen : \u00ab seulement \u00bb s&rsquo;asseoir&#8230; mais en \u00e9tant strictement attentif \u00e0 sa posture, \u00e0 sa respiration et \u00e0 ses pens\u00e9es. Justement pour d\u00e9passer celles-ci et retrouver l&rsquo;\u00e9tat d&rsquo;esprit originel de la \u00ab pens\u00e9e sans pens\u00e9es \u00bb, le vide, point de rencontre entre l&rsquo;homme et l&rsquo;Absolu. Selon une autre formule de D\u00fcrckheim, \u00ab le but de la m\u00e9ditation Za-Zen est la grande exp\u00e9rience appel\u00e9e Satori. Elle est l&rsquo;\u00e9tat de l&rsquo;homme parvenu jusqu&rsquo;\u00e0 l&rsquo;ETRE, retourn\u00e9 \u00e0 l&rsquo;ETRE, lib\u00e9r\u00e9 \u00e0 la vie par l&rsquo;ETRE \u00bb. Aussi, toutes les indications donn\u00e9es par D\u00fcrckheim peuvent-elles se r\u00e9sumer \u00e0 deux aspects : d&rsquo;une part, m\u00e9diter r\u00e9guli\u00e8rement, avec une posture juste et un contr\u00f4le pr\u00e9cis de sa respiration afin d&rsquo;autre part d&rsquo;\u00e9prouver, d&rsquo;abord, la transcendance immanente en se fondant dans l&rsquo;ETRE et de devenir conforme, ensuite, \u00e0 Celui-ci. RIEN que cela, mais justement TOUT cela.<\/p>\n","protected":false},"author":1,"featured_media":0,"comment_status":"open","ping_status":"open","sticky":false,"template":"","format":"standard","meta":{"footnotes":""},"categories":[110,558],"tags":[98,121,11],"class_list":["post-363","post","type-post","status-publish","format-standard","hentry","category-h-hartung","category-portrait","tag-durkheim","tag-vie-interieure","tag-zen"],"yoast_head":"<!-- This site is optimized with the Yoast SEO plugin v27.0 - https:\/\/yoast.com\/product\/yoast-seo-wordpress\/ -->\n<title>Karlfried Graf Durckheim par Henri Hartung - 3e mill\u00e9naire - Spiritualit\u00e9 - Connaissance de soi - Non-dualit\u00e9 - M\u00e9ditation<\/title>\n<meta name=\"robots\" content=\"index, follow, max-snippet:-1, max-image-preview:large, max-video-preview:-1\" \/>\n<link rel=\"canonical\" href=\"https:\/\/www.revue3emillenaire.com\/blog\/karlfried-graf-durckheim-par-henri-hartung\/\" \/>\n<meta property=\"og:locale\" content=\"fr_FR\" \/>\n<meta property=\"og:type\" content=\"article\" \/>\n<meta property=\"og:title\" content=\"Karlfried Graf Durckheim par Henri Hartung - 3e mill\u00e9naire - Spiritualit\u00e9 - Connaissance de soi - Non-dualit\u00e9 - M\u00e9ditation\" \/>\n<meta property=\"og:description\" content=\"Form\u00e9 par des ma\u00eetres zen lors de son s\u00e9jour au Japon, D\u00fcrckheim a transmis \u00e0 de nombreux Occidentaux, particuli\u00e8rement Allemands, Fran\u00e7ais et Hollandais, la m\u00e9thode Zazen. C&#039;est l\u00e0 son irrempla\u00e7able contribution \u00e0 l&#039;\u00e9veil spirituel contemporain. Mais, d&#039;abord, qu&#039;est-ce que le ZaZen? Za signifie s&#039;asseoir. Za-Zen, c&#039;est la m\u00e9ditation assise du Zen. Pour le ma\u00eetre Dogen-Zenji, l&#039;assise est l&#039;essence m\u00eame du Zen : \u00ab seulement \u00bb s&#039;asseoir... mais en \u00e9tant strictement attentif \u00e0 sa posture, \u00e0 sa respiration et \u00e0 ses pens\u00e9es. Justement pour d\u00e9passer celles-ci et retrouver l&#039;\u00e9tat d&#039;esprit originel de la \u00ab pens\u00e9e sans pens\u00e9es \u00bb, le vide, point de rencontre entre l&#039;homme et l&#039;Absolu. Selon une autre formule de D\u00fcrckheim, \u00ab le but de la m\u00e9ditation Za-Zen est la grande exp\u00e9rience appel\u00e9e Satori. Elle est l&#039;\u00e9tat de l&#039;homme parvenu jusqu&#039;\u00e0 l&#039;ETRE, retourn\u00e9 \u00e0 l&#039;ETRE, lib\u00e9r\u00e9 \u00e0 la vie par l&#039;ETRE \u00bb. Aussi, toutes les indications donn\u00e9es par D\u00fcrckheim peuvent-elles se r\u00e9sumer \u00e0 deux aspects : d&#039;une part, m\u00e9diter r\u00e9guli\u00e8rement, avec une posture juste et un contr\u00f4le pr\u00e9cis de sa respiration afin d&#039;autre part d&#039;\u00e9prouver, d&#039;abord, la transcendance immanente en se fondant dans l&#039;ETRE et de devenir conforme, ensuite, \u00e0 Celui-ci. RIEN que cela, mais justement TOUT cela.\" \/>\n<meta property=\"og:url\" content=\"https:\/\/www.revue3emillenaire.com\/blog\/karlfried-graf-durckheim-par-henri-hartung\/\" \/>\n<meta property=\"og:site_name\" content=\"3e mill\u00e9naire - Spiritualit\u00e9 - Connaissance de soi - Non-dualit\u00e9 - M\u00e9ditation\" \/>\n<meta property=\"article:published_time\" content=\"2009-10-22T00:00:00+00:00\" \/>\n<meta property=\"article:modified_time\" content=\"2011-10-09T01:57:44+00:00\" \/>\n<meta name=\"author\" content=\"3e mill\u00e9naire\" \/>\n<meta name=\"twitter:card\" content=\"summary_large_image\" \/>\n<meta name=\"twitter:label1\" content=\"\u00c9crit par\" \/>\n\t<meta name=\"twitter:data1\" content=\"3e mill\u00e9naire\" \/>\n\t<meta name=\"twitter:label2\" content=\"Dur\u00e9e de lecture estim\u00e9e\" \/>\n\t<meta name=\"twitter:data2\" content=\"10 minutes\" \/>\n<script type=\"application\/ld+json\" class=\"yoast-schema-graph\">{\"@context\":\"https:\/\/schema.org\",\"@graph\":[{\"@type\":\"Article\",\"@id\":\"https:\/\/www.revue3emillenaire.com\/blog\/karlfried-graf-durckheim-par-henri-hartung\/#article\",\"isPartOf\":{\"@id\":\"https:\/\/www.revue3emillenaire.com\/blog\/karlfried-graf-durckheim-par-henri-hartung\/\"},\"author\":{\"name\":\"3e mill\u00e9naire\",\"@id\":\"https:\/\/www.revue3emillenaire.com\/blog\/#\/schema\/person\/9a3a7cc4ccaa707f402d4394327106d5\"},\"headline\":\"Karlfried Graf Durckheim par Henri Hartung\",\"datePublished\":\"2009-10-22T00:00:00+00:00\",\"dateModified\":\"2011-10-09T01:57:44+00:00\",\"mainEntityOfPage\":{\"@id\":\"https:\/\/www.revue3emillenaire.com\/blog\/karlfried-graf-durckheim-par-henri-hartung\/\"},\"wordCount\":2091,\"commentCount\":0,\"keywords\":[\"Durkhe\u00efm\",\"Vie int\u00e9rieure\",\"Zen\"],\"articleSection\":[\"Hartung Henri\",\"Portrait\"],\"inLanguage\":\"fr-FR\",\"potentialAction\":[{\"@type\":\"CommentAction\",\"name\":\"Comment\",\"target\":[\"https:\/\/www.revue3emillenaire.com\/blog\/karlfried-graf-durckheim-par-henri-hartung\/#respond\"]}]},{\"@type\":\"WebPage\",\"@id\":\"https:\/\/www.revue3emillenaire.com\/blog\/karlfried-graf-durckheim-par-henri-hartung\/\",\"url\":\"https:\/\/www.revue3emillenaire.com\/blog\/karlfried-graf-durckheim-par-henri-hartung\/\",\"name\":\"Karlfried Graf Durckheim par Henri Hartung - 3e mill\u00e9naire - Spiritualit\u00e9 - Connaissance de soi - Non-dualit\u00e9 - M\u00e9ditation\",\"isPartOf\":{\"@id\":\"https:\/\/www.revue3emillenaire.com\/blog\/#website\"},\"datePublished\":\"2009-10-22T00:00:00+00:00\",\"dateModified\":\"2011-10-09T01:57:44+00:00\",\"author\":{\"@id\":\"https:\/\/www.revue3emillenaire.com\/blog\/#\/schema\/person\/9a3a7cc4ccaa707f402d4394327106d5\"},\"breadcrumb\":{\"@id\":\"https:\/\/www.revue3emillenaire.com\/blog\/karlfried-graf-durckheim-par-henri-hartung\/#breadcrumb\"},\"inLanguage\":\"fr-FR\",\"potentialAction\":[{\"@type\":\"ReadAction\",\"target\":[\"https:\/\/www.revue3emillenaire.com\/blog\/karlfried-graf-durckheim-par-henri-hartung\/\"]}]},{\"@type\":\"BreadcrumbList\",\"@id\":\"https:\/\/www.revue3emillenaire.com\/blog\/karlfried-graf-durckheim-par-henri-hartung\/#breadcrumb\",\"itemListElement\":[{\"@type\":\"ListItem\",\"position\":1,\"name\":\"Accueil\",\"item\":\"https:\/\/www.revue3emillenaire.com\/blog\/\"},{\"@type\":\"ListItem\",\"position\":2,\"name\":\"Karlfried Graf Durckheim par Henri Hartung\"}]},{\"@type\":\"WebSite\",\"@id\":\"https:\/\/www.revue3emillenaire.com\/blog\/#website\",\"url\":\"https:\/\/www.revue3emillenaire.com\/blog\/\",\"name\":\"3e mill\u00e9naire - Spiritualit\u00e9 - Connaissance de soi - Non-dualit\u00e9 - M\u00e9ditation\",\"description\":\"L&#039;Homme en devenir\",\"potentialAction\":[{\"@type\":\"SearchAction\",\"target\":{\"@type\":\"EntryPoint\",\"urlTemplate\":\"https:\/\/www.revue3emillenaire.com\/blog\/?s={search_term_string}\"},\"query-input\":{\"@type\":\"PropertyValueSpecification\",\"valueRequired\":true,\"valueName\":\"search_term_string\"}}],\"inLanguage\":\"fr-FR\"},{\"@type\":\"Person\",\"@id\":\"https:\/\/www.revue3emillenaire.com\/blog\/#\/schema\/person\/9a3a7cc4ccaa707f402d4394327106d5\",\"name\":\"3e mill\u00e9naire\",\"url\":\"https:\/\/www.revue3emillenaire.com\/blog\/author\/admin\/\"}]}<\/script>\n<!-- \/ Yoast SEO plugin. -->","yoast_head_json":{"title":"Karlfried Graf Durckheim par Henri Hartung - 3e mill\u00e9naire - Spiritualit\u00e9 - Connaissance de soi - Non-dualit\u00e9 - M\u00e9ditation","robots":{"index":"index","follow":"follow","max-snippet":"max-snippet:-1","max-image-preview":"max-image-preview:large","max-video-preview":"max-video-preview:-1"},"canonical":"https:\/\/www.revue3emillenaire.com\/blog\/karlfried-graf-durckheim-par-henri-hartung\/","og_locale":"fr_FR","og_type":"article","og_title":"Karlfried Graf Durckheim par Henri Hartung - 3e mill\u00e9naire - Spiritualit\u00e9 - Connaissance de soi - Non-dualit\u00e9 - M\u00e9ditation","og_description":"Form\u00e9 par des ma\u00eetres zen lors de son s\u00e9jour au Japon, D\u00fcrckheim a transmis \u00e0 de nombreux Occidentaux, particuli\u00e8rement Allemands, Fran\u00e7ais et Hollandais, la m\u00e9thode Zazen. C'est l\u00e0 son irrempla\u00e7able contribution \u00e0 l'\u00e9veil spirituel contemporain. Mais, d'abord, qu'est-ce que le ZaZen? Za signifie s'asseoir. Za-Zen, c'est la m\u00e9ditation assise du Zen. Pour le ma\u00eetre Dogen-Zenji, l'assise est l'essence m\u00eame du Zen : \u00ab seulement \u00bb s'asseoir... mais en \u00e9tant strictement attentif \u00e0 sa posture, \u00e0 sa respiration et \u00e0 ses pens\u00e9es. Justement pour d\u00e9passer celles-ci et retrouver l'\u00e9tat d'esprit originel de la \u00ab pens\u00e9e sans pens\u00e9es \u00bb, le vide, point de rencontre entre l'homme et l'Absolu. Selon une autre formule de D\u00fcrckheim, \u00ab le but de la m\u00e9ditation Za-Zen est la grande exp\u00e9rience appel\u00e9e Satori. Elle est l'\u00e9tat de l'homme parvenu jusqu'\u00e0 l'ETRE, retourn\u00e9 \u00e0 l'ETRE, lib\u00e9r\u00e9 \u00e0 la vie par l'ETRE \u00bb. Aussi, toutes les indications donn\u00e9es par D\u00fcrckheim peuvent-elles se r\u00e9sumer \u00e0 deux aspects : d'une part, m\u00e9diter r\u00e9guli\u00e8rement, avec une posture juste et un contr\u00f4le pr\u00e9cis de sa respiration afin d'autre part d'\u00e9prouver, d'abord, la transcendance immanente en se fondant dans l'ETRE et de devenir conforme, ensuite, \u00e0 Celui-ci. RIEN que cela, mais justement TOUT cela.","og_url":"https:\/\/www.revue3emillenaire.com\/blog\/karlfried-graf-durckheim-par-henri-hartung\/","og_site_name":"3e mill\u00e9naire - Spiritualit\u00e9 - Connaissance de soi - Non-dualit\u00e9 - M\u00e9ditation","article_published_time":"2009-10-22T00:00:00+00:00","article_modified_time":"2011-10-09T01:57:44+00:00","author":"3e mill\u00e9naire","twitter_card":"summary_large_image","twitter_misc":{"\u00c9crit par":"3e mill\u00e9naire","Dur\u00e9e de lecture estim\u00e9e":"10 minutes"},"schema":{"@context":"https:\/\/schema.org","@graph":[{"@type":"Article","@id":"https:\/\/www.revue3emillenaire.com\/blog\/karlfried-graf-durckheim-par-henri-hartung\/#article","isPartOf":{"@id":"https:\/\/www.revue3emillenaire.com\/blog\/karlfried-graf-durckheim-par-henri-hartung\/"},"author":{"name":"3e mill\u00e9naire","@id":"https:\/\/www.revue3emillenaire.com\/blog\/#\/schema\/person\/9a3a7cc4ccaa707f402d4394327106d5"},"headline":"Karlfried Graf Durckheim par Henri Hartung","datePublished":"2009-10-22T00:00:00+00:00","dateModified":"2011-10-09T01:57:44+00:00","mainEntityOfPage":{"@id":"https:\/\/www.revue3emillenaire.com\/blog\/karlfried-graf-durckheim-par-henri-hartung\/"},"wordCount":2091,"commentCount":0,"keywords":["Durkhe\u00efm","Vie int\u00e9rieure","Zen"],"articleSection":["Hartung Henri","Portrait"],"inLanguage":"fr-FR","potentialAction":[{"@type":"CommentAction","name":"Comment","target":["https:\/\/www.revue3emillenaire.com\/blog\/karlfried-graf-durckheim-par-henri-hartung\/#respond"]}]},{"@type":"WebPage","@id":"https:\/\/www.revue3emillenaire.com\/blog\/karlfried-graf-durckheim-par-henri-hartung\/","url":"https:\/\/www.revue3emillenaire.com\/blog\/karlfried-graf-durckheim-par-henri-hartung\/","name":"Karlfried Graf Durckheim par Henri Hartung - 3e mill\u00e9naire - Spiritualit\u00e9 - Connaissance de soi - Non-dualit\u00e9 - M\u00e9ditation","isPartOf":{"@id":"https:\/\/www.revue3emillenaire.com\/blog\/#website"},"datePublished":"2009-10-22T00:00:00+00:00","dateModified":"2011-10-09T01:57:44+00:00","author":{"@id":"https:\/\/www.revue3emillenaire.com\/blog\/#\/schema\/person\/9a3a7cc4ccaa707f402d4394327106d5"},"breadcrumb":{"@id":"https:\/\/www.revue3emillenaire.com\/blog\/karlfried-graf-durckheim-par-henri-hartung\/#breadcrumb"},"inLanguage":"fr-FR","potentialAction":[{"@type":"ReadAction","target":["https:\/\/www.revue3emillenaire.com\/blog\/karlfried-graf-durckheim-par-henri-hartung\/"]}]},{"@type":"BreadcrumbList","@id":"https:\/\/www.revue3emillenaire.com\/blog\/karlfried-graf-durckheim-par-henri-hartung\/#breadcrumb","itemListElement":[{"@type":"ListItem","position":1,"name":"Accueil","item":"https:\/\/www.revue3emillenaire.com\/blog\/"},{"@type":"ListItem","position":2,"name":"Karlfried Graf Durckheim par Henri Hartung"}]},{"@type":"WebSite","@id":"https:\/\/www.revue3emillenaire.com\/blog\/#website","url":"https:\/\/www.revue3emillenaire.com\/blog\/","name":"3e mill\u00e9naire - Spiritualit\u00e9 - Connaissance de soi - Non-dualit\u00e9 - M\u00e9ditation","description":"L&#039;Homme en devenir","potentialAction":[{"@type":"SearchAction","target":{"@type":"EntryPoint","urlTemplate":"https:\/\/www.revue3emillenaire.com\/blog\/?s={search_term_string}"},"query-input":{"@type":"PropertyValueSpecification","valueRequired":true,"valueName":"search_term_string"}}],"inLanguage":"fr-FR"},{"@type":"Person","@id":"https:\/\/www.revue3emillenaire.com\/blog\/#\/schema\/person\/9a3a7cc4ccaa707f402d4394327106d5","name":"3e mill\u00e9naire","url":"https:\/\/www.revue3emillenaire.com\/blog\/author\/admin\/"}]}},"_links":{"self":[{"href":"https:\/\/www.revue3emillenaire.com\/blog\/wp-json\/wp\/v2\/posts\/363","targetHints":{"allow":["GET"]}}],"collection":[{"href":"https:\/\/www.revue3emillenaire.com\/blog\/wp-json\/wp\/v2\/posts"}],"about":[{"href":"https:\/\/www.revue3emillenaire.com\/blog\/wp-json\/wp\/v2\/types\/post"}],"author":[{"embeddable":true,"href":"https:\/\/www.revue3emillenaire.com\/blog\/wp-json\/wp\/v2\/users\/1"}],"replies":[{"embeddable":true,"href":"https:\/\/www.revue3emillenaire.com\/blog\/wp-json\/wp\/v2\/comments?post=363"}],"version-history":[{"count":0,"href":"https:\/\/www.revue3emillenaire.com\/blog\/wp-json\/wp\/v2\/posts\/363\/revisions"}],"wp:attachment":[{"href":"https:\/\/www.revue3emillenaire.com\/blog\/wp-json\/wp\/v2\/media?parent=363"}],"wp:term":[{"taxonomy":"category","embeddable":true,"href":"https:\/\/www.revue3emillenaire.com\/blog\/wp-json\/wp\/v2\/categories?post=363"},{"taxonomy":"post_tag","embeddable":true,"href":"https:\/\/www.revue3emillenaire.com\/blog\/wp-json\/wp\/v2\/tags?post=363"}],"curies":[{"name":"wp","href":"https:\/\/api.w.org\/{rel}","templated":true}]}}