{"id":3715,"date":"2010-06-12T14:34:57","date_gmt":"2010-06-12T13:34:57","guid":{"rendered":"http:\/\/www.revue3emillenaire.com\/blog\/?p=3715"},"modified":"2010-06-15T03:01:06","modified_gmt":"2010-06-15T02:01:06","slug":"sommes-nous-le-%c2%ab-moi-%c2%bb-par-serge-brisy","status":"publish","type":"post","link":"https:\/\/www.revue3emillenaire.com\/blog\/sommes-nous-le-%c2%ab-moi-%c2%bb-par-serge-brisy\/","title":{"rendered":"Sommes-nous le \u00ab moi \u00bb ? par Serge Brisy"},"content":{"rendered":"<p style=\"text-align: justify;\">(Revue Spiritualit\u00e9. No 11. 15 Octobre 1945)<\/p>\n<p style=\"text-align: justify;\">\n<p style=\"text-align: justify;\">Si nous faisions sinc\u00e8rement l&rsquo;inventaire de ce qui est vraiment \u00ab nous \u00bb \u2014 croyances, pens\u00e9es, id\u00e9als, id\u00e9es \u2014 quelle serait notre d\u00e9couverte ? Ce bagage aurait-il le poids de ce que repr\u00e9sentent, en ce moment, toutes nos fausses identifications aux choses m\u00e9moris\u00e9es, re\u00e7ues ou subies par l&rsquo;interm\u00e9diaire de notre \u00e9ducation, de notre milieu, de nos traditions ou de nos fois aveugles ?<\/p>\n<p style=\"text-align: justify;\">\n<p style=\"text-align: justify;\">Le d\u00e9sarroi de nos existences provient de ce que nous ignorons ce qu&rsquo;est le Moi. Pour le comprendre il ne suffit pas de se contenter de structures th\u00e9oriques, qui ne satisfont que l&rsquo;intellect. Le travail exig\u00e9 est autrement difficile, complexe, profond, car il r\u00e9clame la concentration des \u00e9nergies de tout l&rsquo;\u00eatre, l&rsquo;\u00e9veil de son intelligence sup\u00e9rieure, l&rsquo;incessant rayonnement de son c\u0153ur, la dislocation constante de ses \u00e9go\u00efsmes les plus subtils et les plus cach\u00e9s ; en un mot, la prise de contact avec le Moi v\u00e9ritable, au-del\u00e0 de toutes les apparences de surface.<\/p>\n<p style=\"text-align: justify;\">\n<p style=\"text-align: justify;\">Nous ne nous rendons pas compte que nous vivons avec de faux \u00ab moi \u00bb, que nous sommes pris dans les pi\u00e8ges de nos illusions, \u00e0 cause de continuelles identifications avec ce qui n&rsquo;est pas nous-m\u00eames, et que la source de tous nos conflits, de toutes nos souffrances, r\u00e9sident dans ces identifications inconscientes, dont nous sommes les premi\u00e8res victimes.<\/p>\n<p style=\"text-align: justify;\">\n<p style=\"text-align: justify;\">Ces identifications qui faussent toutes les valeurs que nous nous faisons de la vie \u2014 et qui ne sont dues qu&rsquo;\u00e0 notre ignorance du Moi v\u00e9ritable \u2014 nous aveuglent par une apparence de r\u00e9alit\u00e9, tout en nous s\u00e9parant sans cesse du R\u00e9el. Et comme une sourde aspiration, nous pousse inlassablement vers la d\u00e9couverte de la V\u00e9rit\u00e9 totale, nous nous accrochons \u00e0 de petites v\u00e9rit\u00e9s transitoires, qui nous contentent momentan\u00e9ment, et sommes d\u00e9chir\u00e9s par le combat perp\u00e9tuel qui se livre en nous et oppose notre d\u00e9sir de v\u00e9rit\u00e9 \u00e0 nos illusions, notre besoin de libert\u00e9 \u00e0 notre esclavage, notre soif d&rsquo;infini \u00e0 nos \u00e9go\u00efsmes.<\/p>\n<p style=\"text-align: justify;\">\n<p style=\"text-align: justify;\">Ces oppos\u00e9s, qu&rsquo;il nous faut transcender, marquent en nous l&#8217;empreinte d&rsquo;une dualit\u00e9 constante :<\/p>\n<p style=\"text-align: justify;\">\n<p style=\"text-align: justify;\">a) le \u00ab je \u00bb ou \u00ab moi \u00bb dans son aspect imm\u00e9diat, pr\u00e9sent, c.-\u00e0-d. dans sa manifestation actuelle : un simple instrument dont nous devons user, mais qui ne participe en rien au principe d&rsquo;immortalit\u00e9.<\/p>\n<p style=\"text-align: justify;\">\n<p style=\"text-align: justify;\">b) le Moi dans son aspect total, dont nous ne prenons conscience qu&rsquo;apr\u00e8s avoir pass\u00e9 par l&rsquo;exp\u00e9rience ultime, apoth\u00e9ose des exp\u00e9riences de la vie et des vies de l&rsquo;individu, et qui lui conf\u00e8re l&rsquo;Illumination, la D\u00e9livrance, la Lib\u00e9ration, nous disent tous les Sages.<\/p>\n<p style=\"text-align: justify;\">\n<p style=\"text-align: justify;\">En face de cette dualit\u00e9 qui nous crucifie, nous pourrions dire avec raison que \u00ab nous sommes le moi et que nous ne le sommes pas \u00bb.<\/p>\n<p style=\"text-align: justify;\">\n<p style=\"text-align: justify;\">Nous le sommes dans son int\u00e9gralit\u00e9. Nous ne le sommes pas dans ses instruments passagers, qui ne sont qu&rsquo;un prolongement de lui-m\u00eame pour les besoins de l&rsquo;\u00e9volution (corps, \u00e9motions, sensations, sentiments, pens\u00e9es). Car d\u00e8s que nous confondons l&rsquo;instrument avec ce qui l&rsquo;anime, nous limitons l&rsquo;expression du Moi et le rendons infirme.<\/p>\n<p style=\"text-align: justify;\">\n<p style=\"text-align: justify;\">Le musicien se fond \u00e0 son instrument, mais ne se confond jamais avec lui. De m\u00eame pour l&rsquo;homme de m\u00e9tier avec son outil, le peintre avec son pinceau, le sculpteur avec son ciseau et son maillet. Sans les outils ad\u00e9quats, nul ne peut exprimer son art. Ils sont n\u00e9cessaires \u00e0 l&rsquo;expression de ses inspirations les plus divines. Mais qu&rsquo;il le pose, il n&rsquo;en conserve pas moins la source de son inspiration, m\u00eame s&rsquo;il n&rsquo;arrive pas, sans eux, \u00e0 les traduire dans la forme.<\/p>\n<p style=\"text-align: justify;\">\n<p style=\"text-align: justify;\">L&rsquo;homme n&rsquo;est pas davantage ses moyens d&rsquo;expression. Corps, \u00e9motions, sentiments, influences, pr\u00e9f\u00e9rences, pens\u00e9es, sont les instruments dont l&rsquo;homme dispose pour s&rsquo;exprimer et qui lui permettent, par leur ma\u00eetrise et par la prise de conscience de leur jeu infini, de conna\u00eetre le Moi r\u00e9el cette Totalit\u00e9 qui est le Divin pleinement manifest\u00e9 en l&rsquo;\u00eatre. Il se sert de ces \u00e9l\u00e9ments de formation, il les fa\u00e7onne \u00e0 son usage, au moyen des exp\u00e9riences de la vie, mais ne comprend ce qu&rsquo;ils sont que lorsqu&rsquo;il cesse de s&rsquo;identifier \u00e0 eux.<\/p>\n<p style=\"text-align: justify;\">\n<p style=\"text-align: justify;\">Ignorant que, dans son essence, il est v\u00e9ritablement ce Moi unique, ins\u00e9parable du Tout, il se croit le seul \u00ab moi \u00bb qui lui apparait comme \u00e9tant le sien : le moi s\u00e9par\u00e9, ce moi changeant, compos\u00e9 d&rsquo;une s\u00e9rie de personnages, qui font continuellement \u00e0 l&rsquo;homme de nouveaux visages, si bien que le jugement port\u00e9 sur lui par des tiers, varie suivant les attitudes diverses qu&rsquo;il exprime, autant devant les individus que devant les circonstances&#8230; et peut-\u00eatre devant lui-m\u00eame.<\/p>\n<p style=\"text-align: justify;\">\n<p style=\"text-align: justify;\">Ces personnalit\u00e9s diff\u00e9rentes \u2014 r\u00e9sultats d&rsquo;habitudes, produits de milieux divers \u2014 se heurtent, s&rsquo;ignorent, s&rsquo;opposent, se manifestent, parfois \u00e0 des intervalles tr\u00e8s courts, parfois de loin en loin, parfois simultan\u00e9ment. Mais un conflit perp\u00e9tuel entre elles toutes font de l&rsquo;homme une s\u00e9rie d&rsquo;hommes diff\u00e9rents aux r\u00e9actions ininterrompues.<\/p>\n<p style=\"text-align: justify;\">\n<p style=\"text-align: justify;\">En r\u00e9alit\u00e9, c&rsquo;est l\u00e0, dans le comportement journalier de l&rsquo;individu, une suite de faux \u00ab moi \u00bb, un n\u0153ud de r\u00e9actions, chaque r\u00e9action produisant une attitude diff\u00e9rente.<\/p>\n<p style=\"text-align: justify;\">\n<p style=\"text-align: justify;\">Mais derri\u00e8re ce petit \u00ab je \u00bb si terriblement exigeant et trompeur dans ses ignorances, derri\u00e8re cette somme magnifi\u00e9e de tous les \u00e9go\u00efsmes, spirituels ou autres, derri\u00e8re cette apparence \u00e0 laquelle nous ne cessons de nous identifier, r\u00e9side un T\u00e9moin impassible, imperturbable, impartial, impersonnel : l&rsquo;Atman des hindous, la Monade des th\u00e9osophes, le Soi unique des V\u00e9dantins, l&rsquo;Ultime R\u00e9alit\u00e9 de tous les Sages.<\/p>\n<p style=\"text-align: justify;\">\n<p style=\"text-align: justify;\">Ce T\u00e9moin observe, juge, conseille et m\u00eame parfois, raille le \u00ab je \u00bb lorsque celui-ci se laisse entra\u00eener au-del\u00e0 des bornes du sens commun ou de la raison. Nous l&rsquo;appelons la \u00ab voix de la conscience \u00bb et n&rsquo;acceptons pas toujours de lui ob\u00e9ir. Nous luttons contre elle, en h\u00e9sitant entre nos aspirations et nos d\u00e9sirs changeants. Mais \u00e0 mesure que nous poursuivons la recherche passionnante du Vrai, cette Pr\u00e9sence s&rsquo;av\u00e8re de plus en plus imp\u00e9rative, de plus en plus r\u00e9elle, de plus en plus permanente. Et c&rsquo;est l\u00e0 la R\u00e9alit\u00e9 ultime, le T\u00e9moin impartial, le Moi d\u00e9pouill\u00e9 de tout alliage personnel.<\/p>\n<p style=\"text-align: justify;\">\n<p style=\"text-align: justify;\">Seul, l&rsquo;alliage personnel \u2014 aussi dilu\u00e9 qu&rsquo;il soit \u2014 entretient en nous le semblant de permanence du moi s\u00e9par\u00e9. Si nous savions qu&rsquo;il est en notre pouvoir, \u00e0 tous, de prolonger cette p\u00e9riode transitoire ou de la raccourcir, nous observerions plus attentivement les exp\u00e9riences que nous apporte la Vie, car leur seul but est de nous faire d\u00e9couvrir, dans sa puret\u00e9 absolue, ce Moi unique, impersonnel et divin.<\/p>\n<p style=\"text-align: justify;\">\n<p style=\"text-align: justify;\">Qu&rsquo;est-ce qui nous permet de parler ainsi ?<\/p>\n<p style=\"text-align: justify;\">\n<p style=\"text-align: justify;\">Tout ce qui a un commencement a n\u00e9cessairement une fin. Tout ce qui croit, finit par d\u00e9cro\u00eetre. Tout ce qui na\u00eet est sous l&#8217;emprise de la mort. Or, le corps, les \u00e9motions, les sentiments, les pens\u00e9es ont, \u00e0 des degr\u00e9s divers et pendant un temps variable, un commencement et une fin, une croissance et une d\u00e9croissance, une naissance et une mort.<\/p>\n<p style=\"text-align: justify;\">Prenons par exemple un acc\u00e8s de col\u00e8re : la col\u00e8re commence \u00e0 se manifester par une l\u00e9g\u00e8re irritation ; l&rsquo;irritation augmente, la col\u00e8re \u00e9clate; d\u00e9cro\u00eet, puis se calme.<\/p>\n<p style=\"text-align: justify;\">\n<p style=\"text-align: justify;\">Il en est de m\u00eame pour la passion : une attirance, un besoin, un assouvissement, une habitude, une sati\u00e9t\u00e9, une d\u00e9croissance, peut-\u00eatre un regret, puis une fin ou une transmutation en quelque chose d&rsquo;autre.<\/p>\n<p style=\"text-align: justify;\">\n<p style=\"text-align: justify;\">Le corps, le sentiment, la pens\u00e9e changent continuellement, se transforment, se transmuent. L&rsquo;\u00e9go lui-m\u00eame a une mort, bien qu&rsquo;il subsiste pendant des vies il est in\u00e9vitablement absorb\u00e9 dans le Moi illimit\u00e9, et c&rsquo;est \u00e0 partir de ce moment que l&rsquo;Homme acquiert sa stature r\u00e9elle.<\/p>\n<p style=\"text-align: justify;\">\n<p style=\"text-align: justify;\">Un Sage de l&rsquo;Inde n&rsquo;a-t-il pas dit :<\/p>\n<p style=\"text-align: justify;\">\n<p style=\"text-align: justify;\">\u00ab Le sens du \u00a0\u00bb moi \u00a0\u00bb fait partie de la personnalit\u00e9. Il tient au corps et au cerveau. Mais quand un homme per\u00e7oit pour la premi\u00e8re fois son v\u00e9ritable \u00a0\u00bb moi \u00a0\u00bb, quelque chose surgit des profondeurs de son \u00eatre et prend possession de lui. Ce quelque chose est \u00e9ternel, infini, divin en un mot. On l&rsquo;appelle tant\u00f4t \u00a0\u00bb le Royaume des cieux \u00ab\u00a0, tant\u00f4t le \u00a0\u00bb Nirv\u00e2na \u00a0\u00bb Nous autres, hindous, l&rsquo;appelons \u00a0\u00bb D\u00e9livrance \u00ab\u00a0. Quoi qu&rsquo;il en soit, quand cela se produit, l&rsquo;homme ne se perd pas, il se trouve. \u00bb<a href=\"#_ftn1\">[1]<\/a><\/p>\n<p style=\"text-align: right;\">Serge BRISY<\/p>\n<p style=\"text-align: justify;\">\n<p style=\"text-align: justify;\">\n<p style=\"text-align: justify;\">\n<hr style=\"text-align: justify;\" size=\"1\" \/>\n<p style=\"text-align: justify;\"><a href=\"#_ftnref1\">[1]<\/a> Paroles du Maharshi, L\u2019Inde Secr\u00e8te (Paul Brunton, p. 63)<\/p>\n","protected":false},"excerpt":{"rendered":"<p>Le d\u00e9sarroi de nos existences provient de ce que nous ignorons ce qu&rsquo;est le Moi. Pour le comprendre il ne suffit pas de se contenter de structures th\u00e9oriques, qui ne satisfont que l&rsquo;intellect. Le travail exig\u00e9 est autrement difficile, complexe, profond, car il r\u00e9clame la concentration des \u00e9nergies de tout l&rsquo;\u00eatre, l&rsquo;\u00e9veil de son intelligence sup\u00e9rieure, l&rsquo;incessant rayonnement de son c\u0153ur, la dislocation constante de ses \u00e9go\u00efsmes les plus subtils et les plus cach\u00e9s ; en un mot, la prise de contact avec le Moi v\u00e9ritable, au-del\u00e0 de toutes les apparences de surface.<\/p>\n","protected":false},"author":1,"featured_media":0,"comment_status":"closed","ping_status":"closed","sticky":false,"template":"","format":"standard","meta":{"footnotes":""},"categories":[522],"tags":[136,1347],"class_list":["post-3715","post","type-post","status-publish","format-standard","hentry","category-brisy-serge","tag-connaissance-de-soi","tag-spiritualite"],"yoast_head":"<!-- This site is optimized with the Yoast SEO plugin v27.0 - https:\/\/yoast.com\/product\/yoast-seo-wordpress\/ -->\n<title>Sommes-nous le \u00ab moi \u00bb ? par Serge Brisy - 3e mill\u00e9naire - Spiritualit\u00e9 - Connaissance de soi - Non-dualit\u00e9 - M\u00e9ditation<\/title>\n<meta name=\"robots\" content=\"index, follow, max-snippet:-1, max-image-preview:large, max-video-preview:-1\" \/>\n<link rel=\"canonical\" href=\"https:\/\/www.revue3emillenaire.com\/blog\/sommes-nous-le-\u00ab-moi-\u00bb-par-serge-brisy\/\" \/>\n<meta property=\"og:locale\" content=\"fr_FR\" \/>\n<meta property=\"og:type\" content=\"article\" \/>\n<meta property=\"og:title\" content=\"Sommes-nous le \u00ab moi \u00bb ? par Serge Brisy - 3e mill\u00e9naire - Spiritualit\u00e9 - Connaissance de soi - Non-dualit\u00e9 - M\u00e9ditation\" \/>\n<meta property=\"og:description\" content=\"Le d\u00e9sarroi de nos existences provient de ce que nous ignorons ce qu&#039;est le Moi. Pour le comprendre il ne suffit pas de se contenter de structures th\u00e9oriques, qui ne satisfont que l&#039;intellect. Le travail exig\u00e9 est autrement difficile, complexe, profond, car il r\u00e9clame la concentration des \u00e9nergies de tout l&#039;\u00eatre, l&#039;\u00e9veil de son intelligence sup\u00e9rieure, l&#039;incessant rayonnement de son c\u0153ur, la dislocation constante de ses \u00e9go\u00efsmes les plus subtils et les plus cach\u00e9s ; en un mot, la prise de contact avec le Moi v\u00e9ritable, au-del\u00e0 de toutes les apparences de surface.\" \/>\n<meta property=\"og:url\" content=\"https:\/\/www.revue3emillenaire.com\/blog\/sommes-nous-le-\u00ab-moi-\u00bb-par-serge-brisy\/\" \/>\n<meta property=\"og:site_name\" content=\"3e mill\u00e9naire - Spiritualit\u00e9 - Connaissance de soi - Non-dualit\u00e9 - M\u00e9ditation\" \/>\n<meta property=\"article:published_time\" content=\"2010-06-12T13:34:57+00:00\" \/>\n<meta property=\"article:modified_time\" content=\"2010-06-15T02:01:06+00:00\" \/>\n<meta name=\"author\" content=\"3e mill\u00e9naire\" \/>\n<meta name=\"twitter:card\" content=\"summary_large_image\" \/>\n<meta name=\"twitter:label1\" content=\"\u00c9crit par\" \/>\n\t<meta name=\"twitter:data1\" content=\"3e mill\u00e9naire\" \/>\n\t<meta name=\"twitter:label2\" content=\"Dur\u00e9e de lecture estim\u00e9e\" \/>\n\t<meta name=\"twitter:data2\" content=\"7 minutes\" \/>\n<script type=\"application\/ld+json\" class=\"yoast-schema-graph\">{\"@context\":\"https:\/\/schema.org\",\"@graph\":[{\"@type\":\"Article\",\"@id\":\"https:\/\/www.revue3emillenaire.com\/blog\/sommes-nous-le-%c2%ab-moi-%c2%bb-par-serge-brisy\/#article\",\"isPartOf\":{\"@id\":\"https:\/\/www.revue3emillenaire.com\/blog\/sommes-nous-le-%c2%ab-moi-%c2%bb-par-serge-brisy\/\"},\"author\":{\"name\":\"3e mill\u00e9naire\",\"@id\":\"https:\/\/www.revue3emillenaire.com\/blog\/#\/schema\/person\/9a3a7cc4ccaa707f402d4394327106d5\"},\"headline\":\"Sommes-nous le \u00ab moi \u00bb ? par Serge Brisy\",\"datePublished\":\"2010-06-12T13:34:57+00:00\",\"dateModified\":\"2010-06-15T02:01:06+00:00\",\"mainEntityOfPage\":{\"@id\":\"https:\/\/www.revue3emillenaire.com\/blog\/sommes-nous-le-%c2%ab-moi-%c2%bb-par-serge-brisy\/\"},\"wordCount\":1424,\"keywords\":[\"connaissance de soi\",\"Spiritualit\u00e9\"],\"articleSection\":[\"Brisy Serge\"],\"inLanguage\":\"fr-FR\"},{\"@type\":\"WebPage\",\"@id\":\"https:\/\/www.revue3emillenaire.com\/blog\/sommes-nous-le-%c2%ab-moi-%c2%bb-par-serge-brisy\/\",\"url\":\"https:\/\/www.revue3emillenaire.com\/blog\/sommes-nous-le-%c2%ab-moi-%c2%bb-par-serge-brisy\/\",\"name\":\"Sommes-nous le \u00ab moi \u00bb ? par Serge Brisy - 3e mill\u00e9naire - Spiritualit\u00e9 - Connaissance de soi - Non-dualit\u00e9 - M\u00e9ditation\",\"isPartOf\":{\"@id\":\"https:\/\/www.revue3emillenaire.com\/blog\/#website\"},\"datePublished\":\"2010-06-12T13:34:57+00:00\",\"dateModified\":\"2010-06-15T02:01:06+00:00\",\"author\":{\"@id\":\"https:\/\/www.revue3emillenaire.com\/blog\/#\/schema\/person\/9a3a7cc4ccaa707f402d4394327106d5\"},\"breadcrumb\":{\"@id\":\"https:\/\/www.revue3emillenaire.com\/blog\/sommes-nous-le-%c2%ab-moi-%c2%bb-par-serge-brisy\/#breadcrumb\"},\"inLanguage\":\"fr-FR\",\"potentialAction\":[{\"@type\":\"ReadAction\",\"target\":[\"https:\/\/www.revue3emillenaire.com\/blog\/sommes-nous-le-%c2%ab-moi-%c2%bb-par-serge-brisy\/\"]}]},{\"@type\":\"BreadcrumbList\",\"@id\":\"https:\/\/www.revue3emillenaire.com\/blog\/sommes-nous-le-%c2%ab-moi-%c2%bb-par-serge-brisy\/#breadcrumb\",\"itemListElement\":[{\"@type\":\"ListItem\",\"position\":1,\"name\":\"Accueil\",\"item\":\"https:\/\/www.revue3emillenaire.com\/blog\/\"},{\"@type\":\"ListItem\",\"position\":2,\"name\":\"Sommes-nous le \u00ab moi \u00bb ? par Serge Brisy\"}]},{\"@type\":\"WebSite\",\"@id\":\"https:\/\/www.revue3emillenaire.com\/blog\/#website\",\"url\":\"https:\/\/www.revue3emillenaire.com\/blog\/\",\"name\":\"3e mill\u00e9naire - Spiritualit\u00e9 - Connaissance de soi - Non-dualit\u00e9 - M\u00e9ditation\",\"description\":\"L&#039;Homme en devenir\",\"potentialAction\":[{\"@type\":\"SearchAction\",\"target\":{\"@type\":\"EntryPoint\",\"urlTemplate\":\"https:\/\/www.revue3emillenaire.com\/blog\/?s={search_term_string}\"},\"query-input\":{\"@type\":\"PropertyValueSpecification\",\"valueRequired\":true,\"valueName\":\"search_term_string\"}}],\"inLanguage\":\"fr-FR\"},{\"@type\":\"Person\",\"@id\":\"https:\/\/www.revue3emillenaire.com\/blog\/#\/schema\/person\/9a3a7cc4ccaa707f402d4394327106d5\",\"name\":\"3e mill\u00e9naire\",\"url\":\"https:\/\/www.revue3emillenaire.com\/blog\/author\/admin\/\"}]}<\/script>\n<!-- \/ Yoast SEO plugin. -->","yoast_head_json":{"title":"Sommes-nous le \u00ab moi \u00bb ? par Serge Brisy - 3e mill\u00e9naire - Spiritualit\u00e9 - Connaissance de soi - Non-dualit\u00e9 - M\u00e9ditation","robots":{"index":"index","follow":"follow","max-snippet":"max-snippet:-1","max-image-preview":"max-image-preview:large","max-video-preview":"max-video-preview:-1"},"canonical":"https:\/\/www.revue3emillenaire.com\/blog\/sommes-nous-le-\u00ab-moi-\u00bb-par-serge-brisy\/","og_locale":"fr_FR","og_type":"article","og_title":"Sommes-nous le \u00ab moi \u00bb ? par Serge Brisy - 3e mill\u00e9naire - Spiritualit\u00e9 - Connaissance de soi - Non-dualit\u00e9 - M\u00e9ditation","og_description":"Le d\u00e9sarroi de nos existences provient de ce que nous ignorons ce qu'est le Moi. Pour le comprendre il ne suffit pas de se contenter de structures th\u00e9oriques, qui ne satisfont que l'intellect. Le travail exig\u00e9 est autrement difficile, complexe, profond, car il r\u00e9clame la concentration des \u00e9nergies de tout l'\u00eatre, l'\u00e9veil de son intelligence sup\u00e9rieure, l'incessant rayonnement de son c\u0153ur, la dislocation constante de ses \u00e9go\u00efsmes les plus subtils et les plus cach\u00e9s ; en un mot, la prise de contact avec le Moi v\u00e9ritable, au-del\u00e0 de toutes les apparences de surface.","og_url":"https:\/\/www.revue3emillenaire.com\/blog\/sommes-nous-le-\u00ab-moi-\u00bb-par-serge-brisy\/","og_site_name":"3e mill\u00e9naire - Spiritualit\u00e9 - Connaissance de soi - Non-dualit\u00e9 - M\u00e9ditation","article_published_time":"2010-06-12T13:34:57+00:00","article_modified_time":"2010-06-15T02:01:06+00:00","author":"3e mill\u00e9naire","twitter_card":"summary_large_image","twitter_misc":{"\u00c9crit par":"3e mill\u00e9naire","Dur\u00e9e de lecture estim\u00e9e":"7 minutes"},"schema":{"@context":"https:\/\/schema.org","@graph":[{"@type":"Article","@id":"https:\/\/www.revue3emillenaire.com\/blog\/sommes-nous-le-%c2%ab-moi-%c2%bb-par-serge-brisy\/#article","isPartOf":{"@id":"https:\/\/www.revue3emillenaire.com\/blog\/sommes-nous-le-%c2%ab-moi-%c2%bb-par-serge-brisy\/"},"author":{"name":"3e mill\u00e9naire","@id":"https:\/\/www.revue3emillenaire.com\/blog\/#\/schema\/person\/9a3a7cc4ccaa707f402d4394327106d5"},"headline":"Sommes-nous le \u00ab moi \u00bb ? par Serge Brisy","datePublished":"2010-06-12T13:34:57+00:00","dateModified":"2010-06-15T02:01:06+00:00","mainEntityOfPage":{"@id":"https:\/\/www.revue3emillenaire.com\/blog\/sommes-nous-le-%c2%ab-moi-%c2%bb-par-serge-brisy\/"},"wordCount":1424,"keywords":["connaissance de soi","Spiritualit\u00e9"],"articleSection":["Brisy Serge"],"inLanguage":"fr-FR"},{"@type":"WebPage","@id":"https:\/\/www.revue3emillenaire.com\/blog\/sommes-nous-le-%c2%ab-moi-%c2%bb-par-serge-brisy\/","url":"https:\/\/www.revue3emillenaire.com\/blog\/sommes-nous-le-%c2%ab-moi-%c2%bb-par-serge-brisy\/","name":"Sommes-nous le \u00ab moi \u00bb ? par Serge Brisy - 3e mill\u00e9naire - Spiritualit\u00e9 - Connaissance de soi - Non-dualit\u00e9 - M\u00e9ditation","isPartOf":{"@id":"https:\/\/www.revue3emillenaire.com\/blog\/#website"},"datePublished":"2010-06-12T13:34:57+00:00","dateModified":"2010-06-15T02:01:06+00:00","author":{"@id":"https:\/\/www.revue3emillenaire.com\/blog\/#\/schema\/person\/9a3a7cc4ccaa707f402d4394327106d5"},"breadcrumb":{"@id":"https:\/\/www.revue3emillenaire.com\/blog\/sommes-nous-le-%c2%ab-moi-%c2%bb-par-serge-brisy\/#breadcrumb"},"inLanguage":"fr-FR","potentialAction":[{"@type":"ReadAction","target":["https:\/\/www.revue3emillenaire.com\/blog\/sommes-nous-le-%c2%ab-moi-%c2%bb-par-serge-brisy\/"]}]},{"@type":"BreadcrumbList","@id":"https:\/\/www.revue3emillenaire.com\/blog\/sommes-nous-le-%c2%ab-moi-%c2%bb-par-serge-brisy\/#breadcrumb","itemListElement":[{"@type":"ListItem","position":1,"name":"Accueil","item":"https:\/\/www.revue3emillenaire.com\/blog\/"},{"@type":"ListItem","position":2,"name":"Sommes-nous le \u00ab moi \u00bb ? par Serge Brisy"}]},{"@type":"WebSite","@id":"https:\/\/www.revue3emillenaire.com\/blog\/#website","url":"https:\/\/www.revue3emillenaire.com\/blog\/","name":"3e mill\u00e9naire - Spiritualit\u00e9 - Connaissance de soi - Non-dualit\u00e9 - M\u00e9ditation","description":"L&#039;Homme en devenir","potentialAction":[{"@type":"SearchAction","target":{"@type":"EntryPoint","urlTemplate":"https:\/\/www.revue3emillenaire.com\/blog\/?s={search_term_string}"},"query-input":{"@type":"PropertyValueSpecification","valueRequired":true,"valueName":"search_term_string"}}],"inLanguage":"fr-FR"},{"@type":"Person","@id":"https:\/\/www.revue3emillenaire.com\/blog\/#\/schema\/person\/9a3a7cc4ccaa707f402d4394327106d5","name":"3e mill\u00e9naire","url":"https:\/\/www.revue3emillenaire.com\/blog\/author\/admin\/"}]}},"_links":{"self":[{"href":"https:\/\/www.revue3emillenaire.com\/blog\/wp-json\/wp\/v2\/posts\/3715","targetHints":{"allow":["GET"]}}],"collection":[{"href":"https:\/\/www.revue3emillenaire.com\/blog\/wp-json\/wp\/v2\/posts"}],"about":[{"href":"https:\/\/www.revue3emillenaire.com\/blog\/wp-json\/wp\/v2\/types\/post"}],"author":[{"embeddable":true,"href":"https:\/\/www.revue3emillenaire.com\/blog\/wp-json\/wp\/v2\/users\/1"}],"replies":[{"embeddable":true,"href":"https:\/\/www.revue3emillenaire.com\/blog\/wp-json\/wp\/v2\/comments?post=3715"}],"version-history":[{"count":0,"href":"https:\/\/www.revue3emillenaire.com\/blog\/wp-json\/wp\/v2\/posts\/3715\/revisions"}],"wp:attachment":[{"href":"https:\/\/www.revue3emillenaire.com\/blog\/wp-json\/wp\/v2\/media?parent=3715"}],"wp:term":[{"taxonomy":"category","embeddable":true,"href":"https:\/\/www.revue3emillenaire.com\/blog\/wp-json\/wp\/v2\/categories?post=3715"},{"taxonomy":"post_tag","embeddable":true,"href":"https:\/\/www.revue3emillenaire.com\/blog\/wp-json\/wp\/v2\/tags?post=3715"}],"curies":[{"name":"wp","href":"https:\/\/api.w.org\/{rel}","templated":true}]}}