{"id":3734,"date":"2010-06-20T00:51:37","date_gmt":"2010-06-19T23:51:37","guid":{"rendered":"http:\/\/www.revue3emillenaire.com\/blog\/?p=3734"},"modified":"2011-10-08T23:26:42","modified_gmt":"2011-10-08T22:26:42","slug":"la-dimension-spirituelle-du-langage-par-helene-foglio","status":"publish","type":"post","link":"https:\/\/www.revue3emillenaire.com\/blog\/la-dimension-spirituelle-du-langage-par-helene-foglio\/","title":{"rendered":"La dimension spirituelle du langage par H\u00e9l\u00e8ne Foglio"},"content":{"rendered":"<p style=\"text-align: justify;\">(Revue \u00c9nergie Vitale. No 11. Mai-Juin 1982)<\/p>\n<p style=\"text-align: justify;\">\n<p style=\"text-align: right;\">\u00ab <em>R\u00e9p\u00e8te sans te lasser les formules qui sont aimant\u00e9es du fluide<\/em><\/p>\n<p style=\"text-align: right;\"><em>de toutes les adorations des temps pass\u00e9s<\/em> \u00bb<\/p>\n<p style=\"text-align: right;\">Zoroastre<\/p>\n<p style=\"text-align: justify;\">\n<p style=\"text-align: justify;\">L&rsquo;instrument le plus prestigieux qui distingue l&rsquo;homme de tout le reste de la cr\u00e9ation est incontestablement le langage. Certes, les animaux ne sont pas d\u00e9pourvus de signaux acoustiques, mais \u00e0 leur niveau les informations \u00e9mises et re\u00e7ues demeurent toujours tr\u00e8s rudimentaires en regard du code verbal humain descriptif et symbolique, qui traduit des pens\u00e9es et des sentiments d&rsquo;une extr\u00eame complexit\u00e9. Par lui, l&rsquo;\u00eatre humain structure son ego, exprime sa sp\u00e9cificit\u00e9 individuelle, d\u00e9couvre l&rsquo;autre, et s&rsquo;il p\u00e9n\u00e8tre le myst\u00e8re du verbe, il parvient m\u00eame \u00e0 saisir la raison profonde de son \u00eatre-au-monde.<\/p>\n<p style=\"text-align: justify;\">\n<p style=\"text-align: justify;\"><strong>L&rsquo;origine cosmique de la parole<\/strong><\/p>\n<p style=\"text-align: justify;\">\n<p style=\"text-align: justify;\">Comme il contribue \u00e0 l&rsquo;\u00e9laboration de ce syst\u00e8me de communication, en cr\u00e9ant des modes d&rsquo;expression de plus en plus structur\u00e9s, au fur et \u00e0 mesure de son \u00e9volution, il a parfois tendance \u00e0 croire qu&rsquo;il est le cr\u00e9ateur de la Parole, alors qu&rsquo;il n&rsquo;en est, en fait, que le d\u00e9positaire. Toutes les traditions nous le rappellent. Celle-ci est d&rsquo;origine divine : vibration primordiale, elle cr\u00e9e et sous-tend l&rsquo;univers. Informul\u00e9e et silencieuse, c&rsquo;est la pens\u00e9e divine \u00e0 l&rsquo;\u00e9tat latent, et sur le plan humain, l&rsquo;inconscient. L&rsquo;expression humaine consciente n&rsquo;en est que la manifestation la plus grossi\u00e8re.<\/p>\n<p style=\"text-align: justify;\">\n<p style=\"text-align: justify;\">Que l&rsquo;on passe du contexte islamique au contexte h\u00e9bra\u00efque ou grec, les phon\u00e8mes (sons du langage humain) et leur repr\u00e9sentation graphique (lettres de l&rsquo;alphabet) ont tous une origine m\u00e9taphysique, une dimension cosmique et sont en \u00e9troite relation avec les plan\u00e8tes, les signes du zodiaque, les sph\u00e8res c\u00e9lestes.<\/p>\n<p style=\"text-align: justify;\">\n<p style=\"text-align: justify;\">Dans la tradition indienne, ils sont produits par le son du tambour de Shiva dans sa danse cosmique, et Sarasvati d\u00e9esse de la connaissance et du son, ma\u00eetresse du langage, est traditionnellement repr\u00e9sent\u00e9e tenant d&rsquo;une main une vina, sorte de luth, et de l&rsquo;autre un parchemin porteur des cinquante lettres de l&rsquo;alphabet sanskrit, symbole de la parole dans sa manifestation humaine.<\/p>\n<p style=\"text-align: justify;\">\n<p style=\"text-align: justify;\">Dans ce contexte chaque cat\u00e9gorie de phon\u00e8mes correspond \u00e0 l&rsquo;un des trente-six tattvas. Ce terme, dont la traduction litt\u00e9rale signifie \u00ab r\u00e9alit\u00e9 \u00bb d\u00e9signe chacun des principes et \u00e9l\u00e9ments constitutifs de l&rsquo;univers manifest\u00e9, dans tous ses aspects du subtil au grossier ; sans vouloir dresser ici un tableau complet de ces correspondances, ce qui pourrait sembler fastidieux au lecteur, signalons cependant que les lettres correspondent aux cinq \u00ab buthas \u00bb (\u00e9l\u00e9ments) aux cinq \u00ab tanmatras \u00bb principes essentiels, aux cinq \u00ab karmendriyas \u00bb (facult\u00e9s d&rsquo;action) aux cinq \u00ab jnanendriyas \u00bb (facult\u00e9s de connaissance), aux cinq \u00ab vayus \u00bb (souffles), etc&#8230;<\/p>\n<p style=\"text-align: justify;\">\n<p style=\"text-align: justify;\">C&rsquo;est ainsi par exemple, que le phon\u00e8me LA correspond \u00e0 l&rsquo;\u00e9l\u00e9ment terre, la dentale DA au principe de l&rsquo;olfaction, la gutturale GHA, au pied (facult\u00e9 d&rsquo;action) la palatale JA, \u00e0 l&rsquo;ou\u00efe (facult\u00e9 de connaissance) et \u00e0 l&rsquo;organe correspondant : l&rsquo;oreille, etc.<\/p>\n<p style=\"text-align: justify;\">\n<p style=\"text-align: justify;\">Ainsi les \u00e9l\u00e9ments du langage, loin de se limiter \u00e0 l&rsquo;expression humaine, font partie int\u00e9grante de l&rsquo;univers qu&rsquo;ils expriment \u00e0 travers le microcosme qu&rsquo;est l&rsquo;homme.<\/p>\n<p style=\"text-align: justify;\">\n<p style=\"text-align: justify;\">Dans le contexte jud\u00e9o-chr\u00e9tien, nous ne sommes pas si loin de cette conception m\u00e9taphysique, en d\u00e9pit des apparences. Souvenons-nous en effet, des premiers mots de l&rsquo;\u00c9vangile de saint Jean : \u00ab Au commencement \u00e9tait le Verbe et le Verbe \u00e9tait en Dieu et le Verbe \u00e9tait Dieu \u00bb.<\/p>\n<p style=\"text-align: justify;\">\n<p style=\"text-align: justify;\">Pour le chr\u00e9tien, le verbe est \u00e0 la fois transcendant, inaccessible \u00e0 l&rsquo;homme, mais aussi immanent au monde, c&rsquo;est-\u00e0-dire pr\u00e9sent en toute chose. On rejoint donc ici, \u00e0 la fois la pens\u00e9e indienne, qui fait du Logos l&rsquo;\u00e9manation du Divin, la structure de base de l&rsquo;univers et l&rsquo;expression de sa nature profonde, mais aussi la pens\u00e9e scientifique moderne pour laquelle le cosmos est un immense champ vibratoire o\u00f9 se meuvent des \u00e9nergies ob\u00e9issant \u00e0 des lois et des rythmes.<\/p>\n<p style=\"text-align: justify;\">\n<p style=\"text-align: justify;\">Dans d&rsquo;autres traditions, s&rsquo;est d\u00e9velopp\u00e9 parall\u00e8lement \u00e0 la culture orale, un mode de transmission graphique.<\/p>\n<p style=\"text-align: justify;\">\n<p style=\"text-align: justify;\">Et, bien que l&rsquo;\u00e9criture fige, immobilise, et donc d\u00e9truise en partie le dynamisme du mot, les lettres qui le composent conservent suffisamment de pouvoir cr\u00e9ateur pour avoir \u00e9t\u00e9, d\u00e8s la plus haute antiquit\u00e9, objet de culte. A l&rsquo;honneur dans les sanctuaires, grav\u00e9es dans les m\u00e9taux pr\u00e9cieux, elles \u00e9taient v\u00e9n\u00e9r\u00e9es comme l&rsquo;image des Dieux dont elles \u00e9taient une manifestation. Personne ne connaissait leur ordre v\u00e9ritable, celui dans lequel elles sont repr\u00e9sent\u00e9es dans les divers alphabets n&rsquo;\u00e9tant que pure convention. Cet ordre divin ne devait et ne pouvait \u00eatre connu que de Dieu seul, car sa connaissance aurait donn\u00e9 \u00e0 l&rsquo;homme un pouvoir sur le monde que les limitations de sa nature ne lui aurait pas permis d&rsquo;assumer pleinement.<\/p>\n<p style=\"text-align: justify;\">\n<p style=\"text-align: justify;\">Le respect profond de la lettre, signe divin, a produit dans la culture musulmane, des chefs-d\u2019\u0153uvre de l&rsquo;art scripturaire, o\u00f9 les entrelacs savamment agenc\u00e9s des caract\u00e8res coufiques ou cursifs figurent de magnifiques motifs g\u00e9om\u00e9triques qui en font de v\u00e9ritables diagrammes de m\u00e9ditation qui harmonisent, unifient, rassemblent le regard et le mental, comme le ferait un mandala.<\/p>\n<p style=\"text-align: justify;\">\n<p style=\"text-align: justify;\">Chez les H\u00e9breux (ainsi que les Arabes) l&rsquo;\u00e9criture a \u00e9galement donn\u00e9 lieu \u00e0 des sp\u00e9culations num\u00e9riques. Ainsi la Kabbale o\u00f9 chaque lettre correspond \u00e0 un nombre dont le symbolisme permet de d\u00e9crypter, au-del\u00e0 du sens apparent des mots, leur signification profonde. Ce proc\u00e9d\u00e9 donnant lieu \u00e0 une lecture des textes\u00a0 sacr\u00e9s \u00e0 plusieurs niveaux, leur conf\u00e8re un sens \u00e9sot\u00e9rique et proph\u00e9tique qui \u00e9claire d&rsquo;un jour nouveau l&rsquo;histoire et le destin des hommes.<\/p>\n<p style=\"text-align: justify;\">\n<p style=\"text-align: justify;\"><strong>Le langage, cr\u00e9ateur de formes et de vie<\/strong><\/p>\n<p style=\"text-align: justify;\">\n<p style=\"text-align: justify;\">Pour revenir \u00e0 la partie purement orale du langage, il est un de ses aspects dont on parle rarement : sa capacit\u00e9 de cr\u00e9er des formes. Le ph\u00e9nom\u00e8ne fut d\u00e9couvert au si\u00e8cle dernier et confirm\u00e9 maintes fois par des exp\u00e9riences reprises notamment dans les laboratoires du Goeth\u00e9anum de Dornach en Suisse. Sous l&rsquo;effet de la voix humaine (et des instruments de musique) des flammes de gaz se dilatent, se modifient, s&rsquo;\u00e9tirent, prennent une forme de c\u00f4ne ou d&rsquo;\u00e9pi, se vrillent en spirales. Elles varient suivant le timbre de la voix, les sons prononc\u00e9s (voyelles ou consonnes) les notes \u00e9mises. A la multiplicit\u00e9 des excitations sonores, correspond une multiplicit\u00e9 de variantes. De m\u00eame le son a le pouvoir de modeler l&rsquo;air et d&rsquo;y \u00ab sculpter \u00bb des formes. Celles-ci vibrantes, color\u00e9es, perceptibles aux seuls clairvoyants cr\u00e9ent partout o\u00f9 r\u00e9sonne la voix humaine, une v\u00e9ritable f\u00e9erie de formes changeantes comme les images d&rsquo;un kal\u00e9idoscope. Et de m\u00eame que le chanteur ou l&rsquo;orateur est envelopp\u00e9 d&rsquo;un cocon de vibrations color\u00e9es, l&rsquo;assembl\u00e9e des fid\u00e8les dans les c\u00e9r\u00e9monies cultuelles, cr\u00e9e par son chant et sa parole, une immense bulle iris\u00e9e, lien dynamique et vivant entre les plans grossiers et les plans subtils par lequel l&rsquo;homme se relie au divin<a href=\"#_ftn1\">[1]<\/a>.<\/p>\n<p style=\"text-align: justify;\">\n<p style=\"text-align: justify;\">Les anciens avaient le sens de cette dimension cosmique et sacr\u00e9e du verbe ; ils en connaissaient le pouvoir. C&rsquo;est pourquoi chez les \u00c9gyptiens ou chez les H\u00e9breux, la prononciation juste \u00e9tait de rigueur, car le mot avait le pouvoir de cr\u00e9er. C&rsquo;\u00e9tait un appel \u00e0 la vie.<\/p>\n<p style=\"text-align: justify;\">\n<p style=\"text-align: justify;\">C&rsquo;est \u00e9galement ce que nous dit la Gen\u00e8se en nous rappelant qu&rsquo;Adam fut investi du pouvoir de participer \u00e0 la cr\u00e9ation en nommant les \u00eatres et les choses. Par le choix de ses \u00e9l\u00e9ments, l&rsquo;anc\u00eatre adamique, en r\u00e9alit\u00e9 l&rsquo;homme primitif, avait la facult\u00e9 de choisir les forces qui allaient constituer le nom et par cons\u00e9quent le nomm\u00e9 (en vertu de l&rsquo;identit\u00e9 de structure entre le nom et ce qu&rsquo;il d\u00e9signe) et, partant, de saisir dans ses profondeurs l&rsquo;\u00eatre qu&rsquo;il repr\u00e9sentait. Il pouvait ainsi lui donner forme, enclore dans le vocable qui l&rsquo;exprimait ses qualit\u00e9s essentielles et participer \u00e0 son \u00e9volution.<\/p>\n<p style=\"text-align: justify;\">\n<p style=\"text-align: justify;\">Cette connaissance intuitive s&rsquo;est perdue et, avec elle, une grande partie des vertus vibratoires et incantatoires du verbe. Car le symbole sonore a pris peu \u00e0 peu une vie ind\u00e9pendante de l&rsquo;objet qu&rsquo;il exprimait. Avec l&rsquo;\u00e9criture, le mot lui-m\u00eame s&rsquo;est tu, il est devenu silencieux, et s&rsquo;est r\u00e9duit \u00e0 un signe charg\u00e9 de signification : l&rsquo;id\u00e9e.<\/p>\n<p style=\"text-align: justify;\">\n<p style=\"text-align: justify;\">Ce ph\u00e9nom\u00e8ne a provoqu\u00e9 une prodigieuse expansion de la pens\u00e9e et de la conscience r\u00e9fl\u00e9chie. Mais en faisant ainsi la conqu\u00eate de son ego, l&rsquo;homme a perdu sa dimension cosmique et sa compr\u00e9hension profonde des myst\u00e8res de la vie.<\/p>\n<p style=\"text-align: justify;\">\n<p style=\"text-align: justify;\">A la lumi\u00e8re de ces faits, la l\u00e9gende d&rsquo;une langue primordiale s&rsquo;\u00e9claire d&rsquo;un jour nouveau. Mais \u00e9tait-ce bien une l\u00e9gende ?<\/p>\n<p style=\"text-align: justify;\">\n<p style=\"text-align: justify;\">Tant que l&rsquo;homme poss\u00e9dait l&rsquo;essence, c&rsquo;est-\u00e0-dire la nature intime du langage, de ce langage \u00e9d\u00e9nique, compris des animaux eux-m\u00eames, de cette langue parfaite des premiers grands instructeurs de l&rsquo;humanit\u00e9, l&rsquo;expression \u00e9tait unique et commune \u00e0 tous. Toute l&rsquo;humanit\u00e9, toute la cr\u00e9ation, alors, communiait par le Verbe.<\/p>\n<p style=\"text-align: justify;\">\n<p style=\"text-align: justify;\">Mais \u00e0 partir du moment o\u00f9 les \u00eatres humains s&rsquo;individualis\u00e8rent, ils devinrent des r\u00e9ceptacles imparfaits et impurs de la Parole qu&rsquo;ils d\u00e9natur\u00e8rent et celle-ci se morcela en une multiplicit\u00e9 d&rsquo;idiomes et de dialectes appr\u00e9hendant le monde, de mani\u00e8res si diff\u00e9rentes qu&rsquo;ils ne se comprirent plus. C&rsquo;est ainsi que la Parole se d\u00e9sacralisa.<\/p>\n<p style=\"text-align: justify;\">\n<p style=\"text-align: justify;\">Mais un fait plus grave encore intervient aujourd&rsquo;hui. Apr\u00e8s avoir perdu sa dimension sacr\u00e9e, le langage se d\u00e9shumanise. La s\u00e9cheresse, l&rsquo;exc\u00e8s de pr\u00e9cision, et le caract\u00e8re impersonnel du code linguistique moderne qui use et abuse d&rsquo;abr\u00e9viations, de sigles, de termes scientifiques et techniques en est une d\u00e9monstration \u00e9vidente. Cette mutation du langage exprime en r\u00e9alit\u00e9 la d\u00e9cadence spirituelle de notre civilisation.<\/p>\n<p style=\"text-align: justify;\">\n<p style=\"text-align: justify;\">Un bref regard sur l&rsquo;\u00e9volution de la langue fran\u00e7aise nous permettrait de constater \u00e0 quel point celle-ci n&rsquo;a cess\u00e9 de s&rsquo;amenuiser au cours des si\u00e8cles.<\/p>\n<p style=\"text-align: justify;\">\n<p style=\"text-align: justify;\">Songeons au d\u00e9lire d&rsquo;un Rabelais, qui jouait avec la mati\u00e8re phonique jusqu&rsquo;\u00e0\u00a0 cr\u00e9er par le pur rebondissement des rythmes et des sonorit\u00e9s, un tourbillon verbal qui exprimait sa vision p\u00e9n\u00e9trante du monde et des hommes. Il n&rsquo;h\u00e9sitait pas \u00e0 user parfois de 150 mots pour exprimer une id\u00e9e. Puis vint l&rsquo;\u00e9poque o\u00f9 la langue se fit pure musique avec le vers racinien qui atteignit la perfection en modelant l&rsquo;alexandrin sur le double mouvement du souffle et le rythme de quatre pulsations cardiaques, traduisant ainsi, outre les pens\u00e9es et les sentiments de l&rsquo;homme, son temps int\u00e9rieur.<\/p>\n<p style=\"text-align: justify;\">\n<p style=\"text-align: justify;\">A l&rsquo;inverse, de nos jours, la concision, confinant parfois \u00e0 la s\u00e9cheresse d&rsquo;un auteur comme Camus, exprime bien cet appauvrissement. Dans l&rsquo;\u00c9tranger, son h\u00e9ros Meursault incarne parfaitement l&rsquo;homme civilis\u00e9, prisonnier de ses structures mentales, coup\u00e9 de toute relation profonde avec la vie. \u00catre mutil\u00e9, comment sentirait-il le lien qui existe entre le langage et son \u00eatre profond, puisque, \u00e9tranger \u00e0 lui-m\u00eame, et au monde qui l&rsquo;environne, il ne saisit plus de celui-ci que l&rsquo;absurdit\u00e9.<\/p>\n<p style=\"text-align: justify;\">\n<p style=\"text-align: justify;\"><strong>La po\u00e9sie, \u00e9cho de l&rsquo;harmonie universelle<\/strong><\/p>\n<p style=\"text-align: justify;\">\n<p style=\"text-align: justify;\">Et pourtant, cette langue que nous r\u00e9duisons si volontiers \u00e0 des formules abstraites n&rsquo;est-elle pas avant tout musique, rythme, harmonie ? N&rsquo;est-elle pas apte, dans sa dimension po\u00e9tique, \u00e0 nous faire acc\u00e9der \u00e0 travers une vision esth\u00e9tique du monde, \u00e0 une r\u00e9alit\u00e9 transcendante qui fait de la parole, une v\u00e9ritable exp\u00e9rience spirituelle ?<\/p>\n<p style=\"text-align: justify;\">\n<p style=\"text-align: justify;\">\u00ab La Po\u00e9sie, disait Rudolf Steiner, poss\u00e8de une tonalit\u00e9 cach\u00e9e, qui est comme un \u00e9cho de l&rsquo;harmonie universelle, de la m\u00e9lodie et de l&rsquo;imagination du monde \u00bb.<\/p>\n<p style=\"text-align: justify;\">\n<p style=\"text-align: justify;\">Pour d\u00e9couvrir cette \u00ab tonalit\u00e9 cach\u00e9e \u00bb il faut d&rsquo;abord retrouver le pouvoir suggestif du mot, son charme myst\u00e9rieux, sa musique.<\/p>\n<p style=\"text-align: justify;\">\n<p style=\"text-align: justify;\">Prenons le mot \u00ab gong \u00bb par exemple, et nous d\u00e9couvrons que l&rsquo;effet sonore obtenu par la prononciation de ce vocable est de m\u00eame nature que le son produit par l&rsquo;instrument qu&rsquo;il d\u00e9signe.<\/p>\n<p style=\"text-align: justify;\">\n<p style=\"text-align: justify;\">De m\u00eame qu&rsquo;on frappe avec une mailloche le disque du gong pour produire la vibration, de m\u00eame la consonne initiale G, dure, frappe l&rsquo;air d&rsquo;un coup sec. Le groupe ON est un son sourd voil\u00e9 par la nasalit\u00e9 du N. Le G final en fermant le mot, forme l&rsquo;obstacle \u00e0 la propagation de l&rsquo;onde sonore et la r\u00e9fl\u00e9chit comme un \u00e9cho vers son point d&rsquo;\u00e9mergence. D&rsquo;o\u00f9 cette impression de roulement qui traduit fid\u00e8lement le son produit par l&rsquo;instrument.<\/p>\n<p style=\"text-align: justify;\">\n<p style=\"text-align: justify;\">Ces propri\u00e9t\u00e9s sonores du mot, se retrouvent \u00e9galement dans les vers ou la prose qui deviennent ainsi aptes \u00e0 exprimer, en dehors de tout contenu conceptuel, par la seule vertu des tonalit\u00e9s et des rythmes, la totalit\u00e9 de nos sensations, de nos sentiments et de nos exp\u00e9riences.<\/p>\n<p style=\"text-align: justify;\">\n<p style=\"text-align: justify;\">Pour nous en convaincre, examinons les effets que produisent aussi bien sur le plan auditif que mental, ces vers c\u00e9l\u00e8bres de Racine :<\/p>\n<p style=\"text-align: justify;\">\u00ab Ariane, ma s\u0153ur, de quel amour<\/p>\n<p style=\"text-align: justify;\">a \u00a0\u00a0a \u00a0 e \u00a0\u00a0 \u00a0 a \u00a0\u00a0\u00a0 e\u00a0\u00a0\u00a0\u00a0\u00a0\u00a0\u00a0 e \u00a0\u00a0 \u00a0 \u00a0 e \u00a0a<\/p>\n<p style=\"text-align: justify;\">bless\u00e9e<\/p>\n<p style=\"text-align: justify;\">\u00e8\u00a0\u00a0 \u00e9<\/p>\n<p style=\"text-align: justify;\">Vous mour\u00fbtes aux bords o\u00f9 vous f\u00fbtes<\/p>\n<p style=\"text-align: justify;\">ou \u00a0\u00a0\u00a0\u00a0\u00a0ou\u00a0 u e \u00a0\u00a0\u00a0 o \u00a0\u00a0 \u00a0 \u00a0 o \u00a0\u00a0\u00a0\u00a0\u00a0 ou \u00a0\u00a0ou \u00a0\u00a0\u00a0 u \u00a0e<\/p>\n<p style=\"text-align: justify;\">laiss\u00e9e \u00bb<\/p>\n<p style=\"text-align: justify;\">\u00e8 \u00a0\u00a0\u00e9<\/p>\n<p style=\"text-align: justify;\">\n<p style=\"text-align: justify;\">Nous voyons appara\u00eetre dans le premier vers, une alternance vocalique a &#8211; e reprise \u00e0 la fin en un renversement harmonique e &#8211; a, qui, se recoupant avec la division rythmique du vers, cr\u00e9e dans l&rsquo;esprit une cadence, un bercement.<\/p>\n<p style=\"text-align: justify;\">\n<p style=\"text-align: justify;\">La succession des voyelles sonores a &#8211; e temp\u00e9r\u00e9es par la douceur du n et du m et le souffle de la spirante s, font na\u00eetre une impression de regret, de nostalgie.<\/p>\n<p style=\"text-align: justify;\">\n<p style=\"text-align: justify;\">Dans le deuxi\u00e8me vers, la sym\u00e9trie est plus totale : ou ou u e o o ou ou u e \u00e8 \u00e9.<\/p>\n<p style=\"text-align: justify;\">\n<p style=\"text-align: justify;\">La r\u00e9p\u00e9tition rythm\u00e9e de la voyelle sourde \u00ab ou \u00bb qui est comme la note fondamentale exprime une gravit\u00e9, une tristesse renforc\u00e9e par la pr\u00e9sence de \u00ab u \u00bb voyelle constrictive, aigu\u00eb qui traduit l&rsquo;acuit\u00e9 du v\u00e9cu.<\/p>\n<p style=\"text-align: justify;\">\n<p style=\"text-align: justify;\">Au point de vue consonantique, la mollesse d&rsquo;articulation du v et du f (de vous f\u00fbtes) introduit progressivement le L de laiss\u00e9e qui produit un effet de glissement dans la mort \u00e9voqu\u00e9e dans le premier h\u00e9mistique par les consonnes dures R et B.<\/p>\n<p style=\"text-align: justify;\">\n<p style=\"text-align: justify;\">Telle est la vertu de la po\u00e9sie, c&rsquo;est la plong\u00e9e dans la musique du langage qui nous permet d&rsquo;oublier le \u00ab sens \u00bb des mots afin d&rsquo;entendre sans reconna\u00eetre. C&rsquo;est une saisie profonde de la Parole qui nous ouvre \u00e0 une perception intuitive des harmonies subtiles dont l&rsquo;univers est tiss\u00e9 et qui nous r\u00e9v\u00e8le \u00e0 la fois la nature intime des \u00eatres, les rapports myst\u00e9rieux des forces qui les traversent et la source dont elles \u00e9manent.<\/p>\n<p style=\"text-align: justify;\">\n<p style=\"text-align: justify;\"><strong>Le Mantra-Yoga : un m\u00e9talangage<\/strong><\/p>\n<p style=\"text-align: justify;\">\n<p style=\"text-align: justify;\">Elle nous pr\u00e9pare admirablement \u00e0 une exp\u00e9rience plus profonde encore : celle qui consiste pr\u00e9cis\u00e9ment \u00e0 d\u00e9passer la fascination qu&rsquo;exercent sur nous le Verbe et la Musique, pour atteindre la Vibration pure. Le yoga nous y invite, car le langage n&rsquo;a pas \u00e9chapp\u00e9 \u00e0 son emprise.<\/p>\n<p style=\"text-align: justify;\">\n<p style=\"text-align: justify;\">Pour ce faire, il nous propose deux voies : la pratique des mantras, formules modul\u00e9es dans des tonalit\u00e9s et \u00e0 des rythmes donn\u00e9s, et l&rsquo;\u00e9coute du son int\u00e9rieur (Nada Yoga).<\/p>\n<p style=\"text-align: justify;\">\n<p style=\"text-align: justify;\">Cette pratique du son pur, du son pour le son, d\u00e9pouillant les mots de leur contenu conceptuel et de leurs r\u00e9sonances \u00e9motionnelles, constitue une sorte de jeu phonique, un d\u00e9passement du langage, un retour aux sources m\u00eames de la parole.<\/p>\n<p style=\"text-align: justify;\">\n<p style=\"text-align: justify;\">Il poss\u00e8de un extraordinaire pouvoir lib\u00e9rateur car il traduit tout ce que le langage conventionnel est impuissant \u00e0 dire, tout ce qui chez l&rsquo;homme est enfoui, inassum\u00e9 et vit \u00e0 bas bruit dans ses profondeurs, mais il exprime aussi sa connivence secr\u00e8te avec le cosmos, sa complicit\u00e9 avec l&rsquo;animal qu&rsquo;il conna\u00eet par connaturalit\u00e9<a href=\"#_ftn2\">[2]<\/a>, ses liens subtils avec les \u00e9l\u00e9ments qu&rsquo;il sent dans sa chair mais ne sait ni ne peut verbaliser, toute la vie organique qui sourd en lui et enfin, ses aspirations spirituelles les plus hautes. Il se lib\u00e8re ainsi de tout ce que le non-dit entretient d&rsquo;angoisse en lui pour parvenir \u00e0 un \u00e9tat de vacuit\u00e9 qui est expansion d&rsquo;\u00eatre et pl\u00e9nitude. Son action sur le mental est puissante car \u00e0 ce niveau il dissipe la \u00ab Maya \u00bb l&rsquo;illusion, le \u00ab voile d&rsquo;inconnaissance \u00bb et nous fait d\u00e9couvrir au-del\u00e0 des apparences trompeuses de la multiplicit\u00e9 l&rsquo;unit\u00e9 fondamentale de la cr\u00e9ation.<\/p>\n<p style=\"text-align: justify;\">\n<p style=\"text-align: justify;\">Son action physique n&rsquo;est pas toujours ais\u00e9e \u00e0 saisir. Pour bien la comprendre, rappelons que l&rsquo;univers est form\u00e9 d&rsquo;une substance unique (ce que confirme la science actuelle) ; sous l&rsquo;influence du mouvement incessant dont il est anim\u00e9, des champs vibratoires se cr\u00e9ent, qui engendrent des formes, des ph\u00e9nom\u00e8nes physiques, la mati\u00e8re elle-m\u00eame.<\/p>\n<p style=\"text-align: justify;\">\n<p style=\"text-align: justify;\">Ainsi la pluie, la maladie, les v\u00e9g\u00e9taux, l&rsquo;\u00eatre humain sont tous issus d&rsquo;un substrat unique et sont le r\u00e9sultat de ph\u00e9nom\u00e8nes vibratoires diff\u00e9rents.<\/p>\n<p style=\"text-align: justify;\">\n<p style=\"text-align: justify;\">Il importe donc que le son prof\u00e9r\u00e9 dans le mantra corresponde \u00e0 des vibrations d\u00e9termin\u00e9es pour agir efficacement sur les ph\u00e9nom\u00e8nes naturels, les \u00eatres vivants, la mati\u00e8re.<\/p>\n<p style=\"text-align: justify;\">\n<p style=\"text-align: justify;\">Cette action peut \u00eatre constructive, mais aussi destructrice. C&rsquo;est pourquoi la science des sons doit demeurer un enseignement secret r\u00e9serv\u00e9 \u00e0 quelques initi\u00e9s soumis \u00e0 une asc\u00e8se rigoureuse.<\/p>\n<p style=\"text-align: justify;\">\n<p style=\"text-align: justify;\">Il reste quelques vestiges de ce savoir dans la plupart des cultes religieux dont les formules sont des \u00ab mantras \u00bb aux vertus vibratoires trop souvent oubli\u00e9es de nos jours, mais aussi dans les rituels de magie dont le caract\u00e8re baroque recouvre en r\u00e9alit\u00e9 un savoir tr\u00e8s complexe.<\/p>\n<p style=\"text-align: justify;\">\n<p style=\"text-align: justify;\">La r\u00e9p\u00e9tition du mantra, en accumulant les vibrations les accro\u00eet en force et en intensit\u00e9 de telle fa\u00e7on qu&rsquo;elles d\u00e9nouent nos tensions, nous harmonisent et nous vitalisent.<\/p>\n<p style=\"text-align: justify;\">\n<p style=\"text-align: justify;\">Le mantra vit par lui-m\u00eame et ne cesse d&rsquo;accumuler au cours des g\u00e9n\u00e9rations la faveur et la d\u00e9votion des ma\u00eetres et des adeptes qui le formulent. Cette force secr\u00e8te du verbe \u00e9tait bien connue des anciens dans les diverses civilisations. Ainsi Zoroastre disait : \u00ab R\u00e9p\u00e8te sans te lasser les formules qui sont aimant\u00e9es du fluide de toutes les adorations des temps pass\u00e9s \u00bb.<\/p>\n<p style=\"text-align: justify;\">\n<p style=\"text-align: justify;\">Cette nouvelle exp\u00e9rience du langage cr\u00e9e de nouvelles formes de pens\u00e9e, d\u00e9gag\u00e9es des habitudes routini\u00e8res, lib\u00e9rant des associations diff\u00e9rentes, rendant en un mot l&rsquo;homme cr\u00e9ateur. Et surtout, elles lui permettent d&rsquo;acc\u00e9der \u00e0 des \u00e9tats de conscience sup\u00e9rieurs.<\/p>\n<p style=\"text-align: justify;\">\n<p style=\"text-align: justify;\">Cette incursion dans l&rsquo;univers du son nous conduit n\u00e9cessairement \u00e0 une \u00e9coute diff\u00e9rente. Cette derni\u00e8re \u00e9tant indissolublement li\u00e9e \u00e0 l&rsquo;\u00e9mission verbale. A en juger par l&rsquo;importance accord\u00e9e \u00e0 l&rsquo;oreille dans toutes les traditions, cet organe joue bien le r\u00f4le qui lui est accord\u00e9 dans la r\u00e9alisation spirituelle.<\/p>\n<p style=\"text-align: justify;\">\n<p style=\"text-align: justify;\">C&rsquo;est ce que nous enseigne le Nada Yoga qui, par l&rsquo;\u00e9coute de son int\u00e9rieur, le son non frapp\u00e9, Anahata dhyani, qui prend naissance dans le Chakra du c\u0153ur (Anahata-chakra) nous conduit \u00e0 l&rsquo;\u00e9veil.<\/p>\n<p style=\"text-align: justify;\">\n<p style=\"text-align: justify;\">Cette pratique nous fait percevoir des sons qui se transforment au fur et \u00e0 mesure que l&rsquo;\u00e9coute se d\u00e9roule et s&rsquo;approfondit. Ils ne sont en r\u00e9alit\u00e9 que des variantes du son fondamental. Ainsi nous sont-ils d\u00e9crits dans les textes : \u00ab Au commencement le Nada donne l&rsquo;impression d&rsquo;un son aigu semblable au bourdonnement d&rsquo;abeilles ivres, puis il devient comparable \u00e0 la note qui s&rsquo;\u00e9chappe d&rsquo;une fl\u00fbte remplie de vent, il imite le son d&rsquo;un gong, il est grave comme le grondement de l&rsquo;oc\u00e9an, profond comme le roulement du tonnerre<a href=\"#_ftn3\">[3]<\/a> \u00bb.<\/p>\n<p style=\"text-align: justify;\">\n<p style=\"text-align: justify;\">D&rsquo;autres voies traditionnelles les comparent \u00e0 des bruits aquatiques ou animaux, mais pour toutes le son repr\u00e9sente un instrument privil\u00e9gi\u00e9 du contr\u00f4le mental, il est le \u00ab croc ac\u00e9r\u00e9 capable de contr\u00f4ler l&rsquo;\u00e9l\u00e9phant ivre de l&rsquo;esprit \u00bb. Pour toutes il est une des voies d&rsquo;acc\u00e8s \u00e0 la r\u00e9alisation spirituelle, accessible \u00e0 tous, m\u00eame aux \u00ab esprits confus \u00bb.<\/p>\n<p style=\"text-align: justify;\">\n<p style=\"text-align: justify;\">Ainsi le yoga nous permet d&rsquo;acc\u00e9der \u00e0 un mode d&rsquo;expression totalement d\u00e9conceptualis\u00e9 et d&rsquo;op\u00e9rer en nous une salutaire conversion \u00e0 une \u00e9coute pure, nous lib\u00e9rant de l&rsquo;intoxication auditive qui est notre lot de civilis\u00e9s. Car l&rsquo;homme moderne ressemble \u00e9trangement \u00e0 ce petit personnage contrefait, aveugle et paralytique, tout couvert d&rsquo;oreilles, n\u00e9 du g\u00e9nie de ce grand initi\u00e9 qu&rsquo;\u00e9tait Rabelais, le \u00ab Oui-dire \u00bb.<\/p>\n<p style=\"text-align: justify;\">\n<p style=\"text-align: justify;\">Subjugu\u00e9s par le pouvoir monstrueux de l&rsquo;information, nous nous laissons submerger par un savoir superficiel et h\u00e9t\u00e9roclite qui satisfait notre vanit\u00e9 et nous donne l&rsquo;illusion d&rsquo;une v\u00e9ritable culture.<\/p>\n<p style=\"text-align: justify;\">\n<p style=\"text-align: justify;\">Mais nous ne savons plus \u00e9couter en nous l&rsquo;essentiel : le son subtil, \u00e9cho du souffle cosmique, Parole silencieuse qui fait jaillir des profondeurs de l&rsquo;homme, la lumi\u00e8re int\u00e9rieure qui le conduit \u00e0 sa r\u00e9alisation.<\/p>\n<p style=\"text-align: justify;\">\n<p style=\"text-align: justify;\">\n<hr style=\"text-align: justify;\" size=\"1\" \/>\n<p style=\"text-align: justify;\"><a href=\"#_ftnref1\">[1]<\/a> Pour plus amples d\u00e9tails, le lecteur pourra se reporter \u00e0 une petite brochure tr\u00e8s int\u00e9ressante o\u00f9 ce ph\u00e9nom\u00e8ne est \u00e9voqu\u00e9 : \u00ab La messe vue par les yeux de l&rsquo;\u00e2me \u00bb de R. Emmanuel, (\u00e9ditions Dervy).<\/p>\n<p style=\"text-align: justify;\">\n<p style=\"text-align: justify;\"><a href=\"#_ftnref2\">[2]<\/a> Connaturalit\u00e9 : connaissance par identit\u00e9 de nature.<\/p>\n<p style=\"text-align: justify;\"><a href=\"#_ftnref3\">[3]<\/a> texte cit\u00e9 par Tara Micha\u00ebl dans sa traduction en fran\u00e7ais de la \u00ab Hatha-Yoga Pradipika \u00bb.<\/p>\n<p style=\"text-align: justify;\">\n","protected":false},"excerpt":{"rendered":"<p>L&rsquo;instrument le plus prestigieux qui distingue l&rsquo;homme de tout le reste de la cr\u00e9ation est incontestablement le langage. Certes, les animaux ne sont pas d\u00e9pourvus de signaux acoustiques, mais \u00e0 leur niveau les informations \u00e9mises et re\u00e7ues demeurent toujours tr\u00e8s rudimentaires en regard du code verbal humain descriptif et symbolique, qui traduit des pens\u00e9es et des sentiments d&rsquo;une extr\u00eame complexit\u00e9. Par lui, l&rsquo;\u00eatre humain structure son ego, exprime sa sp\u00e9cificit\u00e9 individuelle, d\u00e9couvre l&rsquo;autre, et s&rsquo;il p\u00e9n\u00e8tre le myst\u00e8re du verbe, il parvient m\u00eame \u00e0 saisir la raison profonde de son \u00eatre-au-monde.<\/p>\n","protected":false},"author":1,"featured_media":0,"comment_status":"closed","ping_status":"closed","sticky":false,"template":"","format":"standard","meta":{"footnotes":""},"categories":[583],"tags":[261,550],"class_list":["post-3734","post","type-post","status-publish","format-standard","hentry","category-foglio-helene","tag-langage","tag-mantra"],"yoast_head":"<!-- This site is optimized with the Yoast SEO plugin v27.0 - https:\/\/yoast.com\/product\/yoast-seo-wordpress\/ -->\n<title>La dimension spirituelle du langage par H\u00e9l\u00e8ne Foglio - 3e mill\u00e9naire - Spiritualit\u00e9 - Connaissance de soi - Non-dualit\u00e9 - M\u00e9ditation<\/title>\n<meta name=\"robots\" content=\"index, follow, max-snippet:-1, max-image-preview:large, max-video-preview:-1\" \/>\n<link rel=\"canonical\" href=\"https:\/\/www.revue3emillenaire.com\/blog\/la-dimension-spirituelle-du-langage-par-helene-foglio\/\" \/>\n<meta property=\"og:locale\" content=\"fr_FR\" \/>\n<meta property=\"og:type\" content=\"article\" \/>\n<meta property=\"og:title\" content=\"La dimension spirituelle du langage par H\u00e9l\u00e8ne Foglio - 3e mill\u00e9naire - Spiritualit\u00e9 - Connaissance de soi - Non-dualit\u00e9 - M\u00e9ditation\" \/>\n<meta property=\"og:description\" content=\"L&#039;instrument le plus prestigieux qui distingue l&#039;homme de tout le reste de la cr\u00e9ation est incontestablement le langage. Certes, les animaux ne sont pas d\u00e9pourvus de signaux acoustiques, mais \u00e0 leur niveau les informations \u00e9mises et re\u00e7ues demeurent toujours tr\u00e8s rudimentaires en regard du code verbal humain descriptif et symbolique, qui traduit des pens\u00e9es et des sentiments d&#039;une extr\u00eame complexit\u00e9. Par lui, l&#039;\u00eatre humain structure son ego, exprime sa sp\u00e9cificit\u00e9 individuelle, d\u00e9couvre l&#039;autre, et s&#039;il p\u00e9n\u00e8tre le myst\u00e8re du verbe, il parvient m\u00eame \u00e0 saisir la raison profonde de son \u00eatre-au-monde.\" \/>\n<meta property=\"og:url\" content=\"https:\/\/www.revue3emillenaire.com\/blog\/la-dimension-spirituelle-du-langage-par-helene-foglio\/\" \/>\n<meta property=\"og:site_name\" content=\"3e mill\u00e9naire - Spiritualit\u00e9 - Connaissance de soi - Non-dualit\u00e9 - M\u00e9ditation\" \/>\n<meta property=\"article:published_time\" content=\"2010-06-19T23:51:37+00:00\" \/>\n<meta property=\"article:modified_time\" content=\"2011-10-08T22:26:42+00:00\" \/>\n<meta name=\"author\" content=\"3e mill\u00e9naire\" \/>\n<meta name=\"twitter:card\" content=\"summary_large_image\" \/>\n<meta name=\"twitter:label1\" content=\"\u00c9crit par\" \/>\n\t<meta name=\"twitter:data1\" content=\"3e mill\u00e9naire\" \/>\n\t<meta name=\"twitter:label2\" content=\"Dur\u00e9e de lecture estim\u00e9e\" \/>\n\t<meta name=\"twitter:data2\" content=\"18 minutes\" \/>\n<script type=\"application\/ld+json\" class=\"yoast-schema-graph\">{\"@context\":\"https:\/\/schema.org\",\"@graph\":[{\"@type\":\"Article\",\"@id\":\"https:\/\/www.revue3emillenaire.com\/blog\/la-dimension-spirituelle-du-langage-par-helene-foglio\/#article\",\"isPartOf\":{\"@id\":\"https:\/\/www.revue3emillenaire.com\/blog\/la-dimension-spirituelle-du-langage-par-helene-foglio\/\"},\"author\":{\"name\":\"3e mill\u00e9naire\",\"@id\":\"https:\/\/www.revue3emillenaire.com\/blog\/#\/schema\/person\/9a3a7cc4ccaa707f402d4394327106d5\"},\"headline\":\"La dimension spirituelle du langage par H\u00e9l\u00e8ne Foglio\",\"datePublished\":\"2010-06-19T23:51:37+00:00\",\"dateModified\":\"2011-10-08T22:26:42+00:00\",\"mainEntityOfPage\":{\"@id\":\"https:\/\/www.revue3emillenaire.com\/blog\/la-dimension-spirituelle-du-langage-par-helene-foglio\/\"},\"wordCount\":3523,\"keywords\":[\"langage\",\"Mantra\"],\"articleSection\":[\"Foglio H\u00e9l\u00e8ne\"],\"inLanguage\":\"fr-FR\"},{\"@type\":\"WebPage\",\"@id\":\"https:\/\/www.revue3emillenaire.com\/blog\/la-dimension-spirituelle-du-langage-par-helene-foglio\/\",\"url\":\"https:\/\/www.revue3emillenaire.com\/blog\/la-dimension-spirituelle-du-langage-par-helene-foglio\/\",\"name\":\"La dimension spirituelle du langage par H\u00e9l\u00e8ne Foglio - 3e mill\u00e9naire - Spiritualit\u00e9 - Connaissance de soi - Non-dualit\u00e9 - M\u00e9ditation\",\"isPartOf\":{\"@id\":\"https:\/\/www.revue3emillenaire.com\/blog\/#website\"},\"datePublished\":\"2010-06-19T23:51:37+00:00\",\"dateModified\":\"2011-10-08T22:26:42+00:00\",\"author\":{\"@id\":\"https:\/\/www.revue3emillenaire.com\/blog\/#\/schema\/person\/9a3a7cc4ccaa707f402d4394327106d5\"},\"breadcrumb\":{\"@id\":\"https:\/\/www.revue3emillenaire.com\/blog\/la-dimension-spirituelle-du-langage-par-helene-foglio\/#breadcrumb\"},\"inLanguage\":\"fr-FR\",\"potentialAction\":[{\"@type\":\"ReadAction\",\"target\":[\"https:\/\/www.revue3emillenaire.com\/blog\/la-dimension-spirituelle-du-langage-par-helene-foglio\/\"]}]},{\"@type\":\"BreadcrumbList\",\"@id\":\"https:\/\/www.revue3emillenaire.com\/blog\/la-dimension-spirituelle-du-langage-par-helene-foglio\/#breadcrumb\",\"itemListElement\":[{\"@type\":\"ListItem\",\"position\":1,\"name\":\"Accueil\",\"item\":\"https:\/\/www.revue3emillenaire.com\/blog\/\"},{\"@type\":\"ListItem\",\"position\":2,\"name\":\"La dimension spirituelle du langage par H\u00e9l\u00e8ne Foglio\"}]},{\"@type\":\"WebSite\",\"@id\":\"https:\/\/www.revue3emillenaire.com\/blog\/#website\",\"url\":\"https:\/\/www.revue3emillenaire.com\/blog\/\",\"name\":\"3e mill\u00e9naire - Spiritualit\u00e9 - Connaissance de soi - Non-dualit\u00e9 - M\u00e9ditation\",\"description\":\"L&#039;Homme en devenir\",\"potentialAction\":[{\"@type\":\"SearchAction\",\"target\":{\"@type\":\"EntryPoint\",\"urlTemplate\":\"https:\/\/www.revue3emillenaire.com\/blog\/?s={search_term_string}\"},\"query-input\":{\"@type\":\"PropertyValueSpecification\",\"valueRequired\":true,\"valueName\":\"search_term_string\"}}],\"inLanguage\":\"fr-FR\"},{\"@type\":\"Person\",\"@id\":\"https:\/\/www.revue3emillenaire.com\/blog\/#\/schema\/person\/9a3a7cc4ccaa707f402d4394327106d5\",\"name\":\"3e mill\u00e9naire\",\"url\":\"https:\/\/www.revue3emillenaire.com\/blog\/author\/admin\/\"}]}<\/script>\n<!-- \/ Yoast SEO plugin. -->","yoast_head_json":{"title":"La dimension spirituelle du langage par H\u00e9l\u00e8ne Foglio - 3e mill\u00e9naire - Spiritualit\u00e9 - Connaissance de soi - Non-dualit\u00e9 - M\u00e9ditation","robots":{"index":"index","follow":"follow","max-snippet":"max-snippet:-1","max-image-preview":"max-image-preview:large","max-video-preview":"max-video-preview:-1"},"canonical":"https:\/\/www.revue3emillenaire.com\/blog\/la-dimension-spirituelle-du-langage-par-helene-foglio\/","og_locale":"fr_FR","og_type":"article","og_title":"La dimension spirituelle du langage par H\u00e9l\u00e8ne Foglio - 3e mill\u00e9naire - Spiritualit\u00e9 - Connaissance de soi - Non-dualit\u00e9 - M\u00e9ditation","og_description":"L'instrument le plus prestigieux qui distingue l'homme de tout le reste de la cr\u00e9ation est incontestablement le langage. Certes, les animaux ne sont pas d\u00e9pourvus de signaux acoustiques, mais \u00e0 leur niveau les informations \u00e9mises et re\u00e7ues demeurent toujours tr\u00e8s rudimentaires en regard du code verbal humain descriptif et symbolique, qui traduit des pens\u00e9es et des sentiments d'une extr\u00eame complexit\u00e9. Par lui, l'\u00eatre humain structure son ego, exprime sa sp\u00e9cificit\u00e9 individuelle, d\u00e9couvre l'autre, et s'il p\u00e9n\u00e8tre le myst\u00e8re du verbe, il parvient m\u00eame \u00e0 saisir la raison profonde de son \u00eatre-au-monde.","og_url":"https:\/\/www.revue3emillenaire.com\/blog\/la-dimension-spirituelle-du-langage-par-helene-foglio\/","og_site_name":"3e mill\u00e9naire - Spiritualit\u00e9 - Connaissance de soi - Non-dualit\u00e9 - M\u00e9ditation","article_published_time":"2010-06-19T23:51:37+00:00","article_modified_time":"2011-10-08T22:26:42+00:00","author":"3e mill\u00e9naire","twitter_card":"summary_large_image","twitter_misc":{"\u00c9crit par":"3e mill\u00e9naire","Dur\u00e9e de lecture estim\u00e9e":"18 minutes"},"schema":{"@context":"https:\/\/schema.org","@graph":[{"@type":"Article","@id":"https:\/\/www.revue3emillenaire.com\/blog\/la-dimension-spirituelle-du-langage-par-helene-foglio\/#article","isPartOf":{"@id":"https:\/\/www.revue3emillenaire.com\/blog\/la-dimension-spirituelle-du-langage-par-helene-foglio\/"},"author":{"name":"3e mill\u00e9naire","@id":"https:\/\/www.revue3emillenaire.com\/blog\/#\/schema\/person\/9a3a7cc4ccaa707f402d4394327106d5"},"headline":"La dimension spirituelle du langage par H\u00e9l\u00e8ne Foglio","datePublished":"2010-06-19T23:51:37+00:00","dateModified":"2011-10-08T22:26:42+00:00","mainEntityOfPage":{"@id":"https:\/\/www.revue3emillenaire.com\/blog\/la-dimension-spirituelle-du-langage-par-helene-foglio\/"},"wordCount":3523,"keywords":["langage","Mantra"],"articleSection":["Foglio H\u00e9l\u00e8ne"],"inLanguage":"fr-FR"},{"@type":"WebPage","@id":"https:\/\/www.revue3emillenaire.com\/blog\/la-dimension-spirituelle-du-langage-par-helene-foglio\/","url":"https:\/\/www.revue3emillenaire.com\/blog\/la-dimension-spirituelle-du-langage-par-helene-foglio\/","name":"La dimension spirituelle du langage par H\u00e9l\u00e8ne Foglio - 3e mill\u00e9naire - Spiritualit\u00e9 - Connaissance de soi - Non-dualit\u00e9 - M\u00e9ditation","isPartOf":{"@id":"https:\/\/www.revue3emillenaire.com\/blog\/#website"},"datePublished":"2010-06-19T23:51:37+00:00","dateModified":"2011-10-08T22:26:42+00:00","author":{"@id":"https:\/\/www.revue3emillenaire.com\/blog\/#\/schema\/person\/9a3a7cc4ccaa707f402d4394327106d5"},"breadcrumb":{"@id":"https:\/\/www.revue3emillenaire.com\/blog\/la-dimension-spirituelle-du-langage-par-helene-foglio\/#breadcrumb"},"inLanguage":"fr-FR","potentialAction":[{"@type":"ReadAction","target":["https:\/\/www.revue3emillenaire.com\/blog\/la-dimension-spirituelle-du-langage-par-helene-foglio\/"]}]},{"@type":"BreadcrumbList","@id":"https:\/\/www.revue3emillenaire.com\/blog\/la-dimension-spirituelle-du-langage-par-helene-foglio\/#breadcrumb","itemListElement":[{"@type":"ListItem","position":1,"name":"Accueil","item":"https:\/\/www.revue3emillenaire.com\/blog\/"},{"@type":"ListItem","position":2,"name":"La dimension spirituelle du langage par H\u00e9l\u00e8ne Foglio"}]},{"@type":"WebSite","@id":"https:\/\/www.revue3emillenaire.com\/blog\/#website","url":"https:\/\/www.revue3emillenaire.com\/blog\/","name":"3e mill\u00e9naire - Spiritualit\u00e9 - Connaissance de soi - Non-dualit\u00e9 - M\u00e9ditation","description":"L&#039;Homme en devenir","potentialAction":[{"@type":"SearchAction","target":{"@type":"EntryPoint","urlTemplate":"https:\/\/www.revue3emillenaire.com\/blog\/?s={search_term_string}"},"query-input":{"@type":"PropertyValueSpecification","valueRequired":true,"valueName":"search_term_string"}}],"inLanguage":"fr-FR"},{"@type":"Person","@id":"https:\/\/www.revue3emillenaire.com\/blog\/#\/schema\/person\/9a3a7cc4ccaa707f402d4394327106d5","name":"3e mill\u00e9naire","url":"https:\/\/www.revue3emillenaire.com\/blog\/author\/admin\/"}]}},"_links":{"self":[{"href":"https:\/\/www.revue3emillenaire.com\/blog\/wp-json\/wp\/v2\/posts\/3734","targetHints":{"allow":["GET"]}}],"collection":[{"href":"https:\/\/www.revue3emillenaire.com\/blog\/wp-json\/wp\/v2\/posts"}],"about":[{"href":"https:\/\/www.revue3emillenaire.com\/blog\/wp-json\/wp\/v2\/types\/post"}],"author":[{"embeddable":true,"href":"https:\/\/www.revue3emillenaire.com\/blog\/wp-json\/wp\/v2\/users\/1"}],"replies":[{"embeddable":true,"href":"https:\/\/www.revue3emillenaire.com\/blog\/wp-json\/wp\/v2\/comments?post=3734"}],"version-history":[{"count":0,"href":"https:\/\/www.revue3emillenaire.com\/blog\/wp-json\/wp\/v2\/posts\/3734\/revisions"}],"wp:attachment":[{"href":"https:\/\/www.revue3emillenaire.com\/blog\/wp-json\/wp\/v2\/media?parent=3734"}],"wp:term":[{"taxonomy":"category","embeddable":true,"href":"https:\/\/www.revue3emillenaire.com\/blog\/wp-json\/wp\/v2\/categories?post=3734"},{"taxonomy":"post_tag","embeddable":true,"href":"https:\/\/www.revue3emillenaire.com\/blog\/wp-json\/wp\/v2\/tags?post=3734"}],"curies":[{"name":"wp","href":"https:\/\/api.w.org\/{rel}","templated":true}]}}