{"id":3761,"date":"2010-06-23T13:26:55","date_gmt":"2010-06-23T12:26:55","guid":{"rendered":"http:\/\/www.revue3emillenaire.com\/blog\/?p=3761"},"modified":"2010-06-23T13:28:12","modified_gmt":"2010-06-23T12:28:12","slug":"peut-on-definir-le-%c2%ab-moi-%c2%bb-par-serge-brisy","status":"publish","type":"post","link":"https:\/\/www.revue3emillenaire.com\/blog\/peut-on-definir-le-%c2%ab-moi-%c2%bb-par-serge-brisy\/","title":{"rendered":"Peut-on d\u00e9finir le \u00ab moi \u00bb ? par Serge Brisy"},"content":{"rendered":"<p style=\"text-align: justify;\">(Revue Spiritualit\u00e9. N<sup>o<\/sup> 13. 15 D\u00e9cembre 1945)<\/p>\n<p style=\"text-align: justify;\">\n<p style=\"text-align: justify;\">D\u00e9finir le \u00ab moi \u00bb dans sa R\u00e9alit\u00e9 est chose impossible. Les Sages eux-m\u00eames n&rsquo;y arrivent pas.<\/p>\n<p style=\"text-align: justify;\">\n<p style=\"text-align: justify;\">Tout d&rsquo;abord, le mot renferme en lui d&rsquo;innombrables interpr\u00e9tations de plus, celui qui n&rsquo;a pas encore travers\u00e9 l&rsquo;exp\u00e9rience ultime de la lib\u00e9ration, interpr\u00e8te toute parole \u00e0 la mesure de sa propre compr\u00e9hension ; et tant qu&rsquo;il n&rsquo;a pas conscience du Moi R\u00e9el, il interroge le Sage \u00e0 travers ses limitations multiples et ne cesse de les opposer, inconsciemment, aux paroles que le Sage prononce.<\/p>\n<p style=\"text-align: justify;\">\n<p style=\"text-align: justify;\">C\u2019est pourquoi ceux-ci nous disent\u00a0: \u00ab\u00a0Les mots ne sont que des formations de l&rsquo;intellect. L&rsquo;intellect ne peut rien nous faire dire du vrai moi&#8230; Le silence est son v\u00e9ritable langage&#8230; La difficult\u00e9 consiste \u00e0 pr\u00e9senter cette R\u00e9alit\u00e9 fondamentale sans en alt\u00e9rer la puret\u00e9, \u00e0 ne pas la recouvrir de mots&#8230; Malgr\u00e9 tout, les mots cr\u00e9ent des malentendus&#8230; Ils peuvent devenir des cages.\u00bb (Krishnamurti.)<\/p>\n<p style=\"text-align: justify;\">\n<p style=\"text-align: center;\">***<\/p>\n<p style=\"text-align: justify;\">\n<p style=\"text-align: justify;\">Si le Sage ne nous d\u00e9finit pas ou peu cette R\u00e9alit\u00e9 ultime, fondamentale, comment la d\u00e9finirions-nous, alors que nous sommes loin encore d&rsquo;avoir travers\u00e9 l&rsquo;exp\u00e9rience qui nous l&rsquo;explique, sans texte, sans ma\u00eetre, sans rien d&rsquo;autre que notre illumination ? Nous sommes au stage o\u00f9 nous questionnons encore et le Sage, \u00e0 nos questions, se contente de r\u00e9pondre:<\/p>\n<p style=\"text-align: justify;\">\n<p style=\"text-align: justify;\">\u00ab Toute question implique la pr\u00e9sence de celui qui la pose, de l&rsquo;ego, dont l&rsquo;existence est le n\u00e9gation m\u00eame du v\u00e9ritable Moi. \u00bb (Maharshi)<\/p>\n<p style=\"text-align: justify;\">\n<p style=\"text-align: justify;\">Songeons \u00e0 nos faux \u00ab moi \u00bb (notre corps, nos \u00e9motions passag\u00e8res, nos pens\u00e9es variables, m\u00eame notre \u00e9go qui veut se faire prendre pour le Moi R\u00e9el); \u00e9voquons le sentiment de s\u00e9paration que nous ressentons devant toute chose, \u2014 sentiment d\u00fb \u00e0 nos sens insuffisamment d\u00e9velopp\u00e9s. Notre \u00e9go ou individualit\u00e9 se substitue au Moi R\u00e9el, en prend l&rsquo;apparence, nous leurre sans cesse. C&rsquo;est lui qui nuis donne la certitude d&rsquo;\u00eatre diff\u00e9rent, distinct de notre voisin, d&rsquo;un objet, parce qu&rsquo;il n&rsquo;a pas un contact continu avec la vie qui anime n&rsquo;importe quelle forme et qui est une en chaque chose. Et parce que la question surgit du centre m\u00eame de ce sentiment de s\u00e9paration, le Sage nous dit encore\u00a0:<\/p>\n<p style=\"text-align: justify;\">\n<p style=\"text-align: justify;\">\u00ab\u00a0L&rsquo;interrogateur suppose que l&rsquo;\u00e9go est le Moi et formule ensuite la question. Et la question ayant un point de d\u00e9part faux n&rsquo;est jamais correctement pos\u00e9e. Or, si l&rsquo;interrogateur\u00a0 arrachait cette erreur initiale de l&rsquo;\u00e9go, il n&rsquo;y aurait plus de question \u00e0 poser. \u00bb (Maharshi)<\/p>\n<p style=\"text-align: justify;\">\n<p style=\"text-align: justify;\">Il n&rsquo;y aurai plus de question \u00e0 poser parce que, le Moi s&rsquo;\u00e9tant r\u00e9alis\u00e9 dans sa R\u00e9alit\u00e9 m\u00eame, comment l&rsquo;Homme R\u00e9el devrait-il encore questionner sa r\u00e9alit\u00e9 devenue tangiblement, int\u00e9gralement lui-m\u00eame ?<\/p>\n<p style=\"text-align: justify;\">\n<p style=\"text-align: justify;\">Nous ne questionnons que ce qui est, ou nous appara\u00eet en-dehors de nous, au-del\u00e0 de nous, \u00e9tranger \u00e0 nous-m\u00eames. Questionnons-nous les battements de notre c\u0153ur ? Oui, lorsque la maladie apporte une rupture d&rsquo;\u00e9quilibre dans son fonctionnement et qu&rsquo;il nous g\u00eane, comme un corps \u00e9tranger \u00e0 nous-m\u00eames, et nous ne le questionnons alors que pour r\u00e9tablir l&rsquo;\u00e9quilibre rompu.<\/p>\n<p style=\"text-align: justify;\">\n<p style=\"text-align: justify;\">D\u00e8s que l&rsquo;\u00eatre comprend le sens de la Vie et est harmonis\u00e9 avec son essence il s&rsquo;all\u00e8ge de tout ce qui l&rsquo;illusionne, jusqu&rsquo;\u00e0 devenir d&rsquo;une transparence telle, qu&rsquo;il n&rsquo;existe plus en tant que \u00ab moi \u00bb s\u00e9par\u00e9. Canal parfait de la Vie, il ne dresse plus devant elle aucun obstacle personnel. C&rsquo;est \u00e0 ce moment qu&rsquo;il est \u00ab sans \u00e9go \u00bb, c.-\u00e0-d. sans obstacle. Ayant tu\u00e9 en lui tout \u00e9go\u00efsme, il exprime naturellement le Divin, dont il n&rsquo;est plus que l&rsquo;expression parfaite.<\/p>\n<p style=\"text-align: justify;\">\n<p style=\"text-align: justify;\">Les Sages ne nous expliquent donc jamais le \u00ab moi \u00bb, mais se contentent de nous indiquer les moyens de nous d\u00e9barrasser de nos entraves personnelles. Ils nous d\u00e9crivent la route qu&rsquo;ils ont suivie et ne peuvent faire davantage. Car la lib\u00e9ration, promise \u00e0 tous, n&rsquo;est pas du ressort du Ma\u00eetre, quelque grand qu&rsquo;Il soit. Elle appartient \u00e0 l&rsquo;individu lui-m\u00eame. Chacun doit briser ses limitations propres, tout comme chaque poussin doit briser, seul, la coquille de son \u0153uf, d\u00e8s que cette coquille limite l&rsquo;expansion de sa vie individuelle.<\/p>\n<p style=\"text-align: justify;\">\n<p style=\"text-align: justify;\">Contentons-nous donc, de donner quelques d\u00e9finitions du Moi par des Sages contemporains :<\/p>\n<p style=\"text-align: justify;\">\n<p style=\"text-align: justify;\">\u00ab Nous disons que l&rsquo;\u00e9tincelle divine dans l&rsquo;homme est une et identique avec l&rsquo;Esprit Universel et que, par cons\u00e9quent, le Moi spirituel est en r\u00e9alit\u00e9 omniscient, mais que les obstacles de la mati\u00e8re l&#8217;emp\u00eachent de manifester sa connaissance. \u00bb (H. P. Blavatsky)<\/p>\n<p style=\"text-align: justify;\">\n<p style=\"text-align: justify;\">\u00ab Alors que nous sommes d\u00e9j\u00e0 le vrai Moi, nous faisons des efforts pour le trouver. Un jour viendra o\u00f9 nous rirons de nos efforts. Et ce que nous r\u00e9aliserons, ce jour-l\u00e0, est d\u00e8s maintenant la V\u00e9rit\u00e9 : nous n&rsquo;avons pas \u00e0 devenir le vrai Moi, nous le sommes. \u00bb (Maharshi)<\/p>\n<p style=\"text-align: justify;\">\n<p style=\"text-align: justify;\">\u00ab Le Divin est le Moi unique dans notre \u00eatre immuable et hors du temps, pr\u00e9sent aussi dans le monde, dans toutes les existences, dans toutes les activit\u00e9s, ma\u00eetre du silence et de la paix, ma\u00eetre de la puissance et de l&rsquo;action, le ma\u00eetre de chaque \u00eatre individuel. \u00bb (Shri Aurobindo)<\/p>\n<p style=\"text-align: justify;\">\n<p style=\"text-align: justify;\">\u00ab\u00a0Il n&rsquo;y a qu&rsquo;un Moi, et ce Moi unique: c&rsquo;est vous. Derri\u00e8re cette petite nature que nous voyons se trouve le Moi&#8230; Il est la r\u00e9alit\u00e9 de la nature. Partout o\u00f9 l&rsquo;on est deux, il y a conflit, il y a danger, il y a lutte. Quand tout est UN, il ne reste plus que l&rsquo;Ultime R\u00e9alit\u00e9. \u00bb (Vivekananda)<\/p>\n<p style=\"text-align: justify;\">\n<p style=\"text-align: justify;\">\u00ab C&rsquo;est l&rsquo;ignorance qui contraint l&rsquo;\u00e9go \u00e0 percevoir la multiplicit\u00e9 l\u00e0 o\u00f9 seul, l&rsquo;UN existe. \u00bb (Swami Siddheswarananda)<\/p>\n<p style=\"text-align: justify;\">\n<p style=\"text-align: justify;\">\u00ab L&rsquo;\u00e9go n&rsquo;est qu&rsquo;une ombre, une obsession et une illusion. Toute vie est une et c&rsquo;est vous-m\u00eame. \u00bb (Swami Ramdas)<\/p>\n<p style=\"text-align: justify;\">\n<p style=\"text-align: justify;\">\u00ab L&rsquo;\u00e9tincelle \u2014 Ou ce que je voudrais appeler la vie conditionn\u00e9e \u2014 ne peut entrer dans la flamme \u00e9ternelle ou r\u00e9aliser la V\u00e9rit\u00e9, qui est la pl\u00e9nitude de la vie, si elle ne devient elle-m\u00eame la flamme, ou si la vie conditionn\u00e9e n&rsquo;atteint pas la pl\u00e9nitude de la Vie elle-m\u00eame. \u00bb (Krishnamurti)<\/p>\n<p style=\"text-align: right;\">Serge BRISY<\/p>\n","protected":false},"excerpt":{"rendered":"<p>D\u00e8s que l&rsquo;\u00eatre comprend le sens de la Vie et est harmonis\u00e9 avec son essence il s&rsquo;all\u00e8ge de tout ce qui l&rsquo;illusionne, jusqu&rsquo;\u00e0 devenir d&rsquo;une transparence telle, qu&rsquo;il n&rsquo;existe plus en tant que \u00ab moi \u00bb s\u00e9par\u00e9. Canal parfait de la Vie, il ne dresse plus devant elle aucun obstacle personnel. C&rsquo;est \u00e0 ce moment qu&rsquo;il est \u00ab sans \u00e9go \u00bb, c.-\u00e0-d. sans obstacle. Ayant tu\u00e9 en lui tout \u00e9go\u00efsme, il exprime naturellement le Divin, dont il n&rsquo;est plus que l&rsquo;expression parfaite.<\/p>\n","protected":false},"author":1,"featured_media":0,"comment_status":"closed","ping_status":"closed","sticky":false,"template":"","format":"standard","meta":{"footnotes":""},"categories":[522],"tags":[88,23],"class_list":["post-3761","post","type-post","status-publish","format-standard","hentry","category-brisy-serge","tag-le-moi","tag-liberation"],"yoast_head":"<!-- This site is optimized with the Yoast SEO plugin v27.0 - https:\/\/yoast.com\/product\/yoast-seo-wordpress\/ -->\n<title>Peut-on d\u00e9finir le \u00ab moi \u00bb ? par Serge Brisy - 3e mill\u00e9naire - Spiritualit\u00e9 - Connaissance de soi - Non-dualit\u00e9 - M\u00e9ditation<\/title>\n<meta name=\"robots\" content=\"index, follow, max-snippet:-1, max-image-preview:large, max-video-preview:-1\" \/>\n<link rel=\"canonical\" href=\"https:\/\/www.revue3emillenaire.com\/blog\/peut-on-definir-le-\u00ab-moi-\u00bb-par-serge-brisy\/\" \/>\n<meta property=\"og:locale\" content=\"fr_FR\" \/>\n<meta property=\"og:type\" content=\"article\" \/>\n<meta property=\"og:title\" content=\"Peut-on d\u00e9finir le \u00ab moi \u00bb ? par Serge Brisy - 3e mill\u00e9naire - Spiritualit\u00e9 - Connaissance de soi - Non-dualit\u00e9 - M\u00e9ditation\" \/>\n<meta property=\"og:description\" content=\"D\u00e8s que l&#039;\u00eatre comprend le sens de la Vie et est harmonis\u00e9 avec son essence il s&#039;all\u00e8ge de tout ce qui l&#039;illusionne, jusqu&#039;\u00e0 devenir d&#039;une transparence telle, qu&#039;il n&#039;existe plus en tant que \u00ab moi \u00bb s\u00e9par\u00e9. Canal parfait de la Vie, il ne dresse plus devant elle aucun obstacle personnel. C&#039;est \u00e0 ce moment qu&#039;il est \u00ab sans \u00e9go \u00bb, c.-\u00e0-d. sans obstacle. Ayant tu\u00e9 en lui tout \u00e9go\u00efsme, il exprime naturellement le Divin, dont il n&#039;est plus que l&#039;expression parfaite.\" \/>\n<meta property=\"og:url\" content=\"https:\/\/www.revue3emillenaire.com\/blog\/peut-on-definir-le-\u00ab-moi-\u00bb-par-serge-brisy\/\" \/>\n<meta property=\"og:site_name\" content=\"3e mill\u00e9naire - Spiritualit\u00e9 - Connaissance de soi - Non-dualit\u00e9 - M\u00e9ditation\" \/>\n<meta property=\"article:published_time\" content=\"2010-06-23T12:26:55+00:00\" \/>\n<meta property=\"article:modified_time\" content=\"2010-06-23T12:28:12+00:00\" \/>\n<meta name=\"author\" content=\"3e mill\u00e9naire\" \/>\n<meta name=\"twitter:card\" content=\"summary_large_image\" \/>\n<meta name=\"twitter:label1\" content=\"\u00c9crit par\" \/>\n\t<meta name=\"twitter:data1\" content=\"3e mill\u00e9naire\" \/>\n\t<meta name=\"twitter:label2\" content=\"Dur\u00e9e de lecture estim\u00e9e\" \/>\n\t<meta name=\"twitter:data2\" content=\"5 minutes\" \/>\n<script type=\"application\/ld+json\" class=\"yoast-schema-graph\">{\"@context\":\"https:\/\/schema.org\",\"@graph\":[{\"@type\":\"Article\",\"@id\":\"https:\/\/www.revue3emillenaire.com\/blog\/peut-on-definir-le-%c2%ab-moi-%c2%bb-par-serge-brisy\/#article\",\"isPartOf\":{\"@id\":\"https:\/\/www.revue3emillenaire.com\/blog\/peut-on-definir-le-%c2%ab-moi-%c2%bb-par-serge-brisy\/\"},\"author\":{\"name\":\"3e mill\u00e9naire\",\"@id\":\"https:\/\/www.revue3emillenaire.com\/blog\/#\/schema\/person\/9a3a7cc4ccaa707f402d4394327106d5\"},\"headline\":\"Peut-on d\u00e9finir le \u00ab moi \u00bb ? par Serge Brisy\",\"datePublished\":\"2010-06-23T12:26:55+00:00\",\"dateModified\":\"2010-06-23T12:28:12+00:00\",\"mainEntityOfPage\":{\"@id\":\"https:\/\/www.revue3emillenaire.com\/blog\/peut-on-definir-le-%c2%ab-moi-%c2%bb-par-serge-brisy\/\"},\"wordCount\":1017,\"keywords\":[\"Le moi\",\"Lib\u00e9ration\"],\"articleSection\":[\"Brisy Serge\"],\"inLanguage\":\"fr-FR\"},{\"@type\":\"WebPage\",\"@id\":\"https:\/\/www.revue3emillenaire.com\/blog\/peut-on-definir-le-%c2%ab-moi-%c2%bb-par-serge-brisy\/\",\"url\":\"https:\/\/www.revue3emillenaire.com\/blog\/peut-on-definir-le-%c2%ab-moi-%c2%bb-par-serge-brisy\/\",\"name\":\"Peut-on d\u00e9finir le \u00ab moi \u00bb ? par Serge Brisy - 3e mill\u00e9naire - Spiritualit\u00e9 - Connaissance de soi - Non-dualit\u00e9 - M\u00e9ditation\",\"isPartOf\":{\"@id\":\"https:\/\/www.revue3emillenaire.com\/blog\/#website\"},\"datePublished\":\"2010-06-23T12:26:55+00:00\",\"dateModified\":\"2010-06-23T12:28:12+00:00\",\"author\":{\"@id\":\"https:\/\/www.revue3emillenaire.com\/blog\/#\/schema\/person\/9a3a7cc4ccaa707f402d4394327106d5\"},\"breadcrumb\":{\"@id\":\"https:\/\/www.revue3emillenaire.com\/blog\/peut-on-definir-le-%c2%ab-moi-%c2%bb-par-serge-brisy\/#breadcrumb\"},\"inLanguage\":\"fr-FR\",\"potentialAction\":[{\"@type\":\"ReadAction\",\"target\":[\"https:\/\/www.revue3emillenaire.com\/blog\/peut-on-definir-le-%c2%ab-moi-%c2%bb-par-serge-brisy\/\"]}]},{\"@type\":\"BreadcrumbList\",\"@id\":\"https:\/\/www.revue3emillenaire.com\/blog\/peut-on-definir-le-%c2%ab-moi-%c2%bb-par-serge-brisy\/#breadcrumb\",\"itemListElement\":[{\"@type\":\"ListItem\",\"position\":1,\"name\":\"Accueil\",\"item\":\"https:\/\/www.revue3emillenaire.com\/blog\/\"},{\"@type\":\"ListItem\",\"position\":2,\"name\":\"Peut-on d\u00e9finir le \u00ab moi \u00bb ? par Serge Brisy\"}]},{\"@type\":\"WebSite\",\"@id\":\"https:\/\/www.revue3emillenaire.com\/blog\/#website\",\"url\":\"https:\/\/www.revue3emillenaire.com\/blog\/\",\"name\":\"3e mill\u00e9naire - Spiritualit\u00e9 - Connaissance de soi - Non-dualit\u00e9 - M\u00e9ditation\",\"description\":\"L&#039;Homme en devenir\",\"potentialAction\":[{\"@type\":\"SearchAction\",\"target\":{\"@type\":\"EntryPoint\",\"urlTemplate\":\"https:\/\/www.revue3emillenaire.com\/blog\/?s={search_term_string}\"},\"query-input\":{\"@type\":\"PropertyValueSpecification\",\"valueRequired\":true,\"valueName\":\"search_term_string\"}}],\"inLanguage\":\"fr-FR\"},{\"@type\":\"Person\",\"@id\":\"https:\/\/www.revue3emillenaire.com\/blog\/#\/schema\/person\/9a3a7cc4ccaa707f402d4394327106d5\",\"name\":\"3e mill\u00e9naire\",\"url\":\"https:\/\/www.revue3emillenaire.com\/blog\/author\/admin\/\"}]}<\/script>\n<!-- \/ Yoast SEO plugin. -->","yoast_head_json":{"title":"Peut-on d\u00e9finir le \u00ab moi \u00bb ? par Serge Brisy - 3e mill\u00e9naire - Spiritualit\u00e9 - Connaissance de soi - Non-dualit\u00e9 - M\u00e9ditation","robots":{"index":"index","follow":"follow","max-snippet":"max-snippet:-1","max-image-preview":"max-image-preview:large","max-video-preview":"max-video-preview:-1"},"canonical":"https:\/\/www.revue3emillenaire.com\/blog\/peut-on-definir-le-\u00ab-moi-\u00bb-par-serge-brisy\/","og_locale":"fr_FR","og_type":"article","og_title":"Peut-on d\u00e9finir le \u00ab moi \u00bb ? par Serge Brisy - 3e mill\u00e9naire - Spiritualit\u00e9 - Connaissance de soi - Non-dualit\u00e9 - M\u00e9ditation","og_description":"D\u00e8s que l'\u00eatre comprend le sens de la Vie et est harmonis\u00e9 avec son essence il s'all\u00e8ge de tout ce qui l'illusionne, jusqu'\u00e0 devenir d'une transparence telle, qu'il n'existe plus en tant que \u00ab moi \u00bb s\u00e9par\u00e9. Canal parfait de la Vie, il ne dresse plus devant elle aucun obstacle personnel. C'est \u00e0 ce moment qu'il est \u00ab sans \u00e9go \u00bb, c.-\u00e0-d. sans obstacle. Ayant tu\u00e9 en lui tout \u00e9go\u00efsme, il exprime naturellement le Divin, dont il n'est plus que l'expression parfaite.","og_url":"https:\/\/www.revue3emillenaire.com\/blog\/peut-on-definir-le-\u00ab-moi-\u00bb-par-serge-brisy\/","og_site_name":"3e mill\u00e9naire - Spiritualit\u00e9 - Connaissance de soi - Non-dualit\u00e9 - M\u00e9ditation","article_published_time":"2010-06-23T12:26:55+00:00","article_modified_time":"2010-06-23T12:28:12+00:00","author":"3e mill\u00e9naire","twitter_card":"summary_large_image","twitter_misc":{"\u00c9crit par":"3e mill\u00e9naire","Dur\u00e9e de lecture estim\u00e9e":"5 minutes"},"schema":{"@context":"https:\/\/schema.org","@graph":[{"@type":"Article","@id":"https:\/\/www.revue3emillenaire.com\/blog\/peut-on-definir-le-%c2%ab-moi-%c2%bb-par-serge-brisy\/#article","isPartOf":{"@id":"https:\/\/www.revue3emillenaire.com\/blog\/peut-on-definir-le-%c2%ab-moi-%c2%bb-par-serge-brisy\/"},"author":{"name":"3e mill\u00e9naire","@id":"https:\/\/www.revue3emillenaire.com\/blog\/#\/schema\/person\/9a3a7cc4ccaa707f402d4394327106d5"},"headline":"Peut-on d\u00e9finir le \u00ab moi \u00bb ? par Serge Brisy","datePublished":"2010-06-23T12:26:55+00:00","dateModified":"2010-06-23T12:28:12+00:00","mainEntityOfPage":{"@id":"https:\/\/www.revue3emillenaire.com\/blog\/peut-on-definir-le-%c2%ab-moi-%c2%bb-par-serge-brisy\/"},"wordCount":1017,"keywords":["Le moi","Lib\u00e9ration"],"articleSection":["Brisy Serge"],"inLanguage":"fr-FR"},{"@type":"WebPage","@id":"https:\/\/www.revue3emillenaire.com\/blog\/peut-on-definir-le-%c2%ab-moi-%c2%bb-par-serge-brisy\/","url":"https:\/\/www.revue3emillenaire.com\/blog\/peut-on-definir-le-%c2%ab-moi-%c2%bb-par-serge-brisy\/","name":"Peut-on d\u00e9finir le \u00ab moi \u00bb ? par Serge Brisy - 3e mill\u00e9naire - Spiritualit\u00e9 - Connaissance de soi - Non-dualit\u00e9 - M\u00e9ditation","isPartOf":{"@id":"https:\/\/www.revue3emillenaire.com\/blog\/#website"},"datePublished":"2010-06-23T12:26:55+00:00","dateModified":"2010-06-23T12:28:12+00:00","author":{"@id":"https:\/\/www.revue3emillenaire.com\/blog\/#\/schema\/person\/9a3a7cc4ccaa707f402d4394327106d5"},"breadcrumb":{"@id":"https:\/\/www.revue3emillenaire.com\/blog\/peut-on-definir-le-%c2%ab-moi-%c2%bb-par-serge-brisy\/#breadcrumb"},"inLanguage":"fr-FR","potentialAction":[{"@type":"ReadAction","target":["https:\/\/www.revue3emillenaire.com\/blog\/peut-on-definir-le-%c2%ab-moi-%c2%bb-par-serge-brisy\/"]}]},{"@type":"BreadcrumbList","@id":"https:\/\/www.revue3emillenaire.com\/blog\/peut-on-definir-le-%c2%ab-moi-%c2%bb-par-serge-brisy\/#breadcrumb","itemListElement":[{"@type":"ListItem","position":1,"name":"Accueil","item":"https:\/\/www.revue3emillenaire.com\/blog\/"},{"@type":"ListItem","position":2,"name":"Peut-on d\u00e9finir le \u00ab moi \u00bb ? par Serge Brisy"}]},{"@type":"WebSite","@id":"https:\/\/www.revue3emillenaire.com\/blog\/#website","url":"https:\/\/www.revue3emillenaire.com\/blog\/","name":"3e mill\u00e9naire - Spiritualit\u00e9 - Connaissance de soi - Non-dualit\u00e9 - M\u00e9ditation","description":"L&#039;Homme en devenir","potentialAction":[{"@type":"SearchAction","target":{"@type":"EntryPoint","urlTemplate":"https:\/\/www.revue3emillenaire.com\/blog\/?s={search_term_string}"},"query-input":{"@type":"PropertyValueSpecification","valueRequired":true,"valueName":"search_term_string"}}],"inLanguage":"fr-FR"},{"@type":"Person","@id":"https:\/\/www.revue3emillenaire.com\/blog\/#\/schema\/person\/9a3a7cc4ccaa707f402d4394327106d5","name":"3e mill\u00e9naire","url":"https:\/\/www.revue3emillenaire.com\/blog\/author\/admin\/"}]}},"_links":{"self":[{"href":"https:\/\/www.revue3emillenaire.com\/blog\/wp-json\/wp\/v2\/posts\/3761","targetHints":{"allow":["GET"]}}],"collection":[{"href":"https:\/\/www.revue3emillenaire.com\/blog\/wp-json\/wp\/v2\/posts"}],"about":[{"href":"https:\/\/www.revue3emillenaire.com\/blog\/wp-json\/wp\/v2\/types\/post"}],"author":[{"embeddable":true,"href":"https:\/\/www.revue3emillenaire.com\/blog\/wp-json\/wp\/v2\/users\/1"}],"replies":[{"embeddable":true,"href":"https:\/\/www.revue3emillenaire.com\/blog\/wp-json\/wp\/v2\/comments?post=3761"}],"version-history":[{"count":0,"href":"https:\/\/www.revue3emillenaire.com\/blog\/wp-json\/wp\/v2\/posts\/3761\/revisions"}],"wp:attachment":[{"href":"https:\/\/www.revue3emillenaire.com\/blog\/wp-json\/wp\/v2\/media?parent=3761"}],"wp:term":[{"taxonomy":"category","embeddable":true,"href":"https:\/\/www.revue3emillenaire.com\/blog\/wp-json\/wp\/v2\/categories?post=3761"},{"taxonomy":"post_tag","embeddable":true,"href":"https:\/\/www.revue3emillenaire.com\/blog\/wp-json\/wp\/v2\/tags?post=3761"}],"curies":[{"name":"wp","href":"https:\/\/api.w.org\/{rel}","templated":true}]}}