{"id":390,"date":"2009-11-26T00:00:00","date_gmt":"2009-11-26T00:00:00","guid":{"rendered":"http:\/\/www.revue3emillenaire.com\/blog\/?p=390"},"modified":"2011-09-22T22:36:05","modified_gmt":"2011-09-22T21:36:05","slug":"le-cas-unique-de-jeanne-darc-dans-lhistoire-par-jean-louis-simons","status":"publish","type":"post","link":"https:\/\/www.revue3emillenaire.com\/blog\/le-cas-unique-de-jeanne-darc-dans-lhistoire-par-jean-louis-simons\/","title":{"rendered":"Le cas unique de Jeanne d\u2019Arc dans l\u2019histoire par Jean-Louis Si&eacute;mons"},"content":{"rendered":"<p style=\"text-align: justify;\"><strong>Jean-Louis Si\u00e9mons &#8211; LE CAS UNIQUE DE JEANNE D&rsquo;ARC DANS L&rsquo;HISTOIRE<\/strong><\/p>\n<p style=\"text-align: justify;\">\n<p style=\"text-align: justify;\">Plus d&rsquo;une biographie a \u00e9t\u00e9 publi\u00e9e sur elle (par Michelet, Henri Martin, Wallon, et d&rsquo;autres). Il existe cependant un livre, assez essentiel \u00e0 consulter, \u00e9labor\u00e9 (vers 1877 &#8211; 78) par Marcel Poullin : <em>La Lib\u00e9ratrice d&rsquo;Orl\u00e9ans<\/em> (333 pages, en grand format). Une enqu\u00eate, pleine d&rsquo;informations tir\u00e9es d&rsquo;archives de l&rsquo;\u00e9poque et de t\u00e9moignages de contemporains (en langue fran\u00e7aise de ce d\u00e9but de 15<sup>\u00e8me<\/sup> si\u00e8cle).Y figurent aussi les comptes rendus des interrogatoires (publics ou secrets) auxquels Jeanne a \u00e9t\u00e9 soumise, lors de son proc\u00e8s \u00e0 Rouen, pr\u00e9sid\u00e9 par Cauchon, l&rsquo;\u00e9v\u00eaque perfide de Beauvais.<\/p>\n<p style=\"text-align: justify;\">\n<p style=\"text-align: justify;\">On a beaucoup parl\u00e9 de ses \u00ab\u00a0voix\u00a0\u00bb (\u00ab\u00a0de Dieu\u00a0\u00bb) : en fait il s&rsquo;est agi, le plus g\u00e9n\u00e9ralement, de visions, <em>accompagn\u00e9es de voix<\/em> (n&rsquo;\u00e9manant d&rsquo;ailleurs jamais de \u00ab\u00a0Dieu\u00a0\u00bb). La premi\u00e8re fois, c&rsquo;est St Michel qui s&rsquo;est r\u00e9v\u00e9l\u00e9 dans une aura de lumi\u00e8re. Elle avait alors 13 ans &#8211; St Michel \u00e9tait environn\u00e9 d&rsquo;anges. Les \u00ab\u00a0visions-voix\u00a0\u00bb se sont r\u00e9p\u00e9t\u00e9es, tr\u00e8s fr\u00e9quemment, mettant en sc\u00e8ne d&rsquo;autres figures, respect\u00e9es particuli\u00e8rement par les bons chr\u00e9tiens : l&rsquo;archange Gabriel et 2 saintes, (Ste Catherine et Ste Marguerite). D\u00e8s lors, Jeanne n&rsquo;a plus peur : elle d\u00e9sire ces rencontres, qui la confortent dans sa foi, et la guident dans sa vie de toute jeune fille &#8211; connue pour sa douceur, son d\u00e9vouement, son caract\u00e8re compatissant pour les pauvres. Une cr\u00e9ature aim\u00e9e de tous.<\/p>\n<p style=\"text-align: justify;\">\n<p style=\"text-align: justify;\">Mais, au bout de 3 ans, les choses se pr\u00e9cisent : Michel lui ordonne d&rsquo;aller au secours du roi de France, Charles VII, dont le royaume s&rsquo;\u00e9tendait alors jusqu&rsquo;aux confins de la Lorraine (o\u00f9 vivait Jeanne, \u00e0 Domr\u00e9my) : le roi \u00e9tait un inconnu pour les petites gens de ces coins retir\u00e9s, souvent victimes des raids et pillages des Bourguignons qui s\u00e9vissaient dans les parages (la famille de Jeanne a \u00e9t\u00e9 victime de l&rsquo;un de ces forfaits : moisson br\u00fbl\u00e9e, d\u00e9molition d&rsquo;une partie de la ferme, etc.)<\/p>\n<p style=\"text-align: justify;\">\n<p style=\"text-align: justify;\">Donc, vers l&rsquo;\u00e2ge de 16 ans, Jeanne re\u00e7oit sa \u00ab\u00a0mission\u00a0\u00bb &#8211; avec les instructions n\u00e9cessaires pour la marche \u00e0 suivre. Elle trouve le moyen de s&rsquo;\u00e9loigner du foyer paternel (pour une bonne cause : secourir une parente souffrante) ; d&rsquo;abord, il s&rsquo;agit pour elle de se rendre, \u00e0 Vaucouleurs, demander au sire de Beaudricourt le moyen d&rsquo;aller trouver le roi, \u00e0 Chinon. Bien s\u00fbr, il faut beaucoup de patience et de pers\u00e9v\u00e9rance pour une jeune fille de 16 ans, d\u00e9sireuse de se faire entendre d&rsquo;un tel personnage. Elle est \u00e9conduite, sans m\u00e9nagement. Elle s&rsquo;ent\u00eate. \u00c9conduite une 2<sup>\u00e8me<\/sup> fois ; \u00e0 la troisi\u00e8me, elle obtient ce qu&rsquo;elle voulait &#8211; ce que son ange lui avait dict\u00e9. Elle part, habill\u00e9e en cavalier d&rsquo;armes, accompagn\u00e9e de deux chevaliers et de 4 hommes d&rsquo;escorte. (C&rsquo;est le 25 f\u00e9vrier 1429).<\/p>\n<p style=\"text-align: justify;\">\n<p style=\"text-align: justify;\">Domr\u00e9my-Chinon : 150 lieues (environ 600 km). Un bout de chemin, sur des routes peu s\u00fbres, avec les Bourguignons souvent proches, mais Jeanne doit b\u00e9n\u00e9ficier de quelque protection. Au bout d&rsquo;une douzaine de jours, voici le ch\u00e2teau de Chinon. Les voyageurs, qui ont averti de leur venue, sont log\u00e9s l\u00e0 (dans la tour du Coudray). Apr\u00e8s quelques jours d&rsquo;attente (et de tergiversations de la part du roi), Jeanne est admise dans la salle o\u00f9 le roi, en habit assez simple, se trouve m\u00eal\u00e9 \u00e0 de beaux gentilshommes. Jeanne va droit \u00e0 lui et s&rsquo;agenouille \u00e0 ses pieds. Mais non ! \u00ab\u00a0le roi c&rsquo;est lui&#8230;\u00a0\u00bb dit Charles VII, en montrant un riche seigneur ! Jeanne insiste : elle <em>sait<\/em> qui est le souverain. Un dialogue s&rsquo;engage. Jeanne r\u00e9v\u00e8lera, dans cet \u00e9change, un secret que le roi est seul \u00e0 conna\u00eetre. Il se laisse convaincre, mais avant toute d\u00e9cision, Jeanne devra subir trois semaines d&rsquo;interrogatoires avec des gens d&rsquo;\u00c9glise, charg\u00e9s de v\u00e9rifier \u00ab\u00a0l&rsquo;authenticit\u00e9\u00a0\u00bb de la jeune fille (qu&rsquo;on pourrait prendre pour une sorci\u00e8re) et la l\u00e9gitimit\u00e9 de sa d\u00e9marche. Au bout de toutes ces \u00e9preuves, le programme de Jeanne est adopt\u00e9 : elle ira d&rsquo;abord d\u00e9livrer Orl\u00e9ans, et le roi ira se faire sacrer \u00e0 Reims.<\/p>\n<p style=\"text-align: justify;\">\n<p style=\"text-align: justify;\">\u00c0 son \u00e2ge, sans entra\u00eenement militaire, Jeanne n&rsquo;est pas une combattante de 1<sup>\u00e8re<\/sup> ligne, mais elle a une telle d\u00e9termination, une foi dans sa mission &#8211; qui s&rsquo;est confirm\u00e9e encore lorsqu&rsquo;elle a obtenu du roi ce que ses anges lui avait dict\u00e9 de faire &#8211; un tel charisme contagieux, qu&rsquo;elle galvanise les guerriers qui l&rsquo;accompagnent, avec le ravitaillement et les aides n\u00e9cessaires pour les Orl\u00e9anais \u00e9puis\u00e9s par le si\u00e8ge prolong\u00e9 des Anglais autour de la ville. Elle parvient \u00e0 entrer, \u00e0 dynamiser les d\u00e9fenseurs d\u00e9courag\u00e9s. En peu de temps, les Anglais l\u00e8vent le si\u00e8ge, le 8 mai 1429. Et cette fois, Jeanne a bien gain de cause : le roi se d\u00e9cide \u00e0 partir \u00e0 Reims. Encore quelques combats (la bataille de Patay, le 18 juin), et places fortes \u00e0 d\u00e9livrer, et voici la ville o\u00f9 Clovis a \u00e9t\u00e9 baptis\u00e9 par St R\u00e9mi, jadis (en 496), la ville o\u00f9 maintenant les rois de France sont sacr\u00e9s &#8211; consacr\u00e9s \u00e0 leur condition royale : tant que Charles VII n&rsquo;avait pas \u00e9t\u00e9 ainsi sacr\u00e9 \u00e0 Reims, il n&rsquo;\u00e9tait que le \u00ab\u00a0Dauphin\u00a0\u00bb. Il y avait un autre pr\u00e9tendant en concurrence, Henri VI, plac\u00e9 par les Anglais comme candidat au tr\u00f4ne. Il devait s&rsquo;\u00e9tablir \u00e0 Paris, ce qui lui conf\u00e9rait un rayonnement non n\u00e9gligeable, mais le 17 juillet 1429, le seul roi l\u00e9gitime \u00e9tait d\u00e9sormais Charles VII.<\/p>\n<p style=\"text-align: justify;\">\n<p style=\"text-align: justify;\">\u00c0 Reims, Jeanne pouvait songer que sa mission \u00e9tait accomplie. Assur\u00e9ment. Pourtant, le roi souhaitait qu&rsquo;elle ne retourne pas \u00e0 Domr\u00e9my chez son p\u00e8re. Enhardie par ses succ\u00e8s, elle a effectivement repris sa lutte, pour tenter de lib\u00e9rer tout le royaume. Mais, cette fois, la chance ne lui souriait plus. Elle n&rsquo;a pas pu prendre Paris. Il faut dire que le roi ne la soutenait plus gu\u00e8re. Finalement, \u00e0 Compi\u00e8gne, assi\u00e9g\u00e9e par les Bourguignons, elle a fini par tomber (le 23 mai 1430) aux mains de l&rsquo;ennemi, qui la vendit aux Anglais (novembre 1430). On conna\u00eet la suite. Trimbal\u00e9e jusqu&rsquo;au Crotoy (\u00e0 l&rsquo;estuaire de la Somme), elle s&rsquo;est retrouv\u00e9e emprisonn\u00e9e \u00e0 Rouen o\u00f9, apr\u00e8s un proc\u00e8s m\u00e9morable (o\u00f9 les inquisiteurs ont donn\u00e9 toute la mesure de leur vil\u00e9nie), elle a fini sa vie sur le b\u00fbcher, le 30 mai 1431 (elle avait un peu plus de 19 ans). Il faut dire que Charles VII n&rsquo;avait pas boug\u00e9 beaucoup pour la secourir. Il est vrai qu&rsquo;il avait anobli Jeanne et sa famille (en d\u00e9cembre 1429, quelque mois apr\u00e8s le sacre de Reims) mais, maintenant, il l&rsquo;abandonnait \u00e0 son sort.<\/p>\n<p style=\"text-align: justify;\">\n<p style=\"text-align: justify;\">Les proc\u00e8s-verbaux des s\u00e9ances du proc\u00e8s sont remarquables par la force d&rsquo;\u00e2me, la confiance en elle-m\u00eame et la sagesse dont Jeanne a pu faire preuve dans les r\u00e9ponses qu&rsquo;elle a formul\u00e9es aux questions perfides que lui posaient ses bourreaux (du 20 f\u00e9vrier \u00e0 la fin de mai 1430). Il faut dire que ses \u00ab\u00a0voix-visions\u00a0\u00bb ne l&rsquo;abandonnaient pas \u00e0 cette heure critique, et soutenaient la jeune fille dans sa d\u00e9votion in\u00e9branlable. Condamn\u00e9e au supplice du feu comme h\u00e9r\u00e9tique, relapse et autres crimes, aux yeux des bons gardiens de la foi catholique, sa mort n&rsquo;a pas manqu\u00e9 de susciter des troubles graves dans la bonne conscience de plus d&rsquo;un des dignitaires et pr\u00e9lats qui avaient suivi le proc\u00e8s. Il arriva m\u00eame qu&rsquo;un Anglais s&rsquo;\u00e9crie, affol\u00e9 apr\u00e8s la mort de Jeanne : \u00ab\u00a0Nous avons br\u00fbl\u00e9 une sainte&#8230;\u00a0\u00bb<\/p>\n<p style=\"text-align: justify;\">\n<p style=\"text-align: justify;\">Au bout du compte, sa cause fut plaid\u00e9e en haut lieu : elle fut r\u00e9habilit\u00e9e, le 7 juillet 1456. Encore un peu de patience et la sainte \u00c9glise allait la canoniser en bonne et due forme. A la m\u00e9moire de \u00ab\u00a0Sainte Jeanne d&rsquo;Arc\u00a0\u00bb, plus d&rsquo;une statue serait \u00e9rig\u00e9e dans les villes de France, et sa f\u00eate serait inscrite au calendrier (le 30 mai).<\/p>\n<p style=\"text-align: justify;\">\n<p style=\"text-align: justify;\">Avant de conclure ce bref aper\u00e7u biographique, il faut encore dire un mot des pouvoirs de clairvoyance de notre Jeanne. Par exemple, le jour de son arriv\u00e9e \u00e0 Chinon, un homme d&rsquo;armes l&rsquo;avait plaisant\u00e9e grossi\u00e8rement, en jurant le nom de Dieu. Elle r\u00e9pondit : \u00ab\u00a0Comment pouvez-vous renier le nom de Dieu quand vous \u00eates si pr\u00e8s de mourir ?\u00a0\u00bb Le soir m\u00eame ce soldat tomba \u00e0 l&rsquo;eau et se noya. (D&rsquo;o\u00f9 les soup\u00e7ons de \u00ab\u00a0sorci\u00e8re\u00a0\u00bb pesant sur la jeune fille, et les examens qu&rsquo;elle dut subir pour l&rsquo;innocenter). Plus tard, m\u00eame en prison, elle \u00ab\u00a0savait\u00a0\u00bb que d&rsquo;ici 7 ans les Anglais seraient bout\u00e9s hors de France. Elle avait eu aussi des pr\u00e9monitions (concernant une blessure qu&rsquo;elle recevrait, ou le sort de prisonni\u00e8re qui l&rsquo;attendait, etc.). Elle r\u00e9v\u00e9la m\u00eame l&rsquo;existence d&rsquo;une \u00e9p\u00e9e cach\u00e9e, enterr\u00e9e derri\u00e8re l&rsquo;autel d&rsquo;une \u00e9glise : une fouille \u00e0 l&rsquo;endroit indiqu\u00e9 permit de la retrouver toute rouill\u00e9e. \u00c0 Chinon, elle avait donn\u00e9 un signe secret au roi (plus de 300 personnes l&rsquo;avaient vu aussi, mais Jeanne refusa de r\u00e9v\u00e9ler sa nature aux juges du proc\u00e8s de Rouen).<\/p>\n<p style=\"text-align: justify;\">\n<p style=\"text-align: justify;\">Alors ? Que conclure de cette rapide enqu\u00eate ?<\/p>\n<p style=\"text-align: justify;\">\n<p style=\"text-align: justify;\">Jeanne d&rsquo;Arc : sorci\u00e8re ? M\u00e9dium ? Mystique illumin\u00e9e, hyst\u00e9rique ? Etc, etc. Toutes les hypoth\u00e8ses sont permises, pour se d\u00e9barrasser d&rsquo;un cas g\u00eanant. Mais les faits sont l\u00e0, avec des centaines de t\u00e9moins pour les cautionner. Personne n&rsquo;a vu les anges, avec leur lumi\u00e8re et leurs voix qui appellent \u00e0 l&rsquo;ouvrage, ou encouragent \u00e0 pers\u00e9v\u00e9rer. Devrait-on douter pour cela de l&rsquo;intervention d&rsquo;une ou plusieurs entit\u00e9s spirituelles de haut niveau dans la vie d&rsquo;une jeune fille tr\u00e8s pure, compatissante, et pr\u00eate \u00e0 se d\u00e9vouer pour une cause dont elle sentait toute la noblesse &#8211; et l&rsquo;urgence ? Elle, une \u00ab\u00a0soldate\u00a0\u00bb qui n&rsquo;a jamais tu\u00e9 un seul homme de ses mains, au cours de toutes ses batailles. Et qu&rsquo;on ne vienne pas invoquer la l\u00e9gendaire \u00ab\u00a0faiblesse f\u00e9minine\u00a0\u00bb qui aurait d\u00fb n\u00e9cessairement interdire, chez cette adolescente, un tel d\u00e9ploiement d&rsquo;\u00e9nergie &#8211; pendant des ann\u00e9es &#8211; en notre si\u00e8cle qui d\u00e9couvre les extraordinaires prouesses de plus d&rsquo;une jeune fille se montrant capable d&rsquo;exploits d\u00e9fiant l&rsquo;imagination, telle cette Maud Fontenoy qui, vers la fin de sa 22<sup>\u00e8me<\/sup> ann\u00e9e, s&rsquo;est lanc\u00e9e, seule, dans la travers\u00e9e \u00e0 la rame de l&rsquo;Oc\u00e9an Atlantique (puis, 2 ans plus tard, du Pacifique) avant de faire le tour du monde \u00e0 la voile, en couvrant ainsi 14.500 km, toujours en solitaire, et en bravant tous les dangers d&rsquo;une telle entreprise.)<a href=\"#_ftn1\">[1]<\/a><\/p>\n<p style=\"text-align: justify;\">\n<p style=\"text-align: justify;\">Malheureusement, le cas de Jeanne d&rsquo;Arc n&rsquo;est mentionn\u00e9 dans aucun des textes de la litt\u00e9rature th\u00e9osophique \u00e0 notre disposition. On ne peut manquer cependant de voir, dans son aventure, un exemple de l&rsquo;intervention probable de la Loge des Ma\u00eetres dans le d\u00e9roulement des \u00e9v\u00e9nements historiques concernant un pays, ou plusieurs groupes humains li\u00e9s par une destin\u00e9e commune. Rien n&#8217;emp\u00eacherait m\u00eame de penser que la jeune Lorraine a \u00e9t\u00e9 prise en charge par un <em>Nirm\u00e2nak\u00e2ya<\/em><a href=\"#_ftn2\">[2]<\/a>, pour accomplir une mission importante, \u00e0 un tournant de l&rsquo;histoire de France. Sans doute Jeanne avait-elle une disposition karmique pour une telle vocation et rien ne pouvait faire obstacle en elle &#8211; si pure, si d\u00e9vou\u00e9e et serviable &#8211; \u00e0 cette prise en charge par un Adepte avanc\u00e9 du Mur Gardien de l&rsquo;Humanit\u00e9, pour r\u00e9aliser l&rsquo;action-sacrifice que les temps exigeaient \u00e0 cette \u00e9poque. Sans elle &#8211; sans l&rsquo;intervention \u00ab\u00a0miraculeuse\u00a0\u00bb (en apparence) d&rsquo;un tel Adepte &#8211; que serait devenu le Royaume de France ? Il y a des urgences que nous ne savons pas jauger mais dont la Loge des Ma\u00eetres est suffisamment consciente pour l&rsquo;amener \u00e0 intervenir &#8211; lorsque le karma le permet.<\/p>\n<p style=\"text-align: justify;\">\n<p style=\"text-align: justify;\">Mars 2008<\/p>\n<p style=\"text-align: justify;\">\n<hr style=\"text-align: justify;\" size=\"1\" \/>\n<p style=\"text-align: justify;\"><a href=\"#_ftnref1\">[1]<\/a> Voir ses livres, en particulier <em>Atlantique face Nord<\/em> (117 jours \u00e0 la rame). Paris, Laffont, 2004.<\/p>\n<p style=\"text-align: justify;\"><a href=\"#_ftnref2\">[2]<\/a> Rappelons que le terme Nirm\u00e2nak\u00e2ya sert \u00e0 d\u00e9signer un Adepte hautement spirituel qui, apr\u00e8s avoir quitt\u00e9 son corps mortel, conserve une personnalit\u00e9 suffisamment permanente pour demeurer &#8211; suivant sa volont\u00e9 &#8211; dans le monde invisible, assez proche de la sph\u00e8re terrestre pour pouvoir aider l&rsquo;humanit\u00e9 en g\u00e9n\u00e9ral ou, \u00e9ventuellement, un individu isol\u00e9, toujours dans un but de service collectif. Dans ce cas, comme on le lit dans le Glossaire Th\u00e9osophique, il se comporte \u00ab\u00a0vraiment comme un ange gardien pour l&rsquo;individu qui m\u00e9rite son aide\u00a0\u00bb.<\/p>\n","protected":false},"excerpt":{"rendered":"<p>Plus d&rsquo;une biographie a \u00e9t\u00e9 publi\u00e9e sur elle (par Michelet, Henri Martin, Wallon, et d&rsquo;autres). Il existe cependant un livre, assez essentiel \u00e0 consulter, \u00e9labor\u00e9 (vers 1877 &#8211; 78) par Marcel Poullin : La Lib\u00e9ratrice d&rsquo;Orl\u00e9ans (333 pages, en grand format). Une enqu\u00eate, pleine d&rsquo;informations tir\u00e9es d&rsquo;archives de l&rsquo;\u00e9poque et de t\u00e9moignages de contemporains (en langue fran\u00e7aise de ce d\u00e9but de 15\u00e8me si\u00e8cle).Y figurent aussi les comptes rendus des interrogatoires (publics ou secrets) auxquels Jeanne a \u00e9t\u00e9 soumise, lors de son proc\u00e8s \u00e0 Rouen, pr\u00e9sid\u00e9 par Cauchon, l&rsquo;\u00e9v\u00eaque perfide de Beauvais.<\/p>\n","protected":false},"author":1,"featured_media":0,"comment_status":"open","ping_status":"open","sticky":false,"template":"","format":"standard","meta":{"footnotes":""},"categories":[294,79],"tags":[19,152,151],"class_list":["post-390","post","type-post","status-publish","format-standard","hentry","category-inedit","category-j-l-siemons","tag-karma","tag-maitres","tag-voyance"],"yoast_head":"<!-- This site is optimized with the Yoast SEO plugin v27.0 - https:\/\/yoast.com\/product\/yoast-seo-wordpress\/ -->\n<title>Le cas unique de Jeanne d\u2019Arc dans l\u2019histoire par Jean-Louis Si&eacute;mons - 3e mill\u00e9naire - Spiritualit\u00e9 - Connaissance de soi - Non-dualit\u00e9 - M\u00e9ditation<\/title>\n<meta name=\"robots\" content=\"index, follow, max-snippet:-1, max-image-preview:large, max-video-preview:-1\" \/>\n<link rel=\"canonical\" href=\"https:\/\/www.revue3emillenaire.com\/blog\/le-cas-unique-de-jeanne-darc-dans-lhistoire-par-jean-louis-simons\/\" \/>\n<meta property=\"og:locale\" content=\"fr_FR\" \/>\n<meta property=\"og:type\" content=\"article\" \/>\n<meta property=\"og:title\" content=\"Le cas unique de Jeanne d\u2019Arc dans l\u2019histoire par Jean-Louis Si&eacute;mons - 3e mill\u00e9naire - Spiritualit\u00e9 - Connaissance de soi - Non-dualit\u00e9 - M\u00e9ditation\" \/>\n<meta property=\"og:description\" content=\"Plus d&#039;une biographie a \u00e9t\u00e9 publi\u00e9e sur elle (par Michelet, Henri Martin, Wallon, et d&#039;autres). Il existe cependant un livre, assez essentiel \u00e0 consulter, \u00e9labor\u00e9 (vers 1877 - 78) par Marcel Poullin : La Lib\u00e9ratrice d&#039;Orl\u00e9ans (333 pages, en grand format). Une enqu\u00eate, pleine d&#039;informations tir\u00e9es d&#039;archives de l&#039;\u00e9poque et de t\u00e9moignages de contemporains (en langue fran\u00e7aise de ce d\u00e9but de 15\u00e8me si\u00e8cle).Y figurent aussi les comptes rendus des interrogatoires (publics ou secrets) auxquels Jeanne a \u00e9t\u00e9 soumise, lors de son proc\u00e8s \u00e0 Rouen, pr\u00e9sid\u00e9 par Cauchon, l&#039;\u00e9v\u00eaque perfide de Beauvais.\" \/>\n<meta property=\"og:url\" content=\"https:\/\/www.revue3emillenaire.com\/blog\/le-cas-unique-de-jeanne-darc-dans-lhistoire-par-jean-louis-simons\/\" \/>\n<meta property=\"og:site_name\" content=\"3e mill\u00e9naire - Spiritualit\u00e9 - Connaissance de soi - Non-dualit\u00e9 - M\u00e9ditation\" \/>\n<meta property=\"article:published_time\" content=\"2009-11-26T00:00:00+00:00\" \/>\n<meta property=\"article:modified_time\" content=\"2011-09-22T21:36:05+00:00\" \/>\n<meta name=\"author\" content=\"3e mill\u00e9naire\" \/>\n<meta name=\"twitter:card\" content=\"summary_large_image\" \/>\n<meta name=\"twitter:label1\" content=\"\u00c9crit par\" \/>\n\t<meta name=\"twitter:data1\" content=\"3e mill\u00e9naire\" \/>\n\t<meta name=\"twitter:label2\" content=\"Dur\u00e9e de lecture estim\u00e9e\" \/>\n\t<meta name=\"twitter:data2\" content=\"10 minutes\" \/>\n<script type=\"application\/ld+json\" class=\"yoast-schema-graph\">{\"@context\":\"https:\/\/schema.org\",\"@graph\":[{\"@type\":\"Article\",\"@id\":\"https:\/\/www.revue3emillenaire.com\/blog\/le-cas-unique-de-jeanne-darc-dans-lhistoire-par-jean-louis-simons\/#article\",\"isPartOf\":{\"@id\":\"https:\/\/www.revue3emillenaire.com\/blog\/le-cas-unique-de-jeanne-darc-dans-lhistoire-par-jean-louis-simons\/\"},\"author\":{\"name\":\"3e mill\u00e9naire\",\"@id\":\"https:\/\/www.revue3emillenaire.com\/blog\/#\/schema\/person\/9a3a7cc4ccaa707f402d4394327106d5\"},\"headline\":\"Le cas unique de Jeanne d\u2019Arc dans l\u2019histoire par Jean-Louis Si&eacute;mons\",\"datePublished\":\"2009-11-26T00:00:00+00:00\",\"dateModified\":\"2011-09-22T21:36:05+00:00\",\"mainEntityOfPage\":{\"@id\":\"https:\/\/www.revue3emillenaire.com\/blog\/le-cas-unique-de-jeanne-darc-dans-lhistoire-par-jean-louis-simons\/\"},\"wordCount\":2090,\"commentCount\":0,\"keywords\":[\"Karma\",\"maitres\",\"Voyance\"],\"articleSection\":[\"In\u00e9dit\",\"Si\u00e9mons Jean-Louis\"],\"inLanguage\":\"fr-FR\",\"potentialAction\":[{\"@type\":\"CommentAction\",\"name\":\"Comment\",\"target\":[\"https:\/\/www.revue3emillenaire.com\/blog\/le-cas-unique-de-jeanne-darc-dans-lhistoire-par-jean-louis-simons\/#respond\"]}]},{\"@type\":\"WebPage\",\"@id\":\"https:\/\/www.revue3emillenaire.com\/blog\/le-cas-unique-de-jeanne-darc-dans-lhistoire-par-jean-louis-simons\/\",\"url\":\"https:\/\/www.revue3emillenaire.com\/blog\/le-cas-unique-de-jeanne-darc-dans-lhistoire-par-jean-louis-simons\/\",\"name\":\"Le cas unique de Jeanne d\u2019Arc dans l\u2019histoire par Jean-Louis Si&eacute;mons - 3e mill\u00e9naire - Spiritualit\u00e9 - Connaissance de soi - Non-dualit\u00e9 - M\u00e9ditation\",\"isPartOf\":{\"@id\":\"https:\/\/www.revue3emillenaire.com\/blog\/#website\"},\"datePublished\":\"2009-11-26T00:00:00+00:00\",\"dateModified\":\"2011-09-22T21:36:05+00:00\",\"author\":{\"@id\":\"https:\/\/www.revue3emillenaire.com\/blog\/#\/schema\/person\/9a3a7cc4ccaa707f402d4394327106d5\"},\"breadcrumb\":{\"@id\":\"https:\/\/www.revue3emillenaire.com\/blog\/le-cas-unique-de-jeanne-darc-dans-lhistoire-par-jean-louis-simons\/#breadcrumb\"},\"inLanguage\":\"fr-FR\",\"potentialAction\":[{\"@type\":\"ReadAction\",\"target\":[\"https:\/\/www.revue3emillenaire.com\/blog\/le-cas-unique-de-jeanne-darc-dans-lhistoire-par-jean-louis-simons\/\"]}]},{\"@type\":\"BreadcrumbList\",\"@id\":\"https:\/\/www.revue3emillenaire.com\/blog\/le-cas-unique-de-jeanne-darc-dans-lhistoire-par-jean-louis-simons\/#breadcrumb\",\"itemListElement\":[{\"@type\":\"ListItem\",\"position\":1,\"name\":\"Accueil\",\"item\":\"https:\/\/www.revue3emillenaire.com\/blog\/\"},{\"@type\":\"ListItem\",\"position\":2,\"name\":\"Le cas unique de Jeanne d\u2019Arc dans l\u2019histoire par Jean-Louis Si&eacute;mons\"}]},{\"@type\":\"WebSite\",\"@id\":\"https:\/\/www.revue3emillenaire.com\/blog\/#website\",\"url\":\"https:\/\/www.revue3emillenaire.com\/blog\/\",\"name\":\"3e mill\u00e9naire - Spiritualit\u00e9 - Connaissance de soi - Non-dualit\u00e9 - M\u00e9ditation\",\"description\":\"L&#039;Homme en devenir\",\"potentialAction\":[{\"@type\":\"SearchAction\",\"target\":{\"@type\":\"EntryPoint\",\"urlTemplate\":\"https:\/\/www.revue3emillenaire.com\/blog\/?s={search_term_string}\"},\"query-input\":{\"@type\":\"PropertyValueSpecification\",\"valueRequired\":true,\"valueName\":\"search_term_string\"}}],\"inLanguage\":\"fr-FR\"},{\"@type\":\"Person\",\"@id\":\"https:\/\/www.revue3emillenaire.com\/blog\/#\/schema\/person\/9a3a7cc4ccaa707f402d4394327106d5\",\"name\":\"3e mill\u00e9naire\",\"url\":\"https:\/\/www.revue3emillenaire.com\/blog\/author\/admin\/\"}]}<\/script>\n<!-- \/ Yoast SEO plugin. -->","yoast_head_json":{"title":"Le cas unique de Jeanne d\u2019Arc dans l\u2019histoire par Jean-Louis Si&eacute;mons - 3e mill\u00e9naire - Spiritualit\u00e9 - Connaissance de soi - Non-dualit\u00e9 - M\u00e9ditation","robots":{"index":"index","follow":"follow","max-snippet":"max-snippet:-1","max-image-preview":"max-image-preview:large","max-video-preview":"max-video-preview:-1"},"canonical":"https:\/\/www.revue3emillenaire.com\/blog\/le-cas-unique-de-jeanne-darc-dans-lhistoire-par-jean-louis-simons\/","og_locale":"fr_FR","og_type":"article","og_title":"Le cas unique de Jeanne d\u2019Arc dans l\u2019histoire par Jean-Louis Si&eacute;mons - 3e mill\u00e9naire - Spiritualit\u00e9 - Connaissance de soi - Non-dualit\u00e9 - M\u00e9ditation","og_description":"Plus d'une biographie a \u00e9t\u00e9 publi\u00e9e sur elle (par Michelet, Henri Martin, Wallon, et d'autres). Il existe cependant un livre, assez essentiel \u00e0 consulter, \u00e9labor\u00e9 (vers 1877 - 78) par Marcel Poullin : La Lib\u00e9ratrice d'Orl\u00e9ans (333 pages, en grand format). Une enqu\u00eate, pleine d'informations tir\u00e9es d'archives de l'\u00e9poque et de t\u00e9moignages de contemporains (en langue fran\u00e7aise de ce d\u00e9but de 15\u00e8me si\u00e8cle).Y figurent aussi les comptes rendus des interrogatoires (publics ou secrets) auxquels Jeanne a \u00e9t\u00e9 soumise, lors de son proc\u00e8s \u00e0 Rouen, pr\u00e9sid\u00e9 par Cauchon, l'\u00e9v\u00eaque perfide de Beauvais.","og_url":"https:\/\/www.revue3emillenaire.com\/blog\/le-cas-unique-de-jeanne-darc-dans-lhistoire-par-jean-louis-simons\/","og_site_name":"3e mill\u00e9naire - Spiritualit\u00e9 - Connaissance de soi - Non-dualit\u00e9 - M\u00e9ditation","article_published_time":"2009-11-26T00:00:00+00:00","article_modified_time":"2011-09-22T21:36:05+00:00","author":"3e mill\u00e9naire","twitter_card":"summary_large_image","twitter_misc":{"\u00c9crit par":"3e mill\u00e9naire","Dur\u00e9e de lecture estim\u00e9e":"10 minutes"},"schema":{"@context":"https:\/\/schema.org","@graph":[{"@type":"Article","@id":"https:\/\/www.revue3emillenaire.com\/blog\/le-cas-unique-de-jeanne-darc-dans-lhistoire-par-jean-louis-simons\/#article","isPartOf":{"@id":"https:\/\/www.revue3emillenaire.com\/blog\/le-cas-unique-de-jeanne-darc-dans-lhistoire-par-jean-louis-simons\/"},"author":{"name":"3e mill\u00e9naire","@id":"https:\/\/www.revue3emillenaire.com\/blog\/#\/schema\/person\/9a3a7cc4ccaa707f402d4394327106d5"},"headline":"Le cas unique de Jeanne d\u2019Arc dans l\u2019histoire par Jean-Louis Si&eacute;mons","datePublished":"2009-11-26T00:00:00+00:00","dateModified":"2011-09-22T21:36:05+00:00","mainEntityOfPage":{"@id":"https:\/\/www.revue3emillenaire.com\/blog\/le-cas-unique-de-jeanne-darc-dans-lhistoire-par-jean-louis-simons\/"},"wordCount":2090,"commentCount":0,"keywords":["Karma","maitres","Voyance"],"articleSection":["In\u00e9dit","Si\u00e9mons Jean-Louis"],"inLanguage":"fr-FR","potentialAction":[{"@type":"CommentAction","name":"Comment","target":["https:\/\/www.revue3emillenaire.com\/blog\/le-cas-unique-de-jeanne-darc-dans-lhistoire-par-jean-louis-simons\/#respond"]}]},{"@type":"WebPage","@id":"https:\/\/www.revue3emillenaire.com\/blog\/le-cas-unique-de-jeanne-darc-dans-lhistoire-par-jean-louis-simons\/","url":"https:\/\/www.revue3emillenaire.com\/blog\/le-cas-unique-de-jeanne-darc-dans-lhistoire-par-jean-louis-simons\/","name":"Le cas unique de Jeanne d\u2019Arc dans l\u2019histoire par Jean-Louis Si&eacute;mons - 3e mill\u00e9naire - Spiritualit\u00e9 - Connaissance de soi - Non-dualit\u00e9 - M\u00e9ditation","isPartOf":{"@id":"https:\/\/www.revue3emillenaire.com\/blog\/#website"},"datePublished":"2009-11-26T00:00:00+00:00","dateModified":"2011-09-22T21:36:05+00:00","author":{"@id":"https:\/\/www.revue3emillenaire.com\/blog\/#\/schema\/person\/9a3a7cc4ccaa707f402d4394327106d5"},"breadcrumb":{"@id":"https:\/\/www.revue3emillenaire.com\/blog\/le-cas-unique-de-jeanne-darc-dans-lhistoire-par-jean-louis-simons\/#breadcrumb"},"inLanguage":"fr-FR","potentialAction":[{"@type":"ReadAction","target":["https:\/\/www.revue3emillenaire.com\/blog\/le-cas-unique-de-jeanne-darc-dans-lhistoire-par-jean-louis-simons\/"]}]},{"@type":"BreadcrumbList","@id":"https:\/\/www.revue3emillenaire.com\/blog\/le-cas-unique-de-jeanne-darc-dans-lhistoire-par-jean-louis-simons\/#breadcrumb","itemListElement":[{"@type":"ListItem","position":1,"name":"Accueil","item":"https:\/\/www.revue3emillenaire.com\/blog\/"},{"@type":"ListItem","position":2,"name":"Le cas unique de Jeanne d\u2019Arc dans l\u2019histoire par Jean-Louis Si&eacute;mons"}]},{"@type":"WebSite","@id":"https:\/\/www.revue3emillenaire.com\/blog\/#website","url":"https:\/\/www.revue3emillenaire.com\/blog\/","name":"3e mill\u00e9naire - Spiritualit\u00e9 - Connaissance de soi - Non-dualit\u00e9 - M\u00e9ditation","description":"L&#039;Homme en devenir","potentialAction":[{"@type":"SearchAction","target":{"@type":"EntryPoint","urlTemplate":"https:\/\/www.revue3emillenaire.com\/blog\/?s={search_term_string}"},"query-input":{"@type":"PropertyValueSpecification","valueRequired":true,"valueName":"search_term_string"}}],"inLanguage":"fr-FR"},{"@type":"Person","@id":"https:\/\/www.revue3emillenaire.com\/blog\/#\/schema\/person\/9a3a7cc4ccaa707f402d4394327106d5","name":"3e mill\u00e9naire","url":"https:\/\/www.revue3emillenaire.com\/blog\/author\/admin\/"}]}},"_links":{"self":[{"href":"https:\/\/www.revue3emillenaire.com\/blog\/wp-json\/wp\/v2\/posts\/390","targetHints":{"allow":["GET"]}}],"collection":[{"href":"https:\/\/www.revue3emillenaire.com\/blog\/wp-json\/wp\/v2\/posts"}],"about":[{"href":"https:\/\/www.revue3emillenaire.com\/blog\/wp-json\/wp\/v2\/types\/post"}],"author":[{"embeddable":true,"href":"https:\/\/www.revue3emillenaire.com\/blog\/wp-json\/wp\/v2\/users\/1"}],"replies":[{"embeddable":true,"href":"https:\/\/www.revue3emillenaire.com\/blog\/wp-json\/wp\/v2\/comments?post=390"}],"version-history":[{"count":0,"href":"https:\/\/www.revue3emillenaire.com\/blog\/wp-json\/wp\/v2\/posts\/390\/revisions"}],"wp:attachment":[{"href":"https:\/\/www.revue3emillenaire.com\/blog\/wp-json\/wp\/v2\/media?parent=390"}],"wp:term":[{"taxonomy":"category","embeddable":true,"href":"https:\/\/www.revue3emillenaire.com\/blog\/wp-json\/wp\/v2\/categories?post=390"},{"taxonomy":"post_tag","embeddable":true,"href":"https:\/\/www.revue3emillenaire.com\/blog\/wp-json\/wp\/v2\/tags?post=390"}],"curies":[{"name":"wp","href":"https:\/\/api.w.org\/{rel}","templated":true}]}}