{"id":3910,"date":"2010-07-19T18:55:29","date_gmt":"2010-07-19T17:55:29","guid":{"rendered":"http:\/\/www.revue3emillenaire.com\/blog\/?p=3910"},"modified":"2011-10-08T23:29:05","modified_gmt":"2011-10-08T22:29:05","slug":"bergson-et-la-pensee-theosophique-par-may-lorenzini-de-buttafoco","status":"publish","type":"post","link":"https:\/\/www.revue3emillenaire.com\/blog\/bergson-et-la-pensee-theosophique-par-may-lorenzini-de-buttafoco\/","title":{"rendered":"Bergson et la pens\u00e9e th\u00e9osophique par May Lorenzini de Buttafoco"},"content":{"rendered":"<p style=\"text-align: justify;\">(Revue Spiritualit\u00e9. No 25. 15 D\u00e9cembre 1946)<\/p>\n<p style=\"text-align: justify;\">Quand on pense \u00e0 Bergson, on pense tout d&rsquo;abord \u00e0 sa philosophie de l&rsquo;Intuition. Mais je crains que l&rsquo;on n&rsquo;y pense pas de la fa\u00e7on qu&rsquo;il le d\u00e9sirait car, lui-m\u00eame avait pr\u00e9vu que ce terme pr\u00eaterait \u00e0 confusion, aussi prend-il soin de s&rsquo;en expliquer minutieusement.<\/p>\n<p style=\"text-align: justify;\">Pourtant, en effet. il y a bien des personnes qui ne donnent pas \u00e0 cette facult\u00e9 de l&rsquo;intuition la port\u00e9e exacte que lui donnait Bergson et m\u00eame si ces personnes avaient l&rsquo;intention de d\u00e9finir ce qu&rsquo;elles entendent par intuition, elles en donneraient peut-\u00eatre une d\u00e9finition qui serait presque \u00e0 l&rsquo;oppos\u00e9 de celle de Bergson, car elles diraient sans doute \u00ab <em>L&rsquo;Intuition est ce qui permet de conna\u00eetre directement les choses sans passer par l&rsquo;exp\u00e9rience<\/em> \u00bb.<\/p>\n<p style=\"text-align: justify;\">Or, Bergson entend lui, bien au contraire, que l&rsquo;intuition ne peut pas se passer de l&rsquo;exp\u00e9rience. L&rsquo;intuition, pour lui, est une exp\u00e9rience m\u00e9taphysique, mais c&rsquo;est une exp\u00e9rience tout de m\u00eame comme l&rsquo;exp\u00e9rience scientifique.<\/p>\n<p style=\"text-align: justify;\">Pour Bergson donc, il y a une m\u00e9taphysique positive, tout comme il y a une science positive. Et si A. COMTE affirme que la science positive est notre seul moyen de connaissance authentique, Bergson lui r\u00e9pondra qu&rsquo;il restreint arbitrairement l&rsquo;extension et la port\u00e9e du terme exp\u00e9rience, car il y a une exp\u00e9rience int\u00e9rieure aussi irr\u00e9cusable que l&rsquo;exp\u00e9rience scientifique.<\/p>\n<p style=\"text-align: justify;\">\u00ab Cette exp\u00e9rience, dit Bergson, s&rsquo;appellera vision ou contact, perception ext\u00e9rieure en g\u00e9n\u00e9ral, s&rsquo;il s&rsquo;agit d&rsquo;un objet mat\u00e9riel; elle prendra le nom d&rsquo;intuition quand elle porte sur l&rsquo;esprit \u00bb &#8230;, \u00ab Ce que la science a fait, elle aussi le fera. \u00bb<\/p>\n<p style=\"text-align: justify;\">Et Bergson explique d&rsquo;o\u00f9 lui est venue cette d\u00e9termination d&rsquo;orienter dans ce sens sa philosophie. Il dit \u00ab Notre initiation \u00e0 la vraie m\u00e9thode philosophique date du jour o\u00f9 nous rejet\u00e2mes les solutions verbales, ayant trouv\u00e9 dans la vie int\u00e9rieure un premier champ d&rsquo;exp\u00e9rience. \u00bb<\/p>\n<p style=\"text-align: justify;\">Qu&rsquo;est donc l&rsquo;INTUITION et comment faut-il la d\u00e9finir \u00e0 pr\u00e9sent ? Nous dirons avec F. MAYER, un des commentateurs de Bergson : l&rsquo;intuition est la connaissance des r\u00e9alit\u00e9s non spatiales, non visibles, non palpables, c&rsquo;est la connaissance des choses de l&rsquo;esprit, mais remarquez bien le mot connaissance qui implique recherche et \u00e9tude. Et nous voyons ici Bergson se rapprocher singuli\u00e8rement de nous. M<sup>e<\/sup> A. BESANT ne dit-elle pas aussi que \u00ab la Philosophie n&rsquo;est qu&rsquo;abstraction \u00bb et nous savons tous, qu&rsquo;il n&rsquo;y a de solidement connu que ce qui est v\u00e9cu, senti et que chacun peut faire l&rsquo;exp\u00e9rience qui le conduira \u00e0 vivre cette vie sup\u00e9rieure o\u00f9 la m\u00e9taphysique est positive.<\/p>\n<p style=\"text-align: justify;\">Bergson lui, ne va pas si loin, mais il admet cependant et \u00e9tudie philosophiquement le moyen par lequel le mystique tout au moins atteint cette r\u00e9gion particuli\u00e8re o\u00f9 l&rsquo;intuition est pour lui l&rsquo;expression d&rsquo;une v\u00e9rit\u00e9 d&rsquo;exp\u00e9rience. Et c&rsquo;est d\u00e9j\u00e0 beaucoup. Je cite ses paroles\u00a0:<\/p>\n<p style=\"text-align: justify;\">\u00ab A nos yeux, dit-il, dans <em>les Deux Sources de la morale et de la religion<\/em>, l&rsquo;aboutissement du mysticisme est une prise de contact et par cons\u00e9quent une co\u00efncidence partielle avec l&rsquo;effort cr\u00e9ateur que manifeste la vie. Cet effort est de DIEU lui-m\u00eame. Le grand mystique est une individualit\u00e9 qui franchit les limites assign\u00e9es \u00e0 l&rsquo;esp\u00e8ce par sa mat\u00e9rialit\u00e9 qui prolonge ainsi l&rsquo;Action Divine \u00bb.<\/p>\n<p style=\"text-align: justify;\">Et plus loin il dit encore\u00a0:<\/p>\n<p style=\"text-align: justify;\">\u00ab La Cr\u00e9ation appara\u00eet comme une entreprise de Dieu pour cr\u00e9er des Cr\u00e9ateurs, pour s&rsquo;adjoindre des \u00catres dignes de son amour. \u00bb<\/p>\n<p style=\"text-align: justify;\">Ne trouvez vous pas qu&rsquo;il y a l\u00e0 un grand effort, un grand \u00e9lan d&rsquo;une part vers la notion de l&rsquo;Unit\u00e9, de l&rsquo;identit\u00e9 des \u00eatres avec Dieu puisque Bergson leur assigne des pr\u00e9rogatives divines en en faisant des cr\u00e9ateurs et, d&rsquo;autre part quand il dit que \u00ab Le grand mystique est une individualit\u00e9 qui franchit les limites assign\u00e9es \u00e0 l&rsquo;esp\u00e8ce par sa mat\u00e9rialit\u00e9 \u00bb ne donne-t-il pas (sans savoir peut-\u00eatre lui-m\u00eame combien il le fait parfaitement) le mot de l&rsquo;\u00e9nigme.<\/p>\n<p style=\"text-align: justify;\">En effet, si nous avions \u00e0 d\u00e9finir l&rsquo;intuition, que dirions-nous ? Nous dirions tout simplement que l&rsquo;intuition est la facult\u00e9 de conna\u00eetre de notre \u00eatre physique \u2014 ce qu&rsquo;est l&rsquo;intelligence pour notre cerveau physique, c&rsquo;est ce que nous appelons intuition quand nous op\u00e9rons d&rsquo;un plan plus \u00e9lev\u00e9. L&rsquo;intuition est l&rsquo;intelligence de nos corps sup\u00e9rieurs et quand nous disons que nous avons une intuition c&rsquo;est qu&rsquo;un reflet de cette connaissance de notre \u00eatre dans l&rsquo;un de ses plans m\u00e9taphysiques est parvenu jusqu&rsquo;\u00e0 notre cerveau physique et a pu \u00eatre vaguement traduite, si je puis dire, par notre intelligence.<\/p>\n<p style=\"text-align: justify;\">Il est probable que le mystique n&rsquo;analyse pas son \u00e9tat, il ressent simplement le ravissement de la vision qu&rsquo;il a capt\u00e9 au moment o\u00f9 sa conscience s&rsquo;est \u00e9lev\u00e9e dans les r\u00e9gions sup\u00e9rieures de l&rsquo;\u00eatre. Mais il ne sait pas que c&rsquo;est un \u00e9tat que l&rsquo;initi\u00e9 peut obtenir \u00e0 volont\u00e9 en gravissant sciemment les plans de la vie qui sont perm\u00e9ables pour lui et o\u00f9 sa conscience peut fonctionner aussi bien que son intelligence fonctionne sur le plan de la vie physique.<\/p>\n<p style=\"text-align: justify;\">Il est tout de m\u00eame d&rsquo;une grande port\u00e9e philosophique qu&rsquo;un esprit comme celui de Bergson ait pu sans exp\u00e9rience personnelle, admettre intellectuellement cela et entrevoir ces possibilit\u00e9s sup\u00e9rieurs avec les ressources de son intelligence seulement.<\/p>\n<p style=\"text-align: justify;\">C&rsquo;est donc sans doute que, dans notre race actuelle, l&rsquo;intelligence est assez \u00e9lev\u00e9e, du moins chez quelques sujets, pour \u00eatre toute pr\u00eate \u00e0 d\u00e9border sur les facult\u00e9s imm\u00e9diatement sup\u00e9rieures qui sont l&rsquo;apanage de la race future.<\/p>\n<p style=\"text-align: justify;\">Cependant Bergson n&rsquo;est pas que le philosophe de l&rsquo;intuition, bien que le grand public qui aime les simplifications, l&rsquo;ait une fois pour toutes, semble-t-il, \u00e9tiquet\u00e9 et catalogu\u00e9 de cette fa\u00e7on.<\/p>\n<p style=\"text-align: justify;\">Nous n&rsquo;avons pas le temps, puisque ceci n&rsquo;est qu&rsquo;un aper\u00e7u tr\u00e8s simplifi\u00e9 de sa philosophie, d&rsquo;approfondir tout ce que le g\u00e9nie f\u00e9cond de Bergson offre \u00e0 nos m\u00e9ditations, mais n\u00e9anmoins, nous tacherons d&rsquo;\u00e9tudier rapidement quelques points importants de son \u0153uvre.<\/p>\n<p style=\"text-align: justify;\">Et tout d&rsquo;abord la notion du Temps, chez le philosophe, ou de ce qu&rsquo;il appelle l&rsquo;Intuition de la dur\u00e9e,\u00a0 car c&rsquo;est de cette fa\u00e7on qu&rsquo;il d\u00e9finit notre connaissance du temps psychologique car pour lui il y a le temps \u00ab scientifique \u00bb et le temps \u00ab psychologique \u00bb dont l&rsquo;un n&rsquo;est qu&rsquo;une repr\u00e9sentation grossi\u00e8re de l&rsquo;autre. Cela demande une explication.<\/p>\n<p style=\"text-align: justify;\">En effet, examinons la fa\u00e7on dont la m\u00e9thode scientifique mesure, le temps, par exemple dit Bergson, le temps mis par un coureur pour franchir cent m\u00e8tres, On tient compte au moment o\u00f9 commence la course, de la simultan\u00e9it\u00e9 du d\u00e9part du coureur et de la position de l&rsquo;aiguille sur la montre. A l&rsquo;arriv\u00e9e on note une autre simultan\u00e9it\u00e9 du m\u00eame ordre. Mais qu&rsquo;a-t-on fait en r\u00e9alit\u00e9 ? On a not\u00e9 la simultan\u00e9it\u00e9 de deux \u00e9v\u00e9nements, on n&rsquo;a pas op\u00e9r\u00e9 sur la dur\u00e9e m\u00eame et si le coureur avait couru deux fois plus vite en m\u00eame temps que la montre aurait march\u00e9 deux fois plus vite aussi, on aurait eu les m\u00eames simultan\u00e9it\u00e9s, bien que la dur\u00e9e n\u2019ait pas \u00e9t\u00e9 la m\u00eame.<\/p>\n<p style=\"text-align: justify;\">\u00ab Pourtant, dit Bergson, profonde serait la diff\u00e9rence au regard de la conscience; ce ne serait plus pour elle du jour au lendemain, d&rsquo;une heure \u00e0 l&rsquo;autre la m\u00eame fatigue d&rsquo;attendre. \u00bb<\/p>\n<p style=\"text-align: justify;\">Ainsi, on voit qu&rsquo;il y a une diff\u00e9rence fondamentale entre la dur\u00e9e vraie, celle qui est v\u00e9cue par la conscience et la dur\u00e9e artificiellement mesur\u00e9e \u00ab purement symbolique \u00bb de la Science. Pourtant que toute chose dure, c&rsquo;est indubitable \u00ab Si je dois me pr\u00e9parer un verre d&rsquo;eau sucr\u00e9e, dit Bergson, j&rsquo;ai beau faire, je dois attendre que le sucre fonde \u00bb.<\/p>\n<p style=\"text-align: justify;\">La vraie dur\u00e9e est celle qui s&rsquo;inscrit dans la conscience, qui est ins\u00e9parable d&rsquo;elle. La dur\u00e9e est l&rsquo;\u00eatre lui-m\u00eame, l&rsquo;\u00eatre qui est une chose qui dure, qui s&rsquo;\u00e9coule.<\/p>\n<p style=\"text-align: justify;\">Vivre pour l&rsquo;\u00eatre, c&rsquo;est avoir conscience de d\u00e9rouler dans le temps ses impressions et ses sentiments.<\/p>\n<p style=\"text-align: justify;\">\u00ab Mais, dit Bergson, au lieu d&rsquo;une discontinuit\u00e9 de moments qui se remplaceraient dans un temps infiniment divisible, nous apercevons la fluidit\u00e9 du temps r\u00e9el qui coule indivisible. Nous en avons l&rsquo;intuition, mais d\u00e8s lors que nous en recherchons une repr\u00e9sentation intellectuelle, nous alignons \u00e0 la suite les uns des autres des \u00e9tats devenus distincts \u00bb.<\/p>\n<p style=\"text-align: justify;\">Bergson d\u00e9finit donc tr\u00e8s pertinemment ce qu&rsquo;est le temps relatif comparativement \u00e0 ce qu&rsquo;est le temps absolu qui est en nous l&rsquo;intuition de la pure dur\u00e9e. Mais il constate simplement le ph\u00e9nom\u00e8ne sans en donner la raison. Sommes-nous en mesure de le faire?<\/p>\n<p style=\"text-align: justify;\">Nous saurons dire que l&rsquo;\u00eatre partiel d\u00e9coupe son univers en parties s\u00e9par\u00e9es qu&rsquo;il juxtapose dans sa conscience, cr\u00e9ant ainsi le temps relatif de son propre univers.<\/p>\n<p style=\"text-align: justify;\">En effet, avons-nous dit, ne pouvant percevoir l&rsquo;\u00catre Tout dans son Unit\u00e9, c&rsquo;est-\u00e0-dire simultan\u00e9ment, la conscience est oblig\u00e9e de d\u00e9couper l&rsquo;univers \u00e0 la mesure de sa capacit\u00e9 restreinte de perception, cr\u00e9ant ainsi \u00e0 chacune de ses vues partielles, des \u00e9tats de conscience s\u00e9par\u00e9s que la m\u00e9moire joint entre eux, lui donnant l&rsquo;impression de choses qui durent, qui s&rsquo;\u00e9coulent, qui deviennent, au fur et \u00e0 mesure qu&rsquo;elle les touche.<\/p>\n<p style=\"text-align: justify;\">Je suis donc ici \u00e0 l&rsquo;oppos\u00e9 de Bergson lorsque je dis, contrairement au philosophe, que l&rsquo;\u00catre, l&rsquo;\u00catre Tout ne devient pas, qu&rsquo;il Est, mais que c&rsquo;est la conscience partielle qui, en \u00e9voluant, s&rsquo;\u00e9largit d&rsquo;instant en instant, cr\u00e9ant dans sa perception relative l&rsquo;impression que quelque chose devient au fur et \u00e0 mesure qu&rsquo;elle les per\u00e7oit. Ainsi l&rsquo;avenir pour nous, ne se construit pas au fur et \u00e0 mesure, il est, mais il est en quelque sorte invisible pour la conscience restreinte comme les arbres de la route sont tout au long de cette route, mais ne deviennent pour la vue du p\u00e8lerin, qu&rsquo;au fur et \u00e0 mesure qu&rsquo;il progresse sur le chemin.<\/p>\n<p style=\"text-align: justify;\">Il n&rsquo;en reste pas moins que, si Bergson passe \u00e0 c\u00f4t\u00e9 de la vraie cause du probl\u00e8me, il n&rsquo;en a pas moins philosophiquement d\u00e9fini les deux aspects du MOI qui sont en chacun de nous et qui produisent pour nous les deux notions diff\u00e9rentes que nous avons de la dur\u00e9e. La dur\u00e9e ou le temps absolu qui est l&rsquo;exp\u00e9rience psychologique du moi profond, c&rsquo;est-\u00e0-dire l&rsquo;exp\u00e9rience directe de l&rsquo;esprit et la dur\u00e9e associaniste qui consiste \u00e0 noter des simultan\u00e9it\u00e9s et qui est une psychologie \u00ab mat\u00e9rialiste \u00bb, dit F. Mayer, c&rsquo;est-\u00e0-dire calqu\u00e9e sur les choses naturelles qui nous entourent.<\/p>\n<p style=\"text-align: justify;\">Aussi dirons-nous, en ce qui nous concerne, l&rsquo;intuition de la pure dur\u00e9e est le mode de connaissance de notre moi le plus \u00e9lev\u00e9, notre moi Divin qui est capable de se sentir vivre dans l&rsquo;Unique dont il proc\u00e8de; et la dur\u00e9e partielle o\u00f9 le temps physique est la cons\u00e9quence de notre s\u00e9paration momentan\u00e9e du Divin et la conscience de notre capacit\u00e9 restreinte de percevoir le Tout, c&rsquo;est-\u00e0-dire de l&rsquo;obligation o\u00f9 nous sommes de morceler le Tout en \u00e9tats partiels qui sont, pourrions-nous dire, des grains de temps.<\/p>\n<p style=\"text-align: justify;\">(\u00e0 suivre)<\/p>\n<p style=\"text-align: justify;\">(Revue Spiritualit\u00e9. No 25-26. Janvier-F\u00e9vrier 1947)<\/p>\n<p style=\"text-align: justify;\">(Suite)<\/p>\n<p style=\"text-align: justify;\">Une autre \u00e9tude importante de Bergson est celle de la libert\u00e9.<\/p>\n<p style=\"text-align: justify;\">La notion de libert\u00e9, que d\u00e9finit Bergson, est d&rsquo;ailleurs en connexion directe avec sa notion de la dur\u00e9e. Elle en d\u00e9coule logiquement, car si la conscience de l&rsquo;\u00catre est pour lui, la m\u00e9moire qui relie entre elles toutes ses actions pass\u00e9es, elle est aussi l&rsquo;intuition de ses actions futures dans cette dur\u00e9e indivisible, qui est la trame de l&rsquo;\u00eatre.<\/p>\n<p style=\"text-align: justify;\">Car pour le philosophe, les actions futures sont conditionn\u00e9es par les actions pass\u00e9es selon une sorte de d\u00e9terminisme psychologique, qui n&rsquo;est pas le d\u00e9terminisme scientifique, dont, au contraire, Bergson se d\u00e9fend bien.<\/p>\n<p style=\"text-align: justify;\">Parce que si le d\u00e9terminisme scientifique peut se d\u00e9finir ainsi \u00ab toute cause \u00e0 un effet et l&rsquo;effet d\u00e9pend de sa cause \u00bb (ce qui donne l&rsquo;id\u00e9e d&rsquo;un ph\u00e9nom\u00e8ne m\u00e9canique). Bergson dira de son c\u00f4t\u00e9 : \u00ab Ce sont nos actions pass\u00e9es qui ont fait l&rsquo;\u00eatre tel qu&rsquo;il est, mais il s&rsquo;est fait lui-m\u00eame librement puisque ses actions \u00e9taient libres et il continuera donc d&rsquo;\u00eatre libre en agissant de telle fa\u00e7on que ses actions pass\u00e9es d\u00e9terminerons ses actions pr\u00e9sentes et futures \u00bb. Et il conclut ainsi: \u00ab Bref, nous sommes libres quand nos actes \u00e9manent de notre personnalit\u00e9 enti\u00e8re, quand ils l&rsquo;expriment \u00bb.<\/p>\n<p style=\"text-align: justify;\">\u00catre libre pour Bergson, c&rsquo;est donc sans plus ob\u00e9ir \u00e0 sa nature. Il dit encore \u00ab Si l&rsquo;on convient d&rsquo;appeler libre tout ce qui \u00e9mane du \u00ab moi \u00bb et du \u00ab moi \u00bb seulement, l&rsquo;acte qui porte la marque de notre personne est v\u00e9ritablement libre \u00bb.<\/p>\n<p style=\"text-align: justify;\">Mais si notre libert\u00e9 consiste bien dans le fait d&rsquo;agir tels que nous sommes, tels nous nous sommes faits, il n&rsquo;en reste pas moins que nous ne pouvons plus agir comme nous ne sommes pas et que nous sommes par cons\u00e9quent d\u00e9termin\u00e9s dans une certaine mesure.<\/p>\n<p style=\"text-align: justify;\">Il faut bien saisir que la libert\u00e9, pour Bergson, c&rsquo;est de nous d\u00e9terminer nous-m\u00eames et non d&rsquo;\u00eatre d\u00e9termin\u00e9s de l&rsquo;ext\u00e9rieur. Voil\u00e0 la nuance subtile qu&rsquo;il faut admettre pour \u00eatre d&rsquo;accord avec la philosophie bergsonienne.<\/p>\n<p style=\"text-align: justify;\">Et il r\u00e9sulte de ces d\u00e9ductions que non seulement l&rsquo;individu est libre, mais aussi le monde. Car de m\u00eame que l&rsquo;\u00eatre de demain est impr\u00e9visible, puisqu&rsquo;il se cr\u00e9e d&rsquo;instants en instants en vertu de ses actes libres au fur et \u00e0 mesure qu&rsquo;il dure, le monde lui aussi tout entier est un perp\u00e9tuel \u00ab jaillissement de nouveaut\u00e9s \u00bb selon l&rsquo;expression m\u00eame de Bergson car il se cr\u00e9e de la m\u00eame fa\u00e7on dans l&rsquo;avenir. \u00ab Comme la boule de neige qui grossit au fur et \u00e0 mesure de sa descente dans l&rsquo;ab\u00eeme \u00bb.<\/p>\n<p style=\"text-align: justify;\">Je ne veux pas critiquer un exemple, qui n&rsquo;est peut-\u00eatre qu&rsquo;une forme litt\u00e9raire imparfaite, mais j&rsquo;estime cette comparaison inad\u00e9quate, du moins \u00e0 la th\u00e8se soutenue par Bergson lui-m\u00eame, car si la boule de neige grossit au fur et \u00e0 mesure qu&rsquo;elle descend sur la pente, c&rsquo;est parce qu&rsquo;elle y recueille de la neige qui y \u00e9tait d\u00e9j\u00e0 r\u00e9pandue.<\/p>\n<p style=\"text-align: justify;\">C&rsquo;est ainsi que nous l&rsquo;entendons, car pour nous la conscience partielle s&rsquo;\u00e9largit bien en effet de la connaissance de plus en plus vaste de l&rsquo;univers qu&rsquo;elle int\u00e8gre en elle-m\u00eame au fur et \u00e0 mesure qu&rsquo;elle \u00e9volue, mais elle n&rsquo;op\u00e8re pas, comme le veut Bergson, une cr\u00e9ation \u00ab ex nihilo \u00bb de l&rsquo;avenir.<\/p>\n<p style=\"text-align: justify;\">La petite boule de neige grossit comme la conscience, puise sa connaissance dans l&rsquo;Univers d\u00e9j\u00e0 existant et s&rsquo;en \u00e9largit d&rsquo;autant, mais ce que l&rsquo;une et l&rsquo;autre prennent \u00e0 l&rsquo;ext\u00e9rieur \u00e9tait en nous.<\/p>\n<p style=\"text-align: justify;\">C&rsquo;est ici que s&rsquo;affrontent les deux formules oppos\u00e9es : celle du \u00ab CELA qui est \u00e9ternel \u00bb, th\u00e8se d&rsquo;un univers divin et celle d&rsquo;un \u00ab devenir \u00bb, dont Bergson est le repr\u00e9sentant. Cette derni\u00e8re implique la croyance en une cr\u00e9ation perp\u00e9tuelle de l&rsquo;\u00eatre sur le n\u00e9ant.<\/p>\n<p style=\"text-align: justify;\">Ind\u00e9pendamment de cela, sommes-nous d&rsquo;accord avec la philosophie de la libert\u00e9 expos\u00e9e par Bergson ? Oui, dans un certain sens, en ce qui concerne la vie physique, car c&rsquo;est en somme cette libert\u00e9-l\u00e0 que d\u00e9finit notre conception de la loi de Karma.<\/p>\n<p style=\"text-align: justify;\">En effet, nos actes d\u00e9terminent notre devenir tout au long de notre \u00e9volution, puisque c&rsquo;est en portant leurs fruits, bons ou mauvais, que notre vie se poursuit, bonne ou mauvaise elle aussi.<\/p>\n<p style=\"text-align: justify;\">Si nous sommes d\u00e9termin\u00e9s, nous le sommes donc bien par nous-m\u00eames et \u00ab non de l&rsquo;ext\u00e9rieur \u00bb.<\/p>\n<p style=\"text-align: justify;\">Mais la v\u00e9ritable libert\u00e9 doit \u00eatre plac\u00e9e plus haut. Comme \u00ab Lucifer \u00bb, l&rsquo;ange rebelle qui s&rsquo;est retir\u00e9 du sein de Dieu, notre moi pensant, l&rsquo;\u00e9tincelle spirituelle qui est en nous s&rsquo;est \u00ab s\u00e9par\u00e9e \u00bb volontairement du foyer divin en \u00ab se pensant \u00bb individuellement et ind\u00e9pendamment de la Pens\u00e9e Totale.<\/p>\n<p style=\"text-align: justify;\">C&rsquo;est en cela qu&rsquo;a consist\u00e9 l&rsquo;affirmation de la libert\u00e9 initiale de l&rsquo;\u00eatre. Mais en nous \u00ab\u00a0s\u00e9parant \u00bb de Dieu, nous sommes tomb\u00e9s dans les contingences de l&rsquo;Univers spatio-temporel, et nous y sommes jusqu&rsquo;\u00e0 ce que nous puissions nous en d\u00e9livrer en remontant \u00e0 notre source divine o\u00f9 nous n&rsquo;aurons plus de limitations, donc plus d&rsquo;entraves \u00e0 notre libert\u00e9.<\/p>\n<p style=\"text-align: right;\">May Lorenzini de Buttafoco<\/p>\n","protected":false},"excerpt":{"rendered":"<p>Il est probable que le mystique n&rsquo;analyse pas son \u00e9tat, il ressent simplement le ravissement de la vision qu&rsquo;il a capt\u00e9 au moment o\u00f9 sa conscience s&rsquo;est \u00e9lev\u00e9e dans les r\u00e9gions sup\u00e9rieures de l&rsquo;\u00eatre. Mais il ne sait pas que c&rsquo;est un \u00e9tat que l&rsquo;initi\u00e9 peut obtenir \u00e0 volont\u00e9 en gravissant sciemment les plans de la vie qui sont perm\u00e9ables pour lui et o\u00f9 sa conscience peut fonctionner aussi bien que son intelligence fonctionne sur le plan de la vie physique.<\/p>\n","protected":false},"author":1,"featured_media":0,"comment_status":"closed","ping_status":"closed","sticky":false,"template":"","format":"standard","meta":{"footnotes":""},"categories":[601],"tags":[602,603,47,1345],"class_list":["post-3910","post","type-post","status-publish","format-standard","hentry","category-de-buttafoco-may-lorenzini","tag-bergson","tag-intuition","tag-mystique","tag-theosophie"],"yoast_head":"<!-- This site is optimized with the Yoast SEO plugin v27.0 - https:\/\/yoast.com\/product\/yoast-seo-wordpress\/ -->\n<title>Bergson et la pens\u00e9e th\u00e9osophique par May Lorenzini de Buttafoco - 3e mill\u00e9naire - Spiritualit\u00e9 - Connaissance de soi - Non-dualit\u00e9 - M\u00e9ditation<\/title>\n<meta name=\"robots\" content=\"index, follow, max-snippet:-1, max-image-preview:large, max-video-preview:-1\" \/>\n<link rel=\"canonical\" href=\"https:\/\/www.revue3emillenaire.com\/blog\/bergson-et-la-pensee-theosophique-par-may-lorenzini-de-buttafoco\/\" \/>\n<meta property=\"og:locale\" content=\"fr_FR\" \/>\n<meta property=\"og:type\" content=\"article\" \/>\n<meta property=\"og:title\" content=\"Bergson et la pens\u00e9e th\u00e9osophique par May Lorenzini de Buttafoco - 3e mill\u00e9naire - Spiritualit\u00e9 - Connaissance de soi - Non-dualit\u00e9 - M\u00e9ditation\" \/>\n<meta property=\"og:description\" content=\"Il est probable que le mystique n&#039;analyse pas son \u00e9tat, il ressent simplement le ravissement de la vision qu&#039;il a capt\u00e9 au moment o\u00f9 sa conscience s&#039;est \u00e9lev\u00e9e dans les r\u00e9gions sup\u00e9rieures de l&#039;\u00eatre. Mais il ne sait pas que c&#039;est un \u00e9tat que l&#039;initi\u00e9 peut obtenir \u00e0 volont\u00e9 en gravissant sciemment les plans de la vie qui sont perm\u00e9ables pour lui et o\u00f9 sa conscience peut fonctionner aussi bien que son intelligence fonctionne sur le plan de la vie physique.\" \/>\n<meta property=\"og:url\" content=\"https:\/\/www.revue3emillenaire.com\/blog\/bergson-et-la-pensee-theosophique-par-may-lorenzini-de-buttafoco\/\" \/>\n<meta property=\"og:site_name\" content=\"3e mill\u00e9naire - Spiritualit\u00e9 - Connaissance de soi - Non-dualit\u00e9 - M\u00e9ditation\" \/>\n<meta property=\"article:published_time\" content=\"2010-07-19T17:55:29+00:00\" \/>\n<meta property=\"article:modified_time\" content=\"2011-10-08T22:29:05+00:00\" \/>\n<meta name=\"author\" content=\"3e mill\u00e9naire\" \/>\n<meta name=\"twitter:card\" content=\"summary_large_image\" \/>\n<meta name=\"twitter:label1\" content=\"\u00c9crit par\" \/>\n\t<meta name=\"twitter:data1\" content=\"3e mill\u00e9naire\" \/>\n\t<meta name=\"twitter:label2\" content=\"Dur\u00e9e de lecture estim\u00e9e\" \/>\n\t<meta name=\"twitter:data2\" content=\"14 minutes\" \/>\n<script type=\"application\/ld+json\" class=\"yoast-schema-graph\">{\"@context\":\"https:\/\/schema.org\",\"@graph\":[{\"@type\":\"Article\",\"@id\":\"https:\/\/www.revue3emillenaire.com\/blog\/bergson-et-la-pensee-theosophique-par-may-lorenzini-de-buttafoco\/#article\",\"isPartOf\":{\"@id\":\"https:\/\/www.revue3emillenaire.com\/blog\/bergson-et-la-pensee-theosophique-par-may-lorenzini-de-buttafoco\/\"},\"author\":{\"name\":\"3e mill\u00e9naire\",\"@id\":\"https:\/\/www.revue3emillenaire.com\/blog\/#\/schema\/person\/9a3a7cc4ccaa707f402d4394327106d5\"},\"headline\":\"Bergson et la pens\u00e9e th\u00e9osophique par May Lorenzini de Buttafoco\",\"datePublished\":\"2010-07-19T17:55:29+00:00\",\"dateModified\":\"2011-10-08T22:29:05+00:00\",\"mainEntityOfPage\":{\"@id\":\"https:\/\/www.revue3emillenaire.com\/blog\/bergson-et-la-pensee-theosophique-par-may-lorenzini-de-buttafoco\/\"},\"wordCount\":2777,\"keywords\":[\"Bergson\",\"Intuition\",\"Mystique\",\"Th\u00e9osophie\"],\"articleSection\":[\"de Buttafoco May Lorenzini\"],\"inLanguage\":\"fr-FR\"},{\"@type\":\"WebPage\",\"@id\":\"https:\/\/www.revue3emillenaire.com\/blog\/bergson-et-la-pensee-theosophique-par-may-lorenzini-de-buttafoco\/\",\"url\":\"https:\/\/www.revue3emillenaire.com\/blog\/bergson-et-la-pensee-theosophique-par-may-lorenzini-de-buttafoco\/\",\"name\":\"Bergson et la pens\u00e9e th\u00e9osophique par May Lorenzini de Buttafoco - 3e mill\u00e9naire - Spiritualit\u00e9 - Connaissance de soi - Non-dualit\u00e9 - M\u00e9ditation\",\"isPartOf\":{\"@id\":\"https:\/\/www.revue3emillenaire.com\/blog\/#website\"},\"datePublished\":\"2010-07-19T17:55:29+00:00\",\"dateModified\":\"2011-10-08T22:29:05+00:00\",\"author\":{\"@id\":\"https:\/\/www.revue3emillenaire.com\/blog\/#\/schema\/person\/9a3a7cc4ccaa707f402d4394327106d5\"},\"breadcrumb\":{\"@id\":\"https:\/\/www.revue3emillenaire.com\/blog\/bergson-et-la-pensee-theosophique-par-may-lorenzini-de-buttafoco\/#breadcrumb\"},\"inLanguage\":\"fr-FR\",\"potentialAction\":[{\"@type\":\"ReadAction\",\"target\":[\"https:\/\/www.revue3emillenaire.com\/blog\/bergson-et-la-pensee-theosophique-par-may-lorenzini-de-buttafoco\/\"]}]},{\"@type\":\"BreadcrumbList\",\"@id\":\"https:\/\/www.revue3emillenaire.com\/blog\/bergson-et-la-pensee-theosophique-par-may-lorenzini-de-buttafoco\/#breadcrumb\",\"itemListElement\":[{\"@type\":\"ListItem\",\"position\":1,\"name\":\"Accueil\",\"item\":\"https:\/\/www.revue3emillenaire.com\/blog\/\"},{\"@type\":\"ListItem\",\"position\":2,\"name\":\"Bergson et la pens\u00e9e th\u00e9osophique par May Lorenzini de Buttafoco\"}]},{\"@type\":\"WebSite\",\"@id\":\"https:\/\/www.revue3emillenaire.com\/blog\/#website\",\"url\":\"https:\/\/www.revue3emillenaire.com\/blog\/\",\"name\":\"3e mill\u00e9naire - Spiritualit\u00e9 - Connaissance de soi - Non-dualit\u00e9 - M\u00e9ditation\",\"description\":\"L&#039;Homme en devenir\",\"potentialAction\":[{\"@type\":\"SearchAction\",\"target\":{\"@type\":\"EntryPoint\",\"urlTemplate\":\"https:\/\/www.revue3emillenaire.com\/blog\/?s={search_term_string}\"},\"query-input\":{\"@type\":\"PropertyValueSpecification\",\"valueRequired\":true,\"valueName\":\"search_term_string\"}}],\"inLanguage\":\"fr-FR\"},{\"@type\":\"Person\",\"@id\":\"https:\/\/www.revue3emillenaire.com\/blog\/#\/schema\/person\/9a3a7cc4ccaa707f402d4394327106d5\",\"name\":\"3e mill\u00e9naire\",\"url\":\"https:\/\/www.revue3emillenaire.com\/blog\/author\/admin\/\"}]}<\/script>\n<!-- \/ Yoast SEO plugin. -->","yoast_head_json":{"title":"Bergson et la pens\u00e9e th\u00e9osophique par May Lorenzini de Buttafoco - 3e mill\u00e9naire - Spiritualit\u00e9 - Connaissance de soi - Non-dualit\u00e9 - M\u00e9ditation","robots":{"index":"index","follow":"follow","max-snippet":"max-snippet:-1","max-image-preview":"max-image-preview:large","max-video-preview":"max-video-preview:-1"},"canonical":"https:\/\/www.revue3emillenaire.com\/blog\/bergson-et-la-pensee-theosophique-par-may-lorenzini-de-buttafoco\/","og_locale":"fr_FR","og_type":"article","og_title":"Bergson et la pens\u00e9e th\u00e9osophique par May Lorenzini de Buttafoco - 3e mill\u00e9naire - Spiritualit\u00e9 - Connaissance de soi - Non-dualit\u00e9 - M\u00e9ditation","og_description":"Il est probable que le mystique n'analyse pas son \u00e9tat, il ressent simplement le ravissement de la vision qu'il a capt\u00e9 au moment o\u00f9 sa conscience s'est \u00e9lev\u00e9e dans les r\u00e9gions sup\u00e9rieures de l'\u00eatre. Mais il ne sait pas que c'est un \u00e9tat que l'initi\u00e9 peut obtenir \u00e0 volont\u00e9 en gravissant sciemment les plans de la vie qui sont perm\u00e9ables pour lui et o\u00f9 sa conscience peut fonctionner aussi bien que son intelligence fonctionne sur le plan de la vie physique.","og_url":"https:\/\/www.revue3emillenaire.com\/blog\/bergson-et-la-pensee-theosophique-par-may-lorenzini-de-buttafoco\/","og_site_name":"3e mill\u00e9naire - Spiritualit\u00e9 - Connaissance de soi - Non-dualit\u00e9 - M\u00e9ditation","article_published_time":"2010-07-19T17:55:29+00:00","article_modified_time":"2011-10-08T22:29:05+00:00","author":"3e mill\u00e9naire","twitter_card":"summary_large_image","twitter_misc":{"\u00c9crit par":"3e mill\u00e9naire","Dur\u00e9e de lecture estim\u00e9e":"14 minutes"},"schema":{"@context":"https:\/\/schema.org","@graph":[{"@type":"Article","@id":"https:\/\/www.revue3emillenaire.com\/blog\/bergson-et-la-pensee-theosophique-par-may-lorenzini-de-buttafoco\/#article","isPartOf":{"@id":"https:\/\/www.revue3emillenaire.com\/blog\/bergson-et-la-pensee-theosophique-par-may-lorenzini-de-buttafoco\/"},"author":{"name":"3e mill\u00e9naire","@id":"https:\/\/www.revue3emillenaire.com\/blog\/#\/schema\/person\/9a3a7cc4ccaa707f402d4394327106d5"},"headline":"Bergson et la pens\u00e9e th\u00e9osophique par May Lorenzini de Buttafoco","datePublished":"2010-07-19T17:55:29+00:00","dateModified":"2011-10-08T22:29:05+00:00","mainEntityOfPage":{"@id":"https:\/\/www.revue3emillenaire.com\/blog\/bergson-et-la-pensee-theosophique-par-may-lorenzini-de-buttafoco\/"},"wordCount":2777,"keywords":["Bergson","Intuition","Mystique","Th\u00e9osophie"],"articleSection":["de Buttafoco May Lorenzini"],"inLanguage":"fr-FR"},{"@type":"WebPage","@id":"https:\/\/www.revue3emillenaire.com\/blog\/bergson-et-la-pensee-theosophique-par-may-lorenzini-de-buttafoco\/","url":"https:\/\/www.revue3emillenaire.com\/blog\/bergson-et-la-pensee-theosophique-par-may-lorenzini-de-buttafoco\/","name":"Bergson et la pens\u00e9e th\u00e9osophique par May Lorenzini de Buttafoco - 3e mill\u00e9naire - Spiritualit\u00e9 - Connaissance de soi - Non-dualit\u00e9 - M\u00e9ditation","isPartOf":{"@id":"https:\/\/www.revue3emillenaire.com\/blog\/#website"},"datePublished":"2010-07-19T17:55:29+00:00","dateModified":"2011-10-08T22:29:05+00:00","author":{"@id":"https:\/\/www.revue3emillenaire.com\/blog\/#\/schema\/person\/9a3a7cc4ccaa707f402d4394327106d5"},"breadcrumb":{"@id":"https:\/\/www.revue3emillenaire.com\/blog\/bergson-et-la-pensee-theosophique-par-may-lorenzini-de-buttafoco\/#breadcrumb"},"inLanguage":"fr-FR","potentialAction":[{"@type":"ReadAction","target":["https:\/\/www.revue3emillenaire.com\/blog\/bergson-et-la-pensee-theosophique-par-may-lorenzini-de-buttafoco\/"]}]},{"@type":"BreadcrumbList","@id":"https:\/\/www.revue3emillenaire.com\/blog\/bergson-et-la-pensee-theosophique-par-may-lorenzini-de-buttafoco\/#breadcrumb","itemListElement":[{"@type":"ListItem","position":1,"name":"Accueil","item":"https:\/\/www.revue3emillenaire.com\/blog\/"},{"@type":"ListItem","position":2,"name":"Bergson et la pens\u00e9e th\u00e9osophique par May Lorenzini de Buttafoco"}]},{"@type":"WebSite","@id":"https:\/\/www.revue3emillenaire.com\/blog\/#website","url":"https:\/\/www.revue3emillenaire.com\/blog\/","name":"3e mill\u00e9naire - Spiritualit\u00e9 - Connaissance de soi - Non-dualit\u00e9 - M\u00e9ditation","description":"L&#039;Homme en devenir","potentialAction":[{"@type":"SearchAction","target":{"@type":"EntryPoint","urlTemplate":"https:\/\/www.revue3emillenaire.com\/blog\/?s={search_term_string}"},"query-input":{"@type":"PropertyValueSpecification","valueRequired":true,"valueName":"search_term_string"}}],"inLanguage":"fr-FR"},{"@type":"Person","@id":"https:\/\/www.revue3emillenaire.com\/blog\/#\/schema\/person\/9a3a7cc4ccaa707f402d4394327106d5","name":"3e mill\u00e9naire","url":"https:\/\/www.revue3emillenaire.com\/blog\/author\/admin\/"}]}},"_links":{"self":[{"href":"https:\/\/www.revue3emillenaire.com\/blog\/wp-json\/wp\/v2\/posts\/3910","targetHints":{"allow":["GET"]}}],"collection":[{"href":"https:\/\/www.revue3emillenaire.com\/blog\/wp-json\/wp\/v2\/posts"}],"about":[{"href":"https:\/\/www.revue3emillenaire.com\/blog\/wp-json\/wp\/v2\/types\/post"}],"author":[{"embeddable":true,"href":"https:\/\/www.revue3emillenaire.com\/blog\/wp-json\/wp\/v2\/users\/1"}],"replies":[{"embeddable":true,"href":"https:\/\/www.revue3emillenaire.com\/blog\/wp-json\/wp\/v2\/comments?post=3910"}],"version-history":[{"count":0,"href":"https:\/\/www.revue3emillenaire.com\/blog\/wp-json\/wp\/v2\/posts\/3910\/revisions"}],"wp:attachment":[{"href":"https:\/\/www.revue3emillenaire.com\/blog\/wp-json\/wp\/v2\/media?parent=3910"}],"wp:term":[{"taxonomy":"category","embeddable":true,"href":"https:\/\/www.revue3emillenaire.com\/blog\/wp-json\/wp\/v2\/categories?post=3910"},{"taxonomy":"post_tag","embeddable":true,"href":"https:\/\/www.revue3emillenaire.com\/blog\/wp-json\/wp\/v2\/tags?post=3910"}],"curies":[{"name":"wp","href":"https:\/\/api.w.org\/{rel}","templated":true}]}}