{"id":3921,"date":"2010-07-19T18:53:49","date_gmt":"2010-07-19T17:53:49","guid":{"rendered":"http:\/\/www.revue3emillenaire.com\/blog\/?p=3921"},"modified":"2011-10-02T15:18:38","modified_gmt":"2011-10-02T14:18:38","slug":"le-sens-du-divin-par-vivian-du-chainel","status":"publish","type":"post","link":"https:\/\/www.revue3emillenaire.com\/blog\/le-sens-du-divin-par-vivian-du-chainel\/","title":{"rendered":"Le Sens du Divin par Vivian du Chainel"},"content":{"rendered":"<p style=\"text-align: justify;\">(\u00catre Libre Documents. Sans date, probablement au milieu des ann\u00e9es 1930)<\/p>\n<p style=\"text-align: justify;\">\n<p style=\"text-align: justify;\">Pour pouvoir comprendre Dieu il faut s&rsquo;oublier soi-m\u00eame, car s&rsquo;attacher \u00e0 sa personnalit\u00e9, c&rsquo;est sombrer dans le n\u00e9ant. Dieu n&rsquo;est pas une forme d\u00e9finie, un objet palpable, mais bien la limpidit\u00e9 du regard de l&rsquo;enfant; la voix de notre conscience; les transports de tendresse qui nous portent vers ceux qui souffrent.<\/p>\n<p style=\"text-align: justify;\">\n<p style=\"text-align: justify;\">Dieu n&rsquo;est ni homme, ni b\u00eate, ni astre, mais bien l&rsquo;ensemble des lois qui r\u00e9gissent notre monde et l&rsquo;univers. Pour conna\u00eetre Dieu, pour en \u00e9prouver les effluves divins il suffit d&rsquo;\u00e9couter la voix de notre conscience, cet appel myst\u00e9rieux qui se fait entendre au plus profond de nous-m\u00eames. Faisons abstraction de notre \u00ab moi \u00bb et songeons aux souffrances d&rsquo;autrui qui, en une plainte incessante, monte vers Celui qui peut tout; fusionnons-nous dans cette souffrance et nous verrons encore Dieu. Lorsque nous nous trouvons au sein de la nature et que nous savons nous placer au diapason de ce spectacle merveilleux, que nous \u00e9liminons totalement notre personnalit\u00e9 et que nous sentons que nous ne formons plus qu&rsquo;un avec l&rsquo;univers, il se fait alors qu&rsquo;une extase divine na\u00eet en nous, qui est un langage c\u00e9leste.<\/p>\n<p style=\"text-align: justify;\">\n<p style=\"text-align: justify;\">Dieu ne peut-\u00eatre vu de nos yeux mat\u00e9riels, il ne peut se pr\u00e9senter \u00e0 nous sous un aspect d\u00e9fini, mais nous pouvons le sentir et le comprendre quand nos souffrances, nos afflictions nous paraissent atroces, quand l&rsquo;adversit\u00e9 semble nous ployer implacablement pour pouvoir en r\u00e9alit\u00e9 nous permettre d&rsquo;\u00e9lever notre \u00e2me, de tendre vers l&rsquo;infini, et d&rsquo;implorer en une fervente pri\u00e8re la gr\u00e2ce de Celui par qui nous sommes.<\/p>\n<p style=\"text-align: justify;\">\n<p style=\"text-align: justify;\">L&rsquo;\u00e2me est dans le corps aussi impuissante \u00e0 s&rsquo;en d\u00e9tacher qu&rsquo;est la goutte d&rsquo;eau fig\u00e9e au glacier et qui voit le torrent couler aux pieds de la montagne en flots clairs et imp\u00e9tueux, Jusqu&rsquo;\u00e0 ce qu&rsquo;un rayon de soleil viendra la dissoudre et la transporter dans les flots enchanteurs. De m\u00eame, l&rsquo;\u00e2me humaine est scell\u00e9e au corps et qu&rsquo;un souffle divin viendra un jour l&rsquo;en s\u00e9parer.<\/p>\n<p style=\"text-align: justify;\">\n<p style=\"text-align: justify;\">La mort n&rsquo;est pas ce que la plupart des hommes appellent le n\u00e9ant, l&rsquo;an\u00e9antissement, la d\u00e9composition finale d&rsquo;un corps qui fut pour certains leur seule raison de vivre. Elle sera lente et \u00e9pouvantable pour ceux qui n&rsquo;auront pas laiss\u00e9 parler librement la voix de leur conscience; ils verront approcher cet instant fatal avec une terreur indicible, se raccrochant d\u00e9sesp\u00e9r\u00e9ment \u00e0 une existence qui, cependant, leur fut plus propice en afflictions qu&rsquo;en v\u00e9ritable bonheur.<\/p>\n<p style=\"text-align: justify;\">\n<p style=\"text-align: justify;\">La mort n&rsquo;est pas le spectre grima\u00e7ant et hideux qui fait trembler les plus forts, fr\u00e9mir les plus courageux, mais bien la caresse divine qui, dans un souffle, nous s\u00e9pare d&rsquo;une forme mat\u00e9rielle, pour nous porter librement, et d\u00e9tach\u00e9s de toute entrave, vers ce qui \u00e9tait nos aspirations, nos \u00e9lans, notre but v\u00e9ritables.<\/p>\n<p style=\"text-align: justify;\">\n<p style=\"text-align: justify;\">Le v\u00e9ritable bonheur est une h\u00e9r\u00e9sie lorsqu&rsquo;il est compris dans un sens mat\u00e9riel et, cependant, il n&rsquo;est envisag\u00e9 que sous une forme toute concr\u00e8te par ceux qui s&rsquo;illusionnent le trouver dans l&rsquo;affection exag\u00e9r\u00e9e envers un seul \u00eatre ou en cr\u00e9ant une ambiance propice au d\u00e9veloppement de l&rsquo;\u00e9go\u00efsme, du sensualisme, de l&rsquo;orgueil. Nous ne voyons que cela autour de nous et c&rsquo;est pour cette raison que le d\u00e9sordre et le chaos r\u00e8gnent en ma\u00eetre au sein m\u00eame des foyers de ceux qui se sont pris pour t\u00e2che de \u00ab cr\u00e9er du bonheur \u00bb. Il n&rsquo;est pas aussi insaisissable et aussi chim\u00e9rique comme beaucoup le pr\u00e9tendent. Pour cela, il suffit de se d\u00e9faire des exigences imp\u00e9rieuses du \u00ab moi \u00bb, de s&rsquo;\u00e9purer soi-m\u00eame et non pas de critiquer les autres. Car avant de conseiller autrui, il faut s&rsquo;assurer que soi-m\u00eame l&rsquo;on est arriv\u00e9 au point de ne plus faiblir dans l&rsquo;adversit\u00e9.<\/p>\n<p style=\"text-align: justify;\">\n<p style=\"text-align: justify;\">Le bonheur sera pour les uns superficiel parce qu&rsquo;ils seront rest\u00e9s attach\u00e9s, malgr\u00e9 tout, \u00e0 leur individualisme qui est synonyme d&rsquo;\u00e9go\u00efsme, mais pour d&rsquo;autres il sera total car ils auront su faire abstraction de leur personnalit\u00e9, de leur \u00ab moi \u00bb et savoir comprendre cela veut dire aussi s&rsquo;unifier dans tout ce qui nous entoure. Car c&rsquo;est dans l&rsquo;altruisme et l&rsquo;oubli de soi-m\u00eame que r\u00e9side le vrai bonheur.<\/p>\n<p style=\"text-align: justify;\">\n<p style=\"text-align: justify;\">Dans la souffrance souviens-toi que tu n&rsquo;es pas seul, que tes plaintes, tes douleurs sont entendues, que dans les instants o\u00f9 l&rsquo;accablement est le plus profond, o\u00f9 ton coeur gonfl\u00e9 de tristesse semble \u00e9clater sous la pression de l&rsquo;amertume, que des yeux, dans le silence de l&rsquo;\u00c9ternit\u00e9, te contemplent, te sup plient de ne pas faiblir, de consid\u00e9rer la souffrance comme un bienfait, car elle est aussi n\u00e9cessaire \u00e0 l&rsquo;\u00e9puration de l&rsquo;\u00e2me, que le roc l&rsquo;est \u00e0 la cristallisation de l&rsquo;eau.<\/p>\n<p style=\"text-align: justify;\">\n<p style=\"text-align: justify;\">Quand le monde aura compris qu&rsquo;au d\u00e9sordre, \u00e0 l&rsquo;anarchie, au chaos peut succ\u00e9der une \u00e8re de paix et d&rsquo;amour et que pour comprendre toute la port\u00e9e de ces mots, il faut que les hommes soient persuad\u00e9s que c&rsquo;est dans l&rsquo;individu m\u00eame que se trouve la r\u00e9ponse \u00e0 l&rsquo;angoissant probl\u00e8me de la vie; le monde aura alors fait un grand pas vers le r\u00e8gne de bont\u00e9 et d&rsquo;amour qui franchira un jour toutes les barri\u00e8res racistes, sociales, religieuses et de classes, pour porter en holocauste un mot entre tous sacr\u00e9s l&rsquo;Humanit\u00e9.<\/p>\n<p style=\"text-align: right;\">Vivian du CHAINEL<\/p>\n","protected":false},"excerpt":{"rendered":"<p>Pour pouvoir comprendre Dieu il faut s&rsquo;oublier soi-m\u00eame, car s&rsquo;attacher \u00e0 sa personnalit\u00e9, c&rsquo;est sombrer dans le n\u00e9ant. Dieu n&rsquo;est pas une forme d\u00e9finie, un objet palpable, mais bien la limpidit\u00e9 du regard de l&rsquo;enfant; la voix de notre conscience; les transports de tendresse qui nous portent vers ceux qui souffrent.<\/p>\n","protected":false},"author":1,"featured_media":0,"comment_status":"closed","ping_status":"closed","sticky":false,"template":"","format":"standard","meta":{"footnotes":""},"categories":[649],"tags":[533],"class_list":["post-3921","post","type-post","status-publish","format-standard","hentry","category-du-chainel-vivian","tag-dieu"],"yoast_head":"<!-- This site is optimized with the Yoast SEO plugin v27.0 - https:\/\/yoast.com\/product\/yoast-seo-wordpress\/ -->\n<title>Le Sens du Divin par Vivian du Chainel - 3e mill\u00e9naire - Spiritualit\u00e9 - Connaissance de soi - Non-dualit\u00e9 - M\u00e9ditation<\/title>\n<meta name=\"robots\" content=\"index, follow, max-snippet:-1, max-image-preview:large, max-video-preview:-1\" \/>\n<link rel=\"canonical\" href=\"https:\/\/www.revue3emillenaire.com\/blog\/le-sens-du-divin-par-vivian-du-chainel\/\" \/>\n<meta property=\"og:locale\" content=\"fr_FR\" \/>\n<meta property=\"og:type\" content=\"article\" \/>\n<meta property=\"og:title\" content=\"Le Sens du Divin par Vivian du Chainel - 3e mill\u00e9naire - Spiritualit\u00e9 - Connaissance de soi - Non-dualit\u00e9 - M\u00e9ditation\" \/>\n<meta property=\"og:description\" content=\"Pour pouvoir comprendre Dieu il faut s&#039;oublier soi-m\u00eame, car s&#039;attacher \u00e0 sa personnalit\u00e9, c&#039;est sombrer dans le n\u00e9ant. Dieu n&#039;est pas une forme d\u00e9finie, un objet palpable, mais bien la limpidit\u00e9 du regard de l&#039;enfant; la voix de notre conscience; les transports de tendresse qui nous portent vers ceux qui souffrent.\" \/>\n<meta property=\"og:url\" content=\"https:\/\/www.revue3emillenaire.com\/blog\/le-sens-du-divin-par-vivian-du-chainel\/\" \/>\n<meta property=\"og:site_name\" content=\"3e mill\u00e9naire - Spiritualit\u00e9 - Connaissance de soi - Non-dualit\u00e9 - M\u00e9ditation\" \/>\n<meta property=\"article:published_time\" content=\"2010-07-19T17:53:49+00:00\" \/>\n<meta property=\"article:modified_time\" content=\"2011-10-02T14:18:38+00:00\" \/>\n<meta name=\"author\" content=\"3e mill\u00e9naire\" \/>\n<meta name=\"twitter:card\" content=\"summary_large_image\" \/>\n<meta name=\"twitter:label1\" content=\"\u00c9crit par\" \/>\n\t<meta name=\"twitter:data1\" content=\"3e mill\u00e9naire\" \/>\n\t<meta name=\"twitter:label2\" content=\"Dur\u00e9e de lecture estim\u00e9e\" \/>\n\t<meta name=\"twitter:data2\" content=\"5 minutes\" \/>\n<script type=\"application\/ld+json\" class=\"yoast-schema-graph\">{\"@context\":\"https:\/\/schema.org\",\"@graph\":[{\"@type\":\"Article\",\"@id\":\"https:\/\/www.revue3emillenaire.com\/blog\/le-sens-du-divin-par-vivian-du-chainel\/#article\",\"isPartOf\":{\"@id\":\"https:\/\/www.revue3emillenaire.com\/blog\/le-sens-du-divin-par-vivian-du-chainel\/\"},\"author\":{\"name\":\"3e mill\u00e9naire\",\"@id\":\"https:\/\/www.revue3emillenaire.com\/blog\/#\/schema\/person\/9a3a7cc4ccaa707f402d4394327106d5\"},\"headline\":\"Le Sens du Divin par Vivian du Chainel\",\"datePublished\":\"2010-07-19T17:53:49+00:00\",\"dateModified\":\"2011-10-02T14:18:38+00:00\",\"mainEntityOfPage\":{\"@id\":\"https:\/\/www.revue3emillenaire.com\/blog\/le-sens-du-divin-par-vivian-du-chainel\/\"},\"wordCount\":924,\"keywords\":[\"Dieu\"],\"articleSection\":[\"du Chainel Vivian\"],\"inLanguage\":\"fr-FR\"},{\"@type\":\"WebPage\",\"@id\":\"https:\/\/www.revue3emillenaire.com\/blog\/le-sens-du-divin-par-vivian-du-chainel\/\",\"url\":\"https:\/\/www.revue3emillenaire.com\/blog\/le-sens-du-divin-par-vivian-du-chainel\/\",\"name\":\"Le Sens du Divin par Vivian du Chainel - 3e mill\u00e9naire - Spiritualit\u00e9 - Connaissance de soi - Non-dualit\u00e9 - M\u00e9ditation\",\"isPartOf\":{\"@id\":\"https:\/\/www.revue3emillenaire.com\/blog\/#website\"},\"datePublished\":\"2010-07-19T17:53:49+00:00\",\"dateModified\":\"2011-10-02T14:18:38+00:00\",\"author\":{\"@id\":\"https:\/\/www.revue3emillenaire.com\/blog\/#\/schema\/person\/9a3a7cc4ccaa707f402d4394327106d5\"},\"breadcrumb\":{\"@id\":\"https:\/\/www.revue3emillenaire.com\/blog\/le-sens-du-divin-par-vivian-du-chainel\/#breadcrumb\"},\"inLanguage\":\"fr-FR\",\"potentialAction\":[{\"@type\":\"ReadAction\",\"target\":[\"https:\/\/www.revue3emillenaire.com\/blog\/le-sens-du-divin-par-vivian-du-chainel\/\"]}]},{\"@type\":\"BreadcrumbList\",\"@id\":\"https:\/\/www.revue3emillenaire.com\/blog\/le-sens-du-divin-par-vivian-du-chainel\/#breadcrumb\",\"itemListElement\":[{\"@type\":\"ListItem\",\"position\":1,\"name\":\"Accueil\",\"item\":\"https:\/\/www.revue3emillenaire.com\/blog\/\"},{\"@type\":\"ListItem\",\"position\":2,\"name\":\"Le Sens du Divin par Vivian du Chainel\"}]},{\"@type\":\"WebSite\",\"@id\":\"https:\/\/www.revue3emillenaire.com\/blog\/#website\",\"url\":\"https:\/\/www.revue3emillenaire.com\/blog\/\",\"name\":\"3e mill\u00e9naire - Spiritualit\u00e9 - Connaissance de soi - Non-dualit\u00e9 - M\u00e9ditation\",\"description\":\"L&#039;Homme en devenir\",\"potentialAction\":[{\"@type\":\"SearchAction\",\"target\":{\"@type\":\"EntryPoint\",\"urlTemplate\":\"https:\/\/www.revue3emillenaire.com\/blog\/?s={search_term_string}\"},\"query-input\":{\"@type\":\"PropertyValueSpecification\",\"valueRequired\":true,\"valueName\":\"search_term_string\"}}],\"inLanguage\":\"fr-FR\"},{\"@type\":\"Person\",\"@id\":\"https:\/\/www.revue3emillenaire.com\/blog\/#\/schema\/person\/9a3a7cc4ccaa707f402d4394327106d5\",\"name\":\"3e mill\u00e9naire\",\"url\":\"https:\/\/www.revue3emillenaire.com\/blog\/author\/admin\/\"}]}<\/script>\n<!-- \/ Yoast SEO plugin. -->","yoast_head_json":{"title":"Le Sens du Divin par Vivian du Chainel - 3e mill\u00e9naire - Spiritualit\u00e9 - Connaissance de soi - Non-dualit\u00e9 - M\u00e9ditation","robots":{"index":"index","follow":"follow","max-snippet":"max-snippet:-1","max-image-preview":"max-image-preview:large","max-video-preview":"max-video-preview:-1"},"canonical":"https:\/\/www.revue3emillenaire.com\/blog\/le-sens-du-divin-par-vivian-du-chainel\/","og_locale":"fr_FR","og_type":"article","og_title":"Le Sens du Divin par Vivian du Chainel - 3e mill\u00e9naire - Spiritualit\u00e9 - Connaissance de soi - Non-dualit\u00e9 - M\u00e9ditation","og_description":"Pour pouvoir comprendre Dieu il faut s'oublier soi-m\u00eame, car s'attacher \u00e0 sa personnalit\u00e9, c'est sombrer dans le n\u00e9ant. Dieu n'est pas une forme d\u00e9finie, un objet palpable, mais bien la limpidit\u00e9 du regard de l'enfant; la voix de notre conscience; les transports de tendresse qui nous portent vers ceux qui souffrent.","og_url":"https:\/\/www.revue3emillenaire.com\/blog\/le-sens-du-divin-par-vivian-du-chainel\/","og_site_name":"3e mill\u00e9naire - Spiritualit\u00e9 - Connaissance de soi - Non-dualit\u00e9 - M\u00e9ditation","article_published_time":"2010-07-19T17:53:49+00:00","article_modified_time":"2011-10-02T14:18:38+00:00","author":"3e mill\u00e9naire","twitter_card":"summary_large_image","twitter_misc":{"\u00c9crit par":"3e mill\u00e9naire","Dur\u00e9e de lecture estim\u00e9e":"5 minutes"},"schema":{"@context":"https:\/\/schema.org","@graph":[{"@type":"Article","@id":"https:\/\/www.revue3emillenaire.com\/blog\/le-sens-du-divin-par-vivian-du-chainel\/#article","isPartOf":{"@id":"https:\/\/www.revue3emillenaire.com\/blog\/le-sens-du-divin-par-vivian-du-chainel\/"},"author":{"name":"3e mill\u00e9naire","@id":"https:\/\/www.revue3emillenaire.com\/blog\/#\/schema\/person\/9a3a7cc4ccaa707f402d4394327106d5"},"headline":"Le Sens du Divin par Vivian du Chainel","datePublished":"2010-07-19T17:53:49+00:00","dateModified":"2011-10-02T14:18:38+00:00","mainEntityOfPage":{"@id":"https:\/\/www.revue3emillenaire.com\/blog\/le-sens-du-divin-par-vivian-du-chainel\/"},"wordCount":924,"keywords":["Dieu"],"articleSection":["du Chainel Vivian"],"inLanguage":"fr-FR"},{"@type":"WebPage","@id":"https:\/\/www.revue3emillenaire.com\/blog\/le-sens-du-divin-par-vivian-du-chainel\/","url":"https:\/\/www.revue3emillenaire.com\/blog\/le-sens-du-divin-par-vivian-du-chainel\/","name":"Le Sens du Divin par Vivian du Chainel - 3e mill\u00e9naire - Spiritualit\u00e9 - Connaissance de soi - Non-dualit\u00e9 - M\u00e9ditation","isPartOf":{"@id":"https:\/\/www.revue3emillenaire.com\/blog\/#website"},"datePublished":"2010-07-19T17:53:49+00:00","dateModified":"2011-10-02T14:18:38+00:00","author":{"@id":"https:\/\/www.revue3emillenaire.com\/blog\/#\/schema\/person\/9a3a7cc4ccaa707f402d4394327106d5"},"breadcrumb":{"@id":"https:\/\/www.revue3emillenaire.com\/blog\/le-sens-du-divin-par-vivian-du-chainel\/#breadcrumb"},"inLanguage":"fr-FR","potentialAction":[{"@type":"ReadAction","target":["https:\/\/www.revue3emillenaire.com\/blog\/le-sens-du-divin-par-vivian-du-chainel\/"]}]},{"@type":"BreadcrumbList","@id":"https:\/\/www.revue3emillenaire.com\/blog\/le-sens-du-divin-par-vivian-du-chainel\/#breadcrumb","itemListElement":[{"@type":"ListItem","position":1,"name":"Accueil","item":"https:\/\/www.revue3emillenaire.com\/blog\/"},{"@type":"ListItem","position":2,"name":"Le Sens du Divin par Vivian du Chainel"}]},{"@type":"WebSite","@id":"https:\/\/www.revue3emillenaire.com\/blog\/#website","url":"https:\/\/www.revue3emillenaire.com\/blog\/","name":"3e mill\u00e9naire - Spiritualit\u00e9 - Connaissance de soi - Non-dualit\u00e9 - M\u00e9ditation","description":"L&#039;Homme en devenir","potentialAction":[{"@type":"SearchAction","target":{"@type":"EntryPoint","urlTemplate":"https:\/\/www.revue3emillenaire.com\/blog\/?s={search_term_string}"},"query-input":{"@type":"PropertyValueSpecification","valueRequired":true,"valueName":"search_term_string"}}],"inLanguage":"fr-FR"},{"@type":"Person","@id":"https:\/\/www.revue3emillenaire.com\/blog\/#\/schema\/person\/9a3a7cc4ccaa707f402d4394327106d5","name":"3e mill\u00e9naire","url":"https:\/\/www.revue3emillenaire.com\/blog\/author\/admin\/"}]}},"_links":{"self":[{"href":"https:\/\/www.revue3emillenaire.com\/blog\/wp-json\/wp\/v2\/posts\/3921","targetHints":{"allow":["GET"]}}],"collection":[{"href":"https:\/\/www.revue3emillenaire.com\/blog\/wp-json\/wp\/v2\/posts"}],"about":[{"href":"https:\/\/www.revue3emillenaire.com\/blog\/wp-json\/wp\/v2\/types\/post"}],"author":[{"embeddable":true,"href":"https:\/\/www.revue3emillenaire.com\/blog\/wp-json\/wp\/v2\/users\/1"}],"replies":[{"embeddable":true,"href":"https:\/\/www.revue3emillenaire.com\/blog\/wp-json\/wp\/v2\/comments?post=3921"}],"version-history":[{"count":0,"href":"https:\/\/www.revue3emillenaire.com\/blog\/wp-json\/wp\/v2\/posts\/3921\/revisions"}],"wp:attachment":[{"href":"https:\/\/www.revue3emillenaire.com\/blog\/wp-json\/wp\/v2\/media?parent=3921"}],"wp:term":[{"taxonomy":"category","embeddable":true,"href":"https:\/\/www.revue3emillenaire.com\/blog\/wp-json\/wp\/v2\/categories?post=3921"},{"taxonomy":"post_tag","embeddable":true,"href":"https:\/\/www.revue3emillenaire.com\/blog\/wp-json\/wp\/v2\/tags?post=3921"}],"curies":[{"name":"wp","href":"https:\/\/api.w.org\/{rel}","templated":true}]}}