{"id":4212,"date":"2010-08-06T17:01:53","date_gmt":"2010-08-06T16:01:53","guid":{"rendered":"http:\/\/www.revue3emillenaire.com\/blog\/?p=4212"},"modified":"2011-10-01T01:47:09","modified_gmt":"2011-10-01T00:47:09","slug":"le-complexe-de-promethee-par-stelios-castanos-de-medicis","status":"publish","type":"post","link":"https:\/\/www.revue3emillenaire.com\/blog\/le-complexe-de-promethee-par-stelios-castanos-de-medicis\/","title":{"rendered":"Le Complexe de Prom\u00e9th\u00e9e par St\u00e9lios Castanos de Medicis"},"content":{"rendered":"<p style=\"text-align: justify;\">(Revue Synth\u00e8ses. No 200. Janvier 1963)<\/p>\n<p style=\"text-align: justify;\">\n<p style=\"text-align: justify;\"><em>Extrait du cours : Psychologie de l&rsquo;homme contemporain, profess\u00e9 au Centre Universitaire des Hautes \u00c9tudes Europ\u00e9ennes de l&rsquo;Universit\u00e9 de Strasbourg.<\/em><\/p>\n<p style=\"text-align: justify;\">\n<p style=\"text-align: center;\"><strong>I<\/strong><\/p>\n<p style=\"text-align: justify;\">\n<p style=\"text-align: justify;\">Parall\u00e8lement \u00e0 la doctrine d&rsquo;Alfred Adler et \u00e0 la tr\u00e8s s\u00e9duisante (parce que profond\u00e9ment tragique<a href=\"#_ftn1\">[1]<\/a>) interpr\u00e9tation de base de la psychologie individuelle, il nous est possible de constater certaines incidences modernes, tant philosophiques que sociales ou artistiques, de cette th\u00e9orie. Il s&rsquo;agirait, en somme, d&rsquo;\u00e9tudier quelques prolongements caract\u00e9ristiques de notre condition d&rsquo;inf\u00e9riorit\u00e9, et d&rsquo;en faire comme une esp\u00e8ce de cause de notre situation dans le monde d&rsquo;aujourd&rsquo;hui. Nous savons que, d&rsquo;apr\u00e8s l&rsquo;acception adl\u00e9rienne, la position de l&rsquo;homme dans la nature est d&rsquo;inf\u00e9riorit\u00e9. C&rsquo;est cette inf\u00e9riorit\u00e9 organique de l&rsquo;homme, qui est, en quelque sorte, cong\u00e9nitale et sp\u00e9cifique, rattach\u00e9e donc \u00e0 lui, en tant que sp\u00e9cimen de l&rsquo;humain, qui cr\u00e9e en son \u00eatre un sentiment d&rsquo;ins\u00e9curit\u00e9, agissant comme stimulant perp\u00e9tuel. Par cet aiguillon constant, l&rsquo;homme est port\u00e9, pouss\u00e9 \u00e0 inventer des situations originales<a href=\"#_ftn2\">[2]<\/a> dans lesquelles les d\u00e9savantages de la position humaine dans la nature peuvent \u00eatre compens\u00e9s<a href=\"#_ftn3\">[3]<\/a>. L&rsquo;ensemble de ces compensations peut \u00eatre appel\u00e9 un complexe prom\u00e9th\u00e9en, sans, pour autant, conclure \u00e0 une origine psycho-pathologique de la r\u00e9ussite, de l&rsquo;extraordinaire ou du succ\u00e8s. Un \u00ab complexe \u00bb, en effet, n&rsquo;est point toujours n\u00e9cessairement morbide. Le complexe, \u00e0 titre g\u00e9n\u00e9ral, serait une constellation de contenus psychiques charg\u00e9s d&rsquo;\u00e9nergie affective. Par \u00ab contenus psychiques \u00bb, l&rsquo;on ne veut pas dire obligatoirement \u00ab contenus refoul\u00e9s \u00bb ou \u00ab inconscients \u00bb. Il existe des complexes qui, tout en \u00e9tant inconscients, ne sont pas refoul\u00e9s, mais simplement ignor\u00e9s par l&rsquo;\u00e9tat actuel de la conscience: ce sont les virtualit\u00e9s de la personnalit\u00e9, et ses possibilit\u00e9s futures n&rsquo;ayant pas encore atteint le seuil du connu. Il est aussi des complexes conscients, nullement pathologiques: \u00e0 cet \u00e9gard, l&rsquo;on peut consid\u00e9rer le centre m\u00eame du conscient, c&rsquo;est-\u00e0-dire le moi, comme un complexe psychique, si l&rsquo;on veut bien y voir l\u00e0 une constellation d&rsquo;\u00e9nergies affectives, group\u00e9es autour d&rsquo;un certain noyau qui agit comme centre de gravit\u00e9<a href=\"#_ftn4\">[4]<\/a>. Du point de vue de la psychologie g\u00e9n\u00e9rale, le complexe de Prom\u00e9th\u00e9e serait donc un centre essentiel de gravit\u00e9 conditionnant le comportement social de l&rsquo;homme<a href=\"#_ftn5\">[5]<\/a>. Ce complexe serait \u00e0 l&rsquo;origine, ainsi que nous l&rsquo;avons dit, de l&rsquo;ensemble des compensations imagin\u00e9es par le g\u00e9nie humain.<\/p>\n<p style=\"text-align: justify;\">\n<p style=\"text-align: justify;\">A la base dudit complexe r\u00e9side un sentiment d&rsquo;ins\u00e9curit\u00e9, d&rsquo;o\u00f9 d\u00e9coule, n\u00e9cessairement, un \u00e9tat de conscience apeur\u00e9e<a href=\"#_ftn6\">[6]<\/a>, angoiss\u00e9e, se rendant bien compte de sa condition, dont l&rsquo;essence est un manque. Ce manque essentiel n&rsquo;est rien d&rsquo;autre que la \u00ab connaissance instinctive \u00bb d&rsquo;\u00eatre s\u00e9par\u00e9 de quelque chose d&rsquo;important, de vital presque, dont on aurait un besoin in\u00e9luctable et profond. A cet \u00e9tat de conscience, deux voies d\u00e9volution s&rsquo;offrent comme possibles: l&rsquo;une serait l&rsquo;enfoncement progressif, le plaisir, en quelque sorte, malsain qui consisterait \u00e0 se repa\u00eetre de son mal, et d\u00e9terminerait un repliement de plus en plus accentu\u00e9, renforc\u00e9, d&rsquo;ailleurs, par une tendance \u00e0 l&rsquo;autoprotection; l&rsquo;autre serait le d\u00e9sir. Le d\u00e9sir se pr\u00e9sente comme le contrepoids positif de la peur et de l&rsquo;angoisse. Si la peur est le corollaire du sentiment de pr\u00e9carit\u00e9; si l&rsquo;angoisse est le lot de cette conscience du manque, le d\u00e9sir, issu de la m\u00eame conscience malheureuse, et n\u00e9 de ce sentiment d&rsquo;impuissance, conduit \u00e0 des r\u00e9sultats oppos\u00e9s. Nous avons ici une nouvelle illustration des manifestations de la r\u00e9volte, que nous avons examin\u00e9e ailleurs<a href=\"#_ftn7\">[7]<\/a>. Tandis que la peur am\u00e8ne celui qui l&rsquo;\u00e9prouve \u00e0 fuir les obligations et les responsabilit\u00e9s, le d\u00e9sir, proc\u00e9dant de la m\u00eame origine que celle-l\u00e0, agit en sens inverse et pousse l&rsquo;\u00eatre humain \u00e0 t\u00e2cher d&rsquo;acqu\u00e9rir ce qui lui fait d\u00e9faut. De cette mani\u00e8re, le d\u00e9sir, contrairement \u00e0 la peur, incite l&rsquo;homme \u00e0 un d\u00e9passement de son \u00e9tat, d\u00e9passement qui est, \u00e0 la fois, r\u00e9alisation de lui-m\u00eame et n\u00e9gation de soi. C&rsquo;est dans la n\u00e9gation de soi, c&rsquo;est-\u00e0-dire dans l&rsquo;abandon, apr\u00e8s refus, de sa condition initiale, que l&rsquo;homme retrouve toujours un sens de culpabilit\u00e9, aliment\u00e9 par ce qu&rsquo;il y a de d\u00e9chir\u00e9, de fragmentaire dans toute entreprise exceptionnelle<a href=\"#_ftn8\">[8]<\/a>. C&rsquo;est, par contre, dans la r\u00e9alisation de son \u00ab plus-\u00eatre \u00bb que l&rsquo;homme trouve \u00e9galement le sens de sa profonde nature, qui lui est ext\u00e9rieure (c&rsquo;est-\u00e0-dire atteinte \u00e0 un deuxi\u00e8me degr\u00e9), mais aussi ce qui existe en lui de plus intime, puisqu&rsquo;il est ce qui, par excellence, le diff\u00e9rencie du reste de la nature. Dans le mythe de Prom\u00e9th\u00e9e, ces deux aspects, \u00e0 premi\u00e8re vue contradictoires, mais finalement compl\u00e9mentaires, coexistent en tant que grandeur et ch\u00e2timent du dieu, et c&rsquo;est \u2014 on l&rsquo;a d\u00e9j\u00e0 compris \u2014 la raison pour laquelle nous l&rsquo;avons choisi, afin de nous servir de ce nom pour d\u00e9signer ce qu&rsquo;il y a de plus fondamental dans notre histoire d&rsquo;homme.<\/p>\n<p style=\"text-align: justify;\">\n<p style=\"text-align: justify;\">En termes psychologiques, ce m\u00eame probl\u00e8me existe et se traduit par l&rsquo;objectif de l&rsquo;analyse dont l&rsquo;ultime recherche est de lib\u00e9rer \u00c9r\u00f4s<a href=\"#_ftn9\">[9]<\/a> de l&#8217;emprise de l&rsquo;angoisse et de la peur, forces n\u00e9gatives. Comme dit G. Adler, \u00ab si \u00e9trange que cela puisse para\u00eetre, les deux (c&rsquo;est-\u00e0-dire la peur et \u00c9r\u00f4s) ne sont d&rsquo;ailleurs que des manifestations diff\u00e9rentes de la m\u00eame \u00e9nergie psychique, la libido \u00bb<a href=\"#_ftn10\">[10]<\/a>. Ce qui revient \u00e0 dire que deux manifestations, deux apparences diam\u00e9tralement oppos\u00e9es non seulement proc\u00e8dent dune origine qui leur est identique, mais sont des modes temporaires de repr\u00e9sentation d&rsquo;un contenu unique. La diff\u00e9rence r\u00e9side dans le sens, et la ressemblance (pas m\u00eame la ressemblance, mais l&rsquo;identit\u00e9) dans l&rsquo;essence<a href=\"#_ftn11\">[11]<\/a>. Il nous faut maintenant voir ce en quoi \u00c9r\u00f4s est une force positive. Platon disait d\u00e9j\u00e0 que l&rsquo;\u00ab effort vers la totalit\u00e9 est l&rsquo;\u0153uvre d&rsquo;\u00c9r\u00f4s \u00bb<a href=\"#_ftn12\">[12]<\/a> : il s&rsquo;agit de l&rsquo;\u00e9lan vers ce qui est diff\u00e9rent; mais c&rsquo;est aussi vers la pl\u00e9nitude, car ce qui est diff\u00e9rent, si r\u00e9uni \u00e0 l&rsquo;inh\u00e9rent, gratifie ce dernier de nouvelles possibilit\u00e9s par-del\u00e0 ses contingences initiales, pauvres, ch\u00e9tives. C&rsquo;est ce qui pousse l&rsquo;humain au-del\u00e0 de ses limites \u00e9troites d&rsquo;un moi isol\u00e9, rattach\u00e9 \u00e0 certaines modalit\u00e9s structurales tant physiques que morales. Le diff\u00e9rent donc devient une partie du moi; il cesse d&rsquo;\u00eatre diff\u00e9rent et devient moi-m\u00eame. En donnant la possibilit\u00e9 en acte d&rsquo;une exp\u00e9rience personnelle d&rsquo;enrichissement du moi, \u00c9r\u00f4s est un propulseur charg\u00e9 de puissance positive. Ce c\u00f4t\u00e9 positif d&rsquo;\u00c9r\u00f4s, du fait qu&rsquo;il implique une aventure (c&rsquo;est-\u00e0-dire une recherche d\u00e9passant les donn\u00e9es du d\u00e9but), rec\u00e8le \u00e9galement un c\u00f4t\u00e9 n\u00e9gatif. En lui, la peur r\u00e9appara\u00eet, et aussi l&rsquo;angoisse, sous la forme de la crainte de perdre cette partie ajout\u00e9e du moi et de retomber, par cons\u00e9quent, dans l&rsquo;\u00e9tat insatisfaisant d&rsquo;origine. Il y a ici comme la survivance de ce qu&rsquo;il y a de fragmentaire, comme nous l&rsquo;avons dit, dans toute entreprise exceptionnelle, par cela m\u00eame qu&rsquo;elle est exceptionnelle.<\/p>\n<p style=\"text-align: justify;\">\n<p style=\"text-align: justify;\">Arriv\u00e9s \u00e0 ce stade de compr\u00e9hension, nous nous rendons compte de ce que peut bien \u00eatre la conjuctio: l&rsquo;Union des contraires, ce que les alchimistes d\u00e9signaient par le terme de concordiam oppositorum et que nous avons appel\u00e9 hyperth\u00e8se<a href=\"#_ftn13\">[13]<\/a> pour faire ressortir la diff\u00e9rence de cette notion d&rsquo;avec celle d&rsquo;une simple \u00ab synth\u00e8se \u00bb o\u00f9 les antinomies seraient fondues en une notion interm\u00e9diaire. C.G. Jung emploie cette m\u00eame notion dans sa psychologie analytique, en lui donnant le nom de soi, par opposition au \u00ab moi \u00bb ou au \u00ab nous \u00bb (ce dernier terme impliquant justement une identification, ou une non-diff\u00e9renciation, du moi avec une entit\u00e9 antinomique: un groupe, par exemple, ou la tribu, mais sans que cette identification soit arriv\u00e9e au niveau hyperth\u00e9tique). L&rsquo;union des contraires est donc constat\u00e9e chaque fois que nous arrivons \u00e0 la connaissance pleine d&rsquo;un \u00e9tat psychique, et cela par le fait ou \u00e0 cause de notre structure d&rsquo;\u00eatre humain. C&rsquo;est le \u00ab par-del\u00e0 le bien et le mal \u00bb nietzsch\u00e9en, emprunt\u00e9 \u00e0 H\u00e9raclite, et confirm\u00e9 par A. Adler. Tout tourne comme sur la p\u00e9riph\u00e9rie d&rsquo;un cercle ou, plut\u00f4t, comme sur la courbe d&rsquo;une spirale, puisque chaque retour en arri\u00e8re d\u00e9termine \u00e9galement un pas en avant.<\/p>\n<p style=\"text-align: justify;\">\n<p style=\"text-align: center;\"><strong>II<\/strong><\/p>\n<p style=\"text-align: justify;\">\n<p style=\"text-align: justify;\">Cette ambivalence est le substrat des \u00e9poques de cr\u00e9ation; de ces p\u00e9riodes historiques inqui\u00e8tes, insatisfaites, dont la conscience m\u00eame de leur vuln\u00e9rabilit\u00e9 pr\u00e9pare leur succ\u00e8s \u00e0 venir. La privation engendre la cr\u00e9ation<a href=\"#_ftn14\">[14]<\/a> ; la dispersion pr\u00e9figure l&rsquo;assimilation; le doute appelle la connaissance. Nous pouvons donc estimer qu&rsquo;il est pour nous comme une esp\u00e8ce de privil\u00e8ge que de devoir vivre en des temps aussi tourment\u00e9s. Pour l&rsquo;\u00e8re moderne, cet \u00e9tat de choses a commenc\u00e9 avec la Renaissance et se r\u00e9percute jusqu&rsquo;\u00e0 aujourd&rsquo;hui. L&rsquo;esprit de la Renaissance a rompu la qui\u00e9tude de l&rsquo;homme en le plongeant dans l&rsquo;entreprise de sa libert\u00e9, qu&rsquo;il devait refaire point par point, payant de sa personne et sans pouvoir recourir \u00e0 des solutions offertes ou donn\u00e9es par avance. L&rsquo;humanisme nous apprit que la valeur humaine r\u00e9sidait en nous et qu&rsquo;il fallait l&rsquo;appr\u00e9hender par notre propre exp\u00e9rience personnelle. Ce passage de l&rsquo;ancienne image du monde \u00e0 une nouvelle image du monde a d\u00e9termin\u00e9 \u00e0 la fois les prodigieuses possibilit\u00e9s de d\u00e9veloppement et les risques incalculables de destruction qui n&rsquo;ont fait que s&rsquo;accro\u00eetre de plus en plus. A la vieille image du Moyen Age, statique et intol\u00e9rant, s&rsquo;est substitu\u00e9e une nouvelle notion dynamique et synth\u00e9tique, red\u00e9couvrant des possibilit\u00e9s n\u00e9glig\u00e9es, inventant de nouvelles et essayant de trouver une harmonie plus riche de l&rsquo;homme avec l&rsquo;univers. Un nouvel humanisme contemporain ne serait rien de moins que l&rsquo;effort de saisir toutes les donn\u00e9es du progr\u00e8s, afin de permettre \u00e0 l&rsquo;homme d&rsquo;occuper son rang d\u00fb dans le complexe du temps actuel.<\/p>\n<p style=\"text-align: justify;\">\n<p style=\"text-align: justify;\">Mais, cette libert\u00e9 qu&rsquo;il s&rsquo;est octroy\u00e9e, est \u00e0 l&rsquo;homme, ainsi que nous l&rsquo;avons vu, une source constante de d\u00e9sarroi. L&rsquo;un ne va pas sans l&rsquo;autre. C&rsquo;est ainsi que nous pouvons expliquer la mentalit\u00e9 contemporaine qui se fait jour dans les manifestations soit artistiques, soit philosophiques, dont l&rsquo;\u00e9l\u00e9ment pr\u00e9dominant est celui de la d\u00e9composition. Cet \u00e9l\u00e9ment de d\u00e9composition est tr\u00e8s naturel. Il est la recherche d&rsquo;un univers nouveau, et cette \u00ab nouveaut\u00e9 \u00bb se traduit par des exp\u00e9riences jamais encore tent\u00e9es. Le \u00ab r\u00e9el \u00bb n&rsquo;existe pas ! Comme le constatait Jean Anouilh, \u00ab le naturalisme n&rsquo;\u00e9tait pas, comme on l&rsquo;a cru, la photographie de la r\u00e9alit\u00e9, mais plut\u00f4t la reproduction l\u00e9ch\u00e9e (comme disent les peintres) de cette id\u00e9e toute faire de la vie qui est devenue pour nous LA VIE \u00bb<a href=\"#_ftn15\">[15]<\/a>. Le \u00ab r\u00e9el \u00bb n&rsquo;est que le \u00ab connu \u00bb du r\u00e9el qui change d&rsquo;aspect et de nature dans le flux \u00e9volutif de notre libert\u00e9. De m\u00eame donc que le naturalisme a pr\u00e9tendu appliquer au roman la technique pr\u00e9cise des m\u00e9thodes scientifiques, telles qu&rsquo;elles se pr\u00e9sentaient \u00e0 la fin du si\u00e8cle pass\u00e9, de m\u00eame le surr\u00e9alisme, au d\u00e9but de ce si\u00e8cle, a essay\u00e9 de transposer en litt\u00e9rature les d\u00e9couvertes scientifiques freudiennes de la psychanalyse. Le futurisme s&rsquo;est laiss\u00e9 impressionner par les progr\u00e8s de la m\u00e9canique; le cubisme ne voulait plus admettre un point de vue optimum, privil\u00e9gi\u00e9 en quelque sorte d&rsquo;o\u00f9 l&rsquo;objet serait contempl\u00e9 et saisi dans sa totalit\u00e9 factice, et la philosophie constatait la \u00ab mort de Dieu \u00bb, avec Nietzsche; discr\u00e9ditait l&rsquo;essence, avec les existentialistes; m\u00e9prisait l&rsquo;intellect, avec Bergson. Pourquoi ? Mais, tout simplement, parce que l&rsquo;homme cherchait. L&rsquo;homme se recherchait dans des exp\u00e9riences nouvelles, et que, pour ce faire, il \u00e9tait oblig\u00e9 de se comporter envers son pass\u00e9 avec une certaine d\u00e9sinvolture, apparence d&rsquo;ailleurs irr\u00e9v\u00e9rencieuse, masque tragique et enfantin, qu&rsquo;il se fabriquait pour bien cacher sa peur. (C&rsquo;\u00e9tait comme la r\u00e9action d&rsquo;un jeune gar\u00e7on qui devrait traverser la nuit un long corridor obscur d&rsquo;une grande maison froide, et qui sifflerait, pour se donner une contenance d&rsquo;adulte, tant soit peu. D&rsquo;ailleurs, puisqu&rsquo;on parle de la \u00ab mort de Dieu \u00bb, jamais je n&rsquo;ai senti, avec une force plus prenante, plus poignante, ce monologue de l&rsquo;homme implorant l&rsquo;existence de quelque chose de divin, que dans les pages de Nietzsche, en proie \u00e0 sa terrible solitude; mais \u00e9videmment, il faudrait lire tout cela d&rsquo;une \u00ab certaine mani\u00e8re \u00bb.)<\/p>\n<p style=\"text-align: justify;\">\n<p style=\"text-align: justify;\">La recherche en question a d\u00e9termin\u00e9 la mentalit\u00e9 de l&rsquo;homme moderne. Cette mentalit\u00e9 est \u00e0 la fois celle de l&rsquo;angoisse et celle de la cr\u00e9ation. L&rsquo;\u00e2me en repos ne se pose pas de questions, ne remet pas tout en doute; ainsi, aussi, n&rsquo;obtient-elle point de r\u00e9ponses. C&rsquo;est quand la conscience est arriv\u00e9e \u00e0 un degr\u00e9 d&rsquo;insatisfaction, que les amarres sont largu\u00e9es, et que commence l&rsquo;aventure. L&rsquo;aventure, c&rsquo;est-\u00e0-dire le d\u00e9ploiement de l&rsquo;histoire de l&rsquo;humain, qui devient alors ce que A. Adler con\u00e7oit comme une soif de puissance; une soif de puissance, parce que, juste \u00e0 ce moment-l\u00e0, rien n&rsquo;est moins irr\u00e9el que l&rsquo;\u00e9tat d&rsquo;impuissance. En ce moment donc, le subtil amalgame des contraires est consomm\u00e9, et Prom\u00e9th\u00e9e, gr\u00e2ce \u00e0 son ch\u00e2timent, peut jouir de son triomphe. Tout est l\u00e0.<\/p>\n<p style=\"text-align: justify;\">\n<p style=\"text-align: justify;\">Tout est l\u00e0, que ce soit d&rsquo;ailleurs dans l&rsquo;un ou l&rsquo;autre des domaines de l&rsquo;esprit. Un objet d&rsquo;opprobre et d&rsquo;ignominie, destin\u00e9 aux criminels et aux assassins, est devenu symbole sacr\u00e9 de vie, d&rsquo;espoir et de r\u00e9demption: la croix; pour devenir Bouddha, Siddh\u00e2rta Gautama dut abandonner ses oripeaux princiers et endosser les haillons du mendiant. En psychologie, c&rsquo;est \u00e9galement la m\u00eame chose: on croit, d&rsquo;habitude, que l&rsquo;intellect s&rsquo;oppose \u00e0 l&rsquo;instinct, dans le sens que celui-ci n&rsquo;est qu&rsquo;un premier mouvement qui pr\u00e9c\u00e8de la r\u00e9flexion et qui porte \u00e0 ex\u00e9cuter certains actes sans avoir la notion de leur but. L&rsquo;intelligence, par contre, est consid\u00e9r\u00e9e comme diff\u00e9rant de l&rsquo;instinct du fait que celle-l\u00e0 proc\u00e8de par la conscience du but, la variabilit\u00e9 des moyens et la connaissance des rapports reliant les moyens aux buts. Mais, il devient \u00e9vident qu&rsquo;une \u00ab intelligence \u00bb, arriv\u00e9e \u00e0 un degr\u00e9 de perfection par rapport \u00e0 la connaissance des contingences d&rsquo;un acte pr\u00e9cis, se reconvertirait en \u00ab instinct \u00bb. En effet, la connaissance parfaite du mode ad\u00e9quat de faire, en une occurrence donn\u00e9e, enl\u00e8verait, \u00e0 ladite action, tout caract\u00e8re de flottement, d&rsquo;ind\u00e9cision, d&rsquo;h\u00e9sitation, de variabilit\u00e9 donc, des moyens, et reprendrait l&rsquo;attitude de n\u00e9cessit\u00e9 conditionn\u00e9e, qui est celle de l&rsquo;instinct. Cette \u00ab reconversion \u00bb s&rsquo;appelle l&rsquo;habitude, o\u00f9 l&rsquo;acte est commis comme automatiquement, sans passer par l&rsquo;interm\u00e9diaire d&rsquo;une r\u00e9flexion ou d&rsquo;une conscience du but. L&rsquo;habitude est le ph\u00e9nom\u00e8ne banal et quotidien de cet \u00e9tat de choses. Mais, hormis l&rsquo;habitude, l&rsquo;on peut comprendre fort ais\u00e9ment que ce passage de la r\u00e9flexion \u00e0 l&rsquo;instinct s&rsquo;op\u00e8re chaque fois que nous sommes en pr\u00e9sence d&rsquo;un acte pleinement appr\u00e9hend\u00e9 dans ses d\u00e9tails, et parfaitement effectu\u00e9; car, dans ce cas, tous rapports de moyens et de buts \u00e9tant int\u00e9gralement connus, la marge d&rsquo;incertitude et d&rsquo;examen ult\u00e9rieur devient presque inexistante et superflue. La \u00ab r\u00e9flexion \u00bb ou l&rsquo;\u00abintelligence \u00bb est donc, \u00e0 la fois, sup\u00e9rieure et inf\u00e9rieure \u00e0 l&rsquo;\u00ab instinct \u00bb ou \u00e0 l&rsquo;\u00ab intuition \u00bb: elle est sup\u00e9rieure, parce qu&rsquo;elle permet des adaptations nouvelles dans des cas originaux, et d\u00e9passant les conditions et contingences initiales; elle est inf\u00e9rieure, parce qu&rsquo;elle d\u00e9note une certaine imperfection dans le savoir faire d\u00e9finitif, imperfection qui se traduit par la recherche des modes meilleurs et nouveaux. Parall\u00e8lement, l&rsquo;\u00ab instinct \u00bb est lui aussi, \u00e0 son tour, inf\u00e9rieur et sup\u00e9rieur \u00e0 la \u00ab r\u00e9flexion \u00bb, du fait qu&rsquo;il donne directement la mani\u00e8re de faire ad\u00e9quate pour des situations statiques, d\u00e9pourvues et d\u00e9munies de perfectibilit\u00e9.<\/p>\n<p style=\"text-align: justify;\">\n<p style=\"text-align: justify;\">L&rsquo;\u00e9volution des impulsions se pr\u00e9senterait comme ob\u00e9issant aux r\u00e8gles d&rsquo;un mouvement \u00e0 trois temps: l&rsquo;instinct primaire deviendrait pens\u00e9e chez l&rsquo;\u00eatre \u00e9volu\u00e9 (c&rsquo;est-\u00e0-dire que la r\u00e9flexion primerait l&rsquo;instinct), et cette pens\u00e9e redeviendrait \u00ab instinct \u00bb (c&rsquo;est-\u00e0-dire intuition directe) chez l&rsquo;\u00eatre ayant eu la connaissance totale des rapports entre le but et les moyens, connaissance qui rendrait inutile le doute de la r\u00e9flexion. Cette \u00e9volution est \u00e9galement comprise dans la th\u00e9orie de C.G. Jung, concernant l&rsquo;int\u00e9gration de la personnalit\u00e9. Jung aspire en effet \u00e0 l&rsquo;id\u00e9al de l&rsquo;homo totus, qu&rsquo;il appelle le soi, ainsi que nous le savons d\u00e9j\u00e0, et qui n&rsquo;est que l&rsquo;exp\u00e9rience personnelle de la totalit\u00e9 reconquise<a href=\"#_ftn16\">[16]<\/a>. L&rsquo;exp\u00e9rience en question se d\u00e9ploie en trois temps, qui correspondent \u00e0 l&rsquo;\u00e9volution du choc des deux adversaires \u2014 l&rsquo;attitude f\u00e9minine (l&rsquo;anima), traditionnelle, passive, qui favorise une relation inconsciente avec l&rsquo;image de la totalit\u00e9, et l&rsquo;attitude masculine (l&rsquo;animus), investigatrice, active, qui am\u00e8ne la perte de cette relation, mais aussi un accroissement de la conscience \u2014, dont la r\u00e9unification produit cette nouvelle synth\u00e8se, dite de l&rsquo;arch\u00e9type du soi<a href=\"#_ftn17\">[17]<\/a>. Cet \u00ab arch\u00e9type du soi \u00bb, \u00ab \u00e9tant l&rsquo;union des contraires, sert de m\u00e9diateur entre le conscient et les fondements inconscients de la psych\u00e9. Il jette un pont entre la conscience moderne, toujours en danger d&rsquo;\u00eatre coup\u00e9e de ses racines instinctuelles, et la totalit\u00e9 naturelle, inconsciente et instinctive, qui \u00e9tait celle des \u00e2ges plus primitifs \u00bb<a href=\"#_ftn18\">[18]<\/a>. Se r\u00e9f\u00e9rant au langage alchimique, Jung applique \u00e0 cette totalit\u00e9 psychique (faite de l&rsquo;union du facteur f\u00e9minin et du facteur masculin de l&rsquo;\u00e2me) le symbole de l&rsquo;\u00ab hermaphrodite \u00bb ou \u00ab rebis \u00bb<a href=\"#_ftn19\">[19]<\/a>. Comme cette synth\u00e8se est faite d&rsquo;une totalit\u00e9 comprenant le p\u00f4le inconscient (f\u00e9minin) et le p\u00f4le conscient (masculin) de la psych\u00e9 \u2014 l&rsquo;argent et l&rsquo;or herm\u00e9tiques \u2014, le fondateur de la psychologie analytique la compare \u00e0 cette autre image des alchimistes, qui est le \u00ab filius philosophorum \u00bb, image de l&rsquo;enfant, mais aussi symbole de la pierre philosophale<a href=\"#_ftn20\">[20]<\/a>. Nous retrouvons, ainsi, les trois \u00e9tapes sugg\u00e9r\u00e9es au sujet de l&rsquo;\u00e9volution des impulsions du faire: l&rsquo;instinct originaire correspondrait au facteur f\u00e9minin, inconscient; la pens\u00e9e s&rsquo;y ajouterait, et son pouvoir de propulsion et d&rsquo;investigation, son c\u00f4t\u00e9 conscient, \u00e9galement, feraient de cette facult\u00e9 le facteur masculin, tandis que la troisi\u00e8me \u00e9tape, que nous pouvons appeler \u00ab intuition-pens\u00e9e \u00bb (c&rsquo;est-\u00e0-dire cette forme de pens\u00e9e totale revenant vers les origines de l&rsquo;instinct, puisque la marge du doute serait devenue infime), se rapprocherait de la notion jungienne de la totalit\u00e9 psychique.<\/p>\n<p style=\"text-align: justify;\">\n<p style=\"text-align: justify;\">Il est, \u00e0 notre avis, tr\u00e8s int\u00e9ressant d&rsquo;\u00e9tudier ce principe de reconversion ou d&rsquo;union des contraires dans plusieurs domaines, ou m\u00eame dans tous les domaines, de l&rsquo;activit\u00e9 humaine<a href=\"#_ftn21\">[21]<\/a>. Cette \u00e9tude, d&rsquo;une part, et les cons\u00e9quences qui s&rsquo;en d\u00e9gageront, de l&rsquo;autre, nous permettraient d&rsquo;arriver \u00e0 une esp\u00e8ce de biotechnie nouvelle dont la port\u00e9e peut \u00eatre consid\u00e9rable. C&rsquo;est \u00ab l&rsquo;\u0153uvre \u00e0 entreprendre (en vue) d&rsquo;un enrichissement effectif de l&rsquo;homme \u00bb; l&rsquo;id\u00e9al, en somme, de cet homme-reli\u00e9 qui doit finir par devenir un jour, \u00ab authentiquement citoyen de l&rsquo;Unit\u00e9 mondiale \u00bb, et dont l&rsquo;entreprise est d\u00e9j\u00e0 commenc\u00e9e.<\/p>\n<p style=\"text-align: justify;\">\n<p style=\"text-align: justify;\">Vu sous cet angle, l&rsquo;aspect f\u00e2cheux, d\u00e9concertant, peut-\u00eatre, d&rsquo;un monde en plein \u00e9parpillement, d&rsquo;un art pr\u00f4nant la d\u00e9composition, d&rsquo;une physique relativiste, d&rsquo;une philosophie de l&rsquo;absurde ou du n\u00e9ant, pourra devenir, pour nous, la base n\u00e9cessaire, irr\u00e9cusable de la nouvelle unit\u00e9. L&rsquo;unit\u00e9 n&rsquo;est que la trajectoire infatigable de la pens\u00e9e renouant et r\u00e9unissant tous les moments oppos\u00e9s de l&rsquo;\u00e9volution, sans se laisser arr\u00eater par la tentation d&rsquo;une solution isol\u00e9e ou interm\u00e9diaire. Car, comme l&rsquo;affirme Jung, \u00ab toute analyse est suivie d&rsquo;une synth\u00e8se, et ce qui a \u00e9t\u00e9 dissoci\u00e9 au niveau inf\u00e9rieur est toujours r\u00e9uni au niveau sup\u00e9rieur \u00bb<a href=\"#_ftn22\">[22]<\/a>. Nous avons, en psychologie, une d\u00e9monstration suppl\u00e9mentaire de ce m\u00eame principe, qui peut \u00eatre rapproch\u00e9e du complexe prom\u00e9th\u00e9en: qu&rsquo;on songe, un peu, aux deux conceptions de A. Adler et de C.G. Jung; la volont\u00e9 de puissance, de l&rsquo;un, et l&rsquo;int\u00e9gration de la psych\u00e9, de l&rsquo;autre, ne veulent-elles pas dire, au fond, que l&rsquo;homme recherche sa propre r\u00e9alisation maximale au-del\u00e0 de ses contradictions ?<\/p>\n<p style=\"text-align: justify;\">\n<p style=\"text-align: justify;\">\n<hr style=\"text-align: justify;\" size=\"1\" \/>\n<p style=\"text-align: justify;\"><a href=\"#_ftnref1\">[1]<\/a> C&rsquo;est le \u00ab \u00e9l\u00e9os \u00bb de la trag\u00e9die antique.<\/p>\n<p style=\"text-align: justify;\"><a href=\"#_ftnref2\">[2]<\/a> Ainsi, nous avons soutenu (dans notre <em>Nouvel essai de classification du droit civil<\/em>, Sirey, Paris 1958) que le ph\u00e9nom\u00e8ne juridique est un \u00e9tat a-naturel et d\u00e9riv\u00e9, d\u00fb \u00e0 la condition non parfaite de l&rsquo;homme.<\/p>\n<p style=\"text-align: justify;\"><a href=\"#_ftnref3\">[3]<\/a> Cf. A. Stern, \u00ab <em>La Psychologie individuelle d&rsquo;Alfred Adler et la philosophie<\/em> \u00bb in Rev. Phil., Paris 1960, n\u00b0 3, pp. 313-326.<\/p>\n<p style=\"text-align: justify;\"><a href=\"#_ftnref4\">[4]<\/a> Cf. Gerhard Adler, <em>\u00c9tudes de psychologie jungienne<\/em>, Georg, Gen\u00e8ve 1957.<\/p>\n<p style=\"text-align: justify;\"><a href=\"#_ftnref5\">[5]<\/a> Du point de vue de la psychologie pathologique, ce complexe pourrait titre une \u00e9volution possible du complexe d&rsquo;\u0152dipe.<\/p>\n<p style=\"text-align: justify;\"><a href=\"#_ftnref6\">[6]<\/a> C&rsquo;est l&rsquo;autre \u00e9l\u00e9ment de la trag\u00e9die antique, le \u00ab phobos \u00bb.<\/p>\n<p style=\"text-align: justify;\"><a href=\"#_ftnref7\">[7]<\/a> Dans le n\u00b0 190 de Synth\u00e8ses, au sujet de notre article \u00ab <em>Philosophie du blouson noir<\/em> \u00bb.<\/p>\n<p style=\"text-align: justify;\"><a href=\"#_ftnref8\">[8]<\/a> Se r\u00e9f\u00e9rer au Concept de l&rsquo;angoisse de Kierkegaard, o\u00f9 l&rsquo;on trouvera une analyse de la fatalit\u00e9 existant dans l&rsquo;entreprise exceptionnelle par excellence : celle du g\u00e9nie.<\/p>\n<p style=\"text-align: justify;\"><a href=\"#_ftnref9\">[9]<\/a> \u00c9r\u00f4s est une force positive. Nous verrons, plus tard, pourquoi, et aussi jusqu&rsquo;\u00e0 quel point.<\/p>\n<p style=\"text-align: justify;\"><a href=\"#_ftnref10\">[10]<\/a> Op. cit., p. 181.<\/p>\n<p style=\"text-align: justify;\"><a href=\"#_ftnref11\">[11]<\/a> Ce jeu de mots est utile.<\/p>\n<p style=\"text-align: justify;\"><a href=\"#_ftnref12\">[12]<\/a> Voir <em>le Banquet<\/em>.<\/p>\n<p style=\"text-align: justify;\"><a href=\"#_ftnref13\">[13]<\/a> Voir notre <em>Critique du droit international public moderne<\/em>, Sirey, Paris 1953, et notre article \u00ab <em>Du temps chez H\u00e9raclite ou aujourd&rsquo;hui<\/em> \u00bb, Synth\u00e8ses, n\u00b0 172, pp. 187-188.<\/p>\n<p style=\"text-align: justify;\"><a href=\"#_ftnref14\">[14]<\/a> Cf. l&rsquo;adage scolastique \u00ab privatio est causa generationis \u00bb.<\/p>\n<p style=\"text-align: justify;\"><a href=\"#_ftnref15\">[15]<\/a> \u00ab <em>Cher Vitrac<\/em> \u00bb, dans le Figaro du 1<sup>e<\/sup> octobre 1962.<\/p>\n<p style=\"text-align: justify;\"><a href=\"#_ftnref16\">[16]<\/a> Cf. Jung, <em>Psychology and Religion<\/em>, pp. 105-106.<\/p>\n<p style=\"text-align: justify;\"><a href=\"#_ftnref17\">[17]<\/a> Voir G. Adler, op. cit., p. 258.<\/p>\n<p style=\"text-align: justify;\"><a href=\"#_ftnref18\">[18]<\/a> Jung et Ker\u00e9nyi, <em>Introduction \u00e0 l&rsquo;essence de la mythologie<\/em>, p. 118.<\/p>\n<p style=\"text-align: justify;\"><a href=\"#_ftnref19\">[19]<\/a> Voir Jung, <em>The Integration of the Personality<\/em>, pp. 189 et ss.<\/p>\n<p style=\"text-align: justify;\"><a href=\"#_ftnref20\">[20]<\/a> Cf. Jung et Ker\u00e9nyi, op. cit., pp. 92-126; Jung, <em>Contribution \u00e0 la psychologie de l&rsquo;arch\u00e9type de l&rsquo;enfant<\/em>.<\/p>\n<p style=\"text-align: justify;\"><a href=\"#_ftnref21\">[21]<\/a> Nous avons fait, dans nos <em>Tendances juridiques de l&rsquo;int\u00e9gration europ\u00e9enne<\/em> (Sirey, Paris 1957), la d\u00e9monstration de cette \u00e9volution, se terminant par une reconversion, pour ce qui est du ph\u00e9nom\u00e8ne social.<\/p>\n<p style=\"text-align: justify;\"><a href=\"#_ftnref22\">[22]<\/a> <em>Paracelsica<\/em>, p. 178.<\/p>\n","protected":false},"excerpt":{"rendered":"<p>Un \u00ab complexe \u00bb, en effet, n&rsquo;est point toujours n\u00e9cessairement morbide. Le complexe, \u00e0 titre g\u00e9n\u00e9ral, serait une constellation de contenus psychiques charg\u00e9s d&rsquo;\u00e9nergie affective. Par \u00ab contenus psychiques \u00bb, l&rsquo;on ne veut pas dire obligatoirement \u00ab contenus refoul\u00e9s \u00bb ou \u00ab inconscients \u00bb. Il existe des complexes qui, tout en \u00e9tant inconscients, ne sont pas refoul\u00e9s, mais simplement ignor\u00e9s par l&rsquo;\u00e9tat actuel de la conscience: ce sont les virtualit\u00e9s de la personnalit\u00e9, et ses possibilit\u00e9s futures n&rsquo;ayant pas encore atteint le seuil du connu. Il est aussi des complexes conscients, nullement pathologiques: \u00e0 cet \u00e9gard, l&rsquo;on peut consid\u00e9rer le centre m\u00eame du conscient, c&rsquo;est-\u00e0-dire le moi, comme un complexe psychique, si l&rsquo;on veut bien y voir l\u00e0 une constellation d&rsquo;\u00e9nergies affectives, group\u00e9es autour d&rsquo;un certain noyau qui agit comme centre de gravit\u00e9&#8230;<\/p>\n","protected":false},"author":1,"featured_media":0,"comment_status":"closed","ping_status":"closed","sticky":false,"template":"","format":"standard","meta":{"footnotes":""},"categories":[650],"tags":[633,634,317,25,102],"class_list":["post-4212","post","type-post","status-publish","format-standard","hentry","category-de-medicis-stelios-castanos","tag-adler","tag-complexe","tag-contradiction","tag-jung","tag-psychologie"],"yoast_head":"<!-- This site is optimized with the Yoast SEO plugin v27.0 - https:\/\/yoast.com\/product\/yoast-seo-wordpress\/ -->\n<title>Le Complexe de Prom\u00e9th\u00e9e par St\u00e9lios Castanos de Medicis - 3e mill\u00e9naire - Spiritualit\u00e9 - Connaissance de soi - Non-dualit\u00e9 - M\u00e9ditation<\/title>\n<meta name=\"robots\" content=\"index, follow, max-snippet:-1, max-image-preview:large, max-video-preview:-1\" \/>\n<link rel=\"canonical\" href=\"https:\/\/www.revue3emillenaire.com\/blog\/le-complexe-de-promethee-par-stelios-castanos-de-medicis\/\" \/>\n<meta property=\"og:locale\" content=\"fr_FR\" \/>\n<meta property=\"og:type\" content=\"article\" \/>\n<meta property=\"og:title\" content=\"Le Complexe de Prom\u00e9th\u00e9e par St\u00e9lios Castanos de Medicis - 3e mill\u00e9naire - Spiritualit\u00e9 - Connaissance de soi - Non-dualit\u00e9 - M\u00e9ditation\" \/>\n<meta property=\"og:description\" content=\"Un \u00ab complexe \u00bb, en effet, n&#039;est point toujours n\u00e9cessairement morbide. Le complexe, \u00e0 titre g\u00e9n\u00e9ral, serait une constellation de contenus psychiques charg\u00e9s d&#039;\u00e9nergie affective. Par \u00ab contenus psychiques \u00bb, l&#039;on ne veut pas dire obligatoirement \u00ab contenus refoul\u00e9s \u00bb ou \u00ab inconscients \u00bb. Il existe des complexes qui, tout en \u00e9tant inconscients, ne sont pas refoul\u00e9s, mais simplement ignor\u00e9s par l&#039;\u00e9tat actuel de la conscience: ce sont les virtualit\u00e9s de la personnalit\u00e9, et ses possibilit\u00e9s futures n&#039;ayant pas encore atteint le seuil du connu. Il est aussi des complexes conscients, nullement pathologiques: \u00e0 cet \u00e9gard, l&#039;on peut consid\u00e9rer le centre m\u00eame du conscient, c&#039;est-\u00e0-dire le moi, comme un complexe psychique, si l&#039;on veut bien y voir l\u00e0 une constellation d&#039;\u00e9nergies affectives, group\u00e9es autour d&#039;un certain noyau qui agit comme centre de gravit\u00e9...\" \/>\n<meta property=\"og:url\" content=\"https:\/\/www.revue3emillenaire.com\/blog\/le-complexe-de-promethee-par-stelios-castanos-de-medicis\/\" \/>\n<meta property=\"og:site_name\" content=\"3e mill\u00e9naire - Spiritualit\u00e9 - Connaissance de soi - Non-dualit\u00e9 - M\u00e9ditation\" \/>\n<meta property=\"article:published_time\" content=\"2010-08-06T16:01:53+00:00\" \/>\n<meta property=\"article:modified_time\" content=\"2011-10-01T00:47:09+00:00\" \/>\n<meta name=\"author\" content=\"3e mill\u00e9naire\" \/>\n<meta name=\"twitter:card\" content=\"summary_large_image\" \/>\n<meta name=\"twitter:label1\" content=\"\u00c9crit par\" \/>\n\t<meta name=\"twitter:data1\" content=\"3e mill\u00e9naire\" \/>\n\t<meta name=\"twitter:label2\" content=\"Dur\u00e9e de lecture estim\u00e9e\" \/>\n\t<meta name=\"twitter:data2\" content=\"18 minutes\" \/>\n<script type=\"application\/ld+json\" class=\"yoast-schema-graph\">{\"@context\":\"https:\/\/schema.org\",\"@graph\":[{\"@type\":\"Article\",\"@id\":\"https:\/\/www.revue3emillenaire.com\/blog\/le-complexe-de-promethee-par-stelios-castanos-de-medicis\/#article\",\"isPartOf\":{\"@id\":\"https:\/\/www.revue3emillenaire.com\/blog\/le-complexe-de-promethee-par-stelios-castanos-de-medicis\/\"},\"author\":{\"name\":\"3e mill\u00e9naire\",\"@id\":\"https:\/\/www.revue3emillenaire.com\/blog\/#\/schema\/person\/9a3a7cc4ccaa707f402d4394327106d5\"},\"headline\":\"Le Complexe de Prom\u00e9th\u00e9e par St\u00e9lios Castanos de Medicis\",\"datePublished\":\"2010-08-06T16:01:53+00:00\",\"dateModified\":\"2011-10-01T00:47:09+00:00\",\"mainEntityOfPage\":{\"@id\":\"https:\/\/www.revue3emillenaire.com\/blog\/le-complexe-de-promethee-par-stelios-castanos-de-medicis\/\"},\"wordCount\":3702,\"keywords\":[\"Adler\",\"Complexe\",\"contradiction\",\"Jung\",\"Psychologie\"],\"articleSection\":[\"de Medicis St\u00e9lios Castanos\"],\"inLanguage\":\"fr-FR\"},{\"@type\":\"WebPage\",\"@id\":\"https:\/\/www.revue3emillenaire.com\/blog\/le-complexe-de-promethee-par-stelios-castanos-de-medicis\/\",\"url\":\"https:\/\/www.revue3emillenaire.com\/blog\/le-complexe-de-promethee-par-stelios-castanos-de-medicis\/\",\"name\":\"Le Complexe de Prom\u00e9th\u00e9e par St\u00e9lios Castanos de Medicis - 3e mill\u00e9naire - Spiritualit\u00e9 - Connaissance de soi - Non-dualit\u00e9 - M\u00e9ditation\",\"isPartOf\":{\"@id\":\"https:\/\/www.revue3emillenaire.com\/blog\/#website\"},\"datePublished\":\"2010-08-06T16:01:53+00:00\",\"dateModified\":\"2011-10-01T00:47:09+00:00\",\"author\":{\"@id\":\"https:\/\/www.revue3emillenaire.com\/blog\/#\/schema\/person\/9a3a7cc4ccaa707f402d4394327106d5\"},\"breadcrumb\":{\"@id\":\"https:\/\/www.revue3emillenaire.com\/blog\/le-complexe-de-promethee-par-stelios-castanos-de-medicis\/#breadcrumb\"},\"inLanguage\":\"fr-FR\",\"potentialAction\":[{\"@type\":\"ReadAction\",\"target\":[\"https:\/\/www.revue3emillenaire.com\/blog\/le-complexe-de-promethee-par-stelios-castanos-de-medicis\/\"]}]},{\"@type\":\"BreadcrumbList\",\"@id\":\"https:\/\/www.revue3emillenaire.com\/blog\/le-complexe-de-promethee-par-stelios-castanos-de-medicis\/#breadcrumb\",\"itemListElement\":[{\"@type\":\"ListItem\",\"position\":1,\"name\":\"Accueil\",\"item\":\"https:\/\/www.revue3emillenaire.com\/blog\/\"},{\"@type\":\"ListItem\",\"position\":2,\"name\":\"Le Complexe de Prom\u00e9th\u00e9e par St\u00e9lios Castanos de Medicis\"}]},{\"@type\":\"WebSite\",\"@id\":\"https:\/\/www.revue3emillenaire.com\/blog\/#website\",\"url\":\"https:\/\/www.revue3emillenaire.com\/blog\/\",\"name\":\"3e mill\u00e9naire - Spiritualit\u00e9 - Connaissance de soi - Non-dualit\u00e9 - M\u00e9ditation\",\"description\":\"L&#039;Homme en devenir\",\"potentialAction\":[{\"@type\":\"SearchAction\",\"target\":{\"@type\":\"EntryPoint\",\"urlTemplate\":\"https:\/\/www.revue3emillenaire.com\/blog\/?s={search_term_string}\"},\"query-input\":{\"@type\":\"PropertyValueSpecification\",\"valueRequired\":true,\"valueName\":\"search_term_string\"}}],\"inLanguage\":\"fr-FR\"},{\"@type\":\"Person\",\"@id\":\"https:\/\/www.revue3emillenaire.com\/blog\/#\/schema\/person\/9a3a7cc4ccaa707f402d4394327106d5\",\"name\":\"3e mill\u00e9naire\",\"url\":\"https:\/\/www.revue3emillenaire.com\/blog\/author\/admin\/\"}]}<\/script>\n<!-- \/ Yoast SEO plugin. -->","yoast_head_json":{"title":"Le Complexe de Prom\u00e9th\u00e9e par St\u00e9lios Castanos de Medicis - 3e mill\u00e9naire - Spiritualit\u00e9 - Connaissance de soi - Non-dualit\u00e9 - M\u00e9ditation","robots":{"index":"index","follow":"follow","max-snippet":"max-snippet:-1","max-image-preview":"max-image-preview:large","max-video-preview":"max-video-preview:-1"},"canonical":"https:\/\/www.revue3emillenaire.com\/blog\/le-complexe-de-promethee-par-stelios-castanos-de-medicis\/","og_locale":"fr_FR","og_type":"article","og_title":"Le Complexe de Prom\u00e9th\u00e9e par St\u00e9lios Castanos de Medicis - 3e mill\u00e9naire - Spiritualit\u00e9 - Connaissance de soi - Non-dualit\u00e9 - M\u00e9ditation","og_description":"Un \u00ab complexe \u00bb, en effet, n'est point toujours n\u00e9cessairement morbide. Le complexe, \u00e0 titre g\u00e9n\u00e9ral, serait une constellation de contenus psychiques charg\u00e9s d'\u00e9nergie affective. Par \u00ab contenus psychiques \u00bb, l'on ne veut pas dire obligatoirement \u00ab contenus refoul\u00e9s \u00bb ou \u00ab inconscients \u00bb. Il existe des complexes qui, tout en \u00e9tant inconscients, ne sont pas refoul\u00e9s, mais simplement ignor\u00e9s par l'\u00e9tat actuel de la conscience: ce sont les virtualit\u00e9s de la personnalit\u00e9, et ses possibilit\u00e9s futures n'ayant pas encore atteint le seuil du connu. Il est aussi des complexes conscients, nullement pathologiques: \u00e0 cet \u00e9gard, l'on peut consid\u00e9rer le centre m\u00eame du conscient, c'est-\u00e0-dire le moi, comme un complexe psychique, si l'on veut bien y voir l\u00e0 une constellation d'\u00e9nergies affectives, group\u00e9es autour d'un certain noyau qui agit comme centre de gravit\u00e9...","og_url":"https:\/\/www.revue3emillenaire.com\/blog\/le-complexe-de-promethee-par-stelios-castanos-de-medicis\/","og_site_name":"3e mill\u00e9naire - Spiritualit\u00e9 - Connaissance de soi - Non-dualit\u00e9 - M\u00e9ditation","article_published_time":"2010-08-06T16:01:53+00:00","article_modified_time":"2011-10-01T00:47:09+00:00","author":"3e mill\u00e9naire","twitter_card":"summary_large_image","twitter_misc":{"\u00c9crit par":"3e mill\u00e9naire","Dur\u00e9e de lecture estim\u00e9e":"18 minutes"},"schema":{"@context":"https:\/\/schema.org","@graph":[{"@type":"Article","@id":"https:\/\/www.revue3emillenaire.com\/blog\/le-complexe-de-promethee-par-stelios-castanos-de-medicis\/#article","isPartOf":{"@id":"https:\/\/www.revue3emillenaire.com\/blog\/le-complexe-de-promethee-par-stelios-castanos-de-medicis\/"},"author":{"name":"3e mill\u00e9naire","@id":"https:\/\/www.revue3emillenaire.com\/blog\/#\/schema\/person\/9a3a7cc4ccaa707f402d4394327106d5"},"headline":"Le Complexe de Prom\u00e9th\u00e9e par St\u00e9lios Castanos de Medicis","datePublished":"2010-08-06T16:01:53+00:00","dateModified":"2011-10-01T00:47:09+00:00","mainEntityOfPage":{"@id":"https:\/\/www.revue3emillenaire.com\/blog\/le-complexe-de-promethee-par-stelios-castanos-de-medicis\/"},"wordCount":3702,"keywords":["Adler","Complexe","contradiction","Jung","Psychologie"],"articleSection":["de Medicis St\u00e9lios Castanos"],"inLanguage":"fr-FR"},{"@type":"WebPage","@id":"https:\/\/www.revue3emillenaire.com\/blog\/le-complexe-de-promethee-par-stelios-castanos-de-medicis\/","url":"https:\/\/www.revue3emillenaire.com\/blog\/le-complexe-de-promethee-par-stelios-castanos-de-medicis\/","name":"Le Complexe de Prom\u00e9th\u00e9e par St\u00e9lios Castanos de Medicis - 3e mill\u00e9naire - Spiritualit\u00e9 - Connaissance de soi - Non-dualit\u00e9 - M\u00e9ditation","isPartOf":{"@id":"https:\/\/www.revue3emillenaire.com\/blog\/#website"},"datePublished":"2010-08-06T16:01:53+00:00","dateModified":"2011-10-01T00:47:09+00:00","author":{"@id":"https:\/\/www.revue3emillenaire.com\/blog\/#\/schema\/person\/9a3a7cc4ccaa707f402d4394327106d5"},"breadcrumb":{"@id":"https:\/\/www.revue3emillenaire.com\/blog\/le-complexe-de-promethee-par-stelios-castanos-de-medicis\/#breadcrumb"},"inLanguage":"fr-FR","potentialAction":[{"@type":"ReadAction","target":["https:\/\/www.revue3emillenaire.com\/blog\/le-complexe-de-promethee-par-stelios-castanos-de-medicis\/"]}]},{"@type":"BreadcrumbList","@id":"https:\/\/www.revue3emillenaire.com\/blog\/le-complexe-de-promethee-par-stelios-castanos-de-medicis\/#breadcrumb","itemListElement":[{"@type":"ListItem","position":1,"name":"Accueil","item":"https:\/\/www.revue3emillenaire.com\/blog\/"},{"@type":"ListItem","position":2,"name":"Le Complexe de Prom\u00e9th\u00e9e par St\u00e9lios Castanos de Medicis"}]},{"@type":"WebSite","@id":"https:\/\/www.revue3emillenaire.com\/blog\/#website","url":"https:\/\/www.revue3emillenaire.com\/blog\/","name":"3e mill\u00e9naire - Spiritualit\u00e9 - Connaissance de soi - Non-dualit\u00e9 - M\u00e9ditation","description":"L&#039;Homme en devenir","potentialAction":[{"@type":"SearchAction","target":{"@type":"EntryPoint","urlTemplate":"https:\/\/www.revue3emillenaire.com\/blog\/?s={search_term_string}"},"query-input":{"@type":"PropertyValueSpecification","valueRequired":true,"valueName":"search_term_string"}}],"inLanguage":"fr-FR"},{"@type":"Person","@id":"https:\/\/www.revue3emillenaire.com\/blog\/#\/schema\/person\/9a3a7cc4ccaa707f402d4394327106d5","name":"3e mill\u00e9naire","url":"https:\/\/www.revue3emillenaire.com\/blog\/author\/admin\/"}]}},"_links":{"self":[{"href":"https:\/\/www.revue3emillenaire.com\/blog\/wp-json\/wp\/v2\/posts\/4212","targetHints":{"allow":["GET"]}}],"collection":[{"href":"https:\/\/www.revue3emillenaire.com\/blog\/wp-json\/wp\/v2\/posts"}],"about":[{"href":"https:\/\/www.revue3emillenaire.com\/blog\/wp-json\/wp\/v2\/types\/post"}],"author":[{"embeddable":true,"href":"https:\/\/www.revue3emillenaire.com\/blog\/wp-json\/wp\/v2\/users\/1"}],"replies":[{"embeddable":true,"href":"https:\/\/www.revue3emillenaire.com\/blog\/wp-json\/wp\/v2\/comments?post=4212"}],"version-history":[{"count":0,"href":"https:\/\/www.revue3emillenaire.com\/blog\/wp-json\/wp\/v2\/posts\/4212\/revisions"}],"wp:attachment":[{"href":"https:\/\/www.revue3emillenaire.com\/blog\/wp-json\/wp\/v2\/media?parent=4212"}],"wp:term":[{"taxonomy":"category","embeddable":true,"href":"https:\/\/www.revue3emillenaire.com\/blog\/wp-json\/wp\/v2\/categories?post=4212"},{"taxonomy":"post_tag","embeddable":true,"href":"https:\/\/www.revue3emillenaire.com\/blog\/wp-json\/wp\/v2\/tags?post=4212"}],"curies":[{"name":"wp","href":"https:\/\/api.w.org\/{rel}","templated":true}]}}