{"id":43,"date":"2009-03-19T00:00:00","date_gmt":"2009-03-19T00:00:00","guid":{"rendered":"http:\/\/www.revue3emillenaire.com\/blog\/?p=43"},"modified":"2011-09-21T03:42:03","modified_gmt":"2011-09-21T02:42:03","slug":"la-vie-a-lendroit-questions-et-rponses-par-stephen-jourdain","status":"publish","type":"post","link":"https:\/\/www.revue3emillenaire.com\/blog\/la-vie-a-lendroit-questions-et-rponses-par-stephen-jourdain\/","title":{"rendered":"La vie \u00e0 l\u2019endroit &#8211; questions et r\u00e9ponses par Stephen Jourdain"},"content":{"rendered":"<p style=\"text-align: justify;\">(Extrait de L&rsquo;homme et la connaissance, \u00e9dition Le Courrier du Livre 1965)<\/p>\n<p style=\"text-align: justify;\">Premi\u00e8re question. \u2014 Nous nous faisons une id\u00e9e de la R\u00e9alisation de soi, de la v\u00e9ritable prise de conscience, et nous pensons qu&rsquo;il est n\u00e9cessaire pour un occidental de s&rsquo;y pr\u00e9parer d&rsquo;abord dans la pens\u00e9e, de pratiquer une certaine technique d&rsquo;\u00e9veil. Or, il parait que, pour vous, tout cela n&rsquo;a pas \u00e9t\u00e9 utile ?<\/p>\n<p style=\"text-align: justify;\">R. \u2014 Je crois que je devrais commencer par vous dire ce qu&rsquo;est mon \u00ab exp\u00e9rience \u00bb. Elle est l&rsquo;\u00e9veil, brusque et parfait, de l&rsquo;esprit \u2014 de la personne int\u00e9rieure \u2014 soi-m\u00eame, \u00e0 son propre fait. Cette conscience n&rsquo;est pas un \u00e9tat passager ; une fois apparue, elle demeure.<\/p>\n<p style=\"text-align: justify;\">Quand cela m&rsquo;est arriv\u00e9, j&rsquo;\u00e9tais un petit jeune homme, tout \u00e0 fait normal. Je commen\u00e7ais de fumer, j&rsquo;\u00e9tais amoureux, et si je me posais des questions telles que \u00ab qu&rsquo;est-ce que moi ? \u00bb, ou \u00ab qu&rsquo;est-ce que penser ? \u00bb, avec une intensit\u00e9 et une passion peut-\u00eatre exceptionnelles, et me singularisais encore en \u00e9tant assez couramment sujet des moments de perception diff\u00e9rente, \u00e0 d&rsquo;injustifiables gouffres de f\u00e9licit\u00e9, il est absolument certain que je n&rsquo;essayais pas d&rsquo;atteindre cet \u00e9veil, ni \u00e0 aucun myst\u00e9rieux autre rivage de ma vie, n&rsquo;en ayant pas la notion. Vraiment, je ne cherchais rien.<\/p>\n<p style=\"text-align: justify;\">Q. \u2014 Si vous n&rsquo;aviez pas m\u00e9dit\u00e9 le Cogito de Descartes, auriez-vous tout de m\u00eame d\u00e9bouch\u00e9 ?<\/p>\n<p style=\"text-align: justify;\">R. \u2014 Si le Cogito n&rsquo;avait pas exist\u00e9, me serais-je quand m\u00eame \u00ab \u00e9veill\u00e9 \u00bb ? Je me suis souvent pos\u00e9 la question. Je ne sais pas&#8230; Possiblement, oui. La petite phrase de Descartes est merveilleuse, elle poss\u00e8de peut-\u00eatre une efficacit\u00e9 particuli\u00e8re, mais elle n&rsquo;est certainement pas le seul sujet de r\u00e9flexion qui puisse devenir l&rsquo;occasion de \u00ab l&rsquo;\u00e9veil \u00bb. L&rsquo;important est que le sujet de r\u00e9flexion renvoie l&rsquo;esprit qui r\u00e9fl\u00e9chit \u00e0 son propre fait, l&rsquo;oblige A passer et repasser pr\u00e9s de son centre. Or, \u00e0 peu pr\u00e8s toutes les questions que je me posais \u00e0 cette \u00e9poque avaient cette propri\u00e9t\u00e9. Par ailleurs, une autre condition de l&rsquo;\u00e9clatement de l&rsquo;\u00e9veil \u00bb est une tension extr\u00eame, paroxysmale de l&rsquo;intelligence. Je vous ai dit qu&rsquo;il n&rsquo;\u00e9tait gu\u00e8re de jours qui ne me voyaient r\u00e9fl\u00e9chir avec cette intensit\u00e9.<\/p>\n<p style=\"text-align: justify;\">Q. \u2014 Vous avez \u00e0 l&rsquo;instant employ\u00e9 le mot \u00ab condition \u00bb. Selon vous, \u00ab l&rsquo;\u00e9veil \u00bb est conditionn\u00e9 par quelque chose ?<\/p>\n<p style=\"text-align: justify;\">R. \u2014 Je ne peux que constater un rapport entre certaines circonstances mentales et la venue de cette \u00ab chose \u00bb, il me semble infiniment probable qu&rsquo;elle naisse toujours en ce m\u00eame contexte ; il est donc bien difficile de ne pas parler de condition et de cause. Mais en m\u00eame temps, d\u00e8s que j&#8217;emploie ces Mots, d\u00e8s que je fais de la \u00ab chose \u00bb un r\u00e9sultat, une cons\u00e9quence, elle se rebelle en moi, me hurle que je vais contre sa nature. \u00ab L&rsquo;\u00e9veil \u00bb est n\u00e9cessairement \u00ab l&rsquo;avant \u00bb de toute chose autre que lui-m\u00eame et il n&rsquo;est \u00ab l&rsquo;apr\u00e8s \u00bb de rien.<\/p>\n<p style=\"text-align: justify;\">&#8230;A c\u00f4t\u00e9 de ces circonstances mentales, existe un autre facteur, beaucoup moins visible, du r\u00f4le duquel je n&rsquo;ai pris conscience que tardivement, et que je ne crois pas moins essentiel : un certain \u00e9tat de la vision du monde ext\u00e9rieur.<\/p>\n<p style=\"text-align: justify;\">Q. \u2014 Pouvez-vous pr\u00e9ciser ?<\/p>\n<p style=\"text-align: justify;\">R. \u2014 C&rsquo;est difficile. Si j&rsquo;essaye de pr\u00e9ciser la nature de cette vision, ce que je puis dire est que j&rsquo;\u00e9tais dans un monde essentiellement dynamique. Un monde arcbout\u00e9, tendu, jaillissant, surabondant, faisant craquer tous ses corsages, un monde en marche aussi, lanc\u00e9 sur la pente d&rsquo;un pr\u00e9sent intense. Ce qui l&rsquo;avait fait appara\u00eetre, c&rsquo;\u00e9tait la lecture des po\u00e8mes de Rimbaud. L&rsquo;univers avait commenc\u00e9 de \u00ab travailler \u00bb une ou deux ann\u00e9es auparavant, la plante \u00e9tait d\u00e9j\u00e0 n\u00e9e, Rimbaud a brusquement amen\u00e9 un printemps, tout en conf\u00e9rant \u00e0 la plante un visage d\u00e9fini.<\/p>\n<p style=\"text-align: justify;\">Q. \u2014 Pouvez-vous transmettre cette exp\u00e9rience ?<\/p>\n<p style=\"text-align: justify;\">R. \u2014 Vous voulez dire : directement, sans l&rsquo;interm\u00e9diaire de la parole ? H\u00e9las, je n&rsquo;ai jamais eu, m\u00eame un tout petit peu, le sentiment que j&rsquo;\u00e9mettais un rayonnement capable d&rsquo;allumer \u00ab l&rsquo;\u00e9veil \u00bb en autrui. Cela m&rsquo;ennuie beaucoup, j&rsquo;ai souvent vu mon interlocuteur se renfrogner quand je lui faisais cet aveu, \u2014 et puis, ce serait tellement commode si les choses se passaient de cette mani\u00e8re ! Je suis par contre persuad\u00e9 que, par les chemins normaux de la parole et de la pens\u00e9e, il est possible de mener autrui \u00e0 \u00ab l&rsquo;\u00e9veil \u00bb. J&rsquo;ouvre une parenth\u00e8se pour apporter une pr\u00e9cision, essentielle : l&rsquo;\u00e9veil \u00bb n&rsquo;est pas un \u00e9tat, il n&rsquo;est pas un \u00e9tat que conna\u00eetrait le sujet : il est ce sujet \u2014 \u00ab je \u00bb \u2014, et ce sujet \u0153uvrant lui-m\u00eame cet \u00ab \u00e9veil \u00bb qu&rsquo;il est ; ceci est absolument fondamental, et aussi ce qui distingue \u00ab l&rsquo;\u00e9veil \u00bb de toutes les autres exp\u00e9riences ou aventures spirituelles possibles. Ce qui s\u00e9pare l&rsquo;\u00e9tat normal de \u00ab l&rsquo;\u00e9veil \u00bb \u2014 ce que nous nommons \u00ab la vie consciente \u00bb, de la conscience authentique \u2014, est une illusion, une illusion \u00e0 multiples t\u00eates qui tient l&rsquo;esprit dans ses r\u00eats tout au long de cet \u00e9tat normal. D\u00e9masquer l&rsquo;illusion, c&rsquo;est \u00ab s&rsquo;\u00e9veiller \u00bb. Qu&rsquo;il soit simplement possible de nommer l&rsquo;illusion, et, d\u00e9j\u00e0, l&rsquo;on pourra donner \u00e0 quelqu&rsquo;un une direction dans laquelle chercher, une chance de \u00ab s&rsquo;\u00e9veiller \u00bb. Est-ce possible ? Oui. C&rsquo;est extr\u00eamement difficile, il m&rsquo;a fallu quinze ann\u00e9es pour commencer de nommer, d&rsquo;identifier, mais aujourd&rsquo;hui j&rsquo;ai une id\u00e9e assez pr\u00e9cise de ce qu&rsquo;est l&rsquo;illusion, je peux pointer dans sa direction. Je peux m\u00eame faire plus que ceci : donner un instrument susceptible de h\u00e2ter la confrontation avec la fable.<\/p>\n<p style=\"text-align: justify;\">Q. \u2014 Pouvez-vous nous donner une id\u00e9e de cet instrument ?<\/p>\n<p style=\"text-align: justify;\">R. \u2014 Quoique une, l&rsquo;illusion a plusieurs faces, ou plusieurs t\u00eates, en chacune desquelles elle est vuln\u00e9rable, cet instrument est donc plusieurs instruments. Mais en g\u00e9n\u00e9ral, c&rsquo;est une loupe donnant la possibilit\u00e9 d&rsquo;outrer la fable jusqu&rsquo;en un point o\u00f9 son invraisemblance sera devenue si grande, que l&rsquo;esprit ne pourra manquer de se r\u00e9veiller, et d&rsquo;apercevoir la fable dans sa nature de fable.<\/p>\n<p style=\"text-align: justify;\">Q. \u2014 Voyez-vous ce qui cause l&rsquo;illusion ?<\/p>\n<p style=\"text-align: justify;\">R. \u2014 Il y a un \u00e9tonnement immense de l&rsquo;homme confront\u00e9 avec cette \u00ab chose \u00bb. Il y a pour lui le sujet d&rsquo;un \u00e9tonnement aussi grand dans le fait qu&rsquo;elle n&rsquo;est pas donn\u00e9e \u00e0 tous les instants de la vie. Le grand myst\u00e8re est le sommeil.<\/p>\n<p style=\"text-align: justify;\">Q. \u2014 L&rsquo;\u00e9tat normal est contre-nature, en somme ?<\/p>\n<p style=\"text-align: justify;\">R. \u2014 C&rsquo;est exactement comme tel que je le ressens.<\/p>\n<p style=\"text-align: justify;\">Q. \u2014 Et vous ne comprenez pas sa pr\u00e9sence ?<\/p>\n<p style=\"text-align: justify;\">R. \u2014 Non. Ceci n&rsquo;a pas une grande importance, vraiment, puisque l&rsquo;interrogation sur la cause du r\u00eave et la feuille blanche de la r\u00e9ponse appartiennent encore au r\u00eave, \u00e0 l&rsquo;irr\u00e9alit\u00e9. &#8230;J&rsquo;ai une id\u00e9e assez nette de ce qu&rsquo;est l&rsquo;illusion, de ce que sont les nombreuses t\u00eates de l&rsquo;illusion, je vois \u00e9galement que souvent la \u00ab t\u00eate \u00bb a pour \u00e9paules une petite erreur, un petit oubli de notre part, une tache noire de la vision int\u00e9rieure, une aberration microscopique de l&rsquo;intuition (microscopique en tout cas par rapport \u00e0 la chose colossale qui se d\u00e9ploie \u00e0 partir d&rsquo;elle : la vie psychologique, incluant tous les sols sur lesquels elle croit s&rsquo;appuyer, \u00ab l&rsquo;univers int\u00e9rieur \u00bb dont une moiti\u00e9 se trouve de l&rsquo;autre c\u00f4t\u00e9 de la ligne de d\u00e9marcation de notre esprit et du monde aper\u00e7ue dans l&rsquo;exp\u00e9rience courante). Il me semble m\u00eame discerner les raisons de la permanence incroyable de l&rsquo;illusion j&rsquo;entrevois qu&rsquo;ici la nature de l&rsquo;assise est un arrangement diabolique qui fait qu&rsquo;une fois mise en place, l&rsquo;assise a bien peu de chances d&rsquo;\u00eatre jamais bouscul\u00e9e, \u2014 mais la pr\u00e9sence de l&rsquo;assise, de la cause, je ne me l&rsquo;explique pas. Quelques fois, en cherchant, j&rsquo;ai eu l&rsquo;impression affolante que c&rsquo;est une cause qui n&rsquo;a pas le droit d&rsquo;exister par chance, je la touche, et pfuit ! cela fond, c&rsquo;est une absurdit\u00e9 si absolue qu&rsquo;elle se d\u00e9vore elle-m\u00eame, qu&rsquo;il n&rsquo;y a jamais rien eu.<\/p>\n<p style=\"text-align: justify;\">Je dis que \u00ab l&rsquo;\u00e9veil \u00bb est une m\u00eame chose que l&rsquo;illusion d\u00e9masqu\u00e9e et dissip\u00e9e. Ceci est vrai, mais appelle une remarque : dans la r\u00e9alit\u00e9, pour moi, c&rsquo;est le jaillissement de la conscience qui m&rsquo;a r\u00e9v\u00e9l\u00e9 l&rsquo;illusion, le songe; ce n&rsquo;est pas le d\u00e9chirement du songe qui m&rsquo;a fait m&rsquo;\u00e9veiller. Le soleil n&rsquo;a pas paru quand les nuages se sont dissip\u00e9s, il y a eu d&rsquo;abord, brusquement, le soleil, et c&rsquo;est alors que la dissipation des nuages s&rsquo;est produite. Ce fait m&rsquo;oblige \u00e0 envisager la possibilit\u00e9 que les d\u00e9marches que je pr\u00e9conise, et dont l&rsquo;efficacit\u00e9 proc\u00e8de pour moi d&rsquo;une logique lumineuse, soient st\u00e9riles.<\/p>\n<p style=\"text-align: justify;\">Je me rends compte que j&rsquo;ai oubli\u00e9 de dire une chose essentielle \u00e0 propos de cette illusion, en v\u00e9rit\u00e9 la premi\u00e8re des choses \u00e0 dire : \u00e0 la diff\u00e9rence de l&rsquo;illusion nocturne, et de toute autre, celle-l\u00e0 n&rsquo;a pas de r\u00e9alit\u00e9 m\u00eame en tant qu&rsquo;illusion. L&rsquo;on peut bien se battre contre cet \u00e9cran \u00e9pais qui, fait de notre songe, masque notre essence \u00e0 elle-m\u00eame, nous interdit de nous habiter, d&rsquo;\u00eatre ce que nous sommes : d&rsquo;\u00eatre. Mais l&rsquo;on risque de commettre de dangereuses erreurs si l&rsquo;on perd de vue qu&rsquo;il est, dans son fait m\u00eame, sans r\u00e9alit\u00e9 lui aussi, inconsistant comme un songe.<\/p>\n<p style=\"text-align: justify;\">Q. \u2014 Qu&rsquo;avez-vous fait, imm\u00e9diatement apr\u00e8s que cela se soit allum\u00e9 en vous, la premi\u00e8re fois ?<\/p>\n<p style=\"text-align: justify;\">R. \u2014 Je suis rest\u00e9 une heure ou deux r\u00e9veill\u00e9 dans l&rsquo;obscurit\u00e9, \u0153uvrant \u00ab l&rsquo;\u00e9veil \u00bb, grattant l&rsquo;allumette et provoquant la flamme \u2014 qui \u00e9tait une m\u00eame chose que le geste par lequel je la faisais br\u00fbler \u2014, et jouant un peu avec cela, je crois, avec \u00e9merveillement. Le lendemain matin, ma premi\u00e8re pens\u00e9e a \u00e9t\u00e9 \u00ab l&rsquo;\u00e9veil \u00bb, et savais-je toujours faire le geste ? J&rsquo;ai d\u00e9couvert que oui, je savais, que cette chose miraculeuse \u00e9tait toujours l\u00e0, et qu&rsquo;elle serait pr\u00e9sente jusqu&rsquo;\u00e0 ma mort, car je n&rsquo;oublierais jamais le geste.<\/p>\n<p style=\"text-align: justify;\">Q. \u2014 Il est constamment \u00e0 votre disposition ?<\/p>\n<p style=\"text-align: justify;\">R. \u2014 Pendant les deux ann\u00e9es qui ont suivi mon \u00ab \u00e9veil \u00bb, il a \u00e9t\u00e9 constamment \u00e0 ma disposition. Encore que rapidement, quelques jours seulement apr\u00e8s cette soir\u00e9e, j&rsquo;aie d\u00e9couvert que l&rsquo;accomplissement du \u00ab geste \u00bb pouvait devenir, en certaines heures, une bataille redoutable. Habitant des abysses, j&rsquo;avais brusquement fait surface, je savais faire l&rsquo;acte qui me maintenait la t\u00eate hors du flot (pour que la m\u00e9taphore soit parfaite, je dois identifier cet air libre \u00e0 l&rsquo;acte) ; d&rsquo;abord la mer avait \u00e9t\u00e9 d&rsquo;huile, mais maintenant le vent s&rsquo;\u00e9tait lev\u00e9, j&rsquo;apprenais l&rsquo;existence de la houle, et tout en continuant de poss\u00e9der la connaissance du geste \u00e0 faire, je devais lutter terriblement pour l&rsquo;accomplir. En fait, durant ces deux ann\u00e9es, il y eut pas mal de houle, mais tout de m\u00eame ce fut l&rsquo;\u00e9tat de gr\u00e2ce, un temps fabuleux o\u00f9 \u00ab l&rsquo;\u00e9veil \u00bb br\u00fbla constamment, o\u00f9 je fus constamment la v\u00e9rit\u00e9 de moi-m\u00eame. Puis apr\u00e8s ces deux ann\u00e9es, quelque chose peu \u00e0 peu s&rsquo;est d\u00e9traqu\u00e9, s&rsquo;est fauss\u00e9, il m&rsquo;est devenu de plus en plus difficile et bient\u00f4t presque impossible de faire le \u00ab geste \u00bb.<\/p>\n<p style=\"text-align: justify;\">Avant de poursuivre, je crois que je dois essayer de vous donner une id\u00e9e de cet acte : Regard de conscience totale trouvant, avec la s\u00fbret\u00e9 de la fl\u00e8che, le centre, la source, la v\u00e9rit\u00e9 de l&rsquo;esprit, et se croisant lui-m\u00eame&#8230; Remont\u00e9e \u00e0 contre-courant de soi-m\u00eame, \u00e0 travers l&rsquo;acier des v\u00e9rit\u00e9s, de la V\u00e9rit\u00e9 elle-m\u00eame, \u00e0 travers toutes les conceptions, toutes les opinions, toutes les intentions et tous les programmes de l&rsquo;esprit, jusqu&rsquo;au contact authentique avec soi \u2014 jusqu&rsquo;\u00e0 \u00ab l&rsquo;\u00e9veil \u00bb, sommet depuis quoi, en v\u00e9rit\u00e9, l&rsquo;ascension a \u00e9t\u00e9 faite, depuis qui et par qui&#8230; Exhumation et rejet de toutes les identit\u00e9s et de tous les noms qui collent insupportablement \u00e0 l&rsquo;\u00e2me, \u00e0 la pr\u00e9sence desquels elle est d&rsquo;ordinaire insensible, faute de les discerner et faute de se conna\u00eetre&#8230;<\/p>\n<p style=\"text-align: justify;\">J&rsquo;\u00e9tais affol\u00e9, et en m\u00eame temps compl\u00e8tement d\u00e9sempar\u00e9, perdu devant ce qui m&rsquo;arrivait, \u00e0 quoi je ne comprenais rien, me trouvant un peu dans la situation d&rsquo;un homme qui, voulant entrer chez lui, constate que sa cl\u00e9 ne p\u00e9n\u00e8tre plus dans la serrure, \u00e0 la condition d&rsquo;imaginer que pour lui, faire jouer le p\u00eane soit une question de vie ou de mort. Et ce qui m&rsquo;\u00e9pouvantait le plus, \u00e9tait que je sentais grandir inexorablement la paresse d&rsquo;essayer de faire le geste, de me battre, de concert avec une monstrueuse indiff\u00e9rence devant cette perte de la prunelle de ma vie. Je me suis battu farouchement, je suis arriv\u00e9 \u00e0 vaincre la temp\u00eate, \u00e0 me maintenir la t\u00eate hors de l&rsquo;eau, et puis un soir, en vacances, dans une chambre rose, une fois encore, sans que j&rsquo;aie rien recherch\u00e9, le fabuleux s&rsquo;est abattu sur moi, l&rsquo;inconnu et le fabuleux ont fait irruption, la plante de \u00ab l&rsquo;\u00e9veil \u00bb soudain a fleuri, et cette floraison a fait jaillir dans le monde ext\u00e9rieur un milliard de fleurs qui dormaient l\u00e0, invisibles, a fait jaillir en chaque chose, et en chaque fragment de chaque chose, partout dans l&rsquo;univers, la merveille sans nom de \u00ab l&rsquo;\u00e9veil \u00bb. Et alors, ce fut encore une p\u00e9riode faste, une p\u00e9riode de veille, une p\u00e9riode de vie int\u00e9rieure tendue comme un nerf de diamant, avec la flamme de \u00ab l&rsquo;\u00e9veil \u00bb br\u00fblant tout le temps, et par vingt fois, trente fois, le fond de cette flamme atteint, cette transfiguration du dehors&#8230; Cela a dur\u00e9 six mois, peut-\u00eatre. Puis je me suis remis \u00e0 d\u00e9gringoler la pente, j&rsquo;ai \u00e9t\u00e9 de nouveau englouti, et cette fois-l\u00e0, je n&rsquo;y ai rien pu faire. \u2014 Et je suis entr\u00e9 dans la nuit&#8230; Une fois que l&rsquo;on a habit\u00e9 sa v\u00e9rit\u00e9, en \u00eatre exil\u00e9 est une br\u00fblure effroyable. Une fois que l&rsquo;esprit a \u00e9t\u00e9 conscient de soi, retomber dans l&rsquo;inconscience d&rsquo;avant est pour lui une br\u00fblure effroyable. Une fois que l&rsquo;on a v\u00e9cu au contact de cette valeur, en \u00eatre priv\u00e9 est l&rsquo;enfer. La nuit a dur\u00e9 des ann\u00e9es et des ann\u00e9es. Plusieurs fois, je me suis remis \u00e0 lutter fr\u00e9n\u00e9tiquement, cherchant \u00e0\u00a0 percer directement, dans l&rsquo;instant, jusqu&rsquo;\u00e0 \u00ab l&rsquo;\u00e9veil \u00bb, \u00e0 travers la muraille de sommeil. J&rsquo;avais toujours proc\u00e9d\u00e9 ainsi, je ne connaissais que la voie directe, je n&rsquo;avais absolument pas l&rsquo;id\u00e9e d&rsquo;une autre fa\u00e7on d&rsquo;agir. Chaque fois, je me cassais les dents. L&rsquo;aurore est n\u00e9e timidement, sur un grand laps de temps, sans que je m&rsquo;en doute, \u0153uvr\u00e9e par mon instinct, et alors que je croyais \u00eatre en train de trahir d\u00e9finitivement \u00ab l&rsquo;\u00e9veil \u00bb, puisqu&rsquo;en v\u00e9rit\u00e9, je renon\u00e7ais. Un jour, tout de m\u00eame, j&rsquo;ai reconnu dans cette lumi\u00e8re merveilleuse qui filtrait par la baie de mon renoncement, et par d&rsquo;autres encore \u00e9galement for\u00e9es par mon instinct, celle de \u00ab l&rsquo;\u00e9veil \u00bb, et j&rsquo;ai compris qu&rsquo;il existait des voies longues, et que c&rsquo;\u00e9tait celles-l\u00e0 que je devais emprunter. Ce jour-l\u00e0 j&rsquo;ai \u00e9t\u00e9 sauv\u00e9. Depuis que je me suis engag\u00e9 sur ces voies, le soleil a \u00e9t\u00e9 tr\u00e8s long \u00e0 s&rsquo;\u00e9lever sur l&rsquo;horizon, mais il n&rsquo;a cess\u00e9 de le faire, et aujourd&rsquo;hui, midi est tout proche. J&rsquo;ai la certitude qu&rsquo;il sera cette fois ind\u00e9racinable.<\/p>\n<p style=\"text-align: justify;\">Q. \u2014 Est-ce que, dans votre jeunesse, vous avez \u00e9t\u00e9 attir\u00e9 par la religion, par l&rsquo;occultisme ?<\/p>\n<p style=\"text-align: justify;\">R. \u2014 J&rsquo;ai \u00e9t\u00e9 \u00e9lev\u00e9 hors de toute religion. Comme tout enfant qui se respecte, j&rsquo;ai eu mes \u00e9motions religieuses, j&rsquo;ai pleur\u00e9 en entendant sonner des cloches, mais \u00e7a n&rsquo;a pas \u00e9t\u00e9 plus loin que \u00e7a. Non, certainement, je n&rsquo;ai pas \u00e9t\u00e9 attir\u00e9 par la religion. A l&rsquo;\u00e9poque o\u00f9 \u00ab l&rsquo;\u00e9veil \u00bb a fait irruption, j&rsquo;avais m\u00eame un pr\u00e9jug\u00e9 d\u00e9favorable \u00e0 l&rsquo;\u00e9gard de la religion, et c&rsquo;est ce qui a fait sans doute que je n&rsquo;ai pas song\u00e9 un instant \u00e0. nommer cette chose \u00ab Dieu \u00bb. Il est une autre raison, pr\u00e9cise, pour laquelle je ne me suis pas servi du mot Dieu, et ne m&rsquo;en sers toujours pas, c&rsquo;est que pour moi \u00ab Dieu \u00bb \u00e9voque quelque chose d&rsquo;ext\u00e9rieur : or, cette chose n&rsquo;est pas chose ext\u00e9rieure, ce n&rsquo;est pas un \u00ab tu \u00bb, ce n&rsquo;est pas un \u00ab vous \u00bb, c&rsquo;est \u00ab soi \u00bb, c&rsquo;est la premi\u00e8re personne, essentiellement. Maintenant, c&rsquo;est bien ennuyeux qu&rsquo;on ne puisse employer le mot Dieu, parce qu&rsquo;il est, tout de m\u00eame, le seul dont nous disposions qui ait la dimension voulue, capable d&rsquo;\u00e9voquer l&rsquo;infinit\u00e9 et la splendeur de cette chose. Quant \u00e0 l&rsquo;occultisme, je ne sais pas tr\u00e8s bien ce que c&rsquo;est, mais ce que le mot m&rsquo;\u00e9voque ne m&rsquo;attire pas.<\/p>\n<p style=\"text-align: justify;\">Q. \u2014 Est-ce que votre caract\u00e8re a chang\u00e9 depuis, nettement ?<\/p>\n<p style=\"text-align: justify;\">R. \u2014 Mon caract\u00e8re ?&#8230; Ai-je un caract\u00e8re ? Oui, certainement, mais c&rsquo;est si peu int\u00e9ressant, le caract\u00e8re. \u00c7a a si peu \u00e0 voir avec la v\u00e9rit\u00e9 de la personne, c&rsquo;est le bouton de la veste par rapport au corps. \u00c7a a si peu \u00e0 voir avec le seul probl\u00e8me : vivre dans cette v\u00e9rit\u00e9, y jeter l&rsquo;ancre. Lorsque \u00ab l&rsquo;\u00e9veil \u00bb est l\u00e0, la vie psychologique, la vie spirituelle en d\u00e9roulement, a fait naufrage, est retourn\u00e9e au n\u00e9ant. Alors, \u00e9videmment, mon caract\u00e8re aussi a fait naufrage. Dans la mesure o\u00f9 il existe, eh bien, je n&rsquo;ai pas l&rsquo;impression qu&rsquo;il ait beaucoup chang\u00e9. Mais je vous dis, je me pr\u00e9occupe si peu de lui, je pense \u00e0 lui si peu, que des changements ont tr\u00e8s bien pu se produire sans que j&rsquo;en prenne conscience.<\/p>\n<p style=\"text-align: justify;\">Q. \u2014 Quand cette chose-l\u00e0 vous est arriv\u00e9e, avez-vous eu l&rsquo;impression que c&rsquo;\u00e9tait quelque chose qui \u00e9tait seulement pour vous, ou que cela pouvait arriver A tout le monde ?<\/p>\n<p style=\"text-align: justify;\">R. \u2014 Mon sentiment est tr\u00e8s fort l\u00e0-dessus. Cette chose ne tient en aucune fa\u00e7on \u00e0 la nature particuli\u00e8re de mon esprit et peut jaillir en tout esprit. L&rsquo;id\u00e9e ne m&rsquo;est jamais venue que cela put \u00eatre un don personnel. La possibilit\u00e9 de \u00ab l&rsquo;\u00e9veil \u00bb appartient \u00e0 l&rsquo;\u00e2me humaine de la m\u00eame fa\u00e7on que la possibilit\u00e9 de ressentir l&rsquo;\u00e9vidence 2 + 2 = 4.<\/p>\n<p style=\"text-align: justify;\">Q. \u2014 Le probl\u00e8me de la mort, dans l&rsquo;\u00e9tat \u00ab d&rsquo;\u00e9veil \u00bb, dispara\u00eet ? Vous n&rsquo;avez jamais pens\u00e9 \u00e0 la mort, en \u00e9tat \u00ab d&rsquo;\u00e9veil \u00bb ?<\/p>\n<p style=\"text-align: justify;\">R. \u2014 Je n&rsquo;ai jamais pens\u00e9 \u00e0 la mort dans \u00ab l&rsquo;\u00e9veil \u00bb pour une bonne raison, c&rsquo;est que je n&rsquo;y pense pas. Ce qui ne veut pas dire : le silence de la pens\u00e9e. Le silence de la pens\u00e9e et l&rsquo;absence de la pens\u00e9e sont des choses tout \u00e0 fait diff\u00e9rentes. On peut ne penser \u00e0 rien avec\u00a0 une grande perfection, et il y aura autant de pens\u00e9e dans cette soi-disant absence de pens\u00e9e qu&rsquo;en la pens\u00e9e la plus intense. Il serait donc tout \u00e0 fait vain de s&rsquo;appliquer \u00e0 faire taire sa pens\u00e9e, \u00e0 se vider, se laver l&rsquo;esprit de toute pens\u00e9e. \u00ab L&rsquo;\u00e9veil \u00bb n&rsquo;est pas une entreprise de vidange, ni de blanchissage. Je dis \u00e7a, parce que j&rsquo;ai rencontr\u00e9 une personne qui passait ses jours et ses nuits \u00e0 faire \u00e7a. Je fais monter la flamme de \u00ab l&rsquo;\u00e9veil \u00bb, \u00ab l&rsquo;\u00e9veil \u00bb fait monter sa flamme, et la pens\u00e9e succombe, et c&rsquo;est une chose \u00e9norme, et fantastique, que cette mort ! Mais \u00ab l&rsquo;\u00e9veil \u00bb peut tr\u00e8s bien laisser le r\u00eave se d\u00e9ployer (le r\u00eave dont il n&rsquo;est pas dupe et qu&rsquo; \u00e0 tout moment il peut foudroyer) et persister. Alors l&rsquo;\u00eatre \u00ab \u00e9veill\u00e9 \u00bb pourra penser \u00e0 la mort. Une v\u00e9rit\u00e9 sur la mort se pr\u00e9sentera tout de suite : cette r\u00e9alit\u00e9 est une hallucination, une pure pens\u00e9e. Certainement cette position est, vis-\u00e0-vis de \u00ab l&rsquo;\u00e9veil \u00bb, la plus rigoureuse et la plus fid\u00e8le sur la question de la mort. Maintenant, si j&rsquo;accorde r\u00e9alit\u00e9 \u00e0 la mort, si j&rsquo;accepte de me situer au niveau de la pens\u00e9e qui voit dans la mort une r\u00e9alit\u00e9, je pourrai essayer de r\u00e9pondre \u00e0 la question : qu&rsquo;est-ce que la mort ? \u00e0 la lueur de \u00ab l&rsquo;\u00e9veil \u00bb.<\/p>\n<p style=\"text-align: justify;\">Q. \u2014 Est-ce qu&rsquo;il y a une conscience de soi qui s&rsquo;\u00e9veille ?<\/p>\n<p style=\"text-align: justify;\">R. \u2014 Mais&#8230; cette \u00ab chose \u00bb est la conscience de soi, c&rsquo;est la possession de soi, c&rsquo;est le temps du soi.<\/p>\n<p style=\"text-align: justify;\">Q. \u2014 Est-ce qu&rsquo;on reste sensible \u00e0 la vanit\u00e9 ?<\/p>\n<p style=\"text-align: justify;\">R. \u2014 Il est des choses qui, d&rsquo;une seconde sur l&rsquo;autre, commencent d&rsquo;\u00eatre ex\u00e9cr\u00e9es, ressenties chez soi et chez les autres comme la morsure d&rsquo;un venin, et c&rsquo;est le contentement de soi, c&rsquo;est le mensonge \u00e0 soi-m\u00eame, la duplicit\u00e9 int\u00e9rieure. Et tout cela, en effet, dispara\u00eet de soi totalement, sans risque de retour. Je ne peux concevoir quelqu&rsquo;un qui porte cette \u00ab chose \u00bb en lui, et soit fat, content de soi. De m\u00eame je ne puis arriver \u00e0 me repr\u00e9senter un esprit qui conna\u00eetrait ce contact de lui-m\u00eame, et qui se prendrait au s\u00e9rieux ! en qui ne serait pas pr\u00e9sente la s\u00e8ve de l&rsquo;humour !<\/p>\n<p style=\"text-align: justify;\">Q. \u2014 Est-ce que vous nous voyez ?<\/p>\n<p style=\"text-align: justify;\">R. \u2014 Vous voulez dire : dans \u00ab l&rsquo;\u00e9veil \u00bb ? Est-ce que dans \u00ab l&rsquo;\u00e9veil \u00bb, je vous vois, vous atteins? C&rsquo;est une question int\u00e9ressante. Lorsque je me vois, lorsque mon essence se voit, il est possible que je vous voie. En remontant vers ce sommet et cette source de soi, peut-\u00eatre remonte-t-on vers le sommet et la source de tous les esprits. Dans le contact authentique avec soi, peut-\u00eatre touche-t-on \u00ab l&rsquo;autre \u00bb. Ma pens\u00e9e n&rsquo;a pas formellement identifi\u00e9 cette r\u00e9v\u00e9lation dans \u00ab l&rsquo;\u00e9veil \u00bb, mais il y a de fa\u00e7on s\u00fbre en lui quelque chose qui en est tr\u00e8s proche.<\/p>\n<p style=\"text-align: justify;\">Q. \u2014 Est-ce que de cette perception dont vous parlez, l&rsquo;on peut avoir une id\u00e9e, avant ?<\/p>\n<p style=\"text-align: justify;\">R. \u2014 Vous parlez de la perception directe de \u00ab je \u00bb? Non. Je ne crois pas. Je ne crois pas qu&rsquo;avant la venue de cette perception, qui ne peut s&rsquo;effectuer que de fa\u00e7on foudroyante et en une seule fois, l&rsquo;on puisse avoir la moindre id\u00e9e de ce qu&rsquo;elle est. C&rsquo;est quelque chose qu&rsquo;on ne peut imaginer. Et il me semblerait important, pour quelqu&rsquo;un qui rechercherait cette perception, \u00ab l&rsquo;\u00e9veil \u00bb, d&rsquo;avoir conscience de cela, d&rsquo;avoir clairement conscience de ce que l&rsquo;id\u00e9e, l&rsquo;image qu&rsquo;il se forme, n\u00e9cessairement, de cette perception, ne contient pas une miette de v\u00e9rit\u00e9, parle purement et simplement d&rsquo;autre chose, et qu&rsquo;il en sera ainsi jusqu&rsquo;au terme du voyage. Ce doit \u00eatre tr\u00e8s difficile, si l&rsquo;on est en marche depuis tr\u00e8s longtemps vers le \u00ab pays inconnu \u00bb, d&rsquo;accepter l&rsquo;id\u00e9e qu&rsquo;on ne le conna\u00eet pas plus, m\u00eame d&rsquo;un soup\u00e7on, qu&rsquo;au premier jour. Par contre, il me semble que la vision du monde que peut faire se lever cette inimaginable vision de \u00ab je \u00bb (la transfiguration de l&rsquo;ext\u00e9rieur dont je vous parlais) possiblement s&rsquo;annonce et puisse \u00eatre pressentie hors de \u00ab l&rsquo;\u00e9veil \u00bb, dans certaines exp\u00e9riences. Dans certaines exp\u00e9riences po\u00e9tiques, par exemple.<\/p>\n<p style=\"text-align: justify;\">Q. \u2014 Est-ce que le sens du beau n&rsquo;est pas exalt\u00e9 ? Vous ne voyez pas le monde d&rsquo;une mani\u00e8re plus esth\u00e9tique ?<\/p>\n<p style=\"text-align: justify;\">R. \u2014 Oh non, il ne s&rsquo;agit pas de cela du tout. La valeur qui \u00e9clate dans le monde, alors, est d&rsquo;un tout autre ordre, et g\u00e9n\u00e9ratrice d&rsquo;un bonheur tellement plus haut que ce que peuvent apporter le beau le plus absolu, l&rsquo;harmonieux le plus absolu, qu&rsquo;apr\u00e8s cela, comme je le dis dans mon petit livre, le Parth\u00e9non lui-m\u00eame ne pourra plus sembler que paille.<\/p>\n<p style=\"text-align: justify;\">Q. \u2014 Alors, vous ne go\u00fbtez pas mieux la musique ou la peinture maintenant qu&rsquo;avant ? C&rsquo;est plut\u00f4t d\u00e9color\u00e9?<\/p>\n<p style=\"text-align: justify;\">R. \u2014 \u00ab L&rsquo;\u00e9veil \u00bb me donne le levier de transfiguration de tout le r\u00e9el, le tableau et le morceau de musique en font partie, ils sont transfigur\u00e9s aussi. En ce sens, je les \u00ab go\u00fbte mieux \u00bb. Mais je les go\u00fbte comme je go\u00fbte l&rsquo;arbre contre le ciel, la d\u00e9chirure oblongue et iris\u00e9e des nuages autour de la lune, la tache sur le trottoir, pas comme \u0153uvres d&rsquo;art. En tant qu&rsquo;\u0153uvres d&rsquo;art, dans la vie journali\u00e8re, ils ne m&rsquo;apparaissent pas d\u00e9color\u00e9s, non. Je suis, tout autant qu&rsquo;avant, capable de discerner une jolie chose et une vilaine chose, je puis m\u00eame tirer joie de la jolie chose. Mais de cette joie-l\u00e0 je me fiche profond\u00e9ment.<\/p>\n<p style=\"text-align: justify;\">Q. \u2014 Devons-nous nous d\u00e9tourner de ce \u00ab moi \u00bb ?<\/p>\n<p style=\"text-align: justify;\">R. \u2014 Oh grand Dieu, non ! Enfin, si vous mettez dans le mot le contentement de soi, la fatuit\u00e9, l&rsquo;orgueil, alors, oui, d\u00e9tournez-vous de ce \u00ab moi \u00bb \u2014 encore que cela ne m&rsquo;apparaisse pas comme la t\u00e2che la plus urgente pour qui veut \u00ab l&rsquo;\u00e9veil \u00bb. Mais si vous donnez au mot son sens vrai, son sens naturel, son sens d&rsquo;enfance, si vous vous r\u00e9f\u00e9rez \u00e0 la myst\u00e9rieuse et fondamentale donn\u00e9e MOI, alors ne vous avisez pas de vous d\u00e9tourner de ce \u00ab moi \u00bb ! de le consid\u00e9rer avec m\u00e9pris ! MOI est la porte et ce qu&rsquo;il y a derri\u00e8re la porte,\u00a0 MOI est \u00ab l&rsquo;\u00e9veil \u00bb et l&rsquo;infinie puret\u00e9, et l&rsquo;infinie merveille. Rejetez MOI comme une souillure, et c&rsquo;est la chance de salut et le salut lui-m\u00eame que vous rejetterez comme une souillure !<\/p>\n<p style=\"text-align: justify;\">Q. \u2014 Devons-nous nous d\u00e9faire de nos d\u00e9sirs ?<\/p>\n<p style=\"text-align: justify;\">R. \u2014 Pourquoi diable feriez-vous une chose pareille? Que vous ont-ils jamais fait, si ce n&rsquo;est exalter votre pr\u00e9sence, faire briller votre axe ? Et puis, ne vous rendez-vous pas compte qu&rsquo;ils sont la vie, et qu&rsquo;en les cong\u00e9diant, c&rsquo;est la vie que vous allez cong\u00e9dier ?<\/p>\n<p style=\"text-align: justify;\">Q. \u2014 Pouvez-vous revenir sur les conditions mentales que vous jugez favorables \u00e0 \u00ab l&rsquo;\u00e9veil \u00bb, et les r\u00e9sumer ?<\/p>\n<p style=\"text-align: justify;\">R. \u2014 Je crois qu&rsquo;il en est trois. D&rsquo;abord, un travail et une attention intenses de l&rsquo;intelligence sur un point pr\u00e9cis, tout l&rsquo;esprit \u00e9tant absorb\u00e9 par cette recherche et se r\u00e9duisant \u00e0 elle. Deuxi\u00e8mement, que ce travail ait \u00e9t\u00e9 poursuivi un long moment, pendant lequel l&rsquo;intelligence s&rsquo;est heurt\u00e9e constamment \u00e0 un mur, s&rsquo;est trouv\u00e9e constamment tenue en \u00e9chec. Ceci est peut-\u00eatre capital. Troisi\u00e8mement, que le sujet de la r\u00e9flexion soit tel qu&rsquo;il am\u00e8ne l&rsquo;esprit au bord de sa r\u00e9alit\u00e9 vivante. Evidemment, la phrase de Descartes r\u00e9alise cette derni\u00e8re condition tr\u00e8s bien. Mais il est certainement bien des questions qu&rsquo;on peut se poser et qui la r\u00e9alisent aussi. La premi\u00e8re qui me vient \u00e0 l&rsquo;esprit, c&rsquo;est la question \u00ab qu&rsquo;est-ce que moi ? \u00bb. C&rsquo;est une tr\u00e8s bonne question se poser.<\/p>\n<p style=\"text-align: justify;\">Q. \u2014 Peut-\u00eatre pas tellement pour nous, on est trop intellectuel en Occident, on est tellement intelligent !<\/p>\n<p style=\"text-align: justify;\">R. \u2014 Evidemment, tout d\u00e9pend de la fa\u00e7on dont on va essayer d&rsquo;y r\u00e9pondre. Si cette question n&rsquo;est que l&rsquo;occasion d&rsquo;une sp\u00e9culation de l&rsquo;intelligence, elle sera st\u00e9rile. Mais si l&rsquo;intelligence cherche la r\u00e9ponse en se tournant vers la r\u00e9alit\u00e9 \u00ab moi \u00bb elle-m\u00eame, vers cette r\u00e9alit\u00e9 dans sa vie, alors elle pourra \u00eatre f\u00e9conde. A l&rsquo;\u00e9poque de mon \u00ab \u00e9veil \u00bb, c&rsquo;\u00e9tait toujours de cette fa\u00e7on que j&rsquo;essayais de r\u00e9pondre \u00e0 la question que me posait telle ou telle grande figure de la r\u00e9alit\u00e9, je ne raisonnais pas, je ne sp\u00e9culais pas, je m&rsquo;interrogeais farouchement, et amenais mon interrogation farouche au contact de la r\u00e9alit\u00e9 elle-m\u00eame. Je me posais la question : \u00ab qu&rsquo;est-ce que le temps ? \u00bb, je me posais la question : \u00ab qu&rsquo;est-ce que moi ? \u00bb, et ma pens\u00e9e, au lieu de voler en son propre ciel \u00e0 la poursuite du reflet de l&rsquo;une ou de l&rsquo;autre de ces r\u00e9alit\u00e9s, se jetait sur le rocher et essayait de l&rsquo;entamer \u00e0 coups d&rsquo;ailes. Bien s\u00fbr, le rocher demeurait inalt\u00e9r\u00e9 sous l&rsquo;assaut, qui ne le p\u00e9n\u00e9trait pas m\u00eame d&rsquo;une rayure, et en m\u00eame temps, il \u00e9tait l\u00e0, il \u00e9tait de plus en plus l\u00e0 \u00e0 chaque coup d&rsquo;aile, et ma recherche finissait sur une tremblante et aigu\u00eb impression de folie. Je pense que cette conduite particuli\u00e8re de ma pens\u00e9e n&rsquo;a pas \u00e9t\u00e9 \u00e9trang\u00e8re \u00e0 \u00ab l&rsquo;\u00e9veil \u00bb.<\/p>\n<p style=\"text-align: justify;\">Q. \u2014 Vous faisiez de la m\u00e9ditation ?<\/p>\n<p style=\"text-align: justify;\">R. \u2014 Si vous voulez, je faisais de la m\u00e9ditation, mais sans le savoir, sans avoir un autre but que de r\u00e9pondre \u00e0 cette question que je me posais, farouchement. Et si je m&rsquo;y prenais d&rsquo;une fa\u00e7on particuli\u00e8re pour chercher la r\u00e9ponse, par une tentative de saisie directe de la r\u00e9alit\u00e9 \u00ab en vie \u00bb par l&rsquo;intelligence, c&rsquo;est que c&rsquo;\u00e9tait ma fa\u00e7on de penser. Je pensais naturellement de cette fa\u00e7on. Peut-\u00eatre parce que j&rsquo;avais plus fortement que d&rsquo;autres la connaissance que cette r\u00e9alit\u00e9 \u00ab en vie \u00bb existe. Peut-\u00eatre que si l&rsquo;on a la connaissance que cette r\u00e9alit\u00e9 \u00ab en vie \u00bb existe, et que l&rsquo;on s&rsquo;interroge sur la r\u00e9alit\u00e9, il ne viendra pas \u00e0 l&rsquo;id\u00e9e de sp\u00e9culer, de philosopher, mais spontan\u00e9ment, sans y r\u00e9fl\u00e9chir, on essayera de saisir la r\u00e9alit\u00e9 o\u00f9 elle se trouve.<\/p>\n","protected":false},"excerpt":{"rendered":"<p>Premi\u00e8re question. \u2014 Nous nous faisons une id\u00e9e de la R\u00e9alisation de soi, de la v\u00e9ritable prise de conscience, et nous pensons qu&rsquo;il est n\u00e9cessaire pour un occidental de s&rsquo;y pr\u00e9parer d&rsquo;abord dans la pens\u00e9e, de pratiquer une certaine technique d&rsquo;\u00e9veil. Or, il parait que, pour vous, tout cela n&rsquo;a pas \u00e9t\u00e9 utile ?<\/p>\n","protected":false},"author":1,"featured_media":0,"comment_status":"open","ping_status":"open","sticky":false,"template":"","format":"standard","meta":{"footnotes":""},"categories":[5,59],"tags":[],"class_list":["post-43","post","type-post","status-publish","format-standard","hentry","category-interview","category-s-jourdain"],"yoast_head":"<!-- This site is optimized with the Yoast SEO plugin v27.0 - https:\/\/yoast.com\/product\/yoast-seo-wordpress\/ -->\n<title>La vie \u00e0 l\u2019endroit - questions et r\u00e9ponses par Stephen Jourdain - 3e mill\u00e9naire - Spiritualit\u00e9 - Connaissance de soi - Non-dualit\u00e9 - M\u00e9ditation<\/title>\n<meta name=\"robots\" content=\"index, follow, max-snippet:-1, max-image-preview:large, max-video-preview:-1\" \/>\n<link rel=\"canonical\" href=\"https:\/\/www.revue3emillenaire.com\/blog\/la-vie-a-lendroit-questions-et-rponses-par-stephen-jourdain\/\" \/>\n<meta property=\"og:locale\" content=\"fr_FR\" \/>\n<meta property=\"og:type\" content=\"article\" \/>\n<meta property=\"og:title\" content=\"La vie \u00e0 l\u2019endroit - questions et r\u00e9ponses par Stephen Jourdain - 3e mill\u00e9naire - Spiritualit\u00e9 - Connaissance de soi - Non-dualit\u00e9 - M\u00e9ditation\" \/>\n<meta property=\"og:description\" content=\"Premi\u00e8re question. \u2014 Nous nous faisons une id\u00e9e de la R\u00e9alisation de soi, de la v\u00e9ritable prise de conscience, et nous pensons qu&#039;il est n\u00e9cessaire pour un occidental de s&#039;y pr\u00e9parer d&#039;abord dans la pens\u00e9e, de pratiquer une certaine technique d&#039;\u00e9veil. Or, il parait que, pour vous, tout cela n&#039;a pas \u00e9t\u00e9 utile ?\" \/>\n<meta property=\"og:url\" content=\"https:\/\/www.revue3emillenaire.com\/blog\/la-vie-a-lendroit-questions-et-rponses-par-stephen-jourdain\/\" \/>\n<meta property=\"og:site_name\" content=\"3e mill\u00e9naire - Spiritualit\u00e9 - Connaissance de soi - Non-dualit\u00e9 - M\u00e9ditation\" \/>\n<meta property=\"article:published_time\" content=\"2009-03-19T00:00:00+00:00\" \/>\n<meta property=\"article:modified_time\" content=\"2011-09-21T02:42:03+00:00\" \/>\n<meta name=\"author\" content=\"3e mill\u00e9naire\" \/>\n<meta name=\"twitter:card\" content=\"summary_large_image\" \/>\n<meta name=\"twitter:label1\" content=\"\u00c9crit par\" \/>\n\t<meta name=\"twitter:data1\" content=\"3e mill\u00e9naire\" \/>\n\t<meta name=\"twitter:label2\" content=\"Dur\u00e9e de lecture estim\u00e9e\" \/>\n\t<meta name=\"twitter:data2\" content=\"24 minutes\" \/>\n<script type=\"application\/ld+json\" class=\"yoast-schema-graph\">{\"@context\":\"https:\/\/schema.org\",\"@graph\":[{\"@type\":\"Article\",\"@id\":\"https:\/\/www.revue3emillenaire.com\/blog\/la-vie-a-lendroit-questions-et-rponses-par-stephen-jourdain\/#article\",\"isPartOf\":{\"@id\":\"https:\/\/www.revue3emillenaire.com\/blog\/la-vie-a-lendroit-questions-et-rponses-par-stephen-jourdain\/\"},\"author\":{\"name\":\"3e mill\u00e9naire\",\"@id\":\"https:\/\/www.revue3emillenaire.com\/blog\/#\/schema\/person\/9a3a7cc4ccaa707f402d4394327106d5\"},\"headline\":\"La vie \u00e0 l\u2019endroit &#8211; questions et r\u00e9ponses par Stephen Jourdain\",\"datePublished\":\"2009-03-19T00:00:00+00:00\",\"dateModified\":\"2011-09-21T02:42:03+00:00\",\"mainEntityOfPage\":{\"@id\":\"https:\/\/www.revue3emillenaire.com\/blog\/la-vie-a-lendroit-questions-et-rponses-par-stephen-jourdain\/\"},\"wordCount\":4822,\"commentCount\":0,\"articleSection\":[\"Entretien\/Interview\",\"Jourdain Stephen\"],\"inLanguage\":\"fr-FR\",\"potentialAction\":[{\"@type\":\"CommentAction\",\"name\":\"Comment\",\"target\":[\"https:\/\/www.revue3emillenaire.com\/blog\/la-vie-a-lendroit-questions-et-rponses-par-stephen-jourdain\/#respond\"]}]},{\"@type\":\"WebPage\",\"@id\":\"https:\/\/www.revue3emillenaire.com\/blog\/la-vie-a-lendroit-questions-et-rponses-par-stephen-jourdain\/\",\"url\":\"https:\/\/www.revue3emillenaire.com\/blog\/la-vie-a-lendroit-questions-et-rponses-par-stephen-jourdain\/\",\"name\":\"La vie \u00e0 l\u2019endroit - questions et r\u00e9ponses par Stephen Jourdain - 3e mill\u00e9naire - Spiritualit\u00e9 - Connaissance de soi - Non-dualit\u00e9 - M\u00e9ditation\",\"isPartOf\":{\"@id\":\"https:\/\/www.revue3emillenaire.com\/blog\/#website\"},\"datePublished\":\"2009-03-19T00:00:00+00:00\",\"dateModified\":\"2011-09-21T02:42:03+00:00\",\"author\":{\"@id\":\"https:\/\/www.revue3emillenaire.com\/blog\/#\/schema\/person\/9a3a7cc4ccaa707f402d4394327106d5\"},\"breadcrumb\":{\"@id\":\"https:\/\/www.revue3emillenaire.com\/blog\/la-vie-a-lendroit-questions-et-rponses-par-stephen-jourdain\/#breadcrumb\"},\"inLanguage\":\"fr-FR\",\"potentialAction\":[{\"@type\":\"ReadAction\",\"target\":[\"https:\/\/www.revue3emillenaire.com\/blog\/la-vie-a-lendroit-questions-et-rponses-par-stephen-jourdain\/\"]}]},{\"@type\":\"BreadcrumbList\",\"@id\":\"https:\/\/www.revue3emillenaire.com\/blog\/la-vie-a-lendroit-questions-et-rponses-par-stephen-jourdain\/#breadcrumb\",\"itemListElement\":[{\"@type\":\"ListItem\",\"position\":1,\"name\":\"Accueil\",\"item\":\"https:\/\/www.revue3emillenaire.com\/blog\/\"},{\"@type\":\"ListItem\",\"position\":2,\"name\":\"La vie \u00e0 l\u2019endroit &#8211; questions et r\u00e9ponses par Stephen Jourdain\"}]},{\"@type\":\"WebSite\",\"@id\":\"https:\/\/www.revue3emillenaire.com\/blog\/#website\",\"url\":\"https:\/\/www.revue3emillenaire.com\/blog\/\",\"name\":\"3e mill\u00e9naire - Spiritualit\u00e9 - Connaissance de soi - Non-dualit\u00e9 - M\u00e9ditation\",\"description\":\"L&#039;Homme en devenir\",\"potentialAction\":[{\"@type\":\"SearchAction\",\"target\":{\"@type\":\"EntryPoint\",\"urlTemplate\":\"https:\/\/www.revue3emillenaire.com\/blog\/?s={search_term_string}\"},\"query-input\":{\"@type\":\"PropertyValueSpecification\",\"valueRequired\":true,\"valueName\":\"search_term_string\"}}],\"inLanguage\":\"fr-FR\"},{\"@type\":\"Person\",\"@id\":\"https:\/\/www.revue3emillenaire.com\/blog\/#\/schema\/person\/9a3a7cc4ccaa707f402d4394327106d5\",\"name\":\"3e mill\u00e9naire\",\"url\":\"https:\/\/www.revue3emillenaire.com\/blog\/author\/admin\/\"}]}<\/script>\n<!-- \/ Yoast SEO plugin. -->","yoast_head_json":{"title":"La vie \u00e0 l\u2019endroit - questions et r\u00e9ponses par Stephen Jourdain - 3e mill\u00e9naire - Spiritualit\u00e9 - Connaissance de soi - Non-dualit\u00e9 - M\u00e9ditation","robots":{"index":"index","follow":"follow","max-snippet":"max-snippet:-1","max-image-preview":"max-image-preview:large","max-video-preview":"max-video-preview:-1"},"canonical":"https:\/\/www.revue3emillenaire.com\/blog\/la-vie-a-lendroit-questions-et-rponses-par-stephen-jourdain\/","og_locale":"fr_FR","og_type":"article","og_title":"La vie \u00e0 l\u2019endroit - questions et r\u00e9ponses par Stephen Jourdain - 3e mill\u00e9naire - Spiritualit\u00e9 - Connaissance de soi - Non-dualit\u00e9 - M\u00e9ditation","og_description":"Premi\u00e8re question. \u2014 Nous nous faisons une id\u00e9e de la R\u00e9alisation de soi, de la v\u00e9ritable prise de conscience, et nous pensons qu'il est n\u00e9cessaire pour un occidental de s'y pr\u00e9parer d'abord dans la pens\u00e9e, de pratiquer une certaine technique d'\u00e9veil. Or, il parait que, pour vous, tout cela n'a pas \u00e9t\u00e9 utile ?","og_url":"https:\/\/www.revue3emillenaire.com\/blog\/la-vie-a-lendroit-questions-et-rponses-par-stephen-jourdain\/","og_site_name":"3e mill\u00e9naire - Spiritualit\u00e9 - Connaissance de soi - Non-dualit\u00e9 - M\u00e9ditation","article_published_time":"2009-03-19T00:00:00+00:00","article_modified_time":"2011-09-21T02:42:03+00:00","author":"3e mill\u00e9naire","twitter_card":"summary_large_image","twitter_misc":{"\u00c9crit par":"3e mill\u00e9naire","Dur\u00e9e de lecture estim\u00e9e":"24 minutes"},"schema":{"@context":"https:\/\/schema.org","@graph":[{"@type":"Article","@id":"https:\/\/www.revue3emillenaire.com\/blog\/la-vie-a-lendroit-questions-et-rponses-par-stephen-jourdain\/#article","isPartOf":{"@id":"https:\/\/www.revue3emillenaire.com\/blog\/la-vie-a-lendroit-questions-et-rponses-par-stephen-jourdain\/"},"author":{"name":"3e mill\u00e9naire","@id":"https:\/\/www.revue3emillenaire.com\/blog\/#\/schema\/person\/9a3a7cc4ccaa707f402d4394327106d5"},"headline":"La vie \u00e0 l\u2019endroit &#8211; questions et r\u00e9ponses par Stephen Jourdain","datePublished":"2009-03-19T00:00:00+00:00","dateModified":"2011-09-21T02:42:03+00:00","mainEntityOfPage":{"@id":"https:\/\/www.revue3emillenaire.com\/blog\/la-vie-a-lendroit-questions-et-rponses-par-stephen-jourdain\/"},"wordCount":4822,"commentCount":0,"articleSection":["Entretien\/Interview","Jourdain Stephen"],"inLanguage":"fr-FR","potentialAction":[{"@type":"CommentAction","name":"Comment","target":["https:\/\/www.revue3emillenaire.com\/blog\/la-vie-a-lendroit-questions-et-rponses-par-stephen-jourdain\/#respond"]}]},{"@type":"WebPage","@id":"https:\/\/www.revue3emillenaire.com\/blog\/la-vie-a-lendroit-questions-et-rponses-par-stephen-jourdain\/","url":"https:\/\/www.revue3emillenaire.com\/blog\/la-vie-a-lendroit-questions-et-rponses-par-stephen-jourdain\/","name":"La vie \u00e0 l\u2019endroit - questions et r\u00e9ponses par Stephen Jourdain - 3e mill\u00e9naire - Spiritualit\u00e9 - Connaissance de soi - Non-dualit\u00e9 - M\u00e9ditation","isPartOf":{"@id":"https:\/\/www.revue3emillenaire.com\/blog\/#website"},"datePublished":"2009-03-19T00:00:00+00:00","dateModified":"2011-09-21T02:42:03+00:00","author":{"@id":"https:\/\/www.revue3emillenaire.com\/blog\/#\/schema\/person\/9a3a7cc4ccaa707f402d4394327106d5"},"breadcrumb":{"@id":"https:\/\/www.revue3emillenaire.com\/blog\/la-vie-a-lendroit-questions-et-rponses-par-stephen-jourdain\/#breadcrumb"},"inLanguage":"fr-FR","potentialAction":[{"@type":"ReadAction","target":["https:\/\/www.revue3emillenaire.com\/blog\/la-vie-a-lendroit-questions-et-rponses-par-stephen-jourdain\/"]}]},{"@type":"BreadcrumbList","@id":"https:\/\/www.revue3emillenaire.com\/blog\/la-vie-a-lendroit-questions-et-rponses-par-stephen-jourdain\/#breadcrumb","itemListElement":[{"@type":"ListItem","position":1,"name":"Accueil","item":"https:\/\/www.revue3emillenaire.com\/blog\/"},{"@type":"ListItem","position":2,"name":"La vie \u00e0 l\u2019endroit &#8211; questions et r\u00e9ponses par Stephen Jourdain"}]},{"@type":"WebSite","@id":"https:\/\/www.revue3emillenaire.com\/blog\/#website","url":"https:\/\/www.revue3emillenaire.com\/blog\/","name":"3e mill\u00e9naire - Spiritualit\u00e9 - Connaissance de soi - Non-dualit\u00e9 - M\u00e9ditation","description":"L&#039;Homme en devenir","potentialAction":[{"@type":"SearchAction","target":{"@type":"EntryPoint","urlTemplate":"https:\/\/www.revue3emillenaire.com\/blog\/?s={search_term_string}"},"query-input":{"@type":"PropertyValueSpecification","valueRequired":true,"valueName":"search_term_string"}}],"inLanguage":"fr-FR"},{"@type":"Person","@id":"https:\/\/www.revue3emillenaire.com\/blog\/#\/schema\/person\/9a3a7cc4ccaa707f402d4394327106d5","name":"3e mill\u00e9naire","url":"https:\/\/www.revue3emillenaire.com\/blog\/author\/admin\/"}]}},"_links":{"self":[{"href":"https:\/\/www.revue3emillenaire.com\/blog\/wp-json\/wp\/v2\/posts\/43","targetHints":{"allow":["GET"]}}],"collection":[{"href":"https:\/\/www.revue3emillenaire.com\/blog\/wp-json\/wp\/v2\/posts"}],"about":[{"href":"https:\/\/www.revue3emillenaire.com\/blog\/wp-json\/wp\/v2\/types\/post"}],"author":[{"embeddable":true,"href":"https:\/\/www.revue3emillenaire.com\/blog\/wp-json\/wp\/v2\/users\/1"}],"replies":[{"embeddable":true,"href":"https:\/\/www.revue3emillenaire.com\/blog\/wp-json\/wp\/v2\/comments?post=43"}],"version-history":[{"count":0,"href":"https:\/\/www.revue3emillenaire.com\/blog\/wp-json\/wp\/v2\/posts\/43\/revisions"}],"wp:attachment":[{"href":"https:\/\/www.revue3emillenaire.com\/blog\/wp-json\/wp\/v2\/media?parent=43"}],"wp:term":[{"taxonomy":"category","embeddable":true,"href":"https:\/\/www.revue3emillenaire.com\/blog\/wp-json\/wp\/v2\/categories?post=43"},{"taxonomy":"post_tag","embeddable":true,"href":"https:\/\/www.revue3emillenaire.com\/blog\/wp-json\/wp\/v2\/tags?post=43"}],"curies":[{"name":"wp","href":"https:\/\/api.w.org\/{rel}","templated":true}]}}