{"id":4328,"date":"2010-08-22T13:52:47","date_gmt":"2010-08-22T12:52:47","guid":{"rendered":"http:\/\/www.revue3emillenaire.com\/blog\/?p=4328"},"modified":"2011-10-01T01:39:06","modified_gmt":"2011-10-01T00:39:06","slug":"lhomme-en-mutation-evolution-et-mutation-par-maurice-lambilliotte","status":"publish","type":"post","link":"https:\/\/www.revue3emillenaire.com\/blog\/lhomme-en-mutation-evolution-et-mutation-par-maurice-lambilliotte\/","title":{"rendered":"L&rsquo;Homme en mutation &#8211; \u00c9volution et Mutation par Maurice Lambilliotte"},"content":{"rendered":"<p style=\"text-align: justify;\">(Revue Synth\u00e8ses. No 140-141. Janvier-F\u00e9vrier 1958)<\/p>\n<p style=\"text-align: justify;\">\n<p style=\"text-align: right;\">A Jacques Masui<\/p>\n<p style=\"text-align: justify;\">\n<p style=\"text-align: justify;\">Le succ\u00e8s que rencontre la publication des ouvres posthumes du P\u00e8re Teilhard de Chardin r\u00e9v\u00e8le \u00e0 quel point les hommes aspirent \u00e0 un \u00e9largissement de leur champ de connaissance et de leur vision du cosmos. La plan\u00e8te est travers\u00e9e d&rsquo;un puissant courant annonciateur de r\u00e9volution. Non point n\u00e9cessairement de r\u00e9volutions sanglantes et brutales, mais plut\u00f4t d&rsquo;une transformation profonde de la condition humaine, d&rsquo;une modification fondamentale de la conception que nous avons du \u00ab ph\u00e9nom\u00e8ne humain \u00bb. Une remise en question de presque toutes les notions sur lesquelles l&rsquo;humanit\u00e9 \u2014 \u00e0 travers des vicissitudes diverses, des civilisations aux g\u00e9n\u00e9ratrices les plus vari\u00e9es, des niveaux d&rsquo;existence sans commune mesure, des id\u00e9ologies et des r\u00e9gimes oppos\u00e9s \u2014 a v\u00e9cu jusqu&rsquo;ici, s&rsquo;impose \u00e0 l&rsquo;esprit des plus sceptiques.<\/p>\n<p style=\"text-align: justify;\">\n<p style=\"text-align: justify;\">Les grands \u00e9quilibres politiques mondiaux sont d&rsquo;ailleurs eux-m\u00eames remis en cause. La primaut\u00e9 de l&rsquo;homme blanc, et pour autant que celui-ci croie encore \u00e0 une sup\u00e9riorit\u00e9 r\u00e9elle, \u00e0 la l\u00e9gitimit\u00e9 des valeurs occidentales consid\u00e9r\u00e9es comme seules vraiment universelles, est d\u00e9j\u00e0 plus que contest\u00e9e. Au regard de l&rsquo;Histoire dont les foul\u00e9es devancent nos jugements, cette primaut\u00e9 occidentale est donc virtuellement d\u00e9pass\u00e9e.<\/p>\n<p style=\"text-align: justify;\">\n<p style=\"text-align: justify;\">Le cr\u00e9dit de l&rsquo;\u0153uvre teilhardienne tient toutefois principalement aux vastes horizons que le penseur, po\u00e8te et savant \u00e0 la fois, a ouverts \u00e0 tous les hommes sans distinction de race, ni de civilisation. Sa vision d&rsquo;un monde en devenir, sa conception du r\u00f4le et du destin de l&rsquo;humanit\u00e9, sont optimistes et m\u00eame exaltantes. On avait certes d\u00e9couvert avant lui, l&rsquo;\u00e9volution. Il lui a donn\u00e9 un corps, des th\u00e8mes, un sens et une finalit\u00e9 exhaustive et tr\u00e8s humaine. Par ailleurs ses positions sont solidement \u00e9tay\u00e9es : le savant ayant apport\u00e9 au po\u00e8te, au visionnaire g\u00e9nial, des mat\u00e9riaux qui devaient asseoir le cr\u00e9dit de ses conceptions. Cosmog\u00e9n\u00e8se et noosph\u00e8re, sont ainsi d\u00e9j\u00e0 presque des notions classiques. Elles constituent en tout cas, de puissants ferments intellectuels.<\/p>\n<p style=\"text-align: justify;\">\n<p style=\"text-align: justify;\">Et pourtant, il n&rsquo;est pas tellement assur\u00e9 que cette grandiose vision comporte une exacte pr\u00e9figuration de l&rsquo;avenir de l&rsquo;homme, non plus que de l&rsquo;orientation que peut prendre son destin.<\/p>\n<p style=\"text-align: justify;\">\n<p style=\"text-align: justify;\">L&rsquo;\u00e9volution est certes d\u00e9sormais ind\u00e9niable. Si on consid\u00e8re toutefois de plus pr\u00e8s les facteurs qu&rsquo;elle met en \u0153uvre, on s&rsquo;aper\u00e7oit que, si exhaustive et si \u00ab spiritualiste \u00bb\u00a0 qu&rsquo;en soit la finalit\u00e9, cette \u00e9volution n&rsquo;affecte en somme qu&rsquo;une partie de l&rsquo;homme. Et m\u00eame principalement sa dimension sociale, la part de collectif qui nous est \u00e0 chacun il est vrai, consubstantielle. La noosph\u00e8re qui serait en train de l&rsquo;\u00e9laborer et d&rsquo;organiser sa puissance vivante au-dessus d&rsquo;une humanit\u00e9 dont elle deviendrait un niveau spirituel et une fonction, n&rsquo;est, \u00e0 tout prendre, qu&rsquo;un r\u00e9sultat de l&rsquo;enrichissement de la communaut\u00e9 humaine, dans l&rsquo;espace et dans le temps, gr\u00e2ce \u00e0 son activit\u00e9 mentale et \u00e0 un patrimoine intellectuel sans cesse accru et am\u00e9lior\u00e9. L&rsquo;objectivit\u00e9 de la science \u2014 d&rsquo;une science de plus en plus exp\u00e9rimentale et math\u00e9matique \u2014 assure par ailleurs \u00e0 la connaissance, un caract\u00e8re d&rsquo;universalit\u00e9 qui lui permet de diffuser partout ses m\u00e9thodes et institue un v\u00e9ritable langage, intelligible \u00e0 l&rsquo;\u00e9chelle de l&rsquo;humanit\u00e9 tout enti\u00e8re, \u00e0 tout le moins \u00e0 celle de ses \u00e9lites intellectuelles.<\/p>\n<p style=\"text-align: justify;\">\n<p style=\"text-align: justify;\">Si paradoxale que puisse para\u00eetre une telle affirmation, l&rsquo;\u00e9volution telle que nous la propose Teilhard de Chardin est pourtant ext\u00e9rieure \u00e0 l&rsquo;homme. Elle fait appel, en effet, \u00e0 l&rsquo;activit\u00e9 mentale beaucoup plus qu&rsquo;\u00e0 l&rsquo;int\u00e9riorit\u00e9 profonde des individus. C&rsquo;est \u00e0 peine si ce processus d&rsquo;\u00e9volution exige des individus beaucoup plus qu&rsquo;une prise de conscience ph\u00e9nom\u00e9nologique. Lanc\u00e9e sur des trajectoires d&rsquo;\u00e9volution t\u00e9l\u00e9finalis\u00e9es, l&rsquo;humanit\u00e9 se trouverait en somme un peu dans la situation du voyageur qui, de l&rsquo;avion qui le transporte, voit d\u00e9filer les paysages et sait ainsi qu&rsquo;il se d\u00e9place dans l&rsquo;espace. Les admirateurs les plus fervents de Teilhard de Chardin, pour autant qu&rsquo;ils ne soient pas syst\u00e9matiquement aveugl\u00e9s par l&rsquo;ind\u00e9niable rayonnement de ce visionnaire de g\u00e9nie, d\u00e9couvrent ainsi assez rapidement, qu&rsquo;une des lacunes de son syst\u00e8me se trouve pr\u00e9cis\u00e9ment dans le r\u00f4le d\u00e9volu par lui \u00e0 l&rsquo;homme, lequel ne peut \u00eatre r\u00e9duit \u00e0 une simple activit\u00e9 mentale si concr\u00e8te f\u00fbt-elle.<\/p>\n<p style=\"text-align: justify;\">\n<p style=\"text-align: justify;\">Pour Teilhard de Chardin, le ph\u00e9nom\u00e8ne humain semble en effet entra\u00een\u00e9 par quelque force irr\u00e9sistible, dans un mouvement d&rsquo;enroulement de l&rsquo;humanit\u00e9 sur elle-m\u00eame. Par une densification des contacts, le patrimoine de connaissance \u00e9labor\u00e9 doit, non seulement conduire l&rsquo;humanit\u00e9 \u00e0 son unit\u00e9, ce qui est plausible, mais au del\u00e0, \u00e0 une limite qu&rsquo;il imagine et qu&rsquo;il estime quant \u00e0 lui logique, vers un point om\u00e9ga assez confus, il est vrai, et qui ressortit d\u00e8s lors davantage de l&rsquo;ordre de l&rsquo;hypoth\u00e8se, que de celui d&rsquo;une v\u00e9rit\u00e9 scientifique indiscutable ou m\u00eame d&rsquo;un objectif clairement entrevu. On peut certes interpr\u00e9ter cette finalit\u00e9 par le d\u00e9sir du pr\u00eatre catholique de ne pas se laisser aller \u00e0 construire un syst\u00e8me qui n&rsquo;incorporerait pas la r\u00e9alit\u00e9 divine.<\/p>\n<p style=\"text-align: justify;\">\n<p style=\"text-align: justify;\">On ne peut cependant que s&rsquo;\u00e9tonner que Teilhard n&rsquo;ait pas accord\u00e9 plus d&rsquo;importance au r\u00f4le de l&rsquo;int\u00e9riorit\u00e9; de ce qui, pour certains, est dramatiquement v\u00e9cu dans le silence de la conscience de soi et du monde.<\/p>\n<p style=\"text-align: justify;\">\n<p style=\"text-align: justify;\">Il ne fait gu\u00e8re de doute pourtant que dans cette int\u00e9riorit\u00e9 la plus intime o\u00f9 affleure aussi cette curieuse potentialit\u00e9 de prise de conscience, l&rsquo;homme sent qu&rsquo;il ne peut s&rsquo;exprimer tout entier, ni surtout fondamentalement par son activit\u00e9 mentale. La connaissance elle-m\u00eame, dont l&rsquo;instinct est aussi profond que sa n\u00e9cessit\u00e9 fonctionnelle, arrive ainsi \u00e0 la conclusion \u2014 ou \u00e0 l&rsquo;\u00e9vidence, \u2014 que ses constructions mentales ne peuvent r\u00e9pondre \u00e0 tout ce qu&rsquo;en impliquent les besoins et les imp\u00e9ratifs.<\/p>\n<p style=\"text-align: justify;\">\n<p style=\"text-align: center;\">***<\/p>\n<p style=\"text-align: justify;\">\n<p style=\"text-align: justify;\">NOUS allons \u00e0 pr\u00e9sent essayer de nous faire mieux comprendre. L&rsquo;homme est dou\u00e9 de facult\u00e9s multiples dont les facult\u00e9s de conscience et plus exactement de prise de conscience de lui-m\u00eame et de ce qui n&rsquo;est pas lui-m\u00eame, sont les plus caract\u00e9ristiques. Il appara\u00eet \u2014 et c&rsquo;est difficilement contestable dans le cas particulier de l&rsquo;homme \u2014 qu&rsquo;\u00e0 la vie, \u00e0 la manifestation de la vie soit, en quelque sorte, consubstantiellement attach\u00e9e une facult\u00e9 que, faute d&rsquo;autre expression, nous avons qualifi\u00e9e d\u00e9j\u00e0 de potentialit\u00e9 de conscience. Potentialit\u00e9\u00a0? Parce qu&rsquo;elle semble s&rsquo;exercer \u00e0 l&rsquo;appel, \u00e0 la sollicitation de certaines n\u00e9cessit\u00e9s imm\u00e9diates. Ce potentiel de conscience s&rsquo;est ainsi manifest\u00e9 comme facult\u00e9 d&rsquo;information requise par des exigences vitales, imm\u00e9diates et une assez nette implication collective. L&rsquo;homme a sans doute eu recours au long de son histoire \u00e0 ces prises de conscience pour d\u00e9velopper ses propres moyens physiques en vue de l&rsquo;action, qu&rsquo;il s&rsquo;agisse de d\u00e9fense ou de lutte pour l&rsquo;existence. Ces prises de conscience lui ont permis d&rsquo;enregistrer dans sa m\u00e9moire individuelle et par extension dans celle du clan, certaines constatations d&rsquo;exp\u00e9riences r\u00e9p\u00e9t\u00e9es, auxquelles il pouvait, dans des circonstances analogues se r\u00e9f\u00e9rer ult\u00e9rieurement. Les exigences de la condition collective qui est celle de l&rsquo;animal, humain ou non, ont d\u00e9velopp\u00e9 ces activit\u00e9s de conscience et leur ont notamment fait \u00e9laborer des moyens d&rsquo;expression. Le m\u00e9canisme c\u00e9r\u00e9bral tel qu&rsquo;il s&rsquo;est lentement structur\u00e9 a permis \u00e0 l&rsquo;homme d&rsquo;aller au del\u00e0 de l&rsquo;usage des rep\u00e8res assez sommaires de la m\u00e9moire. Le cerveau humain a \u00e9t\u00e9 ainsi peu \u00e0 peu entra\u00een\u00e9 \u00e0 la conceptualisation, \u00e0 la formulation d&rsquo;id\u00e9es g\u00e9n\u00e9rales, \u00e0 l&rsquo;abstraction et \u00e0 la sp\u00e9culation intellectuelle.<\/p>\n<p style=\"text-align: justify;\">\n<p style=\"text-align: justify;\">Une gen\u00e8se du mental ferait mieux appara\u00eetre les premiers t\u00e2tonnements de ce m\u00e9canisme d&rsquo;objectivation, et de celui du consensus d&rsquo;un plus grand nombre d&rsquo;individus, impos\u00e9 par la condition collective qui est la n\u00f4tre. On verrait ainsi comment est \u00e9labor\u00e9 le m\u00e9canisme de l&rsquo;analyse et celui de la formulation. On d\u00e9couvrirait en m\u00eame temps, il est vrai, comment se sont \u00e9labor\u00e9s les r\u00e9flexes de dualisation d\u00e9sormais inh\u00e9rents \u00e0 l&rsquo;activit\u00e9 du mental.<\/p>\n<p style=\"text-align: justify;\">\n<p style=\"text-align: justify;\">Sans que l&rsquo;on s&rsquo;en rende bien compte ni que l&rsquo;on soit mis en garde contre elle, cette dualit\u00e9 par un glissement de l&rsquo;existentiel vers l&rsquo;intellectuel, allait d\u00e9crocher l&rsquo;homme de ses complexes de vie, et contrarier son int\u00e9gration spontan\u00e9e et constante \u00e0 l&rsquo;unit\u00e9 vivante.<\/p>\n<p style=\"text-align: justify;\">\n<p style=\"text-align: justify;\">La dualit\u00e9 a certes permis l&rsquo;\u00e9laboration des mots, l&rsquo;objectivation rationnelle et la formulation de rapports complexes qui constituent le langage. Par extension, cette dualisation nous a entra\u00een\u00e9 \u00e0 concevoir aussi et \u00e0 formuler des syst\u00e8mes du monde, des m\u00e9taphysiques, n\u00e9cessit\u00e9es par un besoin d&rsquo;ordre, de classement, la fixation d&rsquo;\u00e9chelles de valeur plus ou moins exp\u00e9rimentales et de v\u00e9ritables claviers de r\u00e9f\u00e9rences. Ces syst\u00e8mes du monde, sont tout naturellement venus \u00e9tayer les religions qui ne pouvaient certes ignorer la raison, ni la logique, mais proc\u00e9daient pourtant d&rsquo;autres appels et r\u00e9v\u00e9laient d&rsquo;autres liens avec le r\u00e9el que ceux mis en \u0153uvre par les activit\u00e9s mentales.<\/p>\n<p style=\"text-align: justify;\">\n<p style=\"text-align: justify;\">Or, sur la potentialit\u00e9 de prise de conscience, par sa structure, l&rsquo;activit\u00e9 mentale agit \u00e0 la fa\u00e7on d&rsquo;un \u00ab \u00e9trangleur \u00bb comparable \u00e0 ces dispositifs que l&rsquo;on pla\u00e7ait autrefois sur des automobiles en rodage pour r\u00e9duire l&rsquo;arriv\u00e9e du carburant. En outre, elle polarise et d\u00e8s lors transforme la perception ou l&rsquo;\u00e9vidence des liens qui unissent le sujet et ses objectivations, \u00e0 la vie, au cosmos et le cosmos lui-m\u00eame \u00e0 une r\u00e9alit\u00e9 sup\u00e9rieure que la dualisation d\u00e9composerait \u00e0 son tour, et dont en tout \u00e9tat de cause, elle nous \u00e9loignerait ou nous d\u00e9tacherait.<\/p>\n<p style=\"text-align: justify;\">\n<p style=\"text-align: justify;\">Toutes les r\u00e9f\u00e9rences sur lesquelles s&rsquo;articulent nos jugements de valeur, nos syst\u00e8mes, nos logiques, nos r\u00e9flexes, nos crit\u00e8res d&rsquo;\u00e9vidence, la notion que nous avons du temps et de l&rsquo;espace et vraisemblablement jusqu&rsquo;au contenu m\u00eame de notre subconscient individuel ou collectif sont ainsi marqu\u00e9s d&rsquo;une d\u00e9formation, a priori d&rsquo;autant plus dangereuse, qu&rsquo;on n&rsquo;y oppose pas de r\u00e9serve pr\u00e9alable et que l&rsquo;on perd ais\u00e9ment le sentiment de leur relativit\u00e9 fondamentale.<\/p>\n<p style=\"text-align: justify;\">\n<p style=\"text-align: justify;\">On imagine ais\u00e9ment ce que peut entra\u00eener une telle \u00ab pente d&rsquo;esprit \u00bb et quelles causes d&rsquo;erreurs de connaissance elle comporte. Erreurs qu&rsquo;elle ne cesse de laisser inscrire dans la trame de notre activit\u00e9 mentale et qui devenant des r\u00e9flexes, affectent d\u00e8s l&rsquo;abord nos prises de conscience et leur expression.<\/p>\n<p style=\"text-align: justify;\">\n<p style=\"text-align: justify;\">Cette orientation originelle de l&rsquo;activit\u00e9 mentale qui, r\u00e9p\u00e9tons-le, refl\u00e8te les n\u00e9cessit\u00e9s imm\u00e9diates auxquelles nos facult\u00e9s de prise de conscience ont d\u00fb r\u00e9pondre, marque ainsi toute notre histoire intellectuelle. Nos crit\u00e8res d&rsquo;\u00e9vidence eux-m\u00eames, exprim\u00e9s en termes intelligibles en sont influenc\u00e9s. D&rsquo;o\u00f9 leur caract\u00e8re de relativit\u00e9, moins apparent parce qu&rsquo;ils sont enracin\u00e9s en nous \u00e0 un niveau plus \u00e9l\u00e9mentaire.<\/p>\n<p style=\"text-align: justify;\">\n<p style=\"text-align: justify;\">Ce processus d&rsquo;alt\u00e9ration progressive, inh\u00e9rent \u00e0 la structure de notre appareil mental s&rsquo;est encore d\u00e9velopp\u00e9 et a amplifi\u00e9 nos erreurs et leurs cons\u00e9quences, par la sp\u00e9culation, laquelle ne pouvait \u00eatre mise en doute que sur des erreurs de logique ou d&rsquo;information, jamais h\u00e9las par une r\u00e9cusation directe par le r\u00e9el lui-m\u00eame, par la conscience exer\u00e7ant spontan\u00e9ment une autocritique efficace. A tout le moins, ces remarques s&rsquo;appliquent-elles \u00e0 nos cultures occidentales de plus en plus rationnelles, de plus en plus analytiques et de ce fait, de moins en moins ouvertes aux dimensions existentielles du r\u00e9el. Avec une r\u00e9serve cependant, c&rsquo;est que les m\u00e9thodes de la science moderne qui requiert des chercheurs un degr\u00e9 exceptionnel d&rsquo;attention, nous replacent dans un \u00e9tat d&rsquo;affrontement de ce r\u00e9el plus existentiel, moins syst\u00e9matiquement dualis\u00e9.<\/p>\n<p style=\"text-align: justify;\">\n<p style=\"text-align: center;\">***<\/p>\n<p style=\"text-align: justify;\">\n<p style=\"text-align: justify;\">Dans quelle mesure serions-nous en voie de redresser un courant si profond\u00e9ment enracin\u00e9\u00a0?<\/p>\n<p style=\"text-align: justify;\">\n<p style=\"text-align: justify;\">Le paradoxe qui n&rsquo;est d&rsquo;ailleurs qu&rsquo;apparent, c&rsquo;est que notre activit\u00e9 mentale analytique et dualis\u00e9e \u2014 le sujet faisant face et m\u00eame s&rsquo;opposant \u00e0 ce qu&rsquo;il cherche \u00e0 conna\u00eetre \u2014 a peu \u00e0 peu engendr\u00e9 les instruments de sa propre critique. En se d\u00e9veloppant, celle-ci amorce une lente mais s\u00fbre d\u00e9sagr\u00e9gation de l&rsquo;\u00e9difice, non de nos connaissances concr\u00e8tes, mais de leur substance, de la validit\u00e9 de leur contenu, et de leur signification profonde, au del\u00e0 de logiques formelles, dont nous savons qu&rsquo;elles ne sont que relatives.<\/p>\n<p style=\"text-align: justify;\">\n<p style=\"text-align: justify;\">La science, de plus en plus exp\u00e9rimentale et de ce fait, en prise plus directe sur le r\u00e9el, d\u00e9couvre que les objectivations que nous en \u00e9tablissons sont avant tout des projections de notre activit\u00e9 mentale, la r\u00e9alit\u00e9 de la \u00ab mati\u00e8re \u00bb\u00a0 se r\u00e9sorbant, de plus en plus au regard m\u00eame de notre connaissance, en \u00e9nergie. Le recours \u00e0 un outil math\u00e9matique qui d\u00e9passe de plus en plus sa fonction initiale de mesure des ph\u00e9nom\u00e8nes, et la confrontation toujours plus intime du sujet connaissant et de l&rsquo;objet, et les liens qui s&rsquo;en d\u00e9gagent \u00e0 nos yeux nous am\u00e8nent au seuil d&rsquo;une \u00e9tape nouvelle d&rsquo;un destin que l&rsquo;humanit\u00e9 \u00e9chafaude elle-m\u00eame. Tous les mat\u00e9riaux de la connaissance, admis comme valables, et m\u00eame marqu\u00e9s d&rsquo;un caract\u00e8re d&rsquo;\u00e9vidence qui a priori, freine ou \u00e9teint notre instinct critique, la plupart des objectivations, surtout lorsqu&rsquo;elles se situent au niveau de la sp\u00e9culation intellectuelle, se trouvent ainsi remis en question. Et par extension logique, nos conceptions, nos id\u00e9es g\u00e9n\u00e9rales, nos interpr\u00e9tations du cosmos et de la vie et tous les rapports dont on croyait bien avoir fix\u00e9 d\u00e9finitivement les normes et les \u00e9quations, subissent une rapide, in\u00e9luctable et v\u00e9ritable d\u00e9sagr\u00e9gation. L&rsquo;activit\u00e9 mentale n&rsquo;en est pas encore \u00e0 devoir se trouver des m\u00e9thodes nouvelles, ni surtout \u00e0 pouvoir transformer d&rsquo;elle-m\u00eame ses structures; elle semble pourtant arriv\u00e9e \u00e0 un point o\u00f9 va s&rsquo;imposer la r\u00e9cusation du sens et de la signification de ses productions et o\u00f9 elle va devoir proc\u00e9der \u00e0 une mise en doute de ce que jusqu&rsquo;ici, elle avait pu admettre comme expression valable de la r\u00e9alit\u00e9.<\/p>\n<p style=\"text-align: justify;\">\n<p style=\"text-align: justify;\">A notre sens, cette \u00e9tape dans laquelle nous entrons et qui remet tout en cause \u2014 tout ce qui \u00e9tait \u00e9vident mais ne l&rsquo;\u00e9tait qu&rsquo;au niveau sensoriel mentalis\u00e9, \u2014 doit entra\u00eener de telles transformations du contenu des affrontements de l&rsquo;homme \u00e0 lui-m\u00eame et au monde, que l&rsquo;on peut sans exag\u00e9ration \u00e9voquer ici le d\u00e9part d&rsquo;un v\u00e9ritable processus de mutation.<\/p>\n<p style=\"text-align: justify;\">\n<p style=\"text-align: justify;\">L&rsquo;homme pourra certes continuer \u00e0 \u00e9voluer dans une ambiance biologique qui n&rsquo;appelle peut-\u00eatre pas de transformations profondes. Le fait que tous ses syst\u00e8mes de r\u00e9f\u00e9rence, ses \u00e9chelles de valeur et le sens de ses prises de conscience, ses crit\u00e8res d&rsquo;\u00e9vidence, le contenu de sa m\u00e9moire vont devoir passer au crible d&rsquo;une critique fondamentale, va d\u00e9terminer dans l&rsquo;homme d&rsquo;assez curieux bouleversements. Nos pens\u00e9es, nos intuitions, nos mobiles prennent en effet appui, m\u00eame \u00e0 notre insu, sur ces syst\u00e8mes de r\u00e9f\u00e9rence lentement \u00e9labor\u00e9s par le mental et qui semblent int\u00e9gr\u00e9s \u00e0 notre substance m\u00eame. D&rsquo;autres centres d&rsquo;int\u00e9r\u00eat peuvent d\u00e8s lors nous solliciter. L&rsquo;encablement du mental, \u00e0 un pass\u00e9 qu&rsquo;il a \u00e9difi\u00e9 selon ses r\u00e8gles, \u00e0 l&rsquo;appel de n\u00e9cessit\u00e9s tr\u00e8s contingentes, peut \u00e0 priori se distendre, se faire de moins en moins rigide. Si l&rsquo;on consid\u00e8re le r\u00f4le fonctionnel constant du mental, l&rsquo;importance, non moins fonctionnelle de ses r\u00e9f\u00e9rences, celles-ci venant \u00e0 perdre de leur cr\u00e9dit ou de leur cr\u00e9dibilit\u00e9, il est assez plausible qu&rsquo;une telle transformation des mat\u00e9riaux qu&rsquo;utilise la prise de conscience, puisse engager l&rsquo;homme dans une phase complexe, phase de v\u00e9ritable mutation, qui ne sera pas n\u00e9cessairement li\u00e9e aux trajectoires exhaustives, mais un peu automatiques, selon lesquelles Teilhard de Chardin a entrevu l&rsquo;in\u00e9luctable \u00e9volution du ph\u00e9nom\u00e8ne humain.<\/p>\n<p style=\"text-align: justify;\">\n<p style=\"text-align: justify;\">La remise en question qui s&rsquo;imposera et qui appara\u00eetra comme un d\u00e9saveuglement de l&rsquo;esprit humain, trop passivement entra\u00een\u00e9 selon les pentes de son activit\u00e9 mentale et de l&rsquo;imagination qui s&rsquo;y rattache, va toutefois cr\u00e9er aussi un \u00e9tat de vide int\u00e9rieur, une vacuit\u00e9 assez inattendue, un \u00e9tat de disponibilit\u00e9 int\u00e9rieure. L&rsquo;homme ne va-t-il pas se rendre mieux compte alors du caract\u00e8re superficiel et m\u00eame artificiel de ses conceptions, de ses syst\u00e8mes et du peu de valeur intrins\u00e8que de leur logique interne\u00a0? Ne va-t-il pas surtout pouvoir prendre mieux conscience \u00e9galement, de la superficialit\u00e9 d&rsquo;un Moi qui n&rsquo;est, dans son activit\u00e9 la plus constante et la plus habituelle, que le reflet de moments successifs, de prise de conscience et de formulation d&rsquo;\u00e9tats de celui-ci sans autre coh\u00e9rence en somme, que celle de l&rsquo;\u00e9coulement d&rsquo;une dur\u00e9e physiologique\u00a0? Pour tout dire, d&rsquo;un Moi social, non que soit faux le sens des liens fonctionnels et biologiques qui nous unissent chacun et d&rsquo;ailleurs b\u00e9n\u00e9fiquement \u00e0 une communaut\u00e9, mais restent tout de m\u00eame limit\u00e9s \u00e0 une condition humaine animale. Quiconque se penche sur son propre pass\u00e9, n&rsquo;en voit-il pas surgir de multiples visages dont certains lui sont presque \u00e9trangers et ne se juxtaposent que selon un fil conducteur, celui de la dur\u00e9e de la vie physiologique\u00a0? La m\u00e9moire enregistre une multitude de r\u00e9actions occasionnelles auxquelles elle ne peut pour autant conf\u00e9rer l&rsquo;\u00eatre. Chacun de nous ne peut cependant accepter de n&rsquo;\u00eatre que la somme de ses \u00e9tats successifs, ni le seul contenu d&rsquo;une m\u00e9moire qui ne cesse de se d\u00e9former et qui dans l&rsquo;activit\u00e9 onirique par exemple, engendre des images sans substance, la plupart \u00e9vanouies en m\u00eame temps qu&rsquo;elles sont apparues.<\/p>\n<p style=\"text-align: justify;\">\n<p style=\"text-align: center;\">***<\/p>\n<p style=\"text-align: justify;\">A notre sens, c&rsquo;est ce Moi que nous croyons nous repr\u00e9senter totalement, auquel nous sommes accroch\u00e9s \u2014 avec l&rsquo;angoisse qu&rsquo;engendre d&rsquo;ailleurs ce qui n&rsquo;est qu&rsquo;\u00e9ph\u00e9m\u00e8re \u2014 qui pourrait \u00eatre remis en question par l&rsquo;appel de ce vide, n\u00e9 de l&rsquo;effondrement de r\u00e9f\u00e9rences, simples productions du mental dont la n\u00e9cessit\u00e9 m\u00eame s&rsquo;\u00e9puise dans l&rsquo;acte de conscience qui les a engendr\u00e9es.<\/p>\n<p style=\"text-align: justify;\">\n<p style=\"text-align: center;\">***<\/p>\n<p style=\"text-align: justify;\">\n<p style=\"text-align: justify;\">La mutation \u00e0 laquelle nous faisons allusion ici ne doit certes pas avoir pour cons\u00e9quence une d\u00e9possession, ni m\u00eame une att\u00e9nuation syst\u00e9matique de nos facult\u00e9s intellectuelles dont la n\u00e9cessit\u00e9 et l&rsquo;efficacit\u00e9 sur de nombreux plans li\u00e9s \u00e0 notre existence subsistent bien entendu. Cette activit\u00e9 mentale pourrait toutefois s&rsquo;exercer \u00e0 travers un changement profond qui proc\u00e9derait d&rsquo;une r\u00e9cusation peut-\u00eatre inattendue, de la valeur et du contenu de v\u00e9rit\u00e9, attribu\u00e9s par l&rsquo;homme \u00e0 ses propres concepts et formulations.<\/p>\n<p style=\"text-align: justify;\">\n<p style=\"text-align: justify;\">Par ce d\u00e9saveuglement \u00e0 l&rsquo;\u00e9gard de ses constructions mentales, l&rsquo;homme pourrait en tout cas d\u00e9couvrir que toutes ses constructions mentales qui ont fond\u00e9 en somme ses valeurs culturelles, les plus rares, ne sont tout au plus, qu&rsquo;un simple d\u00e9cor, une protection appel\u00e9e par la faiblesse ou la fragilit\u00e9 humaine \u00e0 l&rsquo;\u00e9gard de l&rsquo;infini. D&rsquo;un infini, d&rsquo;ailleurs toujours insolite, difficilement communicable et pour certains m\u00eames, redoutable \u00e0 consid\u00e9rer de trop pr\u00e8s, h\u00e9las aussi comme une prison inconsciemment, mais laborieusement \u00e9difi\u00e9e par l&rsquo;homme et dans laquelle il s&rsquo;est lui-m\u00eame emmur\u00e9.<\/p>\n<p style=\"text-align: justify;\">\n<p style=\"text-align: justify;\">Tout ceci n&rsquo;est \u00e9videmment encore que vue de l&rsquo;esprit, supputation, intuition. Il ne semble toutefois plus aussi impossible de penser que les m\u00e9canismes qui ont instaur\u00e9 la dualit\u00e9 comme loi du mental et en ont fait un v\u00e9ritable r\u00e9flexe de connaissance pourraient se trouver un jour s\u00e9rieusement \u00e9branl\u00e9s.<\/p>\n<p style=\"text-align: justify;\">\n<p style=\"text-align: justify;\">Une telle d\u00e9sint\u00e9gration des produits du mental ne sera-t-elle toutefois pas une cause suppl\u00e9mentaire de risques, un danger redoutable pour l&rsquo;esp\u00e8ce\u00a0? Evidemment on pourra toujours le soutenir. Les philosophies, les religions, les morales s&rsquo;insurgeront a priori contre le p\u00e9ril qui guette l&rsquo;homme, d\u00e8s qu&rsquo;il ose consid\u00e9rer m\u00eame comme possible, l&rsquo;inanit\u00e9 de sa propre humanit\u00e9, sa pr\u00e9carit\u00e9 et sa fondamentale incoh\u00e9rence. Les d\u00e9fenseurs d&rsquo;un certain ordre plaideront d\u00e8s lors ais\u00e9ment en faveur du maintien de ces \u00ab \u00e9tais \u00bb,\u00a0 de ces palissades, de ces garde-fous protecteurs, de ces d\u00e9cors en trompe-l\u2019\u0153il si rassurants pour tous ceux \u2014 et c&rsquo;est \u00e9videmment la masse \u2014 qui pr\u00e9f\u00e9reront continuer \u00e0 vivre dans un d\u00e9cor que des hommes auront imagin\u00e9, qu&rsquo;ils auront projet\u00e9 devant eux, quitte \u00e0 en ignorer volontairement le caract\u00e8re artificiel et arbitraire.<\/p>\n<p style=\"text-align: justify;\">\n<p style=\"text-align: justify;\">Si ces \u00ab avocats \u00bb de l&rsquo;humain \u2014 et pour nous ces mauvais bergers \u2014 plaident sur ces bases, ils ne pourront toutefois pas ind\u00e9finiment s&rsquo;opposer \u00e0 un grand courant d&rsquo;iconoclastie qui ne renversera d&rsquo;ailleurs que des idoles et n&rsquo;attentera assur\u00e9ment pas, au sens profond du sacr\u00e9 qui est pr\u00e9cis\u00e9ment le sens de ce qui existe en-de\u00e7\u00e0 ou au del\u00e0 de la prise de conscience mentalis\u00e9e. En voulant d\u00e9fendre l&rsquo;homme et en cherchant cette fois, \u00e0 d\u00e9fendre la l\u00e9gitimit\u00e9 de telles \u00ab palissades \u00bb ils plaideront coupables. Ils devront reconna\u00eetre en effet, que leurs \u00e9chafaudages et leurs syst\u00e8mes, n&rsquo;ont \u00e0 tout prendre d&rsquo;autre justification que celles d&rsquo;une protection, d&rsquo;une d\u00e9fense. D\u00e8s ce moment, ils auront eux aussi retir\u00e9 \u00e0 leurs r\u00e9f\u00e9rences l&rsquo;absolu et le sacr\u00e9 qui en t\u00e9moigne. Ils auront d\u00e9truit l&rsquo;encaisse-or, de la monnaie fiduciaire de leurs concepts, de leurs syst\u00e8mes et de leurs m\u00e9taphysiques.<\/p>\n<p style=\"text-align: justify;\">\n<p style=\"text-align: center;\">***<\/p>\n<p style=\"text-align: justify;\">\n<p style=\"text-align: justify;\">Car, la vacuit\u00e9 que l&rsquo;homme va \u00e9prouver d\u00e8s l&rsquo;instant o\u00f9 d&rsquo;instinct il r\u00e9pudiera les syst\u00e8mes et les r\u00e9f\u00e9rences sur lesquels il a v\u00e9cu jusqu&rsquo;ici, cette vacuit\u00e9, que chacun pourra ressentir m\u00eame \u00e0 l&rsquo;\u00e9gard de son propre Moi\u00a0\u00a0\u00a0 \u2014 celui qui pense et qui dualise \u2014 ne pourra pas \u00eatre sans effet. Toute vacuit\u00e9 sera ressentie comme un d\u00e9s\u00e9quilibre et d\u00e8s lors comme un appel \u00e0 un autre \u00e9quilibre plus ad\u00e9quat.<\/p>\n<p style=\"text-align: justify;\">\n<p style=\"text-align: justify;\">Mais qui percevra ces ruptures et ce vide \u00e0 l&rsquo;\u00e9gard de r\u00e9f\u00e9rences abolies\u00a0? Cet \u00e9tat en nous ind\u00e9finissable qui nous fait nous sentir exister, et non plus seulement du point de vue du Moi Superficiel, reflet de notre dur\u00e9e, de nos instants dont nous prenons une conscience imm\u00e9diate\u00a0? Ou, \u00e0 un niveau plus profond, appelant d&rsquo;autres attaches, un \u00ab \u00e9tat \u00bb\u00a0 assez immuable en tant que t\u00e9moin\u00a0: t\u00e9moin int\u00e9rieur de nos \u00e9tats de sommeil aussi bien que de veille.<\/p>\n<p style=\"text-align: justify;\">\n<p style=\"text-align: justify;\">Au del\u00e0 de la valeur de nos formulations, au del\u00e0 de l&rsquo;inconsistance et de l&rsquo;incoh\u00e9rence de notre Moi relationnel, ce t\u00e9moin int\u00e9rieur, irr\u00e9f\u00e9rable \u00e0 rien d&rsquo;autre qu&rsquo;\u00e0 lui-m\u00eame, ne confirmerait-il pas en nous une pr\u00e9sence\u00a0? Ne pourrait-il en tout cas, nous rassurer quant aux risques d&rsquo;une destruction de nos r\u00e9f\u00e9rences mentales qui ne doit pas n\u00e9cessairement entra\u00eener celle de notre conscience d&rsquo;exister et m\u00eame d&rsquo;\u00eatre, puisque ce t\u00e9moin lui, subsiste, irr\u00e9ductible \u00e0 tous nos changements, identique \u00e0 lui-m\u00eame\u00a0? Ne peut-il d\u00e8s lors nous encourager \u00e0 accepter, m\u00eame assez joyeusement, la destruction en nous de ces r\u00e9f\u00e9rences, de ces syst\u00e8mes, de tout ce \u00e0 quoi nous nous accrochons et qui n&rsquo;est qu&rsquo;illusion\u00a0? Et si nous nous sentons m\u00eame d\u00e9centr\u00e9s, par rapport \u00e0 un type de comportement et \u00e0 des r\u00e9flexes que notre activit\u00e9 mentale a aid\u00e9 \u00e0 inscrire si profond\u00e9ment en nous, d&rsquo;autres p\u00f4les d&rsquo;attraction, d&rsquo;autres tangences ne peuvent-ils nous \u00eatre accessibles, d&rsquo;autres gravitations ne peuvent-elles nous solliciter et nous entra\u00eener dans leur orbite<\/p>\n<p style=\"text-align: justify;\">\n<p style=\"text-align: center;\">***<\/p>\n<p style=\"text-align: justify;\">\n<p style=\"text-align: justify;\">La mutation autour et au del\u00e0 du mental que nous entrevoyons ici, ne s&rsquo;inscrit donc pas n\u00e9cessairement dans le sens d&rsquo;un appauvrissement de l&rsquo;homme, ni dans celui d&rsquo;une ablation de ses facult\u00e9s, mais bien dans celui d&rsquo;une lib\u00e9ration \u00e0 l&rsquo;\u00e9gard de la tyrannie de nos constructions mentales et de leur pr\u00e9tention \u00e0 une connaissance ou \u00e0 une situation de nous qui leur est interdite, en raison m\u00eame de leur processus de dualisation. Lib\u00e9ration, int\u00e9rieure cela va sans dire \u00e0 l&rsquo;\u00e9gard aussi de notions comme celles d&rsquo;espace et de temps, qui ne sont non plus que de simples projections mentales au d\u00e9part d&rsquo;une connaissance sensorielle, sans autre valeur que celle d&rsquo;un reflet, d&rsquo;une \u00e9quation mouvante avec un imm\u00e9diat, effac\u00e9 presque aussit\u00f4t qu&rsquo;apparu.<\/p>\n<p style=\"text-align: justify;\">\n<p style=\"text-align: justify;\">Cette lib\u00e9ration ne sera toutefois f\u00e9conde que si, au del\u00e0 de l&rsquo;\u00e9tat de critique que nous abordons, notre attention nous porte \u00e0 rechercher des \u00e9tats int\u00e9rieurs de communion, ardente et lucide certes, mais qui, nous faisant franchir l&rsquo;incoh\u00e9rence du Moi superficiel, nous am\u00e8nent \u00e0 cohabiter enfin, dans un Moi sup\u00e9rieur, avec la conscience aigu\u00eb de la r\u00e9alit\u00e9 du Soi. Conscience impersonnelle ou supra-personnelle, vivante et pleine et qui, en chacun de nous constitue, d\u00e9centr\u00e9e du temps comme de l&rsquo;espace, la part inalt\u00e9rable, d\u00e8s lors \u00e9ternelle et cependant cr\u00e9atrice et irradiante, comme un foyer de lumi\u00e8re et d&rsquo;amour. Car la pl\u00e9nitude dont nous pourrons alors go\u00fbter la r\u00e9alit\u00e9, ne peut \u00eatre qu&rsquo;amour, cet amour qu&rsquo;\u00e0 de rares moments privil\u00e9gi\u00e9s, nous avons pu \u00e9prouver ou pressentir.<\/p>\n<p style=\"text-align: justify;\">\n<p style=\"text-align: justify;\">Est-ce l\u00e0 le sens, ou un sens possible en tout cas, que l&rsquo;on pourrait donner \u00e0 cette in\u00e9luctable mutation mentale qui ne recoupe, ni ne s&rsquo;appuie au surplus en rien sur l&rsquo;\u00e9volution telle que la projette le g\u00e9nie po\u00e9tique d&rsquo;un Teilhard de Chardin et qui n&rsquo;affecte et n&rsquo;affectera qu&rsquo;un Moi superficiel, des \u00e9gos successifs, sociaux et transitoires, \u00e9toffe dont est constitu\u00e9 le \u00ab ph\u00e9nom\u00e8ne humain \u00bb\u00a0?<\/p>\n<p style=\"text-align: justify;\">\n<p style=\"text-align: justify;\">Cette mutation qui, si paradoxal que cela paraisse, va na\u00eetre de nos propres conqu\u00eates mentales et du sens critique que celles-ci sont en train de d\u00e9velopper, ne nous rapprochera-t-elle pas de certaines grandes voies traditionnelles\u00a0? Ce serait en ce cas, pour nous une raison de plus d&rsquo;esp\u00e9rer voir se rapprocher l&rsquo;Orient et l&rsquo;Occident dans leurs d\u00e9marches d&rsquo;affrontement du R\u00e9el<a href=\"#_ftn1\">[1]<\/a>. Il suffit de signaler une telle possibilit\u00e9 parmi d&rsquo;autres, pour permettre de juger de toute l&rsquo;importance de ce tournant, de ce que nous qualifions faute d&rsquo;autre mot, de mutation.<\/p>\n<p style=\"text-align: justify;\">\n<p style=\"text-align: center;\">***<\/p>\n<p style=\"text-align: justify;\">\n<p style=\"text-align: justify;\">Evolution\u00a0? Mutation\u00a0?<\/p>\n<p style=\"text-align: justify;\">\n<p style=\"text-align: justify;\">L&rsquo;homme conscient de n&rsquo;\u00eatre en somme, en tant que tel, qu&rsquo;une manifestation parmi une multitude de manifestations dont l&rsquo;ensemble repr\u00e9senterait le cosmos et la cosmog\u00e9n\u00e8se, ne serait, dans notre hypoth\u00e8se, plus seulement appel\u00e9 \u00e0 un destin sup\u00e9rieur ni \u00e0 une finalit\u00e9 particuli\u00e8re en tant que ph\u00e9nom\u00e8ne humain, mais bien plus, au privil\u00e8ge de trouver ou de retrouver en lui, l&rsquo;Eternel, l&rsquo;Absolu. Sa reliance enfin \u00e0 ses v\u00e9ritables dimensions spirituelles, dans une transcendance sans mythes, ni m\u00e9taphysiques.<\/p>\n<p style=\"text-align: justify;\">\n<p style=\"text-align: justify;\">Au del\u00e0 de lui-m\u00eame et sans rien devoir abolir de sa nature ni de ses facult\u00e9s, l&rsquo;homme serait ainsi appel\u00e9 au privil\u00e8ge d&rsquo;une lib\u00e9ration spirituelle effective, et cela, dans un \u00e9tat de coexistence, celle-ci \u00e9videmment transitoire, avec le ph\u00e9nom\u00e8ne humain et la manifestation biologique.<\/p>\n<p style=\"text-align: justify;\">\n<p style=\"text-align: justify;\">La question est assur\u00e9ment de savoir si tel qu&rsquo;il est physiologiquement structur\u00e9, l&rsquo;homme est vraiment capable de franchir en lui la dualit\u00e9, tout en en acceptant pour certains usages, les m\u00e9thodes et les instruments.<\/p>\n<p style=\"text-align: justify;\">\n<p style=\"text-align: justify;\">La mutation que nous entrevoyons va-t-elle ouvrir une nouvelle \u00e9tape qui, parall\u00e8lement \u00e0 l&rsquo;intelligence et \u00e0 tout ce qui proc\u00e8de du mental, engagerait l&rsquo;homme dans les voies de la d\u00e9couverte du sens en lui vivant de l&rsquo;unit\u00e9 et au del\u00e0 m\u00eame de cette \u00e9vidence, du sens du Soi, du sens de la conscience impersonnelle qui affleure dans notre Moi profond\u00a0?<\/p>\n<p style=\"text-align: justify;\">\n<p style=\"text-align: justify;\">Si cette hypoth\u00e8se \u00e9tait plus qu&rsquo;une hypoth\u00e8se on pourrait effectivement\u00a0 parler d&rsquo;une mutation et celle-ci s&rsquo;av\u00e9rerait vraiment d&rsquo;un caract\u00e8re tout autre que celui de l&rsquo;\u00e9volution m\u00eame exhaustive telle que Teilhard de Chardin en a d\u00e9gag\u00e9 les grandes trajectoires. Cette mutation plus profond\u00e9ment spirituelle, parce que d\u00e9croch\u00e9e du mental, ouvrirait peut \u00eatre les voies int\u00e9rieures d&rsquo;une haute morale dont l&rsquo;humanit\u00e9 n&rsquo;eut jamais par ailleurs, un besoin aussi imp\u00e9rieux.<\/p>\n<p style=\"text-align: justify;\">\n<p style=\"text-align: justify;\">Ne serait-il pas significatif \u00e9galement, qu&rsquo;au moment o\u00f9 l&rsquo;homme s&rsquo;avance \u00e0 grandes foul\u00e9es, dans la d\u00e9couverte des secrets de la nature, de ses lois, et acquiert sur elle une ma\u00eetrise de v\u00e9ritable d\u00e9miurge, il franchisse aussi et pr\u00e9cis\u00e9ment par une vigoureuse critique mentale, les limites d&rsquo;un empire auquel il ne peut s&rsquo;identifier, car il risquerait d&rsquo;y trouver sa fin, qui pourrait au surplus \u2014 nous le voyons d\u00e9j\u00e0 \u2014 lui inspirer un orgueil incompatible avec l&rsquo;\u00e9tincelle d&rsquo;amour qui est en lui, qu&rsquo;il ne peut laisser \u00e9touffer et dont le royaume n&rsquo;est vraiment pas de ce monde\u00a0? En ce cas, la mutation n&rsquo;appara\u00eetrait-elle pas en outre et fonctionnellement comme un indispensable facteur de r\u00e9\u00e9quilibre\u00a0?<\/p>\n<p style=\"text-align: justify;\">\n<hr style=\"text-align: justify;\" size=\"1\" \/>\n<p style=\"text-align: justify;\"><a href=\"#_ftnref1\">[1]<\/a> Peut-\u00eatre serait-il opportun de rappeler ici, une d\u00e9marche telle que celle d&rsquo;Aurobindo qui, parti d&rsquo;une formulation intellectuelle occidentale, dut proc\u00e9der \u00e0 une asc\u00e8se et \u00e0 une lente identification int\u00e9rieure avec ce qu&rsquo;il avait entrevu de la position de conscience des premiers Sages de l&rsquo;Inde, les grands inspir\u00e9s auxquels nous devons les textes des V\u00e9das. Cette d\u00e9marche, pour retrouver les conditions d&rsquo;une prise de conscience de v\u00e9rit\u00e9s essentielles a \u00e9t\u00e9 mise en lumi\u00e8re dans une \u00e9tude publi\u00e9e sous la direction de Jacques Masui, dans la collection des Documents Spirituels. Elle nous para\u00eet plus que jamais s&rsquo;imposer si l&rsquo;on veut arriver, en occident, \u00e0 une compr\u00e9hension profonde de la pens\u00e9e orientale.<\/p>\n","protected":false},"excerpt":{"rendered":"<p>La mutation autour et au del\u00e0 du mental que nous entrevoyons ici, ne s&rsquo;inscrit donc pas n\u00e9cessairement dans le sens d&rsquo;un appauvrissement de l&rsquo;homme, ni dans celui d&rsquo;une ablation de ses facult\u00e9s, mais bien dans celui d&rsquo;une lib\u00e9ration \u00e0 l&rsquo;\u00e9gard de la tyrannie de nos constructions mentales et de leur pr\u00e9tention \u00e0 une connaissance ou \u00e0 une situation de nous qui leur est interdite, en raison m\u00eame de leur processus de dualisation. Lib\u00e9ration, int\u00e9rieure cela va sans dire \u00e0 l&rsquo;\u00e9gard aussi de notions comme celles d&rsquo;espace et de temps, qui ne sont non plus que de simples projections mentales au d\u00e9part d&rsquo;une connaissance sensorielle, sans autre valeur que celle d&rsquo;un reflet, d&rsquo;une \u00e9quation mouvante avec un imm\u00e9diat, effac\u00e9 presque aussit\u00f4t qu&rsquo;apparu.<\/p>\n","protected":false},"author":1,"featured_media":0,"comment_status":"closed","ping_status":"closed","sticky":false,"template":"","format":"standard","meta":{"footnotes":""},"categories":[597],"tags":[37,108,21,191],"class_list":["post-4328","post","type-post","status-publish","format-standard","hentry","category-lambilliotte-maurice","tag-conscience","tag-evolution","tag-mutation","tag-teilhard"],"yoast_head":"<!-- This site is optimized with the Yoast SEO plugin v27.0 - https:\/\/yoast.com\/product\/yoast-seo-wordpress\/ -->\n<title>L&#039;Homme en mutation - \u00c9volution et Mutation par Maurice Lambilliotte - 3e mill\u00e9naire - Spiritualit\u00e9 - Connaissance de soi - Non-dualit\u00e9 - M\u00e9ditation<\/title>\n<meta name=\"robots\" content=\"index, follow, max-snippet:-1, max-image-preview:large, max-video-preview:-1\" \/>\n<link rel=\"canonical\" href=\"https:\/\/www.revue3emillenaire.com\/blog\/lhomme-en-mutation-evolution-et-mutation-par-maurice-lambilliotte\/\" \/>\n<meta property=\"og:locale\" content=\"fr_FR\" \/>\n<meta property=\"og:type\" content=\"article\" \/>\n<meta property=\"og:title\" content=\"L&#039;Homme en mutation - \u00c9volution et Mutation par Maurice Lambilliotte - 3e mill\u00e9naire - Spiritualit\u00e9 - Connaissance de soi - Non-dualit\u00e9 - M\u00e9ditation\" \/>\n<meta property=\"og:description\" content=\"La mutation autour et au del\u00e0 du mental que nous entrevoyons ici, ne s&#039;inscrit donc pas n\u00e9cessairement dans le sens d&#039;un appauvrissement de l&#039;homme, ni dans celui d&#039;une ablation de ses facult\u00e9s, mais bien dans celui d&#039;une lib\u00e9ration \u00e0 l&#039;\u00e9gard de la tyrannie de nos constructions mentales et de leur pr\u00e9tention \u00e0 une connaissance ou \u00e0 une situation de nous qui leur est interdite, en raison m\u00eame de leur processus de dualisation. Lib\u00e9ration, int\u00e9rieure cela va sans dire \u00e0 l&#039;\u00e9gard aussi de notions comme celles d&#039;espace et de temps, qui ne sont non plus que de simples projections mentales au d\u00e9part d&#039;une connaissance sensorielle, sans autre valeur que celle d&#039;un reflet, d&#039;une \u00e9quation mouvante avec un imm\u00e9diat, effac\u00e9 presque aussit\u00f4t qu&#039;apparu.\" \/>\n<meta property=\"og:url\" content=\"https:\/\/www.revue3emillenaire.com\/blog\/lhomme-en-mutation-evolution-et-mutation-par-maurice-lambilliotte\/\" \/>\n<meta property=\"og:site_name\" content=\"3e mill\u00e9naire - Spiritualit\u00e9 - Connaissance de soi - Non-dualit\u00e9 - M\u00e9ditation\" \/>\n<meta property=\"article:published_time\" content=\"2010-08-22T12:52:47+00:00\" \/>\n<meta property=\"article:modified_time\" content=\"2011-10-01T00:39:06+00:00\" \/>\n<meta name=\"author\" content=\"3e mill\u00e9naire\" \/>\n<meta name=\"twitter:card\" content=\"summary_large_image\" \/>\n<meta name=\"twitter:label1\" content=\"\u00c9crit par\" \/>\n\t<meta name=\"twitter:data1\" content=\"3e mill\u00e9naire\" \/>\n\t<meta name=\"twitter:label2\" content=\"Dur\u00e9e de lecture estim\u00e9e\" \/>\n\t<meta name=\"twitter:data2\" content=\"24 minutes\" \/>\n<script type=\"application\/ld+json\" class=\"yoast-schema-graph\">{\"@context\":\"https:\/\/schema.org\",\"@graph\":[{\"@type\":\"Article\",\"@id\":\"https:\/\/www.revue3emillenaire.com\/blog\/lhomme-en-mutation-evolution-et-mutation-par-maurice-lambilliotte\/#article\",\"isPartOf\":{\"@id\":\"https:\/\/www.revue3emillenaire.com\/blog\/lhomme-en-mutation-evolution-et-mutation-par-maurice-lambilliotte\/\"},\"author\":{\"name\":\"3e mill\u00e9naire\",\"@id\":\"https:\/\/www.revue3emillenaire.com\/blog\/#\/schema\/person\/9a3a7cc4ccaa707f402d4394327106d5\"},\"headline\":\"L&rsquo;Homme en mutation &#8211; \u00c9volution et Mutation par Maurice Lambilliotte\",\"datePublished\":\"2010-08-22T12:52:47+00:00\",\"dateModified\":\"2011-10-01T00:39:06+00:00\",\"mainEntityOfPage\":{\"@id\":\"https:\/\/www.revue3emillenaire.com\/blog\/lhomme-en-mutation-evolution-et-mutation-par-maurice-lambilliotte\/\"},\"wordCount\":4890,\"keywords\":[\"Conscience\",\"\u00c9volution\",\"Mutation\",\"Teilhard\"],\"articleSection\":[\"Lambilliotte Maurice\"],\"inLanguage\":\"fr-FR\"},{\"@type\":\"WebPage\",\"@id\":\"https:\/\/www.revue3emillenaire.com\/blog\/lhomme-en-mutation-evolution-et-mutation-par-maurice-lambilliotte\/\",\"url\":\"https:\/\/www.revue3emillenaire.com\/blog\/lhomme-en-mutation-evolution-et-mutation-par-maurice-lambilliotte\/\",\"name\":\"L'Homme en mutation - \u00c9volution et Mutation par Maurice Lambilliotte - 3e mill\u00e9naire - Spiritualit\u00e9 - Connaissance de soi - Non-dualit\u00e9 - M\u00e9ditation\",\"isPartOf\":{\"@id\":\"https:\/\/www.revue3emillenaire.com\/blog\/#website\"},\"datePublished\":\"2010-08-22T12:52:47+00:00\",\"dateModified\":\"2011-10-01T00:39:06+00:00\",\"author\":{\"@id\":\"https:\/\/www.revue3emillenaire.com\/blog\/#\/schema\/person\/9a3a7cc4ccaa707f402d4394327106d5\"},\"breadcrumb\":{\"@id\":\"https:\/\/www.revue3emillenaire.com\/blog\/lhomme-en-mutation-evolution-et-mutation-par-maurice-lambilliotte\/#breadcrumb\"},\"inLanguage\":\"fr-FR\",\"potentialAction\":[{\"@type\":\"ReadAction\",\"target\":[\"https:\/\/www.revue3emillenaire.com\/blog\/lhomme-en-mutation-evolution-et-mutation-par-maurice-lambilliotte\/\"]}]},{\"@type\":\"BreadcrumbList\",\"@id\":\"https:\/\/www.revue3emillenaire.com\/blog\/lhomme-en-mutation-evolution-et-mutation-par-maurice-lambilliotte\/#breadcrumb\",\"itemListElement\":[{\"@type\":\"ListItem\",\"position\":1,\"name\":\"Accueil\",\"item\":\"https:\/\/www.revue3emillenaire.com\/blog\/\"},{\"@type\":\"ListItem\",\"position\":2,\"name\":\"L&rsquo;Homme en mutation &#8211; \u00c9volution et Mutation par Maurice Lambilliotte\"}]},{\"@type\":\"WebSite\",\"@id\":\"https:\/\/www.revue3emillenaire.com\/blog\/#website\",\"url\":\"https:\/\/www.revue3emillenaire.com\/blog\/\",\"name\":\"3e mill\u00e9naire - Spiritualit\u00e9 - Connaissance de soi - Non-dualit\u00e9 - M\u00e9ditation\",\"description\":\"L&#039;Homme en devenir\",\"potentialAction\":[{\"@type\":\"SearchAction\",\"target\":{\"@type\":\"EntryPoint\",\"urlTemplate\":\"https:\/\/www.revue3emillenaire.com\/blog\/?s={search_term_string}\"},\"query-input\":{\"@type\":\"PropertyValueSpecification\",\"valueRequired\":true,\"valueName\":\"search_term_string\"}}],\"inLanguage\":\"fr-FR\"},{\"@type\":\"Person\",\"@id\":\"https:\/\/www.revue3emillenaire.com\/blog\/#\/schema\/person\/9a3a7cc4ccaa707f402d4394327106d5\",\"name\":\"3e mill\u00e9naire\",\"url\":\"https:\/\/www.revue3emillenaire.com\/blog\/author\/admin\/\"}]}<\/script>\n<!-- \/ Yoast SEO plugin. -->","yoast_head_json":{"title":"L'Homme en mutation - \u00c9volution et Mutation par Maurice Lambilliotte - 3e mill\u00e9naire - Spiritualit\u00e9 - Connaissance de soi - Non-dualit\u00e9 - M\u00e9ditation","robots":{"index":"index","follow":"follow","max-snippet":"max-snippet:-1","max-image-preview":"max-image-preview:large","max-video-preview":"max-video-preview:-1"},"canonical":"https:\/\/www.revue3emillenaire.com\/blog\/lhomme-en-mutation-evolution-et-mutation-par-maurice-lambilliotte\/","og_locale":"fr_FR","og_type":"article","og_title":"L'Homme en mutation - \u00c9volution et Mutation par Maurice Lambilliotte - 3e mill\u00e9naire - Spiritualit\u00e9 - Connaissance de soi - Non-dualit\u00e9 - M\u00e9ditation","og_description":"La mutation autour et au del\u00e0 du mental que nous entrevoyons ici, ne s'inscrit donc pas n\u00e9cessairement dans le sens d'un appauvrissement de l'homme, ni dans celui d'une ablation de ses facult\u00e9s, mais bien dans celui d'une lib\u00e9ration \u00e0 l'\u00e9gard de la tyrannie de nos constructions mentales et de leur pr\u00e9tention \u00e0 une connaissance ou \u00e0 une situation de nous qui leur est interdite, en raison m\u00eame de leur processus de dualisation. Lib\u00e9ration, int\u00e9rieure cela va sans dire \u00e0 l'\u00e9gard aussi de notions comme celles d'espace et de temps, qui ne sont non plus que de simples projections mentales au d\u00e9part d'une connaissance sensorielle, sans autre valeur que celle d'un reflet, d'une \u00e9quation mouvante avec un imm\u00e9diat, effac\u00e9 presque aussit\u00f4t qu'apparu.","og_url":"https:\/\/www.revue3emillenaire.com\/blog\/lhomme-en-mutation-evolution-et-mutation-par-maurice-lambilliotte\/","og_site_name":"3e mill\u00e9naire - Spiritualit\u00e9 - Connaissance de soi - Non-dualit\u00e9 - M\u00e9ditation","article_published_time":"2010-08-22T12:52:47+00:00","article_modified_time":"2011-10-01T00:39:06+00:00","author":"3e mill\u00e9naire","twitter_card":"summary_large_image","twitter_misc":{"\u00c9crit par":"3e mill\u00e9naire","Dur\u00e9e de lecture estim\u00e9e":"24 minutes"},"schema":{"@context":"https:\/\/schema.org","@graph":[{"@type":"Article","@id":"https:\/\/www.revue3emillenaire.com\/blog\/lhomme-en-mutation-evolution-et-mutation-par-maurice-lambilliotte\/#article","isPartOf":{"@id":"https:\/\/www.revue3emillenaire.com\/blog\/lhomme-en-mutation-evolution-et-mutation-par-maurice-lambilliotte\/"},"author":{"name":"3e mill\u00e9naire","@id":"https:\/\/www.revue3emillenaire.com\/blog\/#\/schema\/person\/9a3a7cc4ccaa707f402d4394327106d5"},"headline":"L&rsquo;Homme en mutation &#8211; \u00c9volution et Mutation par Maurice Lambilliotte","datePublished":"2010-08-22T12:52:47+00:00","dateModified":"2011-10-01T00:39:06+00:00","mainEntityOfPage":{"@id":"https:\/\/www.revue3emillenaire.com\/blog\/lhomme-en-mutation-evolution-et-mutation-par-maurice-lambilliotte\/"},"wordCount":4890,"keywords":["Conscience","\u00c9volution","Mutation","Teilhard"],"articleSection":["Lambilliotte Maurice"],"inLanguage":"fr-FR"},{"@type":"WebPage","@id":"https:\/\/www.revue3emillenaire.com\/blog\/lhomme-en-mutation-evolution-et-mutation-par-maurice-lambilliotte\/","url":"https:\/\/www.revue3emillenaire.com\/blog\/lhomme-en-mutation-evolution-et-mutation-par-maurice-lambilliotte\/","name":"L'Homme en mutation - \u00c9volution et Mutation par Maurice Lambilliotte - 3e mill\u00e9naire - Spiritualit\u00e9 - Connaissance de soi - Non-dualit\u00e9 - M\u00e9ditation","isPartOf":{"@id":"https:\/\/www.revue3emillenaire.com\/blog\/#website"},"datePublished":"2010-08-22T12:52:47+00:00","dateModified":"2011-10-01T00:39:06+00:00","author":{"@id":"https:\/\/www.revue3emillenaire.com\/blog\/#\/schema\/person\/9a3a7cc4ccaa707f402d4394327106d5"},"breadcrumb":{"@id":"https:\/\/www.revue3emillenaire.com\/blog\/lhomme-en-mutation-evolution-et-mutation-par-maurice-lambilliotte\/#breadcrumb"},"inLanguage":"fr-FR","potentialAction":[{"@type":"ReadAction","target":["https:\/\/www.revue3emillenaire.com\/blog\/lhomme-en-mutation-evolution-et-mutation-par-maurice-lambilliotte\/"]}]},{"@type":"BreadcrumbList","@id":"https:\/\/www.revue3emillenaire.com\/blog\/lhomme-en-mutation-evolution-et-mutation-par-maurice-lambilliotte\/#breadcrumb","itemListElement":[{"@type":"ListItem","position":1,"name":"Accueil","item":"https:\/\/www.revue3emillenaire.com\/blog\/"},{"@type":"ListItem","position":2,"name":"L&rsquo;Homme en mutation &#8211; \u00c9volution et Mutation par Maurice Lambilliotte"}]},{"@type":"WebSite","@id":"https:\/\/www.revue3emillenaire.com\/blog\/#website","url":"https:\/\/www.revue3emillenaire.com\/blog\/","name":"3e mill\u00e9naire - Spiritualit\u00e9 - Connaissance de soi - Non-dualit\u00e9 - M\u00e9ditation","description":"L&#039;Homme en devenir","potentialAction":[{"@type":"SearchAction","target":{"@type":"EntryPoint","urlTemplate":"https:\/\/www.revue3emillenaire.com\/blog\/?s={search_term_string}"},"query-input":{"@type":"PropertyValueSpecification","valueRequired":true,"valueName":"search_term_string"}}],"inLanguage":"fr-FR"},{"@type":"Person","@id":"https:\/\/www.revue3emillenaire.com\/blog\/#\/schema\/person\/9a3a7cc4ccaa707f402d4394327106d5","name":"3e mill\u00e9naire","url":"https:\/\/www.revue3emillenaire.com\/blog\/author\/admin\/"}]}},"_links":{"self":[{"href":"https:\/\/www.revue3emillenaire.com\/blog\/wp-json\/wp\/v2\/posts\/4328","targetHints":{"allow":["GET"]}}],"collection":[{"href":"https:\/\/www.revue3emillenaire.com\/blog\/wp-json\/wp\/v2\/posts"}],"about":[{"href":"https:\/\/www.revue3emillenaire.com\/blog\/wp-json\/wp\/v2\/types\/post"}],"author":[{"embeddable":true,"href":"https:\/\/www.revue3emillenaire.com\/blog\/wp-json\/wp\/v2\/users\/1"}],"replies":[{"embeddable":true,"href":"https:\/\/www.revue3emillenaire.com\/blog\/wp-json\/wp\/v2\/comments?post=4328"}],"version-history":[{"count":0,"href":"https:\/\/www.revue3emillenaire.com\/blog\/wp-json\/wp\/v2\/posts\/4328\/revisions"}],"wp:attachment":[{"href":"https:\/\/www.revue3emillenaire.com\/blog\/wp-json\/wp\/v2\/media?parent=4328"}],"wp:term":[{"taxonomy":"category","embeddable":true,"href":"https:\/\/www.revue3emillenaire.com\/blog\/wp-json\/wp\/v2\/categories?post=4328"},{"taxonomy":"post_tag","embeddable":true,"href":"https:\/\/www.revue3emillenaire.com\/blog\/wp-json\/wp\/v2\/tags?post=4328"}],"curies":[{"name":"wp","href":"https:\/\/api.w.org\/{rel}","templated":true}]}}