{"id":4378,"date":"2010-08-22T13:54:46","date_gmt":"2010-08-22T12:54:46","guid":{"rendered":"http:\/\/www.revue3emillenaire.com\/blog\/?p=4378"},"modified":"2011-10-06T04:16:33","modified_gmt":"2011-10-06T03:16:33","slug":"a-la-decouverte-de-soi-par-claude-bolle","status":"publish","type":"post","link":"https:\/\/www.revue3emillenaire.com\/blog\/a-la-decouverte-de-soi-par-claude-bolle\/","title":{"rendered":"A la d\u00e9couverte de soi par Claude Bolle"},"content":{"rendered":"<p style=\"text-align: justify;\">(Revue Spiritualit\u00e9. No 48-49. Novembre-D\u00e9cembre 1948)<\/p>\n<p style=\"text-align: justify;\">\n<p style=\"text-align: justify;\">Nous \u00e9prouvons souvent, dans notre vie quotidienne, le besoin de critiquer et de juger assez s\u00e9v\u00e8rement notre prochain. C&rsquo;est l\u00e0 un fait propre \u00e0 l&rsquo;imperfection de la nature humaine.<\/p>\n<p style=\"text-align: justify;\">\n<p style=\"text-align: justify;\">Si nous cherchions \u00e0 mieux nous conna\u00eetre et nous comprendre nous serions surpris de constater avec quelle immense l\u00e9g\u00e8ret\u00e9 nous professons de telles pens\u00e9es vis-\u00e0-vis d&rsquo;autrui.<\/p>\n<p style=\"text-align: justify;\">\n<p style=\"text-align: justify;\">Quand notre conscience la plus d\u00e9sint\u00e9ress\u00e9e balaie les sombres profondeurs de notre subconscient, une foule de d\u00e9fauts et d&rsquo;impuret\u00e9s commencent \u00e0 r\u00e9v\u00e9ler leur pr\u00e9sence n\u00e9faste.<\/p>\n<p style=\"text-align: justify;\">\n<p style=\"text-align: justify;\">Certes, il n&rsquo;est pas facile de d\u00e9couvrir en soi-m\u00eame les monstres qui peuplent les r\u00e9gions obscures de l&rsquo;\u00e2me, parce que le mal qui g\u00eet en nous s&rsquo;identifie si fort \u00e0 notre nature, \u00e0 notre mani\u00e8re d&rsquo;\u00eatre, que nous ne r\u00e9alisons pas, le plus souvent, les effets d\u00e9sastreux qu&rsquo;il peut r\u00e9pandre autour de nous.<\/p>\n<p style=\"text-align: justify;\">\n<p style=\"text-align: justify;\">Cependant nos proches et tous ceux qui partagent notre vie de tous les jours subissent, dans toute leur acuit\u00e9, les cons\u00e9quences de notre caract\u00e8re, de nos manies, de nos petites habitudes.<\/p>\n<p style=\"text-align: justify;\">\n<p style=\"text-align: justify;\">Aux reproches qu&rsquo;ils nous font, nous pr\u00e9f\u00e9rons rester sourds et au lieu d&rsquo;accueillir leurs plaintes avec attention et de leur accorder la valeur d&rsquo;une indication sur la voie de la d\u00e9couverte de nous-m\u00eame, nous nous f\u00e2chons, nous offensons ou prenons le parti de nous replier sur nous-m\u00eame, jouant \u00e0 l&rsquo;incompris et professons alors bien haut que la vie est une \u00e9ternelle lutte, \u00e0 mener avec courage jusqu&rsquo;au bout et qu&rsquo;un homme ne doit pas se laisser berner par un plus malin que soi. C&rsquo;est une fa\u00e7on tr\u00e8s fr\u00e9quente d&rsquo;envisager les choses.<\/p>\n<p style=\"text-align: justify;\">\n<p style=\"text-align: justify;\">Si, dans le courant de l&rsquo;\u00e9preuve quotidienne nous sommes amen\u00e9s \u00e0 appr\u00e9hender confus\u00e9ment la pr\u00e9sence d&rsquo;un de nos d\u00e9fauts, ce timide essai de mise \u00e0 nu se trouve imm\u00e9diatement recouvert par notre soif effrayante de nous affirmer, de nous imposer comme un \u00eatre qui se croit parfait et notre inconsciente mauvaise foi \u00e9limine aussit\u00f4t de notre conscience la silhouette du mal qui commen\u00e7ait \u00e0 se dessiner.<\/p>\n<p style=\"text-align: justify;\">\n<p style=\"text-align: justify;\">Ainsi plut\u00f4t que de s&#8217;employer au d\u00e9pistage de nos propres travers, l&rsquo;esprit pr\u00e9f\u00e8re se retourner au dehors en qu\u00eate de victimes. Il cherchera, et d\u00e8s lors &#8211; il trouvera toujours l&rsquo;occasion de condamner, de critiquer et de diffamer ce que l&rsquo;on a fait autour de lui. Sinon sa calomnie, se g\u00e9n\u00e9ralisant faute de proie suffisamment imm\u00e9diate il adoptera le ton d&rsquo;une critique id\u00e9ologique dirig\u00e9e contre un parti, une nation ou un chef, ou son ressentiment s&rsquo;attaquera \u00e0 des conceptions plus vastes encore, \u00e0 la nature humaine par exemple ou \u00e0 la le\u00e7on de la vie.<\/p>\n<p style=\"text-align: justify;\">\n<p style=\"text-align: justify;\">Ainsi la plupart des hommes, croulant sous le poids de leurs nombreux d\u00e9fauts et aveugl\u00e9s par l&rsquo;erreur et leur volont\u00e9 de puissance multiplient et nourrissent les horribles vip\u00e8res de leur subconscient, qui se repaissent avec avidit\u00e9 des mauvaises pens\u00e9es qu&rsquo;ils entretiennent \u00e0 l&rsquo;\u00e9gard du prochain. C&rsquo;est ainsi que notre jugement se limite, perd de son ampleur, de sa largesse et de sa g\u00e9n\u00e9rosit\u00e9 et se ferme peu \u00e0 peu \u00e0 la compr\u00e9hension de la vie spontan\u00e9e.<\/p>\n<p style=\"text-align: justify;\">\n<p style=\"text-align: justify;\">Le renforcement de notre petit \u00ab moi \u00bb dans un sens bien d\u00e9termin\u00e9 s&rsquo;accentue par lui-m\u00eame. C&rsquo;est donc bien ici, la loi du Kharma, loi par laquelle un \u00eatre r\u00e9colte toujours ce qu&rsquo;il s\u00e8me. Si nous persistons dans nos erreurs celles-ci nous pousserons davantage vers d&rsquo;autres erreurs plus absolues, plus n\u00e9gatives encore.<\/p>\n<p style=\"text-align: justify;\">\n<p style=\"text-align: justify;\">Il me semble qu&rsquo;on peut distinguer deux sortes de Kharmas; l&rsquo;un s&rsquo;exprimant d&rsquo;une fa\u00e7on subjective, l&rsquo;autre d&rsquo;une fa\u00e7on objective.<\/p>\n<p style=\"text-align: justify;\">\n<p style=\"text-align: justify;\">Le premier puise sa raison d&rsquo;\u00eatre dans notre mani\u00e8re d&rsquo;aborder et de comprendre la vie. C&rsquo;est le plus r\u00e9el et le plus profond.<\/p>\n<p style=\"text-align: justify;\">\n<p style=\"text-align: justify;\">Le second se justifie par l&rsquo;influence de notre propre nature sur la nature des \u00e9v\u00e9nements qui lui ressemblent et qui r\u00e9pondent curieusement \u00e0 ses caract\u00e9ristiques personnelles, tout comme certains corps agissent par attraction ou r\u00e9pulsion sur d&rsquo;autres, ainsi l&rsquo;aimant appelant la limaille de fer, l&rsquo;\u00e9bonite, les fines particules de poussi\u00e8re.<\/p>\n<p style=\"text-align: justify;\">\n<p style=\"text-align: justify;\">C&rsquo;est pourquoi notre existence se meuble des \u00e9preuves ad\u00e9quates aux propri\u00e9t\u00e9s morales, mentales et psychiques de notre individualit\u00e9 cependant qu&rsquo;elle se r\u00e9v\u00e8le ainsi suivant le point de vue duquel nous daignons l&rsquo;accoster.<\/p>\n<p style=\"text-align: justify;\">\n<p style=\"text-align: justify;\">Puisque nos d\u00e9fauts se nourrissent ainsi de tout le mal que nous pouvons faire et exprimer, en acte, en parole, comme en pens\u00e9e, ne ferions-nous pas mieux de nous ouvrir plus sinc\u00e8rement au monde, plut\u00f4t que de persister dans notre isolement \u00e9gocentrique ?<\/p>\n<p style=\"text-align: justify;\">\n<p style=\"text-align: justify;\">Autrement dit, ne devrions-nous pas accepter plus impartialement la critique formul\u00e9e par autrui, au lieu de nous rebiffer, obstin\u00e9ment, pour opposer aux remarques qu&rsquo;on nous fait une foule d&rsquo;arguments prouvant notre innocence. Aurons-nous jamais raison si notre c\u0153ur reste impur et notre esprit calculateur ? M\u00eame si, dans la vie quotidienne, nous avons la conviction d&rsquo;avoir raison en d\u00e9pit des doutes que notre entourage peut y opposer m\u00eame alors toute justification de notre part est une limitation, un calcul, un \u00e9go\u00efsme, et par cons\u00e9quent un obstacle dangereux \u00e0 la Vie, qui se charge bien, sans le concours de nos preuves, de montrer o\u00f9 la raison se trouve.<\/p>\n<p style=\"text-align: justify;\">\n<p style=\"text-align: justify;\">Quand l&rsquo;impuret\u00e9 et l&rsquo;\u00e9gocentrisme de notre esprit nous fait \u00e0 tout propos porter des jugements en mal sur autrui, non seulement nous nous assombrissons l&rsquo;existence, mais nous devenons de plus un \u00e9l\u00e9ment de d\u00e9sint\u00e9gration et de trouble au sein du groupe o\u00f9 nous vivons. Tandis qu&rsquo;un \u00eatre bienveillant, au contraire, par la compr\u00e9hension et la cordiale sinc\u00e9rit\u00e9 dont sont empreints tous ses contacts humains, n&rsquo;engendre autour de lui que relations aimables, naturelles, douces et bienveillantes, qui renforcent et confirment pour lui les pens\u00e9es g\u00e9n\u00e9reuses dont il enveloppait, \u00e0 priori, l&rsquo;humanit\u00e9. La pratique de l&rsquo;honn\u00eatet\u00e9 et de la bienveillance est non seulement une vertu, mais aussi une marque d&rsquo;intelligence. Car nous ne savons pas le tort que nous nous faisons, \u00e0 tous points de vue, en distillant de mauvaises pens\u00e9es. Car c&rsquo;est la mesquinerie et l&rsquo;\u00e9go\u00efsme r\u00e9tr\u00e9cissant notre nature qui rendent celle-ci inapte \u00e0 la communion de pens\u00e9e et de sentiment qui m\u00e8nerait \u00e0 l&rsquo;\u00e9dification d&rsquo;un monde meilleur.<\/p>\n<p style=\"text-align: justify;\">\n<p style=\"text-align: justify;\">La vie en commun nous offre donc de larges possibilit\u00e9s d&rsquo;am\u00e9lioration. Dans l&rsquo;isolement, en effet, personne ne se trouve constamment l\u00e0 pour nous signaler nos fautes, nos manquements, nos faiblesses, nos d\u00e9fauts. Tandis que dans les grandes familles et tous les groupes nombreux, la vie quotidienne offre pour nous aider \u00e0 mieux nous conna\u00eetre, une richesse inou\u00efe d&rsquo;occasions. C&rsquo;est du choc des \u00e9go\u00efsmes que nait souvent la compr\u00e9hension de nos limitations.<\/p>\n<p style=\"text-align: justify;\">\n<p style=\"text-align: justify;\">Nous croyons trop souvent que les grands \u00e9v\u00e9nements seuls, peuvent nous m\u00fbrir et nous apporter la compr\u00e9hension. Certes, les grandes \u00e9preuves nous enrichissent consid\u00e9rablement mais elles ne le font que dans la mesure o\u00f9 nous sommes d\u00e9j\u00e0 assez m\u00fbrs pour nous laisser envahir par la souffrance et comprendre sa signification&#8230; Pourtant, ne cherchons pas syst\u00e9matiquement l&rsquo;aventure le sacrifice, ni la souffrance car nous pourrions courir le risque de tomber dans une morbidit\u00e9 dangereuse. Chaque jour, chaque instant nous apporte son humble le\u00e7on. Nous aspirons \u00e0 devenir ministre, savant, acteur ou \u00e9crivain parce que nous nous imaginons parfois qu&rsquo;il faut \u00eatre nanti d&rsquo;un titre de ce genre pour conna\u00eetre la vraie signification du verbe \u00ab\u00a0vivre \u00bb. Mais on voit fr\u00e9quemment des hommes haut plac\u00e9s par le rang ou le titre se conduire en vrais tyrans pour les leurs, ou agir dans l&rsquo;intimit\u00e9 comme des enfants g\u00e2t\u00e9s, incapables de supporter la moindre contrari\u00e9t\u00e9.<\/p>\n<p style=\"text-align: justify;\">\n<p style=\"text-align: justify;\">En v\u00e9rit\u00e9, il existe un monde entre les actions d&rsquo;\u00e9clat et les actes simples et profonds, entre la pens\u00e9e logique et la pens\u00e9e profonde, compl\u00e8te. Il est des jours o\u00f9 nous nous surprenons dans nos faiblesses et o\u00f9 nous fr\u00e9missons de constater avec quelle d\u00e9sinvolture nous sommes capables de parler d&rsquo;amour, de charit\u00e9 et de connaissance de soi. Autant de mots inclus dans un raisonnement intellectuellement juste, mais humainement vides de tout contenu spirituel.<\/p>\n<p style=\"text-align: right;\">Claude BOLLE<\/p>\n<p style=\"text-align: justify;\">\n","protected":false},"excerpt":{"rendered":"<p>Si, dans le courant de l&rsquo;\u00e9preuve quotidienne nous sommes amen\u00e9s \u00e0 appr\u00e9hender confus\u00e9ment la pr\u00e9sence d&rsquo;un de nos d\u00e9fauts, ce timide essai de mise \u00e0 nu se trouve imm\u00e9diatement recouvert par notre soif effrayante de nous affirmer, de nous imposer comme un \u00eatre qui se croit parfait et notre inconsciente mauvaise foi \u00e9limine aussit\u00f4t de notre conscience la silhouette du mal qui commen\u00e7ait \u00e0 se dessiner. Ainsi plut\u00f4t que de s&#8217;employer au d\u00e9pistage de nos propres travers, l&rsquo;esprit pr\u00e9f\u00e8re se retourner au dehors en qu\u00eate de victimes&#8230;<\/p>\n","protected":false},"author":1,"featured_media":0,"comment_status":"closed","ping_status":"closed","sticky":false,"template":"","format":"standard","meta":{"footnotes":""},"categories":[673],"tags":[136],"class_list":["post-4378","post","type-post","status-publish","format-standard","hentry","category-bolle-claude","tag-connaissance-de-soi"],"yoast_head":"<!-- This site is optimized with the Yoast SEO plugin v27.0 - https:\/\/yoast.com\/product\/yoast-seo-wordpress\/ -->\n<title>A la d\u00e9couverte de soi par Claude Bolle - 3e mill\u00e9naire - Spiritualit\u00e9 - Connaissance de soi - Non-dualit\u00e9 - M\u00e9ditation<\/title>\n<meta name=\"robots\" content=\"index, follow, max-snippet:-1, max-image-preview:large, max-video-preview:-1\" \/>\n<link rel=\"canonical\" href=\"https:\/\/www.revue3emillenaire.com\/blog\/a-la-decouverte-de-soi-par-claude-bolle\/\" \/>\n<meta property=\"og:locale\" content=\"fr_FR\" \/>\n<meta property=\"og:type\" content=\"article\" \/>\n<meta property=\"og:title\" content=\"A la d\u00e9couverte de soi par Claude Bolle - 3e mill\u00e9naire - Spiritualit\u00e9 - Connaissance de soi - Non-dualit\u00e9 - M\u00e9ditation\" \/>\n<meta property=\"og:description\" content=\"Si, dans le courant de l&#039;\u00e9preuve quotidienne nous sommes amen\u00e9s \u00e0 appr\u00e9hender confus\u00e9ment la pr\u00e9sence d&#039;un de nos d\u00e9fauts, ce timide essai de mise \u00e0 nu se trouve imm\u00e9diatement recouvert par notre soif effrayante de nous affirmer, de nous imposer comme un \u00eatre qui se croit parfait et notre inconsciente mauvaise foi \u00e9limine aussit\u00f4t de notre conscience la silhouette du mal qui commen\u00e7ait \u00e0 se dessiner. Ainsi plut\u00f4t que de s&#039;employer au d\u00e9pistage de nos propres travers, l&#039;esprit pr\u00e9f\u00e8re se retourner au dehors en qu\u00eate de victimes...\" \/>\n<meta property=\"og:url\" content=\"https:\/\/www.revue3emillenaire.com\/blog\/a-la-decouverte-de-soi-par-claude-bolle\/\" \/>\n<meta property=\"og:site_name\" content=\"3e mill\u00e9naire - Spiritualit\u00e9 - Connaissance de soi - Non-dualit\u00e9 - M\u00e9ditation\" \/>\n<meta property=\"article:published_time\" content=\"2010-08-22T12:54:46+00:00\" \/>\n<meta property=\"article:modified_time\" content=\"2011-10-06T03:16:33+00:00\" \/>\n<meta name=\"author\" content=\"3e mill\u00e9naire\" \/>\n<meta name=\"twitter:card\" content=\"summary_large_image\" \/>\n<meta name=\"twitter:label1\" content=\"\u00c9crit par\" \/>\n\t<meta name=\"twitter:data1\" content=\"3e mill\u00e9naire\" \/>\n\t<meta name=\"twitter:label2\" content=\"Dur\u00e9e de lecture estim\u00e9e\" \/>\n\t<meta name=\"twitter:data2\" content=\"7 minutes\" \/>\n<script type=\"application\/ld+json\" class=\"yoast-schema-graph\">{\"@context\":\"https:\/\/schema.org\",\"@graph\":[{\"@type\":\"Article\",\"@id\":\"https:\/\/www.revue3emillenaire.com\/blog\/a-la-decouverte-de-soi-par-claude-bolle\/#article\",\"isPartOf\":{\"@id\":\"https:\/\/www.revue3emillenaire.com\/blog\/a-la-decouverte-de-soi-par-claude-bolle\/\"},\"author\":{\"name\":\"3e mill\u00e9naire\",\"@id\":\"https:\/\/www.revue3emillenaire.com\/blog\/#\/schema\/person\/9a3a7cc4ccaa707f402d4394327106d5\"},\"headline\":\"A la d\u00e9couverte de soi par Claude Bolle\",\"datePublished\":\"2010-08-22T12:54:46+00:00\",\"dateModified\":\"2011-10-06T03:16:33+00:00\",\"mainEntityOfPage\":{\"@id\":\"https:\/\/www.revue3emillenaire.com\/blog\/a-la-decouverte-de-soi-par-claude-bolle\/\"},\"wordCount\":1404,\"keywords\":[\"connaissance de soi\"],\"articleSection\":[\"Bolle Claude\"],\"inLanguage\":\"fr-FR\"},{\"@type\":\"WebPage\",\"@id\":\"https:\/\/www.revue3emillenaire.com\/blog\/a-la-decouverte-de-soi-par-claude-bolle\/\",\"url\":\"https:\/\/www.revue3emillenaire.com\/blog\/a-la-decouverte-de-soi-par-claude-bolle\/\",\"name\":\"A la d\u00e9couverte de soi par Claude Bolle - 3e mill\u00e9naire - Spiritualit\u00e9 - Connaissance de soi - Non-dualit\u00e9 - M\u00e9ditation\",\"isPartOf\":{\"@id\":\"https:\/\/www.revue3emillenaire.com\/blog\/#website\"},\"datePublished\":\"2010-08-22T12:54:46+00:00\",\"dateModified\":\"2011-10-06T03:16:33+00:00\",\"author\":{\"@id\":\"https:\/\/www.revue3emillenaire.com\/blog\/#\/schema\/person\/9a3a7cc4ccaa707f402d4394327106d5\"},\"breadcrumb\":{\"@id\":\"https:\/\/www.revue3emillenaire.com\/blog\/a-la-decouverte-de-soi-par-claude-bolle\/#breadcrumb\"},\"inLanguage\":\"fr-FR\",\"potentialAction\":[{\"@type\":\"ReadAction\",\"target\":[\"https:\/\/www.revue3emillenaire.com\/blog\/a-la-decouverte-de-soi-par-claude-bolle\/\"]}]},{\"@type\":\"BreadcrumbList\",\"@id\":\"https:\/\/www.revue3emillenaire.com\/blog\/a-la-decouverte-de-soi-par-claude-bolle\/#breadcrumb\",\"itemListElement\":[{\"@type\":\"ListItem\",\"position\":1,\"name\":\"Accueil\",\"item\":\"https:\/\/www.revue3emillenaire.com\/blog\/\"},{\"@type\":\"ListItem\",\"position\":2,\"name\":\"A la d\u00e9couverte de soi par Claude Bolle\"}]},{\"@type\":\"WebSite\",\"@id\":\"https:\/\/www.revue3emillenaire.com\/blog\/#website\",\"url\":\"https:\/\/www.revue3emillenaire.com\/blog\/\",\"name\":\"3e mill\u00e9naire - Spiritualit\u00e9 - Connaissance de soi - Non-dualit\u00e9 - M\u00e9ditation\",\"description\":\"L&#039;Homme en devenir\",\"potentialAction\":[{\"@type\":\"SearchAction\",\"target\":{\"@type\":\"EntryPoint\",\"urlTemplate\":\"https:\/\/www.revue3emillenaire.com\/blog\/?s={search_term_string}\"},\"query-input\":{\"@type\":\"PropertyValueSpecification\",\"valueRequired\":true,\"valueName\":\"search_term_string\"}}],\"inLanguage\":\"fr-FR\"},{\"@type\":\"Person\",\"@id\":\"https:\/\/www.revue3emillenaire.com\/blog\/#\/schema\/person\/9a3a7cc4ccaa707f402d4394327106d5\",\"name\":\"3e mill\u00e9naire\",\"url\":\"https:\/\/www.revue3emillenaire.com\/blog\/author\/admin\/\"}]}<\/script>\n<!-- \/ Yoast SEO plugin. -->","yoast_head_json":{"title":"A la d\u00e9couverte de soi par Claude Bolle - 3e mill\u00e9naire - Spiritualit\u00e9 - Connaissance de soi - Non-dualit\u00e9 - M\u00e9ditation","robots":{"index":"index","follow":"follow","max-snippet":"max-snippet:-1","max-image-preview":"max-image-preview:large","max-video-preview":"max-video-preview:-1"},"canonical":"https:\/\/www.revue3emillenaire.com\/blog\/a-la-decouverte-de-soi-par-claude-bolle\/","og_locale":"fr_FR","og_type":"article","og_title":"A la d\u00e9couverte de soi par Claude Bolle - 3e mill\u00e9naire - Spiritualit\u00e9 - Connaissance de soi - Non-dualit\u00e9 - M\u00e9ditation","og_description":"Si, dans le courant de l'\u00e9preuve quotidienne nous sommes amen\u00e9s \u00e0 appr\u00e9hender confus\u00e9ment la pr\u00e9sence d'un de nos d\u00e9fauts, ce timide essai de mise \u00e0 nu se trouve imm\u00e9diatement recouvert par notre soif effrayante de nous affirmer, de nous imposer comme un \u00eatre qui se croit parfait et notre inconsciente mauvaise foi \u00e9limine aussit\u00f4t de notre conscience la silhouette du mal qui commen\u00e7ait \u00e0 se dessiner. Ainsi plut\u00f4t que de s'employer au d\u00e9pistage de nos propres travers, l'esprit pr\u00e9f\u00e8re se retourner au dehors en qu\u00eate de victimes...","og_url":"https:\/\/www.revue3emillenaire.com\/blog\/a-la-decouverte-de-soi-par-claude-bolle\/","og_site_name":"3e mill\u00e9naire - Spiritualit\u00e9 - Connaissance de soi - Non-dualit\u00e9 - M\u00e9ditation","article_published_time":"2010-08-22T12:54:46+00:00","article_modified_time":"2011-10-06T03:16:33+00:00","author":"3e mill\u00e9naire","twitter_card":"summary_large_image","twitter_misc":{"\u00c9crit par":"3e mill\u00e9naire","Dur\u00e9e de lecture estim\u00e9e":"7 minutes"},"schema":{"@context":"https:\/\/schema.org","@graph":[{"@type":"Article","@id":"https:\/\/www.revue3emillenaire.com\/blog\/a-la-decouverte-de-soi-par-claude-bolle\/#article","isPartOf":{"@id":"https:\/\/www.revue3emillenaire.com\/blog\/a-la-decouverte-de-soi-par-claude-bolle\/"},"author":{"name":"3e mill\u00e9naire","@id":"https:\/\/www.revue3emillenaire.com\/blog\/#\/schema\/person\/9a3a7cc4ccaa707f402d4394327106d5"},"headline":"A la d\u00e9couverte de soi par Claude Bolle","datePublished":"2010-08-22T12:54:46+00:00","dateModified":"2011-10-06T03:16:33+00:00","mainEntityOfPage":{"@id":"https:\/\/www.revue3emillenaire.com\/blog\/a-la-decouverte-de-soi-par-claude-bolle\/"},"wordCount":1404,"keywords":["connaissance de soi"],"articleSection":["Bolle Claude"],"inLanguage":"fr-FR"},{"@type":"WebPage","@id":"https:\/\/www.revue3emillenaire.com\/blog\/a-la-decouverte-de-soi-par-claude-bolle\/","url":"https:\/\/www.revue3emillenaire.com\/blog\/a-la-decouverte-de-soi-par-claude-bolle\/","name":"A la d\u00e9couverte de soi par Claude Bolle - 3e mill\u00e9naire - Spiritualit\u00e9 - Connaissance de soi - Non-dualit\u00e9 - M\u00e9ditation","isPartOf":{"@id":"https:\/\/www.revue3emillenaire.com\/blog\/#website"},"datePublished":"2010-08-22T12:54:46+00:00","dateModified":"2011-10-06T03:16:33+00:00","author":{"@id":"https:\/\/www.revue3emillenaire.com\/blog\/#\/schema\/person\/9a3a7cc4ccaa707f402d4394327106d5"},"breadcrumb":{"@id":"https:\/\/www.revue3emillenaire.com\/blog\/a-la-decouverte-de-soi-par-claude-bolle\/#breadcrumb"},"inLanguage":"fr-FR","potentialAction":[{"@type":"ReadAction","target":["https:\/\/www.revue3emillenaire.com\/blog\/a-la-decouverte-de-soi-par-claude-bolle\/"]}]},{"@type":"BreadcrumbList","@id":"https:\/\/www.revue3emillenaire.com\/blog\/a-la-decouverte-de-soi-par-claude-bolle\/#breadcrumb","itemListElement":[{"@type":"ListItem","position":1,"name":"Accueil","item":"https:\/\/www.revue3emillenaire.com\/blog\/"},{"@type":"ListItem","position":2,"name":"A la d\u00e9couverte de soi par Claude Bolle"}]},{"@type":"WebSite","@id":"https:\/\/www.revue3emillenaire.com\/blog\/#website","url":"https:\/\/www.revue3emillenaire.com\/blog\/","name":"3e mill\u00e9naire - Spiritualit\u00e9 - Connaissance de soi - Non-dualit\u00e9 - M\u00e9ditation","description":"L&#039;Homme en devenir","potentialAction":[{"@type":"SearchAction","target":{"@type":"EntryPoint","urlTemplate":"https:\/\/www.revue3emillenaire.com\/blog\/?s={search_term_string}"},"query-input":{"@type":"PropertyValueSpecification","valueRequired":true,"valueName":"search_term_string"}}],"inLanguage":"fr-FR"},{"@type":"Person","@id":"https:\/\/www.revue3emillenaire.com\/blog\/#\/schema\/person\/9a3a7cc4ccaa707f402d4394327106d5","name":"3e mill\u00e9naire","url":"https:\/\/www.revue3emillenaire.com\/blog\/author\/admin\/"}]}},"_links":{"self":[{"href":"https:\/\/www.revue3emillenaire.com\/blog\/wp-json\/wp\/v2\/posts\/4378","targetHints":{"allow":["GET"]}}],"collection":[{"href":"https:\/\/www.revue3emillenaire.com\/blog\/wp-json\/wp\/v2\/posts"}],"about":[{"href":"https:\/\/www.revue3emillenaire.com\/blog\/wp-json\/wp\/v2\/types\/post"}],"author":[{"embeddable":true,"href":"https:\/\/www.revue3emillenaire.com\/blog\/wp-json\/wp\/v2\/users\/1"}],"replies":[{"embeddable":true,"href":"https:\/\/www.revue3emillenaire.com\/blog\/wp-json\/wp\/v2\/comments?post=4378"}],"version-history":[{"count":0,"href":"https:\/\/www.revue3emillenaire.com\/blog\/wp-json\/wp\/v2\/posts\/4378\/revisions"}],"wp:attachment":[{"href":"https:\/\/www.revue3emillenaire.com\/blog\/wp-json\/wp\/v2\/media?parent=4378"}],"wp:term":[{"taxonomy":"category","embeddable":true,"href":"https:\/\/www.revue3emillenaire.com\/blog\/wp-json\/wp\/v2\/categories?post=4378"},{"taxonomy":"post_tag","embeddable":true,"href":"https:\/\/www.revue3emillenaire.com\/blog\/wp-json\/wp\/v2\/tags?post=4378"}],"curies":[{"name":"wp","href":"https:\/\/api.w.org\/{rel}","templated":true}]}}