{"id":4408,"date":"2010-08-27T03:44:11","date_gmt":"2010-08-27T02:44:11","guid":{"rendered":"http:\/\/www.revue3emillenaire.com\/blog\/?p=4408"},"modified":"2011-10-01T01:40:41","modified_gmt":"2011-10-01T00:40:41","slug":"les-paradis-conte-bouddhique-par-jean-emile-piron","status":"publish","type":"post","link":"https:\/\/www.revue3emillenaire.com\/blog\/les-paradis-conte-bouddhique-par-jean-emile-piron\/","title":{"rendered":"Les paradis: Conte Bouddhique par Jean-\u00c9mile Piron"},"content":{"rendered":"<p style=\"text-align: justify;\">(Revue Spiritualit\u00e9. No 81-82-83. F\u00e9vrier-Avril 1952)<\/p>\n<p style=\"text-align: justify;\">\n<p style=\"text-align: justify;\"><strong>CONTE BOUDDHIQUE<\/strong><\/p>\n<p style=\"text-align: justify;\">\n<p style=\"text-align: justify;\">\u00ab\u00a0Un jour, me dit mon \u00e2me, je sentis que je devenais clairvoyante et que je vivais chacune des exp\u00e9riences de l&rsquo;humanit\u00e9. C&rsquo;\u00e9tait pr\u00e8s de la vasque d&rsquo;une fontaine sculpt\u00e9e : j&rsquo;y r\u00eavais aux lieux o\u00f9 le ciel, la terre et la mer se rejoignent. Je me pris \u00e0 dormir, les yeux errant sur l&rsquo;eau qui cessa de couler, et entrai en songe dans une petite salle basse couverte de tapis illustrant de couleurs vives les sc\u00e8nes les plus fameuses de la vie de Krishna. Pr\u00e8s d&rsquo;une petite table en bois de santal, je vis, accroupi, un homme que je devinai aussit\u00f4t \u00eatre un magicien \u00e0 son regard retourn\u00e9 en lui-m\u00eame. Il pr\u00e9parait lentement des pipes de vieil ivoire qu&rsquo;il alluma et distribua \u00e0 deux femmes et six hommes qui venaient d&rsquo;entrer et s&rsquo;\u00e9taient \u00e9tendus, sans mot dire, sur les tapis.<\/p>\n<p style=\"text-align: justify;\">\n<p style=\"text-align: justify;\">Vous avez, leur dit-il, voulu que je vous fasse go\u00fbter au suc de ces pavots magiques qui, avant notre mort, nous font \u00e9prouver, durant quelques heures, les joies du paradis, de cet \u00e9tat o\u00f9 nos aspirations et nos d\u00e9sirs sont enfin libres et ne se heurtent plus aux app\u00e9tits et aux tendances contraires des autres hommes. Vous y verrez un monde pareil \u00e0 vous-m\u00eame. \u00bb<\/p>\n<p style=\"text-align: justify;\">\n<p style=\"text-align: justify;\">Je les vis fumer lentement et aspirer, les yeux mi-clos, l&rsquo;opium parfum\u00e9 de leurs pipes jaunies jusqu&rsquo;au lent assoupissement dans l&rsquo;harmonie int\u00e9rieure.<\/p>\n<p style=\"text-align: justify;\">\n<p style=\"text-align: justify;\">Le temps avait pass\u00e9 et le magicien dut rallumer la lampe qui s&rsquo;\u00e9tait \u00e9teinte, tandis que les dormeurs se r\u00e9veillaient un \u00e0 un.<\/p>\n<p style=\"text-align: justify;\">\n<p style=\"text-align: justify;\">\u00ab\u00a0Quel effroyable cauchemar, g\u00e9mit alors un des fumeurs, dont l&rsquo;allure paraissait celle un guerrier. J&rsquo;ai vu l&rsquo;humanit\u00e9 enti\u00e8re prise de fr\u00e9n\u00e9sie sous un soleil pourpre et d\u00e9mesur\u00e9ment agrandi. Les hommes, les femmes, les enfants et les vieillards m\u00eame se battaient, sans plan et sans mesure, avec des lances, des couteaux, des b\u00e2tons. Le sol \u00e9tait chaud et il en montait une poussi\u00e8re rouge. Bient\u00f4t les armes furent bris\u00e9es, mais le massacre horrible continua, avec une rage accrue, au moyen de pierres, puis avec les poings et les dents. Je remarquai alors que le disque du soleil s&rsquo;accroissait. La poussi\u00e8re chaude eut un go\u00fbt de sueur et de sang, tandis que les hurlements du d\u00e9but faisaient place \u00e0 un r\u00e2le sourd et profond. Tous les combattants gisaient maintenant sur le sol. Alors, les bras bris\u00e9s, les t\u00eates fendues et les corps mutil\u00e9s et meurtris se soulev\u00e8rent et s&rsquo;entrechoqu\u00e8rent avec violence. Le soleil sanglant s&rsquo;\u00e9tendait toujours dans le ciel. Toute cette chair palpitait encore, noy\u00e9e d\u00e9j\u00e0 dans l&rsquo;astre immense, quand je me suis r\u00e9veill\u00e9. \u00bb<\/p>\n<p style=\"text-align: justify;\">\n<p style=\"text-align: justify;\">\u2014 Et toi, le marchand, qu&rsquo;as-tu vu ?<\/p>\n<p style=\"text-align: justify;\">\n<p style=\"text-align: justify;\">\u2014 J&rsquo;ai vu de riches \u00e9toffes passer de main en main et atteindre des valeurs fabuleuses. Des gens mouraient de faim pour contribuer \u00e0 leur achat. Finalement, un roi qui voulut les acqu\u00e9rir dut donner en \u00e9change la t\u00eate de tous ses sujets. R\u00e9duit \u00e0 lui seul, il dut, pour se nourrir, manger la chair des cadavres qui pourrissaient sur les places publiques et, devenu fou, se v\u00eatit orgueilleusement de ses riches soieries, jusqu&rsquo;\u00e0 ce que, d\u00e9sesp\u00e9r\u00e9, il se pendit avec une ceinture garnie de fils d&rsquo;or.<\/p>\n<p style=\"text-align: justify;\">\n<p style=\"text-align: justify;\">Son voisin, un pr\u00eatre de Kali, n&rsquo;avait rien vu d&rsquo;autre que des hommes se crachant \u00e0 la face l&rsquo;un de l&rsquo;autre avec un m\u00e9pris, inexprimable.<\/p>\n<p style=\"text-align: justify;\">\n<p style=\"text-align: justify;\">Une jeune femme raconta alors avec soulagement son r\u00eave : elle \u00e9tait devenue d\u00e9esse, gr\u00e2ce \u00e0 sa beaut\u00e9 et \u00e0 son esprit. On lui \u00e9rigea des sanctuaires et on lui br\u00fbla les parfums les plus rares. Mais elle devint jalouse des mortelles, qui seules recevaient les aveux ardents des hommes, et son envie devint atroce au point qu&rsquo;elle voulut en mourir; mais, \u00e9tant divine, elle ne le pouvait et voyait s&rsquo;\u00e9tendre devant elle une \u00e9ternit\u00e9 de gloire et d&rsquo;amertume infinie.<\/p>\n<p style=\"text-align: justify;\">\n<p style=\"text-align: justify;\">\u00ab\u00a0C&rsquo;est \u00e0 pr\u00e9sent ton tour, jeune homme \u00bb, dit le magicien \u00e0 un \u00e9tranger qui paraissait blas\u00e9 et rong\u00e9 par l&rsquo;ennui.<\/p>\n<p style=\"text-align: justify;\">\n<p style=\"text-align: justify;\">\u2014 C&rsquo;est un songe incoh\u00e9rent : des hommes et des femmes cherchaient \u00e0 tout prix \u00e0 se distinguer les uns des autres par les m\u0153urs, le langage et les v\u00eatements. Comme c&rsquo;\u00e9tait le souci de tous, personne n&rsquo;y parvenait et c&rsquo;\u00e9tait une fatigue sans nom que cette recherche obstin\u00e9e.<\/p>\n<p style=\"text-align: justify;\">\n<p style=\"text-align: justify;\">La m\u00e8re de famille sortait \u00e0 peine de son cauchemar : elle raconta comment, voulant assurer le bonheur de ses enfants, elle leur avait sacrifi\u00e9 celui de l&rsquo;humanit\u00e9 et avait essuy\u00e9 la mal\u00e9diction de ses enfants m\u00eame qui ne pouvaient \u00eatre heureux que du bonheur des autres.<\/p>\n<p style=\"text-align: justify;\">\n<p style=\"text-align: justify;\">Le savant avait vu l&rsquo;humanit\u00e9 attel\u00e9e \u00e0 une t\u00e2che sans fin : la construction d&rsquo;un pont sur l&rsquo;infini. Les hommes faisaient leur travail avec courage et patience, mais aussi avec une sorte de lassitude r\u00e9sign\u00e9e. Ils n&rsquo;\u00e9taient pas malheureux, mais voyaient bien l&rsquo;inutilit\u00e9 de ce travail de Sisyphe.<\/p>\n<p style=\"text-align: justify;\">\n<p style=\"text-align: justify;\">\u00ab\u00a0Et maintenant, \u00f4 sage, c&rsquo;est \u00e0 toi de parler&#8230; Mais il dort encore ! \u00bb<\/p>\n<p style=\"text-align: justify;\">\n<p style=\"text-align: justify;\">Le magicien le regarda longuement, puis soupira : \u00ab Il dormira toujours. \u00bb<\/p>\n<p style=\"text-align: justify;\">\n<p style=\"text-align: justify;\">\u2014\u00a0 Qu&rsquo;a-t-il pu voir, demanda l&rsquo;\u00e9tranger ?<\/p>\n<p style=\"text-align: justify;\">\n<p style=\"text-align: justify;\">\u2014 je suppose qu&rsquo;\u00e9tant un homme juste et bon, ayant fait le calme dans son c\u0153ur, il a d\u00fb voir l&rsquo;univers dans une parfaite harmonie. La concorde devait r\u00e9gner partout.<\/p>\n<p style=\"text-align: justify;\">\n<p style=\"text-align: justify;\">\u2014 Alors, sans doute n\u2019a-t-il rien vu, car un monde aux habitants identiques ne se con\u00e7oit gu\u00e8re, r\u00e9pliqua le guerrier.<\/p>\n<p style=\"text-align: justify;\">\n<p style=\"text-align: justify;\">\u2014 Peut-\u00eatre aussi, dit le magicien, peut-\u00eatre aussi a-t-il vu un monde exactement semblable \u00e0 celui-ci et oubliant que ce n&rsquo;\u00e9tait qu&rsquo;un r\u00eave, n&rsquo;a-t-il plus song\u00e9 \u00e0 revenir parmi nous.<\/p>\n<p style=\"text-align: justify;\">\n<p style=\"text-align: justify;\">\u00ab\u00a0C&rsquo;est alors, me dit mon \u00e2me, que j&rsquo;ai compris ce qui avait d\u00e9j\u00e0 \u00e9t\u00e9 dit : que le ciel ou l&rsquo;enfer, c&rsquo;est moi-m\u00eame qui le suis et que le nirv\u00e2na d\u00e9sir\u00e9 n&rsquo;est que l&rsquo;an\u00e9antissement de mes d\u00e9sirs et non celui du monde. Ce jour-l\u00e0, j&rsquo;ai fait un pas de plus sur le chemin trac\u00e9 par le Parfait. \u00bb<\/p>\n<p style=\"text-align: right;\">Jean-Emile PIRON<\/p>\n","protected":false},"excerpt":{"rendered":"<p>C&rsquo;est un songe incoh\u00e9rent : des hommes et des femmes cherchaient \u00e0 tout prix \u00e0 se distinguer les uns des autres par les m\u0153urs, le langage et les v\u00eatements. Comme c&rsquo;\u00e9tait le souci de tous, personne n&rsquo;y parvenait et c&rsquo;\u00e9tait une fatigue sans nom que cette recherche obstin\u00e9e&#8230;<\/p>\n","protected":false},"author":1,"featured_media":0,"comment_status":"closed","ping_status":"closed","sticky":false,"template":"","format":"standard","meta":{"footnotes":""},"categories":[690],"tags":[],"class_list":["post-4408","post","type-post","status-publish","format-standard","hentry","category-piron-jean-emile"],"yoast_head":"<!-- This site is optimized with the Yoast SEO plugin v27.0 - https:\/\/yoast.com\/product\/yoast-seo-wordpress\/ -->\n<title>Les paradis: Conte Bouddhique par Jean-\u00c9mile Piron - 3e mill\u00e9naire - Spiritualit\u00e9 - Connaissance de soi - Non-dualit\u00e9 - M\u00e9ditation<\/title>\n<meta name=\"robots\" content=\"index, follow, max-snippet:-1, max-image-preview:large, max-video-preview:-1\" \/>\n<link rel=\"canonical\" href=\"https:\/\/www.revue3emillenaire.com\/blog\/les-paradis-conte-bouddhique-par-jean-emile-piron\/\" \/>\n<meta property=\"og:locale\" content=\"fr_FR\" \/>\n<meta property=\"og:type\" content=\"article\" \/>\n<meta property=\"og:title\" content=\"Les paradis: Conte Bouddhique par Jean-\u00c9mile Piron - 3e mill\u00e9naire - Spiritualit\u00e9 - Connaissance de soi - Non-dualit\u00e9 - M\u00e9ditation\" \/>\n<meta property=\"og:description\" content=\"C&#039;est un songe incoh\u00e9rent : des hommes et des femmes cherchaient \u00e0 tout prix \u00e0 se distinguer les uns des autres par les m\u0153urs, le langage et les v\u00eatements. Comme c&#039;\u00e9tait le souci de tous, personne n&#039;y parvenait et c&#039;\u00e9tait une fatigue sans nom que cette recherche obstin\u00e9e...\" \/>\n<meta property=\"og:url\" content=\"https:\/\/www.revue3emillenaire.com\/blog\/les-paradis-conte-bouddhique-par-jean-emile-piron\/\" \/>\n<meta property=\"og:site_name\" content=\"3e mill\u00e9naire - Spiritualit\u00e9 - Connaissance de soi - Non-dualit\u00e9 - M\u00e9ditation\" \/>\n<meta property=\"article:published_time\" content=\"2010-08-27T02:44:11+00:00\" \/>\n<meta property=\"article:modified_time\" content=\"2011-10-01T00:40:41+00:00\" \/>\n<meta name=\"author\" content=\"3e mill\u00e9naire\" \/>\n<meta name=\"twitter:card\" content=\"summary_large_image\" \/>\n<meta name=\"twitter:label1\" content=\"\u00c9crit par\" \/>\n\t<meta name=\"twitter:data1\" content=\"3e mill\u00e9naire\" \/>\n\t<meta name=\"twitter:label2\" content=\"Dur\u00e9e de lecture estim\u00e9e\" \/>\n\t<meta name=\"twitter:data2\" content=\"5 minutes\" \/>\n<script type=\"application\/ld+json\" class=\"yoast-schema-graph\">{\"@context\":\"https:\/\/schema.org\",\"@graph\":[{\"@type\":\"Article\",\"@id\":\"https:\/\/www.revue3emillenaire.com\/blog\/les-paradis-conte-bouddhique-par-jean-emile-piron\/#article\",\"isPartOf\":{\"@id\":\"https:\/\/www.revue3emillenaire.com\/blog\/les-paradis-conte-bouddhique-par-jean-emile-piron\/\"},\"author\":{\"name\":\"3e mill\u00e9naire\",\"@id\":\"https:\/\/www.revue3emillenaire.com\/blog\/#\/schema\/person\/9a3a7cc4ccaa707f402d4394327106d5\"},\"headline\":\"Les paradis: Conte Bouddhique par Jean-\u00c9mile Piron\",\"datePublished\":\"2010-08-27T02:44:11+00:00\",\"dateModified\":\"2011-10-01T00:40:41+00:00\",\"mainEntityOfPage\":{\"@id\":\"https:\/\/www.revue3emillenaire.com\/blog\/les-paradis-conte-bouddhique-par-jean-emile-piron\/\"},\"wordCount\":1023,\"articleSection\":[\"Piron Jean-\u00c9mile\"],\"inLanguage\":\"fr-FR\"},{\"@type\":\"WebPage\",\"@id\":\"https:\/\/www.revue3emillenaire.com\/blog\/les-paradis-conte-bouddhique-par-jean-emile-piron\/\",\"url\":\"https:\/\/www.revue3emillenaire.com\/blog\/les-paradis-conte-bouddhique-par-jean-emile-piron\/\",\"name\":\"Les paradis: Conte Bouddhique par Jean-\u00c9mile Piron - 3e mill\u00e9naire - Spiritualit\u00e9 - Connaissance de soi - Non-dualit\u00e9 - M\u00e9ditation\",\"isPartOf\":{\"@id\":\"https:\/\/www.revue3emillenaire.com\/blog\/#website\"},\"datePublished\":\"2010-08-27T02:44:11+00:00\",\"dateModified\":\"2011-10-01T00:40:41+00:00\",\"author\":{\"@id\":\"https:\/\/www.revue3emillenaire.com\/blog\/#\/schema\/person\/9a3a7cc4ccaa707f402d4394327106d5\"},\"breadcrumb\":{\"@id\":\"https:\/\/www.revue3emillenaire.com\/blog\/les-paradis-conte-bouddhique-par-jean-emile-piron\/#breadcrumb\"},\"inLanguage\":\"fr-FR\",\"potentialAction\":[{\"@type\":\"ReadAction\",\"target\":[\"https:\/\/www.revue3emillenaire.com\/blog\/les-paradis-conte-bouddhique-par-jean-emile-piron\/\"]}]},{\"@type\":\"BreadcrumbList\",\"@id\":\"https:\/\/www.revue3emillenaire.com\/blog\/les-paradis-conte-bouddhique-par-jean-emile-piron\/#breadcrumb\",\"itemListElement\":[{\"@type\":\"ListItem\",\"position\":1,\"name\":\"Accueil\",\"item\":\"https:\/\/www.revue3emillenaire.com\/blog\/\"},{\"@type\":\"ListItem\",\"position\":2,\"name\":\"Les paradis: Conte Bouddhique par Jean-\u00c9mile Piron\"}]},{\"@type\":\"WebSite\",\"@id\":\"https:\/\/www.revue3emillenaire.com\/blog\/#website\",\"url\":\"https:\/\/www.revue3emillenaire.com\/blog\/\",\"name\":\"3e mill\u00e9naire - Spiritualit\u00e9 - Connaissance de soi - Non-dualit\u00e9 - M\u00e9ditation\",\"description\":\"L&#039;Homme en devenir\",\"potentialAction\":[{\"@type\":\"SearchAction\",\"target\":{\"@type\":\"EntryPoint\",\"urlTemplate\":\"https:\/\/www.revue3emillenaire.com\/blog\/?s={search_term_string}\"},\"query-input\":{\"@type\":\"PropertyValueSpecification\",\"valueRequired\":true,\"valueName\":\"search_term_string\"}}],\"inLanguage\":\"fr-FR\"},{\"@type\":\"Person\",\"@id\":\"https:\/\/www.revue3emillenaire.com\/blog\/#\/schema\/person\/9a3a7cc4ccaa707f402d4394327106d5\",\"name\":\"3e mill\u00e9naire\",\"url\":\"https:\/\/www.revue3emillenaire.com\/blog\/author\/admin\/\"}]}<\/script>\n<!-- \/ Yoast SEO plugin. -->","yoast_head_json":{"title":"Les paradis: Conte Bouddhique par Jean-\u00c9mile Piron - 3e mill\u00e9naire - Spiritualit\u00e9 - Connaissance de soi - Non-dualit\u00e9 - M\u00e9ditation","robots":{"index":"index","follow":"follow","max-snippet":"max-snippet:-1","max-image-preview":"max-image-preview:large","max-video-preview":"max-video-preview:-1"},"canonical":"https:\/\/www.revue3emillenaire.com\/blog\/les-paradis-conte-bouddhique-par-jean-emile-piron\/","og_locale":"fr_FR","og_type":"article","og_title":"Les paradis: Conte Bouddhique par Jean-\u00c9mile Piron - 3e mill\u00e9naire - Spiritualit\u00e9 - Connaissance de soi - Non-dualit\u00e9 - M\u00e9ditation","og_description":"C'est un songe incoh\u00e9rent : des hommes et des femmes cherchaient \u00e0 tout prix \u00e0 se distinguer les uns des autres par les m\u0153urs, le langage et les v\u00eatements. Comme c'\u00e9tait le souci de tous, personne n'y parvenait et c'\u00e9tait une fatigue sans nom que cette recherche obstin\u00e9e...","og_url":"https:\/\/www.revue3emillenaire.com\/blog\/les-paradis-conte-bouddhique-par-jean-emile-piron\/","og_site_name":"3e mill\u00e9naire - Spiritualit\u00e9 - Connaissance de soi - Non-dualit\u00e9 - M\u00e9ditation","article_published_time":"2010-08-27T02:44:11+00:00","article_modified_time":"2011-10-01T00:40:41+00:00","author":"3e mill\u00e9naire","twitter_card":"summary_large_image","twitter_misc":{"\u00c9crit par":"3e mill\u00e9naire","Dur\u00e9e de lecture estim\u00e9e":"5 minutes"},"schema":{"@context":"https:\/\/schema.org","@graph":[{"@type":"Article","@id":"https:\/\/www.revue3emillenaire.com\/blog\/les-paradis-conte-bouddhique-par-jean-emile-piron\/#article","isPartOf":{"@id":"https:\/\/www.revue3emillenaire.com\/blog\/les-paradis-conte-bouddhique-par-jean-emile-piron\/"},"author":{"name":"3e mill\u00e9naire","@id":"https:\/\/www.revue3emillenaire.com\/blog\/#\/schema\/person\/9a3a7cc4ccaa707f402d4394327106d5"},"headline":"Les paradis: Conte Bouddhique par Jean-\u00c9mile Piron","datePublished":"2010-08-27T02:44:11+00:00","dateModified":"2011-10-01T00:40:41+00:00","mainEntityOfPage":{"@id":"https:\/\/www.revue3emillenaire.com\/blog\/les-paradis-conte-bouddhique-par-jean-emile-piron\/"},"wordCount":1023,"articleSection":["Piron Jean-\u00c9mile"],"inLanguage":"fr-FR"},{"@type":"WebPage","@id":"https:\/\/www.revue3emillenaire.com\/blog\/les-paradis-conte-bouddhique-par-jean-emile-piron\/","url":"https:\/\/www.revue3emillenaire.com\/blog\/les-paradis-conte-bouddhique-par-jean-emile-piron\/","name":"Les paradis: Conte Bouddhique par Jean-\u00c9mile Piron - 3e mill\u00e9naire - Spiritualit\u00e9 - Connaissance de soi - Non-dualit\u00e9 - M\u00e9ditation","isPartOf":{"@id":"https:\/\/www.revue3emillenaire.com\/blog\/#website"},"datePublished":"2010-08-27T02:44:11+00:00","dateModified":"2011-10-01T00:40:41+00:00","author":{"@id":"https:\/\/www.revue3emillenaire.com\/blog\/#\/schema\/person\/9a3a7cc4ccaa707f402d4394327106d5"},"breadcrumb":{"@id":"https:\/\/www.revue3emillenaire.com\/blog\/les-paradis-conte-bouddhique-par-jean-emile-piron\/#breadcrumb"},"inLanguage":"fr-FR","potentialAction":[{"@type":"ReadAction","target":["https:\/\/www.revue3emillenaire.com\/blog\/les-paradis-conte-bouddhique-par-jean-emile-piron\/"]}]},{"@type":"BreadcrumbList","@id":"https:\/\/www.revue3emillenaire.com\/blog\/les-paradis-conte-bouddhique-par-jean-emile-piron\/#breadcrumb","itemListElement":[{"@type":"ListItem","position":1,"name":"Accueil","item":"https:\/\/www.revue3emillenaire.com\/blog\/"},{"@type":"ListItem","position":2,"name":"Les paradis: Conte Bouddhique par Jean-\u00c9mile Piron"}]},{"@type":"WebSite","@id":"https:\/\/www.revue3emillenaire.com\/blog\/#website","url":"https:\/\/www.revue3emillenaire.com\/blog\/","name":"3e mill\u00e9naire - Spiritualit\u00e9 - Connaissance de soi - Non-dualit\u00e9 - M\u00e9ditation","description":"L&#039;Homme en devenir","potentialAction":[{"@type":"SearchAction","target":{"@type":"EntryPoint","urlTemplate":"https:\/\/www.revue3emillenaire.com\/blog\/?s={search_term_string}"},"query-input":{"@type":"PropertyValueSpecification","valueRequired":true,"valueName":"search_term_string"}}],"inLanguage":"fr-FR"},{"@type":"Person","@id":"https:\/\/www.revue3emillenaire.com\/blog\/#\/schema\/person\/9a3a7cc4ccaa707f402d4394327106d5","name":"3e mill\u00e9naire","url":"https:\/\/www.revue3emillenaire.com\/blog\/author\/admin\/"}]}},"_links":{"self":[{"href":"https:\/\/www.revue3emillenaire.com\/blog\/wp-json\/wp\/v2\/posts\/4408","targetHints":{"allow":["GET"]}}],"collection":[{"href":"https:\/\/www.revue3emillenaire.com\/blog\/wp-json\/wp\/v2\/posts"}],"about":[{"href":"https:\/\/www.revue3emillenaire.com\/blog\/wp-json\/wp\/v2\/types\/post"}],"author":[{"embeddable":true,"href":"https:\/\/www.revue3emillenaire.com\/blog\/wp-json\/wp\/v2\/users\/1"}],"replies":[{"embeddable":true,"href":"https:\/\/www.revue3emillenaire.com\/blog\/wp-json\/wp\/v2\/comments?post=4408"}],"version-history":[{"count":0,"href":"https:\/\/www.revue3emillenaire.com\/blog\/wp-json\/wp\/v2\/posts\/4408\/revisions"}],"wp:attachment":[{"href":"https:\/\/www.revue3emillenaire.com\/blog\/wp-json\/wp\/v2\/media?parent=4408"}],"wp:term":[{"taxonomy":"category","embeddable":true,"href":"https:\/\/www.revue3emillenaire.com\/blog\/wp-json\/wp\/v2\/categories?post=4408"},{"taxonomy":"post_tag","embeddable":true,"href":"https:\/\/www.revue3emillenaire.com\/blog\/wp-json\/wp\/v2\/tags?post=4408"}],"curies":[{"name":"wp","href":"https:\/\/api.w.org\/{rel}","templated":true}]}}