{"id":4431,"date":"2010-08-27T03:43:11","date_gmt":"2010-08-27T02:43:11","guid":{"rendered":"http:\/\/www.revue3emillenaire.com\/blog\/?p=4431"},"modified":"2011-10-01T01:41:05","modified_gmt":"2011-10-01T00:41:05","slug":"combat-familiers-contre-nos-demons-par-estelle-goldstein","status":"publish","type":"post","link":"https:\/\/www.revue3emillenaire.com\/blog\/combat-familiers-contre-nos-demons-par-estelle-goldstein\/","title":{"rendered":"Combat familiers contre nos d\u00e9mons par Estelle Goldstein"},"content":{"rendered":"<p style=\"text-align: justify;\">(Revue Synth\u00e8ses. N<sup>o<\/sup> 130 Mars 1957)<\/p>\n<p style=\"text-align: justify;\">\n<p style=\"text-align: justify;\">Qui parmi nous, \u00e0 certaines heures, n&rsquo;a pas \u00e9prouv\u00e9 la tentation de cultiver en soi-m\u00eame la d\u00e9lectation morose ? Qui parmi nous jamais n&rsquo;a jamais souffert de ses \u00ab d\u00e9mons familiers \u00bb, de cette peur panique envahit, submerge et d\u00e9truit toute paix int\u00e9rieure, toute joie de vivre ?<\/p>\n<p style=\"text-align: justify;\">\n<p style=\"text-align: justify;\">Et puisque les mots eux-m\u00eames sont pleins d&#8217;emb\u00fbches, il me faut d&rsquo;abord d\u00e9finir ce que j&rsquo;entends par \u00ab\u00a0d\u00e9mon familier\u00a0 \u00bb.<\/p>\n<p style=\"text-align: justify;\">\n<p style=\"text-align: justify;\">Ce n&rsquo;est \u00e9videmment pas celui qu&rsquo;on d\u00e9signe dans les cat\u00e9chismes, ni celui que l&rsquo;on concr\u00e9tise commun\u00e9ment par \u00ab mauvaise conscience \u00bb. Je me propose de traduire ici l&rsquo;essence de \u00ab\u00a0d\u00e9mon familier \u00bb et de tenter d&rsquo;indiquer les moyens de le dominer.<\/p>\n<p style=\"text-align: justify;\">\n<p style=\"text-align: justify;\">Chez les uns cette inqui\u00e9tude, cette agitation d&rsquo;esprit est sous-jacente, permanente presque. Elle n&rsquo;attend qu&rsquo;une occasion pour se d\u00e9clencher, pour appara\u00eetre dans la vie consciente. Elle guette sa proie et toute occasion est bonne pour l&rsquo;assaillir. A d&rsquo;autres elle n&rsquo;est apparue que fortuitement, \u00e0 l\u2019occasion d&rsquo;\u00e9checs ou d&rsquo;\u00e9v\u00e9nements graves.<\/p>\n<p style=\"text-align: justify;\">\n<p style=\"text-align: justify;\">\u00catre poss\u00e9d\u00e9 d&rsquo;un d\u00e9mon, est la marque du g\u00e9nie.<\/p>\n<p style=\"text-align: justify;\">\n<p style=\"text-align: justify;\">Chez le cr\u00e9ateur, cette souffrance a un sens puisque la gr\u00e2ce de la cr\u00e9ation lui est accord\u00e9e.<\/p>\n<p style=\"text-align: justify;\">\n<p style=\"text-align: justify;\">\u00ab Car seul, a dit Stephan Zweig, celui dont l&rsquo;\u00e2me est d\u00e9chir\u00e9e conna\u00eet la soif de la perfection, seul celui qui est traqu\u00e9 atteint l&rsquo;infini. \u00bb<\/p>\n<p style=\"text-align: justify;\">\n<p style=\"text-align: justify;\">Le commun des mortels subit aussi, quoique plus accidentellement, des assauts de cette esp\u00e8ce. Les \u00e9motions de ceux qui n&rsquo;entendent pas \u00e0 exprimer clairement ce qu&rsquo;ils \u00e9prouvent, s&rsquo;atrophient. Et parfois cependant, pour \u00eatre silencieuse, la peine de l&rsquo;homme simple n&rsquo;en sera pas moins profonde. Les mots sont les reflets de la r\u00e9alit\u00e9; il n&rsquo;y a gu\u00e8re de r\u00e9alit\u00e9 sans mot.<\/p>\n<p style=\"text-align: justify;\">\n<p style=\"text-align: justify;\">Comment d\u00e9crire cette angoisse, cette inqui\u00e9tude qui nous pousse d&rsquo;un extr\u00eame \u00e0 l&rsquo;autre, qui consume et illumine, en m\u00eame temps ? Comment d\u00e9peindre le d\u00e9sespoir, la plus noire m\u00e9lancolie, le feu int\u00e9rieur qui d\u00e9vore et s&rsquo;\u00e9tend sur tout l&rsquo;\u00eatre ? Parfois l&rsquo;adversit\u00e9, la maladie suscitent cet \u00e9tat d&rsquo;\u00e2me mais il se trouve aussi que l&rsquo;infortune soit purement imaginaire.<\/p>\n<p style=\"text-align: justify;\">\n<p style=\"text-align: justify;\">Il n&rsquo;y a point \u2014 on le sait \u2014 de d\u00e9marcation pr\u00e9cise entre la sant\u00e9 et la maladie de l&rsquo;esprit. La souffrance imaginaire peut faire des ravages aussi profonds que l&rsquo;infortune r\u00e9elle. Tout blesse l&rsquo;homme vuln\u00e9rable, susceptible, en proie au d\u00e9mon. Tout lui est objet de tristesse et d&rsquo;affliction : une phrase qu&rsquo;il interpr\u00e8te, un regard qui fuit, une intonation de voix. Sa sensibilit\u00e9 morbide l&rsquo;\u00e9loigne de toute soci\u00e9t\u00e9 mais l&rsquo;isolement et l&rsquo;abandon l&rsquo;accablent.<\/p>\n<p style=\"text-align: justify;\">\n<p style=\"text-align: justify;\">L&rsquo;homme en proie au d\u00e9mon est toujours un exalt\u00e9, un passionn\u00e9 qui manque de mesure, de sagesse, d&rsquo;\u00e9quilibre, en un mot d&rsquo;art de vivre.<\/p>\n<p style=\"text-align: justify;\">\n<p style=\"text-align: justify;\">\u00ab Il n&rsquo;est bien ni avec soi-m\u00eame, ni avec les autres. \u00bb L&rsquo;agitation et la confusion ont de plus en plus prise sur lui. Fr\u00e9d\u00e9ric Nietzsche, Dosto\u00efevski, Van Gogh avaient du sang de d\u00e9moniaque. Ils n&rsquo;ont jamais trouv\u00e9 de communication ni de point de contact avec le monde. Ils furent des solitaires. Kleist, l&rsquo;\u00e9crivain allemand, avoue que durant toute sa vie, a r\u00e9sonn\u00e9 en lui l&rsquo;appel de la mort. Depuis sa jeunesse l&rsquo;id\u00e9e du suicide l&rsquo;a hant\u00e9. Il \u00e9tait cependant \u00e9tranger \u00ab au pathos et \u00e0 l&rsquo;attitude \u00bb. Le v\u00e9ritable tragique n&rsquo;est jamais th\u00e9\u00e2tral.<\/p>\n<p style=\"text-align: justify;\">\n<p style=\"text-align: justify;\">C&rsquo;est le romantisme qui vit le premier triomphe de la n\u00e9vrose avec Werther, Ren\u00e9, Adolphe ou \u00ab L&rsquo;Enfant du Si\u00e8cle \u00bb.<\/p>\n<p style=\"text-align: justify;\">\n<p style=\"text-align: justify;\">Une des caract\u00e9ristiques de notre \u00e9poque c&rsquo;est l&rsquo;agitation, la vitesse, le manque de temps. Nervosit\u00e9, n\u00e9vrose et hyst\u00e9rie en sont les cons\u00e9quences. Les \u00eatres hypersensibles, r\u00eaveurs, imaginatifs, c&rsquo;est-\u00e0-dire les artistes, offrent une proie facile au d\u00e9mon.<\/p>\n<p style=\"text-align: justify;\">\n<p style=\"text-align: justify;\">Le visage du d\u00e9mon est diff\u00e9rent de l&rsquo;un \u00e0 l&rsquo;autre. Ce qu&rsquo;un homme pense ou sent, ses repr\u00e9sentations, ses jugements en un mot sa vie int\u00e9rieure n&rsquo;est connue que de lui-m\u00eame. Il nous est impossible d&rsquo;y p\u00e9n\u00e9trer. On ne peut les tirer que de ses confidences, de ses attitudes et de son comportement ext\u00e9rieur.<\/p>\n<p style=\"text-align: justify;\">\n<p style=\"text-align: justify;\">Une volont\u00e9 invincible permet de dompter ce d\u00e9mon. Goethe l&rsquo;a ma\u00eetris\u00e9. Jeune, avec une \u00e2me d&rsquo;airain, il est all\u00e9 au-devant de l&rsquo;orage. Au seuil de la vieillesse, prudemment, il s&rsquo;est \u00e9cart\u00e9 des p\u00e9rils. Victor Hugo, lui aussi, exigeait que l&rsquo;on se \u00ab d\u00e9barbouill\u00e2t \u00bb de sa tristesse. Disciplin\u00e9 devant les grands chagrins, il refusait de les \u00e9pancher et d&rsquo;en faire un spectacle.<\/p>\n<p style=\"text-align: justify;\">\n<p style=\"text-align: justify;\">Plus pr\u00e8s de nous, \u00c9mile Verhaeren a su vaincre lui encore le d\u00e9mon qui le traquait. Il \u00e9tait profond\u00e9ment accroch\u00e9 dans sa chair, dans son cerveau et dans ses nerfs.<\/p>\n<p style=\"text-align: justify;\">\n<p style=\"text-align: justify;\">\u00catre domin\u00e9 par un d\u00e9mon ai-je dit, est souvent marque du g\u00e9nie. Le dominer est signe de caract\u00e8re. L&rsquo;exemple de Verhaeren t\u00e9moigne d&rsquo;une volont\u00e9 de fer, d&rsquo;un ressort d&rsquo;acier qui lui a permis ce redressement moral.<\/p>\n<p style=\"text-align: justify;\">\n<p style=\"text-align: justify;\">D\u00e9vor\u00e9 par lui-m\u00eame, rong\u00e9 par toutes les amertumes de la douleur, il traverse une crise morale et physique. Tout son organisme est ruin\u00e9. Il subit une d\u00e9pression nerveuse, est souvent atteint de maux d&rsquo;estomac. On conna\u00eet les r\u00e9percussions du moral sur le physique et l&rsquo;on ne saurait dire si les douleurs stomacales avaient provoqu\u00e9 l&rsquo;\u00e9tat neurasth\u00e9nique ou si la d\u00e9pression avait provoqu\u00e9 ses malaises. Cette lassitude paralyse sa volont\u00e9. Il a trouv\u00e9 le courage d&rsquo;\u00e9crire l&rsquo;histoire de son \u00e2me en pleine crise. Il fuit dans le monde pour retrouver le go\u00fbt de vivre.<\/p>\n<p style=\"text-align: justify;\">\n<p style=\"text-align: justify;\">Deux \u00e9v\u00e9nements vont le ramener \u00e0 la joie de vivre : son amour pour Marthe Massin et aussi, dans une certaine mesure, sa prise de conscience sociale. Mais c&rsquo;est surtout par la volont\u00e9 que triomphe notre plus grand po\u00e8te national.<\/p>\n<p style=\"text-align: justify;\">\n<p style=\"text-align: justify;\">Jadis, Verhaeren avait cherch\u00e9 dans une d\u00e9lectation morose \u00e0 cr\u00e9er la douleur en soi.<\/p>\n<p style=\"text-align: justify;\">\n<p style=\"text-align: justify;\">Hier, individualiste effr\u00e9n\u00e9, pour qui le monde ext\u00e9rieur n&rsquo;existait point, aujourd&rsquo;hui il prend contact avec la mis\u00e8re d&rsquo;autrui. Son optimisme et sa ferveur s&rsquo;exaltent.<\/p>\n<p style=\"text-align: justify;\">\n<p style=\"text-align: justify;\">Verhaeren est devenu l&rsquo;ap\u00f4tre du travail, de l&rsquo;effort, de l&rsquo;enthousiasme, de la joie de vivre. Tout comme Einstein, il a fini par conna\u00eetre une joie tumultueuse, en communion avec un univers harmonieux. La longue et tragique \u00e9preuve lui fut salutaire. Elle en fit un homme dans le sens le plus noble du mot, le grandit, et d\u00e9termine dans son \u0153uvre un tournant capital.<\/p>\n<p style=\"text-align: justify;\">\n<p style=\"text-align: justify;\">Comment reconna\u00eetre le po\u00e8te qui n&rsquo;avait vu dans le monde que des monstruosit\u00e9s, qui avait m\u00e9pris\u00e9, maudit l&rsquo;homme ? Sa destin\u00e9e, comme son \u0153uvre, ressemblent \u00e0 une lutte constante et \u00e0 une victoire perp\u00e9tuelle.<\/p>\n<p style=\"text-align: justify;\">\n<p style=\"text-align: justify;\">Sa tendresse \u00e9tait devenue universelle. Pour lui, l&rsquo;admiration d&rsquo;autrui \u00e9tait g\u00e9n\u00e9ratrice de joie.<\/p>\n<p style=\"text-align: justify;\">\n<p style=\"text-align: justify;\">Ce que Verhaeren, Goethe et Victor Hugo ont pu accomplir, chacun de nous en est capable. Il faut une th\u00e9rapeutique pour triompher de son d\u00e9sarroi. L&rsquo;homme doit se faire lui-m\u00eame.<\/p>\n<p style=\"text-align: justify;\">\n<p style=\"text-align: justify;\">Pour obtenir d&rsquo;un \u00eatre qu&rsquo;il ait foi et qu&rsquo;il lutte, il faut lui faire comprendre que ses sentiments, ses \u00e9motions, ses souffrances sont aussi valables que celles des autres hommes ; qu&rsquo;\u00eatre triste, c&rsquo;est presque toujours penser \u00e0 soi-m\u00eame, que mettre sa conscience dans l&rsquo;opinion d&rsquo;autrui au lieu de la chercher en soi est source de conflits et de douleurs.<\/p>\n<p style=\"text-align: justify;\">\n<p style=\"text-align: justify;\">Gr\u00e2ce \u00e0 la d\u00e9couverte que vient de faire le biologiste anglais, M.V. Bond, d&rsquo;un produit qui vainc la peur, cet impond\u00e9rable qui depuis l&rsquo;existence du monde p\u00e8se si lourdement sur son destin, se trouvera \u00e9limin\u00e9. Reste \u00e0 savoir comment les choses tourneront quand les hommes n&rsquo;auront plus peur. L&rsquo;angoisse est paralysante mais donne aussi le sens des responsabilit\u00e9s.<\/p>\n<p style=\"text-align: justify;\">\n<p style=\"text-align: justify;\">Tout notre enseignement universitaire tend \u00e0 d\u00e9velopper chez les jeunes, les facult\u00e9s intellectuelles au pr\u00e9judice de leurs facult\u00e9s morales. Et pourtant ce sont ces derni\u00e8res qui importent pour l&rsquo;individu et la soci\u00e9t\u00e9.<\/p>\n<p style=\"text-align: justify;\">\n<p style=\"text-align: justify;\">Les hommes intelligents et bien dou\u00e9s sont l\u00e9gions. Mais combien ont du caract\u00e8re, de la loyaut\u00e9, de la dignit\u00e9 ? Combien ne sont pas de farouches \u00e9go\u00efstes ?<\/p>\n<p style=\"text-align: justify;\">\n<p style=\"text-align: justify;\">La joie de vivre c&rsquo;est aimer d&rsquo;un amour \u00e9merveill\u00e9 la vie, le monde, et tout ce qu&rsquo;il y a dedans.<\/p>\n<p style=\"text-align: justify;\">\n<p style=\"text-align: justify;\">Ceux-l\u00e0 seuls d\u00e9couvriront le bonheur qui sauront lui pr\u00e9f\u00e9rer autre chose.<\/p>\n","protected":false},"excerpt":{"rendered":"<p>Comment d\u00e9crire cette angoisse, cette inqui\u00e9tude qui nous pousse d&rsquo;un extr\u00eame \u00e0 l&rsquo;autre, qui consume et illumine, en m\u00eame temps ? Comment d\u00e9peindre le d\u00e9sespoir, la plus noire m\u00e9lancolie, le feu int\u00e9rieur qui d\u00e9vore et s&rsquo;\u00e9tend sur tout l&rsquo;\u00eatre ? Parfois l&rsquo;adversit\u00e9, la maladie suscitent cet \u00e9tat d&rsquo;\u00e2me mais il se trouve aussi que l&rsquo;infortune soit purement imaginaire.<\/p>\n","protected":false},"author":1,"featured_media":0,"comment_status":"closed","ping_status":"closed","sticky":false,"template":"","format":"standard","meta":{"footnotes":""},"categories":[685],"tags":[102,121],"class_list":["post-4431","post","type-post","status-publish","format-standard","hentry","category-goldstein-estelle","tag-psychologie","tag-vie-interieure"],"yoast_head":"<!-- This site is optimized with the Yoast SEO plugin v27.0 - https:\/\/yoast.com\/product\/yoast-seo-wordpress\/ -->\n<title>Combat familiers contre nos d\u00e9mons par Estelle Goldstein - 3e mill\u00e9naire - Spiritualit\u00e9 - Connaissance de soi - Non-dualit\u00e9 - M\u00e9ditation<\/title>\n<meta name=\"robots\" content=\"index, follow, max-snippet:-1, max-image-preview:large, max-video-preview:-1\" \/>\n<link rel=\"canonical\" href=\"https:\/\/www.revue3emillenaire.com\/blog\/combat-familiers-contre-nos-demons-par-estelle-goldstein\/\" \/>\n<meta property=\"og:locale\" content=\"fr_FR\" \/>\n<meta property=\"og:type\" content=\"article\" \/>\n<meta property=\"og:title\" content=\"Combat familiers contre nos d\u00e9mons par Estelle Goldstein - 3e mill\u00e9naire - Spiritualit\u00e9 - Connaissance de soi - Non-dualit\u00e9 - M\u00e9ditation\" \/>\n<meta property=\"og:description\" content=\"Comment d\u00e9crire cette angoisse, cette inqui\u00e9tude qui nous pousse d&#039;un extr\u00eame \u00e0 l&#039;autre, qui consume et illumine, en m\u00eame temps ? Comment d\u00e9peindre le d\u00e9sespoir, la plus noire m\u00e9lancolie, le feu int\u00e9rieur qui d\u00e9vore et s&#039;\u00e9tend sur tout l&#039;\u00eatre ? Parfois l&#039;adversit\u00e9, la maladie suscitent cet \u00e9tat d&#039;\u00e2me mais il se trouve aussi que l&#039;infortune soit purement imaginaire.\" \/>\n<meta property=\"og:url\" content=\"https:\/\/www.revue3emillenaire.com\/blog\/combat-familiers-contre-nos-demons-par-estelle-goldstein\/\" \/>\n<meta property=\"og:site_name\" content=\"3e mill\u00e9naire - Spiritualit\u00e9 - Connaissance de soi - Non-dualit\u00e9 - M\u00e9ditation\" \/>\n<meta property=\"article:published_time\" content=\"2010-08-27T02:43:11+00:00\" \/>\n<meta property=\"article:modified_time\" content=\"2011-10-01T00:41:05+00:00\" \/>\n<meta name=\"author\" content=\"3e mill\u00e9naire\" \/>\n<meta name=\"twitter:card\" content=\"summary_large_image\" \/>\n<meta name=\"twitter:label1\" content=\"\u00c9crit par\" \/>\n\t<meta name=\"twitter:data1\" content=\"3e mill\u00e9naire\" \/>\n\t<meta name=\"twitter:label2\" content=\"Dur\u00e9e de lecture estim\u00e9e\" \/>\n\t<meta name=\"twitter:data2\" content=\"7 minutes\" \/>\n<script type=\"application\/ld+json\" class=\"yoast-schema-graph\">{\"@context\":\"https:\/\/schema.org\",\"@graph\":[{\"@type\":\"Article\",\"@id\":\"https:\/\/www.revue3emillenaire.com\/blog\/combat-familiers-contre-nos-demons-par-estelle-goldstein\/#article\",\"isPartOf\":{\"@id\":\"https:\/\/www.revue3emillenaire.com\/blog\/combat-familiers-contre-nos-demons-par-estelle-goldstein\/\"},\"author\":{\"name\":\"3e mill\u00e9naire\",\"@id\":\"https:\/\/www.revue3emillenaire.com\/blog\/#\/schema\/person\/9a3a7cc4ccaa707f402d4394327106d5\"},\"headline\":\"Combat familiers contre nos d\u00e9mons par Estelle Goldstein\",\"datePublished\":\"2010-08-27T02:43:11+00:00\",\"dateModified\":\"2011-10-01T00:41:05+00:00\",\"mainEntityOfPage\":{\"@id\":\"https:\/\/www.revue3emillenaire.com\/blog\/combat-familiers-contre-nos-demons-par-estelle-goldstein\/\"},\"wordCount\":1400,\"keywords\":[\"Psychologie\",\"Vie int\u00e9rieure\"],\"articleSection\":[\"Goldstein Estelle\"],\"inLanguage\":\"fr-FR\"},{\"@type\":\"WebPage\",\"@id\":\"https:\/\/www.revue3emillenaire.com\/blog\/combat-familiers-contre-nos-demons-par-estelle-goldstein\/\",\"url\":\"https:\/\/www.revue3emillenaire.com\/blog\/combat-familiers-contre-nos-demons-par-estelle-goldstein\/\",\"name\":\"Combat familiers contre nos d\u00e9mons par Estelle Goldstein - 3e mill\u00e9naire - Spiritualit\u00e9 - Connaissance de soi - Non-dualit\u00e9 - M\u00e9ditation\",\"isPartOf\":{\"@id\":\"https:\/\/www.revue3emillenaire.com\/blog\/#website\"},\"datePublished\":\"2010-08-27T02:43:11+00:00\",\"dateModified\":\"2011-10-01T00:41:05+00:00\",\"author\":{\"@id\":\"https:\/\/www.revue3emillenaire.com\/blog\/#\/schema\/person\/9a3a7cc4ccaa707f402d4394327106d5\"},\"breadcrumb\":{\"@id\":\"https:\/\/www.revue3emillenaire.com\/blog\/combat-familiers-contre-nos-demons-par-estelle-goldstein\/#breadcrumb\"},\"inLanguage\":\"fr-FR\",\"potentialAction\":[{\"@type\":\"ReadAction\",\"target\":[\"https:\/\/www.revue3emillenaire.com\/blog\/combat-familiers-contre-nos-demons-par-estelle-goldstein\/\"]}]},{\"@type\":\"BreadcrumbList\",\"@id\":\"https:\/\/www.revue3emillenaire.com\/blog\/combat-familiers-contre-nos-demons-par-estelle-goldstein\/#breadcrumb\",\"itemListElement\":[{\"@type\":\"ListItem\",\"position\":1,\"name\":\"Accueil\",\"item\":\"https:\/\/www.revue3emillenaire.com\/blog\/\"},{\"@type\":\"ListItem\",\"position\":2,\"name\":\"Combat familiers contre nos d\u00e9mons par Estelle Goldstein\"}]},{\"@type\":\"WebSite\",\"@id\":\"https:\/\/www.revue3emillenaire.com\/blog\/#website\",\"url\":\"https:\/\/www.revue3emillenaire.com\/blog\/\",\"name\":\"3e mill\u00e9naire - Spiritualit\u00e9 - Connaissance de soi - Non-dualit\u00e9 - M\u00e9ditation\",\"description\":\"L&#039;Homme en devenir\",\"potentialAction\":[{\"@type\":\"SearchAction\",\"target\":{\"@type\":\"EntryPoint\",\"urlTemplate\":\"https:\/\/www.revue3emillenaire.com\/blog\/?s={search_term_string}\"},\"query-input\":{\"@type\":\"PropertyValueSpecification\",\"valueRequired\":true,\"valueName\":\"search_term_string\"}}],\"inLanguage\":\"fr-FR\"},{\"@type\":\"Person\",\"@id\":\"https:\/\/www.revue3emillenaire.com\/blog\/#\/schema\/person\/9a3a7cc4ccaa707f402d4394327106d5\",\"name\":\"3e mill\u00e9naire\",\"url\":\"https:\/\/www.revue3emillenaire.com\/blog\/author\/admin\/\"}]}<\/script>\n<!-- \/ Yoast SEO plugin. -->","yoast_head_json":{"title":"Combat familiers contre nos d\u00e9mons par Estelle Goldstein - 3e mill\u00e9naire - Spiritualit\u00e9 - Connaissance de soi - Non-dualit\u00e9 - M\u00e9ditation","robots":{"index":"index","follow":"follow","max-snippet":"max-snippet:-1","max-image-preview":"max-image-preview:large","max-video-preview":"max-video-preview:-1"},"canonical":"https:\/\/www.revue3emillenaire.com\/blog\/combat-familiers-contre-nos-demons-par-estelle-goldstein\/","og_locale":"fr_FR","og_type":"article","og_title":"Combat familiers contre nos d\u00e9mons par Estelle Goldstein - 3e mill\u00e9naire - Spiritualit\u00e9 - Connaissance de soi - Non-dualit\u00e9 - M\u00e9ditation","og_description":"Comment d\u00e9crire cette angoisse, cette inqui\u00e9tude qui nous pousse d'un extr\u00eame \u00e0 l'autre, qui consume et illumine, en m\u00eame temps ? Comment d\u00e9peindre le d\u00e9sespoir, la plus noire m\u00e9lancolie, le feu int\u00e9rieur qui d\u00e9vore et s'\u00e9tend sur tout l'\u00eatre ? Parfois l'adversit\u00e9, la maladie suscitent cet \u00e9tat d'\u00e2me mais il se trouve aussi que l'infortune soit purement imaginaire.","og_url":"https:\/\/www.revue3emillenaire.com\/blog\/combat-familiers-contre-nos-demons-par-estelle-goldstein\/","og_site_name":"3e mill\u00e9naire - Spiritualit\u00e9 - Connaissance de soi - Non-dualit\u00e9 - M\u00e9ditation","article_published_time":"2010-08-27T02:43:11+00:00","article_modified_time":"2011-10-01T00:41:05+00:00","author":"3e mill\u00e9naire","twitter_card":"summary_large_image","twitter_misc":{"\u00c9crit par":"3e mill\u00e9naire","Dur\u00e9e de lecture estim\u00e9e":"7 minutes"},"schema":{"@context":"https:\/\/schema.org","@graph":[{"@type":"Article","@id":"https:\/\/www.revue3emillenaire.com\/blog\/combat-familiers-contre-nos-demons-par-estelle-goldstein\/#article","isPartOf":{"@id":"https:\/\/www.revue3emillenaire.com\/blog\/combat-familiers-contre-nos-demons-par-estelle-goldstein\/"},"author":{"name":"3e mill\u00e9naire","@id":"https:\/\/www.revue3emillenaire.com\/blog\/#\/schema\/person\/9a3a7cc4ccaa707f402d4394327106d5"},"headline":"Combat familiers contre nos d\u00e9mons par Estelle Goldstein","datePublished":"2010-08-27T02:43:11+00:00","dateModified":"2011-10-01T00:41:05+00:00","mainEntityOfPage":{"@id":"https:\/\/www.revue3emillenaire.com\/blog\/combat-familiers-contre-nos-demons-par-estelle-goldstein\/"},"wordCount":1400,"keywords":["Psychologie","Vie int\u00e9rieure"],"articleSection":["Goldstein Estelle"],"inLanguage":"fr-FR"},{"@type":"WebPage","@id":"https:\/\/www.revue3emillenaire.com\/blog\/combat-familiers-contre-nos-demons-par-estelle-goldstein\/","url":"https:\/\/www.revue3emillenaire.com\/blog\/combat-familiers-contre-nos-demons-par-estelle-goldstein\/","name":"Combat familiers contre nos d\u00e9mons par Estelle Goldstein - 3e mill\u00e9naire - Spiritualit\u00e9 - Connaissance de soi - Non-dualit\u00e9 - M\u00e9ditation","isPartOf":{"@id":"https:\/\/www.revue3emillenaire.com\/blog\/#website"},"datePublished":"2010-08-27T02:43:11+00:00","dateModified":"2011-10-01T00:41:05+00:00","author":{"@id":"https:\/\/www.revue3emillenaire.com\/blog\/#\/schema\/person\/9a3a7cc4ccaa707f402d4394327106d5"},"breadcrumb":{"@id":"https:\/\/www.revue3emillenaire.com\/blog\/combat-familiers-contre-nos-demons-par-estelle-goldstein\/#breadcrumb"},"inLanguage":"fr-FR","potentialAction":[{"@type":"ReadAction","target":["https:\/\/www.revue3emillenaire.com\/blog\/combat-familiers-contre-nos-demons-par-estelle-goldstein\/"]}]},{"@type":"BreadcrumbList","@id":"https:\/\/www.revue3emillenaire.com\/blog\/combat-familiers-contre-nos-demons-par-estelle-goldstein\/#breadcrumb","itemListElement":[{"@type":"ListItem","position":1,"name":"Accueil","item":"https:\/\/www.revue3emillenaire.com\/blog\/"},{"@type":"ListItem","position":2,"name":"Combat familiers contre nos d\u00e9mons par Estelle Goldstein"}]},{"@type":"WebSite","@id":"https:\/\/www.revue3emillenaire.com\/blog\/#website","url":"https:\/\/www.revue3emillenaire.com\/blog\/","name":"3e mill\u00e9naire - Spiritualit\u00e9 - Connaissance de soi - Non-dualit\u00e9 - M\u00e9ditation","description":"L&#039;Homme en devenir","potentialAction":[{"@type":"SearchAction","target":{"@type":"EntryPoint","urlTemplate":"https:\/\/www.revue3emillenaire.com\/blog\/?s={search_term_string}"},"query-input":{"@type":"PropertyValueSpecification","valueRequired":true,"valueName":"search_term_string"}}],"inLanguage":"fr-FR"},{"@type":"Person","@id":"https:\/\/www.revue3emillenaire.com\/blog\/#\/schema\/person\/9a3a7cc4ccaa707f402d4394327106d5","name":"3e mill\u00e9naire","url":"https:\/\/www.revue3emillenaire.com\/blog\/author\/admin\/"}]}},"_links":{"self":[{"href":"https:\/\/www.revue3emillenaire.com\/blog\/wp-json\/wp\/v2\/posts\/4431","targetHints":{"allow":["GET"]}}],"collection":[{"href":"https:\/\/www.revue3emillenaire.com\/blog\/wp-json\/wp\/v2\/posts"}],"about":[{"href":"https:\/\/www.revue3emillenaire.com\/blog\/wp-json\/wp\/v2\/types\/post"}],"author":[{"embeddable":true,"href":"https:\/\/www.revue3emillenaire.com\/blog\/wp-json\/wp\/v2\/users\/1"}],"replies":[{"embeddable":true,"href":"https:\/\/www.revue3emillenaire.com\/blog\/wp-json\/wp\/v2\/comments?post=4431"}],"version-history":[{"count":0,"href":"https:\/\/www.revue3emillenaire.com\/blog\/wp-json\/wp\/v2\/posts\/4431\/revisions"}],"wp:attachment":[{"href":"https:\/\/www.revue3emillenaire.com\/blog\/wp-json\/wp\/v2\/media?parent=4431"}],"wp:term":[{"taxonomy":"category","embeddable":true,"href":"https:\/\/www.revue3emillenaire.com\/blog\/wp-json\/wp\/v2\/categories?post=4431"},{"taxonomy":"post_tag","embeddable":true,"href":"https:\/\/www.revue3emillenaire.com\/blog\/wp-json\/wp\/v2\/tags?post=4431"}],"curies":[{"name":"wp","href":"https:\/\/api.w.org\/{rel}","templated":true}]}}