{"id":4465,"date":"2010-08-31T18:34:14","date_gmt":"2010-08-31T17:34:14","guid":{"rendered":"http:\/\/www.revue3emillenaire.com\/blog\/?p=4465"},"modified":"2011-10-01T01:37:52","modified_gmt":"2011-10-01T00:37:52","slug":"quelques-considerations-sur-le-langage-l%e2%80%99art-et-la-pensee-par-roger-farney","status":"publish","type":"post","link":"https:\/\/www.revue3emillenaire.com\/blog\/quelques-considerations-sur-le-langage-l%e2%80%99art-et-la-pensee-par-roger-farney\/","title":{"rendered":"Quelques consid\u00e9rations sur le Langage, l\u2019Art et la Pens\u00e9e par Roger Farney"},"content":{"rendered":"<p style=\"text-align: justify;\">(Revue Synth\u00e8se. No 230-231. Juillet-Ao\u00fbt 1965)<\/p>\n<p style=\"text-align: justify;\">\n<p style=\"text-align: justify;\">Lorsque l&rsquo;esprit humain accueille le reflet que d\u00e9pose en lui l&rsquo;apparence du monde, ou qu&rsquo;il tente de comprendre en sa totalit\u00e9 une id\u00e9e qui ne semble pas le d\u00e9passer encore, c&rsquo;est la m\u00e9ditation ou c&rsquo;est l&rsquo;extase.<\/p>\n<p style=\"text-align: justify;\">\n<p style=\"text-align: justify;\">Celle-ci est imm\u00e9diate, et si l&rsquo;on d\u00e9sire s&rsquo;attarder \u00e0 l&rsquo;\u00e9tymologie du mot qui la d\u00e9signe, elle efface la conscience de soi. Elle ignore donc en principe le souvenir: le mystique va d&rsquo;extase en extase sans pouvoir relier ses illuminations.<\/p>\n<p style=\"text-align: justify;\">\n<p style=\"text-align: justify;\">La m\u00e9ditation au contraire approche progressivement de l&rsquo;id\u00e9e sublime par des recueillements successifs et prolong\u00e9s, la conception finale ne peut donc \u00eatre acquise que par l&rsquo;apport et la confrontation des d\u00e9couvertes faites par la pens\u00e9e au cours de son cheminement. La trame du tableau d\u00e9finitif est compos\u00e9e d&rsquo;\u00e9l\u00e9ments asynchrones que surveille la m\u00e9moire qui les ordonne en les reproduisant \u00e0 l&rsquo;aide des symboles que lui offre aussit\u00f4t un langage int\u00e9rieur.<\/p>\n<p style=\"text-align: justify;\">\n<p style=\"text-align: justify;\">Ces deux processus de la conception sont donc initialement fonction, l&rsquo;un d&rsquo;un \u00e9lan unique qui l&rsquo;anime enti\u00e8rement, l&rsquo;autre de projections qui s&rsquo;engendrent elles-m\u00eames ou se transmettent fid\u00e8lement l&rsquo;\u00e9nergie cr\u00e9atrice, comme les \u00e9tages successifs d&rsquo;une fus\u00e9e cosmique. La charge de panclastite qui doit renouveler l&rsquo;ascension est soutenue et transport\u00e9e par la premi\u00e8re cartouche laquelle avant de s&rsquo;\u00e9puiser, enflamme la suivante afin de lui livrer la puissance n\u00e9cessaire \u00e0 la conqu\u00eate de l&rsquo;\u00e9tendue.<\/p>\n<p style=\"text-align: justify;\">\n<p style=\"text-align: justify;\">Mais la pens\u00e9e ne se divise pas, ses \u00e9l\u00e9ments ne s&rsquo;\u00e9vanouissent pas; ils concourent tous \u00e0 son \u00e9volution continue et se consultent encore en se m\u00ealant pour se f\u00e9conder mutuellement. Or les concepts accumul\u00e9s ne se reconna\u00eetraient pas sans la m\u00e9moire, et la m\u00e9moire ne les retient que par le mot qui offre son symbole \u00e0 l&rsquo;id\u00e9e \u00e0 laquelle il permet de survivre.<\/p>\n<p style=\"text-align: justify;\">\n<p style=\"text-align: justify;\">Le math\u00e9maticien qui pense en dehors de la r\u00e9alit\u00e9 apparente et qui d\u00e9nude les concepts \u00e0 mesure qu&rsquo;il les rationalise, \u00e9conomise son effort en un langage concentr\u00e9 que le philosophe essaye d&rsquo;imiter, sans pouvoir \u00e9viter les d\u00e9finitions que la pr\u00e9cision risque au contraire de prolonger au del\u00e0 du champ permis \u00e0 l&rsquo;entendement. Il lui faudra pourtant les emporter avec lui avant de s&rsquo;engager dans une m\u00e9ditation pr\u00e9par\u00e9e, o\u00f9 les mots s&rsquo;\u00e9largiront progressivement pour lib\u00e9rer la pens\u00e9e pure dont ils auront \u00e9t\u00e9 les auxiliaires n\u00e9cessaires.<\/p>\n<p style=\"text-align: justify;\">\n<p style=\"text-align: justify;\">Ils ne s&rsquo;effaceront pas cependant pour autant; d\u00e9positaires des premi\u00e8res d\u00e9couvertes intellectuelles ou sensibles, et gardiens des entit\u00e9s initiales, ils demeurent dans l&rsquo;esprit pour en diriger les \u00e9lans. Impr\u00e9gn\u00e9s d&rsquo;un id\u00e9al qu&rsquo;ils ont embrass\u00e9 un instant, ils ornent la pens\u00e9e qui semble se poursuivre sans eux et bercent sa d\u00e9marche d&rsquo;une harmonie souvent discr\u00e8te, mais toujours stimulante.<\/p>\n<p style=\"text-align: justify;\">\n<p style=\"text-align: justify;\">L&rsquo;aur\u00e9ole d&rsquo;irr\u00e9el dont ils sont entour\u00e9s leur conf\u00e8re \u00e0 ce moment une vie parall\u00e8le qui \u00e9voque par l&rsquo;intuition une \u00e9volution moins rigoureuse, mais r\u00e9pand \u00e0 son passage une essence p\u00e9n\u00e9trante. L&rsquo;harmonie des accents inspir\u00e9s suffit \u00e0 cr\u00e9er un monde int\u00e9rieur qui confie au po\u00e8te l&rsquo;ex\u00e9g\u00e8se de l&rsquo;autre; la cadence des mots et leurs combinaisons exaltent la pens\u00e9e, comme les sons qui hantent le musicien ou comme les couleurs qui frappent l&rsquo;\u0153il du peintre.<\/p>\n<p style=\"text-align: justify;\">\n<p style=\"text-align: justify;\">Sous des formes diversement sensibles, ce langage \u00e9sot\u00e9rique ne permet sans doute un \u00e9change qu&rsquo;entre des intelligences naturellement s\u00e9lectionn\u00e9es, et l&rsquo;objet m\u00eame de ses r\u00e9v\u00e9lations se modifie en se transmettant de l&rsquo;une \u00e0 l&rsquo;autre avec la seule subsistance d&rsquo;une m\u00e9lodie qui pressent la v\u00e9rit\u00e9 sans la d\u00e9voiler tout \u00e0 fait. Mais tous les hommes ne l&rsquo;entendent pas de la m\u00eame mani\u00e8re; elle s&rsquo;incline en chacun d&rsquo;eux suivant la forme, les dispositions et pour ainsi dire, la courbure de l&rsquo;esprit individuel.<\/p>\n<p style=\"text-align: justify;\">\n<p style=\"text-align: justify;\">Chacun de nous ne comprend ais\u00e9ment en effet que ce\u00a0 qu&rsquo;il est capable d&rsquo;imaginer sans un effort contraire \u00e0 sa nature. La conscience se veut donc originale, et n&rsquo;accepte du monde qu&rsquo;une image retouch\u00e9e, d&rsquo;ailleurs innocemment. Mais cet essai de cr\u00e9ation m\u00eame partielle suffit \u00e0 d\u00e9former tout d&rsquo;abord la signification des verbes propos\u00e9s.<\/p>\n<p style=\"text-align: justify;\">\n<p style=\"text-align: justify;\">Ainsi, de m\u00eame qu&rsquo;il y a plusieurs modes de spiritualisation, il y a deux langages; celui des enseignements et des premiers \u00e9changes, et celui de la solitude, qui est le seul sinc\u00e8re. L&rsquo;entente et la collaboration spirituelles ne commencent vraiment que lorsque deux solitudes se sont rejointes, et s&rsquo;\u00e9pousent. Une telle conjonction est n\u00e9cessaire \u00e0 la poursuite de la pens\u00e9e cr\u00e9atrice; elle ne peut pas ne pas se produire t\u00f4t ou tard, et comme le nombre des penseurs d\u00e9passe immens\u00e9ment le nombre des vivants, chacun est appel\u00e9 \u00e0 d\u00e9couvrir quelque part dans le temps l&rsquo;expression d&rsquo;une id\u00e9e qu&rsquo;il sent germer en lui aujourd&rsquo;hui et dont il retrouve d\u00e9j\u00e0 l&#8217;embryon \u00e0 l&rsquo;\u00e9poque o\u00f9, \u00e9crit ou prononc\u00e9 peut-\u00eatre par hasard, le mot l&rsquo;avait laiss\u00e9e.<\/p>\n<p style=\"text-align: justify;\">\n<p style=\"text-align: justify;\">Du jour o\u00f9 Leucippe songea l&rsquo;atome et lui donna un nom, la physique nucl\u00e9aire \u00e9tait annonc\u00e9e; ce nom, tra\u00eenant l&rsquo;id\u00e9e derri\u00e8re lui, s&rsquo;installa dans la m\u00e9moire des hommes et devint familier \u00e0 l&rsquo;esprit, s&rsquo;insinuant dans ses d\u00e9lib\u00e9rations secr\u00e8tes et s&rsquo;offrant \u00e0 ses conceptions.<\/p>\n<p style=\"text-align: justify;\">\n<p style=\"text-align: justify;\">Celles-ci, longtemps entretenues \u00e0 l&rsquo;\u00e9tat naissant, demeur\u00e8rent inutilis\u00e9es jusqu&rsquo;au jour o\u00f9, apr\u00e8s avoir contempl\u00e9 passionn\u00e9ment les espaces c\u00e9lestes, les philosophes c\u00e9dant \u00e0 la curiosit\u00e9 des choses plus prochaines se pench\u00e8rent vers la mati\u00e8re et devinrent physiciens. D\u00e8s lors, pr\u00e9cipit\u00e9e par leurs d\u00e9couvertes soudaines et r\u00e9p\u00e9t\u00e9es, l&rsquo;imagination n&rsquo;a plus le temps de pr\u00e9c\u00e9der la connaissance, qui s&rsquo;impose aussit\u00f4t sans pr\u00e9paration spirituelle, et la parole \u00e9chappant \u00e0 la pens\u00e9e d&rsquo;essence g\u00e9n\u00e9rale, n&rsquo;est plus d\u00e9sormais employ\u00e9e que pour d\u00e9crire et pour transmettre des faits dont la liste s&rsquo;allonge trop vite pour enrichir imm\u00e9diatement l&rsquo;esprit qui les accueille.<\/p>\n<p style=\"text-align: justify;\">\n<p style=\"text-align: justify;\">Heureusement que le langage int\u00e9rieur en r\u00e9p\u00e8te le d\u00e9roulement avec une lenteur mesur\u00e9e \u00e0 la cadence dont l&rsquo;intelligence a besoin pour s&rsquo;assurer la possession d&rsquo;une connaissance nouvelle, et non sans avoir fix\u00e9 par des mots chacun des moments de son enseignement.<\/p>\n<p style=\"text-align: justify;\">\n<p style=\"text-align: justify;\">Un homme de science, qui n&rsquo;est par cons\u00e9quent pas suspect de p\u00e9ch\u00e9 litt\u00e9raire, M. Louis de Broglie, n&rsquo;a-t-il pas justement d\u00e9clar\u00e9: \u00ab seul le langage ordinaire &#8230; permet de formuler des id\u00e9es vraiment neuves et de justifier leur introduction par des suggestions ou des analogies \u00bb. Des similitudes inattendues s&rsquo;offrent en effet au regard de celui qui ouvre les yeux, et l&rsquo;\u00e9clairent comme si, par transparence, il devinait l&rsquo;unit\u00e9 de l&rsquo;univers et l&rsquo;\u00e9quilibre des lois, ou simplement des habitudes qui l&rsquo;animent. Une transposition suffit pour en reconna\u00eetre l&rsquo;aveu dans tous les mouvements dont nous sommes t\u00e9moins, ou dont nous pourrions l&rsquo;\u00eatre.<\/p>\n<p style=\"text-align: justify;\">\n<p style=\"text-align: justify;\">Soutenue par l&rsquo;\u00e9motion de la trouvaille, la raison ne s&rsquo;immobilise pas en face des ph\u00e9nom\u00e8nes qui se pr\u00e9sentent devant elle, et m\u00eame ce qui n&rsquo;est pas encore con\u00e7u tr\u00e8s clairement s&rsquo;exprime par des mots connus, cependant que le langage employ\u00e9 n&rsquo;est d\u00e9j\u00e0 plus \u00ab ordinaire \u00bb et que la recherche des verbes \u00e0 la poursuite du symbole constitue un effort essentiellement spirituel pour envelopper la v\u00e9rit\u00e9 qui appara\u00eet enfin comme la forme la plus parfaitement harmonieuse d&rsquo;une pens\u00e9e r\u00e9alisable.<\/p>\n<p style=\"text-align: justify;\">\n<p style=\"text-align: justify;\">Toutes les disciplines de l&rsquo;esprit concourent spontan\u00e9ment \u00e0 sa reproduction, ce qui semble prouver assez que la distinction que l&rsquo;on se pla\u00eet \u00e0 faire entre l&rsquo;esprit scientifique et l&rsquo;esprit artistique est tout \u00e0 fait artificielle. Ce n&rsquo;est que par la finesse de leur pr\u00e9cision que leurs vues diff\u00e8rent entre elles, comme les images qui viennent s&rsquo;inscrire sur la r\u00e9tine, apr\u00e8s avoir \u00e9t\u00e9 d\u00e9form\u00e9es en chemin par l&rsquo;\u0153il qui les re\u00e7oit.<\/p>\n<p style=\"text-align: justify;\">\n<p style=\"text-align: justify;\">Ainsi chacun acquiert de chaque objet du monde une repr\u00e9sentation personnelle dont l&rsquo;originalit\u00e9 reste inconnue sous l&rsquo;\u00e9tiquette commune qui la d\u00e9signe aux autres hommes. La soci\u00e9t\u00e9 est en effet gardienne du langage; bonne ou mauvaise, elle est d\u00e9positaire des pens\u00e9es qui nous ont \u00e9t\u00e9 ch\u00e8res et que nous avons cru n\u00f4tres. Et finalement seul ce qui fut ineffable demeure notre lot, seul ce qu&rsquo;on aura su suivra l&rsquo;esprit individuel et le sort \u00e9ph\u00e9m\u00e8re de sa pr\u00e9sence.<\/p>\n<p style=\"text-align: justify;\">\n<p style=\"text-align: justify;\">Cette promesse du silence et de l&rsquo;oubli nous engage \u00e0 nous h\u00e2ter d&rsquo;exprimer les r\u00eaves qui nous habitent, comme pour d\u00e9poser leur essence quelque part o\u00f9 nous ne sommes d\u00e9j\u00e0 plus. Mais un tel message ne doit atteindre que l&rsquo;\u00e9lu, et c&rsquo;est par une protection toute naturelle qu&rsquo;il rev\u00eat une forme \u00e9sot\u00e9rique sous laquelle il demeure insensible au vulgaire. Variable et diverse, cette forme elle-m\u00eame peut en \u00eatre aussi multiple que le m\u00e9lange \u00e9ventuel des id\u00e9es et des sentiments qu&rsquo;elle recouvre, et les mots sont souvent trop pr\u00e9cis pour d\u00e9signer avec bonheur une tendance incertaine, pour exprimer une pens\u00e9e qui d\u00e9sire rester h\u00e9sitante afin de croire \u00e0 sa libert\u00e9.<\/p>\n<p style=\"text-align: justify;\">\n<p style=\"text-align: justify;\">Seules les manifestations artistiques de l&rsquo;intelligence traduisent les \u00e9motions, dont la raison d&rsquo;ailleurs se d\u00e9gage rarement tout enti\u00e8re, d&rsquo;une mani\u00e8re assez vague pour \u00e9voquer parmi tant d&rsquo;autres et sans despotisme, \u00e0 la fois celle qu&rsquo;une \u00e2me \u00e9prouve le besoin de transmettre et celle qu&rsquo;une autre appelle et d\u00e9sire accueillir.<\/p>\n<p style=\"text-align: justify;\">\n<p style=\"text-align: justify;\">Ainsi deux consciences qui aspirent \u00e0 la contemplation conjointe d&rsquo;un m\u00eame id\u00e9al, assurent leur communion d\u00e8s qu&rsquo;elles ont laiss\u00e9 les pens\u00e9es qu&rsquo;elles abritaient suivre l&rsquo;onde d&rsquo;une harmonie qui les entraine vers le but qu&rsquo;elles n&rsquo;atteindront peut-\u00eatre pas ensemble. D&rsquo;ailleurs o\u00f9 est le but ? N&rsquo;est-il pas ce mouvement m\u00eame qui ob\u00e9it au rythme de la beaut\u00e9 et de la v\u00e9rit\u00e9 ? N&rsquo;est-il pas le chant, la couleur ou la forme que l&rsquo;homme, artiste ou savant, s&rsquo;efforce de cr\u00e9er \u00e0\u00a0 l&rsquo;image d&rsquo;un monde dont il veut exprimer les lois ou les caprices ?<\/p>\n<p style=\"text-align: justify;\">\n<p style=\"text-align: justify;\">C&rsquo;est bien sous cet aspect que se manifeste en effet la participation de l&rsquo;homme \u00e0 l&rsquo;\u0153uvre continue des recommencements toujours incomparables. On dirait que le mot associ\u00e9 \u00e0 la cadence de la musique ou \u00e0 la vibration de la couleur, acquiert une puissance qui perce d&rsquo;un seul trait la surface de l&rsquo;apparence et qui p\u00e9n\u00e8tre au sein de l&rsquo;indicible. Il n&rsquo;est alors \u00e9mis que pour d\u00e9signer ce qui sans lui serait inconnaissable, et la phrase qui l&rsquo;enveloppe essaye de d\u00e9finir ce qui ne peut pas l&rsquo;\u00eatre tout \u00e0 fait sans une synth\u00e8se cr\u00e9atrice.<\/p>\n<p style=\"text-align: justify;\">\n<p style=\"text-align: justify;\">C&rsquo;est ainsi que pour trouver et pour atteindre le c\u0153ur de sa pens\u00e9e qui se transforme et se multiplie, et puis s&rsquo;\u00e9loigne de lui comme un mirage, le philosophe s&rsquo;abandonne parfois \u00e0 l&rsquo;intuition po\u00e9tique et se transporte avec elle au but qui allait lui \u00e9chapper.<\/p>\n<p style=\"text-align: justify;\">\n<p style=\"text-align: justify;\">Le probl\u00e8me des universaux est loin d&rsquo;\u00eatre \u00e9puis\u00e9, et ses apories subsisteront longtemps sans doute encore; le nominalisme et le r\u00e9alisme, auxquels viennent s&rsquo;ajouter le conceptualisme et plus tard, la ph\u00e9nom\u00e9nologie, sont rajeunis sans cesse pour la plus grande joie des esprits qui proposent encore l&rsquo;une ou l&rsquo;autre doctrine avec une assurance \u00e9gale, apr\u00e8s l&rsquo;avoir \u00e9tablie sur des preuves aussi convaincantes, que leur g\u00e9nie les incite \u00e0 creuser, et chacun d&rsquo;eux y puise une vigueur qui leur permet \u00e0 tous de s&rsquo;\u00e9lever ensemble au del\u00e0 du monde sensible et loin de son contact.<\/p>\n<p style=\"text-align: justify;\">\n<p style=\"text-align: justify;\">A la v\u00e9rit\u00e9, il n&rsquo;est pas l\u00e9gitime de fixer d&rsquo;une mani\u00e8re rationnelle un mode universel \u00e0 la Weltanschauung. Les communications entre la conscience et le monde empruntent plusieurs voies qui n&rsquo;ont pas pour chacun la m\u00eame valeur ou la m\u00eame importance, et qui surtout ne sont pas \u00e9clair\u00e9es par la m\u00eame lumi\u00e8re. D&rsquo;ailleurs les caprices de l&rsquo;apparence varient moins avec la r\u00e9alit\u00e9 sous-jacente que suivant les dispositions intentionnelles des spectateurs qui se ressemblent tous et sont tous diff\u00e9rents; quelques-uns regardent autour d&rsquo;eux sans pouvoir contenir l&rsquo;\u00e9motion qui les emp\u00eache d&rsquo;observer, d&rsquo;autres pour bien saisir chaque instant et la vie qu&rsquo;il entra\u00eene, ouvrent tout grands les yeux. D&rsquo;autres enfin les ferment, comme pour mieux voir le reflet int\u00e9rieur et spirituel des choses.<\/p>\n<p style=\"text-align: justify;\">\n<p style=\"text-align: justify;\">Chacun pr\u00e9l\u00e8ve ainsi \u00e0 sa fa\u00e7on une parcelle de ce qu&rsquo;on est convenu d&rsquo;appeler la v\u00e9rit\u00e9 objective, et chacun surtout se h\u00e2te d&rsquo;exprimer le secret de ses m\u00e9ditations et de livrer le fruit de ses silences. C&rsquo;est la ran\u00e7on que paie \u00e0 la soci\u00e9t\u00e9 le solitaire, \u00e0 travers lui-m\u00eame; non pas d&rsquo;ailleurs sans un obscur espoir de r\u00e9compense.<\/p>\n<p style=\"text-align: justify;\">\n<p style=\"text-align: justify;\">Le philosophe n&rsquo;y songe certainement pas: sa pens\u00e9e tout enti\u00e8re ne tend qu&rsquo;\u00e0 sa rencontre avec l&rsquo;\u00catre<a href=\"#_ftn1\">[1]<\/a>. Mais les sages ne sont pas les plus nombreux, et leur sagesse m\u00eame a parfois des lacunes o\u00f9 l\u2019image appara\u00eet de leur propre personne et de ce qu&rsquo;elle repr\u00e9sente de richesse et de fragilit\u00e9.<\/p>\n<p style=\"text-align: justify;\">\n<p style=\"text-align: justify;\">D\u00e8s lors, s&rsquo;ils tiennent \u00e0 pr\u00e9server cette puissance possible et si mal prot\u00e9g\u00e9e, ils devront humblement se tourner vers la foule; l&rsquo;ensemble de l&rsquo;humanit\u00e9, par le renouvellement continu de la jeunesse \u00e0 l&rsquo;int\u00e9rieur du groupe, offre seul en effet \u00e0 l&rsquo;individu le soutien de sa dur\u00e9e qui semble r\u00e9pondre \u00e0 son d\u00e9sir d&rsquo;immortalit\u00e9.<\/p>\n<p style=\"text-align: justify;\">\n<p style=\"text-align: justify;\">Espoir na\u00eff que la raison n&rsquo;autoriserait pas, si elle \u00e9tait consult\u00e9e et parfois entendue. Mais l&rsquo;illusion est n\u00e9cessaire pour maintenir l&rsquo;\u00e9lan de la pens\u00e9e qui esp\u00e8re traverser, m\u00eame embaum\u00e9e, les si\u00e8cles de l&rsquo;histoire humaine: tourment\u00e9e par la fuite et l&rsquo;\u00e9coulement des choses, la conscience ne peut \u00e9chapper \u00e0 l&#8217;emprise du temps qu&rsquo;en s&rsquo;enfermant d&rsquo;une mani\u00e8re ind\u00e9finie dans la dur\u00e9e.<\/p>\n<p style=\"text-align: justify;\">\n<p style=\"text-align: justify;\">Ainsi la soci\u00e9t\u00e9 ressaisit ce qu&rsquo;elle avait donn\u00e9: elle avait transmis le langage, elle recueille plus ou moins fid\u00e8lement les pens\u00e9es exprim\u00e9es gr\u00e2ce \u00e0 lui. Tout se passe comme si la foule \u00e9tait le grand juge et l&rsquo;arbitre supr\u00eame de notre vie int\u00e9rieure, c&rsquo;est-\u00e0-dire comme si le nombre des approbations conf\u00e9rait \u00e0 celles-ci une valeur qualitative infaillible et d\u00e9finitive. Et l&rsquo;on voit mal d&rsquo;ailleurs comment il pourrait en advenir autrement, \u00e0 quel autre d\u00e9positaire pourrait \u00eatre confi\u00e9 le r\u00eave qui va se disperser.<\/p>\n<p style=\"text-align: justify;\">\n<p style=\"text-align: justify;\">La r\u00e9alit\u00e9 n&rsquo;est jamais qu&rsquo;une apparence qui se prolonge et dont la forme incertaine s&rsquo;inscrit comme elle peut quelque part, afin d&rsquo;\u00eatre un jour r\u00e9p\u00e9t\u00e9e comme un mot qui dans un livre attend d&rsquo;\u00eatre relu. Les formules en effet que renferme un recueil sont inertes, mais la pens\u00e9e rena\u00eet et jaillit chaque fois que l&rsquo;esprit les consulte et les sollicite, et parfois m\u00eame, rien qu&rsquo;\u00e0 le prononcer, ne croit-on pas qu&rsquo;un mot diabolique ou divin provoque des miracles ?<\/p>\n<p style=\"text-align: justify;\">\n<p style=\"text-align: justify;\">Elles servent alors pour ainsi dire \u00e0 sceller avec l&rsquo;au-del\u00e0 une liaison mystique \u00e0 travers l&rsquo;ignorance, par la pri\u00e8re ou par l&rsquo;invocation, \u00e0 r\u00e9veiller le ferment inconnu qui refuse de s&rsquo;isoler, \u00e0 d\u00e9voiler enfin par surprise le divin qui \u00e9claire nos id\u00e9es sans que nous en reconnaissions aussit\u00f4t la lumi\u00e8re.<\/p>\n<p style=\"text-align: justify;\">\n<p style=\"text-align: justify;\">Il y a cent mani\u00e8res et plus, toutes parfaites, d&rsquo;exprimer la beaut\u00e9, mais elles risquent de d\u00e9faillir \u00e0 mesure qu&rsquo;elles se r\u00e9alisent. L&rsquo;artiste ou le penseur s&rsquo;efforce n\u00e9cessairement de traduire l&rsquo;id\u00e9al qu&rsquo;il con\u00e7oit, mais il rencontre avec la foi de n&rsquo;y pas parvenir l&rsquo;espoir et m\u00eame la certitude de chercher encore \u00e0 le faire.<\/p>\n<p style=\"text-align: justify;\">\n<p style=\"text-align: justify;\">S&rsquo;il ne rencontre pas le mot qui d\u00e9finit l&rsquo;harmonie pressentie, ses yeux entreverront peut-\u00eatre la ligne qui en dessine le contour, ou les couleurs qui l&rsquo;\u00e9clairent, ou bien il entendra les accords et la symphonie qui s&rsquo;\u00e9chappent du r\u00eave qu&rsquo;il en a fait, et sans griser sa raison, l&rsquo;art en lui choisira la forme qui convient le mieux \u00e0 son \u00e9volution sensorielle pour approcher d&rsquo;un id\u00e9al dont il pourra contempler le reflet, apr\u00e8s l&rsquo;avoir produit lui-m\u00eame<a href=\"#_ftn2\">[2]<\/a>.<\/p>\n<p style=\"text-align: justify;\">\n<p style=\"text-align: justify;\">Il y a bien longtemps que l&rsquo;homme a commenc\u00e9 \u00e0 consid\u00e9rer les ph\u00e9nom\u00e8nes qui l&rsquo;environnent, et depuis qu&rsquo;il est n\u00e9, son esprit s&rsquo;affine \u00e0 les observer; il a d\u00e9couvert lentement l\u2019encha\u00eenement des causes et les lois qui les commandent, et qui semblent assez fixes pour attendre, avant d&rsquo;appara\u00eetre dans la conscience que nous sommes apparemment seuls \u00e0 poss\u00e9der.<\/p>\n<p style=\"text-align: justify;\">\n<p style=\"text-align: justify;\">Parmi ceux d&rsquo;entre nous qui cherchent \u00e0 conna\u00eetre, il y a deux grandes familles intellectuelles: celles des visionnaires qui ne communient en toutes choses qu&rsquo;avec l&rsquo;aspect \u00e9ternel qu&rsquo;elles offrent au regard pr\u00e9venu, et celle des apprentis sorciers<a href=\"#_ftn3\">[3]<\/a> qui pr\u00e9tendent tirer de la nature un enseignement de puissance et d&rsquo;utilit\u00e9 imm\u00e9diate. Les premiers s&rsquo;attardent aux causes, les autres s&rsquo;attachent aux effets; tous apportent cependant \u00e0 la m\u00e9moire sociale leur moment et leurs tentatives.<\/p>\n<p style=\"text-align: justify;\">\n<p style=\"text-align: justify;\">Le monde s&rsquo;est offert en entier d&rsquo;un seul coup aux cr\u00e9atures qui l&rsquo;habitent, mais depuis un nombre inconcevable de mill\u00e9naires les consciences humaines n&rsquo;en ont d\u00e9chiffr\u00e9 qu&rsquo;un lambeau, et les mots qui \u00e9voquent ou pressentent un myst\u00e8re signaleront encore aux esprits la pr\u00e9sence de l&rsquo;inconnaissable jusqu&rsquo;\u00e0 l&rsquo;accomplissement de leur destin. Cependant l&rsquo;in\u00e9puisable diversit\u00e9 nous ram\u00e8ne par l&rsquo;infini vers la voie de l&rsquo;unit\u00e9, et les symboles du langage affermissent la d\u00e9marche de l&rsquo;imagination qui nous a permis et nous permet encore de savoir avant de conna\u00eetre.<\/p>\n<p style=\"text-align: justify;\">\n<p style=\"text-align: justify;\">Mais une science imaginaire ne se communique pas ais\u00e9ment; elle pr\u00e9f\u00e8re demeurer dans le secret de la pens\u00e9e. D&rsquo;ailleurs elle n&rsquo;ob\u00e9it pas \u00e0 des r\u00e8gles pr\u00e9cises, et son objet m\u00e9tempirique rev\u00eat des formes tellement dissemblables qu&rsquo;elles paraissent \u00e9trang\u00e8res les unes aux autres, cependant que son vocabulaire les confond dans l&rsquo;absolu qu&rsquo;elle s&rsquo;efforce de traduire.<\/p>\n<p style=\"text-align: justify;\">\n<p style=\"text-align: justify;\">Contrairement \u00e0 l&rsquo;h\u00e9sitation et presque \u00e0 la paralysie du langage qui a \u00e9t\u00e9 constat\u00e9e pr\u00e9c\u00e9demment en face des sciences physiques, les mots ici suivent les observations r\u00e9v\u00e9latrices avec d&rsquo;autant moins de surprise qu&rsquo;elles sont g\u00e9n\u00e9ralement en retard sur le pressentiment et sur la pr\u00e9notion surgie on ne sait comme, dans l&rsquo;esprit.<\/p>\n<p style=\"text-align: justify;\">\n<p style=\"text-align: justify;\">Nous risquons \u00e0 vrai dire de nous \u00e9loigner de toute expression verbale, car cette notion liminaire n&rsquo;est souvent qu&rsquo;une intuition qui resterait ineffable si l&rsquo;esprit, p\u00e9n\u00e9tr\u00e9 de l&rsquo;essence de la pens\u00e9e, ne t\u00e2chait pas naturellement de d\u00e9finir pour elle une forme sensible, et de lui attacher un nom qui permette de la reconna\u00eetre. D&rsquo;une fa\u00e7on peut\u00a0 g\u00e9n\u00e9rale on peut dire que l&rsquo;homme pensant \u00e9prouve la n\u00e9cessit\u00e9 de fixer les aspects de ses \u00e9motions et de symboliser les id\u00e9es ou les choses qui font na\u00eetre son enthousiasme; mais la locution ou le terme par lequel l&rsquo;inventeur les d\u00e9signe n&rsquo;est pas aussit\u00f4t \u00e9changeable, et le nom qu&rsquo;il a choisi n&rsquo;est pas absolument transmissible aux esprits qui l&rsquo;entourent, m\u00eame s&rsquo;ils d\u00e9sirent l&rsquo;accompagner.<\/p>\n<p style=\"text-align: justify;\">\n<p style=\"text-align: justify;\">Un m\u00eame mot peut m\u00eame couvrir pour ceux qui le prononcent des concepts si disparates que chaque esprit suit un chemin oppos\u00e9, bien qu&rsquo;ils parviennent parfois ensemble \u00e0 la m\u00eame clairi\u00e8re.<\/p>\n<p style=\"text-align: justify;\">\n<p style=\"text-align: justify;\">Le langage n&rsquo;a-t-il pas ici jou\u00e9 son r\u00f4le social ? A-t-il failli \u00e0 sa fonction de syst\u00e8me fiduciaire d&rsquo;une pens\u00e9e subtile, ou bien est-ce l&rsquo;effet d&rsquo;une surdit\u00e9 mentale environnante qui l&#8217;emp\u00eache de se r\u00e9pandre ? Certains mots enfin se heurtent-ils \u00e0 quelque obscure volont\u00e9 qui refuse aveugl\u00e9ment toute cr\u00e9ation \u00e9trang\u00e8re ?<\/p>\n<p style=\"text-align: justify;\">\n<p style=\"text-align: justify;\">Sans doute \u00e0 l&rsquo;origine sont-ils amphigouriques ou r\u00e9serv\u00e9s, avant de devenir univoques et communs. Les philosophes ont en effet d\u00e8s longtemps l&rsquo;habitude de faire pr\u00e9c\u00e9der les th\u00e9ories qu&rsquo;ils proposent d&rsquo;un glossaire qui leur est d&rsquo;abord personnel et qui leur demeure particulier. On aboutit ainsi \u00e0 une logomachie qui tend \u00e0 obscurcir ce qui doit s&rsquo;\u00e9clairer.<\/p>\n<p style=\"text-align: justify;\">\n<p style=\"text-align: justify;\">Un tel combat o\u00f9 se mesure mal la port\u00e9e des armes employ\u00e9es, assure rarement le triomphe d&rsquo;une v\u00e9rit\u00e9, quoique l&rsquo;intelligence acqui\u00e8re \u00e0 la pratique de cet exercice une vigueur et une pr\u00e9cision qui deviendraient f\u00e9condes en se convertissant. Le danger subsiste cependant que le mot se s\u00e9pare ou se vide de toute \u00e9vocation, m\u00eame fantaisiste, et ne soit plus qu&rsquo;un son dont chacun s&rsquo;inspire \u00e0 sa guise.<\/p>\n<p style=\"text-align: justify;\">\n<p style=\"text-align: justify;\">Descartes jugeait s\u00e9v\u00e8rement cet \u00e9change d&rsquo;expressions verbales qui n&rsquo;ont pas de substance: \u00ab La plupart des hommes,\u00a0 \u00e9crit-il<a href=\"#_ftn4\">[4]<\/a>, accordent leur attention aux paroles plut\u00f4t qu&rsquo;aux choses, ce qui fait qu&rsquo;ils donnent bien souvent leur assentiment \u00e0 des termes qu&rsquo;ils n&rsquo;entendent pas. \u00ab On pourrait transposer ces lignes trop sens\u00e9es, sans d&rsquo;ailleurs les contredire, en constatant que bien souvent, \u00e0 l&rsquo;imitation des notes musicales, les syllabes s&rsquo;\u00e9mancipent de toute d\u00e9signation pr\u00e9cise et que leur sonorit\u00e9 s&rsquo;attarde volontiers \u00e0 faire vibrer l\u2019enveloppe des sentiments, avant d&rsquo;approcher la raison qu&rsquo;elles n&rsquo;\u00e9branleraient peut-\u00eatre pas, si m\u00eame elles atteignaient par hasard son domaine.<\/p>\n<p style=\"text-align: justify;\">\n<p style=\"text-align: justify;\">Cette pr\u00e9tention du langage \u00e0 l&rsquo;autonomie, qui le purifie de toute utilit\u00e9, tendrait \u00e0 le faire classer parmi les arts et serait d\u00e8s lors fort estimable, si l&rsquo;id\u00e9e qu&rsquo;il avait mission de convoyer n&rsquo;\u00e9tait pas ingratement rejet\u00e9e par lui comme un souci superflu.<\/p>\n<p style=\"text-align: justify;\">\n<p style=\"text-align: justify;\">Ceux qui chantent l&rsquo;impond\u00e9rable et qui exaltent l&rsquo;inconnu pour s&rsquo;enivrer de son myst\u00e8re, ne r\u00e9alisent que la moiti\u00e9 de leur destin si leur inspiration ne les emporte pas au del\u00e0 de l&rsquo;image devant qui leur g\u00e9nie se paralyse au lieu d&rsquo;\u00e9clore.<\/p>\n<p style=\"text-align: justify;\">\n<p style=\"text-align: justify;\">Heureusement que les po\u00e8tes, dont la voix est toujours \u00e9cout\u00e9e, semblent avoir depuis longtemps devin\u00e9 qu&rsquo;un mot, surtout \u00e9trange, peut \u00e9veiller de la pens\u00e9e. Nous n&rsquo;ignorons pas, du reste, que d\u00e8s l&rsquo;origine de l&rsquo;\u00e9criture, les id\u00e9es pures et leurs expressions passionn\u00e9es se sont poursuivies sous la conduite altern\u00e9e des unes et des autres. L&rsquo;examen de leurs modulations r\u00e9centes nous enseignerait mieux que l&rsquo;histoire lointaine le sens de leur \u00e9volution : tandis que les sciences physiques ont presque chaque jour besoin de forger des mots neufs pour annoncer leurs d\u00e9couvertes, les contemplatifs se croient tenus de rajeunir les sentiments humains en les rev\u00eatant de formules in\u00e9dites et en les approchant d&rsquo;images inattendues.<\/p>\n<p style=\"text-align: justify;\">\n<p style=\"text-align: justify;\">H\u00e9ritiers r\u00e9tifs des ma\u00eetres du lexique et de la grammaire, Romantiques, D\u00e9cadents, Symbolistes se sont succ\u00e9d\u00e9 dans les acad\u00e9mies, aux yeux des foules \u00e9bahies. A partir de Victor Hugo, le mot domine la pens\u00e9e: son g\u00e9nie verbal le divinise<a href=\"#_ftn5\">[5]<\/a>. N&rsquo;a-t-il pas dit lui-m\u00eame, avec ce go\u00fbt parfois f\u00e2cheux pour l&rsquo;\u00e9quivoque et le calembour qu&rsquo;il vitup\u00e8re par ailleurs: \u00ab &#8230; le mot c&rsquo;est le verbe, et le verbe c&rsquo;est Dieu \u00bb.<\/p>\n<p style=\"text-align: justify;\">\n<p style=\"text-align: justify;\">Depuis, les Parnassiens ont cherch\u00e9 le mot rare et sonore. Apr\u00e8s eux, maintenant, le mot superbe est d\u00e9daign\u00e9 lui-m\u00eame; d\u00e9laissant le rythme classique et les r\u00e9p\u00e9titions harmonieuses, on assemble au hasard des syllabes dont l&rsquo;union ne r\u00e9v\u00e8le aucune signification, comme si d\u00e9j\u00e0 sorties d&rsquo;une machine extra-humaine, elles ne rencontraient que par accident une id\u00e9e incertaine, sans exhaler pour autant une musique inspirante qui justifierait l&rsquo;artifice employ\u00e9.<\/p>\n<p style=\"text-align: justify;\">\n<p style=\"text-align: justify;\">En nous entra\u00eenant, comme elle nous y convie, \u00e0 suivre leurs \u00e9chos, l&rsquo;\u00e9cole du Lettrisme, puisque c&rsquo;est l\u00e0 son nom, nous ferait oublier \u00e0 la fois l&rsquo;essence des choses subtiles qui traversent plus ou moins gravement la conscience, et l&rsquo;art que l&rsquo;homme a construit d&rsquo;exprimer leur passage, neutralisant ainsi d&rsquo;un seul coup les deux p\u00f4les qui ont attir\u00e9 notre curiosit\u00e9 et qui la retiennent ici.<\/p>\n<p style=\"text-align: justify;\">\n<p style=\"text-align: justify;\">De semblables manifestations r\u00e9volutionnaires, qui sont du reste presque p\u00e9riodiques, t\u00e9moignent certainement de la jeunesse persistante des g\u00e9n\u00e9rations successivement renaissantes; mais elles s&rsquo;\u00e9teignent et se dispersent dans l&rsquo;oubli plus vite encore que celles-ci. Quelle qu&rsquo;elle soit, leur influence ne pourrait donc \u00eatre qu&rsquo;\u00e9ph\u00e9m\u00e8re, ce qui serait peut-\u00eatre dommage, car proposer un choix \u00e0 l&rsquo;adolescent c&rsquo;est l&rsquo;\u00e9loigner de l&rsquo;agglutination des consciences. Or c&rsquo;est ici que se pr\u00e9cise la menace contre la perp\u00e9tuation de l&rsquo;intelligence, d\u00e8s qu&rsquo;elle n&rsquo;a pour objet qu&rsquo;elle-m\u00eame, et que la contemplation qui l&rsquo;absorbe ne vise pas \u00e0 une utilisation prochaine et apparente: l&rsquo;aveu d&rsquo;une cr\u00e9ation spirituelle ne se transmet pas tout \u00e0 fait sans une collaboration de celui qui l&rsquo;\u00e9coute, et la pens\u00e9e ne peut avoir d&rsquo;\u00e9cho que dans le silence, c&rsquo;est-\u00e0-dire dans la solitude. Mais t\u00f4t ou tard la parole int\u00e9rieure d\u00e9sire s&rsquo;exprimer et se r\u00e9pandre, comme la poussi\u00e8re de pollen qui semble s&rsquo;\u00e9garer au gr\u00e9 des vents, et s&rsquo;en va quelque part f\u00e9conder la cellule qui l&rsquo;attend.<\/p>\n<p style=\"text-align: justify;\">\n<p style=\"text-align: justify;\">Le chant du solitaire rencontrera-t-il encore demain une r\u00e9ponse \u00e0 l&rsquo;\u00e9cho qu&rsquo;il \u00e9veillera ? Qui pourrait l&rsquo;affirmer aujourd&rsquo;hui.<\/p>\n<p style=\"text-align: justify;\">\n<p style=\"text-align: justify;\">En retra\u00e7ant la marche et la vie de l&rsquo;humanit\u00e9, nous avons form\u00e9 pour nous-m\u00eames l&rsquo;opinion assur\u00e9e d&rsquo;un progr\u00e8s continu qui engendre une conception fallacieuse de la valeur de notre pr\u00e9sence et de l&rsquo;\u00e9volution de notre monde pendant les prochains mill\u00e9naires.<\/p>\n<p style=\"text-align: justify;\">\n<p style=\"text-align: justify;\">Pourtant, si nous croyons ce que nous offre notre esprit, la seule image concevable par lui de l&rsquo;infini et de l&rsquo;\u00e9ternit\u00e9 n&rsquo;est pas celle d&rsquo;une continuit\u00e9 monotone et sans borne possible, mais celle d&rsquo;un mouvement lent, in\u00e9gal et pendulaire comme les alternances des battements d&rsquo;un c\u0153ur qui rythmerait la respiration de l&rsquo;\u00catre: apr\u00e8s une p\u00e9riode de perfectionnement, celle de la d\u00e9g\u00e9n\u00e9rescence; apr\u00e8s le cycle de la complexit\u00e9, un retour \u00e0 la simplicit\u00e9; apr\u00e8s la r\u00e9alisation, la nuit, et de nouveau la promesse de la lumi\u00e8re.<\/p>\n<p style=\"text-align: justify;\">\n<p style=\"text-align: justify;\">M\u00eame \u00e0 ne consid\u00e9rer la dur\u00e9e que si\u00e8cle par si\u00e8cle, la crainte se justifie aussi bien que l&rsquo;espoir. Le nombre croissant des hommes, qui limite pour ainsi dire \u00e0 chacun son espace vital intellectuel et qui les oblige tous \u00e0 penser en commun, apporte cependant un avantage par son abondance et sa diversit\u00e9: parmi la foule des produits du troupeau qui r\u00e9pondent aux lois de l&rsquo;uniformit\u00e9, quelques-uns en effet ne sont pas tout \u00e0 fait comme les autres.<\/p>\n<p style=\"text-align: justify;\">\n<p style=\"text-align: justify;\">Pendant que l&rsquo;homme standardis\u00e9 repoussera les m\u00e9ditations d\u00e9sormais inutiles, et qu&rsquo;il abandonnera aux robots l&rsquo;art d&rsquo;assembler les mots et les accents qui incarnent l&rsquo;id\u00e9e, il y aura encore des insoumis et des originaux qui chanteront pour eux-m\u00eames et qui exprimeront des jugements qui ne leur auront pas \u00e9t\u00e9 enseign\u00e9s.<\/p>\n<p style=\"text-align: justify;\">\n<p style=\"text-align: justify;\">Et cela sera suffisant pour que le dialogue se poursuive d&rsquo;un bout \u00e0 l&rsquo;autre de la Terre entre les esprits demeur\u00e9s sans m\u00e9lange, et qu&rsquo;il s&rsquo;efforce de traduire le monde intelligible qui surgit \u00e0 leur \u00e9vocation.<\/p>\n<p style=\"text-align: justify;\">\n<p style=\"text-align: justify;\">L&rsquo;\u00e9cho de la parole aura fa\u00e7onn\u00e9 son essence, et m\u00eame quand leur murmure deviendra incertain et que notre plan\u00e8te s&rsquo;endormira au sein de l&rsquo;univers, un reflet myst\u00e9rieux \u00e9manera de son cadavre glac\u00e9 ou suivra dans l&rsquo;\u00e9ther ses fragments dispers\u00e9s, afin de maintenir ses possibilit\u00e9s jusqu&rsquo;aux prochains recommencements.<\/p>\n<p style=\"text-align: justify;\">\n<p style=\"text-align: justify;\">\n<hr style=\"text-align: justify;\" size=\"1\" \/>\n<p style=\"text-align: justify;\"><a href=\"#_ftnref1\">[1]<\/a> Comment ne pas citer ici Maurice Merleau Ponty (<em>Le visible et l&rsquo;invisible<\/em> p.166): \u00ab Le philosophe parle, mais c&rsquo;est une faiblesse en lui et une faiblesse inexplicable; il devrait se taire, co\u00efncider en silence et rejoindre dans l&rsquo;\u00catre une philosophie qui y est d\u00e9j\u00e0 faite. \u00bb<\/p>\n<p style=\"text-align: justify;\"><a href=\"#_ftnref2\">[2]<\/a> \u00ab L&rsquo;id\u00e9al au moins en art, ne peut \u00eatre donn\u00e9; il ne peut \u00eatre que cherch\u00e9. (Lachelier in Lalande &#8211; Vocabulaire de la philosophie.)<\/p>\n<p style=\"text-align: justify;\"><a href=\"#_ftnref3\">[3]<\/a> Il n&rsquo;est pas inopportun de citer ici un passage du livre de Karl Jaspers (von Ursprung und Ziel der Geschichte) o\u00f9 il expose les possibilit\u00e9s de la bombe atomique: \u00ab Existe-t-il une limite valable?&#8230; Qu&rsquo;on l&rsquo;ait voulu ou non, la plan\u00e8te sauterait, et ce qui en r\u00e9sulterait serait l&rsquo;apparition d&rsquo;une lumi\u00e8re nouvelle dans notre syst\u00e8me solaire, une \u00e9toile de plus (une nova) dans l&rsquo;espace&#8230; Une partie des \u00e9toiles nouvelles serait-elle due aux effets des inventions techniques des habitants de certaines plan\u00e8tes&#8230; \u00bb<\/p>\n<p style=\"text-align: justify;\">Ainsi donc, pourrait-on ajouter, l&rsquo;esprit r\u00e9pandu dans l&rsquo;immensit\u00e9 n&rsquo;aurait-il pas d&rsquo;autre but que de se d\u00e9truire lui-m\u00eame ?<\/p>\n<p style=\"text-align: justify;\"><a href=\"#_ftnref4\">[4]<\/a> Principes de philosophie.<\/p>\n<p style=\"text-align: justify;\"><a href=\"#_ftnref5\">[5]<\/a> \u00ab Un mot \u00bb, \u00e9crit \u00e2 son propos Maurice Barr\u00e8s, \u00ab c&rsquo;est le long \u00e9cho d&rsquo;un grognement de l&rsquo;humanit\u00e9 quand elle sortait de la bestialit\u00e9&#8230; Hugo dilate en nous la facult\u00e9 de sentir les secrets du pass\u00e9 et les \u00e9nigmes de l&rsquo;avenir. \u00bb (Les D\u00e9racin\u00e9s)<\/p>\n","protected":false},"excerpt":{"rendered":"<p>Mais la pens\u00e9e ne se divise pas, ses \u00e9l\u00e9ments ne s&rsquo;\u00e9vanouissent pas; ils concourent tous \u00e0 son \u00e9volution continue et se consultent encore en se m\u00ealant pour se f\u00e9conder mutuellement. Or les concepts accumul\u00e9s ne se reconna\u00eetraient pas sans la m\u00e9moire, et la m\u00e9moire ne les retient que par le mot qui offre son symbole \u00e0 l&rsquo;id\u00e9e \u00e0 laquelle il permet de survivre. Le math\u00e9maticien qui pense en dehors de la r\u00e9alit\u00e9 apparente et qui d\u00e9nude les concepts \u00e0 mesure qu&rsquo;il les rationalise, \u00e9conomise son effort en un langage concentr\u00e9 que le philosophe essaye d&rsquo;imiter, sans pouvoir \u00e9viter les d\u00e9finitions que la pr\u00e9cision risque au contraire de prolonger au del\u00e0 du champ permis \u00e0 l&rsquo;entendement. Il lui faudra pourtant les emporter avec lui avant de s&rsquo;engager dans une m\u00e9ditation pr\u00e9par\u00e9e, o\u00f9 les mots s&rsquo;\u00e9largiront progressivement pour lib\u00e9rer la pens\u00e9e pure dont ils auront \u00e9t\u00e9 les auxiliaires n\u00e9cessaires.<\/p>\n","protected":false},"author":1,"featured_media":0,"comment_status":"closed","ping_status":"closed","sticky":false,"template":"","format":"standard","meta":{"footnotes":""},"categories":[691],"tags":[261,117,54],"class_list":["post-4465","post","type-post","status-publish","format-standard","hentry","category-farney-roger","tag-langage","tag-memoire","tag-realite"],"yoast_head":"<!-- This site is optimized with the Yoast SEO plugin v27.0 - https:\/\/yoast.com\/product\/yoast-seo-wordpress\/ -->\n<title>Quelques consid\u00e9rations sur le Langage, l\u2019Art et la Pens\u00e9e par Roger Farney - 3e mill\u00e9naire - Spiritualit\u00e9 - Connaissance de soi - Non-dualit\u00e9 - M\u00e9ditation<\/title>\n<meta name=\"robots\" content=\"index, follow, max-snippet:-1, max-image-preview:large, max-video-preview:-1\" \/>\n<link rel=\"canonical\" href=\"https:\/\/www.revue3emillenaire.com\/blog\/quelques-considerations-sur-le-langage-l\u2019art-et-la-pensee-par-roger-farney\/\" \/>\n<meta property=\"og:locale\" content=\"fr_FR\" \/>\n<meta property=\"og:type\" content=\"article\" \/>\n<meta property=\"og:title\" content=\"Quelques consid\u00e9rations sur le Langage, l\u2019Art et la Pens\u00e9e par Roger Farney - 3e mill\u00e9naire - Spiritualit\u00e9 - Connaissance de soi - Non-dualit\u00e9 - M\u00e9ditation\" \/>\n<meta property=\"og:description\" content=\"Mais la pens\u00e9e ne se divise pas, ses \u00e9l\u00e9ments ne s&#039;\u00e9vanouissent pas; ils concourent tous \u00e0 son \u00e9volution continue et se consultent encore en se m\u00ealant pour se f\u00e9conder mutuellement. Or les concepts accumul\u00e9s ne se reconna\u00eetraient pas sans la m\u00e9moire, et la m\u00e9moire ne les retient que par le mot qui offre son symbole \u00e0 l&#039;id\u00e9e \u00e0 laquelle il permet de survivre. Le math\u00e9maticien qui pense en dehors de la r\u00e9alit\u00e9 apparente et qui d\u00e9nude les concepts \u00e0 mesure qu&#039;il les rationalise, \u00e9conomise son effort en un langage concentr\u00e9 que le philosophe essaye d&#039;imiter, sans pouvoir \u00e9viter les d\u00e9finitions que la pr\u00e9cision risque au contraire de prolonger au del\u00e0 du champ permis \u00e0 l&#039;entendement. Il lui faudra pourtant les emporter avec lui avant de s&#039;engager dans une m\u00e9ditation pr\u00e9par\u00e9e, o\u00f9 les mots s&#039;\u00e9largiront progressivement pour lib\u00e9rer la pens\u00e9e pure dont ils auront \u00e9t\u00e9 les auxiliaires n\u00e9cessaires.\" \/>\n<meta property=\"og:url\" content=\"https:\/\/www.revue3emillenaire.com\/blog\/quelques-considerations-sur-le-langage-l\u2019art-et-la-pensee-par-roger-farney\/\" \/>\n<meta property=\"og:site_name\" content=\"3e mill\u00e9naire - Spiritualit\u00e9 - Connaissance de soi - Non-dualit\u00e9 - M\u00e9ditation\" \/>\n<meta property=\"article:published_time\" content=\"2010-08-31T17:34:14+00:00\" \/>\n<meta property=\"article:modified_time\" content=\"2011-10-01T00:37:52+00:00\" \/>\n<meta name=\"author\" content=\"3e mill\u00e9naire\" \/>\n<meta name=\"twitter:card\" content=\"summary_large_image\" \/>\n<meta name=\"twitter:label1\" content=\"\u00c9crit par\" \/>\n\t<meta name=\"twitter:data1\" content=\"3e mill\u00e9naire\" \/>\n\t<meta name=\"twitter:label2\" content=\"Dur\u00e9e de lecture estim\u00e9e\" \/>\n\t<meta name=\"twitter:data2\" content=\"24 minutes\" \/>\n<script type=\"application\/ld+json\" class=\"yoast-schema-graph\">{\"@context\":\"https:\/\/schema.org\",\"@graph\":[{\"@type\":\"Article\",\"@id\":\"https:\/\/www.revue3emillenaire.com\/blog\/quelques-considerations-sur-le-langage-l%e2%80%99art-et-la-pensee-par-roger-farney\/#article\",\"isPartOf\":{\"@id\":\"https:\/\/www.revue3emillenaire.com\/blog\/quelques-considerations-sur-le-langage-l%e2%80%99art-et-la-pensee-par-roger-farney\/\"},\"author\":{\"name\":\"3e mill\u00e9naire\",\"@id\":\"https:\/\/www.revue3emillenaire.com\/blog\/#\/schema\/person\/9a3a7cc4ccaa707f402d4394327106d5\"},\"headline\":\"Quelques consid\u00e9rations sur le Langage, l\u2019Art et la Pens\u00e9e par Roger Farney\",\"datePublished\":\"2010-08-31T17:34:14+00:00\",\"dateModified\":\"2011-10-01T00:37:52+00:00\",\"mainEntityOfPage\":{\"@id\":\"https:\/\/www.revue3emillenaire.com\/blog\/quelques-considerations-sur-le-langage-l%e2%80%99art-et-la-pensee-par-roger-farney\/\"},\"wordCount\":4752,\"keywords\":[\"langage\",\"m\u00e9moire\",\"R\u00e9alit\u00e9\"],\"articleSection\":[\"Farney Roger\"],\"inLanguage\":\"fr-FR\"},{\"@type\":\"WebPage\",\"@id\":\"https:\/\/www.revue3emillenaire.com\/blog\/quelques-considerations-sur-le-langage-l%e2%80%99art-et-la-pensee-par-roger-farney\/\",\"url\":\"https:\/\/www.revue3emillenaire.com\/blog\/quelques-considerations-sur-le-langage-l%e2%80%99art-et-la-pensee-par-roger-farney\/\",\"name\":\"Quelques consid\u00e9rations sur le Langage, l\u2019Art et la Pens\u00e9e par Roger Farney - 3e mill\u00e9naire - Spiritualit\u00e9 - Connaissance de soi - Non-dualit\u00e9 - M\u00e9ditation\",\"isPartOf\":{\"@id\":\"https:\/\/www.revue3emillenaire.com\/blog\/#website\"},\"datePublished\":\"2010-08-31T17:34:14+00:00\",\"dateModified\":\"2011-10-01T00:37:52+00:00\",\"author\":{\"@id\":\"https:\/\/www.revue3emillenaire.com\/blog\/#\/schema\/person\/9a3a7cc4ccaa707f402d4394327106d5\"},\"breadcrumb\":{\"@id\":\"https:\/\/www.revue3emillenaire.com\/blog\/quelques-considerations-sur-le-langage-l%e2%80%99art-et-la-pensee-par-roger-farney\/#breadcrumb\"},\"inLanguage\":\"fr-FR\",\"potentialAction\":[{\"@type\":\"ReadAction\",\"target\":[\"https:\/\/www.revue3emillenaire.com\/blog\/quelques-considerations-sur-le-langage-l%e2%80%99art-et-la-pensee-par-roger-farney\/\"]}]},{\"@type\":\"BreadcrumbList\",\"@id\":\"https:\/\/www.revue3emillenaire.com\/blog\/quelques-considerations-sur-le-langage-l%e2%80%99art-et-la-pensee-par-roger-farney\/#breadcrumb\",\"itemListElement\":[{\"@type\":\"ListItem\",\"position\":1,\"name\":\"Accueil\",\"item\":\"https:\/\/www.revue3emillenaire.com\/blog\/\"},{\"@type\":\"ListItem\",\"position\":2,\"name\":\"Quelques consid\u00e9rations sur le Langage, l\u2019Art et la Pens\u00e9e par Roger Farney\"}]},{\"@type\":\"WebSite\",\"@id\":\"https:\/\/www.revue3emillenaire.com\/blog\/#website\",\"url\":\"https:\/\/www.revue3emillenaire.com\/blog\/\",\"name\":\"3e mill\u00e9naire - Spiritualit\u00e9 - Connaissance de soi - Non-dualit\u00e9 - M\u00e9ditation\",\"description\":\"L&#039;Homme en devenir\",\"potentialAction\":[{\"@type\":\"SearchAction\",\"target\":{\"@type\":\"EntryPoint\",\"urlTemplate\":\"https:\/\/www.revue3emillenaire.com\/blog\/?s={search_term_string}\"},\"query-input\":{\"@type\":\"PropertyValueSpecification\",\"valueRequired\":true,\"valueName\":\"search_term_string\"}}],\"inLanguage\":\"fr-FR\"},{\"@type\":\"Person\",\"@id\":\"https:\/\/www.revue3emillenaire.com\/blog\/#\/schema\/person\/9a3a7cc4ccaa707f402d4394327106d5\",\"name\":\"3e mill\u00e9naire\",\"url\":\"https:\/\/www.revue3emillenaire.com\/blog\/author\/admin\/\"}]}<\/script>\n<!-- \/ Yoast SEO plugin. -->","yoast_head_json":{"title":"Quelques consid\u00e9rations sur le Langage, l\u2019Art et la Pens\u00e9e par Roger Farney - 3e mill\u00e9naire - Spiritualit\u00e9 - Connaissance de soi - Non-dualit\u00e9 - M\u00e9ditation","robots":{"index":"index","follow":"follow","max-snippet":"max-snippet:-1","max-image-preview":"max-image-preview:large","max-video-preview":"max-video-preview:-1"},"canonical":"https:\/\/www.revue3emillenaire.com\/blog\/quelques-considerations-sur-le-langage-l\u2019art-et-la-pensee-par-roger-farney\/","og_locale":"fr_FR","og_type":"article","og_title":"Quelques consid\u00e9rations sur le Langage, l\u2019Art et la Pens\u00e9e par Roger Farney - 3e mill\u00e9naire - Spiritualit\u00e9 - Connaissance de soi - Non-dualit\u00e9 - M\u00e9ditation","og_description":"Mais la pens\u00e9e ne se divise pas, ses \u00e9l\u00e9ments ne s'\u00e9vanouissent pas; ils concourent tous \u00e0 son \u00e9volution continue et se consultent encore en se m\u00ealant pour se f\u00e9conder mutuellement. Or les concepts accumul\u00e9s ne se reconna\u00eetraient pas sans la m\u00e9moire, et la m\u00e9moire ne les retient que par le mot qui offre son symbole \u00e0 l'id\u00e9e \u00e0 laquelle il permet de survivre. Le math\u00e9maticien qui pense en dehors de la r\u00e9alit\u00e9 apparente et qui d\u00e9nude les concepts \u00e0 mesure qu'il les rationalise, \u00e9conomise son effort en un langage concentr\u00e9 que le philosophe essaye d'imiter, sans pouvoir \u00e9viter les d\u00e9finitions que la pr\u00e9cision risque au contraire de prolonger au del\u00e0 du champ permis \u00e0 l'entendement. Il lui faudra pourtant les emporter avec lui avant de s'engager dans une m\u00e9ditation pr\u00e9par\u00e9e, o\u00f9 les mots s'\u00e9largiront progressivement pour lib\u00e9rer la pens\u00e9e pure dont ils auront \u00e9t\u00e9 les auxiliaires n\u00e9cessaires.","og_url":"https:\/\/www.revue3emillenaire.com\/blog\/quelques-considerations-sur-le-langage-l\u2019art-et-la-pensee-par-roger-farney\/","og_site_name":"3e mill\u00e9naire - Spiritualit\u00e9 - Connaissance de soi - Non-dualit\u00e9 - M\u00e9ditation","article_published_time":"2010-08-31T17:34:14+00:00","article_modified_time":"2011-10-01T00:37:52+00:00","author":"3e mill\u00e9naire","twitter_card":"summary_large_image","twitter_misc":{"\u00c9crit par":"3e mill\u00e9naire","Dur\u00e9e de lecture estim\u00e9e":"24 minutes"},"schema":{"@context":"https:\/\/schema.org","@graph":[{"@type":"Article","@id":"https:\/\/www.revue3emillenaire.com\/blog\/quelques-considerations-sur-le-langage-l%e2%80%99art-et-la-pensee-par-roger-farney\/#article","isPartOf":{"@id":"https:\/\/www.revue3emillenaire.com\/blog\/quelques-considerations-sur-le-langage-l%e2%80%99art-et-la-pensee-par-roger-farney\/"},"author":{"name":"3e mill\u00e9naire","@id":"https:\/\/www.revue3emillenaire.com\/blog\/#\/schema\/person\/9a3a7cc4ccaa707f402d4394327106d5"},"headline":"Quelques consid\u00e9rations sur le Langage, l\u2019Art et la Pens\u00e9e par Roger Farney","datePublished":"2010-08-31T17:34:14+00:00","dateModified":"2011-10-01T00:37:52+00:00","mainEntityOfPage":{"@id":"https:\/\/www.revue3emillenaire.com\/blog\/quelques-considerations-sur-le-langage-l%e2%80%99art-et-la-pensee-par-roger-farney\/"},"wordCount":4752,"keywords":["langage","m\u00e9moire","R\u00e9alit\u00e9"],"articleSection":["Farney Roger"],"inLanguage":"fr-FR"},{"@type":"WebPage","@id":"https:\/\/www.revue3emillenaire.com\/blog\/quelques-considerations-sur-le-langage-l%e2%80%99art-et-la-pensee-par-roger-farney\/","url":"https:\/\/www.revue3emillenaire.com\/blog\/quelques-considerations-sur-le-langage-l%e2%80%99art-et-la-pensee-par-roger-farney\/","name":"Quelques consid\u00e9rations sur le Langage, l\u2019Art et la Pens\u00e9e par Roger Farney - 3e mill\u00e9naire - Spiritualit\u00e9 - Connaissance de soi - Non-dualit\u00e9 - M\u00e9ditation","isPartOf":{"@id":"https:\/\/www.revue3emillenaire.com\/blog\/#website"},"datePublished":"2010-08-31T17:34:14+00:00","dateModified":"2011-10-01T00:37:52+00:00","author":{"@id":"https:\/\/www.revue3emillenaire.com\/blog\/#\/schema\/person\/9a3a7cc4ccaa707f402d4394327106d5"},"breadcrumb":{"@id":"https:\/\/www.revue3emillenaire.com\/blog\/quelques-considerations-sur-le-langage-l%e2%80%99art-et-la-pensee-par-roger-farney\/#breadcrumb"},"inLanguage":"fr-FR","potentialAction":[{"@type":"ReadAction","target":["https:\/\/www.revue3emillenaire.com\/blog\/quelques-considerations-sur-le-langage-l%e2%80%99art-et-la-pensee-par-roger-farney\/"]}]},{"@type":"BreadcrumbList","@id":"https:\/\/www.revue3emillenaire.com\/blog\/quelques-considerations-sur-le-langage-l%e2%80%99art-et-la-pensee-par-roger-farney\/#breadcrumb","itemListElement":[{"@type":"ListItem","position":1,"name":"Accueil","item":"https:\/\/www.revue3emillenaire.com\/blog\/"},{"@type":"ListItem","position":2,"name":"Quelques consid\u00e9rations sur le Langage, l\u2019Art et la Pens\u00e9e par Roger Farney"}]},{"@type":"WebSite","@id":"https:\/\/www.revue3emillenaire.com\/blog\/#website","url":"https:\/\/www.revue3emillenaire.com\/blog\/","name":"3e mill\u00e9naire - Spiritualit\u00e9 - Connaissance de soi - Non-dualit\u00e9 - M\u00e9ditation","description":"L&#039;Homme en devenir","potentialAction":[{"@type":"SearchAction","target":{"@type":"EntryPoint","urlTemplate":"https:\/\/www.revue3emillenaire.com\/blog\/?s={search_term_string}"},"query-input":{"@type":"PropertyValueSpecification","valueRequired":true,"valueName":"search_term_string"}}],"inLanguage":"fr-FR"},{"@type":"Person","@id":"https:\/\/www.revue3emillenaire.com\/blog\/#\/schema\/person\/9a3a7cc4ccaa707f402d4394327106d5","name":"3e mill\u00e9naire","url":"https:\/\/www.revue3emillenaire.com\/blog\/author\/admin\/"}]}},"_links":{"self":[{"href":"https:\/\/www.revue3emillenaire.com\/blog\/wp-json\/wp\/v2\/posts\/4465","targetHints":{"allow":["GET"]}}],"collection":[{"href":"https:\/\/www.revue3emillenaire.com\/blog\/wp-json\/wp\/v2\/posts"}],"about":[{"href":"https:\/\/www.revue3emillenaire.com\/blog\/wp-json\/wp\/v2\/types\/post"}],"author":[{"embeddable":true,"href":"https:\/\/www.revue3emillenaire.com\/blog\/wp-json\/wp\/v2\/users\/1"}],"replies":[{"embeddable":true,"href":"https:\/\/www.revue3emillenaire.com\/blog\/wp-json\/wp\/v2\/comments?post=4465"}],"version-history":[{"count":0,"href":"https:\/\/www.revue3emillenaire.com\/blog\/wp-json\/wp\/v2\/posts\/4465\/revisions"}],"wp:attachment":[{"href":"https:\/\/www.revue3emillenaire.com\/blog\/wp-json\/wp\/v2\/media?parent=4465"}],"wp:term":[{"taxonomy":"category","embeddable":true,"href":"https:\/\/www.revue3emillenaire.com\/blog\/wp-json\/wp\/v2\/categories?post=4465"},{"taxonomy":"post_tag","embeddable":true,"href":"https:\/\/www.revue3emillenaire.com\/blog\/wp-json\/wp\/v2\/tags?post=4465"}],"curies":[{"name":"wp","href":"https:\/\/api.w.org\/{rel}","templated":true}]}}