{"id":4507,"date":"2010-08-31T18:39:12","date_gmt":"2010-08-31T17:39:12","guid":{"rendered":"http:\/\/www.revue3emillenaire.com\/blog\/?p=4507"},"modified":"2010-08-31T18:39:38","modified_gmt":"2010-08-31T17:39:38","slug":"de-mahomet-a-l%e2%80%99age-des-reformes-par-jean-chevalier","status":"publish","type":"post","link":"https:\/\/www.revue3emillenaire.com\/blog\/de-mahomet-a-l%e2%80%99age-des-reformes-par-jean-chevalier\/","title":{"rendered":"De Mahomet \u00e0 l\u2019\u00e2ge des r\u00e9formes par Jean Chevalier"},"content":{"rendered":"<p style=\"text-align: justify;\">(Revue Aurores. No 38. D\u00e9cembre 1983)<\/p>\n<p style=\"text-align: justify;\">\n<p style=\"text-align: justify;\"><em>Le troisi\u00e8me tome de l&rsquo; \u00abHistoire des croyances et des id\u00e9es religieuses\u00bb de Mircea Eliade suit les deux pr\u00e9c\u00e9dents consacr\u00e9s respectivement \u00e0 la p\u00e9riode s&rsquo;\u00e9tendant de l&rsquo;\u00e2ge de pierre aux myst\u00e8res d&rsquo;Eleusis et de Gautama Bouddha au triomphe du Christianisme. Le professeur Jean Chevalier rend compte de la lecture de cet ensemble et plus sp\u00e9cialement de celle du 3<sup>e<\/sup> tome.<\/em><\/p>\n<p style=\"text-align: justify;\">\n<p style=\"text-align: justify;\">L&rsquo;un des grands m\u00e9rites de Mircea Eliade est d&rsquo;avoir revaloris\u00e9, au regard de la pens\u00e9e contemporaine, le langage mythologique qu&rsquo;elle avait rel\u00e9gu\u00e9 dans le domaine des extravagances. Il est un inventeur de sens, suivant une acception scientifique du terme, c&rsquo;est-\u00e0-dire, non pas qu&rsquo;il imagine exister hors de lui ce qui n&rsquo;existe pas en dehors de sa propre imagination, mais qu&rsquo;il d\u00e9voile un sens pr\u00e9existant, forge l&rsquo;outil de la d\u00e9couverte et d\u00e9c\u00e8le un filon dans la mine. Il est un des initiateurs de l&rsquo;herm\u00e9neutique comparative. Quoi de plus ing\u00e9nieux, en effet, que son interpr\u00e9tation du \u00abplongeon cosmogonique\u00bb des mythologies nordiques eurasiennes, qui pr\u00e9figure d\u00e9j\u00e0 le dualisme gnostique, avec la transformation du serviteur, de l&rsquo;interm\u00e9diaire, du d\u00e9miurge, en rival, en adversaire, en d\u00e9mon, pour expliquer les imperfections de la Cr\u00e9ation et les d\u00e9gradations de la Mort? A travers les diff\u00e9rences de mill\u00e9naires et de territoires se dessinent les lignes de force de l&rsquo;inqui\u00e9tude et de la cr\u00e9ativit\u00e9 humaines, manifestant une parent\u00e9 profonde sous l&rsquo;opacit\u00e9 des consciences.<\/p>\n<p style=\"text-align: justify;\">\n<p style=\"text-align: justify;\">Ce n&rsquo;est pas en restant au niveau des g\u00e9n\u00e9ralit\u00e9s faciles que Mircea Eliade se montre un incomparable d\u00e9fricheur de sens. Il examine les mythes, rites et croyances jusque dans leurs menus d\u00e9tails, ne n\u00e9gligeant aucun trait qui puisse solliciter l&rsquo;intervention de l&rsquo;herm\u00e9neute, pour d\u00e9masquer son r\u00f4le particulier dans un ensemble traditionnel. La somme d&rsquo;\u00e9rudition incorpor\u00e9e dans cette Histoire des Croyances et des Id\u00e9es religieuses est vraiment prodigieuse! Ce qui est le plus \u00e9tonnant, c&rsquo;est la r\u00e9ussite qui, loin de ressembler seulement \u00e0 une savante compilation, constitue une intelligente exploration des profondeurs, la projection d&rsquo;un faisceau de lumi\u00e8re sur ce qu&rsquo;on a justement appel\u00e9 \u00abla conscience des anciens et l&rsquo;inconscient des modernes\u00bb. Nous sommes loin d&rsquo;un James George Fraser, avec ses h\u00e2tives et superficielles g\u00e9n\u00e9ralisations.<\/p>\n<p style=\"text-align: justify;\">\n<p style=\"text-align: justify;\">On comprend qu&rsquo;une \u0153uvre d&rsquo;une telle \u00e9tendue, conduite quasi en solitaire par Mircea Eliade, pr\u00e9sente cependant quelques in\u00e9galit\u00e9s, des d\u00e9placements d&rsquo;int\u00e9r\u00eat, des aspects privil\u00e9gi\u00e9s. Sans doute parce qu&rsquo;ils sont d\u00e9j\u00e0 mieux connus, l&rsquo;auteur passe plus rapidement sur les caract\u00e8res sp\u00e9cifiques du Christianisme et de l&rsquo;Islam que, par exemple, sur l&rsquo;initiation chamanique. L&rsquo;histoire institutionnelle tient en l&rsquo;occurrence, dans ce tome III, plus de place que l&rsquo;interpr\u00e9tation des croyances et des rites. Mais, du r\u00e9cit m\u00eame, de son caract\u00e8re \u00e9v\u00e9nementiel et chronologique, l&rsquo;auteur r\u00e9ussit \u00e0 d\u00e9gager \u00abl&rsquo;univers symbolique\u00bb dans lequel il s&rsquo;inscrit. Le mouvement de l&rsquo;histoire refl\u00e8te l&rsquo;\u00e9volution des consciences ou montre leur \u00e9troite corr\u00e9lation, comme par exemple la symbolique de la mort, exprim\u00e9e par le nouvel art fun\u00e9raire, apr\u00e8s la grande peste du XIV<sup>\u00e8me<\/sup> si\u00e8cle. Toute manifestation peut \u00eatre per\u00e7ue \u00e0 la fois comme une image du monde et une image d&rsquo;une conscience impr\u00e9gn\u00e9e d&rsquo;inconscient. Peur et fascination, le sacr\u00e9 p\u00e9n\u00e8tre la r\u00e9alit\u00e9 profane, lui conf\u00e9rant un sens qui d\u00e9passe les apparences.<\/p>\n<p style=\"text-align: justify;\">\n<p style=\"text-align: justify;\">En commentaire d&rsquo;une pens\u00e9e de saint Augustin, <em>Roma non pereat, si Romani non pereant<\/em>! (Rome ne p\u00e9rirait pas si les Romains ne p\u00e9rissaient pas), Mircea Eliade montre que c&rsquo;est la qualit\u00e9 des hommes qui assure la valeur et la permanence des Institutions, et non l&rsquo;inverse.<\/p>\n<p style=\"text-align: justify;\">\n<p style=\"text-align: justify;\">D&rsquo;o\u00f9 la primaut\u00e9 de l&rsquo;esprit, quand un ordre se profile sur le chaos des contingences. Ce survol de dix si\u00e8cles de vie religieuse, qui va des religions eurasiennes aux tib\u00e9taines, qui couvre le Christianisme, l&rsquo;Islam et le Juda\u00efsme, du Haut-Moyen-\u00e2ge aux Temps modernes, serait une gageure s&rsquo;il n&rsquo;\u00e9tait domin\u00e9 par cette id\u00e9e directrice et illustr\u00e9 par des exemples nombreux et pr\u00e9cis. Bien s\u00fbr, des sp\u00e9cialistes chicaneront sur tels d\u00e9tails, signaleront quelques coquilles (ex. p.60, Les <em>Nombres divins<\/em>, au lieu des <em>Noms divins<\/em>, pour d\u00e9signer une \u0153uvre du Pseudo-Denys-L&rsquo;Areopagite), ou contesteront la m\u00e9thode. Une immense somme de connaissances, un perp\u00e9tuel souci d&rsquo;une herm\u00e9neutique des profondeurs, voil\u00e0 ce qui rend, en tout cas, la lecture d&rsquo;une telle \u0153uvre \u00e0 la fois des plus instructives et des plus fascinantes. L&rsquo;histoire des religions y appara\u00eet comme une confrontation perp\u00e9tuelle, dans l&rsquo;intimit\u00e9 de la conscience humaine, entre l&rsquo;intensit\u00e9 du d\u00e9sir de vivre et le temps impitoyable destructeur: la vie \u00e9mergeant de la mati\u00e8re et des dieux, la vie luttant contre la mort. Dans cette histoire tumultueuse se m\u00ealent l&rsquo;intuitif, l&rsquo;imaginaire, l&rsquo;imaginal, le r\u00e9v\u00e9l\u00e9, dans un \u00e9cheveau que l&rsquo;intelligence s&rsquo;\u00e9vertue sans cesse \u00e0 d\u00e9m\u00ealer, ainsi qu&rsquo;en t\u00e9moigne de fa\u00e7on si brillante l&rsquo;\u0153uvre d&rsquo;un Mircea Eliade.<\/p>\n<p style=\"text-align: right;\">Jean Chevalier<\/p>\n<p style=\"text-align: justify;\">\n<p style=\"text-align: justify;\"><strong>QUELQUES LIVRES DE MIRCEA ELIADE<\/strong><\/p>\n<p style=\"text-align: justify;\">\n<p style=\"text-align: justify;\">Techniques du Yoga &#8211; Gallimard, 1948<\/p>\n<p style=\"text-align: justify;\">Le Mythe de l&rsquo;Eternel Retour \u2013 Gallimard 1949, nouvelle \u00e9dition revue et augment\u00e9e, 1969.<\/p>\n<p style=\"text-align: justify;\">Trait\u00e9 d&rsquo;Histoire des Religions &#8211; Payot 1949, nouvelle \u00e9dition, 1979<\/p>\n<p style=\"text-align: justify;\">Le Chamanisme et les techniques archa\u00efques de l&rsquo;extase &#8211; Payot, 1951, \u00e9dition revue et augment\u00e9e 1977.<\/p>\n<p style=\"text-align: justify;\">Images et Symboles &#8211; Gallimard, 1952<\/p>\n<p style=\"text-align: justify;\">Le Yoga. Immortalit\u00e9 et Libert\u00e9 \u2013 1954 Payot 1954, nouvelle \u00e9dition revue et augment\u00e9e 1968, 1977<\/p>\n<p style=\"text-align: justify;\">Forgerons et Alchimistes &#8211; Flammarion, 1956<\/p>\n<p style=\"text-align: justify;\">Mythes, r\u00eaves et myst\u00e8res &#8211; Gallimard, 1957<\/p>\n<p style=\"text-align: justify;\">M\u00e9phistoph\u00e9l\u00e8s et l&rsquo;Androgyne &#8211; Gallimard 1962<\/p>\n<p style=\"text-align: justify;\">Patanjali et le Yoga &#8211; Edition du Seuil, 1962<\/p>\n<p style=\"text-align: justify;\">Aspects du Mythe &#8211; Gallimard, 1963<\/p>\n<p style=\"text-align: justify;\">Le sacr\u00e9 et le profane &#8211; Gallimard, 1965<\/p>\n<p style=\"text-align: justify;\">De Zalmoxis \u00e0 Gengis-Khan &#8211; Payot, 1970<\/p>\n<p style=\"text-align: justify;\">La Nostalgie des origines &#8211; Gallimard 1970<\/p>\n<p style=\"text-align: justify;\">Religions australiennes &#8211; Payot, 1972<\/p>\n<p style=\"text-align: justify;\">Fragments d&rsquo;un journal &#8211; Gallimard, 1973<\/p>\n<p style=\"text-align: justify;\">Occultisme, sorcellerie et modes culturelles Gallimard, 1978<\/p>\n<p style=\"text-align: justify;\">Histoire des croyances et des id\u00e9es religieuses vols I, II, III &#8211; Payot, r\u00e9\u00e9dition 1983.<\/p>\n","protected":false},"excerpt":{"rendered":"<p>Ce n&rsquo;est pas en restant au niveau des g\u00e9n\u00e9ralit\u00e9s faciles que Mircea Eliade se montre un incomparable d\u00e9fricheur de sens. Il examine les mythes, rites et croyances jusque dans leurs menus d\u00e9tails, ne n\u00e9gligeant aucun trait qui puisse solliciter l&rsquo;intervention de l&rsquo;herm\u00e9neute, pour d\u00e9masquer son r\u00f4le particulier dans un ensemble traditionnel. La somme d&rsquo;\u00e9rudition incorpor\u00e9e dans cette Histoire des Croyances et des Id\u00e9es religieuses est vraiment prodigieuse! Ce qui est le plus \u00e9tonnant, c&rsquo;est la r\u00e9ussite qui, loin de ressembler seulement \u00e0 une savante compilation, constitue une intelligente exploration des profondeurs, la projection d&rsquo;un faisceau de lumi\u00e8re sur ce qu&rsquo;on a justement appel\u00e9 \u00abla conscience des anciens et l&rsquo;inconscient des modernes\u00bb. Nous sommes loin d&rsquo;un James George Fraser, avec ses h\u00e2tives et superficielles g\u00e9n\u00e9ralisations.<\/p>\n","protected":false},"author":1,"featured_media":0,"comment_status":"closed","ping_status":"closed","sticky":false,"template":"","format":"standard","meta":{"footnotes":""},"categories":[537],"tags":[697,359,157],"class_list":["post-4507","post","type-post","status-publish","format-standard","hentry","category-chevalier-jean","tag-eliade","tag-mythe","tag-religion"],"yoast_head":"<!-- This site is optimized with the Yoast SEO plugin v27.0 - https:\/\/yoast.com\/product\/yoast-seo-wordpress\/ -->\n<title>De Mahomet \u00e0 l\u2019\u00e2ge des r\u00e9formes par Jean Chevalier - 3e mill\u00e9naire - Spiritualit\u00e9 - Connaissance de soi - Non-dualit\u00e9 - M\u00e9ditation<\/title>\n<meta name=\"robots\" content=\"index, follow, max-snippet:-1, max-image-preview:large, max-video-preview:-1\" \/>\n<link rel=\"canonical\" href=\"https:\/\/www.revue3emillenaire.com\/blog\/de-mahomet-a-l\u2019age-des-reformes-par-jean-chevalier\/\" \/>\n<meta property=\"og:locale\" content=\"fr_FR\" \/>\n<meta property=\"og:type\" content=\"article\" \/>\n<meta property=\"og:title\" content=\"De Mahomet \u00e0 l\u2019\u00e2ge des r\u00e9formes par Jean Chevalier - 3e mill\u00e9naire - Spiritualit\u00e9 - Connaissance de soi - Non-dualit\u00e9 - M\u00e9ditation\" \/>\n<meta property=\"og:description\" content=\"Ce n&#039;est pas en restant au niveau des g\u00e9n\u00e9ralit\u00e9s faciles que Mircea Eliade se montre un incomparable d\u00e9fricheur de sens. Il examine les mythes, rites et croyances jusque dans leurs menus d\u00e9tails, ne n\u00e9gligeant aucun trait qui puisse solliciter l&#039;intervention de l&#039;herm\u00e9neute, pour d\u00e9masquer son r\u00f4le particulier dans un ensemble traditionnel. La somme d&#039;\u00e9rudition incorpor\u00e9e dans cette Histoire des Croyances et des Id\u00e9es religieuses est vraiment prodigieuse! Ce qui est le plus \u00e9tonnant, c&#039;est la r\u00e9ussite qui, loin de ressembler seulement \u00e0 une savante compilation, constitue une intelligente exploration des profondeurs, la projection d&#039;un faisceau de lumi\u00e8re sur ce qu&#039;on a justement appel\u00e9 \u00abla conscience des anciens et l&#039;inconscient des modernes\u00bb. Nous sommes loin d&#039;un James George Fraser, avec ses h\u00e2tives et superficielles g\u00e9n\u00e9ralisations.\" \/>\n<meta property=\"og:url\" content=\"https:\/\/www.revue3emillenaire.com\/blog\/de-mahomet-a-l\u2019age-des-reformes-par-jean-chevalier\/\" \/>\n<meta property=\"og:site_name\" content=\"3e mill\u00e9naire - Spiritualit\u00e9 - Connaissance de soi - Non-dualit\u00e9 - M\u00e9ditation\" \/>\n<meta property=\"article:published_time\" content=\"2010-08-31T17:39:12+00:00\" \/>\n<meta property=\"article:modified_time\" content=\"2010-08-31T17:39:38+00:00\" \/>\n<meta name=\"author\" content=\"3e mill\u00e9naire\" \/>\n<meta name=\"twitter:card\" content=\"summary_large_image\" \/>\n<meta name=\"twitter:label1\" content=\"\u00c9crit par\" \/>\n\t<meta name=\"twitter:data1\" content=\"3e mill\u00e9naire\" \/>\n\t<meta name=\"twitter:label2\" content=\"Dur\u00e9e de lecture estim\u00e9e\" \/>\n\t<meta name=\"twitter:data2\" content=\"5 minutes\" \/>\n<script type=\"application\/ld+json\" class=\"yoast-schema-graph\">{\"@context\":\"https:\/\/schema.org\",\"@graph\":[{\"@type\":\"Article\",\"@id\":\"https:\/\/www.revue3emillenaire.com\/blog\/de-mahomet-a-l%e2%80%99age-des-reformes-par-jean-chevalier\/#article\",\"isPartOf\":{\"@id\":\"https:\/\/www.revue3emillenaire.com\/blog\/de-mahomet-a-l%e2%80%99age-des-reformes-par-jean-chevalier\/\"},\"author\":{\"name\":\"3e mill\u00e9naire\",\"@id\":\"https:\/\/www.revue3emillenaire.com\/blog\/#\/schema\/person\/9a3a7cc4ccaa707f402d4394327106d5\"},\"headline\":\"De Mahomet \u00e0 l\u2019\u00e2ge des r\u00e9formes par Jean Chevalier\",\"datePublished\":\"2010-08-31T17:39:12+00:00\",\"dateModified\":\"2010-08-31T17:39:38+00:00\",\"mainEntityOfPage\":{\"@id\":\"https:\/\/www.revue3emillenaire.com\/blog\/de-mahomet-a-l%e2%80%99age-des-reformes-par-jean-chevalier\/\"},\"wordCount\":1024,\"keywords\":[\"Eliade\",\"Mythe\",\"religion\"],\"articleSection\":[\"Chevalier Jean\"],\"inLanguage\":\"fr-FR\"},{\"@type\":\"WebPage\",\"@id\":\"https:\/\/www.revue3emillenaire.com\/blog\/de-mahomet-a-l%e2%80%99age-des-reformes-par-jean-chevalier\/\",\"url\":\"https:\/\/www.revue3emillenaire.com\/blog\/de-mahomet-a-l%e2%80%99age-des-reformes-par-jean-chevalier\/\",\"name\":\"De Mahomet \u00e0 l\u2019\u00e2ge des r\u00e9formes par Jean Chevalier - 3e mill\u00e9naire - Spiritualit\u00e9 - Connaissance de soi - Non-dualit\u00e9 - M\u00e9ditation\",\"isPartOf\":{\"@id\":\"https:\/\/www.revue3emillenaire.com\/blog\/#website\"},\"datePublished\":\"2010-08-31T17:39:12+00:00\",\"dateModified\":\"2010-08-31T17:39:38+00:00\",\"author\":{\"@id\":\"https:\/\/www.revue3emillenaire.com\/blog\/#\/schema\/person\/9a3a7cc4ccaa707f402d4394327106d5\"},\"breadcrumb\":{\"@id\":\"https:\/\/www.revue3emillenaire.com\/blog\/de-mahomet-a-l%e2%80%99age-des-reformes-par-jean-chevalier\/#breadcrumb\"},\"inLanguage\":\"fr-FR\",\"potentialAction\":[{\"@type\":\"ReadAction\",\"target\":[\"https:\/\/www.revue3emillenaire.com\/blog\/de-mahomet-a-l%e2%80%99age-des-reformes-par-jean-chevalier\/\"]}]},{\"@type\":\"BreadcrumbList\",\"@id\":\"https:\/\/www.revue3emillenaire.com\/blog\/de-mahomet-a-l%e2%80%99age-des-reformes-par-jean-chevalier\/#breadcrumb\",\"itemListElement\":[{\"@type\":\"ListItem\",\"position\":1,\"name\":\"Accueil\",\"item\":\"https:\/\/www.revue3emillenaire.com\/blog\/\"},{\"@type\":\"ListItem\",\"position\":2,\"name\":\"De Mahomet \u00e0 l\u2019\u00e2ge des r\u00e9formes par Jean Chevalier\"}]},{\"@type\":\"WebSite\",\"@id\":\"https:\/\/www.revue3emillenaire.com\/blog\/#website\",\"url\":\"https:\/\/www.revue3emillenaire.com\/blog\/\",\"name\":\"3e mill\u00e9naire - Spiritualit\u00e9 - Connaissance de soi - Non-dualit\u00e9 - M\u00e9ditation\",\"description\":\"L&#039;Homme en devenir\",\"potentialAction\":[{\"@type\":\"SearchAction\",\"target\":{\"@type\":\"EntryPoint\",\"urlTemplate\":\"https:\/\/www.revue3emillenaire.com\/blog\/?s={search_term_string}\"},\"query-input\":{\"@type\":\"PropertyValueSpecification\",\"valueRequired\":true,\"valueName\":\"search_term_string\"}}],\"inLanguage\":\"fr-FR\"},{\"@type\":\"Person\",\"@id\":\"https:\/\/www.revue3emillenaire.com\/blog\/#\/schema\/person\/9a3a7cc4ccaa707f402d4394327106d5\",\"name\":\"3e mill\u00e9naire\",\"url\":\"https:\/\/www.revue3emillenaire.com\/blog\/author\/admin\/\"}]}<\/script>\n<!-- \/ Yoast SEO plugin. -->","yoast_head_json":{"title":"De Mahomet \u00e0 l\u2019\u00e2ge des r\u00e9formes par Jean Chevalier - 3e mill\u00e9naire - Spiritualit\u00e9 - Connaissance de soi - Non-dualit\u00e9 - M\u00e9ditation","robots":{"index":"index","follow":"follow","max-snippet":"max-snippet:-1","max-image-preview":"max-image-preview:large","max-video-preview":"max-video-preview:-1"},"canonical":"https:\/\/www.revue3emillenaire.com\/blog\/de-mahomet-a-l\u2019age-des-reformes-par-jean-chevalier\/","og_locale":"fr_FR","og_type":"article","og_title":"De Mahomet \u00e0 l\u2019\u00e2ge des r\u00e9formes par Jean Chevalier - 3e mill\u00e9naire - Spiritualit\u00e9 - Connaissance de soi - Non-dualit\u00e9 - M\u00e9ditation","og_description":"Ce n'est pas en restant au niveau des g\u00e9n\u00e9ralit\u00e9s faciles que Mircea Eliade se montre un incomparable d\u00e9fricheur de sens. Il examine les mythes, rites et croyances jusque dans leurs menus d\u00e9tails, ne n\u00e9gligeant aucun trait qui puisse solliciter l'intervention de l'herm\u00e9neute, pour d\u00e9masquer son r\u00f4le particulier dans un ensemble traditionnel. La somme d'\u00e9rudition incorpor\u00e9e dans cette Histoire des Croyances et des Id\u00e9es religieuses est vraiment prodigieuse! Ce qui est le plus \u00e9tonnant, c'est la r\u00e9ussite qui, loin de ressembler seulement \u00e0 une savante compilation, constitue une intelligente exploration des profondeurs, la projection d'un faisceau de lumi\u00e8re sur ce qu'on a justement appel\u00e9 \u00abla conscience des anciens et l'inconscient des modernes\u00bb. Nous sommes loin d'un James George Fraser, avec ses h\u00e2tives et superficielles g\u00e9n\u00e9ralisations.","og_url":"https:\/\/www.revue3emillenaire.com\/blog\/de-mahomet-a-l\u2019age-des-reformes-par-jean-chevalier\/","og_site_name":"3e mill\u00e9naire - Spiritualit\u00e9 - Connaissance de soi - Non-dualit\u00e9 - M\u00e9ditation","article_published_time":"2010-08-31T17:39:12+00:00","article_modified_time":"2010-08-31T17:39:38+00:00","author":"3e mill\u00e9naire","twitter_card":"summary_large_image","twitter_misc":{"\u00c9crit par":"3e mill\u00e9naire","Dur\u00e9e de lecture estim\u00e9e":"5 minutes"},"schema":{"@context":"https:\/\/schema.org","@graph":[{"@type":"Article","@id":"https:\/\/www.revue3emillenaire.com\/blog\/de-mahomet-a-l%e2%80%99age-des-reformes-par-jean-chevalier\/#article","isPartOf":{"@id":"https:\/\/www.revue3emillenaire.com\/blog\/de-mahomet-a-l%e2%80%99age-des-reformes-par-jean-chevalier\/"},"author":{"name":"3e mill\u00e9naire","@id":"https:\/\/www.revue3emillenaire.com\/blog\/#\/schema\/person\/9a3a7cc4ccaa707f402d4394327106d5"},"headline":"De Mahomet \u00e0 l\u2019\u00e2ge des r\u00e9formes par Jean Chevalier","datePublished":"2010-08-31T17:39:12+00:00","dateModified":"2010-08-31T17:39:38+00:00","mainEntityOfPage":{"@id":"https:\/\/www.revue3emillenaire.com\/blog\/de-mahomet-a-l%e2%80%99age-des-reformes-par-jean-chevalier\/"},"wordCount":1024,"keywords":["Eliade","Mythe","religion"],"articleSection":["Chevalier Jean"],"inLanguage":"fr-FR"},{"@type":"WebPage","@id":"https:\/\/www.revue3emillenaire.com\/blog\/de-mahomet-a-l%e2%80%99age-des-reformes-par-jean-chevalier\/","url":"https:\/\/www.revue3emillenaire.com\/blog\/de-mahomet-a-l%e2%80%99age-des-reformes-par-jean-chevalier\/","name":"De Mahomet \u00e0 l\u2019\u00e2ge des r\u00e9formes par Jean Chevalier - 3e mill\u00e9naire - Spiritualit\u00e9 - Connaissance de soi - Non-dualit\u00e9 - M\u00e9ditation","isPartOf":{"@id":"https:\/\/www.revue3emillenaire.com\/blog\/#website"},"datePublished":"2010-08-31T17:39:12+00:00","dateModified":"2010-08-31T17:39:38+00:00","author":{"@id":"https:\/\/www.revue3emillenaire.com\/blog\/#\/schema\/person\/9a3a7cc4ccaa707f402d4394327106d5"},"breadcrumb":{"@id":"https:\/\/www.revue3emillenaire.com\/blog\/de-mahomet-a-l%e2%80%99age-des-reformes-par-jean-chevalier\/#breadcrumb"},"inLanguage":"fr-FR","potentialAction":[{"@type":"ReadAction","target":["https:\/\/www.revue3emillenaire.com\/blog\/de-mahomet-a-l%e2%80%99age-des-reformes-par-jean-chevalier\/"]}]},{"@type":"BreadcrumbList","@id":"https:\/\/www.revue3emillenaire.com\/blog\/de-mahomet-a-l%e2%80%99age-des-reformes-par-jean-chevalier\/#breadcrumb","itemListElement":[{"@type":"ListItem","position":1,"name":"Accueil","item":"https:\/\/www.revue3emillenaire.com\/blog\/"},{"@type":"ListItem","position":2,"name":"De Mahomet \u00e0 l\u2019\u00e2ge des r\u00e9formes par Jean Chevalier"}]},{"@type":"WebSite","@id":"https:\/\/www.revue3emillenaire.com\/blog\/#website","url":"https:\/\/www.revue3emillenaire.com\/blog\/","name":"3e mill\u00e9naire - Spiritualit\u00e9 - Connaissance de soi - Non-dualit\u00e9 - M\u00e9ditation","description":"L&#039;Homme en devenir","potentialAction":[{"@type":"SearchAction","target":{"@type":"EntryPoint","urlTemplate":"https:\/\/www.revue3emillenaire.com\/blog\/?s={search_term_string}"},"query-input":{"@type":"PropertyValueSpecification","valueRequired":true,"valueName":"search_term_string"}}],"inLanguage":"fr-FR"},{"@type":"Person","@id":"https:\/\/www.revue3emillenaire.com\/blog\/#\/schema\/person\/9a3a7cc4ccaa707f402d4394327106d5","name":"3e mill\u00e9naire","url":"https:\/\/www.revue3emillenaire.com\/blog\/author\/admin\/"}]}},"_links":{"self":[{"href":"https:\/\/www.revue3emillenaire.com\/blog\/wp-json\/wp\/v2\/posts\/4507","targetHints":{"allow":["GET"]}}],"collection":[{"href":"https:\/\/www.revue3emillenaire.com\/blog\/wp-json\/wp\/v2\/posts"}],"about":[{"href":"https:\/\/www.revue3emillenaire.com\/blog\/wp-json\/wp\/v2\/types\/post"}],"author":[{"embeddable":true,"href":"https:\/\/www.revue3emillenaire.com\/blog\/wp-json\/wp\/v2\/users\/1"}],"replies":[{"embeddable":true,"href":"https:\/\/www.revue3emillenaire.com\/blog\/wp-json\/wp\/v2\/comments?post=4507"}],"version-history":[{"count":0,"href":"https:\/\/www.revue3emillenaire.com\/blog\/wp-json\/wp\/v2\/posts\/4507\/revisions"}],"wp:attachment":[{"href":"https:\/\/www.revue3emillenaire.com\/blog\/wp-json\/wp\/v2\/media?parent=4507"}],"wp:term":[{"taxonomy":"category","embeddable":true,"href":"https:\/\/www.revue3emillenaire.com\/blog\/wp-json\/wp\/v2\/categories?post=4507"},{"taxonomy":"post_tag","embeddable":true,"href":"https:\/\/www.revue3emillenaire.com\/blog\/wp-json\/wp\/v2\/tags?post=4507"}],"curies":[{"name":"wp","href":"https:\/\/api.w.org\/{rel}","templated":true}]}}