{"id":4583,"date":"2010-09-03T16:42:30","date_gmt":"2010-09-03T15:42:30","guid":{"rendered":"http:\/\/www.revue3emillenaire.com\/blog\/?p=4583"},"modified":"2010-09-03T16:42:30","modified_gmt":"2010-09-03T15:42:30","slug":"lunite-de-la-vie-par-george-magloire","status":"publish","type":"post","link":"https:\/\/www.revue3emillenaire.com\/blog\/lunite-de-la-vie-par-george-magloire\/","title":{"rendered":"L&rsquo;unit\u00e9 de la vie par George Magloire"},"content":{"rendered":"<p style=\"text-align: justify;\">(Revue Teilhard de Chardin. N<sup>o<\/sup> 73. Mars 1978)<\/p>\n<p style=\"text-align: justify;\">\n<p style=\"text-align: justify;\">Ces r\u00e9flexions commencent par un vieux conte chinois.<\/p>\n<p style=\"text-align: justify;\">\n<p style=\"text-align: justify;\">Sentant venir la mort, un homme appelle ses trois fils et leur confie son bien, trois vall\u00e9es.<\/p>\n<p style=\"text-align: justify;\">Il meurt, chacun des fils va voir la vall\u00e9e dont il a h\u00e9rit\u00e9.<\/p>\n<p style=\"text-align: justify;\">\n<p style=\"text-align: justify;\">Le premier regarde la sienne et d\u00e9cide qu&rsquo;elle est une mauvaise terre, qu&rsquo;il n&rsquo;y a rien \u00e0 en tirer. Il abandonne sa vall\u00e9e. Dix ans plus tard, elle ne sera plus que boue et mar\u00e9cage.<\/p>\n<p style=\"text-align: justify;\">\n<p style=\"text-align: justify;\">Le deuxi\u00e8me fils examine la sienne et la trouve juste bonne \u00e0 donner du riz. Il s\u00e8me et il r\u00e9colte du riz. Dix ans plus tard, sa vall\u00e9e sera une honn\u00eate rizi\u00e8re.<\/p>\n<p style=\"text-align: justify;\">\n<p style=\"text-align: justify;\">Le troisi\u00e8me fils prend possession de sa terre. \u00ab Mon p\u00e8re me l&rsquo;a donn\u00e9e, dit-il, pour que je l&rsquo;aime et la travaille ! \u00bb Chaque jour, il se rend \u00e0 sa vall\u00e9e. Il la b\u00e9nit, il l&rsquo;aime et il la travaille. Petit \u00e0 petit, la vall\u00e9e se couvre de plantes, d&rsquo;arbres et d&rsquo;oiseaux. Et elle monte, elle monte. Elle devient colline. Elle devient montagne. Elle touche le ciel.<\/p>\n<p style=\"text-align: justify;\">\n<p style=\"text-align: justify;\">Les hommes regardent s&rsquo;\u00e9lever la vall\u00e9e. Au bout de dix ans, que voient-ils sur sa cime ? Dieu s&rsquo;y prom\u00e8ne!<\/p>\n<p style=\"text-align: justify;\">\n<p style=\"text-align: justify;\">Que signifie cette histoire?<\/p>\n<p style=\"text-align: justify;\">\n<p style=\"text-align: justify;\">Elle signifie que l&rsquo;amour fait grandir. Mais pas seulement les vall\u00e9es, les plantes et les arbres, l&rsquo;homme lui-m\u00eame. L&rsquo;Amour fait que tout devienne meilleur.<\/p>\n<p style=\"text-align: justify;\">\n<p style=\"text-align: justify;\">Mais l&rsquo;Amour qu&rsquo;est-il sinon l&rsquo;Unit\u00e9 de ce qui est, de tout ce qui se fait ?<\/p>\n<p style=\"text-align: justify;\">\n<p style=\"text-align: justify;\">Il faut aimer toutes les vall\u00e9es du monde, les b\u00e9nir, les travailler et faire en sorte qu&rsquo;elles touchent le ciel!<\/p>\n<p style=\"text-align: justify;\">\n<p style=\"text-align: justify;\">Voici un autre conte, aussi beau. Il est arabe.<\/p>\n<p style=\"text-align: justify;\">\n<p style=\"text-align: justify;\">Ibrahim va \u00e0 la chasse. Mont\u00e9 sur son cheval, il entre dans la for\u00eat. Il avance. Soudain il rencontre une biche. Il ajuste son arc. Il va tirer. Mais une voix l&rsquo;interpelle : \u00ab Ibrahim, \u00e9veille-toi avant que la mort ne t&rsquo;\u00e9veille ! \u00bb<\/p>\n<p style=\"text-align: justify;\">\n<p style=\"text-align: justify;\">Le chasseur tend l&rsquo;oreille. La for\u00eat enti\u00e8re r\u00e9p\u00e8te : \u00ab Ibrahim \u00e9veille-toi avant que la mort ne t&rsquo;\u00e9veille ! \u00bb Chaque brin d&rsquo;herbe, chaque feuille (car dans les contes arabes, m\u00eame le brin d&rsquo;herbe poss\u00e8de son ange gardien) murmure : \u00ab Ibrahim \u00e9veille-toi avant que la mort ne t&rsquo;\u00e9veille ! \u00bb Ibrahim alors jette son arc. Il descend de cheval et il entre dans le d\u00e9sert. Le d\u00e9sert ? Pourquoi ? Parce que le d\u00e9sert est propice \u00e0 l&rsquo;\u00e9veil. Et pourquoi est-il propice \u00e0 l&rsquo;\u00e9veil? Parce que le d\u00e9sert pleure pour devenir prairie, pour \u00eatre jardin, pour fleurir en verger; parce qu&rsquo;il est tout entier un appel \u00e0 l&rsquo;amour, l&rsquo;amour pr\u00e9sent dans le grain de pollen comme dans les galaxies.<\/p>\n<p style=\"text-align: justify;\">\n<p style=\"text-align: justify;\">Plus que quiconque, le P\u00e8re Teilhard a vu l&rsquo;unit\u00e9 fondamentale de tout ce qui est, \u00ab <em>r\u00e9ussite formidable dont il est \u00e9trange que nous soyons aussi longs \u00e0 reconna\u00eetre la cause <\/em>\u00bb. Tout se construit et tout se tient par l&rsquo;Amour.<\/p>\n<p style=\"text-align: justify;\">\n<p style=\"text-align: justify;\">Dans ses branches majeures comme dans ses d\u00e9rivations les plus d\u00e9licates, la vie porte les traces \u00e9videntes d&rsquo;une germination et d&rsquo;une croissance.<\/p>\n<p style=\"text-align: justify;\">\n<p style=\"text-align: justify;\">Pour Pierre Teilhard de Chardin, d\u00e8s le commencement de l&rsquo;histoire de la vie, il y a eu l&rsquo;Amour. Tout est pour toujours Amour. \u00ab <em>Nous sommes les parties d&rsquo;un Tout qui se cherche<\/em> \u00bb disait-il, en Chine.<\/p>\n<p style=\"text-align: justify;\">\n<p style=\"text-align: justify;\">En effet, tout ne serait-il pas de l&rsquo;esp\u00e8ce de l&rsquo;Amour, mais d&rsquo;un Amour tel qu&rsquo;il demeure encore impensable?<\/p>\n<p style=\"text-align: justify;\">\n<p style=\"text-align: justify;\">Sous les formes p\u00e9rissables que l&rsquo;\u00c9volution a prises dans la nature, le P\u00e8re Teilhard d\u00e9c\u00e8le une supr\u00eame et immuable r\u00e9alit\u00e9 : l&rsquo;Amour.<\/p>\n<p style=\"text-align: justify;\">\n<p style=\"text-align: justify;\">L&rsquo;amour Alpha et Omega, depuis toujours et pour toujours : <em>Omnia in omnibus<\/em>.<\/p>\n<p style=\"text-align: justify;\">\n<p style=\"text-align: justify;\">Consid\u00e9r\u00e9 dans sa pleine r\u00e9alit\u00e9 biologique, l&rsquo;Amour repr\u00e9sente une propri\u00e9t\u00e9 g\u00e9n\u00e9rale de la vie, de toute vie, et comme tel, il \u00e9pouse en v\u00e9rit\u00e9 et en degr\u00e9s, toutes les formes prises par la mati\u00e8re organis\u00e9e.<\/p>\n<p style=\"text-align: justify;\">\n<p style=\"text-align: justify;\">Pour Pierre Teilhard, l&rsquo;explication de la vie est dans l&rsquo;Amour, symbiose originale et \u00e9ternelle, laquelle, dans son esprit est l&rsquo;\u00catre personnel supr\u00eame et l&rsquo;acte ultime d&rsquo;union.<\/p>\n<p style=\"text-align: justify;\">\n<p style=\"text-align: justify;\">L&rsquo;Amour, \u00e0 la base de tout ce qui est et de tout ce qui se fait (c&rsquo;est-\u00e0-dire, de tout ce qui existe pour s&rsquo;unir et de tout ce qui s&rsquo;unit pour \u00eatre) m\u00eame lorsqu&rsquo;il est imperceptible, se retrouve partout.<\/p>\n<p style=\"text-align: justify;\">\n<p style=\"text-align: justify;\">Obscur dans la mati\u00e8re inerte, il \u00e9clate avec l&rsquo;apparition de l&rsquo;homme.<\/p>\n<p style=\"text-align: justify;\">\n<p style=\"text-align: justify;\">\u00ab <em>Tout est unit\u00e9, parce que tout est fait de la m\u00eame mati\u00e8re. Plus nous clivons la mati\u00e8re, plus se laisse voir \u00e0 nous sa fondamentale unit\u00e9, comme si l&rsquo;\u00e9toffe de toute \u00e9toffe se ramenait \u00e0 une simple et unique forme de substance<\/em>. \u00bb<\/p>\n<p style=\"text-align: justify;\">\n<p style=\"text-align: justify;\">Attachant sa pens\u00e9e au Ph\u00e9nom\u00e8ne Humain, le P\u00e8re Teilhard ajoute : \u00ab <em>Nous sommes unis, non pas seulement parce que nous sommes tiss\u00e9s de la m\u00eame mati\u00e8re, non pas seulement parce que nous habitons la m\u00eame plan\u00e8te et partageons la m\u00eame vie, non pas seulement parce que nous sommes mus par la m\u00eame pens\u00e9e et anim\u00e9s par le m\u00eame esprit, mais surtout parce que nous formons ensemble la conjonction d&rsquo;o\u00f9 jaillira tout naturellement l&rsquo;Ultra-Humain<\/em> \u00bb.<\/p>\n<p style=\"text-align: justify;\">\n<p style=\"text-align: justify;\">Nous sommes les \u00e9l\u00e9ments d&rsquo;un grand Tout, qui se r\u00e9alise, les membres d&rsquo;un corps qui se totalise puisqu&rsquo;il s&rsquo;agit d&rsquo;une union convergente.<\/p>\n<p style=\"text-align: justify;\">\n<p style=\"text-align: justify;\">Dans le <em>C\u0153ur de la Mati\u00e8re<\/em>, son autobiographie, Pierre Teilhard de Chardin \u00e9crit : \u00ab <em>&#8230; que l&rsquo;on juge de mon impression de lib\u00e9ration lorsqu&rsquo;\u00e0 un de mes premiers pas dans un Univers \u00e9volutif, je constatai que le dualisme dans lequel on m&rsquo;avait maintenu jusqu&rsquo;alors se dissipait, comme brouillard au soleil<\/em> \u00bb&#8230;<\/p>\n<p style=\"text-align: justify;\">\n<p style=\"text-align: justify;\">Unit\u00e9 de Tout.<\/p>\n<p style=\"text-align: justify;\">\n<p style=\"text-align: justify;\">Dans le m\u00eame \u00e9crit, le P\u00e8re Teilhard raconte comment tr\u00e8s jeune, il a vu l&rsquo;unit\u00e9 qui existe entre les trois \u00e9l\u00e9ments : le cosmique ou l&rsquo;\u00e9volutif, l&rsquo;humain et le christique.<\/p>\n<p style=\"text-align: justify;\">\n<p style=\"text-align: justify;\">Pour faire voir cette unit\u00e9, Teilhard construira une synth\u00e8se g\u00e9niale. Cette synth\u00e8se reposera sur l&rsquo;\u00e9nergie unique, laquelle a jou\u00e9 dans le monde depuis ses origines.<\/p>\n<p style=\"text-align: justify;\">\n<p style=\"text-align: justify;\">Mais comment pour Teilhard, la totalit\u00e9 du R\u00e9el trouve-t-elle son unit\u00e9, ou plut\u00f4t comment cette totalit\u00e9 du R\u00e9el se saisit-elle dans son unit\u00e9, lorsque ce R\u00e9el est pens\u00e9 dans le temps ? Car une totalit\u00e9 en effet s&rsquo;organise dans le temps.<\/p>\n<p style=\"text-align: justify;\">\n<p style=\"text-align: justify;\">Le th\u00e8me de l&rsquo;\u00e9volution occupe une grande place dans l&rsquo;\u0153uvre du P\u00e8re Teilhard, cette \u00e9volution, dont la d\u00e9couverte a ouvert les immensit\u00e9s de la dur\u00e9e et celles de l&rsquo;Espace-Temps.<\/p>\n<p style=\"text-align: justify;\">\n<p style=\"text-align: justify;\">\u00ab <em>Nous sommes partis dans le pass\u00e9, non pas en amateurs, mais en conquistadors, pour d\u00e9couvrir la solution du monde, cach\u00e9e en ses origines<\/em>. \u00bb<\/p>\n<p style=\"text-align: justify;\">\n<p style=\"text-align: justify;\">Pierre Teilhard de Chardin a d\u00e9couvert la loi, qui d\u00e9j\u00e0 porte son nom, la loi de la Complexit\u00e9-Conscience. Apr\u00e8s l&rsquo;infiniment grand et l&rsquo;infiniment petit, l&rsquo;infiniment complexe. L&rsquo;infiniment complexe ou l&rsquo;infiniment organis\u00e9.<\/p>\n<p style=\"text-align: justify;\">\n<p style=\"text-align: justify;\">Le P\u00e8re Teilhard constate que, pour le monde avancer dans la dur\u00e9e, c&rsquo;est progresser en concentration psychique ou encore que l&rsquo;\u00e9volution est une conscience qui s&rsquo;\u00e9veille graduellement. La vie monte, la mati\u00e8re monte vers du Psychique de plus en plus centr\u00e9, de plus en plus int\u00e9rioris\u00e9. Ainsi l&rsquo;\u00e9volution se fait-elle de plus en plus amorisante.<\/p>\n<p style=\"text-align: justify;\">\n<p style=\"text-align: justify;\">A P\u00e9kin, le P\u00e8re Teilhard expliquait : \u00ab <em>l&rsquo;\u00e9volution se fait sous la pouss\u00e9e en m\u00eame temps que sous l&rsquo;attraction des forces d&rsquo;amour qui animent le monde<\/em> \u00bb.<\/p>\n<p style=\"text-align: justify;\">\n<p style=\"text-align: justify;\">Et il ajoutait, avec cette pointe d&rsquo;humour qui lui \u00e9tait propre : \u00ab <em>Sans l&rsquo;amour, rien! M\u00eame l&rsquo;\u00e9volution ne saurait r\u00e9sister \u00e0 l&rsquo;ennui&#8230;<\/em> \u00bb<\/p>\n<p style=\"text-align: justify;\">\n<p style=\"text-align: justify;\">Le dynamisme qui soul\u00e8ve la mati\u00e8re est l&rsquo;Amour. L&rsquo;univers d\u00e8s lors n&rsquo;est pas une \u00e9normit\u00e9 angoissante. Il n&rsquo;est pas absurde.<\/p>\n<p style=\"text-align: justify;\">\n<p style=\"text-align: justify;\">Il est une mont\u00e9e vers l&rsquo;esprit, une Noogen\u00e8se, une histoire qui poss\u00e8de un sens et nous dirons avec le chr\u00e9tien Pierre Teilhard de Chardin, une histoire qui poss\u00e8de un visage et un c\u0153ur.<\/p>\n<p style=\"text-align: justify;\">\n<p style=\"text-align: justify;\">Quelles sont dans l&rsquo;optique de l&rsquo;unit\u00e9 de la vie les sources de l&rsquo;optimisme humain? Comment l&rsquo;humanit\u00e9 est et sera-t-elle de plus en plus consciente de former une unit\u00e9 ? Comment l&rsquo;esp\u00e8ce humaine est-elle \u00e0 la fois libre et responsable de son destin, comment aussi, est-elle appel\u00e9e \u00e0 vivre une aventure plan\u00e9taire sans pr\u00e9c\u00e9dent, elle qui prend aujourd&rsquo;hui particuli\u00e8rement conscience d&rsquo;\u00eatre menac\u00e9e comme esp\u00e8ce dans sa totalit\u00e9?<\/p>\n<p style=\"text-align: justify;\">\n<p style=\"text-align: justify;\">Dans un essai r\u00e9dig\u00e9 \u00e0 P\u00e9kin en 1939, Pierre Teilhard \u00e9tudie les Unit\u00e9s humaines naturelles, cette hyper-cellule g\u00e9ante, l&rsquo;humanit\u00e9, tiss\u00e9e par la vie sur toute la surface de la terre.<\/p>\n<p style=\"text-align: justify;\">\n<p style=\"text-align: justify;\">Du tronc que constitue notre esp\u00e8ce zoologique \u00ab <em>groupe \u00e9trange et exceptionnel<\/em> \u00bb, unique dans l&rsquo;histoire de la vie, il voit jaillir des branches dont il dira qu&rsquo;elles sont des familles.<\/p>\n<p style=\"text-align: justify;\">\n<p style=\"text-align: justify;\">\u00ab <em>L&rsquo;humanit\u00e9, prise dans sa nature concr\u00e8te, est r\u00e9ellement compos\u00e9e de rameaux diff\u00e9rents. Il existe des races, mais sans que pour cela il y ait \u2014 de droit \u2014 un antagonisme et un probl\u00e8me de races<\/em> \u00bb&#8230; \u00ab <em>L&rsquo;un a ceci, l&rsquo;autre a cela. Sinon, pourquoi et comment parler d&rsquo;une synth\u00e8se de tous ? Gardons-nous de renouveler par id\u00e9ologie ou sentimentalit\u00e9, en mati\u00e8re de race, l&rsquo;erreur du f\u00e9minisme ou des d\u00e9mocraties \u00e0 leur d\u00e9but. La femme n&rsquo;est pas l&rsquo;homme : et c&rsquo;est pr\u00e9cis\u00e9ment pour cela que l&rsquo;homme ne peut se passer de la femme. Le m\u00e9canicien n&rsquo;est pas l&rsquo;athl\u00e8te, ni le peintre, ni le financier : c&rsquo;est gr\u00e2ce \u00e0 ces diversit\u00e9s que l&rsquo;organisme national fonctionne. Pareillement, le Chinois n&rsquo;est pas le Fran\u00e7ais, ni celui-ci le Cafre ou le Japonais. Et fort heureusement pour la richesse totale et l&rsquo;avenir de l&rsquo;homme, ces in\u00e9galit\u00e9s, qu&rsquo;on cherche parfois \u00e0 nier contre toute \u00e9vidence, peuvent para\u00eetre blessantes aussi longtemps que les \u00e9l\u00e9ments sont regard\u00e9s statiquement et isol\u00e9ment. Elles deviennent acceptables, honorables, et m\u00eame aimables, si on les observe du point de vue de leur essentielle compl\u00e9mentarit\u00e9. L&rsquo;\u0153il dira-t-il \u00e0 la main qu&rsquo;il la m\u00e9prise ? ou le rouge qu&rsquo;il ne veut ni du vert, ni du bleu sur le m\u00eame tableau?<\/em><\/p>\n<p style=\"text-align: justify;\"><em>Cette diversit\u00e9 fonctionnelle des rameaux humains \u00e9tant admise, il suit imm\u00e9diatement deux choses : la premi\u00e8re, c&rsquo;est que chacun de ces rameaux a pour devoir, non point de conserver ou de retrouver dans le pass\u00e9, je ne sais quelle ind\u00e9finissable puret\u00e9 originelle, mais de s&rsquo;achever dans la ligne correspondant \u00e0 ses qualit\u00e9s et \u00e0 son g\u00e9nie propres, en avant; la seconde, c&rsquo;est que dans cet effort de personnalisation collective, il doit trouver chez tous les rameaux voisins, un appui d&rsquo;autant plus attentif que ceux-ci ont la chance d&rsquo;\u00eatre plus vigoureux<\/em>. \u00bb<a href=\"#_ftn1\">[1]<\/a><\/p>\n<p style=\"text-align: justify;\">\n<p style=\"text-align: justify;\">Dans ce m\u00eame essai, Teilhard souligne l&rsquo;interf\u00e9condit\u00e9, la confluence et la compl\u00e9mentarit\u00e9 des familles humaines, non point sup\u00e9rieures ou inf\u00e9rieures les unes aux autres, mais diff\u00e9rentes, ce qui est bien plus beau, conclut-il. Diff\u00e9rents mais \u00e9gaux : l&rsquo;unit\u00e9 dans la diversit\u00e9.<\/p>\n<p style=\"text-align: justify;\">\n<p style=\"text-align: justify;\">Au cours du temps, les rameaux humains ont, il est vrai, diverg\u00e9. Ils commencent \u00e0 converger. Un jour, sans doute, \u00e9mergeront-ils. En effet, apr\u00e8s une longue p\u00e9riode d&rsquo;expansions et de concentrations, d&rsquo;\u00e9cartements et de rapprochements, il se produira \u00ab <em>une convergence humaine, telle que nous n&rsquo;osons pas en souhaiter<\/em> \u00bb.<\/p>\n<p style=\"text-align: justify;\">\n<p style=\"text-align: justify;\">La Noogen\u00e8se est encore \u00e0 ses d\u00e9buts. L&rsquo;aventure de l&rsquo;esprit ne fait que commencer. Elle sera cette aventure que Teilhard nomme plan\u00e9tisation, r\u00e9v\u00e9latrice de l&rsquo;unit\u00e9 dans la diversit\u00e9 de l&rsquo;esp\u00e8ce humaine. Car Teilhard ne voit pas une synth\u00e8se humaine uniformisante. La v\u00e9ritable union diff\u00e9rencie.<\/p>\n<p style=\"text-align: justify;\">\n<p style=\"text-align: justify;\">Pour construire la cit\u00e9 humaine, il faut tous les mat\u00e9riaux. Sans le grain de sable, pas de cath\u00e9drale. Sous nos yeux d\u00e9j\u00e0, l&rsquo;humanit\u00e9 s&rsquo;unit \u00e0 une vitesse vertigineuse. Car n&rsquo;est-ce pas commencer \u00e0 s&rsquo;unir que de regarder ensemble dans la m\u00eame direction?<\/p>\n<p style=\"text-align: justify;\">\n<p style=\"text-align: justify;\">\u00ab <em>&#8230; Le seul climat o\u00f9 l&rsquo;homme puisse continuer \u00e0 grandir est celui du d\u00e9vouement et du renoncement dans un sentiment de fraternit\u00e9. En v\u00e9rit\u00e9, \u00e0 la vitesse o\u00f9 sa conscience et ses ambitions augmentent, le monde fera explosion s&rsquo;il n&rsquo;apprend \u00e0 aimer. L&rsquo;avenir de la terre pensante est organiquement li\u00e9 au retournement des forces de haine en forces de charit\u00e9<\/em>. \u00bb<a href=\"#_ftn2\">[2]<\/a><\/p>\n<p style=\"text-align: justify;\">\n<p style=\"text-align: justify;\">Notre fraternit\u00e9 ne r\u00e9side pas seulement dans le fait de notre unit\u00e9 d&rsquo;esp\u00e8ce zoologique, \u00ab <em>elle ne se trouve pas seulement en un p\u00e8re commun en arri\u00e8re, mais elle est en avant de nous<\/em> \u00bb.<\/p>\n<p style=\"text-align: justify;\">\n<p style=\"text-align: justify;\">\u00ab <em>Au point o\u00f9 nous sommes parvenus, on emp\u00eacherait plut\u00f4t la terre de tourner, que l&rsquo;humanit\u00e9 de se totaliser<\/em>. \u00bb<\/p>\n<p style=\"text-align: justify;\">\n<p style=\"text-align: justify;\">L&rsquo;humanit\u00e9 survivra si elle accepte et exalte l&rsquo;originalit\u00e9 de chacun des \u00e9l\u00e9ments qui la composent. Chaque \u00e9l\u00e9ment du cosmos est tiss\u00e9 de tous les autres. Pas moyen de vivre, ni de progresser si l&rsquo;on reste seul, si l&rsquo;on est isol\u00e9. Nous avons besoin les uns des autres. Nous sommes les autres.<\/p>\n<p style=\"text-align: justify;\">\n<p style=\"text-align: justify;\">L&rsquo;homme est libre cependant et il est responsable. A lui le choix : s&rsquo;unir aux autres ou p\u00e9rir.<\/p>\n<p style=\"text-align: justify;\">\n<p style=\"text-align: justify;\">Teilhard reste volontairement optimiste : il n&rsquo;y a qu&rsquo;une fa\u00e7on de vivre r\u00e9ellement, par la participation.<\/p>\n<p style=\"text-align: justify;\">\n<p style=\"text-align: justify;\">\u00ab <em>Parce que nous aimons, pour aimer davantage, nous sommes appel\u00e9s \u00e0 participer \u00e0 tous les efforts, \u00e0 toutes les inqui\u00e9tudes, \u00e0 toutes les aspirations et aussi \u00e0 toutes les affections de la terre, dans la mesure o\u00f9 toutes ces choses contiennent un principe d&rsquo;ascension et de synth\u00e8se<\/em>. \u00bb<\/p>\n<p style=\"text-align: justify;\">\n<p style=\"text-align: justify;\">La plan\u00e9tisation est appel\u00e9e \u00e0 se r\u00e9aliser par et \u00e0 travers l&rsquo;amour. Ce n&rsquo;est pas forc\u00e9e du dehors, mais ins\u00e9r\u00e9e du dedans, que l&rsquo;unit\u00e9 humaine peut durer et grandir. La conscience d&rsquo;une unit\u00e9 humaine biologique d\u00e9j\u00e0 ne suffit plus. L&rsquo;homme a d\u00e9sormais besoin \u00ab <em>d&rsquo;une m\u00eame mission et d&rsquo;une m\u00eame fin<\/em> \u00bb.<\/p>\n<p style=\"text-align: justify;\">\n<p style=\"text-align: justify;\">La pens\u00e9e de Pierre Teilhard de Chardin se compl\u00e8te, s&rsquo;ach\u00e8ve et s&rsquo;exalte sur le Point Omega. Tout comme l&rsquo;atome, l&rsquo;homme ne vaut que par la part de lui-m\u00eame qui passe dans l&rsquo;univers. \u00ab <em>Plus l&rsquo;homme sera homme, plus il sentira la n\u00e9cessit\u00e9 de se vouer \u00e0 un plus grand que soi<\/em>. \u00bb \u00ab <em>Impossible d&rsquo;aimer le prochain sans se rapprocher de Dieu et r\u00e9ciproquement du reste<\/em>. \u00bb<\/p>\n<p style=\"text-align: justify;\">\n<p style=\"text-align: justify;\">Il y a vingt-trois ans, Pierre Teilhard de Chardin disparaissait, laissant derri\u00e8re soi une ultime pri\u00e8re :<\/p>\n<p style=\"text-align: justify;\">\n<p style=\"text-align: justify;\">\u00ab <em>\u00c9nergie de mon Seigneur,<\/em><\/p>\n<p style=\"text-align: justify;\"><em>Force irr\u00e9sistible et vivante,<\/em><\/p>\n<p style=\"text-align: justify;\"><em>parce que de nous deux, Vous \u00eates le plus fort infiniment, c&rsquo;est \u00e0 Vous que de nous deux revient le r\u00f4le de me br\u00fbler dans l&rsquo;union qui doit nous fondre ensemble.<\/em><\/p>\n<p style=\"text-align: justify;\"><em>Donnez-moi donc quelque chose de plus pr\u00e9cieux encore que la gr\u00e2ce pour laquelle Vous prient tous vos fid\u00e8les.<\/em><\/p>\n<p style=\"text-align: justify;\"><em>Ce n&rsquo;est point assez que je meure en communiant.<\/em><\/p>\n<p style=\"text-align: justify;\"><em>Apprenez-moi \u00e0 communier en mourant<\/em> \u00bb.<\/p>\n<p style=\"text-align: justify;\">\n<p style=\"text-align: justify;\">\n<hr style=\"text-align: justify;\" size=\"1\" \/>\n<p style=\"text-align: justify;\"><a href=\"#_ftnref1\">[1]<\/a> <em>La Vision du Pass\u00e9<\/em>, pp. 297-298.<\/p>\n<p style=\"text-align: justify;\"><a href=\"#_ftnref2\">[2]<\/a> <em>La Vision du Pass\u00e9<\/em>, p. 300.<\/p>\n","protected":false},"excerpt":{"rendered":"<p>Le dynamisme qui soul\u00e8ve la mati\u00e8re est l&rsquo;Amour. L&rsquo;univers d\u00e8s lors n&rsquo;est pas une \u00e9normit\u00e9 angoissante. Il n&rsquo;est pas absurde. Il est une mont\u00e9e vers l&rsquo;esprit, une Noogen\u00e8se, une histoire qui poss\u00e8de un sens et nous dirons avec le chr\u00e9tien Pierre Teilhard de Chardin, une histoire qui poss\u00e8de un visage et un c\u0153ur.<\/p>\n","protected":false},"author":1,"featured_media":0,"comment_status":"closed","ping_status":"closed","sticky":false,"template":"","format":"standard","meta":{"footnotes":""},"categories":[705],"tags":[146,108,99,191],"class_list":["post-4583","post","type-post","status-publish","format-standard","hentry","category-magloire-george","tag-amour","tag-evolution","tag-science","tag-teilhard"],"yoast_head":"<!-- This site is optimized with the Yoast SEO plugin v27.0 - https:\/\/yoast.com\/product\/yoast-seo-wordpress\/ -->\n<title>L&#039;unit\u00e9 de la vie par George Magloire - 3e mill\u00e9naire - Spiritualit\u00e9 - Connaissance de soi - Non-dualit\u00e9 - M\u00e9ditation<\/title>\n<meta name=\"robots\" content=\"index, follow, max-snippet:-1, max-image-preview:large, max-video-preview:-1\" \/>\n<link rel=\"canonical\" href=\"https:\/\/www.revue3emillenaire.com\/blog\/lunite-de-la-vie-par-george-magloire\/\" \/>\n<meta property=\"og:locale\" content=\"fr_FR\" \/>\n<meta property=\"og:type\" content=\"article\" \/>\n<meta property=\"og:title\" content=\"L&#039;unit\u00e9 de la vie par George Magloire - 3e mill\u00e9naire - Spiritualit\u00e9 - Connaissance de soi - Non-dualit\u00e9 - M\u00e9ditation\" \/>\n<meta property=\"og:description\" content=\"Le dynamisme qui soul\u00e8ve la mati\u00e8re est l&#039;Amour. L&#039;univers d\u00e8s lors n&#039;est pas une \u00e9normit\u00e9 angoissante. Il n&#039;est pas absurde. Il est une mont\u00e9e vers l&#039;esprit, une Noogen\u00e8se, une histoire qui poss\u00e8de un sens et nous dirons avec le chr\u00e9tien Pierre Teilhard de Chardin, une histoire qui poss\u00e8de un visage et un c\u0153ur.\" \/>\n<meta property=\"og:url\" content=\"https:\/\/www.revue3emillenaire.com\/blog\/lunite-de-la-vie-par-george-magloire\/\" \/>\n<meta property=\"og:site_name\" content=\"3e mill\u00e9naire - Spiritualit\u00e9 - Connaissance de soi - Non-dualit\u00e9 - M\u00e9ditation\" \/>\n<meta property=\"article:published_time\" content=\"2010-09-03T15:42:30+00:00\" \/>\n<meta name=\"author\" content=\"3e mill\u00e9naire\" \/>\n<meta name=\"twitter:card\" content=\"summary_large_image\" \/>\n<meta name=\"twitter:label1\" content=\"\u00c9crit par\" \/>\n\t<meta name=\"twitter:data1\" content=\"3e mill\u00e9naire\" \/>\n\t<meta name=\"twitter:label2\" content=\"Dur\u00e9e de lecture estim\u00e9e\" \/>\n\t<meta name=\"twitter:data2\" content=\"12 minutes\" \/>\n<script type=\"application\/ld+json\" class=\"yoast-schema-graph\">{\"@context\":\"https:\/\/schema.org\",\"@graph\":[{\"@type\":\"Article\",\"@id\":\"https:\/\/www.revue3emillenaire.com\/blog\/lunite-de-la-vie-par-george-magloire\/#article\",\"isPartOf\":{\"@id\":\"https:\/\/www.revue3emillenaire.com\/blog\/lunite-de-la-vie-par-george-magloire\/\"},\"author\":{\"name\":\"3e mill\u00e9naire\",\"@id\":\"https:\/\/www.revue3emillenaire.com\/blog\/#\/schema\/person\/9a3a7cc4ccaa707f402d4394327106d5\"},\"headline\":\"L&rsquo;unit\u00e9 de la vie par George Magloire\",\"datePublished\":\"2010-09-03T15:42:30+00:00\",\"mainEntityOfPage\":{\"@id\":\"https:\/\/www.revue3emillenaire.com\/blog\/lunite-de-la-vie-par-george-magloire\/\"},\"wordCount\":2454,\"keywords\":[\"Amour\",\"\u00c9volution\",\"Science\",\"Teilhard\"],\"articleSection\":[\"Magloire George\"],\"inLanguage\":\"fr-FR\"},{\"@type\":\"WebPage\",\"@id\":\"https:\/\/www.revue3emillenaire.com\/blog\/lunite-de-la-vie-par-george-magloire\/\",\"url\":\"https:\/\/www.revue3emillenaire.com\/blog\/lunite-de-la-vie-par-george-magloire\/\",\"name\":\"L'unit\u00e9 de la vie par George Magloire - 3e mill\u00e9naire - Spiritualit\u00e9 - Connaissance de soi - Non-dualit\u00e9 - M\u00e9ditation\",\"isPartOf\":{\"@id\":\"https:\/\/www.revue3emillenaire.com\/blog\/#website\"},\"datePublished\":\"2010-09-03T15:42:30+00:00\",\"author\":{\"@id\":\"https:\/\/www.revue3emillenaire.com\/blog\/#\/schema\/person\/9a3a7cc4ccaa707f402d4394327106d5\"},\"breadcrumb\":{\"@id\":\"https:\/\/www.revue3emillenaire.com\/blog\/lunite-de-la-vie-par-george-magloire\/#breadcrumb\"},\"inLanguage\":\"fr-FR\",\"potentialAction\":[{\"@type\":\"ReadAction\",\"target\":[\"https:\/\/www.revue3emillenaire.com\/blog\/lunite-de-la-vie-par-george-magloire\/\"]}]},{\"@type\":\"BreadcrumbList\",\"@id\":\"https:\/\/www.revue3emillenaire.com\/blog\/lunite-de-la-vie-par-george-magloire\/#breadcrumb\",\"itemListElement\":[{\"@type\":\"ListItem\",\"position\":1,\"name\":\"Accueil\",\"item\":\"https:\/\/www.revue3emillenaire.com\/blog\/\"},{\"@type\":\"ListItem\",\"position\":2,\"name\":\"L&rsquo;unit\u00e9 de la vie par George Magloire\"}]},{\"@type\":\"WebSite\",\"@id\":\"https:\/\/www.revue3emillenaire.com\/blog\/#website\",\"url\":\"https:\/\/www.revue3emillenaire.com\/blog\/\",\"name\":\"3e mill\u00e9naire - Spiritualit\u00e9 - Connaissance de soi - Non-dualit\u00e9 - M\u00e9ditation\",\"description\":\"L&#039;Homme en devenir\",\"potentialAction\":[{\"@type\":\"SearchAction\",\"target\":{\"@type\":\"EntryPoint\",\"urlTemplate\":\"https:\/\/www.revue3emillenaire.com\/blog\/?s={search_term_string}\"},\"query-input\":{\"@type\":\"PropertyValueSpecification\",\"valueRequired\":true,\"valueName\":\"search_term_string\"}}],\"inLanguage\":\"fr-FR\"},{\"@type\":\"Person\",\"@id\":\"https:\/\/www.revue3emillenaire.com\/blog\/#\/schema\/person\/9a3a7cc4ccaa707f402d4394327106d5\",\"name\":\"3e mill\u00e9naire\",\"url\":\"https:\/\/www.revue3emillenaire.com\/blog\/author\/admin\/\"}]}<\/script>\n<!-- \/ Yoast SEO plugin. -->","yoast_head_json":{"title":"L'unit\u00e9 de la vie par George Magloire - 3e mill\u00e9naire - Spiritualit\u00e9 - Connaissance de soi - Non-dualit\u00e9 - M\u00e9ditation","robots":{"index":"index","follow":"follow","max-snippet":"max-snippet:-1","max-image-preview":"max-image-preview:large","max-video-preview":"max-video-preview:-1"},"canonical":"https:\/\/www.revue3emillenaire.com\/blog\/lunite-de-la-vie-par-george-magloire\/","og_locale":"fr_FR","og_type":"article","og_title":"L'unit\u00e9 de la vie par George Magloire - 3e mill\u00e9naire - Spiritualit\u00e9 - Connaissance de soi - Non-dualit\u00e9 - M\u00e9ditation","og_description":"Le dynamisme qui soul\u00e8ve la mati\u00e8re est l'Amour. L'univers d\u00e8s lors n'est pas une \u00e9normit\u00e9 angoissante. Il n'est pas absurde. Il est une mont\u00e9e vers l'esprit, une Noogen\u00e8se, une histoire qui poss\u00e8de un sens et nous dirons avec le chr\u00e9tien Pierre Teilhard de Chardin, une histoire qui poss\u00e8de un visage et un c\u0153ur.","og_url":"https:\/\/www.revue3emillenaire.com\/blog\/lunite-de-la-vie-par-george-magloire\/","og_site_name":"3e mill\u00e9naire - Spiritualit\u00e9 - Connaissance de soi - Non-dualit\u00e9 - M\u00e9ditation","article_published_time":"2010-09-03T15:42:30+00:00","author":"3e mill\u00e9naire","twitter_card":"summary_large_image","twitter_misc":{"\u00c9crit par":"3e mill\u00e9naire","Dur\u00e9e de lecture estim\u00e9e":"12 minutes"},"schema":{"@context":"https:\/\/schema.org","@graph":[{"@type":"Article","@id":"https:\/\/www.revue3emillenaire.com\/blog\/lunite-de-la-vie-par-george-magloire\/#article","isPartOf":{"@id":"https:\/\/www.revue3emillenaire.com\/blog\/lunite-de-la-vie-par-george-magloire\/"},"author":{"name":"3e mill\u00e9naire","@id":"https:\/\/www.revue3emillenaire.com\/blog\/#\/schema\/person\/9a3a7cc4ccaa707f402d4394327106d5"},"headline":"L&rsquo;unit\u00e9 de la vie par George Magloire","datePublished":"2010-09-03T15:42:30+00:00","mainEntityOfPage":{"@id":"https:\/\/www.revue3emillenaire.com\/blog\/lunite-de-la-vie-par-george-magloire\/"},"wordCount":2454,"keywords":["Amour","\u00c9volution","Science","Teilhard"],"articleSection":["Magloire George"],"inLanguage":"fr-FR"},{"@type":"WebPage","@id":"https:\/\/www.revue3emillenaire.com\/blog\/lunite-de-la-vie-par-george-magloire\/","url":"https:\/\/www.revue3emillenaire.com\/blog\/lunite-de-la-vie-par-george-magloire\/","name":"L'unit\u00e9 de la vie par George Magloire - 3e mill\u00e9naire - Spiritualit\u00e9 - Connaissance de soi - Non-dualit\u00e9 - M\u00e9ditation","isPartOf":{"@id":"https:\/\/www.revue3emillenaire.com\/blog\/#website"},"datePublished":"2010-09-03T15:42:30+00:00","author":{"@id":"https:\/\/www.revue3emillenaire.com\/blog\/#\/schema\/person\/9a3a7cc4ccaa707f402d4394327106d5"},"breadcrumb":{"@id":"https:\/\/www.revue3emillenaire.com\/blog\/lunite-de-la-vie-par-george-magloire\/#breadcrumb"},"inLanguage":"fr-FR","potentialAction":[{"@type":"ReadAction","target":["https:\/\/www.revue3emillenaire.com\/blog\/lunite-de-la-vie-par-george-magloire\/"]}]},{"@type":"BreadcrumbList","@id":"https:\/\/www.revue3emillenaire.com\/blog\/lunite-de-la-vie-par-george-magloire\/#breadcrumb","itemListElement":[{"@type":"ListItem","position":1,"name":"Accueil","item":"https:\/\/www.revue3emillenaire.com\/blog\/"},{"@type":"ListItem","position":2,"name":"L&rsquo;unit\u00e9 de la vie par George Magloire"}]},{"@type":"WebSite","@id":"https:\/\/www.revue3emillenaire.com\/blog\/#website","url":"https:\/\/www.revue3emillenaire.com\/blog\/","name":"3e mill\u00e9naire - Spiritualit\u00e9 - Connaissance de soi - Non-dualit\u00e9 - M\u00e9ditation","description":"L&#039;Homme en devenir","potentialAction":[{"@type":"SearchAction","target":{"@type":"EntryPoint","urlTemplate":"https:\/\/www.revue3emillenaire.com\/blog\/?s={search_term_string}"},"query-input":{"@type":"PropertyValueSpecification","valueRequired":true,"valueName":"search_term_string"}}],"inLanguage":"fr-FR"},{"@type":"Person","@id":"https:\/\/www.revue3emillenaire.com\/blog\/#\/schema\/person\/9a3a7cc4ccaa707f402d4394327106d5","name":"3e mill\u00e9naire","url":"https:\/\/www.revue3emillenaire.com\/blog\/author\/admin\/"}]}},"_links":{"self":[{"href":"https:\/\/www.revue3emillenaire.com\/blog\/wp-json\/wp\/v2\/posts\/4583","targetHints":{"allow":["GET"]}}],"collection":[{"href":"https:\/\/www.revue3emillenaire.com\/blog\/wp-json\/wp\/v2\/posts"}],"about":[{"href":"https:\/\/www.revue3emillenaire.com\/blog\/wp-json\/wp\/v2\/types\/post"}],"author":[{"embeddable":true,"href":"https:\/\/www.revue3emillenaire.com\/blog\/wp-json\/wp\/v2\/users\/1"}],"replies":[{"embeddable":true,"href":"https:\/\/www.revue3emillenaire.com\/blog\/wp-json\/wp\/v2\/comments?post=4583"}],"version-history":[{"count":0,"href":"https:\/\/www.revue3emillenaire.com\/blog\/wp-json\/wp\/v2\/posts\/4583\/revisions"}],"wp:attachment":[{"href":"https:\/\/www.revue3emillenaire.com\/blog\/wp-json\/wp\/v2\/media?parent=4583"}],"wp:term":[{"taxonomy":"category","embeddable":true,"href":"https:\/\/www.revue3emillenaire.com\/blog\/wp-json\/wp\/v2\/categories?post=4583"},{"taxonomy":"post_tag","embeddable":true,"href":"https:\/\/www.revue3emillenaire.com\/blog\/wp-json\/wp\/v2\/tags?post=4583"}],"curies":[{"name":"wp","href":"https:\/\/api.w.org\/{rel}","templated":true}]}}