{"id":4586,"date":"2010-09-06T14:22:13","date_gmt":"2010-09-06T13:22:13","guid":{"rendered":"http:\/\/www.revue3emillenaire.com\/blog\/?p=4586"},"modified":"2010-09-06T14:22:13","modified_gmt":"2010-09-06T13:22:13","slug":"teilhard-prophete-de-levolution-par-maurice-lambilliotte","status":"publish","type":"post","link":"https:\/\/www.revue3emillenaire.com\/blog\/teilhard-prophete-de-levolution-par-maurice-lambilliotte\/","title":{"rendered":"Teilhard proph\u00e8te de l&rsquo;\u00e9volution par Maurice Lambilliotte"},"content":{"rendered":"<p style=\"text-align: justify;\">(Revue Teilhard de Chardin. N<sup>o<\/sup> 77-78. Juin 1979)<\/p>\n<p style=\"text-align: justify;\">\n<p style=\"text-align: justify;\"><em>Article publi\u00e9 originellement en 1955 dans la revue Synth\u00e8ses<\/em>.<\/p>\n<p style=\"text-align: justify;\">\n<p style=\"text-align: justify;\">Je voudrais \u00e9voquer quelques aspects de la puissante personnalit\u00e9 du P\u00e8re Teilhard, tenter de faire entrevoir le sens de sa vision cosmique ou, pour reprendre son expression, de la cosmog\u00e9n\u00e8se dans laquelle l&rsquo;esp\u00e8ce humaine est impliqu\u00e9e comme une force psychique cr\u00e9atrice, d\u00e9lib\u00e9r\u00e9ment exhaustive, en marche vers la conqu\u00eate d&rsquo;une transcendance spirituelle.<\/p>\n<p style=\"text-align: justify;\">\n<p style=\"text-align: justify;\">Il est certes trop t\u00f4t pour tenter une synth\u00e8se valable de l&rsquo;\u0153uvre du visionnaire et qui sait, du proph\u00e8te qu&rsquo;appara\u00eetra un jour, Pierre Teilhard.<\/p>\n<p style=\"text-align: justify;\">\n<p style=\"text-align: justify;\">Sa vision du Cosmos en devenir est en effet grandiose. Elle s&rsquo;appuie, non seulement sur une intuition, \u00e0 laquelle on ne saurait refuser la qualification de g\u00e9niale, mais aussi sur une connaissance directe de donn\u00e9es scientifiques solides, r\u00e9fl\u00e9chies, interpr\u00e9t\u00e9es et int\u00e9gr\u00e9es par ce puissant esprit.<\/p>\n<p style=\"text-align: justify;\">\n<p style=\"text-align: justify;\">Ce que l&rsquo;on sait aujourd&rsquo;hui de cette pens\u00e9e, par certains textes, \u00e0 peine diffus\u00e9s, \u00e0 peine connus de quelques amis, par quelques articles aussi, est d&rsquo;une fermet\u00e9 de raisonnement et d&rsquo;un irr\u00e9sistible accent d&rsquo;\u00e9vidence et de conviction. Cela nous para\u00eet suffisant pour juger d\u00e8s \u00e0 pr\u00e9sent de la place consid\u00e9rable qu&rsquo;est appel\u00e9e \u00e0 prendre cette gigantesque vision du monde, et des perspectives les plus plausibles de son devenir.<\/p>\n<p style=\"text-align: justify;\">\n<p style=\"text-align: justify;\">L&rsquo;actualit\u00e9 de cette pens\u00e9e ne peut, en tout cas, \u00eatre mise en doute. Elle apporte une cl\u00e9 pr\u00e9cieuse, pour la compr\u00e9hension ou l&rsquo;entrevision des grandes voies que l&rsquo;avenir ouvre \u00e0 l&rsquo;esp\u00e8ce humaine comme telle. Elle nous commande plus encore une prise de conscience sans laquelle nous risquerions de perdre dangereusement pied, de nous laisser dominer par nos propres cr\u00e9ations scientifiques et techniques, et de laisser aux hasards du chaos, le souci de notre destin sp\u00e9cifique.<\/p>\n<p style=\"text-align: justify;\">\n<p style=\"text-align: justify;\">Avant de tenter une esquisse rapide et forc\u00e9ment sommaire de la pens\u00e9e du P\u00e8re Teilhard, je voudrais \u00e9voquer l&rsquo;\u00e9mouvante rencontre que j&rsquo;eus le privil\u00e8ge d&rsquo;avoir avec lui, \u00e0 New York. C&rsquo;est le 23 avril 1954 que j&rsquo;eus en effet la joie de m&rsquo;entretenir, pendant pr\u00e8s de deux heures, avec le P\u00e8re Teilhard. Jacques Masui avait pris rendez-vous. Pour rien au monde, je n&rsquo;aurais voulu le manquer. A cette seule pens\u00e9e mon s\u00e9jour \u00e0 New York prenait un tout autre sens. Je n&rsquo;oublierai jamais l&rsquo;impression profonde que me fit ce grand vieillard. Il nous re\u00e7ut dans son bureau, dans un immeuble de la 76<sup>e<\/sup> Rue, non loin de la 5<sup>e<\/sup> Avenue et des frondaisons fra\u00eeches encore, de Central Park. Je transcris, sans rien changer, quelques notes jet\u00e9es en h\u00e2te sur le papier, d\u00e8s mon retour \u00e0 mon h\u00f4tel : \u00ab Sa jeunesse, sa beaut\u00e9, sa vivacit\u00e9 d&rsquo;esprit, sa joie rayonnante, \u00e9crivais-je, sont quelque chose qu&rsquo;on ne peut imaginer si on ne l&rsquo;a v\u00e9cu \u00bb. L&rsquo;impression que m&rsquo;avait faite cet aristocrate rac\u00e9 qui, \u00e0 ce moment, avait 73 ans, \u00e9tait vraiment une impression de jeunesse, de beaut\u00e9 physique, d&rsquo;ardeur et de rayonnement. J&rsquo;aurais pu y ajouter la simplicit\u00e9, la cordialit\u00e9, le sentiment qu&rsquo;il engendrait d&rsquo;une v\u00e9ritable communion d&rsquo;esprit et de c\u0153ur tandis qu&rsquo;il nous parlait. Son information sur l&rsquo;\u00e9tat du monde \u00e9tait prodigieuse. Ses jugements aigus et p\u00e9n\u00e9trants. Connaissant la semi-clandestinit\u00e9 o\u00f9 il se tenait volontairement d&rsquo;ailleurs, je m&rsquo;attendais \u00e0 lui trouver un peu d&rsquo;amertume. C&rsquo;est un homme joyeux qui nous entretenait. Un homme \u00e0 la fois si haut par sa vision du cosmos, et si pr\u00e8s de la r\u00e9alit\u00e9. Une intelligence profonde et, \u00e0 la fois, d\u00e9li\u00e9 ; un homme vif, plein d&rsquo;esprit, riant parfois d&rsquo;une remarque, d&rsquo;un mot lanc\u00e9 dans la conversation, encha\u00eenant et d\u00e9couvrant en un \u00e9clair des horizons vastes et insoup\u00e7onn\u00e9s. Sa pens\u00e9e naissait sous nos yeux. Et cette pens\u00e9e jaillie, expression claire, lumineuse et simple, d&rsquo;une \u00e9vidence et d&rsquo;une conviction, nous imposait irr\u00e9sistiblement l&rsquo;\u00e9mouvante approche d&rsquo;un verbe authentique. C&rsquo;est que derri\u00e8re le savant et le philosophe, il y avait en Teilhard de Chardin un po\u00e8te, mais au sens \u00e9tymologique du terme, un cr\u00e9ateur.<\/p>\n<p style=\"text-align: justify;\">\n<p style=\"text-align: justify;\">Quelques pages tr\u00e8s belles et en particulier <em>La Messe sur le Monde<\/em> que j&rsquo;ai pu lire, il y a quelques jours, devaient me confirmer dans ce sentiment.<\/p>\n<p style=\"text-align: justify;\">\n<p style=\"text-align: justify;\">Il connaissait <em>Synth\u00e8ses<\/em> \u00e0 propos de laquelle il voulut bien me dire son estime. Le titre de notre revue lui plaisait, tout particuli\u00e8rement. Il exprimait, me dit-il, une des fonctions intellectuelles fondamentales, et plus que jamais indispensable, de notre \u00e9poque.<\/p>\n<p style=\"text-align: justify;\">\n<p style=\"text-align: justify;\">En le quittant, nous \u00e9tions, Jacques Masui et moi, litt\u00e9ralement transfigur\u00e9s. Nous nous sentions \u00ab enrichis \u00bb comme si une charge d&rsquo;\u00e9nergie int\u00e9rieure nous avait \u00e9t\u00e9 transmise. Je garde l&rsquo;imp\u00e9rissable souvenir, de l&rsquo;accord profond, fondamental o\u00f9 je me suis senti avec lui, sur tous les aspects \u00e9voqu\u00e9s.<\/p>\n<p style=\"text-align: justify;\">\n<p style=\"text-align: justify;\">Nous esp\u00e9rions le revoir quelques mois plus tard \u00e0 Paris, \u00e0 l&rsquo;occasion d&rsquo;un voyage qu&rsquo;il projetait alors. Ce privil\u00e8ge nous fut, h\u00e9las, refus\u00e9. La veille du jour de P\u00e2ques, il devait comme on le sait d\u00e9c\u00e9der brusquement \u00e0 New York.<\/p>\n<p style=\"text-align: justify;\">\n<p style=\"text-align: justify;\">Cette extraordinaire vitalit\u00e9 dont nous avons \u00e9t\u00e9 t\u00e9moin n&rsquo;habitait pas seulement son corps. Toute son \u0153uvre, le moindre de ses textes, irradie litt\u00e9ralement de cette m\u00eame charge de puissance. Ainsi, cette \u0153uvre va-t-elle pouvoir poursuivre, et pour beaucoup commencer, un destin que tout permet d&rsquo;assurer d\u00e8s aujourd&rsquo;hui, sans mesure avec l&rsquo;audience profonde, mais restreinte, qu&rsquo;elle connut du vivant de son auteur.<\/p>\n<p style=\"text-align: justify;\">\n<p style=\"text-align: justify;\">Quel est, en substance, le message du P\u00e8re Teilhard ? Un article ne pourrait assur\u00e9ment permettre de r\u00e9pondre \u00e0 une telle question.<\/p>\n<p style=\"text-align: justify;\">\n<p style=\"text-align: justify;\">Il serait, au surplus, aventureux d&rsquo;essayer de reconstituer autrement que par des textes appropri\u00e9s, suffisants, le cheminement de la pens\u00e9e chardinienne. Aussi me bornerai-je \u00e0 en signaler quelques jalons, qui permettront peut-\u00eatre de baliser la plus \u00e9tonnante et la plus plausible vision qu&rsquo;il soit d\u00e9j\u00e0 possible de prendre de la cosmog\u00e9n\u00e8se.<\/p>\n<p style=\"text-align: justify;\">\n<p style=\"text-align: justify;\">On ne comprendrait pas la gen\u00e8se de cette pens\u00e9e cosmique et son \u00e9trange attrait li\u00e9 \u00e0 sa personnalit\u00e9, si l&rsquo;on ne se souvenait que Pierre Teilhard de Chardin fut, non seulement un penseur et un philosophe, mais aussi un savant dont l&rsquo;\u0153uvre scientifique suffirait \u00e0 assurer la gloire. En g\u00e9ologie, ses travaux port\u00e8rent sur quelques grands probl\u00e8mes, l&rsquo;extension des continents par granitisation, l&rsquo;analyse stratigraphique de l&rsquo;\u00e9pais manteau de loess r\u00e9pandu sur l&rsquo;Asie. Le meilleur de son effort, il le donna aussi \u00e0 d\u00e9chiffrer l&rsquo;histoire de la vie. En 1923, il partit pour l&rsquo;Asie. Durant vingt ans, il allait y d\u00e9ployer une intense activit\u00e9 scientifique, \u00e9difiant une \u0153uvre pal\u00e9ontologique grandiose.<\/p>\n<p style=\"text-align: justify;\">\n<p style=\"text-align: justify;\">Pour M. Jean Piveteau, professeur \u00e0 la Sorbonne, c&rsquo;est toute la pal\u00e9ontologie de l&rsquo;avenir, dont le P\u00e8re Teilhard a pos\u00e9 le principe et qu&rsquo;il a pu approfondir sur quelques points. Il devait aussi, on le sait, attacher son nom \u00e0 la d\u00e9couverte du Sinanthrope qui devait faire reculer jusqu&rsquo;au d\u00e9but du quaternaire, voire la fin de l&rsquo;\u00e8re tertiaire, l&rsquo;apparition d&rsquo;un <em>homo<\/em> ou d&rsquo;un <em>pr\u00e9-homo faber<\/em>.<\/p>\n<p style=\"text-align: justify;\">\n<p style=\"text-align: justify;\">Ce raccourci tr\u00e8s incomplet de l&rsquo;\u0153uvre authentiquement scientifique du P\u00e8re Teilhard de Chardin, prouverait, s&rsquo;il en \u00e9tait besoin, sur quelles bases solides il appuie sa vision du Cosmos en \u00e9volution, et son sens v\u00e9ritablement r\u00e9v\u00e9lateur de la cosmog\u00e9n\u00e8se.<\/p>\n<p style=\"text-align: justify;\">\n<p style=\"text-align: justify;\">Ce grand savant ne se bornera pas \u00e0 approfondir certaines d\u00e9couvertes. Son g\u00e9nie, sa lucidit\u00e9 et son extraordinaire puissance d&rsquo;intuition, se porteraient aussi sur les manifestations de la vie de son temps. C&rsquo;est dans certains ph\u00e9nom\u00e8nes caract\u00e9ristiques de notre \u00e9poque qu&rsquo;il d\u00e9couvrira le sens d&rsquo;une \u00e9volution qui affecte le cosmos, mais dont l&rsquo;homme, l&rsquo;humanit\u00e9, appara\u00eet comme un facteur essentiel.<\/p>\n<p style=\"text-align: justify;\">\n<p style=\"text-align: justify;\">Partant de la pal\u00e9ontologie, il d\u00e9couvrira les trajectoires d&rsquo;une \u00e9volution sur le sens de laquelle il n&rsquo;est plus gu\u00e8re possible de se m\u00e9prendre. Pour lui, \u00e0 la fin du tertiaire, un ph\u00e9nom\u00e8ne psychique, l&rsquo;hominisation, va permettre \u00e0 un secteur de l&rsquo;ordre des primates \u2014 une simple famille \u2014 de s&rsquo;\u00e9lever brusquement aux dimensions d&rsquo;une v\u00e9ritable nappe zoologique. Ce pouvoir psychique, qui devait entra\u00eener un changement radical, et qui devait en somme, faire l&rsquo;homme, est avant tout un pouvoir de r\u00e9flexion. Ce pouvoir apparu dans la conscience de l&rsquo;homme va lui permettre de se reployer sur elle-m\u00eame. \u00ab <em>De cette facult\u00e9 nouvelle<\/em>, \u00e9crit-il, <em>\u00e9merge \u00e9videmment tout un faisceau de propri\u00e9t\u00e9s nouvelles : libert\u00e9, pr\u00e9vision de l&rsquo;avenir, aptitude \u00e0 \u00ab planer \u00bb et \u00e0 construire<\/em>. \u00bb<\/p>\n<p style=\"text-align: justify;\">\n<p style=\"text-align: justify;\">En outre, et toujours en vertu de ce m\u00eame pouvoir de r\u00e9flexion, les \u00e9l\u00e9ments vivants hominis\u00e9s deviennent capables, de se rapprocher, de se souder entre eux.<\/p>\n<p style=\"text-align: justify;\">\n<p style=\"text-align: justify;\">\u00ab <em>Depuis longtemps sans doute<\/em>, poursuit-il, <em>le groupe humain a r\u00e9ussi \u00e0\u00a0 couvrir la face de la terre, et depuis longtemps aussi cette ubiquit\u00e9 zoologique tend \u00e0 se muer en totalit\u00e9 organis\u00e9e<\/em>. \u00bb<\/p>\n<p style=\"text-align: justify;\">\n<p style=\"text-align: justify;\">\u00ab <em>Suivons<\/em>, dit-il, <em>au long de l&rsquo;histoire, les grandes \u00e9tapes de cette agr\u00e9gation. D&rsquo;abord s&rsquo;\u00e9levant de la nuit des temps, une pouss\u00e9e de groupes chasseurs, diss\u00e9min\u00e9s un peu partout sur l&rsquo;Ancien Monde. Puis il y a environ quinze mille ans, une autre pouss\u00e9e (d\u00e9j\u00e0 bien plus grosse et plus distincte), celle des groupes agricoles fix\u00e9s en quelques vall\u00e9es heureuses \u2014 centres de vie sociale o\u00f9 l&rsquo;Homme, enfin stabilis\u00e9, active et d\u00e9veloppe la force expansive qui lui permettra d&rsquo;envahir le Nouveau Monde. Puis, il y a seulement sept ou huit mille ans, apparition des premi\u00e8res civilisations, ouvrant chacune de larges morceaux de continent. Puis de v\u00e9ritables empires. Et ainsi de suite, par taches humaines de plus en plus larges, se rejoignant sur les bords, s&rsquo;absorbant souvent pour se segmenter ensuite, mais bient\u00f4t apr\u00e8s pour se reformer en taches plus larges encore<\/em>. \u00bb<\/p>\n<p style=\"text-align: justify;\">\n<p style=\"text-align: justify;\">Cette expansion de l&rsquo;esp\u00e8ce humaine nous entra\u00eene irr\u00e9sistiblement vers une unification de l&rsquo;humanit\u00e9. C&rsquo;est ce que Teilhard appelle la plan\u00e9tisation.<\/p>\n<p style=\"text-align: justify;\">\n<p style=\"text-align: justify;\">A la lumi\u00e8re de cette \u00e9volution dont tant d&rsquo;\u00e9l\u00e9ments pr\u00e9cisent le sens et la trajectoire, il interpr\u00e8te plusieurs ph\u00e9nom\u00e8nes caract\u00e9ristiques de notre \u00e9poque : la tension sociale notamment, ou plut\u00f4t la pr\u00e9dominance croissante du collectif dans la vie moderne et l&rsquo;expansion, elle aussi irr\u00e9sistible, de la m\u00e9canisation.<\/p>\n<p style=\"text-align: justify;\">\n<p style=\"text-align: justify;\">Cette socialisation croissante de l&rsquo;humanit\u00e9 ne pr\u00e9sente pas pour lui les dangers, si souvent d\u00e9nonc\u00e9s, d&rsquo;appauvrissement de l&rsquo;homme par une uniformisation sommaire des individus. Pas davantage ceux d&rsquo;une dictature aveugle du nombre. La prise de conscience du collectif, sans les \u0153uvres duquel l&rsquo;humanit\u00e9 n&rsquo;aurait pu atteindre les degr\u00e9s de d\u00e9veloppement \u00e9conomique et technique que nous connaissons, n&rsquo;est nullement antinomique de la plus haute personnalisation. Le d\u00e9veloppement du social dans la conscience est pourtant un ph\u00e9nom\u00e8ne directement li\u00e9 \u00e0 la plan\u00e9tisation de l&rsquo;humanit\u00e9. C&rsquo;est lui qui, par certaines tensions, doit donc \u00e9galement contraindre l&rsquo;\u00e9volution \u00e0 emprunter des voies psychiques exhaustives.<\/p>\n<p style=\"text-align: justify;\">\n<p style=\"text-align: justify;\">Il serait ais\u00e9 de raccorder les vues pertinentes du P\u00e8re Teilhard, touchant cette dimension du collectif, de l&rsquo;humanit\u00e9 et, par la force des choses, de chaque individu, \u00e0 l&rsquo;imp\u00e9ratif de charit\u00e9 et d&rsquo;amour concret, de compr\u00e9hension profonde du prochain qui est \u00e0 la base m\u00eame du message \u00e9vang\u00e9lique.<\/p>\n<p style=\"text-align: justify;\">\n<p style=\"text-align: justify;\">Ainsi, un des caract\u00e8res de notre \u00e9poque, que l&rsquo;on pourrait parfois interpr\u00e9ter comme devant, par sa logique m\u00eame, aller \u00e0 l&rsquo;encontre d&rsquo;un d\u00e9veloppement spirituel, appara\u00eet-il comme un de ses facteurs les plus d\u00e9terminants. L&rsquo;importance que Pierre Teilhard de Chardin accorde \u00e0 la tension croissante d&rsquo;une humanit\u00e9 qui se densifie, comme facteur d&rsquo;unification indispensable de l&rsquo;esp\u00e8ce humaine, mais, nous le verrons tout-\u00e0-l&rsquo;heure, aussi comme facteur de la cr\u00e9ation de cette noosph\u00e8re ou sph\u00e8re de l&rsquo;esprit en train de s&rsquo;engendrer, confirmerait, de son c\u00f4t\u00e9, le conseil sans cela inexplicable du Christ, \u00ab Croissez et multipliez \u00bb.<\/p>\n<p style=\"text-align: justify;\">\n<p style=\"text-align: justify;\">L&rsquo;optimisme lucide de la pens\u00e9e \u00e9clate \u00e9galement dans le sens qu&rsquo;il attribue au d\u00e9veloppement de la m\u00e9canisation. La mont\u00e9e de la technique et du machinisme g\u00e9n\u00e9ralis\u00e9, lui appara\u00eet en effet comme une condition de lib\u00e9ration de la conscience pour des fins plus spirituelles.<\/p>\n<p style=\"text-align: justify;\">\n<p style=\"text-align: justify;\">\u00ab <em>Ce qui en r\u00e9alit\u00e9<\/em>, \u00e9crit-il, <em>a d\u00e9cha\u00een\u00e9 \u00e0 jamais la machine dans le monde, c&rsquo;est tout \u00e0 la fois qu&rsquo;elle facilite et multiplie ind\u00e9finiment notre action. D&rsquo;une part, par ses prodigieux automatismes, elle nous d\u00e9barrasse d&rsquo;un poids \u00e9crasant de travail physique et mental. Et d&rsquo;autre part, gr\u00e2ce au surcro\u00eet merveilleux qu&rsquo;elle apporte \u00e0 nos sens, en mati\u00e8re de grossissement, de p\u00e9n\u00e9tration et de pr\u00e9cision, elle accro\u00eet constamment le rayon et l&rsquo;efficacit\u00e9 de nos perceptions. Satisfaction donn\u00e9e simultan\u00e9ment \u00e0 notre double tendance inn\u00e9e vers un maximum de conscience par un minimum d&rsquo;efforts : juste le r\u00eave essentiel de tout \u00eatre vivant<\/em>. \u00bb<\/p>\n<p style=\"text-align: justify;\">\n<p style=\"text-align: justify;\">Ce texte para\u00eetra \u00e0 d&rsquo;aucuns p\u00e9cher par un exc\u00e8s d&rsquo;optimisme et par une m\u00e9connaissance des dangereuses pentes de facilit\u00e9 de la nature humaine. A cette lib\u00e9ration d&rsquo;efforts par la machine, on opposera sans doute le risque de d\u00e9gradation de l&rsquo;humain, le risque des \u00ab d\u00e9lices de Capoue \u00bb, sans parler de l&rsquo;\u00e9tat infrahumain auquel le ch\u00f4mage notamment peut amener les individus. Le P\u00e8re Teilhard corrige, il est vrai, ce que cette opinion sur les bienfaits de la m\u00e9canisation a de trop absolu. La r\u00e9duction des efforts physiques et intellectuels auxquels il fait allusion, doit \u00eatre selon lui, compens\u00e9e par un besoin d&rsquo;activit\u00e9 de conscience sup\u00e9rieure, lequel ne na\u00eetra pas automatiquement dans tous les individus, mais pourrait, \u00e0 coup s\u00fbr, \u00eatre engendr\u00e9 et obtenu par une impulsion collective, par la suscitation d&rsquo;un \u00e9lan qui pourrait na\u00eetre d&rsquo;un espoir, d&rsquo;une prise de conscience plus nette des trajectoires ouvertes de l&rsquo;\u00e9volution et d&rsquo;un v\u00e9ritable \u00e9lan religieux. C&rsquo;est \u00e0 une conclusion analogue que nous aboutissions aussi dans le Grand Probl\u00e8me.<\/p>\n<p style=\"text-align: justify;\">\n<p style=\"text-align: justify;\">La trajectoire et le sens de ces ph\u00e9nom\u00e8nes, si souvent interpr\u00e9t\u00e9s comme d\u00e9favorables en finale, \u00e0 l&rsquo;homme, apparaissent donc, tout au contraire, \u00e0 Pierre Teilhard de Chardin, comme les signes ind\u00e9niables, d&rsquo;une \u00e9volution ascendante de l&rsquo;humanit\u00e9. Et c&rsquo;est ici, que sa vision a fait, par rapport \u00e0 toutes les conceptions qui l&rsquo;ont pr\u00e9c\u00e9d\u00e9e, un formidable bond en avant. Pour lui, ce que l&rsquo;humanit\u00e9, en se concentrant de plus en plus sur elle-m\u00eame en raison de la plan\u00e9tisation, de la mont\u00e9e du social et de celle de la technique, est en train d&rsquo;engendrer, c&rsquo;est une r\u00e9alit\u00e9 nouvelle, une v\u00e9ritable cr\u00e9ation qui, sous des formes diff\u00e9rentes de celle de l&rsquo;int\u00e9gration par le mode interne de l&rsquo;h\u00e9r\u00e9dit\u00e9, doit n\u00e9anmoins appara\u00eetre comme profond\u00e9ment int\u00e9gr\u00e9e et m\u00eame consubstantielle \u00e0 l&rsquo;humanit\u00e9. Cette r\u00e9alit\u00e9 nouvelle qui s&rsquo;engendrerait et constituerait, \u00e0 son tour, un facteur consid\u00e9rable, un v\u00e9ritable point de franchissement de l&rsquo;\u00e9volution, c&rsquo;est la sph\u00e8re terrestre de la substance pensante.<\/p>\n<p style=\"text-align: justify;\">\n<p style=\"text-align: justify;\">Pour le P\u00e8re Teilhard, nous assistons \u00e0 la formation actuelle, sous nos yeux, \u00e0 la faveur de facteurs hominisants, d&rsquo;une entit\u00e9 biologique sp\u00e9ciale, \u00e0 partir et au-dessus de la Biosph\u00e8re, \u00e0 la formation d&rsquo;une enveloppe plan\u00e9taire de plus : l&rsquo;enveloppe de substance pensante \u00e0 laquelle il a donn\u00e9 le nom de Noosph\u00e8re (de Noos = esprit). Par sa gen\u00e8se, l&rsquo;humanit\u00e9 se poserait devant l&rsquo;exp\u00e9rience comme un v\u00e9ritable super-corps. Ce que l&rsquo;h\u00e9r\u00e9dit\u00e9 n&rsquo;int\u00e8gre pas \u2014 et qui permet pourtant \u00e0 l&rsquo;humanit\u00e9 d&rsquo;\u00e9voluer exhaustivement \u2014 c&rsquo;est le patrimoine de culture, d&rsquo;habitude, d&rsquo;\u0153uvres et de m\u00e9moire collective de l&rsquo;Humanit\u00e9.<\/p>\n<p style=\"text-align: justify;\">\n<p style=\"text-align: justify;\">\u00ab <em>H\u00e9r\u00e9dit\u00e9 d&rsquo;exemple et d&rsquo;\u00e9ducation<\/em>, dit-il, <em>l&rsquo;h\u00e9r\u00e9dit\u00e9 chromosomique devient pour l&rsquo;homme, h\u00e9r\u00e9dit\u00e9 noosph\u00e9rique<\/em>. \u00bb<\/p>\n<p style=\"text-align: justify;\">\n<p style=\"text-align: justify;\">La vision du P\u00e8re Teilhard de Chardin se d\u00e9veloppe comme un vaste et puissant po\u00e8me. L&rsquo;intuition o\u00f9 elle prend naissance s&rsquo;appuie cependant sur une indiscutable connaissance de faits, sur leur interpr\u00e9tation originale et souvent g\u00e9niale.<\/p>\n<p style=\"text-align: justify;\">\n<p style=\"text-align: justify;\">La grande fresque de l&rsquo;\u00e9volution et de la cosmog\u00e9n\u00e8se qu&rsquo;il d\u00e9roule sous nos yeux n&rsquo;est pas, r\u00e9p\u00e9tons-le, une simple projection de l&rsquo;esprit, le fruit de l&rsquo;imagination d&rsquo;un grand po\u00e8te et d&rsquo;un visionnaire. Elle vise aussi, et m\u00eame avant tout, \u00e0 \u00e9clairer l&rsquo;humanit\u00e9 dans sa marche, et chaque individu, au plus intime de sa conscience.<\/p>\n<p style=\"text-align: justify;\">\n<p style=\"text-align: justify;\">Pour Teilhard, un des plus impressionnants efforts du pouvoir de vision collective, auquel nous \u00e9l\u00e8ve l&rsquo;\u00e9laboration d&rsquo;un cerveau commun, qui serait celui de la noosph\u00e8re, c&rsquo;est la perception des grands mouvements lents. Cette perception \u00e9veille dans l&rsquo;homme le sens, non de son destin individuel, mais celui de l&rsquo;esp\u00e8ce tout enti\u00e8re. Sens de l&rsquo;esp\u00e8ce en devenir, qui se confond ou co\u00efncide dans l&rsquo;homme, avec celui de l&rsquo;\u00e9volution et celui du Cosmos. En fait, c&rsquo;est l\u00e0, si l&rsquo;on pr\u00e9f\u00e8re, le sens m\u00eame de la cosmog\u00e9n\u00e8se, le sens d&rsquo;une cr\u00e9ation qui ne s&rsquo;est donc pas arr\u00eat\u00e9e, comme on pourrait le croire en suivant \u00e0 la lettre la Gen\u00e8se, le septi\u00e8me jour.<\/p>\n<p style=\"text-align: justify;\">\n<p style=\"text-align: justify;\">D\u00e9roulement prodigieux, on le voit, d&rsquo;une vision de la Vie, d&rsquo;une vision de la Cr\u00e9ation ininterrompue, qui ne tire point ses mat\u00e9riaux d&rsquo;une imagination m\u00eame g\u00e9nialement po\u00e9tique, mais s&rsquo;appuie, \u00e0 la fois, sur des \u00e9l\u00e9ments d&rsquo;exp\u00e9rience scientifique, et sur certaines prises de conscience plus profond\u00e9ment int\u00e9rioris\u00e9es.<\/p>\n<p style=\"text-align: justify;\">\n<p style=\"text-align: justify;\">Pour Teilhard de Chardin, nous serions donc, d\u00e8s \u00e0 pr\u00e9sent, entr\u00e9s dans la voie de l&rsquo;\u00e9laboration et d&rsquo;une \u00e9laboration m\u00eame tr\u00e8s active de cette noosph\u00e8re, \u2014 conscience collective de l&rsquo;esp\u00e8ce humaine ou, comme il l&rsquo;exprime encore, enveloppe de substance pensante que s\u00e9cr\u00e9terait en quelque sorte l&rsquo;humanit\u00e9, et qui en deviendrait au surplus un des organes essentiels. De ce cerveau collectif et diff\u00e9rent en cela du cerveau de l&rsquo;individu \u2014 chaque \u00e9l\u00e9ment est lui-m\u00eame un foyer autonome de r\u00e9flexions. Mais ces foyers \u2014 qui repr\u00e9sentent les individus, et en particulier certains d&rsquo;entre eux d\u00e9j\u00e0 plus en avant dans la voie de l&rsquo;intelligence active ou de l&rsquo;esprit \u2014 peuvent s&rsquo;harmoniser au sein et au service de l&rsquo;esp\u00e8ce et de son \u00e9volution. Mieux m\u00eame, cette tendance \u00e0 l&rsquo;harmonisation r\u00e9sulterait de la structure mentale. C&rsquo;est elle qui rendrait notamment possible le langage et l&rsquo;intelligibilit\u00e9 et conf\u00e9rerait \u00e0 l&rsquo;homme, \u00e0 quelque race ou culture qu&rsquo;il appartienne, ce d\u00e9nominateur de l&rsquo;universel. Ici aussi, des explications peuvent \u00eatre tir\u00e9es de l&rsquo;unit\u00e9 initiale de l&rsquo;esp\u00e8ce humaine, de son d\u00e9veloppement par voie de continuum physique. C&rsquo;est sur ce terrain d&rsquo;ailleurs, et en raison d&rsquo;arguments analogues, que l&rsquo;on retrouve et que l&rsquo;on peut justifier certaines th\u00e8ses de C. G. Jung sur l&rsquo;existence d&rsquo;un inconscient collectif et sur la possibilit\u00e9 de jeu \u2014 valable pour tous les hommes \u2014 de ce qu&rsquo;il appelle les arch\u00e9types, et qui sont comme des impr\u00e9gnations initiales dans notre substance vivante cong\u00e9nitale, de certains imp\u00e9ratifs dont le r\u00f4le d&rsquo;impulsion, voire d&rsquo;orientation de l&rsquo;\u00e9volution ne fait gu\u00e8re de doute.<\/p>\n<p style=\"text-align: justify;\">\n<p style=\"text-align: justify;\">On sait que Teilhard a \u00e9t\u00e9 plus loin et qu&rsquo;il a tent\u00e9 de pr\u00e9ciser la n\u00e9cessaire finalit\u00e9 spirituelle que postulait cette \u00e9volution selon laquelle s&rsquo;engendre et se d\u00e9veloppe selon lui la noosph\u00e8re. L&rsquo;un des caract\u00e8res de cette \u00e9volution en raison des transformations qu&rsquo;elle int\u00e8gre c&rsquo;est l&rsquo;irr\u00e9versibilit\u00e9. L&rsquo;esp\u00e8ce humaine ne pourrait donc revenir en arri\u00e8re, ni m\u00eame inverser cette tendance fondamentale et, insistons-y, exp\u00e9rimentale, de spiritualisation.<\/p>\n<p style=\"text-align: justify;\">\n<p style=\"text-align: justify;\">O\u00f9 peut-elle toutefois mener l&rsquo;humanit\u00e9?<\/p>\n<p style=\"text-align: justify;\">\n<p style=\"text-align: justify;\">Teilhard s&rsquo;appuie \u2014 et c&rsquo;est peut-\u00eatre \u00e0 notre sens, un des points les moins solides de son argumentation, par ailleurs si coh\u00e9rente \u2014 sur la volont\u00e9 de survivre inscrite en chaque individu, mais selon lui, plus formelle encore si on l&rsquo;applique \u00e0 l&rsquo;esp\u00e8ce.<\/p>\n<p style=\"text-align: justify;\">\n<p style=\"text-align: justify;\">\u00ab <em>Paradoxalement<\/em>, \u00e9crit-il, <em>c&rsquo;est au point ultime de concentration qui doit la rendre cosmiquement unique, c&rsquo;est-\u00e0-dire incapable, en apparence, de toute synth\u00e8se ult\u00e9rieure, que la Noosph\u00e8re se trouvera charg\u00e9e d&rsquo;un maximum d&rsquo;impact physique pour poursuivre plus loin encore et plus avant&#8230;<\/em> \u00bb<\/p>\n<p style=\"text-align: justify;\">\n<p style=\"text-align: justify;\">\u00ab <em>Qu&rsquo;est-ce \u00e0 dire sinon que, pareille \u00e0 ces orbites plan\u00e9taires qui paraissent traverser notre syst\u00e8me solaire, sans s&rsquo;y arr\u00eater, la courbe de conscience, suivie dans le sens des complexit\u00e9s croissantes, perce les cadres exp\u00e9rimentaux du Temps et de l&rsquo;Espace pour s&rsquo;\u00e9vader, quelque part, vers un ultra-centre d&rsquo;unification et de consistance, o\u00f9 se trouve d\u00e9finitivement collect\u00e9, globalement et en d\u00e9tail, tout l&rsquo;irrempla\u00e7able et l&rsquo;incommensurable du Monde. L&rsquo;intrusion in\u00e9vitable du Biologique et la place pour la science du \u00ab probl\u00e8me de Dieu&#8230;<\/em> \u00bb<\/p>\n<p style=\"text-align: justify;\">\n<p style=\"text-align: justify;\">D&rsquo;aucuns trouveront sans doute que le P\u00e8re Teilhard est rest\u00e9 dans un prudent demi-jour quant \u00e0 la transformation de l&rsquo;homme lui-m\u00eame, que pourrait entra\u00eener un tel franchissement d&rsquo;\u00e9tape, v\u00e9ritable changement d&rsquo;ordre de l&rsquo;humanit\u00e9, au terme encore tr\u00e8s lointain, il est vrai, d&rsquo;une \u00e9volution spirituelle n\u00e9e du d\u00e9veloppement de la noosph\u00e8re. Peut-\u00eatre n&rsquo;est-il pas opportun d&rsquo;ailleurs de se lancer ici, dans ce qui ne pourrait, de toute fa\u00e7on, avec les moyens mentaux dont nous disposons encore, \u00eatre qu&rsquo;une simple hypoth\u00e8se. Si les vues du P\u00e8re Teilhard de Chardin se confirment \u2014 il n&rsquo;est nullement impossible qu&rsquo;un esprit proph\u00e9tique puisse quelque jour exprimer, sur ce tr\u00e8s grand probl\u00e8me, des anticipations pr\u00e9cises.<\/p>\n<p style=\"text-align: justify;\">\n<p style=\"text-align: justify;\">Avec sa haute conscience de savant, Pierre Teilhard de Chardin s&rsquo;est d&rsquo;ailleurs d\u00e9fendu de vouloir proph\u00e9tiser, estimant \u00e0 juste titre, que l&rsquo;avenir \u00e0 cause du nombre \u00e9norme de variables physiques et par suite aussi, et peut-\u00eatre surtout, de l&rsquo;envergure croissante du psychique est quelque chose d&rsquo;impr\u00e9visible en soi.<\/p>\n<p style=\"text-align: justify;\">\n<p style=\"text-align: justify;\">Il serait int\u00e9ressant et m\u00eame passionnant \u2014 mais cela d\u00e9passerait certes le cadre d&rsquo;un article comme celui-ci \u2014 de tenter de d\u00e9gager sur de nombreux points de la vision chardinienne, \u2014 les cons\u00e9quences et combien de confirmations ou d&rsquo;applications des vues de penseurs, de savants ou de mystiques tels qu&rsquo;Aurobindo, dont la vision supramentale peut si bien concorder avec les \u00e9tapes plus avanc\u00e9es de la noosph\u00e8re, ou des perspectives de Roger Godel ou de celles de Jung, dont les travaux s&rsquo;\u00e9clairent et s&rsquo;inscrivent si parfaitement dans la conception de Teilhard, ou encore des travaux de Lupasco. Peut-\u00eatre certains d\u00e9couvriront-ils \u00e9galement les nombreux points de concordance entre la conception teilhardienne de l&rsquo;\u00e9volution et certaines vues que j&rsquo;ai d\u00e9velopp\u00e9es dans <em>Synth\u00e8ses<\/em>.<\/p>\n<p style=\"text-align: justify;\">\n<p style=\"text-align: justify;\">Notamment sur le sens du Sacr\u00e9, sur les vraies mesures de l&rsquo;homme, sur le sens de l&rsquo;esp\u00e8ce, sur le sens du cosmos, sur celui de l&rsquo;Eternel, sur l&rsquo;imp\u00e9ratif profond des Volont\u00e9s du P\u00e8re, sur les liens qui biologiquement, rattachent l&rsquo;homme \u00e0 toute la cr\u00e9ation ou, pour employer le terme plus juste de Teilhard, \u00e0 la cosmog\u00e9n\u00e8se. Car, plus, bien plus que la formulation claire et ses structures, valables pour notre entendement superficiel, ce qui compte et comptera de plus en plus, au fur et \u00e0 mesure que l&rsquo;homme avancera sur la voie de la rejonction de l&rsquo;esprit, c&rsquo;est un \u00e9tat d&rsquo;approche de la vie, une disponibilit\u00e9 de communion, un \u00e9tat actif d&rsquo;accueil et d&rsquo;attention \u00e0 ses lois, \u00e0 ses imp\u00e9ratifs. L&rsquo;\u00e9volution dont le sens s&rsquo;\u00e9veille en nous, implique en effet une connaissance plus int\u00e9grale, un \u00e9tat de connaissance qui puisse nous \u00e9viter de d\u00e9river sans cesse, du sens, lui aussi fondamental, de l&rsquo;unit\u00e9 vivante.<\/p>\n<p style=\"text-align: justify;\">\n<p style=\"text-align: justify;\">Pour \u00e9puiser la richesse d&rsquo;une \u0153uvre telle que celle-ci, il faudra longtemps. Toutefois souhaitons que l&rsquo;on ne tarde pas trop \u00e0 d\u00e9couvrir \u00e0 quel point elle correspond, non seulement aux besoins profonds de notre \u00e9poque, aux probl\u00e8mes qu&rsquo;elle pose \u2014 socialisation, unification et coop\u00e9ration mondiale \u2014 mais plus encore, au \u00ab moment \u00bb d&rsquo;\u00e9volution que nous abordons par la science et en particulier par la g\u00e9n\u00e9ralisation des techniques \u00e9lectroniques, sans parler des possibilit\u00e9s offertes pour la mise \u00e0 fruit des insondables sources d&rsquo;\u00e9nergie nouvelle : \u00e9nergie cosmique ou intra-atomique.<\/p>\n<p style=\"text-align: justify;\">\n<p style=\"text-align: justify;\">L&rsquo;\u0153uvre de Teilhard, et c&rsquo;est sur cet aspect que je voudrais terminer, ne se borne pas au surplus, \u00e0 proposer \u00e0 l&rsquo;homme moderne une cosmog\u00e9n\u00e8se plus ad\u00e9quate \u00e0 ses connaissances scientifiques ou \u00e0 certains niveaux de son introspection. Elle l&rsquo;appelle \u00e0 un comportement plus plein, en quoi elle rec\u00e8le une haute morale; morale sociale, morale de l&rsquo;esp\u00e8ce, morale \u00e0 objectif plus transcendant encore, d&rsquo;ob\u00e9issance \u00e0 de profonds imp\u00e9ratifs de d\u00e9passement individuels et de spiritualisation. Pour assurer le plein accomplissement de l&rsquo;\u00e9volution exhaustive telle que ce grand visionnaire, ce v\u00e9ritable proph\u00e8te de notre temps, en a si \u00e9tonnamment d\u00e9gag\u00e9 la trajectoire, \u2014 l&rsquo;homme \u2014 chacun de nous, devra agir. Le d\u00e9veloppement de la noosph\u00e8re n&rsquo;est-il pas le r\u00e9sultat d&rsquo;un appel sans cesse renforc\u00e9, du meilleur des individus et des g\u00e9n\u00e9rations ? C&rsquo;est dire, combien \u00e9troitement le d\u00e9veloppement de la connaissance y est associ\u00e9. La seule connaissance rationnelle, voire m\u00eame scientifique, ne suffira certes pas \u00e0 provoquer l&rsquo;av\u00e8nement de cette v\u00e9ritable Parousie que le g\u00e9nial visionnaire nous fait entrevoir. D&rsquo;autres puissances int\u00e9rieures de participation et de communion devront intervenir. Ainsi, le P\u00e8re Teilhard justifie-t-il pour nous, si c&rsquo;\u00e9tait encore n\u00e9cessaire, cette r\u00e9volution int\u00e9rieure dont nous avons \u00e0 maintes reprises, sugg\u00e9r\u00e9 la n\u00e9cessit\u00e9 et esquiss\u00e9 les structures g\u00e9n\u00e9rales.<\/p>\n<p style=\"text-align: justify;\">\n<p style=\"text-align: justify;\">Cette vision \u00e9mouvante justifie aussi la charit\u00e9, cet amour effectif, et intense du prochain, que l&rsquo;on est peut-\u00eatre en train de red\u00e9couvrir, sinon de d\u00e9couvrir. Ainsi, peut-on mieux comprendre cette d\u00e9claration de Pierre Teilhard de Chardin : \u00ab <em>Le christianisme plus qu&rsquo;aucun autre courant psychique, ne cesse de s&rsquo;obstiner \u2014 pratiquement seul au monde \u2014 \u00e0 entretenir et \u00e0 perfectionner en lui la vision br\u00fblante d&rsquo;un Univers, non pas impersonnel et clos, mais ouvert, au-del\u00e0 de l&rsquo;Avenir, sur un centre divin<\/em> \u00bb.<\/p>\n<p style=\"text-align: justify;\">\n<p style=\"text-align: justify;\">Mais l&rsquo;admirable \u00e0 notre sens de la vision teilhardienne ne tient pas seulement \u00e0 son vigoureux optimisme. C&rsquo;est tout autant \u00e0 la part \u2014 et une part qui n&rsquo;est nullement frapp\u00e9e \u00e0 priori d&rsquo;opprobre ou d&rsquo;indignit\u00e9 \u2014 qu&rsquo;il fait \u00e0 l&rsquo;existence temporelle, individuelle et contingente, seul champ de l&rsquo;action cr\u00e9atrice n\u00e9cessaire, et m\u00eame indispensable de l&rsquo;homme. Et cette position prise \u00e0 l&rsquo;\u00e9gard de l&rsquo;homme, d&rsquo;un homme bien terrestre, ouvre, elle aussi, de vastes horizons. Elle annonce vraisemblablement la nouvelle et grande \u00e9tape du prodigieux destin de l&rsquo;humanit\u00e9.<\/p>\n<p style=\"text-align: justify;\">\n","protected":false},"excerpt":{"rendered":"<p>Je transcris, sans rien changer, quelques notes jet\u00e9es en h\u00e2te sur le papier, d\u00e8s mon retour \u00e0 mon h\u00f4tel : \u00ab Sa jeunesse, sa beaut\u00e9, sa vivacit\u00e9 d&rsquo;esprit, sa joie rayonnante, \u00e9crivais-je, sont quelque chose qu&rsquo;on ne peut imaginer si on ne l&rsquo;a v\u00e9cu \u00bb. L&rsquo;impression que m&rsquo;avait faite cet aristocrate rac\u00e9 qui, \u00e0 ce moment, avait 73 ans, \u00e9tait vraiment une impression de jeunesse, de beaut\u00e9 physique, d&rsquo;ardeur et de rayonnement. J&rsquo;aurais pu y ajouter la simplicit\u00e9, la cordialit\u00e9, le sentiment qu&rsquo;il engendrait d&rsquo;une v\u00e9ritable communion d&rsquo;esprit et de c\u0153ur tandis qu&rsquo;il nous parlait. Son information sur l&rsquo;\u00e9tat du monde \u00e9tait prodigieuse. Ses jugements aigus et p\u00e9n\u00e9trants. Connaissant la semi-clandestinit\u00e9 o\u00f9 il se tenait volontairement d&rsquo;ailleurs, je m&rsquo;attendais \u00e0 lui trouver un peu d&rsquo;amertume. C&rsquo;est un homme joyeux qui nous entretenait. Un homme \u00e0 la fois si haut par sa vision du cosmos, et si pr\u00e8s de la r\u00e9alit\u00e9. Une intelligence profonde et, \u00e0 la fois, d\u00e9li\u00e9 ; un homme vif, plein d&rsquo;esprit, riant parfois d&rsquo;une remarque, d&rsquo;un mot lanc\u00e9 dans la conversation, encha\u00eenant et d\u00e9couvrant en un \u00e9clair des horizons vastes et insoup\u00e7onn\u00e9s. Sa pens\u00e9e naissait sous nos yeux. Et cette pens\u00e9e jaillie, expression claire, lumineuse et simple, d&rsquo;une \u00e9vidence et d&rsquo;une conviction, nous imposait irr\u00e9sistiblement l&rsquo;\u00e9mouvante approche d&rsquo;un verbe authentique. C&rsquo;est que derri\u00e8re le savant et le philosophe, il y avait en Teilhard de Chardin un po\u00e8te, mais au sens \u00e9tymologique du terme, un cr\u00e9ateur&#8230;<\/p>\n","protected":false},"author":1,"featured_media":0,"comment_status":"closed","ping_status":"closed","sticky":false,"template":"","format":"standard","meta":{"footnotes":""},"categories":[597],"tags":[9,191],"class_list":["post-4586","post","type-post","status-publish","format-standard","hentry","category-lambilliotte-maurice","tag-science-et-spiritualite","tag-teilhard"],"yoast_head":"<!-- This site is optimized with the Yoast SEO plugin v27.0 - https:\/\/yoast.com\/product\/yoast-seo-wordpress\/ -->\n<title>Teilhard proph\u00e8te de l&#039;\u00e9volution par Maurice Lambilliotte - 3e mill\u00e9naire - Spiritualit\u00e9 - Connaissance de soi - Non-dualit\u00e9 - M\u00e9ditation<\/title>\n<meta name=\"robots\" content=\"index, follow, max-snippet:-1, max-image-preview:large, max-video-preview:-1\" \/>\n<link rel=\"canonical\" href=\"https:\/\/www.revue3emillenaire.com\/blog\/teilhard-prophete-de-levolution-par-maurice-lambilliotte\/\" \/>\n<meta property=\"og:locale\" content=\"fr_FR\" \/>\n<meta property=\"og:type\" content=\"article\" \/>\n<meta property=\"og:title\" content=\"Teilhard proph\u00e8te de l&#039;\u00e9volution par Maurice Lambilliotte - 3e mill\u00e9naire - Spiritualit\u00e9 - Connaissance de soi - Non-dualit\u00e9 - M\u00e9ditation\" \/>\n<meta property=\"og:description\" content=\"Je transcris, sans rien changer, quelques notes jet\u00e9es en h\u00e2te sur le papier, d\u00e8s mon retour \u00e0 mon h\u00f4tel : \u00ab Sa jeunesse, sa beaut\u00e9, sa vivacit\u00e9 d&#039;esprit, sa joie rayonnante, \u00e9crivais-je, sont quelque chose qu&#039;on ne peut imaginer si on ne l&#039;a v\u00e9cu \u00bb. L&#039;impression que m&#039;avait faite cet aristocrate rac\u00e9 qui, \u00e0 ce moment, avait 73 ans, \u00e9tait vraiment une impression de jeunesse, de beaut\u00e9 physique, d&#039;ardeur et de rayonnement. J&#039;aurais pu y ajouter la simplicit\u00e9, la cordialit\u00e9, le sentiment qu&#039;il engendrait d&#039;une v\u00e9ritable communion d&#039;esprit et de c\u0153ur tandis qu&#039;il nous parlait. Son information sur l&#039;\u00e9tat du monde \u00e9tait prodigieuse. Ses jugements aigus et p\u00e9n\u00e9trants. Connaissant la semi-clandestinit\u00e9 o\u00f9 il se tenait volontairement d&#039;ailleurs, je m&#039;attendais \u00e0 lui trouver un peu d&#039;amertume. C&#039;est un homme joyeux qui nous entretenait. Un homme \u00e0 la fois si haut par sa vision du cosmos, et si pr\u00e8s de la r\u00e9alit\u00e9. Une intelligence profonde et, \u00e0 la fois, d\u00e9li\u00e9 ; un homme vif, plein d&#039;esprit, riant parfois d&#039;une remarque, d&#039;un mot lanc\u00e9 dans la conversation, encha\u00eenant et d\u00e9couvrant en un \u00e9clair des horizons vastes et insoup\u00e7onn\u00e9s. Sa pens\u00e9e naissait sous nos yeux. Et cette pens\u00e9e jaillie, expression claire, lumineuse et simple, d&#039;une \u00e9vidence et d&#039;une conviction, nous imposait irr\u00e9sistiblement l&#039;\u00e9mouvante approche d&#039;un verbe authentique. C&#039;est que derri\u00e8re le savant et le philosophe, il y avait en Teilhard de Chardin un po\u00e8te, mais au sens \u00e9tymologique du terme, un cr\u00e9ateur...\" \/>\n<meta property=\"og:url\" content=\"https:\/\/www.revue3emillenaire.com\/blog\/teilhard-prophete-de-levolution-par-maurice-lambilliotte\/\" \/>\n<meta property=\"og:site_name\" content=\"3e mill\u00e9naire - Spiritualit\u00e9 - Connaissance de soi - Non-dualit\u00e9 - M\u00e9ditation\" \/>\n<meta property=\"article:published_time\" content=\"2010-09-06T13:22:13+00:00\" \/>\n<meta name=\"author\" content=\"3e mill\u00e9naire\" \/>\n<meta name=\"twitter:card\" content=\"summary_large_image\" \/>\n<meta name=\"twitter:label1\" content=\"\u00c9crit par\" \/>\n\t<meta name=\"twitter:data1\" content=\"3e mill\u00e9naire\" \/>\n\t<meta name=\"twitter:label2\" content=\"Dur\u00e9e de lecture estim\u00e9e\" \/>\n\t<meta name=\"twitter:data2\" content=\"22 minutes\" \/>\n<script type=\"application\/ld+json\" class=\"yoast-schema-graph\">{\"@context\":\"https:\/\/schema.org\",\"@graph\":[{\"@type\":\"Article\",\"@id\":\"https:\/\/www.revue3emillenaire.com\/blog\/teilhard-prophete-de-levolution-par-maurice-lambilliotte\/#article\",\"isPartOf\":{\"@id\":\"https:\/\/www.revue3emillenaire.com\/blog\/teilhard-prophete-de-levolution-par-maurice-lambilliotte\/\"},\"author\":{\"name\":\"3e mill\u00e9naire\",\"@id\":\"https:\/\/www.revue3emillenaire.com\/blog\/#\/schema\/person\/9a3a7cc4ccaa707f402d4394327106d5\"},\"headline\":\"Teilhard proph\u00e8te de l&rsquo;\u00e9volution par Maurice Lambilliotte\",\"datePublished\":\"2010-09-06T13:22:13+00:00\",\"mainEntityOfPage\":{\"@id\":\"https:\/\/www.revue3emillenaire.com\/blog\/teilhard-prophete-de-levolution-par-maurice-lambilliotte\/\"},\"wordCount\":4379,\"keywords\":[\"Science et spiritualit\u00e9\",\"Teilhard\"],\"articleSection\":[\"Lambilliotte Maurice\"],\"inLanguage\":\"fr-FR\"},{\"@type\":\"WebPage\",\"@id\":\"https:\/\/www.revue3emillenaire.com\/blog\/teilhard-prophete-de-levolution-par-maurice-lambilliotte\/\",\"url\":\"https:\/\/www.revue3emillenaire.com\/blog\/teilhard-prophete-de-levolution-par-maurice-lambilliotte\/\",\"name\":\"Teilhard proph\u00e8te de l'\u00e9volution par Maurice Lambilliotte - 3e mill\u00e9naire - Spiritualit\u00e9 - Connaissance de soi - Non-dualit\u00e9 - M\u00e9ditation\",\"isPartOf\":{\"@id\":\"https:\/\/www.revue3emillenaire.com\/blog\/#website\"},\"datePublished\":\"2010-09-06T13:22:13+00:00\",\"author\":{\"@id\":\"https:\/\/www.revue3emillenaire.com\/blog\/#\/schema\/person\/9a3a7cc4ccaa707f402d4394327106d5\"},\"breadcrumb\":{\"@id\":\"https:\/\/www.revue3emillenaire.com\/blog\/teilhard-prophete-de-levolution-par-maurice-lambilliotte\/#breadcrumb\"},\"inLanguage\":\"fr-FR\",\"potentialAction\":[{\"@type\":\"ReadAction\",\"target\":[\"https:\/\/www.revue3emillenaire.com\/blog\/teilhard-prophete-de-levolution-par-maurice-lambilliotte\/\"]}]},{\"@type\":\"BreadcrumbList\",\"@id\":\"https:\/\/www.revue3emillenaire.com\/blog\/teilhard-prophete-de-levolution-par-maurice-lambilliotte\/#breadcrumb\",\"itemListElement\":[{\"@type\":\"ListItem\",\"position\":1,\"name\":\"Accueil\",\"item\":\"https:\/\/www.revue3emillenaire.com\/blog\/\"},{\"@type\":\"ListItem\",\"position\":2,\"name\":\"Teilhard proph\u00e8te de l&rsquo;\u00e9volution par Maurice Lambilliotte\"}]},{\"@type\":\"WebSite\",\"@id\":\"https:\/\/www.revue3emillenaire.com\/blog\/#website\",\"url\":\"https:\/\/www.revue3emillenaire.com\/blog\/\",\"name\":\"3e mill\u00e9naire - Spiritualit\u00e9 - Connaissance de soi - Non-dualit\u00e9 - M\u00e9ditation\",\"description\":\"L&#039;Homme en devenir\",\"potentialAction\":[{\"@type\":\"SearchAction\",\"target\":{\"@type\":\"EntryPoint\",\"urlTemplate\":\"https:\/\/www.revue3emillenaire.com\/blog\/?s={search_term_string}\"},\"query-input\":{\"@type\":\"PropertyValueSpecification\",\"valueRequired\":true,\"valueName\":\"search_term_string\"}}],\"inLanguage\":\"fr-FR\"},{\"@type\":\"Person\",\"@id\":\"https:\/\/www.revue3emillenaire.com\/blog\/#\/schema\/person\/9a3a7cc4ccaa707f402d4394327106d5\",\"name\":\"3e mill\u00e9naire\",\"url\":\"https:\/\/www.revue3emillenaire.com\/blog\/author\/admin\/\"}]}<\/script>\n<!-- \/ Yoast SEO plugin. -->","yoast_head_json":{"title":"Teilhard proph\u00e8te de l'\u00e9volution par Maurice Lambilliotte - 3e mill\u00e9naire - Spiritualit\u00e9 - Connaissance de soi - Non-dualit\u00e9 - M\u00e9ditation","robots":{"index":"index","follow":"follow","max-snippet":"max-snippet:-1","max-image-preview":"max-image-preview:large","max-video-preview":"max-video-preview:-1"},"canonical":"https:\/\/www.revue3emillenaire.com\/blog\/teilhard-prophete-de-levolution-par-maurice-lambilliotte\/","og_locale":"fr_FR","og_type":"article","og_title":"Teilhard proph\u00e8te de l'\u00e9volution par Maurice Lambilliotte - 3e mill\u00e9naire - Spiritualit\u00e9 - Connaissance de soi - Non-dualit\u00e9 - M\u00e9ditation","og_description":"Je transcris, sans rien changer, quelques notes jet\u00e9es en h\u00e2te sur le papier, d\u00e8s mon retour \u00e0 mon h\u00f4tel : \u00ab Sa jeunesse, sa beaut\u00e9, sa vivacit\u00e9 d'esprit, sa joie rayonnante, \u00e9crivais-je, sont quelque chose qu'on ne peut imaginer si on ne l'a v\u00e9cu \u00bb. L'impression que m'avait faite cet aristocrate rac\u00e9 qui, \u00e0 ce moment, avait 73 ans, \u00e9tait vraiment une impression de jeunesse, de beaut\u00e9 physique, d'ardeur et de rayonnement. J'aurais pu y ajouter la simplicit\u00e9, la cordialit\u00e9, le sentiment qu'il engendrait d'une v\u00e9ritable communion d'esprit et de c\u0153ur tandis qu'il nous parlait. Son information sur l'\u00e9tat du monde \u00e9tait prodigieuse. Ses jugements aigus et p\u00e9n\u00e9trants. Connaissant la semi-clandestinit\u00e9 o\u00f9 il se tenait volontairement d'ailleurs, je m'attendais \u00e0 lui trouver un peu d'amertume. C'est un homme joyeux qui nous entretenait. Un homme \u00e0 la fois si haut par sa vision du cosmos, et si pr\u00e8s de la r\u00e9alit\u00e9. Une intelligence profonde et, \u00e0 la fois, d\u00e9li\u00e9 ; un homme vif, plein d'esprit, riant parfois d'une remarque, d'un mot lanc\u00e9 dans la conversation, encha\u00eenant et d\u00e9couvrant en un \u00e9clair des horizons vastes et insoup\u00e7onn\u00e9s. Sa pens\u00e9e naissait sous nos yeux. Et cette pens\u00e9e jaillie, expression claire, lumineuse et simple, d'une \u00e9vidence et d'une conviction, nous imposait irr\u00e9sistiblement l'\u00e9mouvante approche d'un verbe authentique. C'est que derri\u00e8re le savant et le philosophe, il y avait en Teilhard de Chardin un po\u00e8te, mais au sens \u00e9tymologique du terme, un cr\u00e9ateur...","og_url":"https:\/\/www.revue3emillenaire.com\/blog\/teilhard-prophete-de-levolution-par-maurice-lambilliotte\/","og_site_name":"3e mill\u00e9naire - Spiritualit\u00e9 - Connaissance de soi - Non-dualit\u00e9 - M\u00e9ditation","article_published_time":"2010-09-06T13:22:13+00:00","author":"3e mill\u00e9naire","twitter_card":"summary_large_image","twitter_misc":{"\u00c9crit par":"3e mill\u00e9naire","Dur\u00e9e de lecture estim\u00e9e":"22 minutes"},"schema":{"@context":"https:\/\/schema.org","@graph":[{"@type":"Article","@id":"https:\/\/www.revue3emillenaire.com\/blog\/teilhard-prophete-de-levolution-par-maurice-lambilliotte\/#article","isPartOf":{"@id":"https:\/\/www.revue3emillenaire.com\/blog\/teilhard-prophete-de-levolution-par-maurice-lambilliotte\/"},"author":{"name":"3e mill\u00e9naire","@id":"https:\/\/www.revue3emillenaire.com\/blog\/#\/schema\/person\/9a3a7cc4ccaa707f402d4394327106d5"},"headline":"Teilhard proph\u00e8te de l&rsquo;\u00e9volution par Maurice Lambilliotte","datePublished":"2010-09-06T13:22:13+00:00","mainEntityOfPage":{"@id":"https:\/\/www.revue3emillenaire.com\/blog\/teilhard-prophete-de-levolution-par-maurice-lambilliotte\/"},"wordCount":4379,"keywords":["Science et spiritualit\u00e9","Teilhard"],"articleSection":["Lambilliotte Maurice"],"inLanguage":"fr-FR"},{"@type":"WebPage","@id":"https:\/\/www.revue3emillenaire.com\/blog\/teilhard-prophete-de-levolution-par-maurice-lambilliotte\/","url":"https:\/\/www.revue3emillenaire.com\/blog\/teilhard-prophete-de-levolution-par-maurice-lambilliotte\/","name":"Teilhard proph\u00e8te de l'\u00e9volution par Maurice Lambilliotte - 3e mill\u00e9naire - Spiritualit\u00e9 - Connaissance de soi - Non-dualit\u00e9 - M\u00e9ditation","isPartOf":{"@id":"https:\/\/www.revue3emillenaire.com\/blog\/#website"},"datePublished":"2010-09-06T13:22:13+00:00","author":{"@id":"https:\/\/www.revue3emillenaire.com\/blog\/#\/schema\/person\/9a3a7cc4ccaa707f402d4394327106d5"},"breadcrumb":{"@id":"https:\/\/www.revue3emillenaire.com\/blog\/teilhard-prophete-de-levolution-par-maurice-lambilliotte\/#breadcrumb"},"inLanguage":"fr-FR","potentialAction":[{"@type":"ReadAction","target":["https:\/\/www.revue3emillenaire.com\/blog\/teilhard-prophete-de-levolution-par-maurice-lambilliotte\/"]}]},{"@type":"BreadcrumbList","@id":"https:\/\/www.revue3emillenaire.com\/blog\/teilhard-prophete-de-levolution-par-maurice-lambilliotte\/#breadcrumb","itemListElement":[{"@type":"ListItem","position":1,"name":"Accueil","item":"https:\/\/www.revue3emillenaire.com\/blog\/"},{"@type":"ListItem","position":2,"name":"Teilhard proph\u00e8te de l&rsquo;\u00e9volution par Maurice Lambilliotte"}]},{"@type":"WebSite","@id":"https:\/\/www.revue3emillenaire.com\/blog\/#website","url":"https:\/\/www.revue3emillenaire.com\/blog\/","name":"3e mill\u00e9naire - Spiritualit\u00e9 - Connaissance de soi - Non-dualit\u00e9 - M\u00e9ditation","description":"L&#039;Homme en devenir","potentialAction":[{"@type":"SearchAction","target":{"@type":"EntryPoint","urlTemplate":"https:\/\/www.revue3emillenaire.com\/blog\/?s={search_term_string}"},"query-input":{"@type":"PropertyValueSpecification","valueRequired":true,"valueName":"search_term_string"}}],"inLanguage":"fr-FR"},{"@type":"Person","@id":"https:\/\/www.revue3emillenaire.com\/blog\/#\/schema\/person\/9a3a7cc4ccaa707f402d4394327106d5","name":"3e mill\u00e9naire","url":"https:\/\/www.revue3emillenaire.com\/blog\/author\/admin\/"}]}},"_links":{"self":[{"href":"https:\/\/www.revue3emillenaire.com\/blog\/wp-json\/wp\/v2\/posts\/4586","targetHints":{"allow":["GET"]}}],"collection":[{"href":"https:\/\/www.revue3emillenaire.com\/blog\/wp-json\/wp\/v2\/posts"}],"about":[{"href":"https:\/\/www.revue3emillenaire.com\/blog\/wp-json\/wp\/v2\/types\/post"}],"author":[{"embeddable":true,"href":"https:\/\/www.revue3emillenaire.com\/blog\/wp-json\/wp\/v2\/users\/1"}],"replies":[{"embeddable":true,"href":"https:\/\/www.revue3emillenaire.com\/blog\/wp-json\/wp\/v2\/comments?post=4586"}],"version-history":[{"count":0,"href":"https:\/\/www.revue3emillenaire.com\/blog\/wp-json\/wp\/v2\/posts\/4586\/revisions"}],"wp:attachment":[{"href":"https:\/\/www.revue3emillenaire.com\/blog\/wp-json\/wp\/v2\/media?parent=4586"}],"wp:term":[{"taxonomy":"category","embeddable":true,"href":"https:\/\/www.revue3emillenaire.com\/blog\/wp-json\/wp\/v2\/categories?post=4586"},{"taxonomy":"post_tag","embeddable":true,"href":"https:\/\/www.revue3emillenaire.com\/blog\/wp-json\/wp\/v2\/tags?post=4586"}],"curies":[{"name":"wp","href":"https:\/\/api.w.org\/{rel}","templated":true}]}}