{"id":4591,"date":"2010-09-06T14:21:38","date_gmt":"2010-09-06T13:21:38","guid":{"rendered":"http:\/\/www.revue3emillenaire.com\/blog\/?p=4591"},"modified":"2010-09-06T14:21:38","modified_gmt":"2010-09-06T13:21:38","slug":"l%e2%80%99energie-humaine-par-le-docteur-guy-van-renynghe","status":"publish","type":"post","link":"https:\/\/www.revue3emillenaire.com\/blog\/l%e2%80%99energie-humaine-par-le-docteur-guy-van-renynghe\/","title":{"rendered":"L\u2019\u00e9nergie humaine par le docteur Guy van Renynghe"},"content":{"rendered":"<p style=\"text-align: justify;\">(Revue Teilhard de Chardin. No 79-80. Octobre 1979)<\/p>\n<p style=\"text-align: justify;\">\n<p style=\"text-align: justify;\"><em>Conf\u00e9rence donn\u00e9 au XIX<sup>e<\/sup> Symposium international Pierre Teilhard de Chardin<\/em><\/p>\n<p style=\"text-align: justify;\">\n<p style=\"text-align: justify;\">Ayant accept\u00e9 l&rsquo;invitation \u00e0 parler de l&rsquo;\u00ab \u00e9nergie humaine \u00bb, je me suis senti oblig\u00e9 de prendre le cerveau et son \u00e9volution comme sujet de r\u00e9flexion. Le cerveau : parce que, au c\u0153ur de l&rsquo;\u00e9nergie humaine, il y a la complexification extr\u00eame qui \u00e9merge dans l&rsquo;organisation c\u00e9r\u00e9brale. L&rsquo;\u00e9volution du cerveau : parce que Teilhard a plac\u00e9 son \u0153uvre sous le signe de l&rsquo;\u00e9volution du vivant qui \u00e9merge et converge \u00e0 travers la c\u00e9r\u00e9bralisation progressive des organismes qui se sont succ\u00e9d\u00e9s dans l&rsquo;\u00e9chelle des esp\u00e8ces.<\/p>\n<p style=\"text-align: justify;\">\n<p style=\"text-align: justify;\">De nombreux philosophes se sont pench\u00e9s sur le pourquoi et le sens de l&rsquo;\u00e9volution. Teilhard fut le premier \u00e0 oser repenser l&rsquo;\u00e9volutionnisme en termes scientifiques, philosophiques et th\u00e9ologiques. Jean Charon fut le premier savant qui se mit sur les traces de Teilhard, pour essayer de percer le myst\u00e8re de l&rsquo;Esprit et de notre destin\u00e9e.<\/p>\n<p style=\"text-align: justify;\">\n<p style=\"text-align: justify;\">Si l&rsquo;on \u00e9tudie l&rsquo;\u00e9nergie cosmique, il semblerait que les \u00e9lectrons prennent une place privil\u00e9gi\u00e9e dans le plan du Cr\u00e9ateur. Avec notre pauvre intelligence et en nous gardant d&rsquo;un certain orgueil, nous ne pouvons que croire en l&rsquo;existence d&rsquo;un \u00catre mille fois sup\u00e9rieur \u00e0 l&rsquo;homme, qui a fait d\u00e9marrer l&rsquo;\u00c9volution des \u00eatres vivants. Il semble \u00e9vident qu&rsquo;\u00e0 l&rsquo;origine du monde inanim\u00e9 et vivant, un Plan \u00e0 grands th\u00e8mes fut con\u00e7u par le Cr\u00e9ateur; th\u00e8mes sur lesquels la nature a ensuite effectu\u00e9 de nombreuses variations. Aux r\u00e9flexes \u00ab d\u00e9termin\u00e9s \u00bb des \u00eatres vivants du bas de l&rsquo;\u00e9chelle des esp\u00e8ces, s&rsquo;est ajout\u00e9e progressivement une possibilit\u00e9 de \u00ab r\u00e9flexion \u00bb et de \u00ab choix plus ou moins d\u00e9lib\u00e9r\u00e9s \u00bb.<\/p>\n<p style=\"text-align: justify;\">\n<p style=\"text-align: justify;\">D&rsquo;autre part, de nombreux savants ont \u00e9tudi\u00e9 le \u00ab comment \u00bb et les m\u00e9canismes de l&rsquo;\u00e9volution. J&rsquo;essaierai de faire une synth\u00e8se de la science actuelle du cerveau, ce dernier \u00e9tant au centre de l&rsquo;\u00e9volution \u2014 tant biologique que socioculturelle \u2014 de l&rsquo;\u00e9nergie cosmique qui se prolonge dans l&rsquo;\u00e9nergie animale, puis humaine.<\/p>\n<p style=\"text-align: justify;\">\n<p style=\"text-align: justify;\">Du temps de Teilhard, on ne savait que tr\u00e8s peu de choses sur le cerveau psychique et sur l&rsquo;anatomie compar\u00e9e des cerveaux toujours plus complexes, dans l&rsquo;\u00e9chelle de l&rsquo;\u00e9volution. Le cerveau \u00e9tait encore une bo\u00eete noire, dont on connaissait cependant d\u00e9j\u00e0 pas mal d&rsquo;entr\u00e9es et de sorties, ce qui permettait la comparaison avec un ordinateur. C&rsquo;est pourquoi Teilhard attacha une importance primordiale au cerveau, dont les savants avaient essay\u00e9 de percer quelques myst\u00e8res. Il se rendait compte que les nouvelles connaissances du cerveau allaient bouleverser nos conceptions sur l&rsquo;\u00e9volution de l&rsquo;univers et sur le ph\u00e9nom\u00e8ne de l&rsquo;hominisation.<\/p>\n<p style=\"text-align: justify;\">\n<p style=\"text-align: justify;\">Dans la vision cosmique de Teilhard, l&rsquo;Univers est issu d&rsquo;une seule et m\u00eame \u00e9nergie psychique. Il distinguait l&rsquo;\u00e9nergie tangentielle ou l&rsquo;aspect mat\u00e9riel des choses et l&rsquo;\u00e9nergie radiale ou force psychique qui induit la construction d&rsquo;\u00e9l\u00e9ments plus complexes. De l&rsquo;ambivalence de l&rsquo;\u00e9nergie premi\u00e8re, il r\u00e9sulte que toute mati\u00e8re porte une part de psychisme ou de conscience, tout en admettant des degr\u00e9s diff\u00e9rents dans le monde inanim\u00e9 et vivant. Teilhard poursuit en \u00e9crivant que mati\u00e8re et conscience \u00e9voluent suivant la loi de complexit\u00e9-conscience. La qualit\u00e9 de conscience augmente avec la complexit\u00e9 du cerveau qui chez l&rsquo;homo sapiens permet la pens\u00e9e r\u00e9fl\u00e9chie.<\/p>\n<p style=\"text-align: justify;\">\n<p style=\"text-align: justify;\">Il est clair que l&rsquo;\u00e9volution continue une ascension vers la conscience et la libert\u00e9, soutenue par une complexit\u00e9 plus grande du cerveau. Le cerveau humain est fait \u00e0 l&rsquo;image de l&rsquo;Univers. La structure de notre esprit refl\u00e8te la structure de l&rsquo;Univers. La noosph\u00e8re est \u00e0 l&rsquo;image de la biosph\u00e8re c\u00e9r\u00e9brale. Comme l&rsquo;enseignait Teilhard, on ne peut comprendre l&rsquo;esp\u00e8ce humaine, qu&rsquo;\u00e0 la condition expresse de consid\u00e9rer une biologie compl\u00e8te centr\u00e9e sur l&rsquo;organisation de la personnalit\u00e9 par le cerveau.<\/p>\n<p style=\"text-align: justify;\">\n<p style=\"text-align: justify;\">Si nous voulons comprendre mieux la complexit\u00e9 du cerveau, nous ne pouvons nous passer de la connaissance des diff\u00e9rentes \u00e9tapes parcourues par l&rsquo;\u00e9volution de celui-ci, depuis sa naissance, il y a environ 300 millions d&rsquo;ann\u00e9es. Auparavant \u00e9tait d\u00e9j\u00e0 n\u00e9e la moelle \u00e9pini\u00e8re des premiers vert\u00e9br\u00e9s, chez lesquels se d\u00e9velopp\u00e8rent progressivement les sensations, puis une perception des stimuli ext\u00e9rieurs.<\/p>\n<p style=\"text-align: justify;\">\n<p style=\"text-align: justify;\">L&rsquo;\u00e9volution biologique des tous les organes s&rsquo;est pratiquement arr\u00eat\u00e9e il y a 300 millions d&rsquo;ann\u00e9es, mais le syst\u00e8me nerveux a continu\u00e9 sur sa lanc\u00e9e \u00e9volutive par le biais de la c\u00e9r\u00e9bralisation, qui elle-m\u00eame a connu plusieurs \u00e9chelons de complexit\u00e9, pour aboutir au cerveau \u2014 tout jeunet et toujours en rodage \u2014 de l&rsquo;homo sapiens. Nous verrons que chez les hominiens \u00e9voluant vers le \u00ab sapiens \u00bb, la c\u00e9r\u00e9bralisation de plus en plus complexe, sera li\u00e9e \u00e0 l&rsquo;acc\u00e9l\u00e9ration de l&rsquo;\u00e9volution socioculturelle.<\/p>\n<p style=\"text-align: justify;\">\n<p style=\"text-align: justify;\">Mais retournons un moment en arri\u00e8re pour mieux comprendre, \u00e0 travers l&rsquo;\u00e9volution biologique, et \u00e0 partir du moins complexe des cerveaux, le cerveau hautement complexe de l&rsquo;homme. Une premi\u00e8re \u00e9bauche du cerveau s&rsquo;est constitu\u00e9e, il y a 600 millions d&rsquo;ann\u00e9es chez les vert\u00e9br\u00e9s, \u00e0 une \u00e9poque o\u00f9 la vie \u00e9tait essentiellement aquatique. Le but premier de ce cerveau, qui deviendra plus tard le cerveau interm\u00e9diaire, v\u00e9g\u00e9tatif et instinctif, \u00e9tait le contr\u00f4le des fonctions corporelles et l&rsquo;adaptation au milieu ext\u00e9rieur. La mer devenue relativement pauvre en nourritures et la terre devenant plus riche en plantes, les poissons sortirent de l&rsquo;eau pour s&rsquo;int\u00e9resser davantage \u00e0 la terre. Entre-temps, les nageoires devinrent des pattes, telles qu&rsquo;on les retrouve chez les amphibies. Lorsqu&rsquo;en 1936 de notre \u00e8re, on d\u00e9couvrit le premier fossile de poisson amphibie, on constata que cet animal avait poss\u00e9d\u00e9 une sensibilit\u00e9 corporelle, une ou\u00efe et une vue tr\u00e8s rudimentaires. Il y avait une \u00e9bauche de r\u00e9cepteurs gustatifs et l&rsquo;odorat n&rsquo;existait pas.<\/p>\n<p style=\"text-align: justify;\">\n<p style=\"text-align: justify;\">Chez les premiers vert\u00e9br\u00e9s qui envahissent la terre, se constitue la premi\u00e8re communication entre cavit\u00e9s nasales et buccales, ce qui sera d\u00e9terminant pour la vie sur terre. D&rsquo;o\u00f9 naissance de l&rsquo;odorat et de la plus ancienne partie de l&rsquo;\u00e9corce c\u00e9r\u00e9brale \u2014 le rhinenc\u00e9phale \u2014 dont sont dot\u00e9s les premiers reptiles.<\/p>\n<p style=\"text-align: justify;\">\n<p style=\"text-align: justify;\">Tous les mammif\u00e8res inf\u00e9rieurs poss\u00e8dent \u2014 en plus du premier cerveau instinctif et v\u00e9g\u00e9tatif avec l&rsquo;hypothalamus \u2014 le rhinenc\u00e9phale ou deuxi\u00e8me cerveau qui permettra le d\u00e9veloppement de l&rsquo;inconscient instinctif. Le rhinenc\u00e9phale sera programm\u00e9 dans ses comportements qui r\u00e8glent la faim et la soif, la fuite ou la lutte, la reproduction, l&rsquo;\u00e9tablissement du territoire, la chasse, l&rsquo;apprentissage de la descendance et la s\u00e9lection des chefs. Rappelons qu&rsquo;\u00e0 l&rsquo;\u00e9tape du cerveau interm\u00e9diaire, l&rsquo;apprentissage \u00e9tait uniquement r\u00e9gi par des r\u00e9flexes primaires.<\/p>\n<p style=\"text-align: justify;\">\n<p style=\"text-align: justify;\">L&rsquo;animal rhinenc\u00e9phalique, soutenu par des motivations primaires, cherchera par essais et erreurs, \u00e0 atteindre diff\u00e9rents buts. Une m\u00e9moire toujours plus importante se mettra au service de l&rsquo;apprentissage. L&rsquo;\u00e9nergie n\u00e9cessaire est utilis\u00e9e principalement par les syst\u00e8mes de r\u00e9compense ou d&rsquo;encouragement et les syst\u00e8mes de punition. Certains groupes de neurones du rhinenc\u00e9phale, proches des centres du plaisir, lorsqu&rsquo;ils seront stimul\u00e9s, contribueront \u00e0 atteindre le but, qui est la r\u00e9compense attendue. D&rsquo;autre part, la mise en activit\u00e9 du syst\u00e8me punitif du rhinenc\u00e9phale m\u00e8ne \u00e0 l&rsquo;\u00e9vitement d&rsquo;une situation redout\u00e9e.<\/p>\n<p style=\"text-align: justify;\">\n<p style=\"text-align: justify;\">Chez les mammif\u00e8res sup\u00e9rieurs et surtout chez les primates, le rhinenc\u00e9phale perdra une partie de sa fonction d&rsquo;odorat et s&rsquo;organisera principalement en \u00ab syst\u00e8me limbique \u00bb qui forme une base importante du d\u00e9veloppement affectif en connexion avec les sensations visc\u00e9rales. Pas \u00e9tonnant d\u00e8s lors, que dans la langue fran\u00e7aise le mot \u00ab sentiment \u00bb et le verbe \u00ab sentir \u00bb aient la m\u00eame racine, par r\u00e9f\u00e9rence au rhinenc\u00e9phale ! Dans l&rsquo;\u00e9volution du cerveau pr\u00e9historique, la naissance du rhinenc\u00e9phale marque une \u00e9tape capitale pour la fonction d&rsquo;apprentissage et servira de tremplin au dressage, puis \u00e0 l&rsquo;\u00e9ducation, chez l&rsquo;animal et chez l&rsquo;homme.<\/p>\n<p style=\"text-align: justify;\">\n<p style=\"text-align: justify;\">On verra, lors de l&rsquo;\u00e9volution du rhinenc\u00e9phale, que celui-ci organisera le comportement en fonction d&rsquo;une meilleure adaptation au milieu et des possibilit\u00e9s d&rsquo;action sur l&rsquo;environnement. Le deuxi\u00e8me cerveau, appel\u00e9 \u00e0 \u00e9voluer vers une meilleure utilisation du milieu environnant, s&rsquo;est vu coiff\u00e9 progressivement chez les mammif\u00e8res sup\u00e9rieurs d&rsquo;une calotte corticale, appel\u00e9e le n\u00e9ocortex.<\/p>\n<p style=\"text-align: justify;\">\n<p style=\"text-align: justify;\">Nouveau pas important dans l&rsquo;\u00e9volution du cerveau, que le d\u00e9veloppement de cette nouvelle \u00e9corce ! Ici, nous trouvons le v\u00e9ritable point de d\u00e9part de la relation de l&rsquo;\u00eatre vivant avec le monde ext\u00e9rieur.<\/p>\n<p style=\"text-align: justify;\">\n<p style=\"text-align: justify;\">En effet, avec le rhinenc\u00e9phale, le mammif\u00e8re doit se contenter d&rsquo;une relation olfactive et gustative avec son milieu. Avec le n\u00e9ocortex na\u00eet la relation visuelle, auditive et sensitive avec le monde. Ici, na\u00eet une complexit\u00e9 beaucoup plus grande du cerveau, par une augmentation consid\u00e9rable des neurones, par le nombre extraordinaire des connections possibles, par une importance plus grande de l&rsquo;interrelation des diff\u00e9rentes parties du cerveau.<\/p>\n<p style=\"text-align: justify;\">\n<p style=\"text-align: justify;\">De plus, pendant plusieurs millions d&rsquo;ann\u00e9es, le n\u00e9ocortex augmentera la complexit\u00e9 au niveau des trois zones successives, que l&rsquo;on retrouvera au niveau de la perception et au niveau des activit\u00e9s motrices. D&rsquo;une part, on assistera au d\u00e9veloppement progressif de la perception corticale qui chez l&rsquo;homme concernera deux tiers du n\u00e9ocortex; d&rsquo;autre part, le cortex frontal sera \u00e0 l&rsquo;origine d&rsquo;activit\u00e9s motrices toujours plus complexes.<\/p>\n<p style=\"text-align: justify;\">\n<p style=\"text-align: justify;\">Les mammif\u00e8res inf\u00e9rieurs poss\u00e8dent les zones primaires, qui enregistrent les signaux provenant des nerfs sensitifs et sensoriels. Par ces zones primaires, le cerveau apprend \u00e0 localiser l&rsquo;origine des sensations et envoie des ordres moteurs aux diff\u00e9rents muscles. Nous assistons ici \u00e0 la naissance des mouvements dits \u00ab volontaires \u00bb.<\/p>\n<p style=\"text-align: justify;\">\n<p style=\"text-align: justify;\">Une deuxi\u00e8me \u00e9tape de l&rsquo;\u00e9volution du n\u00e9ocortex s&rsquo;\u00e9bauche chez les mammif\u00e8res sup\u00e9rieurs : l&rsquo;organisation dans les zones secondaires du n\u00e9ocortex, des signaux sensitifs et sensoriels ainsi que des ordres moteurs. C&rsquo;est aussi une nouvelle \u00e9tape dans l&rsquo;interrelation.<\/p>\n<p style=\"text-align: justify;\">\n<p style=\"text-align: justify;\">La combinaison des signaux sensoriels aboutit, apr\u00e8s connections r\u00e9p\u00e9t\u00e9es, \u00e0 la reconstitution des objets dans le cerveau et \u00e0 la reconnaissance des objets et \u00eatres vivants. Cette reconnaissance toujours plus complexe au fur et \u00e0 mesure que se d\u00e9file l&rsquo;existence individuelle, permettra d&rsquo;\u00e9laborer une s\u00e9rie d&rsquo;activit\u00e9s et d&rsquo;actions.<\/p>\n<p style=\"text-align: justify;\">\n<p style=\"text-align: justify;\">En attendant le d\u00e9veloppement des zones tertiaires du n\u00e9ocortex humain, d\u00e9j\u00e0 en \u00e9bauche chez les primates \u00e9volu\u00e9s, on peut affirmer que la naissance des zones secondaires du n\u00e9ocortex est une \u00e9tape extr\u00eamement importante de l&rsquo;\u00e9volution du cerveau. De plus en plus, le cerveau va s&rsquo;organiser de l&rsquo;int\u00e9rieur et se pr\u00e9parer \u00e0 sauter le pas de la r\u00e9flexion.<\/p>\n<p style=\"text-align: justify;\">\n<p style=\"text-align: justify;\">Teilhard, lui-m\u00eame, fut frapp\u00e9 par l&rsquo;\u00e9vidence suivante : \u00ab Jusqu&rsquo;au d\u00e9but de notre si\u00e8cle, avec un regard objectiviste et obnubil\u00e9 par le principe de causalit\u00e9 lin\u00e9aire, l&rsquo;homme se repr\u00e9sentait la terre, le ciel, les plantes, les animaux et les hommes comme autant de sujets ind\u00e9pendants et diff\u00e9rents, ne formant un tout que par une action du dehors. Ensuite, la science a r\u00e9v\u00e9l\u00e9 de plus en plus de relations entre les \u00eatres, \u00e0 ce point que le monde et l&rsquo;homme se pr\u00e9sentent actuellement \u00e0 nous, comme des organismes s&rsquo;organisant du dedans \u00bb.<\/p>\n<p style=\"text-align: justify;\">\n<p style=\"text-align: justify;\">Avant Teilhard, qui fut pour beaucoup, dans la r\u00e9conciliation entre la science et la philosophie, l&rsquo;homme \u00e9tait enferm\u00e9 dans une dualit\u00e9 opposant l&rsquo;homme \u00e0 l&rsquo;animal et la culture \u00e0 la nature. La science biologique s&rsquo;\u00e9tait d\u00e9velopp\u00e9e tout en \u00e9tant ferm\u00e9e au ph\u00e9nom\u00e8ne socioculturel. L&rsquo;\u00e9volution biologique des \u00eatres vivants et de leur syst\u00e8me nerveux a vu surgir \u00e0 ses c\u00f4t\u00e9s l&rsquo;\u00e9volution socioculturelle. La science de l&rsquo;homme s&rsquo;est mise \u00e0 mieux p\u00e9n\u00e9trer l&rsquo;interaction entre ces deux syst\u00e8mes \u00e9volutifs du cerveau.<\/p>\n<p style=\"text-align: justify;\">\n<p style=\"text-align: justify;\">Le tournant de la r\u00e9volution biologique s&rsquo;est amorc\u00e9 il y a trente ans, avec la th\u00e9orie de l&rsquo;information et la cybern\u00e9tique. La biologie moderne a fait appel \u00e0 certains principes d&rsquo;organisation, jusqu&rsquo;alors inconnus en chimie. Mentionnons les notions d&rsquo;information, de code, de programme, de communication, d&rsquo;inhibition et de contr\u00f4le. Ces m\u00eames notions appliqu\u00e9es \u00e0 l&rsquo;organisation des mol\u00e9cules du cerveau, se retrouvent dans les relations humaines, dans la complexit\u00e9 psychosociale.<\/p>\n<p style=\"text-align: justify;\">\n<p style=\"text-align: justify;\">Entre-temps, se d\u00e9velopp\u00e8rent \u2014 en rapport avec l&rsquo;\u00e9nergie \u2014 deux notions qui permirent de mieux comprendre l&rsquo;organisation de la mati\u00e8re et de l&rsquo;esprit. Ces deux notions, d&rsquo;entropie et de n\u00e9guentropie, utilis\u00e9es par Teilhard dans L&rsquo;\u00c9nergie humaine, forment le paradoxe de la Vie.<\/p>\n<p style=\"text-align: justify;\">\n<p style=\"text-align: justify;\">Rappelons bri\u00e8vement qu&rsquo;il y a entropie, lorsque la mati\u00e8re perd plus d&rsquo;\u00e9nergie qu&rsquo;elle n&rsquo;en gagne; qu&rsquo;il y a n\u00e9guentropie lorsqu&rsquo;il y a augmentation de potentiel \u00e9nerg\u00e9tique. Dans l&rsquo;organisation vivante, l&rsquo;ordre informationnel qui se construit dans le temps semble contredire le d\u00e9sordre qui \u2014 lui \u2014 se diffuse dans le temps. La vie est ordre et d\u00e9sordre \u00e0 la fois, et r\u00e9organisation permanente fond\u00e9e sur une logique de complexit\u00e9.<\/p>\n<p style=\"text-align: justify;\">\n<p style=\"text-align: justify;\">On peut proposer l&rsquo;image suivante : la machine artificielle est entropique, et ne peut que d\u00e9g\u00e9n\u00e9rer; la machine vivante est \u00e9galement n\u00e9guentropique et apte \u00e0 accro\u00eetre sa complexit\u00e9. Cette complexification n&rsquo;est possible que par l&rsquo;information, elle est aussi capable \u2014 contrairement \u00e0 la machine artificielle \u2014 de reproduire des \u00e9l\u00e9ments qui se d\u00e9gradent, et d&rsquo;autor\u00e9paration. Complexification veut dire \u00e9galement auto-organisation. Complexit\u00e9 plus grande signifie progr\u00e8s dans l&rsquo;auto-organisation.<\/p>\n<p style=\"text-align: justify;\">\n<p style=\"text-align: justify;\">Si, comme nous venons de le voir, la notion de Vie a connu de grands changements, il en est de m\u00eame de la \u00ab notion de Nature \u00bb. L&rsquo;\u00e9cologie \u2014 ou la science des relations entre organismes et milieu \u2014 concevait le milieu naturel comme \u00e9tant r\u00e9gi par la loi du plus fort ou du plus apte. L&rsquo;\u00e9cologie nouvelle est d&rsquo;avis que la communaut\u00e9 des \u00eatres vivants constitue avec la \u00ab niche \u00bb g\u00e9ophysique, une unit\u00e9 qu&rsquo;on appelle \u00ab \u00e9cosyst\u00e8me \u00bb. Il y a de nombreuses interd\u00e9pendances entre l&rsquo;environnement et l&rsquo;ensemble des \u00eatres vivants.<\/p>\n<p style=\"text-align: justify;\">\n<p style=\"text-align: justify;\">Jusqu&rsquo;il y a peu, on consid\u00e9rait que l&rsquo;\u00eatre vivant \u00e9voluait dans la nature, de laquelle il essayait d&rsquo;extraire de l&rsquo;\u00e9nergie et de la mati\u00e8re pour satisfaire ses besoins physiques. Mais, certains savants \u00e9mirent l&rsquo;id\u00e9e que l&rsquo;\u00eatre vivant se nourrit aussi de n\u00e9guentropie, donc d&rsquo;information et d&rsquo;organisation complexe. Plus un syst\u00e8me vivant est autonome, plus il d\u00e9pend de l&rsquo;\u00e9cosyst\u00e8me. On est loin du mythe de l&rsquo;homme qui domestique la nature et de l&rsquo;homme qui pousse l&rsquo;orgueil \u00e0 se croire le plus bel ornement de la nature.<\/p>\n<p style=\"text-align: justify;\">\n<p style=\"text-align: justify;\">L&rsquo;autonomie, qui suppose la complexit\u00e9, d\u00e9pend de toutes sortes de relations avec l&rsquo;environnement. Au fur et \u00e0 mesure que l&rsquo;animal monte dans l&rsquo;\u00e9chelle des esp\u00e8ces, il apprend en balbutiant, \u00e0 dialoguer avec l&rsquo;environnement auquel il peut mieux s&rsquo;adapter. Chez les mammif\u00e8res sup\u00e9rieurs, surtout chez certains primates \u00e9volu\u00e9s, la part de l&rsquo;instinct diminue, parall\u00e8lement \u00e0 une augmentation du n\u00e9ocortex.<\/p>\n<p style=\"text-align: justify;\">\n<p style=\"text-align: justify;\">Au cours de l&rsquo;\u00e9volution, les comportements inn\u00e9s sont partiellement remplac\u00e9s par des programmes qui tiennent compte de l&rsquo;exp\u00e9rience et de l&rsquo;apprentissage. L&rsquo;intelligence d\u00e9bute, sur un mode mineur, par le d\u00e9veloppement des zones secondaires du n\u00e9ocortex et prend son v\u00e9ritable \u00e9lan \u00e0 partir des zones corticales tertiaires, surtout humaines.<\/p>\n<p style=\"text-align: justify;\">\n<p style=\"text-align: justify;\">L&rsquo;individualit\u00e9 humaine, qui est aussi hyper-complexit\u00e9, est ce qu&rsquo;il y a de plus \u00e9mancip\u00e9 et&#8230; de plus d\u00e9pendant par rapport \u00e0 la soci\u00e9t\u00e9. L&rsquo;\u00e9volution vers l&rsquo;autonomie chez l&rsquo;homme est li\u00e9e \u00e0 une tr\u00e8s grande d\u00e9pendance \u00e9ducative, culturelle et technique.<\/p>\n<p style=\"text-align: justify;\">\n<p style=\"text-align: justify;\">Pour mieux comprendre l&rsquo;\u00e9volution du cerveau animal aboutissant \u00e0 celui de l&rsquo;homme, il nous faut aussi dire un mot sur la derni\u00e8re n\u00e9e des sciences : l&rsquo;\u00e9thologie. Jusqu&rsquo;il y a dix ans, on estimait g\u00e9n\u00e9ralement que le comportement animal \u00e9tait r\u00e9gi seulement par des r\u00e9flexes et des impulsions instinctives, visant uniquement \u00e0 la survie et \u00e0 la reproduction de l&rsquo;organisme. Mais il y a plus : l&rsquo;animal peut s&rsquo;organiser, notamment en communiquant et en essayant d&rsquo;am\u00e9nager un territoire.<\/p>\n<p style=\"text-align: justify;\">\n<p style=\"text-align: justify;\">Bien s\u00fbr, on savait qu&rsquo;il pouvait communiquer, mais pas seulement en vue de la sexualit\u00e9. Cependant, on retrouve chez les animaux, surtout chez certains primates, des comportements rituels ou symboliques de coop\u00e9ration, de menace ou d&rsquo;avertissement, de soumission et d&rsquo;amiti\u00e9. L&rsquo;\u00e9thologie d\u00e9couvre l&rsquo;existence d&rsquo;une relation sociale, qui peut \u00eatre consid\u00e9r\u00e9e comme une \u00e9bauche de ce que sera la soci\u00e9t\u00e9 humaine. On peut concevoir cette derni\u00e8re en tant que d\u00e9veloppement prodigieux du ph\u00e9nom\u00e8ne social animal, en rapport avec l&rsquo;\u00e9volution de la complexit\u00e9.<\/p>\n<p style=\"text-align: justify;\">\n<p style=\"text-align: justify;\">Mentionnons en passant \u2014 chez nos cousins lointains, les primates \u2014 l&rsquo;\u00e9mergence d&rsquo;une protoculture et d&rsquo;un premier langage sur lesquels nous n&rsquo;insistons pas ici, faute de temps. Disons simplement que l&rsquo;\u00e9tude de diverses soci\u00e9t\u00e9s de macaques et de chimpanz\u00e9s permet de mieux comprendre l&rsquo;\u00e9volution qui aurait conduit \u00e0 la soci\u00e9t\u00e9 archa\u00efque de l&rsquo;homo sapiens.<\/p>\n<p style=\"text-align: justify;\">\n<p style=\"text-align: justify;\">Il semble \u00e9tabli que le cerveau de l&rsquo;homo sapiens soit l&rsquo;aboutissement d&rsquo;un long processus d&rsquo;hominisation. Si l&rsquo;\u00e9volutionnisme a \u00e9t\u00e9 longtemps con\u00e7u de telle sorte que, ce \u00ab nouvel homme \u00bb \u2014 de par sa belle intelligence \u2014 ait produit la technique, le langage et la culture, on est d&rsquo;avis actuellement que la nature, la soci\u00e9t\u00e9, le langage, la culture et l&rsquo;intelligence ont \u00e9t\u00e9 les co-producteurs de l&rsquo;homo sapiens au cours d&rsquo;une p\u00e9riode de quelques millions d&rsquo;ann\u00e9es. Le langage et la culture \u2014 aussi primaires qu&rsquo;ils fussent \u2014 ont d\u00fb pr\u00e9c\u00e9der le \u00ab sapiens \u00bb et conditionner l&rsquo;\u00e9volution biologique qui aboutit au cerveau de celui-ci.<\/p>\n<p style=\"text-align: justify;\">\n<p style=\"text-align: justify;\">Ce sont de multiples interf\u00e9rences entre les facteurs g\u00e9n\u00e9tiques, \u00e9cologiques et socioculturels qui permettront le processus de l&rsquo;hominisation et l&rsquo;apparition de l&rsquo;homo sapiens. Le cerveau n&rsquo;est plus comme jadis, consid\u00e9r\u00e9 comme un organe ou un instrument, mais comme le centre du processus de complexification. Cela en fonction d&rsquo;un principe d&rsquo;autoproduction, d&rsquo;auto-organisation et de r\u00e9int\u00e9gration.<\/p>\n<p style=\"text-align: justify;\">\n<p style=\"text-align: justify;\">Pour mieux comprendre l&rsquo;influence de tous ces facteurs d&rsquo;\u00e9volution du cerveau, il est n\u00e9cessaire d&rsquo;en venir au probl\u00e8me pos\u00e9 par l&rsquo;hominisation du cr\u00e2ne. En premier lieu, comment les changements de forme et de volume du cr\u00e2ne se sont-ils d\u00e9roul\u00e9s \u00e0 travers les esp\u00e8ces pour aboutir au cr\u00e2ne des hominiens ? L&rsquo;acquisition d&rsquo;un cr\u00e2ne plus volumineux est li\u00e9e pour une part importante \u00e0 l&rsquo;\u00e9volution de la forme du cr\u00e2ne \u00e0 partir des primates. Cette forme serait surtout en rapport avec la position du corps et avec le monde de station et de locomotion.<\/p>\n<p style=\"text-align: justify;\">\n<p style=\"text-align: justify;\">Il semble \u00e9tabli qu&rsquo;\u00e0 travers les esp\u00e8ces, la forme du cr\u00e2ne ait subi des modifications exig\u00e9es par la gravitation, pendant que le corps \u00e9voluait vers la station bip\u00e8de. Les transformations du cr\u00e2ne se sont accomplies par une rotation cr\u00e2nienne autour des appareils de l&rsquo;\u00e9quilibre situ\u00e9s dans l&rsquo;os temporal (rocher). Les appareils de l&rsquo;\u00e9quilibre contr\u00f4lent la coordination des mouvements et des activit\u00e9s, tout en renseignant continuellement le corps sur sa position dans l&rsquo;espace. Par la station bip\u00e8de, les organes de l&rsquo;\u00e9quilibre sont soulev\u00e9s au-dessus du sol, ce qui permet l&rsquo;allongement du cou et lib\u00e8re les mains.<\/p>\n<p style=\"text-align: justify;\">\n<p style=\"text-align: justify;\">La station verticale, qui permet de voir plus loin, augmente consid\u00e9rablement l&rsquo;importance du sens visuel. Elle permet aussi l&rsquo;agrandissement du cr\u00e2ne. D\u00e9j\u00e0, chez les primates \u00e9volu\u00e9s qui ont inaugur\u00e9 la station bip\u00e8de, lorsqu&rsquo;ils sont descendus des arbres pour s&rsquo;enfoncer dans la savane, le cr\u00e2ne s&rsquo;\u00e9largit et les orbites deviennent parall\u00e8les. A partir de cette \u00e9volution du cr\u00e2ne, les hominiens pourront d\u00e9velopper la vision binoculaire st\u00e9r\u00e9oscopique. L&rsquo;\u00e9volution de la forme du cr\u00e2ne permettra l&rsquo;accroissement de son volume, donc \u00e9galement, du volume c\u00e9r\u00e9bral. La lib\u00e9ration de la main, l&rsquo;importance accrue des organes de l&rsquo;\u00e9quilibre et de la vue, ainsi que de la connaissance de l&rsquo;espace, contribueront \u00e0 l&rsquo;\u00e9panouissement du cerveau.<\/p>\n<p style=\"text-align: justify;\">\n<p style=\"text-align: justify;\">Pour les hommes primitifs, devenus bip\u00e8des \u00ab aux mains libres \u00bb et carnivores comme les singes anthropomorphes, la chasse semble avoir \u00e9t\u00e9 le premier moteur de leur \u00e9volution. L&rsquo;homme primitif apprendra \u00e0 lever le regard plus loin que le pr\u00e9sent en tenant compte du pass\u00e9. Il s&rsquo;organisera en bandes, d&rsquo;autant plus efficaces, que ses membres vont devoir coop\u00e9rer pour traquer le gros gibier. La fabrication d&rsquo;armes \u00e9l\u00e9mentaires, le d\u00e9but de la technique et une meilleure organisation sociale marqu\u00e8rent cette p\u00e9riode pr\u00e9historique. Les premi\u00e8res traces d&rsquo;activit\u00e9 humaine ne doivent pas mener \u00e0 surestimer une intellectualit\u00e9 d\u00e9butante, qui t\u00e9moigne surtout d&rsquo;une premi\u00e8re vie en soci\u00e9t\u00e9. Il est probable que les premiers outils ont fa\u00e7onn\u00e9 la main, que celle-ci a contribu\u00e9 au d\u00e9veloppement du cerveau et de ses connections et que ce d\u00e9veloppement c\u00e9r\u00e9bral a permis l&rsquo;\u00e9volution des techniques.<\/p>\n<p style=\"text-align: justify;\">\n<p style=\"text-align: justify;\">Le feu, invent\u00e9 il y a tr\u00e8s longtemps, n&rsquo;aura pas seulement une port\u00e9e alimentaire, mais contribuera aussi \u00e0 la s\u00e9curit\u00e9 nocturne du chasseur, tout en changeant la nature de son sommeil et de sa vigilance. Les chasseurs seront plus souvent en exp\u00e9dition, pendant que femme et enfants resteront dans l&rsquo;abri s\u00e9dentaire. La chasse va restructurer la soci\u00e9t\u00e9. La classe masculine sera dominante pendant des dizaines de mill\u00e9naires et la maternit\u00e9 retiendra les femmes aux abris. A l&rsquo;homme chasseur, dominant et explorateur va s&rsquo;opposer la femme tendre, pacifique et s\u00e9dentaire.<\/p>\n<p style=\"text-align: justify;\">\n<p style=\"text-align: justify;\">L&rsquo;organisation de la soci\u00e9t\u00e9 des hominiens chasseurs est probablement \u00e0 la base de la naissance de l&rsquo;\u00e9conomie, par la naissance d&rsquo;une premi\u00e8re forme de productivit\u00e9 et de consommation. Ce premier syst\u00e8me \u00e9conomique va augmenter la complexit\u00e9 sociale. La complexit\u00e9 croissante de l&rsquo;organisation sociale, n\u00e9cessitant toujours plus de communications, sera \u00e0 l&rsquo;origine d&rsquo;une \u00e9bauche du langage symbolique. Pour qu&rsquo;il y ait une possibilit\u00e9 de langage verbal, il fallait aussi des mutations g\u00e9n\u00e9tiques pour r\u00e9am\u00e9nager la bo\u00eete cr\u00e2nienne, augmenter les aptitudes acoustiques du cerveau et d\u00e9velopper dans ce dernier des centres du langage. Certains pal\u00e9ontologues estiment que la parole est n\u00e9e chez \u00ab l&rsquo;homo erectus \u00bb, dont les empreintes du cr\u00e2ne d\u00e9montrent clairement l&rsquo;existence des circonvolutions c\u00e9r\u00e9brales du langage humain.<\/p>\n<p style=\"text-align: justify;\">\n<p style=\"text-align: justify;\">A partir de ce moment, la complexification sociale augmente les besoins de communication, ceci dans des domaines toujours plus diversifi\u00e9s. D&rsquo;un syst\u00e8me de sons, on a d\u00fb passer \u00e0 un syst\u00e8me plus complexe avec formation de mots. Ce syst\u00e8me a beaucoup d&rsquo;analogies avec le code g\u00e9n\u00e9tique \u00e0 l&rsquo;aide duquel on peut combiner un tr\u00e8s grand nombre d&rsquo;\u00e9nonc\u00e9s. Il manque encore \u00e0 ce langage la logique de l&rsquo;imaginaire et des id\u00e9es abstraites, ce qui se d\u00e9veloppera chez le sapiens.<\/p>\n<p style=\"text-align: justify;\">\n<p style=\"text-align: justify;\">Quant \u00e0 la culture, elle na\u00eetra aussi de l&rsquo;enrichissement de la complexit\u00e9 sociale. La plus riche complexit\u00e9 de la soci\u00e9t\u00e9 hominienne a eu besoin, pour se maintenir et se d\u00e9velopper par la suite, d&rsquo;un ensemble d&rsquo;informations et de r\u00e8gles qui ne sont pas inn\u00e9es, mais acquises. A son tour, la culture enrichit la complexit\u00e9, sans quoi cette derni\u00e8re retomberait \u00e0 un niveau d&rsquo;organisation plus bas. Dans ce sens, la culture doit \u00eatre transmise et reproduite en chaque individu nouveau, au cours de sa p\u00e9riode d&rsquo;apprentissage, pour pouvoir perp\u00e9tuer la haute complexit\u00e9 sociale. Le code g\u00e9n\u00e9tique de l&rsquo;hominien d\u00e9velopp\u00e9 produit un cerveau dont les possibilit\u00e9s organisatrices deviennent de plus en plus aptes \u00e0 la culture.<\/p>\n<p style=\"text-align: justify;\">\n<p style=\"text-align: justify;\">La culture, dont on ne peut dissocier le cerveau, contient une information toujours plus riche. A l&rsquo;\u00e9volution biologique du cerveau se superpose une deuxi\u00e8me \u00e9volution socioculturelle, qui se sert du cerveau pour augmenter sa complexit\u00e9. L&rsquo;\u00e9volution socioculturelle prend le relais de l&rsquo;\u00e9volution biologique du cerveau, cette derni\u00e8re \u00e9volution culminant \u00e0 la naissance de l&rsquo;homo sapiens.<\/p>\n<p style=\"text-align: justify;\">\n<p style=\"text-align: justify;\">La complexification sociale exige de la part des cerveaux une connaissance toujours plus \u00e9tendue de l&rsquo;environnement et de la soci\u00e9t\u00e9, toujours plus de m\u00e9morisation, de possibilit\u00e9s associatives et d&rsquo;aptitudes \u00e0 prendre des d\u00e9cisions. Le petit cerveau des premiers hominiens arrive au maximum de ses potentialit\u00e9s. La pression pour une complexit\u00e9 accrue va favoriser toute mutation qui augmente \u00e0 son tour les potentialit\u00e9s du cerveau.<\/p>\n<p style=\"text-align: justify;\">\n<p style=\"text-align: justify;\">D\u00e8s lors se pose la question de savoir, comment l&rsquo;esp\u00e8ce humaine est pass\u00e9e du petit cerveau des hominiens au cerveau volumineux de l&rsquo;homo sapiens ? Qu&rsquo;en est-il des facteurs de mutation g\u00e9n\u00e9tique ayant favoris\u00e9 ce pas d\u00e9cisif du cerveau sapiens?<\/p>\n<p style=\"text-align: justify;\">\n<p style=\"text-align: justify;\">Retournons quelques milliards d&rsquo;ann\u00e9es en arri\u00e8re, lorsqu&rsquo;est apparue la vie sur notre plan\u00e8te. Les conditions physiques y \u00e9tant constamment changeantes, on con\u00e7oit que n&rsquo;importe quelle forme de vie ne peut se maintenir que si elle s&rsquo;adapte \u00e0 ces conditions changeantes. Or, la vie ne peut s&rsquo;adapter que si elle est capable d&rsquo;\u00e9voluer. La vie de chaque organisme, \u00e0 partir des bact\u00e9ries, d\u00e9pend des chromosomes, sans lesquels il n&rsquo;y a pas de vie sur terre. La condition de diversit\u00e9 de la vie est l&rsquo;instabilit\u00e9 de son mat\u00e9riel g\u00e9n\u00e9tique. Ce mat\u00e9riel doit \u00eatre susceptible de se modifier en permanence, donc de muter, pour qu&rsquo;apparaissent de nouvelles formes de vie permettant l&rsquo;\u00e9volution.<\/p>\n<p style=\"text-align: justify;\">\n<p style=\"text-align: justify;\">Rappelons que les acides nucl\u00e9iques (ou ADN) de chaque chromosome contiennent des millions de g\u00e8nes responsables de la multiplication des cellules, de la programmation qui dirige la diff\u00e9rentiation des tissus qui forment l&rsquo;organisme et de la synth\u00e8se de millions de prot\u00e9ines diff\u00e9rentes. Rappelons \u00e9galement que chaque ADN, pr\u00e9sent dans toutes les cellules du corps, contient le programme g\u00e9n\u00e9tique de tout l&rsquo;organisme. Le m\u00eame potentiel d&rsquo;\u00e9nergie se retrouve dans toutes les cellules d&rsquo;un m\u00eame organisme.<\/p>\n<p style=\"text-align: justify;\">\n<p style=\"text-align: justify;\">Tous les sp\u00e9cialistes des chromosomes (les cytog\u00e9n\u00e9ticiens) sont frapp\u00e9s par deux caract\u00e9ristiques de l&rsquo;\u00e9volution : elle produit une diversification prodigieuse des esp\u00e8ces et dans toutes les esp\u00e8ces, il y a grande similitude entre les diff\u00e9rentes structures de l&rsquo;ADN. L&rsquo;universalit\u00e9 dans le temps et dans l&rsquo;espace du mat\u00e9riel h\u00e9r\u00e9ditaire, de m\u00eame que l&rsquo;immense potentiel de variabilit\u00e9 de ce mat\u00e9riel entre les esp\u00e8ces, sont les deux principaux fondements de l&rsquo;\u00e9volution.<\/p>\n<p style=\"text-align: justify;\">\n<p style=\"text-align: justify;\">Sans les esp\u00e8ces, l&rsquo;\u00e9volution est impossible, de m\u00eame qu&rsquo;il existe une barri\u00e8re de reproduction entre les esp\u00e8ces diff\u00e9rentes, qui ne sont pas inter-f\u00e9condables. La clause de st\u00e9rilit\u00e9 entre esp\u00e8ces diff\u00e9rentes est essentielle \u00e0 l&rsquo;\u00e9volution. D&rsquo;autre part, il est prouv\u00e9 qu&rsquo;une ramification nouvelle n&rsquo;est possible que par mutation chromosomique. On avait toujours estim\u00e9 depuis Darwin que le processus \u00e9volutif \u00e9tait lent et s&rsquo;\u00e9talait sur des milliers de si\u00e8cles. Actuellement, on est d&rsquo;avis que la ramification qui produit une nouvelle esp\u00e8ce, doit \u00eatre un processus \u00ab \u00e9nergique \u00bb agissant en une ou deux g\u00e9n\u00e9rations.<\/p>\n<p style=\"text-align: justify;\">\n<p style=\"text-align: justify;\">Pour mieux comprendre la sp\u00e9ciation, deux sp\u00e9cialistes fran\u00e7ais de cytog\u00e9n\u00e9tique, Jean de Grouchy et Catherine Turleau, se sont demand\u00e9 si le secret du m\u00e9canisme ne pourrait \u00eatre d\u00e9couvert en dressant une carte tr\u00e8s pr\u00e9cise des chromosomes d&rsquo;esp\u00e8ces voisines. Gr\u00e2ce \u00e0 de toutes nouvelles techniques, ils ont \u00e9tudi\u00e9 depuis 1972 la carte des chromosomes du chimpanz\u00e9, du gorille et de l&rsquo;orang-outang, qu&rsquo;ils ont compar\u00e9e avec celle de l&rsquo;homme. Ils sont partis d&rsquo;une id\u00e9e \u00e9mise par de nombreux savants : notamment, qu&rsquo;il fallait des remaniements de chromosomes pour donner une esp\u00e8ce nouvelle.<\/p>\n<p style=\"text-align: justify;\">\n<p style=\"text-align: justify;\">On conna\u00eet deux types principaux de remaniements chromosomiques : d&rsquo;une part, l&rsquo;inversion p\u00e9ricentrique ou inversion d&rsquo;un morceau de chromosome; d&rsquo;autre part, la fusion chromosomique. Ce qui a surtout int\u00e9ress\u00e9 ces deux chercheurs pr\u00e9cit\u00e9s, c&rsquo;est la fusion chromosomique. Un premier mode de fusion \u00e9tait d\u00e9j\u00e0 connu dans maintes esp\u00e8ces animales et en pathologie humaine, notamment la fusion des centrom\u00e8res. Le centrom\u00e8re est la partie centrale d&rsquo;un chromosome. Par fusion entrom\u00e9trique, on comprend une cassure au centre du chromosome suivie d&rsquo;un recollement par les centrom\u00e8res avec le chromosome voisin.<\/p>\n<p style=\"text-align: justify;\">\n<p style=\"text-align: justify;\">La grande d\u00e9couverte \u2014 apr\u00e8s \u00e9tude des diff\u00e9rentes cartes de chromosomes \u2014 fut, chez l&rsquo;homme, la fusion entre deux extr\u00e9mit\u00e9s de chromosomes. Cette fusion n&rsquo;a \u00e9t\u00e9 \u2014 jusqu&rsquo;ici \u2014 r\u00e9alis\u00e9e qu&rsquo;une seule fois d&rsquo;apr\u00e8s de Grouchy, et notamment sur le chromosome n\u00b0 2 de l&rsquo;homme seul et ceci dans toutes les races d&rsquo;hommes existant sur terre. Cette fusion de type particulier expliquerait le passage de 48 chromosomes chez les primates \u00e9volu\u00e9s \u00e0 46 chez l&rsquo;homo sapiens.<\/p>\n<p style=\"text-align: justify;\">\n<p style=\"text-align: justify;\">La mutation en homo sapiens serait donc due \u00e0 une aberration chromosomique, ce qui ne peut \u00eatre interpr\u00e9t\u00e9 comme si l&rsquo;homme \u00e9tait une aberration de la nature. En effet, il est prouv\u00e9 que le remaniement chromosomique est le plus souvent d\u00e9favorable en produisant des anormaux ou en favorisant l&rsquo;avortement spontan\u00e9. N\u00e9anmoins, il peut \u00eatre favorable dans des conditions rares de consanguinit\u00e9 et encore plus rares lorsqu&rsquo;il s&rsquo;agit d&rsquo;un ovule \u00e0 deux noyaux f\u00e9cond\u00e9s par deux spermatozo\u00efdes, donnant de vrais jumeaux de deux sexes diff\u00e9rents. Il faut encore en plus que cette fusion chromosomique par les deux extr\u00e9mit\u00e9s ait eu lieu dans les conditions pr\u00e9cit\u00e9es, ce qui expliquerait la raret\u00e9 de l&rsquo;homme dans l&rsquo;Univers. D&rsquo;apr\u00e8s cette nouvelle th\u00e9orie, qui n&rsquo;a pas fait plus de bruit qu&rsquo;un banal fait divers, on peut affirmer l&rsquo;existence d&rsquo;Adam et \u00c8ve, comme couple unique \u00e0 l&rsquo;origine de l&rsquo;homo sapiens<a href=\"#_ftn1\">[1]<\/a>.<\/p>\n<p style=\"text-align: justify;\">\n<p style=\"text-align: justify;\">Apr\u00e8s cette mutation, le cerveau a pu augmenter consid\u00e9rablement ses potentialit\u00e9s par l&rsquo;augmentation du nombre des neurones et des interconnections. Le n\u00e9ocortex est pass\u00e9 de 2 \u00e0 10 milliards de neurones, si on compare le cerveau des primates \u00e9volu\u00e9s \u00e0 celui de l&rsquo;homme. De 2<sup>31<\/sup>, on est pass\u00e9 \u00e0 2<sup>33<\/sup> neurones. Les g\u00e9n\u00e9ticiens sont d&rsquo;avis que le passage de 48 chromosomes chez les primates sup\u00e9rieurs \u00e0 46 chromosomes chez l&rsquo;homo sapiens \u2014 avec le remaniement des g\u00e8nes qui accompagne n\u00e9cessairement une mutation chromosomique \u2014 est \u00e0 la base des deux multiplications suppl\u00e9mentaires qui aboutissent au nombre de 10 milliards de neurones. Ces neurones suppl\u00e9mentaires sont situ\u00e9s principalement dans les nouvelles zones tertiaires du n\u00e9ocortex et, dans une moindre mesure, dans les zones secondaires de ce m\u00eame cortex.<\/p>\n<p style=\"text-align: justify;\">\n<p style=\"text-align: justify;\">Quant au nombre des connections inter-neuronales dans le nouveau cerveau, on l&rsquo;estime entre 10.000 et 100.000 milliards. Si l&rsquo;on voulait construire un ordinateur, travaillant avec la complexit\u00e9 d&rsquo;un seul cerveau humain, on devrait utiliser une \u00e9nergie \u00e9gale \u00e0 celle fournie par l&rsquo;ensemble des centrales \u00e9lectriques d&rsquo;Europe occidentale. Si l&rsquo;on devait chercher un emplacement pour ce m\u00eame ordinateur, la surface de la terre serait \u00e0 peine suffisante. Si l&rsquo;on consid\u00e8re les 1000 \u00e0 10.000 signaux qui \u2014 par seconde \u2014 traversent le cerveau et si, par hypoth\u00e8se, \u00e0 chaque nouvelle seconde, de nouvelles connections devaient se r\u00e9aliser dans un m\u00eame cerveau, il faudrait trente \u00e0 trois cents ans, avant que toutes les connections puissent \u00eatre r\u00e9alis\u00e9es dans ce seul cerveau. Ainsi, on ne s&rsquo;\u00e9tonne plus d&rsquo;entendre dire que l&rsquo;homme n&rsquo;utilise qu&rsquo;une petite partie des connections possibles dans son grand cerveau.<\/p>\n<p style=\"text-align: justify;\">\n<p style=\"text-align: justify;\">Ce qu&rsquo;il faut savoir \u00e9galement, c&rsquo;est qu&rsquo;\u00e0 la naissance du b\u00e9b\u00e9 humain, tous les neurones sont en place et que les connections vont s&rsquo;\u00e9tablir progressivement dans les ann\u00e9es qui suivent. Ici intervient le r\u00f4le capital de la relation avec l&rsquo;environnement, donc de l&rsquo;apprentissage. Le cerveau se d\u00e9veloppe dans un ordre rigoureux, allant du simple au complexe. Le cerveau passe par des p\u00e9riodes sensibles \u00e0 certains apprentissages; p\u00e9riodes qui ne peuvent \u00eatre escamot\u00e9es par l&rsquo;individu, sous peine d&rsquo;handicaps insurmontables. On comprend mieux l&rsquo;hypercomplexit\u00e9 du cerveau humain, lorsqu&rsquo;on pense \u00e0 l&rsquo;extraordinaire r\u00e9organisation de ce nouveau cerveau.<\/p>\n<p style=\"text-align: justify;\">\n<p style=\"text-align: justify;\">Il importe aussi de rappeler l&rsquo;existence chez l&rsquo;homme, de plusieurs cerveaux \u00ab superpos\u00e9s \u00bb. En effet, dans les profondeurs du cerveau humain, on retrouve la trace du cerveau interm\u00e9diaire des premiers vert\u00e9br\u00e9s, du rhinenc\u00e9phale reptilien, du n\u00e9ocortex des mammif\u00e8res. Les zones tertiaires humaines viennent compl\u00e9ter ce cerveau dont l&rsquo;origine remonte \u00e0 300 millions d&rsquo;ann\u00e9es. Lors de la formation embryonale du cerveau, celui-ci parcourt en huit mois, ce que l&rsquo;\u00e9volution des esp\u00e8ces a effectu\u00e9 pendant plus de 300 millions d&rsquo;ann\u00e9es.<\/p>\n<p style=\"text-align: justify;\">\n<p style=\"text-align: justify;\">Si l&rsquo;on \u00e9tudie le d\u00e9veloppement de la personnalit\u00e9 dans l&rsquo;enfance de l&rsquo;homme, on constate que le d\u00e9veloppement psychologique de la naissance \u00e0 l&rsquo;adolescence, a d\u00fb \u00eatre assimil\u00e9 laborieusement pendant des mill\u00e9naires par les anc\u00eatres de l&rsquo;esp\u00e8ce. Dans cette perspective, on ne peut isoler les diff\u00e9rentes fonctions psychiques, mais il faut int\u00e9grer les phases successives toujours plus complexes de la croissance psychique. A la naissance, il est un ensemble de r\u00e9flexes et d&rsquo;\u00e9motions primaires. Sa maturation commence avec la relation, avec l&rsquo;exp\u00e9rience. Au d\u00e9but, le rhinenc\u00e9phale est ma\u00eetre; par apr\u00e8s, le n\u00e9ocortex aura son mot \u00e0 dire. Au d\u00e9but, le sujet est essentiellement d\u00e9sir, li\u00e9 \u00e0 son objet. Puis l&rsquo;enfant commence \u00e0 explorer son environnement. Vers 1 an se constitue l&rsquo;image de soi et d&rsquo;autrui.<\/p>\n<p style=\"text-align: justify;\">\n<p style=\"text-align: justify;\">Vers l&rsquo;\u00e2ge de 2 ans, les zones tertiaires du cortex se structurent progressivement par r\u00e9sonance avec les zones secondaires de l&rsquo;apprentissage. C&rsquo;est l&rsquo;apparition du langage ou la verbalisation de l&rsquo;existence. L&rsquo;enfant sort de sa pr\u00e9histoire. Pouvant penser en parlant, il cr\u00e9era sa propre histoire. Il arrive \u00e0 dire \u00ab je \u00bb et se constitue en \u00ab personne \u00bb. Bient\u00f4t, il se d\u00e9couvre comme \u00ab personne \u00bb sexu\u00e9e. C&rsquo;est l&rsquo;\u00e9poque des premiers conflits affectifs, des premiers interdits. Entre 4 et 7 ans, il oublie pour quelques temps les conflits affectifs pour former sa raison. Il arrive \u00e0 une meilleure repr\u00e9sentation du r\u00e9el.<\/p>\n<p style=\"text-align: justify;\">\n<p style=\"text-align: justify;\">Puis, vont s&rsquo;organiser progressivement les op\u00e9rations logiques et les pens\u00e9es abstraites. D\u00e9duction et synth\u00e8se vont \u00e9toffer le raisonnement et le jugement. L&rsquo;enfant se met \u00e0 discuter et \u00e0 observer les contradictions des adultes. Les aptitudes intellectuelles vont se moduler par les acquisitions culturelles. Alors, s&rsquo;\u00e9bauche la conception du monde sous forme de projets et d&rsquo;id\u00e9aux. Le comportement de l&rsquo;enfant est de plus en plus int\u00e9gr\u00e9 aux valeurs sociales. Puis arrive la p\u00e9riode de crise pubertaire, o\u00f9 l&rsquo;enfant essaie de sortir de sa solitude affective, o\u00f9 son agressivit\u00e9 se d\u00e9veloppe lorsque l&rsquo;entourage n&rsquo;est pas \u00e0 l&rsquo;\u00e9coute.<\/p>\n<p style=\"text-align: justify;\">\n<p style=\"text-align: justify;\">L&rsquo;adolescence exasp\u00e8re le go\u00fbt de la libert\u00e9 et de l&rsquo;ind\u00e9pendance. L&rsquo;adolescent est press\u00e9 de faire son entr\u00e9e dans le monde, de s&rsquo;affirmer et de r\u00e9aliser de grands projets. Tout doucement, il cr\u00e9e lui-m\u00eame son histoire et s&rsquo;engage dans un destin personnel.<\/p>\n<p style=\"text-align: justify;\">\n<p style=\"text-align: justify;\">Ainsi, en \u00e9tudiant le d\u00e9veloppement du cerveau actuel pendant l&rsquo;enfance on voit se dessiner une double histoire : la plus longue, celle de l&rsquo;esp\u00e8ce; la plus courte, celle de la personne. Le cerveau de l&rsquo;esp\u00e8ce sapiens contenait autant de neurones que le cerveau de l&rsquo;homme moderne. Ainsi, les Papous ou autres peuplades primitives poss\u00e8dent le cerveau sapiens, mais utilisent tr\u00e8s peu les nouvelles zones de leur cerveau. Ils vivent encore la pr\u00e9histoire du cerveau. Le nouveau cerveau, dans les peuplades plus \u00e9volu\u00e9es au point de vue socioculturel, utilise davantage ses nouvelles ressources et tend \u00e0 l&rsquo;hyper-complexification.<\/p>\n<p style=\"text-align: justify;\">\n<p style=\"text-align: justify;\">Le cerveau reste, n\u00e9anmoins, \u00e0 la fois en avance et en retard. En avance par des aptitudes non exploit\u00e9es, en retard par l&rsquo;absence de dispositifs de plus en plus n\u00e9cessaires. L&rsquo;\u00e9volution socioculturelle permettra de r\u00e9aliser quelques potentialit\u00e9s \u00e0 travers les si\u00e8cles. C&rsquo;est pourquoi nous revenons aux hominiens, en devenir de \u00ab sapiens \u00bb.<\/p>\n<p style=\"text-align: justify;\">\n<p style=\"text-align: justify;\">En \u00e9tudiant le cerveau \u00ab sapiens \u00bb, on constate que les progr\u00e8s de la c\u00e9r\u00e9bralisation sont indissociables de ceux de la juv\u00e9nilisation ou de la prolongation de la p\u00e9riode de l&rsquo;enfance. Cette prolongation correspond \u00e0 un ralentissement de la croissance et de la maturation du cerveau. La prolongation de l&rsquo;enfance permet donc la poursuite de l&rsquo;organisation du cerveau en relation \u00e9troite avec les stimulations de l&rsquo;environnement. Cette prolongation de la jeunesse est favorable \u00e0 l&rsquo;aptitude c\u00e9r\u00e9brale \u00e0 apprendre et \u00e0 l&rsquo;acquisition d&rsquo;un bagage intellectuel et culturel important. Elle permet aussi d&rsquo;int\u00e9grer le socioculturel dans les cerveaux.<\/p>\n<p style=\"text-align: justify;\">\n<p style=\"text-align: justify;\">On ne peut plus dissocier \u00e9volution biologique et socioculturelle. Ce sont les deux p\u00f4les \u2014 en interrelation \u2014 de l&rsquo;\u00e9volution hominisante. Ici, intervient la logique de la n\u00e9guentropie, avec sa tendance de syst\u00e8me auto-organis\u00e9, \u00e0 utiliser les forces de d\u00e9sorganisation et de d\u00e9sordre, pour d\u00e9velopper sa propre organisation et accro\u00eetre la complexit\u00e9. Chacun des termes du syst\u00e8me c\u00e9r\u00e9bral g\u00e9n\u00e9tique et socioculturel renvoie \u00e0 l&rsquo;autre, mais ne peut \u00eatre pens\u00e9 comme la fin de l&rsquo;autre. Dans la totalit\u00e9 de ce syst\u00e8me, le cerveau est le carrefour de toutes les interrelations. Le cerveau est le point de divergence et de convergence de la formidable aventure humaine.<\/p>\n<p style=\"text-align: justify;\">\n<p style=\"text-align: justify;\">Si nous reprenons la loi de complexit\u00e9-conscience, tellement importante d&rsquo;apr\u00e8s Teilhard, pour l&rsquo;homo sapiens, on retrouve la trace de la premi\u00e8re conscience \u00ab sapiens \u00bb lors de l&rsquo;invention de la s\u00e9pulture. Les premi\u00e8res s\u00e9pultures \u2014 d&rsquo;il y a quelque cinquante mille ans \u2014 t\u00e9moignent d&rsquo;un d\u00e9but d&rsquo;interrogation sur la signification de la mort et marquent probablement le d\u00e9but de la \u00ab prise de conscience \u00bb. A partir de ce moment, l&rsquo;imaginaire fera irruption dans la perception du r\u00e9el.<\/p>\n<p style=\"text-align: justify;\">\n<p style=\"text-align: justify;\">Chez le sapiens, va \u00e9merger une double conscience par interaction entre une conscience objective qui admet la mortalit\u00e9 et une conscience subjective qui refuse la mort et affirme l&rsquo;immortalit\u00e9, tout en essayant de r\u00e9soudre ce refus par le mythe et la magie. Ici, s&rsquo;amorce la dualit\u00e9 du sujet et de l&rsquo;objet que toutes les philosophies vont essayer d&rsquo;approfondir.<\/p>\n<p style=\"text-align: justify;\">\n<p style=\"text-align: justify;\">Na\u00eetra \u00e9galement l&rsquo;art pictural, qui sera le premier langage symbolique, une premi\u00e8re production de l&rsquo;esprit peupl\u00e9 d&rsquo;images et d&rsquo;id\u00e9es. Tout objet \u2014 par le langage gestuel, pictural ou verbal \u2014 acquiert une existence mentale. Les \u00eatres et les objets de l&rsquo;environnement vont exister pour la seconde fois dans l&rsquo;esprit et hors de la perception, sous forme d&rsquo;image mentale qui est le double de l&rsquo;image rem\u00e9mor\u00e9e. Ainsi, l&rsquo;\u00eatre cr\u00e9era une liaison imaginaire avec le monde.<\/p>\n<p style=\"text-align: justify;\">\n<p style=\"text-align: justify;\">Ce qui devient crucial chez le \u00ab sapiens \u00bb, c&rsquo;est l&rsquo;incertitude de la relation entre le cerveau et le milieu. Incertitude qui augmente au fur et \u00e0 mesure que les programmes g\u00e9n\u00e9tiques r\u00e9gressent et que l&rsquo;homme devient plus apte \u00e0 r\u00e9soudre les probl\u00e8mes de connaissance et de d\u00e9cision. Le cerveau doit interpr\u00e9ter une s\u00e9rie de messages ambigus et r\u00e9duire l&rsquo;incertitude par des op\u00e9rations logiques. Ici, commence le combat entre l&rsquo;erreur de jugement et la conviction de poss\u00e9der la v\u00e9rit\u00e9. Un combat toujours actuel et amplifi\u00e9 lorsqu&rsquo;on s&rsquo;aper\u00e7oit que l&rsquo;homme plus que jamais a tendance \u00e0 vouloir \u00ab avoir raison \u00bb. En effet, incertitude entre cerveau et environnement signifie incertitude entre subjectivit\u00e9 et objectivit\u00e9, entre l&rsquo;imaginaire et le r\u00e9el. C&rsquo;est dans cette zone d&rsquo;ins\u00e9curit\u00e9 que circulent les croyances et les fantasmes.<\/p>\n<p style=\"text-align: justify;\">\n<p style=\"text-align: justify;\">Au fur et \u00e0 mesure que l&rsquo;interrelation \u2014 donc la complexit\u00e9 \u2014 augmente, au plus le cerveau de l&rsquo;homme est confront\u00e9 avec le choix de la bonne d\u00e9cision; au plus l&rsquo;individu aussi risque-t-il d&rsquo;\u00eatre d\u00e9chir\u00e9 entre ce qu&rsquo;il d\u00e9sire pour lui-m\u00eame et ce que veulent les autres. Par ce conflit entre l&rsquo;instinct et besoins rhinenc\u00e9phaliques d&rsquo;une part, contraintes et exigences provenant du milieu d&rsquo;autre part, se d\u00e9veloppera chez le \u00ab sapiens \u00bb une d\u00e9mesure de l&rsquo;affectivit\u00e9, telle qu&rsquo;on ne la rencontre pas chez les animaux. En effet, l&rsquo;homme seul peut rire aux larmes et hurler son d\u00e9sespoir; jamais avant le \u00ab sapiens \u00bb, la gaiet\u00e9 et la tristesse n&rsquo;ont connu une telle intensit\u00e9 ni instabilit\u00e9. A croire que seul le \u00ab sapiens \u00bb est capable de purger ses angoisses en laissant une place importante \u00e0 la f\u00eate, la danse, la jouissance, l&rsquo;ivresse, l&rsquo;extase.<\/p>\n<p style=\"text-align: justify;\">\n<p style=\"text-align: justify;\">Il y a \u00e9galement, au cours de l&rsquo;\u00e9volution, un contr\u00f4le mal assur\u00e9 de l&rsquo;agressivit\u00e9. Nulle part, avant l&rsquo;homme de Neandertal, on ne retrouve les terribles d\u00e9cha\u00eenements de la violence, les guerres, les carnages et les g\u00e9nocides, qu&rsquo;ont connus les diff\u00e9rentes civilisations de \u00ab sapiens \u00bb plut\u00f4t \u00ab d\u00e9mens\u00a0\u00bb.<\/p>\n<p style=\"text-align: justify;\">\n<p style=\"text-align: justify;\">En m\u00eame temps, le r\u00e8gne de l&rsquo;homo dit \u00ab sapiens \u00bb correspond \u00e0 l&rsquo;introduction g\u00e9n\u00e9rale du d\u00e9sordre dans le monde. On retrouvera l&rsquo;ordre dans la culture et la soci\u00e9t\u00e9, qui essaieront \u00e0 leur tour d&rsquo;endiguer le d\u00e9sordre qui est \u00e0 base, surtout, d&rsquo;incessantes luttes pour le pouvoir. L&rsquo;homme est encore toujours d\u00e9pass\u00e9 par son nouveau cerveau, qu&rsquo;il a \u00e9norm\u00e9ment de peine \u00e0 bien utiliser.<\/p>\n<p style=\"text-align: justify;\">\n<p style=\"text-align: justify;\">Il semble \u00e9tabli que la cr\u00e9ativit\u00e9, l&rsquo;originalit\u00e9, l&rsquo;intelligence de l&rsquo;homme aient la m\u00eame source que le d\u00e9r\u00e8glement et le d\u00e9sordre, et que tout proc\u00e8de de l&rsquo;accroissement prodigieux du cerveau. Si un certain d\u00e9sordre est tol\u00e9r\u00e9 dans les organes qui composent l&rsquo;\u00eatre vivant, physiquement tellement r\u00e9sistant, on constate que le d\u00e9sordre peut s&rsquo;accro\u00eetre consid\u00e9rablement dans ce syst\u00e8me hypercomplexe, qu&rsquo;est le cerveau humain. Plus le cerveau est complexe, moins il subit la contrainte des programmes g\u00e9n\u00e9tiques, par contre, est-il plus au centre de strat\u00e9gies comp\u00e9titives et augmente d&rsquo;autant plus ses aptitudes d&rsquo;organisation et de changement.<\/p>\n<p style=\"text-align: justify;\">\n<p style=\"text-align: justify;\">Le cerveau est polycentrique, sans qu&rsquo;un centre ne domine l&rsquo;autre. La constitution des nouvelles zones corticales et la mise en relation de centres, jusqu&rsquo;alors non interconnect\u00e9s, vont permettre la r\u00e9organisation et l&rsquo;accroissement en complexit\u00e9 du cerveau. Ce dernier sera apte \u00e0 programmer, \u00e0 trouver une solution, \u00e0 choisir et \u00e0 d\u00e9cider, \u00e0 inventer et \u00e0 cr\u00e9er.<\/p>\n<p style=\"text-align: justify;\">L&rsquo;organisation c\u00e9r\u00e9brale est g\u00e9n\u00e9tiquement d\u00e9termin\u00e9e et l&rsquo;organisation de la pens\u00e9e a besoin de l&rsquo;exp\u00e9rience sensible et sensorielle pour s&rsquo;actualiser en relation avec l&rsquo;environnement et la culture. N\u00e9anmoins persiste, entre le cerveau humain et son environnement, un foss\u00e9 que l&rsquo;homme essaie de combler par l&rsquo;exp\u00e9rience culturelle et l&rsquo;apprentissage. En effet, il n&rsquo;y a pas d&rsquo;ad\u00e9quation entre le cerveau et l&rsquo;environnement, car le cerveau ne poss\u00e8de pas de dispositif, qui lui permette de distinguer les stimulations internes de celles qui viennent de l&rsquo;int\u00e9rieur.<\/p>\n<p style=\"text-align: justify;\">\n<p style=\"text-align: justify;\">Pour distinguer le r\u00eave de l&rsquo;\u00e9tat de veille, l&rsquo;hallucination de la perception objective, l&rsquo;imaginaire de la r\u00e9alit\u00e9, le subjectif de l&rsquo;objectif, le cerveau psychique essaie de r\u00e9soudre l&rsquo;ambigu\u00eft\u00e9 en faisant appel au contr\u00f4le de l&rsquo;environnement et au contr\u00f4le cortical de la m\u00e9moire et de la logique. Un temps de v\u00e9rification est n\u00e9cessaire et finalement, c&rsquo;est la pratique qui donne des r\u00e9ponses souvent floues et incertaines. Une br\u00e8che demeure entre le cerveau et le monde des ph\u00e9nom\u00e8nes, que comblent tant bien que mal les croyances, les magies, les id\u00e9ologies rationnalisatrices.<\/p>\n<p style=\"text-align: justify;\">\n<p style=\"text-align: justify;\">Ainsi l&rsquo;illusion, l&rsquo;erreur et le d\u00e9sordre vont accompagner l&rsquo;activit\u00e9 pensante, pour essayer de refermer la br\u00e8che d&rsquo;incertitude. Referm\u00e9 sur lui-m\u00eame est l&rsquo;esprit, lorsqu&rsquo;il se lance dans les id\u00e9ologies qui se fabriquent leur propre preuve. Ind\u00e9finiment ouvert est l&rsquo;esprit lorsque, tout en se sachant condamn\u00e9 \u00e0 la connaissance inachev\u00e9e, il se voue \u00e0 la recherche de la v\u00e9rit\u00e9.<\/p>\n<p style=\"text-align: justify;\">\n<p style=\"text-align: justify;\">Depuis peu de temps, de nombreux savants, avides de connaissance, aid\u00e9s par d&rsquo;extraordinaires d\u00e9couvertes scientifiques, se sont vou\u00e9s \u00e0 la recherche de la v\u00e9rit\u00e9 du cerveau. Ils ont r\u00e9fl\u00e9chi au niveau de cette recherche et ont \u00e9chang\u00e9 leur nouveau savoir au profit d&rsquo;une meilleure compr\u00e9hension du fonctionnement de l&rsquo;esprit pensant. Comment la pens\u00e9e, se sont-ils demand\u00e9s, s&rsquo;est-elle d\u00e9velopp\u00e9e dans le cerveau sapiens ? D&rsquo;une part, on a mieux cern\u00e9 le fonctionnement des zones tertiaires du n\u00e9ocortex et le r\u00f4le du cortex pr\u00e9frontal sp\u00e9cifiquement humain; d&rsquo;autre part, on a essay\u00e9 d&rsquo;\u00e9lucider le sens de l&rsquo;asym\u00e9trie fonctionnelle des deux h\u00e9misph\u00e8res c\u00e9r\u00e9braux chez l&rsquo;homo sapiens.<\/p>\n<p style=\"text-align: justify;\">\n<p style=\"text-align: justify;\">Par analogie avec la th\u00e9orie vibratoire, on parle de la pens\u00e9e, sous forme d&rsquo;un \u00ab courant de pens\u00e9e \u00bb, mis en action par des diff\u00e9rences de potentiel qui surgissent entre les sources \u00e9nerg\u00e9tiques des neurones de l&rsquo;\u00e9corce c\u00e9r\u00e9brale. On se repr\u00e9sente mieux le courant de pens\u00e9e en se r\u00e9f\u00e9rant \u00e0 un p\u00f4le d&rsquo;impression qui assimile les informations du milieu et ensuite la partie expressive de cette pens\u00e9e qui d\u00e9bouche dans une s\u00e9rie de r\u00e9alisations et d&rsquo;actions r\u00e9fl\u00e9chies.<\/p>\n<p style=\"text-align: justify;\">\n<p style=\"text-align: justify;\">La pens\u00e9e puise ses premi\u00e8res informations dans la perception, tant sensitive que sensorielle. Ensuite se produit la reconnaissance \u00e0 base de m\u00e9morisation dans les zones secondaires ce qui donne une s\u00e9rie d&rsquo;images bien structur\u00e9es dans le domaine de la perception du corps et au niveau audiovisuel. Toutes les images, toutes les id\u00e9es sont finalement trait\u00e9es de mani\u00e8re s\u00e9lective dans les zones tertiaires sensorielles. Dans ces deuxi\u00e8me et troisi\u00e8me zones s&rsquo;int\u00e8gre \u00e9galement la compr\u00e9hension du langage verbal, pictural et gestuel.<\/p>\n<p style=\"text-align: justify;\">\n<p style=\"text-align: justify;\">Apr\u00e8s ce travail de s\u00e9lection, le courant de pens\u00e9e se d\u00e9place vers la zone tertiaire de l&rsquo;\u00e9corce pr\u00e9frontale, lieu principal pour le d\u00e9veloppement des capacit\u00e9s d&rsquo;invention et de synth\u00e8se dans le cerveau sp\u00e9cifiquement \u00ab sapiens \u00bb. Ensuite, le courant se d\u00e9place vers les zones secondaires du lobe frontal qui pr\u00e9sident aux \u00ab praxies \u00bb ou activit\u00e9s et actions rendues possibles apr\u00e8s des ann\u00e9es d&rsquo;apprentissage. Ici, l&rsquo;on peut situer la \u00ab volont\u00e9 \u00bb ou la capacit\u00e9 de pers\u00e9v\u00e9rer et voir aboutir le courant pens\u00e9e dans les zones primaires motrices, qui donnent l&rsquo;impulsion finale \u00e0 nos actes.<\/p>\n<p style=\"text-align: justify;\">\n<p style=\"text-align: justify;\">Ainsi, on explique le courant de pens\u00e9e \u00e0 partir d&rsquo;un concept de r\u00e9sonance et d&rsquo;interconnections successives dans diverses zones du n\u00e9ocortex. Le courant de pens\u00e9e humaine s&rsquo;ins\u00e8re dans l&rsquo;axe de la personnalit\u00e9, est sujet \u00e0 diff\u00e9rentes influences et pressions du milieu et subit de nombreux imp\u00e9ratifs de notre sph\u00e8re instinctive et affective. Chez l&rsquo;homme seulement, il existe un v\u00e9ritable contr\u00f4le et une r\u00e9gulation de l&rsquo;affectivit\u00e9 au niveau des zones tertiaires, surtout frontales, du n\u00e9ocortex. Ce dispositif de r\u00e9gulation frontale est rest\u00e9 tr\u00e8s fragile, \u00e9tant facilement d\u00e9r\u00e9gl\u00e9 sous la pouss\u00e9e affective. Il faut en tenir compte lorsqu&rsquo;on envisage l&rsquo;avenir du cerveau.<\/p>\n<p style=\"text-align: justify;\">\n<p style=\"text-align: justify;\">Mais reprenons ce qu&rsquo;il y a de sp\u00e9cifiquement humain dans le courant de pens\u00e9e, en p\u00e9n\u00e9trant mieux dans le fonctionnement des zones secondaires et tertiaires. Une grande partie des images sensibles et sensorielles per\u00e7ues par le cerveau dispara\u00eet presqu&rsquo;instantan\u00e9ment, tandis qu&rsquo;une infime partie est pr\u00e9lev\u00e9e en vue d&rsquo;une mise en m\u00e9moire plus longue dans les zones secondaires. De cette accumulation d&rsquo;exp\u00e9riences pass\u00e9es, grandement li\u00e9e \u00e0 nos capacit\u00e9s d&rsquo;int\u00e9r\u00eat et \u00e0 nos besoins affectifs, d\u00e9pendra la construction de la personnalit\u00e9 psychique.<\/p>\n<p style=\"text-align: justify;\">\n<p style=\"text-align: justify;\">De m\u00eame que la reconnaissance est pr\u00e9lev\u00e9e sur les images, qu&rsquo;auparavant les zones primaires avaient per\u00e7ues, de m\u00eame les images m\u00e9moris\u00e9es sont soumises \u00e0 une s\u00e9lection de la part des zones tertiaires du cortex sensoriel. Chaque individu, \u00e0 sa mani\u00e8re, personnalise ses connaissances et retient, avant tout, ce qui l&rsquo;int\u00e9resse. A partir d&rsquo;affinit\u00e9s individuelles \u2014 int\u00e9gr\u00e9es dans l&rsquo;exp\u00e9rience personnelle et la relation avec autrui \u2014 va s&rsquo;op\u00e9rer la s\u00e9lection et le travail de symbolisation, cette derni\u00e8re se d\u00e9veloppant surtout dans la sph\u00e8re visuelle et auditive. Ici, l&rsquo;abstraction est port\u00e9e \u00e0 un degr\u00e9 \u00e9lev\u00e9 et s&rsquo;op\u00e8re une v\u00e9ritable synth\u00e8se psychologique avec mise en r\u00e9serve des solutions d\u00e9j\u00e0 accept\u00e9es. Il semble \u00e9tabli que cette synth\u00e8se \u2014 au d\u00e9part des zones de s\u00e9lection \u2014 se fasse en r\u00e9sonance avec le cortex pr\u00e9frontal.<\/p>\n<p style=\"text-align: justify;\">\n<p style=\"text-align: justify;\">Ainsi, la cr\u00e9ation artistique dans le domaine musical, se fait-elle par r\u00e9sonance entre la s\u00e9lection auditive et la zone pr\u00e9frontale de l&rsquo;invention. La cr\u00e9ation picturale rel\u00e8ve d&rsquo;une r\u00e9sonance entre la zone tertiaire visuelle et celle du lobe frontal. La zone tertiaire, \u00e0 la fine pointe du cerveau frontal humain, est responsable de l&rsquo;invention, du sens de l&rsquo;initiative et d&rsquo;une meilleure possibilit\u00e9 d&rsquo;abstraction. A travers le jeu des associations d&rsquo;id\u00e9es, cette zone du cerveau assure les qualit\u00e9s intellectuelles d&rsquo;initiative dans un but d&rsquo;efficacit\u00e9. Il y a aussi n\u00e9cessairement r\u00e9sonance avec quantit\u00e9 d&rsquo;images charg\u00e9es d&rsquo;affectivit\u00e9. Les relations \u00e9troites entre le rhinenc\u00e9phale affectif et l&rsquo;\u00e9corce pr\u00e9frontale ont \u00e9t\u00e9 d\u00e9montr\u00e9es, sans laisser place \u00e0 l&rsquo;\u00e9quivoque, en pathologie mentale. L&rsquo;invention est plus intellectuelle que l&rsquo;initiative en ce sens qu&rsquo;elle se compla\u00eet dans le choc des images et des id\u00e9es. Il y a l\u00e0 tout un travail pr\u00e9paratoire, avant de d\u00e9boucher sur une solution qui met fin au sentiment de curiosit\u00e9. Une fois invent\u00e9e, la chose perd une grande partie de son int\u00e9r\u00eat pour l&rsquo;auteur.<\/p>\n<p style=\"text-align: justify;\">\n<p style=\"text-align: justify;\">A partir des zones de l&rsquo;invention et de la programmation du futur, le courant de pens\u00e9e se prolonge dans les zones secondaires du lobe frontal. Ici se situe la volont\u00e9 dans son aspect de pers\u00e9v\u00e9ration. Cette fonction a \u00e9t\u00e9 quelque peu oubli\u00e9e par les psychologues et les psychoth\u00e9rapeutes qui ont trop mis l&rsquo;accent sur l&rsquo;instinct et le subconscient qui nous guident&#8230; ou par lesquels il est plus facile de se laisser guider par une sorte de d\u00e9terminisme ou de fatalisme. La notion d&rsquo;effort intervient au niveau du choix des id\u00e9es et du maintien d&rsquo;une certaine direction. La volont\u00e9 doit cr\u00e9er des habitudes par des efforts r\u00e9p\u00e9t\u00e9s, ce qui est \u00e0 la base de tout apprentissage.<\/p>\n<p style=\"text-align: justify;\">\n<p style=\"text-align: justify;\">Passons rapidement sur le probl\u00e8me de la sp\u00e9cialisation du cerveau \u00ab sapiens \u00bb, avec son fonctionnement asym\u00e9trique. En effet, partout dans le monde, on s&rsquo;interroge sur le sens de cette asym\u00e9trie typiquement humaine entre le cerveau de gauche et de droite. Le d\u00e9veloppement important de la fonction manuelle a d\u00fb \u00eatre \u00e0 l&rsquo;origine d&rsquo;une sp\u00e9cialisation pouss\u00e9e de l&rsquo;h\u00e9misph\u00e8re gauche lorsqu&rsquo;on devient droitier. On parle de l&rsquo;h\u00e9misph\u00e8re gauche dominant et de l&rsquo;h\u00e9misph\u00e8re droit mineur ou non dominant. C&rsquo;est aussi dans l&rsquo;h\u00e9misph\u00e8re gauche dominant, que sont situ\u00e9s les centres de la parole et tout laisse croire qu&rsquo;il fallait que puissent s&rsquo;\u00e9tablir des connections rapproch\u00e9es entre les centres de la parole et ceux des mouvements effectu\u00e9s \u00e0 partir de l&rsquo;\u00e9corce frontale dominante. L&rsquo;h\u00e9misph\u00e8re droit commande l&rsquo;\u00e9valuation pr\u00e9cise de l&rsquo;espace et donc l&rsquo;habilet\u00e9 manuelle, les techniques, les sciences et les maths.<\/p>\n<p style=\"text-align: justify;\">\n<p style=\"text-align: justify;\">En r\u00e9ponse \u00e0 la question de savoir si le cerveau \u00ab sapiens \u00bb a un sexe, certains ont r\u00e9pondu que le cerveau de la femme \u00e9tait de gauche, parce que plus verbal, et le cerveau de l&rsquo;homme de droite, parce que plus apte \u00e0 \u00e9valuer l&rsquo;espace. On a pr\u00e9tendu que la femme primitive, immobilis\u00e9e pr\u00e8s des cavernes pendant que l&rsquo;homme chassait, a eu le temps d&rsquo;affiner des syst\u00e8mes de communication avec ses enfants. Comme l&rsquo;ennui fait mourir, la s\u00e9lection naturelle aurait dot\u00e9 le patrimoine f\u00e9minin de l&rsquo;habilit\u00e9 verbale. Les temps ont chang\u00e9 et la puret\u00e9 de ce patrimoine \u00ab sexualis\u00e9 \u00bb s&rsquo;est quelque peu alt\u00e9r\u00e9. Les hommes, chassant dans les grands espaces, auraient \u00e9t\u00e9 oblig\u00e9s de scruter l&rsquo;espace, de d\u00e9tecter l&rsquo;origine d&rsquo;un bruit et de lancer leur arme avec pr\u00e9cision. Les plus dou\u00e9s auraient surv\u00e9cu et transmis leurs dons \u00e0 leurs fils. Ce qui aurait laiss\u00e9 subsister des individus m\u00e2les \u00e0 l&rsquo;h\u00e9misph\u00e8re droit particuli\u00e8rement habile.<\/p>\n<p style=\"text-align: justify;\">\n<p style=\"text-align: justify;\">L&rsquo;interaction entre les deux h\u00e9misph\u00e8res reste cependant possible et n\u00e9cessaire. Ce qui est prouv\u00e9 par l&rsquo;existence de 6 \u00e0 7 fois plus de connections inter-h\u00e9misph\u00e9riques dans le cerveau humain. Le r\u00f4le de ces 300 millions de connections serait de garder les deux h\u00e9misph\u00e8res en parfait synchronisme. Ceci est prouv\u00e9 au niveau du langage et de la perception. Le r\u00f4le de chaque h\u00e9misph\u00e8re \u00e9tait diff\u00e9renci\u00e9, ces connections ont pour but de distribuer les informations aux deux h\u00e9misph\u00e8res. Il semblerait \u00e9galement qu&rsquo;un mauvais synchronisme entre les deux h\u00e9misph\u00e8res, qu&rsquo;une moins bonne connexion inter-h\u00e9misph\u00e9rique puisse \u00eatre responsable de certaines n\u00e9vroses obsessionnelles. Le doute perp\u00e9tuel qui assaille le cerveau obs\u00e9d\u00e9 a pu \u00eatre gu\u00e9ri chez certains apr\u00e8s r\u00e9\u00e9ducation de l&rsquo;\u00e9criture avec l&rsquo;autre main, que celle habituellement employ\u00e9e. Faire travailler l&rsquo;autre h\u00e9misph\u00e8re peut suffire \u00e0 faire dispara\u00eetre cette chose atroce qu&rsquo;est l&rsquo;obsession.<\/p>\n<p style=\"text-align: justify;\">\n<p style=\"text-align: justify;\">Ces quelques notions sur le cerveau, centre organisateur de la connaissance, du comportement et de l&rsquo;action, nous am\u00e8nent \u00e0 revoir le cerveau de l&rsquo;homme en tant que centre int\u00e9grateur du biologique, du culturel et du spirituel en un unique syst\u00e8me. Pour mieux comprendre son \u00e9volution, nous ne pourrions oublier la conscience, qui est la fleur de l&rsquo;hypercomplexit\u00e9 c\u00e9r\u00e9brale.<\/p>\n<p style=\"text-align: justify;\">\n<p style=\"text-align: justify;\">En effet, lorsqu&rsquo;on aborde les grandes fonctions psychiques du cerveau humain, tout commence par la fonction de base qu&rsquo;est la prise de conscience. La conscience doit \u00eatre situ\u00e9e dans notre univers \u00e9nerg\u00e9tique dont elle est la premi\u00e8re force organisatrice. Le champ de la conscience comporte deux dimensions : l&rsquo;\u00e9tat de conscience ou vigilance et la largeur du champ avec augmentation ou diminution du d\u00e9bit de la conscience.<\/p>\n<p style=\"text-align: justify;\">\n<p style=\"text-align: justify;\">Qui dit vigilance ou \u00e9veil, suppose cet autre \u00e9tat qu&rsquo;est le sommeil, et am\u00e8ne \u00e0 parler des rapports de la conscience avec l&rsquo;inconscient. C&rsquo;est non sans raison, que l&rsquo;on a oppos\u00e9 l&rsquo;acte intelligent conscient \u00e0 l&rsquo;inconscient instinctif. Pour chaque activit\u00e9 psychique consciente, qu&rsquo;il s&rsquo;agisse d&rsquo;une perception, reconnaissance, connaissance, d&rsquo;un jugement, d&rsquo;une croyance ou d&rsquo;une solution de probl\u00e8mes, il y a toujours comp\u00e9tition entre cette conscience et les forces obscures de l&rsquo;inconscient. Cet inconscient \u00e9chappe continuellement \u00e0 la connaissance de soi et surgit avant que la prise de conscience ne se d\u00e9veloppe au niveau du n\u00e9ocortex.<\/p>\n<p style=\"text-align: justify;\">\n<p style=\"text-align: justify;\">Le champ de la conscience organise, \u00e0 partir de l&rsquo;\u00e9veil, l&rsquo;exp\u00e9rience du moment. La conscience int\u00e8gre, dans l&rsquo;espace et dans le temps, toutes nos exp\u00e9riences sensorielles. Prendre conscience signifie interpr\u00e9tation des situations v\u00e9cues, lorsqu&rsquo;elles se pr\u00e9sentent \u00e0 l&rsquo;\u00eatre qui s&rsquo;\u00e9veille, se concentre et s&rsquo;int\u00e9resse. Toute prise de conscience, toute pens\u00e9e est travers\u00e9e par des courants affectifs. La prise de conscience passe n\u00e9cessairement par le n\u00e9ocortex et ses zones tertiaires, ce qui est important lorsqu&rsquo;on aborde la pens\u00e9e r\u00e9flexive.<\/p>\n<p style=\"text-align: justify;\">\n<p style=\"text-align: justify;\">Les premi\u00e8res exp\u00e9riences de la vie relationnelle se constituent au d\u00e9part des dispositions instinctives et affectives de l&rsquo;inconscient individuel et collectif. Tout \u00eatre humain organise sa conscience en luttant contre les imp\u00e9ratifs de son inconscient archa\u00efque. Toutes les op\u00e9rations verbales et intellectuelles de la vie psychique s&rsquo;organisent \u00e0 travers le champ de la conscience, enracin\u00e9e dans l&rsquo;inconscient. Cet inconscient est constitu\u00e9 en grande partie par des impressions et des id\u00e9es qui \u00e0 diff\u00e9rents moments de l&rsquo;existence ont p\u00e9n\u00e9tr\u00e9 dans le champ de la conscience. Une partie est cod\u00e9e dans le cerveau et peut y rester enfouie, mais elle peut aussi revenir \u00e0 la surface de la conscience.<\/p>\n<p style=\"text-align: justify;\">\n<p style=\"text-align: justify;\">Si l&rsquo;on reprend l&rsquo;\u00e9volution de la prise de conscience par le cerveau \u00ab sapiens \u00bb \u00e0 ses origines et aux premiers pas de la r\u00e9flexion, on peut supposer que tout a commenc\u00e9 par la dialectique entre le sujet et l&rsquo;objet, entre l&rsquo;imaginaire et le r\u00e9el. C&rsquo;est ce m\u00eame pas que fait le tout jeune enfant, lorsque l&rsquo;intelligence proprement humaine s&rsquo;\u00e9veille. Progressivement, le cerveau pensant va d\u00e9couvrir les contradictions entre sujet et objet; contradictions qu&rsquo;il essaiera de r\u00e9soudre par une meilleure connaissance du monde et de soi-m\u00eame. La conscience ainsi s&rsquo;engage dans le jeu complexe de l&rsquo;erreur et de la v\u00e9rit\u00e9. Mais, l&rsquo;ambigu\u00eft\u00e9 vient aussi du fait que rien dans le cerveau ne permet de distinguer directement le r\u00eave ou l&rsquo;hallucination, de la perception.<\/p>\n<p style=\"text-align: justify;\">\n<p style=\"text-align: justify;\">L&rsquo;incertitude peut \u00eatre r\u00e9solue avec un faible degr\u00e9 de conscience par la m\u00e9thode dite \u00ab d&rsquo;essais et d&rsquo;erreurs \u00bb. N\u00e9anmoins, en cours d&rsquo;\u00e9volution du cerveau, l&rsquo;incertitude ne peut souvent \u00eatre r\u00e9solue que par un haut degr\u00e9 de conscience. Le plus souvent, l&rsquo;incertitude est lev\u00e9e par une explication qui rel\u00e8ve du mythe ou de la croyance, en attendant qu&rsquo;elle puisse \u00eatre r\u00e9solue par des progr\u00e8s dans la connaissance.<\/p>\n<p style=\"text-align: justify;\">\n<p style=\"text-align: justify;\">En \u00e9voluant, la conscience deviendra de plus en plus critique, oscillera de plus en plus entre les deux p\u00f4les de la v\u00e9rit\u00e9 et de l&rsquo;erreur. En se d\u00e9veloppant, la conscience va accro\u00eetre ses possibilit\u00e9s de v\u00e9rifications et pourra \u00e9tendre ses aptitudes \u00e0 travers le champ de la connaissance, de la d\u00e9cision et de l&rsquo;action. La conscience n&rsquo;est toujours pas la lumi\u00e8re qui \u00e9claire l&rsquo;esprit, mais la lueur qui \u00e9claire l&rsquo;incertitude. Elle n&rsquo;apporte aucune solution permanente, mais est indispensable \u00e0 l&rsquo;\u00e9panouissement de la complexit\u00e9 du \u00ab sapiens \u00bb, avec toutes ses possibilit\u00e9s non encore r\u00e9alis\u00e9es.<\/p>\n<p style=\"text-align: justify;\">\n<p style=\"text-align: justify;\">Avec l&rsquo;\u00e9mergence de la conscience, est aussi n\u00e9e l&rsquo;anxi\u00e9t\u00e9. Celle-ci, li\u00e9e primitivement \u00e0 la vigilance, donc li\u00e9e \u00e0 la d\u00e9fense devant le p\u00e9ril imm\u00e9diat chez l&rsquo;animal, le sera aussi chez l&rsquo;homme, mais prendra une autre dimension lorsque le cerveau humain prendra conscience de l&rsquo;espace-temps. L&rsquo;espace environnant appara\u00eetra d&rsquo;abord \u00e0 l&rsquo;homme comme \u00e9tranger \u00e0 lui-m\u00eame, et par apr\u00e8s, l&rsquo;homme essaiera de se conna\u00eetre par rapport \u00e0 l&rsquo;Univers. En d\u00e9couvrant le temps en tant que processus irr\u00e9versible, na\u00eetra l&rsquo;incertitude devant l&rsquo;avenir. Cette conscience, qui est en m\u00eame temps angoisse, co\u00efncidera avec la conscience et l&rsquo;angoisse de 1a mort. Cette prise de conscience existe dans toutes les soci\u00e9t\u00e9s archa\u00efques, \u00e0 l&rsquo;\u00e2ge adulte, mais survient chez l&rsquo;enfant des soci\u00e9t\u00e9s historiques, \u00e0 un \u00e2ge plus pr\u00e9coce. L&rsquo;anxi\u00e9t\u00e9, toujours refoul\u00e9e chez le \u00ab sapiens \u00bb, va \u00eatre accrue par le d\u00e9veloppement socioculturel qui entra\u00eenera des interdits et des r\u00e9pressions, des refoulements comme dira Freud. Si, finalement, on situe l&rsquo;anxi\u00e9t\u00e9 dans le processus \u00e9volutif, on constate qu&rsquo;elle est li\u00e9e \u00e0 l&rsquo;hypercomplexit\u00e9 c\u00e9r\u00e9brale. En effet, la d\u00e9sorganisation suivie de r\u00e9organisation, le d\u00e9sordre et les crises, de m\u00eame que la grande sensibilit\u00e9 aux influences du milieu et du cosmos, ne font qu&rsquo;accro\u00eetre l&rsquo;anxi\u00e9t\u00e9, tout en stimulant la chasse au bonheur. L&rsquo;anxi\u00e9t\u00e9 sera tout aussi stimulante pour la curiosit\u00e9 et la soif de connaissance. La recherche de la v\u00e9rit\u00e9 prendra une extension infiniment ouverte au d\u00e9passement de soi, mais sera la source d&rsquo;une tendance de l&rsquo;homme \u00e0 rationnaliser et \u00e0 se s\u00e9curiser, pour combler les lacunes de la connaissance.<\/p>\n<p style=\"text-align: justify;\">\n<p style=\"text-align: justify;\">Toute crise peut se r\u00e9soudre par r\u00e9gression ou retour \u00e0 un \u00e9tat ant\u00e9rieur, mais le propre d&rsquo;un syst\u00e8me complexe, tel le cerveau lorsqu&rsquo;il est en crise, c&rsquo;est d&rsquo;inventer des solutions nouvelles \u00e0 base d&rsquo;imagination et de cr\u00e9ativit\u00e9. L&rsquo;humanit\u00e9 \u00ab sapiens \u00bb est encore toujours \u00e0 la recherche de compromis entre la r\u00e9alit\u00e9 int\u00e9rieure et les exigences de l&rsquo;environnement; elle recherche continuellement des r\u00e9ponses aux incertitudes qui l&rsquo;assaillent. Le cerveau actuel est encore dans sa crise pubertaire et \u00e0 la recherche d&rsquo;un \u00e9quilibre plus harmonieux. On ne peut cependant oublier, que le cerveau hypercomplexe du sapiens n&rsquo;a que 50.000 60.000 ans, qu&rsquo;il en est \u00e0 ses d\u00e9buts et qu&rsquo;il est encore r\u00e9duit au sous-emploi de ses qualit\u00e9s. Tant, dans la sph\u00e8re int\u00e9rieure, que dans la sph\u00e8re socioculturelle, le cerveau \u00e9labore \u00e0 peine ses possibilit\u00e9s sup\u00e9rieures d&rsquo;organisation. Avant d&rsquo;envisager le futur du cerveau, il est peut-\u00eatre bon de retracer, bri\u00e8vement, l&rsquo;\u00e9volution socioculturelle, en partant de la soci\u00e9t\u00e9 archa\u00efque et pr\u00e9historique vers la soci\u00e9t\u00e9 historique et les civilisations actuelles.<\/p>\n<p style=\"text-align: justify;\">\n<p style=\"text-align: justify;\">On peut mieux reconstituer la pr\u00e9histoire du \u00ab sapiens \u00bb en se r\u00e9f\u00e9rant aux \u00e9tudes r\u00e9centes des \u00e9thologues sur les m\u0153urs des anthropo\u00efdes sup\u00e9rieurs actuels et des ethnologues sur les soci\u00e9t\u00e9s archa\u00efques encore conserv\u00e9es. Une premi\u00e8re ouverture de la soci\u00e9t\u00e9 \u00ab sapiens \u00bb archa\u00efque se situe lorsque na\u00eet le mariage, la famille et&#8230; le p\u00e8re. Le p\u00e8re joue un r\u00f4le ambigu dans la famille, parce qu&rsquo;il sera en m\u00eame temps le protecteur, le chef, et celui qui vole l&rsquo;affection maternelle. Le p\u00e8re apportera la complexit\u00e9 et la contradiction dans la famille. Devenu adulte, l&rsquo;enfant continuera \u00e0 respecter ses parents, gr\u00e2ce \u00e0 quoi les parents formeront une premi\u00e8re microstructure sociale, qui se reproduira et se continuera par la culture et l&rsquo;\u00e9ducation. La famille sera aussi le premier sous-syst\u00e8me ouvert sur le social. La structure familiale va se complexifier, s&rsquo;articuler sur la soci\u00e9t\u00e9, d&rsquo;o\u00f9 r\u00e9organisation de la complexit\u00e9 sociale. On verra pendant des mill\u00e9naires, le m\u00e2le dominer et s&#8217;emparer du pouvoir. La famille devenue institution, la sexualit\u00e9 \u00e9tant r\u00e9glement\u00e9e, cet ordre nouveau va alimenter de nouvelles sources de d\u00e9sordre et de conflits, d&rsquo;o\u00f9 complexification des rapports affectifs humains. L&rsquo;exogamie fera son entr\u00e9e dans la plupart des groupes ethniques, en tant que seul moyen de maintenir le groupe comme tel. L&rsquo;exogamie influencera consid\u00e9rablement le devenir biologique de l&rsquo;humanit\u00e9 en \u00e9largissant le brassage g\u00e9n\u00e9tique, qui augmente les diff\u00e9rences individuelles. L&rsquo;exogamie et l&rsquo;inhibition de l&rsquo;inceste sont tenues comme cause principale de l&rsquo;arr\u00eat du processus \u00e9volutif biologique qui, jusqu&rsquo;\u00e0 l&rsquo;homo sapiens, rendait possible la naissance de nouvelles esp\u00e8ces.<\/p>\n<p style=\"text-align: justify;\">\n<p style=\"text-align: justify;\">La multiplicit\u00e9 des communications aidera au d\u00e9veloppement plus pouss\u00e9 du langage, dans la microsoci\u00e9t\u00e9 qu&rsquo;est la famille. On assistera \u00e0 une extraordinaire prolif\u00e9ration de mythes, car le cerveau essaie de trouver pour toute chose son explication, avec des intuitions profondes, mais aussi avec une imagination fantaisiste, marqu\u00e9e du sceau du d\u00e9sir ou de la crainte. Les rites se multiplient et favorisent l&rsquo;harmonie du groupe. La f\u00eate va lib\u00e9rer un tas de pulsions inhib\u00e9es et se servira du d\u00e9sordre \u00e9ph\u00e9m\u00e8re pour donner de nouvelles forces \u00e0 l&rsquo;homme. Identit\u00e9 individuelle et collective vont s&rsquo;affirmer dans l&rsquo;interrelation, parce que le mythe entretient encore le culte de l&rsquo;anc\u00eatre. L&rsquo;identit\u00e9 sociale sera renforc\u00e9e par la confrontation avec d&rsquo;autres soci\u00e9t\u00e9s. L&rsquo;h\u00e9ritage culturel va se combiner \u00e0 l&rsquo;h\u00e9r\u00e9dit\u00e9 g\u00e9n\u00e9tique. Cette interaction entre h\u00e9ritage g\u00e9n\u00e9tique et culturel a favoris\u00e9 une complexit\u00e9 plus grande, probablement optimale pour des populations peu importantes, ce qui permettait le plein emploi des dons individuels. Les soci\u00e9t\u00e9s archa\u00efques se sont maintenues pendant quelques dizaines de mill\u00e9naires, n&rsquo;ayant pas \u00e0 subir l&rsquo;exploitation de classes \u00e9trang\u00e8res, ni la contrainte d&rsquo;un appareil d&rsquo;\u00c9tat.<\/p>\n<p style=\"text-align: justify;\">\n<p style=\"text-align: justify;\">Pour \u00e9voluer vers les soci\u00e9t\u00e9s historiques des derniers 10.000 ans, il fallait une forte expansion d\u00e9mographique et une plus grande concentration d\u00e9mographique dans les r\u00e9gions extr\u00eamement fertiles. On verra les populations agricoles et les tribus se rassembler dans des villages rapproch\u00e9s. Ce qui donnera lieu, d&rsquo;une part, \u00e0 une reconversion \u00e9conomique et \u00e0 l&rsquo;invention de nouvelles techniques; d&rsquo;autre part, \u00e0 une organisation plus complexe de plus grandes populations. Ainsi va s&rsquo;\u00e9baucher une soci\u00e9t\u00e9 de poss\u00e9dants dominateurs et de vassaux; le danger viendra aussi de l&rsquo;ext\u00e9rieur avec la venue des conqu\u00e9rants. Na\u00eetra alors la ville, soit par l&rsquo;\u00e9dification de places fortifi\u00e9es, soit par l&rsquo;installation d&rsquo;un roi guerrier, qui apr\u00e8s la conqu\u00eate de petits groupes ruraux, recevra le tribut. Du tribut, on en viendra aux imp\u00f4ts. De la cit\u00e9, on passera \u00e0 l&#8217;empire, en passant par les premiers \u00c9tats.<\/p>\n<p style=\"text-align: justify;\">\n<p style=\"text-align: justify;\">L&rsquo;\u00c9tat centralisateur, r\u00e9presseur et constructeur, augmentera la complexit\u00e9 selon des principes de hi\u00e9rarchie et de sp\u00e9cialisation du travail, de mani\u00e8re analogue \u00e0 l&rsquo;\u00e9volution du cerveau, lui aussi toujours plus sp\u00e9cialis\u00e9 et hi\u00e9rarchis\u00e9. La sp\u00e9cialisation va augmenter la complexit\u00e9 sociale en multipliant l&rsquo;interrelation. Par la suite, vont se d\u00e9velopper des groupes socioprofessionnels de plus en plus diversifi\u00e9s. La sp\u00e9cialisation, \u00e0 la source d&rsquo;un prodigieux d\u00e9veloppement scientifique, esth\u00e9tique et philosophique, provoquera l&rsquo;essor des civilisations. Parall\u00e8lement, la sp\u00e9cialisation entra\u00eenera pour les opprim\u00e9s, un immense sous-emploi des aptitudes individuelles. L&rsquo;exploitation de l&rsquo;homme par l&rsquo;homme, qu&rsquo;a engendr\u00e9e la soci\u00e9t\u00e9 historique, sera cause de nombreuses guerres qui vont ravager l&rsquo;humanit\u00e9. C&rsquo;est aussi \u00e0 partir de la ville et par la multiplication des communications, qu&rsquo;est apparue l&rsquo;\u00e9criture qui, \u00e0 son tour, a fait progresser l&rsquo;\u00e9volution culturelle du cerveau.<\/p>\n<p style=\"text-align: justify;\">\n<p style=\"text-align: justify;\">La grande ville est la premi\u00e8re organisation \u00a0sociale qui se rapproche quelque peu de l&rsquo;organisation du cerveau. La ville devient un milieu favorable \u00e0 la cr\u00e9ativit\u00e9, aux id\u00e9es nouvelles, \u00e0 la science, et elle fait surgir la philosophie dans le cerveau \u00ab sapiens \u00bb. Ainsi na\u00eet l&rsquo;individu autonome et conscient, de m\u00eame que naissent la notion de libert\u00e9 individuelle et l&rsquo;affirmation du moi. Ainsi na\u00eet \u00e9galement, le gnoti seauton (connais-toi, toi-m\u00eame), ainsi se d\u00e9veloppe une meilleure connaissance de l&rsquo;autre. Le sujet essaie de se prendre pour objet, il d\u00e9couvre l&rsquo;ambigu\u00eft\u00e9 entre l&rsquo;imaginaire et le r\u00e9el et interroge cette incertitude dans la pens\u00e9e et dans l&rsquo;action.<\/p>\n<p style=\"text-align: justify;\">\n<p style=\"text-align: justify;\">Si l&rsquo;on \u00e9tudie la soci\u00e9t\u00e9 par rapport \u00e0 l&rsquo;\u00e9norme appareil d&rsquo;\u00c9tat, on constate \u2014 en parcourant l&rsquo;Histoire \u2014 que l&rsquo;\u00c9tat, d&rsquo;une part, organise l&rsquo;int\u00e9r\u00eat g\u00e9n\u00e9ral et assure l&rsquo;unit\u00e9 du corps social; d&rsquo;autre part, tend \u00e0 accumuler de la puissance et se d\u00e9personnalise. Les conflits sociaux se m\u00ealent aux conflits politiques, aboutissant parfois \u00e0 une meilleure r\u00e9organisation du pouvoir. L&rsquo;interrelation individu-collectivit\u00e9 devient instable. Dans cette zone incontr\u00f4l\u00e9e du pouvoir, l&rsquo;acte individuel peut soudain d\u00e9cider du sort collectif. De plus, il se produit des ruptures internes dans la religion, avec de nombreux conflits entre le pouvoir politique et spirituel. Les id\u00e9ologies qui traversent les fronti\u00e8res d&rsquo;\u00c9tat perturbent \u00e0 leur tour la complexit\u00e9 sociale. La plupart des id\u00e9ologies traduisent une hypertrophie de l&rsquo;instinct de puissance, accusent les oppositions plut\u00f4t que d&rsquo;unir ce qui est diversifi\u00e9.<\/p>\n<p style=\"text-align: justify;\">\n<p style=\"text-align: justify;\">Pendant des mill\u00e9naires, la soci\u00e9t\u00e9 historique a connu beaucoup de d\u00e9sordres, des civilisations se sont succ\u00e9d\u00e9es l&rsquo;une \u00e0 l&rsquo;autre en essayant de r\u00e9cup\u00e9rer ce qu&rsquo;il y avait de meilleur dans les pr\u00e9c\u00e9dentes. Si l&rsquo;on consid\u00e8re le temps de l&rsquo;\u00e9volution pr\u00e9historique du \u00ab\u00a0sapiens \u00bb, on remarque \u2014 dans un laps de temps dix fois moindre \u2014 que son \u00e9volution historique s&rsquo;est faite au prix d&rsquo;une extraordinaire cr\u00e9ativit\u00e9, m\u00eal\u00e9e \u00e0 une forte tendance destructive. On peut imaginer une nouvelle \u00e9volution qui s&rsquo;effectuerait avec moins de fureur que jadis et il ne para\u00eet pas absurde d&rsquo;envisager une nouvelle naissance de l&rsquo;humanit\u00e9. Cette nouvelle humanit\u00e9 est concevable, si l&rsquo;on tient compte du fait qu&rsquo;il existe sur terre, tir\u00e9 \u00e0 4 milliards d&rsquo;exemplaires, le syst\u00e8me hypercomplexe du cerveau \u00ab sapiens \u00bb, qui \u2014 lui \u2014 fonctionne par le jeu de 10 milliards de neurones interconnect\u00e9s. Or, la machine hypercomplexe c\u00e9r\u00e9brale est encore en p\u00e9riode de rodage et en voie de d\u00e9veloppement. Un faible pourcentage de l&rsquo;esprit humain est seulement utilis\u00e9 de nos jours. Les aptitudes du cerveau, donc celle \u00e0 la cr\u00e9ativit\u00e9 et \u00e0 plus de conscience, ont besoin \u2014 pour continuer \u00e0 se d\u00e9velopper \u2014 d&rsquo;une plus grande complexit\u00e9 socioculturelle. Si l&rsquo;on se place dans une perspective d&rsquo;\u00e9volution future du cerveau, il faut s&rsquo;interroger sur son avenir, tant g\u00e9n\u00e9tique, que biologique et socioculturel.<\/p>\n<p style=\"text-align: justify;\">\n<p style=\"text-align: justify;\">Il semble \u00e9tabli \u2014 du point de vue g\u00e9n\u00e9tique \u2014 que l&rsquo;\u00e9volution du volume c\u00e9r\u00e9bral et du nombre de neurones du n\u00e9ocortex, soit arriv\u00e9e \u00e0 son terme final. Une nouvelle mutation chromosomique, avec double nombre de neurones corticaux, est impensable en regard de l&rsquo;agrandissement n\u00e9cessaire que cela supposerait pour le volume cr\u00e2nien. Le seul progr\u00e8s possible r\u00e9side dans un d\u00e9veloppement vers le plein emploi du cerveau pr\u00e9frontal. Que le cerveau pr\u00e9frontal soit le plus r\u00e9cent, dans l&rsquo;\u00e9volution des esp\u00e8ces et encore capable de d\u00e9veloppement, semble prouv\u00e9 par le fait que cette partie du cerveau laisse son impression \u00e0 l&rsquo;int\u00e9rieur du cr\u00e2ne. En effet, l&rsquo;\u00e9tude de cr\u00e2nes fossiles et de cr\u00e2nes ayant appartenu \u00e0 diff\u00e9rents anthropo\u00efdes et primates, a montr\u00e9 que seules les parties les plus r\u00e9centes laissaient une impression dans le cr\u00e2ne. Tous les grands penseurs, de m\u00eame que les grands sages, poss\u00e9daient un grand front. Qu&rsquo;il suffise de citer Socrate, Platon, Aristote, le Christ, Tagore, Bergson et Teilhard de Chardin, pour se rendre compte de l&rsquo;importance du cerveau pr\u00e9frontal.<\/p>\n<p style=\"text-align: justify;\">\n<p style=\"text-align: justify;\">Un meilleur emploi du cerveau d\u00e9pend essentiellement des potentialit\u00e9s individuelles. En effet, chaque cerveau a une autre composition neuronale et d&rsquo;autres possibilit\u00e9s de connexion inter-neuronales. Il faut aussi tenir compte des interactions possibles entre les diff\u00e9rentes structures c\u00e9r\u00e9brales. De plus, il faut faire appel aux nouvelles connaissances concernant la biochimie c\u00e9r\u00e9brale. On a pu prouver que tout \u00e9tat mental a sa contrepartie biochimique et que chaque activit\u00e9 biochimique du cerveau est engendr\u00e9e ou influenc\u00e9e par des causes int\u00e9rieures ou externes. Toutes les interconnections ont lieu gr\u00e2ce \u00e0 la lib\u00e9ration des interm\u00e9diaires chimiques, ce qui est possible au niveau de quelques milliers de milliards de synapses nerveuses de chaque cerveau. Chaque interm\u00e9diaire chimique se localise dans des zones de pr\u00e9dilection, intervenant dans diverses fonctions mentales. L&rsquo;avenir des recherches biochimiques du cerveau est impressionnant, ce que \u2014 faute de temps \u2014 nous ne pouvons expliciter maintenant. Paul Val\u00e9ry, dans ses Cahiers, \u00e9crivait : \u00ab Toute grandeur et mis\u00e8re tiennent dans quelques petites organisations contenues dans quelques mm<sup>3<\/sup> du cerveau, qui font chanter joie et douleur \u00e0 la caisse de r\u00e9sonance, dorent ou noircissent le monde, le temps et les jugements. L\u00e0 r\u00e9side une \u00e9trange \u00e9nergie \u00bb.<\/p>\n<p style=\"text-align: justify;\">\n<p style=\"text-align: justify;\">Pour mieux comprendre le cerveau d&rsquo;un chacun, il faut aussi tenir compte de la gamme des besoins \u00e9nerg\u00e9tiques des diff\u00e9rentes zones c\u00e9r\u00e9brales. Ces besoins sont multiples et d\u00e9pendant de la structure initiale du cerveau. Au premier niveau, la sph\u00e8re instinctive, besoins et d\u00e9sirs sont au service des instincts qui induisent les pulsions, elles-m\u00eames organis\u00e9es pour l&rsquo;adaptation au milieu. Toute cette \u00e9nergie pulsionnelle est concentr\u00e9e dans le cerveau instinctif. On a pu constater que la civilisation occidentale \u00e9tait celle des d\u00e9sirs, dont la satisfaction se faisait trop souvent au d\u00e9triment d&rsquo;autres besoins affectifs et d&rsquo;aspirations sup\u00e9rieures. Cette primaut\u00e9 de la sph\u00e8re instinctive emp\u00eache n\u00e9cessairement une \u00e9volution plus complexe du cerveau.<\/p>\n<p style=\"text-align: justify;\">\n<p style=\"text-align: justify;\">Si l&rsquo;on se r\u00e9f\u00e8re au rhinenc\u00e9phale affectif, on constate que ses besoins \u00e9nerg\u00e9tiques ne sont pas seulement inn\u00e9s, mais sont surtout acquis \u00e0 travers la vie sociale. La soci\u00e9t\u00e9 cr\u00e9e de nouveaux besoins, qui ne sont pas forc\u00e9ment valables pour l&rsquo;individu ou pour l&rsquo;esp\u00e8ce, mais que la structure sociale essaie d&rsquo;imposer pour se maintenir. Il y a exploitation du rhinenc\u00e9phale par les pouvoirs id\u00e9ologiques et lorsqu&rsquo;on suscite des croyances, que l&rsquo;on utilise par apr\u00e8s, pour soi-m\u00eame. Les aptitudes du cerveau \u00e0 \u00e9voluer sont cependant partiellement d\u00e9termin\u00e9es, voir limit\u00e9es, par les possibilit\u00e9s structurales du substrat c\u00e9r\u00e9bral. Il existe \u2014 au d\u00e9part \u2014 certaines tendances dont il faut tenir compte pour fixer des limites \u00e9volutives. Il y a le cerveau de l&rsquo;homme d&rsquo;action, souvent extraverti, chez qui toutes les acquisitions sociales aboutissent \u00e0 la satisfaction de ses pulsions instinctives, chez qui est grande aussi, l&rsquo;influence du rhinenc\u00e9phale. Il y a le cerveau de l&rsquo;homme soumis, g\u00e9n\u00e9ralement intraverti, conforme au mod\u00e8le social, acceptant les jugements de valeur et les hi\u00e9rarchies propres \u00e0 sa soci\u00e9t\u00e9. Ne remettant jamais en question l&rsquo;ordre et les valeurs impos\u00e9es, il sera consid\u00e9r\u00e9 comme bon citoyen, dont le nom ne restera pas dans l&rsquo;histoire.<\/p>\n<p style=\"text-align: justify;\">\n<p style=\"text-align: justify;\">Il existe un troisi\u00e8me type de cerveau, dont les chances \u00e0 acc\u00e9der au \u00ab sapiens \u00bb \u00e9volu\u00e9 sont meilleures. Cet homme ne trouve qu&rsquo;un bonheur pr\u00e9caire dans la satisfaction de ses besoins instinctifs, ne peut se contenter des automatismes sociaux acquis et ne tend pas tellement \u00e0 exercer son pouvoir sur les autres, qu&rsquo;il parvient \u00e0 accepter tels qu&rsquo;ils sont. Il essaie de d\u00e9couvrir au plus profond de lui-m\u00eame des aspirations plus \u00e9lev\u00e9es. S&rsquo;il se d\u00e9couvre un cerveau imaginant et cr\u00e9ateur, il parviendra \u00e0 se cr\u00e9er un monde personnel qui lui convient. S&rsquo;il a suffisamment d&rsquo;aspirations de connaissance, s&rsquo;il poss\u00e8de une immense curiosit\u00e9 pour tout ce qui concerne l&rsquo;homme, l&rsquo;Univers et son ultime aboutissement, s&rsquo;il pr\u00e9f\u00e8re l&rsquo;amour gratuit \u00e0 l&rsquo;amour possessif, il sera capable de r\u00e9duire l&rsquo;influence du rhinenc\u00e9phale et de faire \u00e9voluer son cerveau vers un double \u00ab sapiens \u00bb. Sapiens, avec r\u00e9f\u00e9rence \u00e0 l&rsquo;intelligence, et de plus sapiens, avec r\u00e9f\u00e9rence \u00e0 la sagesse. Il pourra satisfaire les besoins du cerveau associatif, surtout pr\u00e9frontal. Dans une perspective \u00e9volutive, il est certain que la primaut\u00e9 de la connaissance, de l&rsquo;intelligence, de la volont\u00e9 et de l&rsquo;Amour sur les forces de l&rsquo;instinct et de l&rsquo;\u00e9motivit\u00e9, est la seule garantie de libert\u00e9 et de cr\u00e9ativit\u00e9. Sans oublier que l&rsquo;intelligence ne peut \u00eatre r\u00e9duite \u00e0 une fonction utilitariste. L&rsquo;homme peut utiliser son intelligence au service du progr\u00e8s technique ou pour mieux domestiquer la nature. Mais, cette intelligence n&rsquo;est pas pour autant une garantie de sagesse.<\/p>\n<p style=\"text-align: justify;\">\n<p style=\"text-align: justify;\">Ayant constat\u00e9 que l&rsquo;avenir du cerveau \u00e9tait partiellement li\u00e9 \u00e0 sa structure de d\u00e9part, reste \u00e0 envisager les possibilit\u00e9s d&rsquo;\u00e9volution socioculturelle du cerveau. Par l&rsquo;organisation m\u00eame de sa nature c\u00e9r\u00e9brale, l&rsquo;homme peut d\u00e9passer sa nature archa\u00efque, pour produire son existence personnelle. En \u00e9voluant, l&rsquo;homme peut se doter d&rsquo;un programme individuel, d&rsquo;un plan existentiel et d&rsquo;un syst\u00e8me de valeurs. In\u00e9vitablement, cette \u00e9volution se fera par l&rsquo;interrelation et principalement par les voies de l&rsquo;\u00e9ducation et de l&rsquo;enseignement.<\/p>\n<p style=\"text-align: justify;\">\n<p style=\"text-align: justify;\">Teilhard, dans son essai sur l&rsquo;avenir de l&rsquo;homme, \u00e9crit : \u00ab Sous l&rsquo;influence des progr\u00e8s techniques et des moyens de communications modernes, l&rsquo;humanit\u00e9 \u00e9volue davantage vers une, unit\u00e9 qu&rsquo;elle n&rsquo;avait jamais connue avant. L&rsquo;esp\u00e8ce humaine tend \u00e0 son unification interne, tous les peuples se sentent impliqu\u00e9s dans une grande aventure. Toujours d&rsquo;apr\u00e8s Teilhard, \u00ab\u00a0l&rsquo;avenir de l&rsquo;homme se situe sur le plan social. De m\u00eame que le cerveau de l&rsquo;homme avec ses 100.000 milliards de connections, donne \u00e0 l&rsquo;homme une conscience unique, il semble in\u00e9luctable que les hommes finiront par s&rsquo;interconnecter dans une sorte de super-conscience. Si toute l&rsquo;\u00e9volution cosmique r\u00e9v\u00e8le une lign\u00e9e montante, on peut raisonnablement s&rsquo;attendre \u00e0 ce que le point culminant d\u00e9passe en grandeur tout ce qui pr\u00e9c\u00e8de. Un nouvel humanisme \u00e9volutif se dessine, au sein duquel aucune valeur ne saurait subsister, \u00e0 moins de faire une place \u00e0 l&rsquo;existence et de se plier aux exigences de quelque avenir cosmique ultra-humain \u00bb.<\/p>\n<p style=\"text-align: justify;\">\n<p style=\"text-align: justify;\">Ceux qui sont capables de porter t\u00e9moignage sur notre temps, per\u00e7oivent un peu partout la pr\u00e9sence d&rsquo;un besoin de d\u00e9passement et d&rsquo;une conscience plus universelle. La fa\u00e7on de r\u00e9aliser les potentialit\u00e9s du cerveau d\u00e9pendra principalement de l&rsquo;environnement psychologique de l&rsquo;enfant de l&rsquo;homme. L&rsquo;\u00e9volution socioculturelle n&rsquo;est pas encore garantie par les pouvoirs politiques, mais est entre les mains des \u00e9ducateurs et des enseignants. L&rsquo;\u00c9tat est encore une machine cybern\u00e9tique qui produit ses robots. Ce n&rsquo;est toujours pas un inter-personnes ; il lui manque encore pour un bon bout de temps un suppl\u00e9ment d&rsquo;\u00e2me et d&rsquo;amorisation.<\/p>\n<p style=\"text-align: justify;\">\n<p style=\"text-align: justify;\">A chaque g\u00e9n\u00e9ration de cerveaux, ce seront les jeunes qui devront devenir plus \u00ab supra-humains \u00bb. Ils ne le pourront qu&rsquo;\u00e0 condition que les adultes prennent leur responsabilit\u00e9. \u00c9duquer \u2014 ce qui n&rsquo;exige aucun dipl\u00f4me de la part des parents \u2014 signifie apprendre, communiquer ses exp\u00e9riences pour que d&rsquo;autres en cueillent les fruits et signifie aussi accepter l&rsquo;autre, ne pas trop projeter ses propres d\u00e9sirs, son \u00e9chelle de valeurs sur l&rsquo;enfant. D&rsquo;autre part, il y a beaucoup \u00e0 faire dans l&rsquo;enseignement. Ne fusse que de rendre nos jeunes plus humains lorsqu&rsquo;ils suivent ce qu&rsquo;on a appel\u00e9 les \u00ab humanit\u00e9s \u00bb. Car, finalement dans nos soci\u00e9t\u00e9s \u00ab \u00e9conomiques \u00bb, l&rsquo;acquisition d&rsquo;un dipl\u00f4me ou d&rsquo;un brevet de rentabilit\u00e9 pr\u00e9vaut sur la qualit\u00e9 d&rsquo;homme, en devenir \u00ab adulte \u00bb. Les sciences de l&rsquo;homme devraient faire partie int\u00e9grante du programme scolaire.<\/p>\n<p style=\"text-align: justify;\">\n<p style=\"text-align: justify;\">Deux voies du progr\u00e8s sont bien trac\u00e9es sur la route de l&rsquo;\u00e9volution du cerveau : celle de l&rsquo;Amour et de la connaissance. \u00ab L&rsquo;Amour \u2014 disait Teilhard \u2014 est la plus universelle, la plus formidable et la plus myst\u00e9rieuse des \u00e9nergies cosmiques. C&rsquo;est le lien qui sert \u00e0 \u00e9tablir l&rsquo;homog\u00e9n\u00e9it\u00e9 entre tous les \u00e9l\u00e9ments du cosmos, c&rsquo;est l&rsquo;infiniment complexe qui tend vers l&rsquo;unit\u00e9 universelle. \u00bb On n&rsquo;apprend l&rsquo;Amour qu&rsquo;en le rencontrant autour de soi depuis l&rsquo;enfance. L&rsquo;Amour peut \u00eatre enseign\u00e9, mais seulement par l&rsquo;exemple. Parents et enseignants portent une grande responsabilit\u00e9 vis-\u00e0-vis de l&rsquo;autre. Plus d&rsquo;Amour dans l&rsquo;humanit\u00e9 est un gage important de progr\u00e8s \u00e9volutif de l&rsquo;esp\u00e8ce humaine.<\/p>\n<p style=\"text-align: justify;\">\n<p style=\"text-align: justify;\">Le cerveau humain, compar\u00e9 \u00e0 tous les autres cerveaux du r\u00e8gne animal, est le seul qui r\u00e9fl\u00e9chit et qui peut progresser dans les voies de la connaissance de l&rsquo;homme et de l&rsquo;Univers. Il est donc certain que le besoin de conna\u00eetre est n\u00e9cessaire \u00e0 l&rsquo;\u00e9volution vers un plus-\u00eatre. L&rsquo;homme est encore au d\u00e9but de l&rsquo;\u00e9volution de la connaissance, malgr\u00e9 quelques milliers d&rsquo;ann\u00e9es de civilisation. Le dernier progr\u00e8s est celui, pr\u00e9cis\u00e9ment, de la connaissance du cerveau. Continuer \u00e0 progresser dans la connaissance du cerveau, doit servir les possibilit\u00e9s d&rsquo;\u00e9volution du cerveau, dans le sens d&rsquo;une plus grande utilisation des potentiels personnels. Dans les ann\u00e9es \u00e0 venir, il faudra aussi que l&rsquo;enfant s&rsquo;int\u00e9resse \u00e0 son cerveau, pour y d\u00e9couvrir ses prodigieuses possibilit\u00e9s d&rsquo;\u00e9volution.<\/p>\n<p style=\"text-align: justify;\">\n<p style=\"text-align: justify;\">S&rsquo;il veut encore \u00e9voluer, l&rsquo;homme doit tendre de toutes ses forces \u00e0 exploiter ses possibilit\u00e9s de connaissance et d&rsquo;Amour. Le cerveau humain est pr\u00eat \u00e0 \u00e9voluer d&rsquo;ici quelques dizaines de si\u00e8cles vers un \u00ab sapiens-sapiens \u00bb, vers un suppl\u00e9ment de \u00ab sagesse \u00bb. Anciennement, le \u00ab sage \u00bb \u00e9tait toujours repr\u00e9sent\u00e9 par un vieillard \u00e0 barbe grise, ce qui voulait dire que la vie de l&rsquo;homme \u00e9tait beaucoup trop courte pour qu&rsquo;il arrive en temps utile \u00e0 la \u00ab sagesse \u00bb. La superhumanit\u00e9 de Teilhard, constitu\u00e9e par des cerveaux \u00ab sapiens \u00bb \u00e9volu\u00e9s, comportera beaucoup de sages. Il est \u00e0 pr\u00e9voir qu&rsquo;ils seront d&rsquo;un \u00e2ge plus jeune que ceux de l&rsquo;Antiquit\u00e9 et qu&rsquo;ils pourront, d&rsquo;autant mieux, transmettre la sagesse \u00e0 ceux qu&rsquo;ils auront comme t\u00e2che d&rsquo;\u00e9duquer et de former. Il est souhaitable \u00e9galement, qu&rsquo;apr\u00e8s la d\u00e9claration des droits de l&rsquo;homme, soit publi\u00e9e une charte des devoirs, qui s&rsquo;appliquerait \u00e0 tous les hommes de bonne volont\u00e9. Une charte des devoirs, qu&rsquo;aurait \u00e0 remplir envers l&rsquo;humanit\u00e9 future, tout homme conscient de ses possibilit\u00e9s \u00e0 vivre sa vie au service des autres et donc de soi-m\u00eame.<\/p>\n<p style=\"text-align: justify;\">\n<hr style=\"text-align: justify;\" size=\"1\" \/>\n<p style=\"text-align: justify;\"><a href=\"#_ftnref1\">[1]<\/a> Jean de Grouchy, <em>De la Naissance des Esp\u00e8ces aux Aberrations de la Vie<\/em>, Ed. Robert Laffont.<\/p>\n","protected":false},"excerpt":{"rendered":"<p>Dans la vision cosmique de Teilhard, l&rsquo;Univers est issu d&rsquo;une seule et m\u00eame \u00e9nergie psychique. Il distinguait l&rsquo;\u00e9nergie tangentielle ou l&rsquo;aspect mat\u00e9riel des choses et l&rsquo;\u00e9nergie radiale ou force psychique qui induit la construction d&rsquo;\u00e9l\u00e9ments plus complexes. De l&rsquo;ambivalence de l&rsquo;\u00e9nergie premi\u00e8re, il r\u00e9sulte que toute mati\u00e8re porte une part de psychisme ou de conscience, tout en admettant des degr\u00e9s diff\u00e9rents dans le monde inanim\u00e9 et vivant. Teilhard poursuit en \u00e9crivant que mati\u00e8re et conscience \u00e9voluent suivant la loi de complexit\u00e9-conscience. La qualit\u00e9 de conscience augmente avec la complexit\u00e9 du cerveau qui chez l&rsquo;homo sapiens permet la pens\u00e9e r\u00e9fl\u00e9chie.<\/p>\n","protected":false},"author":1,"featured_media":0,"comment_status":"closed","ping_status":"closed","sticky":false,"template":"","format":"standard","meta":{"footnotes":""},"categories":[704],"tags":[116,37,108,102,191],"class_list":["post-4591","post","type-post","status-publish","format-standard","hentry","category-van-renynghe-guy","tag-cerveau","tag-conscience","tag-evolution","tag-psychologie","tag-teilhard"],"yoast_head":"<!-- This site is optimized with the Yoast SEO plugin v27.0 - https:\/\/yoast.com\/product\/yoast-seo-wordpress\/ -->\n<title>L\u2019\u00e9nergie humaine par le docteur Guy van Renynghe - 3e mill\u00e9naire - Spiritualit\u00e9 - Connaissance de soi - Non-dualit\u00e9 - M\u00e9ditation<\/title>\n<meta name=\"robots\" content=\"index, follow, max-snippet:-1, max-image-preview:large, max-video-preview:-1\" \/>\n<link rel=\"canonical\" href=\"https:\/\/www.revue3emillenaire.com\/blog\/l\u2019energie-humaine-par-le-docteur-guy-van-renynghe\/\" \/>\n<meta property=\"og:locale\" content=\"fr_FR\" \/>\n<meta property=\"og:type\" content=\"article\" \/>\n<meta property=\"og:title\" content=\"L\u2019\u00e9nergie humaine par le docteur Guy van Renynghe - 3e mill\u00e9naire - Spiritualit\u00e9 - Connaissance de soi - Non-dualit\u00e9 - M\u00e9ditation\" \/>\n<meta property=\"og:description\" content=\"Dans la vision cosmique de Teilhard, l&#039;Univers est issu d&#039;une seule et m\u00eame \u00e9nergie psychique. Il distinguait l&#039;\u00e9nergie tangentielle ou l&#039;aspect mat\u00e9riel des choses et l&#039;\u00e9nergie radiale ou force psychique qui induit la construction d&#039;\u00e9l\u00e9ments plus complexes. De l&#039;ambivalence de l&#039;\u00e9nergie premi\u00e8re, il r\u00e9sulte que toute mati\u00e8re porte une part de psychisme ou de conscience, tout en admettant des degr\u00e9s diff\u00e9rents dans le monde inanim\u00e9 et vivant. Teilhard poursuit en \u00e9crivant que mati\u00e8re et conscience \u00e9voluent suivant la loi de complexit\u00e9-conscience. La qualit\u00e9 de conscience augmente avec la complexit\u00e9 du cerveau qui chez l&#039;homo sapiens permet la pens\u00e9e r\u00e9fl\u00e9chie.\" \/>\n<meta property=\"og:url\" content=\"https:\/\/www.revue3emillenaire.com\/blog\/l\u2019energie-humaine-par-le-docteur-guy-van-renynghe\/\" \/>\n<meta property=\"og:site_name\" content=\"3e mill\u00e9naire - Spiritualit\u00e9 - Connaissance de soi - Non-dualit\u00e9 - M\u00e9ditation\" \/>\n<meta property=\"article:published_time\" content=\"2010-09-06T13:21:38+00:00\" \/>\n<meta name=\"author\" content=\"3e mill\u00e9naire\" \/>\n<meta name=\"twitter:card\" content=\"summary_large_image\" \/>\n<meta name=\"twitter:label1\" content=\"\u00c9crit par\" \/>\n\t<meta name=\"twitter:data1\" content=\"3e mill\u00e9naire\" \/>\n\t<meta name=\"twitter:label2\" content=\"Dur\u00e9e de lecture estim\u00e9e\" \/>\n\t<meta name=\"twitter:data2\" content=\"66 minutes\" \/>\n<script type=\"application\/ld+json\" class=\"yoast-schema-graph\">{\"@context\":\"https:\/\/schema.org\",\"@graph\":[{\"@type\":\"Article\",\"@id\":\"https:\/\/www.revue3emillenaire.com\/blog\/l%e2%80%99energie-humaine-par-le-docteur-guy-van-renynghe\/#article\",\"isPartOf\":{\"@id\":\"https:\/\/www.revue3emillenaire.com\/blog\/l%e2%80%99energie-humaine-par-le-docteur-guy-van-renynghe\/\"},\"author\":{\"name\":\"3e mill\u00e9naire\",\"@id\":\"https:\/\/www.revue3emillenaire.com\/blog\/#\/schema\/person\/9a3a7cc4ccaa707f402d4394327106d5\"},\"headline\":\"L\u2019\u00e9nergie humaine par le docteur Guy van Renynghe\",\"datePublished\":\"2010-09-06T13:21:38+00:00\",\"mainEntityOfPage\":{\"@id\":\"https:\/\/www.revue3emillenaire.com\/blog\/l%e2%80%99energie-humaine-par-le-docteur-guy-van-renynghe\/\"},\"wordCount\":13147,\"keywords\":[\"cerveau\",\"Conscience\",\"\u00c9volution\",\"Psychologie\",\"Teilhard\"],\"articleSection\":[\"van Renynghe Guy\"],\"inLanguage\":\"fr-FR\"},{\"@type\":\"WebPage\",\"@id\":\"https:\/\/www.revue3emillenaire.com\/blog\/l%e2%80%99energie-humaine-par-le-docteur-guy-van-renynghe\/\",\"url\":\"https:\/\/www.revue3emillenaire.com\/blog\/l%e2%80%99energie-humaine-par-le-docteur-guy-van-renynghe\/\",\"name\":\"L\u2019\u00e9nergie humaine par le docteur Guy van Renynghe - 3e mill\u00e9naire - Spiritualit\u00e9 - Connaissance de soi - Non-dualit\u00e9 - M\u00e9ditation\",\"isPartOf\":{\"@id\":\"https:\/\/www.revue3emillenaire.com\/blog\/#website\"},\"datePublished\":\"2010-09-06T13:21:38+00:00\",\"author\":{\"@id\":\"https:\/\/www.revue3emillenaire.com\/blog\/#\/schema\/person\/9a3a7cc4ccaa707f402d4394327106d5\"},\"breadcrumb\":{\"@id\":\"https:\/\/www.revue3emillenaire.com\/blog\/l%e2%80%99energie-humaine-par-le-docteur-guy-van-renynghe\/#breadcrumb\"},\"inLanguage\":\"fr-FR\",\"potentialAction\":[{\"@type\":\"ReadAction\",\"target\":[\"https:\/\/www.revue3emillenaire.com\/blog\/l%e2%80%99energie-humaine-par-le-docteur-guy-van-renynghe\/\"]}]},{\"@type\":\"BreadcrumbList\",\"@id\":\"https:\/\/www.revue3emillenaire.com\/blog\/l%e2%80%99energie-humaine-par-le-docteur-guy-van-renynghe\/#breadcrumb\",\"itemListElement\":[{\"@type\":\"ListItem\",\"position\":1,\"name\":\"Accueil\",\"item\":\"https:\/\/www.revue3emillenaire.com\/blog\/\"},{\"@type\":\"ListItem\",\"position\":2,\"name\":\"L\u2019\u00e9nergie humaine par le docteur Guy van Renynghe\"}]},{\"@type\":\"WebSite\",\"@id\":\"https:\/\/www.revue3emillenaire.com\/blog\/#website\",\"url\":\"https:\/\/www.revue3emillenaire.com\/blog\/\",\"name\":\"3e mill\u00e9naire - Spiritualit\u00e9 - Connaissance de soi - Non-dualit\u00e9 - M\u00e9ditation\",\"description\":\"L&#039;Homme en devenir\",\"potentialAction\":[{\"@type\":\"SearchAction\",\"target\":{\"@type\":\"EntryPoint\",\"urlTemplate\":\"https:\/\/www.revue3emillenaire.com\/blog\/?s={search_term_string}\"},\"query-input\":{\"@type\":\"PropertyValueSpecification\",\"valueRequired\":true,\"valueName\":\"search_term_string\"}}],\"inLanguage\":\"fr-FR\"},{\"@type\":\"Person\",\"@id\":\"https:\/\/www.revue3emillenaire.com\/blog\/#\/schema\/person\/9a3a7cc4ccaa707f402d4394327106d5\",\"name\":\"3e mill\u00e9naire\",\"url\":\"https:\/\/www.revue3emillenaire.com\/blog\/author\/admin\/\"}]}<\/script>\n<!-- \/ Yoast SEO plugin. -->","yoast_head_json":{"title":"L\u2019\u00e9nergie humaine par le docteur Guy van Renynghe - 3e mill\u00e9naire - Spiritualit\u00e9 - Connaissance de soi - Non-dualit\u00e9 - M\u00e9ditation","robots":{"index":"index","follow":"follow","max-snippet":"max-snippet:-1","max-image-preview":"max-image-preview:large","max-video-preview":"max-video-preview:-1"},"canonical":"https:\/\/www.revue3emillenaire.com\/blog\/l\u2019energie-humaine-par-le-docteur-guy-van-renynghe\/","og_locale":"fr_FR","og_type":"article","og_title":"L\u2019\u00e9nergie humaine par le docteur Guy van Renynghe - 3e mill\u00e9naire - Spiritualit\u00e9 - Connaissance de soi - Non-dualit\u00e9 - M\u00e9ditation","og_description":"Dans la vision cosmique de Teilhard, l'Univers est issu d'une seule et m\u00eame \u00e9nergie psychique. Il distinguait l'\u00e9nergie tangentielle ou l'aspect mat\u00e9riel des choses et l'\u00e9nergie radiale ou force psychique qui induit la construction d'\u00e9l\u00e9ments plus complexes. De l'ambivalence de l'\u00e9nergie premi\u00e8re, il r\u00e9sulte que toute mati\u00e8re porte une part de psychisme ou de conscience, tout en admettant des degr\u00e9s diff\u00e9rents dans le monde inanim\u00e9 et vivant. Teilhard poursuit en \u00e9crivant que mati\u00e8re et conscience \u00e9voluent suivant la loi de complexit\u00e9-conscience. La qualit\u00e9 de conscience augmente avec la complexit\u00e9 du cerveau qui chez l'homo sapiens permet la pens\u00e9e r\u00e9fl\u00e9chie.","og_url":"https:\/\/www.revue3emillenaire.com\/blog\/l\u2019energie-humaine-par-le-docteur-guy-van-renynghe\/","og_site_name":"3e mill\u00e9naire - Spiritualit\u00e9 - Connaissance de soi - Non-dualit\u00e9 - M\u00e9ditation","article_published_time":"2010-09-06T13:21:38+00:00","author":"3e mill\u00e9naire","twitter_card":"summary_large_image","twitter_misc":{"\u00c9crit par":"3e mill\u00e9naire","Dur\u00e9e de lecture estim\u00e9e":"66 minutes"},"schema":{"@context":"https:\/\/schema.org","@graph":[{"@type":"Article","@id":"https:\/\/www.revue3emillenaire.com\/blog\/l%e2%80%99energie-humaine-par-le-docteur-guy-van-renynghe\/#article","isPartOf":{"@id":"https:\/\/www.revue3emillenaire.com\/blog\/l%e2%80%99energie-humaine-par-le-docteur-guy-van-renynghe\/"},"author":{"name":"3e mill\u00e9naire","@id":"https:\/\/www.revue3emillenaire.com\/blog\/#\/schema\/person\/9a3a7cc4ccaa707f402d4394327106d5"},"headline":"L\u2019\u00e9nergie humaine par le docteur Guy van Renynghe","datePublished":"2010-09-06T13:21:38+00:00","mainEntityOfPage":{"@id":"https:\/\/www.revue3emillenaire.com\/blog\/l%e2%80%99energie-humaine-par-le-docteur-guy-van-renynghe\/"},"wordCount":13147,"keywords":["cerveau","Conscience","\u00c9volution","Psychologie","Teilhard"],"articleSection":["van Renynghe Guy"],"inLanguage":"fr-FR"},{"@type":"WebPage","@id":"https:\/\/www.revue3emillenaire.com\/blog\/l%e2%80%99energie-humaine-par-le-docteur-guy-van-renynghe\/","url":"https:\/\/www.revue3emillenaire.com\/blog\/l%e2%80%99energie-humaine-par-le-docteur-guy-van-renynghe\/","name":"L\u2019\u00e9nergie humaine par le docteur Guy van Renynghe - 3e mill\u00e9naire - Spiritualit\u00e9 - Connaissance de soi - Non-dualit\u00e9 - M\u00e9ditation","isPartOf":{"@id":"https:\/\/www.revue3emillenaire.com\/blog\/#website"},"datePublished":"2010-09-06T13:21:38+00:00","author":{"@id":"https:\/\/www.revue3emillenaire.com\/blog\/#\/schema\/person\/9a3a7cc4ccaa707f402d4394327106d5"},"breadcrumb":{"@id":"https:\/\/www.revue3emillenaire.com\/blog\/l%e2%80%99energie-humaine-par-le-docteur-guy-van-renynghe\/#breadcrumb"},"inLanguage":"fr-FR","potentialAction":[{"@type":"ReadAction","target":["https:\/\/www.revue3emillenaire.com\/blog\/l%e2%80%99energie-humaine-par-le-docteur-guy-van-renynghe\/"]}]},{"@type":"BreadcrumbList","@id":"https:\/\/www.revue3emillenaire.com\/blog\/l%e2%80%99energie-humaine-par-le-docteur-guy-van-renynghe\/#breadcrumb","itemListElement":[{"@type":"ListItem","position":1,"name":"Accueil","item":"https:\/\/www.revue3emillenaire.com\/blog\/"},{"@type":"ListItem","position":2,"name":"L\u2019\u00e9nergie humaine par le docteur Guy van Renynghe"}]},{"@type":"WebSite","@id":"https:\/\/www.revue3emillenaire.com\/blog\/#website","url":"https:\/\/www.revue3emillenaire.com\/blog\/","name":"3e mill\u00e9naire - Spiritualit\u00e9 - Connaissance de soi - Non-dualit\u00e9 - M\u00e9ditation","description":"L&#039;Homme en devenir","potentialAction":[{"@type":"SearchAction","target":{"@type":"EntryPoint","urlTemplate":"https:\/\/www.revue3emillenaire.com\/blog\/?s={search_term_string}"},"query-input":{"@type":"PropertyValueSpecification","valueRequired":true,"valueName":"search_term_string"}}],"inLanguage":"fr-FR"},{"@type":"Person","@id":"https:\/\/www.revue3emillenaire.com\/blog\/#\/schema\/person\/9a3a7cc4ccaa707f402d4394327106d5","name":"3e mill\u00e9naire","url":"https:\/\/www.revue3emillenaire.com\/blog\/author\/admin\/"}]}},"_links":{"self":[{"href":"https:\/\/www.revue3emillenaire.com\/blog\/wp-json\/wp\/v2\/posts\/4591","targetHints":{"allow":["GET"]}}],"collection":[{"href":"https:\/\/www.revue3emillenaire.com\/blog\/wp-json\/wp\/v2\/posts"}],"about":[{"href":"https:\/\/www.revue3emillenaire.com\/blog\/wp-json\/wp\/v2\/types\/post"}],"author":[{"embeddable":true,"href":"https:\/\/www.revue3emillenaire.com\/blog\/wp-json\/wp\/v2\/users\/1"}],"replies":[{"embeddable":true,"href":"https:\/\/www.revue3emillenaire.com\/blog\/wp-json\/wp\/v2\/comments?post=4591"}],"version-history":[{"count":0,"href":"https:\/\/www.revue3emillenaire.com\/blog\/wp-json\/wp\/v2\/posts\/4591\/revisions"}],"wp:attachment":[{"href":"https:\/\/www.revue3emillenaire.com\/blog\/wp-json\/wp\/v2\/media?parent=4591"}],"wp:term":[{"taxonomy":"category","embeddable":true,"href":"https:\/\/www.revue3emillenaire.com\/blog\/wp-json\/wp\/v2\/categories?post=4591"},{"taxonomy":"post_tag","embeddable":true,"href":"https:\/\/www.revue3emillenaire.com\/blog\/wp-json\/wp\/v2\/tags?post=4591"}],"curies":[{"name":"wp","href":"https:\/\/api.w.org\/{rel}","templated":true}]}}