{"id":4666,"date":"2010-09-13T02:25:37","date_gmt":"2010-09-13T01:25:37","guid":{"rendered":"http:\/\/www.revue3emillenaire.com\/blog\/?p=4666"},"modified":"2011-10-01T01:31:14","modified_gmt":"2011-10-01T00:31:14","slug":"la-conception-chretienne-du-temps-par-michele-reboul","status":"publish","type":"post","link":"https:\/\/www.revue3emillenaire.com\/blog\/la-conception-chretienne-du-temps-par-michele-reboul\/","title":{"rendered":"La conception chr\u00e9tienne du temps par Mich\u00e8le Reboul"},"content":{"rendered":"<p style=\"text-align: justify;\">(Revue Question De. N<sup>o<\/sup> 16\u00a0: <em>La fin du monde<\/em>. Janvier-F\u00e9vrier 1977)<\/p>\n<p style=\"text-align: justify;\">\n<p style=\"text-align: justify;\"><strong><em>Le sens \u00e9tymologique de la fin du monde \u2014 Quand la th\u00e9orie sto\u00efcienne rejoint la physique quantique \u2014 le \u00ab temps circulaire des hindous \u2014 Satan, \u00ab prince du monde \u00bb pour les gnostiques \u2014 Av\u00e8nement du christianisme \u2014 \u00ab Le grand tournant \u00bb \u2014 L&rsquo;\u00e9ternit\u00e9, c\u0153ur du temps \u2014 Le monde vu comme la terre de Dieu \u2014 Une morale \u00e0 vivre : mourir \u00e0 notre \u00e9gocentrisme \u2014 L&rsquo;amour, solution de toutes les \u00e9nigmes.<\/em><\/strong><\/p>\n<p style=\"text-align: justify;\"><em> <\/em><\/p>\n<p style=\"text-align: justify;\">Il est int\u00e9ressant de constater que \u00ab fin \u00bb, en h\u00e9breu, comme en grec (telos), signifie finalit\u00e9, but, et ce n&rsquo;est que plus tard qu&rsquo;on a r\u00e9duit la vis\u00e9e du but \u00e0 son r\u00e9sultat. Originellement, la fin du monde signifie donc la finalit\u00e9 du monde, et la question qui se pose est alors de savoir si le dessein de ce monde, une fois r\u00e9alis\u00e9, rendrait inutile ce monde m\u00eame, autrement dit si le monde n&rsquo;existe que pour r\u00e9aliser un certain but, le monde que nous connaissons devant dispara\u00eetre une fois ce but atteint. Le monde et l&rsquo;homme sont li\u00e9s dans une m\u00eame \u00e9treinte, chacun recevant son sens de l&rsquo;autre, la fin du monde \u00e9tant celle de l&rsquo;humanit\u00e9 et de chaque homme \u00e0 sa mort. Si, comme nous l&rsquo;a indiqu\u00e9 l&rsquo;\u00e9tymologie, la fin ne signifie pas l&rsquo;arr\u00eat mais l&rsquo;accomplissement d&rsquo;une finalit\u00e9, alors la fin du monde pourrait \u00eatre r\u00e9alisation du sens du monde, transfiguration de ce monde, c&rsquo;est-\u00e0-dire r\u00e9v\u00e9lation de sa vraie figure transcendante, de ce qu&rsquo;il figure, de ce dont il est le symbole, et par l\u00e0 m\u00eame transfiguration du temps et du corps.<\/p>\n<p style=\"text-align: justify;\">\n<p style=\"text-align: justify;\">La notion de la fin du monde a son origine dans la perspective eschatologique du christianisme, d&rsquo;un temps qui a commenc\u00e9 avec le monde et finira avec lui, d&rsquo;un temps li\u00e9 au dessein de Dieu sur l&rsquo;homme et, partant, d&rsquo;une \u00e9volution cr\u00e9atrice de l&rsquo;histoire. Le temps n&rsquo;a de sens que dans la mesure o\u00f9 il s&rsquo;abolit lui-m\u00eame en permettant \u00e0 l&rsquo;\u0153uvre de la cr\u00e9ation de s&rsquo;accomplir, il est le signe et l&rsquo;\u00e9preuve de la libert\u00e9. Par suite, des philosophes qui n&rsquo;admettent ni la cr\u00e9ation, ni la libert\u00e9, ni la transcendance de Dieu sur l&rsquo;homme sont amen\u00e9s \u00e0 nier le temps, \u00e0 s\u00e9parer le temps de l&rsquo;\u00e9ternit\u00e9, comme l&rsquo;imaginaire du r\u00e9el, alors que l&rsquo;eschatologie chr\u00e9tienne est fond\u00e9e sur l&rsquo;union paradoxale du temps et de l&rsquo;\u00e9ternit\u00e9.<\/p>\n<p style=\"text-align: justify;\">\n<p style=\"text-align: justify;\">Si le monde revient \u00e9ternellement, si la fin du monde inclut en elle son propre commencement, le monde est-il une r\u00e9p\u00e9tition continue, qui nierait toute naissance, comme toute mort, toute libert\u00e9, toute impr\u00e9visibilit\u00e9, les hommes n&rsquo;\u00e9tant jamais jeunes, jamais nouveaux, puisque le b\u00e9b\u00e9 qui na\u00eet est un vieillard s\u00e9culaire qui ne cessera de rena\u00eetre ind\u00e9finiment ? Le monde para\u00eet alors l&rsquo;enfer ; lieu du d\u00e9sespoir le plus absolu puisque, la n\u00e9cessit\u00e9 du monde m&rsquo;incluant en elle, je ne peux jamais en sortir, toujours \u00e0 moi-m\u00eame recommenc\u00e9.<\/p>\n<p style=\"text-align: justify;\">\n<p style=\"text-align: justify;\"><strong>Pour les sto\u00efciens, le temps n&rsquo;a qu&rsquo;un mode : le pr\u00e9sent<\/strong><\/p>\n<p style=\"text-align: justify;\">\n<p style=\"text-align: justify;\">Cette id\u00e9e d&rsquo;un retour \u00e9ternel non seulement du monde, mais de l&rsquo;homme a \u00e9t\u00e9 adopt\u00e9e par les sto\u00efciens en toute logique puisque, pour eux, l&rsquo;homme est un microcosme dans le macrocosme (petit monde dans le grand monde) et que le pr\u00e9sent, de l&rsquo;individu comme de l&rsquo;univers, se confond avec l&rsquo;\u00e9ternit\u00e9. Marc-Aur\u00e8le \u00e9crit : \u00ab Qui a vu le pr\u00e9sent a tout vu, le pass\u00e9 imm\u00e9morial et le futur \u00e0 l&rsquo;infini \u00bb (Pens\u00e9es, VI, 37)<a href=\"#_ftn1\">[1]<\/a>. \u00ab\u00a0C&rsquo;est pourquoi tout ce que tu souhaites d&rsquo;atteindre dans une longue p\u00e9riode, tu peux l&rsquo;avoir d\u00e8s maintenant si tu ne te le refuses \u00e0 toi m\u00eame \u00bb (Pens\u00e9es XII)<a href=\"#_ftn2\">[2]<\/a>. La libert\u00e9 consiste dans l&rsquo;acceptation de cette n\u00e9cessit\u00e9. Volont\u00e9 du cosmos divin \u2014 mais non dans la responsabilit\u00e9, le choix d&rsquo;un \u00e9v\u00e9nement, car \u00ab l&rsquo;\u00e9v\u00e9nement \u00bb futur ne surgit pas brusquement, l&rsquo;\u00e9coulement du temps d&rsquo;un moment \u00e0 l&rsquo;autre ressemble au d\u00e9roulement d&rsquo;un c\u00e2ble <em>qui ne produit rien de nouveau<a href=\"#_ftn3\"><strong>[3]<\/strong><\/a><\/em>, mais qui d\u00e9ploie, \u00e0 chaque fois, ce qui \u00e9tait auparavant \u00bb (Cic\u00e9ron, De divinatione, I-LVI, 127). Tr\u00e8s curieusement, cette id\u00e9e sto\u00efcienne du temps o\u00f9 pass\u00e9 et futur sont inclus dans le pr\u00e9sent, o\u00f9 le temps n&rsquo;a qu&rsquo;un mode : le pr\u00e9sent, rejoint les conceptions de la physique quantique actuelle<a href=\"#_ftn4\">[4]<\/a>.<\/p>\n<p style=\"text-align: justify;\">\n<p style=\"text-align: justify;\">Cependant, ce oui est tout \u00e0 fait propre \u00e0 l&rsquo;\u00e9cole du Portique, c&rsquo;est, comme l&rsquo;avait dit Platon ant\u00e9rieurement, \u00ab la n\u00e9cessit\u00e9 d&rsquo;admettre que les \u00e2mes des morts sont quelque part, et que c&rsquo;est justement \u00e0 partir de l\u00e0 qu&rsquo;elles naissent \u00e0 nouveau \u00bb (Ph\u00e9don, 72 a &#8211; Pl\u00e9iade I, p. 786).<\/p>\n<p style=\"text-align: justify;\">\n<p style=\"text-align: justify;\">Cette n\u00e9cessit\u00e9 incluait un espace qui, \u00e9tant limit\u00e9, ne pourrait contenir qu&rsquo;un nombre d\u00e9termin\u00e9 d&rsquo;\u00e2mes. Par suite, il fallait admettre la r\u00e9incarnation des \u00e2mes et que chaque \u00eatre revienne \u00e0 sa place pr\u00e9c\u00e9dente. Face \u00e0 cette situation qui fait de chacun de nous un \u00e9ternel esclave de la noria du monde, il y a soit la r\u00e9ponse nietzsch\u00e9enne d&rsquo;aimer la n\u00e9cessit\u00e9 de telle sorte qu&rsquo;on en veuille le retour \u00e9ternel, soit la r\u00e9ponse platonicienne par la r\u00e9miniscence ou le postulat hindouiste de \u00ab sortie du temps\u00a0\u00bb<a href=\"#_ftn5\">[5]<\/a>.<\/p>\n<p style=\"text-align: justify;\">\n<p style=\"text-align: justify;\">\n<p style=\"text-align: justify;\"><strong>La position des gnostiques<\/strong><\/p>\n<p style=\"text-align: justify;\">\n<p style=\"text-align: justify;\">Tandis que pour les hindous la r\u00e9alit\u00e9 est la conjoncture du temps et de l&rsquo;\u00e9ternit\u00e9, l&rsquo;erreur consistant \u00e0 croire que le temps est la seule r\u00e9alit\u00e9 (ce qui est faire du temps une illusion), pour les gnostiques, le temps est une r\u00e9alit\u00e9, mais mauvaise. Alors que pour toutes les philosophies, grecque et hindoue, la fin du monde n&rsquo;est jamais d\u00e9finitive mais seulement, comme nous l&rsquo;avons vu, la fin d&rsquo;un monde pr\u00eat \u00e0 un autre recommencement dans une r\u00e9p\u00e9tition \u00ab ad indefinitum \u00bb, pour les gnostiques comme pour les chr\u00e9tiens (mais dans un autre sens, comme il sera montr\u00e9 plus loin), la fin du monde est r\u00e9elle et nous devons la h\u00e2ter, car elle signifiera la fin du mal. Les gnostiques expliquent la constatation du mal dans le monde en disant que non seulement le mal est dans le monde, mais que le monde est le mal, Satan, le malin, \u00e9tant le \u00ab prince de ce monde\u00a0\u00bb. Les gnostiques se heurtent \u00e0 cette contradiction fr\u00e9quemment \u00e9nonc\u00e9e<a href=\"#_ftn6\">[6]<\/a> : ou Dieu est tout-puissant et mauvais, car alors, s&rsquo;il l&rsquo;avait voulu, il n&rsquo;y aurait pas eu de mal dans l&rsquo;univers ; ou Dieu est bon mais impuissant vis-\u00e0-vis du mal.<\/p>\n<p style=\"text-align: justify;\">\n<p style=\"text-align: justify;\">Pour \u00ab\u00a0d\u00e9culpabiliser \u00bb Dieu du mal de la cr\u00e9ation, les gnostiques ont r\u00e9solu ce dilemme en croyant en un Dieu transcendant et bon, mais qui est en dehors de la cr\u00e9ation, et un Dieu cr\u00e9ateur et inf\u00e9rieur, \u00e0 l&rsquo;oppos\u00e9 du Dieu transcendant. La cr\u00e9ation est tout enti\u00e8re une prison o\u00f9 l&rsquo;homme est jet\u00e9 dans la solitude, la douleur et la servitude.<\/p>\n<p style=\"text-align: justify;\">\n<p style=\"text-align: justify;\">Les sph\u00e8res plan\u00e9taires sont des postes de douane ou des ge\u00f4les o\u00f9 des gardiens s&rsquo;efforcent de retenir les \u00e2mes qui tentent d&rsquo;\u00e9chapper aux cha\u00eenes du devenir. La seule possibilit\u00e9 de lib\u00e9ration consiste \u00e0 vaincre le monde en se d\u00e9pouillant du monde, \u00e0 annihiler la mati\u00e8re en devenant esprit \u00e9ternel, \u00e0 retrouver sa vraie patrie. La gn\u00f4sis \u2014 connaissance \u2014 est aussi epign\u00f4sis \u2014 reconnaissance \u2014, ressouvenir de mon \u00e9tat d&rsquo;exil et de ma nature originelle, divine, intemporelle. Le salut est d\u00e9j\u00e0 l\u00e0. Il suffit de me lib\u00e9rer de l&rsquo;oubli que donne le corps, de vaincre la mort du cosmos. Valentin dit \u00e0 ses initi\u00e9s : \u00ab Vous \u00eates immortels d\u00e8s le principe, vous \u00eates les fils de la Vie \u00e9ternelle, et vous vouliez vous partager la mort afin de la d\u00e9penser et de l&rsquo;\u00e9puiser, et que meure la mort en vous et par vous. Car, lorsque vous d\u00e9sagr\u00e9gez le monde sans \u00eatre vous-m\u00eame dissous, vous \u00eates ma\u00eetres de la cr\u00e9ation et de la corruption enti\u00e8re<a href=\"#_ftn7\">[7]<\/a>. \u00bb Ainsi la fin du monde pour les gnostiques est-elle int\u00e9rieure. Il n&rsquo;y a pas chez eux, au contraire des chr\u00e9tiens, de r\u00e9surrection des corps mais rejet du corps comme d&rsquo;une illusion et \u00e9veil \u00e0 l&rsquo;esprit. Le parfait, le gnostique, celui qui sait, est d\u00e8s maintenant tel que tous doivent \u00eatre \u00e0 la fin des temps.<\/p>\n<p style=\"text-align: justify;\">\n<p style=\"text-align: justify;\">En ce qui concerne la fin du monde, nous pouvons dire qu&rsquo;avant le christianisme le monde \u00e9tait consid\u00e9r\u00e9 comme divin et \u00e9ternel et que la fin du monde n&rsquo;\u00e9tait que la fin d&rsquo;un monde, c&rsquo;est-\u00e0-dire d&rsquo;un cycle qui reviendra ind\u00e9finiment. Le temps (et par cons\u00e9quent l&rsquo;histoire) n&rsquo;existe donc pas en tant que r\u00e9alit\u00e9, il est, comme le disait Platon, l&rsquo;image de l&rsquo;\u00e9ternit\u00e9<a href=\"#_ftn8\">[8]<\/a>, image plus ou moins proche de son mod\u00e8le, le temps \u00e9tant \u00e0 la fois ce qui permet \u00e0 l&rsquo;homme de retrouver, par la purification progressive du corps, de l&rsquo;intellect, son origine divine et \u00e9ternelle (on peut voir \u00e0 ce sujet la notion de \u00ab dialectique \u00bb chez Platon, dans le Banquet par exemple), mais aussi ce qui est d&rsquo;une certaine fa\u00e7on au principe du mal puisqu&rsquo;il participe \u00e0 l&rsquo;\u00ab audace \u00bb. Comme dit Plotin, de l&rsquo;individuation, du d\u00e9sir de s\u00e9paration, de distinction d&rsquo;avec l&rsquo;unit\u00e9 \u00e9ternelle et que, par l\u00e0 m\u00eame, il contribue \u00e0 l&rsquo;attirance que l&rsquo;\u00e2me a pour le corps.<\/p>\n<p style=\"text-align: justify;\">\n<p style=\"text-align: justify;\">En revanche, \u00e0 partir du christianisme, la fin du monde est bien r\u00e9elle et signifie la fin du temps dans les deux sens du mot : ach\u00e8vement du temps comme n&rsquo;ayant plus de raison d&rsquo;\u00eatre et finalit\u00e9 du temps, le temps ayant pour but la fin des temps.<\/p>\n<p style=\"text-align: justify;\">\n<p style=\"text-align: justify;\"><strong>Pour le christianisme, le temps a un d\u00e9but et une fin<\/strong><\/p>\n<p style=\"text-align: justify;\">\n<p style=\"text-align: justify;\">Pour le christianisme, le monde a commenc\u00e9 dans le temps, il a \u00e9t\u00e9 cr\u00e9\u00e9 librement (contrairement \u00e0 la croyance panth\u00e9iste d&rsquo;un monde \u00e9ternel et n\u00e9cessaire) et il finira dans le temps. La cr\u00e9ation est centr\u00e9e sur le Christ : la Gen\u00e8se et les proph\u00e9ties pr\u00e9parent son av\u00e8nement et, \u00e0 partir de son incarnation, l&rsquo;histoire prend comme sens la fin des temps, l&rsquo;Apocalypse, l&rsquo;eschatologie ou venue du r\u00e8gne de Dieu dans le monde. L&rsquo;histoire de l&rsquo;homme devient celle de Dieu, de l&rsquo;incarnation progressive de Dieu dans l&rsquo;homme, de Dieu se faisant \u00ab Fils de l&rsquo;homme<a href=\"#_ftn9\">[9]<\/a> \u00bb et de l&rsquo;Homme se faisant \u00ab Fils de Dieu \u00bb. \u00ab Dieu \u00e9crit sa propre r\u00e9v\u00e9lation dans l&rsquo;apparence des \u00e9v\u00e9nements du monde \u00bb, nous dit L\u00e9on Bloy dans son r\u00e9cit Dans les t\u00e9n\u00e8bres<a href=\"#_ftn10\">[10]<\/a>.<\/p>\n<p style=\"text-align: justify;\">\n<p style=\"text-align: justify;\">Alors que le temps pour l&rsquo;hell\u00e9nisme ou l&rsquo;hindouisme est circulaire, reproduisant la sph\u00e8re du monde, la sph\u00e8re \u00e9tant le symbole de la perfection mais aussi de la n\u00e9cessit\u00e9 enferm\u00e9e en elle-m\u00eame, le temps du christianisme est rectiligne, il est \u00ab via recta\u00a0\u00bb, la voie droite. L&rsquo;histoire est histoire sainte, l&rsquo;histoire a pour but le salut de chaque homme, c&rsquo;est-\u00e0-dire la sanctification de chaque homme puisque le Christ ne viendra parachever l&rsquo;\u0153uvre de la Cr\u00e9ation que lorsque \u00ab Dieu sera tout en tous \u00bb. Le temps est la distance de nous-m\u00eames \u00e0 nous-m\u00eames, de nous-m\u00eames \u00e0 notre r\u00e9alit\u00e9, Dieu. Si le temps est la prise de conscience progressive de notre \u00e9ternit\u00e9, c&rsquo;est parce que l&rsquo;\u00e9ternit\u00e9 est la vie de l&rsquo;amour. C&rsquo;est parce que l&rsquo;amour est infini que nous ne cesserons jamais de nous unir \u00e0 lui. Amour qui est \u00e0 la fois pr\u00e9sence et absence puisque l&rsquo;union est toujours d\u00e9j\u00e0 l\u00e0 et toujours \u00e0 venir, l&rsquo;\u00e9ternit\u00e9 \u00e9tant la pr\u00e9sence de l&rsquo;\u00catre et notre pr\u00e9sence \u00e0 l&rsquo;\u00catre, tandis que le temps est le mouvement de l&rsquo;amour. C&rsquo;est parce que je ne suis pas Dieu mais que Dieu est en moi que je m&rsquo;unis \u00e0 l&rsquo;Eternel dans et par le temps, le temps \u00e9tant la respiration de l&rsquo;amour, l&rsquo;espace o\u00f9 l&rsquo;amour se vit. Si l&rsquo;\u00e9ternit\u00e9 est non pas ce qui \u00e9tait avant le temps ou ce qui sera apr\u00e8s le temps mais la pl\u00e9nitude du temps \u2014 elle est la r\u00e9alit\u00e9 de l&rsquo;amour \u2014, le c\u0153ur du temps \u2014 car elle est le souffle de la vie \u2014, nous comprendrons que, pour les chr\u00e9tiens, nous sommes \u00e9ternels dans la totalit\u00e9 de notre \u00eatre, sans distinction Entre corps et esprit, puisque tous deux ne font qu&rsquo;un, comme nous le verrons. La fin du monde signifie donc non seulement la fin du temps, mais la fin du corps comme transfiguration du corps en esprit.<\/p>\n<p style=\"text-align: justify;\">\n<p style=\"text-align: justify;\">La fin du monde est la transformation de notre corps charnel en corps spirituel. Les Anciens avaient d\u00e9j\u00e0 vu la double nature de notre corps : le corps passionnel, si\u00e8ge de l&rsquo;intemp\u00e9rance des d\u00e9sirs, de la volont\u00e9 de possession, le corps voulant toujours tout assimiler \u00e0 soi, et le corps si\u00e8ge de l&rsquo;\u00e2me, lieu de la beaut\u00e9. Nous avons en nous deux principes, nous dit Platon dans le Ph\u00e8dre : \u00ab L&rsquo;un est inn\u00e9, qui est d\u00e9sir de jouissances ; l&rsquo;autre est une croyance acquise, qui est aspiration au plus parfait<a href=\"#_ftn11\">[11]<\/a>. \u00bb Notre condition charnelle est due \u00e0 un \u00ab appesantissement \u00bb de l&rsquo;\u00e2me qui a fait tomber les plumes de ses ailes<a href=\"#_ftn12\">[12]<\/a>, mais c&rsquo;est par la contemplation de la beaut\u00e9 dont le corps est le reflet que l&rsquo;\u00e2me pourra \u00e0 nouveau retrouver ses plumes et s&rsquo;envoler l\u00e9g\u00e8re vers la Beaut\u00e9, \u00ab \u00e0 l&rsquo;\u00e2me seule visible<a href=\"#_ftn13\">[13]<\/a> \u00bb. Pour la philosophie hell\u00e9nique, le corps est une image de la beaut\u00e9 de l&rsquo;esprit universel, aussi la transformation du corps est passage au corps illusoirement individuel en un corps cosmique, alors que pour les tao\u00efstes ou les chr\u00e9tiens le corps est moyen de personnalisation de soi-m\u00eame dans un d\u00e9pouillement du \u00ab moi \u00bb qui permet de vaincre la mort, le renoncement \u00e0 soi \u00e9tant la manifestation la plus parfaite de l&rsquo;existence comme personne, c&rsquo;est-\u00e0-dire comme amour.<\/p>\n<p style=\"text-align: justify;\">\n<p style=\"text-align: justify;\">La mort ne tue que ce qui est mortel, c&rsquo;est-\u00e0-dire les possessions ext\u00e9rieures \u00e0 la personne. On lit dans le <em>Livre de la Voie et de la Vertu<\/em>, ou Tao (chap. L) : \u00ab J&rsquo;ai entendu dire que celui qui a une bonne prise sur la vie, quand il voyage par terre, ne rencontre ni rhinoc\u00e9ros ni tigres ; quand il s&rsquo;en va au combat, ne porte ni cuirasse ni armes. Le rhinoc\u00e9ros ne trouve en lui aucun endroit o\u00f9 enfoncer sa corne ; le tigre ne trouve en lui aucun endroit o\u00f9 faire entrer ses griffes ; les armes ne trouvent en lui aucun endroit o\u00f9 le percer de leurs lames. \u00bb \u00ab C&rsquo;est par l&rsquo;asc\u00e8se, la lib\u00e9ration du corps charnel (en h\u00e9breu, bas\u00e2r) qu&rsquo;on atteint au corps spirituel (nephesh en h\u00e9breu), qu&rsquo;on transmue les sens dans ce qu&rsquo;ils sont originellement, des organes de lumi\u00e8re ; et, la lumi\u00e8re divine \u00e9tant \u00e0 jamais in\u00e9puisable, nous ne cesserons de la reconna\u00eetre, plus pur et plus beau est le ciel qui t&rsquo;appara\u00eet, jusqu&rsquo;\u00e0 ce que finalement tu chemines dans la puret\u00e9 divine. Mais la puret\u00e9 divine est elle aussi sans limite. Ne crois donc jamais qu&rsquo;au-del\u00e0 de ce que tu as atteint il n&rsquo;y ait plus rien d&rsquo;autre, quelque chose de toujours plus \u00e9lev\u00e9. \u00bb<\/p>\n<p style=\"text-align: justify;\">\n<p style=\"text-align: justify;\"><strong>Quel corps ressuscitera ?<\/strong><\/p>\n<p style=\"text-align: justify;\">\n<p style=\"text-align: justify;\">Le corps est d\u00e9sir, mais son vrai d\u00e9sir n&rsquo;est pas jouissance de soi par l&rsquo;autre, jouissance qui, toujours inassouvie, ne lui prouve qu&rsquo;amertume et tristesse, mais d\u00e9sir de l&rsquo;autre, amour de l&rsquo;autre, don de soi \u00e0 l&rsquo;autre, de telle sorte que le corps n&rsquo;est plus cette opacit\u00e9 masqu\u00e9e par ses d\u00e9sirs, mais le lieu de rencontre de l&rsquo;autre, le lieu o\u00f9 jaillit la lumi\u00e8re cach\u00e9e.<\/p>\n<p style=\"text-align: justify;\">\n<p style=\"text-align: justify;\">\u00ab D&rsquo;une caresse, je te fais briller de tout ton \u00e9clat \u00bb, dit un amant sous la plume d&rsquo;\u00c9luard. Ainsi que le dit Ibn Arabi : \u00ab L&rsquo;Amant divin est Esprit sans corps ; l&rsquo;amant physique pur et simple est un corps sans esprit ; l&rsquo;amant spirituel (c&rsquo;est-\u00e0-dire l&rsquo;amant mystique) poss\u00e8de esprit et corps<a href=\"#_ftn14\">[14]<\/a>. \u00bb<\/p>\n<p style=\"text-align: justify;\">\n<p style=\"text-align: justify;\">Si le christianisme croit \u00e0 la r\u00e9surrection des corps, c&rsquo;est, bien s\u00fbr, non au sens du corps-cadavre charnel, mais au sens du corps-esprit, qui est le temple de l&rsquo;Esprit saint, la forme visible de l&rsquo;\u00e2me, l&rsquo;incarnation en notre chair du corps mystique.<\/p>\n<p style=\"text-align: justify;\">\n<p style=\"text-align: justify;\">La fin du monde arrivera avec la fin du corps, toutes deux \u00e9tant li\u00e9es. Si la fin du corps est dans le d\u00e9pouillement de ce qui est impersonnel en lui, de ce qui n&rsquo;est qu&rsquo;impulsion de la nature possessive, d\u00e9voratrice en lui pour atteindre sa r\u00e9alit\u00e9 lumineuse, sa vie d&rsquo;amour dans un \u00e9change continuel avec l&rsquo;autre, l&rsquo;homme vit une vie spirituelle dont la dur\u00e9e est tout autre que celle d&rsquo;un temps m\u00fb par l&rsquo;insatisfaction et le d\u00e9sir. Dans tout d\u00e9sir, nous d\u00e9sirons la pl\u00e9nitude que nous n&rsquo;atteignons qu&rsquo;en nous lib\u00e9rant de tout d\u00e9sir, dans le D\u00e9sir du Tout.<\/p>\n<p style=\"text-align: justify;\">\n<p style=\"text-align: justify;\">Si la fin du monde est la fin du temps comme vie dans l&rsquo;\u00e9ternit\u00e9 et la fin du corps comme vie dans l&rsquo;esprit, nous voyons que la fin du monde a pour finalit\u00e9 son propre ach\u00e8vement, c&rsquo;est-\u00e0-dire la venue d&rsquo;un monde spirituel et \u00e9ternel dont ce monde-ci temporel et corporel est la matrice.<\/p>\n<p style=\"text-align: justify;\">\n<p style=\"text-align: justify;\">La fin du monde arrivera lorsque le monde aura r\u00e9alis\u00e9 sa raison d&rsquo;\u00eatre, lorsqu&rsquo;il sera devenu la terre de Dieu, la terre c\u00e9leste, mais pour chacun de nous la fin du monde arrive \u00e0 notre mort, non seulement \u00e0 notre mort ultime, mais \u00e0 notre mort continue chaque fois que nous mourons \u00e0 nous-m\u00eames en nous d\u00e9tachant de notre pass\u00e9 \u2014 qui ne reviendra plus \u2014 en acceptant qu&rsquo;il soit \u00ab d\u00e9pass\u00e9 \u00bb et en nous d\u00e9tachant non seulement de tout avoir mais surtout de notre propre \u00eatre. Rainer Maria Rilke \u00e9crit dans la premi\u00e8re des <em>\u00c9l\u00e9gies de Duino<\/em> : \u00ab Certes, il est \u00e9trange de ne plus habiter la terre, de ne plus exercer des usages \u00e0 peine appris, de ne plus accorder aux roses et \u00e0 tant d&rsquo;autres\u00a0 choses pleines de leurs propres promesses le sens d&rsquo;un avenir humain ; de ne plus \u00eatre ce que l&rsquo;on fut dans des mains infiniment craintives et de d\u00e9laisser son nom m\u00eame comme un jouet cass\u00e9. Il est \u00e9trange de ne plus d\u00e9sirer ses d\u00e9sirs, \u00e9trange de voir voleter, dispers\u00e9es dans l&rsquo;espace, toutes ces choses qui \u00e9taient jointes. Il est difficile de vivre dans la mort. Il faut retrouver beaucoup de choses perdues avant de sentir, peu \u00e0 peu, quelque \u00e9ternit\u00e9. \u00bb<\/p>\n<p style=\"text-align: justify;\">\n<p style=\"text-align: justify;\"><strong>La fin du monde, exp\u00e9rience de notre propre \u00e9ternit\u00e9<\/strong><\/p>\n<p style=\"text-align: justify;\">\n<p style=\"text-align: justify;\">La fin du monde est l&rsquo;exp\u00e9rience de notre propre \u00e9ternit\u00e9 et du sens de notre vie comme amour. Si le monde n&rsquo;avait pas de fin, c&rsquo;est comme si l&rsquo;homme n&rsquo;avait pas de mort. Pourquoi vivre si nous devions vivre ind\u00e9finiment ? Il n&rsquo;y a de but, de sens que s&rsquo;il y a possibilit\u00e9 de l&rsquo;atteindre en un ach\u00e8vement final. Si la mort est la fin de notre vie, le sens de notre vie, c&rsquo;est qu&rsquo;elle est tout au long de la vie par notre mort organique (transformation et usure du corps), notre mort psychologique (transformation et d\u00e9tachement du moi pass\u00e9, dont, \u00e0 chaque seconde, je suis arrach\u00e9e par un mouvement irr\u00e9versible), pr\u00e9paration \u00e0 la mort du \u00ab moi \u00bb. La mort volontaire, le don de la vie, est r\u00e9surrection de notre \u00eatre, tandis que l&rsquo;engloutissement dans notre moi est proprement notre mort puisque vivre, c&rsquo;est aimer.<\/p>\n<p style=\"text-align: justify;\">\n<p style=\"text-align: justify;\">Teilhard de Chardin \u00e9crit dans <em>le Milieu divin<\/em> : \u00ab Chaque homme se fait son \u00e2me tout au long de ses jours terrestres ; et, en m\u00eame temps, il collabore \u00e0 une autre \u0153uvre, \u00e0 un autre \u00ab\u00a0opus\u00a0\u00bb, qui d\u00e9borde infiniment, tout en les commandant \u00e9troitement, les perspectives de sa r\u00e9ussite individuelle ; l&rsquo;ach\u00e8vement du monde. \u00bb<\/p>\n<p style=\"text-align: justify;\">\u00ab\u00a0La fin du monde, renversement d&rsquo;\u00e9quilibre, d\u00e9tachant l&rsquo;Esprit, enfin achev\u00e9, de sa matrice mat\u00e9rielle, pour le faire reposer de tout son poids sur le Dieu Om\u00e9ga. La fin du monde, point critique tout \u00e0 la fois d&rsquo;\u00e9mergence et d&rsquo;\u00e9mersion, de saturation et d&rsquo;\u00e9vasion<a href=\"#_ftn15\">[15]<\/a>.\u00a0\u00bb<\/p>\n<p style=\"text-align: justify;\">\n<p style=\"text-align: justify;\"><strong>La fin du monde, transformation et restauration de l&rsquo;homme <\/strong><\/p>\n<p style=\"text-align: justify;\">\n<p style=\"text-align: justify;\">La fin du monde est transformation du monde en un cosmos anim\u00e9 et signifiant, \u00ab o\u00f9 le loup pa\u00eetra en paix avec la brebis\u00a0\u00bb (\u00c9z\u00e9chiel), et transformation des hommes l&rsquo;un par l&rsquo;autre. La fin du monde est \u00e0 la fois celle de la mort de tout homme et de la mort de tous les hommes : l&rsquo;homme ne se sauve ou ne se perd pas seul. C&rsquo;est parce que chaque \u00eatre est unique qu&rsquo;il est solidaire d&rsquo;autrui et l&rsquo;apokatastasis, la restauration de toutes choses, ne se fait que dans l&rsquo;union de tous les \u00eatres. La vie \u00e9ternelle ne s&rsquo;atteint que par l&rsquo;amour, et le jugement final est le jugement sur l&rsquo;amour. \u00ab Vous serez jug\u00e9s sur l&rsquo;amour \u00bb (Jean). En se sauvant soi-m\u00eame, c&rsquo;est-\u00e0-dire en s&rsquo;accomplissant, on sauve le monde, car le d\u00e9pouillement de soi permet d&rsquo;\u00eatre l&rsquo;autre. Je vaincs la mort chez tout \u00eatre si je vaincs ma propre mort, mes multiples attachements qui me retiennent \u00e0 ce qui est mortel parce que vain (\u00e9tymologiquement : vide).<\/p>\n<p style=\"text-align: justify;\">\n<p style=\"text-align: justify;\"><strong>Confucius et le bon ordre<\/strong><\/p>\n<p style=\"text-align: justify;\">\n<p style=\"text-align: justify;\">Confucius nous dit dans la \u00ab Grande \u00c9tude \u00bb : \u00ab Les anciens princes, pour faire briller les vertus naturelles dans le c\u0153ur de tous les hommes, s&rsquo;appliquaient auparavant \u00e0 bien gouverner chacun sa principaut\u00e9. Pour bien gouverner leurs principaut\u00e9s, ils mettaient auparavant le bon ordre dans leur famille. Pour mettre le bon ordre dans leur famille, ils travaillaient auparavant \u00e0 se perfectionner eux-m\u00eames. Pour se perfectionner eux-m\u00eames, ils r\u00e9glaient auparavant les mouvements de leur c\u0153ur. Pour r\u00e9gler les mouvements de leur c\u0153ur, ils rendaient auparavant leur volont\u00e9 parfaite. Pour rendre leur volont\u00e9 parfaite, ils d\u00e9veloppaient leurs connaissances le plus possible. On d\u00e9veloppe ses connaissances en scrutant la nature des choses. La nature des choses une fois scrut\u00e9e, les connaissances atteignent leur plus haut degr\u00e9. Les connaissances \u00e9tant arriv\u00e9es \u00e0 leur plus haut degr\u00e9, la volont\u00e9 devient parfaite. La volont\u00e9 \u00e9tant parfaite, les mouvements de leur c\u0153ur sont r\u00e9gl\u00e9s. Les mouvements du c\u0153ur \u00e9tant r\u00e9gl\u00e9s, tout l&rsquo;homme est exempt de d\u00e9fauts. Apr\u00e8s s&rsquo;\u00eatre corrig\u00e9 soi-m\u00eame, on \u00e9tablit de l&rsquo;ordre dans la famille. L&rsquo;ordre r\u00e9gnant dans la famille, la principaut\u00e9 est bien gouvern\u00e9e. La principaut\u00e9 \u00e9tant bien gouvern\u00e9e, bient\u00f4t tout l&#8217;empire jouit de la paix<a href=\"#_ftn16\">[16]<\/a>. \u00bb<\/p>\n<p style=\"text-align: justify;\">\n<p style=\"text-align: justify;\">Confucius parle ici des princes, mais tout sage, s&rsquo;unissant au Tao, laisse le Tao agir \u00e0 travers lui, \u00e0 travers sa propre immobilit\u00e9, sa propre qui\u00e9tude. Le mot \u00ab \u00e9ternit\u00e9 \u00bb, en h\u00e9breu, provient du verbe alam qui signifie \u00ab cach\u00e9 \u00bb, et l&rsquo;apokalypsis, en grec, signifie d\u00e9voilement. L&rsquo;apocalypse ou fin du monde temporel dans l&rsquo;acc\u00e8s au monde \u00e9ternel est d\u00e9voilement de ce qui est cach\u00e9, d\u00e9voilement de l&rsquo;amour qui meut toute vie, cach\u00e9 par la haine et l&rsquo;orgueil des hommes de ce monde. Tout acte de d\u00e9sint\u00e9ressement, d&rsquo;amour est d\u00e9j\u00e0 fin de ce monde d&rsquo;entred\u00e9vorement des cr\u00e9atures, commencement de ce monde de la J\u00e9rusalem c\u00e9leste, dont parle l&rsquo;Apocalypse, o\u00f9 \u00ab Dieu essuiera \u00bb toute larme&#8230; de mort, il n&rsquo;y en aura plus ; de pleur, de cri et de peine, il n&rsquo;y en aura plus, car l&rsquo;ancien monde s&rsquo;en est all\u00e9<a href=\"#_ftn17\">[17]<\/a> \u00bb. Seul l&rsquo;Amour est \u00e9ternel, et c&rsquo;est pourquoi l&rsquo;enfer, qui est la peur de l&rsquo;amour, ne peut \u00eatre qu&rsquo;un \u00e9tat d&rsquo;\u00e2me transitoire. Berdiaeff, dans son Essai d&rsquo;autobiographie spirituelle, fait remarquer que \u00ab l&rsquo;existence de l&rsquo;enfer \u00e9ternel impliquerait la n\u00e9gation de l&rsquo;existence de Dieu et repr\u00e9senterait l&rsquo;argument le plus fort de l&rsquo;ath\u00e9isme<a href=\"#_ftn18\">[18]<\/a> \u00bb. \u00ab La victoire d\u00e9finitive de Dieu sur les puissances infernales ne saurait \u00eatre un partage entre deux royaumes, l&rsquo;un divin et l&rsquo;autre diabolique, celui des \u00e9lus et celui des damn\u00e9s. Elle ne peut \u00eatre qu&rsquo;un royaume unique<a href=\"#_ftn19\">[19]<\/a>. \u00bb Kant se demande \u00e9galement dans la Fin de toutes choses : \u00ab N&rsquo;y aurait-il qu&rsquo;un seul damn\u00e9, \u00e0 quoi bon l&rsquo;avoir cr\u00e9\u00e9 si c&rsquo;\u00e9tait pour lui r\u00e9server un sort pire que le n\u00e9ant<a href=\"#_ftn20\">[20]<\/a> ? \u00bb<\/p>\n<p style=\"text-align: justify;\">\n<p style=\"text-align: justify;\">L&rsquo;amour ne serait pas, car la joie ne serait pas s&rsquo;il y avait un seul \u00eatre qui le refuse. Le Christ a, par sa mort, sauv\u00e9 tous les hommes. Tout homme est d\u00e9j\u00e0 sauv\u00e9, tout homme est d\u00e9j\u00e0 dans le royaume de Dieu puisque le royaume de Dieu est en lui \u00ab comme un grain de s\u00e9nev\u00e9 \u00bb, mais chaque homme est libre de construire ou non ce royaume o\u00f9 l&rsquo;Amant divin et l&rsquo;aim\u00e9 ne font plus qu&rsquo;un. Royaume qui existe d\u00e8s maintenant puisque l&rsquo;\u00e9ternit\u00e9 s&rsquo;offre \u00e0 nous en \u00e9ternel pr\u00e9sent (quelle magnifique richesse de la langue fran\u00e7aise qui fait du pr\u00e9sent le don de la pr\u00e9sence puisque \u00ab pr\u00e9sent \u00bb signifie aussi bien ce qui est que ce qui s&rsquo;offre, ce qui est pour s&rsquo;offrir, ce qui s&rsquo;offre pour \u00eatre !). Seul l&rsquo;amour meut le monde et c&rsquo;est pourquoi ce n&rsquo;est qu&rsquo;\u00e0 une \u00e2me dont le temps vit du mouvement consumant de l&rsquo;Amour que l&rsquo;\u00c9ternel r\u00e9v\u00e9lera son visage. Plus nous aimons, plus le temps devient dense et nous d\u00e9couvre sa dimension intemporelle. Immerg\u00e9s dans l&rsquo;amour, nous en naissons \u00e0 chaque instant, nous nous d\u00e9salt\u00e9rons \u00e0 la source toujours jaillissante de vie. Dans la mort du temps, dans la fin du monde ou accession \u00e0 l&rsquo;\u00e9ternit\u00e9, la mort se meurt. Si nous mourons \u00e0 tout ce qui est forme de mort en nous, c&rsquo;est-\u00e0-dire \u00e0 notre \u00e9gocentrisme qui nous emp\u00eache de devenir une personne libre par le refus du don de l&rsquo;amour, nous naissons \u00e0 la vie \u00e9ternelle, cette vie en qui nous sommes depuis toujours mais que nous avons \u00e0 reconna\u00eetre, \u00e0 choisir. Le monde se r\u00e9v\u00e8le alors comme le lieu de l&rsquo;incarnation, de l&rsquo;enfantement de Dieu en l&rsquo;homme et de l&rsquo;homme en Dieu et le temps comme la flamme de l&rsquo;amour dont l&rsquo;\u00e9ternit\u00e9 est la lumi\u00e8re.<\/p>\n<p style=\"text-align: justify;\">La fin du monde sera-t-elle semblable \u00e0 la vision qu&rsquo;en eut Djelaledd\u00een Rum\u00ee ?<\/p>\n<p style=\"text-align: right;\">Mich\u00e8le Reboul<\/p>\n<p style=\"text-align: justify;\">\n<p style=\"text-align: center;\"><strong>Vision d&rsquo;un soufi :<\/strong><\/p>\n<p style=\"text-align: center;\"><strong>la fin du monde selon Djelaleddin Rumi<\/strong><\/p>\n<p style=\"text-align: center;\">\n<p style=\"text-align: center;\">Je levai les veux et je vis dans tous les espaces un seul \u00eatre,<\/p>\n<p style=\"text-align: center;\">j&rsquo;abaissai les yeux et dans toutes les vagues \u00e9cumantes,<\/p>\n<p style=\"text-align: center;\">je vis un seul \u00catre.<\/p>\n<p style=\"text-align: center;\">Je regarde au c\u0153ur. C&rsquo;\u00e9tait une mer, un espace rempli de<\/p>\n<p style=\"text-align: center;\">mondes, plein de milliers de songes, et je vis dans tous<\/p>\n<p style=\"text-align: center;\">ces songes l&rsquo;Unique.<\/p>\n<p style=\"text-align: center;\">&#8230; Je te dirai comment l&rsquo;homme fut fait d&rsquo;argile;<\/p>\n<p style=\"text-align: center;\">C&rsquo;est que Dieu dans l&rsquo;argile insuffle l&rsquo;haleine de l&rsquo;amour.<\/p>\n<p style=\"text-align: center;\">Je te dirai la raison de la rotation continue des cieux<\/p>\n<p style=\"text-align: center;\">C&rsquo;est que le tr\u00f4ne de Dieu les remplit du reflet de l&rsquo;amour.<\/p>\n<p style=\"text-align: center;\">Je te dirai pourquoi les vents du matin soufflent,<\/p>\n<p style=\"text-align: center;\">C&rsquo;est pour toujours feuilleter de nouveau la roseraie de l&rsquo;amour.<\/p>\n<p style=\"text-align: center;\">Je te dirai pourquoi la nuit prend son voile,<\/p>\n<p style=\"text-align: center;\">C&rsquo;est pour convier le monde au tabernacle nuptial de l&rsquo;amour.<\/p>\n<p style=\"text-align: center;\">Je puis t&rsquo;expliquer toutes les \u00e9nigmes de la cr\u00e9ation,<\/p>\n<p style=\"text-align: center;\">Car la solution de toutes les \u00e9nigmes, c&rsquo;est l&rsquo;amour.<\/p>\n<p style=\"text-align: right;\">(Traduction Ruckert)<\/p>\n<p style=\"text-align: justify;\"><em> <\/em><\/p>\n<p style=\"text-align: justify;\"><em>Mich\u00e8le Reboul, apr\u00e8s 12 ans d&rsquo;enseignement de la philosophie, a choisi le journalisme pour exercer un apostolat, exprimer son amour de Dieu par le verbe (elle est conf\u00e9renci\u00e8re) et par la plume : chroniques au Figaro depuis 1977 et articles sur l&rsquo;actualit\u00e9 religieuse dans la revue Monde et Vie. Elle fut la collaboratrice de Jean Guitton (qui lui accorda son premier livre d&rsquo;entretiens) et de Louis Pauwels fondateur du Figaro Magazine. Po\u00e8te appr\u00e9ci\u00e9e par Philippe Soupault et Henri Michaux, philosophe, journaliste, th\u00e9ologienne, mystique, Mich\u00e8le Reboul est, surtout, une aventuri\u00e8re de l&rsquo;\u00e2me, une amante de l&rsquo;Absolu, de l&rsquo;Invisible Infini.<\/em><em> <\/em><\/p>\n<p style=\"text-align: justify;\">\n<p style=\"text-align: justify;\">\n<hr style=\"text-align: justify;\" size=\"1\" \/>\n<p style=\"text-align: justify;\"><a href=\"#_ftnref1\">[1]<\/a> Les Sto\u00efciens (Paris, La Pl\u00e9iade, 1964, trad. E. Br\u00e9hier, p. 1185).<\/p>\n<p style=\"text-align: justify;\"><a href=\"#_ftnref2\">[2]<\/a> Id., p. 1241.<\/p>\n<p style=\"text-align: justify;\"><a href=\"#_ftnref3\">[3]<\/a> Soulign\u00e9 par nous.<\/p>\n<p style=\"text-align: justify;\"><a href=\"#_ftnref4\">[4]<\/a> C. de Beauregard : <em>le Second Principe de la Science du temps<\/em> (Paris, Le Seuil, 1973), et P. Philippe : <em>le Royaume des cieux<\/em>, pr\u00e9face de Costa de Beauregard (Paris, Fayard, 1976).<\/p>\n<p style=\"text-align: justify;\"><a href=\"#_ftnref5\">[5]<\/a> Voir M. Eliade\u00a0: <em>Images et Symboles<\/em> (Paris, Gallimard, 1952, p. 112 et suiv.).<\/p>\n<p style=\"text-align: justify;\"><a href=\"#_ftnref6\">[6]<\/a> Qui est le fond de toute \u00ab th\u00e9odic\u00e9e \u00bb comme l&rsquo;a vu Leibniz (Fragment de Toufon), cit\u00e9 par H.-C. Puech : \u00ab la Gnose et le Temps \u00bb, in Uranos Jahrbuch t. xx, 1951, p. 94.<\/p>\n<p style=\"text-align: justify;\"><a href=\"#_ftnref7\">[7]<\/a> Cit\u00e9 par H. C Puech : \u00ab <em>la Gnose et le Temps<\/em> \u00bb, in Uranos Jahrbuch, t. xx, 1951, p. 96-97.<\/p>\n<p style=\"text-align: justify;\"><a href=\"#_ftnref8\">[8]<\/a> Tim\u00e9e. 37, d, e, 38 a (Paris, La Pl\u00e9iade, p. 452-453, t. II)<\/p>\n<p style=\"text-align: justify;\"><a href=\"#_ftnref9\">[9]<\/a> On trouve cette expression la premi\u00e8re fois chez \u00c9z\u00e9chiel.<\/p>\n<p style=\"text-align: justify;\"><a href=\"#_ftnref10\">[10]<\/a> Cit\u00e9 par Pierre Emmanuel dans <em>Le monde est int\u00e9rieur<\/em> (Paris, Le Seuil, 1967, p. 262).<\/p>\n<p style=\"text-align: justify;\"><a href=\"#_ftnref11\">[11]<\/a> Platon : Ph\u00e8dre (Paris, La Pl\u00e9iade, t. II, p. 23, 237 e).<\/p>\n<p style=\"text-align: justify;\"><a href=\"#_ftnref12\">[12]<\/a> Id., p. 38, 248 c.<\/p>\n<p style=\"text-align: justify;\"><a href=\"#_ftnref13\">[13]<\/a> Id.,\u00a0 p. 36, 247 c.<\/p>\n<p style=\"text-align: justify;\"><a href=\"#_ftnref14\">[14]<\/a> Ibn Arabi : Fot\u00fbhat-II, 347, cit\u00e9 par H. Corbin : <em>l&rsquo;Imagination cr\u00e9atrice dans le soufisme d&rsquo;Ibn Arabi<\/em> (Paris, Flammarion, coll. \u00ab Homo sapiens \u00bb, 1958, p. 119)<\/p>\n<p style=\"text-align: justify;\"><a href=\"#_ftnref15\">[15]<\/a> P. Teilhard de Chardin : <em>le Milieu divin<\/em> (Paris, Le Seuil, p. 48).<\/p>\n<p style=\"text-align: justify;\"><a href=\"#_ftnref16\">[16]<\/a> Confucius : <em>la <\/em><em>Grande \u00c9tude<\/em> (Paris, t. II, 3 ; trad. fran\u00e7. : Couvreur).<\/p>\n<p style=\"text-align: justify;\"><a href=\"#_ftnref17\">[17]<\/a> Apocalypse, iv, 21-4.<\/p>\n<p style=\"text-align: justify;\"><a href=\"#_ftnref18\">[18]<\/a> N. Berdiaeff : <em>Essai d&rsquo;autobiographie spirituelle<\/em> (Paris, Buchet-Chastel, coll. \u00ab\u00a0la Barque du soleil \u00bb, p. 375).<\/p>\n<p style=\"text-align: justify;\"><a href=\"#_ftnref19\">[19]<\/a> Id., p. 383.<\/p>\n<p style=\"text-align: justify;\"><a href=\"#_ftnref20\">[20]<\/a> E. Kant : la Fin de toutes choses (Paris, Vrin, p. 220).<\/p>\n","protected":false},"excerpt":{"rendered":"<p>La notion de la fin du monde a son origine dans la perspective eschatologique du christianisme, d&rsquo;un temps qui a commenc\u00e9 avec le monde et finira avec lui, d&rsquo;un temps li\u00e9 au dessein de Dieu sur l&rsquo;homme et, partant, d&rsquo;une \u00e9volution cr\u00e9atrice de l&rsquo;histoire. Le temps n&rsquo;a de sens que dans la mesure o\u00f9 il s&rsquo;abolit lui-m\u00eame en permettant \u00e0 l&rsquo;\u0153uvre de la cr\u00e9ation de s&rsquo;accomplir, il est le signe et l&rsquo;\u00e9preuve de la libert\u00e9. Par suite, des philosophes qui n&rsquo;admettent ni la cr\u00e9ation, ni la libert\u00e9, ni la transcendance de Dieu sur l&rsquo;homme sont amen\u00e9s \u00e0 nier le temps, \u00e0 s\u00e9parer le temps de l&rsquo;\u00e9ternit\u00e9, comme l&rsquo;imaginaire du r\u00e9el, alors que l&rsquo;eschatologie chr\u00e9tienne est fond\u00e9e sur l&rsquo;union paradoxale du temps et de l&rsquo;\u00e9ternit\u00e9.<\/p>\n","protected":false},"author":1,"featured_media":0,"comment_status":"closed","ping_status":"closed","sticky":false,"template":"","format":"standard","meta":{"footnotes":""},"categories":[713],"tags":[280,712,397,159],"class_list":["post-4666","post","type-post","status-publish","format-standard","hentry","category-reboul-michele","tag-christianisme","tag-eschatologie","tag-gnose","tag-temps"],"yoast_head":"<!-- This site is optimized with the Yoast SEO plugin v27.0 - https:\/\/yoast.com\/product\/yoast-seo-wordpress\/ -->\n<title>La conception chr\u00e9tienne du temps par Mich\u00e8le Reboul - 3e mill\u00e9naire - Spiritualit\u00e9 - Connaissance de soi - Non-dualit\u00e9 - M\u00e9ditation<\/title>\n<meta name=\"robots\" content=\"index, follow, max-snippet:-1, max-image-preview:large, max-video-preview:-1\" \/>\n<link rel=\"canonical\" href=\"https:\/\/www.revue3emillenaire.com\/blog\/la-conception-chretienne-du-temps-par-michele-reboul\/\" \/>\n<meta property=\"og:locale\" content=\"fr_FR\" \/>\n<meta property=\"og:type\" content=\"article\" \/>\n<meta property=\"og:title\" content=\"La conception chr\u00e9tienne du temps par Mich\u00e8le Reboul - 3e mill\u00e9naire - Spiritualit\u00e9 - Connaissance de soi - Non-dualit\u00e9 - M\u00e9ditation\" \/>\n<meta property=\"og:description\" content=\"La notion de la fin du monde a son origine dans la perspective eschatologique du christianisme, d&#039;un temps qui a commenc\u00e9 avec le monde et finira avec lui, d&#039;un temps li\u00e9 au dessein de Dieu sur l&#039;homme et, partant, d&#039;une \u00e9volution cr\u00e9atrice de l&#039;histoire. Le temps n&#039;a de sens que dans la mesure o\u00f9 il s&#039;abolit lui-m\u00eame en permettant \u00e0 l&#039;\u0153uvre de la cr\u00e9ation de s&#039;accomplir, il est le signe et l&#039;\u00e9preuve de la libert\u00e9. Par suite, des philosophes qui n&#039;admettent ni la cr\u00e9ation, ni la libert\u00e9, ni la transcendance de Dieu sur l&#039;homme sont amen\u00e9s \u00e0 nier le temps, \u00e0 s\u00e9parer le temps de l&#039;\u00e9ternit\u00e9, comme l&#039;imaginaire du r\u00e9el, alors que l&#039;eschatologie chr\u00e9tienne est fond\u00e9e sur l&#039;union paradoxale du temps et de l&#039;\u00e9ternit\u00e9.\" \/>\n<meta property=\"og:url\" content=\"https:\/\/www.revue3emillenaire.com\/blog\/la-conception-chretienne-du-temps-par-michele-reboul\/\" \/>\n<meta property=\"og:site_name\" content=\"3e mill\u00e9naire - Spiritualit\u00e9 - Connaissance de soi - Non-dualit\u00e9 - M\u00e9ditation\" \/>\n<meta property=\"article:published_time\" content=\"2010-09-13T01:25:37+00:00\" \/>\n<meta property=\"article:modified_time\" content=\"2011-10-01T00:31:14+00:00\" \/>\n<meta name=\"author\" content=\"3e mill\u00e9naire\" \/>\n<meta name=\"twitter:card\" content=\"summary_large_image\" \/>\n<meta name=\"twitter:label1\" content=\"\u00c9crit par\" \/>\n\t<meta name=\"twitter:data1\" content=\"3e mill\u00e9naire\" \/>\n\t<meta name=\"twitter:label2\" content=\"Dur\u00e9e de lecture estim\u00e9e\" \/>\n\t<meta name=\"twitter:data2\" content=\"24 minutes\" \/>\n<script type=\"application\/ld+json\" class=\"yoast-schema-graph\">{\"@context\":\"https:\/\/schema.org\",\"@graph\":[{\"@type\":\"Article\",\"@id\":\"https:\/\/www.revue3emillenaire.com\/blog\/la-conception-chretienne-du-temps-par-michele-reboul\/#article\",\"isPartOf\":{\"@id\":\"https:\/\/www.revue3emillenaire.com\/blog\/la-conception-chretienne-du-temps-par-michele-reboul\/\"},\"author\":{\"name\":\"3e mill\u00e9naire\",\"@id\":\"https:\/\/www.revue3emillenaire.com\/blog\/#\/schema\/person\/9a3a7cc4ccaa707f402d4394327106d5\"},\"headline\":\"La conception chr\u00e9tienne du temps par Mich\u00e8le Reboul\",\"datePublished\":\"2010-09-13T01:25:37+00:00\",\"dateModified\":\"2011-10-01T00:31:14+00:00\",\"mainEntityOfPage\":{\"@id\":\"https:\/\/www.revue3emillenaire.com\/blog\/la-conception-chretienne-du-temps-par-michele-reboul\/\"},\"wordCount\":4813,\"keywords\":[\"christianisme\",\"ESCHATOLOGIE\",\"gnose\",\"temps\"],\"articleSection\":[\"Reboul Mich\u00e8le\"],\"inLanguage\":\"fr-FR\"},{\"@type\":\"WebPage\",\"@id\":\"https:\/\/www.revue3emillenaire.com\/blog\/la-conception-chretienne-du-temps-par-michele-reboul\/\",\"url\":\"https:\/\/www.revue3emillenaire.com\/blog\/la-conception-chretienne-du-temps-par-michele-reboul\/\",\"name\":\"La conception chr\u00e9tienne du temps par Mich\u00e8le Reboul - 3e mill\u00e9naire - Spiritualit\u00e9 - Connaissance de soi - Non-dualit\u00e9 - M\u00e9ditation\",\"isPartOf\":{\"@id\":\"https:\/\/www.revue3emillenaire.com\/blog\/#website\"},\"datePublished\":\"2010-09-13T01:25:37+00:00\",\"dateModified\":\"2011-10-01T00:31:14+00:00\",\"author\":{\"@id\":\"https:\/\/www.revue3emillenaire.com\/blog\/#\/schema\/person\/9a3a7cc4ccaa707f402d4394327106d5\"},\"breadcrumb\":{\"@id\":\"https:\/\/www.revue3emillenaire.com\/blog\/la-conception-chretienne-du-temps-par-michele-reboul\/#breadcrumb\"},\"inLanguage\":\"fr-FR\",\"potentialAction\":[{\"@type\":\"ReadAction\",\"target\":[\"https:\/\/www.revue3emillenaire.com\/blog\/la-conception-chretienne-du-temps-par-michele-reboul\/\"]}]},{\"@type\":\"BreadcrumbList\",\"@id\":\"https:\/\/www.revue3emillenaire.com\/blog\/la-conception-chretienne-du-temps-par-michele-reboul\/#breadcrumb\",\"itemListElement\":[{\"@type\":\"ListItem\",\"position\":1,\"name\":\"Accueil\",\"item\":\"https:\/\/www.revue3emillenaire.com\/blog\/\"},{\"@type\":\"ListItem\",\"position\":2,\"name\":\"La conception chr\u00e9tienne du temps par Mich\u00e8le Reboul\"}]},{\"@type\":\"WebSite\",\"@id\":\"https:\/\/www.revue3emillenaire.com\/blog\/#website\",\"url\":\"https:\/\/www.revue3emillenaire.com\/blog\/\",\"name\":\"3e mill\u00e9naire - Spiritualit\u00e9 - Connaissance de soi - Non-dualit\u00e9 - M\u00e9ditation\",\"description\":\"L&#039;Homme en devenir\",\"potentialAction\":[{\"@type\":\"SearchAction\",\"target\":{\"@type\":\"EntryPoint\",\"urlTemplate\":\"https:\/\/www.revue3emillenaire.com\/blog\/?s={search_term_string}\"},\"query-input\":{\"@type\":\"PropertyValueSpecification\",\"valueRequired\":true,\"valueName\":\"search_term_string\"}}],\"inLanguage\":\"fr-FR\"},{\"@type\":\"Person\",\"@id\":\"https:\/\/www.revue3emillenaire.com\/blog\/#\/schema\/person\/9a3a7cc4ccaa707f402d4394327106d5\",\"name\":\"3e mill\u00e9naire\",\"url\":\"https:\/\/www.revue3emillenaire.com\/blog\/author\/admin\/\"}]}<\/script>\n<!-- \/ Yoast SEO plugin. -->","yoast_head_json":{"title":"La conception chr\u00e9tienne du temps par Mich\u00e8le Reboul - 3e mill\u00e9naire - Spiritualit\u00e9 - Connaissance de soi - Non-dualit\u00e9 - M\u00e9ditation","robots":{"index":"index","follow":"follow","max-snippet":"max-snippet:-1","max-image-preview":"max-image-preview:large","max-video-preview":"max-video-preview:-1"},"canonical":"https:\/\/www.revue3emillenaire.com\/blog\/la-conception-chretienne-du-temps-par-michele-reboul\/","og_locale":"fr_FR","og_type":"article","og_title":"La conception chr\u00e9tienne du temps par Mich\u00e8le Reboul - 3e mill\u00e9naire - Spiritualit\u00e9 - Connaissance de soi - Non-dualit\u00e9 - M\u00e9ditation","og_description":"La notion de la fin du monde a son origine dans la perspective eschatologique du christianisme, d'un temps qui a commenc\u00e9 avec le monde et finira avec lui, d'un temps li\u00e9 au dessein de Dieu sur l'homme et, partant, d'une \u00e9volution cr\u00e9atrice de l'histoire. Le temps n'a de sens que dans la mesure o\u00f9 il s'abolit lui-m\u00eame en permettant \u00e0 l'\u0153uvre de la cr\u00e9ation de s'accomplir, il est le signe et l'\u00e9preuve de la libert\u00e9. Par suite, des philosophes qui n'admettent ni la cr\u00e9ation, ni la libert\u00e9, ni la transcendance de Dieu sur l'homme sont amen\u00e9s \u00e0 nier le temps, \u00e0 s\u00e9parer le temps de l'\u00e9ternit\u00e9, comme l'imaginaire du r\u00e9el, alors que l'eschatologie chr\u00e9tienne est fond\u00e9e sur l'union paradoxale du temps et de l'\u00e9ternit\u00e9.","og_url":"https:\/\/www.revue3emillenaire.com\/blog\/la-conception-chretienne-du-temps-par-michele-reboul\/","og_site_name":"3e mill\u00e9naire - Spiritualit\u00e9 - Connaissance de soi - Non-dualit\u00e9 - M\u00e9ditation","article_published_time":"2010-09-13T01:25:37+00:00","article_modified_time":"2011-10-01T00:31:14+00:00","author":"3e mill\u00e9naire","twitter_card":"summary_large_image","twitter_misc":{"\u00c9crit par":"3e mill\u00e9naire","Dur\u00e9e de lecture estim\u00e9e":"24 minutes"},"schema":{"@context":"https:\/\/schema.org","@graph":[{"@type":"Article","@id":"https:\/\/www.revue3emillenaire.com\/blog\/la-conception-chretienne-du-temps-par-michele-reboul\/#article","isPartOf":{"@id":"https:\/\/www.revue3emillenaire.com\/blog\/la-conception-chretienne-du-temps-par-michele-reboul\/"},"author":{"name":"3e mill\u00e9naire","@id":"https:\/\/www.revue3emillenaire.com\/blog\/#\/schema\/person\/9a3a7cc4ccaa707f402d4394327106d5"},"headline":"La conception chr\u00e9tienne du temps par Mich\u00e8le Reboul","datePublished":"2010-09-13T01:25:37+00:00","dateModified":"2011-10-01T00:31:14+00:00","mainEntityOfPage":{"@id":"https:\/\/www.revue3emillenaire.com\/blog\/la-conception-chretienne-du-temps-par-michele-reboul\/"},"wordCount":4813,"keywords":["christianisme","ESCHATOLOGIE","gnose","temps"],"articleSection":["Reboul Mich\u00e8le"],"inLanguage":"fr-FR"},{"@type":"WebPage","@id":"https:\/\/www.revue3emillenaire.com\/blog\/la-conception-chretienne-du-temps-par-michele-reboul\/","url":"https:\/\/www.revue3emillenaire.com\/blog\/la-conception-chretienne-du-temps-par-michele-reboul\/","name":"La conception chr\u00e9tienne du temps par Mich\u00e8le Reboul - 3e mill\u00e9naire - Spiritualit\u00e9 - Connaissance de soi - Non-dualit\u00e9 - M\u00e9ditation","isPartOf":{"@id":"https:\/\/www.revue3emillenaire.com\/blog\/#website"},"datePublished":"2010-09-13T01:25:37+00:00","dateModified":"2011-10-01T00:31:14+00:00","author":{"@id":"https:\/\/www.revue3emillenaire.com\/blog\/#\/schema\/person\/9a3a7cc4ccaa707f402d4394327106d5"},"breadcrumb":{"@id":"https:\/\/www.revue3emillenaire.com\/blog\/la-conception-chretienne-du-temps-par-michele-reboul\/#breadcrumb"},"inLanguage":"fr-FR","potentialAction":[{"@type":"ReadAction","target":["https:\/\/www.revue3emillenaire.com\/blog\/la-conception-chretienne-du-temps-par-michele-reboul\/"]}]},{"@type":"BreadcrumbList","@id":"https:\/\/www.revue3emillenaire.com\/blog\/la-conception-chretienne-du-temps-par-michele-reboul\/#breadcrumb","itemListElement":[{"@type":"ListItem","position":1,"name":"Accueil","item":"https:\/\/www.revue3emillenaire.com\/blog\/"},{"@type":"ListItem","position":2,"name":"La conception chr\u00e9tienne du temps par Mich\u00e8le Reboul"}]},{"@type":"WebSite","@id":"https:\/\/www.revue3emillenaire.com\/blog\/#website","url":"https:\/\/www.revue3emillenaire.com\/blog\/","name":"3e mill\u00e9naire - Spiritualit\u00e9 - Connaissance de soi - Non-dualit\u00e9 - M\u00e9ditation","description":"L&#039;Homme en devenir","potentialAction":[{"@type":"SearchAction","target":{"@type":"EntryPoint","urlTemplate":"https:\/\/www.revue3emillenaire.com\/blog\/?s={search_term_string}"},"query-input":{"@type":"PropertyValueSpecification","valueRequired":true,"valueName":"search_term_string"}}],"inLanguage":"fr-FR"},{"@type":"Person","@id":"https:\/\/www.revue3emillenaire.com\/blog\/#\/schema\/person\/9a3a7cc4ccaa707f402d4394327106d5","name":"3e mill\u00e9naire","url":"https:\/\/www.revue3emillenaire.com\/blog\/author\/admin\/"}]}},"_links":{"self":[{"href":"https:\/\/www.revue3emillenaire.com\/blog\/wp-json\/wp\/v2\/posts\/4666","targetHints":{"allow":["GET"]}}],"collection":[{"href":"https:\/\/www.revue3emillenaire.com\/blog\/wp-json\/wp\/v2\/posts"}],"about":[{"href":"https:\/\/www.revue3emillenaire.com\/blog\/wp-json\/wp\/v2\/types\/post"}],"author":[{"embeddable":true,"href":"https:\/\/www.revue3emillenaire.com\/blog\/wp-json\/wp\/v2\/users\/1"}],"replies":[{"embeddable":true,"href":"https:\/\/www.revue3emillenaire.com\/blog\/wp-json\/wp\/v2\/comments?post=4666"}],"version-history":[{"count":0,"href":"https:\/\/www.revue3emillenaire.com\/blog\/wp-json\/wp\/v2\/posts\/4666\/revisions"}],"wp:attachment":[{"href":"https:\/\/www.revue3emillenaire.com\/blog\/wp-json\/wp\/v2\/media?parent=4666"}],"wp:term":[{"taxonomy":"category","embeddable":true,"href":"https:\/\/www.revue3emillenaire.com\/blog\/wp-json\/wp\/v2\/categories?post=4666"},{"taxonomy":"post_tag","embeddable":true,"href":"https:\/\/www.revue3emillenaire.com\/blog\/wp-json\/wp\/v2\/tags?post=4666"}],"curies":[{"name":"wp","href":"https:\/\/api.w.org\/{rel}","templated":true}]}}