{"id":4696,"date":"2010-09-15T14:09:09","date_gmt":"2010-09-15T13:09:09","guid":{"rendered":"http:\/\/www.revue3emillenaire.com\/blog\/?p=4696"},"modified":"2011-10-01T01:34:03","modified_gmt":"2011-10-01T00:34:03","slug":"spiritualite-des-forts-par-jean-bies","status":"publish","type":"post","link":"https:\/\/www.revue3emillenaire.com\/blog\/spiritualite-des-forts-par-jean-bies\/","title":{"rendered":"Spiritualit\u00e9 des forts par Jean Bi\u00e8s"},"content":{"rendered":"<p style=\"text-align: justify;\">(Revue Question De. N<sup>o<\/sup> 16\u00a0: <em>La fin du monde<\/em>. Janvier-F\u00e9vrier 1977)<\/p>\n<p style=\"text-align: justify;\">\n<p style=\"text-align: justify;\"><strong><em>Se lamenter : une attitude st\u00e9rile \u2014 Plut\u00f4t retourner l&rsquo;inqui\u00e9tude pour en faire un ferment d&rsquo;\u00e9veil \u2014 La renaissance de la pens\u00e9e orientale ouvre de nouveaux horizons \u2014 Comment parvenir \u00e0 une unit\u00e9 spirituelle authentique \u2014 Shri Aurobindo, un visionnaire \u2014 Nos sp\u00e9culations ne contribuent qu&rsquo;\u00e0 nous distraire de l&rsquo;essentiel \u2014 Vivre dans la perfection et la lib\u00e9ration sera l&rsquo;\u00e2ge d&rsquo;or.<\/em><\/strong><\/p>\n<p style=\"text-align: justify;\">\n<p style=\"text-align: justify;\">La seconde moiti\u00e9 du XX<sup>e<\/sup> si\u00e8cle est satur\u00e9e d&rsquo;inqui\u00e9tudes, et une abondante litt\u00e9rature est apparue qui s&rsquo;applique \u00e0 d\u00e9tecter et \u00e0 traduire les signes des temps<a href=\"#_ftn1\">[1]<\/a>, \u00e0 \u00e9pier le Feu destructeur. Deux attitudes sont ici possibles : ou bien se lamenter st\u00e9rilement sur l&rsquo;absence de toute solution et opter avec d\u00e9lice pour une attitude suicidaire qui ne r\u00e9soudra rien ; ou bien chercher \u00e0 doubler ce cap difficile et se mettre en qu\u00eate des aspects paradoxalement positifs de l&rsquo;\u00ab \u00e2ge sombre\u00a0\u00bb. Comment traverser cette phase dans les moins mauvaises conditions, souffrir le moins possible au moment o\u00f9 les risques de souffrance sont les plus \u00e9lev\u00e9s, \u00e9chapper \u00e0 la fin du monde en se montrant plus malin que le Malin ?<\/p>\n<p style=\"text-align: justify;\">\n<p style=\"text-align: justify;\"><strong>Rechercher le positif du n\u00e9gatif<\/strong><\/p>\n<p style=\"text-align: justify;\">\n<p style=\"text-align: justify;\">Faire le proc\u00e8s des temps modernes ne rel\u00e8ve pas d&rsquo;une attitude r\u00e9aliste, pour autant que cela dilapide une bonne part de notre \u00e9nergie, entretient les n\u00e9vroses, st\u00e9rilise l&rsquo;esprit, octroie \u00e0 ces temps plus d&rsquo;importance qu&rsquo;ils n&rsquo;en ont, ne change finalement rien \u00e0 la situation et \u00ab fait le jeu de l&rsquo;Adversaire \u00bb en d\u00e9veloppant en nous la n\u00e9gativit\u00e9, la r\u00e9volte et le d\u00e9sespoir.<\/p>\n<p style=\"text-align: justify;\">\n<p style=\"text-align: justify;\">Une vue objective des choses doit d&rsquo;abord faire admettre qu&rsquo;aucune nuit n&rsquo;est assez noire pour ne pas comporter quelques lueurs. Condamner le mauvais usage de certaines conqu\u00eates scientifiques ne doit pas faire oublier les bienfaits de la technique ma\u00eetris\u00e9e dans l&rsquo;all\u00e9gement de l&rsquo;effort physique et de la mis\u00e8re sociale, ou dans la r\u00e9gression des maladies.<\/p>\n<p style=\"text-align: justify;\">\n<p style=\"text-align: justify;\"><strong>Transformer l&rsquo;inqui\u00e9tude en un ferment d&rsquo;\u00e9veil<\/strong><\/p>\n<p style=\"text-align: justify;\">\n<p style=\"text-align: justify;\">Il ne s&rsquo;agit nullement de nier l&rsquo;inqui\u00e9tude contemporaine, l\u00e9gitime m\u00eame si elle est sciemment exag\u00e9r\u00e9e par une publicit\u00e9 volontiers convexe d\u00e8s qu&rsquo;il s&rsquo;agit de certains th\u00e8mes, ni de verser dans l&rsquo;optimisme inconscient et b\u00e9at des d\u00e9buts du si\u00e8cle, trouvant en fait sa raison d&rsquo;\u00eatre dans la peur inavou\u00e9e du r\u00e9el. Il s&rsquo;agit plut\u00f4t de retourner cette inqui\u00e9tude dans un sens positif pour en faire un ferment d&rsquo;\u00e9veil inspirant \u00e0 l&rsquo;humain vigilance et initiatives. On pourrait m\u00eame envisager comme une n\u00e9cessit\u00e9 que l&rsquo;\u00e9poque devienne de plus en plus insupportable afin que de plus en plus d&rsquo;\u00eatres d\u00e9cident irr\u00e9vocablement de sortir de ses limites pour se mettre en qu\u00eate d&rsquo;autre chose.<\/p>\n<p style=\"text-align: justify;\">\n<p style=\"text-align: justify;\">Tous les enseignements traditionnels r\u00e9p\u00e8tent que chaque fait ou \u00e9v\u00e9nement vient \u00e0 son heure, poss\u00e8de sa logique interne, m\u00eame si le sens profond de sa n\u00e9cessaire existence nous \u00e9chappe sur le moment, parce que de nombreux maillons se d\u00e9robent au regard dans l&rsquo;immense cha\u00eene des effets et des causes. Cette loi vaut aussi pour l&rsquo;\u00ab absurdit\u00e9 \u00bb du monde moderne.<\/p>\n<p style=\"text-align: justify;\">\n<p style=\"text-align: justify;\">Il peut \u00eatre r\u00e9confortant de penser qu&rsquo;il ne s&rsquo;agit pas r\u00e9ellement, dans la phase actuelle du devenir cosmique, de la \u00ab fin du monde \u00bb, mais de la fin d&rsquo;un monde. La tradition hindoue pr\u00e9cise que nous sommes actuellement au terme du kali-yuga<a href=\"#_ftn2\">[2]<\/a> du septi\u00e8me manvantara<a href=\"#_ftn3\">[3]<\/a>, soit au milieu d&rsquo;un kalpa, ou \u00ab Jour de Brahm\u00e2 \u00bb<a href=\"#_ftn4\">[4]<\/a>. Il est inutile de rappeler que de nombreux mythes initiatiques illustrent diversement l&rsquo;id\u00e9e que, si toute naissance est une mort \u00e0 un \u00e9tat ant\u00e9rieur, \u00ab toute mort est une naissance \u00bb et que toute mont\u00e9e au paradis est obligatoirement pr\u00e9c\u00e9d\u00e9e d&rsquo;une descente en enfer. Le tao\u00efsme remarque que \u00ab le jour se l\u00e8ve \u00e0 minuit \u00bb, id\u00e9e dont on peut rapprocher la phrase du Christ surgissant comme un voleur<a href=\"#_ftn5\">[5]<\/a>. Il est donc in\u00e9vitable et n\u00e9cessaire qu&rsquo;avant l&rsquo;apparition d&rsquo;un nouveau cycle le pr\u00e9sent cycle \u00e9puise ses potentialit\u00e9s les plus inf\u00e9rieures. Ren\u00e9 Gu\u00e9non lui-m\u00eame, abrupt dans sa condamnation de l&rsquo;\u00ab \u00e2ge sombre \u00bb, a laiss\u00e9 entendre que, si tout devait \u00eatre irr\u00e9m\u00e9diablement d\u00e9truit lors d&rsquo;un cataclysme final (dont il n&rsquo;\u00e9carte pas l&rsquo;\u00e9ventualit\u00e9), il n&rsquo;aurait jamais entrepris son \u0153uvre.<\/p>\n<p style=\"text-align: justify;\">\n<p style=\"text-align: justify;\"><strong>Retrouver les enseignements traditionnels<\/strong><\/p>\n<p style=\"text-align: justify;\">\n<p style=\"text-align: justify;\">A un niveau plus concret, on assiste dans certains milieux \u00e0 un v\u00e9ritable revirement de la mentalit\u00e9 occidentale. Peut-on d\u00e8s maintenant affirmer que ce revirement vient trop tard ? Dans le domaine scientifique, par exemple, de nombreuses transformations des points de vue font retrouver aux savants une vision du monde qui les rapproche sensiblement, quoique \u00e0 travers un tout autre langage, des vieux enseignements orientaux. L&rsquo;\u00e9laboration d&rsquo;une gnose moderne menace et mine du m\u00eame coup la forteresse du mat\u00e9rialisme scientiste. Telle conception de la mati\u00e8re en tant que \u00ab condensation de l&rsquo;espace vide \u00bb rejoint la doctrine hindoue du pr\u00e2na (\u00ab souffle \u00bb) et de l&rsquo;\u00e2kasha (\u00ab \u00e9ther \u00bb). Ce \u00ab mouvement visible \u00bb, flux d&rsquo;agr\u00e9gats complexes, fait \u00e9trangement ressembler la mati\u00e8re au fleuve h\u00e9raclit\u00e9en et laisse pressentir l&rsquo;Esprit derri\u00e8re l&rsquo;\u00ab \u00e9nergie \u00bb. Comme l&rsquo;\u00e9crit Humphreys, \u00ab l&rsquo;univers cesse d&rsquo;\u00eatre une grande machine pour devenir une grande pens\u00e9e<a href=\"#_ftn6\">[6]<\/a> \u00bb. Si la relativit\u00e9 einsteinienne montre que le temps n&rsquo;est qu&rsquo;un attribut de l&rsquo;espace, les anciens textes hindous l&rsquo;enseignaient d\u00e9j\u00e0<a href=\"#_ftn7\">[7]<\/a>.<\/p>\n<p style=\"text-align: justify;\">\n<p style=\"text-align: justify;\">Dans le domaine philosophique, nous assistons \u00e0 une seconde \u00ab\u00a0renaissance orientale \u00bb, marqu\u00e9e du m\u00eame enthousiasme que celui du XVI<sup>e<\/sup> si\u00e8cle d\u00e9couvrant l&rsquo;Antiquit\u00e9 \u2014 m\u00eame s&rsquo;il s&rsquo;y ajoute beaucoup de contresens et de d\u00e9viations. Nous ne mesurons pas assez la chance qui est la n\u00f4tre, et que nous envieraient toutes les \u00e9poques ant\u00e9rieures, d&rsquo;avoir si ais\u00e9ment acc\u00e8s \u00e0 l&rsquo;ensemble des \u00ab enseignements traditionnels \u00bb ainsi divulgu\u00e9s soit au cours de s\u00e9jours dans leur pays d&rsquo;origine, soit \u00e0 travers de nombreuses publications. Nous sommes les t\u00e9moins stup\u00e9faits d&rsquo;une syst\u00e9matique d\u00e9soccultation de l&rsquo;\u00e9sot\u00e9risme, lequel d\u00e9tient sans nul doute les cl\u00e9s de nos probl\u00e8mes. C&rsquo;est aussi un signe des temps que l&rsquo;Esprit consente \u00e0 se laisser de la sorte profaner, et c&rsquo;est l&rsquo;aspect positif de ce signe que nous sachions nous saisir de l&rsquo;aubaine. Cette floraison doit nous appara\u00eetre comme une v\u00e9ritable b\u00e9n\u00e9diction compensatrice, dont nous n&rsquo;avons pas fini d&rsquo;appr\u00e9cier les \u00ab retomb\u00e9es \u00bb<a href=\"#_ftn8\">[8]<\/a>&#8230;<\/p>\n<p style=\"text-align: justify;\">\n<p style=\"text-align: justify;\"><strong> Chercher une nouvelle forme de spiritualit\u00e9<\/strong><\/p>\n<p style=\"text-align: justify;\">\n<p style=\"text-align: justify;\">Tandis que les grandes promesses temporelles s&rsquo;effondrent faute d&rsquo;avoir \u00e9t\u00e9 tenues, la reconstitution d&rsquo;une certaine \u00ab \u00e9lite \u00bb est peut-\u00eatre en train de s&rsquo;op\u00e9rer, qui, si elle n&rsquo;a aucune prise sur la marche des \u00e9v\u00e9nements (et ne le cherche nullement), n&rsquo;en red\u00e9couvre pas moins les \u00e9l\u00e9ments d&rsquo;une philosophia perennis susceptibles d&rsquo;entrer dans la composition d&rsquo;une nouvelle forme de spiritualit\u00e9. Il peut \u00eatre hasardeux de penser que l&rsquo;Occident serait privil\u00e9gi\u00e9 dans une mission consistant \u00e0 transf\u00e9rer les enseignements orientaux de ce c\u00f4t\u00e9-ci de la plan\u00e8te, \u00e0 l&rsquo;heure o\u00f9 l&rsquo;Orient les ignore ou les renie dans son souci d&rsquo;imitation et de rattrapage de la civilisation moderne. Ce peut \u00eatre en tout cas une hypoth\u00e8se de travail stimulante que de penser que l&rsquo;Occident, ayant \u00e9t\u00e9 le premier \u00e0 s&rsquo;engager dans les voies de la \u00ab subversion \u00bb et \u00e0 franchir le degr\u00e9 z\u00e9ro, serait le premier \u00e0 amorcer la remont\u00e9e.<\/p>\n<p style=\"text-align: justify;\">\n<p style=\"text-align: justify;\"><strong>Bien se conna\u00eetre soi-m\u00eame<\/strong><\/p>\n<p style=\"text-align: justify;\">\n<p style=\"text-align: justify;\">Selon la loi qui veut que de tout mal soit tir\u00e9 un bien, le d\u00e9veloppement des troubles et traumatismes psychiques dus \u00e0 des conditions de vie toujours plus p\u00e9nibles a suscit\u00e9 en retour le d\u00e9veloppement des sciences psychologiques qui, une fois d\u00e9pass\u00e9s les t\u00e2tonnements de leur enfance, peuvent d\u00e9boucher sur cette \u00ab connaissance de soi \u00bb qui sert de tremplin \u00e0 la vie int\u00e9rieure.<\/p>\n<p style=\"text-align: justify;\">\n<p style=\"text-align: justify;\">Se conna\u00eetre soi-m\u00eame est la condition prioritaire, indispensable \u00e0 remplir avant d&rsquo;entreprendre avec succ\u00e8s les claironnantes croisades que l&rsquo;on sait pour sauver l&rsquo;humanit\u00e9 en d\u00e9tresse&#8230; Pour autant que le monde ext\u00e9rieur est l&rsquo;ombre projet\u00e9e du monde int\u00e9rieur, travailler \u00e0 d\u00e9nouer ses propres conflits, c&rsquo;est d\u00e9j\u00e0 mettre un peu d&rsquo;ordre dans l&rsquo;\u00ab \u00e2ge des conflits\u00a0\u00bb. Certains commencent \u00e0 comprendre que, notre nature \u00e9tant en correspondance avec les \u00e9v\u00e9nements du dehors, elle les suscite et les attire : il est urgent d&rsquo;explorer cette nature dans ses profondeurs et souhaitable d&rsquo;instituer une \u00e9ducation des \u00e9motions. Une telle approche de soi, lucide et courageuse, r\u00e9v\u00e8le entre autres les raisons de notre hostilit\u00e9 \u00e0 l&rsquo;\u00e9poque \u2014 c&rsquo;est g\u00e9n\u00e9ralement qu&rsquo;on a beaucoup \u00e0 se reprocher \u00e0 soi-m\u00eame \u2014 et permet de d\u00e9celer qu&rsquo;en redoutant la mort de ce monde, on \u00e9prouve surtout la peur n\u00e9vrotique de sa propre mort. La phrase du Christ : \u00ab Personne, sinon le P\u00e8re, ne conna\u00eet la date ni l&rsquo;heure de ce jour<a href=\"#_ftn9\">[9]<\/a> \u00bb, s&rsquo;applique aussi bien \u00e0 la \u00ab\u00a0fin du monde \u00bb qu&rsquo;\u00e0 la fin de chacun d&rsquo;entre nous. Ceux-l\u00e0 m\u00eames qui ne parviennent pas jusqu&rsquo;\u00e0 cette conclusion appr\u00e9hendent la fin de leur monde et de ses mirages qui leur renvoient comme autant d&rsquo;images rassurantes ou flatteuses de leur moi ; la fin de leur soci\u00e9t\u00e9, mercantile et cynique, parcourue des frissons de la haine de Dieu, parce que toute haine de ce qui n&rsquo;est pas elle-m\u00eame.<\/p>\n<p style=\"text-align: justify;\">\n<p style=\"text-align: justify;\">L&rsquo;\u00e9tude de ses propres mouvements et r\u00e9actions, aujourd&rsquo;hui devenue possible; autorise \u2014 pourvu que le th\u00e9rapeute soit nourri de r\u00e9f\u00e9rences spirituelles \u2014 l&rsquo;engagement dans une voie. Celle-ci commencera par faire \u00e9viter d&rsquo;inutiles gaspillages d&rsquo;\u00e9nergie en supputations sur un avenir qui sera de toute mani\u00e8re diff\u00e9rent de ce qu&rsquo;on imagine, sur des \u00e9v\u00e9nements dont la majorit\u00e9 ne se produira pas ou se produira autrement. Ce n&rsquo;est pas tant le kali-yuga qui est funeste en soi que les angoisses s\u00e9cr\u00e9t\u00e9es \u00e0 son sujet par nos vagabondages mentaux. Suivront divers entra\u00eenements, tels que pr\u00e9voir les cons\u00e9quences de ses actes, se d\u00e9tacher des fruits de l&rsquo;action, passer \u00e0 travers l&rsquo;\u00e9v\u00e9nement au lieu de se dresser contre lui et en accro\u00eetre par l\u00e0 l&rsquo;efficience, et par suite de la r\u00e9conciliation avec soi-m\u00eame, d\u00e9passer les dualit\u00e9s du genre pass\u00e9\/avenir, bien\/mal, pour s&rsquo;enraciner davantage dans le pr\u00e9sent et le r\u00e9el.<\/p>\n<p style=\"text-align: justify;\">\n<p style=\"text-align: justify;\">Cette r\u00e9g\u00e9n\u00e9ration de soi est le plus s\u00fbr moyen de r\u00e9g\u00e9n\u00e9rer le monde autour de soi. C&rsquo;est ainsi que, m\u00eame si un cataclysme, inscrit en lettres de feu dans les annales du futur, devait d\u00e9truire la plan\u00e8te, on peut dire qu&rsquo;un seul homme sauv\u00e9 par l&rsquo;exercice int\u00e9rieur ferait que le monde an\u00e9anti serait \u00e9galement sauv\u00e9 in divinis, en fonction de l&rsquo;\u00e9quation : macrocosme = microcosme.<\/p>\n<p style=\"text-align: justify;\">\n<p style=\"text-align: justify;\"><strong>R\u00e9cup\u00e9rer les vents contraires pour naviguer<\/strong><\/p>\n<p style=\"text-align: justify;\">\n<p style=\"text-align: justify;\">Un autre aspect de l&rsquo;\u00e9poque r\u00e9side dans l&rsquo;utilisation de ses donn\u00e9es n\u00e9gatives ou hostiles \u00e0 des fins de purification personnelle.<\/p>\n<p style=\"text-align: justify;\">\n<p style=\"text-align: justify;\">D\u00e9j\u00e0, l&rsquo;int\u00e9r\u00eat d\u00e9risoire que pr\u00e9sentent bon nombre de ses manifestations pr\u00e9dispose \u00e0 une certaine marge protectrice \u00e0 son \u00e9gard. Mais l&rsquo;acceptation de l&rsquo;in\u00e9vitable permet \u00e0 l&rsquo;homme du kali-yuga de faire de l&rsquo;\u00e9poque une v\u00e9ritable \u00e9cole d&rsquo;apprentissage du d\u00e9tachement et de la ma\u00eetrise, et d&rsquo;y op\u00e9rer \u00e0 la fa\u00e7on du tao\u00efste qui utilise les n\u0153uds de la mati\u00e8re pour ciseler le bois ou r\u00e9cup\u00e8re les vents contraires pour naviguer<a href=\"#_ftn10\">[10]<\/a>. Tous les enseignements s&rsquo;accordent pour dire que ceux qui n&rsquo;ont pas le courage de faire face avec patience et fermet\u00e9 aux difficult\u00e9s inh\u00e9rentes \u00e0 l&rsquo;existence ne seront jamais en \u00e9tat d&rsquo;affronter les biens plus grandes difficult\u00e9s d&rsquo;une s\u00e2dhan\u00e2<a href=\"#_ftn11\">[11]<\/a>. Il ne s&rsquo;agit donc pas d&rsquo;\u00e9viter l\u00e2chement les \u00e9preuves, mais de retourner en sa faveur les obstacles les plus contraignants.<\/p>\n<p style=\"text-align: justify;\">\n<p style=\"text-align: justify;\"><strong>Les conseils de Julius Evola<\/strong><\/p>\n<p style=\"text-align: justify;\">\n<p style=\"text-align: justify;\">Dans son livre <em>Chevaucher le tigre<\/em><a href=\"#_ftn12\"><strong>[12]<\/strong><\/a>, Julius Evola fournit un certain nombre de recettes aidant \u00e0 cette attitude, et fond\u00e9es sur l&rsquo;ambivalence des temps que nous vivons. Par exemple : utiliser l&rsquo;anonymat et l&rsquo;uniformisation au profit d&rsquo;une perte de l&rsquo;ego, non pas dans le sens de l&rsquo;indiff\u00e9renciation quantitative, mais dans celui de la transcendance ; tirer une le\u00e7on de d\u00e9tachement \u00e0 l&rsquo;\u00e9gard du monde par le fait d&rsquo;\u00eatre exil\u00e9 ou d\u00e9port\u00e9 \u00e0 la suite des bouleversements dont l&rsquo;\u00e9poque est fertile pratiquer une certaine familiarit\u00e9 monastique avec l&rsquo;id\u00e9e de la mort, \u00e0 partir du constat des destructions massives.<\/p>\n<p style=\"text-align: justify;\">\n<p style=\"text-align: justify;\"><strong>Suppl\u00e9er \u00e0 l&rsquo;absence d&rsquo;un ma\u00eetre spirituel<\/strong><\/p>\n<p style=\"text-align: justify;\">\n<p style=\"text-align: justify;\">En un si\u00e8cle o\u00f9 les ma\u00eetres spirituels font cruellement d\u00e9faut \u2014 ce qui est aussi un signe des temps \u2014, il reste possible de consid\u00e9rer chaque personne, chaque fait ou \u00e9v\u00e9nement d\u00e9l\u00e9gu\u00e9s par les circonstances comme autant d&rsquo;upagourou<a href=\"#_ftn13\">[13]<\/a> suscit\u00e9s pour nous mettre \u00e0 l&rsquo;\u00e9preuve, nous aider \u00e0 prendre une juste mesure de nous-m\u00eames, fortifier notre contr\u00f4le et notre sagacit\u00e9. Le \u00ab Ma\u00eetre \u00bb que nous cherchons d\u00e9sesp\u00e9r\u00e9ment partout est en r\u00e9alit\u00e9 partout : il a nom Kali-yuga. L&rsquo;homme conscient doit pouvoir aujourd&rsquo;hui se servir, pour progresser, de tout ce qui est, en fait, destin\u00e9 \u00e0 l&rsquo;entraver et \u00e0 le faire reculer : l&rsquo;autre, telle nouvelle contrariante, tel apparent \u00e9chec, tel signe, clin d&rsquo;\u0153il du destin, qu&rsquo;il faut savoir cueillir au passage. Le degr\u00e9 d&rsquo;\u00e9veil qui suivra sera en proportion de l&rsquo;\u00e9preuve assum\u00e9e dans cet esprit d&rsquo;autonomie interne, d&rsquo;abandon \u00e0 la divine shakti<a href=\"#_ftn14\">[14]<\/a>.<\/p>\n<p style=\"text-align: justify;\">\n<p style=\"text-align: justify;\"><strong>R\u00e9p\u00e9ter inlassablement un mot divin<\/strong><\/p>\n<p style=\"text-align: justify;\">\n<p style=\"text-align: justify;\">Toutes les traditions mentionnent la souvenance et la r\u00e9p\u00e9tition d&rsquo;un nom divin comme l&rsquo;effort que doit consentir l&rsquo;homme. L&rsquo;Inde assure qu&rsquo;il suffit, dans l&rsquo;\u00e2ge Kali, de \u00ab c\u00e9l\u00e9brer les louanges de Krishna pour \u00eatre uni \u00e0 l&rsquo;\u00catre supr\u00eame \u00bb. Le sage Vy\u00e2sa va jusqu&rsquo;\u00e0 pr\u00e9tendre que le kali-yuga est l&rsquo;\u00e2ge le plus heureux parce qu&rsquo;il est celui o\u00f9 l&rsquo;on peut le plus facilement atteindre la lib\u00e9ration \u00e0 l&rsquo;aide de l&rsquo;invocation, et proclame heureux m\u00eame les \u00ab sh\u00fbdra<a href=\"#_ftn15\">[15]<\/a> et les femmes \u00bb, car il leur suffit d&rsquo;accomplir leur devoir pour \u00eatre \u00e9galement sauv\u00e9s. Dans le Koran, All\u00e2h enjoint \u00e0 ses fid\u00e8les de se souvenir de Lui pour qu&rsquo;Il se souvienne d&rsquo;eux<a href=\"#_ftn16\">[16]<\/a> ; et, dans la tradition jud\u00e9o-chr\u00e9tienne, Jo\u00ebl assure que, lors de l&rsquo;apocatastase, \u00ab quiconque invoquera le Nom de Dieu sera sauv\u00e9 \u00bb<a href=\"#_ftn17\">[17]<\/a>.<\/p>\n<p style=\"text-align: justify;\">\n<p style=\"text-align: justify;\">Un des \u00e9v\u00e9nements positifs de ce si\u00e8cle aura \u00e9t\u00e9 la mise en \u00e9vidence de cette convergence doctrinale du japa, du dhikr, du nembutzu et de la \u00ab pri\u00e8re du c\u0153ur \u00bb, ainsi que la red\u00e9couverte par l&rsquo;Occident de l&rsquo;oraison jaculatoire conserv\u00e9e dans l&rsquo;h\u00e9sychasme. Cette pri\u00e8re onomastique poss\u00e8de, entre autres avantages, celui de se surimposer \u00e0 l&rsquo;action, \u00e0 laquelle les Occidentaux semblent incapables de renoncer, et celui de pouvoir \u00eatre pratiqu\u00e9e sans ext\u00e9riorisation intempestive, dans une sorte de sainte clandestinit\u00e9. Ces r\u00e9centes retrouvailles avec un v\u00e9ritable \u00ab yoga chr\u00e9tien \u00bb, parfaitement conserv\u00e9 par l&rsquo;\u00c9glise orthodoxe, m\u00e9ritent la plus grande attention de la part des chr\u00e9tiens en qu\u00eate de leur \u00e9sot\u00e9risme<a href=\"#_ftn18\">[18]<\/a>.<\/p>\n<p style=\"text-align: justify;\">\n<p style=\"text-align: justify;\"><strong>Voguer toutes voiles vers le futur<\/strong><\/p>\n<p style=\"text-align: justify;\">\n<p style=\"text-align: justify;\">Nul ne peut dire par quel processus ni sur quel plan pourra se manifester une certaine continuit\u00e9 entre le pr\u00e9sent cycle et le suivant. Ren\u00e9 Gu\u00e9non \u00e9voque un redressement \u00ab instantan\u00e9 \u00bb, hors de toute dur\u00e9e \u2013 ce qui implique un passage au non-manifest\u00e9, et cadre mal, de ce fait, avec la n\u00e9cessit\u00e9 de pr\u00e9parer l&rsquo;apr\u00e8s-cycle dont il parle en d&rsquo;autres lieux \u2014 il est en tout cas affirm\u00e9 qu&rsquo;\u00e0 la fin du kali-yuga succ\u00e8de un satya-yuga<a href=\"#_ftn19\">[19]<\/a>, assurant la restauration de l&rsquo;\u00ab \u00e9tat primordial\u00a0\u00bb.<\/p>\n<p style=\"text-align: justify;\">\n<p style=\"text-align: justify;\">Il n&rsquo;est pas impossible de penser, avec toute la prudence requise, qu&rsquo;\u00e0 mesure que s&rsquo;acc\u00e9l\u00e8re la d\u00e9gradation g\u00e9n\u00e9rale se cr\u00e9ent dans l&rsquo;ombre les conditions n\u00e9cessaires \u00e0 l&rsquo;\u00e9laboration d&rsquo;une nouvelle harmonie, et que les germes du futur cycle \u2014 les animaux dans l&rsquo;Arche \u2014 m\u00fbrissent peu \u00e0 peu.<\/p>\n<p style=\"text-align: justify;\">\n<p style=\"text-align: justify;\">M\u00eame si nous ne sommes pas destin\u00e9s \u00e0 assister au renversement ultime, mais seulement \u00e0 le pr\u00e9voir et \u00e0 le pr\u00e9parer \u2014 tels les constructeurs de l&rsquo;Arche \u2014, il n&rsquo;en importe pas moins de se mettre en qu\u00eate de tous les possibles germinatifs de la remont\u00e9e sans attendre l&rsquo;\u00e9puisement des forces les plus obscures. Devant les progr\u00e8s de l&rsquo;entreprise, il faut d&rsquo;ailleurs s&rsquo;attendre \u00e0 ce que les puissances du mal se d\u00e9cha\u00eenent toujours davantage : les convulsions du Dragon bless\u00e9 \u00e0 mort sont les plus redoutables, mais elles sont aussi les derni\u00e8res.<\/p>\n<p style=\"text-align: justify;\">\n<p style=\"text-align: justify;\">La r\u00e9unification des deux h\u00e9misph\u00e8res de la plan\u00e8te \u2014 Orient et Occident \u2014 constitue peut-\u00eatre d\u00e9j\u00e0, par-del\u00e0 la multiplication des conflits externes et les fausses synth\u00e8ses d&#8217;empires, le signe arch\u00e9typique, id\u00e9alement annonciateur d&rsquo;une r\u00e9conciliation des contraires, premi\u00e8re \u00e9tape vers une unit\u00e9 spirituelle authentique.<\/p>\n<p style=\"text-align: justify;\">\n<p style=\"text-align: justify;\"><strong>Relire Shri Aurobindo<\/strong><\/p>\n<p style=\"text-align: justify;\">\n<p style=\"text-align: justify;\">Il convient, dans cette perspective, de pr\u00eater une vigilante attention \u00e0 l&rsquo;\u0153uvre visionnaire de Shr\u00ee Aurobindo, qui, n&rsquo;h\u00e9sitant pas \u00e0 proclamer que l&rsquo;\u00ab \u00e2ge de fer est fini \u00bb, convie \u00e0 pr\u00e9parer la surrection du nouvel \u00e2ge par une transformation de la nature et de la conscience humaines. Quelles que soient les r\u00e9serves que d&rsquo;aucuns all\u00e8guent \u00e0 propos de l&rsquo;\u00e9volutionnisme ou de l&rsquo;utopie qu&rsquo;ils croient d\u00e9celer dans cette \u0153uvre, celle-ci ouvre incontestablement une br\u00e8che dans le mur de nos opacit\u00e9s, porte au loin le son d&rsquo;une voix qu&rsquo;on n&rsquo;avait pas encore entendue et qui d\u00e9concerte pour autant qu&rsquo;elle est proph\u00e9tique. Shr\u00ee Aurobindo pr\u00e9pare-t-il la venue du kalki-avat\u00e2ra<a href=\"#_ftn20\">[20]<\/a> comme saint Jean-Baptiste annon\u00e7a Celui dont il n&rsquo;\u00e9tait pas digne de d\u00e9lier la chaussure ? Est-il le h\u00e9raut inspir\u00e9 du prochain satyayuga, qu&rsquo;on pourrait rapprocher de la \u00ab J\u00e9rusalem c\u00e9leste \u00bb, et la descente qu&rsquo;il annonce du \u00ab supramental \u00bb ne co\u00efncide-t-elle pas avec l&rsquo;av\u00e8nement de l&rsquo;\u00ab \u00e2ge du Saint-Esprit \u00bb entrevu par Joachim de Fiore ?&#8230; Peut-il \u00eatre lui-m\u00eame consid\u00e9r\u00e9 comme un avat\u00e2ra venu confier \u00e0 l&rsquo;humanit\u00e9 le viatique dont elle a actuellement besoin, et d\u00e9livrer le message qui permettra de la relancer vers des aventures sup\u00e9rieures ?&#8230; Nous savons seulement que l&rsquo;humanit\u00e9, qui n&rsquo;est peut-\u00eatre pas loin de f\u00eater le millioni\u00e8me anniversaire de sa naissance, se trouve \u00e0 un tournant d\u00e9cisif de son devenir et qu&rsquo;il lui est propos\u00e9 de choisir, aujourd&rsquo;hui, entre un mode de vie o\u00f9 l&rsquo;homme pourra redevenir \u00e0 part enti\u00e8re \u00ab l&rsquo;image de Dieu \u00bb et une soci\u00e9t\u00e9 d&rsquo;insectes<a href=\"#_ftn21\">[21]<\/a>.<\/p>\n<p style=\"text-align: justify;\">\n<p style=\"text-align: justify;\"><strong>S&rsquo;occuper de l&rsquo;essentiel et rire du reste<\/strong><\/p>\n<p style=\"text-align: justify;\">\n<p style=\"text-align: justify;\">Cc que prouvent les \u00eatres de r\u00e9alisation, les \u00ab d\u00e9livr\u00e9s vivants \u00bb qui sont nos contemporains, ic\u00f4nes reli\u00e9es \u00e0 l&rsquo;Origine, propos\u00e9es \u00e0 notre nostalgie, c&rsquo;est qu&rsquo;il est toujours possible de sortir du temps, comme les cosmonautes sortent de la stratosph\u00e8re. Quiconque parvient \u00e0 vivre en perfection dans l&rsquo;ici et maintenant rejoint du m\u00eame coup la transparence encore inscrite dans les fibres du satya-yuga. Demander \u00e0 l&rsquo;un de ces transfigur\u00e9s quand et comment se fera la fin du cycle actuel est l&rsquo;infaillible moyen de le faire rire de ce rire dont l&rsquo;\u00e9clat d\u00e9capite toutes les angoisses. Il donnera pour toute r\u00e9ponse que nos sp\u00e9culations proc\u00e8dent du seul mental et ne contribuent qu&rsquo;\u00e0 nous distraire un peu plus de l&rsquo;essentiel. Le seul but est d&rsquo;atteindre la lib\u00e9ration, pour laquelle il n&rsquo;est plus de cycles qui tiennent, puisqu&rsquo;elle est l&rsquo;\u00e2ge d&rsquo;or pour l&rsquo;\u00e9ternit\u00e9.<\/p>\n<p style=\"text-align: justify;\">Jean Bi\u00e8s<\/p>\n<p style=\"text-align: justify;\">\n<p style=\"text-align: justify;\">Jean Bi\u00e8s, n\u00e9 \u00e0 Bordeaux en 1933, enseigne actuellement la litt\u00e9rature grecque \u00e0 la facult\u00e9 des lettres de Pau. Ses nombreux s\u00e9jours en Orient et ses ouvrages philosophiques et litt\u00e9raires l&rsquo;ont fait conna\u00eetre comme un sp\u00e9cialiste de la pens\u00e9e orientale. Son ouvrage \u00ab la Litt\u00e9rature fran\u00e7aise et la Pens\u00e9e hindoue \u00bb a \u00e9t\u00e9 couronn\u00e9 par le Prix de l&rsquo;Asie.<\/p>\n<p style=\"text-align: justify;\">\n<hr style=\"text-align: justify;\" size=\"1\" \/>\n<p style=\"text-align: justify;\"><a href=\"#_ftnref1\">[1]<\/a> Voir en particulier R. Gu\u00e9non : <em>la Crise du inonde moderne<\/em> (Paris; Gallimard, 1946), et le R\u00e8gne de la quantit\u00e9 (Paris, Gallimard. 1945) ; G. Georgel : <em>l&rsquo;\u00c8re future et le Mouvement de l&rsquo;histoire<\/em> (Paris, La Colombe, 1956) ; R. Auclair : <em>le Livre des cycles<\/em> (Portes de France), et <em>le Jour de Yahv\u00e9<\/em> (Paris, T\u00e9qui, 1975). Ces trois auteurs situent la fin du cycle actuel aux alentours de l&rsquo;an 2000.<\/p>\n<p style=\"text-align: justify;\"><a href=\"#_ftnref2\">[2]<\/a> Kali-yuga : dans la cosmologie hindoue, c&rsquo;est le quatri\u00e8me et dernier cycle d&rsquo;un manvantara. Lire dans ce m\u00eame num\u00e9ro l&rsquo;article de Jean Varenne : \u00ab Hindouisme: l&rsquo;\u00e2ge noir mais aussi l&rsquo;\u00e9ternel retour \u00bb.<\/p>\n<p style=\"text-align: justify;\"><a href=\"#_ftnref3\">[3]<\/a> Manvantara : p\u00e9riode cosmique form\u00e9e de quatre cycles successifs, dont le dernier est le kali-yuga, marquant une d\u00e9gradation progressive.<\/p>\n<p style=\"text-align: justify;\"><a href=\"#_ftnref4\">[4]<\/a> Kalpa : p\u00e9riode cosmique form\u00e9e de quatorze manvantara, comprise entre deux r\u00e9sorptions cosmiques.<\/p>\n<p style=\"text-align: justify;\"><a href=\"#_ftnref5\">[5]<\/a> Luc, XII, 40 : \u00ab\u00a0C&rsquo;est \u00e0 l&rsquo;heure que vous ne pensez pas que le Fils de l&rsquo;homme viendra. \u00bb<\/p>\n<p style=\"text-align: justify;\"><a href=\"#_ftnref6\">[6]<\/a> C. Humphreys : <em>The Buddhist Way of Life<\/em> (Londres, 1969).<\/p>\n<p style=\"text-align: justify;\"><a href=\"#_ftnref7\">[7]<\/a> Voir, \u00e0 ce sujet, E. T\u00e9choueyres : <em>Spiritualit\u00e9 hindoue et Science occidentale<\/em> (Adyar, 1953).<\/p>\n<p style=\"text-align: justify;\"><a href=\"#_ftnref8\">[8]<\/a> Dans le seul domaine hindouiste, on conna\u00eet l&rsquo;admirable collection \u00ab\u00a0Spiritualit\u00e9s vivantes \u00bb (Albin Michel), fond\u00e9e par Jean Herbert, et transmettant au public d&rsquo;Occident les enseignements des sages de l&rsquo;Inde contemporaine.<\/p>\n<p style=\"text-align: justify;\"><a href=\"#_ftnref9\">[9]<\/a> Matthieu, XXIV, 36.<\/p>\n<p style=\"text-align: justify;\"><a href=\"#_ftnref10\">[10]<\/a> Voir plusieurs exemples dans A. Watts : \u00ab <em>l&rsquo;Art de sentir<\/em> \u00bb, in <em>Amour et Connaissance<\/em> (Paris, Deno\u00ebl-Gonthier, 1973).<\/p>\n<p style=\"text-align: justify;\"><a href=\"#_ftnref11\">[11]<\/a> S\u00e2dhan\u00e2 : ensemble de pratiques asc\u00e9tiques.<\/p>\n<p style=\"text-align: justify;\"><a href=\"#_ftnref12\">[12]<\/a> J. Evola : <em>Chevaucher le tigre<\/em> (Paris, La Colombe, 1964). Le titre est emprunt\u00e9 \u00e0 une formule extr\u00eame-orientale : si l&rsquo;on r\u00e9ussit \u00e0 chevaucher un tigre (l&rsquo;\u00e2ge de la contre-tradition), on l&#8217;emp\u00eache de se jeter sur nous jusqu&rsquo;\u00e0 avoir raison de lui.<\/p>\n<p style=\"text-align: justify;\"><a href=\"#_ftnref13\">[13]<\/a> Upagourou : ma\u00eetre occasionnel et secondaire.<\/p>\n<p style=\"text-align: justify;\"><a href=\"#_ftnref14\">[14]<\/a> Shakti\u00a0: manifestation de la puissance divine dans le cosmos.<\/p>\n<p style=\"text-align: justify;\"><a href=\"#_ftnref15\">[15]<\/a> Sh\u00fbdra : les serviteurs, qui constituent la derni\u00e8re caste.<\/p>\n<p style=\"text-align: justify;\"><a href=\"#_ftnref16\">[16]<\/a> Koran, II, 151.<\/p>\n<p style=\"text-align: justify;\"><a href=\"#_ftnref17\">[17]<\/a> Jo\u00ebl, II, 32. Repris dans l&rsquo;\u00c9p\u00eetre aux Romains, X, 13.<\/p>\n<p style=\"text-align: justify;\"><a href=\"#_ftnref18\">[18]<\/a> Nous renvoyons \u00e0 <em>Yoga, science de l&rsquo;homme int\u00e9gral<\/em> (Cahiers du Sud, 1953) ; F. Schuon, De l&rsquo;unit\u00e9 transcendante des religions, chap. IX (Paris, Gallimard, 1948), et \u00e0 la Petite Philocalie de la pri\u00e8re du c\u0153ur (Paris, Le Seuil, coll. \u00ab Livre de vie \u00bb, 1968).<\/p>\n<p style=\"text-align: justify;\"><a href=\"#_ftnref19\">[19]<\/a> Satya-yuga : l&rsquo;\u00ab \u00e2ge de V\u00e9rit\u00e9 \u00bb, le premier des quatre yuga.<\/p>\n<p style=\"text-align: justify;\"><a href=\"#_ftnref20\">[20]<\/a> Kalki-avat\u00e2ra : le dernier des avat\u00e2ra, ou \u00ab descente \u00bb et incarnation divine, attendu pour la fin du cycle.<\/p>\n<p style=\"text-align: justify;\"><a href=\"#_ftnref21\">[21]<\/a> On sait que, dans le cas d&rsquo;un conflit nucl\u00e9aire, seuls survivraient les insectes. Il est curieux de remarquer que, selon une \u00e9tymologie propos\u00e9e, les mots \u00ab insecte \u00bb et \u00ab atome \u00bb ont la m\u00eame signification : le premier vient du latin in-sectum, \u00ab\u00a0qui ne peut \u00eatre coup\u00e9 \u00bb, le second du grec a-tomos, \u00ab qui ne peut \u00eatre divis\u00e9 \u00bb. Le semblable attire le semblable.<\/p>\n","protected":false},"excerpt":{"rendered":"<p>Se conna\u00eetre soi-m\u00eame est la condition prioritaire, indispensable \u00e0 remplir avant d&rsquo;entreprendre avec succ\u00e8s les claironnantes croisades que l&rsquo;on sait pour sauver l&rsquo;humanit\u00e9 en d\u00e9tresse&#8230; Pour autant que le monde ext\u00e9rieur est l&rsquo;ombre projet\u00e9e du monde int\u00e9rieur, travailler \u00e0 d\u00e9nouer ses propres conflits, c&rsquo;est d\u00e9j\u00e0 mettre un peu d&rsquo;ordre dans l&rsquo;\u00ab \u00e2ge des conflits \u00bb. Certains commencent \u00e0 comprendre que, notre nature \u00e9tant en correspondance avec les \u00e9v\u00e9nements du dehors, elle les suscite et les attire&#8230; <\/p>\n","protected":false},"author":1,"featured_media":0,"comment_status":"closed","ping_status":"closed","sticky":false,"template":"","format":"standard","meta":{"footnotes":""},"categories":[595],"tags":[1351,291,584,277],"class_list":["post-4696","post","type-post","status-publish","format-standard","hentry","category-bies-jean","tag-aurobindo","tag-cycle","tag-futur","tag-tradition"],"yoast_head":"<!-- This site is optimized with the Yoast SEO plugin v27.0 - https:\/\/yoast.com\/product\/yoast-seo-wordpress\/ -->\n<title>Spiritualit\u00e9 des forts par Jean Bi\u00e8s - 3e mill\u00e9naire - Spiritualit\u00e9 - Connaissance de soi - Non-dualit\u00e9 - M\u00e9ditation<\/title>\n<meta name=\"robots\" content=\"index, follow, max-snippet:-1, max-image-preview:large, max-video-preview:-1\" \/>\n<link rel=\"canonical\" href=\"https:\/\/www.revue3emillenaire.com\/blog\/spiritualite-des-forts-par-jean-bies\/\" \/>\n<meta property=\"og:locale\" content=\"fr_FR\" \/>\n<meta property=\"og:type\" content=\"article\" \/>\n<meta property=\"og:title\" content=\"Spiritualit\u00e9 des forts par Jean Bi\u00e8s - 3e mill\u00e9naire - Spiritualit\u00e9 - Connaissance de soi - Non-dualit\u00e9 - M\u00e9ditation\" \/>\n<meta property=\"og:description\" content=\"Se conna\u00eetre soi-m\u00eame est la condition prioritaire, indispensable \u00e0 remplir avant d&#039;entreprendre avec succ\u00e8s les claironnantes croisades que l&#039;on sait pour sauver l&#039;humanit\u00e9 en d\u00e9tresse... Pour autant que le monde ext\u00e9rieur est l&#039;ombre projet\u00e9e du monde int\u00e9rieur, travailler \u00e0 d\u00e9nouer ses propres conflits, c&#039;est d\u00e9j\u00e0 mettre un peu d&#039;ordre dans l&#039;\u00ab \u00e2ge des conflits \u00bb. Certains commencent \u00e0 comprendre que, notre nature \u00e9tant en correspondance avec les \u00e9v\u00e9nements du dehors, elle les suscite et les attire...\" \/>\n<meta property=\"og:url\" content=\"https:\/\/www.revue3emillenaire.com\/blog\/spiritualite-des-forts-par-jean-bies\/\" \/>\n<meta property=\"og:site_name\" content=\"3e mill\u00e9naire - Spiritualit\u00e9 - Connaissance de soi - Non-dualit\u00e9 - M\u00e9ditation\" \/>\n<meta property=\"article:published_time\" content=\"2010-09-15T13:09:09+00:00\" \/>\n<meta property=\"article:modified_time\" content=\"2011-10-01T00:34:03+00:00\" \/>\n<meta name=\"author\" content=\"3e mill\u00e9naire\" \/>\n<meta name=\"twitter:card\" content=\"summary_large_image\" \/>\n<meta name=\"twitter:label1\" content=\"\u00c9crit par\" \/>\n\t<meta name=\"twitter:data1\" content=\"3e mill\u00e9naire\" \/>\n\t<meta name=\"twitter:label2\" content=\"Dur\u00e9e de lecture estim\u00e9e\" \/>\n\t<meta name=\"twitter:data2\" content=\"19 minutes\" \/>\n<script type=\"application\/ld+json\" class=\"yoast-schema-graph\">{\"@context\":\"https:\/\/schema.org\",\"@graph\":[{\"@type\":\"Article\",\"@id\":\"https:\/\/www.revue3emillenaire.com\/blog\/spiritualite-des-forts-par-jean-bies\/#article\",\"isPartOf\":{\"@id\":\"https:\/\/www.revue3emillenaire.com\/blog\/spiritualite-des-forts-par-jean-bies\/\"},\"author\":{\"name\":\"3e mill\u00e9naire\",\"@id\":\"https:\/\/www.revue3emillenaire.com\/blog\/#\/schema\/person\/9a3a7cc4ccaa707f402d4394327106d5\"},\"headline\":\"Spiritualit\u00e9 des forts par Jean Bi\u00e8s\",\"datePublished\":\"2010-09-15T13:09:09+00:00\",\"dateModified\":\"2011-10-01T00:34:03+00:00\",\"mainEntityOfPage\":{\"@id\":\"https:\/\/www.revue3emillenaire.com\/blog\/spiritualite-des-forts-par-jean-bies\/\"},\"wordCount\":3732,\"keywords\":[\"Aurobindo\",\"cycle\",\"Futur\",\"Tradition\"],\"articleSection\":[\"Bi\u00e8s Jean\"],\"inLanguage\":\"fr-FR\"},{\"@type\":\"WebPage\",\"@id\":\"https:\/\/www.revue3emillenaire.com\/blog\/spiritualite-des-forts-par-jean-bies\/\",\"url\":\"https:\/\/www.revue3emillenaire.com\/blog\/spiritualite-des-forts-par-jean-bies\/\",\"name\":\"Spiritualit\u00e9 des forts par Jean Bi\u00e8s - 3e mill\u00e9naire - Spiritualit\u00e9 - Connaissance de soi - Non-dualit\u00e9 - M\u00e9ditation\",\"isPartOf\":{\"@id\":\"https:\/\/www.revue3emillenaire.com\/blog\/#website\"},\"datePublished\":\"2010-09-15T13:09:09+00:00\",\"dateModified\":\"2011-10-01T00:34:03+00:00\",\"author\":{\"@id\":\"https:\/\/www.revue3emillenaire.com\/blog\/#\/schema\/person\/9a3a7cc4ccaa707f402d4394327106d5\"},\"breadcrumb\":{\"@id\":\"https:\/\/www.revue3emillenaire.com\/blog\/spiritualite-des-forts-par-jean-bies\/#breadcrumb\"},\"inLanguage\":\"fr-FR\",\"potentialAction\":[{\"@type\":\"ReadAction\",\"target\":[\"https:\/\/www.revue3emillenaire.com\/blog\/spiritualite-des-forts-par-jean-bies\/\"]}]},{\"@type\":\"BreadcrumbList\",\"@id\":\"https:\/\/www.revue3emillenaire.com\/blog\/spiritualite-des-forts-par-jean-bies\/#breadcrumb\",\"itemListElement\":[{\"@type\":\"ListItem\",\"position\":1,\"name\":\"Accueil\",\"item\":\"https:\/\/www.revue3emillenaire.com\/blog\/\"},{\"@type\":\"ListItem\",\"position\":2,\"name\":\"Spiritualit\u00e9 des forts par Jean Bi\u00e8s\"}]},{\"@type\":\"WebSite\",\"@id\":\"https:\/\/www.revue3emillenaire.com\/blog\/#website\",\"url\":\"https:\/\/www.revue3emillenaire.com\/blog\/\",\"name\":\"3e mill\u00e9naire - Spiritualit\u00e9 - Connaissance de soi - Non-dualit\u00e9 - M\u00e9ditation\",\"description\":\"L&#039;Homme en devenir\",\"potentialAction\":[{\"@type\":\"SearchAction\",\"target\":{\"@type\":\"EntryPoint\",\"urlTemplate\":\"https:\/\/www.revue3emillenaire.com\/blog\/?s={search_term_string}\"},\"query-input\":{\"@type\":\"PropertyValueSpecification\",\"valueRequired\":true,\"valueName\":\"search_term_string\"}}],\"inLanguage\":\"fr-FR\"},{\"@type\":\"Person\",\"@id\":\"https:\/\/www.revue3emillenaire.com\/blog\/#\/schema\/person\/9a3a7cc4ccaa707f402d4394327106d5\",\"name\":\"3e mill\u00e9naire\",\"url\":\"https:\/\/www.revue3emillenaire.com\/blog\/author\/admin\/\"}]}<\/script>\n<!-- \/ Yoast SEO plugin. -->","yoast_head_json":{"title":"Spiritualit\u00e9 des forts par Jean Bi\u00e8s - 3e mill\u00e9naire - Spiritualit\u00e9 - Connaissance de soi - Non-dualit\u00e9 - M\u00e9ditation","robots":{"index":"index","follow":"follow","max-snippet":"max-snippet:-1","max-image-preview":"max-image-preview:large","max-video-preview":"max-video-preview:-1"},"canonical":"https:\/\/www.revue3emillenaire.com\/blog\/spiritualite-des-forts-par-jean-bies\/","og_locale":"fr_FR","og_type":"article","og_title":"Spiritualit\u00e9 des forts par Jean Bi\u00e8s - 3e mill\u00e9naire - Spiritualit\u00e9 - Connaissance de soi - Non-dualit\u00e9 - M\u00e9ditation","og_description":"Se conna\u00eetre soi-m\u00eame est la condition prioritaire, indispensable \u00e0 remplir avant d'entreprendre avec succ\u00e8s les claironnantes croisades que l'on sait pour sauver l'humanit\u00e9 en d\u00e9tresse... Pour autant que le monde ext\u00e9rieur est l'ombre projet\u00e9e du monde int\u00e9rieur, travailler \u00e0 d\u00e9nouer ses propres conflits, c'est d\u00e9j\u00e0 mettre un peu d'ordre dans l'\u00ab \u00e2ge des conflits \u00bb. Certains commencent \u00e0 comprendre que, notre nature \u00e9tant en correspondance avec les \u00e9v\u00e9nements du dehors, elle les suscite et les attire...","og_url":"https:\/\/www.revue3emillenaire.com\/blog\/spiritualite-des-forts-par-jean-bies\/","og_site_name":"3e mill\u00e9naire - Spiritualit\u00e9 - Connaissance de soi - Non-dualit\u00e9 - M\u00e9ditation","article_published_time":"2010-09-15T13:09:09+00:00","article_modified_time":"2011-10-01T00:34:03+00:00","author":"3e mill\u00e9naire","twitter_card":"summary_large_image","twitter_misc":{"\u00c9crit par":"3e mill\u00e9naire","Dur\u00e9e de lecture estim\u00e9e":"19 minutes"},"schema":{"@context":"https:\/\/schema.org","@graph":[{"@type":"Article","@id":"https:\/\/www.revue3emillenaire.com\/blog\/spiritualite-des-forts-par-jean-bies\/#article","isPartOf":{"@id":"https:\/\/www.revue3emillenaire.com\/blog\/spiritualite-des-forts-par-jean-bies\/"},"author":{"name":"3e mill\u00e9naire","@id":"https:\/\/www.revue3emillenaire.com\/blog\/#\/schema\/person\/9a3a7cc4ccaa707f402d4394327106d5"},"headline":"Spiritualit\u00e9 des forts par Jean Bi\u00e8s","datePublished":"2010-09-15T13:09:09+00:00","dateModified":"2011-10-01T00:34:03+00:00","mainEntityOfPage":{"@id":"https:\/\/www.revue3emillenaire.com\/blog\/spiritualite-des-forts-par-jean-bies\/"},"wordCount":3732,"keywords":["Aurobindo","cycle","Futur","Tradition"],"articleSection":["Bi\u00e8s Jean"],"inLanguage":"fr-FR"},{"@type":"WebPage","@id":"https:\/\/www.revue3emillenaire.com\/blog\/spiritualite-des-forts-par-jean-bies\/","url":"https:\/\/www.revue3emillenaire.com\/blog\/spiritualite-des-forts-par-jean-bies\/","name":"Spiritualit\u00e9 des forts par Jean Bi\u00e8s - 3e mill\u00e9naire - Spiritualit\u00e9 - Connaissance de soi - Non-dualit\u00e9 - M\u00e9ditation","isPartOf":{"@id":"https:\/\/www.revue3emillenaire.com\/blog\/#website"},"datePublished":"2010-09-15T13:09:09+00:00","dateModified":"2011-10-01T00:34:03+00:00","author":{"@id":"https:\/\/www.revue3emillenaire.com\/blog\/#\/schema\/person\/9a3a7cc4ccaa707f402d4394327106d5"},"breadcrumb":{"@id":"https:\/\/www.revue3emillenaire.com\/blog\/spiritualite-des-forts-par-jean-bies\/#breadcrumb"},"inLanguage":"fr-FR","potentialAction":[{"@type":"ReadAction","target":["https:\/\/www.revue3emillenaire.com\/blog\/spiritualite-des-forts-par-jean-bies\/"]}]},{"@type":"BreadcrumbList","@id":"https:\/\/www.revue3emillenaire.com\/blog\/spiritualite-des-forts-par-jean-bies\/#breadcrumb","itemListElement":[{"@type":"ListItem","position":1,"name":"Accueil","item":"https:\/\/www.revue3emillenaire.com\/blog\/"},{"@type":"ListItem","position":2,"name":"Spiritualit\u00e9 des forts par Jean Bi\u00e8s"}]},{"@type":"WebSite","@id":"https:\/\/www.revue3emillenaire.com\/blog\/#website","url":"https:\/\/www.revue3emillenaire.com\/blog\/","name":"3e mill\u00e9naire - Spiritualit\u00e9 - Connaissance de soi - Non-dualit\u00e9 - M\u00e9ditation","description":"L&#039;Homme en devenir","potentialAction":[{"@type":"SearchAction","target":{"@type":"EntryPoint","urlTemplate":"https:\/\/www.revue3emillenaire.com\/blog\/?s={search_term_string}"},"query-input":{"@type":"PropertyValueSpecification","valueRequired":true,"valueName":"search_term_string"}}],"inLanguage":"fr-FR"},{"@type":"Person","@id":"https:\/\/www.revue3emillenaire.com\/blog\/#\/schema\/person\/9a3a7cc4ccaa707f402d4394327106d5","name":"3e mill\u00e9naire","url":"https:\/\/www.revue3emillenaire.com\/blog\/author\/admin\/"}]}},"_links":{"self":[{"href":"https:\/\/www.revue3emillenaire.com\/blog\/wp-json\/wp\/v2\/posts\/4696","targetHints":{"allow":["GET"]}}],"collection":[{"href":"https:\/\/www.revue3emillenaire.com\/blog\/wp-json\/wp\/v2\/posts"}],"about":[{"href":"https:\/\/www.revue3emillenaire.com\/blog\/wp-json\/wp\/v2\/types\/post"}],"author":[{"embeddable":true,"href":"https:\/\/www.revue3emillenaire.com\/blog\/wp-json\/wp\/v2\/users\/1"}],"replies":[{"embeddable":true,"href":"https:\/\/www.revue3emillenaire.com\/blog\/wp-json\/wp\/v2\/comments?post=4696"}],"version-history":[{"count":0,"href":"https:\/\/www.revue3emillenaire.com\/blog\/wp-json\/wp\/v2\/posts\/4696\/revisions"}],"wp:attachment":[{"href":"https:\/\/www.revue3emillenaire.com\/blog\/wp-json\/wp\/v2\/media?parent=4696"}],"wp:term":[{"taxonomy":"category","embeddable":true,"href":"https:\/\/www.revue3emillenaire.com\/blog\/wp-json\/wp\/v2\/categories?post=4696"},{"taxonomy":"post_tag","embeddable":true,"href":"https:\/\/www.revue3emillenaire.com\/blog\/wp-json\/wp\/v2\/tags?post=4696"}],"curies":[{"name":"wp","href":"https:\/\/api.w.org\/{rel}","templated":true}]}}