{"id":4749,"date":"2010-09-15T14:14:12","date_gmt":"2010-09-15T13:14:12","guid":{"rendered":"http:\/\/www.revue3emillenaire.com\/blog\/?p=4749"},"modified":"2010-09-15T14:14:12","modified_gmt":"2010-09-15T13:14:12","slug":"entrer-dans-la-resonance-pour-une-ecologie-de-la-musique-par-iegor-reznikoff","status":"publish","type":"post","link":"https:\/\/www.revue3emillenaire.com\/blog\/entrer-dans-la-resonance-pour-une-ecologie-de-la-musique-par-iegor-reznikoff\/","title":{"rendered":"Entrer dans la r\u00e9sonance&#8230; pour une \u00e9cologie de la musique par Iegor Reznikoff"},"content":{"rendered":"<p style=\"text-align: justify;\">(Revue Co\u00c9volution. N<sup>o<\/sup> 6. Automne 1981)<\/p>\n<p style=\"text-align: justify;\">\n<p style=\"text-align: justify;\"><em>L&rsquo;engouement pour les musiques traditionnelles, le chant gr\u00e9gorien et son renouvellement, a largement grandi ces derni\u00e8res ann\u00e9es. Quelle est la port\u00e9e contemporaine de ces musiques ? S&rsquo;agit-il seulement de les mettre en disques pour les conserver comme on met des esp\u00e8ces animales en voie de disparition dans des zoos ? Ou bien ont-elles une valeur particuli\u00e8re pour les hommes et les femmes d&rsquo;aujourd&rsquo;hui, qui subissent de plus en plus la domination d&rsquo;une forme particuli\u00e8re de la musique occidentale ?<\/em><\/p>\n<p style=\"text-align: justify;\"><em>Iegor Reznikoff, qui enseigne actuellement en philosophie et histoire de l&rsquo;art \u00e0 l&rsquo;Universit\u00e9 Paris-X, apr\u00e8s avoir \u00e9t\u00e9 professeur de math\u00e9matiques \u00e0 l&rsquo;Universit\u00e9 et enseign\u00e9 la logique \u00e0 l&rsquo;\u00c9cole Polytechnique, essaie justement de p\u00e9n\u00e9trer l&rsquo;esprit de l&rsquo;art antique, \u00e0 travers les traditions et les soci\u00e9t\u00e9s qui le vivent encore. En se penchant sur l&rsquo;\u00e9tude du chant gr\u00e9gorien il a \u00e9t\u00e9 conduit \u00e0 remettre en question sa formation musicale occidentale classique (via le conservatoire, l&rsquo;harmonie, la composition, etc.), et \u00e0 replonger aux sources de la musique. Dans les ateliers qu&rsquo;il anime on commence par apprendre \u00e0 sentir finement les vibrations dans son corps avant d&rsquo;apprendre \u00e0 chanter suivant l&rsquo;intonation juste et la r\u00e9sonance naturelle. Rien que de l&rsquo;\u00e9couter parler, on se met \u00e0 vibrer&#8230; Le texte qui suit est issu de notes prises lors d&rsquo;un entretien.<\/em><\/p>\n<p style=\"text-align: right;\">M. P.<\/p>\n<p style=\"text-align: justify;\">\n<p style=\"text-align: justify;\"><strong>L&rsquo;Occident joue faux !<\/strong><\/p>\n<p style=\"text-align: justify;\">\n<p style=\"text-align: justify;\">Mais pourquoi jouent-ils tout le temps faux ?<\/p>\n<p style=\"text-align: justify;\">\n<p style=\"text-align: justify;\">Cette r\u00e9flexion d&rsquo;un musicien indien d\u00e9couvrant pour la premi\u00e8re fois la musique occidentale refl\u00e8te la situation particuli\u00e8re de celle-ci. Pour quelqu&rsquo;un \u00e9duqu\u00e9 selon une tradition ancestrale dans laquelle l&rsquo;accord juste de l&rsquo;instrument selon les r\u00e9sonances naturelles tient une place fondamentale, cet aspect de notre musique para\u00eet inexplicable. Car dans cet Occident excessivement artificiel sur tant de points, la gamme aussi est artificielle et n&rsquo;est pas bas\u00e9e sur les consonances justes qui fondent ou en tout cas, ont fond\u00e9 la musique universelle. Cette d\u00e9marcation s&rsquo;est faite progressivement. Nous avons quelques informations sur des modifications d&rsquo;\u00e9chelles sonores survenues en gros \u00e0 partir du XIII<sup>e<\/sup> si\u00e8cle mais c&rsquo;est surtout au XVIII<sup>e<\/sup> si\u00e8cle que cette diff\u00e9rence a \u00e9t\u00e9 marqu\u00e9e s&rsquo;affirmant de fa\u00e7on radicale et m\u00eame imp\u00e9rialiste \u2014 allant jusqu&rsquo;\u00e0 nier toute autre possibilit\u00e9 au XIX<sup>e<\/sup> si\u00e8cle. L&rsquo;accord classique dit bien temp\u00e9r\u00e9, la division de l&rsquo;octave en 12 demi-tons \u00e9gaux, ceux du clavecin ou du piano ne correspond pas aux r\u00e9sonances naturelles. Tous les intervalles du piano, sauf l&rsquo;octave, sont par d\u00e9finition, faux. Nous vivons donc au sein d&rsquo;une musique bas\u00e9e sur un accord artificiel, en d\u00e9saccord avec les lois fondamentales de la r\u00e9sonance.<\/p>\n<p style=\"text-align: justify;\">\n<p style=\"text-align: justify;\">Au XVIII<sup>e<\/sup> si\u00e8cle on tenta de trouver des accords d&rsquo;instruments compatibles avec la consonance naturelle et l&rsquo;architecture polyphonique extr\u00eamement savante qui commen\u00e7ait \u00e0 s&rsquo;\u00e9laborer. Des musiciens comme Bach ou Beethoven \u2014 c&rsquo;est peut-\u00eatre le dernier \u2014 savait parfaitement ce qu&rsquo;\u00e9tait une quinte juste, la quinte de r\u00e9sonance naturelle. Le XIX<sup>e<\/sup> si\u00e8cle en perd compl\u00e8tement la notion, en basant toute la musique sur le piano, dont l&rsquo;\u00e9chelle musicale devient le mod\u00e8le, le crit\u00e8re universel dans le cadre duquel tout doit s&rsquo;ins\u00e9rer, ce qui ne rentrait pas dans le cadre pianistique acad\u00e9mique \u00e9tant alors consid\u00e9r\u00e9 comme barbare.<\/p>\n<p style=\"text-align: justify;\">\n<p style=\"text-align: justify;\">D&rsquo;excellents musiciens contemporains restent perplexes quand on leur dit que l&rsquo;accord actuel du piano est faux, et qu&rsquo;on le leur fait entendre. J&rsquo;en ai fait personnellement l&rsquo;exp\u00e9rience quand je me suis mis \u00e0 travailler la musique antique et le r\u00e9pertoire occidental ancien. Pour mieux approcher cette musique, j&rsquo;ai non seulement arr\u00eat\u00e9 de jouer du piano et de faire des concerts de musique de chambre ou de chanter dans des chorales, mais pendant longtemps je me suis abstenu d&rsquo;\u00e9couter de la musique occidentale, n&rsquo;\u00e9coutant que des musiques dont on peut \u00eatre s\u00fbr quant \u00e0 la rigueur de transmission orale, de la musique sacr\u00e9e au sens strict du terme et remontant aux traditions les plus anciennes \u2014 la nuit des temps \u2014 et sur lesquelles, en tout cas, aucune musique r\u00e9cente occidentale n&rsquo;avait eu d&rsquo;influence. Je n&rsquo;\u00e9coutais que de ces musiques et ne travaillais que la r\u00e9sonance harmonique d&rsquo;une corde. Alors peu \u00e0 peu, au bout de neuf mois de cette asc\u00e8se, l&rsquo;oreille se d\u00e9conditionne, une physiologie plus fine r\u00e9appara\u00eet, un nuage se l\u00e8ve, on peut entonner des intervalles justes, les varier d&rsquo;un comma&#8230;<\/p>\n<p style=\"text-align: justify;\">\n<p style=\"text-align: justify;\">Ce fut avec la tr\u00e8s c\u00e9l\u00e8bre Symphonie en sol mineur n\u00b0 40 de Mozart que je repris contact avec la musique occidentale. Exp\u00e9rience inoubliable, tout me parut faux d&rsquo;un bout \u00e0 l&rsquo;autre, sauf dans le Trio o\u00f9 les cors sonnaient relativement juste. De nos jours, les instruments ne sont pas accord\u00e9s comme du temps de Mozart, et le c\u00f4t\u00e9 artificiel de la composition me parut encore plus frappant. Ce n&rsquo;\u00e9tait pas une question de valeur, mais j&rsquo;eus l&rsquo;impression d&rsquo;entrer dans un autre monde, un monde intellectuel&#8230;<\/p>\n<p style=\"text-align: justify;\">\n<p style=\"text-align: justify;\"><strong>Retrouver la r\u00e9sonance juste<\/strong><\/p>\n<p style=\"text-align: justify;\">\n<p style=\"text-align: justify;\">Contrairement \u00e0 ce qu&rsquo;on croit, une oreille moyenne peut percevoir ces diff\u00e9rences, par exemple quinte juste\/quinte du piano. Il est tr\u00e8s important de s&rsquo;apercevoir qu&rsquo;il s&rsquo;agit d&rsquo;un ph\u00e9nom\u00e8ne de r\u00e9sonance : il faut se placer physiquement dans la r\u00e9sonance d&rsquo;un son et un son un peu fauss\u00e9 se per\u00e7oit alors nettement comme tel.<\/p>\n<p style=\"text-align: justify;\">\n<p style=\"text-align: justify;\">J&rsquo;ai fait maintes fois l&rsquo;exp\u00e9rience dans des ateliers o\u00f9 les participants n&rsquo;avaient aucune formation musicale. On entre corporellement dans la vibration d&rsquo;un son (un do par exemple), on essaie d&rsquo;\u00e9couter les harmoniques (le sol au-dessus par exemple), de les entonner, puis de sentir ces vibrations dans divers lieux du corps. Quand les participants sont vraiment plac\u00e9s dans cette vibration, on leur fait \u00e9couter le sol de la guitare ou du piano, et tous entendent la diff\u00e9rence, ils reconnaissent que \u00ab \u00e7a ne colle pas \u00bb.<\/p>\n<p style=\"text-align: justify;\">\n<p style=\"text-align: justify;\">C&rsquo;est normal, car il s&rsquo;agit d&rsquo;une donn\u00e9e naturelle. La musique est fond\u00e9e sur la vibration, qui suit des lois naturelles, selon lesquelles se composent les r\u00e9sonances. Les \u00e9chelles musicales antiques sont bas\u00e9es sur cette r\u00e9sonance naturelle, m\u00eame si les intervalles utilis\u00e9s ne sont pas tous des intervalles consonants harmoniques. Par exemple, le comma au sens pythagorien \u2014 la diff\u00e9rence entre une tierce naturelle harmonique et la tierce pythagoricienne (deux tons justes), que m\u00eame des non-musiciens per\u00e7oivent, d\u00e9finit une couleur musicale, un mode.<\/p>\n<p style=\"text-align: justify;\">\n<p style=\"text-align: justify;\">Les enfants sont capables d&rsquo;entendre et d&rsquo;entonner les intervalles justes quinte, quarte, assez spontan\u00e9ment. En les faisant travailler dans la r\u00e9sonance juste, leur oreille peut s&rsquo;ouvrir \u00e0 des perceptions plus fines. Les petits enfants font souvent des intervalles auxquels nous ne sommes pas habitu\u00e9s, des grands demi-tons, par exemple.<\/p>\n<p style=\"text-align: justify;\">\n<p style=\"text-align: justify;\">Pour aborder la musique antique, il faut se replacer dans cette \u00e9chelle sonore des intervalles justes, sinon on reste n\u00e9cessairement \u00e0 c\u00f4t\u00e9 de cette musique, de son esprit. Platon, rapportant en fait une th\u00e9orie ant\u00e9rieure \u00e0 lui, disait qu&rsquo;il ne fallait pas changer la gamme, car changer la gamme, ce serait changer la soci\u00e9t\u00e9. Chaque soci\u00e9t\u00e9 poss\u00e8de sa gamme, elle est caract\u00e9ris\u00e9e par sa fa\u00e7on de traiter la musique, de m\u00eame qu&rsquo;une personne est caract\u00e9ris\u00e9e par son timbre de voix. Et il est tellement significatif que la gamme actuelle se r\u00e9pande partout, soit artificielle et fausse par rapport \u00e0 la r\u00e9sonance naturelle.<\/p>\n<p style=\"text-align: justify;\">\n<p style=\"text-align: justify;\"><strong>La le\u00e7on des musiques traditionnelles<\/strong><\/p>\n<p style=\"text-align: justify;\">\n<p style=\"text-align: justify;\">Les syst\u00e8mes musicaux traditionnels ont \u00e9t\u00e9 \u00e9labor\u00e9s au cours des mill\u00e9naires, dans tout un environnement humain. On ne peut pas les retrouver ex abrupto, et comme en \u00e9cologie quand une esp\u00e8ce a disparu, on ne peut pas la refaire.<\/p>\n<p style=\"text-align: justify;\">\n<p style=\"text-align: justify;\">A ces mill\u00e9naires pass\u00e9s, nous devons beaucoup, car certains \u00e9l\u00e9ments en ont \u00e9t\u00e9 \u00e9labor\u00e9s biologiquement pourrait-on dire ; on ne les retrouve pas facilement soi-m\u00eame en chambre ou sur le papier. Ne serait-ce que la construction d&rsquo;un mode. Pour un musicien soufi iranien, par exemple, un mode est li\u00e9 \u00e0 un \u00e9tat int\u00e9rieur, c&rsquo;est un \u00eatre vivant qu&rsquo;on aborde avec respect, en reconnaissant sa sp\u00e9cificit\u00e9 propre. Si le musicien n&rsquo;est pas dans l&rsquo;\u00e9tat int\u00e9rieur correspondant, ou s&rsquo;il sent qu&rsquo;il ne va pas y parvenir, ou que l&rsquo;atmosph\u00e8re autour ne s&rsquo;y pr\u00eate pas, il pr\u00e9f\u00e9rera s&rsquo;abstenir de jouer. Une telle le\u00e7on, vivante, sur la fa\u00e7on d&rsquo;aborder, ou de ne pas aborder un mode, est irrempla\u00e7able. Le soufisme, d&rsquo;ailleurs, a continu\u00e9 la tradition antique, platonicienne. La musique y est la voie d&rsquo;acc\u00e8s par excellence \u00e0 la contemplation. Les choses y ont \u00e9t\u00e9 pr\u00e9serv\u00e9es avec une grande vigueur, sans discontinuit\u00e9 de Platon \u00e0 Avicenne, et d&rsquo;Avicenne aux ma\u00eetres soufis contemporains. Mais sans doute pour peu de temps encore, voyez ce qui se passe en Iran.<\/p>\n<p style=\"text-align: justify;\">\n<p style=\"text-align: justify;\">En Inde, les musiques traditionnelles ont subi depuis vingt ans une d\u00e9cadence, notamment avec l&rsquo;introduction de la \u00ab sonorisation \u00bb et des haut-parleurs. Maintenant, m\u00eame un grand musicien comme Ram Narayan, quoique accompagn\u00e9 de tablas et de deux tambouras exige deux \u00e9normes baffles quand il joue salle Gaveau, o\u00f9 aucun musicien classique occidental n&rsquo;utilisera jamais de micro, m\u00eame pour la guitare classique ou le luth !<\/p>\n<p style=\"text-align: justify;\">\n<p style=\"text-align: justify;\">En Europe, nos violons ont \u00e9t\u00e9 renforc\u00e9s au XVIII<sup>e<\/sup> si\u00e8cle pour devenir des instruments plus sonores, pour remplir tout l&rsquo;espace ; en m\u00eame temps, le bel canto faisait travailler la force du chant au d\u00e9triment de la finesse int\u00e9rieure. La musique perdant sa rigueur et sa finesse, les intervalles se modifient ; les plus tendus, plus difficiles \u00e0 entonner, se rel\u00e2chent, deviennent plus doux, s&rsquo;affadissent.<\/p>\n<p style=\"text-align: justify;\">\n<p style=\"text-align: justify;\">Pour comprendre comment il faut travailler dans l&rsquo;esprit antique, pour les intervalles, l&rsquo;intonation, la le\u00e7on des musiques traditionnelles est indispensable, dans ses difficult\u00e9s m\u00eames. J&rsquo;ai compris, par exemple, la n\u00e9cessit\u00e9 de travailler la grande tierce double-t-on juste en entendant un musicien indien la tenir \u00e0 la voix contre la petite tierce naturelle d&rsquo;un harmonium d&rsquo;accompagnement ; j&rsquo;ai alors compris plus profond\u00e9ment le sens du mode correspondant. Pourtant je savais que cette grande tierce \u00e9tait encore entonn\u00e9e dans les campagnes, en Espagne, en Gr\u00e8ce, et m\u00eame en France, il n&rsquo;y a pas si longtemps&#8230;<\/p>\n<p style=\"text-align: justify;\">\n<p style=\"text-align: justify;\"><strong>Le grand chant occidental antique, tradition perdue<\/strong><\/p>\n<p style=\"text-align: justify;\">\n<p style=\"text-align: justify;\">Pour d\u00e9couvrir cette musique fond\u00e9e sur la modalit\u00e9 profonde de l&rsquo;\u00eatre et la r\u00e9sonance int\u00e9rieure, il n&rsquo;est pas n\u00e9cessaire de chercher dans des traditions lointaines. Nous avons l&rsquo;\u00e9quivalent dans notre propre tradition, \u00e0 condition de savoir l&rsquo;interpr\u00e9ter, la retrouver selon ses principes m\u00eames et non suivant ceux du XIX<sup>e<\/sup> si\u00e8cle. La richesse extraordinaire du christianisme antique en Occident a permis aux IV<sup>e<\/sup> et V<sup>e<\/sup> si\u00e8cles de transcender les anciennes valeurs de l&rsquo;Antiquit\u00e9, sans les rejeter. L&rsquo;art, la philosophie, la langue, la culture furent mis au service du Christ dans un Christianisme alors universel. Au V<sup>e<\/sup> si\u00e8cle, pour la culture grecque ou latine, on se sentait m\u00eame sup\u00e9rieur \u00e0 l&rsquo;Antiquit\u00e9, puisque maintenant, disait-on, l&rsquo;Acad\u00e9mie de Platon loue le Christ !<\/p>\n<p style=\"text-align: justify;\">\n<p style=\"text-align: justify;\">C&rsquo;est dans ce contexte que s&rsquo;est \u00e9labor\u00e9 le chant occidental chr\u00e9tien, en m\u00eame temps que l&rsquo;essentiel de la culture chr\u00e9tienne, qu&rsquo;elle fut grecque ou latine. Au IV<sup>e<\/sup> si\u00e8cle, avec saint Augustin, saint Ambroise de Milan, saint Jean Chrysostome, saint Gr\u00e9goire de Nice, saint Basile et au V<sup>e<\/sup> si\u00e8cle, \u00e9poque des grands \u00e9v\u00eaques lettr\u00e9s, l&rsquo;essentiel de la liturgie est \u00e9labor\u00e9. Fix\u00e9 au VIII-IX<sup>e<\/sup>, le chant est not\u00e9 aux IX-XI<sup>e<\/sup> si\u00e8cles, sur des manuscrits dits \u00ab neum\u00e9s \u00bb, c&rsquo;est-\u00e0-dire avec des indications dynamiques et ornementales, sans indication d&rsquo;intervalles ; celles-ci n&rsquo;apparaissent qu&rsquo;aux XI-XII-XIII<sup>e<\/sup> si\u00e8cles, sur des manuscrits qui ne donnent que la hauteur des notes, par points. Le grand chant, en fait, est d\u00e9j\u00e0 en train de se perdre au XI<sup>e<\/sup> si\u00e8cle. A l&rsquo;\u00e9poque de l&rsquo;art romain, de saint Bernard, il dispara\u00eet progressivement et la continuit\u00e9 de la tradition est rompue.<\/p>\n<p style=\"text-align: justify;\">\n<p style=\"text-align: justify;\">A la fin du XIX<sup>e<\/sup> si\u00e8cle, les b\u00e9n\u00e9dictins fran\u00e7ais voudront restaurer le \u00ab chant gr\u00e9gorien \u00bb, mais \u00e9videmment suivant leur \u00e9ducation musicale bourgeoise de l&rsquo;\u00e9poque, piano, harmonie, bel canto, sans avoir jamais entendu autre chose, ne serait-ce, par exemple, que le flamenco ou le chant des campagnes fran\u00e7aises, espagnoles ou italiennes, sans parler des grandes traditions orientales, pourtant apparent\u00e9es comme par exemple, celles du Christianisme d&rsquo;Orient ! S&rsquo;ils s&rsquo;int\u00e9ressent aux manuscrits anciens, ils ne chantent que d&rsquo;apr\u00e8s ceux des XI-XII-XIIIe si\u00e8cles, et ignorent les manuscrits neum\u00e9s quant \u00e0 la pratique du chant, faute de savoir comment les aborder. C&rsquo;est ainsi qu&rsquo;ils vont cr\u00e9er ce chant planant \u00e0 temps \u00e9gaux, note par note, parfois tr\u00e8s beau et tr\u00e8s prenant, mais qui n&rsquo;a rien \u00e0 voir avec le v\u00e9ritable chant ancien, tel que les manuscrits d&rsquo;une part et les traditions modales d&rsquo;autre part l&rsquo;enseignent.<\/p>\n<p style=\"text-align: justify;\">\n<p style=\"text-align: justify;\">L&rsquo;abbaye de Solesmes en plus exer\u00e7a une sorte de mainmise sur ce chant, pers\u00e9cutant litt\u00e9ralement au d\u00e9but du XX<sup>e<\/sup> si\u00e8cle toute tentative non conforme \u00e0 la sienne, m\u00eame \u00e9manant de l&rsquo;Ordre b\u00e9n\u00e9dictin. Elle fit du gr\u00e9gorien une sorte de beau monument national, absolument intouchable, un monopole monastique de plus, ce qu&rsquo;il n&rsquo;\u00e9tait pas du tout \u00e0 l&rsquo;origine. Aux IV-V-VI<sup>e<\/sup> si\u00e8cles, les moines \u00e9taient fort retir\u00e9s du monde et le grand chant \u00e9tait plut\u00f4t celui des paroisses et des \u00e9v\u00each\u00e9s qui avaient d&rsquo;autres besoins liturgiques et artistiques. Les moines pratiquaient surtout le chant de l&rsquo;Antiphonaire. Reste en plus l&rsquo;erreur sur l&rsquo;appellation gr\u00e9gorien et chant romain, alors qu&rsquo;en fait l&rsquo;essentiel du r\u00e9pertoire est quant au style musical celui des Gaules du Nord-est autour de Metz et celui des Gaules du Sud-ouest<a href=\"#_ftn1\">[1]<\/a>&#8230;<\/p>\n<p style=\"text-align: justify;\">\n<p style=\"text-align: justify;\"><strong>&#8230; et retrouv\u00e9e ?<\/strong><\/p>\n<p style=\"text-align: justify;\">\n<p style=\"text-align: justify;\">Les manuscrits neum\u00e9s constituaient le point de d\u00e9part de cette reconstitution. Nous avons la chance qu&rsquo;ils aient \u00e9t\u00e9 conserv\u00e9s, car les autres traditions ne poss\u00e8dent rien d&rsquo;\u00e9quivalent, d&rsquo;autant plus que nous en avons des transcriptions o\u00f9 les intervalles ont \u00e9t\u00e9 not\u00e9s, d&rsquo;apr\u00e8s une tradition encore vivante vers le XI<sup>e<\/sup> si\u00e8cle. Mais un document sur le papier ne dit pas comment chanter. La seule d\u00e9marche possible consistait \u00e0 essayer de voir les traditions apparentes qui auraient pu survivre, puisque chez nous, elles ont disparu. On pense \u00e9videmment \u00e0 l&rsquo;\u00c9glise d&rsquo;Orient, qui n&rsquo;a pas subi la m\u00eame \u00e9volution et les m\u00eames transformations que celle d&rsquo;Occident. Non pas l&rsquo;orthodoxie russe, dont la musique a \u00e9volu\u00e9 vers une forme polyphonique acad\u00e9mique au XIX<sup>e<\/sup> si\u00e8cle, mais l&rsquo;\u00e9glise grecque, survivance de l&rsquo;\u00e9glise byzantine. Encore faut-il distinguer la source originale des influences turques, arabes ou europ\u00e9ennes r\u00e9centes. De proche en proche on est amen\u00e9 ainsi \u00e0 \u00e9tudier aussi les musiques traditionnelles juives, arabes, indiennes, qui toutes sont apparent\u00e9es par l&rsquo;exigence d&rsquo;une grande pr\u00e9cision de r\u00e9sonance int\u00e9rieure, et dont certaines vivent encore l&rsquo;esprit modal antique.<\/p>\n<p style=\"text-align: justify;\">\n<p style=\"text-align: justify;\">Il est important aussi d&rsquo;\u00e9couter ce qui a surv\u00e9cu dans les campagnes occidentales, en Espagne, en Gr\u00e8ce, en Italie, o\u00f9 subsiste encore du chant latin de tradition orale. On peut ainsi se faire une id\u00e9e sur la mani\u00e8re dont le latin pouvait \u00eatre chant\u00e9, d&rsquo;une fa\u00e7on extr\u00eamement dynamique et vivante, pas du tout tra\u00eenante ou \u00e2nonnante comme on l&rsquo;a entendu trop souvent. Entendre de telles intonations vivantes dans les campagnes occidentales est tr\u00e8s impressionnant.<\/p>\n<p style=\"text-align: justify;\">\n<p style=\"text-align: justify;\">Le fondement du travail de reconstitution et d&rsquo;interpr\u00e9tation authentique est bas\u00e9 sur l&rsquo;\u00e9coute compar\u00e9e des traditions orales vivantes, l&rsquo;\u00e9tude des manuscrits anciens neum\u00e9s, la phon\u00e9tique latine et en m\u00eame temps l&rsquo;\u00e9tude et la compr\u00e9hension de la philosophie contemplative sous-jacente, philosophie platonicienne dont l&rsquo;art roman, quoique plus tardif, donne une expression visible.<\/p>\n<p style=\"text-align: justify;\">\n<p style=\"text-align: justify;\"><strong>Une musique sacr\u00e9e<\/strong><\/p>\n<p style=\"text-align: justify;\">\n<p style=\"text-align: justify;\">Le travail avec les traditions musicales transmises oralement nous montre le r\u00f4le fondamental que joue la Contemplation. Qu&rsquo;est-ce qui fonde l&rsquo;art sacr\u00e9 ? Qu&rsquo;est-ce qui pouvait le fonder dans l&rsquo;Antiquit\u00e9. Sans la vision contemplative du monde, on ne comprend pas la relation entre les math\u00e9matiques, la musique et la philosophie, si affirm\u00e9e dans le monde antique. Le mot-cl\u00e9, c&rsquo;est l&rsquo;\u00e2me, la psych\u00e9 (mais pas au sens moderne de la psychologie !). C&rsquo;est l&rsquo;\u00e2me, l&rsquo;Esprit qui relie toutes choses, le monde ext\u00e9rieur, le monde visible et le monde invisible.<\/p>\n<p style=\"text-align: justify;\">\n<p style=\"text-align: justify;\">Dans toute leur diversit\u00e9, les musiques traditionnelles ont en commun cette vision de l&rsquo;\u00e2me. La pri\u00e8re prenant un corps sonore, \u00e0 un \u00e9tat int\u00e9rieur donn\u00e9 correspond une fa\u00e7on de r\u00e9sonner, un accord, un mode, ceci ind\u00e9pendamment de la culture, car l&rsquo;\u00eatre fondamental r\u00e9sonne de fa\u00e7on identique. Ensuite \u00e9videmment, la langue, la culture, l&rsquo;individu, vont modifier cela, mais il reste une \u00e9quivalence fondamentale.<\/p>\n<p style=\"text-align: justify;\">\n<p style=\"text-align: justify;\">Dans l&rsquo;expression musique sacr\u00e9e, le terme sacr\u00e9 est le plus important, la musique vient apr\u00e8s. L&rsquo;art sacr\u00e9 n&rsquo;est pas un art en soi ; c&rsquo;est un art fonctionnel, l&rsquo;outil par excellence pour aider \u00e0 la pri\u00e8re, pour entrer dans le monde de l&rsquo;esprit, par d\u00e9finition difficile \u00e0 aborder. Mais un outil de beaut\u00e9, de cette beaut\u00e9 platonicienne qui aide \u00e0 la contemplation. Alors que l&rsquo;architecture romane influe par ses volumes, et l&rsquo;ic\u00f4ne par ses lignes et la vision, le son agit directement sur tout le corps, ext\u00e9rieur et int\u00e9rieur, par la vibration. Le son fait vibrer la colonne vert\u00e9brale, la poitrine, la gorge, la r\u00e9gion frontale, le sommet de la t\u00eate, tous ces lieux contemplatifs, ces lieux de la conscience profonde, qui constituent le corps contemplatif ou encore le corps de lumi\u00e8re.<\/p>\n<p style=\"text-align: justify;\">\n<p style=\"text-align: justify;\">La musique occidentale classique, par exemple le monde symphonique romantique, est un univers intellectuel et th\u00e9\u00e2tral fabuleux, fantastique, mais nous avons besoin de la musique fondamentale bas\u00e9e sur la r\u00e9sonance naturelle, dans laquelle notre corps est n\u00e9. Elle agit sur lui de fa\u00e7on juste ; elle agit sur notre corps profond et concerne aussi un autre univers, non pas intellectuel, mais spirituel. On a beau \u00eatre habitu\u00e9 \u00e0 l&rsquo;air pollu\u00e9, l&rsquo;oxyg\u00e8ne est n\u00e9anmoins n\u00e9cessaire. Cette musique \u2014 sans nier la valeur de l&rsquo;autre \u2014, est essentielle pour un certain \u00e9quilibre, o\u00f9 le mental ne pr\u00e9domine pas trop. Faire revivre celle-ci, r\u00e9introduire la gamme juste, est aujourd&rsquo;hui n\u00e9cessaire, et pour cela pr\u00e9server et perp\u00e9trer les traditions orales ethniques diverses est une chose essentielle. En ce sens on peut parler d&rsquo;\u00e9cologie musicale. \u00c9videmment cela nous sort du confort de la musique et de la musicologie bas\u00e9es sur le piano, mais notre si\u00e8cle doit trouver la dimension universelle, et pour cela m\u00eame la dimension int\u00e9rieure essentielle.<\/p>\n<p style=\"text-align: justify;\">\n<p style=\"text-align: justify;\"><strong>Une s\u00e9lection de disques de musiques traditionnelles<\/strong><\/p>\n<p style=\"text-align: justify;\">\n<p style=\"text-align: justify;\">Inde : chant Dhrupad, par les fr\u00e8res Dagar, A musical anthology, of the Orient, India 3, collection UNESCO (B\u00e4renreiter).<\/p>\n<p style=\"text-align: justify;\">\n<p style=\"text-align: justify;\">Turquie : Turquie 1, collection UNESCO et M\u00e9ditation sur le Ney, par Kutsi Erguner.<\/p>\n<p style=\"text-align: justify;\">\n<p style=\"text-align: justify;\">Iran : Le Tar (D. Talai et D. Chemirani) et Radif (M. Kiani et D. Chemirani), Harmonia Mundi ; Tar par D. Talai, Ocora, Radio-France.<\/p>\n<p style=\"text-align: justify;\">\n<p style=\"text-align: justify;\">Thibet : Explorer Series ou UNESCO ou Ocora-Radio-France.<\/p>\n<p style=\"text-align: justify;\">\n<p style=\"text-align: justify;\">Georgie : Chants de travail, Ocora-Radio-France.<\/p>\n<p style=\"text-align: justify;\">\n<p style=\"text-align: justify;\">Japon : Shomyo (c\u00e9r\u00e9monie bouddhique), collection UNESCO.<\/p>\n<p style=\"text-align: justify;\">\n<p style=\"text-align: justify;\">Afrique : Pygm\u00e9es, collection UNESCO ou Radio-France.<\/p>\n<p style=\"text-align: justify;\">\n<p style=\"text-align: justify;\">Survivance de l&rsquo;Occident ancien :<\/p>\n<p style=\"text-align: justify;\">\u2014 Musique grecque des campagnes : Society for the dissemination of national music (Ath\u00e8nes) plusieurs volumes dont un sur les \u00eeles de Kasos et Karpathos et un autre sur l&rsquo;Epire.<\/p>\n<p style=\"text-align: justify;\">\u2014 Tradition celtique irlando-\u00e9cossaise : musique des H\u00e9brides Ocora.<\/p>\n<p style=\"text-align: justify;\">\u2014 Italie : musique de la Sardaigne.<\/p>\n<p style=\"text-align: justify;\">\n<p style=\"text-align: justify;\">Reconstitution de l&rsquo;Occident antique :<\/p>\n<p style=\"text-align: justify;\">\n<p style=\"text-align: justify;\">\u2014 Gr\u00e9gorien (reconstitution du XIX<sup>e<\/sup> si\u00e8cle) : disques de l&rsquo;abbaye de Solesmes.<\/p>\n<p style=\"text-align: justify;\">\u2014 Pour une reconstitution plus authentique, dans l&rsquo;esprit ci-dessus : Alleluias et Offertoires des Gaules (I. Reznikoff), Harmonia Mundi et dans la plus belle r\u00e9sonance romane : Le Chant du Thoronet (I. Reznikoff), disque SM \u00e0 para\u00eetre \u00e0 l&rsquo;automne 1981.<\/p>\n<p style=\"text-align: justify;\">\n<p style=\"text-align: justify;\">Iegor Reznikoff donne peu de concerts&#8230; Il a travaill\u00e9 avec de nombreuses communaut\u00e9s (dont celle de l&rsquo;Arche de Lanza del Vasto) et divers monast\u00e8res sur le chant latin et fran\u00e7ais.<\/p>\n<p style=\"text-align: justify;\"><a href=\"http:\/\/www.u-paris10.fr\/13954696\/0\/fiche___pagelibre\/\">http:\/\/www.u-paris10.fr\/13954696\/0\/fiche___pagelibre\/<\/a><\/p>\n<p style=\"text-align: justify;\"><a href=\"http:\/\/www.youtube.com\/results?search_query=%22Iegor+Reznikoff%22&amp;aq=f\">http:\/\/www.youtube.com\/results?search_query=%22Iegor+Reznikoff%22&amp;aq=f<\/a><\/p>\n<p style=\"text-align: justify;\"><a href=\"http:\/\/ecoledelouange.free.fr\/Iegorangl.html\">http:\/\/ecoledelouange.free.fr\/Iegorangl.html<\/a><\/p>\n<p style=\"text-align: justify;\">\n<hr style=\"text-align: justify;\" size=\"1\" \/>\n<p style=\"text-align: justify;\"><a href=\"#_ftnref1\">[1]<\/a> Voir Le chant gr\u00e9gorien et le chant des Gaules, dans Actes du Colloque musique, litt\u00e9rature et soci\u00e9t\u00e9 au Moyen Age, Universit\u00e9 d&rsquo;Amiens, mars 1980, diffus\u00e9s par la librairie Honor\u00e9-Champion, <a href=\"http:\/\/www.honorechampion.com\/\">http:\/\/www.honorechampion.com\/<\/a> .<\/p>\n","protected":false},"excerpt":{"rendered":"<p>Dans l&rsquo;expression musique sacr\u00e9e, le terme sacr\u00e9 est le plus important, la musique vient apr\u00e8s. L&rsquo;art sacr\u00e9 n&rsquo;est pas un art en soi ; c&rsquo;est un art fonctionnel, l&rsquo;outil par excellence pour aider \u00e0 la pri\u00e8re, pour entrer dans le monde de l&rsquo;esprit, par d\u00e9finition difficile \u00e0 aborder. Mais un outil de beaut\u00e9, de cette beaut\u00e9 platonicienne qui aide \u00e0 la contemplation. Alors que l&rsquo;architecture romane influe par ses volumes, et l&rsquo;ic\u00f4ne par ses lignes et la vision, le son agit directement sur tout le corps, ext\u00e9rieur et int\u00e9rieur, par la vibration. Le son fait vibrer la colonne vert\u00e9brale, la poitrine, la gorge, la r\u00e9gion frontale, le sommet de la t\u00eate, tous ces lieux contemplatifs, ces lieux de la conscience profonde, qui constituent le corps contemplatif ou encore le corps de lumi\u00e8re.<\/p>\n","protected":false},"author":1,"featured_media":0,"comment_status":"closed","ping_status":"closed","sticky":false,"template":"","format":"standard","meta":{"footnotes":""},"categories":[730],"tags":[523,362,1347],"class_list":["post-4749","post","type-post","status-publish","format-standard","hentry","category-reznikoff-iegor","tag-musique","tag-sacre","tag-spiritualite"],"yoast_head":"<!-- This site is optimized with the Yoast SEO plugin v27.0 - https:\/\/yoast.com\/product\/yoast-seo-wordpress\/ -->\n<title>Entrer dans la r\u00e9sonance... pour une \u00e9cologie de la musique par Iegor Reznikoff - 3e mill\u00e9naire - Spiritualit\u00e9 - Connaissance de soi - Non-dualit\u00e9 - M\u00e9ditation<\/title>\n<meta name=\"robots\" content=\"index, follow, max-snippet:-1, max-image-preview:large, max-video-preview:-1\" \/>\n<link rel=\"canonical\" href=\"https:\/\/www.revue3emillenaire.com\/blog\/entrer-dans-la-resonance-pour-une-ecologie-de-la-musique-par-iegor-reznikoff\/\" \/>\n<meta property=\"og:locale\" content=\"fr_FR\" \/>\n<meta property=\"og:type\" content=\"article\" \/>\n<meta property=\"og:title\" content=\"Entrer dans la r\u00e9sonance... pour une \u00e9cologie de la musique par Iegor Reznikoff - 3e mill\u00e9naire - Spiritualit\u00e9 - Connaissance de soi - Non-dualit\u00e9 - M\u00e9ditation\" \/>\n<meta property=\"og:description\" content=\"Dans l&#039;expression musique sacr\u00e9e, le terme sacr\u00e9 est le plus important, la musique vient apr\u00e8s. L&#039;art sacr\u00e9 n&#039;est pas un art en soi ; c&#039;est un art fonctionnel, l&#039;outil par excellence pour aider \u00e0 la pri\u00e8re, pour entrer dans le monde de l&#039;esprit, par d\u00e9finition difficile \u00e0 aborder. Mais un outil de beaut\u00e9, de cette beaut\u00e9 platonicienne qui aide \u00e0 la contemplation. Alors que l&#039;architecture romane influe par ses volumes, et l&#039;ic\u00f4ne par ses lignes et la vision, le son agit directement sur tout le corps, ext\u00e9rieur et int\u00e9rieur, par la vibration. Le son fait vibrer la colonne vert\u00e9brale, la poitrine, la gorge, la r\u00e9gion frontale, le sommet de la t\u00eate, tous ces lieux contemplatifs, ces lieux de la conscience profonde, qui constituent le corps contemplatif ou encore le corps de lumi\u00e8re.\" \/>\n<meta property=\"og:url\" content=\"https:\/\/www.revue3emillenaire.com\/blog\/entrer-dans-la-resonance-pour-une-ecologie-de-la-musique-par-iegor-reznikoff\/\" \/>\n<meta property=\"og:site_name\" content=\"3e mill\u00e9naire - Spiritualit\u00e9 - Connaissance de soi - Non-dualit\u00e9 - M\u00e9ditation\" \/>\n<meta property=\"article:published_time\" content=\"2010-09-15T13:14:12+00:00\" \/>\n<meta name=\"author\" content=\"3e mill\u00e9naire\" \/>\n<meta name=\"twitter:card\" content=\"summary_large_image\" \/>\n<meta name=\"twitter:label1\" content=\"\u00c9crit par\" \/>\n\t<meta name=\"twitter:data1\" content=\"3e mill\u00e9naire\" \/>\n\t<meta name=\"twitter:label2\" content=\"Dur\u00e9e de lecture estim\u00e9e\" \/>\n\t<meta name=\"twitter:data2\" content=\"17 minutes\" \/>\n<script type=\"application\/ld+json\" class=\"yoast-schema-graph\">{\"@context\":\"https:\/\/schema.org\",\"@graph\":[{\"@type\":\"Article\",\"@id\":\"https:\/\/www.revue3emillenaire.com\/blog\/entrer-dans-la-resonance-pour-une-ecologie-de-la-musique-par-iegor-reznikoff\/#article\",\"isPartOf\":{\"@id\":\"https:\/\/www.revue3emillenaire.com\/blog\/entrer-dans-la-resonance-pour-une-ecologie-de-la-musique-par-iegor-reznikoff\/\"},\"author\":{\"name\":\"3e mill\u00e9naire\",\"@id\":\"https:\/\/www.revue3emillenaire.com\/blog\/#\/schema\/person\/9a3a7cc4ccaa707f402d4394327106d5\"},\"headline\":\"Entrer dans la r\u00e9sonance&#8230; pour une \u00e9cologie de la musique par Iegor Reznikoff\",\"datePublished\":\"2010-09-15T13:14:12+00:00\",\"mainEntityOfPage\":{\"@id\":\"https:\/\/www.revue3emillenaire.com\/blog\/entrer-dans-la-resonance-pour-une-ecologie-de-la-musique-par-iegor-reznikoff\/\"},\"wordCount\":3420,\"keywords\":[\"Musique\",\"sacr\u00e9\",\"Spiritualit\u00e9\"],\"articleSection\":[\"Reznikoff Iegor\"],\"inLanguage\":\"fr-FR\"},{\"@type\":\"WebPage\",\"@id\":\"https:\/\/www.revue3emillenaire.com\/blog\/entrer-dans-la-resonance-pour-une-ecologie-de-la-musique-par-iegor-reznikoff\/\",\"url\":\"https:\/\/www.revue3emillenaire.com\/blog\/entrer-dans-la-resonance-pour-une-ecologie-de-la-musique-par-iegor-reznikoff\/\",\"name\":\"Entrer dans la r\u00e9sonance... pour une \u00e9cologie de la musique par Iegor Reznikoff - 3e mill\u00e9naire - Spiritualit\u00e9 - Connaissance de soi - Non-dualit\u00e9 - M\u00e9ditation\",\"isPartOf\":{\"@id\":\"https:\/\/www.revue3emillenaire.com\/blog\/#website\"},\"datePublished\":\"2010-09-15T13:14:12+00:00\",\"author\":{\"@id\":\"https:\/\/www.revue3emillenaire.com\/blog\/#\/schema\/person\/9a3a7cc4ccaa707f402d4394327106d5\"},\"breadcrumb\":{\"@id\":\"https:\/\/www.revue3emillenaire.com\/blog\/entrer-dans-la-resonance-pour-une-ecologie-de-la-musique-par-iegor-reznikoff\/#breadcrumb\"},\"inLanguage\":\"fr-FR\",\"potentialAction\":[{\"@type\":\"ReadAction\",\"target\":[\"https:\/\/www.revue3emillenaire.com\/blog\/entrer-dans-la-resonance-pour-une-ecologie-de-la-musique-par-iegor-reznikoff\/\"]}]},{\"@type\":\"BreadcrumbList\",\"@id\":\"https:\/\/www.revue3emillenaire.com\/blog\/entrer-dans-la-resonance-pour-une-ecologie-de-la-musique-par-iegor-reznikoff\/#breadcrumb\",\"itemListElement\":[{\"@type\":\"ListItem\",\"position\":1,\"name\":\"Accueil\",\"item\":\"https:\/\/www.revue3emillenaire.com\/blog\/\"},{\"@type\":\"ListItem\",\"position\":2,\"name\":\"Entrer dans la r\u00e9sonance&#8230; pour une \u00e9cologie de la musique par Iegor Reznikoff\"}]},{\"@type\":\"WebSite\",\"@id\":\"https:\/\/www.revue3emillenaire.com\/blog\/#website\",\"url\":\"https:\/\/www.revue3emillenaire.com\/blog\/\",\"name\":\"3e mill\u00e9naire - Spiritualit\u00e9 - Connaissance de soi - Non-dualit\u00e9 - M\u00e9ditation\",\"description\":\"L&#039;Homme en devenir\",\"potentialAction\":[{\"@type\":\"SearchAction\",\"target\":{\"@type\":\"EntryPoint\",\"urlTemplate\":\"https:\/\/www.revue3emillenaire.com\/blog\/?s={search_term_string}\"},\"query-input\":{\"@type\":\"PropertyValueSpecification\",\"valueRequired\":true,\"valueName\":\"search_term_string\"}}],\"inLanguage\":\"fr-FR\"},{\"@type\":\"Person\",\"@id\":\"https:\/\/www.revue3emillenaire.com\/blog\/#\/schema\/person\/9a3a7cc4ccaa707f402d4394327106d5\",\"name\":\"3e mill\u00e9naire\",\"url\":\"https:\/\/www.revue3emillenaire.com\/blog\/author\/admin\/\"}]}<\/script>\n<!-- \/ Yoast SEO plugin. -->","yoast_head_json":{"title":"Entrer dans la r\u00e9sonance... pour une \u00e9cologie de la musique par Iegor Reznikoff - 3e mill\u00e9naire - Spiritualit\u00e9 - Connaissance de soi - Non-dualit\u00e9 - M\u00e9ditation","robots":{"index":"index","follow":"follow","max-snippet":"max-snippet:-1","max-image-preview":"max-image-preview:large","max-video-preview":"max-video-preview:-1"},"canonical":"https:\/\/www.revue3emillenaire.com\/blog\/entrer-dans-la-resonance-pour-une-ecologie-de-la-musique-par-iegor-reznikoff\/","og_locale":"fr_FR","og_type":"article","og_title":"Entrer dans la r\u00e9sonance... pour une \u00e9cologie de la musique par Iegor Reznikoff - 3e mill\u00e9naire - Spiritualit\u00e9 - Connaissance de soi - Non-dualit\u00e9 - M\u00e9ditation","og_description":"Dans l'expression musique sacr\u00e9e, le terme sacr\u00e9 est le plus important, la musique vient apr\u00e8s. L'art sacr\u00e9 n'est pas un art en soi ; c'est un art fonctionnel, l'outil par excellence pour aider \u00e0 la pri\u00e8re, pour entrer dans le monde de l'esprit, par d\u00e9finition difficile \u00e0 aborder. Mais un outil de beaut\u00e9, de cette beaut\u00e9 platonicienne qui aide \u00e0 la contemplation. Alors que l'architecture romane influe par ses volumes, et l'ic\u00f4ne par ses lignes et la vision, le son agit directement sur tout le corps, ext\u00e9rieur et int\u00e9rieur, par la vibration. Le son fait vibrer la colonne vert\u00e9brale, la poitrine, la gorge, la r\u00e9gion frontale, le sommet de la t\u00eate, tous ces lieux contemplatifs, ces lieux de la conscience profonde, qui constituent le corps contemplatif ou encore le corps de lumi\u00e8re.","og_url":"https:\/\/www.revue3emillenaire.com\/blog\/entrer-dans-la-resonance-pour-une-ecologie-de-la-musique-par-iegor-reznikoff\/","og_site_name":"3e mill\u00e9naire - Spiritualit\u00e9 - Connaissance de soi - Non-dualit\u00e9 - M\u00e9ditation","article_published_time":"2010-09-15T13:14:12+00:00","author":"3e mill\u00e9naire","twitter_card":"summary_large_image","twitter_misc":{"\u00c9crit par":"3e mill\u00e9naire","Dur\u00e9e de lecture estim\u00e9e":"17 minutes"},"schema":{"@context":"https:\/\/schema.org","@graph":[{"@type":"Article","@id":"https:\/\/www.revue3emillenaire.com\/blog\/entrer-dans-la-resonance-pour-une-ecologie-de-la-musique-par-iegor-reznikoff\/#article","isPartOf":{"@id":"https:\/\/www.revue3emillenaire.com\/blog\/entrer-dans-la-resonance-pour-une-ecologie-de-la-musique-par-iegor-reznikoff\/"},"author":{"name":"3e mill\u00e9naire","@id":"https:\/\/www.revue3emillenaire.com\/blog\/#\/schema\/person\/9a3a7cc4ccaa707f402d4394327106d5"},"headline":"Entrer dans la r\u00e9sonance&#8230; pour une \u00e9cologie de la musique par Iegor Reznikoff","datePublished":"2010-09-15T13:14:12+00:00","mainEntityOfPage":{"@id":"https:\/\/www.revue3emillenaire.com\/blog\/entrer-dans-la-resonance-pour-une-ecologie-de-la-musique-par-iegor-reznikoff\/"},"wordCount":3420,"keywords":["Musique","sacr\u00e9","Spiritualit\u00e9"],"articleSection":["Reznikoff Iegor"],"inLanguage":"fr-FR"},{"@type":"WebPage","@id":"https:\/\/www.revue3emillenaire.com\/blog\/entrer-dans-la-resonance-pour-une-ecologie-de-la-musique-par-iegor-reznikoff\/","url":"https:\/\/www.revue3emillenaire.com\/blog\/entrer-dans-la-resonance-pour-une-ecologie-de-la-musique-par-iegor-reznikoff\/","name":"Entrer dans la r\u00e9sonance... pour une \u00e9cologie de la musique par Iegor Reznikoff - 3e mill\u00e9naire - Spiritualit\u00e9 - Connaissance de soi - Non-dualit\u00e9 - M\u00e9ditation","isPartOf":{"@id":"https:\/\/www.revue3emillenaire.com\/blog\/#website"},"datePublished":"2010-09-15T13:14:12+00:00","author":{"@id":"https:\/\/www.revue3emillenaire.com\/blog\/#\/schema\/person\/9a3a7cc4ccaa707f402d4394327106d5"},"breadcrumb":{"@id":"https:\/\/www.revue3emillenaire.com\/blog\/entrer-dans-la-resonance-pour-une-ecologie-de-la-musique-par-iegor-reznikoff\/#breadcrumb"},"inLanguage":"fr-FR","potentialAction":[{"@type":"ReadAction","target":["https:\/\/www.revue3emillenaire.com\/blog\/entrer-dans-la-resonance-pour-une-ecologie-de-la-musique-par-iegor-reznikoff\/"]}]},{"@type":"BreadcrumbList","@id":"https:\/\/www.revue3emillenaire.com\/blog\/entrer-dans-la-resonance-pour-une-ecologie-de-la-musique-par-iegor-reznikoff\/#breadcrumb","itemListElement":[{"@type":"ListItem","position":1,"name":"Accueil","item":"https:\/\/www.revue3emillenaire.com\/blog\/"},{"@type":"ListItem","position":2,"name":"Entrer dans la r\u00e9sonance&#8230; pour une \u00e9cologie de la musique par Iegor Reznikoff"}]},{"@type":"WebSite","@id":"https:\/\/www.revue3emillenaire.com\/blog\/#website","url":"https:\/\/www.revue3emillenaire.com\/blog\/","name":"3e mill\u00e9naire - Spiritualit\u00e9 - Connaissance de soi - Non-dualit\u00e9 - M\u00e9ditation","description":"L&#039;Homme en devenir","potentialAction":[{"@type":"SearchAction","target":{"@type":"EntryPoint","urlTemplate":"https:\/\/www.revue3emillenaire.com\/blog\/?s={search_term_string}"},"query-input":{"@type":"PropertyValueSpecification","valueRequired":true,"valueName":"search_term_string"}}],"inLanguage":"fr-FR"},{"@type":"Person","@id":"https:\/\/www.revue3emillenaire.com\/blog\/#\/schema\/person\/9a3a7cc4ccaa707f402d4394327106d5","name":"3e mill\u00e9naire","url":"https:\/\/www.revue3emillenaire.com\/blog\/author\/admin\/"}]}},"_links":{"self":[{"href":"https:\/\/www.revue3emillenaire.com\/blog\/wp-json\/wp\/v2\/posts\/4749","targetHints":{"allow":["GET"]}}],"collection":[{"href":"https:\/\/www.revue3emillenaire.com\/blog\/wp-json\/wp\/v2\/posts"}],"about":[{"href":"https:\/\/www.revue3emillenaire.com\/blog\/wp-json\/wp\/v2\/types\/post"}],"author":[{"embeddable":true,"href":"https:\/\/www.revue3emillenaire.com\/blog\/wp-json\/wp\/v2\/users\/1"}],"replies":[{"embeddable":true,"href":"https:\/\/www.revue3emillenaire.com\/blog\/wp-json\/wp\/v2\/comments?post=4749"}],"version-history":[{"count":0,"href":"https:\/\/www.revue3emillenaire.com\/blog\/wp-json\/wp\/v2\/posts\/4749\/revisions"}],"wp:attachment":[{"href":"https:\/\/www.revue3emillenaire.com\/blog\/wp-json\/wp\/v2\/media?parent=4749"}],"wp:term":[{"taxonomy":"category","embeddable":true,"href":"https:\/\/www.revue3emillenaire.com\/blog\/wp-json\/wp\/v2\/categories?post=4749"},{"taxonomy":"post_tag","embeddable":true,"href":"https:\/\/www.revue3emillenaire.com\/blog\/wp-json\/wp\/v2\/tags?post=4749"}],"curies":[{"name":"wp","href":"https:\/\/api.w.org\/{rel}","templated":true}]}}