{"id":4848,"date":"2010-09-22T15:15:27","date_gmt":"2010-09-22T14:15:27","guid":{"rendered":"http:\/\/www.revue3emillenaire.com\/blog\/?p=4848"},"modified":"2010-09-22T15:15:27","modified_gmt":"2010-09-22T14:15:27","slug":"medecines-traditionnelles-et-medecine-de-demain-par-rene-dubos","status":"publish","type":"post","link":"https:\/\/www.revue3emillenaire.com\/blog\/medecines-traditionnelles-et-medecine-de-demain-par-rene-dubos\/","title":{"rendered":"M\u00e9decines traditionnelles et m\u00e9decine de demain par Ren\u00e9 Dubos"},"content":{"rendered":"<p style=\"text-align: justify;\">(Revue Co\u00c9volution. N<sup>o<\/sup> 6. Automne 1981)<\/p>\n<p style=\"text-align: justify;\">\n<p style=\"text-align: justify;\">\n<p style=\"text-align: justify;\"><em>Dans son livre, M\u00e9decines traditionnelles sacr\u00e9es (\u00e9ditions Retz, Paris), Claudine Brelet rappelait que \u00ab la pens\u00e9e sacr\u00e9e est une tentative de synth\u00e8se \u00bb&#8230; comprenant \u00ab toute recherche visant \u00e0 \u00e9tablir une harmonie, un \u00e9quilibre entre \u00ab\u00a0le dedans\u00a0\u00bb et \u00ab\u00a0le dehors\u00a0\u00bb, entre l&rsquo;individuel et le collectif, entre l&rsquo;Homme et l&rsquo;Univers&#8230; et cette recherche n&rsquo;est pas sans ressembler \u00e0 ce que l&rsquo;homme actuel nomme l&rsquo;\u00e9cologie \u00bb. C&rsquo;est \u00e0 ce type d&rsquo;approche qu&rsquo;est consacr\u00e9e la seconde partie de notre rencontre avec Ren\u00e9 Dubos (1901-1982) qui, malgr\u00e9 ses 80 ans, est sans doute l&rsquo;un des plus importants catalyseurs de la pens\u00e9e du Nouvel Age.<\/em><\/p>\n<p style=\"text-align: right;\">G. B.<\/p>\n<p style=\"text-align: justify;\">\n<p style=\"text-align: center;\"><strong>Il va falloir \u00e9chapper \u00e0 Claude Bernard !<\/strong><\/p>\n<p style=\"text-align: justify;\">\n<p style=\"text-align: justify;\">Claudine Brelet : Monsieur Dubos, j&rsquo;aimerais que nous parlions de la dimension \u00ab spirituelle \u00bb de la m\u00e9decine. En effet, la m\u00e9decine classique occidentale est la seule o\u00f9 l&rsquo;esprit de l&rsquo;homme n&rsquo;ait pas de place. Ainsi, m\u00eame si l&rsquo;on parle de psychologie, de psychiatrie, aucune place n&rsquo;est accord\u00e9e \u00e0 la psych\u00e9, c&rsquo;est-\u00e0-dire \u00e0 l&rsquo;\u00e2me, ou Esprit. Pourtant, dans toutes les m\u00e9decines traditionnelles, l&rsquo;on accordait une grande place \u00e0 l&rsquo;Esprit de l&rsquo;homme, \u00e0 la Conscience. Les soci\u00e9t\u00e9s traditionnelles connaissaient diverses techniques capables de modifier les \u00e9tats de conscience et, ce faisant, d&rsquo;apporter sinon la gu\u00e9rison, du moins un soulagement avec parfois des moyens techniques tr\u00e8s r\u00e9duits. La m\u00e9decine \u00ab moderne \u00bb, elle, ne croit qu&rsquo;\u00e0 ce qu&rsquo;elle voit, ou peut mesurer. Comment voyez-vous cette dimension verticale de l&rsquo;Homme ? Puisque vous avez le don rare d&rsquo;\u00eatre un grand scientifique sachant s&rsquo;adresser aussi au public, pensez-vous, comme Andr\u00e9 Malraux que \u00ab le XXI<sup>e<\/sup> si\u00e8cle sera m\u00e9taphysique, ou bien ne sera pas \u00bb ?<\/p>\n<p style=\"text-align: justify;\">\n<p style=\"text-align: justify;\">Ren\u00e9 Dubos : Naturellement, il est difficile de pr\u00e9voir ces choses-l\u00e0. La seule chose que l&rsquo;on puisse dire, c&rsquo;est que d\u00e8s qu&rsquo;un sujet devient acceptable intellectuellement pour les hommes de science, des centaines se mettent \u00e0 travailler dessus instantan\u00e9ment.<\/p>\n<p style=\"text-align: justify;\">\n<p style=\"text-align: justify;\">Cl. B. : Aujourd&rsquo;hui, gr\u00e2ce aux ing\u00e9nieuses d\u00e9couvertes des Kirlian, il est devenu possible de mesurer diff\u00e9rents \u00e9tats de conscience&#8230; Pourtant, en France, il est encore difficile de convaincre les piliers de la science officielle qu&rsquo;une fois que les probl\u00e8mes \u00ab d&rsquo;hygi\u00e8ne \u00bb sont r\u00e9solus, c&rsquo;est de la conscience et de sa ma\u00eetrise que les m\u00e9decins et les biologistes devraient s&rsquo;occuper pour aider leurs malades.<\/p>\n<p style=\"text-align: justify;\">\n<p style=\"text-align: justify;\">R. D. : D\u00e8s le moment o\u00f9 l&rsquo;on peut mesurer quelque chose, toutes sortes de nouvelles ouvertures sont accept\u00e9es. Mais je peux aussi vous r\u00e9pondre ce que disait Max Planck au sujet de la th\u00e9orie des quanta. \u00ab On ne convainc jamais personne. Il faut qu&rsquo;une g\u00e9n\u00e9ration meure et soit remplac\u00e9e par une autre. \u00bb Je pourrais aussi vous citer 7 ou 8 faits dans lesquels un effet psychique se mesure. Et moi, je crois que cela va faire d\u00e9marrer la m\u00e9decine de l&rsquo;avenir dans une direction tr\u00e8s diff\u00e9rente.<\/p>\n<p style=\"text-align: justify;\">\n<p style=\"text-align: justify;\">G\u00e9rard Blanc : Nous sommes dans la situation d&rsquo;un changement de paradigme&#8230; Peut-\u00eatre la nouvelle g\u00e9n\u00e9ration de scientifiques qui a mis les pieds dans ce nouveau paradigme est-elle \u00e0 pr\u00e9sent suffisamment importante num\u00e9riquement pour parvenir \u00e0 faire accepter ce changement !<\/p>\n<p style=\"text-align: justify;\">\n<p style=\"text-align: justify;\">R. D. : Absolument ! Je crois que cela va m\u00eame amener un changement dans les institutions. Ainsi, il y a juste cent ans exactement, en 1880, la d\u00e9monstration que les microbes pouvaient causer les maladies venait tout juste d&rsquo;\u00eatre accept\u00e9e ; mais aucune \u00e9cole de m\u00e9decine ne l&rsquo;enseignait et aucune \u00e9cole de m\u00e9decine ne facilitait les recherches dans ce domaine. Tout ce qui s&rsquo;est fait sur le d\u00e9veloppement de l&rsquo;\u00e9tude des maladies infectieuses l&rsquo;a \u00e9t\u00e9 par l&rsquo;interm\u00e9diaire de la cr\u00e9ation d&rsquo;instituts priv\u00e9s. Le premier fut l&rsquo;Institut Pasteur, pour des raisons \u00e9videntes dont Pasteur a tir\u00e9 de l&rsquo;argent pour poursuivre ses recherches. Puis il y eut l&rsquo;Institut Lester en Angleterre, l&rsquo;Institut Koch en Allemagne, Kitosato au Japon&#8230; Puis, pendant environ une vingtaine ou une trentaine d&rsquo;ann\u00e9es, tout l&rsquo;enseignement et toutes les recherches sur les maladies microbiennes se sont pass\u00e9s dans ces instituts priv\u00e9s avant de passer dans le public. Aujourd&rsquo;hui, je crois que notre Institut Rockefeller o\u00f9, pourtant, nous avons beaucoup plus de libert\u00e9 que n&rsquo;importe o\u00f9 au monde, \u2014 une libert\u00e9 absolue o\u00f9 nous pouvons faire ce que nous voulons&#8230; eh ! bien, je crois que nous entrerons trop tard dans ce domaine. Tous mes camarades et coll\u00e8gues ont acquis une c\u00e9l\u00e9brit\u00e9 mondiale par l&rsquo;\u00e9tude chimique de plus en plus raffin\u00e9e des ph\u00e9nom\u00e8nes physiologiques mais, pour eux, ce qui est int\u00e9ressant, c&rsquo;est la structure de ces particules de graisse&#8230;<\/p>\n<p style=\"text-align: justify;\">\n<p style=\"text-align: justify;\">Cl. B. : Car, elles, on peut les voir !<\/p>\n<p style=\"text-align: justify;\">\n<p style=\"text-align: justify;\">R. D. : Oui, au microscope \u00e9lectronique. Gr\u00e2ce \u00e0 une m\u00e9thode analytique, ces savants peuvent dire avec quelle vitesse ces graisses sont dig\u00e9r\u00e9es mieux que n&rsquo;importe qui au monde&#8230; Mais dire ce que fait l&rsquo;acupuncture, par exemple, ce n&rsquo;est pas de la science pour eux&#8230;<\/p>\n<p style=\"text-align: justify;\">\n<p style=\"text-align: justify;\">Cl. B. : M\u00eame si elle a au moins cinq mille ans d&rsquo;existence&#8230; ce qui est au moins une existence dont la dur\u00e9e est quantifiable ! Monsieur Dubos, pensez-vous que ce qui manque le plus aujourd&rsquo;hui, ce serait \u00ab une science de la conscience \u00bb ? \u2014 pas dans le sens psychanalytique, mais peut-\u00eatre dans le sens que lui donnent, par exemple, les Bouddhistes tib\u00e9tains ? ou les Am\u00e9rindiens qui connaissaient toute une science des divers \u00e9tats de la conscience ?<\/p>\n<p style=\"text-align: justify;\">\n<p style=\"text-align: justify;\">R. D. : Pour vous r\u00e9pondre de fa\u00e7on tr\u00e8s concr\u00e8te, un livre tel que <em>Science et Conscience<\/em> (\u00e9ditions Stock, Paris) qui r\u00e9unit les Actes du Congr\u00e8s de Cordoue sur \u00ab les deux lectures de l&rsquo;Univers \u00bb se vend environ 150 F. Malgr\u00e9 ce prix assez \u00e9lev\u00e9, il conna\u00eet un succ\u00e8s fou aupr\u00e8s du grand public. Pourtant, je suis persuad\u00e9 que la plupart des gens ne peuvent pas lire ces articles qui, bien que tr\u00e8s bien \u00e9crits, v\u00e9hiculent des termes assez difficiles. Si vous parlez de la \u00ab conscience de l&rsquo;\u00e9lectron \u00bb, non seulement il faut savoir ce qu&rsquo;est un \u00e9lectron, mais aussi quelle est sa place dans la nature. Les livres du physicien Jean Charon connaissent aussi n\u00e9anmoins un immense succ\u00e8s qui d\u00e9montre que le public a senti qu&rsquo;il y a l\u00e0 quelque chose d&rsquo;important.<\/p>\n<p style=\"text-align: justify;\">\n<p style=\"text-align: justify;\">Cl. B. : Si vous aviez aujourd&rsquo;hui 25 ans, ou m\u00eame 30 ans, vous lanceriez-vous dans la direction d&rsquo;une recherche sur \u00ab la science de la conscience \u00bb ?<\/p>\n<p style=\"text-align: justify;\">\n<p style=\"text-align: justify;\">R. D. : \u00c9coutez, j&rsquo;h\u00e9siterais entre deux directions dans le domaine m\u00e9dical. Entre cette \u00ab science de la conscience \u00bb et une autre&#8230; En effet, le temps va venir o\u00f9, tout d&rsquo;un coup, l&rsquo;on va se rendre compte que la th\u00e9orie sur laquelle est bas\u00e9e toute la science, c&rsquo;est-\u00e0-dire ce qu&rsquo;on appelle la science m\u00e9dicale, n&rsquo;est plus aussi totalement valable qu&rsquo;on le croyait. Cette th\u00e9orie est celle de la fixit\u00e9 du milieu int\u00e9rieur telle qu&rsquo;elle a \u00e9t\u00e9 d\u00e9crite et con\u00e7ue par Claude Bernard. C&rsquo;est \u00e0 partir de sa th\u00e9orie que l&rsquo;on \u00e9tudie tous les \u00e9quilibres. A cette th\u00e9orie, il faut aussi ajouter celle de l&rsquo;hom\u00e9ostase, selon laquelle il existe des forces de r\u00e9cup\u00e9ration qui font que l&rsquo;organisme retourne \u00e0 l&rsquo;\u00e9tat initial. Toute la m\u00e9decine scientifique est fond\u00e9e sur cette r\u00e9versibilit\u00e9, sur ces \u00e9tats d&rsquo;\u00e9quilibre auxquels le corps et l&rsquo;esprit reviennent apr\u00e8s avoir \u00e9t\u00e9 transform\u00e9s. Or, je pense que cela ne se produit jamais ! Rigoureusement jamais ! Je pense que chaque fois que l&rsquo;on soigne, oui l&rsquo;on \u00ab r\u00e9pare \u00bb, mais l&rsquo;individu ne sera plus jamais le m\u00eame qu&rsquo;avant&#8230; Vous savez mieux que moi que, chaque fois que l&rsquo;on vit une exp\u00e9rience mentale, celle-ci est enregistr\u00e9e d&rsquo;une fa\u00e7on&#8230;<\/p>\n<p style=\"text-align: justify;\">\n<p style=\"text-align: justify;\">Cl. B.:&#8230; qui modifie le tout ! La partie modifie le tout&#8230;<\/p>\n<p style=\"text-align: justify;\">\n<p style=\"text-align: justify;\">R. D. : Oui ! Si bien que, pour moi, la m\u00e9decine de Claude Bernard est l&rsquo;\u00e9quivalent de la physique newtonienne, voil\u00e0 ! Et nous assistons exactement \u00e0 sa fin. Cela ne veut pas dire que la physique newtonienne soit mauvaise. Cela ne veut pas dire que Claude Bernard se trompait. Mais l&rsquo;on regardait les ph\u00e9nom\u00e8nes de mani\u00e8re statique tandis que je crois qu&rsquo;\u00e0 partir de maintenant, les scientifiques vont se rendre compte que tout se transforme. Ainsi, si tout se transforme, il sera peut-\u00eatre possible de relier \u00ab science et conscience \u00bb.<\/p>\n<p style=\"text-align: justify;\">\n<p style=\"text-align: justify;\">Je sais que, personnellement, je pratique \u00e9norm\u00e9ment la \u00ab self-modification \u00bb, l&rsquo;automodification. Pendant 70 ann\u00e9es de ma vie, j&rsquo;ai r\u00e9appris \u00e0 faire des efforts physiques de plus en plus forts, si bien qu&rsquo;\u00e0 l&rsquo;\u00e2ge de 78 ans, j&rsquo;\u00e9tais vraiment au sommet de mes forces physiques. Cela peut s&rsquo;appliquer \u00e9galement \u00e0 la m\u00e9moire : j&rsquo;exerce ma m\u00e9moire constamment. Finalement, je crois que tout se ram\u00e8ne au fait qu&rsquo;il va falloir \u00e9chapper \u00e0 Claude Bernard.<\/p>\n<p style=\"text-align: justify;\">\n<p style=\"text-align: justify;\">Cl. B. : Avez-vous ce que l&rsquo;on appelle \u00ab une vie int\u00e9rieure \u00bb ?<\/p>\n<p style=\"text-align: justify;\">\n<p style=\"text-align: justify;\">R. D. : Je n&rsquo;ai jamais suivi vraiment une m\u00e9thode quelconque. Ma femme voudrait que je fasse de la m\u00e9ditation. Mais non, ce n&rsquo;est pas ce que je fais. J&rsquo;essaie simplement de faire les choses. En g\u00e9n\u00e9ral, je prends des d\u00e9cisions par intuition, sans avoir le temps de vraiment les analyser. Je ne m&rsquo;analyse jamais.<\/p>\n<p style=\"text-align: justify;\">\n<p style=\"text-align: justify;\">Cl. B. : Puisque vous nous pr\u00e9disez que nous allons enfin \u00e9chapper \u00e0 Claude Bernard, quelle part pourrait apporter une \u00ab science \u00bb aussi traditionnelle que l&rsquo;astrologie, par exemple ? En effet, la m\u00e9decine astrologique est utilis\u00e9e dans tous les syst\u00e8mes des soci\u00e9t\u00e9s traditionnelles&#8230;<\/p>\n<p style=\"text-align: justify;\">\n<p style=\"text-align: justify;\">R. D. : Il y a une vingtaine d&rsquo;ann\u00e9es, une tr\u00e8s grande conf\u00e9rence sur les ph\u00e9nom\u00e8nes m\u00e9t\u00e9orologiques fut tenue \u00e0 l&rsquo;Acad\u00e9mie des Sciences des \u00c9tats-Unis. Juste apr\u00e8s l&rsquo;avoir organis\u00e9e sur le plan administratif, le Pr\u00e9sident de l&rsquo;Acad\u00e9mie me dit : \u00ab Tiens, c&rsquo;est curieux ! nous n&rsquo;avons pas pens\u00e9 \u00e0 un programme biologique ! \u00bb Il me demande de le conseiller car nous ne connaissions, ni l&rsquo;un ni l&rsquo;autre, personne qui aurait pu s&rsquo;occuper de ce sujet. Si bien que, pendant sept mois environ, j&rsquo;ai lu tout ce que je pouvais trouver sur ce type de \u00ab m\u00e9t\u00e9orologie \u00bb&#8230; J&rsquo;ai trouv\u00e9 pas mal de choses ! notamment, un Prix Nobel, biochimiste extr\u00eamement c\u00e9l\u00e8bre qui avait alors \u00e9tudi\u00e9 la chimie des sucres. Il d\u00e9couvrit avec son \u00e9quipe de chercheurs que leurs cobayes avaient une chimie du sucre tout \u00e0 fait diff\u00e9rente selon les saisons et cela, dans les m\u00eames conditions et aux m\u00eames temp\u00e9ratures. Lorsqu&rsquo;un jour, j&rsquo;ai demand\u00e9 \u00e0 ce chercheur pourquoi il n&rsquo;avait pas continu\u00e9 ce travail, il me r\u00e9pondit : \u00ab ce que nous voulions comprendre, c&rsquo;\u00e9taient certains m\u00e9canismes chimiques \u00bb&#8230; Personne d&rsquo;autre que moi ne sait cela, except\u00e9s ceux qui ont lu mon livre <em>L&rsquo;homme et l&rsquo;adaptation au milieu<\/em> ! C&rsquo;est oubli\u00e9&#8230;<\/p>\n<p style=\"text-align: justify;\">\n<p style=\"text-align: justify;\">Cl. B. : Personne n&rsquo;a donc rep\u00e9r\u00e9 cela ?<\/p>\n<p style=\"text-align: justify;\">\n<p style=\"text-align: justify;\">R. D. : Les gens le voient, j&rsquo;en suis persuad\u00e9. Mais cela ne les int\u00e9resse pas car les r\u00e9sultats ne seraient pas \u00e0 court terme. L&rsquo;\u00e9tude des rythmes demande qu&rsquo;on accepte \u00e0 l&rsquo;avance l&rsquo;existence d&rsquo;influences que souvent, il est tr\u00e8s difficile de d\u00e9celer&#8230; Mais aujourd&rsquo;hui, cette \u00e9tude prend une \u00e9norme importance \u00e0 cause de&#8230;<\/p>\n<p style=\"text-align: justify;\">\n<p style=\"text-align: justify;\">Cl. B. : A cause de l&rsquo;exploration spatiale ?<\/p>\n<p style=\"text-align: justify;\">\n<p style=\"text-align: justify;\">R. D. : Oui, de l&rsquo;exploration dans l&rsquo;espace, ou des s\u00e9jours prolong\u00e9s en sous-marins. A l&rsquo;heure actuelle, il existe des connaissances tr\u00e8s importantes sur ce sujet. Mais elles sont presque toutes secr\u00e8tes : elles restent presque toutes dans les organisations militaires. Mais l&rsquo;on publie maintenant beaucoup de choses : sur les effets de la lune, on est tr\u00e8s bien document\u00e9. Dans mon livre, <em>Man adapting<\/em> ( = \u00ab L&rsquo;homme en adaptation \u00bb), je cite aussi les effets des vents&#8230; D&rsquo;ailleurs, je dis dans cet ouvrage qu&rsquo;il est \u00e0 peu pr\u00e8s certain que tout ce qui nous touche (dans le sens o\u00f9 si nous voyons une \u00e9toile, elle nous \u00ab touche \u00bb), produit toutes sortes d&rsquo;effets qu&rsquo;on ne soup\u00e7onne pas forc\u00e9ment.<\/p>\n<p style=\"text-align: justify;\">\n<p style=\"text-align: justify;\">Cl. B. : C&rsquo;est ce que red\u00e9couvre l&rsquo;ethnographie car de nombreuses traditions connaissaient empiriquement tous ces faits&#8230;<\/p>\n<p style=\"text-align: justify;\">\n<p style=\"text-align: justify;\">R. D. : Oui, il faudrait prendre avantage des histoires ethnographiques qui sont, dans le fond, les exp\u00e9riences de centaines de g\u00e9n\u00e9rations.<\/p>\n<p style=\"text-align: justify;\">\n<p style=\"text-align: justify;\">Cl. B. : Effectivement, des chercheurs toujours plus nombreux depuis quelques ann\u00e9es se lancent \u00e0 pr\u00e9sent dans cette direction. Et ceci nous ram\u00e8ne \u00e0 la notion de \u00ab terrain \u00bb. Revenons donc \u00e0 Pasteur. Vous parlez presque toujours de Pasteur comme d&rsquo;un homme, d&rsquo;un chercheur qui avait pens\u00e9 au terrain et \u00e0 ces probl\u00e8mes d&rsquo;adaptation. Or, un ph\u00e9nom\u00e8ne extraordinaire se produit en France : pour les Fran\u00e7ais, Pasteur est g\u00e9n\u00e9ralement un monsieur pour qui les microbes seuls ont compt\u00e9, et absolument pas la notion de terrain. A tel point que, finalement, la m\u00e9decine classique moderne nie presque compl\u00e8tement les notions de terrain utilis\u00e9es par les hom\u00e9opathes ou les acupuncteurs, par exemple. On a fait de Pasteur quelqu&rsquo;un qu&rsquo;il n&rsquo;\u00e9tait sans doute pas et il existe donc un mythe pasteurien en France qu&rsquo;il faudrait d\u00e9mythifier ! Les m\u00e9decins allopathes, par exemple, pensent que seule la vaccination (donc des apports exog\u00e8nes) peut emp\u00eacher certaines maladies&#8230; Vous-m\u00eame, \u00e0 propos de la tuberculose, vous avez d\u00e9montr\u00e9 que le terrain \u00e9tait au contraire excessivement important&#8230;<\/p>\n<p style=\"text-align: justify;\">\n<p style=\"text-align: justify;\">R. D. : J&rsquo;ai \u00e9crit ma biographie de Pasteur en 1950. Elle vient d&rsquo;\u00eatre republi\u00e9e. Dans le premier chapitre, je cite, en fran\u00e7ais et en anglais, toutes les phrases de Pasteur faisant mention de l&rsquo;importance du terrain. J&rsquo;en donne les r\u00e9f\u00e9rences. Pasteur, d&rsquo;ailleurs, se rendait si clairement compte de la situation qu&rsquo;il a d\u00e9clar\u00e9 : \u00ab si c&rsquo;\u00e9tait \u00e0 refaire, je m&rsquo;occuperais surtout des conditions dans lesquels ils vivent \u00bb, \u00e0 propos de ses premi\u00e8res \u00e9tudes sur les maladies, \u00e9tudes qui concernaient les vers \u00e0 soie. Pasteur savait tr\u00e8s bien aussi (et il le d\u00e9clara) qu&rsquo;un bless\u00e9 inquiet gu\u00e9rit moins vite qu&rsquo;un autre ayant pourtant la m\u00eame blessure mais ne connaissant aucune difficult\u00e9. Pasteur n&rsquo;a pas travaill\u00e9 sur ces probl\u00e8mes, mais il n&rsquo;\u00e9tait pas aveugle !<\/p>\n<p style=\"text-align: justify;\">\n<p style=\"text-align: justify;\">Cl. B. : Finalement, comment expliquez-vous ce d\u00e9rapage de l&rsquo;Institut Pasteur qui ne porte peut-\u00eatre de Pasteur que le nom et pas \u00ab l&rsquo;esprit \u00bb ?<\/p>\n<p style=\"text-align: justify;\">\n<p style=\"text-align: justify;\">R. D. : Ce que vous dites \u00e9tait compl\u00e8tement vrai autrefois. Ce ne l&rsquo;est plus autant aujourd&rsquo;hui, surtout depuis qu&rsquo;il s&rsquo;est produit ce ph\u00e9nom\u00e8ne extraordinaire que sont ces trois gar\u00e7ons qui ont eu ensemble le Prix Nobel : Andr\u00e9 Wolf, Jacques Monod et Fran\u00e7ois Jacob. Vous connaissez peut-\u00eatre mes travaux sur les enzymes adaptatifs mais, surtout, ne donnez pas \u00e0 cette histoire une fausse interpr\u00e9tation ! Lorsque j&rsquo;avais 29 ans, j&rsquo;ai d\u00e9couvert qu&rsquo;un certain microbe ne produisait l&rsquo;enzyme que je recherchais que s&rsquo;il \u00e9tait \u00e9lev\u00e9 dans certaines conditions. Le probl\u00e8me avait un aspect g\u00e9n\u00e9tique : n&rsquo;importe quel microbe pouvait produire la substance enzymatique que je cherchais, ainsi qu&rsquo;un effet-environnement. J&rsquo;ai alors consacr\u00e9 trois ou quatre ans de ma vie \u00e0 essayer de d\u00e9m\u00ealer ces m\u00e9canismes. Je n&rsquo;y suis pas arriv\u00e9 et je crois que personne, \u00e0 cette \u00e9poque, n&rsquo;aurait pu le faire parce que nos connaissances en g\u00e9n\u00e9tique et en biologie \u00e9taient insuffisantes. Des ann\u00e9es plus tard, c&rsquo;est Jacques Monod et ces deux autres chercheurs qui ont eu le sens d&rsquo;\u00e9tudier ces aspects g\u00e9n\u00e9tiques et, surtout, le m\u00e9canisme par lequel le milieu d\u00e9termine la possibilit\u00e9 de produire l&rsquo;enzyme. Mais, c&rsquo;est tr\u00e8s curieux car, bien qu&rsquo;ils soient l&rsquo;honneur de l&rsquo;Institut Pasteur, on les regarde toujours un peu comme des b\u00eates sauvages ! J&rsquo;ai tout de m\u00eame l&rsquo;impression que l&rsquo;esprit de l&rsquo;Institut Pasteur s&rsquo;est \u00e9largi&#8230;<\/p>\n<p style=\"text-align: justify;\">\n<p style=\"text-align: justify;\">Cl. B. : Puisque vous parlez de l&rsquo;importance du \u00ab milieu \u00bb, puisque vous pensez qu&rsquo;il \u00ab faut courtiser la Terre \u00bb, pensez-vous qu&rsquo;un m\u00e9decin doive \u00ab courtiser \u00bb (dans le sens vraiment courtois !) son malade pour obtenir de bonnes gu\u00e9risons ?<\/p>\n<p style=\"text-align: justify;\">\n<p style=\"text-align: justify;\">R. D. : L\u00e0-dessus, j&rsquo;ai chang\u00e9 d&rsquo;avis constamment. Je suis maintenant convaincu que le malade a besoin d&rsquo;avoir confiance en son m\u00e9decin. Je connais bien quelques m\u00e9decins qui ont ce g\u00e9nie. Mais je n&rsquo;ai aucune id\u00e9e de ce que cela implique&#8230; douceur, autorit\u00e9 ? Cela doit d\u00e9pendre&#8230; Il faut aussi qu&rsquo;un m\u00e9decin ait le respect de son malade.<\/p>\n<p style=\"text-align: justify;\">\n<p style=\"text-align: justify;\">Cl. B. : Vous avez \u00e9crit un livre intitul\u00e9 \u00ab <em>God within<\/em> \u00bb, mal traduit d&rsquo;ailleurs en fran\u00e7ais par \u00ab <em>les dieux de l&rsquo;\u00e9cologie<\/em> \u00bb. Faites-vous allusion \u00e0 ce \u00ab God within \u00bb du malade, c&rsquo;est-\u00e0-dire \u00e0 sa \u00ab divinit\u00e9 int\u00e9rieure \u00bb ? Au fond, comment vous est venue l&rsquo;id\u00e9e de choisir aussi un tel titre ?<\/p>\n<p style=\"text-align: justify;\">\n<p style=\"text-align: justify;\">R. D. : Eh ! bien, nous venons de parler de Pasteur et \u00e0 la fin du XIX<sup>e<\/sup> si\u00e8cle, un homme de science comme Pasteur et un homme de lettres comme Renan pouvaient parler le m\u00eame langage. Pasteur fut re\u00e7u \u00e0 l&rsquo;Acad\u00e9mie fran\u00e7aise par Renan. Pasteur parla donc de religion, en faisant tr\u00e8s attention d&rsquo;en citer plusieurs de mani\u00e8re \u00e0 bien souligner qu&rsquo;il existe chez les \u00eatres humains quelque chose qui, d&rsquo;une fa\u00e7on ou d&rsquo;une autre, nous relie tous \u00e0 l&rsquo;univers. C&rsquo;est au cours de son discours de r\u00e9ception \u00e0 l&rsquo;Acad\u00e9mie fran\u00e7aise que Pasteur a fait cette remarque : \u00ab <em>les Grecs nous ont laiss\u00e9 le plus beau nom et le plus beau mot de notre langage : Entheos, un dieu int\u00e9rieur, a God within&#8230;<\/em> \u00bb Lorsque j&rsquo;ai lu cette phrase, j&rsquo;ai \u00e9t\u00e9 totalement sid\u00e9r\u00e9. A cette \u00e9poque, j&rsquo;avais \u00e9crit ce livre mais je n&rsquo;avais pas trouv\u00e9 son titre. C&rsquo;est au carrefour de la 5<sup>e<\/sup> avenue et de la 57<sup>e<\/sup> rue \u00e0 New-York o\u00f9 j&rsquo;attendais pour traverser tout en me rendant chez mon \u00e9diteur que cette phrase m&rsquo;est revenue soudain, sans que je sache pourquoi&#8230; Lorsque je suis entr\u00e9 chez mon \u00e9diteur, je lui ai dit : \u00ab pour le titre, il faut mettre a god within&#8230; \u00bb<\/p>\n<p style=\"text-align: justify;\">\n<p style=\"text-align: justify;\">Cl. B. : C&rsquo;est tout \u00e0 fait extraordinaire et \u00e9mouvant de vous entendre raconter cette histoire car ce \u00ab God within \u00bb est l&rsquo;une des expression-cl\u00e9s de tout le mouvement du Nouvel Age, de toute la \u00ab conspiration du Verseau \u00bb&#8230; (et l\u00e0, tout \u00e9tonn\u00e9e, j&rsquo;entends le grand chercheur r\u00e9p\u00e9ter avec admiration et m\u00eame une sorte de ferveur)<\/p>\n<p style=\"text-align: justify;\">\n<p style=\"text-align: justify;\">R. D. : Oui ! Oui ! oui, les Grecs nous ont laiss\u00e9 l&rsquo;un des plus beaux mots de notre langage : l&rsquo;enthousiasme ! \u2014 ce mot vient de en-theos, une divinit\u00e9 ou un dieu int\u00e9rieur&#8230; C&rsquo;est dans le discours de r\u00e9ception de Pasteur \u00e0 l&rsquo;Acad\u00e9mie fran\u00e7aise ! Et Pasteur ajouta : \u00ab <em>on ne peut rien faire, on ne peut rien cr\u00e9er \u00e0 moins d&rsquo;avoir cet enthousiasme qui vous demande de vous consacrer \u00e0 quelque chose. C&rsquo;est cela votre Dieu int\u00e9rieur<\/em> \u00bb. Les discours de r\u00e9ception \u00e0 l&rsquo;Acad\u00e9mie fran\u00e7aise sont parfois proph\u00e9tiques&#8230; Par exemple, je crois que c&rsquo;est aussi Renan qui re\u00e7ut Ferdinand de Lesseps \u00e0 l&rsquo;Acad\u00e9mie fran\u00e7aise et je me souviens qu&rsquo;il dit : \u00ab <em>Monsieur, nous vous admirons&#8230; mais, peut-\u00eatre, nous pr\u00e9parez-vous les guerres de l&rsquo;avenir&#8230;<\/em> \u00bb<\/p>\n<p style=\"text-align: justify;\">\n<p style=\"text-align: justify;\">Cl. B. : Vous savez, Monsieur Dubos, il y avait dans l&rsquo;antiquit\u00e9 des gens encore plus enthousiastes que les Grecs : c&rsquo;\u00e9taient les Thraces, ces anc\u00eatres des Bulgares chez qui j&rsquo;ai fait mes terrains d&rsquo;ethnographie. Pour les Grecs (c&rsquo;est-\u00e0-dire en r\u00e9alit\u00e9 pour les Ath\u00e9niens), le vocable qui qualifiait le mieux les Thraces \u00e9tait leur enthousiasme. Ces Grecs \u00e9prouvaient \u00e0 la fois une grande admiration et une certaine crainte de ces Thraces qu&rsquo;ils savaient aussi \u00eatre les plus grands m\u00e9decins parce que \u00ab r\u00e9put\u00e9s gu\u00e9rir l&rsquo;esprit avec le corps \u00bb, comme le conseillait d&rsquo;ailleurs Hippocrate qui \u00e9tait un Thrace&#8230; \u00c9videmment, ces Thraces avaient des conversations avec les esprits de la Nature, \u2014 ce qui \u00e9tait pour eux, du pays d&rsquo;Orph\u00e9e, de Pan et de Dionysos, tout naturel, mais l&rsquo;\u00e9tait beaucoup moins pour les gens de la Cit\u00e9 d&rsquo;Ath\u00e8nes qui avaient perdu ce contact avec le Cosmos&#8230; Au fond, c&rsquo;est cette vitalit\u00e9, cet enthousiasme qu&rsquo;il faut retrouver aujourd&rsquo;hui&#8230; \u00c9videmment, c&rsquo;est tr\u00e8s po\u00e9tique et pas tr\u00e8s scientifique et cela risque de heurter bien des esprits !<\/p>\n<p style=\"text-align: justify;\">\n<p style=\"text-align: justify;\">R. D. : En tous cas, il existe bon nombre d&rsquo;exemples chez les scientifiques o\u00f9 les d\u00e9couvertes se font d&rsquo;abord par la perception po\u00e9tique. M\u00eame les math\u00e9maticiens ont une perception totale, po\u00e9tique, avant de faire la moindre \u00e9quation. Je n&rsquo;ai jamais rencontr\u00e9 Einstein, mais nous avons eu des relations amicales communes. Il para\u00eet que chez Einstein, c&rsquo;\u00e9tait absolument fantastique. Il arrivait toujours \u00e0 ses conclusions par une perception totale et ne les d\u00e9montrait qu&rsquo;apr\u00e8s&#8230; C&rsquo;est peut-\u00eatre cela la prochaine r\u00e9volution qu&rsquo;annonce votre \u00ab Nouvel Age \u00bb : la fusion dans l&rsquo;enthousiasme de la science et de la po\u00e9sie !<\/p>\n<p style=\"text-align: right;\">Paris, D\u00e9cembre 1980<\/p>\n<p style=\"text-align: justify;\">\n<p style=\"text-align: justify;\">Sur Ren\u00e9 Dubos: <a href=\"http:\/\/fr.wikipedia.org\/wiki\/Ren%C3%A9_Dubos\" target=\"_blank\">http:\/\/fr.wikipedia.org\/wiki\/Ren%C3%A9_Dubos<\/a><\/p>\n","protected":false},"excerpt":{"rendered":"<p>Un Prix Nobel, biochimiste extr\u00eamement c\u00e9l\u00e8bre avait \u00e9tudi\u00e9 la chimie des sucres. Il d\u00e9couvrit avec son \u00e9quipe de chercheurs que leurs cobayes avaient une chimie du sucre tout \u00e0 fait diff\u00e9rente selon les saisons et cela, dans les m\u00eames conditions et aux m\u00eames temp\u00e9ratures. Lorsqu&rsquo;un jour, j&rsquo;ai demand\u00e9 \u00e0 ce chercheur pourquoi il n&rsquo;avait pas continu\u00e9 ce travail, il me r\u00e9pondit : \u00ab ce que nous voulions comprendre, c&rsquo;\u00e9taient certains m\u00e9canismes chimiques \u00bb&#8230; <\/p>\n","protected":false},"author":1,"featured_media":0,"comment_status":"closed","ping_status":"closed","sticky":false,"template":"","format":"standard","meta":{"footnotes":""},"categories":[618,745,5],"tags":[553,746],"class_list":["post-4848","post","type-post","status-publish","format-standard","hentry","category-brelet-claudine","category-dubos-rene","category-interview","tag-medecine","tag-nouvel-age"],"yoast_head":"<!-- This site is optimized with the Yoast SEO plugin v27.0 - https:\/\/yoast.com\/product\/yoast-seo-wordpress\/ -->\n<title>M\u00e9decines traditionnelles et m\u00e9decine de demain par Ren\u00e9 Dubos - 3e mill\u00e9naire - Spiritualit\u00e9 - Connaissance de soi - Non-dualit\u00e9 - M\u00e9ditation<\/title>\n<meta name=\"robots\" content=\"index, follow, max-snippet:-1, max-image-preview:large, max-video-preview:-1\" \/>\n<link rel=\"canonical\" href=\"https:\/\/www.revue3emillenaire.com\/blog\/medecines-traditionnelles-et-medecine-de-demain-par-rene-dubos\/\" \/>\n<meta property=\"og:locale\" content=\"fr_FR\" \/>\n<meta property=\"og:type\" content=\"article\" \/>\n<meta property=\"og:title\" content=\"M\u00e9decines traditionnelles et m\u00e9decine de demain par Ren\u00e9 Dubos - 3e mill\u00e9naire - Spiritualit\u00e9 - Connaissance de soi - Non-dualit\u00e9 - M\u00e9ditation\" \/>\n<meta property=\"og:description\" content=\"Un Prix Nobel, biochimiste extr\u00eamement c\u00e9l\u00e8bre avait \u00e9tudi\u00e9 la chimie des sucres. Il d\u00e9couvrit avec son \u00e9quipe de chercheurs que leurs cobayes avaient une chimie du sucre tout \u00e0 fait diff\u00e9rente selon les saisons et cela, dans les m\u00eames conditions et aux m\u00eames temp\u00e9ratures. Lorsqu&#039;un jour, j&#039;ai demand\u00e9 \u00e0 ce chercheur pourquoi il n&#039;avait pas continu\u00e9 ce travail, il me r\u00e9pondit : \u00ab ce que nous voulions comprendre, c&#039;\u00e9taient certains m\u00e9canismes chimiques \u00bb...\" \/>\n<meta property=\"og:url\" content=\"https:\/\/www.revue3emillenaire.com\/blog\/medecines-traditionnelles-et-medecine-de-demain-par-rene-dubos\/\" \/>\n<meta property=\"og:site_name\" content=\"3e mill\u00e9naire - Spiritualit\u00e9 - Connaissance de soi - Non-dualit\u00e9 - M\u00e9ditation\" \/>\n<meta property=\"article:published_time\" content=\"2010-09-22T14:15:27+00:00\" \/>\n<meta name=\"author\" content=\"3e mill\u00e9naire\" \/>\n<meta name=\"twitter:card\" content=\"summary_large_image\" \/>\n<meta name=\"twitter:label1\" content=\"\u00c9crit par\" \/>\n\t<meta name=\"twitter:data1\" content=\"3e mill\u00e9naire\" \/>\n\t<meta name=\"twitter:label2\" content=\"Dur\u00e9e de lecture estim\u00e9e\" \/>\n\t<meta name=\"twitter:data2\" content=\"17 minutes\" \/>\n<script type=\"application\/ld+json\" class=\"yoast-schema-graph\">{\"@context\":\"https:\/\/schema.org\",\"@graph\":[{\"@type\":\"Article\",\"@id\":\"https:\/\/www.revue3emillenaire.com\/blog\/medecines-traditionnelles-et-medecine-de-demain-par-rene-dubos\/#article\",\"isPartOf\":{\"@id\":\"https:\/\/www.revue3emillenaire.com\/blog\/medecines-traditionnelles-et-medecine-de-demain-par-rene-dubos\/\"},\"author\":{\"name\":\"3e mill\u00e9naire\",\"@id\":\"https:\/\/www.revue3emillenaire.com\/blog\/#\/schema\/person\/9a3a7cc4ccaa707f402d4394327106d5\"},\"headline\":\"M\u00e9decines traditionnelles et m\u00e9decine de demain par Ren\u00e9 Dubos\",\"datePublished\":\"2010-09-22T14:15:27+00:00\",\"mainEntityOfPage\":{\"@id\":\"https:\/\/www.revue3emillenaire.com\/blog\/medecines-traditionnelles-et-medecine-de-demain-par-rene-dubos\/\"},\"wordCount\":3447,\"keywords\":[\"m\u00e9decine\",\"Nouvel \u00e2ge\"],\"articleSection\":[\"Brelet Claudine\",\"Dubos Ren\u00e9\",\"Entretien\/Interview\"],\"inLanguage\":\"fr-FR\"},{\"@type\":\"WebPage\",\"@id\":\"https:\/\/www.revue3emillenaire.com\/blog\/medecines-traditionnelles-et-medecine-de-demain-par-rene-dubos\/\",\"url\":\"https:\/\/www.revue3emillenaire.com\/blog\/medecines-traditionnelles-et-medecine-de-demain-par-rene-dubos\/\",\"name\":\"M\u00e9decines traditionnelles et m\u00e9decine de demain par Ren\u00e9 Dubos - 3e mill\u00e9naire - Spiritualit\u00e9 - Connaissance de soi - Non-dualit\u00e9 - M\u00e9ditation\",\"isPartOf\":{\"@id\":\"https:\/\/www.revue3emillenaire.com\/blog\/#website\"},\"datePublished\":\"2010-09-22T14:15:27+00:00\",\"author\":{\"@id\":\"https:\/\/www.revue3emillenaire.com\/blog\/#\/schema\/person\/9a3a7cc4ccaa707f402d4394327106d5\"},\"breadcrumb\":{\"@id\":\"https:\/\/www.revue3emillenaire.com\/blog\/medecines-traditionnelles-et-medecine-de-demain-par-rene-dubos\/#breadcrumb\"},\"inLanguage\":\"fr-FR\",\"potentialAction\":[{\"@type\":\"ReadAction\",\"target\":[\"https:\/\/www.revue3emillenaire.com\/blog\/medecines-traditionnelles-et-medecine-de-demain-par-rene-dubos\/\"]}]},{\"@type\":\"BreadcrumbList\",\"@id\":\"https:\/\/www.revue3emillenaire.com\/blog\/medecines-traditionnelles-et-medecine-de-demain-par-rene-dubos\/#breadcrumb\",\"itemListElement\":[{\"@type\":\"ListItem\",\"position\":1,\"name\":\"Accueil\",\"item\":\"https:\/\/www.revue3emillenaire.com\/blog\/\"},{\"@type\":\"ListItem\",\"position\":2,\"name\":\"M\u00e9decines traditionnelles et m\u00e9decine de demain par Ren\u00e9 Dubos\"}]},{\"@type\":\"WebSite\",\"@id\":\"https:\/\/www.revue3emillenaire.com\/blog\/#website\",\"url\":\"https:\/\/www.revue3emillenaire.com\/blog\/\",\"name\":\"3e mill\u00e9naire - Spiritualit\u00e9 - Connaissance de soi - Non-dualit\u00e9 - M\u00e9ditation\",\"description\":\"L&#039;Homme en devenir\",\"potentialAction\":[{\"@type\":\"SearchAction\",\"target\":{\"@type\":\"EntryPoint\",\"urlTemplate\":\"https:\/\/www.revue3emillenaire.com\/blog\/?s={search_term_string}\"},\"query-input\":{\"@type\":\"PropertyValueSpecification\",\"valueRequired\":true,\"valueName\":\"search_term_string\"}}],\"inLanguage\":\"fr-FR\"},{\"@type\":\"Person\",\"@id\":\"https:\/\/www.revue3emillenaire.com\/blog\/#\/schema\/person\/9a3a7cc4ccaa707f402d4394327106d5\",\"name\":\"3e mill\u00e9naire\",\"url\":\"https:\/\/www.revue3emillenaire.com\/blog\/author\/admin\/\"}]}<\/script>\n<!-- \/ Yoast SEO plugin. -->","yoast_head_json":{"title":"M\u00e9decines traditionnelles et m\u00e9decine de demain par Ren\u00e9 Dubos - 3e mill\u00e9naire - Spiritualit\u00e9 - Connaissance de soi - Non-dualit\u00e9 - M\u00e9ditation","robots":{"index":"index","follow":"follow","max-snippet":"max-snippet:-1","max-image-preview":"max-image-preview:large","max-video-preview":"max-video-preview:-1"},"canonical":"https:\/\/www.revue3emillenaire.com\/blog\/medecines-traditionnelles-et-medecine-de-demain-par-rene-dubos\/","og_locale":"fr_FR","og_type":"article","og_title":"M\u00e9decines traditionnelles et m\u00e9decine de demain par Ren\u00e9 Dubos - 3e mill\u00e9naire - Spiritualit\u00e9 - Connaissance de soi - Non-dualit\u00e9 - M\u00e9ditation","og_description":"Un Prix Nobel, biochimiste extr\u00eamement c\u00e9l\u00e8bre avait \u00e9tudi\u00e9 la chimie des sucres. Il d\u00e9couvrit avec son \u00e9quipe de chercheurs que leurs cobayes avaient une chimie du sucre tout \u00e0 fait diff\u00e9rente selon les saisons et cela, dans les m\u00eames conditions et aux m\u00eames temp\u00e9ratures. Lorsqu'un jour, j'ai demand\u00e9 \u00e0 ce chercheur pourquoi il n'avait pas continu\u00e9 ce travail, il me r\u00e9pondit : \u00ab ce que nous voulions comprendre, c'\u00e9taient certains m\u00e9canismes chimiques \u00bb...","og_url":"https:\/\/www.revue3emillenaire.com\/blog\/medecines-traditionnelles-et-medecine-de-demain-par-rene-dubos\/","og_site_name":"3e mill\u00e9naire - Spiritualit\u00e9 - Connaissance de soi - Non-dualit\u00e9 - M\u00e9ditation","article_published_time":"2010-09-22T14:15:27+00:00","author":"3e mill\u00e9naire","twitter_card":"summary_large_image","twitter_misc":{"\u00c9crit par":"3e mill\u00e9naire","Dur\u00e9e de lecture estim\u00e9e":"17 minutes"},"schema":{"@context":"https:\/\/schema.org","@graph":[{"@type":"Article","@id":"https:\/\/www.revue3emillenaire.com\/blog\/medecines-traditionnelles-et-medecine-de-demain-par-rene-dubos\/#article","isPartOf":{"@id":"https:\/\/www.revue3emillenaire.com\/blog\/medecines-traditionnelles-et-medecine-de-demain-par-rene-dubos\/"},"author":{"name":"3e mill\u00e9naire","@id":"https:\/\/www.revue3emillenaire.com\/blog\/#\/schema\/person\/9a3a7cc4ccaa707f402d4394327106d5"},"headline":"M\u00e9decines traditionnelles et m\u00e9decine de demain par Ren\u00e9 Dubos","datePublished":"2010-09-22T14:15:27+00:00","mainEntityOfPage":{"@id":"https:\/\/www.revue3emillenaire.com\/blog\/medecines-traditionnelles-et-medecine-de-demain-par-rene-dubos\/"},"wordCount":3447,"keywords":["m\u00e9decine","Nouvel \u00e2ge"],"articleSection":["Brelet Claudine","Dubos Ren\u00e9","Entretien\/Interview"],"inLanguage":"fr-FR"},{"@type":"WebPage","@id":"https:\/\/www.revue3emillenaire.com\/blog\/medecines-traditionnelles-et-medecine-de-demain-par-rene-dubos\/","url":"https:\/\/www.revue3emillenaire.com\/blog\/medecines-traditionnelles-et-medecine-de-demain-par-rene-dubos\/","name":"M\u00e9decines traditionnelles et m\u00e9decine de demain par Ren\u00e9 Dubos - 3e mill\u00e9naire - Spiritualit\u00e9 - Connaissance de soi - Non-dualit\u00e9 - M\u00e9ditation","isPartOf":{"@id":"https:\/\/www.revue3emillenaire.com\/blog\/#website"},"datePublished":"2010-09-22T14:15:27+00:00","author":{"@id":"https:\/\/www.revue3emillenaire.com\/blog\/#\/schema\/person\/9a3a7cc4ccaa707f402d4394327106d5"},"breadcrumb":{"@id":"https:\/\/www.revue3emillenaire.com\/blog\/medecines-traditionnelles-et-medecine-de-demain-par-rene-dubos\/#breadcrumb"},"inLanguage":"fr-FR","potentialAction":[{"@type":"ReadAction","target":["https:\/\/www.revue3emillenaire.com\/blog\/medecines-traditionnelles-et-medecine-de-demain-par-rene-dubos\/"]}]},{"@type":"BreadcrumbList","@id":"https:\/\/www.revue3emillenaire.com\/blog\/medecines-traditionnelles-et-medecine-de-demain-par-rene-dubos\/#breadcrumb","itemListElement":[{"@type":"ListItem","position":1,"name":"Accueil","item":"https:\/\/www.revue3emillenaire.com\/blog\/"},{"@type":"ListItem","position":2,"name":"M\u00e9decines traditionnelles et m\u00e9decine de demain par Ren\u00e9 Dubos"}]},{"@type":"WebSite","@id":"https:\/\/www.revue3emillenaire.com\/blog\/#website","url":"https:\/\/www.revue3emillenaire.com\/blog\/","name":"3e mill\u00e9naire - Spiritualit\u00e9 - Connaissance de soi - Non-dualit\u00e9 - M\u00e9ditation","description":"L&#039;Homme en devenir","potentialAction":[{"@type":"SearchAction","target":{"@type":"EntryPoint","urlTemplate":"https:\/\/www.revue3emillenaire.com\/blog\/?s={search_term_string}"},"query-input":{"@type":"PropertyValueSpecification","valueRequired":true,"valueName":"search_term_string"}}],"inLanguage":"fr-FR"},{"@type":"Person","@id":"https:\/\/www.revue3emillenaire.com\/blog\/#\/schema\/person\/9a3a7cc4ccaa707f402d4394327106d5","name":"3e mill\u00e9naire","url":"https:\/\/www.revue3emillenaire.com\/blog\/author\/admin\/"}]}},"_links":{"self":[{"href":"https:\/\/www.revue3emillenaire.com\/blog\/wp-json\/wp\/v2\/posts\/4848","targetHints":{"allow":["GET"]}}],"collection":[{"href":"https:\/\/www.revue3emillenaire.com\/blog\/wp-json\/wp\/v2\/posts"}],"about":[{"href":"https:\/\/www.revue3emillenaire.com\/blog\/wp-json\/wp\/v2\/types\/post"}],"author":[{"embeddable":true,"href":"https:\/\/www.revue3emillenaire.com\/blog\/wp-json\/wp\/v2\/users\/1"}],"replies":[{"embeddable":true,"href":"https:\/\/www.revue3emillenaire.com\/blog\/wp-json\/wp\/v2\/comments?post=4848"}],"version-history":[{"count":0,"href":"https:\/\/www.revue3emillenaire.com\/blog\/wp-json\/wp\/v2\/posts\/4848\/revisions"}],"wp:attachment":[{"href":"https:\/\/www.revue3emillenaire.com\/blog\/wp-json\/wp\/v2\/media?parent=4848"}],"wp:term":[{"taxonomy":"category","embeddable":true,"href":"https:\/\/www.revue3emillenaire.com\/blog\/wp-json\/wp\/v2\/categories?post=4848"},{"taxonomy":"post_tag","embeddable":true,"href":"https:\/\/www.revue3emillenaire.com\/blog\/wp-json\/wp\/v2\/tags?post=4848"}],"curies":[{"name":"wp","href":"https:\/\/api.w.org\/{rel}","templated":true}]}}