{"id":4902,"date":"2010-10-04T21:05:49","date_gmt":"2010-10-04T20:05:49","guid":{"rendered":"http:\/\/pro.ovh.net\/~emillena\/blog\/?p=4902"},"modified":"2010-10-04T21:05:49","modified_gmt":"2010-10-04T20:05:49","slug":"pascal-et-teilhard-par-paul-chauchard","status":"publish","type":"post","link":"https:\/\/www.revue3emillenaire.com\/blog\/pascal-et-teilhard-par-paul-chauchard\/","title":{"rendered":"Pascal et Teilhard par Paul Chauchard"},"content":{"rendered":"<p style=\"text-align: justify;\">(Revue Teilhard de Chardin. N<sup>o<\/sup> 77-78. Juin 1979)<\/p>\n<p style=\"text-align: justify;\">\n<p style=\"text-align: justify;\">Il est ais\u00e9 d&rsquo;opposer ces deux grands esprits, fils de l&rsquo;Auvergne. Physicien et math\u00e9maticien contre pal\u00e9ontologue, pessimiste contre optimiste, ap\u00f4tre devant les insuffisances de la science, l&rsquo;ordre des corps et m\u00eame des esprits, des seules valeurs v\u00e9ritables qui sont de l&rsquo;ordre de la charit\u00e9 contre proph\u00e8te des valeurs spirituelles de la mati\u00e8re qui nous d\u00e9couvre \u00ab un univers charg\u00e9 d&rsquo;amour dans son \u00e9volution \u00bb, etc.<\/p>\n<p style=\"text-align: justify;\">\n<p style=\"text-align: justify;\">Malgr\u00e9 l&rsquo;exactitude d&rsquo;une telle description, on minimise la parent\u00e9 profonde des deux g\u00e9nies fran\u00e7ais, cette parent\u00e9 que dissimulent certaines divergences.<\/p>\n<p style=\"text-align: justify;\">\n<p style=\"text-align: justify;\">Pascal, Teilhard. Que sont-ils sinon \u00e9galement deux scientifiques passionn\u00e9s de science, deux croyants chr\u00e9tiens, plus : deux mystiques.<\/p>\n<p style=\"text-align: justify;\">\n<p style=\"text-align: justify;\">Pleinement engag\u00e9s dans le milieu scientifique de leur temps : d\u00e9but de l&rsquo;ath\u00e9isme scientifique de l&rsquo;\u00e8re galil\u00e9enne avec les libertins, triomphe apparent de cet ath\u00e9isme rationaliste ou marxiste avec le XX<sup>e<\/sup> si\u00e8cle et le pr\u00e9lude de la conqu\u00eate du cosmos.<\/p>\n<p style=\"text-align: justify;\">\n<p style=\"text-align: justify;\">Ayant compris l&rsquo;un comme l&rsquo;autre qu&rsquo;il est ridicule d&rsquo;opposer la science \u00e0 Dieu, appartenant simultan\u00e9ment et pleinement aux deux mondes hostiles de la science et du christianisme, ils ont le m\u00eame souci d&#8217;emp\u00eacher que la science serve aux ennemis de la religion. Il faut montrer aux croyants qu&rsquo;ils n&rsquo;ont pas \u00e0 se laisser griser par les nouveaut\u00e9s de la vision de science jusqu&rsquo;\u00e0 en oublier le principal, leur \u00e2me et Dieu. L&rsquo;essentiel chez Pascal comme chez Teilhard, si on ne s&rsquo;en tient pas \u00e0 l&rsquo;\u0153uvre strictement scientifique, c&rsquo;est une apolog\u00e9tique. Mais il ne s&rsquo;agit pas de l&rsquo;apolog\u00e9tique traditionnelle o\u00f9 un philosophe, un th\u00e9ologien \u00e9num\u00e8re froidement ses preuves rationnelles. L&rsquo;apolog\u00e9tique de Pascal, comme celle de Teilhard, c&rsquo;est une vision, un t\u00e9moignage v\u00e9cu. Ils ne nous mettent pas en \u00e9quation le Dieu des philosophes et des savants, ils veulent nous mettre devant une pr\u00e9sence, un amour, le Dieu de J\u00e9sus-Christ. Tous deux ont rencontr\u00e9 une Personne et souffrent de nous voir nous attarder \u00e0 tous ces divertissements mondains qui ne sont pas l&rsquo;unique essentiel.<\/p>\n<p style=\"text-align: justify;\">\n<p style=\"text-align: justify;\">Qu&rsquo;importe que pour l&rsquo;un, ce soit la brusque et fulgurante illumination d&rsquo;une nuit de feu, tandis que pour l&rsquo;autre la tristesse d&rsquo;un petit gar\u00e7on devant le fer qui rouille le conduise par la vocation sacerdotale au contact direct avec cet Absolu d&rsquo;amour en la pr\u00e9sence eucharistique qui illumine les tranch\u00e9es sanglantes de Verdun et le fait chanter \u00ab <em>le Christ dans la mati\u00e8re<\/em> \u00bb et \u00ab <em>l&rsquo;Hymne \u00e0 la mati\u00e8re<\/em> \u00bb et, quelques ann\u00e9es apr\u00e8s, \u00ab <em>la Messe sur le monde<\/em> \u00bb du d\u00e9sert de Mandchourie. Dans les deux cas, ce \u00e0 quoi ont \u00e9t\u00e9 sensibles les deux scientifiques, ce n&rsquo;est pas \u00e0 une vague harmonie panth\u00e9iste, inexistante \u00e2me du monde, c&rsquo;est au vrai Dieu personnel et amour. C\u0153ur, amour, feu, ces mots chers aux mystiques pour exprimer l&rsquo;inexprimable, se retrouvent sous leur plume. Mais, comme les authentiques mystiques, cette rencontre de Dieu ne leur fait pas oublier la terre.<\/p>\n<p style=\"text-align: justify;\">\n<p style=\"text-align: justify;\">On a fait justice d&rsquo;un Pascal abandonnant la science pour s&rsquo;enfermer dans le mysticisme, soi-disant refuge d&rsquo;un malade. Jamais Pascal ne cesse de s&rsquo;int\u00e9resser \u00e0 la science et s&rsquo;il consacra ses derni\u00e8res forces \u00e0 sa foi, ce n&rsquo;est pas pour \u00e9crire un texte de spiritualit\u00e9, mais ses r\u00e9flexions de savant chr\u00e9tien qui aime la science et ne veut pas qu&rsquo;elle d\u00e9nature l&rsquo;homme. Le \u00ab c\u0153ur \u00bb de Pascal, c&rsquo;est la dimension compl\u00e8te de l&rsquo;homme qui n&rsquo;exclut nullement la raison : il nous dit bien que c&rsquo;est avec le c\u0153ur que l&rsquo;on saisit la beaut\u00e9 des nombres et des th\u00e9or\u00e8mes. Qu&rsquo;on n&rsquo;aille pas nous opposer le \u00ab pari \u00bb et \u00ab l&rsquo;ab\u00eatissez-vous \u00bb : au rationaliste orgueilleux et born\u00e9, si fier de son savoir dont il ignore les limites, ne convient-il pas de rappeler que parfois le bon sens en sait plus que la raison ? Quoi de plus stup\u00e9fiant de voir un scientifique ath\u00e9e s&rsquo;enthousiasmer pour les propri\u00e9t\u00e9s spirituelles de la mati\u00e8re et refuser logiquement de les rattacher \u00e0 leur origine m\u00e9taphysique!<\/p>\n<p style=\"text-align: justify;\">\n<p style=\"text-align: justify;\">Personne au contraire ne nie que Teilhard soit avant tout scientifique et pourtant, lui aussi, nous r\u00e9v\u00e8le que ce pass\u00e9 dont il est le sp\u00e9cialiste comme pal\u00e9ontologiste ne l&rsquo;int\u00e9resse que parce qu&rsquo;il lui permet de pr\u00e9voir l&rsquo;avenir. Se trouvant avec saint Paul, il nous dit son d\u00e9go\u00fbt pour tout ce grouillement superficiel de la mati\u00e8re, du multiple ce qui pr\u00e9cis\u00e9ment est l&rsquo;objet de la science. Un d\u00e9go\u00fbt limit\u00e9, il est vrai, puisque l&rsquo;\u00e9tude de ce superficiel lui est n\u00e9cessaire comme voie d&rsquo;acc\u00e8s aux r\u00e9alit\u00e9s profondes.<\/p>\n<p style=\"text-align: justify;\">\n<p style=\"text-align: justify;\">Ainsi, nous avons en Pascal et Teilhard deux scientifiques croyants qui, s&rsquo;ils distinguent ce qui est de science et ce qui est de foi, repoussent les conclusions concordistes, se refusent \u00e0 s\u00e9parer leur vie en deux, cette rupture que confessait si malheureusement Pasteur. Pas de fid\u00e9isme, de vague sentimentalit\u00e9 religieuse tombant facilement sous la critique mat\u00e9rialiste. Ils ont rencontr\u00e9 le vrai Dieu et vivent de la foi dogmatique catholique, mais ils ont su voir que la conception scientifique et la conception religieuse s&rsquo;accordaient parfaitement, que la foi \u00e9tait une position plus logique pour un scientifique que l&rsquo;ath\u00e9isme.<\/p>\n<p style=\"text-align: justify;\">\n<p style=\"text-align: justify;\">Pessimiste, le jans\u00e9niste, le malade Pascal : peut-on \u00eatre vraiment pessimiste quand on a trouv\u00e9 la source de la paix ? Mais comment \u00eatre pleinement optimiste devant les souffrances des hommes qui sont le fruit, soit de leur b\u00eatise, soit de leurs p\u00e9ch\u00e9s, comment ne pas souffrir quand on ne peut communiquer le secret d&rsquo;harmonie dont on vit entre science et foi ? J\u00e9sus est mort pour nous et les libertins l&rsquo;ignorent tandis que jans\u00e9nistes et j\u00e9suites se poursuivent dans la haine. Optimiste, Teilhard de Chardin ? Scientifique r\u00e9aliste, il connaissait toutes les dysharmonies du monde, m\u00eame s&rsquo;il les expliquait par son inach\u00e8vement et sa maturation. Il e\u00fbt accept\u00e9 l&rsquo;absurdisme sartrien s&rsquo;il n&rsquo;avait pas eu la certitude de Dieu. Proph\u00e8te de la soci\u00e9t\u00e9 id\u00e9ale, la noosph\u00e8re, qu&rsquo;il proposait \u00e0 notre libre effort, il n&rsquo;en parlait tant que, parce qu&rsquo;il redoutait l&rsquo;\u00e9chec de l&rsquo;homme. Il ne travaillait tant \u00e0 unir science et catholicisme que parce qu&rsquo;il redoutait un suicide d&rsquo;une humanit\u00e9 ath\u00e9e perdant le go\u00fbt de vivre. Et surtout, lui qui avait la vocation d&rsquo;unir ces deux mondes hostiles du mat\u00e9rialisme scientifique et de l&rsquo;\u00c9glise, comment n&rsquo;aurait-il pas atrocement souffert de ne pas y parvenir, de ne pas r\u00e9ussir \u00e0 convaincre de ce dont il vivait. Ses meilleurs amis partageant ses vues sur l&rsquo;avenir terrestre de l&rsquo;homme persistaient dans l&rsquo;ath\u00e9isme et l&rsquo;antidogmatisme, quant \u00e0 l&rsquo;\u00c9glise elle semblait surtout sensible aux dangers de ses perspectives pour la foi traditionnelle. L&rsquo;optimisme de Teilhard, n\u00e9 dans les tranch\u00e9es de Verdun, c&rsquo;est l&rsquo;esp\u00e9rance chr\u00e9tienne qui, devant la croix, est s\u00fbre de la r\u00e9surrection. Le jeune j\u00e9suite sait d\u00e9j\u00e0 que cette \u0153uvre d&rsquo;humanisme scientifique chr\u00e9tien qui lui est ch\u00e8re et qui lui appara\u00eet n\u00e9cessaire au monde et \u00e0 l&rsquo;\u00c9glise, elle ne pourra passer de son vivant que dans la clandestinit\u00e9.<\/p>\n<p style=\"text-align: justify;\">\n<p style=\"text-align: justify;\">Pascal, Teilhard, deux t\u00e9moins du Christ qui ont \u00e9t\u00e9 dans l&rsquo;\u00c9glise deux hardis militants qu&rsquo;on n&rsquo;a pas toujours compris et auxquels la post\u00e9rit\u00e9 rend justice.<\/p>\n<p style=\"text-align: justify;\">\n<p style=\"text-align: justify;\">Ne se retrouvent-ils pas \u00e9galement par leur valeur litt\u00e9raire, si bien qu&rsquo;on peut h\u00e9siter \u00e0 leur donner le qualificatif restrictif de philosophes : Pascal appartient au tr\u00e9sor du classicisme. Teilhard ne vient-il pas d&rsquo;y entrer, lui qu&rsquo;on a qualifi\u00e9, pour son admirable style, de po\u00e8te, ce qui \u00e9tait une aimable mani\u00e8re de nier la valeur intellectuelle de ses \u00e9crits.<\/p>\n<p style=\"text-align: justify;\">\n<p style=\"text-align: justify;\">Et cependant, apr\u00e8s avoir montr\u00e9 qu&rsquo;on oppose trop ces deux chr\u00e9tiens, ne tombons pas dans l&rsquo;erreur inverse de trop les rapprocher. Il existe deux familles de spiritualistes, ceux qui trouvent l&rsquo;esprit dans l&rsquo;immanence \u00e0 la mati\u00e8re et ceux qui croient n\u00e9cessaire de pr\u00e9server la puret\u00e9 de l&rsquo;esprit en le s\u00e9parant. Ici encore il ne faut pas \u00eatre trop sch\u00e9matique. Descartes, qui a s\u00e9par\u00e9 l&rsquo;\u00e2me du corps jusqu&rsquo;\u00e0 lui donner un organe d&rsquo;insertion, la glande pin\u00e9ale et qui est tomb\u00e9 dans l&rsquo;erreur des animaux-machines, a, d&rsquo;autre fois, ralli\u00e9 la plus juste position d&rsquo;une simple distinction du mat\u00e9riel et du spirituel sans localisation de l&rsquo;\u00e2me. Son \u00ab <em>trait\u00e9 des passions<\/em> \u00bb l&rsquo;oblige \u00e0 plus de r\u00e9alisme psychosomatique, position assez incompatible avec la pure spiritualit\u00e9 du \u00ab cogito \u00bb. Inversement saint Thomas d&rsquo;Aquin qui s&rsquo;\u00e9tait ralli\u00e9 au r\u00e9alisme unitaire d&rsquo;Aristote a su donner \u00e0 son \u00e2me incarn\u00e9e dans l&rsquo;unit\u00e9 du compos\u00e9 les vraies dimensions n\u00e9cessit\u00e9es par le spiritualisme.<\/p>\n<p style=\"text-align: justify;\">\n<p style=\"text-align: justify;\">Les scientifiques chr\u00e9tiens se r\u00e9partissent entre ces deux familles. Il n&rsquo;est pas \u00e9tonnant que Pascal, physicien du XVII<sup>e<\/sup> si\u00e8cle, sp\u00e9cialiste d&rsquo;un domaine scientifique \u00e9loign\u00e9 de l&rsquo;esprit soit plus sensible aux s\u00e9parations des divers ordres qu&rsquo;\u00e0 leur unit\u00e9. Il t\u00e9moigne qu&rsquo;il y a en dehors de la science un autre domaine et qu&rsquo;il ne faut pas que la science nous y rende aveugle, nous emp\u00eache d&rsquo;y acc\u00e9der. Rien dans sa physique et sa math\u00e9matique ne lui parle d&rsquo;amour et de J\u00e9sus-Christ, si rien ne s&rsquo;y oppose.<\/p>\n<p style=\"text-align: justify;\">\n<p style=\"text-align: justify;\">Tout au contraire, le biologiste du XX<sup>e<\/sup> si\u00e8cle qui d\u00e9finit l&rsquo;homme comme le fleuron d&rsquo;une \u00e9volution de complexification qui, \u00e9tant mont\u00e9e de cerveau, est par le fait m\u00eame progr\u00e8s de pens\u00e9e, de conscience, de libert\u00e9, de personnalisation ne saurait s\u00e9parer la mati\u00e8re de l&rsquo;esprit. Refusant la position de Descartes, il professe comme saint Thomas d&rsquo;Aquin l&rsquo;unit\u00e9 humaine et l&rsquo;analogie des divers niveaux d&rsquo;organisation de la mati\u00e8re inanim\u00e9e aux animaux et \u00e0 l&rsquo;homme. Connaissant en chr\u00e9tien le Dieu amour et m\u00e9ditant \u00e0 la fois en scientifique et en croyant sur l&rsquo;\u00e9volution, il ne peut ignorer la parfaite unit\u00e9 des points de vue de science et de foi. Il n&rsquo;y a pas deux domaines, celui de la mati\u00e8re et celui de l&rsquo;esprit, il y a deux modes d&rsquo;approche des m\u00eames \u00eatres, l&rsquo;abord de la ph\u00e9nom\u00e9nologie scientifique mat\u00e9rielle qui est connaissance du degr\u00e9 d&rsquo;organisation des \u00eatres et la m\u00e9taphysique.<\/p>\n<p style=\"text-align: justify;\">\n<p style=\"text-align: justify;\">Pour Pascal, l&rsquo;amour n&rsquo;est en rien de l&rsquo;ordre du monde car l&rsquo;esprit de l&rsquo;homme n&rsquo;est pas du monde et \u00ab l&rsquo;immensit\u00e9 des espaces infinis l&rsquo;effraie \u00bb. Pour Teilhard, l&rsquo;homme, personne et amour, \u00e9tant le fleuron de la cr\u00e9ation \u00e9volutive, ceci suffit \u00e0 postuler un Dieu cr\u00e9ateur personnel et amour; tous les \u00eatres ont un degr\u00e9 croissant d&rsquo;organisation de l&rsquo;inanim\u00e9 \u00e0 l&rsquo;homme : l\u00e0 o\u00f9 saint Thomas parlait d&rsquo;information, Teilhard parle d&rsquo;amorisation. C&rsquo;est le m\u00eame secret d&rsquo;amour qui s&rsquo;exprime de mieux en mieux entre les atomes, les cellules et les hommes. L&rsquo;effrayant univers des galaxies est un univers adorable, car il est charg\u00e9 d&rsquo;amour dans son \u00e9volution, \u00e9tant l&rsquo;\u0153uvre de l&rsquo;amour infini, qui est venu un jour s&rsquo;y ins\u00e9rer directement par l&rsquo;Incarnation. Le Christ homme-Dieu devient le dynamique Christ \u00e9voluteur, le Christ universel qui nous attire au Point om\u00e9ga, fin de l&rsquo;histoire. L&rsquo;insertion historique et naturelle du divin sous la dogmatique catholique dans l&rsquo;aspect scientifique de l&rsquo;histoire cosmique est une preuve suppl\u00e9mentaire de la v\u00e9rit\u00e9 plus compl\u00e8te du catholicisme.<\/p>\n<p style=\"text-align: justify;\">\n<p style=\"text-align: justify;\">Ainsi cette apolog\u00e9tique que voulait Pascal, Teilhard, gr\u00e2ce aux progr\u00e8s de la biologie, a pu mieux la r\u00e9aliser. Lui aussi sait que le surnaturel est d&rsquo;un tout autre ordre, mais cet autre ordre, il peut d\u00e9j\u00e0 le montrer immanent \u00e0 l&rsquo;ordre d&rsquo;ici-bas qui est une mont\u00e9e d&rsquo;amour vers et par le Dieu Amour. Au lieu de dire uniquement : il y a autre chose que la science, il peut nous montrer que la science elle-m\u00eame postule logiquement cette autre chose qu&rsquo;elle est techniquement impuissante \u00e0 saisir dans sa totale dimension.<\/p>\n<p style=\"text-align: justify;\">\n<p style=\"text-align: justify;\">La diff\u00e9rence entre Pascal et Teilhard, elle n&rsquo;est, ni uniquement une diff\u00e9rence d&rsquo;\u00e9poque, ni une comp\u00e9tence scientifique diff\u00e9rente, elle est surtout dans cette diff\u00e9rence essentielle de perspective qu&rsquo;a permis la connaissance de l&rsquo;\u00e9volution biologique. Pascal \u00e9tait dans un cosmos fixe o\u00f9 le ph\u00e9nom\u00e8ne humain apparaissait comme \u00e9tranger. Au contraire Teilhard nous pr\u00e9sente la vision moderne d&rsquo;un univers en cosmog\u00e9n\u00e8se culminant au ph\u00e9nom\u00e8ne humain, un troisi\u00e8me p\u00f4le, celui de la complexit\u00e9, \u00e0 c\u00f4t\u00e9 de l&rsquo;infiniment grand et de l&rsquo;infiniment petit. Qu&rsquo;importe l&rsquo;existence \u00e9ventuelle d&rsquo;autres vies, d&rsquo;autres humanit\u00e9s extra terrestres qu&rsquo;il faudra int\u00e9grer \u00e0 la conception, ce qui est important pour nous c&rsquo;est de savoir que le monde a un sens. Tout se transforme non pas au hasard mais d&rsquo;une fa\u00e7on significative, orient\u00e9e, quels qu&rsquo;en soient les m\u00e9canismes et m\u00eame si hasard et s\u00e9lection y jouent un r\u00f4le.<\/p>\n<p style=\"text-align: justify;\">\n<p style=\"text-align: justify;\">La vision pascalienne est une confrontation entre l&rsquo;homme et Dieu o\u00f9 l&rsquo;histoire et le social n&rsquo;ont pas une grande place, o\u00f9 le salut individuel ne concerne pas l&rsquo;avenir du monde, ce cosmos inerte, t\u00e9moin indiff\u00e9rent de notre vie. Au contraire la cosmog\u00e9n\u00e8se teilhardienne fait constater ce changement \u00e9volutif : l&rsquo;univers est remis entre nos mains; nous sommes charg\u00e9s d&rsquo;achever la cr\u00e9ation. Il est donc impossible de s\u00e9parer le salut individuel de la construction de l&rsquo;humanit\u00e9, l&rsquo;\u00e9dification d&rsquo;une cit\u00e9 terrestre, infrastructure de la cit\u00e9 de Dieu. Nous nous sauvons, c&rsquo;est-\u00e0-dire nous nous spiritualisons, en spiritualisant le monde et il d\u00e9pend de notre effort que ce soit notre \u0153uvre qui, glorifi\u00e9e \u00e0 la fin des temps, passe sur un autre plan de l&rsquo;\u00eatre ou au contraire qu&rsquo;ayant \u00e9chou\u00e9 il faille que la glorification soit une destruction apocalyptique o\u00f9 tout sera nouveau. Mis\u00e8re et grandeur de l&rsquo;homme aussi bien pour Pascal que pour Teilhard, mais dans la vision teilhardienne l&rsquo;importance et la responsabilit\u00e9 du \u00ab roseau pensant \u00bb, \u00e9galement m\u00e9connu par le manich\u00e9isme et le p\u00e9lagianisme, appara\u00eet bien plus grande puisqu&rsquo;il ne s&rsquo;agit plus de lui-m\u00eame, mais du monde, ce monde o\u00f9 est venu vivre, souffrir, mourir et ressusciter J\u00e9sus afin de le sauver.<\/p>\n","protected":false},"excerpt":{"rendered":"<p>Ainsi, nous avons en Pascal et Teilhard deux scientifiques croyants qui, s&rsquo;ils distinguent ce qui est de science et ce qui est de foi, repoussent les conclusions concordistes, se refusent \u00e0 s\u00e9parer leur vie en deux, cette rupture que confessait si malheureusement Pasteur. Pas de fid\u00e9isme, de vague sentimentalit\u00e9 religieuse tombant facilement sous la critique mat\u00e9rialiste. Ils ont rencontr\u00e9 le vrai Dieu et vivent de la foi dogmatique catholique, mais ils ont su voir que la conception scientifique et la conception religieuse s&rsquo;accordaient parfaitement, que la foi \u00e9tait une position plus logique pour un scientifique que l&rsquo;ath\u00e9isme.<\/p>\n","protected":false},"author":1,"featured_media":0,"comment_status":"closed","ping_status":"closed","sticky":false,"template":"","format":"standard","meta":{"footnotes":""},"categories":[608],"tags":[749,191],"class_list":["post-4902","post","type-post","status-publish","format-standard","hentry","category-chauchard-paul","tag-pascal","tag-teilhard"],"yoast_head":"<!-- This site is optimized with the Yoast SEO plugin v27.0 - https:\/\/yoast.com\/product\/yoast-seo-wordpress\/ -->\n<title>Pascal et Teilhard par Paul Chauchard - 3e mill\u00e9naire - Spiritualit\u00e9 - Connaissance de soi - Non-dualit\u00e9 - M\u00e9ditation<\/title>\n<meta name=\"robots\" content=\"index, follow, max-snippet:-1, max-image-preview:large, max-video-preview:-1\" \/>\n<link rel=\"canonical\" href=\"https:\/\/www.revue3emillenaire.com\/blog\/pascal-et-teilhard-par-paul-chauchard\/\" \/>\n<meta property=\"og:locale\" content=\"fr_FR\" \/>\n<meta property=\"og:type\" content=\"article\" \/>\n<meta property=\"og:title\" content=\"Pascal et Teilhard par Paul Chauchard - 3e mill\u00e9naire - Spiritualit\u00e9 - Connaissance de soi - Non-dualit\u00e9 - M\u00e9ditation\" \/>\n<meta property=\"og:description\" content=\"Ainsi, nous avons en Pascal et Teilhard deux scientifiques croyants qui, s&#039;ils distinguent ce qui est de science et ce qui est de foi, repoussent les conclusions concordistes, se refusent \u00e0 s\u00e9parer leur vie en deux, cette rupture que confessait si malheureusement Pasteur. Pas de fid\u00e9isme, de vague sentimentalit\u00e9 religieuse tombant facilement sous la critique mat\u00e9rialiste. Ils ont rencontr\u00e9 le vrai Dieu et vivent de la foi dogmatique catholique, mais ils ont su voir que la conception scientifique et la conception religieuse s&#039;accordaient parfaitement, que la foi \u00e9tait une position plus logique pour un scientifique que l&#039;ath\u00e9isme.\" \/>\n<meta property=\"og:url\" content=\"https:\/\/www.revue3emillenaire.com\/blog\/pascal-et-teilhard-par-paul-chauchard\/\" \/>\n<meta property=\"og:site_name\" content=\"3e mill\u00e9naire - Spiritualit\u00e9 - Connaissance de soi - Non-dualit\u00e9 - M\u00e9ditation\" \/>\n<meta property=\"article:published_time\" content=\"2010-10-04T20:05:49+00:00\" \/>\n<meta name=\"author\" content=\"3e mill\u00e9naire\" \/>\n<meta name=\"twitter:card\" content=\"summary_large_image\" \/>\n<meta name=\"twitter:label1\" content=\"\u00c9crit par\" \/>\n\t<meta name=\"twitter:data1\" content=\"3e mill\u00e9naire\" \/>\n\t<meta name=\"twitter:label2\" content=\"Dur\u00e9e de lecture estim\u00e9e\" \/>\n\t<meta name=\"twitter:data2\" content=\"12 minutes\" \/>\n<script type=\"application\/ld+json\" class=\"yoast-schema-graph\">{\"@context\":\"https:\/\/schema.org\",\"@graph\":[{\"@type\":\"Article\",\"@id\":\"https:\/\/www.revue3emillenaire.com\/blog\/pascal-et-teilhard-par-paul-chauchard\/#article\",\"isPartOf\":{\"@id\":\"https:\/\/www.revue3emillenaire.com\/blog\/pascal-et-teilhard-par-paul-chauchard\/\"},\"author\":{\"name\":\"3e mill\u00e9naire\",\"@id\":\"https:\/\/www.revue3emillenaire.com\/blog\/#\/schema\/person\/9a3a7cc4ccaa707f402d4394327106d5\"},\"headline\":\"Pascal et Teilhard par Paul Chauchard\",\"datePublished\":\"2010-10-04T20:05:49+00:00\",\"mainEntityOfPage\":{\"@id\":\"https:\/\/www.revue3emillenaire.com\/blog\/pascal-et-teilhard-par-paul-chauchard\/\"},\"wordCount\":2361,\"keywords\":[\"Pascal\",\"Teilhard\"],\"articleSection\":[\"Chauchard Paul\"],\"inLanguage\":\"fr-FR\"},{\"@type\":\"WebPage\",\"@id\":\"https:\/\/www.revue3emillenaire.com\/blog\/pascal-et-teilhard-par-paul-chauchard\/\",\"url\":\"https:\/\/www.revue3emillenaire.com\/blog\/pascal-et-teilhard-par-paul-chauchard\/\",\"name\":\"Pascal et Teilhard par Paul Chauchard - 3e mill\u00e9naire - Spiritualit\u00e9 - Connaissance de soi - Non-dualit\u00e9 - M\u00e9ditation\",\"isPartOf\":{\"@id\":\"https:\/\/www.revue3emillenaire.com\/blog\/#website\"},\"datePublished\":\"2010-10-04T20:05:49+00:00\",\"author\":{\"@id\":\"https:\/\/www.revue3emillenaire.com\/blog\/#\/schema\/person\/9a3a7cc4ccaa707f402d4394327106d5\"},\"breadcrumb\":{\"@id\":\"https:\/\/www.revue3emillenaire.com\/blog\/pascal-et-teilhard-par-paul-chauchard\/#breadcrumb\"},\"inLanguage\":\"fr-FR\",\"potentialAction\":[{\"@type\":\"ReadAction\",\"target\":[\"https:\/\/www.revue3emillenaire.com\/blog\/pascal-et-teilhard-par-paul-chauchard\/\"]}]},{\"@type\":\"BreadcrumbList\",\"@id\":\"https:\/\/www.revue3emillenaire.com\/blog\/pascal-et-teilhard-par-paul-chauchard\/#breadcrumb\",\"itemListElement\":[{\"@type\":\"ListItem\",\"position\":1,\"name\":\"Accueil\",\"item\":\"https:\/\/www.revue3emillenaire.com\/blog\/\"},{\"@type\":\"ListItem\",\"position\":2,\"name\":\"Pascal et Teilhard par Paul Chauchard\"}]},{\"@type\":\"WebSite\",\"@id\":\"https:\/\/www.revue3emillenaire.com\/blog\/#website\",\"url\":\"https:\/\/www.revue3emillenaire.com\/blog\/\",\"name\":\"3e mill\u00e9naire - Spiritualit\u00e9 - Connaissance de soi - Non-dualit\u00e9 - M\u00e9ditation\",\"description\":\"L&#039;Homme en devenir\",\"potentialAction\":[{\"@type\":\"SearchAction\",\"target\":{\"@type\":\"EntryPoint\",\"urlTemplate\":\"https:\/\/www.revue3emillenaire.com\/blog\/?s={search_term_string}\"},\"query-input\":{\"@type\":\"PropertyValueSpecification\",\"valueRequired\":true,\"valueName\":\"search_term_string\"}}],\"inLanguage\":\"fr-FR\"},{\"@type\":\"Person\",\"@id\":\"https:\/\/www.revue3emillenaire.com\/blog\/#\/schema\/person\/9a3a7cc4ccaa707f402d4394327106d5\",\"name\":\"3e mill\u00e9naire\",\"url\":\"https:\/\/www.revue3emillenaire.com\/blog\/author\/admin\/\"}]}<\/script>\n<!-- \/ Yoast SEO plugin. -->","yoast_head_json":{"title":"Pascal et Teilhard par Paul Chauchard - 3e mill\u00e9naire - Spiritualit\u00e9 - Connaissance de soi - Non-dualit\u00e9 - M\u00e9ditation","robots":{"index":"index","follow":"follow","max-snippet":"max-snippet:-1","max-image-preview":"max-image-preview:large","max-video-preview":"max-video-preview:-1"},"canonical":"https:\/\/www.revue3emillenaire.com\/blog\/pascal-et-teilhard-par-paul-chauchard\/","og_locale":"fr_FR","og_type":"article","og_title":"Pascal et Teilhard par Paul Chauchard - 3e mill\u00e9naire - Spiritualit\u00e9 - Connaissance de soi - Non-dualit\u00e9 - M\u00e9ditation","og_description":"Ainsi, nous avons en Pascal et Teilhard deux scientifiques croyants qui, s'ils distinguent ce qui est de science et ce qui est de foi, repoussent les conclusions concordistes, se refusent \u00e0 s\u00e9parer leur vie en deux, cette rupture que confessait si malheureusement Pasteur. Pas de fid\u00e9isme, de vague sentimentalit\u00e9 religieuse tombant facilement sous la critique mat\u00e9rialiste. Ils ont rencontr\u00e9 le vrai Dieu et vivent de la foi dogmatique catholique, mais ils ont su voir que la conception scientifique et la conception religieuse s'accordaient parfaitement, que la foi \u00e9tait une position plus logique pour un scientifique que l'ath\u00e9isme.","og_url":"https:\/\/www.revue3emillenaire.com\/blog\/pascal-et-teilhard-par-paul-chauchard\/","og_site_name":"3e mill\u00e9naire - Spiritualit\u00e9 - Connaissance de soi - Non-dualit\u00e9 - M\u00e9ditation","article_published_time":"2010-10-04T20:05:49+00:00","author":"3e mill\u00e9naire","twitter_card":"summary_large_image","twitter_misc":{"\u00c9crit par":"3e mill\u00e9naire","Dur\u00e9e de lecture estim\u00e9e":"12 minutes"},"schema":{"@context":"https:\/\/schema.org","@graph":[{"@type":"Article","@id":"https:\/\/www.revue3emillenaire.com\/blog\/pascal-et-teilhard-par-paul-chauchard\/#article","isPartOf":{"@id":"https:\/\/www.revue3emillenaire.com\/blog\/pascal-et-teilhard-par-paul-chauchard\/"},"author":{"name":"3e mill\u00e9naire","@id":"https:\/\/www.revue3emillenaire.com\/blog\/#\/schema\/person\/9a3a7cc4ccaa707f402d4394327106d5"},"headline":"Pascal et Teilhard par Paul Chauchard","datePublished":"2010-10-04T20:05:49+00:00","mainEntityOfPage":{"@id":"https:\/\/www.revue3emillenaire.com\/blog\/pascal-et-teilhard-par-paul-chauchard\/"},"wordCount":2361,"keywords":["Pascal","Teilhard"],"articleSection":["Chauchard Paul"],"inLanguage":"fr-FR"},{"@type":"WebPage","@id":"https:\/\/www.revue3emillenaire.com\/blog\/pascal-et-teilhard-par-paul-chauchard\/","url":"https:\/\/www.revue3emillenaire.com\/blog\/pascal-et-teilhard-par-paul-chauchard\/","name":"Pascal et Teilhard par Paul Chauchard - 3e mill\u00e9naire - Spiritualit\u00e9 - Connaissance de soi - Non-dualit\u00e9 - M\u00e9ditation","isPartOf":{"@id":"https:\/\/www.revue3emillenaire.com\/blog\/#website"},"datePublished":"2010-10-04T20:05:49+00:00","author":{"@id":"https:\/\/www.revue3emillenaire.com\/blog\/#\/schema\/person\/9a3a7cc4ccaa707f402d4394327106d5"},"breadcrumb":{"@id":"https:\/\/www.revue3emillenaire.com\/blog\/pascal-et-teilhard-par-paul-chauchard\/#breadcrumb"},"inLanguage":"fr-FR","potentialAction":[{"@type":"ReadAction","target":["https:\/\/www.revue3emillenaire.com\/blog\/pascal-et-teilhard-par-paul-chauchard\/"]}]},{"@type":"BreadcrumbList","@id":"https:\/\/www.revue3emillenaire.com\/blog\/pascal-et-teilhard-par-paul-chauchard\/#breadcrumb","itemListElement":[{"@type":"ListItem","position":1,"name":"Accueil","item":"https:\/\/www.revue3emillenaire.com\/blog\/"},{"@type":"ListItem","position":2,"name":"Pascal et Teilhard par Paul Chauchard"}]},{"@type":"WebSite","@id":"https:\/\/www.revue3emillenaire.com\/blog\/#website","url":"https:\/\/www.revue3emillenaire.com\/blog\/","name":"3e mill\u00e9naire - Spiritualit\u00e9 - Connaissance de soi - Non-dualit\u00e9 - M\u00e9ditation","description":"L&#039;Homme en devenir","potentialAction":[{"@type":"SearchAction","target":{"@type":"EntryPoint","urlTemplate":"https:\/\/www.revue3emillenaire.com\/blog\/?s={search_term_string}"},"query-input":{"@type":"PropertyValueSpecification","valueRequired":true,"valueName":"search_term_string"}}],"inLanguage":"fr-FR"},{"@type":"Person","@id":"https:\/\/www.revue3emillenaire.com\/blog\/#\/schema\/person\/9a3a7cc4ccaa707f402d4394327106d5","name":"3e mill\u00e9naire","url":"https:\/\/www.revue3emillenaire.com\/blog\/author\/admin\/"}]}},"_links":{"self":[{"href":"https:\/\/www.revue3emillenaire.com\/blog\/wp-json\/wp\/v2\/posts\/4902","targetHints":{"allow":["GET"]}}],"collection":[{"href":"https:\/\/www.revue3emillenaire.com\/blog\/wp-json\/wp\/v2\/posts"}],"about":[{"href":"https:\/\/www.revue3emillenaire.com\/blog\/wp-json\/wp\/v2\/types\/post"}],"author":[{"embeddable":true,"href":"https:\/\/www.revue3emillenaire.com\/blog\/wp-json\/wp\/v2\/users\/1"}],"replies":[{"embeddable":true,"href":"https:\/\/www.revue3emillenaire.com\/blog\/wp-json\/wp\/v2\/comments?post=4902"}],"version-history":[{"count":0,"href":"https:\/\/www.revue3emillenaire.com\/blog\/wp-json\/wp\/v2\/posts\/4902\/revisions"}],"wp:attachment":[{"href":"https:\/\/www.revue3emillenaire.com\/blog\/wp-json\/wp\/v2\/media?parent=4902"}],"wp:term":[{"taxonomy":"category","embeddable":true,"href":"https:\/\/www.revue3emillenaire.com\/blog\/wp-json\/wp\/v2\/categories?post=4902"},{"taxonomy":"post_tag","embeddable":true,"href":"https:\/\/www.revue3emillenaire.com\/blog\/wp-json\/wp\/v2\/tags?post=4902"}],"curies":[{"name":"wp","href":"https:\/\/api.w.org\/{rel}","templated":true}]}}