{"id":5013,"date":"2010-09-30T16:35:29","date_gmt":"2010-09-30T15:35:29","guid":{"rendered":"http:\/\/pro.ovh.net\/~emillena\/blog\/?p=5013"},"modified":"2010-10-26T19:29:49","modified_gmt":"2010-10-26T18:29:49","slug":"lexperience-de-la-nuit-dans-une-spiritualite-en-metamorphose-par-simon-pierre-arnold","status":"publish","type":"post","link":"https:\/\/www.revue3emillenaire.com\/blog\/lexperience-de-la-nuit-dans-une-spiritualite-en-metamorphose-par-simon-pierre-arnold\/","title":{"rendered":"L&rsquo;Exp\u00e9rience de la Nuit dans une Spiritualit\u00e9 en M\u00e9tamorphose par Simon-pierre Arnold"},"content":{"rendered":"<p style=\"text-align: justify;\">(Revue Teilhard de Chardin. No 58-59. Mars-Juin 1974)<\/p>\n<p style=\"text-align: justify;\"><em>Expos\u00e9 fait au 13<sup>e<\/sup> Symposium <\/em>Teilhard de Chardin<em> de Bruges.<\/em><\/p>\n<p style=\"text-align: justify;\"><strong>1. INTRODUCTION<\/strong>.<\/p>\n<p style=\"text-align: justify;\"><strong>A. Deux orientations contradictoires de la spiritualit\u00e9 contemporaine.<\/strong><\/p>\n<p style=\"text-align: justify;\">La spiritualit\u00e9 d&rsquo;une \u00e9poque, c&rsquo;est un peu le reflet, le visage, les lignes de force de la soci\u00e9t\u00e9 o\u00f9 elle se vit : conflits, valeurs, expressions, normes ; une \u00e9poque qui s&rsquo;exprime, concr\u00e9tise sa vision de Dieu et son esp\u00e9rance dans un langage et par des voies qui lui sont propres. Mais au del\u00e0 du reflet, elle est aussi l&rsquo;aspiration contradictoire, c&rsquo;est-\u00e0-dire la grande tension nostalgique en pri\u00e8re vers ce qui, effectivement, manque le plus cruellement date la soci\u00e9t\u00e9 en question.<\/p>\n<p style=\"text-align: justify;\">A regarder notre \u00e9poque, la spiritualit\u00e9 qui en r\u00e9sulte ne peut \u00eatre qu&rsquo;agit\u00e9e, conflictuelle, \u00ab en crise \u00bb selon l&rsquo;expression consacr\u00e9e. Il y a en effet un \u00e9l\u00e9ment nouveau dans la situation des chr\u00e9tiens d&rsquo;aujourd&rsquo;hui : la spiritualit\u00e9 n&rsquo;est plus une r\u00e9alit\u00e9 naturelle. Elle est au contraire de plus en plus un mouvement marginal, essentiellement contestataire et contest\u00e9.<\/p>\n<p style=\"text-align: justify;\">Nous vivons dans une soci\u00e9t\u00e9 o\u00f9 le spirituel est tol\u00e9r\u00e9, mais o\u00f9 il ne fait plus partie de l&rsquo;ensemble du panorama social, alors que ce fut le cas jusqu&rsquo;ici \u00e0 peu pr\u00e8s dans toutes les soci\u00e9t\u00e9s qui nous ont pr\u00e9c\u00e9d\u00e9es. D\u00e8s lors qui s&rsquo;\u00e9tonnera de voir naitre une spiritualit\u00e9 \u00e0 deux voies diam\u00e9tralement contradictoires, n&rsquo;ayant en commun que l&rsquo;\u00e9l\u00e9ment de \u00abmise en question\u00bb encore que celle-ci se vive sur des terrains tr\u00e8s distincts.<\/p>\n<p style=\"text-align: justify;\"><strong>1\/ La th\u00e9ologie critique et les sciences humaines.<\/strong><\/p>\n<p style=\"text-align: justify;\">La premi\u00e8re grande direction de cette spiritualit\u00e9 semble essentiellement pratiquer la \u00abmise en question\u00bb introvertie, c&rsquo;est-\u00e0-dire l&rsquo;autocritique personnelle par les moyens scientifiques mis \u00e0 notre disposition par notre \u00e9poque : th\u00e9ologie critique relisant sa foi \u00e0 la lumi\u00e8re de la psychologie et de la sociologie, relisant la Bible au miroir de la critique historique et d&rsquo;une analyse linguistique structurale, interrogeant son expression religieuse au moyen des communications de masse, confrontant son engagement avec l&rsquo;engagement politique etc. Il s&rsquo;agit en fait d&rsquo;une grande entreprise de purification, de \u00abd\u00e9mythologisation\u00bb. Retrouver la quintessence du visage \u00e9vang\u00e9lique d\u00e9barrass\u00e9 du fatras magico-mythique accumul\u00e9 par l&rsquo;histoire. Rejoindre l&rsquo;essence de la m\u00e9ditation chr\u00e9tienne au-del\u00e0 d&rsquo;une relation de d\u00e9pendance religieuse. Cette entreprise, louable en soi, semble cependant accorder une confiance d\u00e9mesur\u00e9e aux sciences humaines encore balbutiantes.<\/p>\n<p style=\"text-align: justify;\">La th\u00e9ologie risque d\u00e8s lors de devenir une branche sp\u00e9cialis\u00e9e de ces sciences humaines consacr\u00e9e \u00e0 l&rsquo;analyse des ph\u00e9nom\u00e8nes religieux. Autre risque : la politisation de l&rsquo;\u00e9vangile. Une telle perspective en effet peut aboutir \u00e0 faire du message une arme id\u00e9ologique en perdant de vue son r\u00f4le de conversion par la vie int\u00e9rieure.<\/p>\n<p style=\"text-align: justify;\"><strong>2\/ Le \u00abn\u00e9o-pi\u00e9tisme\u00bb style Taiz\u00e9.<\/strong><\/p>\n<p style=\"text-align: justify;\">A l&rsquo;oppos\u00e9 de ce premier mouvement de th\u00e9ologie critique, on assiste \u00e0 toute une efflorescence pi\u00e9tiste, contestataire elle aussi, mais de mani\u00e8re extravertie cette fois. On rejette ce monde trop exclusivement mat\u00e9rialiste et \u00e9go\u00efste. Cette option peut aller d&rsquo;un pi\u00e9tisme relativement mod\u00e9r\u00e9 comme le mouvement des jeunes \u00e0 Taiz\u00e9 jusqu&rsquo;aux sectes mystiques des U.S.A. De quoi s&rsquo;agit-il ? Grands rassemblements de jeunes soulev\u00e9s par une m\u00eame esp\u00e9rance, une m\u00eame communion. Langage lyrique de la pri\u00e8re ; grands mouvements pentec\u00f4tistes. Sans doute ce genre d&rsquo;\u00e9v\u00e8nements dans notre soci\u00e9t\u00e9 est-il significatif et porteur d&rsquo;esp\u00e9rance : enfin de la spontan\u00e9it\u00e9, de la recherche sinc\u00e8re, de la foi \u00e0 l&rsquo;\u00e9tat pur ! Mais n&rsquo;y a-t-il rien d&rsquo;ambigu dans cette spiritualit\u00e9 \u00e0 fleur de peau, subjective \u00e0 souhait, cette grande chaleur humaine, ce happening chr\u00e9tien ? La recherche spirituelle est aussi bas\u00e9e sur une lucidit\u00e9, une autocritique, une conversion de ses propres phantasmes.<\/p>\n<p style=\"text-align: justify;\"><strong>B. D\u00e9sarroi de l&rsquo;homme en pri\u00e8re face \u00e0 ces deux perspectives.<\/strong><\/p>\n<p style=\"text-align: justify;\">L&rsquo;alternative laisse l&rsquo;homme en pri\u00e8re dans un malaise certain. En effet, la pri\u00e8re \u00e9tant \u00e9l\u00e9ment int\u00e9gr\u00e9 dans la vie du croyant, celui-ci cherche \u00e0 lui trouver une expression naturelle dans son milieu de vie.<\/p>\n<p style=\"text-align: justify;\">Une pri\u00e8re en harmonie avec son travail, sa r\u00e9flexion intellectuelle, ses amiti\u00e9s, ses esp\u00e9rances.<\/p>\n<p style=\"text-align: justify;\">Ni l&rsquo;une ni l&rsquo;autre des deux voies propos\u00e9es ne peut le satisfaire. La premi\u00e8re est trop dess\u00e9chante et m\u00e8ne \u00e0 l&rsquo;an\u00e9mie spirituelle. La seconde est trop sentimentale et ne rejoint pas son souci d&rsquo;\u00e9quilibre dans la pri\u00e8re. Ce dilemme le pose d&#8217;embl\u00e9e en isol\u00e9 dans cette soci\u00e9t\u00e9 o\u00f9 il doit, quasiment seul, red\u00e9couvrir les voies de la vraie pri\u00e8re, p\u00e9n\u00e9trer la r\u00e9alit\u00e9 d&rsquo;une vie int\u00e9rieure pour laquelle il cherche vainement des initiateurs.<\/p>\n<p style=\"text-align: justify;\"><strong>C. Actualit\u00e9 de la \u00abNuit Obscure\u00bb de St. Jean de la Croix.<\/strong><\/p>\n<p style=\"text-align: justify;\">Le croyant d&rsquo;aujourd&rsquo;hui, quand il se met en pri\u00e8re, rejoint inconsciemment la r\u00e9alit\u00e9 puissante que St. Jean de la Croix appelle la \u00abNuit Obscure\u00bb.<\/p>\n<p style=\"text-align: justify;\"><strong>1\/actualit\u00e9 historique.<\/strong><\/p>\n<p style=\"text-align: justify;\">L&rsquo;\u00e9poque o\u00f9 nous vivons ressemble \u00e9trangement \u00e0 celle o\u00f9 St. Jean \u00e9crivait. Ne vivons-nous pas \u00e9galement une renaissance dans laquelle les valeurs de l&rsquo;homme incarn\u00e9 ici et maintenant sont glorifi\u00e9es au d\u00e9triment peut-\u00eatre de la dimension transcendante contenue dans toute vie humaine?<\/p>\n<p style=\"text-align: justify;\"><strong>2\/actualit\u00e9 spirituelle.<\/strong><\/p>\n<p style=\"text-align: justify;\">Au plan spirituel, le chr\u00e9tien est accul\u00e9 \u00e0 l&rsquo;exp\u00e9rience de la nuit s&rsquo;il refuse l&rsquo;une et l&rsquo;autre voie que lui propose la spiritualit\u00e9 contemporaine. C&rsquo;est un seul \u00e0 seul avec Dieu et avec lui-m\u00eame, un combat sans langage et sans rep\u00e8res.<\/p>\n<p style=\"text-align: justify;\"><strong>II. Quelques Notions de St. Jean de la Croix.<\/strong><\/p>\n<p style=\"text-align: justify;\">Donnons rapidement les \u00e9l\u00e9ments fondamentaux de la mystique de St. Jean au sujet de la nuit. Cela permettra de mieux comprendre la suite de notre r\u00e9flexion et de mieux nous situer dans la r\u00e9alit\u00e9 de \u00abNuit Obscure\u00bb qui est n\u00f4tre.<\/p>\n<p style=\"text-align: justify;\"><strong>A. Contemplation.<\/strong><\/p>\n<p style=\"text-align: justify;\"><strong>1\/active<\/strong> : St. Jean voit deux types de contemplation. La premi\u00e8re ou active est une aptitude psychologique de tout croyant, aptitude \u00e0 la m\u00e9ditation, \u00e0 la r\u00e9flexion spirituelle ; elle implique une volont\u00e9, un effort, une asc\u00e8se, une \u00e9cole spirituelle.<\/p>\n<p style=\"text-align: justify;\"><strong>2\/ infuse<\/strong> : la deuxi\u00e8me \u00e9tape est la contemplation infuse : Dieu prend en charge lui-m\u00eame le cheminement de certains croyants et les m\u00e8ne \u00e0 travers son propre myst\u00e8re. Cette contemplation dite infuse est un don spirituel et ne rel\u00e8ve plus d&rsquo;une capacit\u00e9 psychologique de la personne.<\/p>\n<p style=\"text-align: justify;\"><strong>B. Notion de \u00abseuil\u00bb et de \u00abs\u00e9cheresse\u00bb.<\/strong><\/p>\n<p style=\"text-align: justify;\">Nous appellerons \u00abseuil\u00bb le passage de la contemplation active \u00e0 la contemplation infuse. Elle implique une p\u00e9riode de d\u00e9sarroi pendant laquelle le priant ne sait plus o\u00f9 il est. C&rsquo;est alors qu&rsquo;intervient la s\u00e9cheresse spirituelle, le silence, l&rsquo;ab\u00eeme de Dieu. Il n&rsquo;y a plus de satisfaction spirituelle dans la pri\u00e8re.<\/p>\n<p style=\"text-align: justify;\"><strong>C. L&rsquo;\u00e9tat passif.<\/strong><\/p>\n<p style=\"text-align: justify;\">Cons\u00e9quence du passage de la contemplation active \u00e0 la contemplation infuse, la passivit\u00e9 pour St. Jean, est un \u00e9tat de non-initiative dans lequel se trouve le priant ; il vit dans une fid\u00e9lit\u00e9 obscure apparemment sans progr\u00e8s.<\/p>\n<p style=\"text-align: justify;\">Cette passivit\u00e9 se caract\u00e9rise par l&rsquo;exp\u00e9rience de la nuit spirituelle.<\/p>\n<p style=\"text-align: justify;\"><strong>1\/la nuit des sens<\/strong><\/p>\n<p style=\"text-align: justify;\">Le croyant n&rsquo;a plus de rep\u00e8re sensoriel comme c&rsquo;\u00e9tait le cas dans la contemplation active. Il n&rsquo;a plus le secours de la beaut\u00e9, de la parole. Il est d\u00e9muni de toute sensibilisation.<\/p>\n<p style=\"text-align: justify;\"><strong>2\/ la nuit de l&rsquo;esprit.<\/strong><\/p>\n<p style=\"text-align: justify;\">La nuit de l&rsquo;esprit, quant \u00e0 elle, d\u00e9pouille le priant de tout rep\u00e8re intellectuel. La pens\u00e9e, la raison ne sont plus d&rsquo;aucun secours pour soutenir la pri\u00e8re.<\/p>\n<p style=\"text-align: justify;\">Ces deux expressions de la \u00abNuit Obscure\u00bb cr\u00e9ent l&rsquo;Unit\u00e9 Transformante, dit St. Jean, c&rsquo;est-\u00e0-dire que l&rsquo;\u00eatre int\u00e9rieur acquiert son unit\u00e9 propre et devient libre entre les mains de Dieu \u00e0 travers le d\u00e9dale des nuits (plateau de la nuit).<\/p>\n<p style=\"text-align: justify;\">Signalons encore les notions de \u00abrien\u00bb, \u00abnada\u00bb, et de \u00absilence divin\u00bb, qui se rapportent au d\u00e9pouillement absolu, pr\u00e9misse de la contemplation infuse.<\/p>\n<p style=\"text-align: justify;\"><strong>III. La Pri\u00e8re et la Nuit dans la Foi d&rsquo;Aujourd&rsquo;hui.<\/strong><\/p>\n<p style=\"text-align: justify;\"><strong>A. La \u00abNuit des Sens\u00bb et le n\u00e9o-pi\u00e9tisme\u00bb.<\/strong><\/p>\n<p style=\"text-align: justify;\">En r\u00e9ponse au lyrisme \u00e9chevel\u00e9, au sensibilisme \u00e0 fleur de peau qui caract\u00e9risent l&rsquo;adolescence de la pri\u00e8re et qui ne sont qu&rsquo;une forme de contemplation active, l&rsquo;adulte dans la foi a besoin d&rsquo;une expression plus sobre, plus int\u00e9rieure. Il a fait l&rsquo;exp\u00e9rience de la vanit\u00e9 des mots et cherche \u00e0 r\u00e9introduire toute sa sensibilit\u00e9 profonde dans un dire contemplatif plus fort. Il se trouve alors n\u00e9cessairement confront\u00e9 \u00e0 la nuit des sens o\u00f9 la pri\u00e8re n&rsquo;est plus lyrisme mais aridit\u00e9, silence, \u00abrien\u00bb. Seule cette nuit des sens peut r\u00e9ellement conduire \u00e0 la purification et \u00e0 la libert\u00e9 int\u00e9rieure.<\/p>\n<p style=\"text-align: justify;\"><strong>B. La \u00abNuit de l&rsquo;Esprit\u00bb et la th\u00e9ologie critique.<\/strong><\/p>\n<p style=\"text-align: justify;\">D&rsquo;autre part, l&rsquo;homme de l&rsquo;\u00e9vangile ne peut pas se contenter d&rsquo;un discours intellectuel sur la foi. Il a mesur\u00e9 la vanit\u00e9 des sciences humaines quand il s&rsquo;agit d&rsquo;expliquer l&rsquo;homme en sa racine. Il a d\u00e9pass\u00e9 le stade o\u00f9 l&rsquo;on prend la sociologie, la psychologie et toutes les autres sciences humaines pour des absolus. Il s&rsquo;en sert comme d&rsquo;instruments au service de la vie. Il a horreur de mettre la vie au service de la science. Dans cette perspective, sa pri\u00e8re va devoir rejeter en partie le discours critique et marcher dans une nouvelle nuit qui est celle de l&rsquo;esprit. Il sera devant Dieu sans savoir et sans comprendre. Non pas la foi du charbonnier mais la douloureuse pauvret\u00e9 du silence de Dieu ; petit et sans arme devant une r\u00e9alit\u00e9 qui le d\u00e9passe. Nuit de l&rsquo;esprit : voie de l&rsquo;humilit\u00e9, de la disponibilit\u00e9 dans la pri\u00e8re.<\/p>\n<p style=\"text-align: justify;\"><strong>C. Contemplation active dans un monde qui n&rsquo;a plus de mot.<\/strong><\/p>\n<p style=\"text-align: justify;\">Mais cette nuit ne peut \u00eatre une d\u00e9mission, une insensibilit\u00e9 \u00e0 la r\u00e9alit\u00e9 humaine. Au contraire, le contemplatif de la nuit est celui qui trouve la racine de sa pri\u00e8re dans l&rsquo;homme qu&rsquo;il c\u00f4toie et donc il partage espoirs et douleurs. C&rsquo;est pr\u00e9cis\u00e9ment parce qu&rsquo;il est enracin\u00e9 dans l&rsquo;homme que le croyant vit sa pri\u00e8re dans la nuit obscure. Cette pri\u00e8re d\u00e9pouill\u00e9e le renvoie \u00e0 l&rsquo;homme, Pri\u00e8re du silence, de l&rsquo;absence, de l&rsquo;attente, elle devient un chemin, une \u00e9cole, une lib\u00e9ration pour un monde qui n&rsquo;a plus de langage. A force de chercher des mots pour se dire lui-m\u00eame, un langage pour \u00e9lucider le myst\u00e8re qui est le sien, l&rsquo;homme se sent de plus en plus d\u00e9pass\u00e9, de plus en plus incapable de l&rsquo;exprimer et de s&rsquo;exprimer. Participant \u00e0 cette r\u00e9alit\u00e9, le priant est celui qui, cherche plus \u00e0 \u00e9couter qu&rsquo;\u00e0 dire, \u00e0 regarder qu&rsquo;\u00e0 se faire voir. Le contemplatif m\u00eal\u00e9 \u00e0 la p\u00e2te est toujours en qu\u00eate de l&rsquo;au-del\u00e0 du visible. Il sait a que derri\u00e8re l&rsquo;apparence se cache la profondeur r\u00e9elle de l&rsquo;homme et de la vie. Il recherche la source. La fid\u00e9lit\u00e9 \u00e0 la pri\u00e8re de la nuit obscure le rend familier de la nuit humaine o\u00f9 se cache la r\u00e9alit\u00e9 ; sa proximit\u00e9 avec le silence de Dieu, le \u00abrien\u00bb o\u00f9 se r\u00e9fugie l&rsquo;infini, lui permet d&rsquo;aborder l&rsquo;absurde de la vie de l&rsquo;homme avec esp\u00e9rance. Cette \u00e9cole de la nuit spirituelle fait de lui un actif capable d&rsquo;apprendre \u00e0 l&rsquo;homme qu&rsquo;il c\u00f4toie la signification du silence, le code sans mot qui est celui des profondeurs. Il est un guide des profondeurs de l&rsquo;\u00e2me humaine. Il ne donne pas de r\u00e9ponse mais propose une voie, celle de la nuit obscure, de l&rsquo;unit\u00e9 transformante, cette nudit\u00e9, cette passivit\u00e9 int\u00e9rieure l&rsquo;unifiant et le pacifiant pour la rencontre d&rsquo;autrui.<\/p>\n<p style=\"text-align: justify;\"><strong>W. Conclusions.<\/strong><\/p>\n<p style=\"text-align: justify;\"><strong>A. L&rsquo;\u00c9vangile et la nuit obscure.<\/strong><\/p>\n<p style=\"text-align: justify;\">Cela dit, il faut se demander si cette nuit est bien \u00e9vang\u00e9lique o\u00f9 si au contraire elle est une de ces innombrables voies mystiques universelles sans rapport avec la vie de J\u00e9sus. Il suffit de relire le dernier \u00e9vangile pour saisir l&rsquo;intensit\u00e9 symbolique et spirituelle de la nuit. Mais le texte fondamental \u00e0 cet \u00e9gard reste les B\u00e9atitudes. Voila, l&rsquo;expression la plus simple, la plus concr\u00e8te la plus \u00e9vidente de ce qu&rsquo;est la nuit obscure pour l&rsquo;homme \u00e9vang\u00e9lique : non pas une asc\u00e8se artificielle, mais un renversement total des valeurs qui permet de voir l&rsquo;autre c\u00f4t\u00e9 du miroir. Je pense que jamais sans doute nous n&rsquo;avons \u00e9t\u00e9 aussi proches de ces B\u00e9atitudes. \u00c9poque de contradictions o\u00f9 l&rsquo;\u00c9glise et la foi n&rsquo;ont plus de prestige, o\u00f9 tout semble s&rsquo;\u00e9crouler de ce qui faisait nos anciennes solidit\u00e9s. Celui qui continue de croire aujourd&rsquo;hui est accul\u00e9 aux B\u00e9atitudes. Heureux les pauvres, les humbles, les doux, les pers\u00e9cut\u00e9s, peut-on donner voie plus concr\u00e8te pour vivre cette nuit obscure comme une conversion de l&rsquo;\u00eatre chr\u00e9tien global et total ?<\/p>\n<p style=\"text-align: justify;\"><strong>B. L&rsquo;homme de Dieu dans la cit\u00e9 indiff\u00e9rente.<\/strong><\/p>\n<p style=\"text-align: justify;\">La chr\u00e9tien n&rsquo;est pas ou n&rsquo;est plus l&rsquo;homme d\u2019une doctrine; d&rsquo;une id\u00e9ologie, d&rsquo;une morale ni m\u00eame d&rsquo;une \u00c9glise. Cette voie de la contemplation continue dans la nuit doit faire de lui un homme de Dieu. Qu&rsquo;est-ce dire ? non pas un homme de code mais un visage de Dieu parmi les hommes, le battement du c\u0153ur de Dieu, l&rsquo;accueil de Dieu, la paix de Dieu et aussi la r\u00e9volte de Dieu (cfr. PS 21). Cet homme de Dieu aura de plus en plus \u00e0 vivre dans un monde sans Dieu, sans \u00c9glise, isol\u00e9, seul. Il sera d\u00e8s lors cette pr\u00e9sence myst\u00e9rieuse d&rsquo;autre chose parmi ses fr\u00e8res; s&rsquo;il se garde de toute \u00e9tranget\u00e9, s&rsquo;il est semblable \u00e0 tous, son myst\u00e8re transpercera et posera la question du plus \u00eatre en Dieu. Mais il doit \u00eatre assez pauvre pour se perdre dans la masse, ne plus se permettre un langage \u00e9sot\u00e9rique et inefficace sur la vie, assez pauvre pour ne pas s&rsquo;imposer mais \u00eatre l\u00e0, d&rsquo;une pr\u00e9sence nouvelle plus forte et plus \u00e9vidente que tout pros\u00e9lytisme (passivit\u00e9). Il devra enfin \u00eatre assez fort dans la foi (par la fid\u00e9lit\u00e9 \u00e0 la pri\u00e8re obscure) pour affronter l&rsquo;indiff\u00e9rence des hommes, et surtout la totale absence de Dieu, dans ce monde. O douleur insondable pour le croyant. Le chr\u00e9tien de demain : un homme de Dieu parmi des hommes sans Dieu.<\/p>\n","protected":false},"excerpt":{"rendered":"<p>Il faut se demander si cette nuit est bien \u00e9vang\u00e9lique o\u00f9 si au contraire elle est une de ces innombrables voies mystiques universelles sans rapport avec la vie de J\u00e9sus. Il suffit de relire le dernier \u00e9vangile pour saisir l&rsquo;intensit\u00e9 symbolique et spirituelle de la nuit. Mais le texte fondamental \u00e0 cet \u00e9gard reste les B\u00e9atitudes. Voila, l&rsquo;expression la plus simple, la plus concr\u00e8te la plus \u00e9vidente de ce qu&rsquo;est la nuit obscure pour l&rsquo;homme \u00e9vang\u00e9lique : non pas une asc\u00e8se artificielle, mais un renversement total des valeurs qui permet de voir l&rsquo;autre c\u00f4t\u00e9 du miroir. <\/p>\n","protected":false},"author":1,"featured_media":0,"comment_status":"closed","ping_status":"closed","sticky":false,"template":"","format":"standard","meta":{"footnotes":""},"categories":[760],"tags":[280,47,489],"class_list":["post-5013","post","type-post","status-publish","format-standard","hentry","category-arnold-simon-pierre","tag-christianisme","tag-mystique","tag-priere"],"yoast_head":"<!-- This site is optimized with the Yoast SEO plugin v27.0 - https:\/\/yoast.com\/product\/yoast-seo-wordpress\/ -->\n<title>L&#039;Exp\u00e9rience de la Nuit dans une Spiritualit\u00e9 en M\u00e9tamorphose par Simon-pierre Arnold - 3e mill\u00e9naire - Spiritualit\u00e9 - Connaissance de soi - Non-dualit\u00e9 - M\u00e9ditation<\/title>\n<meta name=\"robots\" content=\"index, follow, max-snippet:-1, max-image-preview:large, max-video-preview:-1\" \/>\n<link rel=\"canonical\" href=\"https:\/\/www.revue3emillenaire.com\/blog\/lexperience-de-la-nuit-dans-une-spiritualite-en-metamorphose-par-simon-pierre-arnold\/\" \/>\n<meta property=\"og:locale\" content=\"fr_FR\" \/>\n<meta property=\"og:type\" content=\"article\" \/>\n<meta property=\"og:title\" content=\"L&#039;Exp\u00e9rience de la Nuit dans une Spiritualit\u00e9 en M\u00e9tamorphose par Simon-pierre Arnold - 3e mill\u00e9naire - Spiritualit\u00e9 - Connaissance de soi - Non-dualit\u00e9 - M\u00e9ditation\" \/>\n<meta property=\"og:description\" content=\"Il faut se demander si cette nuit est bien \u00e9vang\u00e9lique o\u00f9 si au contraire elle est une de ces innombrables voies mystiques universelles sans rapport avec la vie de J\u00e9sus. Il suffit de relire le dernier \u00e9vangile pour saisir l&#039;intensit\u00e9 symbolique et spirituelle de la nuit. Mais le texte fondamental \u00e0 cet \u00e9gard reste les B\u00e9atitudes. Voila, l&#039;expression la plus simple, la plus concr\u00e8te la plus \u00e9vidente de ce qu&#039;est la nuit obscure pour l&#039;homme \u00e9vang\u00e9lique : non pas une asc\u00e8se artificielle, mais un renversement total des valeurs qui permet de voir l&#039;autre c\u00f4t\u00e9 du miroir.\" \/>\n<meta property=\"og:url\" content=\"https:\/\/www.revue3emillenaire.com\/blog\/lexperience-de-la-nuit-dans-une-spiritualite-en-metamorphose-par-simon-pierre-arnold\/\" \/>\n<meta property=\"og:site_name\" content=\"3e mill\u00e9naire - Spiritualit\u00e9 - Connaissance de soi - Non-dualit\u00e9 - M\u00e9ditation\" \/>\n<meta property=\"article:published_time\" content=\"2010-09-30T15:35:29+00:00\" \/>\n<meta property=\"article:modified_time\" content=\"2010-10-26T18:29:49+00:00\" \/>\n<meta name=\"author\" content=\"3e mill\u00e9naire\" \/>\n<meta name=\"twitter:card\" content=\"summary_large_image\" \/>\n<meta name=\"twitter:label1\" content=\"\u00c9crit par\" \/>\n\t<meta name=\"twitter:data1\" content=\"3e mill\u00e9naire\" \/>\n\t<meta name=\"twitter:label2\" content=\"Dur\u00e9e de lecture estim\u00e9e\" \/>\n\t<meta name=\"twitter:data2\" content=\"12 minutes\" \/>\n<script type=\"application\/ld+json\" class=\"yoast-schema-graph\">{\"@context\":\"https:\/\/schema.org\",\"@graph\":[{\"@type\":\"Article\",\"@id\":\"https:\/\/www.revue3emillenaire.com\/blog\/lexperience-de-la-nuit-dans-une-spiritualite-en-metamorphose-par-simon-pierre-arnold\/#article\",\"isPartOf\":{\"@id\":\"https:\/\/www.revue3emillenaire.com\/blog\/lexperience-de-la-nuit-dans-une-spiritualite-en-metamorphose-par-simon-pierre-arnold\/\"},\"author\":{\"name\":\"3e mill\u00e9naire\",\"@id\":\"https:\/\/www.revue3emillenaire.com\/blog\/#\/schema\/person\/9a3a7cc4ccaa707f402d4394327106d5\"},\"headline\":\"L&rsquo;Exp\u00e9rience de la Nuit dans une Spiritualit\u00e9 en M\u00e9tamorphose par Simon-pierre Arnold\",\"datePublished\":\"2010-09-30T15:35:29+00:00\",\"dateModified\":\"2010-10-26T18:29:49+00:00\",\"mainEntityOfPage\":{\"@id\":\"https:\/\/www.revue3emillenaire.com\/blog\/lexperience-de-la-nuit-dans-une-spiritualite-en-metamorphose-par-simon-pierre-arnold\/\"},\"wordCount\":2385,\"keywords\":[\"christianisme\",\"Mystique\",\"pri\u00e8re\"],\"articleSection\":[\"Arnold Simon-pierre\"],\"inLanguage\":\"fr-FR\"},{\"@type\":\"WebPage\",\"@id\":\"https:\/\/www.revue3emillenaire.com\/blog\/lexperience-de-la-nuit-dans-une-spiritualite-en-metamorphose-par-simon-pierre-arnold\/\",\"url\":\"https:\/\/www.revue3emillenaire.com\/blog\/lexperience-de-la-nuit-dans-une-spiritualite-en-metamorphose-par-simon-pierre-arnold\/\",\"name\":\"L'Exp\u00e9rience de la Nuit dans une Spiritualit\u00e9 en M\u00e9tamorphose par Simon-pierre Arnold - 3e mill\u00e9naire - Spiritualit\u00e9 - Connaissance de soi - Non-dualit\u00e9 - M\u00e9ditation\",\"isPartOf\":{\"@id\":\"https:\/\/www.revue3emillenaire.com\/blog\/#website\"},\"datePublished\":\"2010-09-30T15:35:29+00:00\",\"dateModified\":\"2010-10-26T18:29:49+00:00\",\"author\":{\"@id\":\"https:\/\/www.revue3emillenaire.com\/blog\/#\/schema\/person\/9a3a7cc4ccaa707f402d4394327106d5\"},\"breadcrumb\":{\"@id\":\"https:\/\/www.revue3emillenaire.com\/blog\/lexperience-de-la-nuit-dans-une-spiritualite-en-metamorphose-par-simon-pierre-arnold\/#breadcrumb\"},\"inLanguage\":\"fr-FR\",\"potentialAction\":[{\"@type\":\"ReadAction\",\"target\":[\"https:\/\/www.revue3emillenaire.com\/blog\/lexperience-de-la-nuit-dans-une-spiritualite-en-metamorphose-par-simon-pierre-arnold\/\"]}]},{\"@type\":\"BreadcrumbList\",\"@id\":\"https:\/\/www.revue3emillenaire.com\/blog\/lexperience-de-la-nuit-dans-une-spiritualite-en-metamorphose-par-simon-pierre-arnold\/#breadcrumb\",\"itemListElement\":[{\"@type\":\"ListItem\",\"position\":1,\"name\":\"Accueil\",\"item\":\"https:\/\/www.revue3emillenaire.com\/blog\/\"},{\"@type\":\"ListItem\",\"position\":2,\"name\":\"L&rsquo;Exp\u00e9rience de la Nuit dans une Spiritualit\u00e9 en M\u00e9tamorphose par Simon-pierre Arnold\"}]},{\"@type\":\"WebSite\",\"@id\":\"https:\/\/www.revue3emillenaire.com\/blog\/#website\",\"url\":\"https:\/\/www.revue3emillenaire.com\/blog\/\",\"name\":\"3e mill\u00e9naire - Spiritualit\u00e9 - Connaissance de soi - Non-dualit\u00e9 - M\u00e9ditation\",\"description\":\"L&#039;Homme en devenir\",\"potentialAction\":[{\"@type\":\"SearchAction\",\"target\":{\"@type\":\"EntryPoint\",\"urlTemplate\":\"https:\/\/www.revue3emillenaire.com\/blog\/?s={search_term_string}\"},\"query-input\":{\"@type\":\"PropertyValueSpecification\",\"valueRequired\":true,\"valueName\":\"search_term_string\"}}],\"inLanguage\":\"fr-FR\"},{\"@type\":\"Person\",\"@id\":\"https:\/\/www.revue3emillenaire.com\/blog\/#\/schema\/person\/9a3a7cc4ccaa707f402d4394327106d5\",\"name\":\"3e mill\u00e9naire\",\"url\":\"https:\/\/www.revue3emillenaire.com\/blog\/author\/admin\/\"}]}<\/script>\n<!-- \/ Yoast SEO plugin. -->","yoast_head_json":{"title":"L'Exp\u00e9rience de la Nuit dans une Spiritualit\u00e9 en M\u00e9tamorphose par Simon-pierre Arnold - 3e mill\u00e9naire - Spiritualit\u00e9 - Connaissance de soi - Non-dualit\u00e9 - M\u00e9ditation","robots":{"index":"index","follow":"follow","max-snippet":"max-snippet:-1","max-image-preview":"max-image-preview:large","max-video-preview":"max-video-preview:-1"},"canonical":"https:\/\/www.revue3emillenaire.com\/blog\/lexperience-de-la-nuit-dans-une-spiritualite-en-metamorphose-par-simon-pierre-arnold\/","og_locale":"fr_FR","og_type":"article","og_title":"L'Exp\u00e9rience de la Nuit dans une Spiritualit\u00e9 en M\u00e9tamorphose par Simon-pierre Arnold - 3e mill\u00e9naire - Spiritualit\u00e9 - Connaissance de soi - Non-dualit\u00e9 - M\u00e9ditation","og_description":"Il faut se demander si cette nuit est bien \u00e9vang\u00e9lique o\u00f9 si au contraire elle est une de ces innombrables voies mystiques universelles sans rapport avec la vie de J\u00e9sus. Il suffit de relire le dernier \u00e9vangile pour saisir l'intensit\u00e9 symbolique et spirituelle de la nuit. Mais le texte fondamental \u00e0 cet \u00e9gard reste les B\u00e9atitudes. Voila, l'expression la plus simple, la plus concr\u00e8te la plus \u00e9vidente de ce qu'est la nuit obscure pour l'homme \u00e9vang\u00e9lique : non pas une asc\u00e8se artificielle, mais un renversement total des valeurs qui permet de voir l'autre c\u00f4t\u00e9 du miroir.","og_url":"https:\/\/www.revue3emillenaire.com\/blog\/lexperience-de-la-nuit-dans-une-spiritualite-en-metamorphose-par-simon-pierre-arnold\/","og_site_name":"3e mill\u00e9naire - Spiritualit\u00e9 - Connaissance de soi - Non-dualit\u00e9 - M\u00e9ditation","article_published_time":"2010-09-30T15:35:29+00:00","article_modified_time":"2010-10-26T18:29:49+00:00","author":"3e mill\u00e9naire","twitter_card":"summary_large_image","twitter_misc":{"\u00c9crit par":"3e mill\u00e9naire","Dur\u00e9e de lecture estim\u00e9e":"12 minutes"},"schema":{"@context":"https:\/\/schema.org","@graph":[{"@type":"Article","@id":"https:\/\/www.revue3emillenaire.com\/blog\/lexperience-de-la-nuit-dans-une-spiritualite-en-metamorphose-par-simon-pierre-arnold\/#article","isPartOf":{"@id":"https:\/\/www.revue3emillenaire.com\/blog\/lexperience-de-la-nuit-dans-une-spiritualite-en-metamorphose-par-simon-pierre-arnold\/"},"author":{"name":"3e mill\u00e9naire","@id":"https:\/\/www.revue3emillenaire.com\/blog\/#\/schema\/person\/9a3a7cc4ccaa707f402d4394327106d5"},"headline":"L&rsquo;Exp\u00e9rience de la Nuit dans une Spiritualit\u00e9 en M\u00e9tamorphose par Simon-pierre Arnold","datePublished":"2010-09-30T15:35:29+00:00","dateModified":"2010-10-26T18:29:49+00:00","mainEntityOfPage":{"@id":"https:\/\/www.revue3emillenaire.com\/blog\/lexperience-de-la-nuit-dans-une-spiritualite-en-metamorphose-par-simon-pierre-arnold\/"},"wordCount":2385,"keywords":["christianisme","Mystique","pri\u00e8re"],"articleSection":["Arnold Simon-pierre"],"inLanguage":"fr-FR"},{"@type":"WebPage","@id":"https:\/\/www.revue3emillenaire.com\/blog\/lexperience-de-la-nuit-dans-une-spiritualite-en-metamorphose-par-simon-pierre-arnold\/","url":"https:\/\/www.revue3emillenaire.com\/blog\/lexperience-de-la-nuit-dans-une-spiritualite-en-metamorphose-par-simon-pierre-arnold\/","name":"L'Exp\u00e9rience de la Nuit dans une Spiritualit\u00e9 en M\u00e9tamorphose par Simon-pierre Arnold - 3e mill\u00e9naire - Spiritualit\u00e9 - Connaissance de soi - Non-dualit\u00e9 - M\u00e9ditation","isPartOf":{"@id":"https:\/\/www.revue3emillenaire.com\/blog\/#website"},"datePublished":"2010-09-30T15:35:29+00:00","dateModified":"2010-10-26T18:29:49+00:00","author":{"@id":"https:\/\/www.revue3emillenaire.com\/blog\/#\/schema\/person\/9a3a7cc4ccaa707f402d4394327106d5"},"breadcrumb":{"@id":"https:\/\/www.revue3emillenaire.com\/blog\/lexperience-de-la-nuit-dans-une-spiritualite-en-metamorphose-par-simon-pierre-arnold\/#breadcrumb"},"inLanguage":"fr-FR","potentialAction":[{"@type":"ReadAction","target":["https:\/\/www.revue3emillenaire.com\/blog\/lexperience-de-la-nuit-dans-une-spiritualite-en-metamorphose-par-simon-pierre-arnold\/"]}]},{"@type":"BreadcrumbList","@id":"https:\/\/www.revue3emillenaire.com\/blog\/lexperience-de-la-nuit-dans-une-spiritualite-en-metamorphose-par-simon-pierre-arnold\/#breadcrumb","itemListElement":[{"@type":"ListItem","position":1,"name":"Accueil","item":"https:\/\/www.revue3emillenaire.com\/blog\/"},{"@type":"ListItem","position":2,"name":"L&rsquo;Exp\u00e9rience de la Nuit dans une Spiritualit\u00e9 en M\u00e9tamorphose par Simon-pierre Arnold"}]},{"@type":"WebSite","@id":"https:\/\/www.revue3emillenaire.com\/blog\/#website","url":"https:\/\/www.revue3emillenaire.com\/blog\/","name":"3e mill\u00e9naire - Spiritualit\u00e9 - Connaissance de soi - Non-dualit\u00e9 - M\u00e9ditation","description":"L&#039;Homme en devenir","potentialAction":[{"@type":"SearchAction","target":{"@type":"EntryPoint","urlTemplate":"https:\/\/www.revue3emillenaire.com\/blog\/?s={search_term_string}"},"query-input":{"@type":"PropertyValueSpecification","valueRequired":true,"valueName":"search_term_string"}}],"inLanguage":"fr-FR"},{"@type":"Person","@id":"https:\/\/www.revue3emillenaire.com\/blog\/#\/schema\/person\/9a3a7cc4ccaa707f402d4394327106d5","name":"3e mill\u00e9naire","url":"https:\/\/www.revue3emillenaire.com\/blog\/author\/admin\/"}]}},"_links":{"self":[{"href":"https:\/\/www.revue3emillenaire.com\/blog\/wp-json\/wp\/v2\/posts\/5013","targetHints":{"allow":["GET"]}}],"collection":[{"href":"https:\/\/www.revue3emillenaire.com\/blog\/wp-json\/wp\/v2\/posts"}],"about":[{"href":"https:\/\/www.revue3emillenaire.com\/blog\/wp-json\/wp\/v2\/types\/post"}],"author":[{"embeddable":true,"href":"https:\/\/www.revue3emillenaire.com\/blog\/wp-json\/wp\/v2\/users\/1"}],"replies":[{"embeddable":true,"href":"https:\/\/www.revue3emillenaire.com\/blog\/wp-json\/wp\/v2\/comments?post=5013"}],"version-history":[{"count":0,"href":"https:\/\/www.revue3emillenaire.com\/blog\/wp-json\/wp\/v2\/posts\/5013\/revisions"}],"wp:attachment":[{"href":"https:\/\/www.revue3emillenaire.com\/blog\/wp-json\/wp\/v2\/media?parent=5013"}],"wp:term":[{"taxonomy":"category","embeddable":true,"href":"https:\/\/www.revue3emillenaire.com\/blog\/wp-json\/wp\/v2\/categories?post=5013"},{"taxonomy":"post_tag","embeddable":true,"href":"https:\/\/www.revue3emillenaire.com\/blog\/wp-json\/wp\/v2\/tags?post=5013"}],"curies":[{"name":"wp","href":"https:\/\/api.w.org\/{rel}","templated":true}]}}