{"id":5096,"date":"2010-10-07T22:39:30","date_gmt":"2010-10-07T21:39:30","guid":{"rendered":"http:\/\/pro.ovh.net\/~emillena\/blog\/?p=5096"},"modified":"2011-09-29T03:09:11","modified_gmt":"2011-09-29T02:09:11","slug":"creativite-et-developpement-de-la-personne","status":"publish","type":"post","link":"https:\/\/www.revue3emillenaire.com\/blog\/creativite-et-developpement-de-la-personne\/","title":{"rendered":"Cr\u00e9ativit\u00e9 et d\u00e9veloppement de la personne"},"content":{"rendered":"<p style=\"text-align: justify;\">(Revue Aurores. N<sup>o<\/sup> 42. Avril 1984)<\/p>\n<p style=\"text-align: justify;\"><strong>XXe Colloque de recherches spirituelles<\/strong><\/p>\n<p style=\"text-align: justify;\">Du 30 au 31 mars 1984, s&rsquo;est tenue \u00e0 Paris la vingti\u00e8me session du \u00abColloque de Recherches Spirituelles\u00bb, sous la direction de Pir Vilayat Inayat Khan, Pr\u00e9sident de l&rsquo;Ordre soufi mondial, ordre rattach\u00e9 par une chaine plus que mill\u00e9naire \u00e0 l&rsquo;Ordre soufi Chishti.<\/p>\n<p style=\"text-align: justify;\">\n<p style=\"text-align: justify;\">Le th\u00e8me choisi pour cette ann\u00e9e, \u00abcr\u00e9ativit\u00e9 et d\u00e9veloppement de la personne\u00bb, r\u00e9pondait \u00e0 la double aspiration des consciences contemporaines: actualiser ses capacit\u00e9s propres, r\u00e9aliser sa vocation propre au lieu d&rsquo;un mod\u00e8le impos\u00e9. Des repr\u00e9sentants des diverses religions d&rsquo;Orient et d&rsquo;Occident, ainsi que des sciences avanc\u00e9es, donn\u00e8rent par leurs propres \u00e9changes et leurs convergences, par leur contact avec l&rsquo;ensemble des participants, un heureux d\u00e9menti au po\u00e8me d\u00e9sabus\u00e9 de Claude Roy trop souvent justifi\u00e9: \u00ab<em>On n&rsquo;a plus de conversation, mais on a des colloques, on n&rsquo;a plus de dialogues mais on a des d\u00e9bats<\/em>\u00bb.<\/p>\n<p style=\"text-align: justify;\">\n<p style=\"text-align: justify;\">Cette session mit particuli\u00e8rement en relief l&rsquo;un des pr\u00e9alables \u00e0 tout processus de cr\u00e9ativit\u00e9 et de d\u00e9veloppements personnels, \u00e0 savoir l&rsquo;aptitude \u00e0 d\u00e9couvrir dans les pens\u00e9es d&rsquo;autrui, m\u00eame les plus \u00e9trang\u00e8res aux n\u00f4tres, ainsi que dans tout \u00e9v\u00e9nement, m\u00eame le plus indiff\u00e9rent en apparence, un aspect \u00e0 la fois insolite et r\u00e9el, qui provoque d&rsquo;abord le d\u00e9clic de la surprise ou de l&rsquo;\u00e9merveillement, qui engendre du nouveau dans nos prises de conscience et qui d\u00e9clenche un progr\u00e8s dans notre \u00e9volution int\u00e9rieure. Loin de ressembler \u00e0 une fuite dans l&rsquo;imaginaire ou l&rsquo;originalit\u00e9 \u00e0 tout prix, la cr\u00e9ativit\u00e9, au niveau o\u00f9 se situait cette r\u00e9union, se r\u00e9v\u00e9lait comme une r\u00e9ponse intelligente et aimante de tout l&rsquo;\u00eatre humain \u00e0 l&rsquo;appel de l&rsquo;Etre, \u00e0 l&rsquo;appel de la Vie, jusqu&rsquo;au sommet de nos capacit\u00e9s.<\/p>\n<p style=\"text-align: justify;\">Jean Chevalier<\/p>\n<p style=\"text-align: justify;\">\n<p style=\"text-align: justify;\">Nous publions, ci-dessous, quelques extraits choisis de quatre expos\u00e9s sur les trois religions du Livre et le Bouddhisme.<\/p>\n<p style=\"text-align: justify;\">\n<p style=\"text-align: justify;\"><strong>Rd P\u00e8re Guy Bou\u00e9 : \u00ab\u00a0Gr\u00e2ce divine et libert\u00e9 humaine\u00a0\u00bb<\/strong><\/p>\n<p style=\"text-align: justify;\">\n<p style=\"text-align: justify;\">JE ne pense pas que J\u00e9sus-Christ ait voulu fonder une religion.<\/p>\n<p style=\"text-align: justify;\">\n<p style=\"text-align: justify;\">Il faut que ce soit tr\u00e8s clair. Or 2000 ans de christianisme nous ont, \u00e0 ce sujet, tr\u00e8s mal \u00e9clair\u00e9s !<\/p>\n<p style=\"text-align: justify;\">\n<p style=\"text-align: justify;\">D&rsquo;abord, J\u00e9sus est venu \u2014il le dit dans l&rsquo;Evangile\u2014 non pas abolir la religion juive (&#8230;) mais l&rsquo;\u00e9panouir.<\/p>\n<p style=\"text-align: justify;\">\n<p style=\"text-align: justify;\">La deuxi\u00e8me chose \u00e0 remettre en place J\u00e9sus-Christ n&rsquo;a pas \u00e9crit l&rsquo;Evangile bien que cet Evangile reste un \u00e9l\u00e9ment fondamental de notre tradition \u00e9crite.<\/p>\n<p style=\"text-align: justify;\">\n<p style=\"text-align: justify;\">Ni fondateur de religion, ni auteur d&rsquo;\u00e9crits. Ceci nous invite, non pas \u00e0 relativiser notre h\u00e9ritage culturel, sociologique occidental mais, tout en le recevant ou en refusant de le respecter, de le repenser \u00e0 la lumi\u00e8re des traditions qui nous viennent de plus loin que nos horizons limit\u00e9s.<\/p>\n<p style=\"text-align: justify;\">\n<p style=\"text-align: justify;\">Ainsi, b\u00e9n\u00e9ficiant de cette tradition \u00e9crite qui est pour nous le Nouveau Testament, il s&rsquo;agit d&rsquo;acc\u00e9der \u00e0 une Personne innommable par le truchement respectueux de quatre t\u00e9moignages et d&rsquo;un certain nombre d&rsquo;\u00e9crits (&#8230;)<\/p>\n<p style=\"text-align: justify;\">\n<p style=\"text-align: justify;\">Je parlerai de la Personne comme \u00e9tant cette capacit\u00e9 d&rsquo;accueil d&rsquo;un autre que soi-m\u00eame. D\u00e8s lors que j&rsquo;essaie de d\u00e9passer mes propres limites, y compris celles qui sont porteuses de v\u00e9rit\u00e9s claires et nettes \u00e0 notre conscience \u2014non pas pour les rejeter mais pour loyalement en faire abstraction afin de d\u00e9passer ses propres limitations\u2014 ma capacit\u00e9 d&rsquo;accueillir l&rsquo;autre est d&rsquo;autant plus grande que je mettrai en veilleuse tout ce que, dans mes capacit\u00e9s intellectuelles, affectives, sensibles, j&rsquo;ai jusqu&rsquo;alors int\u00e9gr\u00e9 de certitudes.<\/p>\n<p style=\"text-align: justify;\">\n<p style=\"text-align: justify;\">Est-ce que ce ne serait pas ce vide ou cette vacuit\u00e9 conseill\u00e9 et demand\u00e9 dans l&rsquo;univers bouddhiste ?<\/p>\n<p style=\"text-align: justify;\">\n<p style=\"text-align: justify;\">La Personne, au-del\u00e0 de l&rsquo;h\u00e9ritage socioreligieux culturel re\u00e7u, au-del\u00e0 de ses h\u00e9r\u00e9dit\u00e9s dont elle est porteuse, veut \u00eatre, et c&rsquo;est le myst\u00e8re du don de la gr\u00e2ce, une capacit\u00e9 de r\u00e9ception des beaut\u00e9s d&rsquo;autrui. Sans cet \u00e9tat d&rsquo;\u00e2me, ou cet \u00e9tat d&rsquo;esprit, nous maculons ou mutilons une personne qui resterait ferm\u00e9e sur elle-m\u00eame et ses certitudes.<\/p>\n<p style=\"text-align: justify;\">\n<p style=\"text-align: justify;\">L&rsquo;autre pr\u00e9cision que je voudrai apporter au niveau de mon exp\u00e9rience chr\u00e9tienne, c&rsquo;est l&rsquo;id\u00e9e de cr\u00e9ativit\u00e9 \u2014qui n&rsquo;est pas la Cr\u00e9ation; elle est dans la Cr\u00e9ation. Cr\u00e9ation qui, dans le christianisme comme dans le juda\u00efsme et m\u00eame le brahmanisme, est l&rsquo;\u0153uvre d&rsquo;un autre qu&rsquo;elle-m\u00eame. Cr\u00e9ation que nous avons nous, chr\u00e9tiens, l&rsquo;habitude de nous repr\u00e9senter comme fig\u00e9e (&#8230;)<\/p>\n<p style=\"text-align: justify;\">\n<p style=\"text-align: justify;\">Nous nous repr\u00e9sentons la Personne divine comme \u00e9tant en perp\u00e9tuel repos objectivement distincte d&rsquo;une cr\u00e9ation faite et fig\u00e9e pour toujours. Monstrueux monde auquel je\u00a0 ne crois pas, repr\u00e9sentation d&rsquo;une divinit\u00e9 atroce qui ne peut satisfaire ma personne. Je crois qu&rsquo;il faut d\u00e9poussi\u00e9rer notre mental de ces images. La Cr\u00e9ation est un devenir constant sous-jacent qui est pr\u00e9cis\u00e9ment la cr\u00e9ativit\u00e9.<\/p>\n<p style=\"text-align: justify;\">\n<p style=\"text-align: justify;\">Une puissance de cr\u00e9ation g\u00eet au c\u0153ur de la Cr\u00e9ation; et cette puissance de cr\u00e9ation ne serait-elle pas l&rsquo;immanence m\u00eame de Son auteur humblement pr\u00e9sent, au-del\u00e0 de Sa grandeur, aux merveilles qu&rsquo;Il a fait, y compris dans les moindres d\u00e9tails. Cr\u00e9ativit\u00e9 qui n&rsquo;est pas \u00e9parpillement anarchique mais qui se r\u00e9alise en un mouvement dynamique, s&rsquo;inscrivant dans un plan d&rsquo;amour et d&rsquo;alliance que le cr\u00e9ateur fait avec la moindre de ses cr\u00e9atures. Et, \u00e0 ce niveau, l&rsquo;acte cr\u00e9ateur est cet instant pr\u00e9sent dans lequel je prends conscience de ma relation avec Dieu, au plus profond de ma personne, dans ma m\u00e9ditation.<\/p>\n<p style=\"text-align: justify;\">\n<p style=\"text-align: justify;\">La derni\u00e8re chose que je voudrais pr\u00e9ciser est l&rsquo;id\u00e9e de d\u00e9veloppement. Il ne s&rsquo;agit pas de l&rsquo;extension dans le temps et l&rsquo;espace, de nos virtualit\u00e9s profondes. Je verrai plut\u00f4t dans le mot \u00abd\u00e9veloppement\u00bb que l&rsquo;on trouve en titre de ce colloque, \u00abcr\u00e9ativit\u00e9 et d\u00e9veloppement de la personne\u00bb, l&rsquo;id\u00e9e d&rsquo;un d\u00e9voilement progressif au niveau de notre conscience, d&rsquo;une intention divine sur chacun d&rsquo;entre nous. De m\u00eame qu&rsquo;il a \u00e9t\u00e9 fait r\u00e9f\u00e9rence \u00e0 cette subconscience et tout ce qu&rsquo;elle porte de pulsions, de motivations secr\u00e8tes inavou\u00e9es et inavouables, je pense qu&rsquo;il existe dans toutes personnes pour nous pr\u00e9parer et susciter en nous ce d\u00e9veloppement, ce d\u00e9voilement de mon \u00eatre \u00e0 la Pr\u00e9sence sacr\u00e9e du divin. Ce serait l&rsquo;acquisition de l&rsquo;\u00e9tat adulte, disons adulte dans la foi.<\/p>\n<p style=\"text-align: justify;\">\n<p style=\"text-align: justify;\">Pour conclure, il s&rsquo;agit, dans notre vie spirituelle d&rsquo;homme, d&rsquo;un d\u00e9voilement \u00abun\u00bb et progressif de notre vocation d&rsquo;appeler \u00e0 recevoir Quelqu&rsquo;un, un Dieu personnel, au plus profond d&rsquo;une conscience qui se veut personnelle. A ce niveau, je suis de plus en plus \u00e9merveill\u00e9 de voir au c\u0153ur de toutes les prises de consciences qui ont pu dans mon cheminement s&rsquo;ouvrir \u00e0 moi \u2014ou moi-m\u00eame m&rsquo;ouvrir \u00e0 elle\u2014 que ce troisi\u00e8me \u0153il qui est la lumi\u00e8re de l&rsquo;esprit saint est pr\u00e9sent et agissant dans tous les \u00eatres quelque soit leur croyance.<\/p>\n<p style=\"text-align: justify;\">\n<p style=\"text-align: justify;\">La compr\u00e9hension de cette tradition chr\u00e9tienne mystique, je la dois aux nombreuses r\u00e9f\u00e9rences \u00e0 des personnages chr\u00e9tiens qui me furent faites par des moines bouddhistes Zen. Et je dois dire qu&rsquo;ils m&rsquo;ont appris \u00e0 lire l&rsquo;Evangile non plus dans la lettre, mais dans l&rsquo;esprit qui seul vivifie; plus particuli\u00e8rement je dirai: je relis l&rsquo;Evangile beaucoup plus entre les lignes que dans ses lignes.<\/p>\n<p style=\"text-align: justify;\">\n<p style=\"text-align: justify;\">Le premier point qui me para\u00eet important pour sauvegarder notre libert\u00e9 et accueillir la gratuit\u00e9 de Dieu, c&rsquo;est d&rsquo;essayer de faire l&rsquo;alliance, l&rsquo;harmonie, entre ce que j&rsquo;appellerai le silence de la Parole ou la Parole silencieuse.<\/p>\n<p style=\"text-align: justify;\">\n<p style=\"text-align: justify;\">Le silence doit \u00eatre, je crois, le lieu par excellence o\u00f9, au del\u00e0 des discours sur Dieu qu&rsquo;ils soient th\u00e9ologiques, philosophiques, po\u00e9tiques ou politiques, se retrouve le c\u0153ur de l&rsquo;homme et de la personne en pr\u00e9sence de celui qui, historiquement s&rsquo;appelait J\u00e9sus de Nazareth et transhistoriquement le ressuscit\u00e9.<\/p>\n<p style=\"text-align: justify;\">\n<p style=\"text-align: justify;\"><strong>Nadjm O. Bammate : \u00ab\u00a0Cr\u00e9ation divine et responsabilit\u00e9 humaine\u00a0\u00bb<\/strong><\/p>\n<p style=\"text-align: justify;\">\n<p style=\"text-align: justify;\">L\u2019Originalit\u00e9 individuelle, la cr\u00e9ativit\u00e9 de l&rsquo;auteur, ne compte pas. Cela n&rsquo;a aucune importance.<\/p>\n<p style=\"text-align: justify;\">\n<p style=\"text-align: justify;\">\u00abPourquoi cherches-tu Dieu l\u00e0-haut? Il est ici\u00bb. Dieu est cr\u00e9ateur-cr\u00e9\u00e9 et cr\u00e9ature cr\u00e9ante. La phrase m\u00eame d&rsquo;Ibn&rsquo; Arabi ne fait que reprendre certains th\u00e8mes coraniques lorsqu&rsquo;il est dit \u00abo\u00f9 que vous vous tourniez, l\u00e0 est le visage de Dieu.\u00bb<\/p>\n<p style=\"text-align: justify;\">\n<p style=\"text-align: justify;\">Donc, il n&rsquo;y a pas de cr\u00e9ateur au sens de auteur, au sens d&rsquo;individu, de personnage s\u00e9par\u00e9 qui fa\u00e7onne une id\u00e9ologie.<\/p>\n<p style=\"text-align: justify;\">\n<p style=\"text-align: justify;\">Dans la tradition islamique, il est dit: \u00abGloire \u00e0 Dieu parce qu&rsquo;il est celui qui efface\u00bb les visages, les noms, les pr\u00e9noms, l&rsquo;exp\u00e9rience, ce que l&rsquo;on r\u00e9alise pour faire de nous de simples miroirs. Eh bien, la cr\u00e9ativit\u00e9 pour la tradition musulmane, pour Ibn&rsquo; Arabi, pour R\u00fbmi, ce n&rsquo;est pas d&rsquo;\u00eatre un auteur original, mais c&rsquo;est de dire des choses qui \u00e9branlent chacun dans son \u00eatre et le font passer d&rsquo;une dimension qui est celle de la paresse intellectuelle, \u00e0 une autre dimension qui est celle de la perception imm\u00e9diate et subite des choses.<\/p>\n<p style=\"text-align: justify;\">\n<p style=\"text-align: justify;\">Un dicton tao\u00efste dit: \u00abon ne peut rien communiquer \u00e0 autrui. Une v\u00e9rit\u00e9 que l&rsquo;on ch\u00e9rit, des valeurs que l&rsquo;on aime, peuvent \u00eatre absolument insignifiantes pour l&rsquo;autre. Tout ce que l&rsquo;on peut faire c&rsquo;est r\u00e9veiller le tigre qui dort en chacun de nous\u00bb.<\/p>\n<p style=\"text-align: justify;\">\n<p style=\"text-align: justify;\">La r\u00e9alisation spirituelle c&rsquo;est devenir conscient de l&rsquo;\u00eatre parfait qui r\u00e9side en nous. C&rsquo;est pourquoi la personne n&rsquo;est pas un point d&rsquo;arriv\u00e9e, c&rsquo;est le point de d\u00e9voilement et de d\u00e9couverte.<\/p>\n<p style=\"text-align: justify;\">\n<p style=\"text-align: justify;\">De m\u00eame la cr\u00e9ativit\u00e9 n&rsquo;est pas l&rsquo;invention. Le proph\u00e8te disait toujours que Dieu seul est cr\u00e9ateur, et que lui est un pauvre homme qui ne fait que r\u00e9p\u00e9ter ce qui lui \u00e9tait r\u00e9v\u00e9l\u00e9.<\/p>\n<p style=\"text-align: justify;\">\n<p style=\"text-align: justify;\">L&rsquo;homme cr\u00e9ateur d\u00e9voile, reconna\u00eet les fils de Dieu dans les cieux, dans la nature, dans lui-m\u00eame, et leur donne une forme signifiante. Il ne peut informer que ce qui lui est donn\u00e9, il ne peut pas cr\u00e9er.<\/p>\n<p style=\"text-align: justify;\">\n<p style=\"text-align: justify;\">Ici, la cr\u00e9ativit\u00e9 prend un sens tr\u00e8s diff\u00e9rent de ce que l&rsquo;on est habitu\u00e9 \u00e0 sentir. Un va-nu-pieds, un ignorant, le premier venu peut, \u00e0 un moment, \u00eatre transperc\u00e9 par une lumi\u00e8re; il est alors le tout, la pl\u00e9nitude. (&#8230;)<\/p>\n<p style=\"text-align: justify;\">\n<p style=\"text-align: justify;\">Que nous soyons cr\u00e9ateur ou non, que la personne soit un point de d\u00e9part ou d&rsquo;arriv\u00e9e, qu&rsquo;elle soit prom\u00e9t\u00e9ique ou abrahamique, de soumission totale ou acte de r\u00e9volte, l&rsquo;essentiel dans la cr\u00e9ation est ce quelque chose d&rsquo;inattendu qui nous retourne sur nous-m\u00eames et qui ne doit rien \u00e0 l&rsquo;observateur naturaliste, \u00e0 l&rsquo;anecdote, mais qui nous fait sentir le mouvement d&rsquo;une cr\u00e9ation qui est unique et absolue, qui est au-del\u00e0 de l&rsquo;homme bien que l&rsquo;homme soit capable d&rsquo;en donner le pressentiment. Toute cr\u00e9ation est la m\u00e9taphore d&rsquo;un silence qui est au-del\u00e0.<\/p>\n<p style=\"text-align: justify;\">\n<p style=\"text-align: justify;\"><strong>Rabbin M.-A. Ouaknin\u00a0: \u00ab\u00a0Voyage vers le monde \u00e0 venir\u00a0\u00bb<\/strong><\/p>\n<p style=\"text-align: justify;\">\n<p style=\"text-align: justify;\"><em>Au d\u00e9but de son intervention, le Rabbin Ouaknin a tenu \u00e0 pr\u00e9ciser certains points que nous donnons en guise d&rsquo;introduction \u00e0 l&rsquo;extrait reproduit plus bas.<\/em><\/p>\n<p style=\"text-align: justify;\">\n<p style=\"text-align: justify;\">ON dit que le peuple juif est le peuple du Livre et c&rsquo;est de ce livre dont je vais parler pr\u00e9cis\u00e9ment. Dans la tradition h\u00e9bra\u00efque il y a trois temps forts qui marquent le temps liturgique. Ce sont les trois f\u00eates de p\u00e8lerinage de la pens\u00e9e juive h\u00e9bra\u00efque et les ma\u00eetres de la Pens\u00e9e juive les relisent chacun \u00e0 un moment que l&rsquo;on retrouve dans tous les moments de la vie, \u00e0 savoir la Cr\u00e9ation, la R\u00e9v\u00e9lation et la R\u00e9demption ou la Lib\u00e9ration.<\/p>\n<p style=\"text-align: justify;\">\n<p style=\"text-align: justify;\">Etant donn\u00e9 que le sujet est la Cr\u00e9ation, je serai amen\u00e9 \u00e0 vous parler aussi de la R\u00e9v\u00e9lation et de la Lib\u00e9ration. On ne peut parler ind\u00e9pendamment de ces trois th\u00e8mes.<\/p>\n<p style=\"text-align: justify;\">\n<p style=\"text-align: justify;\">Lorsqu&rsquo;on dit Pens\u00e9e juive, en fait on dit Pens\u00e9e talmudique; on se r\u00e9f\u00e8re toujours au Talmud.<\/p>\n<p style=\"text-align: justify;\">\n<p style=\"text-align: justify;\">Si on disait la v\u00e9rit\u00e9 est blanche ou noire, \u00e0 partir de ce moment l\u00e0 il n&rsquo;y aurait plus de possibilit\u00e9 d&rsquo;aller au-del\u00e0 il y aurait une v\u00e9rit\u00e9 qui serait pos\u00e9e. Ceci serait en tant que cela, le monde serait une totalit\u00e9 close et la libert\u00e9 ne serait plus possible.<\/p>\n<p style=\"text-align: justify;\">\n<p style=\"text-align: justify;\">Et nous voyons \u00e0 ce moment l\u00e0 que la R\u00e9v\u00e9lation c&rsquo;est la r\u00e9v\u00e9lation de la possibilit\u00e9 de l&rsquo;interpr\u00e9tation. Et que la possibilit\u00e9 de l&rsquo;interpr\u00e9tation, \u00e0 savoir la cr\u00e9ativit\u00e9, c&rsquo;est la possibilit\u00e9 de la libert\u00e9, \u00e0 savoir cette \u00absortie\u00bb de la totalit\u00e9 et la possibilit\u00e9 de la transcendance.<\/p>\n<p style=\"text-align: justify;\">\n<p style=\"text-align: justify;\">Cette notion de cr\u00e9ativit\u00e9 dans l&rsquo;interpr\u00e9tation, quand je dis \u00abje suis si j&rsquo;interpr\u00e8te\u00bb c&rsquo;est encore faux. Dans la pens\u00e9e juive il n&rsquo;y a pas d&rsquo;\u00eatre; je ne peux pas dire \u00abje suis\u00bb. On peut dire que \u00abje serai\u00bb. Je suis (\u00eatre) veut dire je deviens; il n&rsquo;y a pas d&rsquo;homme \u00abqui est\u00bb. L&rsquo;homme devient, il est continuellement en devenir. Mais il faut comprendre que ce devenir, ce temps qui devient, ce dynamisme est li\u00e9 \u00e0 l&rsquo;interpr\u00e9tation. Lorsque Dieu se r\u00e9v\u00e8le \u00e0 Mo\u00efse pour la premi\u00e8re fois, il lui demande quel est ton nom, nous trouvons dans les traductions bibliques: \u00abJe suis celui qui suis\u00bb, c&rsquo;est une erreur. En h\u00e9breux, vous lisez \u00abJe serai celui qui serait\u00bb. Dieu qui se r\u00e9v\u00e8le aux hommes par son nom ne se donne pas en tant qu&rsquo;\u00eatre. Il n&rsquo;est pas celui qui dit \u00abje suis\u00bb, mais il est celui qui dit \u00abje serai\u00bb.<\/p>\n<p style=\"text-align: justify;\">\n<p style=\"text-align: justify;\">C&rsquo;est-\u00e0-dire que je m&rsquo;inscris dans un devenir. Et l&rsquo;homme n&rsquo;est pas, l&rsquo;homme devient, par l&rsquo;interpr\u00e9tation par la cr\u00e9ation.<\/p>\n<p style=\"text-align: justify;\">\n<p style=\"text-align: justify;\">L&rsquo;homme a la possibilit\u00e9 de se d\u00e9passer en s&rsquo;auto-cr\u00e9ant par l&rsquo;interpr\u00e9tation. C&rsquo;est par cela qu&rsquo;il s&rsquo;inscrit dans la transcendance. Mais cette possibilit\u00e9 passe par le questionnement. Le questionnement, la remise en question, c&rsquo;est justement cette possibilit\u00e9 de d\u00e9passer ce qui est, et, par hasard, l&rsquo;homme \u00abAdam\u00bb se dit en h\u00e9breu par le truchement du parall\u00e8le entre les chiffres et les lettres \u2014puisque, en h\u00e9breu, chaque lettre est un chiffre\u2014 l&rsquo;homme a la valeur num\u00e9rique de 45. Or 45, si vous l&rsquo;\u00e9crivez simplement, veut dire quoi ? L&rsquo;homme est quoi? L&rsquo;homme est une question, il est celui qui, constamment, se remet en question, non pas pour \u00ab\u00eatre\u00bb, mais pour \u00abdevenir\u00bb, car son \u00ab\u00eatre\u00bb est dans le \u00abdevenir\u00bb. L&rsquo;homme est v\u00e9ritablement homme non pas lorsqu&rsquo;il re\u00e7oit Dieu en lui, mais lorsqu&rsquo;il entre en dialogue avec Dieu et je suis convaincu personnellement que l&rsquo;interpr\u00e9tation et cette confrontation, ce v\u00e9cu dans le livre sont la possibilit\u00e9 pour l&rsquo;homme de rencontrer la Question qui est Dieu et ainsi le dialogue s&rsquo;instaure.<\/p>\n<p style=\"text-align: justify;\">\n<p style=\"text-align: justify;\"><strong>Dr J.-P.\u00a0 Schnetzler\u00a0: \u00ab\u00a0La vacuit\u00e9 o\u00f9 personne ne cr\u00e9e\u00a0\u00bb<\/strong><\/p>\n<p style=\"text-align: justify;\">\n<p style=\"text-align: justify;\">EXAMINONS quelques uns des emp\u00eachements du fonctionnement de l&rsquo;intellect lui-m\u00eame. L&rsquo;usage d\u00e9fensif et exclusif de l&rsquo;intellect sous la forme de l&rsquo;intellectualisme bien connu, aseptise la r\u00e9alit\u00e9 complexe au profit d&rsquo;une abstraction plus facilement manipulable. Le fonctionnement intellectuel de ce type n&rsquo;a rien \u00e0 voir avec la sagesse, n&rsquo;a rien \u00e0 voir avec la vision de la r\u00e9alit\u00e9, n&rsquo;a rien \u00e0 voir avec la lib\u00e9ration qui peut en r\u00e9sulter.<\/p>\n<p style=\"text-align: justify;\">\n<p style=\"text-align: justify;\">Le deuxi\u00e8me point est que les interdits de nature inconsciente, qui bloquent la libre circulation du sens \u00e0 l&rsquo;int\u00e9rieur de nous-m\u00eames d\u00e9terminent des perturbations dans l&rsquo;usage de l&rsquo;intelligence, soit en restreignant le champ de ces investigations, soit en cr\u00e9ant des zones aveugles, soit en cr\u00e9ant des domaines interdits, soit enfin en faisant d\u00e9railler tous les processus logiques eux-m\u00eames; dans tous les cas l&rsquo;aboutissement est \u00e9videmment l&rsquo;erreur et donc la souffrance.<\/p>\n<p style=\"text-align: justify;\">\n<p style=\"text-align: justify;\">Le troisi\u00e8me point int\u00e9resse le niveau de la pens\u00e9e symbolique et des images elles-m\u00eames o\u00f9 l&rsquo;on rencontre les m\u00eames probl\u00e8mes. Les obstacles inconscients agissent en perturbant la fonction symbolique elle-m\u00eame. Nous savons que normalement, le symbole lie ensemble plusieurs significations, les sentiments qui y sont associ\u00e9s et les \u00e9nergies qu&rsquo;il v\u00e9hicule; tout cela formant un complexe vivant de significations agissantes \u2014et non pas mortes.<\/p>\n<p style=\"text-align: justify;\">\n<p style=\"text-align: justify;\">Eh bien, la pathologie, qu&rsquo;elle soit celle du d\u00e9sir qui privil\u00e9gie exclusivement un point de vue, qu&rsquo;elle soit la pathologie de la r\u00e9pulsion qui exclut un autre point de vue, aboutit toujours \u00e0 mutiler le symbole et la polyvalence de ces significations, pour ne laisser subsister qu&rsquo;un signe univoque, plat, sec, sans plus aucune vertu vivante, ni transformatrice. La transformation du symbole en un signe et l&rsquo;imp\u00e9rialisme d&rsquo;un seul sens aboutissent finalement \u00e0 un totalitarisme de la pens\u00e9e, ou de l&rsquo;action telle que l&rsquo;\u00e9tudie la pathologie psychiatrique ou que le r\u00e9v\u00e8le la pratique de la politique.<\/p>\n<p style=\"text-align: justify;\">\n<p style=\"text-align: justify;\">L&rsquo;impossibilit\u00e9 de tenir ensemble les contraires, de les faire collaborer est une fa\u00e7on, au niveau philosophique, de d\u00e9crire ce qui se passe dans l&rsquo;homme de tous les jours au niveau du conflit intrapsychique lequel r\u00e9sulte de l&rsquo;angoisse \u2014angoisse dont on sait quelle est au centre de la pathologie mentale.<\/p>\n<p style=\"text-align: justify;\">\n<p style=\"text-align: justify;\">Cette angoisse perturbatrice contribue par ailleurs \u00e0 durcir et \u00e0 limiter le moi en lui imposant des m\u00e9canismes de d\u00e9fense rigides qui ont sans doute une utilit\u00e9, celle de la prot\u00e9ger contre les catastrophes, mais au prix d&rsquo;une m\u00e9connaissance syst\u00e9matique plus ou moins profonde d&rsquo;une partie de lui-m\u00eame et d&rsquo;une partie du monde ext\u00e9rieur. De nouvelles conditions erron\u00e9es sont ainsi cr\u00e9\u00e9es; elles sont celles d&rsquo;une cr\u00e9ativit\u00e9 morbide et elles aggravent les d\u00e9fauts de possibilit\u00e9s de perception du r\u00e9el qui sont intrins\u00e8ques au fonctionnement intellectuel lui-m\u00eame.<\/p>\n<p style=\"text-align: justify;\">\n<p style=\"text-align: justify;\">Le Bouddha s&rsquo;est dress\u00e9 contre cette folie du moi. Sa doctrine fondamentale qui en Pali s&rsquo;appelle anatta (non-moi) a valu au Bouddha le nom d&rsquo;anatta vadi, celui qui enseigne l&rsquo;anatta. Cette v\u00e9rit\u00e9 du non-moi est souvent tr\u00e8s mal comprise, car elle enseigne que l&rsquo;illusion du moi est la cause essentielle de tous les malheurs du monde et c&rsquo;est une v\u00e9rit\u00e9 que notre moi n&rsquo;aime pas \u00e0 entendre.<\/p>\n<p style=\"text-align: justify;\">\n<p style=\"text-align: justify;\">La n\u00e9gation du moi dans le bouddhisme est rigoureuse et inflexible, mais elle n&rsquo;est \u00e9videmment pas la n\u00e9gation d&rsquo;un \u00e9go, d&rsquo;un moi empirique, au niveau de ce que le bouddhisme appelle la v\u00e9rit\u00e9 relative ou la v\u00e9rit\u00e9 des apparences; c&rsquo;est l&rsquo;affirmation de sa non-existence au point du vue de la v\u00e9rit\u00e9 ultime \u2014ce qui va de pair avec la d\u00e9finition de la v\u00e9rit\u00e9 ultime dans le bouddhisme par des termes de forme n\u00e9gative.<\/p>\n<p style=\"text-align: justify;\">\n<p style=\"text-align: justify;\">Voyons de plus pr\u00e8s la conception bouddhique du moi. Pour le Bouddha, le drame n&rsquo;est pas que celui-ci existe empiriquement bien s\u00fbr, c&rsquo;est qu&rsquo;il se comporte implicitement toujours, et explicitement parfois chez les m\u00e9galomanes, comme s&rsquo;il fondait lui-m\u00eame la v\u00e9rit\u00e9 absolue. Cette absolutisation d&rsquo;une v\u00e9rit\u00e9 partielle est, dit le Bouddha, un obstacle d\u00e9finitif \u00e0 la connaissance des choses telles qu&rsquo;elles sont, \u00e0 la lib\u00e9ration, au nirvana et elle assure avec certitude l&rsquo;enfermement dans les cycles douloureux et perp\u00e9tuellement renouvel\u00e9s du monde conditionn\u00e9 du samsara.<\/p>\n","protected":false},"excerpt":{"rendered":"<p>Examinons quelques uns des emp\u00eachements du fonctionnement de l&rsquo;intellect lui-m\u00eame. L&rsquo;usage d\u00e9fensif et exclusif de l&rsquo;intellect sous la forme de l&rsquo;intellectualisme bien connu, aseptise la r\u00e9alit\u00e9 complexe au profit d&rsquo;une abstraction plus facilement manipulable. Le fonctionnement intellectuel de ce type n&rsquo;a rien \u00e0 voir avec la sagesse, n&rsquo;a rien \u00e0 voir avec la vision de la r\u00e9alit\u00e9, n&rsquo;a rien \u00e0 voir avec la lib\u00e9ration qui peut en r\u00e9sulter.<\/p>\n","protected":false},"author":1,"featured_media":0,"comment_status":"closed","ping_status":"closed","sticky":false,"template":"","format":"standard","meta":{"footnotes":""},"categories":[537,311],"tags":[520,157,1347],"class_list":["post-5096","post","type-post","status-publish","format-standard","hentry","category-chevalier-jean","category-collectif","tag-creativite","tag-religion","tag-spiritualite"],"yoast_head":"<!-- This site is optimized with the Yoast SEO plugin v27.0 - https:\/\/yoast.com\/product\/yoast-seo-wordpress\/ -->\n<title>Cr\u00e9ativit\u00e9 et d\u00e9veloppement de la personne - 3e mill\u00e9naire - Spiritualit\u00e9 - Connaissance de soi - Non-dualit\u00e9 - M\u00e9ditation<\/title>\n<meta name=\"robots\" content=\"index, follow, max-snippet:-1, max-image-preview:large, max-video-preview:-1\" \/>\n<link rel=\"canonical\" href=\"https:\/\/www.revue3emillenaire.com\/blog\/creativite-et-developpement-de-la-personne\/\" \/>\n<meta property=\"og:locale\" content=\"fr_FR\" \/>\n<meta property=\"og:type\" content=\"article\" \/>\n<meta property=\"og:title\" content=\"Cr\u00e9ativit\u00e9 et d\u00e9veloppement de la personne - 3e mill\u00e9naire - Spiritualit\u00e9 - Connaissance de soi - Non-dualit\u00e9 - M\u00e9ditation\" \/>\n<meta property=\"og:description\" content=\"Examinons quelques uns des emp\u00eachements du fonctionnement de l&#039;intellect lui-m\u00eame. L&#039;usage d\u00e9fensif et exclusif de l&#039;intellect sous la forme de l&#039;intellectualisme bien connu, aseptise la r\u00e9alit\u00e9 complexe au profit d&#039;une abstraction plus facilement manipulable. Le fonctionnement intellectuel de ce type n&#039;a rien \u00e0 voir avec la sagesse, n&#039;a rien \u00e0 voir avec la vision de la r\u00e9alit\u00e9, n&#039;a rien \u00e0 voir avec la lib\u00e9ration qui peut en r\u00e9sulter.\" \/>\n<meta property=\"og:url\" content=\"https:\/\/www.revue3emillenaire.com\/blog\/creativite-et-developpement-de-la-personne\/\" \/>\n<meta property=\"og:site_name\" content=\"3e mill\u00e9naire - Spiritualit\u00e9 - Connaissance de soi - Non-dualit\u00e9 - M\u00e9ditation\" \/>\n<meta property=\"article:published_time\" content=\"2010-10-07T21:39:30+00:00\" \/>\n<meta property=\"article:modified_time\" content=\"2011-09-29T02:09:11+00:00\" \/>\n<meta name=\"author\" content=\"3e mill\u00e9naire\" \/>\n<meta name=\"twitter:card\" content=\"summary_large_image\" \/>\n<meta name=\"twitter:label1\" content=\"\u00c9crit par\" \/>\n\t<meta name=\"twitter:data1\" content=\"3e mill\u00e9naire\" \/>\n\t<meta name=\"twitter:label2\" content=\"Dur\u00e9e de lecture estim\u00e9e\" \/>\n\t<meta name=\"twitter:data2\" content=\"16 minutes\" \/>\n<script type=\"application\/ld+json\" class=\"yoast-schema-graph\">{\"@context\":\"https:\/\/schema.org\",\"@graph\":[{\"@type\":\"Article\",\"@id\":\"https:\/\/www.revue3emillenaire.com\/blog\/creativite-et-developpement-de-la-personne\/#article\",\"isPartOf\":{\"@id\":\"https:\/\/www.revue3emillenaire.com\/blog\/creativite-et-developpement-de-la-personne\/\"},\"author\":{\"name\":\"3e mill\u00e9naire\",\"@id\":\"https:\/\/www.revue3emillenaire.com\/blog\/#\/schema\/person\/9a3a7cc4ccaa707f402d4394327106d5\"},\"headline\":\"Cr\u00e9ativit\u00e9 et d\u00e9veloppement de la personne\",\"datePublished\":\"2010-10-07T21:39:30+00:00\",\"dateModified\":\"2011-09-29T02:09:11+00:00\",\"mainEntityOfPage\":{\"@id\":\"https:\/\/www.revue3emillenaire.com\/blog\/creativite-et-developpement-de-la-personne\/\"},\"wordCount\":3203,\"keywords\":[\"Cr\u00e9ativit\u00e9\",\"religion\",\"Spiritualit\u00e9\"],\"articleSection\":[\"Chevalier Jean\",\"Collectif\"],\"inLanguage\":\"fr-FR\"},{\"@type\":\"WebPage\",\"@id\":\"https:\/\/www.revue3emillenaire.com\/blog\/creativite-et-developpement-de-la-personne\/\",\"url\":\"https:\/\/www.revue3emillenaire.com\/blog\/creativite-et-developpement-de-la-personne\/\",\"name\":\"Cr\u00e9ativit\u00e9 et d\u00e9veloppement de la personne - 3e mill\u00e9naire - Spiritualit\u00e9 - Connaissance de soi - Non-dualit\u00e9 - M\u00e9ditation\",\"isPartOf\":{\"@id\":\"https:\/\/www.revue3emillenaire.com\/blog\/#website\"},\"datePublished\":\"2010-10-07T21:39:30+00:00\",\"dateModified\":\"2011-09-29T02:09:11+00:00\",\"author\":{\"@id\":\"https:\/\/www.revue3emillenaire.com\/blog\/#\/schema\/person\/9a3a7cc4ccaa707f402d4394327106d5\"},\"breadcrumb\":{\"@id\":\"https:\/\/www.revue3emillenaire.com\/blog\/creativite-et-developpement-de-la-personne\/#breadcrumb\"},\"inLanguage\":\"fr-FR\",\"potentialAction\":[{\"@type\":\"ReadAction\",\"target\":[\"https:\/\/www.revue3emillenaire.com\/blog\/creativite-et-developpement-de-la-personne\/\"]}]},{\"@type\":\"BreadcrumbList\",\"@id\":\"https:\/\/www.revue3emillenaire.com\/blog\/creativite-et-developpement-de-la-personne\/#breadcrumb\",\"itemListElement\":[{\"@type\":\"ListItem\",\"position\":1,\"name\":\"Accueil\",\"item\":\"https:\/\/www.revue3emillenaire.com\/blog\/\"},{\"@type\":\"ListItem\",\"position\":2,\"name\":\"Cr\u00e9ativit\u00e9 et d\u00e9veloppement de la personne\"}]},{\"@type\":\"WebSite\",\"@id\":\"https:\/\/www.revue3emillenaire.com\/blog\/#website\",\"url\":\"https:\/\/www.revue3emillenaire.com\/blog\/\",\"name\":\"3e mill\u00e9naire - Spiritualit\u00e9 - Connaissance de soi - Non-dualit\u00e9 - M\u00e9ditation\",\"description\":\"L&#039;Homme en devenir\",\"potentialAction\":[{\"@type\":\"SearchAction\",\"target\":{\"@type\":\"EntryPoint\",\"urlTemplate\":\"https:\/\/www.revue3emillenaire.com\/blog\/?s={search_term_string}\"},\"query-input\":{\"@type\":\"PropertyValueSpecification\",\"valueRequired\":true,\"valueName\":\"search_term_string\"}}],\"inLanguage\":\"fr-FR\"},{\"@type\":\"Person\",\"@id\":\"https:\/\/www.revue3emillenaire.com\/blog\/#\/schema\/person\/9a3a7cc4ccaa707f402d4394327106d5\",\"name\":\"3e mill\u00e9naire\",\"url\":\"https:\/\/www.revue3emillenaire.com\/blog\/author\/admin\/\"}]}<\/script>\n<!-- \/ Yoast SEO plugin. -->","yoast_head_json":{"title":"Cr\u00e9ativit\u00e9 et d\u00e9veloppement de la personne - 3e mill\u00e9naire - Spiritualit\u00e9 - Connaissance de soi - Non-dualit\u00e9 - M\u00e9ditation","robots":{"index":"index","follow":"follow","max-snippet":"max-snippet:-1","max-image-preview":"max-image-preview:large","max-video-preview":"max-video-preview:-1"},"canonical":"https:\/\/www.revue3emillenaire.com\/blog\/creativite-et-developpement-de-la-personne\/","og_locale":"fr_FR","og_type":"article","og_title":"Cr\u00e9ativit\u00e9 et d\u00e9veloppement de la personne - 3e mill\u00e9naire - Spiritualit\u00e9 - Connaissance de soi - Non-dualit\u00e9 - M\u00e9ditation","og_description":"Examinons quelques uns des emp\u00eachements du fonctionnement de l'intellect lui-m\u00eame. L'usage d\u00e9fensif et exclusif de l'intellect sous la forme de l'intellectualisme bien connu, aseptise la r\u00e9alit\u00e9 complexe au profit d'une abstraction plus facilement manipulable. Le fonctionnement intellectuel de ce type n'a rien \u00e0 voir avec la sagesse, n'a rien \u00e0 voir avec la vision de la r\u00e9alit\u00e9, n'a rien \u00e0 voir avec la lib\u00e9ration qui peut en r\u00e9sulter.","og_url":"https:\/\/www.revue3emillenaire.com\/blog\/creativite-et-developpement-de-la-personne\/","og_site_name":"3e mill\u00e9naire - Spiritualit\u00e9 - Connaissance de soi - Non-dualit\u00e9 - M\u00e9ditation","article_published_time":"2010-10-07T21:39:30+00:00","article_modified_time":"2011-09-29T02:09:11+00:00","author":"3e mill\u00e9naire","twitter_card":"summary_large_image","twitter_misc":{"\u00c9crit par":"3e mill\u00e9naire","Dur\u00e9e de lecture estim\u00e9e":"16 minutes"},"schema":{"@context":"https:\/\/schema.org","@graph":[{"@type":"Article","@id":"https:\/\/www.revue3emillenaire.com\/blog\/creativite-et-developpement-de-la-personne\/#article","isPartOf":{"@id":"https:\/\/www.revue3emillenaire.com\/blog\/creativite-et-developpement-de-la-personne\/"},"author":{"name":"3e mill\u00e9naire","@id":"https:\/\/www.revue3emillenaire.com\/blog\/#\/schema\/person\/9a3a7cc4ccaa707f402d4394327106d5"},"headline":"Cr\u00e9ativit\u00e9 et d\u00e9veloppement de la personne","datePublished":"2010-10-07T21:39:30+00:00","dateModified":"2011-09-29T02:09:11+00:00","mainEntityOfPage":{"@id":"https:\/\/www.revue3emillenaire.com\/blog\/creativite-et-developpement-de-la-personne\/"},"wordCount":3203,"keywords":["Cr\u00e9ativit\u00e9","religion","Spiritualit\u00e9"],"articleSection":["Chevalier Jean","Collectif"],"inLanguage":"fr-FR"},{"@type":"WebPage","@id":"https:\/\/www.revue3emillenaire.com\/blog\/creativite-et-developpement-de-la-personne\/","url":"https:\/\/www.revue3emillenaire.com\/blog\/creativite-et-developpement-de-la-personne\/","name":"Cr\u00e9ativit\u00e9 et d\u00e9veloppement de la personne - 3e mill\u00e9naire - Spiritualit\u00e9 - Connaissance de soi - Non-dualit\u00e9 - M\u00e9ditation","isPartOf":{"@id":"https:\/\/www.revue3emillenaire.com\/blog\/#website"},"datePublished":"2010-10-07T21:39:30+00:00","dateModified":"2011-09-29T02:09:11+00:00","author":{"@id":"https:\/\/www.revue3emillenaire.com\/blog\/#\/schema\/person\/9a3a7cc4ccaa707f402d4394327106d5"},"breadcrumb":{"@id":"https:\/\/www.revue3emillenaire.com\/blog\/creativite-et-developpement-de-la-personne\/#breadcrumb"},"inLanguage":"fr-FR","potentialAction":[{"@type":"ReadAction","target":["https:\/\/www.revue3emillenaire.com\/blog\/creativite-et-developpement-de-la-personne\/"]}]},{"@type":"BreadcrumbList","@id":"https:\/\/www.revue3emillenaire.com\/blog\/creativite-et-developpement-de-la-personne\/#breadcrumb","itemListElement":[{"@type":"ListItem","position":1,"name":"Accueil","item":"https:\/\/www.revue3emillenaire.com\/blog\/"},{"@type":"ListItem","position":2,"name":"Cr\u00e9ativit\u00e9 et d\u00e9veloppement de la personne"}]},{"@type":"WebSite","@id":"https:\/\/www.revue3emillenaire.com\/blog\/#website","url":"https:\/\/www.revue3emillenaire.com\/blog\/","name":"3e mill\u00e9naire - Spiritualit\u00e9 - Connaissance de soi - Non-dualit\u00e9 - M\u00e9ditation","description":"L&#039;Homme en devenir","potentialAction":[{"@type":"SearchAction","target":{"@type":"EntryPoint","urlTemplate":"https:\/\/www.revue3emillenaire.com\/blog\/?s={search_term_string}"},"query-input":{"@type":"PropertyValueSpecification","valueRequired":true,"valueName":"search_term_string"}}],"inLanguage":"fr-FR"},{"@type":"Person","@id":"https:\/\/www.revue3emillenaire.com\/blog\/#\/schema\/person\/9a3a7cc4ccaa707f402d4394327106d5","name":"3e mill\u00e9naire","url":"https:\/\/www.revue3emillenaire.com\/blog\/author\/admin\/"}]}},"_links":{"self":[{"href":"https:\/\/www.revue3emillenaire.com\/blog\/wp-json\/wp\/v2\/posts\/5096","targetHints":{"allow":["GET"]}}],"collection":[{"href":"https:\/\/www.revue3emillenaire.com\/blog\/wp-json\/wp\/v2\/posts"}],"about":[{"href":"https:\/\/www.revue3emillenaire.com\/blog\/wp-json\/wp\/v2\/types\/post"}],"author":[{"embeddable":true,"href":"https:\/\/www.revue3emillenaire.com\/blog\/wp-json\/wp\/v2\/users\/1"}],"replies":[{"embeddable":true,"href":"https:\/\/www.revue3emillenaire.com\/blog\/wp-json\/wp\/v2\/comments?post=5096"}],"version-history":[{"count":0,"href":"https:\/\/www.revue3emillenaire.com\/blog\/wp-json\/wp\/v2\/posts\/5096\/revisions"}],"wp:attachment":[{"href":"https:\/\/www.revue3emillenaire.com\/blog\/wp-json\/wp\/v2\/media?parent=5096"}],"wp:term":[{"taxonomy":"category","embeddable":true,"href":"https:\/\/www.revue3emillenaire.com\/blog\/wp-json\/wp\/v2\/categories?post=5096"},{"taxonomy":"post_tag","embeddable":true,"href":"https:\/\/www.revue3emillenaire.com\/blog\/wp-json\/wp\/v2\/tags?post=5096"}],"curies":[{"name":"wp","href":"https:\/\/api.w.org\/{rel}","templated":true}]}}