{"id":5357,"date":"2010-10-15T18:05:11","date_gmt":"2010-10-15T17:05:11","guid":{"rendered":"http:\/\/pro.ovh.net\/~emillena\/blog\/?p=5357"},"modified":"2011-09-29T02:58:57","modified_gmt":"2011-09-29T01:58:57","slug":"a-lecoute-de-soi-pour-comprendre-lunivers-un-entretien-avec-le-docteur-tomatis","status":"publish","type":"post","link":"https:\/\/www.revue3emillenaire.com\/blog\/a-lecoute-de-soi-pour-comprendre-lunivers-un-entretien-avec-le-docteur-tomatis\/","title":{"rendered":"A l&rsquo;\u00e9coute de soi pour comprendre l&rsquo;univers. Un entretien avec le docteur Tomatis"},"content":{"rendered":"<p style=\"text-align: justify;\">(Revue Aurores. No 45. Juillet-Ao\u00fbt 1984)<\/p>\n<p style=\"text-align: justify;\">\n<p style=\"text-align: justify;\"><em>Sp\u00e9cialiste d&rsquo;audiologie et de phonologie, le docteur <a href=\"http:\/\/fr.wikipedia.org\/wiki\/Alfred_Tomatis\" target=\"_blank\">A. Tomatis<\/a> (1920-2001) n&rsquo;\u00e9tait pas un chercheur scientifique ordinaire. En cr\u00e9ant une nouvelle discipline, l&rsquo;audio-psycho-phonologie, il soigna ceux qui ont perdu le sens de la vie, de la communication et de l&rsquo;\u00e9coute. Pour le docteur Tomatis, c&rsquo;est au plus profond de la nuit ut\u00e9rine et d\u00e8s le commencement que s&rsquo;installe l&rsquo;\u00e9coute. Par l&rsquo;\u00e9coute, le langage s&rsquo;\u00e9labore, la pens\u00e9e prend son envol, la conscience fait place \u00e0 l&rsquo;inconscient.<\/em><\/p>\n<p style=\"text-align: justify;\">\n<p style=\"text-align: justify;\"><strong><em>AURORES : Le fait d&rsquo;entendre et de reproduire des sons est une chose naturelle et, habituellement, nous nous posons peu de questions sur ce ph\u00e9nom\u00e8ne. Vous dites pourtant que nous n&rsquo;avions pas, primitivement, d&rsquo;\u00e9l\u00e9ment dans notre corps vou\u00e9 \u00e0 cette destination (pas d&rsquo;organe de phonation). Pouvez-vous nous expliquer cette transformation ?<\/em><\/strong><\/p>\n<p style=\"text-align: justify;\">\n<p style=\"text-align: justify;\">Alfred Tomatis: Nous sommes persuad\u00e9s que nous avons essentiellement un larynx, pour parler, chanter ou produire des sons, une bouche pour prononcer, une langue pour conduire le langage. Ces appareils ont une fonction propre: le larynx pour ne pas avaler de travers, la bouche pour d\u00e9glutir, etc&#8230; Mais l&rsquo;impulsion, le d\u00e9sir de communiquer est tel \u2014car l&rsquo;homme est un \u00abanimal\u00bb de communication\u2014 que nous sommes conduits \u00e0 utiliser ces appareils dans le but\u00a0 d&rsquo;ins\u00e9rer un dialogue avec les autres. En y regardant mieux, ce ne sont pas ces organes qui sont mis en cause; mais tout le syst\u00e8me nerveux et tout le corps qui est impliqu\u00e9. En fait, l&rsquo;homme est une oreille en totalit\u00e9.<\/p>\n<p style=\"text-align: justify;\">\n<p style=\"text-align: justify;\"><strong><em>A. : L&rsquo;oreille est sans doute l&rsquo;\u00e9l\u00e9ment qui joue le plus grand r\u00f4le dans la communication, la relation avec l&rsquo;autre. Sans oreille nous ne pourrions pas non plus ma\u00eetriser l&rsquo;\u00e9mission des sons que nous produisons. Mais ce que vous d\u00eetes du r\u00f4le de l&rsquo;oreille et du larynx \u00e0 propos de la lecture est beaucoup plus \u00e9tonnant. L&rsquo;\u0153il, \u00e0 lui seul, pourrait lire beaucoup plus vite, mais, d&rsquo;apr\u00e8s vous, il est d\u00e9pendant de l&rsquo;oreille et du larynx. Pouvez-vous nous expliquer ce processus?<\/em><\/strong><\/p>\n<p style=\"text-align: justify;\">\n<p style=\"text-align: justify;\">A. T.: L&rsquo;oreille n&rsquo;est pas un appareil sensoriel comme les autres; pour pouvoir fonctionner, elle s&rsquo;est annex\u00e9 un syst\u00e8me nerveux et va conduire l&rsquo;homme sur le chemin de son devenir.<\/p>\n<p style=\"text-align: justify;\">Il y a l\u00e0 encore tout un cheminement \u00e0 faire; l&rsquo;homme va vers l&rsquo;\u00e9coute, il n&rsquo;y est pas encore arriv\u00e9 en totalit\u00e9. L&rsquo;univers est en train de se faire. Nous sommes dans le temps, oblig\u00e9s peu \u00e0 peu \u00e0 progresser et l&rsquo;oreille fait ce cheminement.<\/p>\n<p style=\"text-align: justify;\">\n<p style=\"text-align: justify;\">Dans l&rsquo;oreille il y a deux organes: le vestibule, qui commande, et la cochl\u00e9e qui va faire une analyse des sons. Ainsi, parler va \u00eatre une dialectique entre l&rsquo;analyse des sons et le vestibule qui est la commande du corps. Un des grands processus de cette dialectique est int\u00e9gr\u00e9 par la lecture. Gr\u00e2ce au vestibule, on va pouvoir faire bouger la musculature de l&rsquo;\u0153il; les petits signes \u00e0 d\u00e9crypter n&rsquo;ont de valeur que parce-que ce sont des sons.<\/p>\n<p style=\"text-align: justify;\">\n<p style=\"text-align: justify;\">Pour en venir au processus de ralentissement auquel vous faisiez allusion, lorsque l&rsquo;on se prend \u00e0 penser et ensuite \u00e0 lire, nous voyons que la pens\u00e9e va \u00e0 une vitesse ph\u00e9nom\u00e9nale. C&rsquo;est un frein de se mettre \u00e0 parler lorsque l&rsquo;on pense; on le voit aussi quand il faut \u00e9crire.<\/p>\n<p style=\"text-align: justify;\">\n<p style=\"text-align: justify;\">Pour apprendre \u00e0 lire, nous avons \u00e9t\u00e9 oblig\u00e9s de faire, peu \u00e0 peu, tout un montage, larynx, corps, vision et superposition des sons. Si nous restons enferr\u00e9s dans le souvenir de la difficult\u00e9 initiale, chaque fois que l&rsquo;on va lire, on le fera assez lentement. Lorsque l&rsquo;on veut arriver \u00e0 une lecture plus rapide, il suffit de savoir rel\u00e2cher le larynx. C&rsquo;est une des techniques de relaxation que l&rsquo;Inde a tr\u00e8s bien exploit\u00e9e. Ceci implique qu&rsquo;il y ait une excellente int\u00e9gration de la lecture. Si cela n&rsquo;a pas \u00e9t\u00e9 fait on tombe dans une difficult\u00e9 qui est le propre m\u00eame de la dyslexie. On voit pointer toutes les erreurs qui ont \u00e9t\u00e9 faites au niveau de la lecture et qui s&rsquo;instaurent dramatiquement quand on exige des enfants un apprentissage de la lecture en silence. C&rsquo;est vouloir faire des chefs d&rsquo;orchestre qui n&rsquo;ont jamais entendu une note de musique.<\/p>\n<p style=\"text-align: justify;\">\n<p style=\"text-align: justify;\">Le mot \u00ablire\u00bb vient du latin legere, qui vient lui-m\u00eame de logos, parole vivante; legere signifie faire la moisson par les oreilles.<\/p>\n<p style=\"text-align: justify;\">\n<p style=\"text-align: justify;\">Dans la r\u00e8gle de Saint Beno\u00eet il est pr\u00e9cis\u00e9 que chaque moine doit lire \u00e0 haute voix dans sa cellule, de telle mani\u00e8re qu&rsquo;il ne g\u00eane pas le voisin.<\/p>\n<p style=\"text-align: justify;\">\n<p style=\"text-align: justify;\">Lire, en fait, c&rsquo;est prendre un \u0153il qui sert de t\u00eate de d\u00e9cryptage pour que, ce qui est sur le papier, reprenne vie, en le pronon\u00e7ant, et s&rsquo;imprime dans le cerveau qui ne marche pas autrement. Si on veut m\u00e9moriser en se concentrant, il faut lire \u00e0 haute voix, \u00e0 condition que la lecture soit correcte.<\/p>\n<p style=\"text-align: justify;\">\n<p style=\"text-align: justify;\"><strong><em>A.: L&rsquo;homme est appel\u00e9 \u00e0 devenir un \u00ab\u00e9coutant\u00bb. Vous \u00e9crivez: \u00abD\u00e8s que la vie prend corps, le d\u00e9sir d&rsquo;\u00e9couter est l\u00e0, comme une disposition exceptionnelle\u00a0\u00bb. Qu&rsquo;appelez-vous \u00e9coute?<\/em><\/strong><\/p>\n<p style=\"text-align: justify;\">\n<p style=\"text-align: justify;\">A. T. : Il est difficile de d\u00e9finir l&rsquo;\u00e9coute pour plusieurs raisons. D&rsquo;abord, sous pr\u00e9texte que l&rsquo;on a des oreilles, tout le monde croit pouvoir \u00e9couter. Pour une meilleure d\u00e9finition, il faut distinguer \u00abentendre\u00bb, qui est quelque chose de passif, et \u00ab\u00e9couter\u00bb, qui prend une autre dynamique d&rsquo;activit\u00e9 dans laquelle est impliqu\u00e9e la volont\u00e9. \u00c9couter, c&rsquo;est \u00abtendre\u00bb l&rsquo;oreille volontairement; entendre, c&rsquo;est se laisser inonder de sons, tout en pouvant \u00e9ventuellement penser \u00e0 autre chose. Se prendre \u00e0 \u00e9couter, c&rsquo;est tendre tout son corps vers l&rsquo;autre; c&rsquo;est d\u00e9j\u00e0 un autre but. D\u00e8s qu&rsquo;il y a p\u00e9n\u00e9tration de l&rsquo;\u00e9coute on voit la volont\u00e9 qui appara\u00eet, mais aussi la conscience qui s&rsquo;allume. D\u00e8s qu&rsquo;il y a conscience on verra par le m\u00eame jeu, au niveau du cortex, comment cela marche ; on verra s&rsquo;allumer et la concentration et la m\u00e9moire. L&rsquo;\u00e9coute est la premi\u00e8re porte ouverte vers la conscience.<\/p>\n<p style=\"text-align: justify;\">\n<p style=\"text-align: justify;\"><strong><em>A. : Pour prendre conscience et \u00eatre \u00e0 l&rsquo;\u00e9coute, il y a aussi une disponibilit\u00e9 qui est requise dans le corps ?<\/em><\/strong><\/p>\n<p style=\"text-align: justify;\">\n<p style=\"text-align: justify;\">A. T.: Bien s\u00fbr. C&rsquo;est pour moi, le sommet de ce vers quoi l&rsquo;homme devrait tendre. C&rsquo;est \u00eatre \u00e0 la disposition de l&rsquo;autre. Nous sommes dans des satellites fantastiques qui s&rsquo;appellent des corps humains et je crois que nous sommes ici pour ex\u00e9cuter une mission. Malheureusement en cours de route, on oublie cette d\u00e9pendance, cette mission, et on finit par \u00eatre un corps qui d\u00e9ambule pour son propre compte. L\u00e0 commence le d\u00e9sarroi du processus humain: au lieu d&rsquo;\u00eatre, l&rsquo;homme va exister. Mais celui qui se trouve \u00eatre une antenne \u00e0 l&rsquo;\u00e9coute va se mettre, \u00e0 un moment donn\u00e9, \u00e0 percevoir tout ce qui se passe. \u00c9couter quoi? \u00c9couter tout. Je pense \u00e9couter la cr\u00e9ation et son cr\u00e9ateur, jusqu&rsquo;\u00e0 \u00e9couter la derni\u00e8re cellule de son corps. Il faut savoir s&rsquo;\u00e9couter, et savoir s&rsquo;\u00e9couter ne veut pas dire tomber dans un narcissisme fantastique.<\/p>\n<p style=\"text-align: justify;\">\n<p style=\"text-align: justify;\">Plus j&rsquo;avance, plus je pense que l&rsquo;homme qui \u00e9volue ne parle pas; c&rsquo;est l&rsquo;univers qui parle \u00e0 travers lui; et peut-\u00eatre son cr\u00e9ateur. Lui, il ne fait qu&rsquo;exprimer, gr\u00e2ce \u00e0 ce corps, il va \u00eatre, un moment donn\u00e9, l&rsquo;instrument de quelque chose qui parle. La conscience, qui est elle d&rsquo;un tr\u00e8s haut niveau, va se cristalliser et traverser des zones de pens\u00e9e, des zones d&rsquo;\u00e9mission. Le cerveau va capter ces \u00e9missions et les traduire en musique pour certains, en litt\u00e9rature pour d&rsquo;autres, en dynamique de recherche&#8230; Si vous oubliez que cela vous a \u00e9t\u00e9 donn\u00e9, transmis, l&rsquo;id\u00e9e qui vous a \u00e9t\u00e9 ainsi offerte sera la derni\u00e8re. On le voit en recherche: quelqu&rsquo;un qui croit avoir trouv\u00e9 quelque chose est perdu. Cela nous est donn\u00e9, cela nous traverse si nous sommes de vrais chercheurs, et c&rsquo;est parce que nous avons mis au service de l&rsquo;autre ce qui nous a \u00e9t\u00e9 donn\u00e9 que d&rsquo;autres id\u00e9es vont arriver, d&rsquo;une mani\u00e8re extraordinaire. A tout instant il y a une possibilit\u00e9 d&rsquo;effacement du ph\u00e9nom\u00e8ne existentiel, pour ne sentir r\u00e9sonner que l&rsquo;\u00eatre qui est \u00e0 l&rsquo;int\u00e9rieur.<\/p>\n<p style=\"text-align: justify;\">\n<p style=\"text-align: justify;\">Cela exige un abandon total du moi.<\/p>\n<p style=\"text-align: justify;\">\n<p style=\"text-align: justify;\">C&rsquo;est la totalit\u00e9 de l&rsquo;\u00eatre qui vit. Le corps n&rsquo;est jamais aussi heureux que lorsqu&rsquo;il est \u00e0 la disposition de l&rsquo;\u00eatre. Ce qui veut dire \u00e9couter. Un mot tr\u00e8s dangereux est \u00aballer vers l&rsquo;\u00e9coute\u00bb. Chez les latins qui ont cherch\u00e9 le plus fort cette dimension, oboedire (vers-l&rsquo;audition &#8211; aller), ce qui a donn\u00e9 en fran\u00e7ais \u00abob\u00e9ir\u00bb. Quand on dit actuellement \u00e0 quelqu&rsquo;un d&rsquo;ob\u00e9ir, il ne le vit que comme contrainte. M\u00eame ceux qui sont astreints \u00e0 la r\u00e8gle de l&rsquo;ob\u00e9issance, comme les moines, ne comprennent plus. Celui qui a la chance d&rsquo;ob\u00e9ir, dans une adh\u00e9sion totale, est libre. Si on veut vivre vraiment en totalit\u00e9 et avoir la pl\u00e9nitude d&rsquo;explorer ce que nous sommes, il faut \u00eatre \u00abbranch\u00e9\u00bb sur notre orbite; il faut savoir \u00e9couter.<\/p>\n<p style=\"text-align: justify;\">\n<p style=\"text-align: justify;\"><strong><em>A. : C&rsquo;est une disposition que l&rsquo;on acquiert tr\u00e8s t\u00f4t ?<\/em><\/strong><\/p>\n<p style=\"text-align: justify;\">\n<p style=\"text-align: justify;\">A. T. : L&rsquo;accouchement, je le vois comme un duo d&rsquo;amour entre la m\u00e8re et l&rsquo;enfant. L&#8217;embryon commence d\u00e9j\u00e0 \u00e0 \u00e9couter \u2014non pas entendre mais \u00e9couter\u2014. Il y a une relation de vie extraordinaire entre la m\u00e8re et l&rsquo;enfant. A la naissance, l&rsquo;oreille interne, faite pour fonctionner dans un milieu aquatique, doit \u00eatre r\u00e9utilis\u00e9e pour vivre la m\u00eame dimension relationnelle avec la m\u00e8re. Tout cela n&rsquo;est pas perdu si ce n&rsquo;est que l&rsquo;appareil fait pour adapter ce nouveau mode de perception, l&rsquo;oreille moyenne et l&rsquo;oreille externe, n&rsquo;est pas encore mis en route. Pendant quelques jours il y a un d\u00e9sarroi \u00e9norme. Avant la naissance, la communication \u00e9tait bonne; on entendait la voix de la m\u00e8re. L&rsquo;oreille interne coupe les graves (bruits du c\u0153ur, des intestins, de la respiration) et ne per\u00e7oit que la voix de la m\u00e8re.<\/p>\n<p style=\"text-align: justify;\">\n<p style=\"text-align: justify;\">Il y a facilit\u00e9 \u00e0 ce que l&rsquo;adaptation se fasse assez vite, l&rsquo;oreille va commencer \u00e0 s&rsquo;ouvrir au moment o\u00f9 l&rsquo;enfant vient \u00e0 l&rsquo;ext\u00e9rieur. La difficult\u00e9 est que si le milieu n&rsquo;est pas favorable, au lieu de pouvoir avoir cette oreille qui va devenir toujours bonne, l&rsquo;oreille ne va pas \u00e9clore. Sa s\u00e9lectivit\u00e9 reste ferm\u00e9e, ce qui veut dire que tous les sons vont arriver par paquet, sans avoir la chance d&rsquo;\u00eatre analys\u00e9s et l\u00e0 commencent les mis\u00e8res. Si le milieu n&rsquo;est pas favorable, si la voix du p\u00e8re est trop forte, si la voix de la m\u00e8re n&rsquo;est pas assez chaleureuse, l&rsquo;oreille va s&rsquo;ab\u00eemer de plus en plus. L&rsquo;enfant va perdre peu \u00e0 peu le d\u00e9sir d&rsquo;\u00e9couter, le d\u00e9sir d&rsquo;ouvrir sa conscience, jusqu&rsquo;\u00e0 perdre le d\u00e9sir de vivre.<\/p>\n<p style=\"text-align: justify;\">\n<p style=\"text-align: justify;\"><strong><em>A. : Cette r\u00e9\u00e9ducation de l&rsquo;oreille se fait-elle assez rapidement et facilement ?<\/em><\/strong><\/p>\n<p style=\"text-align: justify;\">\n<p style=\"text-align: justify;\">A. T. : Elle se fait rapidement et facilement suivant toujours le m\u00eame processus. Nous reprenons la voix de la m\u00e8re et nous la faisons entendre comme le f\u0153tus l&rsquo;a entendue. A ce moment tous les ph\u00e9nom\u00e8nes se red\u00e9clenchent, ainsi que le d\u00e9sir de repartir dans une dynamique. A d\u00e9faut de la voix sp\u00e9cifique de la m\u00e8re, nous prenons des musiques, comme celle de Mozart.<\/p>\n<p style=\"text-align: justify;\">\n<p style=\"text-align: justify;\">Cela dure, pour un cas moyen, trois semaines pour pouvoir rena\u00eetre \u00e0 l&rsquo;audition, et apr\u00e8s pour permettre de l&rsquo;utiliser, cela va durer deux, trois ou quatre fois une semaine.<\/p>\n<p style=\"text-align: justify;\">\n<p style=\"text-align: justify;\"><strong><em>A. : Le d\u00e9sir d&rsquo;\u00eatre et le d\u00e9sir d&rsquo;\u00e9coute tels que vous les concevez paraissent indissociables. Vous dites, avec force, dans votre ouvrage \u00abL&rsquo;oreille et la Vie\u00bb que c&rsquo;est par le corps et dans le corps, que l&rsquo;\u00catre se manifeste. L&rsquo;homme a-t-il une possibilit\u00e9 d&rsquo;\u00eatre \u00e0 l&rsquo;\u00e9coute de la vie par une pr\u00e9sence \u00e0 son corps ? Ou de se ressourcer \u00e0 la sensation de l&rsquo;\u00catre ?<\/em><\/strong><\/p>\n<p style=\"text-align: justify;\">\n<p style=\"text-align: justify;\">A. T. : Oui. C&rsquo;est impliqu\u00e9 parce que le corps n&rsquo;est que du syst\u00e8me nerveux; d&rsquo;autant plus que la peau et le syst\u00e8me nerveux sont le m\u00eame organe. Vous avez en p\u00e9riph\u00e9rie ce qui est dermique, qui vient de la m\u00eame source qui donnera le syst\u00e8me nerveux, dans l&rsquo;ontogen\u00e8se. Val\u00e9ry disait que ce qu&rsquo;il y a de plus profond dans l&rsquo;homme, c&rsquo;est la peau.<\/p>\n<p style=\"text-align: justify;\">\n<p style=\"text-align: justify;\">Ensuite, tout ce qui est corps, muscle, os, a un appareil sensoriel extraordinairement marqu\u00e9, qui va nous donner peu \u00e0 peu la notion de l&rsquo;image du corps, qui va m\u00eame nous donner une image de l&rsquo;utilisation de ce corps. Cette utilisation ne se fait que pour autant que le sujet veuille bien entrer en prise de conscience de ce corps pour pouvoir acc\u00e9der au plan de l&rsquo;\u00e9coute. S&rsquo;il n&rsquo;a pas d&rsquo;\u00e9coute, l&rsquo;homme va tomber sur l&rsquo;exigence de ce corps.<\/p>\n<p style=\"text-align: justify;\">\n<p style=\"text-align: justify;\">Il sera en partie soumis \u00e0 ses exigences et ob\u00e9ira aux besoins de l&rsquo;\u00abanimal\u00bb en lui. L&rsquo;humain dans l&rsquo;homme est autre chose. Il y a cette r\u00e9sonnance de l&rsquo;\u00eatre, cette transcendance qui va utiliser ce corps pour devenir. Alors, l&rsquo;homme n&rsquo;est plus \u00e0 la disposition du corps, c&rsquo;est le corps qui devient un instrument \u00e0 la disposition de l&rsquo;\u00eatre, dans un renversement dynamique.<\/p>\n<p style=\"text-align: justify;\">\n<p style=\"text-align: justify;\">Un sujet qui a la chance d&rsquo;entrer dans ces processus de compr\u00e9hension va mettre ce corps \u00e0 son service pour exploiter sa cr\u00e9ativit\u00e9; la r\u00e9sonnance de l&rsquo;\u00eatre n&rsquo;est que de la cr\u00e9ativit\u00e9. (Croire et cr\u00e9er, c&rsquo;est le m\u00eame mot). Si on va plus loin, dans le sens dynamique et corporel, on se rend compte que cela ira jusqu&rsquo;\u00e0 la cons\u00e9quence de vivre et d&rsquo;aimer.<\/p>\n<p style=\"text-align: justify;\">\n<p style=\"text-align: justify;\">Plus un sujet est inond\u00e9 de ses souvenirs, plus il oublie sa vraie m\u00e9moire. Le souvenir bloque la m\u00e9moire. Plus on a de soucis, plus on oublie \u00abque l&rsquo;homme est en m\u00e9moire \u00e9ternel\u00bb comme le dit un verset du psaume 3. Autrement dit, l&rsquo;homme est un cristal qui doit int\u00e9grer \u00e0 tout moment l&rsquo;univers et le r\u00e9fl\u00e9chir. A cause de ses probl\u00e8mes, au lieu de regarder le ciel, il ne regarde que ses pieds \u2014 et il s&rsquo;oublie.<\/p>\n<p style=\"text-align: justify;\"><strong><em> <\/em><\/strong><\/p>\n<p style=\"text-align: justify;\"><strong><em>A. : Communiquer librement par le langage n&rsquo;est pas chose ais\u00e9e. Vous \u00e9voquez les risques d&rsquo;enlisement dans les arcanes d&rsquo;une langue qui impose sa structure et \u00e9touffe l&rsquo;homme par ses m\u00e9canismes. Peut-on seulement y \u00e9chapper ?<\/em><\/strong><\/p>\n<p style=\"text-align: justify;\">\n<p style=\"text-align: justify;\">A. T.: On ne peut pas y \u00e9chapper tout de suite. Au d\u00e9but, l&rsquo;enfant a une pens\u00e9e et il essaie d&rsquo;utiliser quelques mots, puis il se rend compte que pour affiner son discours il doit en ajouter d&rsquo;autres. L\u00e0, il rentre dans le langage commun. Le p\u00e8re introduira la premi\u00e8re langue \u00ab\u00e9trang\u00e8re\u00bb. L&rsquo;enfant va apprendre le discours et l&rsquo;int\u00e9grer avec des r\u00e9actions \u00e9normes. Le discours d&rsquo;un p\u00e8re, qui est d\u00e9j\u00e0 bien \u00e9tabli se rencontrera avec celui du fils, qui dira les m\u00eames mots, alors que la signification ne sera plus tout \u00e0 fait la m\u00eame.<\/p>\n<p style=\"text-align: justify;\">\n<p style=\"text-align: justify;\">Vers 40 &#8211; 42 ans, lorsque le syst\u00e8me nerveux est totalement termin\u00e9 (alors que l&rsquo;oreille est termin\u00e9e \u00e0 la naissance, l&rsquo;oreille en tant que syst\u00e8me nerveux jusqu&rsquo;au cerveau&#8230;) le sujet va se trouver ma\u00eetre de sa langue et beaucoup de gens ne commencent \u00e0 \u00e9crire qu&rsquo;\u00e0 ce moment l\u00e0. Platon disait qu&rsquo;on aborde jamais la philosophie avant cinquante ans. Il avait raison. Il faudra, non pas \u00eatre infl\u00e9chi par le mot lui-m\u00eame, mais progresser jusqu&rsquo;\u00e0 un certain niveau o\u00f9 la ma\u00eetrise est telle que le sujet n&rsquo;a plus besoin de mots pour rencontrer sa pens\u00e9e. Le mot est alors un acc\u00e9l\u00e9rateur pour entrer dans une dimension de contact et d&rsquo;\u00e9coute d&rsquo;un autre ordre.<\/p>\n<p style=\"text-align: right;\">La fin de l&rsquo;entretien est dans le num\u00e9ro suivant et manquant d&rsquo;Aurores<\/p>\n","protected":false},"excerpt":{"rendered":"<p>Il est difficile de d\u00e9finir l&rsquo;\u00e9coute pour plusieurs raisons. D&rsquo;abord, sous pr\u00e9texte que l&rsquo;on a des oreilles, tout le monde croit pouvoir \u00e9couter. Pour une meilleure d\u00e9finition, il faut distinguer \u00abentendre\u00bb, qui est quelque chose de passif, et \u00ab\u00e9couter\u00bb, qui prend une autre dynamique d&rsquo;activit\u00e9 dans laquelle est impliqu\u00e9e la volont\u00e9. \u00c9couter, c&rsquo;est \u00abtendre\u00bb l&rsquo;oreille volontairement; entendre, c&rsquo;est se laisser inonder de sons, tout en pouvant \u00e9ventuellement penser \u00e0 autre chose. Se prendre \u00e0 \u00e9couter, c&rsquo;est tendre tout son corps vers l&rsquo;autre&#8230;<\/p>\n","protected":false},"author":1,"featured_media":0,"comment_status":"closed","ping_status":"closed","sticky":false,"template":"","format":"standard","meta":{"footnotes":""},"categories":[5,789],"tags":[791,261,790],"class_list":["post-5357","post","type-post","status-publish","format-standard","hentry","category-interview","category-tomatis-alfred","tag-ecoute","tag-langage","tag-oreille"],"yoast_head":"<!-- This site is optimized with the Yoast SEO plugin v27.0 - https:\/\/yoast.com\/product\/yoast-seo-wordpress\/ -->\n<title>A l&#039;\u00e9coute de soi pour comprendre l&#039;univers. Un entretien avec le docteur Tomatis - 3e mill\u00e9naire - Spiritualit\u00e9 - Connaissance de soi - Non-dualit\u00e9 - M\u00e9ditation<\/title>\n<meta name=\"robots\" content=\"index, follow, max-snippet:-1, max-image-preview:large, max-video-preview:-1\" \/>\n<link rel=\"canonical\" href=\"https:\/\/www.revue3emillenaire.com\/blog\/a-lecoute-de-soi-pour-comprendre-lunivers-un-entretien-avec-le-docteur-tomatis\/\" \/>\n<meta property=\"og:locale\" content=\"fr_FR\" \/>\n<meta property=\"og:type\" content=\"article\" \/>\n<meta property=\"og:title\" content=\"A l&#039;\u00e9coute de soi pour comprendre l&#039;univers. Un entretien avec le docteur Tomatis - 3e mill\u00e9naire - Spiritualit\u00e9 - Connaissance de soi - Non-dualit\u00e9 - M\u00e9ditation\" \/>\n<meta property=\"og:description\" content=\"Il est difficile de d\u00e9finir l&#039;\u00e9coute pour plusieurs raisons. D&#039;abord, sous pr\u00e9texte que l&#039;on a des oreilles, tout le monde croit pouvoir \u00e9couter. Pour une meilleure d\u00e9finition, il faut distinguer \u00abentendre\u00bb, qui est quelque chose de passif, et \u00ab\u00e9couter\u00bb, qui prend une autre dynamique d&#039;activit\u00e9 dans laquelle est impliqu\u00e9e la volont\u00e9. \u00c9couter, c&#039;est \u00abtendre\u00bb l&#039;oreille volontairement; entendre, c&#039;est se laisser inonder de sons, tout en pouvant \u00e9ventuellement penser \u00e0 autre chose. Se prendre \u00e0 \u00e9couter, c&#039;est tendre tout son corps vers l&#039;autre...\" \/>\n<meta property=\"og:url\" content=\"https:\/\/www.revue3emillenaire.com\/blog\/a-lecoute-de-soi-pour-comprendre-lunivers-un-entretien-avec-le-docteur-tomatis\/\" \/>\n<meta property=\"og:site_name\" content=\"3e mill\u00e9naire - Spiritualit\u00e9 - Connaissance de soi - Non-dualit\u00e9 - M\u00e9ditation\" \/>\n<meta property=\"article:published_time\" content=\"2010-10-15T17:05:11+00:00\" \/>\n<meta property=\"article:modified_time\" content=\"2011-09-29T01:58:57+00:00\" \/>\n<meta name=\"author\" content=\"3e mill\u00e9naire\" \/>\n<meta name=\"twitter:card\" content=\"summary_large_image\" \/>\n<meta name=\"twitter:label1\" content=\"\u00c9crit par\" \/>\n\t<meta name=\"twitter:data1\" content=\"3e mill\u00e9naire\" \/>\n\t<meta name=\"twitter:label2\" content=\"Dur\u00e9e de lecture estim\u00e9e\" \/>\n\t<meta name=\"twitter:data2\" content=\"13 minutes\" \/>\n<script type=\"application\/ld+json\" class=\"yoast-schema-graph\">{\"@context\":\"https:\/\/schema.org\",\"@graph\":[{\"@type\":\"Article\",\"@id\":\"https:\/\/www.revue3emillenaire.com\/blog\/a-lecoute-de-soi-pour-comprendre-lunivers-un-entretien-avec-le-docteur-tomatis\/#article\",\"isPartOf\":{\"@id\":\"https:\/\/www.revue3emillenaire.com\/blog\/a-lecoute-de-soi-pour-comprendre-lunivers-un-entretien-avec-le-docteur-tomatis\/\"},\"author\":{\"name\":\"3e mill\u00e9naire\",\"@id\":\"https:\/\/www.revue3emillenaire.com\/blog\/#\/schema\/person\/9a3a7cc4ccaa707f402d4394327106d5\"},\"headline\":\"A l&rsquo;\u00e9coute de soi pour comprendre l&rsquo;univers. Un entretien avec le docteur Tomatis\",\"datePublished\":\"2010-10-15T17:05:11+00:00\",\"dateModified\":\"2011-09-29T01:58:57+00:00\",\"mainEntityOfPage\":{\"@id\":\"https:\/\/www.revue3emillenaire.com\/blog\/a-lecoute-de-soi-pour-comprendre-lunivers-un-entretien-avec-le-docteur-tomatis\/\"},\"wordCount\":2652,\"keywords\":[\"\u00c9coute\",\"langage\",\"Oreille\"],\"articleSection\":[\"Entretien\/Interview\",\"Tomatis Alfred\"],\"inLanguage\":\"fr-FR\"},{\"@type\":\"WebPage\",\"@id\":\"https:\/\/www.revue3emillenaire.com\/blog\/a-lecoute-de-soi-pour-comprendre-lunivers-un-entretien-avec-le-docteur-tomatis\/\",\"url\":\"https:\/\/www.revue3emillenaire.com\/blog\/a-lecoute-de-soi-pour-comprendre-lunivers-un-entretien-avec-le-docteur-tomatis\/\",\"name\":\"A l'\u00e9coute de soi pour comprendre l'univers. Un entretien avec le docteur Tomatis - 3e mill\u00e9naire - Spiritualit\u00e9 - Connaissance de soi - Non-dualit\u00e9 - M\u00e9ditation\",\"isPartOf\":{\"@id\":\"https:\/\/www.revue3emillenaire.com\/blog\/#website\"},\"datePublished\":\"2010-10-15T17:05:11+00:00\",\"dateModified\":\"2011-09-29T01:58:57+00:00\",\"author\":{\"@id\":\"https:\/\/www.revue3emillenaire.com\/blog\/#\/schema\/person\/9a3a7cc4ccaa707f402d4394327106d5\"},\"breadcrumb\":{\"@id\":\"https:\/\/www.revue3emillenaire.com\/blog\/a-lecoute-de-soi-pour-comprendre-lunivers-un-entretien-avec-le-docteur-tomatis\/#breadcrumb\"},\"inLanguage\":\"fr-FR\",\"potentialAction\":[{\"@type\":\"ReadAction\",\"target\":[\"https:\/\/www.revue3emillenaire.com\/blog\/a-lecoute-de-soi-pour-comprendre-lunivers-un-entretien-avec-le-docteur-tomatis\/\"]}]},{\"@type\":\"BreadcrumbList\",\"@id\":\"https:\/\/www.revue3emillenaire.com\/blog\/a-lecoute-de-soi-pour-comprendre-lunivers-un-entretien-avec-le-docteur-tomatis\/#breadcrumb\",\"itemListElement\":[{\"@type\":\"ListItem\",\"position\":1,\"name\":\"Accueil\",\"item\":\"https:\/\/www.revue3emillenaire.com\/blog\/\"},{\"@type\":\"ListItem\",\"position\":2,\"name\":\"A l&rsquo;\u00e9coute de soi pour comprendre l&rsquo;univers. Un entretien avec le docteur Tomatis\"}]},{\"@type\":\"WebSite\",\"@id\":\"https:\/\/www.revue3emillenaire.com\/blog\/#website\",\"url\":\"https:\/\/www.revue3emillenaire.com\/blog\/\",\"name\":\"3e mill\u00e9naire - Spiritualit\u00e9 - Connaissance de soi - Non-dualit\u00e9 - M\u00e9ditation\",\"description\":\"L&#039;Homme en devenir\",\"potentialAction\":[{\"@type\":\"SearchAction\",\"target\":{\"@type\":\"EntryPoint\",\"urlTemplate\":\"https:\/\/www.revue3emillenaire.com\/blog\/?s={search_term_string}\"},\"query-input\":{\"@type\":\"PropertyValueSpecification\",\"valueRequired\":true,\"valueName\":\"search_term_string\"}}],\"inLanguage\":\"fr-FR\"},{\"@type\":\"Person\",\"@id\":\"https:\/\/www.revue3emillenaire.com\/blog\/#\/schema\/person\/9a3a7cc4ccaa707f402d4394327106d5\",\"name\":\"3e mill\u00e9naire\",\"url\":\"https:\/\/www.revue3emillenaire.com\/blog\/author\/admin\/\"}]}<\/script>\n<!-- \/ Yoast SEO plugin. -->","yoast_head_json":{"title":"A l'\u00e9coute de soi pour comprendre l'univers. Un entretien avec le docteur Tomatis - 3e mill\u00e9naire - Spiritualit\u00e9 - Connaissance de soi - Non-dualit\u00e9 - M\u00e9ditation","robots":{"index":"index","follow":"follow","max-snippet":"max-snippet:-1","max-image-preview":"max-image-preview:large","max-video-preview":"max-video-preview:-1"},"canonical":"https:\/\/www.revue3emillenaire.com\/blog\/a-lecoute-de-soi-pour-comprendre-lunivers-un-entretien-avec-le-docteur-tomatis\/","og_locale":"fr_FR","og_type":"article","og_title":"A l'\u00e9coute de soi pour comprendre l'univers. Un entretien avec le docteur Tomatis - 3e mill\u00e9naire - Spiritualit\u00e9 - Connaissance de soi - Non-dualit\u00e9 - M\u00e9ditation","og_description":"Il est difficile de d\u00e9finir l'\u00e9coute pour plusieurs raisons. D'abord, sous pr\u00e9texte que l'on a des oreilles, tout le monde croit pouvoir \u00e9couter. Pour une meilleure d\u00e9finition, il faut distinguer \u00abentendre\u00bb, qui est quelque chose de passif, et \u00ab\u00e9couter\u00bb, qui prend une autre dynamique d'activit\u00e9 dans laquelle est impliqu\u00e9e la volont\u00e9. \u00c9couter, c'est \u00abtendre\u00bb l'oreille volontairement; entendre, c'est se laisser inonder de sons, tout en pouvant \u00e9ventuellement penser \u00e0 autre chose. Se prendre \u00e0 \u00e9couter, c'est tendre tout son corps vers l'autre...","og_url":"https:\/\/www.revue3emillenaire.com\/blog\/a-lecoute-de-soi-pour-comprendre-lunivers-un-entretien-avec-le-docteur-tomatis\/","og_site_name":"3e mill\u00e9naire - Spiritualit\u00e9 - Connaissance de soi - Non-dualit\u00e9 - M\u00e9ditation","article_published_time":"2010-10-15T17:05:11+00:00","article_modified_time":"2011-09-29T01:58:57+00:00","author":"3e mill\u00e9naire","twitter_card":"summary_large_image","twitter_misc":{"\u00c9crit par":"3e mill\u00e9naire","Dur\u00e9e de lecture estim\u00e9e":"13 minutes"},"schema":{"@context":"https:\/\/schema.org","@graph":[{"@type":"Article","@id":"https:\/\/www.revue3emillenaire.com\/blog\/a-lecoute-de-soi-pour-comprendre-lunivers-un-entretien-avec-le-docteur-tomatis\/#article","isPartOf":{"@id":"https:\/\/www.revue3emillenaire.com\/blog\/a-lecoute-de-soi-pour-comprendre-lunivers-un-entretien-avec-le-docteur-tomatis\/"},"author":{"name":"3e mill\u00e9naire","@id":"https:\/\/www.revue3emillenaire.com\/blog\/#\/schema\/person\/9a3a7cc4ccaa707f402d4394327106d5"},"headline":"A l&rsquo;\u00e9coute de soi pour comprendre l&rsquo;univers. Un entretien avec le docteur Tomatis","datePublished":"2010-10-15T17:05:11+00:00","dateModified":"2011-09-29T01:58:57+00:00","mainEntityOfPage":{"@id":"https:\/\/www.revue3emillenaire.com\/blog\/a-lecoute-de-soi-pour-comprendre-lunivers-un-entretien-avec-le-docteur-tomatis\/"},"wordCount":2652,"keywords":["\u00c9coute","langage","Oreille"],"articleSection":["Entretien\/Interview","Tomatis Alfred"],"inLanguage":"fr-FR"},{"@type":"WebPage","@id":"https:\/\/www.revue3emillenaire.com\/blog\/a-lecoute-de-soi-pour-comprendre-lunivers-un-entretien-avec-le-docteur-tomatis\/","url":"https:\/\/www.revue3emillenaire.com\/blog\/a-lecoute-de-soi-pour-comprendre-lunivers-un-entretien-avec-le-docteur-tomatis\/","name":"A l'\u00e9coute de soi pour comprendre l'univers. Un entretien avec le docteur Tomatis - 3e mill\u00e9naire - Spiritualit\u00e9 - Connaissance de soi - Non-dualit\u00e9 - M\u00e9ditation","isPartOf":{"@id":"https:\/\/www.revue3emillenaire.com\/blog\/#website"},"datePublished":"2010-10-15T17:05:11+00:00","dateModified":"2011-09-29T01:58:57+00:00","author":{"@id":"https:\/\/www.revue3emillenaire.com\/blog\/#\/schema\/person\/9a3a7cc4ccaa707f402d4394327106d5"},"breadcrumb":{"@id":"https:\/\/www.revue3emillenaire.com\/blog\/a-lecoute-de-soi-pour-comprendre-lunivers-un-entretien-avec-le-docteur-tomatis\/#breadcrumb"},"inLanguage":"fr-FR","potentialAction":[{"@type":"ReadAction","target":["https:\/\/www.revue3emillenaire.com\/blog\/a-lecoute-de-soi-pour-comprendre-lunivers-un-entretien-avec-le-docteur-tomatis\/"]}]},{"@type":"BreadcrumbList","@id":"https:\/\/www.revue3emillenaire.com\/blog\/a-lecoute-de-soi-pour-comprendre-lunivers-un-entretien-avec-le-docteur-tomatis\/#breadcrumb","itemListElement":[{"@type":"ListItem","position":1,"name":"Accueil","item":"https:\/\/www.revue3emillenaire.com\/blog\/"},{"@type":"ListItem","position":2,"name":"A l&rsquo;\u00e9coute de soi pour comprendre l&rsquo;univers. Un entretien avec le docteur Tomatis"}]},{"@type":"WebSite","@id":"https:\/\/www.revue3emillenaire.com\/blog\/#website","url":"https:\/\/www.revue3emillenaire.com\/blog\/","name":"3e mill\u00e9naire - Spiritualit\u00e9 - Connaissance de soi - Non-dualit\u00e9 - M\u00e9ditation","description":"L&#039;Homme en devenir","potentialAction":[{"@type":"SearchAction","target":{"@type":"EntryPoint","urlTemplate":"https:\/\/www.revue3emillenaire.com\/blog\/?s={search_term_string}"},"query-input":{"@type":"PropertyValueSpecification","valueRequired":true,"valueName":"search_term_string"}}],"inLanguage":"fr-FR"},{"@type":"Person","@id":"https:\/\/www.revue3emillenaire.com\/blog\/#\/schema\/person\/9a3a7cc4ccaa707f402d4394327106d5","name":"3e mill\u00e9naire","url":"https:\/\/www.revue3emillenaire.com\/blog\/author\/admin\/"}]}},"_links":{"self":[{"href":"https:\/\/www.revue3emillenaire.com\/blog\/wp-json\/wp\/v2\/posts\/5357","targetHints":{"allow":["GET"]}}],"collection":[{"href":"https:\/\/www.revue3emillenaire.com\/blog\/wp-json\/wp\/v2\/posts"}],"about":[{"href":"https:\/\/www.revue3emillenaire.com\/blog\/wp-json\/wp\/v2\/types\/post"}],"author":[{"embeddable":true,"href":"https:\/\/www.revue3emillenaire.com\/blog\/wp-json\/wp\/v2\/users\/1"}],"replies":[{"embeddable":true,"href":"https:\/\/www.revue3emillenaire.com\/blog\/wp-json\/wp\/v2\/comments?post=5357"}],"version-history":[{"count":0,"href":"https:\/\/www.revue3emillenaire.com\/blog\/wp-json\/wp\/v2\/posts\/5357\/revisions"}],"wp:attachment":[{"href":"https:\/\/www.revue3emillenaire.com\/blog\/wp-json\/wp\/v2\/media?parent=5357"}],"wp:term":[{"taxonomy":"category","embeddable":true,"href":"https:\/\/www.revue3emillenaire.com\/blog\/wp-json\/wp\/v2\/categories?post=5357"},{"taxonomy":"post_tag","embeddable":true,"href":"https:\/\/www.revue3emillenaire.com\/blog\/wp-json\/wp\/v2\/tags?post=5357"}],"curies":[{"name":"wp","href":"https:\/\/api.w.org\/{rel}","templated":true}]}}