{"id":5531,"date":"2010-10-31T02:28:12","date_gmt":"2010-10-31T01:28:12","guid":{"rendered":"http:\/\/pro.ovh.net\/~emillena\/blog\/?p=5531"},"modified":"2011-09-26T00:52:56","modified_gmt":"2011-09-25T23:52:56","slug":"les-archetypes-et-linconscient-objectif-par-dominique-casterman","status":"publish","type":"post","link":"https:\/\/www.revue3emillenaire.com\/blog\/les-archetypes-et-linconscient-objectif-par-dominique-casterman\/","title":{"rendered":"Les arch\u00e9types et l&rsquo;inconscient \u00ab\u00a0objectif\u00a0\u00bb Par Dominique Casterman"},"content":{"rendered":"<p style=\"text-align: justify;\">Je pense que toute structure individualis\u00e9e, d\u00e8s l&rsquo;infiniment petit du monde quantique, a une conscience op\u00e9rationnelle de l&rsquo;environnement (\u00e0 ne pas confondre avec la conscience objectivante distinguant radicalement le sujet et l&rsquo;objet), se relie \u00e0 son milieu (a donc l&rsquo;intelligence d&rsquo;int\u00e9grer sa structure individuelle dans l&rsquo;ensemble) et poss\u00e8de l&rsquo;\u00e9nergie qui se concr\u00e9tise dans une forme et une substance propres \u00e0 chaque structure. Conscience, intelligence, \u00e9nergie, sont les termes \u2014 d\u00e9gag\u00e9s d&rsquo;un sens exclusivement anthropomorphique \u2014 ins\u00e9parables de l&rsquo;\u00e9volution cosmique et biologique.<\/p>\n<p style=\"text-align: justify;\">\n<p style=\"text-align: justify;\">La conscience individuelle, ou si vous voulez, le moi, n&rsquo;est pas une image int\u00e9rieure (celle-ci n&rsquo;\u00e9tant que la cons\u00e9quence de l&rsquo;identification de notre conscience avec des symboles ext\u00e9rieurs ou int\u00e9rieurs), mais c&rsquo;est plus pr\u00e9cis\u00e9ment un processus dynamique de prise de conscience se renouvelant d&rsquo;instant en instant. Le moi est une fonction naturelle et partielle qui se structure progressivement pour permettre \u00e0 l&rsquo;individu d&rsquo;exprimer, d&rsquo;int\u00e9grer et de gouverner dans le monde ses sensations, ses sentiments, ses \u00e9motions et ses pens\u00e9es. Il ressemble au dieu Janus, une face tourn\u00e9e vers son int\u00e9riorit\u00e9 et une autre vers les autres et le monde. La fonction du moi consiste \u00e0 relier PRATIQUEMENT les mondes int\u00e9rieur et ext\u00e9rieur, c&rsquo;est-\u00e0-dire soi et l&rsquo;environnement. Cela n&rsquo;est possible que si l&rsquo;individu s&rsquo;engage dans un processus d&rsquo;\u00e9largissement de la conscience, dans un processus de connaissance o\u00f9 il voit d\u00e9filer les contenus de la psych\u00e9, sans juger, sans rejeter, sans s&rsquo;attacher.<\/p>\n<p style=\"text-align: justify;\">\n<p style=\"text-align: justify;\">Il faut savoir que toutes les formations psychiques non reconnues ont un effet de possession sur le moi. Ces \u00e9l\u00e9ments psychiques se manifestent sous forme de complexes, c&rsquo;est-\u00e0-dire de personnalit\u00e9s parcellaires, telles les personnifications de l&rsquo;ombre, de l&rsquo;anima et l&rsquo;animus, qui sont des symboles arch\u00e9typiques. Les complexes peuvent aussi \u00eatre des n\u0153uds id\u00e9o-affectifs proches de notre histoire personnelle, ce sont par exemple des culpabilit\u00e9s (souvent ill\u00e9gitimes) impos\u00e9es par l&rsquo;environnement. L&rsquo;ombre, c&rsquo;est la r\u00e9action de l&rsquo;inconscient objectif <a id=\"ftnref1\" href=\"#ftn1\">[1]<\/a> face \u00e0 l&rsquo;oppression des complexes personnels et de nos modes de vie consciemment admis et int\u00e9gr\u00e9s \u00e0 la personnalit\u00e9 du moi.<\/p>\n<p style=\"text-align: justify;\">\n<p style=\"text-align: justify;\">Distinguons les complexes personnels transmis par l&rsquo;\u00e9ducation (par ex. les fausses morales) et ceux que Jung a appel\u00e9s autonomes. Ces derniers surgissent de l&rsquo;inconscient comme des r\u00e9ponses face aux conditions de l&rsquo;existence, et s&rsquo;ils ne sont pas reconnus et int\u00e9gr\u00e9s par le moi \u2014 parce que refoul\u00e9s ou ni\u00e9s \u2014 ils envahissent la conscience individuelle et conditionnent, souvent n\u00e9gativement, la vie de l&rsquo;individu. Ce sont g\u00e9n\u00e9ralement des personnifications des \u00e9nergies arch\u00e9typiques mettant en sc\u00e8ne des images, des personnages, repr\u00e9sentatifs de sch\u00e8mes de comportements universels. Toute identification du moi avec les images arch\u00e9typiques <a id=\"ftnref2\" href=\"#ftn2\">[2]<\/a> de l&rsquo;inconscient profond conduit \u00e0 l&rsquo;inflation du moi en m\u00eame temps qu&rsquo;\u00e0 une d\u00e9valorisation des valeurs universelles sous-jacentes. Par exemple, l&rsquo;image de dieu est probablement porteuse d&rsquo;une v\u00e9rit\u00e9 universelle, peut-\u00eatre d&rsquo;un arch\u00e9type de la totalit\u00e9; mais l&rsquo;identification du moi avec cette image peut amener l&rsquo;individu \u00e0 se sentir charg\u00e9 d&rsquo;une mission divine o\u00f9, comme c&rsquo;est trop souvent le cas, la fin justifie les moyens. Cette identification inflationniste et inconsciente avec les contenus symboliques de l&rsquo;inconscient conduit le moi \u00e0 un \u00e9tat de possession; il est comme saisi de l&rsquo;int\u00e9rieur par des \u00e9l\u00e9ments irrationnels et incontr\u00f4l\u00e9s, des humeurs se manifestant sous forme de personnalit\u00e9s autonomes, d&rsquo;o\u00f9 le nom de complexe autonome. Les contenus inconscients se r\u00e9alisent concr\u00e8tement par le moyen d&rsquo;une double projection. Par exemple, l&rsquo;\u00e9nergie arch\u00e9typique du Soi \u2014 c&rsquo;est-\u00e0-dire de l&rsquo;homme universel, \u00e9ternel en nous, de la totalit\u00e9 int\u00e9rieure source d&rsquo;ordre et de sens \u2014, non reconnue consciemment et int\u00e9gr\u00e9e dans la lumi\u00e8re de la conscience individuelle, peut \u00eatre projet\u00e9e sur une id\u00e9ologie ou sur un objet ext\u00e9rieur. Cette \u00e9nergie primitive est en quelque sorte report\u00e9e sur une image id\u00e9ale impr\u00e9gn\u00e9e d&rsquo;un sens reconnu par la collectivit\u00e9, et faisant par exemple de l&rsquo;individu un pseudo-proph\u00e8te religieux ou un tyran, un saint ou un homme d&rsquo;affaires cupide&#8230; Mais, en m\u00eame temps, tout ce qui fait obstacle \u00e0 la r\u00e9alisation des contenus inconscients sera projet\u00e9 (n\u00e9gativement) sur un ennemi ou, plus gentiment, sur un adversaire ext\u00e9rieur. Toute id\u00e9ologie fanatique est impr\u00e9gn\u00e9e d&rsquo;un d\u00e9sir pathologique de puret\u00e9 qualifi\u00e9e, \u00e0 juste titre, de dangereuse par B-H L\u00e9vy. En effet, la \u00ab\u00a0puret\u00e9 dangereuse\u00a0\u00bb contient en son sein la peur de la contamination, laquelle est imput\u00e9e aux autres qu&rsquo;il faudra \u00e9liminer pour se prot\u00e9ger et aussi pour mener \u00e0 bien la projection des contenus inconscients sur l&rsquo;image id\u00e9ale ou l&rsquo;id\u00e9ologie. Un autre exemple significatif est l&rsquo;arch\u00e9type de l&rsquo;anima qui contient matriciellement les qualit\u00e9s f\u00e9minines de l&rsquo;inconscient de l&rsquo;homme. Quand ces \u00e9l\u00e9ments psychiques ne sont pas int\u00e9gr\u00e9s dans la conscience, la nature f\u00e9minine de l&rsquo;inconscient de l&rsquo;homme se personnifie dans l&rsquo;image id\u00e9ale de la femme. Celle-ci est projet\u00e9e sur des femmes ext\u00e9rieures concr\u00e8tes qui fascinent et envo\u00fbtent la conscience de l&rsquo;homme. Cette projection positive est g\u00e9n\u00e9ralement accompagn\u00e9e d&rsquo;une projection n\u00e9gative sur la famille proche devenant l&rsquo;obstacle \u00e0 la r\u00e9alisation de l&rsquo;id\u00e9al.<\/p>\n<p style=\"text-align: justify;\">\n<p style=\"text-align: justify;\">\u00ab\u00a0<em>Le complexe autonome est au fond une fonction psychologique, qui usurpe (ou pour mieux dire qui poss\u00e8de encore) le caract\u00e8re d&rsquo;une personnalit\u00e9, gr\u00e2ce \u00e0 l&rsquo;autonomie dont elle jouit et \u00e0 son manque de d\u00e9veloppement psychologique. Mais nous entrevoyons d\u00e9j\u00e0 la possibilit\u00e9 de d\u00e9truire sa personnification en la transformant en une mani\u00e8re de passerelle qui m\u00e8ne vers l&rsquo;inconscient. C&rsquo;est parce que nous ne les utilisons pas consciemment et intentionnellement comme fonctions que l&rsquo;anima et l&rsquo;animus sont encore des complexes personnifi\u00e9s. Aussi longtemps qu&rsquo;ils se trouvent dans cet \u00e9tat, ils doivent \u00eatre reconnus et accept\u00e9s en tant que personnalit\u00e9s parcellaires relativement ind\u00e9pendantes. Ils ne peuvent pas s&rsquo;int\u00e9grer au conscient tant que leurs contenus sont ignor\u00e9s de celui-ci. La confrontation doit amener leurs contenus au grand jour, et ce n&rsquo;est que lorsque le conscient aura acquis une connaissance suffisante des processus de l&rsquo;inconscient qui s&rsquo;expriment et se refl\u00e8tent dans l&rsquo;anima que celle-ci pourra \u00eatre ressentie comme une simple fonction<\/em>.\u00a0\u00bb (Jung, \u00ab\u00a0<em>Dialectique du moi et de l&rsquo;inconscient<\/em>\u00ab\u00a0, p. 190).<\/p>\n<p style=\"text-align: justify;\">\n<p style=\"text-align: justify;\">Notons que dans la terminologie jungienne, l&rsquo;animus est chez la femme le pendant de l&rsquo;anima chez l&rsquo;homme. L&rsquo;arch\u00e9type de l&rsquo;animus contient matriciellement les qualit\u00e9s masculines de l&rsquo;inconscient de la femme. C&rsquo;est la nature masculine de l&rsquo;inconscient de la femme. La fonction de l&rsquo;image arch\u00e9typique est donc de permettre au conscient de dialoguer avec l&rsquo;inconscient; mais ce dialogue n&rsquo;est possible que si la conscience se diff\u00e9rencie de l&rsquo;image arch\u00e9typique en retirant la projection et par l\u00e0 en d\u00e9truisant la personnification pour la transformer en une esp\u00e8ce de passerelle fonctionnelle vers l&rsquo;inconscient. Le moi doit aussi accepter ses limites en se demandant, notamment, ce qu&rsquo;il va faire et ce qu&rsquo;il va devenir avec toutes ces images et affects qui s&rsquo;imposent \u00e0 sa conscience. Une conscience qui accepte ses limites en assumant pleinement son r\u00f4le de t\u00e9moin. Dans ces conditions, l&rsquo;individu r\u00e9alise progressivement sa propre compl\u00e9tude en int\u00e9grant dans la conscience les contenus de l&rsquo;inconscient. L&rsquo;homme n&rsquo;est plus fascin\u00e9 par l&rsquo;image projet\u00e9e de la femme, il l&rsquo;aime r\u00e9ellement car elle concr\u00e9tise, en son \u00e2me et en son corps, tout ce que sa conscience ne pourra jamais vraiment saisir c&rsquo;est-\u00e0-dire la vie elle-m\u00eame dans sa compl\u00e9tude. Nous ne pouvons go\u00fbter la compl\u00e9tude, la vivre, que dans nos relations \u00e0 l&rsquo;autre, \u00e0 la nature et \u00e0 l&rsquo;inconscient en tant que matrice de toute forme consciente. C&rsquo;est probablement ce qui fait dire \u00e0 Jung: \u00ab\u00a0<em>il n&rsquo;y a pas lieu de nourrir l&rsquo;espoir d&rsquo;atteindre jamais \u00e0 une conscience approximative du soi; car, quelque consid\u00e9rables que soient les secteurs, les paysages de nous-m\u00eames dont nous puissions prendre conscience, il n&rsquo;en subsistera pas moins une masse impr\u00e9cise et une somme impr\u00e9cisable d&rsquo;inconscience qui, elle aussi, fait partie int\u00e9grante de la totalit\u00e9 du soi<\/em>.\u00a0\u00bb (Jung, \u00ab\u00a0<em>Ma vie<\/em>\u00ab\u00a0, p. 462).<\/p>\n<p style=\"text-align: justify;\">\n<p style=\"text-align: justify;\">Les complexes, en tant que personnalit\u00e9s parcellaires articul\u00e9es autour de certaines id\u00e9es forces et exp\u00e9riences affectives, sont n\u00e9cessaires \u00e0 la construction de mod\u00e8les de comportement. En ce sens, les complexes sont, comme l&rsquo;affirme Jung, des n\u00e9cessit\u00e9s vitales. Les probl\u00e8mes s&rsquo;originent dans l&rsquo;autonomie dont jouissent encore certains complexes avec les caract\u00e8res d&rsquo;une personnalit\u00e9 ind\u00e9pendante qui, selon sa nature, est projet\u00e9e sur le monde et autrui ou prend possession du moi. Dans cette situation, la conscience est progressivement vid\u00e9e de son \u00e9nergie et est litt\u00e9ralement envahie et gouvern\u00e9e par des sous-personnalit\u00e9s autonomes.<\/p>\n<p style=\"text-align: justify;\">\n<p style=\"text-align: justify;\">\u00ab\u00a0On suppose en g\u00e9n\u00e9ral que les complexes ne sont pas normaux, alors que ce sont des n\u00e9cessit\u00e9s vitales; le moi, le complexe du moi en est un exemple. Le moi est un complexe qui dispose d&rsquo;\u00e9nergie, qui est autonome et qui se sent libre (c.\u00e0.d. d\u00e9termin\u00e9)&#8230;\u00a0\u00bb<\/p>\n<p style=\"text-align: justify;\">\n<p style=\"text-align: justify;\">\u00ab\u00a0<em>Qu&rsquo;est ce complexe du moi ? C&rsquo;est un amoncellement de contenus imbriqu\u00e9s les uns dans les autres, dou\u00e9s chacun d&rsquo;un potentiel \u00e9nerg\u00e9tique, et centr\u00e9s de fa\u00e7on \u00e9motionnelle autour du pr\u00e9cieux moi. Car le moi a un effet puissamment attractif sur toutes sortes de repr\u00e9sentations. Il peut m\u00eame \u00e0 lui seul occuper toute la conscience. On acc\u00e8de ainsi \u00e0 une conscience de soi exclusive, mesquine et p\u00e9nible, qui s&rsquo;\u00e9puise dans la pr\u00e9occupation et la perception de son comportement ext\u00e9rieur: on est poss\u00e9d\u00e9 par son propre moi<\/em>&#8230;\u00a0\u00bb<\/p>\n<p style=\"text-align: justify;\">\n<p style=\"text-align: justify;\">\u00ab\u00a0<em>Mais il existe une diff\u00e9rence primordiale entre les complexes en g\u00e9n\u00e9ral et celui du moi en particulier: le moi est dou\u00e9 de conscience. Il peut de la sorte faire retour sur lui-m\u00eame et se concevoir lui-m\u00eame, alors que les autres complexes ne paraissent t\u00e9moigner d&rsquo;aucune conscience. Il est fort difficile d&rsquo;ailleurs, pour ne pas dire impossible, de pr\u00e9ciser si les complexes ont ou n&rsquo;ont pas de conscience d&rsquo;eux-m\u00eames. Il est fr\u00e9quent que quelqu&rsquo;un se livre \u00e0 une action dont on pense qu&rsquo;il l&rsquo;accomplit consciemment, alors qu&rsquo;elle a lieu \u00e0 son insu. Cela est plus fr\u00e9quent qu&rsquo;on ne le croit<\/em>.\u00a0\u00bb (Jung, \u00ab\u00a0<em>L&rsquo;homme \u00e0 la d\u00e9couverte de son \u00e2me<\/em>\u00ab\u00a0, p.176).<\/p>\n<p style=\"text-align: justify;\">\n<p style=\"text-align: justify;\">Jung a remarquablement saisi cette situation int\u00e9rieure qui place le moi dans un \u00e9tat pathologique de possession et motive, tant individuellement que collectivement, les plus grandes mis\u00e8res humaines. Pourtant, il a vu aussi que l&rsquo;inconscient profond, sous certaines conditions, et surtout celle de la sauvegarde de la lumi\u00e8re de la conscience individuelle, pouvait \u00eatre \u00e0 la source des r\u00e9alisations spirituelles les plus authentiques.<\/p>\n<p style=\"text-align: justify;\">\n<p style=\"text-align: justify;\">\u00ab\u00a0<em>Les th\u00e8mes arch\u00e9typiques peuvent \u00e9blouir et fasciner aussi bien que cr\u00e9er des valeurs culturelles; ils peuvent conduire aussi bien au massacre fond\u00e9 sur l&rsquo;id\u00e9ologie ou la folie collective qu&rsquo;\u00e0 des r\u00e9alisations spirituelles. Le probl\u00e8me est ici de savoir si l&rsquo;individu saura conserver intact son moi conscient ou s&rsquo;il succombera \u00e0 l&rsquo;\u00e9norme charge \u00e9motionnelle que poss\u00e8dent toutes les repr\u00e9sentations arch\u00e9typiques, provoquant la d\u00e9sint\u00e9gration partielle ou totale de son moi conscient. Les guerres de religion, les luttes et les pers\u00e9cutions id\u00e9ologiques d&rsquo;hier et d&rsquo;aujourd&rsquo;hui r\u00e9v\u00e8lent d&rsquo;une fa\u00e7on impressionnante \u00e0 quel point l&rsquo;humanit\u00e9 demeure sujette aux \u00e9tats de possession. Jung a montr\u00e9 que la plupart des maladies mentales graves consistent en d\u00e9finitive en ce que le conscient est bouscul\u00e9 par des contenus arch\u00e9typiques qu&rsquo;il ne peut pas int\u00e9grer par suite d&rsquo;une certaine faiblesse. Plus le conscient est \u00e9troit, rationaliste et rigide, plus le danger est grand. Le contenu arch\u00e9typique constell\u00e9 dans de telles situations individuelles ou collectives est \u00e0 la fois le grand danger et le salut, car chaque fois qu&rsquo;un tel \u00e9l\u00e9ment s&rsquo;\u00e9veille et exerce sa pression \u00e0 partir de l&rsquo;inconscient, c&rsquo;est que son apparition est indispensable pour compenser une unilat\u00e9ralit\u00e9 du conscient. Toutefois, c&rsquo;est seulement dans et par l&rsquo;individu qu&rsquo;il peut \u00eatre reconnu et int\u00e9gr\u00e9<\/em>.\u00a0\u00bb (M-L Von Franz, Dans \u00ab\u00a0<em>Jung, son mythe en notre temps\u00a0\u00bb<\/em>).<\/p>\n<p style=\"text-align: justify;\">\n<p style=\"text-align: justify;\">Il est utile de voir clairement que le processus de compensation (ou fonction compensatrice de l&rsquo;inconscient) mis en \u00e9vidence par Jung montre que l&rsquo;inconscient compense spontan\u00e9ment l&rsquo;unilat\u00e9ralit\u00e9 de la conscience. Il faut entendre par attitude consciente le style de vie que l&rsquo;individu reconna\u00eet et affirme comme \u00e9tant le sien, c&rsquo;est l&rsquo;image de soi. \u00ab\u00a0<em>En chacun de nous existe ainsi une image de nous-m\u00eames, qui chevauche et impr\u00e8gne, comme une pr\u00e9sence fantomale, le flot de nos impressions sensorielles et chacun de nous, en la consid\u00e9rant, se dit: \u00ab\u00a0cela, c&rsquo;est moi, je suis cela, je suis moi\u00a0\u00bb<\/em>.\u00a0\u00bb (R. Fou\u00e9r\u00e9). Au fond, c&rsquo;est la forme de vie consciemment choisie (m\u00eame si c&rsquo;est une adaptation aux contraintes du milieu), c&rsquo;est le moi conscient indissociable des mobiles inconscients qui en constituent la face cach\u00e9e (par ex. certains sentiments de culpabilit\u00e9).<\/p>\n<p style=\"text-align: justify;\">\n<p style=\"text-align: justify;\">L&rsquo;ombre, c&rsquo;est l&rsquo;autre versant du moi, c&rsquo;est une personnification relativement autonome des tendances oppos\u00e9es \u00e0 celles du moi conscient et bien s\u00fbr incompatible avec la forme de vie consciemment choisie. C&rsquo;est cela qui fait dire \u00e0 Jung: \u00ab\u00a0<em>En tant qu&rsquo;\u00e9l\u00e9ment de l&rsquo;inconscient personnel, l&rsquo;ombre proc\u00e8de du moi; mais en tant qu&rsquo;arch\u00e9type de l&rsquo;\u00e9ternel \u00ab\u00a0antagoniste\u00a0\u00bb il proc\u00e8de de l&rsquo;inconscient collectif<\/em>.\u00a0\u00bb (Jung, \u00ab\u00a0<em>Ma vie<\/em>\u00ab\u00a0, p.459). Inconscient collectif ou objectif, c&rsquo;est-\u00e0-dire dont les contenus constituent les fondements de la psych\u00e9 en soi et ne rel\u00e8vent pas de la personnalit\u00e9 individuelle.<\/p>\n<p style=\"text-align: justify;\">\n<p style=\"text-align: justify;\">Comme les images visuelles \u00e9mergent dans un premier temps d&rsquo;une rencontre entre un syst\u00e8me nerveux et le r\u00e9el ext\u00e9rieur, on peut dire, par analogie, que l&rsquo;ombre \u00e9merge de la rencontre de l&rsquo;inconscient objectif avec le moi conscient. C&rsquo;est la raison pour laquelle l&rsquo;ombre, en tant qu&rsquo;\u00e9l\u00e9ment de l&rsquo;inconscient personnel, rel\u00e8ve du moi et est donc diff\u00e9rente pour chacun; mais en tant qu&rsquo;arch\u00e9type de l&rsquo;\u00e9ternel \u00ab\u00a0antagoniste\u00a0\u00bb, elle proc\u00e8de de l&rsquo;inconscient objectif et est donc identique chez chacun.<\/p>\n<p style=\"text-align: justify;\">\n<p style=\"text-align: justify;\">La fonction compensatrice de l&rsquo;inconscient n&rsquo;apporte pas de solutions. Elle est, au contraire, source de conflits int\u00e9rieurs puisqu&rsquo;elle produit des \u00e9l\u00e9ments psychiques incompatibles avec la forme de vie consciente. Cependant, la mise en pr\u00e9sence de termes incompatibles est un appel \u00e0 la transcendance, au d\u00e9passement de soi, \u00e0 ce que Jung appelle l&rsquo;av\u00e8nement du troisi\u00e8me terme ou fonction intuitive de l&rsquo;inconscient objectif. L&rsquo;anecdote suivante, bien qu&rsquo;elle ne soit pas propre \u00e0 l&rsquo;ombre, ne manque pas d&rsquo;int\u00e9r\u00eat: \u00ab\u00a0Comment \u00eates-vous parvenu \u00e0 vos d\u00e9couvertes ? demandait-on \u00e0 Newton.\u00a0\u00bb \u00ab\u00a0En y pensant toujours\u00a0\u00bb, r\u00e9pondit-il.- Et il s&rsquo;expliquait: \u00ab\u00a0Je tiens le sujet de ma recherche constamment devant moi et j&rsquo;attends que les premi\u00e8res lueurs commencent \u00e0 s&rsquo;ouvrir lentement et peu \u00e0 peu jusqu&rsquo;\u00e0 se changer en une clart\u00e9 pleine et enti\u00e8re.\u00a0\u00bb (Cit\u00e9 par A. Jeandidier, \u00ab\u00a0<em>La connaissance humaine<\/em>\u00ab\u00a0, p.40). Plus avant, dans le m\u00eame ouvrage, on pourra lire: \u00ab\u00a0<em>Trois degr\u00e9s se distinguent dans l&rsquo;activit\u00e9 du psychisme. Tout au bas, dans les op\u00e9rations de la vie courante: un automatisme l\u00e9g\u00e8rement soutenu par la pens\u00e9e. Au-dessus: la pens\u00e9e qui s&rsquo;explicite en discours, qui se r\u00e9alise en images, qui se d\u00e9veloppe en raisonnement. Tout au haut, enfin, au degr\u00e9 sup\u00e9rieur de la vie mentale apparaissent ces intuitions inexprim\u00e9es qui pr\u00e9c\u00e8dent souvent nos actes ou nos \u00e9laborations intellectuelles. Il semble que l&rsquo;intuition pr\u00e9c\u00e8de la formule et de beaucoup la d\u00e9passe<\/em>.\u00a0\u00bb<\/p>\n<p style=\"text-align: justify;\">\n<p style=\"text-align: justify;\">Dans le contexte des conflits psychiques, la fonction intuitive de l&rsquo;inconscient ne peut s&rsquo;actualiser qu&rsquo;\u00e0 la condition de rendre l&rsquo;ombre consciente, et d&rsquo;accepter pleinement les \u00e9l\u00e9ments psychiques incompatibles avec le moi comme faisant partie \u00e0 part enti\u00e8re de nous-m\u00eames. Il ne s&rsquo;agit ni de n\u00e9gliger l&rsquo;ombre, encore moins de la refouler et s\u00fbrement pas de l&rsquo;identifier au moi. C&rsquo;est en int\u00e9grant consciemment toutes les formes de vie qui nous habitent, en supportant le conflit sans trancher en faveur d&rsquo;un terme au d\u00e9triment de son oppos\u00e9, que le moi finit par accepter ses limites, par supporter le conflit et par attendre en confiance ce que Jung appelle le troisi\u00e8me terme.<\/p>\n<p style=\"text-align: justify;\">\n<p style=\"text-align: justify;\">\u00ab\u00a0<em>Jung appelle troisi\u00e8me terme le facteur inattendu qui survient. Il \u00e9tait logiquement impr\u00e9visible et se pr\u00e9sente dans un mouvement qui d\u00e9passe les termes du conflit<\/em>.\u00a0\u00bb<\/p>\n<p style=\"text-align: justify;\">\n<p style=\"text-align: justify;\">\u00ab\u00a0<em>Jung d\u00e9couvrit que la croissance vient de l&rsquo;inconscient et qu&rsquo;elle a lieu dans la relation paradoxale d&rsquo;un sujet conscient, le moi, et d&rsquo;un sujet inconscient, qu&rsquo;il appela plus tard le soi<\/em>.\u00a0\u00bb<\/p>\n<p style=\"text-align: justify;\">\n<p style=\"text-align: justify;\">\u00ab\u00a0<em>Sous forme d&rsquo;un symbole, d&rsquo;une pente d&rsquo;\u00e9nergie, d&rsquo;un nouveau point de vue, c&rsquo;est finalement la relation du moi et du soi qui est la chose nouvelle, c&rsquo;est le sujet qui sort du conflit<\/em>.\u00a0\u00bb<\/p>\n<p style=\"text-align: justify;\">\n<p style=\"text-align: justify;\">\u00ab\u00a0<em>Les dynamismes inconscients sont dans un rapport compensatoire avec le conscient. Lorsqu&rsquo;ils provoquent un conflit, ils ont aussi la capacit\u00e9, si le moi supporte les tensions, de proposer un symbole, une nouvelle orientation, un d\u00e9passement impr\u00e9visible de la situation. Ils manifestent alors l&rsquo;existence d&rsquo;un centre inconscient de la personnalit\u00e9<\/em>.\u00a0\u00bb (Humbert, dans \u00ab\u00a0<em>Jung<\/em>\u00ab\u00a0, p.41). Dans le m\u00eame ouvrage, page 125, on lira: \u00ab\u00a0<em>On peut donc consid\u00e9rer l&rsquo;individuation comme un processus qui sous-tend la dur\u00e9e de la vie et qui se transforme quand il devient conscient, c&rsquo;est-\u00e0-dire, pour Jung, quand le moi fait l&rsquo;exp\u00e9rience de l&rsquo;inconscient collectif. Cela se produit le plus souvent lors de la rencontre avec l&rsquo;ombre, ou dans la diff\u00e9renciation de l&rsquo;anima et de l&rsquo;animus d&rsquo;avec leur projection; et toujours sous la forme d&rsquo;un conflit o\u00f9 le moi se transforme (&#8230;) L&rsquo;individuation suppose que l&rsquo;on reconnaisse l&rsquo;existence du centre inconscient de la personnalit\u00e9 et que l&rsquo;on s&rsquo;accorde avec lui. C&rsquo;est cela \u00ab\u00a0\u00eatre entier\u00a0\u00bb. La coordination du moi et du soi r\u00e9alise la totalit\u00e9, quelles que soient les blessures et les manques. Car il ne s&rsquo;agit ni de tout avoir ni d&rsquo;\u00eatre tout, mais d&rsquo;exister selon une structure o\u00f9 jouent des principes oppos\u00e9s<\/em>.\u00a0\u00bb<\/p>\n<p style=\"text-align: justify;\">\n<p style=\"text-align: justify;\">On voit que la fonction compensatrice de l&rsquo;inconscient objectif conduit in\u00e9vitablement au conflit. Celui-ci peut \u00eatre une condition de progr\u00e8s et un appel \u00e0 la transcendance si le moi accepte ses limites en se tenant \u00e0 distance des oppos\u00e9s, et aussi en diff\u00e9renciant les images arch\u00e9typiques de leurs projections afin de les transformer en une esp\u00e8ce de passerelle vers l&rsquo;inconscient. Alors seulement on peut envisager un \u00e9tat se situant au-del\u00e0 du conflit et non, par un processus de r\u00e9gression, en de\u00e7\u00e0. La fonction intuitive s&rsquo;\u00e9veille, et avec elle le processus d&rsquo;individuation c&rsquo;est-\u00e0-dire l&rsquo;aspiration \u00e0 \u00ab\u00a0\u00eatre entier\u00a0\u00bb, dans l&rsquo;acceptation et l&rsquo;int\u00e9gration au sein de la conscience, par les fonctions de l&rsquo;intellect, de l&rsquo;image et de l&rsquo;\u00e9motion, des termes contradictoires qui nous habitent. Cette pratique de la contradiction n&rsquo;est pas une r\u00e9gression mais un d\u00e9passement du conflit par l&rsquo;activation de la fonction intuitive de l&rsquo;inconscient objectif.<\/p>\n<p style=\"text-align: justify;\">\n<p style=\"text-align: justify;\"><strong>NOTE <a id=\"ftn1\" href=\"#ftnref1\">[1]<\/a>: CERVEAU ET ENVIRONNEMENT<\/strong><\/p>\n<p style=\"text-align: justify;\"><strong>INCONSCIENT OBJECTIF ET IMAGES\/SENSATIONS DU REEL EXT\u00c9RIEUR<\/strong><\/p>\n<p style=\"text-align: justify;\">\n<p style=\"text-align: justify;\">On peut avancer l&rsquo;id\u00e9e que deux r\u00e9els nous sont donn\u00e9s: le r\u00e9el ext\u00e9rieur (l&rsquo;environnement) et le r\u00e9el int\u00e9rieur (les fondements du corps et de l&rsquo;esprit).<\/p>\n<p style=\"text-align: justify;\">\n<p style=\"text-align: justify;\">Ces deux r\u00e9els ne se manifestent pas directement \u00e0 la conscience. Nous les appr\u00e9hendons indirectement par l&rsquo;interm\u00e9diaire des sensations, des images, des sentiments, des intuitions.<\/p>\n<p style=\"text-align: justify;\">\n<p style=\"text-align: justify;\">D&rsquo;abord les canaux sensoriels captent les \u00e9l\u00e9ments mat\u00e9riels d&rsquo;information du r\u00e9el ext\u00e9rieur. Le cerveau, en recevant ces diverses informations, cr\u00e9e des images et des sensations. Ce monde de la conscience, \u00e0 l&rsquo;intersection de soi et du r\u00e9el ext\u00e9rieur, est un lieu que nous cr\u00e9ons et que nous habitons. Boris Cyrulnik, dans son livre \u00ab\u00a0<em>L&rsquo;ensorcellement du monde<\/em>\u00a0\u00bb dit: \u00ab\u00a0<em>Tout organisme invente le milieu qu&rsquo;il habite. Le papillon donne forme, en le percevant, \u00e0 un milieu cosmique, lumineux et ph\u00e9romonal qui le gouverne. Et l&rsquo;homme engendre un milieu compos\u00e9 par ses repr\u00e9sentations sensorielles, imag\u00e9es puis verbales qui structurent son destin d&rsquo;homme, et non pas de papillon (&#8230;) Si l&rsquo;on s&rsquo;entra\u00eene \u00e0 penser la condition humaine comme un corps capable de produire un monde virtuel et de l&rsquo;habiter en l&rsquo;\u00e9prouvant r\u00e9ellement, le corps, l&rsquo;alentour et l&rsquo;artifice seront con\u00e7us comme un ensemble fonctionnel: un individu poreux, p\u00e9n\u00e9tr\u00e9 par un alentour sensoriel, que structure l&rsquo;artifice<\/em>.\u00a0\u00bb<\/p>\n<p style=\"text-align: justify;\">\n<p style=\"text-align: justify;\">\u00ab\u00a0<em>L&rsquo;homme est deux fois ensorcel\u00e9: par l&rsquo;\u00e9volution qui fa\u00e7onne son monde et suscite la pens\u00e9e qui fa\u00e7onne son monde<\/em>.\u00a0\u00bb (p. 13).<\/p>\n<p style=\"text-align: justify;\">\n<p style=\"text-align: justify;\">Il existe aussi un r\u00e9el int\u00e9rieur auquel nous (la conscience) n&rsquo;avons pas directement acc\u00e8s. Nous l&rsquo;appr\u00e9hendons indirectement par l&rsquo;interm\u00e9diaire des sentiments, des intuitions, des images porteuses de mod\u00e8les de comportement. Ces derni\u00e8res sont \u00e0 distinguer des images optiques, li\u00e9es directement au syst\u00e8me visuel, qui sont des mod\u00e8les du monde et non des mod\u00e8les de comportement.<\/p>\n<p style=\"text-align: justify;\">\n<p style=\"text-align: justify;\">L&rsquo;inconscient objectif, en recevant des sensations, des images visuelles (mod\u00e8les du monde), mais aussi des images associ\u00e9es \u00e0 des affects (tu es courageux, intelligent&#8230;) que les autres nous renvoient de nous-m\u00eames, cr\u00e9e des sentiments, des \u00e9motions, des mod\u00e8les de comportement, des intuitions. Ce monde de la conscience, \u00e0 l&rsquo;intersection de l&rsquo;inconscient objectif et de notre repr\u00e9sentation du monde et de nous-m\u00eames, est encore un autre lieu que nous cr\u00e9ons spontan\u00e9ment et que nous habitons. C&rsquo;est un lieu charg\u00e9 de sens, de significations individuelles et collectives qui gouvernent l&rsquo;action dans un lieu o\u00f9 le corps, l&rsquo;environnement et la cr\u00e9ation de conscience sont indissociables.<\/p>\n<p style=\"text-align: justify;\">\n<p style=\"text-align: justify;\">Sentir la faim, sans plus, conduit \u00e0 une impasse si cette sensation n&rsquo;\u00e9veille pas dans l&rsquo;inconscient objectif et les m\u00e9moires acquises des mod\u00e8les de comportement qui pourront l&rsquo;assouvir (par ex. le mod\u00e8le comportemental de pr\u00e9dation). Sans l&rsquo;action, gouvern\u00e9e par des mod\u00e8les de comportement d&rsquo;abord inn\u00e9s et puis perfectibles, les sensations et images du r\u00e9el ext\u00e9rieur n&rsquo;auraient aucune raison d&rsquo;\u00eatre. La sensation de faim ne peut se manifester que dans un organisme porteur d&rsquo;un mod\u00e8le de comportement (action sur le milieu) qui permettra d&rsquo;assouvir les besoins de la soci\u00e9t\u00e9 cellulaire organique et donc la survie. \u00c9tant bien entendu que tout mod\u00e8le de comportement peut se complexifier en s&rsquo;impr\u00e9gnant du mat\u00e9riel de l&rsquo;exp\u00e9rience consciente. Certains mod\u00e8les de comportement sont comme des possibilit\u00e9s de pr\u00e9formation ne pouvant s&rsquo;actualiser concr\u00e8tement que sous couvert d&rsquo;un apprentissage dans le milieu. Cette situation est variable d&rsquo;une esp\u00e8ce animale \u00e0 une autre et \u00e0 fortiori chez l&rsquo;homme, puisque beaucoup de ses activit\u00e9s sont d\u00e9pendantes d&rsquo;un apprentissage plus ou moins long. Je songe en particulier \u00e0 l&rsquo;apprentissage du langage parl\u00e9, mais ceci n&rsquo;interdit pas l&rsquo;hypoth\u00e8se d&rsquo;un \u00ab\u00a0inconscient objectif\u00a0\u00bb porteur de possibilit\u00e9s ou de matrices inn\u00e9es de pr\u00e9formation compl\u00e9mentaires \u00e0 l&rsquo;apprentissage. De cette compl\u00e9mentarit\u00e9 int\u00e9rieure\/ext\u00e9rieure \u00e9mergent des qualit\u00e9s sp\u00e9cifiques.<\/p>\n<p style=\"text-align: justify;\">\n<p style=\"text-align: justify;\">Cette cr\u00e9ation de conscience, entre l&rsquo;inconscient objectif et nos repr\u00e9sentations du monde et de nous-m\u00eames, gouverne nos comportements dans la vie quotidienne. S&rsquo;il n&rsquo;y avait pas une matrice objective pour accueillir nos repr\u00e9sentations du r\u00e9el ext\u00e9rieur, nos images des autres, de nous-m\u00eames et du monde, celles-ci, livr\u00e9es \u00e0 elles-m\u00eames, conduiraient \u00e0 une impasse d&rsquo;o\u00f9 l&rsquo;action serait absente. Le cerveau, aliment\u00e9 par les canaux sensoriels, re\u00e7oit les \u00e9l\u00e9ments mat\u00e9riels d&rsquo;information de l&rsquo;environnement pour les imager subjectivement sur tissu vivant. D\u00e8s lors que l&rsquo;inconscient objectif re\u00e7oit cette multitude d&rsquo;images, il cr\u00e9e spontan\u00e9ment des personnages, des imageries symboliques, des mod\u00e8les de comportement, impr\u00e9gn\u00e9s par les contenus culturels d&rsquo;une soci\u00e9t\u00e9 donn\u00e9e et par le mat\u00e9riel de l&rsquo;exp\u00e9rience consciente, que le moi (centre de la conscience) doit, autant que possible, int\u00e9grer. C&rsquo;est par la sauvegarde de la lumi\u00e8re de la conscience individuelle que les contenus imag\u00e9s de l&rsquo;inconscient objectif, diff\u00e9renci\u00e9s de leurs projections, peuvent assumer pleinement leur fonction m\u00e9diatrice entre le moi et l&rsquo;inconscient. Et finalement entre le moi et le Soi, compris comme arch\u00e9type de la totalit\u00e9, comme r\u00e9ceptacle matriciel de tous les oppos\u00e9s v\u00e9cus par une conscience acceptant les conflits de la vie en se gardant bien de s&rsquo;identifier aux contenus psychiques, et toujours en diff\u00e9renciant ces derniers de leurs projections. Il s&rsquo;agit l\u00e0 des deux conditions qui incombent \u00e0 la conscience (au moi) afin de cr\u00e9er et de maintenir le dialogue avec l&rsquo;inconscient objectif. Le but du dialogue est \u00e9videmment l&rsquo;accomplissement sans cesse r\u00e9g\u00e9n\u00e9r\u00e9 du Soi. Enfin, il est peut-\u00eatre utile de d\u00e9finir le sens du mot projection: un m\u00e9canisme psychologique par lequel l&rsquo;individu per\u00e7oit chez autrui, dans des situations donn\u00e9es, des id\u00e9aux ou, plus g\u00e9n\u00e9ralement, dans le monde ext\u00e9rieur, des contenus psychiques non reconnus et int\u00e9gr\u00e9s par le moi. Les contenus non reconnus consciemment sont tr\u00e8s souvent personnifi\u00e9s (les complexes autonomes) et non diff\u00e9renci\u00e9s de leurs projections. Reconna\u00eetre et accepter ces contenus en tant que personnalit\u00e9s parcellaires relativement ind\u00e9pendantes, ainsi que les diff\u00e9rencier de leurs projections, sont les premiers pas indispensables \u00e0 une connaissance suffisante des processus de l&rsquo;inconscient en vue de maintenir dans la lumi\u00e8re de la conscience individuelle l&rsquo;in\u00e9vitable rencontre entre le moi et l&rsquo;inconscient. Dans ces conditions, la rencontre se mue en dialogue qui est d\u00e9passement des termes contradictoires. Enfin, il est utile de ne pas confondre le m\u00e9canisme de projection avec celui du transfert. Dans la projection (qu&rsquo;elle soit positive ou n\u00e9gative), le monde ext\u00e9rieur devient le r\u00e9ceptacle de contenus psychiques non reconnus et accept\u00e9s par la conscience; tandis que dans le transfert, l&rsquo;individu va transf\u00e9rer l&rsquo;exp\u00e9rience originelle qu&rsquo;il a d&rsquo;une personne ou d&rsquo;un \u00e9v\u00e9nement sur d&rsquo;autres personnes ou \u00e9v\u00e9nements. Dans ces conditions, l&rsquo;individu s&rsquo;attend \u00e0 vivre telle exp\u00e9rience (sensations, sentiments, \u00e9motions&#8230;) d\u00e8s que surgit une personne, un \u00e9v\u00e9nement, ou un objet associ\u00e9 \u00e0 un v\u00e9cu pass\u00e9. Diff\u00e9rencier les images de leurs projections permet un dialogue authentique avec l&rsquo;inconscient; tandis que retirer les transferts rend possible un vrai dialogue (lib\u00e9r\u00e9 des r\u00e9sidus du pass\u00e9) avec les \u00e9v\u00e9nements et autrui. Mais \u00e0 bien y r\u00e9fl\u00e9chir, cette distinction n&rsquo;est pas aussi nette car projection et transfert, bien qu&rsquo;\u00e9tant des m\u00e9canismes psychologiques diff\u00e9rents, sont tous deux des entraves, avec des nuances quantitatives, au dialogue entre le moi et l&rsquo;inconscient ainsi qu&rsquo;au dialogue entre le moi et le monde ext\u00e9rieur (autrui, \u00e9v\u00e9nements&#8230;). Le point culminant de cet \u00e9tat dysfonctionnel se situe dans la rupture radicale de tout dialogue. L&rsquo;individu est alors coup\u00e9 de la r\u00e9alit\u00e9 ext\u00e9rieure et poss\u00e9d\u00e9 par les images arch\u00e9typiques de l&rsquo;inconscient collectif que la conscience ne peut diff\u00e9rencier de leurs projections et auxquelles elle s&rsquo;identifie.<\/p>\n<p style=\"text-align: justify;\">\n<p style=\"text-align: justify;\">Les contenus de l&rsquo;inconscient personnel sont inh\u00e9rents \u00e0 la biographie de l&rsquo;individu et sont donc susceptibles de devenir conscients. Par contre, ceux de l&rsquo;inconscient collectif (ou objectif) constituent les fondements de l&rsquo;activit\u00e9 psychique en soi. Plus on va profond dans l&rsquo;inconscient collectif, plus les contenus se vident de toute qualit\u00e9 individuelle pour finalement se perdre dans les instincts et les arch\u00e9types fondamentaux, dans le syst\u00e8me nerveux v\u00e9g\u00e9tatif, dans la chimie organique, et finalement dans le monde quantique. Comme l&rsquo;exprime Jung: \u00ab\u00a0<em>Au plus profond d&rsquo;elle-m\u00eame, la psych\u00e9 n&rsquo;est plus qu&rsquo;univers<\/em>\u00a0\u00bb (dans \u00ab\u00a0<em>Ma vie<\/em>\u00ab\u00a0, p.457).<\/p>\n<p style=\"text-align: justify;\">\n<p style=\"text-align: justify;\"><strong>NOTE <a id=\"ftn2\" href=\"#ftnref2\">[2]<\/a>:<\/strong> <strong>LES ARCHETYPES<\/strong><\/p>\n<p style=\"text-align: justify;\">\n<p style=\"text-align: justify;\">Quelques d\u00e9finitions de Jung extraites du livre de Humbert, \u00ab\u00a0<em>Jung<\/em>\u00ab\u00a0, p.105 et suivantes.<\/p>\n<p style=\"text-align: justify;\">\n<p style=\"text-align: justify;\">\u00ab\u00a0<em>Les repr\u00e9sentations arch\u00e9typiques que nous transmet l&rsquo;inconscient ne doivent pas \u00eatre confondues avec l&rsquo;arch\u00e9type en soi<\/em>.\u00a0\u00bb<\/p>\n<p style=\"text-align: justify;\">\u00ab\u00a0<em>Quoique nous avancions de l&rsquo;arch\u00e9type, ce sont toujours des illustrations ou des concr\u00e9tisations qui appartiennent \u00e0 la conscience<\/em>.\u00a0\u00bb<\/p>\n<p style=\"text-align: justify;\">\u00ab\u00a0<em>Il est impossible de donner une interpr\u00e9tation universelle \u00e0 un arch\u00e9type. Il faut l&rsquo;expliquer conform\u00e9ment \u00e0 la situation psychologique de l&rsquo;individu particulier<\/em>.\u00a0\u00bb<\/p>\n<p style=\"text-align: justify;\">\u00ab\u00a0<em>Les arch\u00e9types sont, pour ainsi dire, les organes de la psych\u00e9<\/em>.\u00a0\u00bb<\/p>\n<p style=\"text-align: justify;\">\u00ab\u00a0<em>L&rsquo;arch\u00e9type est un organe psychique pr\u00e9sent chez chacun, un facteur vital pour l&rsquo;\u00e9conomie psychique<\/em>.\u00a0\u00bb<\/p>\n<p style=\"text-align: justify;\">\u00ab\u00a0<em>L&rsquo;arch\u00e9type est un organisme qui vit de sa vie propre, dou\u00e9 de force g\u00e9n\u00e9ratrice<\/em>.\u00a0\u00bb<\/p>\n<p style=\"text-align: justify;\">\n<p style=\"text-align: justify;\">Humbert nous dit que \u00ab\u00a0<em>l&rsquo;id\u00e9e d&rsquo;organe est excellente parce qu&rsquo;elle exprime bien l&rsquo;activit\u00e9 constante de l&rsquo;arch\u00e9type et le r\u00f4le qu&rsquo;il tient dans l&rsquo;\u00e9quilibre de l&rsquo;\u00eatre vivant. Jung y ajoute une comparaison avec l&rsquo;\u0153il, qui \u00e9carte d\u00e9finitivement toute notion de mod\u00e8le: les images arch\u00e9typiques sont aussi diff\u00e9rentes de l&rsquo;arch\u00e9type que les images optiques le sont de l&rsquo;\u0153il, les unes et les autres se forment dans la relation entre l&rsquo;organe et l&rsquo;objet<\/em>\u00a0\u00bb (p.106).<\/p>\n<p style=\"text-align: justify;\">\n<p style=\"text-align: justify;\">Les citations ci-dessus \u00e9voquent l&rsquo;immense richesse de l&rsquo;inconscient objectif. Car, au m\u00eame titre que l&rsquo;appareil optique et le territoire c\u00e9r\u00e9bral correspondant peuvent cr\u00e9er une infinit\u00e9 d&rsquo;images pour autant que le contexte ext\u00e9rieur r\u00e9el change, l&rsquo;inconscient collectif peut partiellement se personnifier, s&rsquo;imager, se symboliser, dans une infinitude de repr\u00e9sentations pour autant que le conscient ne reste pas confin\u00e9 dans une forme de vie rigidement d\u00e9termin\u00e9e. Ceci montre une fois encore \u00e0 quel point le monde que nous habitons est cr\u00e9ation de conscience \u00e0 l&rsquo;interface de soi et du monde ainsi que du conscient et de l&rsquo;inconscient. En escamotant in\u00e9vitablement l&rsquo;extraordinaire complexit\u00e9 du processus de cr\u00e9ation de conscience, on pourrait dire que d\u00e8s qu&rsquo;un organisme rencontre un environnement, des sensations et des images se r\u00e9v\u00e8lent. Celles-ci rencontrent l&rsquo;inconscient objectif et ses \u00ab\u00a0organes\u00a0\u00bb arch\u00e9typiques d&rsquo;o\u00f9 \u00e9mergent spontan\u00e9ment d&rsquo;autres \u00e9l\u00e9ments psychiques qui vont structurer le moi, puis d&rsquo;autres encore qui exprimeront une incompatibilit\u00e9 radicale avec le moi conscient. Si le moi, en acceptant ses limites, int\u00e8gre les contenus de l&rsquo;inconscient objectif et supporte le conflit impos\u00e9 par les termes contradictoires mis en pr\u00e9sence, d&rsquo;autres \u00e9l\u00e9ments psychiques, incluant et d\u00e9passant les pr\u00e9c\u00e9dents, \u00e9mergent. C&rsquo;est ce que Jung appelle le processus d&rsquo;individuation qui sous-tend la dur\u00e9e de la vie et qui se transforme quand il devient conscient, c&rsquo;est-\u00e0-dire quand le moi fait l&rsquo;exp\u00e9rience du processus de la cr\u00e9ation de conscience \u00e0 l&rsquo;interface de soi et du monde, du conscient et de l&rsquo;inconscient (la collaboration conscient\/inconscient engendrant toujours un peu plus de conscience), du bien et du mal.<\/p>\n<p style=\"text-align: justify;\">\n<p style=\"text-align: justify;\">Les arch\u00e9types ne sont pas seulement \u00e0 la base des images de personnes (le h\u00e9ros, la sorci\u00e8re&#8230;), mais aussi \u00e0 la base des images de processus (la naissance, la mort&#8230;) et encore \u00e0 la base des structures formelles (le mandala, le cercle, l&rsquo;harmonie du langage, des nombres, de la musique&#8230;). Comme l&rsquo;\u0153il et le territoire c\u00e9r\u00e9bral correspondant transforment en images signifiantes le rayonnement \u00e9lectromagn\u00e9tique, les arch\u00e9types \u2014 dont on suppose l&rsquo;existence \u2014 permettent de comprendre pourquoi une perception sensorielle particuli\u00e8re d\u00e9clenche une r\u00e9action utile \u00e0 la survie de l&rsquo;individu ou de l&rsquo;esp\u00e8ce. Songeons par ex. au comportement de pr\u00e9dation face \u00e0 une proie, \u00e0 la recherche d&rsquo;un partenaire sexuel, \u00e0 la fuite ou \u00e0 l&rsquo;agression&#8230;<\/p>\n<p style=\"text-align: justify;\">\n<p style=\"text-align: justify;\">Affirmer que le monde que nous habitons est cr\u00e9ation de conscience ne nie pas l&rsquo;existence objective des deux r\u00e9els qui nous sont donn\u00e9s: le r\u00e9el ext\u00e9rieur, l&rsquo;environnement \u00e9nerg\u00e9tique qu&rsquo;en soi nous ne conna\u00eetrons jamais et le r\u00e9el int\u00e9rieur, l&rsquo;inconscient objectif qu&rsquo;en soi nous ne conna\u00eetrons pas plus. Notre existence, ce que nous ressentons, ce que nous vivons, se passe \u00e0 l&rsquo;interface de ces deux extr\u00e9mit\u00e9s inconnues et cependant indissociables de la conscience. Cette derni\u00e8re est le symbole d&rsquo;un coefficient d&rsquo;\u00e9quivalence entre soi et le monde, entre l&rsquo;int\u00e9rieur et l&rsquo;ext\u00e9rieur, l&rsquo;esprit et la mati\u00e8re. C&rsquo;est dans et par la conscience que les oppos\u00e9s s&rsquo;unissent, se d\u00e9passent pour enfanter un autre niveau de r\u00e9alit\u00e9 appel\u00e9 commun\u00e9ment: NOTRE monde c&rsquo;est-\u00e0-dire l&rsquo;univers magique de la conscience. Soi (impliquant le r\u00e9el int\u00e9rieur), le r\u00e9el ext\u00e9rieur, la conscience, s&rsquo;originent peut-\u00eatre \u00e0 partir d&rsquo;un fond commun, d&rsquo;o\u00f9 l&rsquo;impossibilit\u00e9 d&rsquo;appr\u00e9hender s\u00e9par\u00e9ment un de ces trois termes car ils s&rsquo;impliquent mutuellement, ils s&rsquo;entrelacent dialectiquement.<\/p>\n<p style=\"text-align: center;\">***<\/p>\n<p style=\"text-align: justify;\"><strong>Dominique Casterman<\/strong> est chercheur et auteur ind\u00e9pendant. Parmi ses livres:<\/p>\n<p style=\"text-align: justify;\">L&rsquo;envers de la raison \/ Dominique Casterman &#8211; Ed.: 1989<br \/>\nL&rsquo;intelligence de l&rsquo;univers \/ Dominique Casterman &#8211; Ed.: 1991<br \/>\nAu-d\u00e9l\u00e0 du monde visible, ou, Le sens voil\u00e9 de l&rsquo;homme et de l&rsquo;univers \/ Dominique Casterman; pr\u00e9face de Robert Linssen &#8211; Ed.: 1996<br \/>\nLa passion philosophique : pour mieux comprendre la place de l&rsquo;homme dans l&rsquo;univers \/ Dominique Casterman &#8211; Ed.: 1998<\/p>\n","protected":false},"excerpt":{"rendered":"<p>Il faut savoir que toutes les formations psychiques non reconnues ont un effet de possession sur le moi. Ces \u00e9l\u00e9ments psychiques se manifestent sous forme de complexes, c&rsquo;est-\u00e0-dire de personnalit\u00e9s parcellaires, telles les personnifications de l&rsquo;ombre, de l&rsquo;anima et l&rsquo;animus, qui sont des symboles arch\u00e9typiques. Les complexes peuvent aussi \u00eatre des n\u0153uds id\u00e9o-affectifs proches de notre histoire personnelle, ce sont par exemple des culpabilit\u00e9s (souvent ill\u00e9gitimes) impos\u00e9es par l&rsquo;environnement. L&rsquo;ombre, c&rsquo;est la r\u00e9action de l&rsquo;inconscient objectif face \u00e0 l&rsquo;oppression des complexes personnels et de nos modes de vie consciemment admis et int\u00e9gr\u00e9s \u00e0 la personnalit\u00e9 du moi.<\/p>\n","protected":false},"author":1,"featured_media":0,"comment_status":"closed","ping_status":"closed","sticky":false,"template":"","format":"standard","meta":{"footnotes":""},"categories":[800,294],"tags":[391,37,142,797,25,88,240],"class_list":["post-5531","post","type-post","status-publish","format-standard","hentry","category-casterman-dominique","category-inedit","tag-archetype","tag-conscience","tag-inconscient","tag-inconscient-collectif","tag-jung","tag-le-moi","tag-processus-du-moi"],"yoast_head":"<!-- This site is optimized with the Yoast SEO plugin v27.0 - https:\/\/yoast.com\/product\/yoast-seo-wordpress\/ -->\n<title>Les arch\u00e9types et l&#039;inconscient &quot;objectif&quot; Par Dominique Casterman - 3e mill\u00e9naire - Spiritualit\u00e9 - Connaissance de soi - Non-dualit\u00e9 - M\u00e9ditation<\/title>\n<meta name=\"robots\" content=\"index, follow, max-snippet:-1, max-image-preview:large, max-video-preview:-1\" \/>\n<link rel=\"canonical\" href=\"https:\/\/www.revue3emillenaire.com\/blog\/les-archetypes-et-linconscient-objectif-par-dominique-casterman\/\" \/>\n<meta property=\"og:locale\" content=\"fr_FR\" \/>\n<meta property=\"og:type\" content=\"article\" \/>\n<meta property=\"og:title\" content=\"Les arch\u00e9types et l&#039;inconscient &quot;objectif&quot; Par Dominique Casterman - 3e mill\u00e9naire - Spiritualit\u00e9 - Connaissance de soi - Non-dualit\u00e9 - M\u00e9ditation\" \/>\n<meta property=\"og:description\" content=\"Il faut savoir que toutes les formations psychiques non reconnues ont un effet de possession sur le moi. Ces \u00e9l\u00e9ments psychiques se manifestent sous forme de complexes, c&#039;est-\u00e0-dire de personnalit\u00e9s parcellaires, telles les personnifications de l&#039;ombre, de l&#039;anima et l&#039;animus, qui sont des symboles arch\u00e9typiques. Les complexes peuvent aussi \u00eatre des n\u0153uds id\u00e9o-affectifs proches de notre histoire personnelle, ce sont par exemple des culpabilit\u00e9s (souvent ill\u00e9gitimes) impos\u00e9es par l&#039;environnement. L&#039;ombre, c&#039;est la r\u00e9action de l&#039;inconscient objectif face \u00e0 l&#039;oppression des complexes personnels et de nos modes de vie consciemment admis et int\u00e9gr\u00e9s \u00e0 la personnalit\u00e9 du moi.\" \/>\n<meta property=\"og:url\" content=\"https:\/\/www.revue3emillenaire.com\/blog\/les-archetypes-et-linconscient-objectif-par-dominique-casterman\/\" \/>\n<meta property=\"og:site_name\" content=\"3e mill\u00e9naire - Spiritualit\u00e9 - Connaissance de soi - Non-dualit\u00e9 - M\u00e9ditation\" \/>\n<meta property=\"article:published_time\" content=\"2010-10-31T01:28:12+00:00\" \/>\n<meta property=\"article:modified_time\" content=\"2011-09-25T23:52:56+00:00\" \/>\n<meta name=\"author\" content=\"3e mill\u00e9naire\" \/>\n<meta name=\"twitter:card\" content=\"summary_large_image\" \/>\n<meta name=\"twitter:label1\" content=\"\u00c9crit par\" \/>\n\t<meta name=\"twitter:data1\" content=\"3e mill\u00e9naire\" \/>\n\t<meta name=\"twitter:label2\" content=\"Dur\u00e9e de lecture estim\u00e9e\" \/>\n\t<meta name=\"twitter:data2\" content=\"27 minutes\" \/>\n<script type=\"application\/ld+json\" class=\"yoast-schema-graph\">{\"@context\":\"https:\/\/schema.org\",\"@graph\":[{\"@type\":\"Article\",\"@id\":\"https:\/\/www.revue3emillenaire.com\/blog\/les-archetypes-et-linconscient-objectif-par-dominique-casterman\/#article\",\"isPartOf\":{\"@id\":\"https:\/\/www.revue3emillenaire.com\/blog\/les-archetypes-et-linconscient-objectif-par-dominique-casterman\/\"},\"author\":{\"name\":\"3e mill\u00e9naire\",\"@id\":\"https:\/\/www.revue3emillenaire.com\/blog\/#\/schema\/person\/9a3a7cc4ccaa707f402d4394327106d5\"},\"headline\":\"Les arch\u00e9types et l&rsquo;inconscient \u00ab\u00a0objectif\u00a0\u00bb Par Dominique Casterman\",\"datePublished\":\"2010-10-31T01:28:12+00:00\",\"dateModified\":\"2011-09-25T23:52:56+00:00\",\"mainEntityOfPage\":{\"@id\":\"https:\/\/www.revue3emillenaire.com\/blog\/les-archetypes-et-linconscient-objectif-par-dominique-casterman\/\"},\"wordCount\":5468,\"keywords\":[\"arch\u00e9type\",\"Conscience\",\"Inconscient\",\"Inconscient Collectif\",\"Jung\",\"Le moi\",\"processus du moi\"],\"articleSection\":[\"Casterman Dominique\",\"In\u00e9dit\"],\"inLanguage\":\"fr-FR\"},{\"@type\":\"WebPage\",\"@id\":\"https:\/\/www.revue3emillenaire.com\/blog\/les-archetypes-et-linconscient-objectif-par-dominique-casterman\/\",\"url\":\"https:\/\/www.revue3emillenaire.com\/blog\/les-archetypes-et-linconscient-objectif-par-dominique-casterman\/\",\"name\":\"Les arch\u00e9types et l'inconscient \\\"objectif\\\" Par Dominique Casterman - 3e mill\u00e9naire - Spiritualit\u00e9 - Connaissance de soi - Non-dualit\u00e9 - M\u00e9ditation\",\"isPartOf\":{\"@id\":\"https:\/\/www.revue3emillenaire.com\/blog\/#website\"},\"datePublished\":\"2010-10-31T01:28:12+00:00\",\"dateModified\":\"2011-09-25T23:52:56+00:00\",\"author\":{\"@id\":\"https:\/\/www.revue3emillenaire.com\/blog\/#\/schema\/person\/9a3a7cc4ccaa707f402d4394327106d5\"},\"breadcrumb\":{\"@id\":\"https:\/\/www.revue3emillenaire.com\/blog\/les-archetypes-et-linconscient-objectif-par-dominique-casterman\/#breadcrumb\"},\"inLanguage\":\"fr-FR\",\"potentialAction\":[{\"@type\":\"ReadAction\",\"target\":[\"https:\/\/www.revue3emillenaire.com\/blog\/les-archetypes-et-linconscient-objectif-par-dominique-casterman\/\"]}]},{\"@type\":\"BreadcrumbList\",\"@id\":\"https:\/\/www.revue3emillenaire.com\/blog\/les-archetypes-et-linconscient-objectif-par-dominique-casterman\/#breadcrumb\",\"itemListElement\":[{\"@type\":\"ListItem\",\"position\":1,\"name\":\"Accueil\",\"item\":\"https:\/\/www.revue3emillenaire.com\/blog\/\"},{\"@type\":\"ListItem\",\"position\":2,\"name\":\"Les arch\u00e9types et l&rsquo;inconscient \u00ab\u00a0objectif\u00a0\u00bb Par Dominique Casterman\"}]},{\"@type\":\"WebSite\",\"@id\":\"https:\/\/www.revue3emillenaire.com\/blog\/#website\",\"url\":\"https:\/\/www.revue3emillenaire.com\/blog\/\",\"name\":\"3e mill\u00e9naire - Spiritualit\u00e9 - Connaissance de soi - Non-dualit\u00e9 - M\u00e9ditation\",\"description\":\"L&#039;Homme en devenir\",\"potentialAction\":[{\"@type\":\"SearchAction\",\"target\":{\"@type\":\"EntryPoint\",\"urlTemplate\":\"https:\/\/www.revue3emillenaire.com\/blog\/?s={search_term_string}\"},\"query-input\":{\"@type\":\"PropertyValueSpecification\",\"valueRequired\":true,\"valueName\":\"search_term_string\"}}],\"inLanguage\":\"fr-FR\"},{\"@type\":\"Person\",\"@id\":\"https:\/\/www.revue3emillenaire.com\/blog\/#\/schema\/person\/9a3a7cc4ccaa707f402d4394327106d5\",\"name\":\"3e mill\u00e9naire\",\"url\":\"https:\/\/www.revue3emillenaire.com\/blog\/author\/admin\/\"}]}<\/script>\n<!-- \/ Yoast SEO plugin. -->","yoast_head_json":{"title":"Les arch\u00e9types et l'inconscient \"objectif\" Par Dominique Casterman - 3e mill\u00e9naire - Spiritualit\u00e9 - Connaissance de soi - Non-dualit\u00e9 - M\u00e9ditation","robots":{"index":"index","follow":"follow","max-snippet":"max-snippet:-1","max-image-preview":"max-image-preview:large","max-video-preview":"max-video-preview:-1"},"canonical":"https:\/\/www.revue3emillenaire.com\/blog\/les-archetypes-et-linconscient-objectif-par-dominique-casterman\/","og_locale":"fr_FR","og_type":"article","og_title":"Les arch\u00e9types et l'inconscient \"objectif\" Par Dominique Casterman - 3e mill\u00e9naire - Spiritualit\u00e9 - Connaissance de soi - Non-dualit\u00e9 - M\u00e9ditation","og_description":"Il faut savoir que toutes les formations psychiques non reconnues ont un effet de possession sur le moi. Ces \u00e9l\u00e9ments psychiques se manifestent sous forme de complexes, c'est-\u00e0-dire de personnalit\u00e9s parcellaires, telles les personnifications de l'ombre, de l'anima et l'animus, qui sont des symboles arch\u00e9typiques. Les complexes peuvent aussi \u00eatre des n\u0153uds id\u00e9o-affectifs proches de notre histoire personnelle, ce sont par exemple des culpabilit\u00e9s (souvent ill\u00e9gitimes) impos\u00e9es par l'environnement. L'ombre, c'est la r\u00e9action de l'inconscient objectif face \u00e0 l'oppression des complexes personnels et de nos modes de vie consciemment admis et int\u00e9gr\u00e9s \u00e0 la personnalit\u00e9 du moi.","og_url":"https:\/\/www.revue3emillenaire.com\/blog\/les-archetypes-et-linconscient-objectif-par-dominique-casterman\/","og_site_name":"3e mill\u00e9naire - Spiritualit\u00e9 - Connaissance de soi - Non-dualit\u00e9 - M\u00e9ditation","article_published_time":"2010-10-31T01:28:12+00:00","article_modified_time":"2011-09-25T23:52:56+00:00","author":"3e mill\u00e9naire","twitter_card":"summary_large_image","twitter_misc":{"\u00c9crit par":"3e mill\u00e9naire","Dur\u00e9e de lecture estim\u00e9e":"27 minutes"},"schema":{"@context":"https:\/\/schema.org","@graph":[{"@type":"Article","@id":"https:\/\/www.revue3emillenaire.com\/blog\/les-archetypes-et-linconscient-objectif-par-dominique-casterman\/#article","isPartOf":{"@id":"https:\/\/www.revue3emillenaire.com\/blog\/les-archetypes-et-linconscient-objectif-par-dominique-casterman\/"},"author":{"name":"3e mill\u00e9naire","@id":"https:\/\/www.revue3emillenaire.com\/blog\/#\/schema\/person\/9a3a7cc4ccaa707f402d4394327106d5"},"headline":"Les arch\u00e9types et l&rsquo;inconscient \u00ab\u00a0objectif\u00a0\u00bb Par Dominique Casterman","datePublished":"2010-10-31T01:28:12+00:00","dateModified":"2011-09-25T23:52:56+00:00","mainEntityOfPage":{"@id":"https:\/\/www.revue3emillenaire.com\/blog\/les-archetypes-et-linconscient-objectif-par-dominique-casterman\/"},"wordCount":5468,"keywords":["arch\u00e9type","Conscience","Inconscient","Inconscient Collectif","Jung","Le moi","processus du moi"],"articleSection":["Casterman Dominique","In\u00e9dit"],"inLanguage":"fr-FR"},{"@type":"WebPage","@id":"https:\/\/www.revue3emillenaire.com\/blog\/les-archetypes-et-linconscient-objectif-par-dominique-casterman\/","url":"https:\/\/www.revue3emillenaire.com\/blog\/les-archetypes-et-linconscient-objectif-par-dominique-casterman\/","name":"Les arch\u00e9types et l'inconscient \"objectif\" Par Dominique Casterman - 3e mill\u00e9naire - Spiritualit\u00e9 - Connaissance de soi - Non-dualit\u00e9 - M\u00e9ditation","isPartOf":{"@id":"https:\/\/www.revue3emillenaire.com\/blog\/#website"},"datePublished":"2010-10-31T01:28:12+00:00","dateModified":"2011-09-25T23:52:56+00:00","author":{"@id":"https:\/\/www.revue3emillenaire.com\/blog\/#\/schema\/person\/9a3a7cc4ccaa707f402d4394327106d5"},"breadcrumb":{"@id":"https:\/\/www.revue3emillenaire.com\/blog\/les-archetypes-et-linconscient-objectif-par-dominique-casterman\/#breadcrumb"},"inLanguage":"fr-FR","potentialAction":[{"@type":"ReadAction","target":["https:\/\/www.revue3emillenaire.com\/blog\/les-archetypes-et-linconscient-objectif-par-dominique-casterman\/"]}]},{"@type":"BreadcrumbList","@id":"https:\/\/www.revue3emillenaire.com\/blog\/les-archetypes-et-linconscient-objectif-par-dominique-casterman\/#breadcrumb","itemListElement":[{"@type":"ListItem","position":1,"name":"Accueil","item":"https:\/\/www.revue3emillenaire.com\/blog\/"},{"@type":"ListItem","position":2,"name":"Les arch\u00e9types et l&rsquo;inconscient \u00ab\u00a0objectif\u00a0\u00bb Par Dominique Casterman"}]},{"@type":"WebSite","@id":"https:\/\/www.revue3emillenaire.com\/blog\/#website","url":"https:\/\/www.revue3emillenaire.com\/blog\/","name":"3e mill\u00e9naire - Spiritualit\u00e9 - Connaissance de soi - Non-dualit\u00e9 - M\u00e9ditation","description":"L&#039;Homme en devenir","potentialAction":[{"@type":"SearchAction","target":{"@type":"EntryPoint","urlTemplate":"https:\/\/www.revue3emillenaire.com\/blog\/?s={search_term_string}"},"query-input":{"@type":"PropertyValueSpecification","valueRequired":true,"valueName":"search_term_string"}}],"inLanguage":"fr-FR"},{"@type":"Person","@id":"https:\/\/www.revue3emillenaire.com\/blog\/#\/schema\/person\/9a3a7cc4ccaa707f402d4394327106d5","name":"3e mill\u00e9naire","url":"https:\/\/www.revue3emillenaire.com\/blog\/author\/admin\/"}]}},"_links":{"self":[{"href":"https:\/\/www.revue3emillenaire.com\/blog\/wp-json\/wp\/v2\/posts\/5531","targetHints":{"allow":["GET"]}}],"collection":[{"href":"https:\/\/www.revue3emillenaire.com\/blog\/wp-json\/wp\/v2\/posts"}],"about":[{"href":"https:\/\/www.revue3emillenaire.com\/blog\/wp-json\/wp\/v2\/types\/post"}],"author":[{"embeddable":true,"href":"https:\/\/www.revue3emillenaire.com\/blog\/wp-json\/wp\/v2\/users\/1"}],"replies":[{"embeddable":true,"href":"https:\/\/www.revue3emillenaire.com\/blog\/wp-json\/wp\/v2\/comments?post=5531"}],"version-history":[{"count":0,"href":"https:\/\/www.revue3emillenaire.com\/blog\/wp-json\/wp\/v2\/posts\/5531\/revisions"}],"wp:attachment":[{"href":"https:\/\/www.revue3emillenaire.com\/blog\/wp-json\/wp\/v2\/media?parent=5531"}],"wp:term":[{"taxonomy":"category","embeddable":true,"href":"https:\/\/www.revue3emillenaire.com\/blog\/wp-json\/wp\/v2\/categories?post=5531"},{"taxonomy":"post_tag","embeddable":true,"href":"https:\/\/www.revue3emillenaire.com\/blog\/wp-json\/wp\/v2\/tags?post=5531"}],"curies":[{"name":"wp","href":"https:\/\/api.w.org\/{rel}","templated":true}]}}