{"id":5606,"date":"2010-10-27T16:09:06","date_gmt":"2010-10-27T15:09:06","guid":{"rendered":"http:\/\/pro.ovh.net\/~emillena\/blog\/?p=5606"},"modified":"2021-06-14T21:13:54","modified_gmt":"2021-06-14T20:13:54","slug":"la-frontiere-vie-mort-par-andre-dumas","status":"publish","type":"post","link":"https:\/\/www.revue3emillenaire.com\/blog\/la-frontiere-vie-mort-par-andre-dumas\/","title":{"rendered":"La fronti\u00e8re vie-mort par Andr\u00e9 Dumas"},"content":{"rendered":"<p style=\"text-align: justify;\">(Revue CoEvolution. N<sup>o<\/sup> 8-9. Printemps-\u00c9t\u00e9 1982)<\/p>\n<p style=\"text-align: justify;\"><strong><em>Andr\u00e9 Dumas (d\u00e9c\u00e9d\u00e9 en 1997) fut tr\u00e8s longtemps le pilier sans doute le plus actif de l&rsquo;Union des soci\u00e9t\u00e9s francophones pour l&rsquo;investigation psychique et l&rsquo;\u00e9tude de la survivance (<\/em><\/strong><a href=\"http:\/\/www.usfipes.org\/\" target=\"_blank\" rel=\"noopener\"><strong><em>USFIPES<\/em><\/strong><\/a><strong><em>). Auteur d&rsquo;un ouvrage consid\u00e9r\u00e9 comme l&rsquo;un des classiques du genre\u00a0: <\/em><\/strong><strong>La science de l&rsquo;\u00e2me,<em> il \u00e9tait aussi directeur et r\u00e9dacteur en chef de la revue Rena\u00eetre 2000, qui poursuivit, pendant une quinzaine d\u2019ann\u00e9es (\u00e0 partir de la fin des ann\u00e9es 1970), l&rsquo;exploration de cette branche pionni\u00e8re de la psychologie, dans son sens r\u00e9el d&rsquo;\u00e9tude de la psych\u00e9 ou \u00e2me. Ce bimensuel \u00e9tait un v\u00e9ritable forum international permettant aux lecteurs de d\u00e9gager au triple point de vue scientifique, philosophique et moral, les cons\u00e9quences des recherches parapsychologiques, d&rsquo;enrichir le dossier de la survivance et d&rsquo;examiner, dans les conqu\u00eates de la science contemporaine, tout ce qui peut contribuer \u00e0 r\u00e9pondre aux questions fondamentales : que sommes-nous ? d&rsquo;o\u00f9 venons-nous ? quel est notre destin ? Gr\u00e2ce aux efforts conjugu\u00e9s d&rsquo;Andr\u00e9 Dumas et d&rsquo;autres chercheurs tels que Georges Clauzure, le Professeur Jean Dierkens et d&rsquo;autres collaborateurs renomm\u00e9s, Rena\u00eetre 2000 contribua \u00e0 repenser les bases de la civilisation mat\u00e9rialiste occidentale et \u00e0 conna\u00eetre de mani\u00e8re plus profonde les lois de l&rsquo;\u00e9volution.<\/em><\/strong><\/p>\n<p style=\"text-align: justify;\"><strong><em>Andr\u00e9 Dumas pr\u00e9sente ici un aper\u00e7u des lectures essentielles sur ce sujet en 1982<\/em><\/strong>.<\/p>\n<p style=\"text-align: justify;\">Jusqu&rsquo;\u00e0 une \u00e9poque r\u00e9cente, la fronti\u00e8re entre la vie et la mort n&rsquo;avait jamais \u00e9t\u00e9 absolue dans l&rsquo;esprit des hommes. Aux temps pr\u00e9historiques ou \u00e0 l&rsquo;aube des grandes religions historiques, comme dans les soci\u00e9t\u00e9s primitives qui subsistent dans les temps modernes, il y a toujours eu l&rsquo;id\u00e9e de passages exceptionnels \u00ab aller et retour \u00bb constituant le fondement m\u00eame de certaines cultures, tel le chamanisme, et la base essentielle du pouvoir et du respect dont y disposent les \u00eatres privil\u00e9gi\u00e9s, sorciers, voyants, hommes-m\u00e9decines et proph\u00e8tes, qui ont la r\u00e9putation d&rsquo;avoir un pied dans ce monde et un pied dans l&rsquo;autre.<\/p>\n<p style=\"text-align: justify;\">Depuis que des investigations scientifiques ont \u00e9t\u00e9 tent\u00e9es et se sont d\u00e9velopp\u00e9es dans ce domaine \u00ab tabou \u00bb des pouvoirs de l&rsquo;esprit et dans celui \u2014 plus \u00ab tabou \u00bb encore \u2014 de la destin\u00e9e post mortem, la notion d&rsquo;une zone interm\u00e9diaire entre la vie et la mort a continu\u00e9 \u00e0 s&rsquo;affirmer, en termes plus modernes.<\/p>\n<p style=\"text-align: justify;\">Un des premiers \u00e9crivains du si\u00e8cle dernier dans cet ordre de recherches, l&rsquo;honorable Robert Dale Owen (membre du Congr\u00e8s des \u00c9tats-Unis et ambassadeur am\u00e9ricain \u00e0 Naples) a publi\u00e9 deux livres dont les titres t\u00e9moignent de cette id\u00e9e de zone-fronti\u00e8re : <em>Footfalls on the Boundary of Another World<\/em> (Bruits de pas \u00e0 la fronti\u00e8re de l&rsquo;Autre Monde), 1860 et <em>The Debatable Land<\/em> (Le Pays controvers\u00e9), 1871.<\/p>\n<p style=\"text-align: justify;\">Au d\u00e9but de ce si\u00e8cle, Michel Sage, s&rsquo;inspirant des travaux du chimiste Charles de Reichenbach sur l&rsquo;\u00ab od \u00bb et les \u00ab effluves odiques \u00bb <a id=\"ftnref1\" href=\"#ftn1\">[1]<\/a>, et des recherches de Carl du Prel sur \u00ab <em>La Magie, science naturelle<\/em> \u00bb, a r\u00e9uni un grand nombre de faits (appel\u00e9s aujourd&rsquo;hui \u00ab paranormaux \u00bb) concernant la double vue dans le somnambulisme naturel ou provoqu\u00e9, l&rsquo;autosuggestion, la stigmatisation et le m\u00e9diumnisme dans un ouvrage intitul\u00e9 pr\u00e9cis\u00e9ment : <em>La Zone-Fronti\u00e8re<\/em> (1903).<\/p>\n<p style=\"text-align: justify;\">La parapsychologie contemporaine <a id=\"ftnref2\" href=\"#ftn2\">[2]<\/a>, en poursuivant l&rsquo;examen du \u00ab paranormal \u00bb, a abouti \u00e0 des constatations qui d\u00e9bouchent, elles aussi, sur la notion de zone-fronti\u00e8re entre les perceptions du conscient par les voies sensorielles, et la connaissance directe par le subconscient au moyen de myst\u00e9rieuses voies extra-sensorielles.<\/p>\n<p style=\"text-align: justify;\">Lorsqu&rsquo;ils n&rsquo;aboutissent pas, comme Crookes, Lodge, Lombroso, De Rochas, Driesch, Flamarrion, Geley et autres, \u00e0 des conceptions nettement n\u00e9o-spiritualistes ou spirites, les plus prudents, Osty, Bender, Tyrell, Warcollier, Rhine, Chauvin, Barry, constatent qu&rsquo;il existe chez l&rsquo;\u00eatre humain un niveau de conscience cryptique ou de supra-conscience qui n&rsquo;est pas soumis aux limitations de l&rsquo;Espace-Temps.<\/p>\n<table style=\"text-align: justify;\" border=\"1\" width=\"480\" cellspacing=\"0\" cellpadding=\"0\">\n<tbody>\n<tr>\n<td valign=\"top\" width=\"480\">\u2022 Plusieurs t\u00e9moignages rapportent la fa\u00e7on dont certaines personnes, au cours de leur passage aux abords de la mort, ont rencontr\u00e9 ce que l&rsquo;on pourrait appeler une fronti\u00e8re, ou quelque autre sorte de limite. Selon les cas, cette fronti\u00e8re est repr\u00e9sent\u00e9e comme une \u00e9tendue d&rsquo;eau, un brouillard gris, une porte, une haie dans un champ ou une simple ligne de d\u00e9marcation. Bien qu&rsquo;il nous faille demeurer dans le domaine des hypoth\u00e8ses, on peut supposer que ces divers symboles proviennent d&rsquo;une source unique ; auquel cas, ces expressions diff\u00e9rentes ne seraient dues qu&rsquo;\u00e0 l&rsquo;interpr\u00e9tation, \u00e0 la formulation ou au souvenir particuliers \u00e0 chaque individu, \u00e0 partir d&rsquo;une m\u00eame exp\u00e9rience fondamentale.<\/p>\n<p>\u2022 Il semble actuellement impossible de d\u00e9terminer exactement o\u00f9 se situe le point de non-retour. Il peut varier selon les individus ; ce n&rsquo;est sans doute pas un point fixe, mais plut\u00f4t une limite variable au long d&rsquo;une ligne continue.<\/p>\n<p style=\"text-align: right;\">Raymond Moody, la vie apr\u00e8s la vie<\/p>\n<\/td>\n<\/tr>\n<\/tbody>\n<\/table>\n<p style=\"text-align: justify;\">Les \u00e9tudes du Dr. Elisabeth K\u00fcbler-Ross sur les derniers instants de la vie, des Drs Karlis Osis et Erlender Haraldson sur les observations au lit de mort par des m\u00e9decins et infirmi\u00e8res <a id=\"ftnref3\" href=\"#ftn3\">[3]<\/a>, permettent d&rsquo;aller plus loin. Les travaux du Dr Raymond Moody, (<em>La Vie apr\u00e8s la Vie<\/em>), et plus r\u00e9cemment, du Dr Kenneth Ring, consign\u00e9s dans son livre <em>Sur la Fronti\u00e8re de la Vie<\/em> <a id=\"ftnref4\" href=\"#ftn4\">[4]<\/a>, sont tr\u00e8s caract\u00e9ristiques \u00e0 ce sujet puisqu&rsquo;ils concernent l&rsquo;exp\u00e9rience de personnes qui ont effectivement v\u00e9cu cliniquement leur agonie et que leur retour \u00e0 la vie et leur t\u00e9moignage illustrent pr\u00e9cis\u00e9ment cette notion fondamentale d&rsquo;\u00ab aller et retour \u00bb \u00e9voqu\u00e9 \u00e0 propos des shamans et des voyants anciens et modernes.<\/p>\n<table style=\"text-align: justify;\" border=\"1\" width=\"495\" cellspacing=\"0\" cellpadding=\"0\">\n<tbody>\n<tr>\n<td valign=\"top\" width=\"495\">La mort, telle que nous la comprenions en langage scientifique, n&rsquo;existe pas r\u00e9ellement. C&rsquo;est simplement se d\u00e9pouiller de son corps physique comme un papillon qui sort de son cocon. C&rsquo;est une transition vers un \u00e9tat de conscience sup\u00e9rieur, dans lequel nous continuons de percevoir, de comprendre, de rire, de pouvoir grandir, et la seule chose que nous perdons, c&rsquo;est quelque chose dont nous n&rsquo;avons plus besoin, notre corps physique. C&rsquo;est comme si on enlevait son manteau d&rsquo;hiver en sachant qu&rsquo;il est trop \u00e9lim\u00e9 et qu&rsquo;on ne le portera plus.<\/p>\n<p style=\"text-align: right;\">Elisabeth K\u00fcbler-Ross<\/p>\n<\/td>\n<\/tr>\n<\/tbody>\n<\/table>\n<p style=\"text-align: justify;\">D&rsquo;ailleurs, force est de consid\u00e9rer l&rsquo;exp\u00e9rience du sommeil magn\u00e9tique : dans cet \u00e9tat le sujet est incapable de d\u00e9crire les objets qui se trouvent dans une pi\u00e8ce voisine ou la sc\u00e8ne qui s&rsquo;y d\u00e9roule. Parfois il s&rsquo;\u00e9tonne de percevoir des silhouettes plus ou moins lumineuses lui conseillant de ne pas trop s&rsquo;\u00e9loigner, de consid\u00e9rer cette exp\u00e9rience, dis-je, comme \u00e9tant elle aussi, un \u00ab aller et retour \u00bb en tous points semblables, sauf l&rsquo;agonie, aux ph\u00e9nom\u00e8nes recueillis par le Dr Moody et ses \u00e9mules.<\/p>\n<table style=\"text-align: justify; height: 371px;\" border=\"1\" width=\"577\" cellspacing=\"0\" cellpadding=\"0\">\n<tbody>\n<tr>\n<td valign=\"top\" width=\"615\"><strong><em>Les diff\u00e9rents \u00e9v\u00e9nements qui semblent constituer le sort commun des mourants \u00e9tudi\u00e9s par Raymond Moody<\/em><\/strong> (il s&rsquo;agit d&rsquo;un mod\u00e8le qui n&rsquo;est pas n\u00e9cessairement v\u00e9cu enti\u00e8rement par chaque patient) :<br \/>\n1 &#8211; l&rsquo;incommunicabilit\u00e9<br \/>\n2 &#8211; l&rsquo;audition du verdict, le personnel m\u00e9dical d\u00e9clare la mort du sujet<br \/>\n3 &#8211; sentiments de calme et de paix<br \/>\n4 &#8211; les bruits, notamment des bourdonnements<br \/>\n5 &#8211; le tunnel obscur<br \/>\n6 &#8211; d\u00e9corporation : la conscience du sujet se trouve projet\u00e9e \u00e0 quelques m\u00e8tres ; il per\u00e7oit son corps et l&rsquo;environnement<br \/>\n7 &#8211; contact avec d&rsquo;autres : on vient \u00e0 sa rencontre<br \/>\n8 &#8211; rencontre avec une tr\u00e8s brillante lumi\u00e8re, contact non-verbal<br \/>\n9 &#8211; panorama de la vie les images \u00ab se bousculent \u00bb \u00e0 tr\u00e8s grande vitesse<br \/>\n10 &#8211; fronti\u00e8re ou limite<br \/>\n11 &#8211; le retour<\/td>\n<\/tr>\n<\/tbody>\n<\/table>\n<p style=\"text-align: justify;\">Et il faut bien dire que les conclusions formul\u00e9es en 1928 par Ernest Bozzano \u2014 le p\u00e8re de la parapsychologie italienne \u2014 \u00e0 la suite de son analyse compar\u00e9e du contenu d&rsquo;un tr\u00e8s grand nombre de \u00ab messages \u00bb d&rsquo;origine m\u00e9diumnique concernant les modalit\u00e9s de la crise de la mort <a id=\"ftnref5\" href=\"#ftn5\">[5]<\/a>, pr\u00e9figuraient, pr\u00e8s d&rsquo;un si\u00e8cle auparavant, celles du Dr Raymond Moody : Bozzano \u00e9num\u00e9rait \u00ab douze d\u00e9tails fondamentaux \u00bb sur lesquels l&rsquo;accord \u00e9tait unanime dans les messages m\u00e9diumniques examin\u00e9s, d\u00e9tails confirm\u00e9s d&rsquo;une mani\u00e8re \u00e9tonnante par les d\u00e9clarations de rescap\u00e9s de l&rsquo;agonie recueillies par les chercheurs am\u00e9ricains.<\/p>\n<p style=\"text-align: justify;\">Cette extraordinaire concordance justifierait \u00e0 elle seule l&rsquo;int\u00e9r\u00eat port\u00e9 aux probl\u00e8mes de l&rsquo;apr\u00e8s-mort par les parapsychologues am\u00e9ricains, comme ceux de la \u00ab Physical Research Foundation \u00bb qui, dans leur organe \u00ab Th\u00e9ta \u00bb <a id=\"ftnref6\" href=\"#ftn6\">[6]<\/a>, en abordent l&rsquo;\u00e9tude avec rigueur, mais aussi avec une d\u00e9termination dont pourraient s&rsquo;inspirer r\u00e9solument leurs coll\u00e8gues europ\u00e9ens, qui semblent souvent avoir peur de leurs propres d\u00e9couvertes.<\/p>\n<p style=\"text-align: justify;\">Pourtant, c&rsquo;est le propre de la Science et son honneur, de surmonter tous les \u00ab tabous \u00bb. Le tabou des fronti\u00e8res politiques et culturelles qui entravent la co\u00e9volution de toutes les forces vives de la plan\u00e8te, est d\u00e9sormais mis en cause. Celui qui s&rsquo;oppose encore \u00e0 une investigation syst\u00e9matique dans la zone-fronti\u00e8re \u00ab Vie-mort \u00bb doit dispara\u00eetre aussi, pour une meilleure connaissance de la place de l&rsquo;Homme dans l&rsquo;Espace-Temps.<\/p>\n<hr style=\"text-align: justify;\" size=\"1\" \/>\n<p style=\"text-align: justify;\"><a id=\"ftn1\" href=\"#ftnref1\">[1]<\/a> od ou force odique : rayonnement lumineux \u00e9mis par les cristaux et les aimants et visibles pour les \u00ab sujets visibles \u00bb ; mis en rapport avec la psychiatrie, aptitude \u00e0 d\u00e9couvrir une information gr\u00e2ce au seul toucher.<\/p>\n<p style=\"text-align: justify;\"><a id=\"ftn2\" href=\"#ftnref2\">[2]<\/a> Voir CoEvolution n\u00b0 7 <em>:<a href=\"http:\/\/pro.ovh.net\/~emillena\/blog\/?p=5804&amp;preview=true&amp;preview_id=5804&amp;preview_nonce=5a20968077\" target=\"_blank\" rel=\"noopener\"> le temps du psi<\/a><\/em>, par Guy Beney.<\/p>\n<p style=\"text-align: justify;\"><a id=\"ftn3\" href=\"#ftnref3\">[3]<\/a> <em>Deathbed Observations by physicians and Nurses<\/em> : A Cross Cultural Survey in : Journal of The American Society for Psychical Research, Juillet 1977.<\/p>\n<p style=\"text-align: justify;\"><a id=\"ftn4\" href=\"#ftnref4\">[4]<\/a> Pr\u00e9face du Dr R. Moody \u2014 Traduction fran\u00e7aise : Laffont, 1982.<\/p>\n<p style=\"text-align: justify;\"><a id=\"ftn5\" href=\"#ftnref5\">[5]<\/a> Cf. \u00ab Rena\u00eetre 2000 \u00bb, num\u00e9ros 11 \u00e0 16 et 18 \u00e0 21, sp\u00e9cialement ce dernier (janvier, f\u00e9vrier 1981) pour les conclusions.<\/p>\n<p style=\"text-align: justify;\"><a id=\"ftn6\" href=\"#ftnref6\">[6]<\/a> Theta (The Journal of The Psychical Research Foundation).<\/p>\n","protected":false},"excerpt":{"rendered":"<p>La parapsychologie contemporaine, en poursuivant l&rsquo;examen du \u00ab paranormal \u00bb, a abouti \u00e0 des constatations qui d\u00e9bouchent, elles aussi, sur la notion de zone-fronti\u00e8re entre les perceptions du conscient par les voies sensorielles, et la connaissance directe par le subconscient au moyen de myst\u00e9rieuses voies extra-sensorielles.<\/p>\n","protected":false},"author":1,"featured_media":9991,"comment_status":"closed","ping_status":"closed","sticky":false,"template":"","format":"standard","meta":{"footnotes":""},"categories":[341,85],"tags":[16,1350,17],"class_list":["post-5606","post","type-post","status-publish","format-standard","has-post-thumbnail","hentry","category-a-dumas","category-parapsychologie","tag-mort","tag-parapsychologie","tag-survie"],"yoast_head":"<!-- This site is optimized with the Yoast SEO plugin v27.0 - https:\/\/yoast.com\/product\/yoast-seo-wordpress\/ -->\n<title>La fronti\u00e8re vie-mort par Andr\u00e9 Dumas - 3e mill\u00e9naire - Spiritualit\u00e9 - Connaissance de soi - Non-dualit\u00e9 - M\u00e9ditation<\/title>\n<meta name=\"robots\" content=\"index, follow, max-snippet:-1, max-image-preview:large, max-video-preview:-1\" \/>\n<link rel=\"canonical\" href=\"https:\/\/www.revue3emillenaire.com\/blog\/la-frontiere-vie-mort-par-andre-dumas\/\" \/>\n<meta property=\"og:locale\" content=\"fr_FR\" \/>\n<meta property=\"og:type\" content=\"article\" \/>\n<meta property=\"og:title\" content=\"La fronti\u00e8re vie-mort par Andr\u00e9 Dumas - 3e mill\u00e9naire - Spiritualit\u00e9 - Connaissance de soi - Non-dualit\u00e9 - M\u00e9ditation\" \/>\n<meta property=\"og:description\" content=\"La parapsychologie contemporaine, en poursuivant l&#039;examen du \u00ab paranormal \u00bb, a abouti \u00e0 des constatations qui d\u00e9bouchent, elles aussi, sur la notion de zone-fronti\u00e8re entre les perceptions du conscient par les voies sensorielles, et la connaissance directe par le subconscient au moyen de myst\u00e9rieuses voies extra-sensorielles.\" \/>\n<meta property=\"og:url\" content=\"https:\/\/www.revue3emillenaire.com\/blog\/la-frontiere-vie-mort-par-andre-dumas\/\" \/>\n<meta property=\"og:site_name\" content=\"3e mill\u00e9naire - Spiritualit\u00e9 - Connaissance de soi - Non-dualit\u00e9 - M\u00e9ditation\" \/>\n<meta property=\"article:published_time\" content=\"2010-10-27T15:09:06+00:00\" \/>\n<meta property=\"article:modified_time\" content=\"2021-06-14T20:13:54+00:00\" \/>\n<meta property=\"og:image\" content=\"https:\/\/www.revue3emillenaire.com\/blog\/wp-content\/uploads\/2011\/11\/Andr\u00e9-Dumas2.jpg\" \/>\n\t<meta property=\"og:image:width\" content=\"234\" \/>\n\t<meta property=\"og:image:height\" content=\"279\" \/>\n\t<meta property=\"og:image:type\" content=\"image\/jpeg\" \/>\n<meta name=\"author\" content=\"3e mill\u00e9naire\" \/>\n<meta name=\"twitter:card\" content=\"summary_large_image\" \/>\n<meta name=\"twitter:label1\" content=\"\u00c9crit par\" \/>\n\t<meta name=\"twitter:data1\" content=\"3e mill\u00e9naire\" \/>\n\t<meta name=\"twitter:label2\" content=\"Dur\u00e9e de lecture estim\u00e9e\" \/>\n\t<meta name=\"twitter:data2\" content=\"8 minutes\" \/>\n<script type=\"application\/ld+json\" class=\"yoast-schema-graph\">{\"@context\":\"https:\/\/schema.org\",\"@graph\":[{\"@type\":\"Article\",\"@id\":\"https:\/\/www.revue3emillenaire.com\/blog\/la-frontiere-vie-mort-par-andre-dumas\/#article\",\"isPartOf\":{\"@id\":\"https:\/\/www.revue3emillenaire.com\/blog\/la-frontiere-vie-mort-par-andre-dumas\/\"},\"author\":{\"name\":\"3e mill\u00e9naire\",\"@id\":\"https:\/\/www.revue3emillenaire.com\/blog\/#\/schema\/person\/9a3a7cc4ccaa707f402d4394327106d5\"},\"headline\":\"La fronti\u00e8re vie-mort par Andr\u00e9 Dumas\",\"datePublished\":\"2010-10-27T15:09:06+00:00\",\"dateModified\":\"2021-06-14T20:13:54+00:00\",\"mainEntityOfPage\":{\"@id\":\"https:\/\/www.revue3emillenaire.com\/blog\/la-frontiere-vie-mort-par-andre-dumas\/\"},\"wordCount\":1590,\"image\":{\"@id\":\"https:\/\/www.revue3emillenaire.com\/blog\/la-frontiere-vie-mort-par-andre-dumas\/#primaryimage\"},\"thumbnailUrl\":\"https:\/\/www.revue3emillenaire.com\/blog\/wp-content\/uploads\/2011\/11\/Andr\u00e9-Dumas2.jpg\",\"keywords\":[\"Mort\",\"Parapsychologie \/ Ph\u00e9nom\u00e8nes\",\"Survie\"],\"articleSection\":[\"Dumas Andr\u00e9 A.\",\"Parapsychologie \/ Ph\u00e9nom\u00e8nes\"],\"inLanguage\":\"fr-FR\"},{\"@type\":\"WebPage\",\"@id\":\"https:\/\/www.revue3emillenaire.com\/blog\/la-frontiere-vie-mort-par-andre-dumas\/\",\"url\":\"https:\/\/www.revue3emillenaire.com\/blog\/la-frontiere-vie-mort-par-andre-dumas\/\",\"name\":\"La fronti\u00e8re vie-mort par Andr\u00e9 Dumas - 3e mill\u00e9naire - Spiritualit\u00e9 - Connaissance de soi - Non-dualit\u00e9 - M\u00e9ditation\",\"isPartOf\":{\"@id\":\"https:\/\/www.revue3emillenaire.com\/blog\/#website\"},\"primaryImageOfPage\":{\"@id\":\"https:\/\/www.revue3emillenaire.com\/blog\/la-frontiere-vie-mort-par-andre-dumas\/#primaryimage\"},\"image\":{\"@id\":\"https:\/\/www.revue3emillenaire.com\/blog\/la-frontiere-vie-mort-par-andre-dumas\/#primaryimage\"},\"thumbnailUrl\":\"https:\/\/www.revue3emillenaire.com\/blog\/wp-content\/uploads\/2011\/11\/Andr\u00e9-Dumas2.jpg\",\"datePublished\":\"2010-10-27T15:09:06+00:00\",\"dateModified\":\"2021-06-14T20:13:54+00:00\",\"author\":{\"@id\":\"https:\/\/www.revue3emillenaire.com\/blog\/#\/schema\/person\/9a3a7cc4ccaa707f402d4394327106d5\"},\"breadcrumb\":{\"@id\":\"https:\/\/www.revue3emillenaire.com\/blog\/la-frontiere-vie-mort-par-andre-dumas\/#breadcrumb\"},\"inLanguage\":\"fr-FR\",\"potentialAction\":[{\"@type\":\"ReadAction\",\"target\":[\"https:\/\/www.revue3emillenaire.com\/blog\/la-frontiere-vie-mort-par-andre-dumas\/\"]}]},{\"@type\":\"ImageObject\",\"inLanguage\":\"fr-FR\",\"@id\":\"https:\/\/www.revue3emillenaire.com\/blog\/la-frontiere-vie-mort-par-andre-dumas\/#primaryimage\",\"url\":\"https:\/\/www.revue3emillenaire.com\/blog\/wp-content\/uploads\/2011\/11\/Andr\u00e9-Dumas2.jpg\",\"contentUrl\":\"https:\/\/www.revue3emillenaire.com\/blog\/wp-content\/uploads\/2011\/11\/Andr\u00e9-Dumas2.jpg\",\"width\":\"234\",\"height\":\"279\"},{\"@type\":\"BreadcrumbList\",\"@id\":\"https:\/\/www.revue3emillenaire.com\/blog\/la-frontiere-vie-mort-par-andre-dumas\/#breadcrumb\",\"itemListElement\":[{\"@type\":\"ListItem\",\"position\":1,\"name\":\"Accueil\",\"item\":\"https:\/\/www.revue3emillenaire.com\/blog\/\"},{\"@type\":\"ListItem\",\"position\":2,\"name\":\"La fronti\u00e8re vie-mort par Andr\u00e9 Dumas\"}]},{\"@type\":\"WebSite\",\"@id\":\"https:\/\/www.revue3emillenaire.com\/blog\/#website\",\"url\":\"https:\/\/www.revue3emillenaire.com\/blog\/\",\"name\":\"3e mill\u00e9naire - Spiritualit\u00e9 - Connaissance de soi - Non-dualit\u00e9 - M\u00e9ditation\",\"description\":\"L&#039;Homme en devenir\",\"potentialAction\":[{\"@type\":\"SearchAction\",\"target\":{\"@type\":\"EntryPoint\",\"urlTemplate\":\"https:\/\/www.revue3emillenaire.com\/blog\/?s={search_term_string}\"},\"query-input\":{\"@type\":\"PropertyValueSpecification\",\"valueRequired\":true,\"valueName\":\"search_term_string\"}}],\"inLanguage\":\"fr-FR\"},{\"@type\":\"Person\",\"@id\":\"https:\/\/www.revue3emillenaire.com\/blog\/#\/schema\/person\/9a3a7cc4ccaa707f402d4394327106d5\",\"name\":\"3e mill\u00e9naire\",\"url\":\"https:\/\/www.revue3emillenaire.com\/blog\/author\/admin\/\"}]}<\/script>\n<!-- \/ Yoast SEO plugin. -->","yoast_head_json":{"title":"La fronti\u00e8re vie-mort par Andr\u00e9 Dumas - 3e mill\u00e9naire - Spiritualit\u00e9 - Connaissance de soi - Non-dualit\u00e9 - M\u00e9ditation","robots":{"index":"index","follow":"follow","max-snippet":"max-snippet:-1","max-image-preview":"max-image-preview:large","max-video-preview":"max-video-preview:-1"},"canonical":"https:\/\/www.revue3emillenaire.com\/blog\/la-frontiere-vie-mort-par-andre-dumas\/","og_locale":"fr_FR","og_type":"article","og_title":"La fronti\u00e8re vie-mort par Andr\u00e9 Dumas - 3e mill\u00e9naire - Spiritualit\u00e9 - Connaissance de soi - Non-dualit\u00e9 - M\u00e9ditation","og_description":"La parapsychologie contemporaine, en poursuivant l'examen du \u00ab paranormal \u00bb, a abouti \u00e0 des constatations qui d\u00e9bouchent, elles aussi, sur la notion de zone-fronti\u00e8re entre les perceptions du conscient par les voies sensorielles, et la connaissance directe par le subconscient au moyen de myst\u00e9rieuses voies extra-sensorielles.","og_url":"https:\/\/www.revue3emillenaire.com\/blog\/la-frontiere-vie-mort-par-andre-dumas\/","og_site_name":"3e mill\u00e9naire - Spiritualit\u00e9 - Connaissance de soi - Non-dualit\u00e9 - M\u00e9ditation","article_published_time":"2010-10-27T15:09:06+00:00","article_modified_time":"2021-06-14T20:13:54+00:00","og_image":[{"width":234,"height":279,"url":"https:\/\/www.revue3emillenaire.com\/blog\/wp-content\/uploads\/2011\/11\/Andr\u00e9-Dumas2.jpg","type":"image\/jpeg"}],"author":"3e mill\u00e9naire","twitter_card":"summary_large_image","twitter_misc":{"\u00c9crit par":"3e mill\u00e9naire","Dur\u00e9e de lecture estim\u00e9e":"8 minutes"},"schema":{"@context":"https:\/\/schema.org","@graph":[{"@type":"Article","@id":"https:\/\/www.revue3emillenaire.com\/blog\/la-frontiere-vie-mort-par-andre-dumas\/#article","isPartOf":{"@id":"https:\/\/www.revue3emillenaire.com\/blog\/la-frontiere-vie-mort-par-andre-dumas\/"},"author":{"name":"3e mill\u00e9naire","@id":"https:\/\/www.revue3emillenaire.com\/blog\/#\/schema\/person\/9a3a7cc4ccaa707f402d4394327106d5"},"headline":"La fronti\u00e8re vie-mort par Andr\u00e9 Dumas","datePublished":"2010-10-27T15:09:06+00:00","dateModified":"2021-06-14T20:13:54+00:00","mainEntityOfPage":{"@id":"https:\/\/www.revue3emillenaire.com\/blog\/la-frontiere-vie-mort-par-andre-dumas\/"},"wordCount":1590,"image":{"@id":"https:\/\/www.revue3emillenaire.com\/blog\/la-frontiere-vie-mort-par-andre-dumas\/#primaryimage"},"thumbnailUrl":"https:\/\/www.revue3emillenaire.com\/blog\/wp-content\/uploads\/2011\/11\/Andr\u00e9-Dumas2.jpg","keywords":["Mort","Parapsychologie \/ Ph\u00e9nom\u00e8nes","Survie"],"articleSection":["Dumas Andr\u00e9 A.","Parapsychologie \/ Ph\u00e9nom\u00e8nes"],"inLanguage":"fr-FR"},{"@type":"WebPage","@id":"https:\/\/www.revue3emillenaire.com\/blog\/la-frontiere-vie-mort-par-andre-dumas\/","url":"https:\/\/www.revue3emillenaire.com\/blog\/la-frontiere-vie-mort-par-andre-dumas\/","name":"La fronti\u00e8re vie-mort par Andr\u00e9 Dumas - 3e mill\u00e9naire - Spiritualit\u00e9 - Connaissance de soi - Non-dualit\u00e9 - M\u00e9ditation","isPartOf":{"@id":"https:\/\/www.revue3emillenaire.com\/blog\/#website"},"primaryImageOfPage":{"@id":"https:\/\/www.revue3emillenaire.com\/blog\/la-frontiere-vie-mort-par-andre-dumas\/#primaryimage"},"image":{"@id":"https:\/\/www.revue3emillenaire.com\/blog\/la-frontiere-vie-mort-par-andre-dumas\/#primaryimage"},"thumbnailUrl":"https:\/\/www.revue3emillenaire.com\/blog\/wp-content\/uploads\/2011\/11\/Andr\u00e9-Dumas2.jpg","datePublished":"2010-10-27T15:09:06+00:00","dateModified":"2021-06-14T20:13:54+00:00","author":{"@id":"https:\/\/www.revue3emillenaire.com\/blog\/#\/schema\/person\/9a3a7cc4ccaa707f402d4394327106d5"},"breadcrumb":{"@id":"https:\/\/www.revue3emillenaire.com\/blog\/la-frontiere-vie-mort-par-andre-dumas\/#breadcrumb"},"inLanguage":"fr-FR","potentialAction":[{"@type":"ReadAction","target":["https:\/\/www.revue3emillenaire.com\/blog\/la-frontiere-vie-mort-par-andre-dumas\/"]}]},{"@type":"ImageObject","inLanguage":"fr-FR","@id":"https:\/\/www.revue3emillenaire.com\/blog\/la-frontiere-vie-mort-par-andre-dumas\/#primaryimage","url":"https:\/\/www.revue3emillenaire.com\/blog\/wp-content\/uploads\/2011\/11\/Andr\u00e9-Dumas2.jpg","contentUrl":"https:\/\/www.revue3emillenaire.com\/blog\/wp-content\/uploads\/2011\/11\/Andr\u00e9-Dumas2.jpg","width":"234","height":"279"},{"@type":"BreadcrumbList","@id":"https:\/\/www.revue3emillenaire.com\/blog\/la-frontiere-vie-mort-par-andre-dumas\/#breadcrumb","itemListElement":[{"@type":"ListItem","position":1,"name":"Accueil","item":"https:\/\/www.revue3emillenaire.com\/blog\/"},{"@type":"ListItem","position":2,"name":"La fronti\u00e8re vie-mort par Andr\u00e9 Dumas"}]},{"@type":"WebSite","@id":"https:\/\/www.revue3emillenaire.com\/blog\/#website","url":"https:\/\/www.revue3emillenaire.com\/blog\/","name":"3e mill\u00e9naire - Spiritualit\u00e9 - Connaissance de soi - Non-dualit\u00e9 - M\u00e9ditation","description":"L&#039;Homme en devenir","potentialAction":[{"@type":"SearchAction","target":{"@type":"EntryPoint","urlTemplate":"https:\/\/www.revue3emillenaire.com\/blog\/?s={search_term_string}"},"query-input":{"@type":"PropertyValueSpecification","valueRequired":true,"valueName":"search_term_string"}}],"inLanguage":"fr-FR"},{"@type":"Person","@id":"https:\/\/www.revue3emillenaire.com\/blog\/#\/schema\/person\/9a3a7cc4ccaa707f402d4394327106d5","name":"3e mill\u00e9naire","url":"https:\/\/www.revue3emillenaire.com\/blog\/author\/admin\/"}]}},"_links":{"self":[{"href":"https:\/\/www.revue3emillenaire.com\/blog\/wp-json\/wp\/v2\/posts\/5606","targetHints":{"allow":["GET"]}}],"collection":[{"href":"https:\/\/www.revue3emillenaire.com\/blog\/wp-json\/wp\/v2\/posts"}],"about":[{"href":"https:\/\/www.revue3emillenaire.com\/blog\/wp-json\/wp\/v2\/types\/post"}],"author":[{"embeddable":true,"href":"https:\/\/www.revue3emillenaire.com\/blog\/wp-json\/wp\/v2\/users\/1"}],"replies":[{"embeddable":true,"href":"https:\/\/www.revue3emillenaire.com\/blog\/wp-json\/wp\/v2\/comments?post=5606"}],"version-history":[{"count":0,"href":"https:\/\/www.revue3emillenaire.com\/blog\/wp-json\/wp\/v2\/posts\/5606\/revisions"}],"wp:featuredmedia":[{"embeddable":true,"href":"https:\/\/www.revue3emillenaire.com\/blog\/wp-json\/wp\/v2\/media\/9991"}],"wp:attachment":[{"href":"https:\/\/www.revue3emillenaire.com\/blog\/wp-json\/wp\/v2\/media?parent=5606"}],"wp:term":[{"taxonomy":"category","embeddable":true,"href":"https:\/\/www.revue3emillenaire.com\/blog\/wp-json\/wp\/v2\/categories?post=5606"},{"taxonomy":"post_tag","embeddable":true,"href":"https:\/\/www.revue3emillenaire.com\/blog\/wp-json\/wp\/v2\/tags?post=5606"}],"curies":[{"name":"wp","href":"https:\/\/api.w.org\/{rel}","templated":true}]}}