{"id":57,"date":"2008-07-09T00:00:00","date_gmt":"2008-07-09T00:00:00","guid":{"rendered":"http:\/\/www.revue3emillenaire.com\/blog\/?p=57"},"modified":"2011-09-11T01:56:11","modified_gmt":"2011-09-11T00:56:11","slug":"la-vie-est-cratrice-par-pierre-dangkor","status":"publish","type":"post","link":"https:\/\/www.revue3emillenaire.com\/blog\/la-vie-est-cratrice-par-pierre-dangkor\/","title":{"rendered":"La Vie est Cr&eacute;atrice par Pierre d&rsquo;Angkor"},"content":{"rendered":"<p style=\"text-align: justify;\">(Revue Spiritualit\u00e9 Num\u00e9ro 13, 15 D\u00e9cembre 1945)<\/p>\n<p style=\"text-align: justify;\">Dieu a cr\u00e9\u00e9 le monde, nous dit le traditionalisme religieux. Comme il n&rsquo;y a ici aucune \u00ab ad\u00e9quation \u00bb entre la cause et l&rsquo;effet, entre l&rsquo;Infini cr\u00e9ateur et les limitations de toute forme cr\u00e9\u00e9e, on ne voit pas comment cette cr\u00e9ation serait possible. Un hiatus formidable oppose les deux termes et la dualit\u00e9 para\u00eet irr\u00e9ductible puisqu&rsquo;il n&rsquo;y a aucune commune mesure, aucun rapport de nature, entre le Cr\u00e9ateur et sa cr\u00e9ation.<\/p>\n<p style=\"text-align: justify;\">La sagesse \u00e9sot\u00e9rique nous enseigne au contraire depuis un temps imm\u00e9morial que l&rsquo;Eternel et l&rsquo;\u00e9ph\u00e9m\u00e8re, l&rsquo;Etre et ses manifestations cycliques ou p\u00e9riodiques sont pareillement des aspects oppos\u00e9s<em> d&rsquo;une seule et m\u00eame R\u00e9alit\u00e9<\/em>.<\/p>\n<p style=\"text-align: justify;\">La vie et le mouvement de l&rsquo;existence universelle repr\u00e9sentent donc cette manifestation dynamique de l&rsquo;Un statique et c&rsquo;est cette vie universelle qui rec\u00e8le la puissance cr\u00e9atrice de l&rsquo;Infini divin. J&rsquo;ai montr\u00e9 dans un pr\u00e9c\u00e9dent article <a id=\"ftnref1\" href=\"#ftn1\">[1]<\/a> qu&rsquo;autre chose est la Vie en nous, autre chose la conscience que nous en avons. La Vie est \u00e9ternelle et, pour elle, la mort n&rsquo;existe pas. La vie doit donc \u00eatre distingu\u00e9e de ses instruments de conscience, les \u00eatres particuliers, qui naissent, croissent, \u00e9voluent, puis s&rsquo;usent, d\u00e9clinent et meurent, pour rena\u00eetre plus tard sous des formes nouvelles. Voil\u00e0 pourquoi l&rsquo;iconographie ancienne repr\u00e9sentait la Vie sous la forme symbolique du petit enfant sur les genoux de sa M\u00e8re-Nature, image de cette perp\u00e9tuelle jeunesse de l&rsquo;\u00eatre renaissant en des formes toujours nouvelles.<\/p>\n<p style=\"text-align: justify;\">La Vie est cr\u00e9atrice, disons-nous, et la cr\u00e9ation est l&rsquo;\u0153uvre de l&rsquo;intelligence. Il semble \u00e9vident en effet que l&rsquo;ordre et l&rsquo;harmonie du monde, que la formation et la progression des \u00eatres sur l&rsquo;immense \u00e9chelle \u00e9volutrice, ne peuvent \u00eatre le fait du hasard aveugle. D&rsquo;autre part, pr\u00e9existant sur notre globe et bien avant qu&rsquo;un cerveau humain f\u00fbt l\u00e0 pour les constater ou les admirer, ces faits repr\u00e9sentaient une r\u00e9alit\u00e9 objective, donc ind\u00e9pendante de l&rsquo;homme.<\/p>\n<p style=\"text-align: justify;\">Pourtant, \u00e0 cette question \u00ab la nature est-elle intelligente \u00bb, des r\u00e9ponses contradictoires nous sont donn\u00e9es. Pour les uns, la nature est une puissance insensible et aveugle, cr\u00e9ant et d\u00e9truisant inconsciemment les \u00eatres \u00e9ph\u00e9m\u00e8res qu&rsquo;elle produit. Pour les autres, au contraire, l&rsquo;ordre et l&rsquo;harmonie du monde supposent n\u00e9cessairement une Intelligence directrice et ordonnatrice. On sait que c&rsquo;est l\u00e0 l&rsquo;argument classique de la th\u00e9ologie pour conclure \u00e0 l&rsquo;existence d&rsquo;une Divinit\u00e9 extra-cosmique.<\/p>\n<p style=\"text-align: justify;\">Sans doute l&rsquo;ordre et l&rsquo;harmonie du monde ne peuvent \u00eatre le fruit du hasard, mais impliquent-ils n\u00e9cessairement l&rsquo;intelligence ? Ne pourraient-ils \u00eatre comme l&rsquo;\u00e9quilibre naturel de ce grand corps qu&rsquo;est l&rsquo;univers, vivant mais pas n\u00e9cessairement intelligent ? Le fruit d&rsquo;une harmonie interne de l&rsquo;\u00e2me du monde se traduisant au dehors par un ordre, une harmonie ext\u00e9rieure ? Pourquoi n&rsquo;y aurait-il pas pour l&rsquo;Univers pris dans son ensemble, comme pour chaque \u00eatre particulier, une entit\u00e9 psychique, cette \u00e2me du monde dont nous parle Platon ? Celle-ci n&rsquo;impliquerait pas n\u00e9cessairement l&rsquo;intelligence \u2014 contrairement \u00e0 ce qu&rsquo;affirme le vieux philosophe qui la qualifie d&rsquo;animal raisonnable \u2014 mais serait alors comparable \u00e0 une \u00e2me animale, capable de r\u00e9parer automatiquement le trouble et le d\u00e9sordre introduit dans le monde par des causes secondes. N\u00e9anmoins si cette Nature vivante, cette \u00e2me du monde, cr\u00e9e l&rsquo;intelligence, c&rsquo;est-\u00e0-dire informe et d\u00e9veloppe des \u00eatres intelligents, comment alors lui refuser potentiellement tout au moins, cette intelligence \u00e0 elle-m\u00eame ? Il ne peut y avoir moins dans la cause cr\u00e9atrice que dans l&rsquo;effet cr\u00e9\u00e9. L&rsquo;intelligence des \u00eatres cr\u00e9\u00e9s, loin d&rsquo;\u00eatre distincte, appara\u00eet donc comme la manifestation fragment\u00e9e de celle de la nature. L&rsquo;\u00e2me du monde, si elle existe, est donc intelligente. Mais, Existe-t-elle ? Elle existe n\u00e9cessairement, peut-on r\u00e9pondre, si la puissance cr\u00e9atrice qui agit dans tous les \u00eatres vivants repr\u00e9sente en eux un pouvoir sup\u00e9rieur \u00e0 leur propres facult\u00e9s d&rsquo;instinct ou d&rsquo;intelligence : car, dans ce cas, et si nous faisons momentan\u00e9ment abstraction de l&rsquo;hypoth\u00e8se th\u00e9ologique d&rsquo;un Dieu surnaturel, o\u00f9 pourrions nous trouver ce cr\u00e9ateur sinon dans une puissance qui est au del\u00e0 de ces deux facult\u00e9s et qui ne pourra \u00eatre d\u00e8s lors que cette \u00e2me de la Nature, cette Vie cosmique, immanente et transcendante, cach\u00e9e au tr\u00e9fonds de tous les \u00eatres ? Sans doute, envisag\u00e9e dans son action sur notre plan physique, la Nature nous appara\u00eet plut\u00f4t comme une puissance fatale et inintelligente, une mar\u00e2tre, insensible aux destructions qu&rsquo;elle op\u00e8re. Mais ce n&rsquo;est \u00e9videmment pas du point de vue des formes d\u00e9truites qu&rsquo;il convient de juger \u00e9quitablement des intentions de la Nature, si elle en a, ni du but sup\u00e9rieur qu&rsquo;elle poursuit, si elle a un but.<\/p>\n<p style=\"text-align: justify;\">La question qui se pose est donc de savoir si la Nature est intelligente ou non. Si nous nous en rapportons aux constatations tir\u00e9es de l&rsquo;exp\u00e9rience et de l&rsquo;observation, la r\u00e9ponse \u00e0 cette question n&rsquo;est pas douteuse. Sous certaines r\u00e9serves que nous dirons, la Vie cosmique nous appara\u00eet comme un cr\u00e9ateur sup\u00e9rieurement intelligent. Ce sont principalement les progr\u00e8s de la biologie qui ont donn\u00e9 le coup de gr\u00e2ce \u00e0 la doctrine m\u00e9caniciste de la cr\u00e9ation et r\u00e9v\u00e9l\u00e9 cette intelligence sup\u00e9rieure de la Nature. Un \u00e9minent biologiste fran\u00e7ais, <em>Lucien Cu\u00e9not<\/em>, le constatait il n&rsquo;y a pas si longtemps : \u00ab Un outil humain \u00bb, d\u00e9clarait-il dans une interview <a id=\"ftnref2\" href=\"#ftn2\">[2]<\/a>, \u00ab a pour cause l&rsquo;id\u00e9e que l&rsquo;homme s&rsquo;est faite avant sa fabrication&#8230; \u00bb ; de m\u00eame \u00ab il est inconcevable que la gen\u00e8se d&rsquo;un outil animal soit le r\u00e9sultat des hasards. Il faut qu&rsquo;il y ait eu avant sa gen\u00e8se un plan, un dessein. Or, ce n&rsquo;est pas l&rsquo;animal qui a pu avoir le dessein en question; il faut donc que celle-ci soit en dehors de l&rsquo;animal, transcendant \u00e0 lui, suivant l&rsquo;expression des philosophes&#8230; \u00bb, ainsi, concluait-il, \u00ab le biologiste ne peut faire autrement que de p\u00e9n\u00e9trer dans le palais interdit de la m\u00e9taphysique \u00bb.<\/p>\n<p style=\"text-align: justify;\">Oui, peut-on r\u00e9pondre au savant, mais n&rsquo;est-il pas absurde de supposer le cr\u00e9ateur, ext\u00e9rieur \u00e0 l&rsquo;animal et enti\u00e8rement \u00e9tranger \u00e0 sa nature ? Transcendant l&rsquo;individu \u00e9videmment, mais immanent n\u00e9anmoins \u00e0 son esp\u00e8ce. C&rsquo;est donc sur le plan transcendant du g\u00e9nie de l&rsquo;esp\u00e8ce qu&rsquo;il importe de le chercher. De toute \u00e9vidence, ce n&rsquo;est pas dans la petite cervelle de l&rsquo;abeille qu&rsquo;il faut chercher la gen\u00e8se du plan compliqu\u00e9 de la ruche : c&rsquo;est dans l&rsquo;\u00e2me collective ou le g\u00e9nie de l&rsquo;esp\u00e8ce, lequel se traduit ensuite en chaque individu sous la forme d&rsquo;un instinct aveugle, imp\u00e9rieux et strictement Imit\u00e9 \u00e0 sa fonction. On voit aussi que c&rsquo;est tout le probl\u00e8me de la transcendance et de l&rsquo;immanence qui est ici pos\u00e9, m\u00eame dans le cas de l&rsquo;animal.<\/p>\n<p style=\"text-align: justify;\">Naturellement et a fortiori en est-il de m\u00eame pour l&rsquo;homme. O\u00f9 est le cr\u00e9ateur en l&rsquo;homme ? Est-ce son intelligence ? Ou son instinct particulier ? Ni l&rsquo;un ni l&rsquo;autre. Sans doute cette merveilleuse puissance de la Vie cr\u00e9atrice en nous se sert de notre intelligence et de notre instinct, mais elle demeure, de toute \u00e9vidence, comme en retrait de ces deux facult\u00e9s. Il semble qu&rsquo;on puisse dire que. tandis que dans le r\u00e8gne animal, l&rsquo;intelligence cr\u00e9atrice se trouve localis\u00e9e dans une sorte d&rsquo;\u00e2me-groupe contenant un nombre d&rsquo;individus, d&rsquo;ailleurs extr\u00eamement variable suivant le rang qu&rsquo;occupe ce groupe dans la hi\u00e9rarchie animale ou v\u00e9g\u00e9tale (une famille de chiens par exemple compar\u00e9e \u00e0 une fourmili\u00e8re), dans le r\u00e8gne humain au contraire cette intelligence cr\u00e9atrice s&rsquo;individualise progressivement en chaque individu, se r\u00e9fl\u00e9chissant en chaque cerveau humain comme intelligence r\u00e9fl\u00e9chie, soi-conscience, raison, intuition, etc. La puissance cr\u00e9atrice en nous demeure toutefois toujours transcendante \u00e0 nos facult\u00e9s conscientes.<\/p>\n<p style=\"text-align: justify;\">Si l&rsquo;on \u00e9tudie en effet ce que repr\u00e9sentent dans les \u00eatres vivants ces deux facult\u00e9s de l&rsquo;intelligence et de l&rsquo;instinct, on s&rsquo;aper\u00e7oit que, si elles paraissent s&rsquo;opposer l&rsquo;une \u00e0 l&rsquo;autre, \u2014 ainsi que le remarque le philosophe Bergson en ce qui concerne le plan de notre existence consciente \u2014 elles semblent au contraire se conjuguer, et culminer en une puissance sup\u00e9rieure sur un plan transcendant notre conscience, c&rsquo;est-\u00e0-dire transconscient ou supraconscient. Qu&rsquo;elle se traduise en effet sur toute l&rsquo;\u00e9chelle hi\u00e9rarchique des \u00eatres soit sous forme d&rsquo;instinct aveugle, irraisonn\u00e9, soit, comme chez l&rsquo;homme, sous forme d&rsquo;id\u00e9es claires, logiques, r\u00e9fl\u00e9chis, supr\u00eamement intelligente nous appara\u00eet toujours cette puissance de la Vie cr\u00e9atrice qui, par del\u00e0 le seuil de notre conscience, pr\u00e9side \u00e0 la croissance de notre corps, \u00e0 l&rsquo;adaptation de nos organes, \u00e0 la lente \u00e9laboration de notre moi psychologique. Cette myst\u00e9rieuse activit\u00e9 cr\u00e9atrice, adaptatrice, transformatrice, sans cesse \u00e0 l&rsquo;\u0153uvre au fond de nous-m\u00eame, ne doit donc pas \u00eatre confondue ni avec l&rsquo;instinct aveugle ni avec notre intelligence.<\/p>\n<p style=\"text-align: justify;\">Bien qu&rsquo;elle puisse s&rsquo;exprimer partiellement par leur interm\u00e9diaire et s&rsquo;en servir comme instruments d&rsquo;ex\u00e9cution \u2014 car l&rsquo;action cr\u00e9atrice du mental en nous est incontestable \u2014 la puissance cr\u00e9atrice demeure n\u00e9anmoins \u00e0 l&rsquo;arri\u00e8re-plan de nos facult\u00e9s conscientes.<\/p>\n<p style=\"text-align: justify;\">N&rsquo;est-il pas \u00e9vident en effet que ce n&rsquo;est ni l&rsquo;instinct d\u00e9nu\u00e9 de raison, ni le mental conscient des individus qui, dans la nourriture, s\u00e9lectionne avec tant de sagesse les principes n\u00e9cessaires \u00e0 la subsistance du corps, qui fait \u00e9voluer les \u00eatres de fa\u00e7on progressive et ascendante dans les diff\u00e9rents r\u00e8gnes de la Nature, qui adapte leurs formes organiques aux milieux changeants et aux conditions vari\u00e9es de l&rsquo;existence, qui cr\u00e9e en eux les organes appropri\u00e9s de d\u00e9fense, de nutrition, de reproduction, etc. ?  Attribuer toutes ces merveilles \u00e0 un instinct aveugle implique contradiction. Les attribuer \u00e0 cette fonction mentale que l&rsquo;on nomme l&rsquo;intelligence consciente, c&rsquo;est exprimer une contre-v\u00e9rit\u00e9 manifeste. L&rsquo;activit\u00e9 cr\u00e9atrice de la Nature, sans cesse \u00e0 l&rsquo;\u0153uvre chez tous les vivants est donc apparemment fonction d&rsquo;une intelligence sup\u00e9rieure, d&rsquo;un Principe hyperconscient, puisque notre mental conscient n&rsquo;y atteint pas encore et semble n&rsquo;en \u00eatre lui-m\u00eame qu&rsquo;un reflet, une expression inf\u00e9rieure et limit\u00e9e.<\/p>\n<p style=\"text-align: justify;\">Il est int\u00e9ressant, \u00e0 ce propos, de constater \u00e0 quel point l&rsquo;\u00e9vidence des faits oblige petit \u00e0 petit nos hommes de science, m\u00eame les plus r\u00e9fractaires au mysticisme et \u00e0 toute m\u00e9taphysique, \u00e0 modifier \u00e0 cet \u00e9gard leurs positions et leurs conclusions. C&rsquo;est ainsi que l&rsquo;on a pu lire dans la Revue Scientifique et sous la plume d&rsquo;un positiviste comme <em>Gustave Le Bon<\/em>, les lignes suivantes : \u00ab Les forces directrices qui pr\u00e9sident au fonctionnement de nos organes sont compl\u00e8tement inconnues. Nous savons seulement qu&rsquo;elles interviennent sans cesse pour adapter l&rsquo;organisme \u00e0 des n\u00e9cessit\u00e9s constamment variables, comme si elles \u00e9taient dou\u00e9es d&rsquo;une intelligence fort sup\u00e9rieure \u00e0 la n\u00f4tre. Il en existe pour toutes les fonctions : circulation, respiration, d\u00e9fense contre les agents ext\u00e9rieurs, etc. Aucun chimiste n&rsquo;est assez savant pour dire, par exemple, comment les forces organiques fabriquent du lait avec le sang, comment le rein sait extraire de l&rsquo;organisme les produits toxiques que l&rsquo;usure des organes y introduit constamment, comment les cellules c\u00e9r\u00e9brales utilisent les \u00e9l\u00e9ments fournis par les sens pour fabriquer des pens\u00e9es, etc. Les op\u00e9rations diverses dont l&rsquo;ensemble constitue la vie sembleraient indiquer qu&rsquo;il existe dans l&rsquo;organisme toute une s\u00e9rie de centres directeurs transcendants mais limit\u00e9s, chacun, \u00e0 une fonction sp\u00e9ciale \u00bb.<\/p>\n<p style=\"text-align: justify;\">Il serait \u00e9videmment absurde de supposer qu&rsquo;un Dieu ext\u00e9rieur et tout-puissant intervient ainsi constamment dans ces op\u00e9rations obscures de la Vie universelle, soit directement, soit m\u00eame indirectement par des lois g\u00e9n\u00e9rales et qui ne pourraient s&rsquo;adapter \u00e0 l&rsquo;innombrable diff\u00e9renciation des cas particuliers. Mais que veut dire <em>Gustave Le Bon<\/em> en parlant de ces \u00ab centres directeurs transcendants, limit\u00e9s chacun \u00e0 une fonction sp\u00e9ciale \u00bb ? Quels qu&rsquo;ils puissent \u00eatre, il semble que ces centres ne peuvent \u00eatre ind\u00e9pendants les uns des autres, mais qu&rsquo;il faut les supposer associ\u00e9s et reli\u00e9s entre eux dans une entit\u00e9 m\u00e9taphysique qui appara\u00eet alors, soit somme le Dieu ext\u00e9rieur et surnaturel de la religion \u2014 hypoth\u00e8se absurde, nous le verrons, et que notre auteur rejette \u2014 soit comme un Principe immanent en nous m\u00eame, mais transcendant n\u00e9anmoins, par rapport \u00e0 notre conscience actuelle et aux limitations de notre moi. On pourrait donc conclure qu&rsquo;ignor\u00e9 de notre intelligence proprement dite, qui n&rsquo;en est que le reflet c\u00e9r\u00e9bral, le Pouvoir cr\u00e9ateur en nous est une puissance mimique qui agit au del\u00e0 du seuil de notre conscience comme Intelligence sup\u00e9rieure, cr\u00e9atrice, s\u00e9lectrice, organisatrice, transformatrice, etc.<\/p>\n<p style=\"text-align: justify;\">Il semble bien d\u00e8s lors qu&rsquo;elle ne fasse qu&rsquo;un avec la Vie cosmique, Intelligence m\u00eame de la Nature, d\u00e9roulant en son sein l&rsquo;immense fleuve les vivants, ceux-ci se subdivisant en r\u00e8gnes, esp\u00e8ces, genres, familles et individus. Et voil\u00e0 ce qui explique les tendances panth\u00e9istiques de tant le mystiques qui voient Dieu ou la Vie cr\u00e9atrice dans la Nature m\u00eame et non en dehors d&rsquo;elle, au Centre cach\u00e9 de l&rsquo;Univers et non dans une :ext\u00e9riorit\u00e9 inimaginable, ainsi que le proclament les th\u00e9ologies. Car, ainsi lue l&rsquo;exprime la plus haute sagesse de l&rsquo;Inde :<\/p>\n<p style=\"text-align: justify;\">\u00ab <em>L&rsquo;univers est r\u00e9el en tant que Brahman :<br \/>\nil est irr\u00e9el en tant que distinct de Brahman.<\/em> \u00bb<br \/>\nShankaracharya.<\/p>\n<p style=\"text-align: justify;\">\u00ab Mais pourquoi \u00bb, objectera-t-on peut-\u00eatre, \u00ab l&rsquo;hypoth\u00e8se th\u00e9ologique du Dieu surnaturel, ext\u00e9rieur et \u00e9tranger au monde, serait-elle absurde ? \u00bb Tout d&rsquo;abord parce que l&rsquo;id\u00e9e m\u00eame de ce Dieu est impensable, implique contradiction. Comment notre cerveau en effet pourrait-il penser, imaginer, quoique ce soit, \u00eatre ou chose, en dehors du Tout universel ? Notre pens\u00e9e fait n\u00e9cessairement partie de ce Tout : ni elle, ni son objet, ne peuvent en \u00eatre exclus. Le surnaturel ne peut-\u00eatre que la Nature elle-m\u00eame dans son aspect transcendant, invisible, inconnu <a id=\"ftnref3\" href=\"#ftn3\">[3]<\/a>. Une proposition contraire implique contradiction. Imaginer Dieu comme en dehors du Tout invisible et visible est un non-sens. Ce qui serait en dehors de l&rsquo;existence universelle ne pourrait \u00eatre qu&rsquo;inexistant. Ce Dieu ext\u00e9rieur, s&rsquo;il \u00e9tait possible, nous ne pourrions rien en savoir, ni le conna\u00eetre.<\/p>\n<p style=\"text-align: justify;\">Ensuite, comme je l&rsquo;ai dit en commen\u00e7ant, si le Tout dont nous faisons partie n&rsquo;est pas une Unit\u00e9, si Dieu et le monde, ou l&rsquo;Etre \u00e9ternel qui est, et l&rsquo;\u00e9ternel Devenir de ses manifestations p\u00e9riodiques, ne sont pas deux aspects oppos\u00e9s mais compl\u00e9mentaires de cette Unit\u00e9 mais au contraire deux natures essentiellement distinctes, absolument oppos\u00e9es et \u00e9trang\u00e8res l&rsquo;une \u00e0 l&rsquo;autre, alors on ne con\u00e7oit pas que l&rsquo;une puisse agir sur l&rsquo;autre, cr\u00e9er l&rsquo;autre, puisqu&rsquo;une irr\u00e9ductibilit\u00e9 absolue les s\u00e9pare \u00e0 jamais !<\/p>\n<p style=\"text-align: justify;\">Enfin il faut reconna\u00eetre que ce Dieu cr\u00e9ateur de la th\u00e9ologie ne cadre nullement avec les faits d&rsquo;observation. Il est de fait en effet que nous vivons dans un monde imparfait, plein de lacunes et d&rsquo;erreurs et qui ne peut donc \u00eatre l&rsquo;\u0153uvre d&rsquo;un cr\u00e9ateur tout-puissant et parfait. L&rsquo;histoire de la cr\u00e9ation depuis les origines le d\u00e9montre. La Vie cr\u00e9atrice essaie, t\u00e2tonne, h\u00e9site, se reprend, se corrige, cr\u00e9e des \u00e9bauches d&rsquo;\u00eatres, parfois des monstres, avant de r\u00e9ussir des formes harmonieuses et parfaites. En somme la Vie n&rsquo;est toute-puissante, \u00e9ternelle, infinie, qu&rsquo;envisag\u00e9e en soi, dans sa nature abstraite en quelque sorte, abstraite de ses possibilit\u00e9s infinies, de ses manifestations universelles dans le temps et l&rsquo;espace. Concr\u00e8tement consid\u00e9r\u00e9e comme \u00e2me cr\u00e9atrice des univers successifs, Elle est au contraire limit\u00e9e, \u00e0 chaque fois, par la nature m\u00eame des mat\u00e9riaux dont Elle dispose et des conditions o\u00f9 Elle agit, mat\u00e9riaux et conditions \u00e9tant eux-m\u00eames le fruit d&rsquo;exp\u00e9riences qui se succ\u00e8dent et se renouvellent, toujours changeantes et toujours diff\u00e9rentes.<\/p>\n<p style=\"text-align: justify;\">Remarquons d&rsquo;ailleurs que d&rsquo;aucun de ces deux points de vue, nous n&rsquo;avons affaire ici au Dieu surnaturel de la th\u00e9ologie. Du point de vue absolu, l&rsquo;Un \u00e9chappe \u00e0 toutes nos cat\u00e9gories, est inexprimable, ind\u00e9finissable. Du point de vue relatif, c&rsquo;est-\u00e0-dire en tant que Vie cr\u00e9atrice et animatrice d&rsquo;un univers, le Principe supr\u00eame nous appara\u00eet au contraire comme limit\u00e9, emprisonn\u00e9 dans les cadres et les lois de cet univers, ceux-ci conditionn\u00e9s et pr\u00e9d\u00e9termin\u00e9s par des \u00e9volutions ant\u00e9rieures. Il ne s&rsquo;agit donc pas ici d&rsquo;un cr\u00e9ateur parfait et tout-puissant, mais d&rsquo;un cr\u00e9ateur limit\u00e9 par les possibilit\u00e9s de sa cr\u00e9ation m\u00eame.<\/p>\n<p style=\"text-align: justify;\">Une derni\u00e8re question se pose \u00e0 nous. Cette vie cr\u00e9atrice, expression p\u00e9riodique dans l&rsquo;espace et le temps de l&rsquo;Etre infini et \u00e9ternel, est-elle une Intelligence consciente de soi ? A premi\u00e8re vue, il semblerait qu&rsquo;il faille r\u00e9pondre par l&rsquo;affirmative puisqu&rsquo;Elle cr\u00e9e des \u00eatres intelligents et soi-conscients. Pourtant rien n&rsquo;indique qu&rsquo;il en soit ainsi. Bien au contraire, nous savons que toute cr\u00e9ation d\u00e9bute, sur notre plan physique tout au moins, dans l&rsquo;inconscience de la n\u00e9buleuse primitive, dans le jeu aveugle des forces et des \u00e9quilibres atomiques, et que ce n&rsquo;est que plus tard, au cours d&rsquo;une \u00e9volution lente et progressive, que la vie organique surgit et d\u00e9veloppe les pouvoirs de la conscience dans la s\u00e9rie hi\u00e9rarchique des \u00eatres vivants. Comme elle est potentielle seulement chez le petit enfant qui vient de na\u00eetre, l&rsquo;intelligence est donc aussi potentielle seulement dans l&rsquo;univers \u00e0 ses d\u00e9buts. Dire que la vie cr\u00e9atrice d&rsquo;un monde est soi-consciente depuis ses d\u00e9buts, puisqu&rsquo;elle produit \u00e0 un stade ult\u00e9rieur de son d\u00e9veloppement des \u00eatres soi-conscients, c&rsquo;est affirmer aussi bien que l&rsquo;intelligence du petit enfant est identique \u00e0 celle de l&rsquo;homme adulte, puisqu&rsquo;elle produit cette derni\u00e8re. C&rsquo;est nier tout le processus de l&rsquo;\u00e9volution graduelle. De m\u00eame donc que c&rsquo;est en grandissant que l&rsquo;enfant devient conscient de lui-m\u00eame et de son d\u00e9veloppement, de m\u00eame la Vie-une d&rsquo;un monde ne d\u00e9veloppe que graduellement et successivement ses pouvoirs d&rsquo;intelligence et de conscience au travers des r\u00e8gnes inf\u00e9rieurs d&rsquo;abord, pour s&rsquo;\u00e9panouir ensuite dans l&rsquo;homme et r\u00e9aliser en lui sa premi\u00e8re exp\u00e9rience de conscience de soi <a id=\"ftnref4\" href=\"#ftn4\">[4]<\/a>. Mais peut-elle s&rsquo;arr\u00eater \u00e0 ce simple d\u00e9but ? Non \u00e9videmment. Le but final de l&rsquo;\u00e9volution, c&rsquo;est de cr\u00e9er des Dieux, c&rsquo;est-\u00e0-dire des \u00eatres capables de refl\u00e9ter en eux, non plus leur petite soi-conscience personnelle, mais chacun selon sa nuance propre, la soi-conscience universelle, c&rsquo;est-\u00e0-dire avec l&rsquo;omniscience, la conscience divine de l&rsquo;unit\u00e9 du Tout.<\/p>\n<p style=\"text-align: justify;\">De ce que, dans leur succession \u00e9ternelle, chaque monde proc\u00e8de ainsi de l&rsquo;inconscience originelle jusqu&rsquo;\u00e0 l&rsquo;\u00e9panouissement splendide de ses Dieux, ce serait n\u00e9anmoins une erreur de conclure que c&rsquo;est une force aveugle, une volont\u00e9 inconsciente, qui pr\u00e9side \u00e0 cette \u00e9volution m\u00eame. Ce que nous nous avons dit pr\u00e9c\u00e9demment des merveilles de la Vie cr\u00e9atrice controuverait une conclusion aussi hasardeuse. Non ; notre monde est issu d&rsquo;un monde pr\u00e9c\u00e9dent, dont il est comme le Fils, et dont la sagesse collective \u2014 le P\u00e8re, l&rsquo;Esprit g\u00e9n\u00e9rateur \u2014 est devenu pour lui comme une sorte d&rsquo;arch\u00e9type, pouvant et devant lui servir de mod\u00e8le transcendantal d&rsquo;inspiration ou de plan id\u00e9al. C&rsquo;est ce que <em>Platon<\/em>, en interpr\u00e8te de l&rsquo;enseignement occulte, nous exprimait quand, parlant du d\u00e9miurge (l&rsquo;\u00e2me du monde), il nous disait \u00ab qu&rsquo;il contemple dans l&rsquo;Intelligence divine les formes exemplaires qu&rsquo;il appelle id\u00e9es \u00bb <a id=\"ftnref5\" href=\"#ftn5\">[5]<\/a>. Il serait donc erron\u00e9 de comparer notre monde \u00e0 son origine \u00e0 un enfant abandonn\u00e9 \u00e0 sa naissance. L&rsquo;enfant h\u00e9rite des vertus de sa race ; il grandit sous la surveillance de son p\u00e8re, mais se d\u00e9veloppe par ses propres forces internes. Ainsi en est-il exactement d&rsquo;un monde. Il grandit sous la surveillance de son P\u00e8re c\u00e9leste, mais \u00e9volue en vertu de sa propre vie divine immanente. Le microcosme est comme le macrocosme et la Loi est une, nous dit la Sagesse herm\u00e9tique. Les univers se transmettent successivement leurs vertus acquises, mais chacun se d\u00e9veloppe de fa\u00e7on autonome et sans que l&rsquo;activit\u00e9 libre et cr\u00e9atrice de sa Vie immanente puisse jamais se r\u00e9p\u00e9ter, chacun \u00e9voluant sa propre conscience, sa propre sagesse divine.<\/p>\n<p style=\"text-align: justify;\">Il appara\u00eet aussi, comme conclusion, que la Vie divine de notre monde <em>n&rsquo;est pas distincte<\/em> de l&rsquo;ensemble des \u00eatres particuliers par lesquels Elle se manifeste graduellement et que ce n&rsquo;est que dans et par ces \u00eatres particuliers, sur toute l&rsquo;\u00e9chelle de la cr\u00e9ation invisible et visible, que peut se manifester la Conscience divine Elle-m\u00eame, c&rsquo;est-\u00e0-dire la Conscience de l&rsquo;unit\u00e9 du Tout, la Conscience universelle.<br \/>\nMais une contrepartie de cette gloire existe malheureusement. Toute entreprise d&rsquo;\u00e9volution comporte des risques. L&rsquo;hypoth\u00e8se ne peut \u00eatre exclue, h\u00e9las, d&rsquo;un \u00e9chec de notre monde. Nul Dieu ext\u00e9rieur \u00e0 nous-m\u00eames ne r\u00e8gle notre destin. Je ne sais quel savant anglais disait r\u00e9cemment que si la guerre atomique devait \u00e9clater quelque jour, l&rsquo;accroissement de radioactivit\u00e9 qui en r\u00e9sulterait rendrait la plan\u00e8te inhabitable et entra\u00eenerait ipso facto la fin tragique de notre humanit\u00e9. Puissent l&rsquo;imminence d&rsquo;un tel p\u00e9ril et cette perspective effroyable nous faire r\u00e9fl\u00e9chir et provoquer d&rsquo;urgence les r\u00e9actions n\u00e9cessaires. Les fausses \u00e9lites du pass\u00e9, bas\u00e9es ou sur la naissance, ou sur l&rsquo;argent, ou la force aveugle du nombre, nous ont men\u00e9s sur des voies funestes. Puissent tous les vrais fils de l&rsquo;esprit, d&rsquo;o\u00f9 qu&rsquo;ils viennent, \u00e0 quelque famille spirituelle qu&rsquo;ils appartiennent, se r\u00e9unir, s&rsquo;\u00e9pauler et, par del\u00e0 leurs divergences de pens\u00e9e, rassembler leurs efforts pour nous orienter dans une meilleure direction et sauver le monde de la perdition. Ensemble, ils forment l&rsquo;\u00e9lite v\u00e9ritable, celle du c\u0153ur et de l&rsquo;intelligence qui doit nous faire \u00e9viter le gouffre b\u00e9ant, ouvert sous nos pas, et faire luire \u00e0 nos yeux notre vraie destin\u00e9e.<\/p>\n<p style=\"text-align: right;\">PIERRE D&rsquo;ANGKOR<\/p>\n<p style=\"text-align: justify;\">\n<p style=\"text-align: justify;\"><a id=\"ftn1\" href=\"#ftnref1\">[1]<\/a> &#8211; Spiritualit\u00e9 du 15 octobre 1945.<\/p>\n<p style=\"text-align: justify;\"><a id=\"ftn2\" href=\"#ftnref2\">[2]<\/a> &#8211;  Nouvelles Litt\u00e9raires du 17 juin 1933<\/p>\n<p style=\"text-align: justify;\"><a id=\"ftn3\" href=\"#ftnref3\">[3]<\/a> &#8211; \u00ab <em>La nature est surnaturelle<\/em> \u00bb, nous dit le po\u00e8te R. Browning.<\/p>\n<p style=\"text-align: justify;\"><a id=\"ftn4\" href=\"#ftnref4\">[4]<\/a> &#8211; L&rsquo;animal n&rsquo;a pas conscience de soi. Il est \u00e9go\u00efste inconsciemment. L&rsquo;homme est \u00e9go\u00efste consciemment.<\/p>\n<p style=\"text-align: justify;\"><a id=\"ftn5\" href=\"#ftnref5\">[5]<\/a> &#8211; La philosophie du Moyen-\u00e2ge, par Emile Br\u00e9hier, p. 159. (Collection Berr, Albin Michel.)<\/p>\n","protected":false},"excerpt":{"rendered":"<p>Dieu a cr\u00e9\u00e9 le monde, nous dit le traditionalisme religieux. Comme il n&rsquo;y a ici aucune \u00ab ad\u00e9quation \u00bb entre la cause et l&rsquo;effet, entre l&rsquo;Infini cr\u00e9ateur et les limitations de toute forme cr\u00e9\u00e9e, on ne voit pas comment cette cr\u00e9ation serait possible. Un hiatus formidable oppose les deux termes et la dualit\u00e9 para\u00eet irr\u00e9ductible puisqu&rsquo;il n&rsquo;y a aucune commune mesure, aucun rapport de nature, entre le Cr\u00e9ateur et sa cr\u00e9ation.<\/p>\n","protected":false},"author":1,"featured_media":0,"comment_status":"open","ping_status":"open","sticky":false,"template":"","format":"standard","meta":{"footnotes":""},"categories":[64],"tags":[],"class_list":["post-57","post","type-post","status-publish","format-standard","hentry","category-p-dangkor"],"yoast_head":"<!-- This site is optimized with the Yoast SEO plugin v27.0 - https:\/\/yoast.com\/product\/yoast-seo-wordpress\/ -->\n<title>La Vie est Cr&eacute;atrice par Pierre d&#039;Angkor - 3e mill\u00e9naire - Spiritualit\u00e9 - Connaissance de soi - Non-dualit\u00e9 - M\u00e9ditation<\/title>\n<meta name=\"robots\" content=\"index, follow, max-snippet:-1, max-image-preview:large, max-video-preview:-1\" \/>\n<link rel=\"canonical\" href=\"https:\/\/www.revue3emillenaire.com\/blog\/la-vie-est-cratrice-par-pierre-dangkor\/\" \/>\n<meta property=\"og:locale\" content=\"fr_FR\" \/>\n<meta property=\"og:type\" content=\"article\" \/>\n<meta property=\"og:title\" content=\"La Vie est Cr&eacute;atrice par Pierre d&#039;Angkor - 3e mill\u00e9naire - Spiritualit\u00e9 - Connaissance de soi - Non-dualit\u00e9 - M\u00e9ditation\" \/>\n<meta property=\"og:description\" content=\"Dieu a cr\u00e9\u00e9 le monde, nous dit le traditionalisme religieux. Comme il n&#039;y a ici aucune \u00ab ad\u00e9quation \u00bb entre la cause et l&#039;effet, entre l&#039;Infini cr\u00e9ateur et les limitations de toute forme cr\u00e9\u00e9e, on ne voit pas comment cette cr\u00e9ation serait possible. Un hiatus formidable oppose les deux termes et la dualit\u00e9 para\u00eet irr\u00e9ductible puisqu&#039;il n&#039;y a aucune commune mesure, aucun rapport de nature, entre le Cr\u00e9ateur et sa cr\u00e9ation.\" \/>\n<meta property=\"og:url\" content=\"https:\/\/www.revue3emillenaire.com\/blog\/la-vie-est-cratrice-par-pierre-dangkor\/\" \/>\n<meta property=\"og:site_name\" content=\"3e mill\u00e9naire - Spiritualit\u00e9 - Connaissance de soi - Non-dualit\u00e9 - M\u00e9ditation\" \/>\n<meta property=\"article:published_time\" content=\"2008-07-09T00:00:00+00:00\" \/>\n<meta property=\"article:modified_time\" content=\"2011-09-11T00:56:11+00:00\" \/>\n<meta name=\"author\" content=\"3e mill\u00e9naire\" \/>\n<meta name=\"twitter:card\" content=\"summary_large_image\" \/>\n<meta name=\"twitter:label1\" content=\"\u00c9crit par\" \/>\n\t<meta name=\"twitter:data1\" content=\"3e mill\u00e9naire\" \/>\n\t<meta name=\"twitter:label2\" content=\"Dur\u00e9e de lecture estim\u00e9e\" \/>\n\t<meta name=\"twitter:data2\" content=\"19 minutes\" \/>\n<script type=\"application\/ld+json\" class=\"yoast-schema-graph\">{\"@context\":\"https:\/\/schema.org\",\"@graph\":[{\"@type\":\"Article\",\"@id\":\"https:\/\/www.revue3emillenaire.com\/blog\/la-vie-est-cratrice-par-pierre-dangkor\/#article\",\"isPartOf\":{\"@id\":\"https:\/\/www.revue3emillenaire.com\/blog\/la-vie-est-cratrice-par-pierre-dangkor\/\"},\"author\":{\"name\":\"3e mill\u00e9naire\",\"@id\":\"https:\/\/www.revue3emillenaire.com\/blog\/#\/schema\/person\/9a3a7cc4ccaa707f402d4394327106d5\"},\"headline\":\"La Vie est Cr&eacute;atrice par Pierre d&rsquo;Angkor\",\"datePublished\":\"2008-07-09T00:00:00+00:00\",\"dateModified\":\"2011-09-11T00:56:11+00:00\",\"mainEntityOfPage\":{\"@id\":\"https:\/\/www.revue3emillenaire.com\/blog\/la-vie-est-cratrice-par-pierre-dangkor\/\"},\"wordCount\":3727,\"commentCount\":0,\"articleSection\":[\"d'Angkor Pierre\"],\"inLanguage\":\"fr-FR\",\"potentialAction\":[{\"@type\":\"CommentAction\",\"name\":\"Comment\",\"target\":[\"https:\/\/www.revue3emillenaire.com\/blog\/la-vie-est-cratrice-par-pierre-dangkor\/#respond\"]}]},{\"@type\":\"WebPage\",\"@id\":\"https:\/\/www.revue3emillenaire.com\/blog\/la-vie-est-cratrice-par-pierre-dangkor\/\",\"url\":\"https:\/\/www.revue3emillenaire.com\/blog\/la-vie-est-cratrice-par-pierre-dangkor\/\",\"name\":\"La Vie est Cr&eacute;atrice par Pierre d'Angkor - 3e mill\u00e9naire - Spiritualit\u00e9 - Connaissance de soi - Non-dualit\u00e9 - M\u00e9ditation\",\"isPartOf\":{\"@id\":\"https:\/\/www.revue3emillenaire.com\/blog\/#website\"},\"datePublished\":\"2008-07-09T00:00:00+00:00\",\"dateModified\":\"2011-09-11T00:56:11+00:00\",\"author\":{\"@id\":\"https:\/\/www.revue3emillenaire.com\/blog\/#\/schema\/person\/9a3a7cc4ccaa707f402d4394327106d5\"},\"breadcrumb\":{\"@id\":\"https:\/\/www.revue3emillenaire.com\/blog\/la-vie-est-cratrice-par-pierre-dangkor\/#breadcrumb\"},\"inLanguage\":\"fr-FR\",\"potentialAction\":[{\"@type\":\"ReadAction\",\"target\":[\"https:\/\/www.revue3emillenaire.com\/blog\/la-vie-est-cratrice-par-pierre-dangkor\/\"]}]},{\"@type\":\"BreadcrumbList\",\"@id\":\"https:\/\/www.revue3emillenaire.com\/blog\/la-vie-est-cratrice-par-pierre-dangkor\/#breadcrumb\",\"itemListElement\":[{\"@type\":\"ListItem\",\"position\":1,\"name\":\"Accueil\",\"item\":\"https:\/\/www.revue3emillenaire.com\/blog\/\"},{\"@type\":\"ListItem\",\"position\":2,\"name\":\"La Vie est Cr&eacute;atrice par Pierre d&rsquo;Angkor\"}]},{\"@type\":\"WebSite\",\"@id\":\"https:\/\/www.revue3emillenaire.com\/blog\/#website\",\"url\":\"https:\/\/www.revue3emillenaire.com\/blog\/\",\"name\":\"3e mill\u00e9naire - Spiritualit\u00e9 - Connaissance de soi - Non-dualit\u00e9 - M\u00e9ditation\",\"description\":\"L&#039;Homme en devenir\",\"potentialAction\":[{\"@type\":\"SearchAction\",\"target\":{\"@type\":\"EntryPoint\",\"urlTemplate\":\"https:\/\/www.revue3emillenaire.com\/blog\/?s={search_term_string}\"},\"query-input\":{\"@type\":\"PropertyValueSpecification\",\"valueRequired\":true,\"valueName\":\"search_term_string\"}}],\"inLanguage\":\"fr-FR\"},{\"@type\":\"Person\",\"@id\":\"https:\/\/www.revue3emillenaire.com\/blog\/#\/schema\/person\/9a3a7cc4ccaa707f402d4394327106d5\",\"name\":\"3e mill\u00e9naire\",\"url\":\"https:\/\/www.revue3emillenaire.com\/blog\/author\/admin\/\"}]}<\/script>\n<!-- \/ Yoast SEO plugin. -->","yoast_head_json":{"title":"La Vie est Cr&eacute;atrice par Pierre d'Angkor - 3e mill\u00e9naire - Spiritualit\u00e9 - Connaissance de soi - Non-dualit\u00e9 - M\u00e9ditation","robots":{"index":"index","follow":"follow","max-snippet":"max-snippet:-1","max-image-preview":"max-image-preview:large","max-video-preview":"max-video-preview:-1"},"canonical":"https:\/\/www.revue3emillenaire.com\/blog\/la-vie-est-cratrice-par-pierre-dangkor\/","og_locale":"fr_FR","og_type":"article","og_title":"La Vie est Cr&eacute;atrice par Pierre d'Angkor - 3e mill\u00e9naire - Spiritualit\u00e9 - Connaissance de soi - Non-dualit\u00e9 - M\u00e9ditation","og_description":"Dieu a cr\u00e9\u00e9 le monde, nous dit le traditionalisme religieux. Comme il n'y a ici aucune \u00ab ad\u00e9quation \u00bb entre la cause et l'effet, entre l'Infini cr\u00e9ateur et les limitations de toute forme cr\u00e9\u00e9e, on ne voit pas comment cette cr\u00e9ation serait possible. Un hiatus formidable oppose les deux termes et la dualit\u00e9 para\u00eet irr\u00e9ductible puisqu'il n'y a aucune commune mesure, aucun rapport de nature, entre le Cr\u00e9ateur et sa cr\u00e9ation.","og_url":"https:\/\/www.revue3emillenaire.com\/blog\/la-vie-est-cratrice-par-pierre-dangkor\/","og_site_name":"3e mill\u00e9naire - Spiritualit\u00e9 - Connaissance de soi - Non-dualit\u00e9 - M\u00e9ditation","article_published_time":"2008-07-09T00:00:00+00:00","article_modified_time":"2011-09-11T00:56:11+00:00","author":"3e mill\u00e9naire","twitter_card":"summary_large_image","twitter_misc":{"\u00c9crit par":"3e mill\u00e9naire","Dur\u00e9e de lecture estim\u00e9e":"19 minutes"},"schema":{"@context":"https:\/\/schema.org","@graph":[{"@type":"Article","@id":"https:\/\/www.revue3emillenaire.com\/blog\/la-vie-est-cratrice-par-pierre-dangkor\/#article","isPartOf":{"@id":"https:\/\/www.revue3emillenaire.com\/blog\/la-vie-est-cratrice-par-pierre-dangkor\/"},"author":{"name":"3e mill\u00e9naire","@id":"https:\/\/www.revue3emillenaire.com\/blog\/#\/schema\/person\/9a3a7cc4ccaa707f402d4394327106d5"},"headline":"La Vie est Cr&eacute;atrice par Pierre d&rsquo;Angkor","datePublished":"2008-07-09T00:00:00+00:00","dateModified":"2011-09-11T00:56:11+00:00","mainEntityOfPage":{"@id":"https:\/\/www.revue3emillenaire.com\/blog\/la-vie-est-cratrice-par-pierre-dangkor\/"},"wordCount":3727,"commentCount":0,"articleSection":["d'Angkor Pierre"],"inLanguage":"fr-FR","potentialAction":[{"@type":"CommentAction","name":"Comment","target":["https:\/\/www.revue3emillenaire.com\/blog\/la-vie-est-cratrice-par-pierre-dangkor\/#respond"]}]},{"@type":"WebPage","@id":"https:\/\/www.revue3emillenaire.com\/blog\/la-vie-est-cratrice-par-pierre-dangkor\/","url":"https:\/\/www.revue3emillenaire.com\/blog\/la-vie-est-cratrice-par-pierre-dangkor\/","name":"La Vie est Cr&eacute;atrice par Pierre d'Angkor - 3e mill\u00e9naire - Spiritualit\u00e9 - Connaissance de soi - Non-dualit\u00e9 - M\u00e9ditation","isPartOf":{"@id":"https:\/\/www.revue3emillenaire.com\/blog\/#website"},"datePublished":"2008-07-09T00:00:00+00:00","dateModified":"2011-09-11T00:56:11+00:00","author":{"@id":"https:\/\/www.revue3emillenaire.com\/blog\/#\/schema\/person\/9a3a7cc4ccaa707f402d4394327106d5"},"breadcrumb":{"@id":"https:\/\/www.revue3emillenaire.com\/blog\/la-vie-est-cratrice-par-pierre-dangkor\/#breadcrumb"},"inLanguage":"fr-FR","potentialAction":[{"@type":"ReadAction","target":["https:\/\/www.revue3emillenaire.com\/blog\/la-vie-est-cratrice-par-pierre-dangkor\/"]}]},{"@type":"BreadcrumbList","@id":"https:\/\/www.revue3emillenaire.com\/blog\/la-vie-est-cratrice-par-pierre-dangkor\/#breadcrumb","itemListElement":[{"@type":"ListItem","position":1,"name":"Accueil","item":"https:\/\/www.revue3emillenaire.com\/blog\/"},{"@type":"ListItem","position":2,"name":"La Vie est Cr&eacute;atrice par Pierre d&rsquo;Angkor"}]},{"@type":"WebSite","@id":"https:\/\/www.revue3emillenaire.com\/blog\/#website","url":"https:\/\/www.revue3emillenaire.com\/blog\/","name":"3e mill\u00e9naire - Spiritualit\u00e9 - Connaissance de soi - Non-dualit\u00e9 - M\u00e9ditation","description":"L&#039;Homme en devenir","potentialAction":[{"@type":"SearchAction","target":{"@type":"EntryPoint","urlTemplate":"https:\/\/www.revue3emillenaire.com\/blog\/?s={search_term_string}"},"query-input":{"@type":"PropertyValueSpecification","valueRequired":true,"valueName":"search_term_string"}}],"inLanguage":"fr-FR"},{"@type":"Person","@id":"https:\/\/www.revue3emillenaire.com\/blog\/#\/schema\/person\/9a3a7cc4ccaa707f402d4394327106d5","name":"3e mill\u00e9naire","url":"https:\/\/www.revue3emillenaire.com\/blog\/author\/admin\/"}]}},"_links":{"self":[{"href":"https:\/\/www.revue3emillenaire.com\/blog\/wp-json\/wp\/v2\/posts\/57","targetHints":{"allow":["GET"]}}],"collection":[{"href":"https:\/\/www.revue3emillenaire.com\/blog\/wp-json\/wp\/v2\/posts"}],"about":[{"href":"https:\/\/www.revue3emillenaire.com\/blog\/wp-json\/wp\/v2\/types\/post"}],"author":[{"embeddable":true,"href":"https:\/\/www.revue3emillenaire.com\/blog\/wp-json\/wp\/v2\/users\/1"}],"replies":[{"embeddable":true,"href":"https:\/\/www.revue3emillenaire.com\/blog\/wp-json\/wp\/v2\/comments?post=57"}],"version-history":[{"count":0,"href":"https:\/\/www.revue3emillenaire.com\/blog\/wp-json\/wp\/v2\/posts\/57\/revisions"}],"wp:attachment":[{"href":"https:\/\/www.revue3emillenaire.com\/blog\/wp-json\/wp\/v2\/media?parent=57"}],"wp:term":[{"taxonomy":"category","embeddable":true,"href":"https:\/\/www.revue3emillenaire.com\/blog\/wp-json\/wp\/v2\/categories?post=57"},{"taxonomy":"post_tag","embeddable":true,"href":"https:\/\/www.revue3emillenaire.com\/blog\/wp-json\/wp\/v2\/tags?post=57"}],"curies":[{"name":"wp","href":"https:\/\/api.w.org\/{rel}","templated":true}]}}