{"id":5902,"date":"2010-11-20T16:11:53","date_gmt":"2010-11-20T15:11:53","guid":{"rendered":"http:\/\/pro.ovh.net\/~emillena\/blog\/?p=5902"},"modified":"2011-09-26T00:45:02","modified_gmt":"2011-09-25T23:45:02","slug":"interview-avec-lambassadeur-du-dalai-lama-par-denise-greindl","status":"publish","type":"post","link":"https:\/\/www.revue3emillenaire.com\/blog\/interview-avec-lambassadeur-du-dalai-lama-par-denise-greindl\/","title":{"rendered":"Interview avec l&rsquo;Ambassadeur du Dalai-Lama par Denise Greindl"},"content":{"rendered":"<p style=\"text-align: justify;\">(Revue \u00catre Libre. No 230. Janvier-Mars 1967)<\/p>\n<p style=\"text-align: justify;\">\n<p style=\"text-align: justify;\"><em>Where do I come from Where am I going to<\/em>.<\/p>\n<p style=\"text-align: justify;\">Gen\u00e8ve est enneig\u00e9e.<\/p>\n<p style=\"text-align: justify;\">L&rsquo;ambassadeur est face \u00e0 moi; il parait immense, sombre, inspir\u00e9. Il me tend la main, son regard s&rsquo;\u00e9veille, s&#8217;emplit d&rsquo;une lumi\u00e8re, annon\u00e7ant une r\u00e9v\u00e9lation int\u00e9rieure.<\/p>\n<p style=\"text-align: justify;\">\n<p style=\"text-align: justify;\">\u2014 Good morning&#8230;<\/p>\n<p style=\"text-align: justify;\">Il refuse de dire un mot de fran\u00e7ais. Il parle tant\u00f4t le tib\u00e9tain, tant\u00f4t l&rsquo;anglais avec volubilit\u00e9, simplicit\u00e9 et force.<\/p>\n<p style=\"text-align: justify;\">\n<p style=\"text-align: justify;\">\u2014 L&rsquo;Occident ne comprend rien \u00e0 la vie tib\u00e9taine, dit-il, ni \u00e0 la mentalit\u00e9, ni \u00e0 la philosophie, ni \u00e0 la religion.<\/p>\n<p style=\"text-align: justify;\">\n<p style=\"text-align: justify;\">Nous p\u00e9n\u00e9trons ensemble dans son sanctuaire, o\u00f9 un Bouddha de pierre est entour\u00e9 de photos de son pays natal et d&rsquo;un portrait du Dala\u00ef-lama.<\/p>\n<p style=\"text-align: justify;\">\n<p style=\"text-align: justify;\">\u2014 Ici, en Europe, on n&rsquo;est pas assez simple, pas assez enfant pour accueillir la R\u00e9alit\u00e9, la V\u00e9rit\u00e9&#8230;<\/p>\n<p style=\"text-align: justify;\">\n<p style=\"text-align: justify;\">Le Lama Phala, tel est le nom de l&rsquo;ambassadeur imposant, a les yeux sombres, brid\u00e9s, et me parle de sa vie au Tibet il y est n\u00e9; ses parents, ses grands-parents ont toujours habit\u00e9 Lhassa, y jouaient des r\u00f4les importants. Lui n&rsquo;\u00e9tait pas ministre comme son p\u00e8re, mais gouverneur de la partie nord du Tibet.<\/p>\n<p style=\"text-align: justify;\">\n<p style=\"text-align: justify;\">\u2014 What about the \u00ab\u00a0climat \u00bb dis-je ? certaine qu&rsquo;il influence l&rsquo;esprit humain et rend l&rsquo;homme plus sage, plus d\u00e9tach\u00e9.<\/p>\n<p style=\"text-align: justify;\">\n<p style=\"text-align: justify;\">\u2014 Oui, dit-il, en prenant sa poudre \u00e0 priser, Lhassa est une ville belle, au climat th\u00e9rapeutique et tr\u00e8s sain, \u00e0 quatre mille m\u00e8tres d&rsquo;altitude. On n&rsquo;y respire aucune mauvaise odeur; il n&rsquo;y a pas d&rsquo;industrie, ni mazout, ni rien qui puisse corrompre l&rsquo;air.<\/p>\n<p style=\"text-align: justify;\">\n<p style=\"text-align: justify;\">\u2014 Les monast\u00e8res sont-ils nombreux ? et les moines?<\/p>\n<p style=\"text-align: justify;\">\n<p style=\"text-align: justify;\">\u2014 Il y a des monast\u00e8res de vingt mille moines. Ce qui importe c&rsquo;est vivre bien (pour les catholiques le nombre de convertis \u00e0 son importance, pour nous non) ; le fait important est de d\u00e9couvrir la lumi\u00e8re en soi.<\/p>\n<p style=\"text-align: justify;\">\n<p style=\"text-align: justify;\">\u2014 O\u00f9 vont ceux qui l&rsquo;ont d\u00e9couverte ?<\/p>\n<p style=\"text-align: justify;\">\n<p style=\"text-align: justify;\">\u2014 Ils se retirent dans les th\u00e9ba\u00efdes, les ermitages, et leurs pens\u00e9es apportent l&rsquo;aide aux autres moins \u00e9volu\u00e9s.<\/p>\n<p style=\"text-align: justify;\">\n<p style=\"text-align: justify;\">Il poursuit sa description de Lhassa au sommet de la montagne, \u00e0 quatre mille m\u00e8tres. Il n&rsquo;y a pas de routes, peu de t\u00e9l\u00e9phones, peu de salles de bain et pourtant il en a la nostalgie.<\/p>\n<p style=\"text-align: justify;\">\n<p style=\"text-align: justify;\">\u2014 Aviez-vous pr\u00e9vu l&rsquo;occupation chinoise ?<\/p>\n<p style=\"text-align: justify;\">\n<p style=\"text-align: justify;\">\u2014 Je la craignais, mais j&rsquo;en parlais peu.<\/p>\n<p style=\"text-align: justify;\">\n<p style=\"text-align: justify;\">\u2014 Etiez-vous conseiller du Dala\u00ef-lama ? du 14\u00b0 Dala\u00ef-lama ?<\/p>\n<p style=\"text-align: justify;\">\n<p style=\"text-align: justify;\">\u2014 Je l&rsquo;\u00e9tais.<\/p>\n<p style=\"text-align: justify;\">\n<p style=\"text-align: justify;\">\u2014 L&rsquo;avez-vous ramen\u00e9 \u00e0 bon port avant l&rsquo;occupation ? &#8230; Est-ce vous qui l&rsquo;avez conduit en exil ?<\/p>\n<p style=\"text-align: justify;\">\n<p style=\"text-align: justify;\">\u2014 Oui, il ne me quittait gu\u00e8re; j&rsquo;ai essay\u00e9 d&rsquo;adoucir sa fuite qui n&rsquo;a pas \u00e9t\u00e9 facilit\u00e9e par les Chinois. Pauvres Chinois ! Ils n&rsquo;ont pas compris&#8230; il faut leur pardonner.<\/p>\n<p style=\"text-align: justify;\">\n<p style=\"text-align: justify;\">Son regard est d&rsquo;une s\u00e9r\u00e9nit\u00e9 \u00e9mouvante, son cou \u00e9pais ne se remarque plus, sa force est non fatalisme mais acceptation et s\u00e9r\u00e9nit\u00e9. Ses pens\u00e9es sur la vie, sur Dieu sont si simples, qu&rsquo;au d\u00e9but on risque de ne rien comprendre.<\/p>\n<p style=\"text-align: justify;\">\n<p style=\"text-align: justify;\">\u2014 Est-ce difficile, dis-je, de prendre conscience ?<\/p>\n<p style=\"text-align: justify;\">\n<p style=\"text-align: justify;\">\u2014 Prendre conscience \u00e0 un niveau profond ? Vous m&rsquo;interrogez sur la religion ? Le Divin est simplement un oc\u00e9an infini de conscience. Cette prise de conscience doit s&rsquo;intensifier, descendre comme un foudroiement&#8230;<\/p>\n<p style=\"text-align: justify;\">\n<p style=\"text-align: justify;\">\u2014 Avez-vous une religion ? Le Bouddhisme en est-elle une ?<\/p>\n<p style=\"text-align: justify;\">\n<p style=\"text-align: justify;\">\u2014 Bouddha veut dire \u00e9veill\u00e9, il n&rsquo;est pas Dieu, mais pour l&rsquo;Asiatique, Dieu n&rsquo;est pas pareil \u00e0 ce qu&rsquo;imaginent les Occidentaux.<\/p>\n<p style=\"text-align: justify;\">\n<p style=\"text-align: justify;\">\u2014 Nous avons tort de le voir avec une barbe et une main lev\u00e9e pour punir ou r\u00e9compenser, dis-je.<\/p>\n<p style=\"text-align: justify;\">\n<p style=\"text-align: justify;\">Il sourit. On dirait que l&rsquo;Occidental est pour lui une \u00e2me solitaire pleine d&rsquo;orgueil, si pleine du monde, de ses soucis, de ses douleurs et si cramponn\u00e9e \u00e0 tous ses drames, qu&rsquo;elle ne peut avoir la vision de la R\u00e9alit\u00e9.<\/p>\n<p style=\"text-align: justify;\">\n<p style=\"text-align: justify;\">La journ\u00e9e est splendide. De son bureau je vois le Mont-Blanc, si noble, que je voudrais le comparer aux montagnes tib\u00e9taines.<\/p>\n<p style=\"text-align: justify;\">\n<p style=\"text-align: justify;\">\u2014 Non, madame, chez nous les montagnes sont pauvres, m\u00e9diocres, sans \u00e9clat; le peuple aussi manque d&rsquo;\u00e9clat&#8230;; peuple rude \u00e0 l&rsquo;humeur joyeuse.<\/p>\n<p style=\"text-align: justify;\">\n<p style=\"text-align: justify;\">\u2014 Quelle est l&rsquo;essence de la formation bouddhique ?<\/p>\n<p style=\"text-align: justify;\">\n<p style=\"text-align: justify;\">\u2014 Les gourous enseignent \u00e0 se lib\u00e9rer, \u00e0 se concentrer en soi par la respiration, le r\u00e9gime alimentaire l\u00e9ger, le yoga&#8230;<\/p>\n<p style=\"text-align: justify;\">\n<p style=\"text-align: justify;\">\u2014 La respiration est si importante pour la vie int\u00e9rieure ?<\/p>\n<p style=\"text-align: justify;\">\n<p style=\"text-align: justify;\">\u2014 Essentielle; elle gu\u00e9rit les migraines, les inqui\u00e9tudes, les n\u00e9vroses.<\/p>\n<p style=\"text-align: justify;\">\n<p style=\"text-align: justify;\">Il poursuit en jouant avec une pierre tib\u00e9taine.<\/p>\n<p style=\"text-align: justify;\">\n<p style=\"text-align: justify;\">\u2014 Il y a trois phases \u00e0 r\u00e9aliser pour p\u00e9n\u00e9trer la vie int\u00e9rieure : la phase pr\u00e9-individuelle, o\u00f9 l&rsquo;\u00eatre est encore endormi; la phase m\u00e9diane, o\u00f9 l&rsquo;\u00eatre tend \u00e0 l&rsquo;autonomie int\u00e9rieure; la phase sup\u00e9rieure : la prise de racine en soi, et le d\u00e9passement de soi. Ce d\u00e9passement de soi permet l&rsquo;exp\u00e9rience du nirvana.<\/p>\n<p style=\"text-align: justify;\">\n<p style=\"text-align: justify;\">\u2014 Qu&rsquo;est-ce que votre concentration ?<\/p>\n<p style=\"text-align: justify;\">\n<p style=\"text-align: justify;\">\u2014 Un \u00e9tat qui permet au novice de soumettre les th\u00e8ses propos\u00e9es par le gourou au contr\u00f4le de l&rsquo;exp\u00e9rience psychique.<\/p>\n<p style=\"text-align: justify;\">\n<p style=\"text-align: justify;\">\u2014 Qu&rsquo;est l&rsquo;amour pour vous ?<\/p>\n<p style=\"text-align: justify;\">\n<p style=\"text-align: justify;\">\u2014 Flamme sans fum\u00e9e, don total.<\/p>\n<p style=\"text-align: justify;\">\n<p style=\"text-align: justify;\">\u2014 Et o\u00f9 nait cet amour ?<\/p>\n<p style=\"text-align: justify;\">\n<p style=\"text-align: justify;\">Le v\u00e9n\u00e9rable lama est embarrass\u00e9; nous passons \u00e0 un autre sujet.<\/p>\n<p style=\"text-align: justify;\">\n<p style=\"text-align: justify;\">\u2014 Qu&rsquo;avez-vous emmen\u00e9 avec vous au cours de l&rsquo;exode&#8230; car vous \u00eates exil\u00e9 depuis des ann\u00e9es, n&rsquo;est-ce pas ?<\/p>\n<p style=\"text-align: justify;\">\n<p style=\"text-align: justify;\">\u2014 En entendant le bruit des mitraillettes, on ne songe pas aux bagages : couvertures, un peu de riz, quelques livres&#8230;<\/p>\n<p style=\"text-align: justify;\">\n<p style=\"text-align: justify;\">Avec stup\u00e9faction, j&rsquo;apprends que parmi les livres se trouve \u00ab\u00a0Le Bouddhisme et le Zen \u00bb, de Robert Linssen, consid\u00e9r\u00e9 par de nombreux lettr\u00e9s tib\u00e9tains et indiens comme un des meilleurs classiques \u00e9crit par un occidental sur le Bouddhisme.<\/p>\n<p style=\"text-align: justify;\">\n<p style=\"text-align: justify;\">\u2014 Qu&rsquo;est-ce que le Zen ?<\/p>\n<p style=\"text-align: justify;\">\n<p style=\"text-align: justify;\">\u2014 Un art de vivre, de vivre lib\u00e9r\u00e9 du \u00ab vouloir \u00bb vivre, un art o\u00f9 l&rsquo;on per\u00e7oit toutes les valeurs en \u00e9tant libre d&rsquo;elles.<\/p>\n<p style=\"text-align: justify;\">\n<p style=\"text-align: justify;\">\u2014 Le Tib\u00e9tain d\u00e9passe donc la pens\u00e9e&#8230; Il n&rsquo;est plus esclave de la pens\u00e9e. Elle n&rsquo;est pour lui qu&rsquo;un instrument.<\/p>\n<p style=\"text-align: justify;\">\n<p style=\"text-align: justify;\">Je sens que psychologiquement parlant, certains Orientaux sont mille ans en avance sur nous.<\/p>\n<p style=\"text-align: justify;\">\n<p style=\"text-align: justify;\">Son regard s&rsquo;\u00e9claire, on dirait qu&rsquo;il r\u00e9side dans son silence mental.<\/p>\n<p style=\"text-align: justify;\">\n<p style=\"text-align: justify;\">\u2014 Il n&rsquo;y a pas tant d&rsquo;\u00eatres humains \u00e9veill\u00e9s totalement. Il parle de Madame Alexandra David Neel, une parisienne lama, docteur en philosophie, Douglas Harding, Krishnamurti&#8230;<\/p>\n<p style=\"text-align: justify;\">\n<p style=\"text-align: justify;\">\u2014 Il faut tant de vigilance, de souplesse d&rsquo;esprit, d&rsquo;\u00e9quilibre et surtout adh\u00e9rer au moment pr\u00e9sent, \u00eatre ad\u00e9quat, libre de tout \u00e9go\u00efsme.<\/p>\n<p style=\"text-align: justify;\">\n<p style=\"text-align: justify;\">Le lama est un \u00eatre d&rsquo;une autre plan\u00e8te, qui rit de nos pr\u00e9occupations, m\u00eames religieuses. Quelle distance entre-nous !<\/p>\n<p style=\"text-align: justify;\">\n<p style=\"text-align: justify;\">Grand silence. Je me demande qui dirige cet univers ? Am\u00e9rique ou Asie ? Quel est l&rsquo;esprit sup\u00e9rieur qui l&rsquo;anime ? et d&rsquo;o\u00f9 vient-il ? Pourquoi nous, Europ\u00e9ens, attachons une telle importance \u00e0 notre petit \u00ab\u00a0moi \u00bb ?<\/p>\n<p style=\"text-align: justify;\">\n<p style=\"text-align: justify;\">\u2014 \u00c9tait-ce la th\u00e9ocratie, l\u00e0-bas au Tibet ?<\/p>\n<p style=\"text-align: justify;\">\n<p style=\"text-align: justify;\">\u2014 Oui, en effet, mais cela changera&#8230; et puis le peuple est si d\u00e9vou\u00e9, si d\u00e9sint\u00e9ress\u00e9, si peu jaloux, si peu communiste.<\/p>\n<p style=\"text-align: justify;\">\n<p style=\"text-align: justify;\">Il parle encore de l&rsquo;exode : ce troupeau d&rsquo;hommes harass\u00e9s, quelques femmes aussi (il y a des femmes lamas), chass\u00e9s de partout par les mitrailleuses, fuyant \u00e0 la d\u00e9bandade, parcourant ce pays tib\u00e9tain, immense, sans route, sans train, sans voiture, sans avion. Ces hommes fuyant \u00e0 peine v\u00eatus, avec des mains vides, de sacs remplis d&rsquo;un peu de riz, les pieds nus, dans les sentiers de ronces ou les pistes \u00e2 peine trac\u00e9es. Les hommes fuyant vers l&rsquo;Inde, une Inde chaude et humide, convenant mal au temp\u00e9rament du montagnard, habitu\u00e9 au froid sec.<\/p>\n<p style=\"text-align: justify;\">\n<p style=\"text-align: justify;\">\u2014 Nous avons tout perdu, dit-il en anglais, fort l&rsquo;honneur et la force d&rsquo;\u00e2me&#8230; Oui, cet exode a \u00e9t\u00e9 dur, mais il n&rsquo;y eut pas un g\u00e9missement, pas un cri, pas un pleur.<\/p>\n<p style=\"text-align: justify;\">\n<p style=\"text-align: justify;\">J&rsquo;ai la sensation d&rsquo;avoir devant moi un \u00e9veill\u00e9, un homme qui renonce \u00e0 exploiter l&rsquo;homme, le soleil et les \u00e9toiles, et qui se simplifie.<\/p>\n<p style=\"text-align: justify;\">\n<p style=\"text-align: justify;\">\u2014 Au fond, dis-je, en baissant les yeux, vous nous trouvez comme Henry Miller : \u00ab des hommes qui n&rsquo;\u00e9clairent avec passion que les ab\u00eemes \u00bb.<\/p>\n<p style=\"text-align: justify;\">\n<p style=\"text-align: justify;\">Il rit; son secr\u00e9taire m&rsquo;apporte du th\u00e9 de roses et des p\u00e2tisseries tib\u00e9taines, aigres et indigestes.<\/p>\n<p style=\"text-align: justify;\">\n<p style=\"text-align: justify;\">Le lama se l\u00e8ve avec lenteur, me montre un livre fondamental, \u00ab\u00a0Le Lankavatara Sutr\u00e2 \u00bb, puis un autre et me conseille de ne pas chercher la v\u00e9rit\u00e9 avec cette obsession qu&rsquo;y mettent tant de gens de nos pays.<\/p>\n<p style=\"text-align: justify;\">\n<p style=\"text-align: justify;\">Le soleil \u00e0 ce moment ruisselle par l&rsquo;unique baie de son bureau. Il ruisselle avec une lumi\u00e8re, une chaleur, un amour accrus.<\/p>\n<p style=\"text-align: justify;\">\n<p style=\"text-align: justify;\">\u2014 Good bye, dit-il en me tendant la main, et n&rsquo;oubliez pas : Tout ce qui est n\u00e9cessaire pour vous est en vous&#8230; La r\u00e9alit\u00e9 cosmique est en vous. Elle est votre \u00eatre v\u00e9ritable.<\/p>\n<p style=\"text-align: justify;\">\n<p style=\"text-align: justify;\">L&rsquo;ambassadeur semble s&rsquo;en inspirer profond\u00e9ment. Il me serre les deux mains en me certifiant que j&rsquo;approche de la lumi\u00e8re.<\/p>\n<p style=\"text-align: justify;\">Je l&rsquo;observe une derni\u00e8re fois : quelle puissance en lui. Je devine qu&rsquo;il n&rsquo;a pas besoin de penser, il fait un \u00ab avec sa pens\u00e9e, avec son action \u00bb.<\/p>\n<p style=\"text-align: justify;\">\n<p style=\"text-align: justify;\">Le lama Phala, digne et v\u00e9n\u00e9rable, me suit et me reconduit en ajoutant :<\/p>\n<p style=\"text-align: justify;\">\n<p style=\"text-align: justify;\">\u2014 Plus en reconna\u00eet Dieu en soi, plus on devient libre, plus on devient libre moins on doit prendre de d\u00e9cisions, tout alors devient paix et joie. Les formes religieuses sont secondaires. Seule la R\u00e9alit\u00e9 divine importe.<\/p>\n<p style=\"text-align: justify;\">\n<p style=\"text-align: center;\">*<\/p>\n<p style=\"text-align: justify;\"><em>La solitude est longtemps un cachot avant de devenir un abri<\/em>.<\/p>\n<p style=\"text-align: justify;\">\n<p style=\"text-align: center;\">*<\/p>\n<p style=\"text-align: justify;\"><em> <\/em><\/p>\n<p style=\"text-align: justify;\"><em>Un r\u00eave m&rsquo;a choisie&#8230; Je connais maintenant de vrais sages et je vis<\/em>.<\/p>\n<p style=\"text-align: right;\">Denise Greindl<\/p>\n","protected":false},"excerpt":{"rendered":"<p>Il y a trois phases \u00e0 r\u00e9aliser pour p\u00e9n\u00e9trer la vie int\u00e9rieure : la phase pr\u00e9-individuelle, o\u00f9 l&rsquo;\u00eatre est encore endormi; la phase m\u00e9diane, o\u00f9 l&rsquo;\u00eatre tend \u00e0 l&rsquo;autonomie int\u00e9rieure; la phase sup\u00e9rieure : la prise de racine en soi, et le d\u00e9passement de soi. Ce d\u00e9passement de soi permet l&rsquo;exp\u00e9rience du nirvana.<\/p>\n","protected":false},"author":1,"featured_media":0,"comment_status":"closed","ping_status":"closed","sticky":false,"template":"","format":"standard","meta":{"footnotes":""},"categories":[824],"tags":[10],"class_list":["post-5902","post","type-post","status-publish","format-standard","hentry","category-greindl-denise","tag-bouddhisme"],"yoast_head":"<!-- This site is optimized with the Yoast SEO plugin v27.0 - https:\/\/yoast.com\/product\/yoast-seo-wordpress\/ -->\n<title>Interview avec l&#039;Ambassadeur du Dalai-Lama par Denise Greindl - 3e mill\u00e9naire - Spiritualit\u00e9 - Connaissance de soi - Non-dualit\u00e9 - M\u00e9ditation<\/title>\n<meta name=\"robots\" content=\"index, follow, max-snippet:-1, max-image-preview:large, max-video-preview:-1\" \/>\n<link rel=\"canonical\" href=\"https:\/\/www.revue3emillenaire.com\/blog\/interview-avec-lambassadeur-du-dalai-lama-par-denise-greindl\/\" \/>\n<meta property=\"og:locale\" content=\"fr_FR\" \/>\n<meta property=\"og:type\" content=\"article\" \/>\n<meta property=\"og:title\" content=\"Interview avec l&#039;Ambassadeur du Dalai-Lama par Denise Greindl - 3e mill\u00e9naire - Spiritualit\u00e9 - Connaissance de soi - Non-dualit\u00e9 - M\u00e9ditation\" \/>\n<meta property=\"og:description\" content=\"Il y a trois phases \u00e0 r\u00e9aliser pour p\u00e9n\u00e9trer la vie int\u00e9rieure : la phase pr\u00e9-individuelle, o\u00f9 l&#039;\u00eatre est encore endormi; la phase m\u00e9diane, o\u00f9 l&#039;\u00eatre tend \u00e0 l&#039;autonomie int\u00e9rieure; la phase sup\u00e9rieure : la prise de racine en soi, et le d\u00e9passement de soi. Ce d\u00e9passement de soi permet l&#039;exp\u00e9rience du nirvana.\" \/>\n<meta property=\"og:url\" content=\"https:\/\/www.revue3emillenaire.com\/blog\/interview-avec-lambassadeur-du-dalai-lama-par-denise-greindl\/\" \/>\n<meta property=\"og:site_name\" content=\"3e mill\u00e9naire - Spiritualit\u00e9 - Connaissance de soi - Non-dualit\u00e9 - M\u00e9ditation\" \/>\n<meta property=\"article:published_time\" content=\"2010-11-20T15:11:53+00:00\" \/>\n<meta property=\"article:modified_time\" content=\"2011-09-25T23:45:02+00:00\" \/>\n<meta name=\"author\" content=\"3e mill\u00e9naire\" \/>\n<meta name=\"twitter:card\" content=\"summary_large_image\" \/>\n<meta name=\"twitter:label1\" content=\"\u00c9crit par\" \/>\n\t<meta name=\"twitter:data1\" content=\"3e mill\u00e9naire\" \/>\n\t<meta name=\"twitter:label2\" content=\"Dur\u00e9e de lecture estim\u00e9e\" \/>\n\t<meta name=\"twitter:data2\" content=\"8 minutes\" \/>\n<script type=\"application\/ld+json\" class=\"yoast-schema-graph\">{\"@context\":\"https:\/\/schema.org\",\"@graph\":[{\"@type\":\"Article\",\"@id\":\"https:\/\/www.revue3emillenaire.com\/blog\/interview-avec-lambassadeur-du-dalai-lama-par-denise-greindl\/#article\",\"isPartOf\":{\"@id\":\"https:\/\/www.revue3emillenaire.com\/blog\/interview-avec-lambassadeur-du-dalai-lama-par-denise-greindl\/\"},\"author\":{\"name\":\"3e mill\u00e9naire\",\"@id\":\"https:\/\/www.revue3emillenaire.com\/blog\/#\/schema\/person\/9a3a7cc4ccaa707f402d4394327106d5\"},\"headline\":\"Interview avec l&rsquo;Ambassadeur du Dalai-Lama par Denise Greindl\",\"datePublished\":\"2010-11-20T15:11:53+00:00\",\"dateModified\":\"2011-09-25T23:45:02+00:00\",\"mainEntityOfPage\":{\"@id\":\"https:\/\/www.revue3emillenaire.com\/blog\/interview-avec-lambassadeur-du-dalai-lama-par-denise-greindl\/\"},\"wordCount\":1558,\"keywords\":[\"Bouddhisme\"],\"articleSection\":[\"Greindl Denise\"],\"inLanguage\":\"fr-FR\"},{\"@type\":\"WebPage\",\"@id\":\"https:\/\/www.revue3emillenaire.com\/blog\/interview-avec-lambassadeur-du-dalai-lama-par-denise-greindl\/\",\"url\":\"https:\/\/www.revue3emillenaire.com\/blog\/interview-avec-lambassadeur-du-dalai-lama-par-denise-greindl\/\",\"name\":\"Interview avec l'Ambassadeur du Dalai-Lama par Denise Greindl - 3e mill\u00e9naire - Spiritualit\u00e9 - Connaissance de soi - Non-dualit\u00e9 - M\u00e9ditation\",\"isPartOf\":{\"@id\":\"https:\/\/www.revue3emillenaire.com\/blog\/#website\"},\"datePublished\":\"2010-11-20T15:11:53+00:00\",\"dateModified\":\"2011-09-25T23:45:02+00:00\",\"author\":{\"@id\":\"https:\/\/www.revue3emillenaire.com\/blog\/#\/schema\/person\/9a3a7cc4ccaa707f402d4394327106d5\"},\"breadcrumb\":{\"@id\":\"https:\/\/www.revue3emillenaire.com\/blog\/interview-avec-lambassadeur-du-dalai-lama-par-denise-greindl\/#breadcrumb\"},\"inLanguage\":\"fr-FR\",\"potentialAction\":[{\"@type\":\"ReadAction\",\"target\":[\"https:\/\/www.revue3emillenaire.com\/blog\/interview-avec-lambassadeur-du-dalai-lama-par-denise-greindl\/\"]}]},{\"@type\":\"BreadcrumbList\",\"@id\":\"https:\/\/www.revue3emillenaire.com\/blog\/interview-avec-lambassadeur-du-dalai-lama-par-denise-greindl\/#breadcrumb\",\"itemListElement\":[{\"@type\":\"ListItem\",\"position\":1,\"name\":\"Accueil\",\"item\":\"https:\/\/www.revue3emillenaire.com\/blog\/\"},{\"@type\":\"ListItem\",\"position\":2,\"name\":\"Interview avec l&rsquo;Ambassadeur du Dalai-Lama par Denise Greindl\"}]},{\"@type\":\"WebSite\",\"@id\":\"https:\/\/www.revue3emillenaire.com\/blog\/#website\",\"url\":\"https:\/\/www.revue3emillenaire.com\/blog\/\",\"name\":\"3e mill\u00e9naire - Spiritualit\u00e9 - Connaissance de soi - Non-dualit\u00e9 - M\u00e9ditation\",\"description\":\"L&#039;Homme en devenir\",\"potentialAction\":[{\"@type\":\"SearchAction\",\"target\":{\"@type\":\"EntryPoint\",\"urlTemplate\":\"https:\/\/www.revue3emillenaire.com\/blog\/?s={search_term_string}\"},\"query-input\":{\"@type\":\"PropertyValueSpecification\",\"valueRequired\":true,\"valueName\":\"search_term_string\"}}],\"inLanguage\":\"fr-FR\"},{\"@type\":\"Person\",\"@id\":\"https:\/\/www.revue3emillenaire.com\/blog\/#\/schema\/person\/9a3a7cc4ccaa707f402d4394327106d5\",\"name\":\"3e mill\u00e9naire\",\"url\":\"https:\/\/www.revue3emillenaire.com\/blog\/author\/admin\/\"}]}<\/script>\n<!-- \/ Yoast SEO plugin. -->","yoast_head_json":{"title":"Interview avec l'Ambassadeur du Dalai-Lama par Denise Greindl - 3e mill\u00e9naire - Spiritualit\u00e9 - Connaissance de soi - Non-dualit\u00e9 - M\u00e9ditation","robots":{"index":"index","follow":"follow","max-snippet":"max-snippet:-1","max-image-preview":"max-image-preview:large","max-video-preview":"max-video-preview:-1"},"canonical":"https:\/\/www.revue3emillenaire.com\/blog\/interview-avec-lambassadeur-du-dalai-lama-par-denise-greindl\/","og_locale":"fr_FR","og_type":"article","og_title":"Interview avec l'Ambassadeur du Dalai-Lama par Denise Greindl - 3e mill\u00e9naire - Spiritualit\u00e9 - Connaissance de soi - Non-dualit\u00e9 - M\u00e9ditation","og_description":"Il y a trois phases \u00e0 r\u00e9aliser pour p\u00e9n\u00e9trer la vie int\u00e9rieure : la phase pr\u00e9-individuelle, o\u00f9 l'\u00eatre est encore endormi; la phase m\u00e9diane, o\u00f9 l'\u00eatre tend \u00e0 l'autonomie int\u00e9rieure; la phase sup\u00e9rieure : la prise de racine en soi, et le d\u00e9passement de soi. Ce d\u00e9passement de soi permet l'exp\u00e9rience du nirvana.","og_url":"https:\/\/www.revue3emillenaire.com\/blog\/interview-avec-lambassadeur-du-dalai-lama-par-denise-greindl\/","og_site_name":"3e mill\u00e9naire - Spiritualit\u00e9 - Connaissance de soi - Non-dualit\u00e9 - M\u00e9ditation","article_published_time":"2010-11-20T15:11:53+00:00","article_modified_time":"2011-09-25T23:45:02+00:00","author":"3e mill\u00e9naire","twitter_card":"summary_large_image","twitter_misc":{"\u00c9crit par":"3e mill\u00e9naire","Dur\u00e9e de lecture estim\u00e9e":"8 minutes"},"schema":{"@context":"https:\/\/schema.org","@graph":[{"@type":"Article","@id":"https:\/\/www.revue3emillenaire.com\/blog\/interview-avec-lambassadeur-du-dalai-lama-par-denise-greindl\/#article","isPartOf":{"@id":"https:\/\/www.revue3emillenaire.com\/blog\/interview-avec-lambassadeur-du-dalai-lama-par-denise-greindl\/"},"author":{"name":"3e mill\u00e9naire","@id":"https:\/\/www.revue3emillenaire.com\/blog\/#\/schema\/person\/9a3a7cc4ccaa707f402d4394327106d5"},"headline":"Interview avec l&rsquo;Ambassadeur du Dalai-Lama par Denise Greindl","datePublished":"2010-11-20T15:11:53+00:00","dateModified":"2011-09-25T23:45:02+00:00","mainEntityOfPage":{"@id":"https:\/\/www.revue3emillenaire.com\/blog\/interview-avec-lambassadeur-du-dalai-lama-par-denise-greindl\/"},"wordCount":1558,"keywords":["Bouddhisme"],"articleSection":["Greindl Denise"],"inLanguage":"fr-FR"},{"@type":"WebPage","@id":"https:\/\/www.revue3emillenaire.com\/blog\/interview-avec-lambassadeur-du-dalai-lama-par-denise-greindl\/","url":"https:\/\/www.revue3emillenaire.com\/blog\/interview-avec-lambassadeur-du-dalai-lama-par-denise-greindl\/","name":"Interview avec l'Ambassadeur du Dalai-Lama par Denise Greindl - 3e mill\u00e9naire - Spiritualit\u00e9 - Connaissance de soi - Non-dualit\u00e9 - M\u00e9ditation","isPartOf":{"@id":"https:\/\/www.revue3emillenaire.com\/blog\/#website"},"datePublished":"2010-11-20T15:11:53+00:00","dateModified":"2011-09-25T23:45:02+00:00","author":{"@id":"https:\/\/www.revue3emillenaire.com\/blog\/#\/schema\/person\/9a3a7cc4ccaa707f402d4394327106d5"},"breadcrumb":{"@id":"https:\/\/www.revue3emillenaire.com\/blog\/interview-avec-lambassadeur-du-dalai-lama-par-denise-greindl\/#breadcrumb"},"inLanguage":"fr-FR","potentialAction":[{"@type":"ReadAction","target":["https:\/\/www.revue3emillenaire.com\/blog\/interview-avec-lambassadeur-du-dalai-lama-par-denise-greindl\/"]}]},{"@type":"BreadcrumbList","@id":"https:\/\/www.revue3emillenaire.com\/blog\/interview-avec-lambassadeur-du-dalai-lama-par-denise-greindl\/#breadcrumb","itemListElement":[{"@type":"ListItem","position":1,"name":"Accueil","item":"https:\/\/www.revue3emillenaire.com\/blog\/"},{"@type":"ListItem","position":2,"name":"Interview avec l&rsquo;Ambassadeur du Dalai-Lama par Denise Greindl"}]},{"@type":"WebSite","@id":"https:\/\/www.revue3emillenaire.com\/blog\/#website","url":"https:\/\/www.revue3emillenaire.com\/blog\/","name":"3e mill\u00e9naire - Spiritualit\u00e9 - Connaissance de soi - Non-dualit\u00e9 - M\u00e9ditation","description":"L&#039;Homme en devenir","potentialAction":[{"@type":"SearchAction","target":{"@type":"EntryPoint","urlTemplate":"https:\/\/www.revue3emillenaire.com\/blog\/?s={search_term_string}"},"query-input":{"@type":"PropertyValueSpecification","valueRequired":true,"valueName":"search_term_string"}}],"inLanguage":"fr-FR"},{"@type":"Person","@id":"https:\/\/www.revue3emillenaire.com\/blog\/#\/schema\/person\/9a3a7cc4ccaa707f402d4394327106d5","name":"3e mill\u00e9naire","url":"https:\/\/www.revue3emillenaire.com\/blog\/author\/admin\/"}]}},"_links":{"self":[{"href":"https:\/\/www.revue3emillenaire.com\/blog\/wp-json\/wp\/v2\/posts\/5902","targetHints":{"allow":["GET"]}}],"collection":[{"href":"https:\/\/www.revue3emillenaire.com\/blog\/wp-json\/wp\/v2\/posts"}],"about":[{"href":"https:\/\/www.revue3emillenaire.com\/blog\/wp-json\/wp\/v2\/types\/post"}],"author":[{"embeddable":true,"href":"https:\/\/www.revue3emillenaire.com\/blog\/wp-json\/wp\/v2\/users\/1"}],"replies":[{"embeddable":true,"href":"https:\/\/www.revue3emillenaire.com\/blog\/wp-json\/wp\/v2\/comments?post=5902"}],"version-history":[{"count":0,"href":"https:\/\/www.revue3emillenaire.com\/blog\/wp-json\/wp\/v2\/posts\/5902\/revisions"}],"wp:attachment":[{"href":"https:\/\/www.revue3emillenaire.com\/blog\/wp-json\/wp\/v2\/media?parent=5902"}],"wp:term":[{"taxonomy":"category","embeddable":true,"href":"https:\/\/www.revue3emillenaire.com\/blog\/wp-json\/wp\/v2\/categories?post=5902"},{"taxonomy":"post_tag","embeddable":true,"href":"https:\/\/www.revue3emillenaire.com\/blog\/wp-json\/wp\/v2\/tags?post=5902"}],"curies":[{"name":"wp","href":"https:\/\/api.w.org\/{rel}","templated":true}]}}