{"id":5905,"date":"2010-11-20T16:12:06","date_gmt":"2010-11-20T15:12:06","guid":{"rendered":"http:\/\/pro.ovh.net\/~emillena\/blog\/?p=5905"},"modified":"2010-11-20T16:12:06","modified_gmt":"2010-11-20T15:12:06","slug":"loeuf-et-leternite-par-mariette-gerber","status":"publish","type":"post","link":"https:\/\/www.revue3emillenaire.com\/blog\/loeuf-et-leternite-par-mariette-gerber\/","title":{"rendered":"L&rsquo;\u0153uf et l&rsquo;\u00e9ternit\u00e9 par Mariette Gerber"},"content":{"rendered":"<p style=\"text-align: justify;\"><strong>L&rsquo;\u0153uf et l&rsquo;\u00e9ternit\u00e9 par Mariette Gerber<\/strong><\/p>\n<p style=\"text-align: justify;\">(Revue CoEvolution. N<sup>o<\/sup> 7. Hiver 1982)<\/p>\n<p style=\"text-align: justify;\">\n<p style=\"text-align: justify;\">Jour apr\u00e8s jour, Mariette Gerber vit un \u00ab autre temps \u00bb dans la maison biochimique con\u00e7ue par son mari (cf. CoEvolution n\u00b0 1). Elle nous offre aujourd&rsquo;hui son t\u00e9moignage pour retrouver un temps \u00e0 notre \u00e9chelle.<\/p>\n<p style=\"text-align: right;\">\u2014M.P.\u2014<\/p>\n<p style=\"text-align: justify;\">\n<p style=\"text-align: justify;\">Sans doute faut-il commencer par les instruments : rares avant Galil\u00e9e et son pendule, puis gr\u00e2ce \u00e0 lui, les horloges \u00e0 balancier, avec les diff\u00e9rents types d&rsquo;\u00e9chappement, les ressorts, spirales et roues dent\u00e9es, mieux compens\u00e9s plus tard par l&rsquo;apport constant d&rsquo;\u00e9nergie. Puis la rupture, la d\u00e9couverte d&rsquo;autres types de mouvement, le cristal de quartz et l&rsquo;atome de c\u00e9sium.<\/p>\n<p style=\"text-align: justify;\">\n<p style=\"text-align: justify;\">Toutes machines faites pour mesurer exactement le temps, le couper en petits morceaux bien r\u00e9guliers, le fractionner en parties \u00e9gales, qui vont \u00eatre num\u00e9rot\u00e9es, organis\u00e9es avant et apr\u00e8s minuit, avant et apr\u00e8s midi, suivant les cultures. De cette fa\u00e7on, les individus de l&rsquo;ensemble social peuvent se retrouver, se \u00ab contacter \u00bb \u00e0 des temps pr\u00e9cis. Des mouvements collectifs peuvent \u00eatre programm\u00e9s : du rendez-vous chez le dentiste o\u00f9 le regard s&rsquo;irrite sur le poignet gauche aux arriv\u00e9es de trains de banlieue o\u00f9 des milliers d&rsquo;yeux se l\u00e8vent inquiets vers l&rsquo;horloge de la SNCF, tous ces mouvements individuels ou collectifs s&rsquo;appuient sur la mesure m\u00e9canique, \u00e9lectronique ou atomique du temps.<\/p>\n<p style=\"text-align: justify;\">\n<p style=\"text-align: justify;\">Ainsi, quand l&rsquo;homme r\u00e9duit les lois physiques \u00e0 son \u00e9chelle et \u00e0 son usage, elles deviennent d&rsquo;une in\u00e9luctable pr\u00e9cision. Mais, bien avant d&rsquo;avoir d\u00e9couvert et utilis\u00e9 ces lois, il avait con\u00e7u deux syst\u00e8mes de mesure du temps qui se rattachaient encore au chrono plan\u00e9taire : le cadran solaire et la clepsydre.<\/p>\n<p style=\"text-align: justify;\">\n<p style=\"text-align: justify;\">Le premier \u00e9pousait le rythme du nykt\u00e9m\u00e8re <a id=\"ftnref1\" href=\"#ftn1\">[1]<\/a> et celui des saisons, int\u00e9grant le temps dans l&rsquo;espace de vie, mais ne pouvant r\u00e9pondre aux exigences sociales : on ne pouvait compter sur lui. D&rsquo;une part il laissait la nuit enti\u00e8re et, d&rsquo;autre part il suffisait de quelques nuages pour que l&rsquo;on cr\u00fbt que le temps s&rsquo;arr\u00eatait !<\/p>\n<p style=\"text-align: justify;\">\n<p style=\"text-align: justify;\">Ses crit\u00e8res \u00e9tant plus judicieusement choisis, la clepsydre \u00e9tait plus fiable mais, \u00e0 la diff\u00e9rence des roues dent\u00e9es et autres quartz, elle \u00e9tait la repr\u00e9sentation vivante du temps, elle coulait&#8230;<\/p>\n<p style=\"text-align: justify;\">\n<p style=\"text-align: justify;\">Oui, pour l&rsquo;individu le temps coule, passe, vole, vite ou lentement, parfois m\u00eame semble s&rsquo;arr\u00eater. Pour chacun d&rsquo;entre nous, le temps coule tel un fluide entre nos pens\u00e9es, nos actes, nos amours. L&rsquo;impression que nous laisse son d\u00e9bit est \u00e9minemment variable. Qu&rsquo;il nous paraisse long ou court, dans les deux cas, son \u00e9valuation se fait de deux mani\u00e8res diff\u00e9rentes : par la qualit\u00e9 du moment v\u00e9cue et par son contenu.<\/p>\n<p style=\"text-align: justify;\">\n<p style=\"text-align: justify;\">Ces deux \u00e9l\u00e9ments sont \u00e0 l&rsquo;origine de l&rsquo;impression paradoxale que l&rsquo;on \u00e9prouve lorsqu&rsquo;on r\u00e9fl\u00e9chit sur les ann\u00e9es pass\u00e9es conjointement avec un \u00eatre aim\u00e9. La marque du temps ne se fait pas sentir sur des sentiments encore neufs, car toujours renouvel\u00e9s dans les p\u00e9rip\u00e9ties et le calme, l&rsquo;inqui\u00e9tude et le bonheur. Mais l&rsquo;incertitude pr\u00e9side \u00e0 nos relations avec le temps, cet \u00e9l\u00e9ment qui coule et que nous ne ma\u00eetrisons pas ; cette dimension que nous avons \u00e9talonn\u00e9e pour faire tourner notre petit monde, mais dont la mesure v\u00e9cue nous \u00e9chappe fondamentalement. N&rsquo;existe-t-il pas, au fond de chacun de nous, le d\u00e9sir de ressentir, un \u00e0 un, chaque instant et parfois d&rsquo;en arr\u00eater un ? Cette abstraction de la fraction du temps, de l&rsquo;instant fig\u00e9 a \u00e9t\u00e9 extraordinairement \u00e9voqu\u00e9e par Salvador Dali dans son tableau \u00ab le temps suspendu \u00bb : le profil d&rsquo;une femme passe \u00e0 une fen\u00eatre et un \u0153uf se casse sur le tranchant d&rsquo;un couteau&#8230; Surr\u00e9alit\u00e9 d&rsquo;une infime fraction du temps ainsi isol\u00e9 de son cours qui ouvre les portes \u00e0 l&rsquo;angoisse lucide.<\/p>\n<p style=\"text-align: justify;\">\n<p style=\"text-align: justify;\">Rien n&rsquo;est-il aussi s\u00e9curisant que de voir le temps prendre du poids, de l&rsquo;\u00e9paisseur et, finalement, de le relier \u00e0 l&rsquo;espace, dimension que nous appr\u00e9hendons beaucoup mieux. C&rsquo;est sans doute pour cela que j&rsquo;\u00e9prouve un sentiment tr\u00e8s particulier fait de s\u00e9r\u00e9nit\u00e9 et d&rsquo;enracinement, comme si je rentrais dans l&rsquo;\u00e9paisseur du temps, quand je passe le seuil us\u00e9 d&rsquo;une maison, ou que je marche sur un chemin dont les pierres gardent le creux des roues de charrettes. Prendre un sentier dans la garrigue, o\u00f9 des pas, jour apr\u00e8s jour, saison apr\u00e8s saison, ont emprunt\u00e9 le m\u00eame trac\u00e9, effa\u00e7ant la pousse v\u00e9g\u00e9tale, imprimant les pierres grises de leur sinuosit\u00e9, c&rsquo;est aussi retrouver le temps \u00e0 notre \u00e9chelle, o\u00f9 nous avons cr\u00e9\u00e9 les liens entre deux lieux, entre deux maisons. Ce temps pass\u00e9, s&rsquo;il est moins angoissant \u00e0 cause des traces qu&rsquo;il laisse, peut \u00eatre nostalgique. Pour gagner en s\u00e9r\u00e9nit\u00e9, ne faudrait-il pas le confondre, simplement, avec l&rsquo;\u00e9ternit\u00e9 des millions d&rsquo;ann\u00e9es de l&rsquo;histoire de la terre ?<\/p>\n<p style=\"text-align: justify;\">\n<p style=\"text-align: justify;\">\n<hr style=\"text-align: justify;\" size=\"1\" \/>\n<p style=\"text-align: justify;\"><a id=\"ftn1\" href=\"#ftnref1\">[1]<\/a> Du jour et de la nuit.<\/p>\n","protected":false},"excerpt":{"rendered":"<p>Mais l&rsquo;incertitude pr\u00e9side \u00e0 nos relations avec le temps, cet \u00e9l\u00e9ment qui coule et que nous ne ma\u00eetrisons pas ; cette dimension que nous avons \u00e9talonn\u00e9e pour faire tourner notre petit monde, mais dont la mesure v\u00e9cue nous \u00e9chappe fondamentalement. N&rsquo;existe-t-il pas, au fond de chacun de nous, le d\u00e9sir de ressentir, un \u00e0 un, chaque instant et parfois d&rsquo;en arr\u00eater un ? <\/p>\n","protected":false},"author":1,"featured_media":0,"comment_status":"closed","ping_status":"closed","sticky":false,"template":"","format":"standard","meta":{"footnotes":""},"categories":[683],"tags":[159],"class_list":["post-5905","post","type-post","status-publish","format-standard","hentry","category-gerber-mariette","tag-temps"],"yoast_head":"<!-- This site is optimized with the Yoast SEO plugin v27.0 - https:\/\/yoast.com\/product\/yoast-seo-wordpress\/ -->\n<title>L&#039;\u0153uf et l&#039;\u00e9ternit\u00e9 par Mariette Gerber - 3e mill\u00e9naire - Spiritualit\u00e9 - Connaissance de soi - Non-dualit\u00e9 - M\u00e9ditation<\/title>\n<meta name=\"robots\" content=\"index, follow, max-snippet:-1, max-image-preview:large, max-video-preview:-1\" \/>\n<link rel=\"canonical\" href=\"https:\/\/www.revue3emillenaire.com\/blog\/loeuf-et-leternite-par-mariette-gerber\/\" \/>\n<meta property=\"og:locale\" content=\"fr_FR\" \/>\n<meta property=\"og:type\" content=\"article\" \/>\n<meta property=\"og:title\" content=\"L&#039;\u0153uf et l&#039;\u00e9ternit\u00e9 par Mariette Gerber - 3e mill\u00e9naire - Spiritualit\u00e9 - Connaissance de soi - Non-dualit\u00e9 - M\u00e9ditation\" \/>\n<meta property=\"og:description\" content=\"Mais l&#039;incertitude pr\u00e9side \u00e0 nos relations avec le temps, cet \u00e9l\u00e9ment qui coule et que nous ne ma\u00eetrisons pas ; cette dimension que nous avons \u00e9talonn\u00e9e pour faire tourner notre petit monde, mais dont la mesure v\u00e9cue nous \u00e9chappe fondamentalement. N&#039;existe-t-il pas, au fond de chacun de nous, le d\u00e9sir de ressentir, un \u00e0 un, chaque instant et parfois d&#039;en arr\u00eater un ?\" \/>\n<meta property=\"og:url\" content=\"https:\/\/www.revue3emillenaire.com\/blog\/loeuf-et-leternite-par-mariette-gerber\/\" \/>\n<meta property=\"og:site_name\" content=\"3e mill\u00e9naire - Spiritualit\u00e9 - Connaissance de soi - Non-dualit\u00e9 - M\u00e9ditation\" \/>\n<meta property=\"article:published_time\" content=\"2010-11-20T15:12:06+00:00\" \/>\n<meta name=\"author\" content=\"3e mill\u00e9naire\" \/>\n<meta name=\"twitter:card\" content=\"summary_large_image\" \/>\n<meta name=\"twitter:label1\" content=\"\u00c9crit par\" \/>\n\t<meta name=\"twitter:data1\" content=\"3e mill\u00e9naire\" \/>\n\t<meta name=\"twitter:label2\" content=\"Dur\u00e9e de lecture estim\u00e9e\" \/>\n\t<meta name=\"twitter:data2\" content=\"4 minutes\" \/>\n<script type=\"application\/ld+json\" class=\"yoast-schema-graph\">{\"@context\":\"https:\/\/schema.org\",\"@graph\":[{\"@type\":\"Article\",\"@id\":\"https:\/\/www.revue3emillenaire.com\/blog\/loeuf-et-leternite-par-mariette-gerber\/#article\",\"isPartOf\":{\"@id\":\"https:\/\/www.revue3emillenaire.com\/blog\/loeuf-et-leternite-par-mariette-gerber\/\"},\"author\":{\"name\":\"3e mill\u00e9naire\",\"@id\":\"https:\/\/www.revue3emillenaire.com\/blog\/#\/schema\/person\/9a3a7cc4ccaa707f402d4394327106d5\"},\"headline\":\"L&rsquo;\u0153uf et l&rsquo;\u00e9ternit\u00e9 par Mariette Gerber\",\"datePublished\":\"2010-11-20T15:12:06+00:00\",\"mainEntityOfPage\":{\"@id\":\"https:\/\/www.revue3emillenaire.com\/blog\/loeuf-et-leternite-par-mariette-gerber\/\"},\"wordCount\":831,\"keywords\":[\"temps\"],\"articleSection\":[\"Gerber Mariette\"],\"inLanguage\":\"fr-FR\"},{\"@type\":\"WebPage\",\"@id\":\"https:\/\/www.revue3emillenaire.com\/blog\/loeuf-et-leternite-par-mariette-gerber\/\",\"url\":\"https:\/\/www.revue3emillenaire.com\/blog\/loeuf-et-leternite-par-mariette-gerber\/\",\"name\":\"L'\u0153uf et l'\u00e9ternit\u00e9 par Mariette Gerber - 3e mill\u00e9naire - Spiritualit\u00e9 - Connaissance de soi - Non-dualit\u00e9 - M\u00e9ditation\",\"isPartOf\":{\"@id\":\"https:\/\/www.revue3emillenaire.com\/blog\/#website\"},\"datePublished\":\"2010-11-20T15:12:06+00:00\",\"author\":{\"@id\":\"https:\/\/www.revue3emillenaire.com\/blog\/#\/schema\/person\/9a3a7cc4ccaa707f402d4394327106d5\"},\"breadcrumb\":{\"@id\":\"https:\/\/www.revue3emillenaire.com\/blog\/loeuf-et-leternite-par-mariette-gerber\/#breadcrumb\"},\"inLanguage\":\"fr-FR\",\"potentialAction\":[{\"@type\":\"ReadAction\",\"target\":[\"https:\/\/www.revue3emillenaire.com\/blog\/loeuf-et-leternite-par-mariette-gerber\/\"]}]},{\"@type\":\"BreadcrumbList\",\"@id\":\"https:\/\/www.revue3emillenaire.com\/blog\/loeuf-et-leternite-par-mariette-gerber\/#breadcrumb\",\"itemListElement\":[{\"@type\":\"ListItem\",\"position\":1,\"name\":\"Accueil\",\"item\":\"https:\/\/www.revue3emillenaire.com\/blog\/\"},{\"@type\":\"ListItem\",\"position\":2,\"name\":\"L&rsquo;\u0153uf et l&rsquo;\u00e9ternit\u00e9 par Mariette Gerber\"}]},{\"@type\":\"WebSite\",\"@id\":\"https:\/\/www.revue3emillenaire.com\/blog\/#website\",\"url\":\"https:\/\/www.revue3emillenaire.com\/blog\/\",\"name\":\"3e mill\u00e9naire - Spiritualit\u00e9 - Connaissance de soi - Non-dualit\u00e9 - M\u00e9ditation\",\"description\":\"L&#039;Homme en devenir\",\"potentialAction\":[{\"@type\":\"SearchAction\",\"target\":{\"@type\":\"EntryPoint\",\"urlTemplate\":\"https:\/\/www.revue3emillenaire.com\/blog\/?s={search_term_string}\"},\"query-input\":{\"@type\":\"PropertyValueSpecification\",\"valueRequired\":true,\"valueName\":\"search_term_string\"}}],\"inLanguage\":\"fr-FR\"},{\"@type\":\"Person\",\"@id\":\"https:\/\/www.revue3emillenaire.com\/blog\/#\/schema\/person\/9a3a7cc4ccaa707f402d4394327106d5\",\"name\":\"3e mill\u00e9naire\",\"url\":\"https:\/\/www.revue3emillenaire.com\/blog\/author\/admin\/\"}]}<\/script>\n<!-- \/ Yoast SEO plugin. -->","yoast_head_json":{"title":"L'\u0153uf et l'\u00e9ternit\u00e9 par Mariette Gerber - 3e mill\u00e9naire - Spiritualit\u00e9 - Connaissance de soi - Non-dualit\u00e9 - M\u00e9ditation","robots":{"index":"index","follow":"follow","max-snippet":"max-snippet:-1","max-image-preview":"max-image-preview:large","max-video-preview":"max-video-preview:-1"},"canonical":"https:\/\/www.revue3emillenaire.com\/blog\/loeuf-et-leternite-par-mariette-gerber\/","og_locale":"fr_FR","og_type":"article","og_title":"L'\u0153uf et l'\u00e9ternit\u00e9 par Mariette Gerber - 3e mill\u00e9naire - Spiritualit\u00e9 - Connaissance de soi - Non-dualit\u00e9 - M\u00e9ditation","og_description":"Mais l'incertitude pr\u00e9side \u00e0 nos relations avec le temps, cet \u00e9l\u00e9ment qui coule et que nous ne ma\u00eetrisons pas ; cette dimension que nous avons \u00e9talonn\u00e9e pour faire tourner notre petit monde, mais dont la mesure v\u00e9cue nous \u00e9chappe fondamentalement. N'existe-t-il pas, au fond de chacun de nous, le d\u00e9sir de ressentir, un \u00e0 un, chaque instant et parfois d'en arr\u00eater un ?","og_url":"https:\/\/www.revue3emillenaire.com\/blog\/loeuf-et-leternite-par-mariette-gerber\/","og_site_name":"3e mill\u00e9naire - Spiritualit\u00e9 - Connaissance de soi - Non-dualit\u00e9 - M\u00e9ditation","article_published_time":"2010-11-20T15:12:06+00:00","author":"3e mill\u00e9naire","twitter_card":"summary_large_image","twitter_misc":{"\u00c9crit par":"3e mill\u00e9naire","Dur\u00e9e de lecture estim\u00e9e":"4 minutes"},"schema":{"@context":"https:\/\/schema.org","@graph":[{"@type":"Article","@id":"https:\/\/www.revue3emillenaire.com\/blog\/loeuf-et-leternite-par-mariette-gerber\/#article","isPartOf":{"@id":"https:\/\/www.revue3emillenaire.com\/blog\/loeuf-et-leternite-par-mariette-gerber\/"},"author":{"name":"3e mill\u00e9naire","@id":"https:\/\/www.revue3emillenaire.com\/blog\/#\/schema\/person\/9a3a7cc4ccaa707f402d4394327106d5"},"headline":"L&rsquo;\u0153uf et l&rsquo;\u00e9ternit\u00e9 par Mariette Gerber","datePublished":"2010-11-20T15:12:06+00:00","mainEntityOfPage":{"@id":"https:\/\/www.revue3emillenaire.com\/blog\/loeuf-et-leternite-par-mariette-gerber\/"},"wordCount":831,"keywords":["temps"],"articleSection":["Gerber Mariette"],"inLanguage":"fr-FR"},{"@type":"WebPage","@id":"https:\/\/www.revue3emillenaire.com\/blog\/loeuf-et-leternite-par-mariette-gerber\/","url":"https:\/\/www.revue3emillenaire.com\/blog\/loeuf-et-leternite-par-mariette-gerber\/","name":"L'\u0153uf et l'\u00e9ternit\u00e9 par Mariette Gerber - 3e mill\u00e9naire - Spiritualit\u00e9 - Connaissance de soi - Non-dualit\u00e9 - M\u00e9ditation","isPartOf":{"@id":"https:\/\/www.revue3emillenaire.com\/blog\/#website"},"datePublished":"2010-11-20T15:12:06+00:00","author":{"@id":"https:\/\/www.revue3emillenaire.com\/blog\/#\/schema\/person\/9a3a7cc4ccaa707f402d4394327106d5"},"breadcrumb":{"@id":"https:\/\/www.revue3emillenaire.com\/blog\/loeuf-et-leternite-par-mariette-gerber\/#breadcrumb"},"inLanguage":"fr-FR","potentialAction":[{"@type":"ReadAction","target":["https:\/\/www.revue3emillenaire.com\/blog\/loeuf-et-leternite-par-mariette-gerber\/"]}]},{"@type":"BreadcrumbList","@id":"https:\/\/www.revue3emillenaire.com\/blog\/loeuf-et-leternite-par-mariette-gerber\/#breadcrumb","itemListElement":[{"@type":"ListItem","position":1,"name":"Accueil","item":"https:\/\/www.revue3emillenaire.com\/blog\/"},{"@type":"ListItem","position":2,"name":"L&rsquo;\u0153uf et l&rsquo;\u00e9ternit\u00e9 par Mariette Gerber"}]},{"@type":"WebSite","@id":"https:\/\/www.revue3emillenaire.com\/blog\/#website","url":"https:\/\/www.revue3emillenaire.com\/blog\/","name":"3e mill\u00e9naire - Spiritualit\u00e9 - Connaissance de soi - Non-dualit\u00e9 - M\u00e9ditation","description":"L&#039;Homme en devenir","potentialAction":[{"@type":"SearchAction","target":{"@type":"EntryPoint","urlTemplate":"https:\/\/www.revue3emillenaire.com\/blog\/?s={search_term_string}"},"query-input":{"@type":"PropertyValueSpecification","valueRequired":true,"valueName":"search_term_string"}}],"inLanguage":"fr-FR"},{"@type":"Person","@id":"https:\/\/www.revue3emillenaire.com\/blog\/#\/schema\/person\/9a3a7cc4ccaa707f402d4394327106d5","name":"3e mill\u00e9naire","url":"https:\/\/www.revue3emillenaire.com\/blog\/author\/admin\/"}]}},"_links":{"self":[{"href":"https:\/\/www.revue3emillenaire.com\/blog\/wp-json\/wp\/v2\/posts\/5905","targetHints":{"allow":["GET"]}}],"collection":[{"href":"https:\/\/www.revue3emillenaire.com\/blog\/wp-json\/wp\/v2\/posts"}],"about":[{"href":"https:\/\/www.revue3emillenaire.com\/blog\/wp-json\/wp\/v2\/types\/post"}],"author":[{"embeddable":true,"href":"https:\/\/www.revue3emillenaire.com\/blog\/wp-json\/wp\/v2\/users\/1"}],"replies":[{"embeddable":true,"href":"https:\/\/www.revue3emillenaire.com\/blog\/wp-json\/wp\/v2\/comments?post=5905"}],"version-history":[{"count":0,"href":"https:\/\/www.revue3emillenaire.com\/blog\/wp-json\/wp\/v2\/posts\/5905\/revisions"}],"wp:attachment":[{"href":"https:\/\/www.revue3emillenaire.com\/blog\/wp-json\/wp\/v2\/media?parent=5905"}],"wp:term":[{"taxonomy":"category","embeddable":true,"href":"https:\/\/www.revue3emillenaire.com\/blog\/wp-json\/wp\/v2\/categories?post=5905"},{"taxonomy":"post_tag","embeddable":true,"href":"https:\/\/www.revue3emillenaire.com\/blog\/wp-json\/wp\/v2\/tags?post=5905"}],"curies":[{"name":"wp","href":"https:\/\/api.w.org\/{rel}","templated":true}]}}