{"id":6019,"date":"2010-12-02T02:56:06","date_gmt":"2010-12-02T01:56:06","guid":{"rendered":"http:\/\/pro.ovh.net\/~emillena\/blog\/?p=6019"},"modified":"2011-09-24T14:22:54","modified_gmt":"2011-09-24T13:22:54","slug":"terre-symbole-culturel-par-louis-humbert","status":"publish","type":"post","link":"https:\/\/www.revue3emillenaire.com\/blog\/terre-symbole-culturel-par-louis-humbert\/","title":{"rendered":"Terre symbole culturel par Louis Humbert"},"content":{"rendered":"<p style=\"text-align: justify;\">(Revue 3<sup>e<\/sup> Mill\u00e9naire. Ancienne s\u00e9rie N<sup>o<\/sup> 4. Septembre-Octobre 1982)<\/p>\n<p>Sur cette Terre, qui sommes-nous ? D&rsquo;o\u00f9 venons-nous ? Pourquoi sommes-nous l\u00e0 ? O\u00f9 allons-nous ? Autant d&rsquo;interrogations formul\u00e9es par l&rsquo;Homme depuis que son cortex c\u00e9r\u00e9bral fut suffisamment d\u00e9velopp\u00e9.<\/p>\n<p>N\u00e9 de la Terre il y a 4 millions d&rsquo;ann\u00e9es et de Cosmos il y a 15 milliards d&rsquo;ann\u00e9es, l&rsquo;Homme vit en intimit\u00e9 avec sa plan\u00e8te et d\u00e9pend enti\u00e8rement d&rsquo;elle. Philosophes, mystiques, penseurs, gnostiques, visionnaires, proph\u00e8tes&#8230; l&rsquo;ont pressenti ; la Science moderne le confirme : \u00e9volution cosmique, origine de la vie, \u00e9cologie.<\/p>\n<p>L&rsquo;Homme contemporain le sait mais nombre d&rsquo;entre eux en ont perdu la Connaissance ou ne l&rsquo;ont pas encore acquise. Le bruit, la vitesse, l&rsquo;agitation, le pouvoir, la richesse, la faim, la fatigue, la technique, la violence, l&rsquo;agressivit\u00e9, la soumission&#8230; cachent \u00e0 l&rsquo;Homme cette v\u00e9rit\u00e9 essentielle.<\/p>\n<p>Pourtant chacun de nous peut renouer sensoriellement les relations permanentes physiques et spirituelles que l&rsquo;Homme entretien depuis toujours avec la terre :<\/p>\n<p>\u2014 Terre, objet d&rsquo;inconnaissance,<\/p>\n<p>\u2014 Terre m\u00e8re,<\/p>\n<p>\u2014 Terre, espace et temps,<\/p>\n<p>\u2014 Terre, \u00e9nergie, mati\u00e8re et esprit,<\/p>\n<p>\u2014 Terre, objet de communication,<\/p>\n<p>\u2014 Terre, avenir de l&rsquo;Homme.<\/p>\n<p><strong>Terre, objet d&rsquo;inconnaissance<\/strong><\/p>\n<p>Dans la terre et dans l&rsquo;espace, l&rsquo;Homme cherche de tout temps \u00e0 percer les secrets de l&rsquo;Univers et le myst\u00e8re cosmique de l&rsquo;origine et du futur.<\/p>\n<p>Des mill\u00e9naires d&rsquo;observations, d&rsquo;intuition, de m\u00e9ditations ont r\u00e9v\u00e9l\u00e9 un Univers inconnaissable. Des dieux ou, un Dieu, invisibles ont cr\u00e9\u00e9 le monde et en assurent le fonctionnement \u00e0 travers mythes et religions.<\/p>\n<p>Un jour, au VI<sup>e<\/sup> si\u00e8cle avant J\u00e9sus-Christ, H\u00e9ra inspira-t-elle le philosophe de Milet ? Thal\u00e8s relevait le d\u00e9fi et apr\u00e8s lui Anaximandre, Pythagore, Hippocrate, D\u00e9mocrite, Platon, Aristote, Euclide, Aristarque, Archim\u00e8de, Eratosth\u00e8ne&#8230;, tous proposaient un univers connaissable par l&rsquo;observation, l&rsquo;exp\u00e9rience et la th\u00e9orie, sans intervention divine n\u00e9cessaire : la pens\u00e9e scientifique \u00e9tait n\u00e9e. Mais d&rsquo;Aristarque \u00e0 Copernic, il fallut attendre presque 2000 ans. Pourquoi ? Est-ce la d\u00e9cadence du monde grec ? Est-ce la chute de l&#8217;empire romain ? Est-ce l&rsquo;incendie de la biblioth\u00e8que d&rsquo;Alexandrie ? Est-ce la vengeance des dieux ?!<\/p>\n<p>C&rsquo;est en Toscane au XIII<sup>e<\/sup> si\u00e8cle qu&rsquo;allait rena\u00eetre la graine dispers\u00e9e et la suite vous connaissez&#8230; l&rsquo;imprimerie, l&rsquo;\u00e9lectricit\u00e9, la relativit\u00e9, l&rsquo;\u00e9nergie nucl\u00e9aire, la bombe, le voyage sur la lune.<\/p>\n<p>Reculant les limites de l&rsquo;infiniment grand et de l&rsquo;infiniment petit, l&rsquo;Homme moderne porte en lui ce conflit \u00e9pist\u00e9mologique fondamental : expliquer la coh\u00e9rence et l&rsquo;ordre de l&rsquo;Univers par la pens\u00e9e scientifique rationnelle et\/ou par la pens\u00e9e intuitive spirituelle. Confront\u00e9 \u00e0 ce d\u00e9fi, l&rsquo;Homme contemporain h\u00e9site, t\u00e2tonne, condamne, imite, fuit&#8230; Un Theilhard de Chardin, un Bachelard, n&rsquo;ont-ils pas montr\u00e9 des voies d&rsquo;acc\u00e8s \u00e0 l&rsquo;harmonie des connaissances et vers la Connaissance ?<\/p>\n<p><strong>Terre m\u00e8re<\/strong><\/p>\n<p>De tout temps, dans les mythes et les religions, l&rsquo;Homme v\u00e9n\u00e8re la d\u00e9esse Terre, son substrat nourricier :<\/p>\n<p>\u2014 Terre matrice originelle de la cr\u00e9ation \u00e0 qui il faut rendre un culte pour s&rsquo;assurer la p\u00e9rennit\u00e9 de la vie et le repos des \u00e2mes,<\/p>\n<p>\u2014 Terre corps vivant et bless\u00e9 par l&rsquo;homme dont les rites expiatoires et sacrificiels demandent le pardon,<\/p>\n<p>\u2014 Terre fille du cosmos nourrie par la Voie Lact\u00e9e, le lait de la d\u00e9esse H\u00e9ra,<\/p>\n<p>\u2014 Terre compos\u00e9e de quatre \u00e9l\u00e9ments de la cr\u00e9ation, la terre, l&rsquo;eau, le feu et l&rsquo;air.<\/p>\n<p>De la mati\u00e8re min\u00e9rale \u00e0 l&rsquo;organisme vivant, la Science moderne confirme l&rsquo;intuition spirituelle. Progressivement au cours de son d\u00e9veloppement l&rsquo;Homme a tiss\u00e9 un r\u00e9seau de relations avec sa m\u00e8re la Terre, son \u00e9cosyst\u00e8me. Les mouvements \u00e9cologiques ne sont-ils pas aussi l&rsquo;\u00e9mergence du conflit \u0153dipien entre l&rsquo;Homme et sa m\u00e8re ?<\/p>\n<p><strong>Terre espace et temps<\/strong><\/p>\n<p>Regardant le paysage, observant l&rsquo;infini de la mer et du ciel, comment l&rsquo;Homme a-t-il per\u00e7u l&rsquo;espace \u00e0 trois dimensions et le temps, la dur\u00e9e ? A quel moment de son \u00e9volution en a-t-il pris conscience ? A-t-il eu une perception s\u00e9par\u00e9e de l&rsquo;espace et du temps ? Les rythmes biologiques sont-ils apparus apr\u00e8s que l&rsquo;Homme eut pris conscience des rythmes zodiacaux, solaire, lunaire et nycth\u00e9m\u00e9raux ?<\/p>\n<p>Tous les mythes, toutes les religions et toutes les civilisations se sont organis\u00e9es conform\u00e9ment \u00e0 leur connaissance des rythmes naturels : naissance au levant, mort au couchant, cultes solaire et lunaire, astrologie, calendrier etc&#8230; Dans cet univers m\u00e9taphorique, l&rsquo;Homme a trouv\u00e9 les moyens d&rsquo;\u00e9chapper au temps qui passe. La cyclicit\u00e9 conduit n\u00e9cessairement \u00e0 une r\u00e9g\u00e9n\u00e9ration perp\u00e9tuelle, \u00e0 une renaissance, \u00e0 une r\u00e9surrection ; une telle r\u00e9gularit\u00e9 implique un ordre, une organisation, un Axe du monde, un Arbre cosmique&#8230;<\/p>\n<p>Temps lin\u00e9aire ou temps cyclique ? L&rsquo;interrogation demeure. Depuis le big-bang initial, il y a 15 milliards d&rsquo;ann\u00e9es, l&rsquo;horizon cosmologique recule dans un espace vide. Vertige du temps infini qui passe, vertige d&rsquo;un univers infini en continuelle expansion, est-il possible d&rsquo;imaginer un retour aux conditions initiales ? Les astrophysiciens entrevoient une solution ; gr\u00e2ce \u00e0 la masse des particules \u00e9l\u00e9mentaires (neutrinos), l&rsquo;augmentation de la masse de l&rsquo;univers freinerait l&rsquo;expansion ; alors, de nouveau l&rsquo;Univers se contracterait jusqu&rsquo;\u00e0 une nouvelle explosion qui projetterait mati\u00e8re et lumi\u00e8re dans l&rsquo;espace. L&rsquo;immortalit\u00e9 est sauve, l&rsquo;Univers respire !<\/p>\n<p><strong>Terre objet de communication<\/strong><\/p>\n<p>Terre et cosmos, m\u00e9moire de notre \u00e9volution, rec\u00e8lent toute notre histoire : lumi\u00e8re du big bang et des \u00e9toiles, \u00e9l\u00e9ments chimiques, isotopes, fossiles, structure g\u00e9ologique, morphologie des paysages, traces d&rsquo;habitat.<\/p>\n<p>Homme, m\u00e9moire de la Terre et du Cosmos ; l&rsquo;Homme enregistre dans ses cellules une quantit\u00e9 d&rsquo;informations sur les \u00e9v\u00e9nements qu&rsquo;il a v\u00e9cus au cours de son \u00e9volution. Enregistr\u00e9es dans notre cerveau \u00ab reptilien \u00bb, dans notre cerveau limbique et dans notre cortex, ces informations sont enfouies dans notre psych\u00e9 la plus profonde, elles r\u00e9\u00e9mergent dans nos r\u00eaves et dans nos actions.<\/p>\n<p>L\u00e0 encore la Terre est au centre de nos comportements. Medium entre les hommes, elle est aussi medium entre l&rsquo;Homme et l&rsquo;Univers. Toutes les images de la Terre et du cosmos restent grav\u00e9es dans l&rsquo;inconscient individuel et collectif de l&rsquo;Homme d&rsquo;aujourd&rsquo;hui. Sans la pr\u00e9sence de l&rsquo;Homme, la Terre et l&rsquo;Univers seraient-ils ce qu&rsquo;ils sont ?<\/p>\n<p><strong>Terre avenir de l&rsquo;homme<\/strong><\/p>\n<p>Terre d&rsquo;harmonie, l&rsquo;Homme cherche depuis toujours \u00e0 retrouver un paradis perdu, mais l&rsquo;a-t-il jamais eu ?<\/p>\n<p>Cette harmonie, certains l&rsquo;ont atteinte ; les voies sont multiples, elles passent toujours par la connaissance de soi-m\u00eame, de l&rsquo;autre et de son environnement la Terre :<\/p>\n<p>\u2014 Harmonie universelle des trois mondes, du monde int\u00e9rieur des choses et de l&rsquo;Homme (l&rsquo;esprit), du monde ext\u00e9rieur sensible (la mati\u00e8re) et du monde cosmique (le temps),<\/p>\n<p>\u2014 Harmonie entre le r\u00e9el et le per\u00e7u, entre la r\u00e9alit\u00e9 et le r\u00eave,<\/p>\n<p>\u2014 Harmonie entre les connaissances scientifiques, techniques et spirituelles,<\/p>\n<p>\u2014 Harmonie entre l&rsquo;Homme, la Terre et le Cosmos.<\/p>\n<p>Terre, otage de l&rsquo;Homme : notre plan\u00e8te \u2014 symbole culturel \u2014 est en prise avec ses enfants. Ceux-ci n&rsquo;\u00e9coutant que leurs cerveaux primitifs de reptilien pr\u00e9parent un holocauste nucl\u00e9aire, \u00e9puisent les ressources dont ils d\u00e9pendent, asservissent les consciences, affament leurs fr\u00e8res, et, d\u00e9cha\u00eenent la violence.<\/p>\n<p>Terre, objet de conqu\u00eate : l&rsquo;Homme illumin\u00e9 par la pens\u00e9e scientifique a entrouvert la porte de la Connaissance. Le courant d&rsquo;air a d\u00e9clench\u00e9 l&rsquo;incendie. Br\u00fbl\u00e9 par la soif de conna\u00eetre, il a appris \u00e0 comprendre et \u00e0 construire. Mais chemin faisant, l&rsquo;envie de dominer le tenaille, il am\u00e9nage, il d\u00e9m\u00e9nage, il transforme, il construit, il d\u00e9truit&#8230; sans demander l&rsquo;avis de sa m\u00e8re nourrici\u00e8re.<\/p>\n<p><strong>Vision d&rsquo;apocalypse ?<\/strong><\/p>\n<p>Oui, si la sagesse universelle et permanente reste voil\u00e9e par une science et une technique au service de r\u00e9actions primitives de l&rsquo;Homme.<\/p>\n<p>Non, si l&rsquo;Homme prend conscience de son unit\u00e9 spirituelle et mat\u00e9rielle. La V\u00e9rit\u00e9 est au fond du puits ; s&rsquo;il ose se pencher, il se verra lui-m\u00eame ; alors, seulement, il percevra l&rsquo;autre, la Terre et l&rsquo;Univers avec un \u0153il nouveau.<\/p>\n<p>Terre, v\u00e9hicule cosmique : elle offre peut-\u00eatre \u00e0 l&rsquo;Homme l&rsquo;occasion de d\u00e9passer ses querelles de terriens.<\/p>\n<p>Oreilles cosmiques, les t\u00e9lescopes permettent \u00e0 l&rsquo;Homme d&rsquo;esp\u00e9rer communiquer avec les civilisations extraterrestres !<\/p>\n<p>La Terre est maintenant la base de d\u00e9part des voyages vers l&rsquo;espace. Les anciens en r\u00eavaient, l&rsquo;Homme moderne commence une aventure dont il n&rsquo;imagine pas encore les cons\u00e9quences. Puisse-t-il, comme Edgar Mitchell dans son vaisseau Apollo en route vers la lune et contemplant la plan\u00e8te bleue, percevoir son unit\u00e9 fondamentale avec les processus de la nature et le fonctionnement de l&rsquo;Univers.<\/p>\n<p>La Terre constitue pour l&rsquo;Homme un espace, un lieu de vie, d&rsquo;\u00e9changes, de repos ou d&rsquo;attente pour une vie future. Espace \u00e0 explorer, \u00e0 d\u00e9couvrir, l&rsquo;Homme l&rsquo;a d&rsquo;abord parcouru et ensuite repr\u00e9sent\u00e9 \u00e0 l&rsquo;aide de cartes. Gr\u00e2ce au t\u00e9lescope et \u00e0 la microphysique, les limites de l&rsquo;espace sont repouss\u00e9es vers l&rsquo;infiniment grand et l&rsquo;infiniment petit. Espace ritualis\u00e9, la Terre et le Cosmos deviennent le s\u00e9jour des dieux et des \u00e2mes et peut-\u00eatre le Paradis. Espace d&rsquo;aventure, espace de r\u00eave et d&rsquo;\u00e9vasion, l&rsquo;Homme y trouve la libert\u00e9 que sa condition d&rsquo;humain lui a fait perdre.<\/p>\n<p>O\u00f9 est l&rsquo;espace, o\u00f9 est le temps ? Les Egyptiens en unissant le Nil et la course du soleil avaient per\u00e7u cette dualit\u00e9. Pr\u00e8s de 5000 ans plus tard, l&rsquo;esprit p\u00e9n\u00e9trant d&rsquo;Einstein reformulait cette intuition en langage math\u00e9matique. L&rsquo;espace et le temps \u00e9taient relativis\u00e9s.<\/p>\n<p>La relativit\u00e9 psychologique de l&rsquo;espace-temps s&rsquo;expliquerait par la diff\u00e9rence de perception du temps et du mouvement entre l&rsquo;acteur \u2014 celui qui se d\u00e9place \u2014 et l&rsquo;observateur.<\/p>\n<p>La relativit\u00e9 ouvre de nouveaux horizons que peu d&rsquo;hommes encore ont explor\u00e9s \u2014 sinon \u00e0 travers la science-fiction. En s&rsquo;approchant de la vitesse de la lumi\u00e8re, plus le voyageur va vite moins il vieillit ! A cette vitesse, le temps se transforme en espace et r\u00e9ciproquement, l&rsquo;\u00e9nergie s&rsquo;accumule, la masse s&rsquo;accro\u00eet ; l&rsquo;espace s&rsquo;ouvre sur un \u00ab trou noir \u00bb, porte ouverte vers la 4<sup>\u00e8me<\/sup> dimension, vers la possibilit\u00e9 d&rsquo;exp\u00e9rimenter l&rsquo;histoire en voyageant dans le temps.<\/p>\n<p>Dans un espace et un temps relativis\u00e9s l&rsquo;espace est-il perceptible ? L&rsquo;image du ciel n&rsquo;est que la superposition d&rsquo;une succession d&rsquo;images lumineuses fossiles et diachrones : l&rsquo;\u00e9clair de l&rsquo;explosion initiale, la lumi\u00e8re des \u00e9toiles dispers\u00e9es dans l&rsquo;espace&#8230;<\/p>\n<p><strong>Terre, mati\u00e8re, \u00e9nergie et esprit<\/strong><\/p>\n<p>L&rsquo;Homme a tr\u00e8s t\u00f4t per\u00e7u la mati\u00e8re de la Terre capable de m\u00e9moriser les formes et d&rsquo;\u00eatre model\u00e9 par la main de l&rsquo;Homme et de Dieu, l&rsquo;argile, le mat\u00e9riau initial de la Gen\u00e8se.<\/p>\n<p>Les cultes lithiques t\u00e9moignent de l&rsquo;importance permanente que l&rsquo;Homme a toujours accord\u00e9e \u00e0 la mati\u00e8re terrestre : pierre protectrice conservant l&rsquo;\u00e2me et l&rsquo;\u00e9nergie du mort, pierre fertilisante, pierre de foudre, pierres noires et m\u00e9t\u00e9orites-centre du monde ou maison de Dieu, pierres sacr\u00e9es-tables de la loi&#8230; La pierre s&rsquo;identifie avec la divinit\u00e9 ou le concept qu&rsquo;elle repr\u00e9sente. De tout temps le sculpteur a r\u00e9ussi cette m\u00e9tamorphose.<\/p>\n<p>Esprit dans la mati\u00e8re, nous retrouvons une vision teilhardienne du monde du dedans et du dehors<\/p>\n<p>La physique particulaire, la m\u00e9canique quantique et la th\u00e9orie de la relativit\u00e9 d\u00e9montrent l&rsquo;existence d&rsquo;\u00e9changes permanents entre la mati\u00e8re, l&rsquo;\u00e9nergie et la lumi\u00e8re. Deux particules ou deux objets ne seraient jamais ind\u00e9pendants dans l&rsquo;espace, gr\u00e2ce \u00e0 leurs interactions, ils constituent un tout. Cr\u00e9\u00e9e par l&rsquo;\u00e9nergie la mati\u00e8re stocke l&rsquo;\u00e9nergie E = mc<sup>2<\/sup>.<\/p>\n<p>Echanges permanents et ins\u00e9parabilit\u00e9 des objets, la tradition gnostique et alchimique l&rsquo;avait d\u00e9j\u00e0 per\u00e7u. La physique moderne ne serait-elle qu&rsquo;un langage ? Langage et imagination expriment le mod\u00e8le construit dans le cerveau du physicien. Mais le langage est essentiel, notamment la Math\u00e9matique et le jeu des nombres ; puisque la physique moderne a permis un fantastique d\u00e9veloppement technologique que la philosophie n&rsquo;aurait jamais pu produire !<\/p>\n<p>Les syst\u00e9miciens actuels portent un regard nouveau sur ce monde d&rsquo;interactions permanentes. M\u00e9thode d&rsquo;analyse et de synth\u00e8se, m\u00e9thode heuristique, la Syst\u00e9mique est \u00e0 la recherche d&rsquo;une th\u00e9orie g\u00e9n\u00e9rale du syst\u00e8me. Trouverons-nous l\u00e0 aussi une voie d&rsquo;approche vers la coh\u00e9rence entre la pens\u00e9e scientifique et la pens\u00e9e spirituelle \u00e0 l&rsquo;int\u00e9rieur d&rsquo;un g\u00e9osyst\u00e8me.<\/p>\n<p>(Louis Humbert \u00e9tait g\u00e9ologue, professeur \u00e0 l&rsquo;Institut g\u00e9odynamique de l&rsquo;Universit\u00e9 de Bordeaux III)<\/p>\n","protected":false},"excerpt":{"rendered":"<p>Regardant le paysage, observant l&rsquo;infini de la mer et du ciel, comment l&rsquo;Homme a-t-il per\u00e7u l&rsquo;espace \u00e0 trois dimensions et le temps, la dur\u00e9e ? A quel moment de son \u00e9volution en a-t-il pris conscience ? A-t-il eu une perception s\u00e9par\u00e9e de l&rsquo;espace et du temps ? Les rythmes biologiques sont-ils apparus apr\u00e8s que l&rsquo;Homme eut pris conscience des rythmes zodiacaux, solaire, lunaire et nycth\u00e9m\u00e9raux ?<\/p>\n","protected":false},"author":1,"featured_media":0,"comment_status":"closed","ping_status":"closed","sticky":false,"template":"","format":"standard","meta":{"footnotes":""},"categories":[838],"tags":[229,839],"class_list":["post-6019","post","type-post","status-publish","format-standard","hentry","category-humbert-louis","tag-espace-temps","tag-terre"],"yoast_head":"<!-- This site is optimized with the Yoast SEO plugin v27.0 - https:\/\/yoast.com\/product\/yoast-seo-wordpress\/ -->\n<title>Terre symbole culturel par Louis Humbert - 3e mill\u00e9naire - Spiritualit\u00e9 - Connaissance de soi - Non-dualit\u00e9 - M\u00e9ditation<\/title>\n<meta name=\"robots\" content=\"index, follow, max-snippet:-1, max-image-preview:large, max-video-preview:-1\" \/>\n<link rel=\"canonical\" href=\"https:\/\/www.revue3emillenaire.com\/blog\/terre-symbole-culturel-par-louis-humbert\/\" \/>\n<meta property=\"og:locale\" content=\"fr_FR\" \/>\n<meta property=\"og:type\" content=\"article\" \/>\n<meta property=\"og:title\" content=\"Terre symbole culturel par Louis Humbert - 3e mill\u00e9naire - Spiritualit\u00e9 - Connaissance de soi - Non-dualit\u00e9 - M\u00e9ditation\" \/>\n<meta property=\"og:description\" content=\"Regardant le paysage, observant l&#039;infini de la mer et du ciel, comment l&#039;Homme a-t-il per\u00e7u l&#039;espace \u00e0 trois dimensions et le temps, la dur\u00e9e ? A quel moment de son \u00e9volution en a-t-il pris conscience ? A-t-il eu une perception s\u00e9par\u00e9e de l&#039;espace et du temps ? Les rythmes biologiques sont-ils apparus apr\u00e8s que l&#039;Homme eut pris conscience des rythmes zodiacaux, solaire, lunaire et nycth\u00e9m\u00e9raux ?\" \/>\n<meta property=\"og:url\" content=\"https:\/\/www.revue3emillenaire.com\/blog\/terre-symbole-culturel-par-louis-humbert\/\" \/>\n<meta property=\"og:site_name\" content=\"3e mill\u00e9naire - Spiritualit\u00e9 - Connaissance de soi - Non-dualit\u00e9 - M\u00e9ditation\" \/>\n<meta property=\"article:published_time\" content=\"2010-12-02T01:56:06+00:00\" \/>\n<meta property=\"article:modified_time\" content=\"2011-09-24T13:22:54+00:00\" \/>\n<meta name=\"author\" content=\"3e mill\u00e9naire\" \/>\n<meta name=\"twitter:card\" content=\"summary_large_image\" \/>\n<meta name=\"twitter:label1\" content=\"\u00c9crit par\" \/>\n\t<meta name=\"twitter:data1\" content=\"3e mill\u00e9naire\" \/>\n\t<meta name=\"twitter:label2\" content=\"Dur\u00e9e de lecture estim\u00e9e\" \/>\n\t<meta name=\"twitter:data2\" content=\"10 minutes\" \/>\n<script type=\"application\/ld+json\" class=\"yoast-schema-graph\">{\"@context\":\"https:\/\/schema.org\",\"@graph\":[{\"@type\":\"Article\",\"@id\":\"https:\/\/www.revue3emillenaire.com\/blog\/terre-symbole-culturel-par-louis-humbert\/#article\",\"isPartOf\":{\"@id\":\"https:\/\/www.revue3emillenaire.com\/blog\/terre-symbole-culturel-par-louis-humbert\/\"},\"author\":{\"name\":\"3e mill\u00e9naire\",\"@id\":\"https:\/\/www.revue3emillenaire.com\/blog\/#\/schema\/person\/9a3a7cc4ccaa707f402d4394327106d5\"},\"headline\":\"Terre symbole culturel par Louis Humbert\",\"datePublished\":\"2010-12-02T01:56:06+00:00\",\"dateModified\":\"2011-09-24T13:22:54+00:00\",\"mainEntityOfPage\":{\"@id\":\"https:\/\/www.revue3emillenaire.com\/blog\/terre-symbole-culturel-par-louis-humbert\/\"},\"wordCount\":2050,\"keywords\":[\"espace-temps\",\"Terre\"],\"articleSection\":[\"Humbert Louis\"],\"inLanguage\":\"fr-FR\"},{\"@type\":\"WebPage\",\"@id\":\"https:\/\/www.revue3emillenaire.com\/blog\/terre-symbole-culturel-par-louis-humbert\/\",\"url\":\"https:\/\/www.revue3emillenaire.com\/blog\/terre-symbole-culturel-par-louis-humbert\/\",\"name\":\"Terre symbole culturel par Louis Humbert - 3e mill\u00e9naire - Spiritualit\u00e9 - Connaissance de soi - Non-dualit\u00e9 - M\u00e9ditation\",\"isPartOf\":{\"@id\":\"https:\/\/www.revue3emillenaire.com\/blog\/#website\"},\"datePublished\":\"2010-12-02T01:56:06+00:00\",\"dateModified\":\"2011-09-24T13:22:54+00:00\",\"author\":{\"@id\":\"https:\/\/www.revue3emillenaire.com\/blog\/#\/schema\/person\/9a3a7cc4ccaa707f402d4394327106d5\"},\"breadcrumb\":{\"@id\":\"https:\/\/www.revue3emillenaire.com\/blog\/terre-symbole-culturel-par-louis-humbert\/#breadcrumb\"},\"inLanguage\":\"fr-FR\",\"potentialAction\":[{\"@type\":\"ReadAction\",\"target\":[\"https:\/\/www.revue3emillenaire.com\/blog\/terre-symbole-culturel-par-louis-humbert\/\"]}]},{\"@type\":\"BreadcrumbList\",\"@id\":\"https:\/\/www.revue3emillenaire.com\/blog\/terre-symbole-culturel-par-louis-humbert\/#breadcrumb\",\"itemListElement\":[{\"@type\":\"ListItem\",\"position\":1,\"name\":\"Accueil\",\"item\":\"https:\/\/www.revue3emillenaire.com\/blog\/\"},{\"@type\":\"ListItem\",\"position\":2,\"name\":\"Terre symbole culturel par Louis Humbert\"}]},{\"@type\":\"WebSite\",\"@id\":\"https:\/\/www.revue3emillenaire.com\/blog\/#website\",\"url\":\"https:\/\/www.revue3emillenaire.com\/blog\/\",\"name\":\"3e mill\u00e9naire - Spiritualit\u00e9 - Connaissance de soi - Non-dualit\u00e9 - M\u00e9ditation\",\"description\":\"L&#039;Homme en devenir\",\"potentialAction\":[{\"@type\":\"SearchAction\",\"target\":{\"@type\":\"EntryPoint\",\"urlTemplate\":\"https:\/\/www.revue3emillenaire.com\/blog\/?s={search_term_string}\"},\"query-input\":{\"@type\":\"PropertyValueSpecification\",\"valueRequired\":true,\"valueName\":\"search_term_string\"}}],\"inLanguage\":\"fr-FR\"},{\"@type\":\"Person\",\"@id\":\"https:\/\/www.revue3emillenaire.com\/blog\/#\/schema\/person\/9a3a7cc4ccaa707f402d4394327106d5\",\"name\":\"3e mill\u00e9naire\",\"url\":\"https:\/\/www.revue3emillenaire.com\/blog\/author\/admin\/\"}]}<\/script>\n<!-- \/ Yoast SEO plugin. -->","yoast_head_json":{"title":"Terre symbole culturel par Louis Humbert - 3e mill\u00e9naire - Spiritualit\u00e9 - Connaissance de soi - Non-dualit\u00e9 - M\u00e9ditation","robots":{"index":"index","follow":"follow","max-snippet":"max-snippet:-1","max-image-preview":"max-image-preview:large","max-video-preview":"max-video-preview:-1"},"canonical":"https:\/\/www.revue3emillenaire.com\/blog\/terre-symbole-culturel-par-louis-humbert\/","og_locale":"fr_FR","og_type":"article","og_title":"Terre symbole culturel par Louis Humbert - 3e mill\u00e9naire - Spiritualit\u00e9 - Connaissance de soi - Non-dualit\u00e9 - M\u00e9ditation","og_description":"Regardant le paysage, observant l'infini de la mer et du ciel, comment l'Homme a-t-il per\u00e7u l'espace \u00e0 trois dimensions et le temps, la dur\u00e9e ? A quel moment de son \u00e9volution en a-t-il pris conscience ? A-t-il eu une perception s\u00e9par\u00e9e de l'espace et du temps ? Les rythmes biologiques sont-ils apparus apr\u00e8s que l'Homme eut pris conscience des rythmes zodiacaux, solaire, lunaire et nycth\u00e9m\u00e9raux ?","og_url":"https:\/\/www.revue3emillenaire.com\/blog\/terre-symbole-culturel-par-louis-humbert\/","og_site_name":"3e mill\u00e9naire - Spiritualit\u00e9 - Connaissance de soi - Non-dualit\u00e9 - M\u00e9ditation","article_published_time":"2010-12-02T01:56:06+00:00","article_modified_time":"2011-09-24T13:22:54+00:00","author":"3e mill\u00e9naire","twitter_card":"summary_large_image","twitter_misc":{"\u00c9crit par":"3e mill\u00e9naire","Dur\u00e9e de lecture estim\u00e9e":"10 minutes"},"schema":{"@context":"https:\/\/schema.org","@graph":[{"@type":"Article","@id":"https:\/\/www.revue3emillenaire.com\/blog\/terre-symbole-culturel-par-louis-humbert\/#article","isPartOf":{"@id":"https:\/\/www.revue3emillenaire.com\/blog\/terre-symbole-culturel-par-louis-humbert\/"},"author":{"name":"3e mill\u00e9naire","@id":"https:\/\/www.revue3emillenaire.com\/blog\/#\/schema\/person\/9a3a7cc4ccaa707f402d4394327106d5"},"headline":"Terre symbole culturel par Louis Humbert","datePublished":"2010-12-02T01:56:06+00:00","dateModified":"2011-09-24T13:22:54+00:00","mainEntityOfPage":{"@id":"https:\/\/www.revue3emillenaire.com\/blog\/terre-symbole-culturel-par-louis-humbert\/"},"wordCount":2050,"keywords":["espace-temps","Terre"],"articleSection":["Humbert Louis"],"inLanguage":"fr-FR"},{"@type":"WebPage","@id":"https:\/\/www.revue3emillenaire.com\/blog\/terre-symbole-culturel-par-louis-humbert\/","url":"https:\/\/www.revue3emillenaire.com\/blog\/terre-symbole-culturel-par-louis-humbert\/","name":"Terre symbole culturel par Louis Humbert - 3e mill\u00e9naire - Spiritualit\u00e9 - Connaissance de soi - Non-dualit\u00e9 - M\u00e9ditation","isPartOf":{"@id":"https:\/\/www.revue3emillenaire.com\/blog\/#website"},"datePublished":"2010-12-02T01:56:06+00:00","dateModified":"2011-09-24T13:22:54+00:00","author":{"@id":"https:\/\/www.revue3emillenaire.com\/blog\/#\/schema\/person\/9a3a7cc4ccaa707f402d4394327106d5"},"breadcrumb":{"@id":"https:\/\/www.revue3emillenaire.com\/blog\/terre-symbole-culturel-par-louis-humbert\/#breadcrumb"},"inLanguage":"fr-FR","potentialAction":[{"@type":"ReadAction","target":["https:\/\/www.revue3emillenaire.com\/blog\/terre-symbole-culturel-par-louis-humbert\/"]}]},{"@type":"BreadcrumbList","@id":"https:\/\/www.revue3emillenaire.com\/blog\/terre-symbole-culturel-par-louis-humbert\/#breadcrumb","itemListElement":[{"@type":"ListItem","position":1,"name":"Accueil","item":"https:\/\/www.revue3emillenaire.com\/blog\/"},{"@type":"ListItem","position":2,"name":"Terre symbole culturel par Louis Humbert"}]},{"@type":"WebSite","@id":"https:\/\/www.revue3emillenaire.com\/blog\/#website","url":"https:\/\/www.revue3emillenaire.com\/blog\/","name":"3e mill\u00e9naire - Spiritualit\u00e9 - Connaissance de soi - Non-dualit\u00e9 - M\u00e9ditation","description":"L&#039;Homme en devenir","potentialAction":[{"@type":"SearchAction","target":{"@type":"EntryPoint","urlTemplate":"https:\/\/www.revue3emillenaire.com\/blog\/?s={search_term_string}"},"query-input":{"@type":"PropertyValueSpecification","valueRequired":true,"valueName":"search_term_string"}}],"inLanguage":"fr-FR"},{"@type":"Person","@id":"https:\/\/www.revue3emillenaire.com\/blog\/#\/schema\/person\/9a3a7cc4ccaa707f402d4394327106d5","name":"3e mill\u00e9naire","url":"https:\/\/www.revue3emillenaire.com\/blog\/author\/admin\/"}]}},"_links":{"self":[{"href":"https:\/\/www.revue3emillenaire.com\/blog\/wp-json\/wp\/v2\/posts\/6019","targetHints":{"allow":["GET"]}}],"collection":[{"href":"https:\/\/www.revue3emillenaire.com\/blog\/wp-json\/wp\/v2\/posts"}],"about":[{"href":"https:\/\/www.revue3emillenaire.com\/blog\/wp-json\/wp\/v2\/types\/post"}],"author":[{"embeddable":true,"href":"https:\/\/www.revue3emillenaire.com\/blog\/wp-json\/wp\/v2\/users\/1"}],"replies":[{"embeddable":true,"href":"https:\/\/www.revue3emillenaire.com\/blog\/wp-json\/wp\/v2\/comments?post=6019"}],"version-history":[{"count":0,"href":"https:\/\/www.revue3emillenaire.com\/blog\/wp-json\/wp\/v2\/posts\/6019\/revisions"}],"wp:attachment":[{"href":"https:\/\/www.revue3emillenaire.com\/blog\/wp-json\/wp\/v2\/media?parent=6019"}],"wp:term":[{"taxonomy":"category","embeddable":true,"href":"https:\/\/www.revue3emillenaire.com\/blog\/wp-json\/wp\/v2\/categories?post=6019"},{"taxonomy":"post_tag","embeddable":true,"href":"https:\/\/www.revue3emillenaire.com\/blog\/wp-json\/wp\/v2\/tags?post=6019"}],"curies":[{"name":"wp","href":"https:\/\/api.w.org\/{rel}","templated":true}]}}