{"id":6150,"date":"2010-12-21T03:25:49","date_gmt":"2010-12-21T02:25:49","guid":{"rendered":"http:\/\/pro.ovh.net\/~emillena\/blog\/?p=6150"},"modified":"2011-09-20T03:23:24","modified_gmt":"2011-09-20T02:23:24","slug":"les-%c2%ab-nouveaux-%c2%bb-philosophes-entre-le-goulag-et-la-cigue-par-aime-michel","status":"publish","type":"post","link":"https:\/\/www.revue3emillenaire.com\/blog\/les-%c2%ab-nouveaux-%c2%bb-philosophes-entre-le-goulag-et-la-cigue-par-aime-michel\/","title":{"rendered":"Les \u00ab nouveaux \u00bb philosophes entre le goulag et la cigu\u00eb  par Aim\u00e9 Michel"},"content":{"rendered":"<p style=\"text-align: justify;\">(Revue Question De. N<sup>o<\/sup> 21. Novembre-D\u00e9cembre 1977)<\/p>\n<p style=\"text-align: justify;\">\n<p style=\"text-align: justify;\"><strong>Les nouveaux philosophes ont fait couler beaucoup d&rsquo;encre. Beaucoup trop peut-\u00eatre. Ils d\u00e9noncent l&rsquo;id\u00e9ologie, d\u00e9masquent la barbarie, d\u00e9montent un syst\u00e8me install\u00e9, critiquent, temp\u00eatent&#8230; mais apr\u00e8s ? Des voix isol\u00e9es (celle d&rsquo;Arthur Koestler par exemple) criaient depuis longtemps la m\u00eame chose mais il se trouvait peu d&rsquo;oreilles pour les \u00e9couter. Pourquoi donc les livres des nouveaux philosophes sont-ils devenus malgr\u00e9 leur jargon des best-sellers ? Qu&rsquo;est-ce qui a chang\u00e9 ? D\u00e9noncer le goulag n&rsquo;est pas suffisant. Que construisent-ils ? Que proposent-ils ? Aim\u00e9 Michel qui voit poindre chez les physiciens la v\u00e9ritable nouvelle philosophie <\/strong><strong>ne voit l\u00e0 rien de nouveau : rien qu&rsquo;un retour \u00e0 la cigu\u00eb socratique.<\/strong><\/p>\n<p style=\"text-align: justify;\">\n<p style=\"text-align: justify;\">Si j&rsquo;en avais la patience, j&rsquo;\u00e9crirais un gros livre sur l&rsquo;id\u00e9e suivante, qui me pla\u00eet beaucoup, quoique pas plus que quelques autres tout aussi plausibles : tous les grands \u00e9v\u00e9nements depuis la fin du XVIII<sup>e<\/sup> si\u00e8cle ont pour cause unique la pomme de terre.<\/p>\n<p style=\"text-align: justify;\">\n<p style=\"text-align: justify;\">Sans la pomme de terre, on aurait continu\u00e9 de crever comme des mouches dans les campagnes d&rsquo;Europe. La r\u00e9volution industrielle en Angleterre n&rsquo;aurait pu puiser la foule de ses ouvriers dans les familles paysannes exsangues. La France n&rsquo;aurait pas dispos\u00e9 d&rsquo;innombrables soldats de l&rsquo;An II. Napol\u00e9on aurait \u00e9crit (en vers) l&rsquo;\u00e9pop\u00e9e qui manque \u00e0 notre litt\u00e9rature. Rousseau serait aussi c\u00e9l\u00e8bre que Vico <a id=\"ftnref1\" href=\"#ftn1\">[1]<\/a>, que personne n&rsquo;a lu et qui est mort du chagrin de n&rsquo;\u00eatre cru de personne quand il d\u00e9montrait, avec autant de g\u00e9nie que Jean-Jacques, que l&rsquo;homme na\u00eet b\u00eate et m\u00e9chant, et que la soci\u00e9t\u00e9 le civilise. L&rsquo;ouvrier, esp\u00e8ce rare, e\u00fbt \u00e9t\u00e9 hors de prix pendant tout le XIX<sup>e<\/sup> si\u00e8cle. Karl Marx aurait consacr\u00e9 ses douze volumes illisibles \u00e0 proph\u00e9tiser la victoire finale de la classe des petits patrons opprim\u00e9s par les tout-puissants syndicats ouvriers. L&rsquo;Am\u00e9rique, priv\u00e9e de l&rsquo;avalanche irlandaise, serait peupl\u00e9e de centaines de millions de vaches gard\u00e9es au Nord par les Indiens et au Sud par les Noirs. Personne n&rsquo;aurait jamais d\u00e9couvert que l&rsquo;existence pr\u00e9c\u00e8de l&rsquo;essence, que Dieu est mort, et que l&rsquo;univers est absurde. L&rsquo;Europe serait convertie \u00e0 l&rsquo;id\u00e9ologie de la puissance dominante, c&rsquo;est-\u00e0-dire \u00e0 l&rsquo;\u00c9vangile de saint Jean propag\u00e9 par la Sainte-Rome orthodoxe du Nord, le pape serait pope, mari\u00e9, barbu, p\u00e8re de nombreux enfants et petits-enfants.<\/p>\n<p style=\"text-align: justify;\">\n<p style=\"text-align: justify;\">Mais il y a eu la pomme de terre, Napol\u00e9on n&rsquo;a \u00e9crit que le Souper de Beaucaire, et son grand vacarme a donn\u00e9 du poids \u00e0 quelques-unes de ses petites phrases, dont la plus creuse est que \u00ab les id\u00e9es m\u00e8nent le monde \u00bb.<\/p>\n<p style=\"text-align: justify;\">\n<p style=\"text-align: justify;\">Les id\u00e9es ne m\u00e8nent rien du tout, car, \u00e0 chaque moment de l&rsquo;Histoire, toutes les id\u00e9es recevables, ainsi que leurs r\u00e9futations, sont propos\u00e9es par quelqu&rsquo;un. Les avis\u00e9s puisent ici ou l\u00e0 selon leurs besoins pour d\u00e9guiser en projet leur utilisation int\u00e9ress\u00e9e des \u00e9v\u00e9nements : \u00ab Ces hasards nous d\u00e9passent, feignons d&rsquo;en \u00eatre les organisateurs. \u00bb \u00ab Ma foi, r\u00e9pondait un diplomate am\u00e9ricain interrog\u00e9 sur la r\u00e9volution culturelle chinoise, ma foi, je n&rsquo;y comprends rien, mais cela ne me tracasse gu\u00e8re, car Mao non plus n&rsquo;y comprend rien. \u00bb<\/p>\n<p style=\"text-align: justify;\">\n<p style=\"text-align: justify;\"><strong>Les id\u00e9es : on en fait grande consommation, mais qu&rsquo;est-ce qu&rsquo;une id\u00e9e ?<\/strong><\/p>\n<p style=\"text-align: justify;\">\n<p style=\"text-align: justify;\">Mais peut-\u00eatre faudrait-il se demander ce que c&rsquo;est qu&rsquo;une id\u00e9e ? Feynman, le physicien th\u00e9oricien, affirme que c&rsquo;est ce qu&rsquo;il y a de moins cher, qu&rsquo;on en fait en science une consommation \u00e9norme, qu&rsquo;il faut en essayer mille pour en trouver une qui serve, et encore, pour un temps. Bien entendu, on jette au rebut les 999 autres, qui sont souvent tr\u00e8s belles, tr\u00e8s compliqu\u00e9es, et sur lesquelles un homme et g\u00e9n\u00e9ralement plusieurs ont m\u00e9dit\u00e9 des ann\u00e9es durant. On se rappelle aussi Lorenz disant qu&rsquo;en se levant chaque matin il commence, comme d&rsquo;autres font leur gymnastique, par d\u00e9fenestrer ses deux ou trois derni\u00e8res id\u00e9es favorites <a id=\"ftnref2\" href=\"#ftn2\">[2]<\/a>.<\/p>\n<p style=\"text-align: justify;\">\n<p style=\"text-align: justify;\">Oui, alors, qu&rsquo;est-ce qu&rsquo;une id\u00e9e ?<\/p>\n<p style=\"text-align: justify;\">\n<p style=\"text-align: justify;\">Le philosophe anglais Popper dit qu&rsquo;il faut distinguer entre celles dont l&rsquo;\u00e9nonc\u00e9 porte en lui-m\u00eame le moyen de reconna\u00eetre s&rsquo;il faut la retenir ou la jeter par la fen\u00eatre, et les autres. Les premi\u00e8res sont les id\u00e9es scientifiques. Exemple : la vitesse d&rsquo;un corps qui tombe est un multiple du temps depuis lequel il tombe. Vrai ou faux ? Pour le savoir, il suffit de faire ce que fit Galil\u00e9e : jeter un caillou du haut de la Tour de Pise. Le principe de cette v\u00e9rification est donn\u00e9 dans l&rsquo;\u00e9nonc\u00e9. Ce qui frappe tout esprit un peu philosophique, c&rsquo;est que cette id\u00e9e sur la fa\u00e7on dont une pierre tombe est une id\u00e9e b\u00eate, une id\u00e9e comme en ont les enfants quand ils jouent. Elle n&rsquo;\u00e9claire en rien aucun des probl\u00e8mes que se pose tout homme soucieux de sa destin\u00e9e et de celle de l&rsquo;esp\u00e8ce humaine. Quelle importance que la vitesse soit un multiple du temps ?<\/p>\n<p style=\"text-align: justify;\">\n<p style=\"text-align: justify;\">Cependant, je fais deux remarques.<\/p>\n<p style=\"text-align: justify;\">La premi\u00e8re est que pour arriver \u00e0 \u00e9noncer cette id\u00e9e b\u00eate, il a fallu r\u00e9fl\u00e9chir deux mille ans, d&rsquo;Aristote \u00e0 Galil\u00e9e. Peut-\u00eatre n&rsquo;est-elle pas si b\u00eate qu&rsquo;elle en a l\u2019air, cette id\u00e9e qui ne vint ni \u00e0 Archim\u00e8de, ni \u00e0 Roger Bacon, ni \u00e0 aucun des grands esprits du Moyen Age qui dissert\u00e8rent \u00e0 perdre haleine sur le mouvement, ni \u00e0 Tycho Brahe, ni \u00e0 Copernic, ni \u00e0 Kepler ? Il ne faut peut-\u00eatre pas sous-estimer les id\u00e9es \u00ab b\u00eates \u00bb.<\/p>\n<p style=\"text-align: justify;\">\n<p style=\"text-align: justify;\">La deuxi\u00e8me est que si vous et moi sommes encore en vie, c&rsquo;est notamment gr\u00e2ce au t\u00e9l\u00e9phone rouge reliant la Maison-Blanche au Kremlin, que ce t\u00e9l\u00e9phone fonctionne gr\u00e2ce \u00e0 un satellite de communication, et que l&rsquo;installation de ce satellite sur son orbite est impossible si l&rsquo;on ne sait pas que la vitesse d&rsquo;un corps qui tombe est un multiple du temps.<\/p>\n<p style=\"text-align: justify;\">\n<p style=\"text-align: justify;\">Alors, n&rsquo;y aurait-il pas un malentendu quelque part dans le bruit que nous faisons aux id\u00e9es ?<\/p>\n<p style=\"text-align: justify;\"><strong> <\/strong><\/p>\n<p style=\"text-align: justify;\"><strong>\u00ab Le Contrat social \u00bb de Rousseau : un trompe-l\u2019\u0153il<\/strong><\/p>\n<p style=\"text-align: justify;\">\n<p style=\"text-align: justify;\">Reprenons l&rsquo;exemple de Vico et de Rousseau. Dans sa Scienza Nuova, passionn\u00e9ment \u00e9crite et r\u00e9\u00e9crite tout au long de sa vie dans l&rsquo;espoir qu&rsquo;enfin le public le prendrait au s\u00e9rieux, nous voyons bien que Vico a magnifiquement proph\u00e9tis\u00e9 le XIX<sup>e<\/sup> si\u00e8cle, et m\u00eame le XX<sup>e<\/sup>, et peut-\u00eatre un avenir qui nous \u00e9chappe encore. Il s&rsquo;est \u00e9lev\u00e9 au-dessus des si\u00e8cles en racontant un mod\u00e8le historique du destin des peuples, des id\u00e9es et des civilisations, mod\u00e8le que son avenir, c&rsquo;est-\u00e0-dire notre pass\u00e9 (il est mort en 1744), s&rsquo;est plu \u00e0 r\u00e9aliser. Kant, Hegel, et m\u00eame L\u00e9vi-Strauss sont pr\u00e9vus par son syst\u00e8me. L&rsquo;histoire de l&rsquo;U.R.S.S. est une caricature acc\u00e9l\u00e9r\u00e9e de ce qu&rsquo;il appelle le \u00ab cours \u00bb et le \u00ab d\u00e9cours \u00bb des civilisations.<\/p>\n<p style=\"text-align: justify;\">\n<p style=\"text-align: justify;\">Cependant, quand l&rsquo;Histoire brusquement s&#8217;emballa peu apr\u00e8s sa mort comme pour illustrer ses th\u00e9ories, qui donc les avis\u00e9s se mirent-ils \u00e0 citer pour feindre d&rsquo;organiser les \u00e9v\u00e9nements et se faire porter par eux ? Non pas Vico, o\u00f9 \u00e9tait annonc\u00e9 leur destin, mais l&rsquo;anti-Vico, Jean-Jacques, r\u00e9fut\u00e9 par les faits sur toute la ligne, dont le Contrat social fournissait, tout fait, le trompe-l\u2019\u0153il qu&rsquo;il fallait pour travestir et dissimuler un futur effrayant, pour asservir au nom de la libert\u00e9, dominer au nom de l\u00e9galit\u00e9, guillotiner au nom de la fraternit\u00e9, le tout sans \u00e9tonner personne, et m\u00eame dans l&rsquo;enthousiasme g\u00e9n\u00e9ral.<\/p>\n<p style=\"text-align: justify;\">\n<p style=\"text-align: justify;\">Les id\u00e9es ne m\u00e8nent rien. Mais gr\u00e2ce \u00e0 elles, l&rsquo;Histoire s&rsquo;avance masqu\u00e9e, comme Descartes. Napol\u00e9on, qui ne craignait pas de se contredire, m\u00e9prisait les id\u00e9ologues ! Il avait naturellement raison dans les deux cas : c&rsquo;est gr\u00e2ce \u00e0 des id\u00e9es qu&rsquo;il sut se faire porter par l&rsquo;Histoire ; mais quant aux lois r\u00e9elles (si elles existent) qui eurent pour effets la R\u00e9volution et l&rsquo;Empire, qui les conna\u00eet ? A la source de son syst\u00e8me, l&rsquo;archi-rationaliste Vico mettait, imp\u00e9n\u00e9trable, la Providence !<\/p>\n<p style=\"text-align: justify;\">\n<p style=\"text-align: justify;\">Le corpus des id\u00e9ologies historiques, c&rsquo;est le Catalogue des armes et cycles de Saint-Etienne (surtout des armes). Faites-nous part de vos projets, surtout les plus horribles, nous avons pour les justifier tout ce qu&rsquo;il faut en magasin. Ceux qui croient pouvoir se passer de nous sont des ballots : regardez Amin Dada ! Qu&rsquo;est-ce qui l&rsquo;a perdu dans la consid\u00e9ration universelle ? D&rsquo;\u00eatre un tueur ? Non. D&rsquo;\u00eatre un illettr\u00e9. Que n&rsquo;a-t-il consult\u00e9 notre Catalogue avant d&rsquo;assassiner ?<\/p>\n<p style=\"text-align: justify;\">\n<p style=\"text-align: justify;\">De Platon \u00e0 Marx, les id\u00e9ologues ont d&rsquo;avance fourni toutes les justifications. Imaginez Amin Dada se r\u00e9f\u00e9rant \u00e0 la R\u00e9publique de Platon, ou \u00e0 la Naissance d&rsquo;une Soci\u00e9t\u00e9 Transparente avant chaque massacre. Il aurait une cour d&rsquo;intellectuels pour d\u00e9chiffrer le moindre de ses gestes, un \u00e9diteur au Quartier latin pour recueillir, publier et commenter ses oracles, une phalange de dynamiteros pour terroriser ses objecteurs. Mais Amin Dada n&rsquo;est qu&rsquo;un caporal ignare. L&rsquo;autre caporal, celui d&rsquo;Oradour et des camps d&rsquo;extermination, avait eu le flair d&rsquo;au moins faire donner quelques philosophes, pas fameux il est vrai. Je crois que si ses philosophes ne furent pas fameux, c&rsquo;est que la Providence de Vico ne l&rsquo;avait pas destin\u00e9 \u00e0 un long usage. Car voyez l&rsquo;autre, celui qui l&rsquo;a enterr\u00e9, ainsi que soixante millions de malheureux qui n&rsquo;y \u00e9taient pour rien, l&rsquo;ex-s\u00e9minariste g\u00e9orgien qui continue d&rsquo;exterminer massivement post mortem sous divers avatars. Manque-t-il de d\u00e9chiffreurs pour nous prouver qu&rsquo;au Cambodge, au Vi\u00eat-Nam, en \u00c9thiopie, etc., ce n&rsquo;est pas pareil ?<\/p>\n<p style=\"text-align: justify;\">Il est vrai, nous y venons, et cela c&rsquo;est la sensationnelle nouveaut\u00e9 de notre temps, que, depuis quelques ann\u00e9es, le Catalogue fait son Vatican II. Le myst\u00e9rieux Tireur de Ficelles de Vico, qui invente \u00e0 point la pomme de terre et les syst\u00e8mes philosophiques dont l&rsquo;Histoire a besoin pour s&rsquo;avancer masqu\u00e9e sur un tapis de cadavres, a entrepris, tout simplement, de dynamiter le Catalogue.<\/p>\n<p style=\"text-align: justify;\">\n<p style=\"text-align: justify;\">Les artificiers de cette d\u00e9molition, ce sont les nouveaux philosophes.<\/p>\n<p style=\"text-align: justify;\">\n<p style=\"text-align: justify;\"><strong>Le premier devoir de tout philosophe : abjurer l&rsquo;id\u00e9ologie<\/strong><\/p>\n<p style=\"text-align: justify;\">\n<p style=\"text-align: justify;\">Ce que disent les \u00ab nouveaux philosophes \u00bb est tr\u00e8s important, non pas parce que cela va changer l&rsquo;Histoire, mais parce que cela montre que l&rsquo;Histoire a chang\u00e9.<\/p>\n<p style=\"text-align: justify;\">\n<p style=\"text-align: justify;\">Et que disent-ils, tous, m\u00eame lorsqu&rsquo;ils se contredisent ? Dans leur abstruse langue d&rsquo;Ecole, que le premier devoir du philosophe est d\u00e9sormais d&rsquo;abjurer toute id\u00e9ologie, de lui retirer l&rsquo;alibi de l&rsquo;intelligence couch\u00e9e, de d\u00e9masquer partout la tyrannie, de montrer partout le tyran pour ce qu&rsquo;il est, une b\u00eate brute, de refuser d&rsquo;\u00eatre \u00e0 nouveau la dupe des discours imp\u00e9rialistes et totalitaires, de lutter contre les mod\u00e8les unidimensionnels <a id=\"ftnref3\" href=\"#ftn3\">[3]<\/a>. Jean-Edern Hallier, autre vedette de la \u00ab nouvelle philosophie \u00bb : Le contrepouvoir de la pens\u00e9e&#8230; (doit servir) d&rsquo;instance critique, de l\u00e9gislation parall\u00e8le <a id=\"ftnref4\" href=\"#ftn4\">[4]<\/a>. Christian Jambet : &#8230; Si la haine de la pens\u00e9e, si la haine du ma\u00eetre doivent mener \u00e0 un ma\u00eetre pire encore, \u00e0 un ma\u00eetre barbare, alors mieux vaut prot\u00e9ger le ma\u00eetre lib\u00e9ral <a id=\"ftnref5\" href=\"#ftn5\">[5]<\/a>&#8230; Jean-Paul Doll\u00e9 : En 68, j&rsquo;ai compris que l&rsquo;id\u00e9ologie est un mensonge <a id=\"ftnref6\" href=\"#ftn6\">[6]<\/a>.<\/p>\n<p style=\"text-align: justify;\">\n<p style=\"text-align: justify;\">Du m\u00eame pas les nouveaux philosophes r\u00e9habilitent la philosophie, et m\u00eame la m\u00e9taphysique, que leurs a\u00een\u00e9s imm\u00e9diats avaient pr\u00e9matur\u00e9ment d\u00e9clar\u00e9es mortes. Les \u00ab nuages de la technocratie \u00bb et les \u00ab dogmatismes politiques \u00bb sont contraires \u00e0 la fra\u00eecheur toujours recommenc\u00e9e de l&rsquo;interrogation philosophique, \u00e9crit Jean-Marie Benoist dans l&rsquo;avant-propos de sa <em>Tyrannie du Logos<\/em> ; ce qu&rsquo;il s&rsquo;agit de d\u00e9fendre contre la mise en condition op\u00e9r\u00e9e par les savoirs sp\u00e9cialis\u00e9s, contre les techniques du maniement des hommes, m\u00e9dias compris, c&rsquo;est l&rsquo;ouverture d&rsquo;un champ o\u00f9 une certaine interrogation, un certain pouvoir d&rsquo;\u00e9tonnement puissent encore avoir cours.<\/p>\n<p style=\"text-align: justify;\">\n<p style=\"text-align: justify;\">Il faut savoir reconna\u00eetre ses erreurs : quand, depuis des ann\u00e9es, je n&rsquo;avais cess\u00e9 de trouver et retrouver, sign\u00e9 par des philosophes, l&rsquo;acte de d\u00e9c\u00e8s de la philosophie, rendue \u00e0 son n\u00e9ant, nous affirmait-on, par Marx et Freud, ma foi, je m&rsquo;\u00e9tais laiss\u00e9 convaincre. Non pas convaincre que la philosophie \u00e9tait morte, au contraire <a id=\"ftnref7\" href=\"#ftn7\">[7]<\/a>, mais bien les philosophes, irr\u00e9m\u00e9diablement recycl\u00e9s dans le verbiage politique <a id=\"ftnref8\" href=\"#ftn8\">[8]<\/a>.<\/p>\n<p style=\"text-align: justify;\">\n<p style=\"text-align: justify;\"><strong>Ce n&rsquo;est pas Dieu qui est mort, c&rsquo;est Marx<\/strong><\/p>\n<p style=\"text-align: justify;\">\n<p style=\"text-align: justify;\">Ils ne se sont pas recycl\u00e9s, ils se sont r\u00e9volt\u00e9s. L&rsquo;opium du peuple, dit l&rsquo;un, c&rsquo;est Marx. Ce n&rsquo;est pas Dieu qui est mort, dit un autre, c&rsquo;est Marx. Et bien s\u00fbr, il faut citer Maurice Clavel comme le plus \u00e9loquent parmi ces r\u00e9volt\u00e9s, qui le sont tous remarquablement. Aucun encore, semble-t-il, n&rsquo;a compris que Freud, par son syst\u00e8me de d\u00e9chiffrement verbal automatique qui tarit toute question en vous expliquant pourquoi vous questionnez, est plus encore que Marx leur ennemi personnel. Aucun surtout ne semble savoir que la science a retrouv\u00e9 le monde de l&rsquo;esprit par la voie royale, celle de la d\u00e9marche rigoureuse, math\u00e9matique et exp\u00e9rimentale <a id=\"ftnref9\" href=\"#ftn9\">[9]<\/a>.<\/p>\n<p style=\"text-align: justify;\">\n<p style=\"text-align: justify;\">Ce qu&rsquo;ils disent n&rsquo;est donc pas encore tr\u00e8s int\u00e9ressant en soi. Ils ne font gu\u00e8re que red\u00e9couvrir Platon, Socrate ou les pr\u00e9-socratiques, et toujours dans une vision politique. Mais ils sont un signe, chacun \u00e0 sa fa\u00e7on est un signe, et comme je le disais, signe que l&rsquo;Histoire a chang\u00e9 son cours.<\/p>\n<p style=\"text-align: justify;\">\n<p style=\"text-align: justify;\"><strong>Comment expliquer le succ\u00e8s des \u00ab nouveaux philosophes \u00bb<\/strong><\/p>\n<p style=\"text-align: justify;\">\n<p style=\"text-align: justify;\">C&rsquo;est pourquoi je m&rsquo;\u00e9tonne qu&rsquo;un journaliste aussi averti que Pierre Viansson-Pont\u00e9 se moque d&rsquo;eux dans sa pr\u00e9face \u00e0 un floril\u00e8ge de leurs d\u00e9clarations recueilli par Jacques Paugam <a id=\"ftnref10\" href=\"#ftn10\">[10]<\/a>. Lisez-les, dit-il, ils sont irr\u00e9sistibles.<\/p>\n<p style=\"text-align: justify;\">\n<p style=\"text-align: justify;\">Irr\u00e9sistibles ? Mais pourquoi leurs livres difficiles \u00e0 lire <a id=\"ftnref11\" href=\"#ftn11\">[11]<\/a> sont-ils des best-sellers ? Et avant de se faire lire (massivement), comment diable ont-ils pu se faire \u00e9diter ? Imagine-t-on un intellectuel annon\u00e7ant la mort de Marx, il y a dix ans, et pris par un comit\u00e9 de lecture \u00ab s\u00e9rieux \u00bb ? Ou un professeur de philosophie \u00ab engag\u00e9 \u00bb \u00e0 l&rsquo;extr\u00eame gauche montrant, comme Bernard-Henri L\u00e9vy, que le concept de prol\u00e9tariat au pouvoir, c&rsquo;est tr\u00e8s vite et n\u00e9cessairement la farce sinistre des chars \u00e0 Budapest et \u00e0 Prague, car le concept de prol\u00e9tariat en tant que classe individualis\u00e9e \u00e0 vocation subversive est une imposture ? Impensable.<\/p>\n<p style=\"text-align: justify;\">\n<p style=\"text-align: justify;\">De tels propos pouvaient bien \u00eatre tenus, mais seulement \u00e0 droite, nous disait-on. Or, ces jeunes gens ont fait Mai 68, couru les maquis sud-am\u00e9ricains, soutenu l&rsquo;insurrection alg\u00e9rienne. Cela non plus n&rsquo;a aucune importance en soi (selon moi). Ils ne sont qu&rsquo;une poign\u00e9e, et l&rsquo;on peut toujours, comme le suppose Pierre Viansson-Pont\u00e9, rassembler une petite troupe de jeunes gens pas s\u00e9rieux. Mais les rassembler n&rsquo;est rien. Reste l&rsquo;\u00e9nigme : pourquoi les lit-on ? Pourquoi tant de gens se sentent-ils soulag\u00e9s de voir enfin \u00e9crit noir sur blanc, par de nouveaux ma\u00eetres certifi\u00e9s, le contraire de ce que les vieux ma\u00eetres unanimes nous assenaient depuis des lustres ? D&rsquo;apprendre par des philosophes ayant pignon sur rue qu&rsquo;un g\u00e9nocide est tout b\u00eatement un g\u00e9nocide, m\u00eame s&rsquo;il s&rsquo;accomplit en Russie ou au Cambodge ? Que l&rsquo;interrogation sur la destin\u00e9e personnelle n&rsquo;est pas forc\u00e9ment une man\u0153uvre de l&rsquo;ennemi pour nous d\u00e9tourner des vrais probl\u00e8mes ? et quel ennemi, d&rsquo;abord ? et que le futur n&rsquo;a peut-\u00eatre pas \u00e9t\u00e9 une fois et pour jamais d\u00e9crit par un journaliste illisible et barbu, mort avant l&rsquo;invention du t\u00e9l\u00e9phone ?<\/p>\n<p style=\"text-align: justify;\">\n<p style=\"text-align: justify;\"><strong>Une r\u00e9volte contre la barbarie d\u00e9guis\u00e9e<\/strong><\/p>\n<p style=\"text-align: justify;\">\n<p style=\"text-align: justify;\">Oui, pourquoi ?<\/p>\n<p style=\"text-align: justify;\">Parce que dans le secret de l&rsquo;Histoire, que seuls les d\u00e9rang\u00e9s du ciboulot croient conna\u00eetre, il s&rsquo;est pass\u00e9 quelque chose. Un virage qui, soudain, donne aux trompe-l\u2019\u0153il o\u00f9 l&rsquo;on voulait nous endormir comme un coup de vieux.<\/p>\n<p style=\"text-align: justify;\">\n<p style=\"text-align: justify;\">J&rsquo;ai rouvert quelques livres pr\u00eacheurs du d\u00e9but de cette d\u00e9cennie. Comme ils ont s\u00e9ch\u00e9 ! C&rsquo;\u00e9tait hier, et c&rsquo;est aussi fan\u00e9 qu&rsquo;un uniforme de la Marne. Pourtant on s&rsquo;est fait tuer l\u00e0-dedans. Fini ! La barbarie d\u00e9masqu\u00e9e aura sans doute encore ses soldats, car certains l&rsquo;aiment telle qu&rsquo;elle est, stupide, tortionnaire, sanglante. On le sait, du moins ceux de mon \u00e2ge, qui l&rsquo;ont vue \u00e0 l&rsquo;\u0153uvre. Mais les autres, ceux qui nous exhortaient \u00e0 mourir pour la barbarie d\u00e9guis\u00e9e en libert\u00e9, ceux-l\u00e0 ont compris et d\u00e9sert\u00e9 ! Et maintenant ils appellent \u00e0 la r\u00e9volte contre elle !<\/p>\n<p style=\"text-align: justify;\">\n<p style=\"text-align: justify;\">Koestler disait cela d\u00e8s 1943, mais il parlait quasiment seul, sous les hu\u00e9es de l&rsquo;intelligentsia bien pensante. Voici le nouveau : eux, on les \u00e9coute, L&rsquo;Histoire, en profondeur, a chang\u00e9 de cap.<\/p>\n<p style=\"text-align: justify;\">\n<p style=\"text-align: justify;\">Encore n&rsquo;est-ce pas le plus important, quoi qu&rsquo;ils en disent eux-m\u00eames, quoi qu&rsquo;ils en pensent.<\/p>\n<p style=\"text-align: justify;\">\n<p style=\"text-align: justify;\">Qu&rsquo;il se trouve de jeunes esprits imaginatifs pour fournir \u00e0 point au Tireur de Ficelles les id\u00e9es que le moment requiert, c&rsquo;est la r\u00e8gle. Que ce moment soit une grande date, c&rsquo;est certain. Depuis combien de temps ne pouvait-on s&rsquo;\u00e9lever en France contre la tyrannie populaire sans \u00eatre soup\u00e7onn\u00e9 de pr\u00e9parer la tyrannie adverse ? Depuis Voltaire. Le mot \u00ab populaire \u00bb consacrait tout : comment en effet, e\u00fbt-on \u00e9t\u00e9 \u00ab contre le peuple \u00bb ? Les \u00ab nouveaux philosophes \u00bb ont montr\u00e9 de vingt fa\u00e7ons diff\u00e9rentes, se fondant sur les faits les mieux av\u00e9r\u00e9s de ce si\u00e8cle, que toute classe (si ce mot signifie encore quelque chose), que toute collectivit\u00e9 d&rsquo;hommes, m\u00eame la plus malheureuse, m\u00eame la plus frustr\u00e9e de justice, si elle se donne un pouvoir et si ce pouvoir n&rsquo;est pas partag\u00e9, ce ne peut \u00eatre qu&rsquo;une tyrannie, et qui, tout aussit\u00f4t, se met \u00e0 les d\u00e9vorer.<\/p>\n<p style=\"text-align: justify;\">\n<p style=\"text-align: justify;\">La tyrannie populaire d\u00e9vore d&rsquo;abord le peuple. Voil\u00e0 une d\u00e9couverte majeure, que les millions de morts s&rsquo;ajoutant au long des ann\u00e9es ne pouvaient nous r\u00e9v\u00e9ler aussi longtemps que, pour une raison myst\u00e9rieuse, il fallait qu&rsquo;ind\u00e9finiment ils s&rsquo;ajoutent \u00e0 d&rsquo;autres millions derri\u00e8re l&rsquo;\u00e9cran du masque id\u00e9ologique. Qu&rsquo;y a-t-il de chang\u00e9 ? On tue moins maintenant que du temps du Guide. Alors ?<\/p>\n<p style=\"text-align: justify;\">\n<p style=\"text-align: justify;\">Eh bien, personne ne sait. Tout \u00e0 coup on a cru ce qu&rsquo;on refusait de croire, et les nouveaux philosophes ont surgi de terre pour le proclamer. Ce n&rsquo;est pas parce qu&rsquo;ils le proclament qu&rsquo;on le croit. Non ! Cela a \u00e9t\u00e9 bien soulign\u00e9 par maints auteurs et par eux-m\u00eames : tout ce qu&rsquo;ils disent sur les g\u00e9nocides de la tyrannie populaire, tout sans exception, d&rsquo;autres le disaient il y a trente ans dans le ricanement g\u00e9n\u00e9ral.<\/p>\n<p style=\"text-align: justify;\">\n<p style=\"text-align: justify;\">Kravchenko, l&rsquo;un des premiers, fut m\u00eame tra\u00een\u00e9 en justice par les thurif\u00e9raires du Grand Assassin masqu\u00e9, et eut bien de la chance de s&rsquo;en tirer. S&rsquo;\u00e9tant tir\u00e9 vaille que vaille de la Justice, je m&rsquo;\u00e9tonne qu&rsquo;il ait \u00e9t\u00e9 assez habile ou chanceux pour \u00e9chapper au pic \u00e0 glace, aux balles, \u00e0 l&rsquo;enl\u00e8vement. Je crois bien m\u00eame que ce miracul\u00e9 est encore vivant ! On devrait le promener dans le monde pour le montrer ; quoique pas tout de suite, il y a encore des balles qui se perdent.<\/p>\n<p style=\"text-align: justify;\">\n<p style=\"text-align: justify;\"><strong>Dans le discours des \u00ab nouveaux philosophes \u00bb la nature est absente<\/strong><\/p>\n<p style=\"text-align: justify;\">\n<p style=\"text-align: justify;\">L&rsquo;Histoire changeant myst\u00e9rieusement de cap, peut-\u00eatre sous l&rsquo;effet trivial et invisible de quelque nouvelle pomme de terre, c&rsquo;est donc un grand \u00e9v\u00e9nement. Mais non le plus grand.<\/p>\n<p style=\"text-align: justify;\">Viansson-Pont\u00e9 \u00e9crit, avec une intention venimeuse, que les nouveaux philosophes sont int\u00e9ressants par ce qu&rsquo;ils disent, mais plus encore par ce qu&rsquo;ils ne disent pas. Il entend par l\u00e0, fid\u00e8le aux fa\u00e7ons de sa dialectique, qu&rsquo;ils cachent les avantages mat\u00e9riels de leur succ\u00e8s, et que de dire ce qu&rsquo;ils disent, cela rapporte, l&rsquo;argent \u00e9tant, para\u00eet-il, de ce c\u00f4t\u00e9-l\u00e0. Ce coup bas me surprend <a id=\"ftnref12\" href=\"#ftn12\">[12]<\/a> : un grand journaliste comme Pierre Viansson-Pont\u00e9 gagne beaucoup d&rsquo;argent, beaucoup plus d&rsquo;argent qu&rsquo;un professeur de lyc\u00e9e, m\u00eame \u00e9crivant des livres dont on parle.<\/p>\n<p style=\"text-align: justify;\">\n<p style=\"text-align: justify;\">Cependant il est vrai que quelque chose de fondamental est inexplicablement absent du discours des nouveaux philosophes : c&rsquo;est la nature.<\/p>\n<p style=\"text-align: justify;\">\n<p style=\"text-align: justify;\">Dans les premi\u00e8res pages de son livre <a id=\"ftnref13\" href=\"#ftn13\">[13]<\/a>, Clavel, m\u00e9ditant sur la diversit\u00e9 grandissante des enfants de Mai 68, dit avec passion la nostalgie des sentiments jadis partag\u00e9s (partage en effet si doux au c\u0153ur) <a id=\"ftnref14\" href=\"#ftn14\">[14]<\/a>. Sur quoi pourrions-nous retrouver cette unanimit\u00e9 ? se demande-t-il. \u00ab Alors, dans un silence, je m&rsquo;entendis murmurer je ne sais pourquoi : Et Socrate ? \u00bb<\/p>\n<p style=\"text-align: justify;\">\n<p style=\"text-align: justify;\">Encore un silence (cela se passe un peu comme une r\u00e9union d&rsquo;anciens combattants, chez le narrateur, \u00e0 V\u00e9zelay), puis Clavel explique son intuition :<\/p>\n<p style=\"text-align: justify;\">\u00ab Socrate, en pleine culture grecque, a invent\u00e9 l&rsquo;homme. Il lui a en quelque sorte arrach\u00e9&#8230; son autotranscendance constituante&#8230; (C&rsquo;est ce qui) en nous passe l&rsquo;homme, qui fait l&rsquo;homme. C&rsquo;est cela qui tendrait \u00e0 revenir aujourd&rsquo;hui, par-del\u00e0 tant d&rsquo;oublis et d&rsquo;occultations \u00ab\u00a0humanistes\u00a0\u00bb &#8230; \u00bb<\/p>\n<p style=\"text-align: justify;\">\n<p style=\"text-align: justify;\">Je ne pense pas que \u00ab Socrate ait invent\u00e9 l&rsquo;homme \u00bb, qu&rsquo;il ait, comme le croit Clavel, arrach\u00e9 son \u00ab autotranscendance \u00bb \u00e0 une culture grecque qui n&rsquo;e\u00fbt \u00e9t\u00e9 jusqu&rsquo;alors, si j&rsquo;ose dire, que b\u00e9otienne. Je suis navr\u00e9 de lire cela sous la plume d&rsquo;un homme juste, pensant \u00e0 l&rsquo;h\u00e9ro\u00efque effort du g\u00e9nie grec longuement poursuivi avant Socrate. Mais passons. Clavel a raison de sentir en Socrate leur commun d\u00e9nominateur, Socrate pour qui la nature n&rsquo;est rien, Socrate dont le g\u00e9nie a inspir\u00e9 tant de m\u00e9ditations depuis deux douzaines de si\u00e8cles, mais qui n&rsquo;a pas un instant entrevu l&rsquo;instrument de la future m\u00e9tamorphose de l&rsquo;homme, la science, alors m\u00eame qu&rsquo;elle se d\u00e9veloppait miraculeusement sous ses yeux (je parle de la vraie science, pas des \u00ab sciences \u00bb humaines).<\/p>\n<p style=\"text-align: justify;\">\n<p style=\"text-align: justify;\"><strong>La science destructrice des logomachies barbares <\/strong><\/p>\n<p style=\"text-align: justify;\">\n<p style=\"text-align: justify;\">En effet, comme ils sont socratiques, tous ! La science ! D&rsquo;abord ils semblent n&rsquo;avoir jamais entendu parler que des sciences humaines. Et comme ils en voient tr\u00e8s clairement l&rsquo;imposture, ils l&rsquo;\u00e9tendent sans y penser, comme allant de soi, aux sciences de la nature, \u00e0 la science tout court, paradoxe des paradoxes, \u00e0 la d\u00e9marche m\u00eame qui rejette (mais ils n&rsquo;en savent rien) les pr\u00e9tendues sciences humaines parmi les logomachies qui curarisent la pens\u00e9e, parmi les d\u00e9voiements de l&rsquo;intelligence !<\/p>\n<p style=\"text-align: justify;\">\n<p style=\"text-align: justify;\">Si leur fa\u00e7on de voir sur ce point devait prendre force et se r\u00e9pandre comme une v\u00e9rit\u00e9 admise, s&rsquo;il fallait que s&rsquo;\u00e9tende le m\u00e9pris du projet scientifique visant \u00e0 conna\u00eetre la nature, seul berceau, seule matrice de l&rsquo;homme (nous sommes ce que nous sommes, y compris notre transcendance, pour y avoir pouss\u00e9 et m\u00fbri), alors il faudrait d\u00e9noncer le nouveau masque d&rsquo;une barbarie montante, le d\u00e9but d&rsquo;un retour \u00e0 la caverne. Et ce n&rsquo;est pas du scientisme. C&rsquo;est de la philosophie de 1977.<\/p>\n<p style=\"text-align: justify;\">\n<p style=\"text-align: justify;\">Nous avons tous assassin\u00e9 Socrate, dit Clavel. Si c&rsquo;est vrai, pleurons ce meurtre d&rsquo;un h\u00e9ros de l&rsquo;esprit. Mais ce que je vois plut\u00f4t, c&rsquo;est que la premi\u00e8re civilisation universelle est morte de la cigu\u00eb socratique.<\/p>\n<p style=\"text-align: justify;\">\n<p style=\"text-align: justify;\"><strong>L&rsquo;Occident a-t-il encore besoin de l&rsquo;Europe<\/strong><\/p>\n<p style=\"text-align: justify;\">\n<p style=\"text-align: justify;\">Les \u00ab nouveaux philosophes \u00bb veulent nous convaincre de la relativit\u00e9 de toutes les civilisations, et que nous autres Occidentaux devons apprendre l&rsquo;humilit\u00e9 et le respect \u2014 voil\u00e0 de bons sentiments qu&rsquo;on ne cultivera jamais assez. Mais qu&rsquo;appelez-vous \u00ab Occident \u00bb ? Parmi les phares de l&rsquo;\u00ab Occident \u00bb, devan\u00e7ant maintenant l&rsquo;Europe, je vois le Japon, demain peut-\u00eatre la Chine. L&rsquo;Occident n&rsquo;est pas la civilisation de l&rsquo;Europe, il est la civilisation universelle, n\u00e9e une premi\u00e8re fois en Gr\u00e8ce, puis pourrie sur elle-m\u00eame, morte d&rsquo;avoir abandonn\u00e9 le projet scientifique pour se perdre dans les marais de la sagesse et, en suivant quel guide, \u00f4 Socrate ? ressuscit\u00e9e enfin une deuxi\u00e8me fois en Europe occidentale, et je ne vois pas pourquoi j&rsquo;aurais \u00e0 m&rsquo;en battre la coulpe ? Dites ?<\/p>\n<p style=\"text-align: justify;\">\n<p style=\"text-align: justify;\">\u00ab J&rsquo;aspire \u00e0 vous mettre \u00e0 la porte, me disait un rebelle arabe, depuis que j&rsquo;ai d\u00e9couvert la libert\u00e9 dans Montesquieu. Ce sont vos id\u00e9es oui nous lib\u00e9reront \u00bb<\/p>\n<p style=\"text-align: justify;\">\n<p style=\"text-align: justify;\">Tout homme qui se lib\u00e8re devient occidental. Tout homme qui fait une d\u00e9couverte \u00e9tend un peu plus l&rsquo;Occident sur le monde, et la trahison de l&rsquo;Europe ne serait plus d\u00e9sormais dans l&rsquo;histoire du monde qu&rsquo;un \u00e9pisode mineur, regrettable pour elle seule.<\/p>\n<p style=\"text-align: justify;\">Voici quelques h\u00e9ros de l&rsquo;Occident : Hideki Yukawa et S. Tomonaga, Japonais, C.N. Yang et T.D. Lee, Chinois, C.V. Raman, Hindou, tous prix Nobel de physique.<\/p>\n<p style=\"text-align: justify;\">\n<p style=\"text-align: justify;\">Mais pourquoi serait-il bon que l&rsquo;Europe trahisse l&rsquo;Occident, m\u00eame s&rsquo;il n&rsquo;a plus besoin delle, ce qui n&rsquo;est pas s\u00fbr ? Dans votre d\u00e9nonciation rab\u00e2cheuse de l&rsquo;Occident (ceci ne s&rsquo;adresse pas \u00e0 tous, il est vrai), prenez garde, ma\u00eetres, que ne couve encore quelque sournois vestige d&rsquo;arrogance raciale, comme s&rsquo;il allait de soi que nous dussions de naissance et de droit faire mieux que les autres.<\/p>\n<p style=\"text-align: justify;\">\n<p style=\"text-align: justify;\">Il est bien vrai que nous devons faire mieux que les autres. Mais non pas parce que l&rsquo;homme blanc serait sup\u00e9rieur : parce que son h\u00e9ritage est sup\u00e9rieur, parce qu&rsquo;il est la seule civilisation universelle et lib\u00e9ratrice, celle de l&rsquo;avenir de la plan\u00e8te Terre, de la m\u00e9tamorphose de l&rsquo;homme, ou si tu veux, Clavel, de la Parousie. C&rsquo;est sur un monde de laboratoires et de machines quelle \u00e9clatera, ta Parousie, ou bien sur une jungle.<\/p>\n<p style=\"text-align: justify;\">\n<p style=\"text-align: justify;\"><strong>Mais l&rsquo;esp\u00e9rance est justifi\u00e9e<\/strong><\/p>\n<p style=\"text-align: justify;\">\n<p style=\"text-align: justify;\">Du reste et pour finir, peu importe qu&rsquo;ils ignorent la nature et se m\u00e9fient de la science. Il en sera ainsi tant que n\u00e9cessaire, et pas un jour de plus. Ils sont le bruit de voix qui s&rsquo;\u00e9l\u00e8ve de l&rsquo;infatigable caravane humaine marchant derri\u00e8re son guide invisible, ce guide m\u00eame qui, voil\u00e0 trente millions d&rsquo;ann\u00e9es, de son regard qui sait o\u00f9 toutes choses vont, suivait certain petit insectivore errant dans la savane, de champ de fleurs en champ de fleurs. Ce n&rsquo;\u00e9tait qu&rsquo;une m\u00e9diocre bestiole. Si nous le rencontrions, avec nos yeux de citadins, nous le prendrions pour un lapin. Le temps a pass\u00e9, comme depuis toujours il le fait. La bestiole est maintenant expos\u00e9e dans des vitrines, m\u00eal\u00e9e \u00e0 d&rsquo;autres fossiles. Par ses descendants.<\/p>\n<p style=\"text-align: right;\">Aim\u00e9 Michel<\/p>\n<p style=\"text-align: justify;\">\n<p style=\"text-align: justify;\">\n<hr style=\"text-align: justify;\" size=\"1\" \/>\n<p style=\"text-align: justify;\"><a id=\"ftn1\" href=\"#ftnref1\">[1]<\/a> Giambattista Vico (1668-1744), historien italien, influen\u00e7a beaucoup Michelet qui traduisit son livre Principii di una scienza nuova, de 1725. Pr\u00e9curseur de la philosophie de l&rsquo;Histoire, il \u00e9tudia la formation et la d\u00e9cadence des civilisations ; sa conception de l&rsquo;Histoire est cyclique, ce qu&rsquo;il appelle le \u00ab cours \u00bb et le \u00ab d\u00e9cours \u00bb des civilisations.<\/p>\n<p style=\"text-align: justify;\"><a id=\"ftn2\" href=\"#ftnref2\">[2]<\/a> Entre parenth\u00e8ses, le public ne conna\u00eet de Lorenz que les id\u00e9es d&rsquo;agression et d&rsquo;agressivit\u00e9 que, vieillissant et glorieux, il n&rsquo;a plus eu le courage de bazarder apr\u00e8s usage. Seuls les biologistes connaissent la v\u00e9ritable contribution de Lorenz \u00e0 la science, contribution dont il n\u2019est qu&rsquo;accessoirement question dans ses livres c\u00e9l\u00e8bres sur l&rsquo;agression.<\/p>\n<p style=\"text-align: justify;\"><a id=\"ftn3\" href=\"#ftnref3\">[3]<\/a> Jean-Marie Benoist philosophe, \u00e9crivain, auteur du <em>Complexe id\u00e9ologique anglais et la psychanalyse<\/em> (\u00ab Critique \u00bb n\u00b0 333), de <em>Pavane pour une Europe d\u00e9funte<\/em> (Hallier, 1976), de <em>Marx est mort<\/em> (Gallimard, 1970), de <em>Tyrannie du Logos<\/em> (\u00c9ditions de Minuit, 1975). Ce \u00ab mod\u00e8le unidimensionnel \u00bb est un souvenir de Marcuse.<\/p>\n<p style=\"text-align: justify;\"><a id=\"ftn4\" href=\"#ftnref4\">[4]<\/a> Jean-Edern Hallier, auteur abondant, \u00e9diteur, animateur, aventurier.<\/p>\n<p style=\"text-align: justify;\"><a id=\"ftn5\" href=\"#ftnref5\">[5]<\/a> Christian Jambet, professeur de philosophie \u00e0 Auxerre, auteur <em>d&rsquo;Apologie de Platon<\/em> et, avec Guy Lardreau, <em>de l&rsquo;Ange<\/em> (tous deux chez. Grasset, 1976).<\/p>\n<p style=\"text-align: justify;\"><a id=\"ftn6\" href=\"#ftnref6\">[6]<\/a> J.-P. Doll\u00e9: <em>le D\u00e9sir de r\u00e9volution<\/em> (Grasset, 1972) <em>; Voie d&rsquo;acc\u00e8s au plaisir<\/em> (Grasset,<\/p>\n<p style=\"text-align: justify;\">1974) ; <em>le Myope<\/em> (Grasset, 1974) <em>; la Haine de la pens\u00e9e<\/em> (Hallier, 1976).<\/p>\n<p style=\"text-align: justify;\"><a id=\"ftn7\" href=\"#ftnref7\">[7]<\/a> Voir ses autres articles sur le blog de 3<sup>e<\/sup> Mill\u00e9naire.<\/p>\n<p style=\"text-align: justify;\"><a id=\"ftn8\" href=\"#ftnref8\">[8]<\/a> Cf. par exemple, de Pierre Thuillier : <em>Socrate fonctionnaire<\/em> (Laffont, 1970).<\/p>\n<p style=\"text-align: justify;\"><a id=\"ftn9\" href=\"#ftnref9\">[9]<\/a> Relire mon article: \u00ab <a href=\"http:\/\/pro.ovh.net\/~emillena\/blog\/?p=5974\" target=\"_blank\">Physique de l&rsquo;an 2000, m\u00e9taphysique d&rsquo;il y a 2000 ans<\/a> \u00bb.<\/p>\n<p style=\"text-align: justify;\"><a id=\"ftn10\" href=\"#ftnref10\">[10]<\/a> Jacques Paugam : <em>G\u00e9n\u00e9ration perdue<\/em>, pr\u00e9face de P. Viansson-Pont\u00e9. (Robert Laffont, 1977). Ce livre reprend l&rsquo;essentiel dune s\u00e9rie d&rsquo;\u00e9missions de France-Culture (Novembre-d\u00e9cembre 1976). Je lui ai emprunt\u00e9 plusieurs des citations pr\u00e9c\u00e9dentes. Et en r\u00e9alit\u00e9, Pierre Viansson-Pont\u00e9 ne m&rsquo;\u00e9tonne pas du tout !<\/p>\n<p style=\"text-align: justify;\"><a id=\"ftn11\" href=\"#ftnref11\">[11]<\/a> * \u00ab Ce que vous \u00e9crivez, quand je le comprends \u00bb, dit Pierre Viansson-Pont\u00e9.<\/p>\n<p style=\"text-align: justify;\"><a id=\"ftn12\" href=\"#ftnref12\">[12]<\/a> Mais pas trop.<\/p>\n<p style=\"text-align: justify;\"><a id=\"ftn13\" href=\"#ftnref13\">[13]<\/a> Maurice Clavel : <em>Nous l&rsquo;avons tous tu\u00e9<\/em> (Le Seuil, l977).<\/p>\n<p style=\"text-align: justify;\"><a id=\"ftn14\" href=\"#ftnref14\">[14]<\/a> Rappelons que l&rsquo;Am\u00e9rique fit son Mai 68 d\u00e8s 1964 et m\u00eame 1961, \u00e0 Berkeley et ailleurs, que tous les sentiments et id\u00e9es de notre Mai historique nous viennent (comment, je n&rsquo;en sais rien) d&rsquo;outre-Atlantique, et que bien avant l&rsquo;explosion de Nanterre on avait l\u00e0-bas \u00e9tudi\u00e9 ces jeunes gens pas comme les autres.<\/p>\n","protected":false},"excerpt":{"rendered":"<p>Mais peut-\u00eatre faudrait-il se demander ce que c&rsquo;est qu&rsquo;une id\u00e9e ? Feynman, le physicien th\u00e9oricien, affirme que c&rsquo;est ce qu&rsquo;il y a de moins cher, qu&rsquo;on en fait en science une consommation \u00e9norme, qu&rsquo;il faut en essayer mille pour en trouver une qui serve, et encore, pour un temps. Bien entendu, on jette au rebut les 999 autres, qui sont souvent tr\u00e8s belles, tr\u00e8s compliqu\u00e9es, et sur lesquelles un homme et g\u00e9n\u00e9ralement plusieurs ont m\u00e9dit\u00e9 des ann\u00e9es durant. On se rappelle aussi Lorenz disant qu&rsquo;en se levant chaque matin il commence, comme d&rsquo;autres font leur gymnastique, par d\u00e9fenestrer ses deux ou trois derni\u00e8res id\u00e9es favorites&#8230;<\/p>\n","protected":false},"author":1,"featured_media":0,"comment_status":"closed","ping_status":"closed","sticky":false,"template":"","format":"standard","meta":{"footnotes":""},"categories":[534],"tags":[171,402,99],"class_list":["post-6150","post","type-post","status-publish","format-standard","hentry","category-michel-aime","tag-liberte","tag-philosophie","tag-science"],"yoast_head":"<!-- This site is optimized with the Yoast SEO plugin v27.0 - https:\/\/yoast.com\/product\/yoast-seo-wordpress\/ -->\n<title>Les \u00ab nouveaux \u00bb philosophes entre le goulag et la cigu\u00eb par Aim\u00e9 Michel - 3e mill\u00e9naire - Spiritualit\u00e9 - Connaissance de soi - Non-dualit\u00e9 - M\u00e9ditation<\/title>\n<meta name=\"robots\" content=\"index, follow, max-snippet:-1, max-image-preview:large, max-video-preview:-1\" \/>\n<link rel=\"canonical\" href=\"https:\/\/www.revue3emillenaire.com\/blog\/les-\u00ab-nouveaux-\u00bb-philosophes-entre-le-goulag-et-la-cigue-par-aime-michel\/\" \/>\n<meta property=\"og:locale\" content=\"fr_FR\" \/>\n<meta property=\"og:type\" content=\"article\" \/>\n<meta property=\"og:title\" content=\"Les \u00ab nouveaux \u00bb philosophes entre le goulag et la cigu\u00eb par Aim\u00e9 Michel - 3e mill\u00e9naire - Spiritualit\u00e9 - Connaissance de soi - Non-dualit\u00e9 - M\u00e9ditation\" \/>\n<meta property=\"og:description\" content=\"Mais peut-\u00eatre faudrait-il se demander ce que c&#039;est qu&#039;une id\u00e9e ? Feynman, le physicien th\u00e9oricien, affirme que c&#039;est ce qu&#039;il y a de moins cher, qu&#039;on en fait en science une consommation \u00e9norme, qu&#039;il faut en essayer mille pour en trouver une qui serve, et encore, pour un temps. Bien entendu, on jette au rebut les 999 autres, qui sont souvent tr\u00e8s belles, tr\u00e8s compliqu\u00e9es, et sur lesquelles un homme et g\u00e9n\u00e9ralement plusieurs ont m\u00e9dit\u00e9 des ann\u00e9es durant. On se rappelle aussi Lorenz disant qu&#039;en se levant chaque matin il commence, comme d&#039;autres font leur gymnastique, par d\u00e9fenestrer ses deux ou trois derni\u00e8res id\u00e9es favorites...\" \/>\n<meta property=\"og:url\" content=\"https:\/\/www.revue3emillenaire.com\/blog\/les-\u00ab-nouveaux-\u00bb-philosophes-entre-le-goulag-et-la-cigue-par-aime-michel\/\" \/>\n<meta property=\"og:site_name\" content=\"3e mill\u00e9naire - Spiritualit\u00e9 - Connaissance de soi - Non-dualit\u00e9 - M\u00e9ditation\" \/>\n<meta property=\"article:published_time\" content=\"2010-12-21T02:25:49+00:00\" \/>\n<meta property=\"article:modified_time\" content=\"2011-09-20T02:23:24+00:00\" \/>\n<meta name=\"author\" content=\"3e mill\u00e9naire\" \/>\n<meta name=\"twitter:card\" content=\"summary_large_image\" \/>\n<meta name=\"twitter:label1\" content=\"\u00c9crit par\" \/>\n\t<meta name=\"twitter:data1\" content=\"3e mill\u00e9naire\" \/>\n\t<meta name=\"twitter:label2\" content=\"Dur\u00e9e de lecture estim\u00e9e\" \/>\n\t<meta name=\"twitter:data2\" content=\"23 minutes\" \/>\n<script type=\"application\/ld+json\" class=\"yoast-schema-graph\">{\"@context\":\"https:\/\/schema.org\",\"@graph\":[{\"@type\":\"Article\",\"@id\":\"https:\/\/www.revue3emillenaire.com\/blog\/les-%c2%ab-nouveaux-%c2%bb-philosophes-entre-le-goulag-et-la-cigue-par-aime-michel\/#article\",\"isPartOf\":{\"@id\":\"https:\/\/www.revue3emillenaire.com\/blog\/les-%c2%ab-nouveaux-%c2%bb-philosophes-entre-le-goulag-et-la-cigue-par-aime-michel\/\"},\"author\":{\"name\":\"3e mill\u00e9naire\",\"@id\":\"https:\/\/www.revue3emillenaire.com\/blog\/#\/schema\/person\/9a3a7cc4ccaa707f402d4394327106d5\"},\"headline\":\"Les \u00ab nouveaux \u00bb philosophes entre le goulag et la cigu\u00eb par Aim\u00e9 Michel\",\"datePublished\":\"2010-12-21T02:25:49+00:00\",\"dateModified\":\"2011-09-20T02:23:24+00:00\",\"mainEntityOfPage\":{\"@id\":\"https:\/\/www.revue3emillenaire.com\/blog\/les-%c2%ab-nouveaux-%c2%bb-philosophes-entre-le-goulag-et-la-cigue-par-aime-michel\/\"},\"wordCount\":4697,\"keywords\":[\"Libert\u00e9\",\"philosophie\",\"Science\"],\"articleSection\":[\"Michel Aim\u00e9\"],\"inLanguage\":\"fr-FR\"},{\"@type\":\"WebPage\",\"@id\":\"https:\/\/www.revue3emillenaire.com\/blog\/les-%c2%ab-nouveaux-%c2%bb-philosophes-entre-le-goulag-et-la-cigue-par-aime-michel\/\",\"url\":\"https:\/\/www.revue3emillenaire.com\/blog\/les-%c2%ab-nouveaux-%c2%bb-philosophes-entre-le-goulag-et-la-cigue-par-aime-michel\/\",\"name\":\"Les \u00ab nouveaux \u00bb philosophes entre le goulag et la cigu\u00eb par Aim\u00e9 Michel - 3e mill\u00e9naire - Spiritualit\u00e9 - Connaissance de soi - Non-dualit\u00e9 - M\u00e9ditation\",\"isPartOf\":{\"@id\":\"https:\/\/www.revue3emillenaire.com\/blog\/#website\"},\"datePublished\":\"2010-12-21T02:25:49+00:00\",\"dateModified\":\"2011-09-20T02:23:24+00:00\",\"author\":{\"@id\":\"https:\/\/www.revue3emillenaire.com\/blog\/#\/schema\/person\/9a3a7cc4ccaa707f402d4394327106d5\"},\"breadcrumb\":{\"@id\":\"https:\/\/www.revue3emillenaire.com\/blog\/les-%c2%ab-nouveaux-%c2%bb-philosophes-entre-le-goulag-et-la-cigue-par-aime-michel\/#breadcrumb\"},\"inLanguage\":\"fr-FR\",\"potentialAction\":[{\"@type\":\"ReadAction\",\"target\":[\"https:\/\/www.revue3emillenaire.com\/blog\/les-%c2%ab-nouveaux-%c2%bb-philosophes-entre-le-goulag-et-la-cigue-par-aime-michel\/\"]}]},{\"@type\":\"BreadcrumbList\",\"@id\":\"https:\/\/www.revue3emillenaire.com\/blog\/les-%c2%ab-nouveaux-%c2%bb-philosophes-entre-le-goulag-et-la-cigue-par-aime-michel\/#breadcrumb\",\"itemListElement\":[{\"@type\":\"ListItem\",\"position\":1,\"name\":\"Accueil\",\"item\":\"https:\/\/www.revue3emillenaire.com\/blog\/\"},{\"@type\":\"ListItem\",\"position\":2,\"name\":\"Les \u00ab nouveaux \u00bb philosophes entre le goulag et la cigu\u00eb par Aim\u00e9 Michel\"}]},{\"@type\":\"WebSite\",\"@id\":\"https:\/\/www.revue3emillenaire.com\/blog\/#website\",\"url\":\"https:\/\/www.revue3emillenaire.com\/blog\/\",\"name\":\"3e mill\u00e9naire - Spiritualit\u00e9 - Connaissance de soi - Non-dualit\u00e9 - M\u00e9ditation\",\"description\":\"L&#039;Homme en devenir\",\"potentialAction\":[{\"@type\":\"SearchAction\",\"target\":{\"@type\":\"EntryPoint\",\"urlTemplate\":\"https:\/\/www.revue3emillenaire.com\/blog\/?s={search_term_string}\"},\"query-input\":{\"@type\":\"PropertyValueSpecification\",\"valueRequired\":true,\"valueName\":\"search_term_string\"}}],\"inLanguage\":\"fr-FR\"},{\"@type\":\"Person\",\"@id\":\"https:\/\/www.revue3emillenaire.com\/blog\/#\/schema\/person\/9a3a7cc4ccaa707f402d4394327106d5\",\"name\":\"3e mill\u00e9naire\",\"url\":\"https:\/\/www.revue3emillenaire.com\/blog\/author\/admin\/\"}]}<\/script>\n<!-- \/ Yoast SEO plugin. -->","yoast_head_json":{"title":"Les \u00ab nouveaux \u00bb philosophes entre le goulag et la cigu\u00eb par Aim\u00e9 Michel - 3e mill\u00e9naire - Spiritualit\u00e9 - Connaissance de soi - Non-dualit\u00e9 - M\u00e9ditation","robots":{"index":"index","follow":"follow","max-snippet":"max-snippet:-1","max-image-preview":"max-image-preview:large","max-video-preview":"max-video-preview:-1"},"canonical":"https:\/\/www.revue3emillenaire.com\/blog\/les-\u00ab-nouveaux-\u00bb-philosophes-entre-le-goulag-et-la-cigue-par-aime-michel\/","og_locale":"fr_FR","og_type":"article","og_title":"Les \u00ab nouveaux \u00bb philosophes entre le goulag et la cigu\u00eb par Aim\u00e9 Michel - 3e mill\u00e9naire - Spiritualit\u00e9 - Connaissance de soi - Non-dualit\u00e9 - M\u00e9ditation","og_description":"Mais peut-\u00eatre faudrait-il se demander ce que c'est qu'une id\u00e9e ? Feynman, le physicien th\u00e9oricien, affirme que c'est ce qu'il y a de moins cher, qu'on en fait en science une consommation \u00e9norme, qu'il faut en essayer mille pour en trouver une qui serve, et encore, pour un temps. Bien entendu, on jette au rebut les 999 autres, qui sont souvent tr\u00e8s belles, tr\u00e8s compliqu\u00e9es, et sur lesquelles un homme et g\u00e9n\u00e9ralement plusieurs ont m\u00e9dit\u00e9 des ann\u00e9es durant. On se rappelle aussi Lorenz disant qu'en se levant chaque matin il commence, comme d'autres font leur gymnastique, par d\u00e9fenestrer ses deux ou trois derni\u00e8res id\u00e9es favorites...","og_url":"https:\/\/www.revue3emillenaire.com\/blog\/les-\u00ab-nouveaux-\u00bb-philosophes-entre-le-goulag-et-la-cigue-par-aime-michel\/","og_site_name":"3e mill\u00e9naire - Spiritualit\u00e9 - Connaissance de soi - Non-dualit\u00e9 - M\u00e9ditation","article_published_time":"2010-12-21T02:25:49+00:00","article_modified_time":"2011-09-20T02:23:24+00:00","author":"3e mill\u00e9naire","twitter_card":"summary_large_image","twitter_misc":{"\u00c9crit par":"3e mill\u00e9naire","Dur\u00e9e de lecture estim\u00e9e":"23 minutes"},"schema":{"@context":"https:\/\/schema.org","@graph":[{"@type":"Article","@id":"https:\/\/www.revue3emillenaire.com\/blog\/les-%c2%ab-nouveaux-%c2%bb-philosophes-entre-le-goulag-et-la-cigue-par-aime-michel\/#article","isPartOf":{"@id":"https:\/\/www.revue3emillenaire.com\/blog\/les-%c2%ab-nouveaux-%c2%bb-philosophes-entre-le-goulag-et-la-cigue-par-aime-michel\/"},"author":{"name":"3e mill\u00e9naire","@id":"https:\/\/www.revue3emillenaire.com\/blog\/#\/schema\/person\/9a3a7cc4ccaa707f402d4394327106d5"},"headline":"Les \u00ab nouveaux \u00bb philosophes entre le goulag et la cigu\u00eb par Aim\u00e9 Michel","datePublished":"2010-12-21T02:25:49+00:00","dateModified":"2011-09-20T02:23:24+00:00","mainEntityOfPage":{"@id":"https:\/\/www.revue3emillenaire.com\/blog\/les-%c2%ab-nouveaux-%c2%bb-philosophes-entre-le-goulag-et-la-cigue-par-aime-michel\/"},"wordCount":4697,"keywords":["Libert\u00e9","philosophie","Science"],"articleSection":["Michel Aim\u00e9"],"inLanguage":"fr-FR"},{"@type":"WebPage","@id":"https:\/\/www.revue3emillenaire.com\/blog\/les-%c2%ab-nouveaux-%c2%bb-philosophes-entre-le-goulag-et-la-cigue-par-aime-michel\/","url":"https:\/\/www.revue3emillenaire.com\/blog\/les-%c2%ab-nouveaux-%c2%bb-philosophes-entre-le-goulag-et-la-cigue-par-aime-michel\/","name":"Les \u00ab nouveaux \u00bb philosophes entre le goulag et la cigu\u00eb par Aim\u00e9 Michel - 3e mill\u00e9naire - Spiritualit\u00e9 - Connaissance de soi - Non-dualit\u00e9 - M\u00e9ditation","isPartOf":{"@id":"https:\/\/www.revue3emillenaire.com\/blog\/#website"},"datePublished":"2010-12-21T02:25:49+00:00","dateModified":"2011-09-20T02:23:24+00:00","author":{"@id":"https:\/\/www.revue3emillenaire.com\/blog\/#\/schema\/person\/9a3a7cc4ccaa707f402d4394327106d5"},"breadcrumb":{"@id":"https:\/\/www.revue3emillenaire.com\/blog\/les-%c2%ab-nouveaux-%c2%bb-philosophes-entre-le-goulag-et-la-cigue-par-aime-michel\/#breadcrumb"},"inLanguage":"fr-FR","potentialAction":[{"@type":"ReadAction","target":["https:\/\/www.revue3emillenaire.com\/blog\/les-%c2%ab-nouveaux-%c2%bb-philosophes-entre-le-goulag-et-la-cigue-par-aime-michel\/"]}]},{"@type":"BreadcrumbList","@id":"https:\/\/www.revue3emillenaire.com\/blog\/les-%c2%ab-nouveaux-%c2%bb-philosophes-entre-le-goulag-et-la-cigue-par-aime-michel\/#breadcrumb","itemListElement":[{"@type":"ListItem","position":1,"name":"Accueil","item":"https:\/\/www.revue3emillenaire.com\/blog\/"},{"@type":"ListItem","position":2,"name":"Les \u00ab nouveaux \u00bb philosophes entre le goulag et la cigu\u00eb par Aim\u00e9 Michel"}]},{"@type":"WebSite","@id":"https:\/\/www.revue3emillenaire.com\/blog\/#website","url":"https:\/\/www.revue3emillenaire.com\/blog\/","name":"3e mill\u00e9naire - Spiritualit\u00e9 - Connaissance de soi - Non-dualit\u00e9 - M\u00e9ditation","description":"L&#039;Homme en devenir","potentialAction":[{"@type":"SearchAction","target":{"@type":"EntryPoint","urlTemplate":"https:\/\/www.revue3emillenaire.com\/blog\/?s={search_term_string}"},"query-input":{"@type":"PropertyValueSpecification","valueRequired":true,"valueName":"search_term_string"}}],"inLanguage":"fr-FR"},{"@type":"Person","@id":"https:\/\/www.revue3emillenaire.com\/blog\/#\/schema\/person\/9a3a7cc4ccaa707f402d4394327106d5","name":"3e mill\u00e9naire","url":"https:\/\/www.revue3emillenaire.com\/blog\/author\/admin\/"}]}},"_links":{"self":[{"href":"https:\/\/www.revue3emillenaire.com\/blog\/wp-json\/wp\/v2\/posts\/6150","targetHints":{"allow":["GET"]}}],"collection":[{"href":"https:\/\/www.revue3emillenaire.com\/blog\/wp-json\/wp\/v2\/posts"}],"about":[{"href":"https:\/\/www.revue3emillenaire.com\/blog\/wp-json\/wp\/v2\/types\/post"}],"author":[{"embeddable":true,"href":"https:\/\/www.revue3emillenaire.com\/blog\/wp-json\/wp\/v2\/users\/1"}],"replies":[{"embeddable":true,"href":"https:\/\/www.revue3emillenaire.com\/blog\/wp-json\/wp\/v2\/comments?post=6150"}],"version-history":[{"count":0,"href":"https:\/\/www.revue3emillenaire.com\/blog\/wp-json\/wp\/v2\/posts\/6150\/revisions"}],"wp:attachment":[{"href":"https:\/\/www.revue3emillenaire.com\/blog\/wp-json\/wp\/v2\/media?parent=6150"}],"wp:term":[{"taxonomy":"category","embeddable":true,"href":"https:\/\/www.revue3emillenaire.com\/blog\/wp-json\/wp\/v2\/categories?post=6150"},{"taxonomy":"post_tag","embeddable":true,"href":"https:\/\/www.revue3emillenaire.com\/blog\/wp-json\/wp\/v2\/tags?post=6150"}],"curies":[{"name":"wp","href":"https:\/\/api.w.org\/{rel}","templated":true}]}}