{"id":6261,"date":"2010-12-29T04:10:48","date_gmt":"2010-12-29T03:10:48","guid":{"rendered":"http:\/\/pro.ovh.net\/~emillena\/blog\/?p=6261"},"modified":"2011-09-20T03:10:23","modified_gmt":"2011-09-20T02:10:23","slug":"la-perception-globale-immediate-par-r-linssen","status":"publish","type":"post","link":"https:\/\/www.revue3emillenaire.com\/blog\/la-perception-globale-immediate-par-r-linssen\/","title":{"rendered":"La perception globale imm\u00e9diate par R. Linssen"},"content":{"rendered":"<p style=\"text-align: justify;\">(Revue \u00catre Libre. N<sup>o<\/sup> 287. Avril-Juin 1981)<\/p>\n<p style=\"text-align: center;\"><a href=\"http:\/\/pro.ovh.net\/~emillena\/blog\/wp-content\/uploads\/2010\/12\/LostFile_JPG_1902.jpg\"><img loading=\"lazy\" decoding=\"async\" class=\"aligncenter size-medium wp-image-6266\" title=\"LostFile_JPG_1902\" src=\"http:\/\/pro.ovh.net\/~emillena\/blog\/wp-content\/uploads\/2010\/12\/LostFile_JPG_1902-236x300.jpg\" alt=\"\" width=\"236\" height=\"300\" srcset=\"https:\/\/www.revue3emillenaire.com\/blog\/wp-content\/uploads\/2010\/12\/LostFile_JPG_1902-236x300.jpg 236w, https:\/\/www.revue3emillenaire.com\/blog\/wp-content\/uploads\/2010\/12\/LostFile_JPG_1902.jpg 756w\" sizes=\"auto, (max-width: 236px) 100vw, 236px\" \/><\/a>Robert Linssen<\/p>\n<p style=\"text-align: justify;\">Les sp\u00e9cialistes des approches dites \u00ab abruptes \u00bb de l&rsquo;\u00e9veil int\u00e9rieur \u00e9voquent fr\u00e9quemment la n\u00e9cessit\u00e9 d&rsquo;une qualit\u00e9 d&rsquo;attention parfaitement claire et pr\u00e9sente \u00ab au Pr\u00e9sent \u00bb. Il est ais\u00e9 de donner une adh\u00e9sion intellectuelle \u00e0 la formulation d&rsquo;une telle exigence mais tr\u00e8s peu de personnes se donnent la peine d&rsquo;en comprendre les implications consid\u00e9rables au niveau exp\u00e9rimental.<\/p>\n<p style=\"text-align: justify;\">Trop souvent, les enseignements dits de la \u00ab Voie Abrupte \u00bb (tels ceux de Krishnamurti, du Ch&rsquo;an ou Zen v\u00e9ritable) ne sont compris qu&rsquo;au niveau verbal dont ils ne cessent cependant de d\u00e9noncer le caract\u00e8re superficiel.<\/p>\n<p style=\"text-align: justify;\">Beaucoup de personnes me posent la question \u00ab qu&rsquo;est-ce que la \u00ab Voie Abrupte \u00bb ? Que signifie ce mot \u00ab Abrupte \u00bb ? La r\u00e9ponse \u00e0 cette question permettra d\u00e9j\u00e0 de situer exactement les implications de l&rsquo;Eveil int\u00e9rieur et par cons\u00e9quent de la perception globale imm\u00e9diate.<\/p>\n<p style=\"text-align: justify;\">Les instructeurs de la \u00ab Voie Abrupte \u00bb, tant en Inde qu&rsquo;en Chine (Ch&rsquo;an) ou au Tibet (Sentier Sublime tr\u00e8s peu connu) font une comparaison entre le r\u00eave et la conscience de veille qui nous est famili\u00e8re d&rsquo;une part et d&rsquo;autre part, entre cette conscience de veille famili\u00e8re et l&rsquo;\u00e9tat d&rsquo;Eveil int\u00e9gral et naturel. Lorsqu&rsquo;une trop grande intensit\u00e9 se produit dans une douleur, une vision de cauchemar ou un plaisir au cours du r\u00eave, le dormeur se r\u00e9veille en un instant. Il acc\u00e8de sans graduation \u00e0 l&rsquo;\u00e9tat de veille.<\/p>\n<p style=\"text-align: justify;\">Pour les instructeurs de la \u00ab Voie Abrupte \u00bb, il existe le m\u00eame rapport et la m\u00eame distance d&rsquo;une part entre le r\u00eave et l&rsquo;\u00e9veil familier qu&rsquo;il en existe, d&rsquo;autre part, entre l&rsquo;\u00e9veil normal, familier et l&rsquo;\u00e9tat d&rsquo;\u00e9veil int\u00e9gral et naturel. Et c&rsquo;est d&rsquo;une m\u00eame mani\u00e8re qu&rsquo;une certaine intensit\u00e9 dans l&rsquo;\u00e9veil familier et soi-disant normal d\u00e9livre instantan\u00e9ment le chercheur des conditionnements de cet \u00e9veil familier et lui r\u00e9v\u00e8le l&rsquo;\u00e9tat naturel de l&rsquo;Eveil int\u00e9gral. Cette intensit\u00e9 est celle de la perception globale imm\u00e9diate. Elle est instantan\u00e9e (ekaksana sanscrit = en un instant).<\/p>\n<p style=\"text-align: justify;\">Les implications de ce qui vient d&rsquo;\u00eatre si rapidement et sommairement esquiss\u00e9 sont \u00e9normes. Nous allons tenter d&rsquo;en signaler quelques-unes. Voyons d&rsquo;abord en quoi et pourquoi nos perceptions ne sont jamais globales et imm\u00e9diates.<\/p>\n<p style=\"text-align: justify;\">Premi\u00e8rement pourquoi ne sont-elles jamais imm\u00e9diates ?<\/p>\n<p style=\"text-align: justify;\">Elles ne sont jamais imm\u00e9diates parce que les \u00e9nergies de notre attention ne sont jamais pleinement pr\u00e9sentes au pr\u00e9sent. Chacun connait la r\u00e9ponse paradoxale qu&rsquo;un ma\u00eetre Zen donnait aux \u00e9l\u00e8ves qui lui demandaient le secret de sa m\u00e9thode. Il r\u00e9pondit : \u00ab quand j&rsquo;ai faim je mange \u00bb. L&rsquo;instructeur voyant les \u00e9l\u00e8ves d\u00e9\u00e7us par sa r\u00e9ponse continua : lorsque vous mangez, o\u00f9 est votre mental ? Est-il l\u00e0, pr\u00e9sent \u00e0 la circonstance, ou bien pensez-vous \u00e0 un plaisir ou un ennui pass\u00e9, ou encore votre imagination anticipe-t-elle en vous projetant dans l&rsquo;avenir vers tel plaisir ou telle souffrance ?<\/p>\n<p style=\"text-align: justify;\">Le c\u00f4t\u00e9 imm\u00e9diat de la perception implique une convergence de toutes les \u00e9nergies de notre attention dans la momentan\u00e9it\u00e9 de chaque instant pr\u00e9sent. Notre attention ne r\u00e9alise jamais une telle convergence. Les \u00e9nergies de notre attention sont dans un \u00e9tat de distraction constante. D&rsquo;une part, restant attach\u00e9es au pass\u00e9. D&rsquo;autre part se projetant dans le futur.<\/p>\n<p style=\"text-align: justify;\">Du point de vue pratique il est indispensable de nous rendre compte que nous avons \u00e0 chaque moment de la vie quotidienne des tas de pens\u00e9es qui ne sont pas en rapport avec les circonstances que nous vivons. Dans un premier temps, il sera n\u00e9cessaire de nous surprendre \u00e0 \u00eatre distrait. Ceci n&rsquo;est qu&rsquo;un premier pas \u00e9l\u00e9mentaire auquel nous avons fait allusion fr\u00e9quemment. Mais le terme \u00ab imm\u00e9diat \u00bb implique des significations beaucoup plus profondes.<\/p>\n<p style=\"text-align: justify;\">Nos perceptions ne sont pas imm\u00e9diates surtout parce que nous ne sommes physiquement et psychologiquement qu&rsquo;un r\u00e9sultat de processus de m\u00e9moires dont les origines se situent lors de la naissance de l&rsquo;univers. Cette affirmation surprenante de prime abord est cependant conforme \u00e0 la r\u00e9alit\u00e9. Elle \u00e9tait \u00e9nonc\u00e9e dans les enseignements anciens (les Prajna paramita Sutras de l&rsquo;Inde). Elle est enti\u00e8rement confirm\u00e9e par la science moderne. (Processus de n\u00e9guentropie de l&rsquo;espace-temps psychique, code g\u00e9n\u00e9tique de la biologie et de l&#8217;embryologie 1981).<\/p>\n<p style=\"text-align: justify;\">Ainsi que l&rsquo;exprime Krishnamurti, nous ne sommes que des \u00ab paquets de m\u00e9moires \u00bb. Nous avons comment\u00e9 ailleurs les implications de cet \u00e9nonc\u00e9 lapidaire qui nous semble souvent de prime abord d\u00e9concertant. Nous ne r\u00e9p\u00e9terons pas les d\u00e9tails de nos commentaires. Rappelons simplement que nous portons en nous sous une forme int\u00e9gr\u00e9e, r\u00e9sum\u00e9e, la somme de toutes les m\u00e9moires de tous les \u00e9v\u00e9nements qui ont illustr\u00e9 l&rsquo;histoire de l&rsquo;univers. Le cerveau humain constitue d&rsquo;ailleurs la cristallisation, la condensation et la mat\u00e9rialisation de toutes les \u00e9nergies de temps, de m\u00e9moires. Il n&rsquo;est en r\u00e9alit\u00e9 qu&rsquo;un hologramme refl\u00e9tant les informations de l&rsquo;espace-temps psychique intimement li\u00e9 \u00e0 l&rsquo;holomouvement. Nous avons comment\u00e9 ceci dans un ouvrage r\u00e9cent (la Mutation spirituelle du III<sup>e<\/sup> mill\u00e9naire et les \u0153uvres de David Bohm et Karl Pribram en ont mis en \u00e9vidence le bien-fond\u00e9.<\/p>\n<p style=\"text-align: justify;\">En bref, sans le savoir et sans nous en rendre compte, nous sommes tous des milliardaires du temps et de la m\u00e9moire. \u00ab Le Vieil homme \u00bb dont parlent les Ecritures est un milliardaire de m\u00e9moires. Il a travers\u00e9 des milliards de naissances, d&rsquo;\u00e9panouissements, de morts, de r\u00e9ussites, d&rsquo;\u00e9checs, de joies, de souffrances. Il va de soi qu&rsquo;un tel processus, dont l&rsquo;existence remonte \u00e0 douze ou quatorze milliards d&rsquo;ann\u00e9es, ne cesse pas instantan\u00e9ment. Bien au contraire.<\/p>\n<p style=\"text-align: justify;\">La manifestation la plus \u00e9vidente des forces d&rsquo;inertie \u00e9normes de cette habitude de m\u00e9moires symbolis\u00e9e par le Vieil homme est l&rsquo;agitation mentale. En bref, la force d&rsquo;inertie des habitudes du pass\u00e9 se continue et se projette dans chaque instant pr\u00e9sent. L&rsquo;enti\u00e8ret\u00e9 du probl\u00e8me peut se r\u00e9sumer en cela : d&rsquo;une part, les niveaux physiques et psychiques de la constitution humaine sont enti\u00e8rement sous l&#8217;emprise du pass\u00e9 dont ils sont la mat\u00e9rialisation. D&rsquo;autre part, le niveau du R\u00e9el, ou niveau spirituel, est un Pr\u00e9sent toujours renouvel\u00e9.<\/p>\n<p style=\"text-align: justify;\">Le pass\u00e9 et ses condensations en l&rsquo;\u00eatre humain est m\u00e9canique, r\u00e9p\u00e9titif, habituel, conflictuel. La r\u00e9alit\u00e9 ultime de l&rsquo;\u00eatre humain, de nature spirituelle est non m\u00e9canique, non r\u00e9p\u00e9titive, intemporelle, a-causale.<\/p>\n<p style=\"text-align: justify;\">Signalons ici que la plus haute mystique se trouve ici enti\u00e8rement confirm\u00e9e par la plus haute physique (aussi appel\u00e9e physique gnostique en opposition \u00e0 la physique rationaliste dite physique \u00ab fossile \u00bb).<\/p>\n<p style=\"text-align: justify;\">Le r\u00e9sum\u00e9 qui vient d&rsquo;\u00eatre expos\u00e9 a \u00ab contre lui \u00bb un aspect uniquement sp\u00e9culatif, intellectuel et m\u00e9taphysique. Nous tenterons maintenant d&rsquo;en montrer les cons\u00e9quences pratiques et \u00e9videntes telles que chacun pourra le constater en accordant plus d&rsquo;attention aux processus de sa propre pens\u00e9e, de ses actes, de ses motivations profondes. En r\u00e9sum\u00e9, nos perceptions ne sont pas imm\u00e9diates parce qu&rsquo;elles sont v\u00e9ritablement envo\u00fbt\u00e9es par la force d&rsquo;inertie des m\u00e9moires du pass\u00e9.<\/p>\n<p style=\"text-align: justify;\">La perception imm\u00e9diate implique une disponibilit\u00e9 parfaite au Pr\u00e9sent. Elle nous demande d&rsquo;\u00eatre \u00ab neufs dans l&rsquo;instant neuf \u00bb car chaque instant, au niveau le plus r\u00e9el est neuf. Elle exige la r\u00e9alisation d&rsquo;une transparence int\u00e9rieure, d&rsquo;une agilit\u00e9 de l&rsquo;esprit, d&rsquo;un ordre, d&rsquo;une clart\u00e9 et d&rsquo;un silence int\u00e9rieur tr\u00e8s \u00e9loign\u00e9s du vacarme permanent des pens\u00e9es.<\/p>\n<p style=\"text-align: justify;\">Nous avons montr\u00e9 ailleurs que la pens\u00e9e n&rsquo;est que m\u00e9moire. Il n&rsquo;y a pas de pens\u00e9e sans un mot ou plusieurs mots, conscients ou inconscients. Il n&rsquo;y a pas de pens\u00e9e sans une image ou plusieurs images, claires ou vagues, conscientes ou inconscientes. Ces mots et images ont \u00e9t\u00e9 enregistr\u00e9s ant\u00e9rieurement dans nos neurones c\u00e9r\u00e9braux. Ils ne sont que m\u00e9moires. La pens\u00e9e fonctionne de fa\u00e7on enti\u00e8rement m\u00e9canique : par d\u00e9duction ou par induction.<\/p>\n<p style=\"text-align: justify;\">Telles sont les raisons pour lesquelles Krishnamurti n&rsquo;h\u00e9site pas \u00e0 faire cette d\u00e9claration qui scandalisera ceux qui ont d\u00e9ifi\u00e9 la pens\u00e9e : \u00ab la pens\u00e9e n&rsquo;est pas l&rsquo;intelligence \u00bb. Du point de vue pratique, nous sommes la plupart enferm\u00e9s dans le processus de la pens\u00e9e, de la m\u00e9moire. Ainsi que l&rsquo;exprime Krishnamurti, \u00ab notre vie int\u00e9rieure n&rsquo;est qu&rsquo;une marche st\u00e9rile qui va du \u00ab connu \u00bb au \u00ab connu \u00bb.<\/p>\n<p style=\"text-align: justify;\">A chaque instant, des pens\u00e9es se pr\u00e9sentent dans le champ de notre esprit. Elles se pr\u00e9sentent sous forme de mots, d&rsquo;images. Tr\u00e8s souvent, ces pens\u00e9es n&rsquo;ont pas \u00e9t\u00e9 choisies de propos d\u00e9lib\u00e9r\u00e9 pour r\u00e9pondre ad\u00e9quatement aux circonstances. Ce sont les pens\u00e9es que S. Freud et St. Zweig appelaient les pens\u00e9es \u00ab intruses \u00bb. En bref, elles sont l\u00e0. Elles sont l\u00e0 comme autant d&rsquo;\u00e9chos constants, automatiques, rapides du pass\u00e9 dont l&rsquo;ombre port\u00e9e masque la clart\u00e9 du Pr\u00e9sent, ainsi que l&rsquo;exprimait admirablement notre ami Ren\u00e9 Fou\u00e9r\u00e9.<\/p>\n<p style=\"text-align: justify;\">Nous approchons maintenant de l&rsquo;essentiel du sujet. Pour quelles raisons se produit constamment et avec la rapidit\u00e9 de l&rsquo;\u00e9clair ce surgissement de pens\u00e9es, de mots, d&rsquo;images ? Quelle est l&rsquo;origine de ce processus (nomm\u00e9 processus de verbalisation par Krishnamurti) qui, au centi\u00e8me de seconde, nomme tout ce que nous voyons, tout ce que nous entendons, tout ce que nous sentons, nos propres \u00e9motions, nos peurs nos col\u00e8res, nos plaisirs ?<\/p>\n<p style=\"text-align: justify;\">Si nous r\u00e9pondons \u00e0 cette question nous sommes en mesure d&rsquo;\u00e9clairer le probl\u00e8me de l&rsquo;absence de perception imm\u00e9diate. L&rsquo;origine de ce processus est toujours la m\u00eame : la m\u00e9moire. L&rsquo;\u00e9norme r\u00e9seau de m\u00e9moires dont nous sommes l&rsquo;aboutissement a fait de nous des vieillards de douze ou quatorze milliards d&rsquo;ann\u00e9es. Ce processus de m\u00e9moires fonctionne selon une certaine habitude de dur\u00e9e, de continuit\u00e9. Et cette habitude ne veut pas cesser. Ce r\u00e9seau d&rsquo;habitude s&rsquo;est pris pour une entit\u00e9. Cette entit\u00e9 ne veut pas abdiquer. Elle veut continuer. Elle a horreur du silence int\u00e9rieur car le silence int\u00e9rieur met ses jours en danger.<\/p>\n<p style=\"text-align: justify;\">Le \u00ab Vieil homme \u00bb sait tr\u00e8s bien que la conscience n&rsquo;est pas continue. Il sait qu&rsquo;il existe des moments de silence entre les pens\u00e9es. Mais il sait que le silence int\u00e9rieur v\u00e9ritable mettrait fin \u00e0 son r\u00e8gne. Et cela, il l&rsquo;\u00e9vite \u00e0 tous prix. En d&rsquo;autres termes, l&rsquo;agitation mentale, la rapidit\u00e9 extr\u00eame de nos processus de verbalisation ne sont rien d&rsquo;autre que des r\u00e9flexes d&rsquo;auto d\u00e9fense du \u00ab Vieil homme \u00bb ou de l&rsquo;Ego, pour sauvegarder son r\u00e8gne, sa continuit\u00e9.<\/p>\n<p style=\"text-align: justify;\">Rien n&rsquo;est plus normal par le fait que l&rsquo;instinct de conservation des esp\u00e8ces illustre toute l&rsquo;histoire de l&rsquo;\u00e9volution. Il est normal que tout ayant \u00e9t\u00e9 m\u00e9moris\u00e9, le r\u00e9seau de m\u00e9moires formant le \u00ab Vieil homme \u00bb (ou l&rsquo;inconscient profond) soit empreint d&rsquo;un instinct de conservation, ou d\u00e9sir de dur\u00e9e, ou peur de se perdre. Sa strat\u00e9gie commande que nous nous sentions \u00e0 l&rsquo;aise et que nous avancions dans la vie muni du bouclier de nos certitudes, du \u00ab connu \u00bb du \u00ab d\u00e9j\u00e0 vu \u00bb. L&rsquo;inconscient profond aussi bien que le conscient \u00a0ont horreur de l&rsquo;inconnu.<\/p>\n<p style=\"text-align: justify;\">De ce fait, tout ce que nous voyons, sentons est imm\u00e9diatement nomm\u00e9, mis en cat\u00e9gorie, compar\u00e9, \u00e9valu\u00e9 en fonction du \u00ab connu \u00bb des exp\u00e9riences pass\u00e9es. Nous nous enfermons ainsi sans nous en rendre compte dans le cercle vicieux de l&rsquo;habitude, de la m\u00e9canicit\u00e9, de la dur\u00e9e, de la continuit\u00e9, du temps. En bref, ce sont l\u00e0 aux yeux des Eveill\u00e9s, les \u00e9l\u00e9ments de notre r\u00eave. En fait, nous \u00ab sommes r\u00eav\u00e9s et agis \u00bb par les \u00e9nergies accumul\u00e9es du pass\u00e9.<\/p>\n<p style=\"text-align: justify;\">Krishnamurti nous demande souvent : croyez-vous qu&rsquo;il soit absolument n\u00e9cessaire de nommer \u00ab rose \u00bb une rose ? Il nous sugg\u00e8re la r\u00e9alisation d&rsquo;une attitude d&rsquo;attention dans laquelle n&rsquo;interviennent plus nos jugements de valeurs nos comparaisons, nos choix, nos pr\u00e9f\u00e9rences, nos r\u00e9pulsions.<\/p>\n<p style=\"text-align: justify;\">Il d\u00e9clare : (<em>Au seuil du silence<\/em> p. 210).<\/p>\n<p style=\"text-align: justify;\">\u00ab <em>La perception sans paroles, autrement dit sans pens\u00e9es est un ph\u00e9nom\u00e8ne des plus \u00e9tranges. Cette perception est plus ac\u00e9r\u00e9e, non seulement dans le cerveau mais dans tous nos sens. Elle n&rsquo;est pas une particularit\u00e9 fragmentaire du mental ni une manifestation des \u00e9motions. On peut lui donner le nom de perception totale .<\/em><\/p>\n<p style=\"text-align: justify;\"><em>Percevoir sans qu&rsquo;existe le percevant dans la m\u00e9ditation c&rsquo;est communier avec toute la hauteur et la profondeur de l&rsquo;immensit\u00e9 \u00bb.<\/em><\/p>\n<p style=\"text-align: justify;\"><em>La m\u00e9ditation cependant peut exister alors que les yeux sont ouverts et que l&rsquo;on est entour\u00e9 d&rsquo;objets de toute sorte. Mais ces objets sont sans importance aucune. On les voit mais il n&rsquo;y a aucun processus de reconnaissance \u00bb.<\/em><\/p>\n<p style=\"text-align: justify;\"><em>Dans cette m\u00e9ditation il y a la plus grande extase, laquelle est sans rapport avec le plaisir. C&rsquo;est cette extase qui donne aux yeux, au cerveau et au c\u0153ur une qualit\u00e9 d&rsquo;innocence<\/em> \u00bb.<\/p>\n<p style=\"text-align: justify;\">Nous lisons plus loin dans le m\u00eame ouvrage ce fragment qui \u00e9claire et confirme nos commentaires (p. 213).<\/p>\n<p style=\"text-align: justify;\">\u00ab Un curieux aspect de la m\u00e9ditation c&rsquo;est qu&rsquo;aucun \u00e9v\u00e9nement n&rsquo;est transform\u00e9 en exp\u00e9rience. Il est l\u00e0, comme une \u00e9toile dans le ciel sans <strong>que la m\u00e9moire s&rsquo;en empare ou le saisisse, sans qu&rsquo;il ne passe par le processus habituel de la reconnaissance et de la r\u00e9action en fonction de pr\u00e9f\u00e9rences et d&rsquo;aversions<\/strong>. Une r\u00e9action est toujours r\u00e9p\u00e9titive, on <strong>la tire de la m\u00eame banque de la m\u00e9moire<\/strong> \u00bb. (C&rsquo;est nous qui soulignons parmi les textes reproduits).<\/p>\n<p style=\"text-align: justify;\">R\u00e9sumons ce qui vient d&rsquo;\u00eatre dit jusqu&rsquo;\u00e0 cet endroit : nos perceptions ne sont jamais totalement imm\u00e9diates \u00e0 la suite de l&rsquo;action tr\u00e8s importante du r\u00e9seau des m\u00e9moires qui paralyse toute possibilit\u00e9 d&rsquo;ad\u00e9quacit\u00e9 au renouveau de chaque circonstance des moments pr\u00e9sents. Les manifestations les plus \u00e9videntes, visibles et constantes de ce r\u00e9seau de m\u00e9moires ne se limitent pas au processus constant de verbalisations, de reconnaissances, de comparaisons, de choix.<\/p>\n<p style=\"text-align: justify;\">Nous serions incomplets en omettant la pr\u00e9sence constante de l&rsquo;image que chacun a de lui-m\u00eame ainsi que des \u00eatres et des choses. La rapidit\u00e9 du surgissement de l&rsquo;image que nous avons des \u00eatres et des choses ainsi que celle du processus de verbalisation r\u00e9sulte d&rsquo;une cause identique.<\/p>\n<p style=\"text-align: justify;\">Cette rapidit\u00e9 se produit automatiquement en vertu des cheminements privil\u00e9gi\u00e9s et des associations qui se sont produits dans l&rsquo;\u00e9norme r\u00e9seau de nos neurones et de nos m\u00e9moires. D\u00e8s qu&rsquo;un \u00e9v\u00e9nement, un objet ou un \u00eatre ont \u00e9t\u00e9 enregistr\u00e9s par le cerveau, des cheminements privil\u00e9gi\u00e9s s&rsquo;\u00e9tablissent dans l&rsquo;\u00e9norme r\u00e9seau de m\u00e9moires. L&rsquo;existence de ces cheminements privil\u00e9gi\u00e9s contribuent \u00e0 nous donner des faits nouveaux et actuels une image ant\u00e9rieure conditionn\u00e9e par la rencontre de ces faits, personnes, objets ou \u00e9v\u00e9nements dans le pass\u00e9. En d&rsquo;autres termes, nous sommes naturellement enclins \u00e0 voir les choses, \u00eatres, objets, non dans leur actualit\u00e9 pr\u00e9sente mais <strong>\u00e0 travers des images que ces faits<\/strong>, objets, personnes ont d\u00e9termin\u00e9 en nous <strong>dans le pass\u00e9<\/strong>.<\/p>\n<p style=\"text-align: justify;\">Ceci est la manifestation de l&rsquo;instinct de conservation du \u00ab Vieil homme \u00bb, le milliardaire des m\u00e9moires et du temps qui ne veut pas abdiquer, qui veut se \u00ab continuer \u00bb, qui \u00ab r\u00e9siste \u00bb \u00e0 la pulsation cr\u00e9atrice constituant l&rsquo;ultime r\u00e9alit\u00e9 des \u00eatres, des choses dans l&rsquo;univers (Satan viendrait du vieil arabe Sheit-an je r\u00e9siste; nous le r\u00e9p\u00e9tons \u00e0 dessein).<\/p>\n<p style=\"text-align: justify;\">Ind\u00e9pendamment de tout ce qui vient d&rsquo;\u00eatre rappel\u00e9, nous ajouterons que la perception non seulement n&rsquo;est pas imm\u00e9diate, mais aussi non globale. Pourquoi ?<\/p>\n<p style=\"text-align: justify;\">Parce que nous sommes psychologiquement des \u00eatres divis\u00e9s, fragment\u00e9s Nous ne percevons qu&rsquo;avec notre cerveau et notre mental. La perception globale implique un \u00e9tat d&rsquo;attention dans lequel intervient un \u00e9l\u00e9ment affectif fondamental. Cet \u00e9l\u00e9ment est \u00e9tranger \u00e0 toute sensiblerie sentimentale.<\/p>\n<p style=\"text-align: justify;\">La perception globale implique la r\u00e9alisation d&rsquo;un \u00e9tat d&rsquo;amour profond. Cette qualit\u00e9 d&rsquo;amour r\u00e9v\u00e8le d&rsquo;une fa\u00e7on directe et supramentale le sens de l&rsquo;intensit\u00e9 du Pr\u00e9sent. L&rsquo;Eternel pr\u00e9sent dont on parle beaucoup n&rsquo;est qu&rsquo;un mot. Ce n&rsquo;est l\u00e0 qu&rsquo;une hypoth\u00e8se st\u00e9rile si le silence int\u00e9rieur de la pens\u00e9e ne nous a pas r\u00e9v\u00e9l\u00e9 l&rsquo;intensit\u00e9 de l&rsquo;\u00e9tat d&rsquo;amour v\u00e9ritable. A ce niveau se r\u00e9v\u00e8le l&rsquo;exigence d&rsquo;un v\u00e9cu authentique. La perception globale imm\u00e9diate implique un \u00e9quilibre entre la raison et l&rsquo;amour. Elle correspond au penser-sentir de Krishnamurti.<\/p>\n<p style=\"text-align: justify;\">L&rsquo;homme du XX<sup>e<\/sup> si\u00e8cle est malheureusement enclin \u00e0 donner une supr\u00e9matie au d\u00e9veloppement intellectuel. Notre \u00e9ducation a mis en veilleuse les facult\u00e9s affectives. Ceci peut aboutir \u00e0 une situation d\u00e9sastreuse. Nombreux sont les hommes de sciences qui nous rappellent que \u00ab la fonction cr\u00e9e l&rsquo;organe \u00bb. Par cons\u00e9quent, l&rsquo;abus des fonctions intellectuelles au cours de plusieurs g\u00e9n\u00e9rations d&rsquo;\u00eatres humains peut aboutir \u00e0 un d\u00e9veloppement monstrueux du cerveau.<\/p>\n<p style=\"text-align: justify;\">Ainsi pourrait apparaitre une triste humanit\u00e9 faite de singes savants dont les savoirs encyclop\u00e9diques paralyseraient toute connaissance v\u00e9ritable par le fait que cette derni\u00e8re implique un aspect sup\u00e9rieur de l&rsquo;amour.<\/p>\n<p style=\"text-align: justify;\">Il est opportun de rappeler ici ce que Krishnamurti d\u00e9clarait \u00e0 ce propos : \u00ab un c\u0153ur sans amour est semblable \u00e0 une rivi\u00e8re qui n&rsquo;a plus d&rsquo;eau pour abreuver ses rives \u00bb. La perception globale imm\u00e9diate implique donc un \u00e9l\u00e9ment affectif sup\u00e9rieur qui nous \u00e9chappe la plupart du temps.<\/p>\n<p style=\"text-align: justify;\">Il est \u00e0 noter que, au point de vue exp\u00e9rimental, le si\u00e8ge de la conscience est per\u00e7u dans le cerveau pour l&rsquo;immense majorit\u00e9 des \u00eatres humains. Lorsque se r\u00e9alise un \u00e9tat de perception globale imm\u00e9diate, la localisation du centre de la conscience totale se d\u00e9place vers le plexus solaire. Certaines \u00e9coles orientales le situent dans le \u00ab Hara \u00bb auquel se r\u00e9f\u00e8re fr\u00e9quemment le Zen japonais.<\/p>\n<p style=\"text-align: justify;\">La pratique du Judo, de l&rsquo;A\u00efkido surtout, en montre le bien-fond\u00e9 par la red\u00e9couverte d&rsquo;une sagesse instinctive du corps humain, laquelle a \u00e9t\u00e9 perdue par suite de notre hyper-intellectualit\u00e9. Le Comte Von Durckheim a consacr\u00e9 \u00e0 l&rsquo;\u00e9tude du Hara de nombreux ouvrages qui m\u00e9ritent d&rsquo;\u00eatre examin\u00e9s. Ils refl\u00e8tent un aspect compl\u00e9mentaire de ceux que nous avons sommairement \u00e9voqu\u00e9s ici concernant la perception globale imm\u00e9diate.<\/p>\n<p style=\"text-align: justify;\">Il nous semble cependant opportun de formuler ici une r\u00e9serve. Le d\u00e9placement du centre de la conscience dans le plexus solaire ou dans le \u00ab Hara \u00bb est une cons\u00e9quence de l&rsquo;Eveil int\u00e9rieur. La pratique d&rsquo;une cons\u00e9quence indirecte de l&rsquo;Eveil int\u00e9rieur ne peut pas automatiquement apporter un tel Eveil. Le processus est irr\u00e9versible.<\/p>\n<p style=\"text-align: justify;\">Le Sage poserait imm\u00e9diatement la question \u00ab Qui \u00bb pratique \u00ab\u00a0quoi \u00bb ? \u00ab Qui \u00bb veut atteindre \u00ab quoi \u00bb ? Nous touchons ici \u00e0 l&rsquo;un des points les plus fondamentaux de la \u00ab pratique \u00bb qui permet de pr\u00e9ciser la diff\u00e9rence d&rsquo;approche entre la Voie abrupte et les voies progressives.<\/p>\n<p style=\"text-align: justify;\">Il n&rsquo;est pas question ici de nous perdre dans des querelles absurdes et st\u00e9riles d&rsquo;\u00e9coles philosophiques. Nous souhaitons simplement que le lecteur prenne lui-m\u00eame conscience, par lui-m\u00eame et en lui-m\u00eame, du processus de sa propre pens\u00e9e, de l&#8217;emprise que les m\u00e9moires du pass\u00e9 exercent sur sa conscience pr\u00e9sente, et, de ce fait, soit en \u00e9tat de r\u00e9aliser v\u00e9ritablement la perception globale imm\u00e9diate avec les richesses in\u00e9puisables de force, de lumi\u00e8re int\u00e9rieure et d&rsquo;amour qu&rsquo;elle comporte.<\/p>\n<p style=\"text-align: right;\">Robert LINSSEN<\/p>\n<p style=\"text-align: right;\">juin 1981<\/p>\n<p style=\"text-align: center;\"><strong>MEDITATIONS<\/strong><\/p>\n<p style=\"text-align: justify;\">Lorsque notre regard se pose sur une table, nous voyons une surface lisse. Le bois nous semble immobile, compact, homog\u00e8ne.<\/p>\n<p style=\"text-align: justify;\">La physique nous enseigne qu&rsquo;une \u00ab surface \u00bb n&rsquo;existe pas. La surface est un ph\u00e9nom\u00e8ne interf\u00e9rentiel conditionn\u00e9 par la position d&rsquo;un observateur et son \u00e9chelle d&rsquo;observation. Rien n&rsquo;est immobile. Tout se meut intens\u00e9ment. Des vides aussi importants que ceux s\u00e9parant les \u00e9toiles (toutes proportions gard\u00e9es) existent entre les atomes. Alors ?<\/p>\n<p style=\"text-align: justify;\">Par le sens du toucher, ce fragment de marbre semble solide. La physique nous montre que les particules ne sont qu&rsquo;ondes, rayonnements, sans aucune solidit\u00e9. Il s&rsquo;agit d&rsquo;un ph\u00e9nom\u00e8ne interf\u00e9rentiel, entre un observateur et une \u00e9chelle d&rsquo;observation particuli\u00e8re.<\/p>\n<p style=\"text-align: justify;\">Selon la physique gnostique et les travaux de David Bohm, ce que nous concevons comme tangible, solide est une r\u00e9alit\u00e9 \u00ab flou \u00bb, \u00ab \u00e9vanescent \u00bb par rapport \u00e0 la r\u00e9alit\u00e9 essentielle du monde mat\u00e9riel. Celle-ci est comparable \u00e0 un vaste oc\u00e9an de feu, en perp\u00e9tuel mouvement de cr\u00e9ation. Elle est supr\u00eamement solide mais d&rsquo;une solidit\u00e9 diff\u00e9rente de celle qui nous est famili\u00e8re. Krishnamurti parle d&rsquo;une \u00ab \u00e9norme solidit\u00e9 \u00bb. Alors ?<\/p>\n<p style=\"text-align: justify;\"><strong>BIBLIOGRAPHIE<\/strong><\/p>\n<p style=\"text-align: justify;\">\u2014 D. BOHM, K. PRIBRAM, Fr. CAPRA, etc. : \u00ab Science et Conscience \u00bb, \u00e9d. Stock, Paris 1980.<\/p>\n<p style=\"text-align: justify;\">\u2014 Dr. Th. BROSSE : \u00ab La Conscience \u00c9nergie \u00bb, \u00e9d. Pr\u00e9sence.<\/p>\n<p style=\"text-align: justify;\">\u2014 R. LINSSEN : \u00ab La m\u00e9ditation v\u00e9ritable \u00bb, Courrier du Livre, Paris 1975.<\/p>\n<p style=\"text-align: justify;\">\u2014 R. LINSSEN : \u00ab La mutation spirituelle du III<sup>\u00e8me<\/sup> mill\u00e9naire \u00bb, \u00e9d. Courrier du Livre, Paris 1981.<\/p>\n<p style=\"text-align: justify;\">\u2014 Fr. CAPRA : \u00ab Le Tao de la physique \u00bb, \u00e9d. Tchou, Paris.<\/p>\n<p style=\"text-align: justify;\">\u2014 J. KRISHNAMURTI : \u00ab Au seuil du silence \u00bb, \u00e9d. Courrier du Livre, Paris.<\/p>\n<p style=\"text-align: justify;\">\u2014 Gr. Von DURCKHEIM : \u00ab Hara \u00bb, Courrier du Livre, Paris.<\/p>\n<p style=\"text-align: justify;\">\u2014 R. LINSSEN et R. NIRMAYANANDA : \u00ab <a href=\"http:\/\/www.revue3emillenaire.com\/lire\/lire.php?pid=518\" target=\"_blank\">La Divine F\u00e9erie<\/a> \u00bb, \u00e9d. Courrier du livre 1981<\/p>\n","protected":false},"excerpt":{"rendered":"<p>A chaque instant, des pens\u00e9es se pr\u00e9sentent dans le champ de notre esprit. Elles se pr\u00e9sentent sous forme de mots, d&rsquo;images. Tr\u00e8s souvent, ces pens\u00e9es n&rsquo;ont pas \u00e9t\u00e9 choisies de propos d\u00e9lib\u00e9r\u00e9 pour r\u00e9pondre ad\u00e9quatement aux circonstances. Ce sont les pens\u00e9es que S. Freud et St. Zweig appelaient les pens\u00e9es \u00ab intruses \u00bb. En bref, elles sont l\u00e0. Elles sont l\u00e0 comme autant d&rsquo;\u00e9chos constants, automatiques, rapides du pass\u00e9 dont l&rsquo;ombre port\u00e9e masque la clart\u00e9 du Pr\u00e9sent<\/p>\n","protected":false},"author":1,"featured_media":0,"comment_status":"closed","ping_status":"closed","sticky":false,"template":"","format":"standard","meta":{"footnotes":""},"categories":[66],"tags":[95,22,6,14,8,104],"class_list":["post-6261","post","type-post","status-publish","format-standard","hentry","category-r-linssen","tag-attention","tag-conditionnement","tag-krishnamurti","tag-meditation","tag-non-dualite","tag-pensee"],"yoast_head":"<!-- This site is optimized with the Yoast SEO plugin v27.0 - https:\/\/yoast.com\/product\/yoast-seo-wordpress\/ -->\n<title>La perception globale imm\u00e9diate par R. Linssen - 3e mill\u00e9naire - Spiritualit\u00e9 - Connaissance de soi - Non-dualit\u00e9 - M\u00e9ditation<\/title>\n<meta name=\"robots\" content=\"index, follow, max-snippet:-1, max-image-preview:large, max-video-preview:-1\" \/>\n<link rel=\"canonical\" href=\"https:\/\/www.revue3emillenaire.com\/blog\/la-perception-globale-immediate-par-r-linssen\/\" \/>\n<meta property=\"og:locale\" content=\"fr_FR\" \/>\n<meta property=\"og:type\" content=\"article\" \/>\n<meta property=\"og:title\" content=\"La perception globale imm\u00e9diate par R. Linssen - 3e mill\u00e9naire - Spiritualit\u00e9 - Connaissance de soi - Non-dualit\u00e9 - M\u00e9ditation\" \/>\n<meta property=\"og:description\" content=\"A chaque instant, des pens\u00e9es se pr\u00e9sentent dans le champ de notre esprit. Elles se pr\u00e9sentent sous forme de mots, d&#039;images. Tr\u00e8s souvent, ces pens\u00e9es n&#039;ont pas \u00e9t\u00e9 choisies de propos d\u00e9lib\u00e9r\u00e9 pour r\u00e9pondre ad\u00e9quatement aux circonstances. Ce sont les pens\u00e9es que S. Freud et St. Zweig appelaient les pens\u00e9es \u00ab intruses \u00bb. En bref, elles sont l\u00e0. Elles sont l\u00e0 comme autant d&#039;\u00e9chos constants, automatiques, rapides du pass\u00e9 dont l&#039;ombre port\u00e9e masque la clart\u00e9 du Pr\u00e9sent\" \/>\n<meta property=\"og:url\" content=\"https:\/\/www.revue3emillenaire.com\/blog\/la-perception-globale-immediate-par-r-linssen\/\" \/>\n<meta property=\"og:site_name\" content=\"3e mill\u00e9naire - Spiritualit\u00e9 - Connaissance de soi - Non-dualit\u00e9 - M\u00e9ditation\" \/>\n<meta property=\"article:published_time\" content=\"2010-12-29T03:10:48+00:00\" \/>\n<meta property=\"article:modified_time\" content=\"2011-09-20T02:10:23+00:00\" \/>\n<meta property=\"og:image\" content=\"http:\/\/pro.ovh.net\/~emillena\/blog\/wp-content\/uploads\/2010\/12\/LostFile_JPG_1902-236x300.jpg\" \/>\n<meta name=\"author\" content=\"3e mill\u00e9naire\" \/>\n<meta name=\"twitter:card\" content=\"summary_large_image\" \/>\n<meta name=\"twitter:label1\" content=\"\u00c9crit par\" \/>\n\t<meta name=\"twitter:data1\" content=\"3e mill\u00e9naire\" \/>\n\t<meta name=\"twitter:label2\" content=\"Dur\u00e9e de lecture estim\u00e9e\" \/>\n\t<meta name=\"twitter:data2\" content=\"18 minutes\" \/>\n<script type=\"application\/ld+json\" class=\"yoast-schema-graph\">{\"@context\":\"https:\/\/schema.org\",\"@graph\":[{\"@type\":\"Article\",\"@id\":\"https:\/\/www.revue3emillenaire.com\/blog\/la-perception-globale-immediate-par-r-linssen\/#article\",\"isPartOf\":{\"@id\":\"https:\/\/www.revue3emillenaire.com\/blog\/la-perception-globale-immediate-par-r-linssen\/\"},\"author\":{\"name\":\"3e mill\u00e9naire\",\"@id\":\"https:\/\/www.revue3emillenaire.com\/blog\/#\/schema\/person\/9a3a7cc4ccaa707f402d4394327106d5\"},\"headline\":\"La perception globale imm\u00e9diate par R. Linssen\",\"datePublished\":\"2010-12-29T03:10:48+00:00\",\"dateModified\":\"2011-09-20T02:10:23+00:00\",\"mainEntityOfPage\":{\"@id\":\"https:\/\/www.revue3emillenaire.com\/blog\/la-perception-globale-immediate-par-r-linssen\/\"},\"wordCount\":3561,\"image\":{\"@id\":\"https:\/\/www.revue3emillenaire.com\/blog\/la-perception-globale-immediate-par-r-linssen\/#primaryimage\"},\"thumbnailUrl\":\"http:\/\/pro.ovh.net\/~emillena\/blog\/wp-content\/uploads\/2010\/12\/LostFile_JPG_1902-236x300.jpg\",\"keywords\":[\"Attention\",\"Conditionnement\",\"Krishnamurti\",\"M\u00e9ditation\",\"Non-dualit\u00e9\",\"Pens\u00e9e\"],\"articleSection\":[\"Linssen Robert\"],\"inLanguage\":\"fr-FR\"},{\"@type\":\"WebPage\",\"@id\":\"https:\/\/www.revue3emillenaire.com\/blog\/la-perception-globale-immediate-par-r-linssen\/\",\"url\":\"https:\/\/www.revue3emillenaire.com\/blog\/la-perception-globale-immediate-par-r-linssen\/\",\"name\":\"La perception globale imm\u00e9diate par R. Linssen - 3e mill\u00e9naire - Spiritualit\u00e9 - Connaissance de soi - Non-dualit\u00e9 - M\u00e9ditation\",\"isPartOf\":{\"@id\":\"https:\/\/www.revue3emillenaire.com\/blog\/#website\"},\"primaryImageOfPage\":{\"@id\":\"https:\/\/www.revue3emillenaire.com\/blog\/la-perception-globale-immediate-par-r-linssen\/#primaryimage\"},\"image\":{\"@id\":\"https:\/\/www.revue3emillenaire.com\/blog\/la-perception-globale-immediate-par-r-linssen\/#primaryimage\"},\"thumbnailUrl\":\"http:\/\/pro.ovh.net\/~emillena\/blog\/wp-content\/uploads\/2010\/12\/LostFile_JPG_1902-236x300.jpg\",\"datePublished\":\"2010-12-29T03:10:48+00:00\",\"dateModified\":\"2011-09-20T02:10:23+00:00\",\"author\":{\"@id\":\"https:\/\/www.revue3emillenaire.com\/blog\/#\/schema\/person\/9a3a7cc4ccaa707f402d4394327106d5\"},\"breadcrumb\":{\"@id\":\"https:\/\/www.revue3emillenaire.com\/blog\/la-perception-globale-immediate-par-r-linssen\/#breadcrumb\"},\"inLanguage\":\"fr-FR\",\"potentialAction\":[{\"@type\":\"ReadAction\",\"target\":[\"https:\/\/www.revue3emillenaire.com\/blog\/la-perception-globale-immediate-par-r-linssen\/\"]}]},{\"@type\":\"ImageObject\",\"inLanguage\":\"fr-FR\",\"@id\":\"https:\/\/www.revue3emillenaire.com\/blog\/la-perception-globale-immediate-par-r-linssen\/#primaryimage\",\"url\":\"http:\/\/pro.ovh.net\/~emillena\/blog\/wp-content\/uploads\/2010\/12\/LostFile_JPG_1902-236x300.jpg\",\"contentUrl\":\"http:\/\/pro.ovh.net\/~emillena\/blog\/wp-content\/uploads\/2010\/12\/LostFile_JPG_1902-236x300.jpg\"},{\"@type\":\"BreadcrumbList\",\"@id\":\"https:\/\/www.revue3emillenaire.com\/blog\/la-perception-globale-immediate-par-r-linssen\/#breadcrumb\",\"itemListElement\":[{\"@type\":\"ListItem\",\"position\":1,\"name\":\"Accueil\",\"item\":\"https:\/\/www.revue3emillenaire.com\/blog\/\"},{\"@type\":\"ListItem\",\"position\":2,\"name\":\"La perception globale imm\u00e9diate par R. Linssen\"}]},{\"@type\":\"WebSite\",\"@id\":\"https:\/\/www.revue3emillenaire.com\/blog\/#website\",\"url\":\"https:\/\/www.revue3emillenaire.com\/blog\/\",\"name\":\"3e mill\u00e9naire - Spiritualit\u00e9 - Connaissance de soi - Non-dualit\u00e9 - M\u00e9ditation\",\"description\":\"L&#039;Homme en devenir\",\"potentialAction\":[{\"@type\":\"SearchAction\",\"target\":{\"@type\":\"EntryPoint\",\"urlTemplate\":\"https:\/\/www.revue3emillenaire.com\/blog\/?s={search_term_string}\"},\"query-input\":{\"@type\":\"PropertyValueSpecification\",\"valueRequired\":true,\"valueName\":\"search_term_string\"}}],\"inLanguage\":\"fr-FR\"},{\"@type\":\"Person\",\"@id\":\"https:\/\/www.revue3emillenaire.com\/blog\/#\/schema\/person\/9a3a7cc4ccaa707f402d4394327106d5\",\"name\":\"3e mill\u00e9naire\",\"url\":\"https:\/\/www.revue3emillenaire.com\/blog\/author\/admin\/\"}]}<\/script>\n<!-- \/ Yoast SEO plugin. -->","yoast_head_json":{"title":"La perception globale imm\u00e9diate par R. Linssen - 3e mill\u00e9naire - Spiritualit\u00e9 - Connaissance de soi - Non-dualit\u00e9 - M\u00e9ditation","robots":{"index":"index","follow":"follow","max-snippet":"max-snippet:-1","max-image-preview":"max-image-preview:large","max-video-preview":"max-video-preview:-1"},"canonical":"https:\/\/www.revue3emillenaire.com\/blog\/la-perception-globale-immediate-par-r-linssen\/","og_locale":"fr_FR","og_type":"article","og_title":"La perception globale imm\u00e9diate par R. Linssen - 3e mill\u00e9naire - Spiritualit\u00e9 - Connaissance de soi - Non-dualit\u00e9 - M\u00e9ditation","og_description":"A chaque instant, des pens\u00e9es se pr\u00e9sentent dans le champ de notre esprit. Elles se pr\u00e9sentent sous forme de mots, d'images. Tr\u00e8s souvent, ces pens\u00e9es n'ont pas \u00e9t\u00e9 choisies de propos d\u00e9lib\u00e9r\u00e9 pour r\u00e9pondre ad\u00e9quatement aux circonstances. Ce sont les pens\u00e9es que S. Freud et St. Zweig appelaient les pens\u00e9es \u00ab intruses \u00bb. En bref, elles sont l\u00e0. Elles sont l\u00e0 comme autant d'\u00e9chos constants, automatiques, rapides du pass\u00e9 dont l'ombre port\u00e9e masque la clart\u00e9 du Pr\u00e9sent","og_url":"https:\/\/www.revue3emillenaire.com\/blog\/la-perception-globale-immediate-par-r-linssen\/","og_site_name":"3e mill\u00e9naire - Spiritualit\u00e9 - Connaissance de soi - Non-dualit\u00e9 - M\u00e9ditation","article_published_time":"2010-12-29T03:10:48+00:00","article_modified_time":"2011-09-20T02:10:23+00:00","og_image":[{"url":"http:\/\/pro.ovh.net\/~emillena\/blog\/wp-content\/uploads\/2010\/12\/LostFile_JPG_1902-236x300.jpg","type":"","width":"","height":""}],"author":"3e mill\u00e9naire","twitter_card":"summary_large_image","twitter_misc":{"\u00c9crit par":"3e mill\u00e9naire","Dur\u00e9e de lecture estim\u00e9e":"18 minutes"},"schema":{"@context":"https:\/\/schema.org","@graph":[{"@type":"Article","@id":"https:\/\/www.revue3emillenaire.com\/blog\/la-perception-globale-immediate-par-r-linssen\/#article","isPartOf":{"@id":"https:\/\/www.revue3emillenaire.com\/blog\/la-perception-globale-immediate-par-r-linssen\/"},"author":{"name":"3e mill\u00e9naire","@id":"https:\/\/www.revue3emillenaire.com\/blog\/#\/schema\/person\/9a3a7cc4ccaa707f402d4394327106d5"},"headline":"La perception globale imm\u00e9diate par R. Linssen","datePublished":"2010-12-29T03:10:48+00:00","dateModified":"2011-09-20T02:10:23+00:00","mainEntityOfPage":{"@id":"https:\/\/www.revue3emillenaire.com\/blog\/la-perception-globale-immediate-par-r-linssen\/"},"wordCount":3561,"image":{"@id":"https:\/\/www.revue3emillenaire.com\/blog\/la-perception-globale-immediate-par-r-linssen\/#primaryimage"},"thumbnailUrl":"http:\/\/pro.ovh.net\/~emillena\/blog\/wp-content\/uploads\/2010\/12\/LostFile_JPG_1902-236x300.jpg","keywords":["Attention","Conditionnement","Krishnamurti","M\u00e9ditation","Non-dualit\u00e9","Pens\u00e9e"],"articleSection":["Linssen Robert"],"inLanguage":"fr-FR"},{"@type":"WebPage","@id":"https:\/\/www.revue3emillenaire.com\/blog\/la-perception-globale-immediate-par-r-linssen\/","url":"https:\/\/www.revue3emillenaire.com\/blog\/la-perception-globale-immediate-par-r-linssen\/","name":"La perception globale imm\u00e9diate par R. Linssen - 3e mill\u00e9naire - Spiritualit\u00e9 - Connaissance de soi - Non-dualit\u00e9 - M\u00e9ditation","isPartOf":{"@id":"https:\/\/www.revue3emillenaire.com\/blog\/#website"},"primaryImageOfPage":{"@id":"https:\/\/www.revue3emillenaire.com\/blog\/la-perception-globale-immediate-par-r-linssen\/#primaryimage"},"image":{"@id":"https:\/\/www.revue3emillenaire.com\/blog\/la-perception-globale-immediate-par-r-linssen\/#primaryimage"},"thumbnailUrl":"http:\/\/pro.ovh.net\/~emillena\/blog\/wp-content\/uploads\/2010\/12\/LostFile_JPG_1902-236x300.jpg","datePublished":"2010-12-29T03:10:48+00:00","dateModified":"2011-09-20T02:10:23+00:00","author":{"@id":"https:\/\/www.revue3emillenaire.com\/blog\/#\/schema\/person\/9a3a7cc4ccaa707f402d4394327106d5"},"breadcrumb":{"@id":"https:\/\/www.revue3emillenaire.com\/blog\/la-perception-globale-immediate-par-r-linssen\/#breadcrumb"},"inLanguage":"fr-FR","potentialAction":[{"@type":"ReadAction","target":["https:\/\/www.revue3emillenaire.com\/blog\/la-perception-globale-immediate-par-r-linssen\/"]}]},{"@type":"ImageObject","inLanguage":"fr-FR","@id":"https:\/\/www.revue3emillenaire.com\/blog\/la-perception-globale-immediate-par-r-linssen\/#primaryimage","url":"http:\/\/pro.ovh.net\/~emillena\/blog\/wp-content\/uploads\/2010\/12\/LostFile_JPG_1902-236x300.jpg","contentUrl":"http:\/\/pro.ovh.net\/~emillena\/blog\/wp-content\/uploads\/2010\/12\/LostFile_JPG_1902-236x300.jpg"},{"@type":"BreadcrumbList","@id":"https:\/\/www.revue3emillenaire.com\/blog\/la-perception-globale-immediate-par-r-linssen\/#breadcrumb","itemListElement":[{"@type":"ListItem","position":1,"name":"Accueil","item":"https:\/\/www.revue3emillenaire.com\/blog\/"},{"@type":"ListItem","position":2,"name":"La perception globale imm\u00e9diate par R. Linssen"}]},{"@type":"WebSite","@id":"https:\/\/www.revue3emillenaire.com\/blog\/#website","url":"https:\/\/www.revue3emillenaire.com\/blog\/","name":"3e mill\u00e9naire - Spiritualit\u00e9 - Connaissance de soi - Non-dualit\u00e9 - M\u00e9ditation","description":"L&#039;Homme en devenir","potentialAction":[{"@type":"SearchAction","target":{"@type":"EntryPoint","urlTemplate":"https:\/\/www.revue3emillenaire.com\/blog\/?s={search_term_string}"},"query-input":{"@type":"PropertyValueSpecification","valueRequired":true,"valueName":"search_term_string"}}],"inLanguage":"fr-FR"},{"@type":"Person","@id":"https:\/\/www.revue3emillenaire.com\/blog\/#\/schema\/person\/9a3a7cc4ccaa707f402d4394327106d5","name":"3e mill\u00e9naire","url":"https:\/\/www.revue3emillenaire.com\/blog\/author\/admin\/"}]}},"_links":{"self":[{"href":"https:\/\/www.revue3emillenaire.com\/blog\/wp-json\/wp\/v2\/posts\/6261","targetHints":{"allow":["GET"]}}],"collection":[{"href":"https:\/\/www.revue3emillenaire.com\/blog\/wp-json\/wp\/v2\/posts"}],"about":[{"href":"https:\/\/www.revue3emillenaire.com\/blog\/wp-json\/wp\/v2\/types\/post"}],"author":[{"embeddable":true,"href":"https:\/\/www.revue3emillenaire.com\/blog\/wp-json\/wp\/v2\/users\/1"}],"replies":[{"embeddable":true,"href":"https:\/\/www.revue3emillenaire.com\/blog\/wp-json\/wp\/v2\/comments?post=6261"}],"version-history":[{"count":0,"href":"https:\/\/www.revue3emillenaire.com\/blog\/wp-json\/wp\/v2\/posts\/6261\/revisions"}],"wp:attachment":[{"href":"https:\/\/www.revue3emillenaire.com\/blog\/wp-json\/wp\/v2\/media?parent=6261"}],"wp:term":[{"taxonomy":"category","embeddable":true,"href":"https:\/\/www.revue3emillenaire.com\/blog\/wp-json\/wp\/v2\/categories?post=6261"},{"taxonomy":"post_tag","embeddable":true,"href":"https:\/\/www.revue3emillenaire.com\/blog\/wp-json\/wp\/v2\/tags?post=6261"}],"curies":[{"name":"wp","href":"https:\/\/api.w.org\/{rel}","templated":true}]}}