{"id":6376,"date":"2011-01-10T14:11:21","date_gmt":"2011-01-10T13:11:21","guid":{"rendered":"http:\/\/pro.ovh.net\/~emillena\/blog\/?p=6376"},"modified":"2011-09-20T03:07:19","modified_gmt":"2011-09-20T02:07:19","slug":"pensees-par-pascal-de-neufville","status":"publish","type":"post","link":"https:\/\/www.revue3emillenaire.com\/blog\/pensees-par-pascal-de-neufville\/","title":{"rendered":"Pens\u00e9es par Pascal de Neufville"},"content":{"rendered":"<p style=\"text-align: justify;\">(Revue \u00catre Libre. N<sup>o<\/sup> 292. Juillet-Septembre 1982)<\/p>\n<p style=\"text-align: justify;\">\n<p style=\"text-align: justify;\">Il ne s&rsquo;agit pas de se d\u00e9barrasser du connu par exclusion mais il s&rsquo;agit de le comprendre totalement, compl\u00e8tent seul, sans interm\u00e9diaire, honn\u00eatement.<\/p>\n<p style=\"text-align: justify;\">\n<p style=\"text-align: justify;\">Par cette compr\u00e9hension globale, sans concession, il y a lib\u00e9ration du connu; celui-ci est remis \u00e0 sa juste place, il n&rsquo;est plus cause de conflit.<\/p>\n<p style=\"text-align: justify;\">\n<p style=\"text-align: justify;\">Il est difficile de r\u00e9aliser que l&rsquo;on ne peut pas agir sur la pens\u00e9e puisqu&rsquo;on est cette pens\u00e9e m\u00eame. Et pourtant, cette s\u00e9paration du penseur de sa pens\u00e9e est \u00e0 l&rsquo;origine de tous les conflits.<\/p>\n<p style=\"text-align: justify;\">\n<p style=\"text-align: justify;\">Lorsque le \u00ab je \u00bb prend conscience qu&rsquo;il EST cette pens\u00e9e et que cette pens\u00e9e ne peut saisir le pr\u00e9sent, puisqu&rsquo;elle est le r\u00e9sultat du pass\u00e9, alors la pens\u00e9e s&rsquo;\u00e9puise d&rsquo;elle-m\u00eame et le \u00ab je \u00bb \u00e9galement.<\/p>\n<p style=\"text-align: justify;\">\n<p style=\"text-align: justify;\">Qu&rsquo;est-ce qu&rsquo;un individu pleinement responsable ?<\/p>\n<p style=\"text-align: justify;\">\n<p style=\"text-align: justify;\">C&rsquo;est un \u00eatre qui ayant compris globalement son appartenance au monde agit en cons\u00e9quence.<\/p>\n<p style=\"text-align: justify;\">\n<p style=\"text-align: justify;\">Il est essentiel d&rsquo;observer tr\u00e8s attentivement lorsqu&rsquo;on fait un projet d&rsquo;ordre mat\u00e9riel (planning, organisation d&rsquo;un emploi du temps, \u00e9ch\u00e9ances diverses, voyages etc..). si on ne superpose pas au temps chronologique in\u00e9vitable le temps psychologique illusoire, si on ne projette pas une image de soi-m\u00eame, une image du pass\u00e9, donc une image morte, vers un futur o\u00f9 l&rsquo;on serait plus ou moins que ce que l&rsquo;on \u00e9tait ou ce que l&rsquo;on croit \u00eatre \u00e0 pr\u00e9sent.<\/p>\n<p style=\"text-align: justify;\">\n<p style=\"text-align: justify;\">Il n&rsquo;y a de futur que dans le calendrier, on ne peut l&rsquo;appr\u00e9hender que sous cet angle, car autrement on se retrouve dans un v\u00e9cu conflictuel, un mirage.<\/p>\n<p style=\"text-align: justify;\">\n<p style=\"text-align: justify;\">La pens\u00e9e est simplement un courant secondaire du m\u00eame fleuve Energie ayant fonction la pr\u00e9servation de l&rsquo;organisme vivant.<\/p>\n","protected":false},"excerpt":{"rendered":"<p>Il est difficile de r\u00e9aliser que l&rsquo;on ne peut pas agir sur la pens\u00e9e puisqu&rsquo;on est cette pens\u00e9e m\u00eame. Et pourtant, cette s\u00e9paration du penseur de sa pens\u00e9e est \u00e0 l&rsquo;origine de tous les conflits.<\/p>\n","protected":false},"author":1,"featured_media":0,"comment_status":"closed","ping_status":"closed","sticky":false,"template":"","format":"standard","meta":{"footnotes":""},"categories":[879],"tags":[1347],"class_list":["post-6376","post","type-post","status-publish","format-standard","hentry","category-de-neufville-pascal","tag-spiritualite"],"yoast_head":"<!-- This site is optimized with the Yoast SEO plugin v27.0 - https:\/\/yoast.com\/product\/yoast-seo-wordpress\/ -->\n<title>Pens\u00e9es par Pascal de Neufville - 3e mill\u00e9naire - Spiritualit\u00e9 - Connaissance de soi - Non-dualit\u00e9 - M\u00e9ditation<\/title>\n<meta name=\"robots\" content=\"index, follow, max-snippet:-1, max-image-preview:large, max-video-preview:-1\" \/>\n<link rel=\"canonical\" href=\"https:\/\/www.revue3emillenaire.com\/blog\/pensees-par-pascal-de-neufville\/\" \/>\n<meta property=\"og:locale\" content=\"fr_FR\" \/>\n<meta property=\"og:type\" content=\"article\" \/>\n<meta property=\"og:title\" content=\"Pens\u00e9es par Pascal de Neufville - 3e mill\u00e9naire - Spiritualit\u00e9 - Connaissance de soi - Non-dualit\u00e9 - M\u00e9ditation\" \/>\n<meta property=\"og:description\" content=\"Il est difficile de r\u00e9aliser que l&#039;on ne peut pas agir sur la pens\u00e9e puisqu&#039;on est cette pens\u00e9e m\u00eame. Et pourtant, cette s\u00e9paration du penseur de sa pens\u00e9e est \u00e0 l&#039;origine de tous les conflits.\" \/>\n<meta property=\"og:url\" content=\"https:\/\/www.revue3emillenaire.com\/blog\/pensees-par-pascal-de-neufville\/\" \/>\n<meta property=\"og:site_name\" content=\"3e mill\u00e9naire - Spiritualit\u00e9 - Connaissance de soi - Non-dualit\u00e9 - M\u00e9ditation\" \/>\n<meta property=\"article:published_time\" content=\"2011-01-10T13:11:21+00:00\" \/>\n<meta property=\"article:modified_time\" content=\"2011-09-20T02:07:19+00:00\" \/>\n<meta name=\"author\" content=\"3e mill\u00e9naire\" \/>\n<meta name=\"twitter:card\" content=\"summary_large_image\" \/>\n<meta name=\"twitter:label1\" content=\"\u00c9crit par\" \/>\n\t<meta name=\"twitter:data1\" content=\"3e mill\u00e9naire\" \/>\n\t<meta name=\"twitter:label2\" content=\"Dur\u00e9e de lecture estim\u00e9e\" \/>\n\t<meta name=\"twitter:data2\" content=\"1 minute\" \/>\n<script type=\"application\/ld+json\" class=\"yoast-schema-graph\">{\"@context\":\"https:\/\/schema.org\",\"@graph\":[{\"@type\":\"Article\",\"@id\":\"https:\/\/www.revue3emillenaire.com\/blog\/pensees-par-pascal-de-neufville\/#article\",\"isPartOf\":{\"@id\":\"https:\/\/www.revue3emillenaire.com\/blog\/pensees-par-pascal-de-neufville\/\"},\"author\":{\"name\":\"3e mill\u00e9naire\",\"@id\":\"https:\/\/www.revue3emillenaire.com\/blog\/#\/schema\/person\/9a3a7cc4ccaa707f402d4394327106d5\"},\"headline\":\"Pens\u00e9es par Pascal de Neufville\",\"datePublished\":\"2011-01-10T13:11:21+00:00\",\"dateModified\":\"2011-09-20T02:07:19+00:00\",\"mainEntityOfPage\":{\"@id\":\"https:\/\/www.revue3emillenaire.com\/blog\/pensees-par-pascal-de-neufville\/\"},\"wordCount\":294,\"keywords\":[\"Spiritualit\u00e9\"],\"articleSection\":[\"de Neufville Pascal\"],\"inLanguage\":\"fr-FR\"},{\"@type\":\"WebPage\",\"@id\":\"https:\/\/www.revue3emillenaire.com\/blog\/pensees-par-pascal-de-neufville\/\",\"url\":\"https:\/\/www.revue3emillenaire.com\/blog\/pensees-par-pascal-de-neufville\/\",\"name\":\"Pens\u00e9es par Pascal de Neufville - 3e mill\u00e9naire - Spiritualit\u00e9 - Connaissance de soi - Non-dualit\u00e9 - M\u00e9ditation\",\"isPartOf\":{\"@id\":\"https:\/\/www.revue3emillenaire.com\/blog\/#website\"},\"datePublished\":\"2011-01-10T13:11:21+00:00\",\"dateModified\":\"2011-09-20T02:07:19+00:00\",\"author\":{\"@id\":\"https:\/\/www.revue3emillenaire.com\/blog\/#\/schema\/person\/9a3a7cc4ccaa707f402d4394327106d5\"},\"breadcrumb\":{\"@id\":\"https:\/\/www.revue3emillenaire.com\/blog\/pensees-par-pascal-de-neufville\/#breadcrumb\"},\"inLanguage\":\"fr-FR\",\"potentialAction\":[{\"@type\":\"ReadAction\",\"target\":[\"https:\/\/www.revue3emillenaire.com\/blog\/pensees-par-pascal-de-neufville\/\"]}]},{\"@type\":\"BreadcrumbList\",\"@id\":\"https:\/\/www.revue3emillenaire.com\/blog\/pensees-par-pascal-de-neufville\/#breadcrumb\",\"itemListElement\":[{\"@type\":\"ListItem\",\"position\":1,\"name\":\"Accueil\",\"item\":\"https:\/\/www.revue3emillenaire.com\/blog\/\"},{\"@type\":\"ListItem\",\"position\":2,\"name\":\"Pens\u00e9es par Pascal de Neufville\"}]},{\"@type\":\"WebSite\",\"@id\":\"https:\/\/www.revue3emillenaire.com\/blog\/#website\",\"url\":\"https:\/\/www.revue3emillenaire.com\/blog\/\",\"name\":\"3e mill\u00e9naire - Spiritualit\u00e9 - Connaissance de soi - Non-dualit\u00e9 - M\u00e9ditation\",\"description\":\"L&#039;Homme en devenir\",\"potentialAction\":[{\"@type\":\"SearchAction\",\"target\":{\"@type\":\"EntryPoint\",\"urlTemplate\":\"https:\/\/www.revue3emillenaire.com\/blog\/?s={search_term_string}\"},\"query-input\":{\"@type\":\"PropertyValueSpecification\",\"valueRequired\":true,\"valueName\":\"search_term_string\"}}],\"inLanguage\":\"fr-FR\"},{\"@type\":\"Person\",\"@id\":\"https:\/\/www.revue3emillenaire.com\/blog\/#\/schema\/person\/9a3a7cc4ccaa707f402d4394327106d5\",\"name\":\"3e mill\u00e9naire\",\"url\":\"https:\/\/www.revue3emillenaire.com\/blog\/author\/admin\/\"}]}<\/script>\n<!-- \/ Yoast SEO plugin. -->","yoast_head_json":{"title":"Pens\u00e9es par Pascal de Neufville - 3e mill\u00e9naire - Spiritualit\u00e9 - Connaissance de soi - Non-dualit\u00e9 - M\u00e9ditation","robots":{"index":"index","follow":"follow","max-snippet":"max-snippet:-1","max-image-preview":"max-image-preview:large","max-video-preview":"max-video-preview:-1"},"canonical":"https:\/\/www.revue3emillenaire.com\/blog\/pensees-par-pascal-de-neufville\/","og_locale":"fr_FR","og_type":"article","og_title":"Pens\u00e9es par Pascal de Neufville - 3e mill\u00e9naire - Spiritualit\u00e9 - Connaissance de soi - Non-dualit\u00e9 - M\u00e9ditation","og_description":"Il est difficile de r\u00e9aliser que l'on ne peut pas agir sur la pens\u00e9e puisqu'on est cette pens\u00e9e m\u00eame. Et pourtant, cette s\u00e9paration du penseur de sa pens\u00e9e est \u00e0 l'origine de tous les conflits.","og_url":"https:\/\/www.revue3emillenaire.com\/blog\/pensees-par-pascal-de-neufville\/","og_site_name":"3e mill\u00e9naire - Spiritualit\u00e9 - Connaissance de soi - Non-dualit\u00e9 - M\u00e9ditation","article_published_time":"2011-01-10T13:11:21+00:00","article_modified_time":"2011-09-20T02:07:19+00:00","author":"3e mill\u00e9naire","twitter_card":"summary_large_image","twitter_misc":{"\u00c9crit par":"3e mill\u00e9naire","Dur\u00e9e de lecture estim\u00e9e":"1 minute"},"schema":{"@context":"https:\/\/schema.org","@graph":[{"@type":"Article","@id":"https:\/\/www.revue3emillenaire.com\/blog\/pensees-par-pascal-de-neufville\/#article","isPartOf":{"@id":"https:\/\/www.revue3emillenaire.com\/blog\/pensees-par-pascal-de-neufville\/"},"author":{"name":"3e mill\u00e9naire","@id":"https:\/\/www.revue3emillenaire.com\/blog\/#\/schema\/person\/9a3a7cc4ccaa707f402d4394327106d5"},"headline":"Pens\u00e9es par Pascal de Neufville","datePublished":"2011-01-10T13:11:21+00:00","dateModified":"2011-09-20T02:07:19+00:00","mainEntityOfPage":{"@id":"https:\/\/www.revue3emillenaire.com\/blog\/pensees-par-pascal-de-neufville\/"},"wordCount":294,"keywords":["Spiritualit\u00e9"],"articleSection":["de Neufville Pascal"],"inLanguage":"fr-FR"},{"@type":"WebPage","@id":"https:\/\/www.revue3emillenaire.com\/blog\/pensees-par-pascal-de-neufville\/","url":"https:\/\/www.revue3emillenaire.com\/blog\/pensees-par-pascal-de-neufville\/","name":"Pens\u00e9es par Pascal de Neufville - 3e mill\u00e9naire - Spiritualit\u00e9 - Connaissance de soi - Non-dualit\u00e9 - M\u00e9ditation","isPartOf":{"@id":"https:\/\/www.revue3emillenaire.com\/blog\/#website"},"datePublished":"2011-01-10T13:11:21+00:00","dateModified":"2011-09-20T02:07:19+00:00","author":{"@id":"https:\/\/www.revue3emillenaire.com\/blog\/#\/schema\/person\/9a3a7cc4ccaa707f402d4394327106d5"},"breadcrumb":{"@id":"https:\/\/www.revue3emillenaire.com\/blog\/pensees-par-pascal-de-neufville\/#breadcrumb"},"inLanguage":"fr-FR","potentialAction":[{"@type":"ReadAction","target":["https:\/\/www.revue3emillenaire.com\/blog\/pensees-par-pascal-de-neufville\/"]}]},{"@type":"BreadcrumbList","@id":"https:\/\/www.revue3emillenaire.com\/blog\/pensees-par-pascal-de-neufville\/#breadcrumb","itemListElement":[{"@type":"ListItem","position":1,"name":"Accueil","item":"https:\/\/www.revue3emillenaire.com\/blog\/"},{"@type":"ListItem","position":2,"name":"Pens\u00e9es par Pascal de Neufville"}]},{"@type":"WebSite","@id":"https:\/\/www.revue3emillenaire.com\/blog\/#website","url":"https:\/\/www.revue3emillenaire.com\/blog\/","name":"3e mill\u00e9naire - Spiritualit\u00e9 - Connaissance de soi - Non-dualit\u00e9 - M\u00e9ditation","description":"L&#039;Homme en devenir","potentialAction":[{"@type":"SearchAction","target":{"@type":"EntryPoint","urlTemplate":"https:\/\/www.revue3emillenaire.com\/blog\/?s={search_term_string}"},"query-input":{"@type":"PropertyValueSpecification","valueRequired":true,"valueName":"search_term_string"}}],"inLanguage":"fr-FR"},{"@type":"Person","@id":"https:\/\/www.revue3emillenaire.com\/blog\/#\/schema\/person\/9a3a7cc4ccaa707f402d4394327106d5","name":"3e mill\u00e9naire","url":"https:\/\/www.revue3emillenaire.com\/blog\/author\/admin\/"}]}},"_links":{"self":[{"href":"https:\/\/www.revue3emillenaire.com\/blog\/wp-json\/wp\/v2\/posts\/6376","targetHints":{"allow":["GET"]}}],"collection":[{"href":"https:\/\/www.revue3emillenaire.com\/blog\/wp-json\/wp\/v2\/posts"}],"about":[{"href":"https:\/\/www.revue3emillenaire.com\/blog\/wp-json\/wp\/v2\/types\/post"}],"author":[{"embeddable":true,"href":"https:\/\/www.revue3emillenaire.com\/blog\/wp-json\/wp\/v2\/users\/1"}],"replies":[{"embeddable":true,"href":"https:\/\/www.revue3emillenaire.com\/blog\/wp-json\/wp\/v2\/comments?post=6376"}],"version-history":[{"count":0,"href":"https:\/\/www.revue3emillenaire.com\/blog\/wp-json\/wp\/v2\/posts\/6376\/revisions"}],"wp:attachment":[{"href":"https:\/\/www.revue3emillenaire.com\/blog\/wp-json\/wp\/v2\/media?parent=6376"}],"wp:term":[{"taxonomy":"category","embeddable":true,"href":"https:\/\/www.revue3emillenaire.com\/blog\/wp-json\/wp\/v2\/categories?post=6376"},{"taxonomy":"post_tag","embeddable":true,"href":"https:\/\/www.revue3emillenaire.com\/blog\/wp-json\/wp\/v2\/tags?post=6376"}],"curies":[{"name":"wp","href":"https:\/\/api.w.org\/{rel}","templated":true}]}}