{"id":6419,"date":"2011-01-19T03:55:39","date_gmt":"2011-01-19T02:55:39","guid":{"rendered":"http:\/\/www.revue3emillenaire.com\/blog\/?p=6419"},"modified":"2011-09-20T03:02:43","modified_gmt":"2011-09-20T02:02:43","slug":"la-distance-et-la-serenite-par-louis-pauwels","status":"publish","type":"post","link":"https:\/\/www.revue3emillenaire.com\/blog\/la-distance-et-la-serenite-par-louis-pauwels\/","title":{"rendered":"La distance et la s\u00e9r\u00e9nit\u00e9 par Louis Pauwels"},"content":{"rendered":"<p style=\"text-align: justify;\">(Revue Question De. No 22. Janvier-F\u00e9vrier 1978)<\/p>\n<p style=\"text-align: justify;\">\n<p><strong>Comment \u00eatre \u00e0 la fois un homme engag\u00e9 dans l&rsquo;action et d\u00e9cid\u00e9 \u00e0 se tenir \u00e0 distance ? De son temps et reli\u00e9 \u00e0 des valeurs intemporelles ? Solidaire des affaires du monde et solitaire dans son monde int\u00e9rieur ? Les r\u00e9ponses \u00e0 ces questions apporteraient sans doute \u00e0 celui qui les trouverait la Sagesse. [extrait de <em>L\u2019apprentissage de la s\u00e9r\u00e9nit\u00e9<\/em>]<\/strong><\/p>\n<p style=\"text-align: justify;\">\n<p style=\"text-align: justify;\">L&#8217;empereur Antonin, mourant, donne \u00e0 l&rsquo;officier de garde le mot de passe pour la nuit : \u00ab Egalit\u00e9 d&rsquo;\u00e2me \u00bb. Egalit\u00e9 d&rsquo;\u00e2me devant la mort. Mais Antonin sait mourir parce qu&rsquo;il a su vivre.<\/p>\n<p style=\"text-align: justify;\">\n<p style=\"text-align: justify;\">Vivre en cherchant le supr\u00eame bien dans l\u2019\u00e9galit\u00e9 d&rsquo;\u00e2me. Egalit\u00e9 d&rsquo;\u00e2me en toutes circonstances dans ce monde. Egalit\u00e9 d&rsquo;\u00e2me dans les combats. Egalit\u00e9 d&rsquo;\u00e2me dans les chagrins et les bonheurs, les mis\u00e8res et les fastes de ce monde. Certainement, il y a la soci\u00e9t\u00e9, il y a la politique. Mais, ou bien je ne suis qu&rsquo;un homme-dans-l&rsquo;histoire, et je n&rsquo;existe que par mes engagements. Ou bien ma part la plus profonde n&rsquo;est pas dans l&rsquo;histoire. Et, dans ce cas, je donnerai au monde, \u00e0 la soci\u00e9t\u00e9, \u00e0 la politique, \u00e0 l&rsquo;histoire ce qu&rsquo;il faut bien donner. Mais \u00e0 distance et sans passion. Il m&rsquo;arrivera de prendre parti. Mais je douterai d&rsquo;avoir raison. Il m&rsquo;arrivera d&rsquo;agir. Mais je douterai des fruits de l&rsquo;action. Et s&rsquo;il arrive que j&rsquo;y mette de la passion (sait-on jamais !), il y aura encore ma part profonde qui ne se passionnera pas pour cette passion.<\/p>\n<p style=\"text-align: justify;\">\n<p style=\"text-align: justify;\"><strong>Je revendique le droit \u00e0 me tenir \u00e0 distance<\/strong><\/p>\n<p style=\"text-align: justify;\">\n<p style=\"text-align: justify;\">Sommes-nous \u00e0 l&rsquo;\u00e2ge des masses ? Plus s\u00fbrement \u00e0 l&rsquo;\u00e2ge des meneurs. Ils tentent de nous persuader qu&rsquo;il n&rsquo;y a de conscience que politique. Ils appellent \u00ab prise de conscience \u00bb le consentement de la conscience \u00e0 n&rsquo;\u00eatre que politique. Mais la conscience n&rsquo;est ni de gauche ni de droite. Elle est ailleurs.<\/p>\n<p style=\"text-align: justify;\">\n<p style=\"text-align: justify;\">Et c&rsquo;est justement la r\u00e9sistance \u00e0 n&rsquo;\u00eatre qu&rsquo;une conscience-ceci ou une conscience-cela qui fonde la conscience. On me dit : \u00ab Mais vous \u00eates tout entier concern\u00e9 ! \u00bb. Non. Ma part la plus profonde n&rsquo;est pas concern\u00e9e.<\/p>\n<p style=\"text-align: justify;\">\n<p style=\"text-align: justify;\">La libert\u00e9, enfin, n&rsquo;est rien, si elle n&rsquo;est aussi la libert\u00e9 de distance. Je revendique le droit de me tenir \u00e0 distance. Tant qu&rsquo;il y aura des hommes qui \u00e9prouveront leur facult\u00e9 de distance comme l&rsquo;essentiel, la soci\u00e9t\u00e9 restera vivable.<\/p>\n<p style=\"text-align: justify;\">\n<p style=\"text-align: justify;\">Revenons aux Romains. Le successeur d&rsquo;Antonin, Marc Aur\u00e8le, est \u00e0 son tour pr\u00e8s de la mort. Il combat les Barbares aux fronti\u00e8res. La soci\u00e9t\u00e9 se d\u00e9compose. Un fils stupide lui succ\u00e9dera. Dans un monde qui perd ses dieux et sa qualit\u00e9, l&#8217;empereur, sans peur ni espoir, se fortifie en lui-m\u00eame. Il cherche sa justification dans ce qui ne p\u00e9rira pas : la hauteur de l&rsquo;esprit, l&rsquo;\u00e9galit\u00e9 de l&rsquo;\u00e2me. Les opinions ! Qu&rsquo;a-t-il \u00e0 faire des opinions !<\/p>\n<p style=\"text-align: justify;\">\n<p style=\"text-align: justify;\">La nuit tombe sur le camp, et il \u00e9crit : \u00ab Aujourd&rsquo;hui, je suis sorti de tout embarras, ou plut\u00f4t j&rsquo;ai expuls\u00e9 tout embarras, car ce ne m&rsquo;\u00e9tait pas ext\u00e9rieur mais int\u00e9rieur : et c&rsquo;\u00e9taient mes opinions. \u00bb<\/p>\n<p style=\"text-align: justify;\">\n<p style=\"text-align: justify;\"><strong>La plus haute affaire est de se gouverner soi-m\u00eame<\/strong><\/p>\n<p style=\"text-align: justify;\">\n<p style=\"text-align: justify;\">Restons en compagnie de Marc Aur\u00e8le. Par quoi commence-t-il la r\u00e9daction de ses Pens\u00e9es qui forment un livre de sagesse ? Par des remerciements \u00e0 son bisa\u00efeul, \u00e0 son grand-p\u00e8re, \u00e0 son pr\u00e9cepteur, \u00e0 Diogn\u00e8te, \u00e0 Rusticus, \u00e0 Sextus, aux artistes, savants, philosophes qui furent ses ma\u00eetres, et \u00e0 son p\u00e8re. Il affirme et pr\u00e9cise sa filiation culturelle. C&rsquo;est un homme reli\u00e9. Reli\u00e9 \u00e0 des valeurs pour lui supr\u00eames. Il se f\u00e9licite qu&rsquo;on lui ait appris que l&rsquo;essentiel est la possession de soi. Il gouverne un empire. Mais sa plus haute affaire est de se gouverner lui-m\u00eame : \u00ab Seras-tu jamais, \u00f4 mon \u00e2me, bonne, droite, une et nue ? \u00bb<\/p>\n<p style=\"text-align: justify;\">\n<p style=\"text-align: justify;\">Il ne doute pas que cette culture, o\u00f9 il a puis\u00e9, contient des id\u00e9aux qui ont un pass\u00e9 imm\u00e9morial et un avenir infini. Il n&rsquo;est pas certain que l&#8217;empire tiendra. Mais l&rsquo;id\u00e9e de la libert\u00e9 int\u00e9rieure, \u00e7a tiendra.<\/p>\n<p style=\"text-align: justify;\">\n<p style=\"text-align: justify;\">Bien entendu, il r\u00e9gente une soci\u00e9t\u00e9 tr\u00e8s critiquable. Cependant mille sept cent quatre-vingt-dix-sept ans apr\u00e8s sa mort, j&rsquo;entends sa parole la plus profonde. Elle fortifie mon c\u0153ur. Elle encourage mon \u00e2me. Elle m&rsquo;aide \u00e0 vivre. Ce n&rsquo;est pas ce qu&rsquo;il a fait dans le monde qui compte. C&rsquo;est la distance qu&rsquo;il a prise, par rapport \u00e0 ses actes et \u00e0 ce monde.<\/p>\n<p style=\"text-align: justify;\">\n<p style=\"text-align: justify;\"><strong>C&rsquo;est mal avec le mal, mais ce serait pire sans le mal<\/strong><\/p>\n<p style=\"text-align: justify;\">\n<p style=\"text-align: justify;\">Etre de son temps ! Mais oui, je suis de mon temps, o\u00f9 il y a des probl\u00e8mes, comme de tout temps. J&rsquo;y suis tenu par des devoirs, des solidarit\u00e9s, des engagements. Mais, au c\u0153ur de tout cela, la philosophie \u00e9ternelle :<\/p>\n<p style=\"text-align: justify;\">\u2014 Voici ce qu&rsquo;il vous faut faire, Lucilius mon ami, d\u00e9sengagez-vous, rendez-vous \u00e0 vous-m\u00eame (S\u00e9n\u00e8que).<\/p>\n<p style=\"text-align: justify;\">\u2014 User de ce monde comme si l&rsquo;on n&rsquo;en usait pas (saint Paul).<\/p>\n<p style=\"text-align: justify;\">\u2014 Comment l&rsquo;\u00e2me \u00e9mancip\u00e9e vit-elle en ce monde ? Elle y vit comme l&rsquo;oiseau plongeur. Celui-ci plonge dans l&rsquo;eau, mais l&rsquo;eau ne mouille pas son plumage. Si quelques gouttes y adh\u00e8rent, il les secoue en battant des ailes (Ramakrishna).<\/p>\n<p style=\"text-align: justify;\">\u2014 Quoi ! Le mal dans ce monde peut-il vous laisser un instant de repos ! Comment ne pas se sentir enti\u00e8rement concern\u00e9 !<\/p>\n<p style=\"text-align: justify;\">\n<p style=\"text-align: justify;\">Il y a des goinfres de larmes, qui voudraient que le monde ne f\u00fbt qu&rsquo;une vall\u00e9e de larmes. Ils appellent cette goinfrerie l&rsquo;amour des hommes. Les hommes, dans leur sagesse naturelle, r\u00e9pliquent depuis toujours qu&rsquo;on ne peut pas aller pleurer \u00e0 tous les enterrements. Le monde a une g\u00e9ographie complexe : des vall\u00e9es de larmes, des vall\u00e9es de f\u00e9licit\u00e9s, des plaines de ni-bien-ni-mal. Et des sommets d&rsquo;o\u00f9 tout cela se confond.<\/p>\n<p style=\"text-align: justify;\">\n<p style=\"text-align: justify;\">D&rsquo;abord, ne pas exag\u00e9rer le mal. Consid\u00e9rer le nombre de biens en balance. Ensuite, conna\u00eetre un peu l&rsquo;histoire des peuples, des soci\u00e9t\u00e9s. Savoir que le bien et le mal y roulent perp\u00e9tuellement embrass\u00e9s. Vous ne vivez ni le pire ni le meilleur des temps. Le pr\u00e9sent n&rsquo;est exceptionnel, d&rsquo;une importance absolument capitale, que pour ceux qui ont quelque chose de p\u00e9rissable \u00e0 vendre : des journaux ou une id\u00e9ologie, par exemple. Et puis, aux niais, aux fous, aux menteurs qui r\u00e9clament ou promettent un monde d\u00e9livr\u00e9 du mal, r\u00e9pondre, sans crainte de vous tromper :<\/p>\n<p style=\"text-align: justify;\">\u2014 C&rsquo;est mal avec le mal, mais ce serait pire sans le mal. Et enfin, justement, ne pas vous sentir enti\u00e8rement concern\u00e9.<\/p>\n<p style=\"text-align: justify;\">\n<p style=\"text-align: justify;\">La pens\u00e9e courte roule furieusement les yeux en tous sens et pr\u00e9tend tout r\u00e9gler. La pens\u00e9e large examine, doute beaucoup, et parfois ferme les yeux, cherchant en dedans. Baudelaire, contre la pens\u00e9e courte, demandait que l&rsquo;on ajout\u00e2t aux Droits de l&rsquo;Homme le droit de se contredire et le droit de s&rsquo;en aller.<\/p>\n<p style=\"text-align: justify;\">\n<p style=\"text-align: justify;\">Refus de la pens\u00e9e courte. Refus et m\u00e9pris. Distance par rapport au si\u00e8cle. Distance par rapport \u00e0 ma personne dans le si\u00e8cle.<\/p>\n<p style=\"text-align: justify;\">\n<p style=\"text-align: justify;\"><strong>Etre du monde et n&rsquo;en pas \u00eatre<\/strong><\/p>\n<p style=\"text-align: justify;\">\n<p style=\"text-align: justify;\">Les puissants de ce monde qui laissent une trace honorable et dont la m\u00e9moire touche le c\u0153ur des peuples ont fini loin de l\u2019action, dans le d\u00e9sert et la consid\u00e9ration distante des affaires du monde. Leur puissance retomba. Ils n&rsquo;en furent pas atteints. Ils subirent leur exil avec indiff\u00e9rence, \u00e9nergie, unit\u00e9. Charles Quint au couvent de Yuste. Napol\u00e9on dans son \u00eele. Clemenceau au bord de l&rsquo;oc\u00e9an. De Gaulle \u00e0 Colombey. Leur exil fit leur vrai sacre. La grandeur de tout laisser et de s&rsquo;en trouver bien.<\/p>\n<p style=\"text-align: justify;\">\n<p style=\"text-align: justify;\">Les princes d&rsquo;Aragon, note Montherlant, se faisaient repr\u00e9senter sur leur tombeau par deux sculptures. L&rsquo;une les montrait gisant en armure. L&rsquo;autre gisant en froc de moine. Ils se recommandaient \u00e0 l&rsquo;\u00e9ternit\u00e9 sous ce double aspect. Leur demeure fun\u00e8bre exprimait la r\u00e8gle des grandes vies : qu&rsquo;il faut \u00eatre du monde et n&rsquo;en pas \u00eatre.<\/p>\n<p style=\"text-align: justify;\">\n<p style=\"text-align: justify;\"><strong>Avoir de l&rsquo;\u00e9ternel dans l&rsquo;esprit<\/strong><\/p>\n<p style=\"text-align: justify;\">\n<p style=\"text-align: justify;\">Notre \u00e9poque nous pose de grandes questions, c&rsquo;est entendu. Toutes les \u00e9poques pos\u00e8rent de grandes questions, mais celles-ci \u00e9taient moins diffus\u00e9es. D\u00e9mocratiser les grandes questions ne les r\u00e9sout pas. Simplement, elles se fractionnent en quantit\u00e9 de petits \u00e9nervements. Et d&rsquo;ailleurs, rien ne les r\u00e9sout. \u00ab Avez-vous remarqu\u00e9, disait de Gaulle retir\u00e9, qu&rsquo;aucune grande question ne trouve sa solution ? \u00bb<\/p>\n<p style=\"text-align: justify;\">Il dit encore : \u00ab Staline m&rsquo;a dit une seule chose s\u00e9rieuse : \u00ab\u00a0A la fin, il n&rsquo;y a que la mort qui gagne.\u00a0\u00bb \u00bb<\/p>\n<p style=\"text-align: justify;\">Et, regardant les \u00e9toiles : \u00ab Elles me confirment l&rsquo;insignifiance des choses. \u00bb Que le temps et l&rsquo;indiff\u00e9rence soient finalement les solutions de l&rsquo;Histoire, nous n&rsquo;aimons pas cette v\u00e9rit\u00e9, parce qu\u2019elle rend d\u00e9risoires les passions collectives. Et pourtant, dans quelques d\u00e9cennies, les conflits, les probl\u00e8mes qui nous obs\u00e8dent et qu&rsquo;on nous dit essentiels seront rang\u00e9s par nos arri\u00e8re-petits-fils au mus\u00e9e des chim\u00e8res.<\/p>\n<p style=\"text-align: justify;\">\n<p style=\"text-align: justify;\">En 1648, la guerre de Trente Ans s&rsquo;est achev\u00e9e, faute de bagarreurs. Au d\u00e9but, l&rsquo;id\u00e9e d&rsquo;une Europe partie protestante, partie catholique, paraissait horrible \u00e0 tous. A la fin, chacun admettait que l&rsquo;Europe demeurerait ainsi, et s&rsquo;en accommodait. On continua de grogner un peu, de chaque c\u00f4t\u00e9. Il fallut attendre trois si\u00e8cles pour qu&rsquo;un pape e\u00fbt un entretien cordial avec le chef d&rsquo;une Eglise protestante. Mais la tol\u00e9rance, ou plut\u00f4t le temps et l&rsquo;indiff\u00e9rence avaient depuis longtemps abaiss\u00e9 les passions tr\u00e8s au-dessous du niveau de la col\u00e8re.<\/p>\n<p style=\"text-align: justify;\">\n<p style=\"text-align: justify;\">Certes, il faut agir. Mais savoir qu&rsquo;on n&rsquo;agit que dans l&rsquo;\u00e9ph\u00e9m\u00e8re, le faux-semblant, et avoir de l&rsquo;\u00e9ternel dans l&rsquo;esprit.<\/p>\n<p style=\"text-align: justify;\">\n<p style=\"text-align: justify;\"><strong>Se maintenir ferme en soi<\/strong><\/p>\n<p style=\"text-align: justify;\">\n<p style=\"text-align: justify;\">Des p\u00e9rils ? Sans doute. La vie dangereuse est la vie. Et, quoi qu&rsquo;il risque d&rsquo;arriver, se maintenir ferme en soi. Se dire : les choses contre lesquelles nous ne pouvons rien, faisons en sorte qu&rsquo;elles ne puissent rien contre nous. Cette attitude n&rsquo;est point passive. Mettant de l&rsquo;ordre en nous, nous d\u00e9courageons le d\u00e9sordre dans les autres esprits. Un homme qui se maintient maintient de l&rsquo;\u00e9quilibre dans le monde.<\/p>\n<p style=\"text-align: justify;\">\n<p style=\"text-align: justify;\">A la fin de sa vie, sentant venir la guerre, H.G. Wells \u00e9crivit un petit roman : <em>le Joueur de croquet<\/em> :<\/p>\n<p style=\"text-align: justify;\">\u00ab L&rsquo;homme agit\u00e9 poursuivit :<\/p>\n<p style=\"text-align: justify;\">\u2014 Le monde devient de plus en plus terrifiant, accablant, peupl\u00e9 d&rsquo;\u00e9pouvantes ! Nous avons r\u00e9veill\u00e9 l&rsquo;homme des cavernes ! Attendez un peu ! Vous verrez qu&rsquo;il n&rsquo;y aura plus sur terre ni tranquillit\u00e9, ni s\u00e9curit\u00e9, ni confort, ni rien !<\/p>\n<p style=\"text-align: justify;\">\u00ab A un moment, n&rsquo;y tenant plus, je me levai :<\/p>\n<p style=\"text-align: justify;\">\u2014 Je dois vous quitter, lui dis-je. J&rsquo;ai une partie de croquet \u00e0 faire avec ma tante \u00e0 onze heures et demie.<\/p>\n<p style=\"text-align: justify;\">\u2014 Comment pouvez-vous penser au croquet, alors que le monde, le monde entier va incessamment crouler ! cria l&rsquo;homme d&rsquo;une voix intol\u00e9rable.<\/p>\n<p style=\"text-align: justify;\">\u00ab Puis il fit un brusque mouvement, comme s&rsquo;il e\u00fbt voulu m&#8217;emp\u00eacher de me retirer. A cet instant, il avait absolument l&rsquo;air de la B\u00eate de l&rsquo;Apocalypse. Or, j&rsquo;en avais assez, de ces mani\u00e8res par trop mystiques.<\/p>\n<p style=\"text-align: justify;\">\u00ab Je le regardai en face, poliment mais fermement, et je lui dis sans ambages\u00a0:<\/p>\n<p style=\"text-align: justify;\">\u2014 \u00c7a m&rsquo;est \u00e9gal. Le monde peut parfaitement sauter, tomber en poussi\u00e8re. L&rsquo;\u00e2ge de la pierre peut revenir quand il voudra. Il s&rsquo;agit peut-\u00eatre, comme vous dites, du cr\u00e9puscule de la civilisation. J&rsquo;en suis d\u00e9sol\u00e9, mais je ne peux rien y faire ce matin. J&rsquo;ai d&rsquo;autres engagements. Je dois jouer au croquet avec ma tante, \u00e0 onze heures et demie, aujourd&rsquo;hui m\u00eame. \u00bb<\/p>\n<p style=\"text-align: justify;\">\n<p style=\"text-align: justify;\">Le joueur de croquet irait mourir quand il le faudrait, pour essayer de sauver la civilisation. Mais, en attendant, il avait mieux \u00e0 faire que s&rsquo;angoisser, se convulser, vaticiner. Il avait \u00e0 maintenir sa civilisation int\u00e9rieure. Il avait \u00e0 aller jouer avec sa parente.<\/p>\n<p style=\"text-align: justify;\">\n<p style=\"text-align: justify;\"><strong>Je refuse la pancarte\u00a0: \u00ab\u00a0Absent de lui-m\u00eame pour cause commune \u00bb<\/strong><\/p>\n<p style=\"text-align: justify;\">\n<p style=\"text-align: justify;\">Naturellement, nous sommes solidaires les uns des autres. Mais solitaires et solidaires. Je ne refuse pas les causes communes. Je refuse la pancarte : \u00ab Absent de lui-m\u00eame pour cause commune. \u00bb<\/p>\n<p style=\"text-align: justify;\">\n<p style=\"text-align: justify;\">Les meneurs disent : rien hors l&rsquo;histoire imm\u00e9diate, tout dans le social. Critiquer le monde et combattre pour le changer, voil\u00e0 le plein emploi de l&rsquo;humain. Par \u00ab une critique objective des conditions concr\u00e8tes de l&rsquo;existence \u00bb, nous r\u00e9soudrons tous les probl\u00e8mes de l&rsquo;existence.<\/p>\n<p style=\"text-align: justify;\">Cependant, \u00ab tout homme \u00bb renferme en soi un monde \u00e0 part, \u00e9tranger aux lois et aux destin\u00e9es g\u00e9n\u00e9rales des si\u00e8cles (Chateaubriand).<\/p>\n<p style=\"text-align: justify;\">\n<p style=\"text-align: justify;\">Si nous \u00e9coutons les meneurs, si nous pensons que tout le r\u00e9alisme consiste \u00e0 ne rien int\u00e9rioriser, si nous remettons au social et \u00e0 l&rsquo;histoire imm\u00e9diate toute la question de notre existence, nous sommes peut-\u00eatre en apparence d\u00e9livr\u00e9s. Mais c&rsquo;est une \u00e9trange d\u00e9livrance : l&rsquo;id\u00e9e qui domine en nous n&rsquo;est pas que l&rsquo;\u00e9toile polaire brille toujours, mais qu&rsquo;une meule, autour de notre cou, nous \u00e9trangle. Un jour (gr\u00e2ce aux promesses des meneurs), on nous enl\u00e8vera la meule. En attendant, nous tenons le regard bas et furieux. Les meneurs parlent d&rsquo;une ardente esp\u00e9rance.<\/p>\n<p style=\"text-align: justify;\">\n<p style=\"text-align: justify;\">Refuser une esp\u00e9rance dont l&rsquo;ardeur engendre cette grande combustion de vie honteuse.<\/p>\n<p style=\"text-align: justify;\"><strong> <\/strong><\/p>\n<p style=\"text-align: justify;\"><strong>Rien n&rsquo;est plus pr\u00e9cieux pour l&rsquo;homme que son ordre int\u00e9rieur<\/strong><\/p>\n<p style=\"text-align: justify;\">\n<p style=\"text-align: justify;\">Me suis-je bien fait comprendre ? Ecoutons Soljenitsyne :<\/p>\n<p style=\"text-align: justify;\">\u00ab\u00a0\u2014 Mais, dites-moi, pensez-vous qu&rsquo;un ordre id\u00e9al social soit possible ?<\/p>\n<p style=\"text-align: justify;\">\u00ab Vasoniev jeta \u00e0 Isaac un regard plein de douceur. Oui, ce regard fixe, inflexible, d\u00e9tach\u00e9, pouvait \u00eatre aussi plein de douceur, comme sa voix. Parlant bas, avec des pauses, il dit: \u00ab Il y a quelque chose de plus important et de plus fondamental que l&rsquo;ordre social. Il n&rsquo;y a rien, mais rien qui soit plus pr\u00e9cieux pour l&rsquo;homme que son ordre int\u00e9rieur. Pas m\u00eame le bien des g\u00e9n\u00e9rations futures. \u00bb<\/p>\n<p style=\"text-align: justify;\"><strong> <\/strong><\/p>\n<p style=\"text-align: justify;\"><strong>\u00ab Le souffle m\u00eame de la vie \u00bb<\/strong><\/p>\n<p style=\"text-align: justify;\">\n<p style=\"text-align: justify;\">Je suis de ce monde. Mais une part de moi n&rsquo;appartient pas au si\u00e8cle, \u00e0 la soci\u00e9t\u00e9. C&rsquo;est ma part la plus profonde.<\/p>\n<p style=\"text-align: justify;\">\u2014 Elle appartient donc \u00e0 votre vie priv\u00e9e ?<\/p>\n<p style=\"text-align: justify;\">\u2014 Non plus. Elle n&rsquo;appartient ni \u00e0 ma famille ni \u00e0 mes amis. Elle n&rsquo;adh\u00e8re ni \u00e0 mes amours, ni \u00e0 mes joies, ni \u00e0 mes d\u00e9sirs, ni \u00e0 mes satisfactions, ni \u00e0 mes larmes. A vrai dire, elle n&rsquo;appartient pas non plus \u00e0 ma personne. Ah ! comme c&rsquo;est difficile \u00e0 exprimer ! Ma part la plus profonde est hors tout, immobile, insensible, hi\u00e9ratique. Ce plus que moi en moi. Ce centre de gravit\u00e9.<\/p>\n<p style=\"text-align: justify;\">\u2014 Comprends pas. Expliquez.<\/p>\n<p style=\"text-align: justify;\">\u2014 Les animaux font un avec le monde. L&rsquo;homme fait deux : sa personne et le monde. Mais il me semble que l&rsquo;homme int\u00e9rioris\u00e9 fait trois : le monde, sa personne, et cette pr\u00e9sence en lui, hors tout. Cette pr\u00e9sence par quoi il \u00e9prouve qu&rsquo;il n&rsquo;est pas enti\u00e8rement un \u00eatre de passage.<\/p>\n<p style=\"text-align: justify;\">\u2014 Une pr\u00e9sence du divin ?<\/p>\n<p style=\"text-align: justify;\">\u2014 Si vous voulez. Ou de l&rsquo;\u00e9ternel. Ou du non-humain ou du plus qu&rsquo;humain. C&rsquo;est \u00e0 partir de cela que s&rsquo;organise l&rsquo;ordre int\u00e9rieur, que s&rsquo;\u00e9tablit la possession de soi. Laquelle est aussi un d\u00e9tachement de soi.<\/p>\n<p style=\"text-align: justify;\">\u2014 Pas tr\u00e8s clair. Pr\u00e9cisez.<\/p>\n<p style=\"text-align: justify;\">\u2014 Il me semble que tout homme qui \u00e9prouve cette pr\u00e9sence doit \u00eatre amen\u00e9 \u00e0 parler comme Bertrand Russell :<\/p>\n<p style=\"text-align: justify;\">\u00ab Je dois, avant de mourir, trouver le moyen de dire la chose essentielle qui est en moi, que je n&rsquo;ai encore jamais dite, une chose qui n&rsquo;est ni l&rsquo;amour, ni la haine, ni la piti\u00e9, ni le m\u00e9pris, mais le souffle m\u00eame de la vie, ardent et venu de loin, qui apporte dans la vie humaine l&rsquo;immensit\u00e9, l&rsquo;effroyable, l&rsquo;admirable et implacable force des choses non humaines. \u00bb<\/p>\n<p style=\"text-align: justify;\">\n<p style=\"text-align: justify;\">\u00ab Vis comme sur la montagne \u00bb, dit encore Marc Aur\u00e8le. Ce qui signifie : \u00ab Ram\u00e8ne \u00e0 un centre de repos tes pens\u00e9es errantes dans le si\u00e8cle ; fais taire tes opinions, tes sentiments, tes humeurs ; efface ta personne. Alors ton guide int\u00e9rieur ne se causant plus aucun trouble \u00e0 lui-m\u00eame, te conduit \u00e0 la chose essentielle qui est en toi : l&rsquo;impassible nature universelle. \u00bb<\/p>\n<p style=\"text-align: justify;\">\n<p style=\"text-align: justify;\">Cette effroyable, admirable et implacable force sans date ni figure qui est en moi cette puissance nue, sans peur, sans \u00e9motion, sans attachement, d&rsquo;o\u00f9 rayonne une sorte de gloire froide : voil\u00e0 ma part la plus profonde. Il m&rsquo;en vient l&rsquo;absolue certitude d&rsquo;exister, et qu&rsquo;il est important d&rsquo;exister, quelles que soient les conditions de l&rsquo;existence.<\/p>\n<p style=\"text-align: justify;\">\n<p style=\"text-align: justify;\">Finalement, de quoi s&rsquo;agit-il ? Je crois qu&rsquo;il s&rsquo;agit de l&rsquo;Intelligence. Je l&rsquo;\u00e9cris avec une majuscule de royaut\u00e9. L&rsquo;Intelligence impersonnelle et souveraine, qui donne, au-del\u00e0 de tout, son assentiment \u00e0 la vie.<\/p>\n<p style=\"text-align: justify;\">\n<p style=\"text-align: justify;\">\u00ab Il faut trouver l&rsquo;art de donner son assentiment \u00bb (Epict\u00e8te).<\/p>\n<p style=\"text-align: justify;\">\n<p style=\"text-align: justify;\">L&rsquo;homme qui vit comme sur la montagne en a fini avec les envies de changement. Il n&rsquo;a plus qu&rsquo;un d\u00e9sir : unification, approfondissement, s\u00e9r\u00e9nit\u00e9.<\/p>\n<p style=\"text-align: justify;\">\n<p style=\"text-align: justify;\">Sans possession de nous-m\u00eame, nous aspirons constamment \u00e0 quelque changement des choses, du monde, des autres, qui nous modifierait nous-m\u00eame. Mais le plus grand des changements, c&rsquo;est quand nous n&rsquo;avons plus besoin, pour nous-m\u00eame, de changement.<\/p>\n<p style=\"text-align: justify;\">\n<p style=\"text-align: justify;\">L&rsquo;homme qui vit comme sur la montagne se fait, dans le priv\u00e9, un bonheur de la r\u00e9gularit\u00e9 de son existence. Il n&rsquo;est pas esclave de r\u00e8gles de vie et d&rsquo;habitudes : il utilise celles-ci comme instruments de son unit\u00e9 ; ce sont les expressions de son vouloir-\u00eatre. Le plus grand des changements, c&rsquo;est quand le toujours-pareil, au lieu de nous accabler, nous procure la f\u00e9licit\u00e9. Le plus grand changement, c&rsquo;est quand le toujours-pareil, finalement, nous d\u00e9payse et nous lib\u00e8re. Sans possession de nous-m\u00eame, nous croyons que la diversit\u00e9 nous changera. Et c&rsquo;est, myst\u00e9rieusement, la monotonie qui nous change. Au fond de la monotonie s&rsquo;allume et se met \u00e0 briller la lumi\u00e8re de l&rsquo;\u00eatre, cette lumi\u00e8re que l&rsquo;homme-qui-voulait-des-changements n&rsquo;imaginait m\u00eame pas.<\/p>\n<p style=\"text-align: right;\">L. Pauwels<\/p>\n<p style=\"text-align: justify;\">\n","protected":false},"excerpt":{"rendered":"<p>Vivre en cherchant le supr\u00eame bien dans l\u2019\u00e9galit\u00e9 d\u2019\u00e2me. Egalit\u00e9 d\u2019\u00e2me en toutes circonstances dans ce monde. Egalit\u00e9 d\u2019\u00e2me dans les combats. Egalit\u00e9 d\u2019\u00e2me dans les chagrins et les bonheurs, les mis\u00e8res et les fastes de ce monde. Certainement, il y a la soci\u00e9t\u00e9, il y a la politique. Mais, ou bien je ne suis qu\u2019un homme-dans-l\u2019histoire, et je n\u2019existe que par mes engagements. Ou bien ma part la plus profonde n\u2019est pas dans l\u2019histoire. Et, dans ce cas, je donnerai au monde, \u00e0 la soci\u00e9t\u00e9, \u00e0 la politique, \u00e0 l\u2019histoire ce qu\u2019il faut bien donner. Mais \u00e0 distance et sans passion. Il m\u2019arrivera de prendre parti. Mais je douterai d\u2019avoir raison. Il m\u2019arrivera d\u2019agir. Mais je douterai des fruits de l\u2019action. Et s\u2019il arrive que j\u2019y mette de la passion (sait-on jamais !), il y aura encore ma part profonde qui ne se passionnera pas pour cette passion.<\/p>\n","protected":false},"author":1,"featured_media":0,"comment_status":"closed","ping_status":"closed","sticky":false,"template":"","format":"standard","meta":{"footnotes":""},"categories":[853],"tags":[1347,121],"class_list":["post-6419","post","type-post","status-publish","format-standard","hentry","category-pauwels-louis","tag-spiritualite","tag-vie-interieure"],"yoast_head":"<!-- This site is optimized with the Yoast SEO plugin v27.0 - https:\/\/yoast.com\/product\/yoast-seo-wordpress\/ -->\n<title>La distance et la s\u00e9r\u00e9nit\u00e9 par Louis Pauwels - 3e mill\u00e9naire - Spiritualit\u00e9 - Connaissance de soi - Non-dualit\u00e9 - M\u00e9ditation<\/title>\n<meta name=\"robots\" content=\"index, follow, max-snippet:-1, max-image-preview:large, max-video-preview:-1\" \/>\n<link rel=\"canonical\" href=\"https:\/\/www.revue3emillenaire.com\/blog\/la-distance-et-la-serenite-par-louis-pauwels\/\" \/>\n<meta property=\"og:locale\" content=\"fr_FR\" \/>\n<meta property=\"og:type\" content=\"article\" \/>\n<meta property=\"og:title\" content=\"La distance et la s\u00e9r\u00e9nit\u00e9 par Louis Pauwels - 3e mill\u00e9naire - Spiritualit\u00e9 - Connaissance de soi - Non-dualit\u00e9 - M\u00e9ditation\" \/>\n<meta property=\"og:description\" content=\"Vivre en cherchant le supr\u00eame bien dans l\u2019\u00e9galit\u00e9 d\u2019\u00e2me. Egalit\u00e9 d\u2019\u00e2me en toutes circonstances dans ce monde. Egalit\u00e9 d\u2019\u00e2me dans les combats. Egalit\u00e9 d\u2019\u00e2me dans les chagrins et les bonheurs, les mis\u00e8res et les fastes de ce monde. Certainement, il y a la soci\u00e9t\u00e9, il y a la politique. Mais, ou bien je ne suis qu\u2019un homme-dans-l\u2019histoire, et je n\u2019existe que par mes engagements. Ou bien ma part la plus profonde n\u2019est pas dans l\u2019histoire. Et, dans ce cas, je donnerai au monde, \u00e0 la soci\u00e9t\u00e9, \u00e0 la politique, \u00e0 l\u2019histoire ce qu\u2019il faut bien donner. Mais \u00e0 distance et sans passion. Il m\u2019arrivera de prendre parti. Mais je douterai d\u2019avoir raison. Il m\u2019arrivera d\u2019agir. Mais je douterai des fruits de l\u2019action. Et s\u2019il arrive que j\u2019y mette de la passion (sait-on jamais !), il y aura encore ma part profonde qui ne se passionnera pas pour cette passion.\" \/>\n<meta property=\"og:url\" content=\"https:\/\/www.revue3emillenaire.com\/blog\/la-distance-et-la-serenite-par-louis-pauwels\/\" \/>\n<meta property=\"og:site_name\" content=\"3e mill\u00e9naire - Spiritualit\u00e9 - Connaissance de soi - Non-dualit\u00e9 - M\u00e9ditation\" \/>\n<meta property=\"article:published_time\" content=\"2011-01-19T02:55:39+00:00\" \/>\n<meta property=\"article:modified_time\" content=\"2011-09-20T02:02:43+00:00\" \/>\n<meta name=\"author\" content=\"3e mill\u00e9naire\" \/>\n<meta name=\"twitter:card\" content=\"summary_large_image\" \/>\n<meta name=\"twitter:label1\" content=\"\u00c9crit par\" \/>\n\t<meta name=\"twitter:data1\" content=\"3e mill\u00e9naire\" \/>\n\t<meta name=\"twitter:label2\" content=\"Dur\u00e9e de lecture estim\u00e9e\" \/>\n\t<meta name=\"twitter:data2\" content=\"15 minutes\" \/>\n<script type=\"application\/ld+json\" class=\"yoast-schema-graph\">{\"@context\":\"https:\/\/schema.org\",\"@graph\":[{\"@type\":\"Article\",\"@id\":\"https:\/\/www.revue3emillenaire.com\/blog\/la-distance-et-la-serenite-par-louis-pauwels\/#article\",\"isPartOf\":{\"@id\":\"https:\/\/www.revue3emillenaire.com\/blog\/la-distance-et-la-serenite-par-louis-pauwels\/\"},\"author\":{\"name\":\"3e mill\u00e9naire\",\"@id\":\"https:\/\/www.revue3emillenaire.com\/blog\/#\/schema\/person\/9a3a7cc4ccaa707f402d4394327106d5\"},\"headline\":\"La distance et la s\u00e9r\u00e9nit\u00e9 par Louis Pauwels\",\"datePublished\":\"2011-01-19T02:55:39+00:00\",\"dateModified\":\"2011-09-20T02:02:43+00:00\",\"mainEntityOfPage\":{\"@id\":\"https:\/\/www.revue3emillenaire.com\/blog\/la-distance-et-la-serenite-par-louis-pauwels\/\"},\"wordCount\":2931,\"keywords\":[\"Spiritualit\u00e9\",\"Vie int\u00e9rieure\"],\"articleSection\":[\"Pauwels Louis\"],\"inLanguage\":\"fr-FR\"},{\"@type\":\"WebPage\",\"@id\":\"https:\/\/www.revue3emillenaire.com\/blog\/la-distance-et-la-serenite-par-louis-pauwels\/\",\"url\":\"https:\/\/www.revue3emillenaire.com\/blog\/la-distance-et-la-serenite-par-louis-pauwels\/\",\"name\":\"La distance et la s\u00e9r\u00e9nit\u00e9 par Louis Pauwels - 3e mill\u00e9naire - Spiritualit\u00e9 - Connaissance de soi - Non-dualit\u00e9 - M\u00e9ditation\",\"isPartOf\":{\"@id\":\"https:\/\/www.revue3emillenaire.com\/blog\/#website\"},\"datePublished\":\"2011-01-19T02:55:39+00:00\",\"dateModified\":\"2011-09-20T02:02:43+00:00\",\"author\":{\"@id\":\"https:\/\/www.revue3emillenaire.com\/blog\/#\/schema\/person\/9a3a7cc4ccaa707f402d4394327106d5\"},\"breadcrumb\":{\"@id\":\"https:\/\/www.revue3emillenaire.com\/blog\/la-distance-et-la-serenite-par-louis-pauwels\/#breadcrumb\"},\"inLanguage\":\"fr-FR\",\"potentialAction\":[{\"@type\":\"ReadAction\",\"target\":[\"https:\/\/www.revue3emillenaire.com\/blog\/la-distance-et-la-serenite-par-louis-pauwels\/\"]}]},{\"@type\":\"BreadcrumbList\",\"@id\":\"https:\/\/www.revue3emillenaire.com\/blog\/la-distance-et-la-serenite-par-louis-pauwels\/#breadcrumb\",\"itemListElement\":[{\"@type\":\"ListItem\",\"position\":1,\"name\":\"Accueil\",\"item\":\"https:\/\/www.revue3emillenaire.com\/blog\/\"},{\"@type\":\"ListItem\",\"position\":2,\"name\":\"La distance et la s\u00e9r\u00e9nit\u00e9 par Louis Pauwels\"}]},{\"@type\":\"WebSite\",\"@id\":\"https:\/\/www.revue3emillenaire.com\/blog\/#website\",\"url\":\"https:\/\/www.revue3emillenaire.com\/blog\/\",\"name\":\"3e mill\u00e9naire - Spiritualit\u00e9 - Connaissance de soi - Non-dualit\u00e9 - M\u00e9ditation\",\"description\":\"L&#039;Homme en devenir\",\"potentialAction\":[{\"@type\":\"SearchAction\",\"target\":{\"@type\":\"EntryPoint\",\"urlTemplate\":\"https:\/\/www.revue3emillenaire.com\/blog\/?s={search_term_string}\"},\"query-input\":{\"@type\":\"PropertyValueSpecification\",\"valueRequired\":true,\"valueName\":\"search_term_string\"}}],\"inLanguage\":\"fr-FR\"},{\"@type\":\"Person\",\"@id\":\"https:\/\/www.revue3emillenaire.com\/blog\/#\/schema\/person\/9a3a7cc4ccaa707f402d4394327106d5\",\"name\":\"3e mill\u00e9naire\",\"url\":\"https:\/\/www.revue3emillenaire.com\/blog\/author\/admin\/\"}]}<\/script>\n<!-- \/ Yoast SEO plugin. -->","yoast_head_json":{"title":"La distance et la s\u00e9r\u00e9nit\u00e9 par Louis Pauwels - 3e mill\u00e9naire - Spiritualit\u00e9 - Connaissance de soi - Non-dualit\u00e9 - M\u00e9ditation","robots":{"index":"index","follow":"follow","max-snippet":"max-snippet:-1","max-image-preview":"max-image-preview:large","max-video-preview":"max-video-preview:-1"},"canonical":"https:\/\/www.revue3emillenaire.com\/blog\/la-distance-et-la-serenite-par-louis-pauwels\/","og_locale":"fr_FR","og_type":"article","og_title":"La distance et la s\u00e9r\u00e9nit\u00e9 par Louis Pauwels - 3e mill\u00e9naire - Spiritualit\u00e9 - Connaissance de soi - Non-dualit\u00e9 - M\u00e9ditation","og_description":"Vivre en cherchant le supr\u00eame bien dans l\u2019\u00e9galit\u00e9 d\u2019\u00e2me. Egalit\u00e9 d\u2019\u00e2me en toutes circonstances dans ce monde. Egalit\u00e9 d\u2019\u00e2me dans les combats. Egalit\u00e9 d\u2019\u00e2me dans les chagrins et les bonheurs, les mis\u00e8res et les fastes de ce monde. Certainement, il y a la soci\u00e9t\u00e9, il y a la politique. Mais, ou bien je ne suis qu\u2019un homme-dans-l\u2019histoire, et je n\u2019existe que par mes engagements. Ou bien ma part la plus profonde n\u2019est pas dans l\u2019histoire. Et, dans ce cas, je donnerai au monde, \u00e0 la soci\u00e9t\u00e9, \u00e0 la politique, \u00e0 l\u2019histoire ce qu\u2019il faut bien donner. Mais \u00e0 distance et sans passion. Il m\u2019arrivera de prendre parti. Mais je douterai d\u2019avoir raison. Il m\u2019arrivera d\u2019agir. Mais je douterai des fruits de l\u2019action. Et s\u2019il arrive que j\u2019y mette de la passion (sait-on jamais !), il y aura encore ma part profonde qui ne se passionnera pas pour cette passion.","og_url":"https:\/\/www.revue3emillenaire.com\/blog\/la-distance-et-la-serenite-par-louis-pauwels\/","og_site_name":"3e mill\u00e9naire - Spiritualit\u00e9 - Connaissance de soi - Non-dualit\u00e9 - M\u00e9ditation","article_published_time":"2011-01-19T02:55:39+00:00","article_modified_time":"2011-09-20T02:02:43+00:00","author":"3e mill\u00e9naire","twitter_card":"summary_large_image","twitter_misc":{"\u00c9crit par":"3e mill\u00e9naire","Dur\u00e9e de lecture estim\u00e9e":"15 minutes"},"schema":{"@context":"https:\/\/schema.org","@graph":[{"@type":"Article","@id":"https:\/\/www.revue3emillenaire.com\/blog\/la-distance-et-la-serenite-par-louis-pauwels\/#article","isPartOf":{"@id":"https:\/\/www.revue3emillenaire.com\/blog\/la-distance-et-la-serenite-par-louis-pauwels\/"},"author":{"name":"3e mill\u00e9naire","@id":"https:\/\/www.revue3emillenaire.com\/blog\/#\/schema\/person\/9a3a7cc4ccaa707f402d4394327106d5"},"headline":"La distance et la s\u00e9r\u00e9nit\u00e9 par Louis Pauwels","datePublished":"2011-01-19T02:55:39+00:00","dateModified":"2011-09-20T02:02:43+00:00","mainEntityOfPage":{"@id":"https:\/\/www.revue3emillenaire.com\/blog\/la-distance-et-la-serenite-par-louis-pauwels\/"},"wordCount":2931,"keywords":["Spiritualit\u00e9","Vie int\u00e9rieure"],"articleSection":["Pauwels Louis"],"inLanguage":"fr-FR"},{"@type":"WebPage","@id":"https:\/\/www.revue3emillenaire.com\/blog\/la-distance-et-la-serenite-par-louis-pauwels\/","url":"https:\/\/www.revue3emillenaire.com\/blog\/la-distance-et-la-serenite-par-louis-pauwels\/","name":"La distance et la s\u00e9r\u00e9nit\u00e9 par Louis Pauwels - 3e mill\u00e9naire - Spiritualit\u00e9 - Connaissance de soi - Non-dualit\u00e9 - M\u00e9ditation","isPartOf":{"@id":"https:\/\/www.revue3emillenaire.com\/blog\/#website"},"datePublished":"2011-01-19T02:55:39+00:00","dateModified":"2011-09-20T02:02:43+00:00","author":{"@id":"https:\/\/www.revue3emillenaire.com\/blog\/#\/schema\/person\/9a3a7cc4ccaa707f402d4394327106d5"},"breadcrumb":{"@id":"https:\/\/www.revue3emillenaire.com\/blog\/la-distance-et-la-serenite-par-louis-pauwels\/#breadcrumb"},"inLanguage":"fr-FR","potentialAction":[{"@type":"ReadAction","target":["https:\/\/www.revue3emillenaire.com\/blog\/la-distance-et-la-serenite-par-louis-pauwels\/"]}]},{"@type":"BreadcrumbList","@id":"https:\/\/www.revue3emillenaire.com\/blog\/la-distance-et-la-serenite-par-louis-pauwels\/#breadcrumb","itemListElement":[{"@type":"ListItem","position":1,"name":"Accueil","item":"https:\/\/www.revue3emillenaire.com\/blog\/"},{"@type":"ListItem","position":2,"name":"La distance et la s\u00e9r\u00e9nit\u00e9 par Louis Pauwels"}]},{"@type":"WebSite","@id":"https:\/\/www.revue3emillenaire.com\/blog\/#website","url":"https:\/\/www.revue3emillenaire.com\/blog\/","name":"3e mill\u00e9naire - Spiritualit\u00e9 - Connaissance de soi - Non-dualit\u00e9 - M\u00e9ditation","description":"L&#039;Homme en devenir","potentialAction":[{"@type":"SearchAction","target":{"@type":"EntryPoint","urlTemplate":"https:\/\/www.revue3emillenaire.com\/blog\/?s={search_term_string}"},"query-input":{"@type":"PropertyValueSpecification","valueRequired":true,"valueName":"search_term_string"}}],"inLanguage":"fr-FR"},{"@type":"Person","@id":"https:\/\/www.revue3emillenaire.com\/blog\/#\/schema\/person\/9a3a7cc4ccaa707f402d4394327106d5","name":"3e mill\u00e9naire","url":"https:\/\/www.revue3emillenaire.com\/blog\/author\/admin\/"}]}},"_links":{"self":[{"href":"https:\/\/www.revue3emillenaire.com\/blog\/wp-json\/wp\/v2\/posts\/6419","targetHints":{"allow":["GET"]}}],"collection":[{"href":"https:\/\/www.revue3emillenaire.com\/blog\/wp-json\/wp\/v2\/posts"}],"about":[{"href":"https:\/\/www.revue3emillenaire.com\/blog\/wp-json\/wp\/v2\/types\/post"}],"author":[{"embeddable":true,"href":"https:\/\/www.revue3emillenaire.com\/blog\/wp-json\/wp\/v2\/users\/1"}],"replies":[{"embeddable":true,"href":"https:\/\/www.revue3emillenaire.com\/blog\/wp-json\/wp\/v2\/comments?post=6419"}],"version-history":[{"count":0,"href":"https:\/\/www.revue3emillenaire.com\/blog\/wp-json\/wp\/v2\/posts\/6419\/revisions"}],"wp:attachment":[{"href":"https:\/\/www.revue3emillenaire.com\/blog\/wp-json\/wp\/v2\/media?parent=6419"}],"wp:term":[{"taxonomy":"category","embeddable":true,"href":"https:\/\/www.revue3emillenaire.com\/blog\/wp-json\/wp\/v2\/categories?post=6419"},{"taxonomy":"post_tag","embeddable":true,"href":"https:\/\/www.revue3emillenaire.com\/blog\/wp-json\/wp\/v2\/tags?post=6419"}],"curies":[{"name":"wp","href":"https:\/\/api.w.org\/{rel}","templated":true}]}}