{"id":6557,"date":"2011-02-13T01:49:04","date_gmt":"2011-02-13T00:49:04","guid":{"rendered":"http:\/\/www.revue3emillenaire.com\/blog\/?p=6557"},"modified":"2011-09-17T22:41:22","modified_gmt":"2011-09-17T21:41:22","slug":"les-ailes-du-vivant-par-pascal-ruga","status":"publish","type":"post","link":"https:\/\/www.revue3emillenaire.com\/blog\/les-ailes-du-vivant-par-pascal-ruga\/","title":{"rendered":"Les ailes du vivant par Pascal Ruga"},"content":{"rendered":"<p style=\"text-align: justify;\"><em>En r\u00e9ponse au \u00a0\u00ab<a href=\"http:\/\/www.revue3emillenaire.com\/blog\/?p=6509\" target=\"_blank\"> Manifeste du Vivant<\/a> \u00bb, l&rsquo;\u00e9crivain et po\u00e8te suisse Pascal Ruga nous a envoy\u00e9 le tr\u00e8s int\u00e9ressant texte ci-dessous.<\/em><\/p>\n<p style=\"text-align: justify;\"><strong> <\/strong><\/p>\n<p style=\"text-align: justify;\">(Revue \u00catre Libre. No 300. Juillet-Septembre 1984)<\/p>\n<p style=\"text-align: justify;\">\n<p style=\"text-align: center;\"><a href=\"http:\/\/www.revue3emillenaire.com\/blog\/wp-content\/uploads\/2011\/02\/LostFile_Gif_2864353.gif\"><img loading=\"lazy\" decoding=\"async\" class=\"aligncenter size-thumbnail wp-image-6560\" title=\"LostFile_Gif_2864353\" src=\"http:\/\/www.revue3emillenaire.com\/blog\/wp-content\/uploads\/2011\/02\/LostFile_Gif_2864353-150x150.gif\" alt=\"\" width=\"150\" height=\"150\" \/><\/a>Pascal Ruga<\/p>\n<p style=\"text-align: justify;\">Avoir ou ne pas avoir les ailes du VIVANT, est la fausse question par excellence. Entreprendre le VIVANT dans sa totalit\u00e9, c&rsquo;est s&rsquo;engager au-del\u00e0 de toute logique. Le VIVANT n&rsquo;est jamais \u00e0 la merci d&rsquo;une d\u00e9finition, tenter de l&rsquo;expliquer, c&rsquo;est fonder une fixation. Or, toute fixation (ce qui implique un lieu et un espace) nous entretient en une illusoire certitude, nous identifie \u00e0 une forme dont nous savons qu&rsquo;elle n&rsquo;est qu&rsquo;un instrument passager. Le VIVANT ne motive aucun conditionnel, ne s&rsquo;astreint \u00e0 aucune dualit\u00e9; ce qui \u00e0 premi\u00e8re vue semble une impossibilit\u00e9, une chevauch\u00e9e dans le r\u00eave&#8230; Le VIVANT n&rsquo;appartient \u00e0 personne, et de ce fait, ne permet pas que nous nous en fassions les proph\u00e8tes. Ne laissons \u00e0 personne d&rsquo;autre que nous-m\u00eames le soin de le d\u00e9couvrir, de l&rsquo;assumer sans en chercher les tenants et les aboutissants, car le VIVANT ne se situe pas&#8230; D\u00e8s qu&rsquo;on le situe, ou plut\u00f4t, que l&rsquo;on tente de le situer, il dispara\u00eet&#8230; Pour nous ouvrir \u00e0 lui, le silence est notre plus s\u00fbr alli\u00e9, et il ne faut voir les mots qui s&rsquo;alignent sur cette page qu&rsquo;en instance de \u00ab reliance \u00bb, alors que, d&rsquo;habitude, ils divisent&#8230;<\/p>\n<p style=\"text-align: justify;\">\n<p style=\"text-align: justify;\">Chacun ne peut aller \u00e0 lui-m\u00eame que par son propre chemin, plus il avancera, plus il d\u00e9couvrira qu&rsquo;il aborde \u00e0 la vision du SANS-MESURE, dans un oc\u00e9an o\u00f9 les choses ne se voient plus de la m\u00eame fa\u00e7on que du temps o\u00f9 il les poursuivait toujours vainement. Tout \u00e0 coup, les choses ne sont plus divis\u00e9es par l&rsquo;infinitude de leurs formes et de l&rsquo;antagonisme qu&rsquo;elles entretenaient pour subsister. Elles ne se fragmentent plus, elles ne sont plus affaire de conscience ou de m\u00e9moire, en elles, il n&rsquo;y a ni arriv\u00e9e ni d\u00e9part. Elles sont authentiquement elles-m\u00eames et baignent toutes dans le merveilleux INCONNU qu&rsquo;elles manifestent en nous \u00e0 chaque fois que nous nous d\u00e9tachons d&rsquo;une fixation, \u00e0 chaque fois que nous consid\u00e9rons une chose au-del\u00e0 de la vie et de la mort de sa forme.<\/p>\n<p style=\"text-align: justify;\">\n<p style=\"text-align: justify;\">Si cette VUE des choses est la n\u00f4tre, il n&rsquo;est pas question d&rsquo;esp\u00e9rer que les soci\u00e9t\u00e9s nous suivent ou pas, ce serait ajouter un d\u00e9sir aux autres, ajouter un \u00ab id\u00e9al \u00bb \u00e0 la multitude des id\u00e9aux, qui, par leurs dogmes, pens\u00e9es et autres stagnations, ont enrichi les attelages de la mort. Nous ne nous laissons plus engluer dans l&rsquo;histoire de l&rsquo;esp\u00e8ce \u00e0 laquelle nous appartenons, nous survolons cette histoire comme on survole l&rsquo;\u00e9clatement d&rsquo;une plan\u00e8te&#8230; et nous d\u00e9couvrons ce qui vient \u00e0 \u00e9ternit\u00e9 d\u00e8s qu&rsquo;un d\u00e9sir est transcend\u00e9 par son d\u00e9tachement. La valeur qui en r\u00e9sulte n\u00e9cessairement se manifeste comme une loi naturelle, cette valeur, c&rsquo;est l&rsquo;Amour non limit\u00e9 par un choix, un Amour non possessif, non passionnel. D\u00e8s que dans l&rsquo;univers des choses, il n&rsquo;y a plus de poursuite, l&rsquo;Amour vient \u00e0 existence, il est le VIVANT, l&rsquo;harmonieuse concordance de toutes choses, il est POESIE comme le soleil est d&rsquo;or.<\/p>\n<p style=\"text-align: right;\">Pascal RUGA<\/p>\n<p style=\"text-align: right;\">Crespin, le 28 juillet 1984<\/p>\n<p style=\"text-align: justify;\">\n<p style=\"text-align: justify;\"><strong> <\/strong><\/p>\n<p style=\"text-align: justify;\"><strong>PENSEES FONDAMENTALES<\/strong><\/p>\n<p style=\"text-align: justify;\">\n<p style=\"text-align: justify;\">Quel est le \u00ab but \u00bb de l&rsquo;Univers ?<\/p>\n<p style=\"text-align: justify;\">\n<p style=\"text-align: justify;\">\u00ab Pourquoi Dieu se manifeste-t-il ? \u00bb<\/p>\n<p style=\"text-align: justify;\">\u00ab Cette question est pos\u00e9e en g\u00e9n\u00e9ral pour des motifs absurdes, puisqu&rsquo;elle suppose l&rsquo;assimilation\u00a0 la psychologie humaine (avec ses valeurs de temps, etc.) d&rsquo;une psychologie divine !<\/p>\n<p style=\"text-align: justify;\">\u00ab Pourquoi l&rsquo;homme fait-il quoi que ce soit ? Parce qu&rsquo;il d\u00e9sire le faire pour telle ou telle raison. Mais attribuer \u00e0 Dieu un d\u00e9sir quelconque impliquerait que Dieu puisse manquer de quelque chose, ce qui est absurde puisqu&rsquo;Il est le Tout. \u00bb<\/p>\n<p style=\"text-align: justify;\">\u00abDieu cr\u00e9e la manifestation parce que SA nature la comporte. \u00bb<\/p>\n<p style=\"text-align: right;\">Dr. Hubert Benoit<\/p>\n<p style=\"text-align: right;\">(\u00ab De la r\u00e9alisation int\u00e9rieure \u00bb, p. 38,<\/p>\n<p style=\"text-align: right;\">\u00ab Courrier du Livre \u00bb.)<\/p>\n<p style=\"text-align: justify;\">\n<p style=\"text-align: justify;\">\u00ab La voie du vrai Bonheur, infini, \u00e9ternel, doit passer par la perte totale de tout espoir en lui \u00bb.<\/p>\n<p style=\"text-align: justify;\">\u00ab Toutes les souffrances sont pour nous des humiliations. Celles-ci, d\u00e8s qu&rsquo;elles sont accept\u00e9es, se transcendent en juste humilit\u00e9, en vision de notre \u00ab Moi \u00bb comme \u00ab \u00e9tant de moins en moins \u00bb. Puis, l&rsquo;instant m\u00eame o\u00f9 nous le voyons enfin comme n&rsquo;\u00e9tant rien, comme n&rsquo;\u00e9tant pas, le Soi se r\u00e9alise et nous envahit tout entier, nous r\u00e9v\u00e9lant que, sans en avoir eu jusque-l\u00e0 conscience, nous avons toujours \u00e9t\u00e9 LUI dans la splendeur de Sa r\u00e9alit\u00e9 absolue \u00bb.<\/p>\n<p style=\"text-align: right;\">Dr. Hubert BENOIT, op. cit.<\/p>\n","protected":false},"excerpt":{"rendered":"<p>Chacun ne peut aller \u00e0 lui-m\u00eame que par son propre chemin, plus il avancera, plus il d\u00e9couvrira qu&rsquo;il aborde \u00e0 la vision du SANS-MESURE, dans un oc\u00e9an o\u00f9 les choses ne se voient plus de la m\u00eame fa\u00e7on que du temps o\u00f9 il les poursuivait toujours vainement. Tout \u00e0 coup, les choses ne sont plus divis\u00e9es par l&rsquo;infinitude de leurs formes et de l&rsquo;antagonisme qu&rsquo;elles entretenaient pour subsister. Elles ne se fragmentent plus, elles ne sont plus affaire de conscience ou de m\u00e9moire, en elles, il n&rsquo;y a ni arriv\u00e9e ni d\u00e9part&#8230;<\/p>\n","protected":false},"author":1,"featured_media":0,"comment_status":"closed","ping_status":"closed","sticky":false,"template":"","format":"standard","meta":{"footnotes":""},"categories":[65],"tags":[1347],"class_list":["post-6557","post","type-post","status-publish","format-standard","hentry","category-p-ruga","tag-spiritualite"],"yoast_head":"<!-- This site is optimized with the Yoast SEO plugin v27.0 - https:\/\/yoast.com\/product\/yoast-seo-wordpress\/ -->\n<title>Les ailes du vivant par Pascal Ruga - 3e mill\u00e9naire - Spiritualit\u00e9 - Connaissance de soi - Non-dualit\u00e9 - M\u00e9ditation<\/title>\n<meta name=\"robots\" content=\"index, follow, max-snippet:-1, max-image-preview:large, max-video-preview:-1\" \/>\n<link rel=\"canonical\" href=\"https:\/\/www.revue3emillenaire.com\/blog\/les-ailes-du-vivant-par-pascal-ruga\/\" \/>\n<meta property=\"og:locale\" content=\"fr_FR\" \/>\n<meta property=\"og:type\" content=\"article\" \/>\n<meta property=\"og:title\" content=\"Les ailes du vivant par Pascal Ruga - 3e mill\u00e9naire - Spiritualit\u00e9 - Connaissance de soi - Non-dualit\u00e9 - M\u00e9ditation\" \/>\n<meta property=\"og:description\" content=\"Chacun ne peut aller \u00e0 lui-m\u00eame que par son propre chemin, plus il avancera, plus il d\u00e9couvrira qu&#039;il aborde \u00e0 la vision du SANS-MESURE, dans un oc\u00e9an o\u00f9 les choses ne se voient plus de la m\u00eame fa\u00e7on que du temps o\u00f9 il les poursuivait toujours vainement. Tout \u00e0 coup, les choses ne sont plus divis\u00e9es par l&#039;infinitude de leurs formes et de l&#039;antagonisme qu&#039;elles entretenaient pour subsister. Elles ne se fragmentent plus, elles ne sont plus affaire de conscience ou de m\u00e9moire, en elles, il n&#039;y a ni arriv\u00e9e ni d\u00e9part...\" \/>\n<meta property=\"og:url\" content=\"https:\/\/www.revue3emillenaire.com\/blog\/les-ailes-du-vivant-par-pascal-ruga\/\" \/>\n<meta property=\"og:site_name\" content=\"3e mill\u00e9naire - Spiritualit\u00e9 - Connaissance de soi - Non-dualit\u00e9 - M\u00e9ditation\" \/>\n<meta property=\"article:published_time\" content=\"2011-02-13T00:49:04+00:00\" \/>\n<meta property=\"article:modified_time\" content=\"2011-09-17T21:41:22+00:00\" \/>\n<meta property=\"og:image\" content=\"http:\/\/www.revue3emillenaire.com\/blog\/wp-content\/uploads\/2011\/02\/LostFile_Gif_2864353-150x150.gif\" \/>\n<meta name=\"author\" content=\"3e mill\u00e9naire\" \/>\n<meta name=\"twitter:card\" content=\"summary_large_image\" \/>\n<meta name=\"twitter:label1\" content=\"\u00c9crit par\" \/>\n\t<meta name=\"twitter:data1\" content=\"3e mill\u00e9naire\" \/>\n\t<meta name=\"twitter:label2\" content=\"Dur\u00e9e de lecture estim\u00e9e\" \/>\n\t<meta name=\"twitter:data2\" content=\"4 minutes\" \/>\n<script type=\"application\/ld+json\" class=\"yoast-schema-graph\">{\"@context\":\"https:\/\/schema.org\",\"@graph\":[{\"@type\":\"Article\",\"@id\":\"https:\/\/www.revue3emillenaire.com\/blog\/les-ailes-du-vivant-par-pascal-ruga\/#article\",\"isPartOf\":{\"@id\":\"https:\/\/www.revue3emillenaire.com\/blog\/les-ailes-du-vivant-par-pascal-ruga\/\"},\"author\":{\"name\":\"3e mill\u00e9naire\",\"@id\":\"https:\/\/www.revue3emillenaire.com\/blog\/#\/schema\/person\/9a3a7cc4ccaa707f402d4394327106d5\"},\"headline\":\"Les ailes du vivant par Pascal Ruga\",\"datePublished\":\"2011-02-13T00:49:04+00:00\",\"dateModified\":\"2011-09-17T21:41:22+00:00\",\"mainEntityOfPage\":{\"@id\":\"https:\/\/www.revue3emillenaire.com\/blog\/les-ailes-du-vivant-par-pascal-ruga\/\"},\"wordCount\":756,\"image\":{\"@id\":\"https:\/\/www.revue3emillenaire.com\/blog\/les-ailes-du-vivant-par-pascal-ruga\/#primaryimage\"},\"thumbnailUrl\":\"http:\/\/www.revue3emillenaire.com\/blog\/wp-content\/uploads\/2011\/02\/LostFile_Gif_2864353-150x150.gif\",\"keywords\":[\"Spiritualit\u00e9\"],\"articleSection\":[\"Ruga Pascal\"],\"inLanguage\":\"fr-FR\"},{\"@type\":\"WebPage\",\"@id\":\"https:\/\/www.revue3emillenaire.com\/blog\/les-ailes-du-vivant-par-pascal-ruga\/\",\"url\":\"https:\/\/www.revue3emillenaire.com\/blog\/les-ailes-du-vivant-par-pascal-ruga\/\",\"name\":\"Les ailes du vivant par Pascal Ruga - 3e mill\u00e9naire - Spiritualit\u00e9 - Connaissance de soi - Non-dualit\u00e9 - M\u00e9ditation\",\"isPartOf\":{\"@id\":\"https:\/\/www.revue3emillenaire.com\/blog\/#website\"},\"primaryImageOfPage\":{\"@id\":\"https:\/\/www.revue3emillenaire.com\/blog\/les-ailes-du-vivant-par-pascal-ruga\/#primaryimage\"},\"image\":{\"@id\":\"https:\/\/www.revue3emillenaire.com\/blog\/les-ailes-du-vivant-par-pascal-ruga\/#primaryimage\"},\"thumbnailUrl\":\"http:\/\/www.revue3emillenaire.com\/blog\/wp-content\/uploads\/2011\/02\/LostFile_Gif_2864353-150x150.gif\",\"datePublished\":\"2011-02-13T00:49:04+00:00\",\"dateModified\":\"2011-09-17T21:41:22+00:00\",\"author\":{\"@id\":\"https:\/\/www.revue3emillenaire.com\/blog\/#\/schema\/person\/9a3a7cc4ccaa707f402d4394327106d5\"},\"breadcrumb\":{\"@id\":\"https:\/\/www.revue3emillenaire.com\/blog\/les-ailes-du-vivant-par-pascal-ruga\/#breadcrumb\"},\"inLanguage\":\"fr-FR\",\"potentialAction\":[{\"@type\":\"ReadAction\",\"target\":[\"https:\/\/www.revue3emillenaire.com\/blog\/les-ailes-du-vivant-par-pascal-ruga\/\"]}]},{\"@type\":\"ImageObject\",\"inLanguage\":\"fr-FR\",\"@id\":\"https:\/\/www.revue3emillenaire.com\/blog\/les-ailes-du-vivant-par-pascal-ruga\/#primaryimage\",\"url\":\"http:\/\/www.revue3emillenaire.com\/blog\/wp-content\/uploads\/2011\/02\/LostFile_Gif_2864353-150x150.gif\",\"contentUrl\":\"http:\/\/www.revue3emillenaire.com\/blog\/wp-content\/uploads\/2011\/02\/LostFile_Gif_2864353-150x150.gif\"},{\"@type\":\"BreadcrumbList\",\"@id\":\"https:\/\/www.revue3emillenaire.com\/blog\/les-ailes-du-vivant-par-pascal-ruga\/#breadcrumb\",\"itemListElement\":[{\"@type\":\"ListItem\",\"position\":1,\"name\":\"Accueil\",\"item\":\"https:\/\/www.revue3emillenaire.com\/blog\/\"},{\"@type\":\"ListItem\",\"position\":2,\"name\":\"Les ailes du vivant par Pascal Ruga\"}]},{\"@type\":\"WebSite\",\"@id\":\"https:\/\/www.revue3emillenaire.com\/blog\/#website\",\"url\":\"https:\/\/www.revue3emillenaire.com\/blog\/\",\"name\":\"3e mill\u00e9naire - Spiritualit\u00e9 - Connaissance de soi - Non-dualit\u00e9 - M\u00e9ditation\",\"description\":\"L&#039;Homme en devenir\",\"potentialAction\":[{\"@type\":\"SearchAction\",\"target\":{\"@type\":\"EntryPoint\",\"urlTemplate\":\"https:\/\/www.revue3emillenaire.com\/blog\/?s={search_term_string}\"},\"query-input\":{\"@type\":\"PropertyValueSpecification\",\"valueRequired\":true,\"valueName\":\"search_term_string\"}}],\"inLanguage\":\"fr-FR\"},{\"@type\":\"Person\",\"@id\":\"https:\/\/www.revue3emillenaire.com\/blog\/#\/schema\/person\/9a3a7cc4ccaa707f402d4394327106d5\",\"name\":\"3e mill\u00e9naire\",\"url\":\"https:\/\/www.revue3emillenaire.com\/blog\/author\/admin\/\"}]}<\/script>\n<!-- \/ Yoast SEO plugin. -->","yoast_head_json":{"title":"Les ailes du vivant par Pascal Ruga - 3e mill\u00e9naire - Spiritualit\u00e9 - Connaissance de soi - Non-dualit\u00e9 - M\u00e9ditation","robots":{"index":"index","follow":"follow","max-snippet":"max-snippet:-1","max-image-preview":"max-image-preview:large","max-video-preview":"max-video-preview:-1"},"canonical":"https:\/\/www.revue3emillenaire.com\/blog\/les-ailes-du-vivant-par-pascal-ruga\/","og_locale":"fr_FR","og_type":"article","og_title":"Les ailes du vivant par Pascal Ruga - 3e mill\u00e9naire - Spiritualit\u00e9 - Connaissance de soi - Non-dualit\u00e9 - M\u00e9ditation","og_description":"Chacun ne peut aller \u00e0 lui-m\u00eame que par son propre chemin, plus il avancera, plus il d\u00e9couvrira qu'il aborde \u00e0 la vision du SANS-MESURE, dans un oc\u00e9an o\u00f9 les choses ne se voient plus de la m\u00eame fa\u00e7on que du temps o\u00f9 il les poursuivait toujours vainement. Tout \u00e0 coup, les choses ne sont plus divis\u00e9es par l'infinitude de leurs formes et de l'antagonisme qu'elles entretenaient pour subsister. Elles ne se fragmentent plus, elles ne sont plus affaire de conscience ou de m\u00e9moire, en elles, il n'y a ni arriv\u00e9e ni d\u00e9part...","og_url":"https:\/\/www.revue3emillenaire.com\/blog\/les-ailes-du-vivant-par-pascal-ruga\/","og_site_name":"3e mill\u00e9naire - Spiritualit\u00e9 - Connaissance de soi - Non-dualit\u00e9 - M\u00e9ditation","article_published_time":"2011-02-13T00:49:04+00:00","article_modified_time":"2011-09-17T21:41:22+00:00","og_image":[{"url":"http:\/\/www.revue3emillenaire.com\/blog\/wp-content\/uploads\/2011\/02\/LostFile_Gif_2864353-150x150.gif","type":"","width":"","height":""}],"author":"3e mill\u00e9naire","twitter_card":"summary_large_image","twitter_misc":{"\u00c9crit par":"3e mill\u00e9naire","Dur\u00e9e de lecture estim\u00e9e":"4 minutes"},"schema":{"@context":"https:\/\/schema.org","@graph":[{"@type":"Article","@id":"https:\/\/www.revue3emillenaire.com\/blog\/les-ailes-du-vivant-par-pascal-ruga\/#article","isPartOf":{"@id":"https:\/\/www.revue3emillenaire.com\/blog\/les-ailes-du-vivant-par-pascal-ruga\/"},"author":{"name":"3e mill\u00e9naire","@id":"https:\/\/www.revue3emillenaire.com\/blog\/#\/schema\/person\/9a3a7cc4ccaa707f402d4394327106d5"},"headline":"Les ailes du vivant par Pascal Ruga","datePublished":"2011-02-13T00:49:04+00:00","dateModified":"2011-09-17T21:41:22+00:00","mainEntityOfPage":{"@id":"https:\/\/www.revue3emillenaire.com\/blog\/les-ailes-du-vivant-par-pascal-ruga\/"},"wordCount":756,"image":{"@id":"https:\/\/www.revue3emillenaire.com\/blog\/les-ailes-du-vivant-par-pascal-ruga\/#primaryimage"},"thumbnailUrl":"http:\/\/www.revue3emillenaire.com\/blog\/wp-content\/uploads\/2011\/02\/LostFile_Gif_2864353-150x150.gif","keywords":["Spiritualit\u00e9"],"articleSection":["Ruga Pascal"],"inLanguage":"fr-FR"},{"@type":"WebPage","@id":"https:\/\/www.revue3emillenaire.com\/blog\/les-ailes-du-vivant-par-pascal-ruga\/","url":"https:\/\/www.revue3emillenaire.com\/blog\/les-ailes-du-vivant-par-pascal-ruga\/","name":"Les ailes du vivant par Pascal Ruga - 3e mill\u00e9naire - Spiritualit\u00e9 - Connaissance de soi - Non-dualit\u00e9 - M\u00e9ditation","isPartOf":{"@id":"https:\/\/www.revue3emillenaire.com\/blog\/#website"},"primaryImageOfPage":{"@id":"https:\/\/www.revue3emillenaire.com\/blog\/les-ailes-du-vivant-par-pascal-ruga\/#primaryimage"},"image":{"@id":"https:\/\/www.revue3emillenaire.com\/blog\/les-ailes-du-vivant-par-pascal-ruga\/#primaryimage"},"thumbnailUrl":"http:\/\/www.revue3emillenaire.com\/blog\/wp-content\/uploads\/2011\/02\/LostFile_Gif_2864353-150x150.gif","datePublished":"2011-02-13T00:49:04+00:00","dateModified":"2011-09-17T21:41:22+00:00","author":{"@id":"https:\/\/www.revue3emillenaire.com\/blog\/#\/schema\/person\/9a3a7cc4ccaa707f402d4394327106d5"},"breadcrumb":{"@id":"https:\/\/www.revue3emillenaire.com\/blog\/les-ailes-du-vivant-par-pascal-ruga\/#breadcrumb"},"inLanguage":"fr-FR","potentialAction":[{"@type":"ReadAction","target":["https:\/\/www.revue3emillenaire.com\/blog\/les-ailes-du-vivant-par-pascal-ruga\/"]}]},{"@type":"ImageObject","inLanguage":"fr-FR","@id":"https:\/\/www.revue3emillenaire.com\/blog\/les-ailes-du-vivant-par-pascal-ruga\/#primaryimage","url":"http:\/\/www.revue3emillenaire.com\/blog\/wp-content\/uploads\/2011\/02\/LostFile_Gif_2864353-150x150.gif","contentUrl":"http:\/\/www.revue3emillenaire.com\/blog\/wp-content\/uploads\/2011\/02\/LostFile_Gif_2864353-150x150.gif"},{"@type":"BreadcrumbList","@id":"https:\/\/www.revue3emillenaire.com\/blog\/les-ailes-du-vivant-par-pascal-ruga\/#breadcrumb","itemListElement":[{"@type":"ListItem","position":1,"name":"Accueil","item":"https:\/\/www.revue3emillenaire.com\/blog\/"},{"@type":"ListItem","position":2,"name":"Les ailes du vivant par Pascal Ruga"}]},{"@type":"WebSite","@id":"https:\/\/www.revue3emillenaire.com\/blog\/#website","url":"https:\/\/www.revue3emillenaire.com\/blog\/","name":"3e mill\u00e9naire - Spiritualit\u00e9 - Connaissance de soi - Non-dualit\u00e9 - M\u00e9ditation","description":"L&#039;Homme en devenir","potentialAction":[{"@type":"SearchAction","target":{"@type":"EntryPoint","urlTemplate":"https:\/\/www.revue3emillenaire.com\/blog\/?s={search_term_string}"},"query-input":{"@type":"PropertyValueSpecification","valueRequired":true,"valueName":"search_term_string"}}],"inLanguage":"fr-FR"},{"@type":"Person","@id":"https:\/\/www.revue3emillenaire.com\/blog\/#\/schema\/person\/9a3a7cc4ccaa707f402d4394327106d5","name":"3e mill\u00e9naire","url":"https:\/\/www.revue3emillenaire.com\/blog\/author\/admin\/"}]}},"_links":{"self":[{"href":"https:\/\/www.revue3emillenaire.com\/blog\/wp-json\/wp\/v2\/posts\/6557","targetHints":{"allow":["GET"]}}],"collection":[{"href":"https:\/\/www.revue3emillenaire.com\/blog\/wp-json\/wp\/v2\/posts"}],"about":[{"href":"https:\/\/www.revue3emillenaire.com\/blog\/wp-json\/wp\/v2\/types\/post"}],"author":[{"embeddable":true,"href":"https:\/\/www.revue3emillenaire.com\/blog\/wp-json\/wp\/v2\/users\/1"}],"replies":[{"embeddable":true,"href":"https:\/\/www.revue3emillenaire.com\/blog\/wp-json\/wp\/v2\/comments?post=6557"}],"version-history":[{"count":0,"href":"https:\/\/www.revue3emillenaire.com\/blog\/wp-json\/wp\/v2\/posts\/6557\/revisions"}],"wp:attachment":[{"href":"https:\/\/www.revue3emillenaire.com\/blog\/wp-json\/wp\/v2\/media?parent=6557"}],"wp:term":[{"taxonomy":"category","embeddable":true,"href":"https:\/\/www.revue3emillenaire.com\/blog\/wp-json\/wp\/v2\/categories?post=6557"},{"taxonomy":"post_tag","embeddable":true,"href":"https:\/\/www.revue3emillenaire.com\/blog\/wp-json\/wp\/v2\/tags?post=6557"}],"curies":[{"name":"wp","href":"https:\/\/api.w.org\/{rel}","templated":true}]}}