{"id":6571,"date":"2011-02-17T03:18:08","date_gmt":"2011-02-17T02:18:08","guid":{"rendered":"http:\/\/www.revue3emillenaire.com\/blog\/?p=6571"},"modified":"2011-09-17T22:40:37","modified_gmt":"2011-09-17T21:40:37","slug":"entretien-avec-george-luis-borges-%c2%abil-ne-faut-pas-chercher-la-folie%c2%bb-par-sarah-leibovici-helene-renard","status":"publish","type":"post","link":"https:\/\/www.revue3emillenaire.com\/blog\/entretien-avec-george-luis-borges-%c2%abil-ne-faut-pas-chercher-la-folie%c2%bb-par-sarah-leibovici-helene-renard\/","title":{"rendered":"Entretien avec George-Luis Borges : \u00abIl ne faut pas chercher la folie\u00bb par Sarah Leibovici &#038; H\u00e9l\u00e8ne Renard"},"content":{"rendered":"<p style=\"text-align: justify;\">(Revue Question De. N<sup>o<\/sup> 22. Janvier-F\u00e9vrier 1978)<\/p>\n<p style=\"text-align: justify;\"><strong>Le grand \u00e9crivain argentin <\/strong><a href=\"http:\/\/fr.wikipedia.org\/wiki\/Jorge_Luis_Borges\" target=\"_blank\"><strong>Jorge-Luis Borges<\/strong><\/a><strong> (1899-1986) \u00e9tait de passage \u00e0 Paris l\u2019automne de 1977. Sarah Leibovici assista \u00e0 sa conf\u00e9rence \u00e0 la Sorbonne. Elle a eu avec Jorge-Luis Borges un entretien que nous publions ici o\u00f9 l&rsquo;on retrouve l&rsquo;extraordinaire jeunesse et le rayonnement de cet homme de 79 ans priv\u00e9 de la vue.<\/strong><\/p>\n<p style=\"text-align: justify;\">Sarah Leibovici. \u2014 Acceptez-vous, monsieur, que nous nous servions d&rsquo;un magn\u00e9tophone ?<\/p>\n<p style=\"text-align: justify;\">J.-L. Borges. \u2014 Evidemment ! Mais ne le dites pas, faites-en un secret !<\/p>\n<p style=\"text-align: justify;\">S.L. \u2014 Ce serait trop indiscret&#8230;<\/p>\n<p style=\"text-align: justify;\">J. -L.B.\u00a0 \u2014 Eh bien alors, on l&rsquo;oublie et on cause tout naturellement\u00a0!&#8230; Mais je veux vous avertir : je suis tr\u00e8s timide ! Posez-moi des questions, cela m&rsquo;encourage !<\/p>\n<p style=\"text-align: justify;\">S.L. \u2014 Pour moi, c&rsquo;est merveilleux, j&rsquo;en ai pr\u00e9par\u00e9 des quantit\u00e9s !<\/p>\n<p style=\"text-align: justify;\">J.L.B. \u2014 En nombre d\u00e9fini ou ind\u00e9fini ? J&rsquo;aime beaucoup l\u2019infini.<\/p>\n<p style=\"text-align: justify;\">S.L. \u2014 Je commence par&#8230; une question qui pourrait sembler peu importante : j&rsquo;ai \u00e9t\u00e9 frapp\u00e9e par le nombre de fois o\u00f9, dans votre \u0153uvre, vous parlez du juego de ajedrez, du jeu d&rsquo;\u00e9checs&#8230;<\/p>\n<p style=\"text-align: justify;\">J.-L.B. \u2014 Oui, j&rsquo;ai m\u00eame \u00e9crit deux sonnets sur les \u00e9checs ! Je suis un mauvais joueur mais j&rsquo;en aime l&rsquo;esprit&#8230; Tenez, moi, j&rsquo;adore l&rsquo;Angleterre, mais tout le monde la d\u00e9teste, et le principal argument qu&rsquo;on pourrait utiliser contre elle, le football, cette chose si brutale, on ne l&#8217;emploie jamais ! Elle a r\u00e9pandu le football dans le monde au lieu de r\u00e9pandre, par exemple, les \u00e9checs, comme l&rsquo;ont fait les Arabes.<\/p>\n<p style=\"text-align: justify;\">S.L. \u2014 Le jeu d&rsquo;\u00e9checs, vous l&rsquo;utilisez souvent symboliquement ?<\/p>\n<p style=\"text-align: justify;\">J.-L.B. \u2014 Symboliquement, oui. C&rsquo;est-\u00e0-dire que je parle symboliquement de symboles ! Le jeu d&rsquo;\u00e9checs est une s\u00e9rie de symboles&#8230; J&rsquo;en parle souvent, c&rsquo;est vrai. Je suis facilement monotone.<\/p>\n<p style=\"text-align: justify;\">S.L. \u2014 Au contraire ! J&rsquo;ai relev\u00e9 tant d&rsquo;\u00e9l\u00e9ments fantastiques en me replongeant, ces jours-ci, dans le <em>Libres de arena<\/em> (Ouvrage de 1975, contenant treize nouvelles dont Ulrica et El Congreso) !<\/p>\n<p style=\"text-align: justify;\">J.-L.B. \u2014 Je crois que c&rsquo;est mon meilleur livre. Et je crois qu&rsquo;il y a l\u00e0 une histoire qui est ma meilleure histoire : celle qui s&rsquo;appelle Ulrica. C&rsquo;est si triste !<\/p>\n<p style=\"text-align: justify;\">S.L. \u2014 Pour vous, c&rsquo;est la meilleure ? Et El Congreso ?<\/p>\n<p style=\"text-align: justify;\">J.-L.B. \u2014 El Congreso, c&rsquo;est un peu comme un r\u00e9sum\u00e9 de toute mon \u0153uvre, non ? On m&rsquo;y retrouve continuellement !<\/p>\n<p style=\"text-align: justify;\">S.L. \u2014 C&rsquo;est une histoire extraordinaire. Que repr\u00e9sente pour vous cet autodaf\u00e9 de tous les livres patiemment r\u00e9unis, dans toutes les langues, de toutes les civilisations?<\/p>\n<p style=\"text-align: justify;\">J.-L.B. \u2014 Oui, quelqu&rsquo;un dit que de temps en temps (cada tantos siglos), il faut br\u00fbler la biblioth\u00e8que d&rsquo;Alexandrie&#8230; L&rsquo;id\u00e9e, c&rsquo;est qu&rsquo;il y a des gens qui veulent faire quelque chose d&rsquo;inou\u00ef : le congr\u00e8s du monde ! Et cela devient de plus en plus vaste, \u00e0 la fa\u00e7on de Kafka. A la fin, l&rsquo;un d&rsquo;eux a une sorte de vision. Il comprend que tout cela est inutile, que l&rsquo;univers est d\u00e9j\u00e0 l\u00e0, c&rsquo;est-\u00e0-dire que son congr\u00e8s est d\u00e9j\u00e0 l\u00e0, donc qu&rsquo;il peut tout d\u00e9truire puisque tout est l\u00e0. Pourquoi le congr\u00e8s du monde, puisque le monde existe ? Pourquoi le congr\u00e8s, puisque le monde est le congr\u00e8s ? Alors il identifie son r\u00eave impossible avec la r\u00e9alit\u00e9. C&rsquo;est comme si l&rsquo;\u00e9crivain voulait \u00e9crire une \u00e9pop\u00e9e sur l&rsquo;humanit\u00e9, et puis non, il y renonce, car il trouve que l&rsquo;humanit\u00e9 est d\u00e9j\u00e0 cette \u00e9pop\u00e9e&#8230; C&rsquo;est une belle histoire, n&rsquo;est-ce pas ? Oui, parce qu&rsquo;au commencement on pense que ce sera du Kafka, avec cette id\u00e9e de l&rsquo;aventure et de l&rsquo;entreprise impossibles, et puis \u00e0 la fin ils comprennent que l\u2019aventure est impossible mais que l&rsquo;aventure est l&rsquo;univers ! Le plan est si vaste qu&rsquo;il se confond avec l&rsquo;univers&#8230; La fin de l&rsquo;histoire est assez belle, mais c&rsquo;est un peu du Chesterton [<em>G.-K. Chesterton : po\u00e8te et romancier fantastique anglais (1874-1936). Son \u0153uvre la plus c\u00e9l\u00e8bre, Histoires du p\u00e8re Brown, contient ses th\u00e8mes favoris : la controverse religieuse, le suspense, l&rsquo;humour<\/em>]. C&rsquo;est-\u00e0-dire que cette histoire commence par Kafka et finit par Chesterton, si on voulait faire des analogies&#8230;<\/p>\n<p style=\"text-align: justify;\">S.L. \u2014\u00a0\u00a0\u00a0\u00a0\u00a0\u00a0\u00a0\u00a0\u00a0\u00a0\u00a0 Ailleurs, \u00e0 propos d&rsquo;un professeur qu&rsquo;on envoie \u00e0 un congr\u00e8s, vous dites que tous les congr\u00e8s sont inutiles, qu&rsquo;ils servent tout juste \u00e0 se faire un curriculum vitae..:<\/p>\n<p style=\"text-align: justify;\">J.-L.B. \u2014 Oui, c&rsquo;est \u00e7a. Mais ce congr\u00e8s-l\u00e0 n&rsquo;est pas inutile puisqu&rsquo;il est l&rsquo;univers, l&rsquo;histoire universelle ! Je suis content que vous aimiez cette histoire parce qu&rsquo;\u00e0 Buenos Aires elle n&rsquo;a eu aucun succ\u00e8s.<\/p>\n<p style=\"text-align: justify;\"><strong>LIRE ET RELIRE<\/strong><\/p>\n<p style=\"text-align: justify;\">S.L. \u2014 Dans un des contes, il y a un personnage qui dit \u00e0 peu pr\u00e8s ceci : \u00ab Je vis depuis quatre si\u00e8cles et je n&rsquo;ai pas d\u00fb lire plus d&rsquo;une demi-douzaine de livres \u00bb, et il ajoute :<\/p>\n<p style=\"text-align: justify;\">\u00ab Ce qui est important, ce n&rsquo;est pas de lire mais de relire\u00a0! \u00bb<\/p>\n<p style=\"text-align: justify;\">J.-L.B. \u2014 Malheureusement, pour relire, il faut lire. Cette histoire s&rsquo;appelle \u00ab Utopie d&rsquo;un homme fatigu\u00e9 \u00bb (Utopia de un hombre que esta cansado). Elle est aussi assez triste, mais c&rsquo;est une belle utopie. Ce n&rsquo;est pas du tout de la science-fiction. C&rsquo;est le contraire de Bradbury [<em>Ray Bradbury, auteur des Chroniques martiennes<\/em>]. et aussi de Wells [<em>H.-G. Wells, auteur de la Machine \u00e0 explorer le temps, l&rsquo;Homme invisible, ta Guerre des mondes, etc.<\/em>].<\/p>\n<p style=\"text-align: justify;\">S.L. \u2014 L&rsquo;important, pour vous, ce n&rsquo;est pas d&rsquo;avoir beaucoup lu mais d&rsquo;avoir bien lu, c&rsquo;est bien cela ?<\/p>\n<p style=\"text-align: justify;\">J.-L.B. \u2014 Oui. Comme le livre change chaque fois que vous le lisez, comme vous-m\u00eame changez comme le livre&#8230; On pourrait \u00e0 la rigueur ne lire que Montaigne, par exemple, ou les Dialogues de Platon ou la Bible ! La Bible est une biblioth\u00e8que&#8230;<\/p>\n<p style=\"text-align: justify;\">S.L. \u2014 Vous voulez dire que, dans un livre, il y a surtout le lecteur ?<\/p>\n<p style=\"text-align: justify;\">J.-L.B. \u2014 Il y a surtout le lecteur et le lecteur doit y mettre bien des choses. Il y a des livres qui permettent cela : <em>Don Quichotte<\/em>, par exemple, <em>les Mille et Une Nuits,<\/em> <em>Macbeth<\/em>&#8230;<\/p>\n<table style=\"text-align: justify;\" border=\"1\" cellspacing=\"0\" cellpadding=\"0\" width=\"552\">\n<tbody>\n<tr>\n<td width=\"552\" valign=\"top\">Jorge-Luis Borges, est n\u00e9 \u00e0 Buenos-Aires en   1899. Ses premiers \u00e9crits sont des po\u00e8mes d\u00e9di\u00e9s \u00e0 sa ville natale : Ferveur   de Buenos-Aires (1923). Deux \u0153uvres lui ont valu une renomm\u00e9e mondiale :   Fictions en 1941 et l&rsquo;Aleph en 1949. Ce sont des r\u00e9cits insolites o\u00f9 le fantastique   et le r\u00eave s&rsquo;introduisent dans la r\u00e9alit\u00e9 sans qu&rsquo;on ne puisse plus les   distinguer. Le monde r\u00e9el, le monde de l&rsquo;imagination sont connect\u00e9s ; le   temps n&rsquo;est plus celui que nous connaissons. L&rsquo;autre, le double, l&rsquo;ombre sont   parmi les th\u00e8mes favoris de Borges.<\/p>\n<p>Parmi ses \u0153uvres traduites en fran\u00e7ais par   Roger Caillois : Labyrinthes, L&rsquo;auteur et autres textes, L&rsquo;Aleph (\u00e9ditions   Gallimard)\u2026<\/td>\n<\/tr>\n<\/tbody>\n<\/table>\n<p style=\"text-align: justify;\"><strong>LE NOROIS<\/strong><\/p>\n<p style=\"text-align: justify;\">S.L. \u2014\u00a0\u00a0\u00a0\u00a0\u00a0\u00a0\u00a0\u00a0\u00a0\u00a0\u00a0 Vos histoires se situent souvent dans ces pays-l\u00e0. C&rsquo;est int\u00e9ressant, on se perd dans les brumes&#8230;<\/p>\n<p style=\"text-align: justify;\">J.-L.B. \u2014 Oui ; avec Maria Kodama [<em>collaboratrice de Jorge-Luis Borges<\/em>], je suis en train d\u2019\u00e9crire un livre sur un historien islandais. Nous avons \u00e9tudi\u00e9 l&rsquo;ancien anglais pendant quinze ans et maintenant nous \u00e9tudions l&rsquo;islandais, le norois.<\/p>\n<p style=\"text-align: justify;\">S.L. \u2014 Et vous l&rsquo;\u00e9tudiez pour quoi ?<\/p>\n<p style=\"text-align: justify;\">J.-L.B. \u2014 H\u00e9donisme ! Oui, pour le plaisir, pour le plaisir de d\u00e9chiffrer les textes ! Nous n&rsquo;arriverons qu&rsquo;\u00e0 les d\u00e9chiffrer. Ce sera une entreprise aussi infinie, aussi inutile que celle du congr\u00e8s, mais enfin les jeunes pourront en venir \u00e0 bout. Moi, je suis vieux, je n&rsquo;y arriverai pas.<\/p>\n<p style=\"text-align: justify;\"><strong>LE REVE ET LA REALITE<\/strong><\/p>\n<p style=\"text-align: justify;\">S.L. \u2014 Parlons de cette histoire fantastique, El Otro, l&rsquo;autre, le double, l&rsquo;alter ego&#8230;<\/p>\n<p style=\"text-align: justify;\">J.-L.B. \u2014 C&rsquo;est moi, \u00e9videmment !<\/p>\n<p style=\"text-align: justify;\">S.L. \u2014 C&rsquo;est vous \u00e0 deux \u00e9poques de votre vie. Dans cette rencontre, on n&rsquo;est ni dans le m\u00eame lieu, ni dans le m\u00eame temps, et on se demande lequel des deux est en train de r\u00eaver !<\/p>\n<p style=\"text-align: justify;\">J.-L.B. \u2014 Les deux, je crois. Ce sont les deux. Chacun r\u00eave l&rsquo;autre, mais le jeune homme oublie son r\u00eave. Quand il se r\u00e9veille, il a oubli\u00e9 son r\u00eave, tandis que pour l&rsquo;autre ce n&rsquo;\u00e9tait pas un r\u00eave, c&rsquo;\u00e9tait une exp\u00e9rience puisqu&rsquo;il a gard\u00e9 ce billet de banque qu&rsquo;on lui avait donn\u00e9.<\/p>\n<p style=\"text-align: justify;\">S.L. \u2014 C&rsquo;est parce qu&rsquo;on oublie son r\u00eave qu&rsquo;on peut continuer de vivre, en fin de compte !<\/p>\n<p style=\"text-align: justify;\">J.-L.B. \u2014 Il faut bien qu&rsquo;il ait oubli\u00e9 ! S&rsquo;ils se souvenaient l&rsquo;un de l&rsquo;autre, il n&rsquo;y aurait pas d&rsquo;histoire. Si je me retrouve avec mon avenir&#8230; C&rsquo;est une belle histoire, non ?<\/p>\n<p style=\"text-align: justify;\">S.L. \u2014 Tr\u00e8s belle. Mais ces histoires que vous racontez, est-ce qu\u2019elles correspondent \u00e0 quelque chose de v\u00e9cu ? Est-ce que vous avez connu, ressenti des impressions tout \u00e0 fait \u00e9tranges?<\/p>\n<p style=\"text-align: justify;\"><strong>LA MORT ET L&rsquo;ETERNITE<\/strong><\/p>\n<p style=\"text-align: justify;\">J.-L.B. \u2014 D\u2019une fa\u00e7on tr\u00e8s passag\u00e8re, plut\u00f4t en lisant. Je crois que durant toute ma vie je n&rsquo;ai eu que deux exp\u00e9riences mystiques. Deux fois j&rsquo;ai senti l&rsquo;\u00e9ternit\u00e9. J&rsquo;ai racont\u00e9 cela dans des textes, dans un po\u00e8me. La premi\u00e8re fois, c&rsquo;\u00e9tait en chemin de fer, au sud de Buenos Aires ; la deuxi\u00e8me, \u00e0 c\u00f4t\u00e9 d&rsquo;un ruisseau qui n&rsquo;existe plus, le Maldonado. J&rsquo;ai ressenti l&rsquo;\u00e9ternit\u00e9. Cela a dur\u00e9 quelques minutes, je crois. En tout cas, cela \u00e9tait en dehors du temps. Je l&rsquo;ai senti, tout simplement.<\/p>\n<p style=\"text-align: justify;\">S.L. \u2014 Vous parlez tr\u00e8s bien de tous ces \u00e9crivains qui ont \u00e9crit des contes fantastiques, qui ont v\u00e9cu des exp\u00e9riences hors du commun, qui ont eu la sensation du monde des morts qui nous entoure, qui ont peut-\u00eatre touch\u00e9 au spiritisme. Avez-vous pratiqu\u00e9 ces choses-l\u00e0 ?<\/p>\n<p style=\"text-align: justify;\">J.-L.B. \u2014 Non. Mais ma m\u00e8re est morte il y a deux ans, et je sens sa pr\u00e9sence dans la maison. Chaque soir, j&rsquo;entre dans sa chambre vide et je lui dis bonsoir, je parle un moment avec elle&#8230; Et j&rsquo;ai d\u00e9couvert que la servante avait la m\u00eame impression que moi. Je lui ai demand\u00e9 : \u00ab O\u00f9 croyez-vous que se trouve Madame ? \u00bb Elle m&rsquo;a r\u00e9pondu : \u00ab Mais elle est l\u00e0, dans sa chambre ! \u00bb C&rsquo;est une paysanne qui parle guarani. Je lui ai dit : \u00ab Si vous l\u2019aviez vue, vous auriez eu peur ? \u00bb Elle m&rsquo;a r\u00e9pondu : \u00ab Pourquoi aurais-je peur de Madame ? Je n&rsquo;ai pas eu peur d&rsquo;elle quand elle \u00e9tait vivante, pourquoi me ferait-elle peur parce qu&rsquo;elle est morte ? \u00bb J&rsquo;ai compris alors qu&rsquo;elle avait plus de bon sens que moi.<\/p>\n<p style=\"text-align: justify;\"><strong>LE SNOBISME<\/strong><\/p>\n<p style=\"text-align: justify;\">S.L. \u2014 A propos de guarani\u00a0\u00a0 j&rsquo;ai l&rsquo;air de passer du coq \u00e0 l&rsquo;\u00e2ne, mais j&rsquo;y pense par association d&rsquo;id\u00e9es, \u00e0 partir d&rsquo;un de vos contes \u2014, vous semblez assez s\u00e9v\u00e8re pour votre pays !<\/p>\n<p style=\"text-align: justify;\">J.-L.B. \u2014 Je suis s\u00e9v\u00e8re pour mon pays \u00e0 cause d&rsquo;un exc\u00e8s de nationalisme. Un nationalisme affreux, vraiment. Je vais vous citer mon cas : personne ne me prenait au s\u00e9rieux, et puis j&rsquo;ai re\u00e7u le prix Formentor. Alors, quand on a su qu&rsquo;en Europe on m&rsquo;avait d\u00e9cern\u00e9 un prix, tout \u00e0 coup je suis devenu visible ! Nous sommes un pays de snobs. Le tango, par exemple, a \u00e9t\u00e9 invent\u00e9 vers 1880, on le dansait dans les bordels et personne ne s&rsquo;en souciait. Quand on a su que cette danse \u00e9tait connue \u00e0 Paris et que des gens \u00ab bien \u00bb la dansaient, tout le monde en est devenu fou&#8230;<\/p>\n<p style=\"text-align: justify;\">S.L. \u2014\u00a0\u00a0\u00a0\u00a0\u00a0\u00a0\u00a0\u00a0\u00a0\u00a0\u00a0 Vous voulez dire qu&rsquo;en fin de compte l&rsquo;Am\u00e9rique a toujours eu les yeux tourn\u00e9s vers l&rsquo;Europe ?<\/p>\n<p style=\"text-align: justify;\">J.-L.B. \u2014 Et c&rsquo;est bien, c&rsquo;est ce qu&rsquo;il faut ! Mais maintenant, on ne regarde que les Etats-Unis ou la Russie. Je crois qu&rsquo;ils ont \u00e9t\u00e9 de grands pays, mais \u00e0 pr\u00e9sent ce ne sont que de grandes puissances, ce qui est tout \u00e0 fait diff\u00e9rent. C&rsquo;est plut\u00f4t malheureux.<\/p>\n<p style=\"text-align: justify;\"><strong>LES GRANDS PAYS<\/strong><\/p>\n<p style=\"text-align: justify;\">S.L. \u2014 Quels sont pour vous les grands pays ?<\/p>\n<p style=\"text-align: justify;\">J.-L.B. \u2014 Pour moi, les grands pays sont les petits pays un peu oubli\u00e9s. Je dirais que la Suisse est un grand pays, que le Danemark est un grand pays&#8230; L&rsquo;Islande est un grand pays&#8230; Isra\u00ebl est un grand pays. J&rsquo;y ai \u00e9t\u00e9 deux fois. Je peux vous raconter une histoire personnelle. Quand la guerre des Six Jours a \u00e9clat\u00e9, je marchais dans la rue. Alors, tout \u00e0 coup, quelque chose m&rsquo;est arriv\u00e9. Ce qui est arriv\u00e9, c&rsquo;\u00e9tait un sonnet. Je suis all\u00e9 voir le directeur de Davar, la revue Litt\u00e9raire juive qui est publi\u00e9e \u00e0 Buenos Aires. Je lui ai dit : \u00ab J&rsquo;ai un sonnet pour vous. Il est beau ? Il doit \u00eatre bon puisqu&rsquo;il s&rsquo;est \u00e9crit tout seul ! Eh bien, nous allons le publier. \u00bb Alors je lui ai donn\u00e9 le sonnet. Six jours apr\u00e8s, je recommence. Je lui dis : \u00ab C&rsquo;est un autre po\u00e8me, pour c\u00e9l\u00e9brer la victoire ! \u00bb Ils figurent tous les deux dans mes \u0153uvres compl\u00e8tes. Le premier, c&rsquo;est l&rsquo;anxi\u00e9t\u00e9 ; l&rsquo;autre, c&rsquo;est la joie de la victoire.<\/p>\n<p style=\"text-align: justify;\"><strong>LE BONHEUR<\/strong><\/p>\n<p style=\"text-align: justify;\">S.L. \u2014 Dans votre \u0153uvre, o\u00f9 est la place du bonheur ?<\/p>\n<p style=\"text-align: justify;\">J.-L.B. \u2014 Je ne sais pas&#8230; J&rsquo;ai exprim\u00e9 le bonheur dans Ulrica, ce n&rsquo;est pas exactement le bonheur, c&rsquo;est un r\u00eave. Un r\u00eave \u00e9rotique. C&rsquo;est un bonheur, mais un bonheur illusoire ! Quelle autre esp\u00e8ce de bonheur peut-on avoir ?<\/p>\n<p style=\"text-align: justify;\">S.L. \u2014 C&rsquo;est important, le bonheur ?<\/p>\n<p style=\"text-align: justify;\">J.-L.B. \u2014 En tout cas, la recherche du bonheur est importante. La recherche du malheur, il ne faut pas l&rsquo;encourager. Quand on est jeune, on veut \u00eatre Hamlet ou Baudelaire ou Raskolnikov, ou quelqu&rsquo;un dans ce genre-l\u00e0, ou lord Byron, mais quand on vieillit on renonce \u00e0 cette ambition.<\/p>\n<p style=\"text-align: justify;\"><strong>LE MOT<\/strong><\/p>\n<p style=\"text-align: justify;\">S.L. \u2014 J&rsquo;ai relev\u00e9 des phrases remarquables sur la palabra, la parole, le mot&#8230; Je cherche, excusez-moi, j&rsquo;ai oubli\u00e9 mes lunettes&#8230;<\/p>\n<p style=\"text-align: justify;\">J.-L.B. C&rsquo;est dr\u00f4le qu&rsquo;on dise mes lunettes, mes petites lunes, mes satellites&#8230; Mes lunettes ! Vous savez que le mot palabra, c&rsquo;est le m\u00eame mot que \u00ab parabole \u00bb ?<\/p>\n<p style=\"text-align: justify;\">S.L. \u2014\u00a0\u00a0\u00a0\u00a0\u00a0\u00a0\u00a0\u00a0\u00a0\u00a0\u00a0 Bien s\u00fbr, c&rsquo;est la m\u00eame origine.<\/p>\n<p style=\"text-align: justify;\">J.-L.B.  \u2014 Mais tout le monde l&rsquo;ignore ! Quand j&rsquo;ai dit cela \u00e0 Buenos Aires, on m&rsquo;a regard\u00e9 comme un farceur !<\/p>\n<p style=\"text-align: justify;\">S.L. \u2014 Dans El Espejo y la Mascara (\u00ab le Miroir et le Masque \u00bb), le po\u00e8te \u00e9crit des po\u00e8mes \u00e0 la gloire du roi. Pour son premier pan\u00e9gyrique, il re\u00e7oit en cadeau un miroir d&rsquo;argent&#8230;<\/p>\n<p style=\"text-align: justify;\">J.-L.B. \u2014 Oui, \u00e0 la fin il lui donne un poignard, n&rsquo;est-ce pas ? C&rsquo;est une histoire irlandaise, mais je ne m&rsquo;en souviens pas ! Racontez-la-moi.<\/p>\n<p style=\"text-align: justify;\">S.L. \u2014 Vous ne vous rappelez pas ? Apr\u00e8s ce premier po\u00e8me et ce premier cadeau, il en \u00e9crit un second, et le roi lui fait pr\u00e9sent d&rsquo;un masque en or. Mais le po\u00e8te doit recommencer et il r\u00e9duit son po\u00e8me \u00e0 une seule ligne. Leur \u00e9motion est extr\u00eame. Le po\u00e8te et le roi partagent le m\u00eame secret et le m\u00eame p\u00e9ch\u00e9 : celui d&rsquo;avoir connu la beaut\u00e9 !<\/p>\n<p style=\"text-align: justify;\">J.-L.B. \u2014 C&rsquo;est \u00e7a, vous \u00eates s\u00fbre ? Je crois que vous inventez cette histoire.<\/p>\n<p style=\"text-align: justify;\">S.L. \u2014 Je vous jure que non !<\/p>\n<p style=\"text-align: justify;\">J.-L.B. \u2014 Elle est tr\u00e8s belle ! C&rsquo;est une surprise pour moi.<\/p>\n<p style=\"text-align: justify;\">S.L. \u2014 Vous avez l&rsquo;air de red\u00e9couvrir votre \u0153uvre !<\/p>\n<p style=\"text-align: justify;\">J.-L.B. Vous me la r\u00e9v\u00e9lez. Vous \u00eates tr\u00e8s g\u00e9n\u00e9reuse envers moi !<\/p>\n<p style=\"text-align: justify;\">S.L. \u2014 Il y en a une autre que j&rsquo;aime beaucoup, c&rsquo;est Undr.<\/p>\n<p style=\"text-align: justify;\">J.-L.B. \u2014 Undr, oui, c&rsquo;est le m\u00eame mot que wonder en anglais, Wunder en allemand&#8230; En islandais, undr, c&rsquo;est plus beau !<\/p>\n<p style=\"text-align: justify;\">S.L. \u2014 Vous dites que la po\u00e9sie du peuple des \u00ab Urnos \u00bb se r\u00e9duit \u00e0 un seul mot, et le mot undr veut dire \u00ab merveille\u00a0\u00bb. Juste avant de mourir, le vieux po\u00e8te dit au h\u00e9ros de l&rsquo;histoire : \u00ab A nous tous, la vie nous donne tout, mais la plupart des gens l&rsquo;ignorent \u00bb, et il prononce alors le mot undr. Vous semblez dire que l&rsquo;homme a perdu le pouvoir de s&rsquo;\u00e9merveiller ?<\/p>\n<p style=\"text-align: justify;\">J.-L.B. \u2014 Oui, c&rsquo;est cela. Exactement. Vous le dites mieux que moi.<\/p>\n<p style=\"text-align: justify;\">S.L. \u2014 Je vous sens bien. Je suis n\u00e9e sous le signe du Scorpion !<\/p>\n<p style=\"text-align: justify;\">J.-L.B. \u2014 Et moi sous celui de la Vierge&#8230; Vous avez vu les tableaux de Xul Solar au mus\u00e9e d&rsquo;Art moderne ? Un grand ami \u00e0 moi !<\/p>\n<p style=\"text-align: justify;\">S.L. \u2014 Je sais que vous venez d&rsquo;inaugurer cette exposition&#8230;<\/p>\n<p style=\"text-align: justify;\">J.-L.B. \u2014 Oui, allez-y, c&rsquo;est extraordinaire ! Quand j&rsquo;ai \u00e9crit cette histoire, j&rsquo;ai pens\u00e9 \u00e0 Xul Solar, j&rsquo;ai pens\u00e9 \u00e0 lui dans El Disco (\u00ab le Disque \u00bb). Je me suis dit qu&rsquo;il l&rsquo;aurait aim\u00e9e. L\u00e0, on m&rsquo;a donn\u00e9 une m\u00e9daille.<\/p>\n<p style=\"text-align: justify;\">S.L. \u2014 La m\u00e9daille de vermeil de la Ville de Paris. J&rsquo;aurais d\u00fb commencer par vous f\u00e9liciter. Cet hommage est bien m\u00e9rit\u00e9.<\/p>\n<p style=\"text-align: justify;\">J.-L.B. \u2014 Vous croyez ?<\/p>\n<p style=\"text-align: justify;\">S.L. \u2014 J&rsquo;aimerais que nous revenions \u00e0 l&rsquo;autodaf\u00e9 de la biblioth\u00e8que du Congreso. Vous voulez dire qu&rsquo;il est inutile et artificiel de r\u00e9unir autant de livres ?<\/p>\n<p style=\"text-align: justify;\">J.-L.B. \u2014 Non, je ne dis pas cela. Je dis que l&rsquo;incendie de la biblioth\u00e8que est une partie du congr\u00e8s. Tous les \u00e9l\u00e9ments font le congr\u00e8s. Donc ils peuvent mourir, ils continuent&#8230; J&rsquo;ai \u00e9crit cette histoire il y a tr\u00e8s longtemps. On avait d&rsquo;abord fait une tr\u00e8s belle \u00e9dition, \u00e0 Buenos Aires, en deux cents exemplaires. La couverture repr\u00e9sentait un \u00e9chiquier o\u00f9 toutes les cases \u00e9taient remplies. On ne pouvait donc pas jouer. Pour donner l&rsquo;id\u00e9e du congr\u00e8s universel&#8230;<\/p>\n<p style=\"text-align: justify;\">S.L. \u2014 L&rsquo;\u00e9chiquier est vraiment un de vos symboles. El Congreso a donc \u00e9t\u00e9 publi\u00e9 \u00e0 part ?<\/p>\n<p style=\"text-align: justify;\"><strong>\u00ab LE LIVRE DE SABLE \u00bb<\/strong><\/p>\n<p style=\"text-align: justify;\">J.-L.B. \u2014 Oui. Ensuite je l&rsquo;ai inclus dans El Libro de arena (\u00ab le Livre de sable \u00bb), qui s&rsquo;est d&rsquo;abord appel\u00e9 \u00ab El Libro de la arena \u00bb (\u00ab le Livre du sable \u00bb), ce qui a \u00e9t\u00e9 malheureux. C&rsquo;est le livre DE sable, un objet impossible ! DE et non pas DU.<\/p>\n<p style=\"text-align: justify;\">S.L. \u2014 Vous expliquez pourquoi le Livre de sable : parce que le sable est infini, parce que dans le sable il y a une notion d&rsquo;infini&#8230; J&rsquo;aime vos symboles et j&rsquo;aime celui que vous voyez dans le titre de l&rsquo;\u0153uvre de Guiraldes ; Don Segundo Sombra : Segundo, c&rsquo;est le second, c&rsquo;est l&rsquo;autre, et Sombra, c&rsquo;est l&rsquo;ombre, c&rsquo;est la m\u00eame id\u00e9e !<\/p>\n<p style=\"text-align: justify;\">J.-L.B. \u2014 J&rsquo;ai connu cet homme, il s&rsquo;appelait Segundo Ramirez Sombra.<\/p>\n<p style=\"text-align: justify;\">S.L. \u2014 Le probl\u00e8me de la m\u00e9moire, pour vous, est essentiel ?<\/p>\n<p style=\"text-align: justify;\">J.-L.B. \u2014 Oui, c&rsquo;est vrai !<\/p>\n<p style=\"text-align: justify;\"><strong>LA SAGESSE<\/strong><\/p>\n<p style=\"text-align: justify;\">H. Renard. \u2014 Je voudrais vous poser une seule question. Elle est un peu plus personnelle. Est-ce que vous cultivez pour vous-m\u00eame une sagesse ? Et quelle sagesse?<\/p>\n<p style=\"text-align: justify;\">J.-L.B. \u2014 Non, je ne crois pas. Je crois que mon devoir est d&rsquo;abord le devoir d&rsquo;\u00e9crire. Je n&rsquo;ai rien d&rsquo;autre \u00e0 faire. Il faut que j&rsquo;\u00e9crive ! C&rsquo;est la seule forme possible de mon destin. Je t\u00e2che d&rsquo;\u00eatre heureux, comme tout le monde, j&rsquo;arrive m\u00eame \u00e0 \u00eatre amoureux malgr\u00e9 mon \u00e2ge, mais ce qui est essentiel pour moi, c&rsquo;est l&rsquo;\u00e9criture. D\u00e8s que j&rsquo;ai publi\u00e9 un texte, je l&rsquo;oublie, vous l&rsquo;avez bien vu tout \u00e0 l&rsquo;heure. Alors je pense \u00e0 l&rsquo;avenir, je pense au texte futur&#8230; Je ne peux enseigner aucune sagesse, je n&rsquo;en poss\u00e8de pas moi-m\u00eame. Ma vie est une s\u00e9rie d&rsquo;erreurs : mon mariage, par exemple.<\/p>\n<p style=\"text-align: justify;\">H.R. \u2014 Mais sans en enseigner aucune, vous pouvez peut-\u00eatre vous r\u00e9f\u00e9rer \u00e0 une sorte de sagesse, soit plus orientale, soit plus antique ?<\/p>\n<p style=\"text-align: justify;\">J.-L.B. \u2014 Je dirais plut\u00f4t sto\u00efcienne. Par exemple, j&rsquo;\u00e9tais au th\u00e9\u00e2tre avant-hier et Barrault [<em>Borges parle ici du spectacle po\u00e9tique mont\u00e9 par Jean-Louis Barrault : \u00ab La vie offerte \u00bb, jou\u00e9 \u00e0 Paris<\/em>], ce grand acteur, a lu une s\u00e9rie de textes. J&rsquo;ai entendu : \u00ab Buvez la vie, enivrez-vous, il faut de la folie&#8230; \u00bb Je dis le contraire : il ne faut pas s&rsquo;enivrer, il ne faut pas chercher la folie ! C&rsquo;est la folie qui nous cherche plut\u00f4t ! Toute cette exaltation du malheur, du d\u00e9sespoir, de l&rsquo;ivresse, tout cela, ce n&rsquo;est pas parce que je suis un peu puritain, mais je n&rsquo;ai jamais pu aimer ces choses-l\u00e0.<\/p>\n<p style=\"text-align: justify;\"><strong>L&rsquo;ESTHETIQUE<\/strong><\/p>\n<p style=\"text-align: justify;\">H.R. \u2014 Est-ce que vous croyez que notre civilisation a besoin d\u2019une esth\u00e9tique?<\/p>\n<p style=\"text-align: justify;\">J.-L.B. \u2014 Toutes les civilisations ont besoin d&rsquo;esth\u00e9tique.<\/p>\n<p style=\"text-align: justify;\">H.R. \u2014 La n\u00f4tre, actuellement, qui est peut-\u00eatre en difficult\u00e9 ?<\/p>\n<p style=\"text-align: justify;\">J.-L.B. \u2014 Mais je crois que chacun trouve l&rsquo;esth\u00e9tique dont il a besoin, non ? Evidemment, vous me trouverez tr\u00e8s vieux jeu, mais je ne partage pas certains enthousiasmes trop mondains. Par exemple, j&rsquo;admire beaucoup le XVII<sup>e<\/sup> si\u00e8cle, l&rsquo;id\u00e9e de la raison. La raison est impossible, mais je crois qu&rsquo;il faut la chercher. L&rsquo;id\u00e9e de la sagesse, j&rsquo;aime cette id\u00e9e-l\u00e0 ! Tandis qu&rsquo;apr\u00e8s, on tend plut\u00f4t \u00e0 exalter le contraire ou la folie ! L&rsquo;id\u00e9e de la sagesse, de la conscience, pour d\u00e9truire le surr\u00e9alisme. Tout cela m&rsquo;est profond\u00e9ment antipathique. C&rsquo;est peut-\u00eatre parce que je suis un vieux monsieur puritain, un vieux gentleman sud-am\u00e9ricain&#8230; J&rsquo;aime beaucoup Montaigne. J&rsquo;ai l&rsquo;impression qu&rsquo;on l&rsquo;a un peu oubli\u00e9 ! Je viens d\u2019\u00e9crire un po\u00e8me \u00e0 la France o\u00f9 je parle de Montaigne, et aussi de Hugo et de Verlaine :<\/p>\n<p style=\"text-align: justify;\"><em>Je ne dirai pas le soir ou la lune. Je dirai Verlaine.<\/em><\/p>\n<p style=\"text-align: justify;\"><em>Je ne dirai pas la mer ou la cosmogonie. Je nommerai<\/em><\/p>\n<p style=\"text-align: justify;\"><em>[Hugo.<\/em><\/p>\n<p style=\"text-align: justify;\"><em>Je ne dirai pas l&rsquo;amiti\u00e9. Je dirai Montaigne.<\/em><\/p>\n<p style=\"text-align: justify;\"><em>Je ne dirai pas le feu. Je dirai Jeanne&#8230;<\/em><\/p>\n<p style=\"text-align: justify;\"><strong>LA POLITIQUE<\/strong><\/p>\n<p style=\"text-align: justify;\">S.L. \u2014 Je sais que la politique ne vous int\u00e9resse pas, mais on vous dit r\u00e9actionnaire !<\/p>\n<p style=\"text-align: justify;\">J.-L.B. \u2014 Oui, c&rsquo;est vrai.<\/p>\n<p style=\"text-align: justify;\">S.L. \u2014 On dit que vous avez apport\u00e9 votre caution \u00e0 certains gouvernement r\u00e9actionnaires&#8230;<\/p>\n<p style=\"text-align: justify;\">J.-L.B. \u2014 Oui, mais dans mon pays, il le fallait. Cela \u00e9tait vraiment n\u00e9cessaire. Mon pays \u00e9tait dans l&rsquo;anarchie.<\/p>\n<p style=\"text-align: justify;\">S.L. \u2014 De quelle \u00e9poque parlez-vous ?<\/p>\n<p style=\"text-align: justify;\">J.-L.B. \u2014 Du moment o\u00f9 Peron est revenu, on \u00e9tait dans l&rsquo;anarchie ; c&rsquo;\u00e9tait la canaille ! C&rsquo;est pour cela. Je ne dis pas qu&rsquo;il faille \u00e0 tous les pays un gouvernement militaire, je ne suis pas fou, mais \u00e0 pr\u00e9sent, en Argentine, c&rsquo;est le seul gouvernement possible. J&rsquo;esp\u00e8re qu&rsquo;on pourra se passer de gouvernement un jour. Je n&rsquo;aime pas le gouvernement ! Il y a quand m\u00eame des terroristes ! Je connais des gens qui ont \u00e9t\u00e9 vol\u00e9s ; on a s\u00e9questr\u00e9 Aramburu qui avait \u00e9t\u00e9 pr\u00e9sident, on l&rsquo;a tortur\u00e9, on l&rsquo;a mutil\u00e9, on l&rsquo;a tu\u00e9 finalement ! Et tout le monde savait qui avait fait cela ! Peron \u00e9tait une canaille inou\u00efe ! J&rsquo;\u00e9tais directeur de la Biblioth\u00e8que nationale et quand j&rsquo;ai su que Peron allait revenir, j&rsquo;ai imm\u00e9diatement renonc\u00e9 \u00e0 mon poste. J&rsquo;ai dit \u00e0 ma m\u00e8re : \u00ab Peron est revenu \u00bb, et elle : \u00ab Tu ne peux pas rester un jour de plus ! \u00bb Tout le monde pense que je vis dans une tour d&rsquo;ivoire ! Au temps du p\u00e9ronisme, j&rsquo;ai parl\u00e9 ouvertement contre Peron ! Ma m\u00e8re \u00e9tait en prison, ma s\u0153ur aussi et un de mes neveux. On m&rsquo;a attaqu\u00e9 \u00e0 travers ceux que j&rsquo;aimais. On n&rsquo;osait pas m&rsquo;attaquer personnellement. On m&rsquo;a chass\u00e9. J&rsquo;avais un poste de biblioth\u00e9caire Buenos Aires, au Sud-Ouest. On m&rsquo;a chass\u00e9 mais on ne m&rsquo;a pas poursuivi, parce que j&rsquo;\u00e9tais connu. On ne fait pas \u00e7a, ce n&rsquo;est pas une bonne propagande, mais avec ma m\u00e8re, ma s\u0153ur, mon neveu, c&rsquo;est diff\u00e9rent&#8230; Etre pour Peron ou contre Peron, c&rsquo;est une question \u00e9thique, une question morale. C&rsquo;est-\u00e0-dire : on est une canaille ou on ne l&rsquo;est pas, on est un homme d&rsquo;honneur, un gentleman ou on ne l&rsquo;est pas !<\/p>\n<p style=\"text-align: justify;\">S.L. \u2014 Ce qui vous int\u00e9resse, en fin de compte, c&rsquo;est l&rsquo;\u00e9thique ?<\/p>\n<p style=\"text-align: justify;\">J.-L.B. \u2014 Oui, j&rsquo;ai un profond sens \u00e9thique.<\/p>\n<p style=\"text-align: justify;\">S.L. \u2014 Et l&rsquo;esth\u00e9tique ?<\/p>\n<p style=\"text-align: justify;\">J.-L.B. \u2014 Elles vont ensemble, oui.<\/p>\n<p style=\"text-align: justify;\">S.L. \u2014 Ethique plus esth\u00e9tique, et le probl\u00e8me purement politique ne vous int\u00e9resse pas&#8230; Quels sont les \u00e9crivains am\u00e9ricains que vous aimez le plus ?<\/p>\n<p style=\"text-align: justify;\">J.-L.B. \u2014 Je les connais fort peu. Je crois qu&rsquo;Alfonso Reyes a \u00e9t\u00e9 le plus grand \u00e9crivain de prose espagnole de tous les temps. Un tr\u00e8s grand homme ! Il n&rsquo;a laiss\u00e9 aucun livre, il a laiss\u00e9 une \u0153uvre, et chaque page est une le\u00e7on. Je l&rsquo;ai connu personnellement et je l&rsquo;ai beaucoup aim\u00e9. Quand vous dites Shakespeare, vous pensez \u00e0 Hamlet ou \u00e0 Macbeth, mais dans le cas de Reyes il n&rsquo;y a aucun livre que vous puissiez d\u00e9tacher. Il a toute une \u0153uvre tr\u00e8s belle, parfaite, d&rsquo;une grande clart\u00e9, d&rsquo;une grande lucidit\u00e9, mais de ses quatre ou cinq volumes, aucun titre ne peut \u00eatre cit\u00e9 particuli\u00e8rement. Cela n&rsquo;est pas bon pour la gloire ! [<em>A.\u00a0 Reyes (1889-1960) : Mexicain d&rsquo;une vaste culture, humaniste par excellence, il est l&rsquo;auteur d&rsquo;une abondante \u0153uvre en vers et en prose (Vision de Anahuac, Homero en Cuernavacas, Cuestiones esteticas, Cantata en la tumba de Frederico Garcia Lorca<\/em>)]<\/p>\n<p style=\"text-align: justify;\">S.L. \u2014 Et Pablo Neruda, vous l\u2019avez connu\u00a0?<\/p>\n<p style=\"text-align: justify;\">J.-L.B. \u2014 Oui, nous avons eu une \u00e9trange conversation ensemble. Nous \u00e9tions jeunes tous les deux. Nous avons parl\u00e9 de l&rsquo;impossibilit\u00e9 qu&rsquo;il y avait \u00e0 employer notre langue \u00e0 des fins esth\u00e9tiques. Il m&rsquo;a dit : \u00ab C&rsquo;est tr\u00e8s difficile de faire quelque chose en espagnol ! \u00bb L&rsquo;espagnol n&rsquo;est pas une langue aussi agile que le fran\u00e7ais&#8230;<\/p>\n<p style=\"text-align: justify;\">S.L. \u2014 Et vous n&rsquo;\u00eates pas facile \u00e0 traduire!<\/p>\n<p style=\"text-align: justify;\">J.-L.B. \u2014 Fray Luis de Leon [<em>Mystique espagnol et cabbaliste du XVI<sup>e<\/sup> si\u00e8cle<\/em>], dans sa pr\u00e9face du Livre de Job, dit \u00e0 peu pr\u00e8s ceci : \u00ab Le texte h\u00e9bra\u00efque est ambigu. J&rsquo;ai fait en sorte que ma traduction le soit. \u00bb<\/p>\n<p style=\"text-align: justify;\">S.L. \u2014 Vous aimez sans doute la musique&#8230;<\/p>\n<p style=\"text-align: justify;\">J.-L.B. \u2014 J&rsquo;aime Brahms.<\/p>\n<p style=\"text-align: justify;\">S.L. \u2014 Je regrette que vous nous quittiez si vite&#8230;<\/p>\n<p style=\"text-align: justify;\">J.-L.B. \u2014 Oui, je pars apr\u00e8s-demain \u00e0 Ath\u00e8nes. Il faut que je voie la Gr\u00e8ce !<\/p>\n","protected":false},"excerpt":{"rendered":"<p>. Je crois que durant toute ma vie je n&rsquo;ai eu que deux exp\u00e9riences mystiques. Deux fois j&rsquo;ai senti l&rsquo;\u00e9ternit\u00e9. J&rsquo;ai racont\u00e9 cela dans des textes, dans un po\u00e8me. La premi\u00e8re fois, c&rsquo;\u00e9tait en chemin de fer, au sud de Buenos Aires ; la deuxi\u00e8me, \u00e0 c\u00f4t\u00e9 d&rsquo;un ruisseau qui n&rsquo;existe plus, le Maldonado. J&rsquo;ai ressenti l&rsquo;\u00e9ternit\u00e9. Cela a dur\u00e9 quelques minutes, je crois. En tout cas, cela \u00e9tait en dehors du temps. Je l&rsquo;ai senti, tout simplement.<\/p>\n","protected":false},"author":1,"featured_media":0,"comment_status":"closed","ping_status":"closed","sticky":false,"template":"","format":"standard","meta":{"footnotes":""},"categories":[5],"tags":[894,893],"class_list":["post-6571","post","type-post","status-publish","format-standard","hentry","category-interview","tag-borges","tag-litterature"],"yoast_head":"<!-- This site is optimized with the Yoast SEO plugin v27.0 - https:\/\/yoast.com\/product\/yoast-seo-wordpress\/ -->\n<title>Entretien avec George-Luis Borges : \u00abIl ne faut pas chercher la folie\u00bb par Sarah Leibovici &amp; H\u00e9l\u00e8ne Renard - 3e mill\u00e9naire - Spiritualit\u00e9 - Connaissance de soi - Non-dualit\u00e9 - M\u00e9ditation<\/title>\n<meta name=\"robots\" content=\"index, follow, max-snippet:-1, max-image-preview:large, max-video-preview:-1\" \/>\n<link rel=\"canonical\" href=\"https:\/\/www.revue3emillenaire.com\/blog\/entretien-avec-george-luis-borges-\u00abil-ne-faut-pas-chercher-la-folie\u00bb-par-sarah-leibovici-helene-renard\/\" \/>\n<meta property=\"og:locale\" content=\"fr_FR\" \/>\n<meta property=\"og:type\" content=\"article\" \/>\n<meta property=\"og:title\" content=\"Entretien avec George-Luis Borges : \u00abIl ne faut pas chercher la folie\u00bb par Sarah Leibovici &amp; H\u00e9l\u00e8ne Renard - 3e mill\u00e9naire - Spiritualit\u00e9 - Connaissance de soi - Non-dualit\u00e9 - M\u00e9ditation\" \/>\n<meta property=\"og:description\" content=\". Je crois que durant toute ma vie je n&#039;ai eu que deux exp\u00e9riences mystiques. Deux fois j&#039;ai senti l&#039;\u00e9ternit\u00e9. J&#039;ai racont\u00e9 cela dans des textes, dans un po\u00e8me. La premi\u00e8re fois, c&#039;\u00e9tait en chemin de fer, au sud de Buenos Aires ; la deuxi\u00e8me, \u00e0 c\u00f4t\u00e9 d&#039;un ruisseau qui n&#039;existe plus, le Maldonado. J&#039;ai ressenti l&#039;\u00e9ternit\u00e9. Cela a dur\u00e9 quelques minutes, je crois. En tout cas, cela \u00e9tait en dehors du temps. Je l&#039;ai senti, tout simplement.\" \/>\n<meta property=\"og:url\" content=\"https:\/\/www.revue3emillenaire.com\/blog\/entretien-avec-george-luis-borges-\u00abil-ne-faut-pas-chercher-la-folie\u00bb-par-sarah-leibovici-helene-renard\/\" \/>\n<meta property=\"og:site_name\" content=\"3e mill\u00e9naire - Spiritualit\u00e9 - Connaissance de soi - Non-dualit\u00e9 - M\u00e9ditation\" \/>\n<meta property=\"article:published_time\" content=\"2011-02-17T02:18:08+00:00\" \/>\n<meta property=\"article:modified_time\" content=\"2011-09-17T21:40:37+00:00\" \/>\n<meta name=\"author\" content=\"3e mill\u00e9naire\" \/>\n<meta name=\"twitter:card\" content=\"summary_large_image\" \/>\n<meta name=\"twitter:label1\" content=\"\u00c9crit par\" \/>\n\t<meta name=\"twitter:data1\" content=\"3e mill\u00e9naire\" \/>\n\t<meta name=\"twitter:label2\" content=\"Dur\u00e9e de lecture estim\u00e9e\" \/>\n\t<meta name=\"twitter:data2\" content=\"21 minutes\" \/>\n<script type=\"application\/ld+json\" class=\"yoast-schema-graph\">{\"@context\":\"https:\/\/schema.org\",\"@graph\":[{\"@type\":\"Article\",\"@id\":\"https:\/\/www.revue3emillenaire.com\/blog\/entretien-avec-george-luis-borges-%c2%abil-ne-faut-pas-chercher-la-folie%c2%bb-par-sarah-leibovici-helene-renard\/#article\",\"isPartOf\":{\"@id\":\"https:\/\/www.revue3emillenaire.com\/blog\/entretien-avec-george-luis-borges-%c2%abil-ne-faut-pas-chercher-la-folie%c2%bb-par-sarah-leibovici-helene-renard\/\"},\"author\":{\"name\":\"3e mill\u00e9naire\",\"@id\":\"https:\/\/www.revue3emillenaire.com\/blog\/#\/schema\/person\/9a3a7cc4ccaa707f402d4394327106d5\"},\"headline\":\"Entretien avec George-Luis Borges : \u00abIl ne faut pas chercher la folie\u00bb par Sarah Leibovici &#038; H\u00e9l\u00e8ne Renard\",\"datePublished\":\"2011-02-17T02:18:08+00:00\",\"dateModified\":\"2011-09-17T21:40:37+00:00\",\"mainEntityOfPage\":{\"@id\":\"https:\/\/www.revue3emillenaire.com\/blog\/entretien-avec-george-luis-borges-%c2%abil-ne-faut-pas-chercher-la-folie%c2%bb-par-sarah-leibovici-helene-renard\/\"},\"wordCount\":4288,\"keywords\":[\"Borges\",\"Litt\u00e9rature\"],\"articleSection\":[\"Entretien\/Interview\"],\"inLanguage\":\"fr-FR\"},{\"@type\":\"WebPage\",\"@id\":\"https:\/\/www.revue3emillenaire.com\/blog\/entretien-avec-george-luis-borges-%c2%abil-ne-faut-pas-chercher-la-folie%c2%bb-par-sarah-leibovici-helene-renard\/\",\"url\":\"https:\/\/www.revue3emillenaire.com\/blog\/entretien-avec-george-luis-borges-%c2%abil-ne-faut-pas-chercher-la-folie%c2%bb-par-sarah-leibovici-helene-renard\/\",\"name\":\"Entretien avec George-Luis Borges : \u00abIl ne faut pas chercher la folie\u00bb par Sarah Leibovici & H\u00e9l\u00e8ne Renard - 3e mill\u00e9naire - Spiritualit\u00e9 - Connaissance de soi - Non-dualit\u00e9 - M\u00e9ditation\",\"isPartOf\":{\"@id\":\"https:\/\/www.revue3emillenaire.com\/blog\/#website\"},\"datePublished\":\"2011-02-17T02:18:08+00:00\",\"dateModified\":\"2011-09-17T21:40:37+00:00\",\"author\":{\"@id\":\"https:\/\/www.revue3emillenaire.com\/blog\/#\/schema\/person\/9a3a7cc4ccaa707f402d4394327106d5\"},\"breadcrumb\":{\"@id\":\"https:\/\/www.revue3emillenaire.com\/blog\/entretien-avec-george-luis-borges-%c2%abil-ne-faut-pas-chercher-la-folie%c2%bb-par-sarah-leibovici-helene-renard\/#breadcrumb\"},\"inLanguage\":\"fr-FR\",\"potentialAction\":[{\"@type\":\"ReadAction\",\"target\":[\"https:\/\/www.revue3emillenaire.com\/blog\/entretien-avec-george-luis-borges-%c2%abil-ne-faut-pas-chercher-la-folie%c2%bb-par-sarah-leibovici-helene-renard\/\"]}]},{\"@type\":\"BreadcrumbList\",\"@id\":\"https:\/\/www.revue3emillenaire.com\/blog\/entretien-avec-george-luis-borges-%c2%abil-ne-faut-pas-chercher-la-folie%c2%bb-par-sarah-leibovici-helene-renard\/#breadcrumb\",\"itemListElement\":[{\"@type\":\"ListItem\",\"position\":1,\"name\":\"Accueil\",\"item\":\"https:\/\/www.revue3emillenaire.com\/blog\/\"},{\"@type\":\"ListItem\",\"position\":2,\"name\":\"Entretien avec George-Luis Borges : \u00abIl ne faut pas chercher la folie\u00bb par Sarah Leibovici &#038; H\u00e9l\u00e8ne Renard\"}]},{\"@type\":\"WebSite\",\"@id\":\"https:\/\/www.revue3emillenaire.com\/blog\/#website\",\"url\":\"https:\/\/www.revue3emillenaire.com\/blog\/\",\"name\":\"3e mill\u00e9naire - Spiritualit\u00e9 - Connaissance de soi - Non-dualit\u00e9 - M\u00e9ditation\",\"description\":\"L&#039;Homme en devenir\",\"potentialAction\":[{\"@type\":\"SearchAction\",\"target\":{\"@type\":\"EntryPoint\",\"urlTemplate\":\"https:\/\/www.revue3emillenaire.com\/blog\/?s={search_term_string}\"},\"query-input\":{\"@type\":\"PropertyValueSpecification\",\"valueRequired\":true,\"valueName\":\"search_term_string\"}}],\"inLanguage\":\"fr-FR\"},{\"@type\":\"Person\",\"@id\":\"https:\/\/www.revue3emillenaire.com\/blog\/#\/schema\/person\/9a3a7cc4ccaa707f402d4394327106d5\",\"name\":\"3e mill\u00e9naire\",\"url\":\"https:\/\/www.revue3emillenaire.com\/blog\/author\/admin\/\"}]}<\/script>\n<!-- \/ Yoast SEO plugin. -->","yoast_head_json":{"title":"Entretien avec George-Luis Borges : \u00abIl ne faut pas chercher la folie\u00bb par Sarah Leibovici & H\u00e9l\u00e8ne Renard - 3e mill\u00e9naire - Spiritualit\u00e9 - Connaissance de soi - Non-dualit\u00e9 - M\u00e9ditation","robots":{"index":"index","follow":"follow","max-snippet":"max-snippet:-1","max-image-preview":"max-image-preview:large","max-video-preview":"max-video-preview:-1"},"canonical":"https:\/\/www.revue3emillenaire.com\/blog\/entretien-avec-george-luis-borges-\u00abil-ne-faut-pas-chercher-la-folie\u00bb-par-sarah-leibovici-helene-renard\/","og_locale":"fr_FR","og_type":"article","og_title":"Entretien avec George-Luis Borges : \u00abIl ne faut pas chercher la folie\u00bb par Sarah Leibovici & H\u00e9l\u00e8ne Renard - 3e mill\u00e9naire - Spiritualit\u00e9 - Connaissance de soi - Non-dualit\u00e9 - M\u00e9ditation","og_description":". Je crois que durant toute ma vie je n'ai eu que deux exp\u00e9riences mystiques. Deux fois j'ai senti l'\u00e9ternit\u00e9. J'ai racont\u00e9 cela dans des textes, dans un po\u00e8me. La premi\u00e8re fois, c'\u00e9tait en chemin de fer, au sud de Buenos Aires ; la deuxi\u00e8me, \u00e0 c\u00f4t\u00e9 d'un ruisseau qui n'existe plus, le Maldonado. J'ai ressenti l'\u00e9ternit\u00e9. Cela a dur\u00e9 quelques minutes, je crois. En tout cas, cela \u00e9tait en dehors du temps. Je l'ai senti, tout simplement.","og_url":"https:\/\/www.revue3emillenaire.com\/blog\/entretien-avec-george-luis-borges-\u00abil-ne-faut-pas-chercher-la-folie\u00bb-par-sarah-leibovici-helene-renard\/","og_site_name":"3e mill\u00e9naire - Spiritualit\u00e9 - Connaissance de soi - Non-dualit\u00e9 - M\u00e9ditation","article_published_time":"2011-02-17T02:18:08+00:00","article_modified_time":"2011-09-17T21:40:37+00:00","author":"3e mill\u00e9naire","twitter_card":"summary_large_image","twitter_misc":{"\u00c9crit par":"3e mill\u00e9naire","Dur\u00e9e de lecture estim\u00e9e":"21 minutes"},"schema":{"@context":"https:\/\/schema.org","@graph":[{"@type":"Article","@id":"https:\/\/www.revue3emillenaire.com\/blog\/entretien-avec-george-luis-borges-%c2%abil-ne-faut-pas-chercher-la-folie%c2%bb-par-sarah-leibovici-helene-renard\/#article","isPartOf":{"@id":"https:\/\/www.revue3emillenaire.com\/blog\/entretien-avec-george-luis-borges-%c2%abil-ne-faut-pas-chercher-la-folie%c2%bb-par-sarah-leibovici-helene-renard\/"},"author":{"name":"3e mill\u00e9naire","@id":"https:\/\/www.revue3emillenaire.com\/blog\/#\/schema\/person\/9a3a7cc4ccaa707f402d4394327106d5"},"headline":"Entretien avec George-Luis Borges : \u00abIl ne faut pas chercher la folie\u00bb par Sarah Leibovici &#038; H\u00e9l\u00e8ne Renard","datePublished":"2011-02-17T02:18:08+00:00","dateModified":"2011-09-17T21:40:37+00:00","mainEntityOfPage":{"@id":"https:\/\/www.revue3emillenaire.com\/blog\/entretien-avec-george-luis-borges-%c2%abil-ne-faut-pas-chercher-la-folie%c2%bb-par-sarah-leibovici-helene-renard\/"},"wordCount":4288,"keywords":["Borges","Litt\u00e9rature"],"articleSection":["Entretien\/Interview"],"inLanguage":"fr-FR"},{"@type":"WebPage","@id":"https:\/\/www.revue3emillenaire.com\/blog\/entretien-avec-george-luis-borges-%c2%abil-ne-faut-pas-chercher-la-folie%c2%bb-par-sarah-leibovici-helene-renard\/","url":"https:\/\/www.revue3emillenaire.com\/blog\/entretien-avec-george-luis-borges-%c2%abil-ne-faut-pas-chercher-la-folie%c2%bb-par-sarah-leibovici-helene-renard\/","name":"Entretien avec George-Luis Borges : \u00abIl ne faut pas chercher la folie\u00bb par Sarah Leibovici & H\u00e9l\u00e8ne Renard - 3e mill\u00e9naire - Spiritualit\u00e9 - Connaissance de soi - Non-dualit\u00e9 - M\u00e9ditation","isPartOf":{"@id":"https:\/\/www.revue3emillenaire.com\/blog\/#website"},"datePublished":"2011-02-17T02:18:08+00:00","dateModified":"2011-09-17T21:40:37+00:00","author":{"@id":"https:\/\/www.revue3emillenaire.com\/blog\/#\/schema\/person\/9a3a7cc4ccaa707f402d4394327106d5"},"breadcrumb":{"@id":"https:\/\/www.revue3emillenaire.com\/blog\/entretien-avec-george-luis-borges-%c2%abil-ne-faut-pas-chercher-la-folie%c2%bb-par-sarah-leibovici-helene-renard\/#breadcrumb"},"inLanguage":"fr-FR","potentialAction":[{"@type":"ReadAction","target":["https:\/\/www.revue3emillenaire.com\/blog\/entretien-avec-george-luis-borges-%c2%abil-ne-faut-pas-chercher-la-folie%c2%bb-par-sarah-leibovici-helene-renard\/"]}]},{"@type":"BreadcrumbList","@id":"https:\/\/www.revue3emillenaire.com\/blog\/entretien-avec-george-luis-borges-%c2%abil-ne-faut-pas-chercher-la-folie%c2%bb-par-sarah-leibovici-helene-renard\/#breadcrumb","itemListElement":[{"@type":"ListItem","position":1,"name":"Accueil","item":"https:\/\/www.revue3emillenaire.com\/blog\/"},{"@type":"ListItem","position":2,"name":"Entretien avec George-Luis Borges : \u00abIl ne faut pas chercher la folie\u00bb par Sarah Leibovici &#038; H\u00e9l\u00e8ne Renard"}]},{"@type":"WebSite","@id":"https:\/\/www.revue3emillenaire.com\/blog\/#website","url":"https:\/\/www.revue3emillenaire.com\/blog\/","name":"3e mill\u00e9naire - Spiritualit\u00e9 - Connaissance de soi - Non-dualit\u00e9 - M\u00e9ditation","description":"L&#039;Homme en devenir","potentialAction":[{"@type":"SearchAction","target":{"@type":"EntryPoint","urlTemplate":"https:\/\/www.revue3emillenaire.com\/blog\/?s={search_term_string}"},"query-input":{"@type":"PropertyValueSpecification","valueRequired":true,"valueName":"search_term_string"}}],"inLanguage":"fr-FR"},{"@type":"Person","@id":"https:\/\/www.revue3emillenaire.com\/blog\/#\/schema\/person\/9a3a7cc4ccaa707f402d4394327106d5","name":"3e mill\u00e9naire","url":"https:\/\/www.revue3emillenaire.com\/blog\/author\/admin\/"}]}},"_links":{"self":[{"href":"https:\/\/www.revue3emillenaire.com\/blog\/wp-json\/wp\/v2\/posts\/6571","targetHints":{"allow":["GET"]}}],"collection":[{"href":"https:\/\/www.revue3emillenaire.com\/blog\/wp-json\/wp\/v2\/posts"}],"about":[{"href":"https:\/\/www.revue3emillenaire.com\/blog\/wp-json\/wp\/v2\/types\/post"}],"author":[{"embeddable":true,"href":"https:\/\/www.revue3emillenaire.com\/blog\/wp-json\/wp\/v2\/users\/1"}],"replies":[{"embeddable":true,"href":"https:\/\/www.revue3emillenaire.com\/blog\/wp-json\/wp\/v2\/comments?post=6571"}],"version-history":[{"count":0,"href":"https:\/\/www.revue3emillenaire.com\/blog\/wp-json\/wp\/v2\/posts\/6571\/revisions"}],"wp:attachment":[{"href":"https:\/\/www.revue3emillenaire.com\/blog\/wp-json\/wp\/v2\/media?parent=6571"}],"wp:term":[{"taxonomy":"category","embeddable":true,"href":"https:\/\/www.revue3emillenaire.com\/blog\/wp-json\/wp\/v2\/categories?post=6571"},{"taxonomy":"post_tag","embeddable":true,"href":"https:\/\/www.revue3emillenaire.com\/blog\/wp-json\/wp\/v2\/tags?post=6571"}],"curies":[{"name":"wp","href":"https:\/\/api.w.org\/{rel}","templated":true}]}}